{"id":109219,"date":"2025-02-06T09:29:12","date_gmt":"2025-02-06T08:29:12","guid":{"rendered":"https:\/\/www.leselfes.com\/que-actividades-se-ofrecen-en-el-campamento-de-verano\/"},"modified":"2025-02-06T09:44:17","modified_gmt":"2025-02-06T08:44:17","slug":"que-actividades-se-ofrecen-en-el-campamento-de-verano","status":"publish","type":"post","link":"https:\/\/www.leselfes.com\/es\/que-actividades-se-ofrecen-en-el-campamento-de-verano\/","title":{"rendered":"Campamento Internacional de Verano en Suiza 2025"},"content":{"rendered":"<p>Campamento Internacional de Verano en Suiza 2025 | Camp Suisse<\/p>\n<h1>Campamento de verano internacional en Suiza 2025 | La experiencia definitiva para ni\u00f1os y adolescentes<\/h1>\n<p>Suiza es uno de los destinos m\u00e1s populares para un campamento <strong>de verano<\/strong> internacional, que ofrece a ni\u00f1os y adolescentes unas <strong>vacaciones de verano inolvidables<\/strong> llenas de aventuras al aire libre, inmersi\u00f3n cultural y deportes. <strong>Les Elfes International<\/strong>, situado en la pintoresca localidad de <strong>Verbier<\/strong>, es un reputado <strong>campamento de verano<\/strong> que ofrece una experiencia exclusiva a ni\u00f1os y adolescentes de 6 a 17 a\u00f1os. <\/p>\n<p>Con un programa repleto de actividades diversas, desde <strong>excursiones de esqu\u00ed<\/strong> en los Alpes suizos hasta <strong>talleres de liderazgo<\/strong>, Les Elfes est\u00e1 dise\u00f1ado para ayudar a los campistas a <strong>explorar<\/strong> nuevas habilidades, forjar <strong>amistades<\/strong> para toda la vida y disfrutar de una experiencia \u00fanica en la vida. Tanto si a tu hijo le interesan <strong>los deportes<\/strong>, <strong>las artes<\/strong> o <strong>descubrir la impresionante naturaleza de Europa<\/strong>, este campamento de verano proporciona el entorno ideal para <strong>aprender, crecer y divertirse<\/strong>. <\/p>\n<h2>\u00bfPor qu\u00e9 elegir Suiza para un campamento de verano?<\/h2>\n<p>Suiza destaca como uno de los mejores destinos para <strong>campamentos de verano<\/strong> gracias a su <strong>entorno seguro y deslumbrante, su ambiente multicultural y su alto nivel<\/strong> en programas educativos y de aventura.<\/p>\n<ul>\n<li><strong>Entorno seguro<\/strong>: Suiza es conocida por sus excelentes normas de seguridad, lo que la convierte en un lugar ideal para que los ni\u00f1os vivan la experiencia de un <strong>campamento de una noche<\/strong>.<\/li>\n<li><strong>Comunidad diversa e internacional<\/strong>: Los campistas proceden de m\u00e1s de <strong>50 pa\u00edses<\/strong>, lo que proporciona una <strong>experiencia<\/strong> verdaderamente <strong>inmersiva<\/strong>.<\/li>\n<li><strong>Famosa por las actividades al aire libre<\/strong>: Desde el <strong>senderismo en los Alpes<\/strong> hasta <strong>el esqu\u00ed en Zermatt<\/strong> y <strong>Crans Montana<\/strong>, Suiza ofrece una gama de <strong>excursiones<\/strong> que pocos lugares de <strong>Europa<\/strong> pueden igualar.<\/li>\n<li><strong>Programas multiactividad<\/strong>: <strong>Los campamentos de verano en Suiza<\/strong> ofrecen una mezcla de <strong>deportes, arte, talleres acad\u00e9micos y aventura<\/strong>, para que todos los campistas disfruten de su estancia.<\/li>\n<\/ul>\n<h2>\u00bfQu\u00e9 esperar del Campamento Internacional de Verano Les Elfes?<\/h2>\n<p>Cada d\u00eda en Les Elfes est\u00e1 dise\u00f1ado para equilibrar <strong>aprendizaje, aventura y relajaci\u00f3n<\/strong>. El campamento ofrece programas estructurados que implican a <strong>ni\u00f1os y adolescentes<\/strong> de forma que les ayuden a desarrollar <strong>la confianza, la independencia y la conciencia cultural<\/strong>. <\/p>\n<h3>Novedades para 2025: programas a\u00fan m\u00e1s emocionantes<\/h3>\n<p>La edici\u00f3n 2025 del Campamento de Verano Les Elfes introduce opciones adicionales para ni\u00f1os y adolescentes que buscan una **experiencia a\u00fan m\u00e1s inmersiva**:<\/p>\n<ul>\n<li><strong>Eco-Aventuras:<\/strong> Aprende sobre sostenibilidad y conservaci\u00f3n del medio ambiente mediante actividades en la naturaleza.<\/li>\n<li><strong>Campamento de Iniciativa Empresarial y Liderazgo:<\/strong> Un programa centrado en los negocios para que los adolescentes desarrollen habilidades de gesti\u00f3n de proyectos.<\/li>\n<li><strong>Entrenamiento de Supervivencia en Monta\u00f1a:<\/strong> Guiados por instructores expertos, los campistas aprender\u00e1n t\u00e9cnicas de supervivencia en los Alpes suizos.<\/li>\n<\/ul>\n<p>Estos a\u00f1adidos garantizan <strong>que cada ni\u00f1o pueda adaptar su experiencia<\/strong> a sus pasiones y aspiraciones.<\/p>\n<h2>La mejor experiencia de escuela de verano: crear un fuerte esp\u00edritu de equipo en el entorno alpino<\/h2>\n<p>Elegir una experiencia <strong>de escuela de verano<\/strong> es mucho m\u00e1s que pasar un tiempo fuera de casa: es <strong>aprender, crecer y crear recuerdos duraderos<\/strong> en un entorno que fomenta la independencia y el trabajo en equipo. En <strong>Les Elfes International<\/strong>, los alumnos participan en un programa cuidadosamente dise\u00f1ado que combina <strong>aventuras al aire libre, actividades de liderazgo y retos en equipo<\/strong> para ayudarles a desarrollar valiosas habilidades para la vida. <\/p>\n<p>Rodeados por el impresionante <strong>paisaje alpino<\/strong> de Suiza, los campistas tienen la oportunidad de sumergirse en una experiencia que refuerza su <strong>esp\u00edritu de equipo<\/strong> mientras disfrutan de una serie de atractivas actividades. Cada d\u00eda est\u00e1 cuidadosamente estructurado para garantizar que todos los participantes participen activamente en ejercicios de colaboraci\u00f3n, empuj\u00e1ndoles a salir de su zona de confort e interactuar con compa\u00f1eros de diversos or\u00edgenes. <\/p>\n<p>Uno de los aspectos clave del \u00e9xito de una experiencia <strong>de escuela de verano<\/strong> es fomentar una <strong>s\u00f3lida din\u00e1mica de equipo<\/strong>. Ya sea mediante competiciones deportivas, retos de supervivencia al aire libre o excursiones en grupo, los alumnos aprenden la importancia de la comunicaci\u00f3n, el liderazgo y la resoluci\u00f3n de problemas. Actividades como <strong>los cursos de cuerdas altas, la escalada en roca y la orientaci\u00f3n por equipos en la naturaleza alpina<\/strong> exigen que los alumnos trabajen juntos, conf\u00eden los unos en los otros y elaboren estrategias como una unidad. Estas experiencias les ayudan a desarrollar resiliencia, confianza y adaptabilidad, habilidades que les beneficiar\u00e1n mucho m\u00e1s all\u00e1 de su estancia en el campamento.   <\/p>\n<p>Adem\u00e1s de los aspectos aventureros del programa, las <strong>iniciativas de creaci\u00f3n de equipos<\/strong> se extienden a talleres creativos y estructurados dise\u00f1ados para mejorar las interacciones sociales. A trav\u00e9s de <strong>proyectos art\u00edsticos colaborativos, actuaciones musicales y narraciones interactivas<\/strong>, los acampados participan de formas \u00fanicas que fortalecen las amistades y crean camarader\u00eda. Estas experiencias compartidas contribuyen a la formaci\u00f3n de v\u00ednculos para toda la vida y <strong>recuerdos inolvid<\/strong> ables que los alumnos atesoran mucho m\u00e1s all\u00e1 de su aventura veraniega.  <\/p>\n<p>M\u00e1s all\u00e1 de las emocionantes actividades, los acampados tambi\u00e9n obtienen oportunidades esenciales de crecimiento personal. Aprender a colaborar, apoyarse mutuamente y desenvolverse en nuevos entornos fomenta <strong>el sentido de la responsabilidad y la conciencia de uno mismo<\/strong>. En el pintoresco <strong>entorno alpino<\/strong>, lejos de las distracciones de la vida cotidiana, los alumnos desarrollan el aprecio por la naturaleza, el trabajo en equipo y los logros personales, haciendo de su experiencia en la escuela de verano un momento crucial en su viaje de crecimiento.  <\/p>\n<p>Al final del programa, todos los campistas se van no s\u00f3lo con <strong>recuerdos<\/strong> incre\u00edbles, sino tambi\u00e9n con un nuevo aprecio por el valor del trabajo en equipo, el liderazgo y la aventura. Ya sea escalando una monta\u00f1a, participando en un juego de estrategia o compartiendo historias alrededor de una hoguera, <strong>aprenden<\/strong> y evolucionan constantemente como personas. <\/p>\n<p>Esta <strong>aventura alpina de inmersi\u00f3n<\/strong> en <strong>Les Elfes International<\/strong> garantiza que los estudiantes vuelvan a casa con amistades fortalecidas, un sentido m\u00e1s profundo de la confianza y habilidades inestimables que les servir\u00e1n a lo largo de su vida acad\u00e9mica y personal.<\/p>\n<h2>Emocionantes actividades de campamento de verano en Les Elfes<\/h2>\n<h3>Aventuras al aire libre en los Alpes suizos<\/h3>\n<p>Los campistas de Les Elfes experimentan lo mejor de la naturaleza, explorando las monta\u00f1as suizas mediante excursiones de senderismo, acampada y ciclismo de monta\u00f1a. Estas actividades ayudan a los ni\u00f1os y adolescentes a adquirir confianza, capacidad de recuperaci\u00f3n y habilidades de trabajo en equipo, al tiempo que descubren algunos de los paisajes m\u00e1s bellos de Europa. <\/p>\n<h3>Actividades de invierno en junio para una experiencia inolvidable<\/h3>\n<p>A diferencia de muchos campamentos de verano, Les Elfes ofrece <strong>sesiones<\/strong> exclusivas de <strong>esqu\u00ed de verano en junio<\/strong>, dando a los campistas la rara oportunidad de <strong>esquiar en verano<\/strong>. Los glaciares de gran altitud de Suiza permiten <strong>unas condiciones de esqu\u00ed perfectas<\/strong>, por lo que es una experiencia incre\u00edble para los j\u00f3venes deportistas que buscan perfeccionar sus habilidades. <\/p>\n<ul>\n<li><strong>Esqu\u00ed glaciar de verano<\/strong> en Zermatt.<\/li>\n<li><strong>Talleres de snowboard y freestyle<\/strong> para alumnos avanzados.<\/li>\n<li><strong>T\u00e9cnicas de supervivencia invernal<\/strong> y formaci\u00f3n de concienciaci\u00f3n sobre avalanchas.<\/li>\n<\/ul>\n<h2>\u00bfC\u00f3mo elegir el mejor programa de campamento de verano?<\/h2>\n<p>Con tantas opciones disponibles, seleccionar el <strong>programa de campamento de verano<\/strong> adecuado depende de varios factores clave que garantizan una experiencia gratificante y enriquecedora. Tanto si buscas un <strong>campamento de verano residencial al estilo de un internado suizo<\/strong>, como un <strong>campamento deportivo y educativo<\/strong>, o un programa centrado en <strong>campamentos de inmersi\u00f3n ling\u00fc\u00edstica<\/strong>, es esencial encontrar el que mejor se adapte a los intereses y necesidades de tu hijo. <\/p>\n<ul>\n<li><strong>Grupo de edad:<\/strong> <strong>Los campamentos de verano mejor valorados de Suiza<\/strong> ofrecen programas para ni\u00f1os <strong>de 6 a 16 a\u00f1os<\/strong> y adolescentes <strong>de 8 a 17 a\u00f1os<\/strong>, garantizando actividades y orientaci\u00f3n adecuadas a cada edad.<\/li>\n<li><strong>Duraci\u00f3n:<\/strong> Las familias pueden elegir entre **campamentos diurnos de corta duraci\u00f3n** (de una a dos semanas) y **campamentos residenciales de verano completo** (de cuatro a seis semanas). Muchos campamentos tienen sesiones en <strong>julio y agosto<\/strong>, por lo que es f\u00e1cil hacerlos coincidir con las vacaciones escolares. <\/li>\n<li><strong>Preferencias de actividades:<\/strong> Cada ni\u00f1o tiene intereses \u00fanicos: algunos pueden prosperar en **entrenamientos deportivos intensivos** con actividades como <strong>tenis<\/strong> y **montar a caballo**, mientras que otros pueden sentirse atra\u00eddos por <strong>las artes esc\u00e9nicas, el teatro o los talleres de m\u00fasica<\/strong>. Muchos campamentos, como <strong>el Campamento Internacional de Verano Les Elfes<\/strong>, ofrecen una mezcla equilibrada de <strong>deportes, campamentos de aventura, cursos de idiomas y viajes culturales<\/strong> a ciudades como <strong>Ginebra, Lausana y Montreux<\/strong>. <\/li>\n<li><strong>Exposici\u00f3n global y amistades:<\/strong> Un **campamento de verano internacional de alta calidad** fomenta las amistades entre campistas de diversas **nacionalidades**. Los programas de campamentos como <strong>Les Elfes<\/strong> hacen hincapi\u00e9 en el trabajo en equipo, el liderazgo y el fomento de la confianza mediante un plan de estudios estructurado. <\/li>\n<li><strong>Instalaciones de internado y campus:<\/strong> Elegir un <strong>campamento residencial inspirado en un internado suizo<\/strong> garantiza a los campistas un alojamiento de alta calidad, una excelente <strong>supervisi\u00f3n del personal<\/strong> y acceso a lugares impresionantes como **el lago de Ginebra, Gstaad y los Alpes suizos**.<\/li>\n<\/ul>\n<p>Teniendo en cuenta estos factores, las familias pueden encontrar un <strong>campamento de verano de primera categor\u00eda en Suiza<\/strong> que proporcione una <strong>experiencia inolvidable<\/strong> llena de aventura, educaci\u00f3n y exploraci\u00f3n cultural. Tanto si tu hijo prefiere <strong>los deportes intensivos, el aprendizaje de idiomas o las artes esc\u00e9nicas<\/strong>, los principales campamentos de verano de Suiza, como <strong>Les Elfes International<\/strong>, ofrecen un **programa de verano de categor\u00eda mundial** adaptado a sus necesidades. <\/p>\n<h2>Opiniones sobre los campamentos de verano en Suiza &#8211; Lo que dicen los padres y los campistas<\/h2>\n<p>Les Elfes International se ha forjado una s\u00f3lida reputaci\u00f3n como uno de los mejores campamentos de verano de Suiza, con excelentes comentarios tanto de padres como de ni\u00f1os. Esto es lo que dicen las familias sobre su experiencia: <\/p>\n<blockquote><p>\u00abLa mezcla de actividades al aire libre, formaci\u00f3n en liderazgo y amistades que mi hijo hizo en Les Elfes fue incre\u00edble. Ha sido su mejor verano\u00bb. &#8211; Emily, Francia<\/p><\/blockquote>\n<blockquote><p>\u00abEl personal del campamento hizo que mi hija se sintiera segura, bienvenida y entusiasmada cada d\u00eda. Volvi\u00f3 m\u00e1s segura e independiente\u00bb. &#8211; David, EE.UU.<\/p><\/blockquote>\n<h2>\u00a1Planifica unas vacaciones de verano inolvidables con Les Elfes International!<\/h2>\n<p>Haz que 2025 sea un verano para recordar inscribiendo a tu hijo en uno de los campamentos de verano internacionales mejor valorados de Suiza. Tanto si quieren <strong>explorar, aprender nuevas habilidades<\/strong> o disfrutar de <strong>los deportes y la aventura<\/strong>, <strong>Les Elfes International<\/strong> ofrece un <strong>verano<\/strong> lleno de <strong>diversi\u00f3n, descubrimientos y amistades duraderas<\/strong>. <\/p>\n<p><a href=\"https:\/\/www.leselfes.com\/summer-camp\/enrol\/\" target=\"_blank\" rel=\"noopener\"><strong>\u00a1Reserva ya tu plaza!<\/strong><\/a><\/p>\n","protected":false},"excerpt":{"rendered":"<p>Campamento Internacional de Verano en Suiza 2025 | Camp Suisse Campamento de verano internacional en Suiza 2025 | La experiencia definitiva para ni\u00f1os y adolescentes Suiza es uno de los&#8230;<\/p>\n","protected":false},"author":16,"featured_media":109361,"comment_status":"closed","ping_status":"open","sticky":false,"template":"","format":"standard","meta":{"_acf_changed":false,"inline_featured_image":false,"footnotes":""},"categories":[1373],"tags":[],"class_list":{"0":"post-109219","1":"post","2":"type-post","3":"status-publish","4":"format-standard","5":"has-post-thumbnail","7":"category-campamento-de-verano"},"acf":[],"yoast_head":"<!-- This site is optimized with the Yoast SEO Premium plugin v24.2 (Yoast SEO v24.7) - https:\/\/yoast.com\/wordpress\/plugins\/seo\/ -->\n<title>Campamento Internacional de Verano en Suiza 2025 - Les Elfes International Camps Switzerland<\/title>\n<meta name=\"description\" content=\"Camp Suisse - El campamento de verano internacional definitivo en los Alpes suizos que ofrece una mezcla de actividades al aire libre, aprendizaje de idiomas y \u00a1mucho m\u00e1s!\" \/>\n<meta name=\"robots\" content=\"index, follow, max-snippet:-1, max-image-preview:large, max-video-preview:-1\" \/>\n<link rel=\"canonical\" href=\"https:\/\/www.leselfes.com\/es\/que-actividades-se-ofrecen-en-el-campamento-de-verano\/\" \/>\n<meta property=\"og:locale\" content=\"es_ES\" \/>\n<meta property=\"og:type\" content=\"article\" \/>\n<meta property=\"og:title\" content=\"Campamento Internacional de Verano en Suiza 2025\" \/>\n<meta property=\"og:description\" content=\"Camp Suisse - El campamento de verano internacional definitivo en los Alpes suizos que ofrece una mezcla de actividades al aire libre, aprendizaje de idiomas y \u00a1mucho m\u00e1s!\" \/>\n<meta property=\"og:url\" content=\"https:\/\/www.leselfes.com\/es\/que-actividades-se-ofrecen-en-el-campamento-de-verano\/\" \/>\n<meta property=\"og:site_name\" content=\"Les Elfes International Camps Switzerland\" \/>\n<meta property=\"article:publisher\" content=\"https:\/\/www.facebook.com\/LesElfesVerbier\" \/>\n<meta property=\"article:published_time\" content=\"2025-02-06T08:29:12+00:00\" \/>\n<meta property=\"article:modified_time\" content=\"2025-02-06T08:44:17+00:00\" \/>\n<meta property=\"og:image\" content=\"https:\/\/www.leselfes.com\/wp-content\/uploads\/2025\/01\/Les-Elfes-Summer-camp-Sliding-1.jpg\" \/>\n\t<meta property=\"og:image:width\" content=\"1824\" \/>\n\t<meta property=\"og:image:height\" content=\"1368\" \/>\n\t<meta property=\"og:image:type\" content=\"image\/jpeg\" \/>\n<meta name=\"author\" content=\"Matthieu Perard\" \/>\n<meta name=\"twitter:card\" content=\"summary_large_image\" \/>\n<meta name=\"twitter:creator\" content=\"@LesElfesCamps\" \/>\n<meta name=\"twitter:site\" content=\"@LesElfesCamps\" \/>\n<meta name=\"twitter:label1\" content=\"Escrito por\" \/>\n\t<meta name=\"twitter:data1\" content=\"Matthieu Perard\" \/>\n\t<meta name=\"twitter:label2\" content=\"Tiempo de lectura\" \/>\n\t<meta name=\"twitter:data2\" content=\"9 minutos\" \/>\n<script type=\"application\/ld+json\" class=\"yoast-schema-graph\">{\"@context\":\"https:\/\/schema.org\",\"@graph\":[{\"@type\":\"Article\",\"@id\":\"https:\/\/www.leselfes.com\/es\/que-actividades-se-ofrecen-en-el-campamento-de-verano\/#article\",\"isPartOf\":{\"@id\":\"https:\/\/www.leselfes.com\/es\/que-actividades-se-ofrecen-en-el-campamento-de-verano\/\"},\"author\":{\"name\":\"Matthieu Perard\",\"@id\":\"https:\/\/dev.leselfes.com\/#\/schema\/person\/7ac5f99a7f3c597105fe663a00bdf6d6\"},\"headline\":\"Campamento Internacional de Verano en Suiza 2025\",\"datePublished\":\"2025-02-06T08:29:12+00:00\",\"dateModified\":\"2025-02-06T08:44:17+00:00\",\"mainEntityOfPage\":{\"@id\":\"https:\/\/www.leselfes.com\/es\/que-actividades-se-ofrecen-en-el-campamento-de-verano\/\"},\"wordCount\":1815,\"publisher\":{\"@id\":\"https:\/\/dev.leselfes.com\/#organization\"},\"image\":{\"@id\":\"https:\/\/www.leselfes.com\/es\/que-actividades-se-ofrecen-en-el-campamento-de-verano\/#primaryimage\"},\"thumbnailUrl\":\"https:\/\/www.leselfes.com\/wp-content\/uploads\/2025\/02\/Hollyfest-6-2-min-1.jpg\",\"articleSection\":[\"Campamento de verano\"],\"inLanguage\":\"es\"},{\"@type\":\"WebPage\",\"@id\":\"https:\/\/www.leselfes.com\/es\/que-actividades-se-ofrecen-en-el-campamento-de-verano\/\",\"url\":\"https:\/\/www.leselfes.com\/es\/que-actividades-se-ofrecen-en-el-campamento-de-verano\/\",\"name\":\"Campamento Internacional de Verano en Suiza 2025 - Les Elfes International Camps Switzerland\",\"isPartOf\":{\"@id\":\"https:\/\/dev.leselfes.com\/#website\"},\"primaryImageOfPage\":{\"@id\":\"https:\/\/www.leselfes.com\/es\/que-actividades-se-ofrecen-en-el-campamento-de-verano\/#primaryimage\"},\"image\":{\"@id\":\"https:\/\/www.leselfes.com\/es\/que-actividades-se-ofrecen-en-el-campamento-de-verano\/#primaryimage\"},\"thumbnailUrl\":\"https:\/\/www.leselfes.com\/wp-content\/uploads\/2025\/02\/Hollyfest-6-2-min-1.jpg\",\"datePublished\":\"2025-02-06T08:29:12+00:00\",\"dateModified\":\"2025-02-06T08:44:17+00:00\",\"description\":\"Camp Suisse - El campamento de verano internacional definitivo en los Alpes suizos que ofrece una mezcla de actividades al aire libre, aprendizaje de idiomas y \u00a1mucho m\u00e1s!\",\"breadcrumb\":{\"@id\":\"https:\/\/www.leselfes.com\/es\/que-actividades-se-ofrecen-en-el-campamento-de-verano\/#breadcrumb\"},\"inLanguage\":\"es\",\"potentialAction\":[{\"@type\":\"ReadAction\",\"target\":[\"https:\/\/www.leselfes.com\/es\/que-actividades-se-ofrecen-en-el-campamento-de-verano\/\"]}]},{\"@type\":\"ImageObject\",\"inLanguage\":\"es\",\"@id\":\"https:\/\/www.leselfes.com\/es\/que-actividades-se-ofrecen-en-el-campamento-de-verano\/#primaryimage\",\"url\":\"https:\/\/www.leselfes.com\/wp-content\/uploads\/2025\/02\/Hollyfest-6-2-min-1.jpg\",\"contentUrl\":\"https:\/\/www.leselfes.com\/wp-content\/uploads\/2025\/02\/Hollyfest-6-2-min-1.jpg\",\"width\":2097,\"height\":1498},{\"@type\":\"BreadcrumbList\",\"@id\":\"https:\/\/www.leselfes.com\/es\/que-actividades-se-ofrecen-en-el-campamento-de-verano\/#breadcrumb\",\"itemListElement\":[{\"@type\":\"ListItem\",\"position\":1,\"name\":\"Home\",\"item\":\"https:\/\/www.leselfes.com\/es\/inicio\/\"},{\"@type\":\"ListItem\",\"position\":2,\"name\":\"Campamento Internacional de Verano en Suiza 2025\"}]},{\"@type\":\"WebSite\",\"@id\":\"https:\/\/dev.leselfes.com\/#website\",\"url\":\"https:\/\/dev.leselfes.com\/\",\"name\":\"Les Elfes International\",\"description\":\"Les Elfes International, Verbier Switzerland. Summer Camp, Winter Camp, Spring Camps.\",\"publisher\":{\"@id\":\"https:\/\/dev.leselfes.com\/#organization\"},\"alternateName\":\"Les Elfes International\",\"potentialAction\":[{\"@type\":\"SearchAction\",\"target\":{\"@type\":\"EntryPoint\",\"urlTemplate\":\"https:\/\/dev.leselfes.com\/?s={search_term_string}\"},\"query-input\":{\"@type\":\"PropertyValueSpecification\",\"valueRequired\":true,\"valueName\":\"search_term_string\"}}],\"inLanguage\":\"es\"},{\"@type\":\"Organization\",\"@id\":\"https:\/\/dev.leselfes.com\/#organization\",\"name\":\"Les Elfes International\",\"alternateName\":\"Les Elfes International\",\"url\":\"https:\/\/dev.leselfes.com\/\",\"logo\":{\"@type\":\"ImageObject\",\"inLanguage\":\"es\",\"@id\":\"https:\/\/dev.leselfes.com\/#\/schema\/logo\/image\/\",\"url\":\"https:\/\/www.leselfes.com\/wp-content\/uploads\/2022\/03\/leselfes-logo.png\",\"contentUrl\":\"https:\/\/www.leselfes.com\/wp-content\/uploads\/2022\/03\/leselfes-logo.png\",\"width\":233,\"height\":51,\"caption\":\"Les Elfes International\"},\"image\":{\"@id\":\"https:\/\/dev.leselfes.com\/#\/schema\/logo\/image\/\"},\"sameAs\":[\"https:\/\/www.facebook.com\/LesElfesVerbier\",\"https:\/\/x.com\/LesElfesCamps\",\"https:\/\/www.instagram.com\/leselfes\",\"https:\/\/www.linkedin.com\/company\/les-elfes-international\",\"https:\/\/www.youtube.com\/user\/LesElfesVerbier\"]},{\"@type\":\"Person\",\"@id\":\"https:\/\/dev.leselfes.com\/#\/schema\/person\/7ac5f99a7f3c597105fe663a00bdf6d6\",\"name\":\"Matthieu Perard\",\"image\":{\"@type\":\"ImageObject\",\"inLanguage\":\"es\",\"@id\":\"https:\/\/dev.leselfes.com\/#\/schema\/person\/image\/\",\"url\":\"https:\/\/secure.gravatar.com\/avatar\/e368f5bd153d15a1ff42a4c64a46d1ef?s=96&d=mm&r=g\",\"contentUrl\":\"https:\/\/secure.gravatar.com\/avatar\/e368f5bd153d15a1ff42a4c64a46d1ef?s=96&d=mm&r=g\",\"caption\":\"Matthieu Perard\"},\"url\":\"https:\/\/www.leselfes.com\/es\/author\/m-pierardnotostudio-ch\/\"}]}<\/script>\n<!-- \/ Yoast SEO Premium plugin. -->","yoast_head_json":{"title":"Campamento Internacional de Verano en Suiza 2025 - Les Elfes International Camps Switzerland","description":"Camp Suisse - El campamento de verano internacional definitivo en los Alpes suizos que ofrece una mezcla de actividades al aire libre, aprendizaje de idiomas y \u00a1mucho m\u00e1s!","robots":{"index":"index","follow":"follow","max-snippet":"max-snippet:-1","max-image-preview":"max-image-preview:large","max-video-preview":"max-video-preview:-1"},"canonical":"https:\/\/www.leselfes.com\/es\/que-actividades-se-ofrecen-en-el-campamento-de-verano\/","og_locale":"es_ES","og_type":"article","og_title":"Campamento Internacional de Verano en Suiza 2025","og_description":"Camp Suisse - El campamento de verano internacional definitivo en los Alpes suizos que ofrece una mezcla de actividades al aire libre, aprendizaje de idiomas y \u00a1mucho m\u00e1s!","og_url":"https:\/\/www.leselfes.com\/es\/que-actividades-se-ofrecen-en-el-campamento-de-verano\/","og_site_name":"Les Elfes International Camps Switzerland","article_publisher":"https:\/\/www.facebook.com\/LesElfesVerbier","article_published_time":"2025-02-06T08:29:12+00:00","article_modified_time":"2025-02-06T08:44:17+00:00","og_image":[{"width":1824,"height":1368,"url":"https:\/\/www.leselfes.com\/wp-content\/uploads\/2025\/01\/Les-Elfes-Summer-camp-Sliding-1.jpg","type":"image\/jpeg"}],"author":"Matthieu Perard","twitter_card":"summary_large_image","twitter_creator":"@LesElfesCamps","twitter_site":"@LesElfesCamps","twitter_misc":{"Escrito por":"Matthieu Perard","Tiempo de lectura":"9 minutos"},"schema":{"@context":"https:\/\/schema.org","@graph":[{"@type":"Article","@id":"https:\/\/www.leselfes.com\/es\/que-actividades-se-ofrecen-en-el-campamento-de-verano\/#article","isPartOf":{"@id":"https:\/\/www.leselfes.com\/es\/que-actividades-se-ofrecen-en-el-campamento-de-verano\/"},"author":{"name":"Matthieu Perard","@id":"https:\/\/dev.leselfes.com\/#\/schema\/person\/7ac5f99a7f3c597105fe663a00bdf6d6"},"headline":"Campamento Internacional de Verano en Suiza 2025","datePublished":"2025-02-06T08:29:12+00:00","dateModified":"2025-02-06T08:44:17+00:00","mainEntityOfPage":{"@id":"https:\/\/www.leselfes.com\/es\/que-actividades-se-ofrecen-en-el-campamento-de-verano\/"},"wordCount":1815,"publisher":{"@id":"https:\/\/dev.leselfes.com\/#organization"},"image":{"@id":"https:\/\/www.leselfes.com\/es\/que-actividades-se-ofrecen-en-el-campamento-de-verano\/#primaryimage"},"thumbnailUrl":"https:\/\/www.leselfes.com\/wp-content\/uploads\/2025\/02\/Hollyfest-6-2-min-1.jpg","articleSection":["Campamento de verano"],"inLanguage":"es"},{"@type":"WebPage","@id":"https:\/\/www.leselfes.com\/es\/que-actividades-se-ofrecen-en-el-campamento-de-verano\/","url":"https:\/\/www.leselfes.com\/es\/que-actividades-se-ofrecen-en-el-campamento-de-verano\/","name":"Campamento Internacional de Verano en Suiza 2025 - Les Elfes International Camps Switzerland","isPartOf":{"@id":"https:\/\/dev.leselfes.com\/#website"},"primaryImageOfPage":{"@id":"https:\/\/www.leselfes.com\/es\/que-actividades-se-ofrecen-en-el-campamento-de-verano\/#primaryimage"},"image":{"@id":"https:\/\/www.leselfes.com\/es\/que-actividades-se-ofrecen-en-el-campamento-de-verano\/#primaryimage"},"thumbnailUrl":"https:\/\/www.leselfes.com\/wp-content\/uploads\/2025\/02\/Hollyfest-6-2-min-1.jpg","datePublished":"2025-02-06T08:29:12+00:00","dateModified":"2025-02-06T08:44:17+00:00","description":"Camp Suisse - El campamento de verano internacional definitivo en los Alpes suizos que ofrece una mezcla de actividades al aire libre, aprendizaje de idiomas y \u00a1mucho m\u00e1s!","breadcrumb":{"@id":"https:\/\/www.leselfes.com\/es\/que-actividades-se-ofrecen-en-el-campamento-de-verano\/#breadcrumb"},"inLanguage":"es","potentialAction":[{"@type":"ReadAction","target":["https:\/\/www.leselfes.com\/es\/que-actividades-se-ofrecen-en-el-campamento-de-verano\/"]}]},{"@type":"ImageObject","inLanguage":"es","@id":"https:\/\/www.leselfes.com\/es\/que-actividades-se-ofrecen-en-el-campamento-de-verano\/#primaryimage","url":"https:\/\/www.leselfes.com\/wp-content\/uploads\/2025\/02\/Hollyfest-6-2-min-1.jpg","contentUrl":"https:\/\/www.leselfes.com\/wp-content\/uploads\/2025\/02\/Hollyfest-6-2-min-1.jpg","width":2097,"height":1498},{"@type":"BreadcrumbList","@id":"https:\/\/www.leselfes.com\/es\/que-actividades-se-ofrecen-en-el-campamento-de-verano\/#breadcrumb","itemListElement":[{"@type":"ListItem","position":1,"name":"Home","item":"https:\/\/www.leselfes.com\/es\/inicio\/"},{"@type":"ListItem","position":2,"name":"Campamento Internacional de Verano en Suiza 2025"}]},{"@type":"WebSite","@id":"https:\/\/dev.leselfes.com\/#website","url":"https:\/\/dev.leselfes.com\/","name":"Les Elfes International","description":"Les Elfes International, Verbier Switzerland. Summer Camp, Winter Camp, Spring Camps.","publisher":{"@id":"https:\/\/dev.leselfes.com\/#organization"},"alternateName":"Les Elfes International","potentialAction":[{"@type":"SearchAction","target":{"@type":"EntryPoint","urlTemplate":"https:\/\/dev.leselfes.com\/?s={search_term_string}"},"query-input":{"@type":"PropertyValueSpecification","valueRequired":true,"valueName":"search_term_string"}}],"inLanguage":"es"},{"@type":"Organization","@id":"https:\/\/dev.leselfes.com\/#organization","name":"Les Elfes International","alternateName":"Les Elfes International","url":"https:\/\/dev.leselfes.com\/","logo":{"@type":"ImageObject","inLanguage":"es","@id":"https:\/\/dev.leselfes.com\/#\/schema\/logo\/image\/","url":"https:\/\/www.leselfes.com\/wp-content\/uploads\/2022\/03\/leselfes-logo.png","contentUrl":"https:\/\/www.leselfes.com\/wp-content\/uploads\/2022\/03\/leselfes-logo.png","width":233,"height":51,"caption":"Les Elfes International"},"image":{"@id":"https:\/\/dev.leselfes.com\/#\/schema\/logo\/image\/"},"sameAs":["https:\/\/www.facebook.com\/LesElfesVerbier","https:\/\/x.com\/LesElfesCamps","https:\/\/www.instagram.com\/leselfes","https:\/\/www.linkedin.com\/company\/les-elfes-international","https:\/\/www.youtube.com\/user\/LesElfesVerbier"]},{"@type":"Person","@id":"https:\/\/dev.leselfes.com\/#\/schema\/person\/7ac5f99a7f3c597105fe663a00bdf6d6","name":"Matthieu Perard","image":{"@type":"ImageObject","inLanguage":"es","@id":"https:\/\/dev.leselfes.com\/#\/schema\/person\/image\/","url":"https:\/\/secure.gravatar.com\/avatar\/e368f5bd153d15a1ff42a4c64a46d1ef?s=96&d=mm&r=g","contentUrl":"https:\/\/secure.gravatar.com\/avatar\/e368f5bd153d15a1ff42a4c64a46d1ef?s=96&d=mm&r=g","caption":"Matthieu Perard"},"url":"https:\/\/www.leselfes.com\/es\/author\/m-pierardnotostudio-ch\/"}]}},"_links":{"self":[{"href":"https:\/\/www.leselfes.com\/es\/wp-json\/wp\/v2\/posts\/109219"}],"collection":[{"href":"https:\/\/www.leselfes.com\/es\/wp-json\/wp\/v2\/posts"}],"about":[{"href":"https:\/\/www.leselfes.com\/es\/wp-json\/wp\/v2\/types\/post"}],"author":[{"embeddable":true,"href":"https:\/\/www.leselfes.com\/es\/wp-json\/wp\/v2\/users\/16"}],"replies":[{"embeddable":true,"href":"https:\/\/www.leselfes.com\/es\/wp-json\/wp\/v2\/comments?post=109219"}],"version-history":[{"count":1,"href":"https:\/\/www.leselfes.com\/es\/wp-json\/wp\/v2\/posts\/109219\/revisions"}],"predecessor-version":[{"id":109233,"href":"https:\/\/www.leselfes.com\/es\/wp-json\/wp\/v2\/posts\/109219\/revisions\/109233"}],"wp:featuredmedia":[{"embeddable":true,"href":"https:\/\/www.leselfes.com\/es\/wp-json\/wp\/v2\/media\/109361"}],"wp:attachment":[{"href":"https:\/\/www.leselfes.com\/es\/wp-json\/wp\/v2\/media?parent=109219"}],"wp:term":[{"taxonomy":"category","embeddable":true,"href":"https:\/\/www.leselfes.com\/es\/wp-json\/wp\/v2\/categories?post=109219"},{"taxonomy":"post_tag","embeddable":true,"href":"https:\/\/www.leselfes.com\/es\/wp-json\/wp\/v2\/tags?post=109219"}],"curies":[{"name":"wp","href":"https:\/\/api.w.org\/{rel}","templated":true}]}}