{"id":109458,"date":"2025-02-19T10:07:18","date_gmt":"2025-02-19T09:07:18","guid":{"rendered":"https:\/\/www.leselfes.com\/martes-19-de-febrero-esqui-trineo-y-diversion-en-la-nieve\/"},"modified":"2025-02-19T10:07:18","modified_gmt":"2025-02-19T09:07:18","slug":"martes-19-de-febrero-esqui-trineo-y-diversion-en-la-nieve","status":"publish","type":"post","link":"https:\/\/www.leselfes.com\/es\/martes-19-de-febrero-esqui-trineo-y-diversion-en-la-nieve\/","title":{"rendered":"Martes 19 de febrero- Esqu\u00ed, trineo y diversi\u00f3n en la nieve"},"content":{"rendered":"<p data-start=\"36\" data-end=\"326\">\u00a1Otro d\u00eda soleado en Verbier! Los chavales se lanzaron a las pistas temprano, disfrutando de la nieve perfecta, con algunos bajando como profesionales y otros intentando mantenerse erguidos. Despu\u00e9s de comer en el campamento, volvimos a las pistas para la segunda ronda, \u00a1y hubo muchas risas y nieve volando por todas partes!  <\/p>\n<p data-start=\"328\" data-end=\"533\">Por la tarde, pod\u00edan elegir: unos iban al pueblo a patinar sobre hielo, otros bajaban las colinas en trineo y unos pocos se quedaban a hornear en la cocina, llenando el aire de los olores m\u00e1s dulces.<\/p>\n<p data-start=\"535\" data-end=\"809\">La cena fue deliciosa, \u00a1y luego la diversi\u00f3n no par\u00f3! Algunos dieron un paseo con antorchas por la ciudad, otros pusieron a prueba sus cerebros en una noche de concursos, y unos pocos descargaron su energ\u00eda en el polideportivo. Fue un d\u00eda repleto de risas, aventuras y la cantidad justa de ca\u00eddas.  <\/p>\n","protected":false},"excerpt":{"rendered":"<p>\u00a1Otro d\u00eda soleado en Verbier! Los chavales se lanzaron a las pistas temprano, disfrutando de la nieve perfecta, con algunos bajando como profesionales y otros intentando mantenerse erguidos. Despu\u00e9s de&#8230;<\/p>\n","protected":false},"author":3,"featured_media":0,"comment_status":"open","ping_status":"open","sticky":false,"template":"","format":"standard","meta":{"_acf_changed":false,"inline_featured_image":false,"footnotes":""},"categories":[],"tags":[],"class_list":["post-109458","post","type-post","status-publish","format-standard"],"acf":[],"yoast_head":"<!-- This site is optimized with the Yoast SEO Premium plugin v24.2 (Yoast SEO v24.7) - https:\/\/yoast.com\/wordpress\/plugins\/seo\/ -->\n<title>Martes 19 de febrero- Esqu\u00ed, trineo y diversi\u00f3n en la nieve - Les Elfes International Camps Switzerland<\/title>\n<meta name=\"robots\" content=\"index, follow, max-snippet:-1, max-image-preview:large, max-video-preview:-1\" \/>\n<link rel=\"canonical\" href=\"https:\/\/www.leselfes.com\/es\/martes-19-de-febrero-esqui-trineo-y-diversion-en-la-nieve\/\" \/>\n<meta property=\"og:locale\" content=\"es_ES\" \/>\n<meta property=\"og:type\" content=\"article\" \/>\n<meta property=\"og:title\" content=\"Martes 19 de febrero- Esqu\u00ed, trineo y diversi\u00f3n en la nieve\" \/>\n<meta property=\"og:description\" content=\"\u00a1Otro d\u00eda soleado en Verbier! Los chavales se lanzaron a las pistas temprano, disfrutando de la nieve perfecta, con algunos bajando como profesionales y otros intentando mantenerse erguidos. Despu\u00e9s de...\" \/>\n<meta property=\"og:url\" content=\"https:\/\/www.leselfes.com\/es\/martes-19-de-febrero-esqui-trineo-y-diversion-en-la-nieve\/\" \/>\n<meta property=\"og:site_name\" content=\"Les Elfes International Camps Switzerland\" \/>\n<meta property=\"article:publisher\" content=\"https:\/\/www.facebook.com\/LesElfesVerbier\" \/>\n<meta property=\"article:published_time\" content=\"2025-02-19T09:07:18+00:00\" \/>\n<meta property=\"og:image\" content=\"https:\/\/www.leselfes.com\/wp-content\/uploads\/2022\/02\/Les-Elfes-International-summer-camp-Switzerland-Staff-Mobile-591x555-1.jpg\" \/>\n\t<meta property=\"og:image:width\" content=\"591\" \/>\n\t<meta property=\"og:image:height\" content=\"555\" \/>\n\t<meta property=\"og:image:type\" content=\"image\/jpeg\" \/>\n<meta name=\"author\" content=\"Campus Verbier\" \/>\n<meta name=\"twitter:card\" content=\"summary_large_image\" \/>\n<meta name=\"twitter:creator\" content=\"@LesElfesCamps\" \/>\n<meta name=\"twitter:site\" content=\"@LesElfesCamps\" \/>\n<meta name=\"twitter:label1\" content=\"Escrito por\" \/>\n\t<meta name=\"twitter:data1\" content=\"Campus Verbier\" \/>\n\t<meta name=\"twitter:label2\" content=\"Tiempo de lectura\" \/>\n\t<meta name=\"twitter:data2\" content=\"1 minuto\" \/>\n<script type=\"application\/ld+json\" class=\"yoast-schema-graph\">{\"@context\":\"https:\/\/schema.org\",\"@graph\":[{\"@type\":\"Article\",\"@id\":\"https:\/\/www.leselfes.com\/es\/martes-19-de-febrero-esqui-trineo-y-diversion-en-la-nieve\/#article\",\"isPartOf\":{\"@id\":\"https:\/\/www.leselfes.com\/es\/martes-19-de-febrero-esqui-trineo-y-diversion-en-la-nieve\/\"},\"author\":{\"name\":\"Campus Verbier\",\"@id\":\"https:\/\/dev.leselfes.com\/#\/schema\/person\/0c0e0182d55b809c4a248ddec3679809\"},\"headline\":\"Martes 19 de febrero- Esqu\u00ed, trineo y diversi\u00f3n en la nieve\",\"datePublished\":\"2025-02-19T09:07:18+00:00\",\"mainEntityOfPage\":{\"@id\":\"https:\/\/www.leselfes.com\/es\/martes-19-de-febrero-esqui-trineo-y-diversion-en-la-nieve\/\"},\"wordCount\":160,\"commentCount\":0,\"publisher\":{\"@id\":\"https:\/\/dev.leselfes.com\/#organization\"},\"inLanguage\":\"es\",\"potentialAction\":[{\"@type\":\"CommentAction\",\"name\":\"Comment\",\"target\":[\"https:\/\/www.leselfes.com\/es\/martes-19-de-febrero-esqui-trineo-y-diversion-en-la-nieve\/#respond\"]}]},{\"@type\":\"WebPage\",\"@id\":\"https:\/\/www.leselfes.com\/es\/martes-19-de-febrero-esqui-trineo-y-diversion-en-la-nieve\/\",\"url\":\"https:\/\/www.leselfes.com\/es\/martes-19-de-febrero-esqui-trineo-y-diversion-en-la-nieve\/\",\"name\":\"Martes 19 de febrero- Esqu\u00ed, trineo y diversi\u00f3n en la nieve - Les Elfes International Camps Switzerland\",\"isPartOf\":{\"@id\":\"https:\/\/dev.leselfes.com\/#website\"},\"datePublished\":\"2025-02-19T09:07:18+00:00\",\"breadcrumb\":{\"@id\":\"https:\/\/www.leselfes.com\/es\/martes-19-de-febrero-esqui-trineo-y-diversion-en-la-nieve\/#breadcrumb\"},\"inLanguage\":\"es\",\"potentialAction\":[{\"@type\":\"ReadAction\",\"target\":[\"https:\/\/www.leselfes.com\/es\/martes-19-de-febrero-esqui-trineo-y-diversion-en-la-nieve\/\"]}]},{\"@type\":\"BreadcrumbList\",\"@id\":\"https:\/\/www.leselfes.com\/es\/martes-19-de-febrero-esqui-trineo-y-diversion-en-la-nieve\/#breadcrumb\",\"itemListElement\":[{\"@type\":\"ListItem\",\"position\":1,\"name\":\"Home\",\"item\":\"https:\/\/www.leselfes.com\/es\/inicio\/\"},{\"@type\":\"ListItem\",\"position\":2,\"name\":\"Martes 19 de febrero- Esqu\u00ed, trineo y diversi\u00f3n en la nieve\"}]},{\"@type\":\"WebSite\",\"@id\":\"https:\/\/dev.leselfes.com\/#website\",\"url\":\"https:\/\/dev.leselfes.com\/\",\"name\":\"Les Elfes International\",\"description\":\"Les Elfes International, Verbier Switzerland. Summer Camp, Winter Camp, Spring Camps.\",\"publisher\":{\"@id\":\"https:\/\/dev.leselfes.com\/#organization\"},\"alternateName\":\"Les Elfes International\",\"potentialAction\":[{\"@type\":\"SearchAction\",\"target\":{\"@type\":\"EntryPoint\",\"urlTemplate\":\"https:\/\/dev.leselfes.com\/?s={search_term_string}\"},\"query-input\":{\"@type\":\"PropertyValueSpecification\",\"valueRequired\":true,\"valueName\":\"search_term_string\"}}],\"inLanguage\":\"es\"},{\"@type\":\"Organization\",\"@id\":\"https:\/\/dev.leselfes.com\/#organization\",\"name\":\"Les Elfes International\",\"alternateName\":\"Les Elfes International\",\"url\":\"https:\/\/dev.leselfes.com\/\",\"logo\":{\"@type\":\"ImageObject\",\"inLanguage\":\"es\",\"@id\":\"https:\/\/dev.leselfes.com\/#\/schema\/logo\/image\/\",\"url\":\"https:\/\/www.leselfes.com\/wp-content\/uploads\/2022\/03\/leselfes-logo.png\",\"contentUrl\":\"https:\/\/www.leselfes.com\/wp-content\/uploads\/2022\/03\/leselfes-logo.png\",\"width\":233,\"height\":51,\"caption\":\"Les Elfes International\"},\"image\":{\"@id\":\"https:\/\/dev.leselfes.com\/#\/schema\/logo\/image\/\"},\"sameAs\":[\"https:\/\/www.facebook.com\/LesElfesVerbier\",\"https:\/\/x.com\/LesElfesCamps\",\"https:\/\/www.instagram.com\/leselfes\",\"https:\/\/www.linkedin.com\/company\/les-elfes-international\",\"https:\/\/www.youtube.com\/user\/LesElfesVerbier\"]},{\"@type\":\"Person\",\"@id\":\"https:\/\/dev.leselfes.com\/#\/schema\/person\/0c0e0182d55b809c4a248ddec3679809\",\"name\":\"Campus Verbier\",\"image\":{\"@type\":\"ImageObject\",\"inLanguage\":\"es\",\"@id\":\"https:\/\/dev.leselfes.com\/#\/schema\/person\/image\/\",\"url\":\"https:\/\/secure.gravatar.com\/avatar\/c1f89991446ba8fe831247a9fa732dfc?s=96&d=mm&r=g\",\"contentUrl\":\"https:\/\/secure.gravatar.com\/avatar\/c1f89991446ba8fe831247a9fa732dfc?s=96&d=mm&r=g\",\"caption\":\"Campus Verbier\"},\"url\":\"https:\/\/www.leselfes.com\/es\/author\/campus\/\"}]}<\/script>\n<!-- \/ Yoast SEO Premium plugin. -->","yoast_head_json":{"title":"Martes 19 de febrero- Esqu\u00ed, trineo y diversi\u00f3n en la nieve - Les Elfes International Camps Switzerland","robots":{"index":"index","follow":"follow","max-snippet":"max-snippet:-1","max-image-preview":"max-image-preview:large","max-video-preview":"max-video-preview:-1"},"canonical":"https:\/\/www.leselfes.com\/es\/martes-19-de-febrero-esqui-trineo-y-diversion-en-la-nieve\/","og_locale":"es_ES","og_type":"article","og_title":"Martes 19 de febrero- Esqu\u00ed, trineo y diversi\u00f3n en la nieve","og_description":"\u00a1Otro d\u00eda soleado en Verbier! Los chavales se lanzaron a las pistas temprano, disfrutando de la nieve perfecta, con algunos bajando como profesionales y otros intentando mantenerse erguidos. Despu\u00e9s de...","og_url":"https:\/\/www.leselfes.com\/es\/martes-19-de-febrero-esqui-trineo-y-diversion-en-la-nieve\/","og_site_name":"Les Elfes International Camps Switzerland","article_publisher":"https:\/\/www.facebook.com\/LesElfesVerbier","article_published_time":"2025-02-19T09:07:18+00:00","og_image":[{"width":591,"height":555,"url":"https:\/\/www.leselfes.com\/wp-content\/uploads\/2022\/02\/Les-Elfes-International-summer-camp-Switzerland-Staff-Mobile-591x555-1.jpg","type":"image\/jpeg"}],"author":"Campus Verbier","twitter_card":"summary_large_image","twitter_creator":"@LesElfesCamps","twitter_site":"@LesElfesCamps","twitter_misc":{"Escrito por":"Campus Verbier","Tiempo de lectura":"1 minuto"},"schema":{"@context":"https:\/\/schema.org","@graph":[{"@type":"Article","@id":"https:\/\/www.leselfes.com\/es\/martes-19-de-febrero-esqui-trineo-y-diversion-en-la-nieve\/#article","isPartOf":{"@id":"https:\/\/www.leselfes.com\/es\/martes-19-de-febrero-esqui-trineo-y-diversion-en-la-nieve\/"},"author":{"name":"Campus Verbier","@id":"https:\/\/dev.leselfes.com\/#\/schema\/person\/0c0e0182d55b809c4a248ddec3679809"},"headline":"Martes 19 de febrero- Esqu\u00ed, trineo y diversi\u00f3n en la nieve","datePublished":"2025-02-19T09:07:18+00:00","mainEntityOfPage":{"@id":"https:\/\/www.leselfes.com\/es\/martes-19-de-febrero-esqui-trineo-y-diversion-en-la-nieve\/"},"wordCount":160,"commentCount":0,"publisher":{"@id":"https:\/\/dev.leselfes.com\/#organization"},"inLanguage":"es","potentialAction":[{"@type":"CommentAction","name":"Comment","target":["https:\/\/www.leselfes.com\/es\/martes-19-de-febrero-esqui-trineo-y-diversion-en-la-nieve\/#respond"]}]},{"@type":"WebPage","@id":"https:\/\/www.leselfes.com\/es\/martes-19-de-febrero-esqui-trineo-y-diversion-en-la-nieve\/","url":"https:\/\/www.leselfes.com\/es\/martes-19-de-febrero-esqui-trineo-y-diversion-en-la-nieve\/","name":"Martes 19 de febrero- Esqu\u00ed, trineo y diversi\u00f3n en la nieve - Les Elfes International Camps Switzerland","isPartOf":{"@id":"https:\/\/dev.leselfes.com\/#website"},"datePublished":"2025-02-19T09:07:18+00:00","breadcrumb":{"@id":"https:\/\/www.leselfes.com\/es\/martes-19-de-febrero-esqui-trineo-y-diversion-en-la-nieve\/#breadcrumb"},"inLanguage":"es","potentialAction":[{"@type":"ReadAction","target":["https:\/\/www.leselfes.com\/es\/martes-19-de-febrero-esqui-trineo-y-diversion-en-la-nieve\/"]}]},{"@type":"BreadcrumbList","@id":"https:\/\/www.leselfes.com\/es\/martes-19-de-febrero-esqui-trineo-y-diversion-en-la-nieve\/#breadcrumb","itemListElement":[{"@type":"ListItem","position":1,"name":"Home","item":"https:\/\/www.leselfes.com\/es\/inicio\/"},{"@type":"ListItem","position":2,"name":"Martes 19 de febrero- Esqu\u00ed, trineo y diversi\u00f3n en la nieve"}]},{"@type":"WebSite","@id":"https:\/\/dev.leselfes.com\/#website","url":"https:\/\/dev.leselfes.com\/","name":"Les Elfes International","description":"Les Elfes International, Verbier Switzerland. Summer Camp, Winter Camp, Spring Camps.","publisher":{"@id":"https:\/\/dev.leselfes.com\/#organization"},"alternateName":"Les Elfes International","potentialAction":[{"@type":"SearchAction","target":{"@type":"EntryPoint","urlTemplate":"https:\/\/dev.leselfes.com\/?s={search_term_string}"},"query-input":{"@type":"PropertyValueSpecification","valueRequired":true,"valueName":"search_term_string"}}],"inLanguage":"es"},{"@type":"Organization","@id":"https:\/\/dev.leselfes.com\/#organization","name":"Les Elfes International","alternateName":"Les Elfes International","url":"https:\/\/dev.leselfes.com\/","logo":{"@type":"ImageObject","inLanguage":"es","@id":"https:\/\/dev.leselfes.com\/#\/schema\/logo\/image\/","url":"https:\/\/www.leselfes.com\/wp-content\/uploads\/2022\/03\/leselfes-logo.png","contentUrl":"https:\/\/www.leselfes.com\/wp-content\/uploads\/2022\/03\/leselfes-logo.png","width":233,"height":51,"caption":"Les Elfes International"},"image":{"@id":"https:\/\/dev.leselfes.com\/#\/schema\/logo\/image\/"},"sameAs":["https:\/\/www.facebook.com\/LesElfesVerbier","https:\/\/x.com\/LesElfesCamps","https:\/\/www.instagram.com\/leselfes","https:\/\/www.linkedin.com\/company\/les-elfes-international","https:\/\/www.youtube.com\/user\/LesElfesVerbier"]},{"@type":"Person","@id":"https:\/\/dev.leselfes.com\/#\/schema\/person\/0c0e0182d55b809c4a248ddec3679809","name":"Campus Verbier","image":{"@type":"ImageObject","inLanguage":"es","@id":"https:\/\/dev.leselfes.com\/#\/schema\/person\/image\/","url":"https:\/\/secure.gravatar.com\/avatar\/c1f89991446ba8fe831247a9fa732dfc?s=96&d=mm&r=g","contentUrl":"https:\/\/secure.gravatar.com\/avatar\/c1f89991446ba8fe831247a9fa732dfc?s=96&d=mm&r=g","caption":"Campus Verbier"},"url":"https:\/\/www.leselfes.com\/es\/author\/campus\/"}]}},"_links":{"self":[{"href":"https:\/\/www.leselfes.com\/es\/wp-json\/wp\/v2\/posts\/109458"}],"collection":[{"href":"https:\/\/www.leselfes.com\/es\/wp-json\/wp\/v2\/posts"}],"about":[{"href":"https:\/\/www.leselfes.com\/es\/wp-json\/wp\/v2\/types\/post"}],"author":[{"embeddable":true,"href":"https:\/\/www.leselfes.com\/es\/wp-json\/wp\/v2\/users\/3"}],"replies":[{"embeddable":true,"href":"https:\/\/www.leselfes.com\/es\/wp-json\/wp\/v2\/comments?post=109458"}],"version-history":[{"count":0,"href":"https:\/\/www.leselfes.com\/es\/wp-json\/wp\/v2\/posts\/109458\/revisions"}],"wp:attachment":[{"href":"https:\/\/www.leselfes.com\/es\/wp-json\/wp\/v2\/media?parent=109458"}],"wp:term":[{"taxonomy":"category","embeddable":true,"href":"https:\/\/www.leselfes.com\/es\/wp-json\/wp\/v2\/categories?post=109458"},{"taxonomy":"post_tag","embeddable":true,"href":"https:\/\/www.leselfes.com\/es\/wp-json\/wp\/v2\/tags?post=109458"}],"curies":[{"name":"wp","href":"https:\/\/api.w.org\/{rel}","templated":true}]}}