{"id":109683,"date":"2025-03-09T20:20:22","date_gmt":"2025-03-09T19:20:22","guid":{"rendered":"https:\/\/www.leselfes.com\/domingo-9-de-marzo-comienzo-magico-en-verbier\/"},"modified":"2025-03-09T20:20:22","modified_gmt":"2025-03-09T19:20:22","slug":"domingo-9-de-marzo-comienzo-magico-en-verbier","status":"publish","type":"post","link":"https:\/\/www.leselfes.com\/es\/domingo-9-de-marzo-comienzo-magico-en-verbier\/","title":{"rendered":"Domingo 9 de marzo- Comienzo m\u00e1gico en Verbier"},"content":{"rendered":"<p data-start=\"61\" data-end=\"319\">El sol nos ha saludado esta ma\u00f1ana con un c\u00e1lido resplandor sobre los picos nevados de Verbier. Hoy ha llegado un nuevo grupo de ni\u00f1os, ansiosos y entusiasmados. Algunos ya llevan aqu\u00ed una semana, desliz\u00e1ndose por las pistas como profesionales, mientras que otros acaban de empezar su aventura.  <\/p>\n<p data-start=\"321\" data-end=\"661\">La ma\u00f1ana estaba llena de risas cuando los ni\u00f1os salieron para otro soleado d\u00eda de esqu\u00ed. La nieve estaba un poco complicada, por lo que algunas pistas eran m\u00e1s dif\u00edciles que otras, pero eso no les detuvo. Tras un merecido almuerzo en el campamento, volvieron a la monta\u00f1a para esquiar un poco m\u00e1s.  <\/p>\n<p data-start=\"663\" data-end=\"973\">Cuando regresaron, les esperaba una acogedora merienda: chocolate caliente, galletas y muchas sonrisas. Despu\u00e9s, \u00a1a la ciudad! Algunos ni\u00f1os fueron a escalar al polideportivo, mientras que otros se quedaron para hornear en la cocina del campamento. El olor a canela llenaba el aire mientras decoraban galletas con alegr\u00eda y trabajo en equipo.   <\/p>\n<p data-start=\"975\" data-end=\"1172\">La cena fue deliciosa, y la noche termin\u00f3 con todo el campamento reunido en torno a un juego llamado \u00abEl Cubo\u00bb. Los desaf\u00edos hicieron re\u00edr y animar a todo el mundo, una forma perfecta de terminar un d\u00eda de aventuras. <\/p>\n<p data-start=\"1174\" data-end=\"1231\" data-is-last-node=\"\" data-is-only-node=\"\">\u00a1Ya estoy deseando que llegue ma\u00f1ana!<br data-start=\"1214\" data-end=\"1217\">-Talia la Elfa<\/p>\n","protected":false},"excerpt":{"rendered":"<p>El sol nos ha saludado esta ma\u00f1ana con un c\u00e1lido resplandor sobre los picos nevados de Verbier. Hoy ha llegado un nuevo grupo de ni\u00f1os, ansiosos y entusiasmados. Algunos ya&#8230;<\/p>\n","protected":false},"author":3,"featured_media":0,"comment_status":"open","ping_status":"open","sticky":false,"template":"","format":"standard","meta":{"_acf_changed":false,"inline_featured_image":false,"footnotes":""},"categories":[],"tags":[],"class_list":["post-109683","post","type-post","status-publish","format-standard"],"acf":[],"yoast_head":"<!-- This site is optimized with the Yoast SEO Premium plugin v24.2 (Yoast SEO v24.7) - https:\/\/yoast.com\/wordpress\/plugins\/seo\/ -->\n<title>Domingo 9 de marzo- Comienzo m\u00e1gico en Verbier - Les Elfes International Camps Switzerland<\/title>\n<meta name=\"robots\" content=\"index, follow, max-snippet:-1, max-image-preview:large, max-video-preview:-1\" \/>\n<link rel=\"canonical\" href=\"https:\/\/www.leselfes.com\/es\/domingo-9-de-marzo-comienzo-magico-en-verbier\/\" \/>\n<meta property=\"og:locale\" content=\"es_ES\" \/>\n<meta property=\"og:type\" content=\"article\" \/>\n<meta property=\"og:title\" content=\"Domingo 9 de marzo- Comienzo m\u00e1gico en Verbier\" \/>\n<meta property=\"og:description\" content=\"El sol nos ha saludado esta ma\u00f1ana con un c\u00e1lido resplandor sobre los picos nevados de Verbier. Hoy ha llegado un nuevo grupo de ni\u00f1os, ansiosos y entusiasmados. Algunos ya...\" \/>\n<meta property=\"og:url\" content=\"https:\/\/www.leselfes.com\/es\/domingo-9-de-marzo-comienzo-magico-en-verbier\/\" \/>\n<meta property=\"og:site_name\" content=\"Les Elfes International Camps Switzerland\" \/>\n<meta property=\"article:publisher\" content=\"https:\/\/www.facebook.com\/LesElfesVerbier\" \/>\n<meta property=\"article:published_time\" content=\"2025-03-09T19:20:22+00:00\" \/>\n<meta property=\"og:image\" content=\"https:\/\/www.leselfes.com\/wp-content\/uploads\/2022\/02\/Les-Elfes-International-summer-camp-Switzerland-Staff-Mobile-591x555-1.jpg\" \/>\n\t<meta property=\"og:image:width\" content=\"591\" \/>\n\t<meta property=\"og:image:height\" content=\"555\" \/>\n\t<meta property=\"og:image:type\" content=\"image\/jpeg\" \/>\n<meta name=\"author\" content=\"Campus Verbier\" \/>\n<meta name=\"twitter:card\" content=\"summary_large_image\" \/>\n<meta name=\"twitter:creator\" content=\"@LesElfesCamps\" \/>\n<meta name=\"twitter:site\" content=\"@LesElfesCamps\" \/>\n<meta name=\"twitter:label1\" content=\"Escrito por\" \/>\n\t<meta name=\"twitter:data1\" content=\"Campus Verbier\" \/>\n\t<meta name=\"twitter:label2\" content=\"Tiempo de lectura\" \/>\n\t<meta name=\"twitter:data2\" content=\"1 minuto\" \/>\n<script type=\"application\/ld+json\" class=\"yoast-schema-graph\">{\"@context\":\"https:\/\/schema.org\",\"@graph\":[{\"@type\":\"Article\",\"@id\":\"https:\/\/www.leselfes.com\/es\/domingo-9-de-marzo-comienzo-magico-en-verbier\/#article\",\"isPartOf\":{\"@id\":\"https:\/\/www.leselfes.com\/es\/domingo-9-de-marzo-comienzo-magico-en-verbier\/\"},\"author\":{\"name\":\"Campus Verbier\",\"@id\":\"https:\/\/dev.leselfes.com\/#\/schema\/person\/0c0e0182d55b809c4a248ddec3679809\"},\"headline\":\"Domingo 9 de marzo- Comienzo m\u00e1gico en Verbier\",\"datePublished\":\"2025-03-09T19:20:22+00:00\",\"mainEntityOfPage\":{\"@id\":\"https:\/\/www.leselfes.com\/es\/domingo-9-de-marzo-comienzo-magico-en-verbier\/\"},\"wordCount\":228,\"commentCount\":0,\"publisher\":{\"@id\":\"https:\/\/dev.leselfes.com\/#organization\"},\"inLanguage\":\"es\",\"potentialAction\":[{\"@type\":\"CommentAction\",\"name\":\"Comment\",\"target\":[\"https:\/\/www.leselfes.com\/es\/domingo-9-de-marzo-comienzo-magico-en-verbier\/#respond\"]}]},{\"@type\":\"WebPage\",\"@id\":\"https:\/\/www.leselfes.com\/es\/domingo-9-de-marzo-comienzo-magico-en-verbier\/\",\"url\":\"https:\/\/www.leselfes.com\/es\/domingo-9-de-marzo-comienzo-magico-en-verbier\/\",\"name\":\"Domingo 9 de marzo- Comienzo m\u00e1gico en Verbier - Les Elfes International Camps Switzerland\",\"isPartOf\":{\"@id\":\"https:\/\/dev.leselfes.com\/#website\"},\"datePublished\":\"2025-03-09T19:20:22+00:00\",\"breadcrumb\":{\"@id\":\"https:\/\/www.leselfes.com\/es\/domingo-9-de-marzo-comienzo-magico-en-verbier\/#breadcrumb\"},\"inLanguage\":\"es\",\"potentialAction\":[{\"@type\":\"ReadAction\",\"target\":[\"https:\/\/www.leselfes.com\/es\/domingo-9-de-marzo-comienzo-magico-en-verbier\/\"]}]},{\"@type\":\"BreadcrumbList\",\"@id\":\"https:\/\/www.leselfes.com\/es\/domingo-9-de-marzo-comienzo-magico-en-verbier\/#breadcrumb\",\"itemListElement\":[{\"@type\":\"ListItem\",\"position\":1,\"name\":\"Home\",\"item\":\"https:\/\/www.leselfes.com\/es\/inicio\/\"},{\"@type\":\"ListItem\",\"position\":2,\"name\":\"Domingo 9 de marzo- Comienzo m\u00e1gico en Verbier\"}]},{\"@type\":\"WebSite\",\"@id\":\"https:\/\/dev.leselfes.com\/#website\",\"url\":\"https:\/\/dev.leselfes.com\/\",\"name\":\"Les Elfes International\",\"description\":\"Les Elfes International, Verbier Switzerland. Summer Camp, Winter Camp, Spring Camps.\",\"publisher\":{\"@id\":\"https:\/\/dev.leselfes.com\/#organization\"},\"alternateName\":\"Les Elfes International\",\"potentialAction\":[{\"@type\":\"SearchAction\",\"target\":{\"@type\":\"EntryPoint\",\"urlTemplate\":\"https:\/\/dev.leselfes.com\/?s={search_term_string}\"},\"query-input\":{\"@type\":\"PropertyValueSpecification\",\"valueRequired\":true,\"valueName\":\"search_term_string\"}}],\"inLanguage\":\"es\"},{\"@type\":\"Organization\",\"@id\":\"https:\/\/dev.leselfes.com\/#organization\",\"name\":\"Les Elfes International\",\"alternateName\":\"Les Elfes International\",\"url\":\"https:\/\/dev.leselfes.com\/\",\"logo\":{\"@type\":\"ImageObject\",\"inLanguage\":\"es\",\"@id\":\"https:\/\/dev.leselfes.com\/#\/schema\/logo\/image\/\",\"url\":\"https:\/\/www.leselfes.com\/wp-content\/uploads\/2022\/03\/leselfes-logo.png\",\"contentUrl\":\"https:\/\/www.leselfes.com\/wp-content\/uploads\/2022\/03\/leselfes-logo.png\",\"width\":233,\"height\":51,\"caption\":\"Les Elfes International\"},\"image\":{\"@id\":\"https:\/\/dev.leselfes.com\/#\/schema\/logo\/image\/\"},\"sameAs\":[\"https:\/\/www.facebook.com\/LesElfesVerbier\",\"https:\/\/x.com\/LesElfesCamps\",\"https:\/\/www.instagram.com\/leselfes\",\"https:\/\/www.linkedin.com\/company\/les-elfes-international\",\"https:\/\/www.youtube.com\/user\/LesElfesVerbier\"]},{\"@type\":\"Person\",\"@id\":\"https:\/\/dev.leselfes.com\/#\/schema\/person\/0c0e0182d55b809c4a248ddec3679809\",\"name\":\"Campus Verbier\",\"image\":{\"@type\":\"ImageObject\",\"inLanguage\":\"es\",\"@id\":\"https:\/\/dev.leselfes.com\/#\/schema\/person\/image\/\",\"url\":\"https:\/\/secure.gravatar.com\/avatar\/c1f89991446ba8fe831247a9fa732dfc?s=96&d=mm&r=g\",\"contentUrl\":\"https:\/\/secure.gravatar.com\/avatar\/c1f89991446ba8fe831247a9fa732dfc?s=96&d=mm&r=g\",\"caption\":\"Campus Verbier\"},\"url\":\"https:\/\/www.leselfes.com\/es\/author\/campus\/\"}]}<\/script>\n<!-- \/ Yoast SEO Premium plugin. -->","yoast_head_json":{"title":"Domingo 9 de marzo- Comienzo m\u00e1gico en Verbier - Les Elfes International Camps Switzerland","robots":{"index":"index","follow":"follow","max-snippet":"max-snippet:-1","max-image-preview":"max-image-preview:large","max-video-preview":"max-video-preview:-1"},"canonical":"https:\/\/www.leselfes.com\/es\/domingo-9-de-marzo-comienzo-magico-en-verbier\/","og_locale":"es_ES","og_type":"article","og_title":"Domingo 9 de marzo- Comienzo m\u00e1gico en Verbier","og_description":"El sol nos ha saludado esta ma\u00f1ana con un c\u00e1lido resplandor sobre los picos nevados de Verbier. Hoy ha llegado un nuevo grupo de ni\u00f1os, ansiosos y entusiasmados. Algunos ya...","og_url":"https:\/\/www.leselfes.com\/es\/domingo-9-de-marzo-comienzo-magico-en-verbier\/","og_site_name":"Les Elfes International Camps Switzerland","article_publisher":"https:\/\/www.facebook.com\/LesElfesVerbier","article_published_time":"2025-03-09T19:20:22+00:00","og_image":[{"width":591,"height":555,"url":"https:\/\/www.leselfes.com\/wp-content\/uploads\/2022\/02\/Les-Elfes-International-summer-camp-Switzerland-Staff-Mobile-591x555-1.jpg","type":"image\/jpeg"}],"author":"Campus Verbier","twitter_card":"summary_large_image","twitter_creator":"@LesElfesCamps","twitter_site":"@LesElfesCamps","twitter_misc":{"Escrito por":"Campus Verbier","Tiempo de lectura":"1 minuto"},"schema":{"@context":"https:\/\/schema.org","@graph":[{"@type":"Article","@id":"https:\/\/www.leselfes.com\/es\/domingo-9-de-marzo-comienzo-magico-en-verbier\/#article","isPartOf":{"@id":"https:\/\/www.leselfes.com\/es\/domingo-9-de-marzo-comienzo-magico-en-verbier\/"},"author":{"name":"Campus Verbier","@id":"https:\/\/dev.leselfes.com\/#\/schema\/person\/0c0e0182d55b809c4a248ddec3679809"},"headline":"Domingo 9 de marzo- Comienzo m\u00e1gico en Verbier","datePublished":"2025-03-09T19:20:22+00:00","mainEntityOfPage":{"@id":"https:\/\/www.leselfes.com\/es\/domingo-9-de-marzo-comienzo-magico-en-verbier\/"},"wordCount":228,"commentCount":0,"publisher":{"@id":"https:\/\/dev.leselfes.com\/#organization"},"inLanguage":"es","potentialAction":[{"@type":"CommentAction","name":"Comment","target":["https:\/\/www.leselfes.com\/es\/domingo-9-de-marzo-comienzo-magico-en-verbier\/#respond"]}]},{"@type":"WebPage","@id":"https:\/\/www.leselfes.com\/es\/domingo-9-de-marzo-comienzo-magico-en-verbier\/","url":"https:\/\/www.leselfes.com\/es\/domingo-9-de-marzo-comienzo-magico-en-verbier\/","name":"Domingo 9 de marzo- Comienzo m\u00e1gico en Verbier - Les Elfes International Camps Switzerland","isPartOf":{"@id":"https:\/\/dev.leselfes.com\/#website"},"datePublished":"2025-03-09T19:20:22+00:00","breadcrumb":{"@id":"https:\/\/www.leselfes.com\/es\/domingo-9-de-marzo-comienzo-magico-en-verbier\/#breadcrumb"},"inLanguage":"es","potentialAction":[{"@type":"ReadAction","target":["https:\/\/www.leselfes.com\/es\/domingo-9-de-marzo-comienzo-magico-en-verbier\/"]}]},{"@type":"BreadcrumbList","@id":"https:\/\/www.leselfes.com\/es\/domingo-9-de-marzo-comienzo-magico-en-verbier\/#breadcrumb","itemListElement":[{"@type":"ListItem","position":1,"name":"Home","item":"https:\/\/www.leselfes.com\/es\/inicio\/"},{"@type":"ListItem","position":2,"name":"Domingo 9 de marzo- Comienzo m\u00e1gico en Verbier"}]},{"@type":"WebSite","@id":"https:\/\/dev.leselfes.com\/#website","url":"https:\/\/dev.leselfes.com\/","name":"Les Elfes International","description":"Les Elfes International, Verbier Switzerland. Summer Camp, Winter Camp, Spring Camps.","publisher":{"@id":"https:\/\/dev.leselfes.com\/#organization"},"alternateName":"Les Elfes International","potentialAction":[{"@type":"SearchAction","target":{"@type":"EntryPoint","urlTemplate":"https:\/\/dev.leselfes.com\/?s={search_term_string}"},"query-input":{"@type":"PropertyValueSpecification","valueRequired":true,"valueName":"search_term_string"}}],"inLanguage":"es"},{"@type":"Organization","@id":"https:\/\/dev.leselfes.com\/#organization","name":"Les Elfes International","alternateName":"Les Elfes International","url":"https:\/\/dev.leselfes.com\/","logo":{"@type":"ImageObject","inLanguage":"es","@id":"https:\/\/dev.leselfes.com\/#\/schema\/logo\/image\/","url":"https:\/\/www.leselfes.com\/wp-content\/uploads\/2022\/03\/leselfes-logo.png","contentUrl":"https:\/\/www.leselfes.com\/wp-content\/uploads\/2022\/03\/leselfes-logo.png","width":233,"height":51,"caption":"Les Elfes International"},"image":{"@id":"https:\/\/dev.leselfes.com\/#\/schema\/logo\/image\/"},"sameAs":["https:\/\/www.facebook.com\/LesElfesVerbier","https:\/\/x.com\/LesElfesCamps","https:\/\/www.instagram.com\/leselfes","https:\/\/www.linkedin.com\/company\/les-elfes-international","https:\/\/www.youtube.com\/user\/LesElfesVerbier"]},{"@type":"Person","@id":"https:\/\/dev.leselfes.com\/#\/schema\/person\/0c0e0182d55b809c4a248ddec3679809","name":"Campus Verbier","image":{"@type":"ImageObject","inLanguage":"es","@id":"https:\/\/dev.leselfes.com\/#\/schema\/person\/image\/","url":"https:\/\/secure.gravatar.com\/avatar\/c1f89991446ba8fe831247a9fa732dfc?s=96&d=mm&r=g","contentUrl":"https:\/\/secure.gravatar.com\/avatar\/c1f89991446ba8fe831247a9fa732dfc?s=96&d=mm&r=g","caption":"Campus Verbier"},"url":"https:\/\/www.leselfes.com\/es\/author\/campus\/"}]}},"_links":{"self":[{"href":"https:\/\/www.leselfes.com\/es\/wp-json\/wp\/v2\/posts\/109683"}],"collection":[{"href":"https:\/\/www.leselfes.com\/es\/wp-json\/wp\/v2\/posts"}],"about":[{"href":"https:\/\/www.leselfes.com\/es\/wp-json\/wp\/v2\/types\/post"}],"author":[{"embeddable":true,"href":"https:\/\/www.leselfes.com\/es\/wp-json\/wp\/v2\/users\/3"}],"replies":[{"embeddable":true,"href":"https:\/\/www.leselfes.com\/es\/wp-json\/wp\/v2\/comments?post=109683"}],"version-history":[{"count":0,"href":"https:\/\/www.leselfes.com\/es\/wp-json\/wp\/v2\/posts\/109683\/revisions"}],"wp:attachment":[{"href":"https:\/\/www.leselfes.com\/es\/wp-json\/wp\/v2\/media?parent=109683"}],"wp:term":[{"taxonomy":"category","embeddable":true,"href":"https:\/\/www.leselfes.com\/es\/wp-json\/wp\/v2\/categories?post=109683"},{"taxonomy":"post_tag","embeddable":true,"href":"https:\/\/www.leselfes.com\/es\/wp-json\/wp\/v2\/tags?post=109683"}],"curies":[{"name":"wp","href":"https:\/\/api.w.org\/{rel}","templated":true}]}}