{"id":111155,"date":"2025-03-26T11:07:24","date_gmt":"2025-03-26T10:07:24","guid":{"rendered":"https:\/\/www.leselfes.com\/martes-25-de-marzo-un-dia-soleado-de-esqui-y-diversion-en-verbier\/"},"modified":"2025-03-26T11:07:24","modified_gmt":"2025-03-26T10:07:24","slug":"martes-25-de-marzo-un-dia-soleado-de-esqui-y-diversion-en-verbier","status":"publish","type":"post","link":"https:\/\/www.leselfes.com\/es\/martes-25-de-marzo-un-dia-soleado-de-esqui-y-diversion-en-verbier\/","title":{"rendered":"Martes 25 de marzo- Un d\u00eda soleado de esqu\u00ed y diversi\u00f3n en Verbier"},"content":{"rendered":"<p class=\"\" data-start=\"65\" data-end=\"313\">Hoy ha sido otro hermoso y soleado d\u00eda en Verbier. Los ni\u00f1os estaban entusiasmados esquiando esta ma\u00f1ana, corriendo por las pistas y disfrutando de cada segundo. Despu\u00e9s, han vuelto al campamento para un sabroso almuerzo, llenos de energ\u00eda y de historias sobre sus carreras.  <\/p>\n<p class=\"\" data-start=\"315\" data-end=\"592\">Por la tarde, volvieron a salir a esquiar y, tras un par de horas m\u00e1s, regresaron al campamento para hacer un descanso con bocadillos y chocolate caliente. Unos pocos exploraron la ciudad, mientras el resto se relajaba con una pel\u00edcula en la sala de cine o jugaba a divertidos juegos de mesa. \u00a1Fue estupendo ver c\u00f3mo estrechaban lazos y se divert\u00edan tanto!  <\/p>\n<p class=\"\" data-start=\"594\" data-end=\"824\">El d\u00eda termin\u00f3 con una copiosa cena, y luego todos se reunieron para jugar a \u00abEl Cubo\u00bb. Hubo muchas risas y una competici\u00f3n amistosa, lo que supuso el final perfecto para un d\u00eda incre\u00edble. \u00a1Estoy muy contenta de formar parte de este campamento m\u00e1gico!  <\/p>\n","protected":false},"excerpt":{"rendered":"<p>Hoy ha sido otro hermoso y soleado d\u00eda en Verbier. Los ni\u00f1os estaban entusiasmados esquiando esta ma\u00f1ana, corriendo por las pistas y disfrutando de cada segundo. Despu\u00e9s, han vuelto al&#8230;<\/p>\n","protected":false},"author":3,"featured_media":0,"comment_status":"open","ping_status":"open","sticky":false,"template":"","format":"standard","meta":{"_acf_changed":false,"inline_featured_image":false,"footnotes":""},"categories":[],"tags":[],"class_list":["post-111155","post","type-post","status-publish","format-standard"],"acf":[],"yoast_head":"<!-- This site is optimized with the Yoast SEO Premium plugin v24.2 (Yoast SEO v24.7) - https:\/\/yoast.com\/wordpress\/plugins\/seo\/ -->\n<title>Martes 25 de marzo- Un d\u00eda soleado de esqu\u00ed y diversi\u00f3n en Verbier - Les Elfes International Camps Switzerland<\/title>\n<meta name=\"robots\" content=\"index, follow, max-snippet:-1, max-image-preview:large, max-video-preview:-1\" \/>\n<link rel=\"canonical\" href=\"https:\/\/www.leselfes.com\/es\/martes-25-de-marzo-un-dia-soleado-de-esqui-y-diversion-en-verbier\/\" \/>\n<meta property=\"og:locale\" content=\"es_ES\" \/>\n<meta property=\"og:type\" content=\"article\" \/>\n<meta property=\"og:title\" content=\"Martes 25 de marzo- Un d\u00eda soleado de esqu\u00ed y diversi\u00f3n en Verbier\" \/>\n<meta property=\"og:description\" content=\"Hoy ha sido otro hermoso y soleado d\u00eda en Verbier. Los ni\u00f1os estaban entusiasmados esquiando esta ma\u00f1ana, corriendo por las pistas y disfrutando de cada segundo. Despu\u00e9s, han vuelto al...\" \/>\n<meta property=\"og:url\" content=\"https:\/\/www.leselfes.com\/es\/martes-25-de-marzo-un-dia-soleado-de-esqui-y-diversion-en-verbier\/\" \/>\n<meta property=\"og:site_name\" content=\"Les Elfes International Camps Switzerland\" \/>\n<meta property=\"article:publisher\" content=\"https:\/\/www.facebook.com\/LesElfesVerbier\" \/>\n<meta property=\"article:published_time\" content=\"2025-03-26T10:07:24+00:00\" \/>\n<meta property=\"og:image\" content=\"https:\/\/www.leselfes.com\/wp-content\/uploads\/2022\/02\/Les-Elfes-International-summer-camp-Switzerland-Staff-Mobile-591x555-1.jpg\" \/>\n\t<meta property=\"og:image:width\" content=\"591\" \/>\n\t<meta property=\"og:image:height\" content=\"555\" \/>\n\t<meta property=\"og:image:type\" content=\"image\/jpeg\" \/>\n<meta name=\"author\" content=\"Campus Verbier\" \/>\n<meta name=\"twitter:card\" content=\"summary_large_image\" \/>\n<meta name=\"twitter:creator\" content=\"@LesElfesCamps\" \/>\n<meta name=\"twitter:site\" content=\"@LesElfesCamps\" \/>\n<meta name=\"twitter:label1\" content=\"Escrito por\" \/>\n\t<meta name=\"twitter:data1\" content=\"Campus Verbier\" \/>\n\t<meta name=\"twitter:label2\" content=\"Tiempo de lectura\" \/>\n\t<meta name=\"twitter:data2\" content=\"1 minuto\" \/>\n<script type=\"application\/ld+json\" class=\"yoast-schema-graph\">{\"@context\":\"https:\/\/schema.org\",\"@graph\":[{\"@type\":\"Article\",\"@id\":\"https:\/\/www.leselfes.com\/es\/martes-25-de-marzo-un-dia-soleado-de-esqui-y-diversion-en-verbier\/#article\",\"isPartOf\":{\"@id\":\"https:\/\/www.leselfes.com\/es\/martes-25-de-marzo-un-dia-soleado-de-esqui-y-diversion-en-verbier\/\"},\"author\":{\"name\":\"Campus Verbier\",\"@id\":\"https:\/\/dev.leselfes.com\/#\/schema\/person\/0c0e0182d55b809c4a248ddec3679809\"},\"headline\":\"Martes 25 de marzo- Un d\u00eda soleado de esqu\u00ed y diversi\u00f3n en Verbier\",\"datePublished\":\"2025-03-26T10:07:24+00:00\",\"mainEntityOfPage\":{\"@id\":\"https:\/\/www.leselfes.com\/es\/martes-25-de-marzo-un-dia-soleado-de-esqui-y-diversion-en-verbier\/\"},\"wordCount\":178,\"commentCount\":0,\"publisher\":{\"@id\":\"https:\/\/dev.leselfes.com\/#organization\"},\"inLanguage\":\"es\",\"potentialAction\":[{\"@type\":\"CommentAction\",\"name\":\"Comment\",\"target\":[\"https:\/\/www.leselfes.com\/es\/martes-25-de-marzo-un-dia-soleado-de-esqui-y-diversion-en-verbier\/#respond\"]}]},{\"@type\":\"WebPage\",\"@id\":\"https:\/\/www.leselfes.com\/es\/martes-25-de-marzo-un-dia-soleado-de-esqui-y-diversion-en-verbier\/\",\"url\":\"https:\/\/www.leselfes.com\/es\/martes-25-de-marzo-un-dia-soleado-de-esqui-y-diversion-en-verbier\/\",\"name\":\"Martes 25 de marzo- Un d\u00eda soleado de esqu\u00ed y diversi\u00f3n en Verbier - Les Elfes International Camps Switzerland\",\"isPartOf\":{\"@id\":\"https:\/\/dev.leselfes.com\/#website\"},\"datePublished\":\"2025-03-26T10:07:24+00:00\",\"breadcrumb\":{\"@id\":\"https:\/\/www.leselfes.com\/es\/martes-25-de-marzo-un-dia-soleado-de-esqui-y-diversion-en-verbier\/#breadcrumb\"},\"inLanguage\":\"es\",\"potentialAction\":[{\"@type\":\"ReadAction\",\"target\":[\"https:\/\/www.leselfes.com\/es\/martes-25-de-marzo-un-dia-soleado-de-esqui-y-diversion-en-verbier\/\"]}]},{\"@type\":\"BreadcrumbList\",\"@id\":\"https:\/\/www.leselfes.com\/es\/martes-25-de-marzo-un-dia-soleado-de-esqui-y-diversion-en-verbier\/#breadcrumb\",\"itemListElement\":[{\"@type\":\"ListItem\",\"position\":1,\"name\":\"Home\",\"item\":\"https:\/\/www.leselfes.com\/es\/inicio\/\"},{\"@type\":\"ListItem\",\"position\":2,\"name\":\"Martes 25 de marzo- Un d\u00eda soleado de esqu\u00ed y diversi\u00f3n en Verbier\"}]},{\"@type\":\"WebSite\",\"@id\":\"https:\/\/dev.leselfes.com\/#website\",\"url\":\"https:\/\/dev.leselfes.com\/\",\"name\":\"Les Elfes International\",\"description\":\"Les Elfes International, Verbier Switzerland. Summer Camp, Winter Camp, Spring Camps.\",\"publisher\":{\"@id\":\"https:\/\/dev.leselfes.com\/#organization\"},\"alternateName\":\"Les Elfes International\",\"potentialAction\":[{\"@type\":\"SearchAction\",\"target\":{\"@type\":\"EntryPoint\",\"urlTemplate\":\"https:\/\/dev.leselfes.com\/?s={search_term_string}\"},\"query-input\":{\"@type\":\"PropertyValueSpecification\",\"valueRequired\":true,\"valueName\":\"search_term_string\"}}],\"inLanguage\":\"es\"},{\"@type\":\"Organization\",\"@id\":\"https:\/\/dev.leselfes.com\/#organization\",\"name\":\"Les Elfes International\",\"alternateName\":\"Les Elfes International\",\"url\":\"https:\/\/dev.leselfes.com\/\",\"logo\":{\"@type\":\"ImageObject\",\"inLanguage\":\"es\",\"@id\":\"https:\/\/dev.leselfes.com\/#\/schema\/logo\/image\/\",\"url\":\"https:\/\/www.leselfes.com\/wp-content\/uploads\/2022\/03\/leselfes-logo.png\",\"contentUrl\":\"https:\/\/www.leselfes.com\/wp-content\/uploads\/2022\/03\/leselfes-logo.png\",\"width\":233,\"height\":51,\"caption\":\"Les Elfes International\"},\"image\":{\"@id\":\"https:\/\/dev.leselfes.com\/#\/schema\/logo\/image\/\"},\"sameAs\":[\"https:\/\/www.facebook.com\/LesElfesVerbier\",\"https:\/\/x.com\/LesElfesCamps\",\"https:\/\/www.instagram.com\/leselfes\",\"https:\/\/www.linkedin.com\/company\/les-elfes-international\",\"https:\/\/www.youtube.com\/user\/LesElfesVerbier\"]},{\"@type\":\"Person\",\"@id\":\"https:\/\/dev.leselfes.com\/#\/schema\/person\/0c0e0182d55b809c4a248ddec3679809\",\"name\":\"Campus Verbier\",\"image\":{\"@type\":\"ImageObject\",\"inLanguage\":\"es\",\"@id\":\"https:\/\/dev.leselfes.com\/#\/schema\/person\/image\/\",\"url\":\"https:\/\/secure.gravatar.com\/avatar\/c1f89991446ba8fe831247a9fa732dfc?s=96&d=mm&r=g\",\"contentUrl\":\"https:\/\/secure.gravatar.com\/avatar\/c1f89991446ba8fe831247a9fa732dfc?s=96&d=mm&r=g\",\"caption\":\"Campus Verbier\"},\"url\":\"https:\/\/www.leselfes.com\/es\/author\/campus\/\"}]}<\/script>\n<!-- \/ Yoast SEO Premium plugin. -->","yoast_head_json":{"title":"Martes 25 de marzo- Un d\u00eda soleado de esqu\u00ed y diversi\u00f3n en Verbier - Les Elfes International Camps Switzerland","robots":{"index":"index","follow":"follow","max-snippet":"max-snippet:-1","max-image-preview":"max-image-preview:large","max-video-preview":"max-video-preview:-1"},"canonical":"https:\/\/www.leselfes.com\/es\/martes-25-de-marzo-un-dia-soleado-de-esqui-y-diversion-en-verbier\/","og_locale":"es_ES","og_type":"article","og_title":"Martes 25 de marzo- Un d\u00eda soleado de esqu\u00ed y diversi\u00f3n en Verbier","og_description":"Hoy ha sido otro hermoso y soleado d\u00eda en Verbier. Los ni\u00f1os estaban entusiasmados esquiando esta ma\u00f1ana, corriendo por las pistas y disfrutando de cada segundo. Despu\u00e9s, han vuelto al...","og_url":"https:\/\/www.leselfes.com\/es\/martes-25-de-marzo-un-dia-soleado-de-esqui-y-diversion-en-verbier\/","og_site_name":"Les Elfes International Camps Switzerland","article_publisher":"https:\/\/www.facebook.com\/LesElfesVerbier","article_published_time":"2025-03-26T10:07:24+00:00","og_image":[{"width":591,"height":555,"url":"https:\/\/www.leselfes.com\/wp-content\/uploads\/2022\/02\/Les-Elfes-International-summer-camp-Switzerland-Staff-Mobile-591x555-1.jpg","type":"image\/jpeg"}],"author":"Campus Verbier","twitter_card":"summary_large_image","twitter_creator":"@LesElfesCamps","twitter_site":"@LesElfesCamps","twitter_misc":{"Escrito por":"Campus Verbier","Tiempo de lectura":"1 minuto"},"schema":{"@context":"https:\/\/schema.org","@graph":[{"@type":"Article","@id":"https:\/\/www.leselfes.com\/es\/martes-25-de-marzo-un-dia-soleado-de-esqui-y-diversion-en-verbier\/#article","isPartOf":{"@id":"https:\/\/www.leselfes.com\/es\/martes-25-de-marzo-un-dia-soleado-de-esqui-y-diversion-en-verbier\/"},"author":{"name":"Campus Verbier","@id":"https:\/\/dev.leselfes.com\/#\/schema\/person\/0c0e0182d55b809c4a248ddec3679809"},"headline":"Martes 25 de marzo- Un d\u00eda soleado de esqu\u00ed y diversi\u00f3n en Verbier","datePublished":"2025-03-26T10:07:24+00:00","mainEntityOfPage":{"@id":"https:\/\/www.leselfes.com\/es\/martes-25-de-marzo-un-dia-soleado-de-esqui-y-diversion-en-verbier\/"},"wordCount":178,"commentCount":0,"publisher":{"@id":"https:\/\/dev.leselfes.com\/#organization"},"inLanguage":"es","potentialAction":[{"@type":"CommentAction","name":"Comment","target":["https:\/\/www.leselfes.com\/es\/martes-25-de-marzo-un-dia-soleado-de-esqui-y-diversion-en-verbier\/#respond"]}]},{"@type":"WebPage","@id":"https:\/\/www.leselfes.com\/es\/martes-25-de-marzo-un-dia-soleado-de-esqui-y-diversion-en-verbier\/","url":"https:\/\/www.leselfes.com\/es\/martes-25-de-marzo-un-dia-soleado-de-esqui-y-diversion-en-verbier\/","name":"Martes 25 de marzo- Un d\u00eda soleado de esqu\u00ed y diversi\u00f3n en Verbier - Les Elfes International Camps Switzerland","isPartOf":{"@id":"https:\/\/dev.leselfes.com\/#website"},"datePublished":"2025-03-26T10:07:24+00:00","breadcrumb":{"@id":"https:\/\/www.leselfes.com\/es\/martes-25-de-marzo-un-dia-soleado-de-esqui-y-diversion-en-verbier\/#breadcrumb"},"inLanguage":"es","potentialAction":[{"@type":"ReadAction","target":["https:\/\/www.leselfes.com\/es\/martes-25-de-marzo-un-dia-soleado-de-esqui-y-diversion-en-verbier\/"]}]},{"@type":"BreadcrumbList","@id":"https:\/\/www.leselfes.com\/es\/martes-25-de-marzo-un-dia-soleado-de-esqui-y-diversion-en-verbier\/#breadcrumb","itemListElement":[{"@type":"ListItem","position":1,"name":"Home","item":"https:\/\/www.leselfes.com\/es\/inicio\/"},{"@type":"ListItem","position":2,"name":"Martes 25 de marzo- Un d\u00eda soleado de esqu\u00ed y diversi\u00f3n en Verbier"}]},{"@type":"WebSite","@id":"https:\/\/dev.leselfes.com\/#website","url":"https:\/\/dev.leselfes.com\/","name":"Les Elfes International","description":"Les Elfes International, Verbier Switzerland. Summer Camp, Winter Camp, Spring Camps.","publisher":{"@id":"https:\/\/dev.leselfes.com\/#organization"},"alternateName":"Les Elfes International","potentialAction":[{"@type":"SearchAction","target":{"@type":"EntryPoint","urlTemplate":"https:\/\/dev.leselfes.com\/?s={search_term_string}"},"query-input":{"@type":"PropertyValueSpecification","valueRequired":true,"valueName":"search_term_string"}}],"inLanguage":"es"},{"@type":"Organization","@id":"https:\/\/dev.leselfes.com\/#organization","name":"Les Elfes International","alternateName":"Les Elfes International","url":"https:\/\/dev.leselfes.com\/","logo":{"@type":"ImageObject","inLanguage":"es","@id":"https:\/\/dev.leselfes.com\/#\/schema\/logo\/image\/","url":"https:\/\/www.leselfes.com\/wp-content\/uploads\/2022\/03\/leselfes-logo.png","contentUrl":"https:\/\/www.leselfes.com\/wp-content\/uploads\/2022\/03\/leselfes-logo.png","width":233,"height":51,"caption":"Les Elfes International"},"image":{"@id":"https:\/\/dev.leselfes.com\/#\/schema\/logo\/image\/"},"sameAs":["https:\/\/www.facebook.com\/LesElfesVerbier","https:\/\/x.com\/LesElfesCamps","https:\/\/www.instagram.com\/leselfes","https:\/\/www.linkedin.com\/company\/les-elfes-international","https:\/\/www.youtube.com\/user\/LesElfesVerbier"]},{"@type":"Person","@id":"https:\/\/dev.leselfes.com\/#\/schema\/person\/0c0e0182d55b809c4a248ddec3679809","name":"Campus Verbier","image":{"@type":"ImageObject","inLanguage":"es","@id":"https:\/\/dev.leselfes.com\/#\/schema\/person\/image\/","url":"https:\/\/secure.gravatar.com\/avatar\/c1f89991446ba8fe831247a9fa732dfc?s=96&d=mm&r=g","contentUrl":"https:\/\/secure.gravatar.com\/avatar\/c1f89991446ba8fe831247a9fa732dfc?s=96&d=mm&r=g","caption":"Campus Verbier"},"url":"https:\/\/www.leselfes.com\/es\/author\/campus\/"}]}},"_links":{"self":[{"href":"https:\/\/www.leselfes.com\/es\/wp-json\/wp\/v2\/posts\/111155"}],"collection":[{"href":"https:\/\/www.leselfes.com\/es\/wp-json\/wp\/v2\/posts"}],"about":[{"href":"https:\/\/www.leselfes.com\/es\/wp-json\/wp\/v2\/types\/post"}],"author":[{"embeddable":true,"href":"https:\/\/www.leselfes.com\/es\/wp-json\/wp\/v2\/users\/3"}],"replies":[{"embeddable":true,"href":"https:\/\/www.leselfes.com\/es\/wp-json\/wp\/v2\/comments?post=111155"}],"version-history":[{"count":0,"href":"https:\/\/www.leselfes.com\/es\/wp-json\/wp\/v2\/posts\/111155\/revisions"}],"wp:attachment":[{"href":"https:\/\/www.leselfes.com\/es\/wp-json\/wp\/v2\/media?parent=111155"}],"wp:term":[{"taxonomy":"category","embeddable":true,"href":"https:\/\/www.leselfes.com\/es\/wp-json\/wp\/v2\/categories?post=111155"},{"taxonomy":"post_tag","embeddable":true,"href":"https:\/\/www.leselfes.com\/es\/wp-json\/wp\/v2\/tags?post=111155"}],"curies":[{"name":"wp","href":"https:\/\/api.w.org\/{rel}","templated":true}]}}