{"id":90376,"date":"2016-11-23T15:46:36","date_gmt":"2016-11-23T14:46:36","guid":{"rendered":"https:\/\/www.leselfes.com\/verano-2017-nuevos-programas-de-desarrollo-personal\/"},"modified":"2024-11-12T11:44:09","modified_gmt":"2024-11-12T10:44:09","slug":"verano-2017-nuevos-programas-de-desarrollo-personal","status":"publish","type":"post","link":"https:\/\/www.leselfes.com\/es\/verano-2017-nuevos-programas-de-desarrollo-personal\/","title":{"rendered":"Verano 2017 Nuevos Programas de Desarrollo Personal"},"content":{"rendered":"<table border=\"0\" width=\"600\" cellspacing=\"0\" cellpadding=\"0\" align=\"center\">\n<tbody>\n<tr>\n<td style=\"color: #457fc1; font-size: 24px; font-family: helvetica;\">Noticias Verano 2017<\/td>\n<\/tr>\n<tr>\n<td style=\"font-size: 15px; color: #333333; font-family: helvetica;\">Tambi\u00e9n estamos aceptando reservas para el verano de 2017, con una serie de nuevos programas de desarrollo personal en oferta:\n<\/td>\n<\/tr>\n<\/tbody>\n<\/table>\n<p>&nbsp;<\/p>\n<table style=\"background-repeat:no-repeat;background-position: left center; background-size:auto 100%\" width=\"100%\" cellspacing=\"0\" cellpadding=\"0\" border=\"0\" background=\"https:\/\/www.leselfes.com\/wp-content\/uploads\/2016\/11\/img1.jpg\">\n<tbody>\n<tr>\n<td align=\"left\" valign=\"top\" height=\"30\"><\/td>\n<td style=\"font-family: Helvetica, Arial, sans-serif; font-size: 15px; line-height: 22px; color: #333333; text-align: left;\" align=\"left\" valign=\"top\"><\/td>\n<td><\/td>\n<\/tr>\n<tr>\n<td width=\"400\"><\/td>\n<td style=\"font-family: Helvetica, Arial, sans-serif; font-size: 15px; line-height: 22px; color: #333333; text-align: left;\"><\/td>\n<td style=\"background-color: rgba(255, 255, 255, 0.8); font-family: Helvetica, Arial, sans-serif; font-size: 24px; line-height: 28px; color: #457fc1; text-align: left; padding: 20px;\" height=\"250\"><a style=\"text-decoration: none;\" href=\"https:\/\/www.leselfes.com\/es\/campamento-de-verano\/\" target=\"_blank\" rel=\"noopener noreferrer\"> <span style=\"color: #457fc1; font-size: 24px;\">  Moutnain Fitness (S\u00f3lo Exlporers y Pioneros)<\/span><\/a><\/p>\n<p style=\"font-family: Helvetica, Arial, sans-serif; font-size: 15px; line-height: 22px; color: #333333;\">Utilizando los impresionantes escenarios y el entorno al aire libre de Verbier, nuestro programa diurno est\u00e1 dirigido por Entrenadores Personales profesionales.<br \/>\nEl d\u00eda incluir\u00e1 una sesi\u00f3n de circuito en estudio en la que los alumnos participar\u00e1n y disfrutar\u00e1n de sesiones de cardio\/TRX\/spin de alta intensidad con m\u00fasica a juego.<br \/>\nTambi\u00e9n se incluye una caminata de altura que incorpora yoga, Par Cours Vita y sesiones orientadas a la fuerza corporal, circuitos de peso corporal y sesiones de estiramientos de recuperaci\u00f3n activa.<br \/>\nLos alumnos tambi\u00e9n preparar\u00e1n sus propios tentempi\u00e9s y almuerzos saludables, con especial atenci\u00f3n a la educaci\u00f3n nutricional y algunas recetas para que se lleven a casa.<br \/>\nParece un trabajo duro, pero te aseguramos que se lleva a cabo con un enfoque divertido y que todos pueden aprender algo y llev\u00e1rselo a casa.    <\/p>\n<\/td>\n<\/tr>\n<tr>\n<td align=\"left\" valign=\"top\" height=\"30\"><\/td>\n<td style=\"font-family: Helvetica, Arial, sans-serif; font-size: 15px; line-height: 22px; color: #333333; text-align: left;\" align=\"left\" valign=\"top\"><\/td>\n<td>&nbsp;<\/p>\n<\/td>\n<\/tr>\n<\/tbody>\n<\/table>\n<p>&nbsp;<\/p>\n<table style=\"  background-repeat: no-repeat;background-position: right center; background-size:auto 100%\" width=\"100%\" cellspacing=\"0\" cellpadding=\"0\" border=\"0\" background=\"https:\/\/www.leselfes.com\/wp-content\/uploads\/2016\/11\/img2.jpg\">\n<tbody>\n<tr>\n<td height=\"30\"><\/td>\n<td style=\"font-family: Helvetica, Arial, sans-serif; font-size: 15px; line-height: 22px; color: #333333; text-align: left; width: 35%;\"><\/td>\n<\/tr>\n<tr>\n<td style=\"background-color: rgba(255, 255, 255, 0.8); font-family: Helvetica, Arial, sans-serif; font-size: 24px; line-height: 28px; color: #457fc1; text-align: left; padding: 20px;\" height=\"250\"><a style=\"text-decoration: none;\" href=\"https:\/\/www.leselfes.com\/es\/campamento-de-verano\/\" target=\"_blank\" rel=\"noopener noreferrer\"> <span style=\"color: #457fc1; font-size: 24px;\"><br \/>\nPrimeros auxilios  <\/span><\/a><\/p>\n<p style=\"font-family: Helvetica, Arial, sans-serif; font-size: 15px; line-height: 22px; color: #333333;\">Los alumnos pasar\u00e1n un d\u00eda con un Socorrista profesional que tiene muchos a\u00f1os de experiencia formando a adultos y ni\u00f1os en este campo.<br \/>\nLa concienciaci\u00f3n sobre los primeros auxilios es muy valiosa, y creemos que este curso tiene un valor incalculable.<br \/>\nAl final del curso, los alumnos ser\u00e1n capaces de comprender los aspectos clave de los primeros auxilios, y tendr\u00e1n la informaci\u00f3n clave necesaria para reconocer y tratar una lesi\u00f3n con confianza.<br \/>\nDesde reanimaci\u00f3n hasta asfixia, lesiones medulares o heridas, se llevar\u00e1n a cabo diversos escenarios.<br \/>\nAl finalizar, todos nuestros socorristas recibir\u00e1n un certificado de World Class Training, miembro reconocido de la Asociaci\u00f3n de Socorristas.Y tras los magn\u00edficos resultados del verano pasado, seguimos proponiendo lo siguiente para 2017;    <\/p>\n<\/td>\n<td style=\"font-family: Helvetica, Arial, sans-serif; font-size: 15px; line-height: 22px; color: #333333; text-align: left;\" width=\"400\"><\/td>\n<\/tr>\n<tr>\n<td height=\"30\"><\/td>\n<td style=\"font-family: Helvetica, Arial, sans-serif; font-size: 15px; line-height: 22px; color: #333333; text-align: left; width: 35%;\"><\/td>\n<\/tr>\n<\/tbody>\n<\/table>\n<p>&nbsp;<\/p>\n<table style=\"background-repeat:no-repeat;background-position: left center; background-size:auto 100%\" width=\"100%\" cellspacing=\"0\" cellpadding=\"0\" border=\"0\" background=\"https:\/\/www.leselfes.com\/wp-content\/uploads\/2016\/11\/img3.jpg\">\n<tbody>\n<tr>\n<td align=\"left\" valign=\"top\" height=\"30\"><\/td>\n<td style=\"font-family: Helvetica, Arial, sans-serif; font-size: 15px; line-height: 22px; color: #333333; text-align: left;\" align=\"left\" valign=\"top\"><\/td>\n<td><\/td>\n<\/tr>\n<tr>\n<td width=\"400\"><\/td>\n<td style=\"font-family: Helvetica, Arial, sans-serif; font-size: 15px; line-height: 22px; color: #333333; text-align: left;\"><\/td>\n<td style=\"background-color: rgba(255, 255, 255, 0.8); font-family: Helvetica, Arial, sans-serif; font-size: 24px; line-height: 28px; color: #457fc1; text-align: left; padding: 20px;\" height=\"250\"><a style=\"text-decoration: none;\" href=\"https:\/\/www.leselfes.com\/es\/campamento-de-verano\/\" target=\"_blank\" rel=\"noopener noreferrer\"> <span style=\"color: #457fc1; font-size: 24px;\">  Liderazgo  <\/span><\/a><\/p>\n<p style=\"font-family: Helvetica, Arial, sans-serif; font-size: 15px; line-height: 22px; color: #333333;\">  Nuestros programas de liderazgo abarcan un amplio abanico de par\u00e1metros dentro de este campo.<br \/>\nDesde las sesiones de facilitaci\u00f3n de 2-3 horas dise\u00f1adas para abordar cuestiones concretas, como las habilidades de comunicaci\u00f3n, la creaci\u00f3n de equipos y la gesti\u00f3n del estr\u00e9s, hasta los cursos residenciales de 1-2 semanas que abarcan toda la gama de programas de liderazgo y desarrollo personal de Les Elfes.<br \/>\nLos recursos para los programas incluyen juegos y rompecabezas especialmente dise\u00f1ados que a\u00edslan un \u00fanico aspecto del aprendizaje y permiten a los alumnos experimentar con habilidades en un entorno seguro y de apoyo, y luego se les gu\u00eda a trav\u00e9s de procesos reflexivos y anal\u00edticos para examinar las experiencias desde nuevas perspectivas.<br \/>\nSin embargo, nuestro recurso m\u00e1s valioso es nuestro entorno natural y nuestros nuevos cursos residenciales de liderazgo se imparten, en la medida de lo posible, dentro de este entorno natural, sumergiendo a los alumnos en el entorno, lo que profundiza el significado   <\/p>\n<\/td>\n<\/tr>\n<tr>\n<td align=\"left\" valign=\"top\" height=\"30\"><\/td>\n<td style=\"font-family: Helvetica, Arial, sans-serif; font-size: 15px; line-height: 22px; color: #333333; text-align: left;\" align=\"left\" valign=\"top\"><\/td>\n<td><\/td>\n<\/tr>\n<\/tbody>\n<\/table>\n<p>&nbsp;<\/p>\n<table style=\"  background-repeat: no-repeat;background-position: right center; background-size:auto 100%\" width=\"100%\" cellspacing=\"0\" cellpadding=\"0\" border=\"0\" background=\"https:\/\/www.leselfes.com\/wp-content\/uploads\/2016\/11\/img4.jpg\">\n<tbody>\n<tr>\n<td height=\"30\"><\/td>\n<td style=\"font-family: Helvetica, Arial, sans-serif; font-size: 15px; line-height: 22px; color: #333333; text-align: left; width: 35%;\"><\/td>\n<\/tr>\n<tr>\n<td style=\"background-color: rgba(255, 255, 255, 0.8); font-family: Helvetica, Arial, sans-serif; font-size: 24px; line-height: 28px; color: #457fc1; text-align: left; padding: 20px;\" height=\"250\"><a style=\"text-decoration: none;\" href=\"https:\/\/www.leselfes.com\/es\/campamento-de-verano\/\" target=\"_blank\" rel=\"noopener noreferrer\"><span style=\"color: #457fc1; font-size: 24px;\">Carrera profesional  <\/span><\/a><\/p>\n<p style=\"font-family: Helvetica, Arial, sans-serif; font-size: 15px; line-height: 22px; color: #333333;\">Nuestro programa de carrera combina un modelo de formaci\u00f3n de desarrollo pr\u00e1ctico con componentes dise\u00f1ados para equipar al alumno para el mundo laboral.<br \/>\nContamos con oradores invitados inspiradores para ilustrar a los alumnos sobre la gama de oportunidades y v\u00edas diferentes para alcanzar sus objetivos.<br \/>\nLos temas que se tratar\u00e1n ser\u00e1n qu\u00e9 trayectorias profesionales han elegido los alumnos actualmente y por qu\u00e9, qu\u00e9 direcci\u00f3n o campo de trabajo les interesa y, lo que es m\u00e1s importante, qu\u00e9 conjuntos de habilidades consideran que son m\u00e1s fuertes.<br \/>\nEl curso es una mezcla de clases y tareas pr\u00e1cticas al aire libre.<br \/>\nEl objetivo es que los alumnos comprendan mejor sus propios talentos y lo que hace falta para alcanzar el \u00e9xito que buscan.    <\/p>\n<\/td>\n<td style=\"font-family: Helvetica, Arial, sans-serif; font-size: 15px; line-height: 22px; color: #333333; text-align: left;\" width=\"400\"><\/td>\n<\/tr>\n<tr>\n<td height=\"30\"><\/td>\n<td style=\"font-family: Helvetica, Arial, sans-serif; font-size: 15px; line-height: 22px; color: #333333; text-align: left; width: 35%;\"><\/td>\n<\/tr>\n<\/tbody>\n<\/table>\n<p>&nbsp;<\/p>\n<table style=\"background-repeat:no-repeat;background-position: left center; background-size:auto 100%\" width=\"100%\" cellspacing=\"0\" cellpadding=\"0\" border=\"0\" background=\"https:\/\/www.leselfes.com\/wp-content\/uploads\/2016\/11\/img5.jpg\">\n<tbody>\n<tr>\n<td align=\"left\" valign=\"top\" height=\"30\"><\/td>\n<td style=\"font-family: Helvetica, Arial, sans-serif; font-size: 15px; line-height: 22px; color: #333333; text-align: left;\" align=\"left\" valign=\"top\"><\/td>\n<td><\/td>\n<\/tr>\n<tr>\n<td width=\"400\"><\/td>\n<td style=\"font-family: Helvetica, Arial, sans-serif; font-size: 15px; line-height: 22px; color: #333333; text-align: left;\"><\/td>\n<td style=\"background-color: rgba(255, 255, 255, 0.8); font-family: Helvetica, Arial, sans-serif; font-size: 24px; line-height: 28px; color: #457fc1; text-align: left; padding: 20px;\" height=\"250\"><a style=\"text-decoration: none;\" href=\"https:\/\/www.leselfes.com\/es\/campamento-de-verano\/\" target=\"_blank\" rel=\"noopener noreferrer\"> <span style=\"color: #457fc1; font-size: 24px;\">Identidad Web  <\/span><\/a><\/p>\n<p style=\"font-family: Helvetica, Arial, sans-serif; font-size: 15px; line-height: 22px; color: #333333;\">Nuestro Curso de Protecci\u00f3n Online e Identidad Web proporcionar\u00e1 a los alumnos una visi\u00f3n y comprensi\u00f3n de un aspecto de la web que no habr\u00edan tenido antes, nuestro objetivo no es alejar a los alumnos de los medios sociales ni reducir el tiempo que pasan en internet, sino c\u00f3mo ser m\u00e1s productivos, proteger tus datos y, lo que es m\u00e1s importante, proteger tu imagen personal online.<br \/>\nSt\u00e9phane Koch, cuyo amplio curr\u00edculum incluye un M\u00e1ster de Estudios Avanzados (MAS) en Investigaci\u00f3n de Delitos Econ\u00f3micos, un t\u00edtulo de Especialista en Relaciones P\u00fablicas (ISRP), el cargo de Vicepresidente de High-Tech Bridge SA (empresa especializada en Hacking \u00c9tico) impartir\u00e1 el curso a nuestros alumnos. <\/p>\n<\/td>\n<\/tr>\n<tr>\n<td align=\"left\" valign=\"top\" height=\"30\"><\/td>\n<td style=\"font-family: Helvetica, Arial, sans-serif; font-size: 15px; line-height: 22px; color: #333333; text-align: left;\" align=\"left\" valign=\"top\"><\/td>\n<td><\/td>\n<\/tr>\n<\/tbody>\n<\/table>\n<p>&nbsp;<\/p>\n<table style=\"  background-repeat: no-repeat;background-position: right center; background-size:auto 100%\" width=\"100%\" cellspacing=\"0\" cellpadding=\"0\" border=\"0\" background=\"https:\/\/www.leselfes.com\/wp-content\/uploads\/2016\/11\/img6.jpg\">\n<tbody>\n<tr>\n<td height=\"30\"><\/td>\n<td style=\"font-family: Helvetica, Arial, sans-serif; font-size: 15px; line-height: 22px; color: #333333; text-align: left; width: 35%;\"><\/td>\n<\/tr>\n<tr>\n<td style=\"background-color: rgba(255, 255, 255, 0.8); font-family: Helvetica, Arial, sans-serif; font-size: 24px; line-height: 28px; color: #457fc1; text-align: left; padding: 20px;\" height=\"250\"><a style=\"text-decoration: none;\" href=\"https:\/\/www.leselfes.com\/es\/campamento-de-verano\/\" target=\"_blank\" rel=\"noopener noreferrer\"> <span style=\"color: #457fc1; font-size: 24px;\">  Arte, Cocina, Teatro  <\/span><\/a><\/p>\n<p style=\"font-family: Helvetica, Arial, sans-serif; font-size: 15px; line-height: 22px; color: #333333;\">Para nuestros alumnos m\u00e1s j\u00f3venes ofrecemos una amplia gama de actividades dise\u00f1adas para darles la oportunidad de expresarse y explorar su talento creativo.<br \/>\nNuestro programa combina clases de arte con una escuela de arte local, talleres de cocina y preparaci\u00f3n de alimentos, sesiones de teatro e improvisaci\u00f3n y la oportunidad de hablar en p\u00fablico y hacer presentaciones en grupo para fomentar la confianza y las habilidades de trabajo en equipo. <\/p>\n<\/td>\n<td style=\"font-family: Helvetica, Arial, sans-serif; font-size: 15px; line-height: 22px; color: #333333; text-align: left;\" width=\"400\"><\/td>\n<\/tr>\n<tr>\n<td height=\"30\"><\/td>\n<td style=\"font-family: Helvetica, Arial, sans-serif; font-size: 15px; line-height: 22px; color: #333333; text-align: left; width: 35%;\"><\/td>\n<\/tr>\n<\/tbody>\n<\/table>\n<p>&nbsp;<\/p>\n","protected":false},"excerpt":{"rendered":"<p>Noticias Verano 2017 Tambi\u00e9n estamos aceptando reservas para el verano de 2017, con una serie de nuevos programas de desarrollo personal en oferta: &nbsp; Moutnain Fitness (S\u00f3lo Exlporers y Pioneros)&#8230;<\/p>\n","protected":false},"author":1,"featured_media":0,"comment_status":"closed","ping_status":"open","sticky":false,"template":"","format":"standard","meta":{"_acf_changed":false,"inline_featured_image":false,"footnotes":""},"categories":[1373,1396],"tags":[],"class_list":{"0":"post-90376","1":"post","2":"type-post","3":"status-publish","4":"format-standard","6":"category-campamento-de-verano","7":"category-noticias-es"},"acf":[],"yoast_head":"<!-- This site is optimized with the Yoast SEO Premium plugin v24.2 (Yoast SEO v24.7) - https:\/\/yoast.com\/wordpress\/plugins\/seo\/ -->\n<title>Verano 2017 Nuevos Programas de Desarrollo Personal - Les Elfes International Camps Switzerland<\/title>\n<meta name=\"robots\" content=\"index, follow, max-snippet:-1, max-image-preview:large, max-video-preview:-1\" \/>\n<link rel=\"canonical\" href=\"https:\/\/www.leselfes.com\/es\/verano-2017-nuevos-programas-de-desarrollo-personal\/\" \/>\n<meta property=\"og:locale\" content=\"es_ES\" \/>\n<meta property=\"og:type\" content=\"article\" \/>\n<meta property=\"og:title\" content=\"Verano 2017 Nuevos Programas de Desarrollo Personal\" \/>\n<meta property=\"og:description\" content=\"Noticias Verano 2017 Tambi\u00e9n estamos aceptando reservas para el verano de 2017, con una serie de nuevos programas de desarrollo personal en oferta: &nbsp; Moutnain Fitness (S\u00f3lo Exlporers y Pioneros)...\" \/>\n<meta property=\"og:url\" content=\"https:\/\/www.leselfes.com\/es\/verano-2017-nuevos-programas-de-desarrollo-personal\/\" \/>\n<meta property=\"og:site_name\" content=\"Les Elfes International Camps Switzerland\" \/>\n<meta property=\"article:publisher\" content=\"https:\/\/www.facebook.com\/LesElfesVerbier\" \/>\n<meta property=\"article:published_time\" content=\"2016-11-23T14:46:36+00:00\" \/>\n<meta property=\"article:modified_time\" content=\"2024-11-12T10:44:09+00:00\" \/>\n<meta property=\"og:image\" content=\"https:\/\/www.leselfes.com\/wp-content\/uploads\/2022\/02\/Les-Elfes-International-summer-camp-Switzerland-Staff-Mobile-591x555-1.jpg\" \/>\n\t<meta property=\"og:image:width\" content=\"591\" \/>\n\t<meta property=\"og:image:height\" content=\"555\" \/>\n\t<meta property=\"og:image:type\" content=\"image\/jpeg\" \/>\n<meta name=\"author\" content=\"lesadmin\" \/>\n<meta name=\"twitter:card\" content=\"summary_large_image\" \/>\n<meta name=\"twitter:creator\" content=\"@LesElfesCamps\" \/>\n<meta name=\"twitter:site\" content=\"@LesElfesCamps\" \/>\n<meta name=\"twitter:label1\" content=\"Escrito por\" \/>\n\t<meta name=\"twitter:data1\" content=\"lesadmin\" \/>\n\t<meta name=\"twitter:label2\" content=\"Tiempo de lectura\" \/>\n\t<meta name=\"twitter:data2\" content=\"4 minutos\" \/>\n<script type=\"application\/ld+json\" class=\"yoast-schema-graph\">{\"@context\":\"https:\/\/schema.org\",\"@graph\":[{\"@type\":\"Article\",\"@id\":\"https:\/\/www.leselfes.com\/es\/verano-2017-nuevos-programas-de-desarrollo-personal\/#article\",\"isPartOf\":{\"@id\":\"https:\/\/www.leselfes.com\/es\/verano-2017-nuevos-programas-de-desarrollo-personal\/\"},\"author\":{\"name\":\"lesadmin\",\"@id\":\"https:\/\/dev.leselfes.com\/#\/schema\/person\/407a229698868b8c603874b19f37f289\"},\"headline\":\"Verano 2017 Nuevos Programas de Desarrollo Personal\",\"datePublished\":\"2016-11-23T14:46:36+00:00\",\"dateModified\":\"2024-11-12T10:44:09+00:00\",\"mainEntityOfPage\":{\"@id\":\"https:\/\/www.leselfes.com\/es\/verano-2017-nuevos-programas-de-desarrollo-personal\/\"},\"wordCount\":832,\"publisher\":{\"@id\":\"https:\/\/dev.leselfes.com\/#organization\"},\"articleSection\":[\"Campamento de verano\",\"Noticias\"],\"inLanguage\":\"es\"},{\"@type\":\"WebPage\",\"@id\":\"https:\/\/www.leselfes.com\/es\/verano-2017-nuevos-programas-de-desarrollo-personal\/\",\"url\":\"https:\/\/www.leselfes.com\/es\/verano-2017-nuevos-programas-de-desarrollo-personal\/\",\"name\":\"Verano 2017 Nuevos Programas de Desarrollo Personal - Les Elfes International Camps Switzerland\",\"isPartOf\":{\"@id\":\"https:\/\/dev.leselfes.com\/#website\"},\"datePublished\":\"2016-11-23T14:46:36+00:00\",\"dateModified\":\"2024-11-12T10:44:09+00:00\",\"breadcrumb\":{\"@id\":\"https:\/\/www.leselfes.com\/es\/verano-2017-nuevos-programas-de-desarrollo-personal\/#breadcrumb\"},\"inLanguage\":\"es\",\"potentialAction\":[{\"@type\":\"ReadAction\",\"target\":[\"https:\/\/www.leselfes.com\/es\/verano-2017-nuevos-programas-de-desarrollo-personal\/\"]}]},{\"@type\":\"BreadcrumbList\",\"@id\":\"https:\/\/www.leselfes.com\/es\/verano-2017-nuevos-programas-de-desarrollo-personal\/#breadcrumb\",\"itemListElement\":[{\"@type\":\"ListItem\",\"position\":1,\"name\":\"Home\",\"item\":\"https:\/\/www.leselfes.com\/es\/inicio\/\"},{\"@type\":\"ListItem\",\"position\":2,\"name\":\"Verano 2017 Nuevos Programas de Desarrollo Personal\"}]},{\"@type\":\"WebSite\",\"@id\":\"https:\/\/dev.leselfes.com\/#website\",\"url\":\"https:\/\/dev.leselfes.com\/\",\"name\":\"Les Elfes International\",\"description\":\"Les Elfes International, Verbier Switzerland. Summer Camp, Winter Camp, Spring Camps.\",\"publisher\":{\"@id\":\"https:\/\/dev.leselfes.com\/#organization\"},\"alternateName\":\"Les Elfes International\",\"potentialAction\":[{\"@type\":\"SearchAction\",\"target\":{\"@type\":\"EntryPoint\",\"urlTemplate\":\"https:\/\/dev.leselfes.com\/?s={search_term_string}\"},\"query-input\":{\"@type\":\"PropertyValueSpecification\",\"valueRequired\":true,\"valueName\":\"search_term_string\"}}],\"inLanguage\":\"es\"},{\"@type\":\"Organization\",\"@id\":\"https:\/\/dev.leselfes.com\/#organization\",\"name\":\"Les Elfes International\",\"alternateName\":\"Les Elfes International\",\"url\":\"https:\/\/dev.leselfes.com\/\",\"logo\":{\"@type\":\"ImageObject\",\"inLanguage\":\"es\",\"@id\":\"https:\/\/dev.leselfes.com\/#\/schema\/logo\/image\/\",\"url\":\"https:\/\/www.leselfes.com\/wp-content\/uploads\/2022\/03\/leselfes-logo.png\",\"contentUrl\":\"https:\/\/www.leselfes.com\/wp-content\/uploads\/2022\/03\/leselfes-logo.png\",\"width\":233,\"height\":51,\"caption\":\"Les Elfes International\"},\"image\":{\"@id\":\"https:\/\/dev.leselfes.com\/#\/schema\/logo\/image\/\"},\"sameAs\":[\"https:\/\/www.facebook.com\/LesElfesVerbier\",\"https:\/\/x.com\/LesElfesCamps\",\"https:\/\/www.instagram.com\/leselfes\",\"https:\/\/www.linkedin.com\/company\/les-elfes-international\",\"https:\/\/www.youtube.com\/user\/LesElfesVerbier\"]},{\"@type\":\"Person\",\"@id\":\"https:\/\/dev.leselfes.com\/#\/schema\/person\/407a229698868b8c603874b19f37f289\",\"name\":\"lesadmin\",\"image\":{\"@type\":\"ImageObject\",\"inLanguage\":\"es\",\"@id\":\"https:\/\/dev.leselfes.com\/#\/schema\/person\/image\/\",\"url\":\"https:\/\/secure.gravatar.com\/avatar\/fdb243a028df450397b3632d862f87f6?s=96&d=mm&r=g\",\"contentUrl\":\"https:\/\/secure.gravatar.com\/avatar\/fdb243a028df450397b3632d862f87f6?s=96&d=mm&r=g\",\"caption\":\"lesadmin\"},\"url\":\"https:\/\/www.leselfes.com\/es\/author\/lesadmin\/\"}]}<\/script>\n<!-- \/ Yoast SEO Premium plugin. -->","yoast_head_json":{"title":"Verano 2017 Nuevos Programas de Desarrollo Personal - Les Elfes International Camps Switzerland","robots":{"index":"index","follow":"follow","max-snippet":"max-snippet:-1","max-image-preview":"max-image-preview:large","max-video-preview":"max-video-preview:-1"},"canonical":"https:\/\/www.leselfes.com\/es\/verano-2017-nuevos-programas-de-desarrollo-personal\/","og_locale":"es_ES","og_type":"article","og_title":"Verano 2017 Nuevos Programas de Desarrollo Personal","og_description":"Noticias Verano 2017 Tambi\u00e9n estamos aceptando reservas para el verano de 2017, con una serie de nuevos programas de desarrollo personal en oferta: &nbsp; Moutnain Fitness (S\u00f3lo Exlporers y Pioneros)...","og_url":"https:\/\/www.leselfes.com\/es\/verano-2017-nuevos-programas-de-desarrollo-personal\/","og_site_name":"Les Elfes International Camps Switzerland","article_publisher":"https:\/\/www.facebook.com\/LesElfesVerbier","article_published_time":"2016-11-23T14:46:36+00:00","article_modified_time":"2024-11-12T10:44:09+00:00","og_image":[{"width":591,"height":555,"url":"https:\/\/www.leselfes.com\/wp-content\/uploads\/2022\/02\/Les-Elfes-International-summer-camp-Switzerland-Staff-Mobile-591x555-1.jpg","type":"image\/jpeg"}],"author":"lesadmin","twitter_card":"summary_large_image","twitter_creator":"@LesElfesCamps","twitter_site":"@LesElfesCamps","twitter_misc":{"Escrito por":"lesadmin","Tiempo de lectura":"4 minutos"},"schema":{"@context":"https:\/\/schema.org","@graph":[{"@type":"Article","@id":"https:\/\/www.leselfes.com\/es\/verano-2017-nuevos-programas-de-desarrollo-personal\/#article","isPartOf":{"@id":"https:\/\/www.leselfes.com\/es\/verano-2017-nuevos-programas-de-desarrollo-personal\/"},"author":{"name":"lesadmin","@id":"https:\/\/dev.leselfes.com\/#\/schema\/person\/407a229698868b8c603874b19f37f289"},"headline":"Verano 2017 Nuevos Programas de Desarrollo Personal","datePublished":"2016-11-23T14:46:36+00:00","dateModified":"2024-11-12T10:44:09+00:00","mainEntityOfPage":{"@id":"https:\/\/www.leselfes.com\/es\/verano-2017-nuevos-programas-de-desarrollo-personal\/"},"wordCount":832,"publisher":{"@id":"https:\/\/dev.leselfes.com\/#organization"},"articleSection":["Campamento de verano","Noticias"],"inLanguage":"es"},{"@type":"WebPage","@id":"https:\/\/www.leselfes.com\/es\/verano-2017-nuevos-programas-de-desarrollo-personal\/","url":"https:\/\/www.leselfes.com\/es\/verano-2017-nuevos-programas-de-desarrollo-personal\/","name":"Verano 2017 Nuevos Programas de Desarrollo Personal - Les Elfes International Camps Switzerland","isPartOf":{"@id":"https:\/\/dev.leselfes.com\/#website"},"datePublished":"2016-11-23T14:46:36+00:00","dateModified":"2024-11-12T10:44:09+00:00","breadcrumb":{"@id":"https:\/\/www.leselfes.com\/es\/verano-2017-nuevos-programas-de-desarrollo-personal\/#breadcrumb"},"inLanguage":"es","potentialAction":[{"@type":"ReadAction","target":["https:\/\/www.leselfes.com\/es\/verano-2017-nuevos-programas-de-desarrollo-personal\/"]}]},{"@type":"BreadcrumbList","@id":"https:\/\/www.leselfes.com\/es\/verano-2017-nuevos-programas-de-desarrollo-personal\/#breadcrumb","itemListElement":[{"@type":"ListItem","position":1,"name":"Home","item":"https:\/\/www.leselfes.com\/es\/inicio\/"},{"@type":"ListItem","position":2,"name":"Verano 2017 Nuevos Programas de Desarrollo Personal"}]},{"@type":"WebSite","@id":"https:\/\/dev.leselfes.com\/#website","url":"https:\/\/dev.leselfes.com\/","name":"Les Elfes International","description":"Les Elfes International, Verbier Switzerland. Summer Camp, Winter Camp, Spring Camps.","publisher":{"@id":"https:\/\/dev.leselfes.com\/#organization"},"alternateName":"Les Elfes International","potentialAction":[{"@type":"SearchAction","target":{"@type":"EntryPoint","urlTemplate":"https:\/\/dev.leselfes.com\/?s={search_term_string}"},"query-input":{"@type":"PropertyValueSpecification","valueRequired":true,"valueName":"search_term_string"}}],"inLanguage":"es"},{"@type":"Organization","@id":"https:\/\/dev.leselfes.com\/#organization","name":"Les Elfes International","alternateName":"Les Elfes International","url":"https:\/\/dev.leselfes.com\/","logo":{"@type":"ImageObject","inLanguage":"es","@id":"https:\/\/dev.leselfes.com\/#\/schema\/logo\/image\/","url":"https:\/\/www.leselfes.com\/wp-content\/uploads\/2022\/03\/leselfes-logo.png","contentUrl":"https:\/\/www.leselfes.com\/wp-content\/uploads\/2022\/03\/leselfes-logo.png","width":233,"height":51,"caption":"Les Elfes International"},"image":{"@id":"https:\/\/dev.leselfes.com\/#\/schema\/logo\/image\/"},"sameAs":["https:\/\/www.facebook.com\/LesElfesVerbier","https:\/\/x.com\/LesElfesCamps","https:\/\/www.instagram.com\/leselfes","https:\/\/www.linkedin.com\/company\/les-elfes-international","https:\/\/www.youtube.com\/user\/LesElfesVerbier"]},{"@type":"Person","@id":"https:\/\/dev.leselfes.com\/#\/schema\/person\/407a229698868b8c603874b19f37f289","name":"lesadmin","image":{"@type":"ImageObject","inLanguage":"es","@id":"https:\/\/dev.leselfes.com\/#\/schema\/person\/image\/","url":"https:\/\/secure.gravatar.com\/avatar\/fdb243a028df450397b3632d862f87f6?s=96&d=mm&r=g","contentUrl":"https:\/\/secure.gravatar.com\/avatar\/fdb243a028df450397b3632d862f87f6?s=96&d=mm&r=g","caption":"lesadmin"},"url":"https:\/\/www.leselfes.com\/es\/author\/lesadmin\/"}]}},"_links":{"self":[{"href":"https:\/\/www.leselfes.com\/es\/wp-json\/wp\/v2\/posts\/90376"}],"collection":[{"href":"https:\/\/www.leselfes.com\/es\/wp-json\/wp\/v2\/posts"}],"about":[{"href":"https:\/\/www.leselfes.com\/es\/wp-json\/wp\/v2\/types\/post"}],"author":[{"embeddable":true,"href":"https:\/\/www.leselfes.com\/es\/wp-json\/wp\/v2\/users\/1"}],"replies":[{"embeddable":true,"href":"https:\/\/www.leselfes.com\/es\/wp-json\/wp\/v2\/comments?post=90376"}],"version-history":[{"count":0,"href":"https:\/\/www.leselfes.com\/es\/wp-json\/wp\/v2\/posts\/90376\/revisions"}],"wp:attachment":[{"href":"https:\/\/www.leselfes.com\/es\/wp-json\/wp\/v2\/media?parent=90376"}],"wp:term":[{"taxonomy":"category","embeddable":true,"href":"https:\/\/www.leselfes.com\/es\/wp-json\/wp\/v2\/categories?post=90376"},{"taxonomy":"post_tag","embeddable":true,"href":"https:\/\/www.leselfes.com\/es\/wp-json\/wp\/v2\/tags?post=90376"}],"curies":[{"name":"wp","href":"https:\/\/api.w.org\/{rel}","templated":true}]}}