{"id":90379,"date":"2016-10-20T10:48:38","date_gmt":"2016-10-20T08:48:38","guid":{"rendered":"https:\/\/www.leselfes.com\/eventos-especiales-y-celebraciones-de-invierno\/"},"modified":"2024-11-12T11:44:13","modified_gmt":"2024-11-12T10:44:13","slug":"eventos-especiales-y-celebraciones-de-invierno","status":"publish","type":"post","link":"https:\/\/www.leselfes.com\/es\/eventos-especiales-y-celebraciones-de-invierno\/","title":{"rendered":"Eventos especiales y celebraciones de invierno"},"content":{"rendered":"<p><span style=\"color: #457fc1; font-family: Helvetica, Arial, sans-serif; font-size: 24px;\">Estimados todos,<\/span><\/p>\n<p>Os escribo con buenas noticias, hay mucho que celebrar en los pr\u00f3ximos meses, as\u00ed que seguid leyendo.<\/p>\n<table style=\"height: 36px;\" border=\"0\" width=\"5\" cellspacing=\"0\" cellpadding=\"0\">\n<tbody>\n<tr>\n<td style=\"font-family: Helvetica, Arial, sans-serif; font-size: 15px; line-height: 22px; color: #333333; text-align: left; padding-top: 4px; width: 5%;\"><\/td>\n<td style=\"font-family: Helvetica, Arial, sans-serif; font-size: 24px; line-height: 28px; color: #457fc1; text-align: left; padding-right: 20px; width: 55%;\"><\/td>\n<td style=\"font-family: Helvetica, Arial, sans-serif; font-size: 15px; line-height: 22px; color: #333333; text-align: left; width: 35%;\"><\/td>\n<td style=\"font-family: Helvetica, Arial, sans-serif; font-size: 15px; line-height: 22px; color: #333333; text-align: left; padding-top: 4px; width: 5%;\"><\/td>\n<\/tr>\n<\/tbody>\n<\/table>\n<p><a style=\"text-decoration: none;\" href=\"https:\/\/www.leselfes.com\/es\/campamento-de-invierno\/\" target=\"_blank\" rel=\"noopener noreferrer\"><span style=\"color: #457fc1; font-size: 24px;\">Primera nevada&#8230;<\/span><\/a><\/p>\n<p style=\"font-family: Helvetica, Arial, sans-serif; font-size: 15px; line-height: 22px; color: #333333;\"><span style=\"font-family: Helvetica, Arial, sans-serif; font-size: 15px; line-height: 22px; color: #333333;\">Para muchos de los habitantes de esta peque\u00f1a estaci\u00f3n alpina, el comienzo de la temporada de invierno es sin duda la parte m\u00e1s emocionante del a\u00f1o, y Les Elfes Verbier no es una excepci\u00f3n. A medida que se desvanecen los recuerdos de un verano y un oto\u00f1o brillantes, miramos hacia delante con impaciencia, el fr\u00edo invernal empieza a entrar, las monta\u00f1as est\u00e1n crujientes y el aire es fresco, uno apenas puede creer lo r\u00e1pido que llegan estas estaciones heladas. El paisaje cambia su tonalidad de verde a naranja y pronto las primeras nevadas espolvorear\u00e1n las cumbres a lo largo y ancho, en fin, basta ya de lecciones de georgraf\u00eda.<br \/>\n<\/span><\/p>\n<p><span style=\"font-family: Helvetica, Arial, sans-serif; font-size: 24px; line-height: 28px; color: #457fc1; text-align: left; width: 100%;\"><br \/>\nPronto llegar\u00e1 el invierno<\/span><\/p>\n<p><span style=\"font-family: Helvetica, Arial, sans-serif; font-size: 15px; line-height: 22px; color: #333333;\">Este invierno nuestras sesiones comienzan el 3 de diciembre y los alumnos pueden elegir entre sesiones de una o dos semanas, los detalles est\u00e1n en nuestra p\u00e1gina web.<br \/>\nLa semana de Navidad es algo verdaderamente especial en el campamento, con la comunidad internacional que tenemos involucr\u00e1ndose en el ambiente positivo.<br \/>\nTanto si celebras la Navidad como si no, esquiando y practicando snowboard en los m\u00e1s de 300 km de pistas del Valle de los 4, o con excursiones al mercado navide\u00f1o de Montreux, hay mucha diversi\u00f3n por delante.  <\/span><\/p>\n<p><span style=\"color: #457fc1; font-size: 24px;\">Sesiones especiales de A\u00f1o Nuevo<br \/>\n<\/span><span style=\"font-family: Helvetica, Arial, sans-serif; font-size: 15px; line-height: 22px; color: #333333;\">El A\u00f1o Nuevo es igual de divertido, la estaci\u00f3n se llena de gente de todo el mundo y, por supuesto, de los preceptivos fuegos artificiales.<br \/>\nVerbier tiene un aire cosmopolita \u00fanico, que se refleja en el esp\u00edritu festivo de Les Elfes. <\/span><\/p>\n<p><span style=\"color: #457fc1; font-size: 24px;\">Ambiente internacional<br \/>\n<\/span> <span style=\"font-family: Helvetica, Arial, sans-serif; font-size: 15px; line-height: 22px; color: #333333;\">Es el ambiente internacional de Les Elfes lo que hace que el campamento sea un lugar tan especial. Para los j\u00f3venes es una experiencia realmente significativa viajar lejos de casa y pasar tiempo con nuevos amigos de todo el mundo. Nuestros alumnos acuden a nosotros con la esperanza de mejorar sus idiomas, aprender nuevas t\u00e9cnicas de esqu\u00ed o snowboard, pero son las amistades que se llevan a casa las que realmente dan forma a su estancia con nosotros. Nuestros cursos de idiomas, <a href=\"https:\/\/www.leselfes.com\/es\/campamento-de-invierno\/\">programas de esqu\u00ed y snowboard<\/a> e incluso nuestras actividades nocturnas apoyan nuestro modelo de campamento de integraci\u00f3n para todas las edades y etnias, lo que permite a nuestros alumnos beneficiarse de un crisol de variedad cultural y crear v\u00ednculos que durar\u00e1n toda la vida.<br \/>\n<\/span><\/p>\n","protected":false},"excerpt":{"rendered":"<p>Estimados todos, Os escribo con buenas noticias, hay mucho que celebrar en los pr\u00f3ximos meses, as\u00ed que seguid leyendo. Primera nevada&#8230; Para muchos de los habitantes de esta peque\u00f1a estaci\u00f3n&#8230;<\/p>\n","protected":false},"author":1,"featured_media":0,"comment_status":"closed","ping_status":"open","sticky":false,"template":"","format":"standard","meta":{"_acf_changed":false,"inline_featured_image":false,"footnotes":""},"categories":[1367,1396],"tags":[],"class_list":{"0":"post-90379","1":"post","2":"type-post","3":"status-publish","4":"format-standard","6":"category-campamento-de-invierno","7":"category-noticias-es"},"acf":[],"yoast_head":"<!-- This site is optimized with the Yoast SEO Premium plugin v24.2 (Yoast SEO v24.7) - https:\/\/yoast.com\/wordpress\/plugins\/seo\/ -->\n<title>Eventos especiales y celebraciones de invierno - Les Elfes International Camps Switzerland<\/title>\n<meta name=\"robots\" content=\"index, follow, max-snippet:-1, max-image-preview:large, max-video-preview:-1\" \/>\n<link rel=\"canonical\" href=\"https:\/\/www.leselfes.com\/es\/eventos-especiales-y-celebraciones-de-invierno\/\" \/>\n<meta property=\"og:locale\" content=\"es_ES\" \/>\n<meta property=\"og:type\" content=\"article\" \/>\n<meta property=\"og:title\" content=\"Eventos especiales y celebraciones de invierno\" \/>\n<meta property=\"og:description\" content=\"Estimados todos, Os escribo con buenas noticias, hay mucho que celebrar en los pr\u00f3ximos meses, as\u00ed que seguid leyendo. Primera nevada&#8230; Para muchos de los habitantes de esta peque\u00f1a estaci\u00f3n...\" \/>\n<meta property=\"og:url\" content=\"https:\/\/www.leselfes.com\/es\/eventos-especiales-y-celebraciones-de-invierno\/\" \/>\n<meta property=\"og:site_name\" content=\"Les Elfes International Camps Switzerland\" \/>\n<meta property=\"article:publisher\" content=\"https:\/\/www.facebook.com\/LesElfesVerbier\" \/>\n<meta property=\"article:published_time\" content=\"2016-10-20T08:48:38+00:00\" \/>\n<meta property=\"article:modified_time\" content=\"2024-11-12T10:44:13+00:00\" \/>\n<meta property=\"og:image\" content=\"https:\/\/www.leselfes.com\/wp-content\/uploads\/2022\/02\/Les-Elfes-International-summer-camp-Switzerland-Staff-Mobile-591x555-1.jpg\" \/>\n\t<meta property=\"og:image:width\" content=\"591\" \/>\n\t<meta property=\"og:image:height\" content=\"555\" \/>\n\t<meta property=\"og:image:type\" content=\"image\/jpeg\" \/>\n<meta name=\"author\" content=\"lesadmin\" \/>\n<meta name=\"twitter:card\" content=\"summary_large_image\" \/>\n<meta name=\"twitter:creator\" content=\"@LesElfesCamps\" \/>\n<meta name=\"twitter:site\" content=\"@LesElfesCamps\" \/>\n<meta name=\"twitter:label1\" content=\"Escrito por\" \/>\n\t<meta name=\"twitter:data1\" content=\"lesadmin\" \/>\n\t<meta name=\"twitter:label2\" content=\"Tiempo de lectura\" \/>\n\t<meta name=\"twitter:data2\" content=\"2 minutos\" \/>\n<script type=\"application\/ld+json\" class=\"yoast-schema-graph\">{\"@context\":\"https:\/\/schema.org\",\"@graph\":[{\"@type\":\"Article\",\"@id\":\"https:\/\/www.leselfes.com\/es\/eventos-especiales-y-celebraciones-de-invierno\/#article\",\"isPartOf\":{\"@id\":\"https:\/\/www.leselfes.com\/es\/eventos-especiales-y-celebraciones-de-invierno\/\"},\"author\":{\"name\":\"lesadmin\",\"@id\":\"https:\/\/dev.leselfes.com\/#\/schema\/person\/407a229698868b8c603874b19f37f289\"},\"headline\":\"Eventos especiales y celebraciones de invierno\",\"datePublished\":\"2016-10-20T08:48:38+00:00\",\"dateModified\":\"2024-11-12T10:44:13+00:00\",\"mainEntityOfPage\":{\"@id\":\"https:\/\/www.leselfes.com\/es\/eventos-especiales-y-celebraciones-de-invierno\/\"},\"wordCount\":427,\"publisher\":{\"@id\":\"https:\/\/dev.leselfes.com\/#organization\"},\"articleSection\":[\"Campamento de invierno\",\"Noticias\"],\"inLanguage\":\"es\"},{\"@type\":\"WebPage\",\"@id\":\"https:\/\/www.leselfes.com\/es\/eventos-especiales-y-celebraciones-de-invierno\/\",\"url\":\"https:\/\/www.leselfes.com\/es\/eventos-especiales-y-celebraciones-de-invierno\/\",\"name\":\"Eventos especiales y celebraciones de invierno - Les Elfes International Camps Switzerland\",\"isPartOf\":{\"@id\":\"https:\/\/dev.leselfes.com\/#website\"},\"datePublished\":\"2016-10-20T08:48:38+00:00\",\"dateModified\":\"2024-11-12T10:44:13+00:00\",\"breadcrumb\":{\"@id\":\"https:\/\/www.leselfes.com\/es\/eventos-especiales-y-celebraciones-de-invierno\/#breadcrumb\"},\"inLanguage\":\"es\",\"potentialAction\":[{\"@type\":\"ReadAction\",\"target\":[\"https:\/\/www.leselfes.com\/es\/eventos-especiales-y-celebraciones-de-invierno\/\"]}]},{\"@type\":\"BreadcrumbList\",\"@id\":\"https:\/\/www.leselfes.com\/es\/eventos-especiales-y-celebraciones-de-invierno\/#breadcrumb\",\"itemListElement\":[{\"@type\":\"ListItem\",\"position\":1,\"name\":\"Home\",\"item\":\"https:\/\/www.leselfes.com\/es\/inicio\/\"},{\"@type\":\"ListItem\",\"position\":2,\"name\":\"Eventos especiales y celebraciones de invierno\"}]},{\"@type\":\"WebSite\",\"@id\":\"https:\/\/dev.leselfes.com\/#website\",\"url\":\"https:\/\/dev.leselfes.com\/\",\"name\":\"Les Elfes International\",\"description\":\"Les Elfes International, Verbier Switzerland. Summer Camp, Winter Camp, Spring Camps.\",\"publisher\":{\"@id\":\"https:\/\/dev.leselfes.com\/#organization\"},\"alternateName\":\"Les Elfes International\",\"potentialAction\":[{\"@type\":\"SearchAction\",\"target\":{\"@type\":\"EntryPoint\",\"urlTemplate\":\"https:\/\/dev.leselfes.com\/?s={search_term_string}\"},\"query-input\":{\"@type\":\"PropertyValueSpecification\",\"valueRequired\":true,\"valueName\":\"search_term_string\"}}],\"inLanguage\":\"es\"},{\"@type\":\"Organization\",\"@id\":\"https:\/\/dev.leselfes.com\/#organization\",\"name\":\"Les Elfes International\",\"alternateName\":\"Les Elfes International\",\"url\":\"https:\/\/dev.leselfes.com\/\",\"logo\":{\"@type\":\"ImageObject\",\"inLanguage\":\"es\",\"@id\":\"https:\/\/dev.leselfes.com\/#\/schema\/logo\/image\/\",\"url\":\"https:\/\/www.leselfes.com\/wp-content\/uploads\/2022\/03\/leselfes-logo.png\",\"contentUrl\":\"https:\/\/www.leselfes.com\/wp-content\/uploads\/2022\/03\/leselfes-logo.png\",\"width\":233,\"height\":51,\"caption\":\"Les Elfes International\"},\"image\":{\"@id\":\"https:\/\/dev.leselfes.com\/#\/schema\/logo\/image\/\"},\"sameAs\":[\"https:\/\/www.facebook.com\/LesElfesVerbier\",\"https:\/\/x.com\/LesElfesCamps\",\"https:\/\/www.instagram.com\/leselfes\",\"https:\/\/www.linkedin.com\/company\/les-elfes-international\",\"https:\/\/www.youtube.com\/user\/LesElfesVerbier\"]},{\"@type\":\"Person\",\"@id\":\"https:\/\/dev.leselfes.com\/#\/schema\/person\/407a229698868b8c603874b19f37f289\",\"name\":\"lesadmin\",\"image\":{\"@type\":\"ImageObject\",\"inLanguage\":\"es\",\"@id\":\"https:\/\/dev.leselfes.com\/#\/schema\/person\/image\/\",\"url\":\"https:\/\/secure.gravatar.com\/avatar\/fdb243a028df450397b3632d862f87f6?s=96&d=mm&r=g\",\"contentUrl\":\"https:\/\/secure.gravatar.com\/avatar\/fdb243a028df450397b3632d862f87f6?s=96&d=mm&r=g\",\"caption\":\"lesadmin\"},\"url\":\"https:\/\/www.leselfes.com\/es\/author\/lesadmin\/\"}]}<\/script>\n<!-- \/ Yoast SEO Premium plugin. -->","yoast_head_json":{"title":"Eventos especiales y celebraciones de invierno - Les Elfes International Camps Switzerland","robots":{"index":"index","follow":"follow","max-snippet":"max-snippet:-1","max-image-preview":"max-image-preview:large","max-video-preview":"max-video-preview:-1"},"canonical":"https:\/\/www.leselfes.com\/es\/eventos-especiales-y-celebraciones-de-invierno\/","og_locale":"es_ES","og_type":"article","og_title":"Eventos especiales y celebraciones de invierno","og_description":"Estimados todos, Os escribo con buenas noticias, hay mucho que celebrar en los pr\u00f3ximos meses, as\u00ed que seguid leyendo. Primera nevada&#8230; Para muchos de los habitantes de esta peque\u00f1a estaci\u00f3n...","og_url":"https:\/\/www.leselfes.com\/es\/eventos-especiales-y-celebraciones-de-invierno\/","og_site_name":"Les Elfes International Camps Switzerland","article_publisher":"https:\/\/www.facebook.com\/LesElfesVerbier","article_published_time":"2016-10-20T08:48:38+00:00","article_modified_time":"2024-11-12T10:44:13+00:00","og_image":[{"width":591,"height":555,"url":"https:\/\/www.leselfes.com\/wp-content\/uploads\/2022\/02\/Les-Elfes-International-summer-camp-Switzerland-Staff-Mobile-591x555-1.jpg","type":"image\/jpeg"}],"author":"lesadmin","twitter_card":"summary_large_image","twitter_creator":"@LesElfesCamps","twitter_site":"@LesElfesCamps","twitter_misc":{"Escrito por":"lesadmin","Tiempo de lectura":"2 minutos"},"schema":{"@context":"https:\/\/schema.org","@graph":[{"@type":"Article","@id":"https:\/\/www.leselfes.com\/es\/eventos-especiales-y-celebraciones-de-invierno\/#article","isPartOf":{"@id":"https:\/\/www.leselfes.com\/es\/eventos-especiales-y-celebraciones-de-invierno\/"},"author":{"name":"lesadmin","@id":"https:\/\/dev.leselfes.com\/#\/schema\/person\/407a229698868b8c603874b19f37f289"},"headline":"Eventos especiales y celebraciones de invierno","datePublished":"2016-10-20T08:48:38+00:00","dateModified":"2024-11-12T10:44:13+00:00","mainEntityOfPage":{"@id":"https:\/\/www.leselfes.com\/es\/eventos-especiales-y-celebraciones-de-invierno\/"},"wordCount":427,"publisher":{"@id":"https:\/\/dev.leselfes.com\/#organization"},"articleSection":["Campamento de invierno","Noticias"],"inLanguage":"es"},{"@type":"WebPage","@id":"https:\/\/www.leselfes.com\/es\/eventos-especiales-y-celebraciones-de-invierno\/","url":"https:\/\/www.leselfes.com\/es\/eventos-especiales-y-celebraciones-de-invierno\/","name":"Eventos especiales y celebraciones de invierno - Les Elfes International Camps Switzerland","isPartOf":{"@id":"https:\/\/dev.leselfes.com\/#website"},"datePublished":"2016-10-20T08:48:38+00:00","dateModified":"2024-11-12T10:44:13+00:00","breadcrumb":{"@id":"https:\/\/www.leselfes.com\/es\/eventos-especiales-y-celebraciones-de-invierno\/#breadcrumb"},"inLanguage":"es","potentialAction":[{"@type":"ReadAction","target":["https:\/\/www.leselfes.com\/es\/eventos-especiales-y-celebraciones-de-invierno\/"]}]},{"@type":"BreadcrumbList","@id":"https:\/\/www.leselfes.com\/es\/eventos-especiales-y-celebraciones-de-invierno\/#breadcrumb","itemListElement":[{"@type":"ListItem","position":1,"name":"Home","item":"https:\/\/www.leselfes.com\/es\/inicio\/"},{"@type":"ListItem","position":2,"name":"Eventos especiales y celebraciones de invierno"}]},{"@type":"WebSite","@id":"https:\/\/dev.leselfes.com\/#website","url":"https:\/\/dev.leselfes.com\/","name":"Les Elfes International","description":"Les Elfes International, Verbier Switzerland. Summer Camp, Winter Camp, Spring Camps.","publisher":{"@id":"https:\/\/dev.leselfes.com\/#organization"},"alternateName":"Les Elfes International","potentialAction":[{"@type":"SearchAction","target":{"@type":"EntryPoint","urlTemplate":"https:\/\/dev.leselfes.com\/?s={search_term_string}"},"query-input":{"@type":"PropertyValueSpecification","valueRequired":true,"valueName":"search_term_string"}}],"inLanguage":"es"},{"@type":"Organization","@id":"https:\/\/dev.leselfes.com\/#organization","name":"Les Elfes International","alternateName":"Les Elfes International","url":"https:\/\/dev.leselfes.com\/","logo":{"@type":"ImageObject","inLanguage":"es","@id":"https:\/\/dev.leselfes.com\/#\/schema\/logo\/image\/","url":"https:\/\/www.leselfes.com\/wp-content\/uploads\/2022\/03\/leselfes-logo.png","contentUrl":"https:\/\/www.leselfes.com\/wp-content\/uploads\/2022\/03\/leselfes-logo.png","width":233,"height":51,"caption":"Les Elfes International"},"image":{"@id":"https:\/\/dev.leselfes.com\/#\/schema\/logo\/image\/"},"sameAs":["https:\/\/www.facebook.com\/LesElfesVerbier","https:\/\/x.com\/LesElfesCamps","https:\/\/www.instagram.com\/leselfes","https:\/\/www.linkedin.com\/company\/les-elfes-international","https:\/\/www.youtube.com\/user\/LesElfesVerbier"]},{"@type":"Person","@id":"https:\/\/dev.leselfes.com\/#\/schema\/person\/407a229698868b8c603874b19f37f289","name":"lesadmin","image":{"@type":"ImageObject","inLanguage":"es","@id":"https:\/\/dev.leselfes.com\/#\/schema\/person\/image\/","url":"https:\/\/secure.gravatar.com\/avatar\/fdb243a028df450397b3632d862f87f6?s=96&d=mm&r=g","contentUrl":"https:\/\/secure.gravatar.com\/avatar\/fdb243a028df450397b3632d862f87f6?s=96&d=mm&r=g","caption":"lesadmin"},"url":"https:\/\/www.leselfes.com\/es\/author\/lesadmin\/"}]}},"_links":{"self":[{"href":"https:\/\/www.leselfes.com\/es\/wp-json\/wp\/v2\/posts\/90379"}],"collection":[{"href":"https:\/\/www.leselfes.com\/es\/wp-json\/wp\/v2\/posts"}],"about":[{"href":"https:\/\/www.leselfes.com\/es\/wp-json\/wp\/v2\/types\/post"}],"author":[{"embeddable":true,"href":"https:\/\/www.leselfes.com\/es\/wp-json\/wp\/v2\/users\/1"}],"replies":[{"embeddable":true,"href":"https:\/\/www.leselfes.com\/es\/wp-json\/wp\/v2\/comments?post=90379"}],"version-history":[{"count":0,"href":"https:\/\/www.leselfes.com\/es\/wp-json\/wp\/v2\/posts\/90379\/revisions"}],"wp:attachment":[{"href":"https:\/\/www.leselfes.com\/es\/wp-json\/wp\/v2\/media?parent=90379"}],"wp:term":[{"taxonomy":"category","embeddable":true,"href":"https:\/\/www.leselfes.com\/es\/wp-json\/wp\/v2\/categories?post=90379"},{"taxonomy":"post_tag","embeddable":true,"href":"https:\/\/www.leselfes.com\/es\/wp-json\/wp\/v2\/tags?post=90379"}],"curies":[{"name":"wp","href":"https:\/\/api.w.org\/{rel}","templated":true}]}}