{"id":90403,"date":"2016-04-19T15:59:30","date_gmt":"2016-04-19T13:59:30","guid":{"rendered":"https:\/\/www.leselfes.com\/nuevas-clases-de-etiqueta-verano-2016\/"},"modified":"2024-11-12T11:44:27","modified_gmt":"2024-11-12T10:44:27","slug":"nuevas-clases-de-etiqueta-verano-2016","status":"publish","type":"post","link":"https:\/\/www.leselfes.com\/es\/nuevas-clases-de-etiqueta-verano-2016\/","title":{"rendered":"Nuevas Clases de Etiqueta Verano 2016"},"content":{"rendered":"<h2>Queridos campistas, padres y amigos,<\/h2>\n<p>En Les Elfes tenemos grandes expectativas para nuestros alumnos y nos esforzamos para que puedan sacar el m\u00e1ximo partido de su tiempo con nosotros. Una parte importante de la experiencia que ofrecemos es el ambiente \u00abfamiliar\u00bb que se respira en nuestro campamento. Ofrecemos programas diferentes para cada grupo de edad, pero en nuestro campus la forma en que se combinan los grupos durante las comidas y algunas actividades significa que todos nuestros estudiantes, independientemente de su grupo de edad, forman parte de un equipo de apoyo m\u00e1s grande que se cuida mutuamente y comparte sus historias juntos al final del d\u00eda. No es de extra\u00f1ar, por tanto, que para muchos estudiantes \u00e9ste sea un entorno nuevo, y que el mero hecho de estar lejos de casa y formar parte de un grupo m\u00e1s grande sea un concepto nuevo, y para muchos estar fuera de su propia cultura y pa\u00eds sea tambi\u00e9n un cap\u00edtulo nuevo. Por ello, estamos orgullosos de haber conceptualizado las clases de Etiqueta en Les Elfes. Comprender c\u00f3mo sentirse seguro de s\u00ed mismo y confiado en una serie de entornos, especialmente lejos de los padres en una nueva parte del mundo, es algo de lo que creemos que muchos de nuestros alumnos pueden beneficiarse. En colaboraci\u00f3n con el Chalet D&#8217;Adrien, un lujoso hotel Relais Chateaux de 5 estrellas en Verbier con un restaurante gourmet sencillamente impresionante, los alumnos pasar\u00e1n tiempo aprendiendo y poniendo en pr\u00e1ctica una serie de temas, como sentarse correctamente, modales en la mesa, etc. Los modales no cuestan nada, como dice el refr\u00e1n, y m\u00e1s que nunca los ni\u00f1os son examinados, calificados y evaluados desde edades tempranas.<\/p>\n<h2>CLASES DE ETIQUETA VERANO 2016<\/h2>\n<h2><strong>Nuestro curso de Etiqueta se imparte una vez por sesi\u00f3n:<\/strong><\/h2>\n<p>Estos talleres din\u00e1micos e interactivos permitir\u00e1n a nuestros estudiantes desarrollar una caja de herramientas de habilidades de trabajo en equipo que les ayudar\u00e1 a construir relaciones maduras y duraderas con amigos y compa\u00f1eros, crear soluciones imaginativas y complejas a los problemas y centrarse en su Inteligencia Emocional utilizando teor\u00edas y pr\u00e1cticas de una serie de acad\u00e9micos en el campo del aprendizaje experimental.<\/p>\n<p><strong>El curso durar\u00e1 unas 6 horas y se dividir\u00e1 en dos secciones:<\/strong><\/p>\n<h2>APRENDIZAJE DURANTE EL ALMUERZO<\/h2>\n<p>En colaboraci\u00f3n con <a href=\"https:\/\/chalet-adrien.com\/en\/\" target=\"_blank\" rel=\"noopener noreferrer\">el Chalet D&#8217;Adrien<\/a>, un lujoso hotel Relais Chateaux de 5 estrellas de Verbier con un restaurante gourmet sencillamente impresionante. Los alumnos pasar\u00e1n tiempo aprendiendo y poniendo en pr\u00e1ctica una serie de temas, como sentarse correctamente, modales en la mesa, colocaci\u00f3n de la mesa, colocaci\u00f3n de los cubiertos, lo que se debe y no se debe hacer al comer, c\u00f3mo interactuar con los camareros y muchos m\u00e1s. Aunque muchos de nosotros damos por sentados estos temas, para muchos puede resultar bastante desalentador, con nuestra ayuda y orientaci\u00f3n, creemos que los alumnos abordar\u00e1n estas situaciones con una confianza y un entusiasmo reci\u00e9n descubiertos. Aprender\u00e1n modales en la mesa, modales en casa, modales en la calle, honestidad, integridad, juegos de rol y ejercicios, materiales multimedia y planes de lecciones completos para que los alumnos aprendan el valor del comportamiento adecuado, el respeto por s\u00ed mismos y la confianza en s\u00ed mismos, todo ello divirti\u00e9ndose.<\/p>\n<h2>MODALES, RESPETO, DIVERSI\u00d3N<\/h2>\n<p>Los modales no cuestan nada, como dice el refr\u00e1n, y m\u00e1s que nunca los ni\u00f1os son examinados, calificados, evaluados desde edades tempranas. Los modales y el decoro son cada vez m\u00e1s importantes. Los alumnos aprender\u00e1n el valor del comportamiento adecuado, el poder del por favor y el gracias, los modales en p\u00fablico, a hablar con los adultos, el contacto visual, a mantenerse erguidos y a entablar conversaciones triviales. Con nuestra divertida clase interactiva, los alumnos llevar\u00e1n a cabo escenarios de juegos de rol en los que podr\u00e1n presentar su mejor cara y aprovechar al m\u00e1ximo las oportunidades que se les presenten. Estar preparado para el \u00e9xito en la econom\u00eda global del siglo XXI, en una variedad de situaciones es crucial, con este curso divertido e interactivo, los estudiantes pueden desarrollar habilidades importantes, modales, ser m\u00e1s complacientes con los dem\u00e1s y llegar a ser impresionables por todas las razones correctas. S\u00f3lo nos quedan unos d\u00edas de nuestra temporada de invierno aqu\u00ed y tanto si viajas para visitarnos para esquiar en primavera como para realizar actividades de aventura en este campamento de verano, esperamos tener un gran viaje juntos. A quienes ya nos han visitado este invierno, gracias por una temporada fant\u00e1stica. <\/p>\n<h2>El Chalet d&#8217;Adrien<br \/>\nRelais &amp; Ch\u00e2teaux, <a href=\"http:\/\/www.chalet-adrien.ch\/\" target=\"_blank\" rel=\"noopener noreferrer\">hotel de 5 estrellas en Verbier<\/a><\/h2>\n<p>Este hotel ofrece propuestas personalizadas de estancia a todos los padres que deseen acompa\u00f1ar a sus hijos al campus internacional de vacaciones \u00abLes Elfes\u00bb.<\/p>\n<p><strong><a href=\"http:\/\/www.chalet-adrien.ch\/\" target=\"_blank\" rel=\"noopener noreferrer\">Visita su sitio web<\/a><\/strong><\/p>\n","protected":false},"excerpt":{"rendered":"<p>Queridos campistas, padres y amigos, En Les Elfes tenemos grandes expectativas para nuestros alumnos y nos esforzamos para que puedan sacar el m\u00e1ximo partido de su tiempo con nosotros. Una&#8230;<\/p>\n","protected":false},"author":1,"featured_media":0,"comment_status":"closed","ping_status":"open","sticky":false,"template":"","format":"standard","meta":{"_acf_changed":false,"inline_featured_image":false,"footnotes":""},"categories":[1373],"tags":[1418,1419],"class_list":{"0":"post-90403","1":"post","2":"type-post","3":"status-publish","4":"format-standard","6":"category-campamento-de-verano","7":"tag-campamento-de-verano","8":"tag-etiqueta-es"},"acf":[],"yoast_head":"<!-- This site is optimized with the Yoast SEO Premium plugin v24.2 (Yoast SEO v24.7) - https:\/\/yoast.com\/wordpress\/plugins\/seo\/ -->\n<title>Nuevas Clases de Etiqueta Verano 2016 - Les Elfes International Camps Switzerland<\/title>\n<meta name=\"robots\" content=\"index, follow, max-snippet:-1, max-image-preview:large, max-video-preview:-1\" \/>\n<link rel=\"canonical\" href=\"https:\/\/www.leselfes.com\/es\/nuevas-clases-de-etiqueta-verano-2016\/\" \/>\n<meta property=\"og:locale\" content=\"es_ES\" \/>\n<meta property=\"og:type\" content=\"article\" \/>\n<meta property=\"og:title\" content=\"Nuevas Clases de Etiqueta Verano 2016\" \/>\n<meta property=\"og:description\" content=\"Queridos campistas, padres y amigos, En Les Elfes tenemos grandes expectativas para nuestros alumnos y nos esforzamos para que puedan sacar el m\u00e1ximo partido de su tiempo con nosotros. Una...\" \/>\n<meta property=\"og:url\" content=\"https:\/\/www.leselfes.com\/es\/nuevas-clases-de-etiqueta-verano-2016\/\" \/>\n<meta property=\"og:site_name\" content=\"Les Elfes International Camps Switzerland\" \/>\n<meta property=\"article:publisher\" content=\"https:\/\/www.facebook.com\/LesElfesVerbier\" \/>\n<meta property=\"article:published_time\" content=\"2016-04-19T13:59:30+00:00\" \/>\n<meta property=\"article:modified_time\" content=\"2024-11-12T10:44:27+00:00\" \/>\n<meta property=\"og:image\" content=\"https:\/\/www.leselfes.com\/wp-content\/uploads\/2022\/02\/Les-Elfes-International-summer-camp-Switzerland-Staff-Mobile-591x555-1.jpg\" \/>\n\t<meta property=\"og:image:width\" content=\"591\" \/>\n\t<meta property=\"og:image:height\" content=\"555\" \/>\n\t<meta property=\"og:image:type\" content=\"image\/jpeg\" \/>\n<meta name=\"author\" content=\"lesadmin\" \/>\n<meta name=\"twitter:card\" content=\"summary_large_image\" \/>\n<meta name=\"twitter:creator\" content=\"@LesElfesCamps\" \/>\n<meta name=\"twitter:site\" content=\"@LesElfesCamps\" \/>\n<meta name=\"twitter:label1\" content=\"Escrito por\" \/>\n\t<meta name=\"twitter:data1\" content=\"lesadmin\" \/>\n\t<meta name=\"twitter:label2\" content=\"Tiempo de lectura\" \/>\n\t<meta name=\"twitter:data2\" content=\"4 minutos\" \/>\n<script type=\"application\/ld+json\" class=\"yoast-schema-graph\">{\"@context\":\"https:\/\/schema.org\",\"@graph\":[{\"@type\":\"Article\",\"@id\":\"https:\/\/www.leselfes.com\/es\/nuevas-clases-de-etiqueta-verano-2016\/#article\",\"isPartOf\":{\"@id\":\"https:\/\/www.leselfes.com\/es\/nuevas-clases-de-etiqueta-verano-2016\/\"},\"author\":{\"name\":\"lesadmin\",\"@id\":\"https:\/\/dev.leselfes.com\/#\/schema\/person\/407a229698868b8c603874b19f37f289\"},\"headline\":\"Nuevas Clases de Etiqueta Verano 2016\",\"datePublished\":\"2016-04-19T13:59:30+00:00\",\"dateModified\":\"2024-11-12T10:44:27+00:00\",\"mainEntityOfPage\":{\"@id\":\"https:\/\/www.leselfes.com\/es\/nuevas-clases-de-etiqueta-verano-2016\/\"},\"wordCount\":822,\"publisher\":{\"@id\":\"https:\/\/dev.leselfes.com\/#organization\"},\"keywords\":[\"campamento de verano\",\"etiqueta\"],\"articleSection\":[\"Campamento de verano\"],\"inLanguage\":\"es\"},{\"@type\":\"WebPage\",\"@id\":\"https:\/\/www.leselfes.com\/es\/nuevas-clases-de-etiqueta-verano-2016\/\",\"url\":\"https:\/\/www.leselfes.com\/es\/nuevas-clases-de-etiqueta-verano-2016\/\",\"name\":\"Nuevas Clases de Etiqueta Verano 2016 - Les Elfes International Camps Switzerland\",\"isPartOf\":{\"@id\":\"https:\/\/dev.leselfes.com\/#website\"},\"datePublished\":\"2016-04-19T13:59:30+00:00\",\"dateModified\":\"2024-11-12T10:44:27+00:00\",\"breadcrumb\":{\"@id\":\"https:\/\/www.leselfes.com\/es\/nuevas-clases-de-etiqueta-verano-2016\/#breadcrumb\"},\"inLanguage\":\"es\",\"potentialAction\":[{\"@type\":\"ReadAction\",\"target\":[\"https:\/\/www.leselfes.com\/es\/nuevas-clases-de-etiqueta-verano-2016\/\"]}]},{\"@type\":\"BreadcrumbList\",\"@id\":\"https:\/\/www.leselfes.com\/es\/nuevas-clases-de-etiqueta-verano-2016\/#breadcrumb\",\"itemListElement\":[{\"@type\":\"ListItem\",\"position\":1,\"name\":\"Home\",\"item\":\"https:\/\/www.leselfes.com\/es\/inicio\/\"},{\"@type\":\"ListItem\",\"position\":2,\"name\":\"Nuevas Clases de Etiqueta Verano 2016\"}]},{\"@type\":\"WebSite\",\"@id\":\"https:\/\/dev.leselfes.com\/#website\",\"url\":\"https:\/\/dev.leselfes.com\/\",\"name\":\"Les Elfes International\",\"description\":\"Les Elfes International, Verbier Switzerland. Summer Camp, Winter Camp, Spring Camps.\",\"publisher\":{\"@id\":\"https:\/\/dev.leselfes.com\/#organization\"},\"alternateName\":\"Les Elfes International\",\"potentialAction\":[{\"@type\":\"SearchAction\",\"target\":{\"@type\":\"EntryPoint\",\"urlTemplate\":\"https:\/\/dev.leselfes.com\/?s={search_term_string}\"},\"query-input\":{\"@type\":\"PropertyValueSpecification\",\"valueRequired\":true,\"valueName\":\"search_term_string\"}}],\"inLanguage\":\"es\"},{\"@type\":\"Organization\",\"@id\":\"https:\/\/dev.leselfes.com\/#organization\",\"name\":\"Les Elfes International\",\"alternateName\":\"Les Elfes International\",\"url\":\"https:\/\/dev.leselfes.com\/\",\"logo\":{\"@type\":\"ImageObject\",\"inLanguage\":\"es\",\"@id\":\"https:\/\/dev.leselfes.com\/#\/schema\/logo\/image\/\",\"url\":\"https:\/\/www.leselfes.com\/wp-content\/uploads\/2022\/03\/leselfes-logo.png\",\"contentUrl\":\"https:\/\/www.leselfes.com\/wp-content\/uploads\/2022\/03\/leselfes-logo.png\",\"width\":233,\"height\":51,\"caption\":\"Les Elfes International\"},\"image\":{\"@id\":\"https:\/\/dev.leselfes.com\/#\/schema\/logo\/image\/\"},\"sameAs\":[\"https:\/\/www.facebook.com\/LesElfesVerbier\",\"https:\/\/x.com\/LesElfesCamps\",\"https:\/\/www.instagram.com\/leselfes\",\"https:\/\/www.linkedin.com\/company\/les-elfes-international\",\"https:\/\/www.youtube.com\/user\/LesElfesVerbier\"]},{\"@type\":\"Person\",\"@id\":\"https:\/\/dev.leselfes.com\/#\/schema\/person\/407a229698868b8c603874b19f37f289\",\"name\":\"lesadmin\",\"image\":{\"@type\":\"ImageObject\",\"inLanguage\":\"es\",\"@id\":\"https:\/\/dev.leselfes.com\/#\/schema\/person\/image\/\",\"url\":\"https:\/\/secure.gravatar.com\/avatar\/fdb243a028df450397b3632d862f87f6?s=96&d=mm&r=g\",\"contentUrl\":\"https:\/\/secure.gravatar.com\/avatar\/fdb243a028df450397b3632d862f87f6?s=96&d=mm&r=g\",\"caption\":\"lesadmin\"},\"url\":\"https:\/\/www.leselfes.com\/es\/author\/lesadmin\/\"}]}<\/script>\n<!-- \/ Yoast SEO Premium plugin. -->","yoast_head_json":{"title":"Nuevas Clases de Etiqueta Verano 2016 - Les Elfes International Camps Switzerland","robots":{"index":"index","follow":"follow","max-snippet":"max-snippet:-1","max-image-preview":"max-image-preview:large","max-video-preview":"max-video-preview:-1"},"canonical":"https:\/\/www.leselfes.com\/es\/nuevas-clases-de-etiqueta-verano-2016\/","og_locale":"es_ES","og_type":"article","og_title":"Nuevas Clases de Etiqueta Verano 2016","og_description":"Queridos campistas, padres y amigos, En Les Elfes tenemos grandes expectativas para nuestros alumnos y nos esforzamos para que puedan sacar el m\u00e1ximo partido de su tiempo con nosotros. Una...","og_url":"https:\/\/www.leselfes.com\/es\/nuevas-clases-de-etiqueta-verano-2016\/","og_site_name":"Les Elfes International Camps Switzerland","article_publisher":"https:\/\/www.facebook.com\/LesElfesVerbier","article_published_time":"2016-04-19T13:59:30+00:00","article_modified_time":"2024-11-12T10:44:27+00:00","og_image":[{"width":591,"height":555,"url":"https:\/\/www.leselfes.com\/wp-content\/uploads\/2022\/02\/Les-Elfes-International-summer-camp-Switzerland-Staff-Mobile-591x555-1.jpg","type":"image\/jpeg"}],"author":"lesadmin","twitter_card":"summary_large_image","twitter_creator":"@LesElfesCamps","twitter_site":"@LesElfesCamps","twitter_misc":{"Escrito por":"lesadmin","Tiempo de lectura":"4 minutos"},"schema":{"@context":"https:\/\/schema.org","@graph":[{"@type":"Article","@id":"https:\/\/www.leselfes.com\/es\/nuevas-clases-de-etiqueta-verano-2016\/#article","isPartOf":{"@id":"https:\/\/www.leselfes.com\/es\/nuevas-clases-de-etiqueta-verano-2016\/"},"author":{"name":"lesadmin","@id":"https:\/\/dev.leselfes.com\/#\/schema\/person\/407a229698868b8c603874b19f37f289"},"headline":"Nuevas Clases de Etiqueta Verano 2016","datePublished":"2016-04-19T13:59:30+00:00","dateModified":"2024-11-12T10:44:27+00:00","mainEntityOfPage":{"@id":"https:\/\/www.leselfes.com\/es\/nuevas-clases-de-etiqueta-verano-2016\/"},"wordCount":822,"publisher":{"@id":"https:\/\/dev.leselfes.com\/#organization"},"keywords":["campamento de verano","etiqueta"],"articleSection":["Campamento de verano"],"inLanguage":"es"},{"@type":"WebPage","@id":"https:\/\/www.leselfes.com\/es\/nuevas-clases-de-etiqueta-verano-2016\/","url":"https:\/\/www.leselfes.com\/es\/nuevas-clases-de-etiqueta-verano-2016\/","name":"Nuevas Clases de Etiqueta Verano 2016 - Les Elfes International Camps Switzerland","isPartOf":{"@id":"https:\/\/dev.leselfes.com\/#website"},"datePublished":"2016-04-19T13:59:30+00:00","dateModified":"2024-11-12T10:44:27+00:00","breadcrumb":{"@id":"https:\/\/www.leselfes.com\/es\/nuevas-clases-de-etiqueta-verano-2016\/#breadcrumb"},"inLanguage":"es","potentialAction":[{"@type":"ReadAction","target":["https:\/\/www.leselfes.com\/es\/nuevas-clases-de-etiqueta-verano-2016\/"]}]},{"@type":"BreadcrumbList","@id":"https:\/\/www.leselfes.com\/es\/nuevas-clases-de-etiqueta-verano-2016\/#breadcrumb","itemListElement":[{"@type":"ListItem","position":1,"name":"Home","item":"https:\/\/www.leselfes.com\/es\/inicio\/"},{"@type":"ListItem","position":2,"name":"Nuevas Clases de Etiqueta Verano 2016"}]},{"@type":"WebSite","@id":"https:\/\/dev.leselfes.com\/#website","url":"https:\/\/dev.leselfes.com\/","name":"Les Elfes International","description":"Les Elfes International, Verbier Switzerland. Summer Camp, Winter Camp, Spring Camps.","publisher":{"@id":"https:\/\/dev.leselfes.com\/#organization"},"alternateName":"Les Elfes International","potentialAction":[{"@type":"SearchAction","target":{"@type":"EntryPoint","urlTemplate":"https:\/\/dev.leselfes.com\/?s={search_term_string}"},"query-input":{"@type":"PropertyValueSpecification","valueRequired":true,"valueName":"search_term_string"}}],"inLanguage":"es"},{"@type":"Organization","@id":"https:\/\/dev.leselfes.com\/#organization","name":"Les Elfes International","alternateName":"Les Elfes International","url":"https:\/\/dev.leselfes.com\/","logo":{"@type":"ImageObject","inLanguage":"es","@id":"https:\/\/dev.leselfes.com\/#\/schema\/logo\/image\/","url":"https:\/\/www.leselfes.com\/wp-content\/uploads\/2022\/03\/leselfes-logo.png","contentUrl":"https:\/\/www.leselfes.com\/wp-content\/uploads\/2022\/03\/leselfes-logo.png","width":233,"height":51,"caption":"Les Elfes International"},"image":{"@id":"https:\/\/dev.leselfes.com\/#\/schema\/logo\/image\/"},"sameAs":["https:\/\/www.facebook.com\/LesElfesVerbier","https:\/\/x.com\/LesElfesCamps","https:\/\/www.instagram.com\/leselfes","https:\/\/www.linkedin.com\/company\/les-elfes-international","https:\/\/www.youtube.com\/user\/LesElfesVerbier"]},{"@type":"Person","@id":"https:\/\/dev.leselfes.com\/#\/schema\/person\/407a229698868b8c603874b19f37f289","name":"lesadmin","image":{"@type":"ImageObject","inLanguage":"es","@id":"https:\/\/dev.leselfes.com\/#\/schema\/person\/image\/","url":"https:\/\/secure.gravatar.com\/avatar\/fdb243a028df450397b3632d862f87f6?s=96&d=mm&r=g","contentUrl":"https:\/\/secure.gravatar.com\/avatar\/fdb243a028df450397b3632d862f87f6?s=96&d=mm&r=g","caption":"lesadmin"},"url":"https:\/\/www.leselfes.com\/es\/author\/lesadmin\/"}]}},"_links":{"self":[{"href":"https:\/\/www.leselfes.com\/es\/wp-json\/wp\/v2\/posts\/90403"}],"collection":[{"href":"https:\/\/www.leselfes.com\/es\/wp-json\/wp\/v2\/posts"}],"about":[{"href":"https:\/\/www.leselfes.com\/es\/wp-json\/wp\/v2\/types\/post"}],"author":[{"embeddable":true,"href":"https:\/\/www.leselfes.com\/es\/wp-json\/wp\/v2\/users\/1"}],"replies":[{"embeddable":true,"href":"https:\/\/www.leselfes.com\/es\/wp-json\/wp\/v2\/comments?post=90403"}],"version-history":[{"count":0,"href":"https:\/\/www.leselfes.com\/es\/wp-json\/wp\/v2\/posts\/90403\/revisions"}],"wp:attachment":[{"href":"https:\/\/www.leselfes.com\/es\/wp-json\/wp\/v2\/media?parent=90403"}],"wp:term":[{"taxonomy":"category","embeddable":true,"href":"https:\/\/www.leselfes.com\/es\/wp-json\/wp\/v2\/categories?post=90403"},{"taxonomy":"post_tag","embeddable":true,"href":"https:\/\/www.leselfes.com\/es\/wp-json\/wp\/v2\/tags?post=90403"}],"curies":[{"name":"wp","href":"https:\/\/api.w.org\/{rel}","templated":true}]}}