{"id":91478,"date":"2019-10-18T11:13:33","date_gmt":"2019-10-18T09:13:33","guid":{"rendered":"https:\/\/www.leselfes.com\/sobre-les-elfes\/"},"modified":"2024-11-12T11:58:50","modified_gmt":"2024-11-12T10:58:50","slug":"sobre-les-elfes","status":"publish","type":"post","link":"https:\/\/www.leselfes.com\/es\/sobre-les-elfes\/","title":{"rendered":"Sobre Les Elfes"},"content":{"rendered":"\n<h2 class=\"wp-block-heading\">\u00a1Hemos lanzado un nuevo sitio web!<\/h2>\n\n<p>Mientras trabajamos en el lanzamiento de nuestro nuevo sitio web, hemos pensado que ser\u00eda un momento ideal para repasar las cosas que hacemos como uno de los principales campamentos de verano, invierno y primavera del mundo.\nNos esforzaremos por repasar cada uno de los servicios que ofrecemos y responder a cualquier pregunta sobre qui\u00e9nes somos y qu\u00e9 hacemos.\nCada secci\u00f3n contendr\u00e1 enlaces al sitio web reestructurado que hemos condensado tras m\u00e1s de 30 a\u00f1os de funcionamiento.  <\/p>\n\n<p>Les Elfes es un camping que se puso en marcha en el a\u00f1o 1987.\nAl asociarse con personal profesionalmente cualificado y experimentado, el campamento ha conseguido organizar y ofrecer las mejores actividades de aventura.\nExisten estrictas medidas de seguridad para garantizar que tanto los alumnos como sus cuidadores est\u00e9n seguros durante toda su estancia.\nMiles de estudiantes y profesores acuden cada a\u00f1o a Les Elfes para vivir una emocionante experiencia de acampada.   <\/p>\n\n<p>Una cosa interesante <a href=\"https:\/\/www.leselfes.com\/es\/?page_id=90057\">de Les Elfes<\/a> Suiza es que los campistas viven diversas experiencias personalizadas para fomentar su desarrollo personal. Las instalaciones est\u00e1n especialmente dise\u00f1adas para que los asistentes se sientan como en casa lejos de casa. Mientras est\u00e9s aqu\u00ed, podr\u00e1s participar en una amplia gama de actividades.  <\/p>\n\n<p>Incluyen actividades de verano, de invierno, diurnas y nocturnas, as\u00ed como actividades de aprendizaje.\nLes Elfes se enorgullece de tener una configuraci\u00f3n internacional que la diferencia del resto.\nLos estudiantes que visiten Les Elfes tendr\u00e1n la oportunidad de aprender nuevas habilidades.\nEntre ellas: ciclismo de monta\u00f1a, snowboard, una amplia gama de deportes, esqu\u00ed, as\u00ed como nuevos idiomas.\nTambi\u00e9n estar\u00e1n expuestos a diversas culturas y tendr\u00e1n la oportunidad de hacer nuevos amigos.    <\/p>\n\n<p>Las instalaciones, que empezaron con un peque\u00f1o chalet que acog\u00eda a 100 estudiantes al a\u00f1o, se han transformado desde entonces.\nHoy, hay tres campus en Les Elfes capaces de acoger anualmente a m\u00e1s de 5.000 alumnos de distintas nacionalidades.\nA diferencia del pasado, cuando la <a href=\"\">instalaci\u00f3n<\/a> s\u00f3lo se especializaba en deportes al aire libre, ahora los alumnos pueden adquirir diversas habilidades.  <\/p>\n\n<p>Entre ellos: orientaci\u00f3n profesional y tutor\u00eda.\nProgramas de formaci\u00f3n en liderazgo, c\u00f3mo proteger la identidad al navegar por Internet y lecciones de etiqueta.\nLas instalaciones est\u00e1n abiertas al p\u00fablico desde diciembre hasta octubre.\nAlgunos de los estudiantes que acamparon en Les Elfes volver\u00edan m\u00e1s tarde como empleados del campamento.   <\/p>\n\n<p>Les Elfes es una idea original de Nicole y Philippe en colaboraci\u00f3n con otros socios, y tiene su sede en Verbier.\nHasta 100 empleados trabajan en diversos campos en Les Elfes, m\u00e1s a\u00fan en verano.   <\/p>\n\n<h2 class=\"wp-block-heading\">Campamentos de verano<\/h2>\n\n<p>El <a href=\"https:\/\/www.leselfes.com\/es\/?page_id=90108\">campamento de verano<\/a> Les Elfes permite a los campistas explorar el aire libre, aprender independencia, autosuficiencia y desarrollo, y conocer gente nueva. El campamento de verano est\u00e1 clasificado en tres grupos de edad para ayudarte a elegir el mejor campamento para los ni\u00f1os. Tambi\u00e9n ayudan a los ni\u00f1os a relacionarse con sus compa\u00f1eros de distintos pa\u00edses. Los tres grupos de edad son:   <\/p>\n\n<h3 class=\"wp-block-heading\">El grupo de edad de los Descubrimientos  <\/h3>\n\n<figure><img decoding=\"async\" src=\"https:\/\/www.leselfes.com\/wp-content\/uploads\/2021\/09\/Discoveries-Age-Group.jpg\" alt=\"Descubrimientos Grupo de edad\"\/><\/figure>\n\n<p>Este campamento est\u00e1 dise\u00f1ado para campistas de entre 6 y 19 a\u00f1os, con el fin de ofrecerles la mejor primera experiencia de acampada. Los campistas de este grupo de edad estar\u00e1n bajo la supervisi\u00f3n de personal comprometido que gu\u00eda y cuida el desarrollo de los ni\u00f1os. Los campistas de este grupo de edad se dividen en grupos peque\u00f1os para que sean manejables.  <\/p>\n\n<p>Sus monitores les llevan a trav\u00e9s de una amplia gama de actividades adaptadas a su grupo de edad.\nAlgunas de las actividades de esta categor\u00eda son: b\u00fasqueda del tesoro, bicicleta de monta\u00f1a, escalada, senderismo natural, miniolimpiadas, minigolf, team building, paddle boarding, kayak, tenis, talleres de orientaci\u00f3n, banana boating, f\u00fatbol, tenis de mesa, clases de arte, parque de aventuras laber\u00edntico, jornada deportiva y talleres de cocina, entre otras.   <\/p>\n\n<h3 class=\"wp-block-heading\">Exploradores Grupo de edad<\/h3>\n\n<p>El grupo de edad de exploradores est\u00e1 dirigido a campistas de once a catorce a\u00f1os.\nHay actividades m\u00e1s interactivas y desafiantes.\nLos supervisores preparan a los acampados de este grupo para que salgan de su zona de confort y sean m\u00e1s independientes.\nLas actividades de este grupo incluyen bicicleta de monta\u00f1a, escalada, excursiones por la naturaleza, trotinetas, miniolimpiadas, kayak, minigolf, team building, paddle boarding, tubing, f\u00fatbol, tenis, nataci\u00f3n, talleres de orientaci\u00f3n, banana boating, tenis de mesa, d\u00eda del deporte y wakeboard.     <\/p>\n\n<h3 class=\"wp-block-heading\">Pioneros<\/h3>\n\n<figure><img decoding=\"async\" src=\"https:\/\/www.leselfes.com\/wp-content\/uploads\/2021\/09\/Pioneers.jpg\" alt=\"\"\/><\/figure>\n\n<p>El grupo de edad de los pioneros est\u00e1 dirigido a campistas de entre 15 y 17 a\u00f1os.\nEs la categor\u00eda m\u00e1s desafiante, que anima a los estudiantes a superar sus l\u00edmites e intentar cosas nuevas.\nLos campistas de esta categor\u00eda no s\u00f3lo son en\u00e9rgicos, sino tambi\u00e9n vibrantes, y hay numerosas actividades para ellos.    <\/p>\n\n<h2 class=\"wp-block-heading\">Actividades del campamento de verano<\/h2>\n\n<p>Durante el verano, el tiempo es agradable y hay muchas actividades en Les Elfes en las que participar.\n\u00c9stas se adaptan a las necesidades de cada campista, independientemente de su edad.\nIncluyen deportes de remo, actividades lacustres y actividades de monta\u00f1a.\nLos campistas tambi\u00e9n pueden inscribirse en clases particulares y cursos opcionales.     <\/p>\n\n<h2 class=\"wp-block-heading\">Resumen<\/h2>\n\n<p>Les Elfes es un campamento de verano basado en la aventura que ofrece m\u00e1s de 40 actividades diferentes al aire libre.\nLos campistas tendr\u00e1n la oportunidad de aprender un nuevo idioma y descubrir la historia y la cultura de Suiza.\nTambi\u00e9n crear\u00e1n recuerdos inolvidables y amigos para toda la vida de distintas partes del mundo.  <\/p>\n\n<h2 class=\"wp-block-heading\">Campamentos de invierno<\/h2>\n\n<p>El <a href=\"https:\/\/www.leselfes.com\/es\/?page_id=90132\">campamento de invierno<\/a> Les Elfes dura desde diciembre hasta finales de abril. Hay sesiones de campamento de invierno de 1 a 4 semanas de duraci\u00f3n, tanto para ni\u00f1os como para adolescentes de 6 a 17 a\u00f1os. El centro se compromete a crear un equilibrio entre las actividades de esqu\u00ed al aire libre y las actividades de interior, especialmente durante las sesiones de nieve intensa.  <\/p>\n\n<p>Algunas de las actividades de interior incluyen aprender un nuevo idioma.\nLas actividades al aire libre de d\u00eda completo incluyen clases de snowboard y esqu\u00ed.\nHay <a href=\"\">clases<\/a> de <a href=\"\">snowboard y<\/a> de <a href=\"\">esqu\u00ed completo<\/a> en Les Elfes, que ofrece actividades nocturnas completas y un programa apres-ski.\nLos campistas pueden elegir entre una amplia variedad de actividades de invierno para ni\u00f1os.   <\/p>\n\n<p>Entre ellas, construcci\u00f3n de igl\u00fas, trineo, excursi\u00f3n con antorchas, patinaje sobre hielo, discoteca, construcci\u00f3n de un mu\u00f1eco de nieve y hockey.\nLos campamentos juveniles de Les Elfes ofrecen actividades adaptadas a los ni\u00f1os y est\u00e1n situados en el coraz\u00f3n de los pintorescos Alpes.   <\/p>\n\n<h2 class=\"wp-block-heading\">Resumen<\/h2>\n\n<p>Les Elfes Suisse ofrece a los campistas una gran variedad de actividades adaptadas a los ni\u00f1os.\nHay actividades tanto al aire libre como de interior.\nLos campistas pueden participar en actividades de interior por la noche o cuando nieva mucho.  <\/p>\n\n<h2 class=\"wp-block-heading\">Campamentos de primavera<\/h2>\n\n<p>El <a href=\"https:\/\/www.leselfes.com\/es\/?page_id=90046\">campamento de primavera <\/a>en Les Elfes (Suiza) permite a los campistas realizar actividades de aventura. El alojamiento est\u00e1 disponible tanto en el campus de Verbier como en el de Zermatt. Los campistas realizar\u00e1n diversas actividades en los campamentos de primavera de Les Elfes, como cursos de idiomas.  <\/p>\n\n<p>Tambi\u00e9n tienen la oportunidad de visitar algunas de las organizaciones y ciudades m\u00e1s populares de Suiza.\nEsto les permite apreciar la historia y la cultura del pa\u00eds.\nLos campistas estar\u00e1n bajo la estricta supervisi\u00f3n de consejeros, instructores y gu\u00edas de monta\u00f1a experimentados.    <\/p>\n\n<h2 class=\"wp-block-heading\">Resumen<\/h2>\n\n<p>Los campamentos de primavera ofrecen a los alumnos la oportunidad de recorrer ciudades y organizaciones populares de Suiza.\nEsto proporciona una oportunidad ideal para que los alumnos aprendan la historia y la cultura del pa\u00eds.   <\/p>\n\n<h2 class=\"wp-block-heading\">Viajes de esqu\u00ed<\/h2>\n\n<p>Los <a href=\"https:\/\/www.leselfes.com\/ski-trips\/\">viajes de esqu\u00ed<\/a> totalmente supervisados en Les Elfes Suisse duran una semana entera. Los alumnos visitan varias estaciones de monta\u00f1a populares. Tanto si eres principiante como esquiador experimentado, hay monitores experimentados de snowboard y esqu\u00ed sobre nieve que garantizan la seguridad. El programa de viajes de esqu\u00ed existe desde hace m\u00e1s de 20 a\u00f1os.   <\/p>\n\n<p>Consta de 6 d\u00edas de esqu\u00ed completos con actividades de apres-ski y nocturnas bien supervisadas.\nLos campistas participar\u00e1n en una carrera de esqu\u00ed, una barbacoa y un espect\u00e1culo de entrega de premios.\nMuchos padres y profesores opinan que los viajes de esqu\u00ed carecen de eficacia como componente educativo.\nSin embargo, los expertos afirman que los viajes de esqu\u00ed son <a href=\"\">beneficiosos<\/a> cuando se trata de inculcar a los alumnos habilidades buenas y positivas.     <\/p>\n\n<h2 class=\"wp-block-heading\">\u00bfQu\u00e9 aprender\u00e1n los alumnos durante los viajes de esqu\u00ed?<\/h2>\n\n<p>Los alumnos tendr\u00e1n una amplia gama de cosas que aprender durante los viajes de esqu\u00ed.\nEntre ellas, c\u00f3mo colaborar en un grupo de otros campistas de diversas partes del mundo.\nAdem\u00e1s, una experiencia al aire libre ayudar\u00e1 a los alumnos a desarrollar grandes habilidades interactivas.  <\/p>\n\n<h3 class=\"wp-block-heading\">Deportes<\/h3>\n\n<figure><img decoding=\"async\" src=\"https:\/\/www.leselfes.com\/wp-content\/uploads\/2021\/09\/Sports.jpg\" alt=\"Deportes\"\/><\/figure>\n\n<p>Los alumnos aprender\u00e1n al menos un deporte nuevo, como el snowboard y el esqu\u00ed.\nDominar estos deportes es m\u00e1s f\u00e1cil cuando los alumnos son j\u00f3venes.\nLos viajes de esqu\u00ed les ayudar\u00e1n a familiarizarse con el equipo de esqu\u00ed, como botas, esqu\u00eds, bastones y fijaciones.\nTambi\u00e9n dominar\u00e1n la sincronizaci\u00f3n y el equilibrio para ayudarles a dominar c\u00f3mo girar en las pendientes de nieve.     <\/p>\n\n<h3 class=\"wp-block-heading\">Desarrollo personal<\/h3>\n\n<p>Los viajes de esqu\u00ed ayudar\u00e1n a los alumnos a mejorar sus habilidades como esquiadores, as\u00ed como a desarrollar sus aptitudes personales y de grupo.\nEsto les ayudar\u00e1 a mejorar sus habilidades interpersonales y la confianza en s\u00ed mismos.   <\/p>\n\n<h2 class=\"wp-block-heading\">Resumen<\/h2>\n\n<p>Los viajes de esqu\u00ed ofrecen enormes beneficios a los alumnos al desarrollar sus aptitudes positivas.<\/p>\n\n<h2 class=\"wp-block-heading\">Excursiones<\/h2>\n\n<p>Las <a href=\"https:\/\/www.leselfes.com\/field-trips\/\">excursiones<\/a> en Les Elfes se realizan desde principios de mayo hasta finales de octubre. Hay 7 excursiones diferentes en Les Elfes, en las que los alumnos visitan el campus privado del campamento, situado en La Tzoumaz, en Verbier Norte. Habr\u00e1 supervisores disponibles para controlar a los alumnos durante todo el viaje.  <\/p>\n\n<h2 class=\"wp-block-heading\">Resumen<\/h2>\n\n<p>Los alumnos y profesores pueden aprovechar las excursiones de Les Elfes Suisse para saber m\u00e1s sobre el campamento.<\/p>\n\n<h2 class=\"wp-block-heading\">El blog de Les Elfes<\/h2>\n\n<p>\u00bfBuscas consejos sobre campamentos de verano, campamentos de invierno, campamentos de primavera o incluso viajes de esqu\u00ed?\nSi es as\u00ed, el blog Les Elfes Suiza te proporcionar\u00e1 toda esa informaci\u00f3n y m\u00e1s.\nLos padres pueden encontrar consejos sobre acampadas, c\u00f3mo preparar a sus hijos para el campamento y c\u00f3mo organizar el viaje.\nTambi\u00e9n hay numerosos consejos para los profesores y los alumnos.\nNo dudes en suscribirte al bolet\u00edn de Les Elfes Suisse para recibir las entradas y actualizaciones del blog cuando est\u00e9n disponibles.      <\/p>\n\n<h2 class=\"wp-block-heading\">Resumen<\/h2>\n\n<p>El blog de Les Elfes es tu \u00fanica fuente de informaci\u00f3n.\nTanto si eres profesor, padre o alumno, hay numerosos consejos de los que te puedes beneficiar. <\/p>\n\n<h2 class=\"wp-block-heading\">Contacta con nosotros<\/h2>\n\n<p>Puedes <a href=\"https:\/\/www.leselfes.com\/contact-quote-request\/\">ponerte en contacto con<\/a> Les Elfes Suiza a trav\u00e9s de sus n\u00fameros de tel\u00e9fono o fax. Tambi\u00e9n puedes optar por enviar una direcci\u00f3n de correo electr\u00f3nico, o rellenar el formulario disponible en su sitio web. <\/p>\n\n<h2 class=\"wp-block-heading\">Resumen<\/h2>\n\n<p>Ponte en contacto con nosotros en caso de cualquier pregunta, duda o incluso queja.\nNuestro experimentado personal estar\u00e1 a tu disposici\u00f3n para resolver tus dudas y garantizar tu satisfacci\u00f3n.   <\/p>\n","protected":false},"excerpt":{"rendered":"<p>Les Elfes es un camping que ofrece las mejores actividades de aventura.<br \/>\nSigue leyendo para obtener m\u00e1s informaci\u00f3n sobre Les Elfes <\/p>\n","protected":false},"author":1,"featured_media":71235,"comment_status":"open","ping_status":"open","sticky":false,"template":"","format":"standard","meta":{"_acf_changed":false,"inline_featured_image":false,"footnotes":""},"categories":[1368],"tags":[],"class_list":{"0":"post-91478","1":"post","2":"type-post","3":"status-publish","4":"format-standard","5":"has-post-thumbnail","7":"category-articulos"},"acf":[],"yoast_head":"<!-- This site is optimized with the Yoast SEO Premium plugin v24.2 (Yoast SEO v24.7) - https:\/\/yoast.com\/wordpress\/plugins\/seo\/ -->\n<title>Sobre Les Elfes - Les Elfes International Camps Switzerland<\/title>\n<meta name=\"robots\" content=\"index, follow, max-snippet:-1, max-image-preview:large, max-video-preview:-1\" \/>\n<link rel=\"canonical\" href=\"https:\/\/www.leselfes.com\/es\/sobre-les-elfes\/\" \/>\n<meta property=\"og:locale\" content=\"es_ES\" \/>\n<meta property=\"og:type\" content=\"article\" \/>\n<meta property=\"og:title\" content=\"Sobre Les Elfes\" \/>\n<meta property=\"og:description\" content=\"Les Elfes es un camping que ofrece las mejores actividades de aventura. Sigue leyendo para obtener m\u00e1s informaci\u00f3n sobre Les Elfes\" \/>\n<meta property=\"og:url\" content=\"https:\/\/www.leselfes.com\/es\/sobre-les-elfes\/\" \/>\n<meta property=\"og:site_name\" content=\"Les Elfes International Camps Switzerland\" \/>\n<meta property=\"article:publisher\" content=\"https:\/\/www.facebook.com\/LesElfesVerbier\" \/>\n<meta property=\"article:published_time\" content=\"2019-10-18T09:13:33+00:00\" \/>\n<meta property=\"article:modified_time\" content=\"2024-11-12T10:58:50+00:00\" \/>\n<meta property=\"og:image\" content=\"https:\/\/dev.leselfes.com\/wp-content\/uploads\/2019\/10\/les-elfes-hiver-5.jpg\" \/>\n\t<meta property=\"og:image:width\" content=\"1200\" \/>\n\t<meta property=\"og:image:height\" content=\"800\" \/>\n\t<meta property=\"og:image:type\" content=\"image\/jpeg\" \/>\n<meta name=\"author\" content=\"lesadmin\" \/>\n<meta name=\"twitter:card\" content=\"summary_large_image\" \/>\n<meta name=\"twitter:creator\" content=\"@LesElfesCamps\" \/>\n<meta name=\"twitter:site\" content=\"@LesElfesCamps\" \/>\n<meta name=\"twitter:label1\" content=\"Escrito por\" \/>\n\t<meta name=\"twitter:data1\" content=\"lesadmin\" \/>\n\t<meta name=\"twitter:label2\" content=\"Tiempo de lectura\" \/>\n\t<meta name=\"twitter:data2\" content=\"9 minutos\" \/>\n<script type=\"application\/ld+json\" class=\"yoast-schema-graph\">{\"@context\":\"https:\/\/schema.org\",\"@graph\":[{\"@type\":\"Article\",\"@id\":\"https:\/\/www.leselfes.com\/es\/sobre-les-elfes\/#article\",\"isPartOf\":{\"@id\":\"https:\/\/www.leselfes.com\/es\/sobre-les-elfes\/\"},\"author\":{\"name\":\"lesadmin\",\"@id\":\"https:\/\/dev.leselfes.com\/#\/schema\/person\/407a229698868b8c603874b19f37f289\"},\"headline\":\"Sobre Les Elfes\",\"datePublished\":\"2019-10-18T09:13:33+00:00\",\"dateModified\":\"2024-11-12T10:58:50+00:00\",\"mainEntityOfPage\":{\"@id\":\"https:\/\/www.leselfes.com\/es\/sobre-les-elfes\/\"},\"wordCount\":1895,\"commentCount\":0,\"publisher\":{\"@id\":\"https:\/\/dev.leselfes.com\/#organization\"},\"image\":{\"@id\":\"https:\/\/www.leselfes.com\/es\/sobre-les-elfes\/#primaryimage\"},\"thumbnailUrl\":\"https:\/\/www.leselfes.com\/wp-content\/uploads\/2019\/10\/les-elfes-hiver-5.jpg\",\"articleSection\":[\"Art\u00edculos\"],\"inLanguage\":\"es\",\"potentialAction\":[{\"@type\":\"CommentAction\",\"name\":\"Comment\",\"target\":[\"https:\/\/www.leselfes.com\/es\/sobre-les-elfes\/#respond\"]}]},{\"@type\":\"WebPage\",\"@id\":\"https:\/\/www.leselfes.com\/es\/sobre-les-elfes\/\",\"url\":\"https:\/\/www.leselfes.com\/es\/sobre-les-elfes\/\",\"name\":\"Sobre Les Elfes - Les Elfes International Camps Switzerland\",\"isPartOf\":{\"@id\":\"https:\/\/dev.leselfes.com\/#website\"},\"primaryImageOfPage\":{\"@id\":\"https:\/\/www.leselfes.com\/es\/sobre-les-elfes\/#primaryimage\"},\"image\":{\"@id\":\"https:\/\/www.leselfes.com\/es\/sobre-les-elfes\/#primaryimage\"},\"thumbnailUrl\":\"https:\/\/www.leselfes.com\/wp-content\/uploads\/2019\/10\/les-elfes-hiver-5.jpg\",\"datePublished\":\"2019-10-18T09:13:33+00:00\",\"dateModified\":\"2024-11-12T10:58:50+00:00\",\"breadcrumb\":{\"@id\":\"https:\/\/www.leselfes.com\/es\/sobre-les-elfes\/#breadcrumb\"},\"inLanguage\":\"es\",\"potentialAction\":[{\"@type\":\"ReadAction\",\"target\":[\"https:\/\/www.leselfes.com\/es\/sobre-les-elfes\/\"]}]},{\"@type\":\"ImageObject\",\"inLanguage\":\"es\",\"@id\":\"https:\/\/www.leselfes.com\/es\/sobre-les-elfes\/#primaryimage\",\"url\":\"https:\/\/www.leselfes.com\/wp-content\/uploads\/2019\/10\/les-elfes-hiver-5.jpg\",\"contentUrl\":\"https:\/\/www.leselfes.com\/wp-content\/uploads\/2019\/10\/les-elfes-hiver-5.jpg\",\"width\":1200,\"height\":800},{\"@type\":\"BreadcrumbList\",\"@id\":\"https:\/\/www.leselfes.com\/es\/sobre-les-elfes\/#breadcrumb\",\"itemListElement\":[{\"@type\":\"ListItem\",\"position\":1,\"name\":\"Home\",\"item\":\"https:\/\/www.leselfes.com\/es\/inicio\/\"},{\"@type\":\"ListItem\",\"position\":2,\"name\":\"Sobre Les Elfes\"}]},{\"@type\":\"WebSite\",\"@id\":\"https:\/\/dev.leselfes.com\/#website\",\"url\":\"https:\/\/dev.leselfes.com\/\",\"name\":\"Les Elfes International\",\"description\":\"Les Elfes International, Verbier Switzerland. Summer Camp, Winter Camp, Spring Camps.\",\"publisher\":{\"@id\":\"https:\/\/dev.leselfes.com\/#organization\"},\"alternateName\":\"Les Elfes International\",\"potentialAction\":[{\"@type\":\"SearchAction\",\"target\":{\"@type\":\"EntryPoint\",\"urlTemplate\":\"https:\/\/dev.leselfes.com\/?s={search_term_string}\"},\"query-input\":{\"@type\":\"PropertyValueSpecification\",\"valueRequired\":true,\"valueName\":\"search_term_string\"}}],\"inLanguage\":\"es\"},{\"@type\":\"Organization\",\"@id\":\"https:\/\/dev.leselfes.com\/#organization\",\"name\":\"Les Elfes International\",\"alternateName\":\"Les Elfes International\",\"url\":\"https:\/\/dev.leselfes.com\/\",\"logo\":{\"@type\":\"ImageObject\",\"inLanguage\":\"es\",\"@id\":\"https:\/\/dev.leselfes.com\/#\/schema\/logo\/image\/\",\"url\":\"https:\/\/www.leselfes.com\/wp-content\/uploads\/2022\/03\/leselfes-logo.png\",\"contentUrl\":\"https:\/\/www.leselfes.com\/wp-content\/uploads\/2022\/03\/leselfes-logo.png\",\"width\":233,\"height\":51,\"caption\":\"Les Elfes International\"},\"image\":{\"@id\":\"https:\/\/dev.leselfes.com\/#\/schema\/logo\/image\/\"},\"sameAs\":[\"https:\/\/www.facebook.com\/LesElfesVerbier\",\"https:\/\/x.com\/LesElfesCamps\",\"https:\/\/www.instagram.com\/leselfes\",\"https:\/\/www.linkedin.com\/company\/les-elfes-international\",\"https:\/\/www.youtube.com\/user\/LesElfesVerbier\"]},{\"@type\":\"Person\",\"@id\":\"https:\/\/dev.leselfes.com\/#\/schema\/person\/407a229698868b8c603874b19f37f289\",\"name\":\"lesadmin\",\"image\":{\"@type\":\"ImageObject\",\"inLanguage\":\"es\",\"@id\":\"https:\/\/dev.leselfes.com\/#\/schema\/person\/image\/\",\"url\":\"https:\/\/secure.gravatar.com\/avatar\/fdb243a028df450397b3632d862f87f6?s=96&d=mm&r=g\",\"contentUrl\":\"https:\/\/secure.gravatar.com\/avatar\/fdb243a028df450397b3632d862f87f6?s=96&d=mm&r=g\",\"caption\":\"lesadmin\"},\"url\":\"https:\/\/www.leselfes.com\/es\/author\/lesadmin\/\"}]}<\/script>\n<!-- \/ Yoast SEO Premium plugin. -->","yoast_head_json":{"title":"Sobre Les Elfes - Les Elfes International Camps Switzerland","robots":{"index":"index","follow":"follow","max-snippet":"max-snippet:-1","max-image-preview":"max-image-preview:large","max-video-preview":"max-video-preview:-1"},"canonical":"https:\/\/www.leselfes.com\/es\/sobre-les-elfes\/","og_locale":"es_ES","og_type":"article","og_title":"Sobre Les Elfes","og_description":"Les Elfes es un camping que ofrece las mejores actividades de aventura. Sigue leyendo para obtener m\u00e1s informaci\u00f3n sobre Les Elfes","og_url":"https:\/\/www.leselfes.com\/es\/sobre-les-elfes\/","og_site_name":"Les Elfes International Camps Switzerland","article_publisher":"https:\/\/www.facebook.com\/LesElfesVerbier","article_published_time":"2019-10-18T09:13:33+00:00","article_modified_time":"2024-11-12T10:58:50+00:00","og_image":[{"width":1200,"height":800,"url":"https:\/\/dev.leselfes.com\/wp-content\/uploads\/2019\/10\/les-elfes-hiver-5.jpg","type":"image\/jpeg"}],"author":"lesadmin","twitter_card":"summary_large_image","twitter_creator":"@LesElfesCamps","twitter_site":"@LesElfesCamps","twitter_misc":{"Escrito por":"lesadmin","Tiempo de lectura":"9 minutos"},"schema":{"@context":"https:\/\/schema.org","@graph":[{"@type":"Article","@id":"https:\/\/www.leselfes.com\/es\/sobre-les-elfes\/#article","isPartOf":{"@id":"https:\/\/www.leselfes.com\/es\/sobre-les-elfes\/"},"author":{"name":"lesadmin","@id":"https:\/\/dev.leselfes.com\/#\/schema\/person\/407a229698868b8c603874b19f37f289"},"headline":"Sobre Les Elfes","datePublished":"2019-10-18T09:13:33+00:00","dateModified":"2024-11-12T10:58:50+00:00","mainEntityOfPage":{"@id":"https:\/\/www.leselfes.com\/es\/sobre-les-elfes\/"},"wordCount":1895,"commentCount":0,"publisher":{"@id":"https:\/\/dev.leselfes.com\/#organization"},"image":{"@id":"https:\/\/www.leselfes.com\/es\/sobre-les-elfes\/#primaryimage"},"thumbnailUrl":"https:\/\/www.leselfes.com\/wp-content\/uploads\/2019\/10\/les-elfes-hiver-5.jpg","articleSection":["Art\u00edculos"],"inLanguage":"es","potentialAction":[{"@type":"CommentAction","name":"Comment","target":["https:\/\/www.leselfes.com\/es\/sobre-les-elfes\/#respond"]}]},{"@type":"WebPage","@id":"https:\/\/www.leselfes.com\/es\/sobre-les-elfes\/","url":"https:\/\/www.leselfes.com\/es\/sobre-les-elfes\/","name":"Sobre Les Elfes - Les Elfes International Camps Switzerland","isPartOf":{"@id":"https:\/\/dev.leselfes.com\/#website"},"primaryImageOfPage":{"@id":"https:\/\/www.leselfes.com\/es\/sobre-les-elfes\/#primaryimage"},"image":{"@id":"https:\/\/www.leselfes.com\/es\/sobre-les-elfes\/#primaryimage"},"thumbnailUrl":"https:\/\/www.leselfes.com\/wp-content\/uploads\/2019\/10\/les-elfes-hiver-5.jpg","datePublished":"2019-10-18T09:13:33+00:00","dateModified":"2024-11-12T10:58:50+00:00","breadcrumb":{"@id":"https:\/\/www.leselfes.com\/es\/sobre-les-elfes\/#breadcrumb"},"inLanguage":"es","potentialAction":[{"@type":"ReadAction","target":["https:\/\/www.leselfes.com\/es\/sobre-les-elfes\/"]}]},{"@type":"ImageObject","inLanguage":"es","@id":"https:\/\/www.leselfes.com\/es\/sobre-les-elfes\/#primaryimage","url":"https:\/\/www.leselfes.com\/wp-content\/uploads\/2019\/10\/les-elfes-hiver-5.jpg","contentUrl":"https:\/\/www.leselfes.com\/wp-content\/uploads\/2019\/10\/les-elfes-hiver-5.jpg","width":1200,"height":800},{"@type":"BreadcrumbList","@id":"https:\/\/www.leselfes.com\/es\/sobre-les-elfes\/#breadcrumb","itemListElement":[{"@type":"ListItem","position":1,"name":"Home","item":"https:\/\/www.leselfes.com\/es\/inicio\/"},{"@type":"ListItem","position":2,"name":"Sobre Les Elfes"}]},{"@type":"WebSite","@id":"https:\/\/dev.leselfes.com\/#website","url":"https:\/\/dev.leselfes.com\/","name":"Les Elfes International","description":"Les Elfes International, Verbier Switzerland. Summer Camp, Winter Camp, Spring Camps.","publisher":{"@id":"https:\/\/dev.leselfes.com\/#organization"},"alternateName":"Les Elfes International","potentialAction":[{"@type":"SearchAction","target":{"@type":"EntryPoint","urlTemplate":"https:\/\/dev.leselfes.com\/?s={search_term_string}"},"query-input":{"@type":"PropertyValueSpecification","valueRequired":true,"valueName":"search_term_string"}}],"inLanguage":"es"},{"@type":"Organization","@id":"https:\/\/dev.leselfes.com\/#organization","name":"Les Elfes International","alternateName":"Les Elfes International","url":"https:\/\/dev.leselfes.com\/","logo":{"@type":"ImageObject","inLanguage":"es","@id":"https:\/\/dev.leselfes.com\/#\/schema\/logo\/image\/","url":"https:\/\/www.leselfes.com\/wp-content\/uploads\/2022\/03\/leselfes-logo.png","contentUrl":"https:\/\/www.leselfes.com\/wp-content\/uploads\/2022\/03\/leselfes-logo.png","width":233,"height":51,"caption":"Les Elfes International"},"image":{"@id":"https:\/\/dev.leselfes.com\/#\/schema\/logo\/image\/"},"sameAs":["https:\/\/www.facebook.com\/LesElfesVerbier","https:\/\/x.com\/LesElfesCamps","https:\/\/www.instagram.com\/leselfes","https:\/\/www.linkedin.com\/company\/les-elfes-international","https:\/\/www.youtube.com\/user\/LesElfesVerbier"]},{"@type":"Person","@id":"https:\/\/dev.leselfes.com\/#\/schema\/person\/407a229698868b8c603874b19f37f289","name":"lesadmin","image":{"@type":"ImageObject","inLanguage":"es","@id":"https:\/\/dev.leselfes.com\/#\/schema\/person\/image\/","url":"https:\/\/secure.gravatar.com\/avatar\/fdb243a028df450397b3632d862f87f6?s=96&d=mm&r=g","contentUrl":"https:\/\/secure.gravatar.com\/avatar\/fdb243a028df450397b3632d862f87f6?s=96&d=mm&r=g","caption":"lesadmin"},"url":"https:\/\/www.leselfes.com\/es\/author\/lesadmin\/"}]}},"_links":{"self":[{"href":"https:\/\/www.leselfes.com\/es\/wp-json\/wp\/v2\/posts\/91478"}],"collection":[{"href":"https:\/\/www.leselfes.com\/es\/wp-json\/wp\/v2\/posts"}],"about":[{"href":"https:\/\/www.leselfes.com\/es\/wp-json\/wp\/v2\/types\/post"}],"author":[{"embeddable":true,"href":"https:\/\/www.leselfes.com\/es\/wp-json\/wp\/v2\/users\/1"}],"replies":[{"embeddable":true,"href":"https:\/\/www.leselfes.com\/es\/wp-json\/wp\/v2\/comments?post=91478"}],"version-history":[{"count":0,"href":"https:\/\/www.leselfes.com\/es\/wp-json\/wp\/v2\/posts\/91478\/revisions"}],"wp:featuredmedia":[{"embeddable":true,"href":"https:\/\/www.leselfes.com\/es\/wp-json\/wp\/v2\/media\/71235"}],"wp:attachment":[{"href":"https:\/\/www.leselfes.com\/es\/wp-json\/wp\/v2\/media?parent=91478"}],"wp:term":[{"taxonomy":"category","embeddable":true,"href":"https:\/\/www.leselfes.com\/es\/wp-json\/wp\/v2\/categories?post=91478"},{"taxonomy":"post_tag","embeddable":true,"href":"https:\/\/www.leselfes.com\/es\/wp-json\/wp\/v2\/tags?post=91478"}],"curies":[{"name":"wp","href":"https:\/\/api.w.org\/{rel}","templated":true}]}}