{"id":91500,"date":"2019-09-24T18:50:48","date_gmt":"2019-09-24T16:50:48","guid":{"rendered":"https:\/\/www.leselfes.com\/olimpiadas-de-la-juventud-en-lausana-suiza\/"},"modified":"2024-11-12T11:59:12","modified_gmt":"2024-11-12T10:59:12","slug":"olimpiadas-de-la-juventud-en-lausana-suiza","status":"publish","type":"post","link":"https:\/\/www.leselfes.com\/es\/olimpiadas-de-la-juventud-en-lausana-suiza\/","title":{"rendered":"Olimpiadas de la Juventud en Lausana, Suiza"},"content":{"rendered":"\n<p>Los Juegos Ol\u00edmpicos de la Juventud de Invierno, conocidos popularmente como Lausana 2020, dar\u00e1n comienzo del 9 al 22 de enero de 2020.\nSer\u00e1 la tercera edici\u00f3n de los Juegos Ol\u00edmpicos de la Juventud de Invierno, un acontecimiento polideportivo internacional dominante y un festival cultural para adolescentes.\nTendr\u00e1 lugar en Lausana, Suiza, sede del Comit\u00e9 Ol\u00edmpico Internacional.    <\/p>\n\n<h2 class=\"wp-block-heading\">Sobre Lausana, Capital Ol\u00edmpica<\/h2>\n\n<p>Lausana ha sido durante muchos a\u00f1os el centro del Movimiento Ol\u00edmpico contempor\u00e1neo.\nActualmente, la regi\u00f3n alberga m\u00e1s de 50 organizaciones deportivas internacionales.\nEsto explica por qu\u00e9 el deporte y sus principios positivos han seguido formando parte de Suiza en su conjunto.\nLa visi\u00f3n de los JOJ es motivar a la juventud para que adopte y viva seg\u00fan los principios ol\u00edmpicos.   <\/p>\n\n<p>Son la amistad, el respeto y la excelencia de Lausana, una gran idea con la que se identificaron muchas personas de la ciudad.\nEsto ha sido fundamental para los j\u00f3venes de Suiza y de todo el mundo.\nCuando llegue 2020, tanto Suiza como Lausana se centrar\u00e1n en resaltar la exclusiva herencia ol\u00edmpica.  <\/p>\n\n<h2 class=\"wp-block-heading\">\u00bfD\u00f3nde tendr\u00e1 lugar el Evento?<\/h2>\n\n<p>Los Juegos Ol\u00edmpicos de la Juventud se celebrar\u00e1n en los alrededores de Lausana, cerca de los Alpes de Vaud y a orillas del lago Leman.\nLa villa ol\u00edmpica estar\u00e1 situada en la parte central de la ciudad.\nAll\u00ed se encuentra el campus universitario con capacidad para 35.000 estudiantes. <a href=\"\">La mascota<\/a> se llama Yodli.  <\/p>\n\n<p>Es un animal h\u00edbrido compuesto por varios animales suizos simb\u00f3licos que habitan en las monta\u00f1as suizas.\nEntre ellos hay un perro San Bernardo, una cabra y una vaca.\nLas caracter\u00edsticas de estos animales y su conexi\u00f3n con el medio ambiente est\u00e1n personificadas en Yodli.\nMuestran la diversidad de las personas que participar\u00e1n en los Juegos Ol\u00edmpicos de la Juventud de invierno de Lausana 2020.     <\/p>\n\n<h2 class=\"wp-block-heading\">Qu\u00e9 se presentar\u00e1 en Lausana 2020<\/h2>\n\n<p>El programa de los Juegos Ol\u00edmpicos de la Juventud incorporar\u00e1 por primera vez en la historia de los Juegos Ol\u00edmpicos de Invierno el esqu\u00ed de monta\u00f1a.\nConsistir\u00e1 en escalar monta\u00f1as con esqu\u00eds.\nDependiendo de la dificultad de la ascensi\u00f3n, los participantes tendr\u00e1n que cargar con los esqu\u00eds.\nFinalmente, tendr\u00e1n que volver esquiando al punto de partida.\nLa b\u00fasqueda de la igualdad de g\u00e9nero y la innovaci\u00f3n han dado lugar a la introducci\u00f3n de nuevas especialidades.\nPyeongChang, que debut\u00f3 en los Juegos Ol\u00edmpicos <a href=\"\">de Invierno <\/a>en 2018, debuta por fin en los Juegos Ol\u00edmpicos de la Juventud.     <\/p>\n\n<p>Varios deportes cortos de los Juegos Ol\u00edmpicos de la Juventud, como el hockey 5s y el baloncesto 3 x 3, han tenido \u00e9xito.\nEsto ha dado lugar a la adici\u00f3n de la inventiva versi\u00f3n 3 x 3 de hockey sobre hielo.\nEn los JOJ de 2020 se a\u00f1adir\u00e1n dos nuevas pruebas femeninas, una combinaci\u00f3n de n\u00f3rdico y luge doble.\nEstas pruebas est\u00e1n dise\u00f1adas para ayudar a crear un equilibrio de g\u00e9nero en los Juegos Ol\u00edmpicos de la Juventud de Invierno 2020.     <\/p>\n\n<h2 class=\"wp-block-heading\">Encendido de la Llama Ol\u00edmpica de la Juventud<\/h2>\n\n<p>La llama de los Juegos Ol\u00edmpicos de Invierno de la Juventud se encendi\u00f3 el 17 de septiembre en una ceremonia convencional en el Estadio Panatenaico de Atenas.\nM\u00e1s tarde, la llama regres\u00f3 a Suiza para iniciar una gira en la que se detendr\u00eda en cada distrito del pa\u00eds. <\/p>\n\n<p>Una vez completado el recorrido, la llama regresar\u00e1 a la Capital Ol\u00edmpica para el acto convencional de relevo de la antorcha.\nLa ceremonia de inauguraci\u00f3n de los Juegos Ol\u00edmpicos de Invierno de la Juventud tendr\u00e1 lugar el 9 de enero de 2020.   <\/p>\n\n<h2 class=\"wp-block-heading\">La Llama Ol\u00edmpica de la Juventud de Lausana 2020 encendida en Atenas<\/h2>\n\n<p>La ceremonia de encendido de la antorcha que precede a cualquier relevo de la antorcha ol\u00edmpica es uno de los acontecimientos ol\u00edmpicos m\u00e1s simb\u00f3licos.\nEl 17 de septiembre, le toc\u00f3 a Lausana 2020 ser el centro de atenci\u00f3n al encenderse su llama ol\u00edmpica, marcando el inicio de su viaje desde Atenas (Grecia) hasta Lausana (Suiza). <\/p>\n\n<p>Durante la ceremonia, una multitud de 1.400 ni\u00f1os de las escuelas locales, as\u00ed como representantes del Comit\u00e9 Ol\u00edmpico Hel\u00e9nico, observaron c\u00f3mo se encend\u00eda la llama utilizando los rayos del sol, como se hac\u00eda en los antiguos Juegos Ol\u00edmpicos.<\/p>\n\n<h2 class=\"wp-block-heading\">\u00bfEn qu\u00e9 consiste la Ceremonia de Encendido de la Antorcha?<\/h2>\n\n<p>El acto de encendido de la antorcha que tiene lugar antes del relevo de la antorcha ol\u00edmpica es una ceremonia simb\u00f3lica.\nLa llama se enciende con los rayos del sol, como ocurr\u00eda en las Olimpiadas arcaicas.\nAs\u00ed se enciende la antorcha ol\u00edmpica, que sigue ardiendo hasta la ceremonia de inauguraci\u00f3n de los Juegos Ol\u00edmpicos.  <\/p>\n\n<p>Durante la ceremonia de encendido de la llama de Lausana 2020 en Atenas, aproximadamente 1.400 escolares presenciaron el acto.\nA ellos se unieron en la ceremonia especial de encendido de la llama agentes del comit\u00e9 organizador local, el Comit\u00e9 Ol\u00edmpico Hel\u00e9nico y otros invitados. <\/p>\n\n<h2 class=\"wp-block-heading\">\u00bfAd\u00f3nde fue despu\u00e9s la Antorcha?<\/h2>\n\n<p>La llama se dirigi\u00f3 a Lausana para el lanzamiento oficial del recorrido de la antorcha, que comenz\u00f3 el 21 de septiembre.\nSe espera que cubra una excursi\u00f3n de 110 d\u00edas, en una clara demostraci\u00f3n del esp\u00edritu Ol\u00edmpico de la Juventud a los lugare\u00f1os.\nEl recorrido de la antorcha incorporar\u00e1 actividades colectivas relacionadas con la juventud.  <\/p>\n\n<p>Adem\u00e1s, habr\u00e1 un programa exclusivo sobre los Juegos de Lausana 2020.\nLa guinda del pastel ser\u00e1 la ceremonia de encendido de la antorcha a cargo de invitados populares, como ol\u00edmpicos.   <\/p>\n\n<h2 class=\"wp-block-heading\">Lo que dijeron los asistentes a la Ceremonia de Encendido de la Antorcha<\/h2>\n\n<p>Danka Bartekova, presidenta de la Comisi\u00f3n de Coordinaci\u00f3n del COI, asisti\u00f3 a la ceremonia.\nDijo: \u00abEsta llama Ol\u00edmpica de la Juventud inspirar\u00e1 a los incre\u00edbles atletas que se entrenan duramente para Lausana 2020, as\u00ed como a los j\u00f3venes aficionados de todo el mundo. Su viaje por Suiza tambi\u00e9n ayudar\u00e1 a destacar y celebrar todo lo que Suiza tiene que ofrecer, y a los j\u00f3venes con talento que participan en los preparativos. Es un honor formar parte de este viaje y devolver la llama a la Capital Ol\u00edmpica\u00bb. <\/p>\n\n<p>Por su parte, la Presidenta de Lausana 2020, Virginie Faivre, dijo lo siguiente.\n\u00abEs un momento importante para Lausana 2020, la ciudad de Lausana, el cant\u00f3n de Vaud y todo nuestro pa\u00eds. Ha sido un viaje de cuatro a\u00f1os de duraci\u00f3n. Desde 2015, cuando Lausana fue elegida sede de los Juegos Ol\u00edmpicos de la Juventud de Invierno, hemos trabajado muy duro para crear unos Juegos \u00fanicos. Unos Juegos para los j\u00f3venes, por los j\u00f3venes y con los j\u00f3venes. Hoy no s\u00f3lo estamos encendiendo la llama ol\u00edmpica, sino tambi\u00e9n el esp\u00edritu ol\u00edmpico de toda una nueva generaci\u00f3n de j\u00f3venes en Suiza y en todo el mundo\u00bb. <\/p>\n\n<h2 class=\"wp-block-heading\">La llegada de la Llama de los JOJ a Suiza<\/h2>\n\n<p>El 18 de septiembre de 2019, la llama de los Juegos Ol\u00edmpicos de Invierno de la Juventud aterriz\u00f3 en el Aeropuerto Internacional de Ginebra.\nVarias personas se encontraban en tierra para dar la bienvenida a la llama.\nEntre ellas, representantes del Cant\u00f3n de Ginebra, del Cant\u00f3n de Vaud, de la Ciudad de Lausana y de Lausana 2020.\nOtros agentes presentes fueron: el Comit\u00e9 Ol\u00edmpico Internacional (COI), SWISS Romande y el Aeropuerto de Ginebra.   <\/p>\n\n<p>Se encarg\u00f3 especialmente un avi\u00f3n suizo para transportar la llama.\nAdem\u00e1s, se celebr\u00f3 una conferencia de prensa en el interior de la terminal.\nSe centr\u00f3 en los principios ol\u00edmpicos y en la paz que la llama propagar\u00eda por Suiza y parte de Francia.\nLa llama se dirigi\u00f3 r\u00e1pidamente a la siguiente parada, facilitada por la red ferroviaria suiza.   <\/p>\n\n<p>Merece la pena mencionar que puedes conectar entre el aeropuerto de Lausana y el de Ginebra r\u00e1pida y f\u00e1cilmente.\n\u00bfPiensas asistir a alguno de los recorridos previstos de la antorcha?\n\u00bfO deseas asistir a la ceremonia de inauguraci\u00f3n de los Juegos Ol\u00edmpicos de Invierno de la Juventud?\nSi es as\u00ed, tendr\u00e1s f\u00e1cil acceso desde el Aeropuerto de Ginebra y Lausana y viceversa.     <\/p>\n\n<h2 class=\"wp-block-heading\">Unos 3.000 estudiantes se reunieron para celebrar Lausana 2020<\/h2>\n\n<p>El 19 de septiembre, m\u00e1s de 400 invitados y 3.000 estudiantes se reunieron en el Estadio Pierre-de-Coubertin de Lausana.\nLa reuni\u00f3n se organiz\u00f3 bajo el lema: \u00abUna bandera de Lausana 2020 en cada municipio de Vaud\u00bb.\nAqu\u00ed se conmemor\u00f3 el Cant\u00f3n de Vaud.  <\/p>\n\n<p>Al acto asisti\u00f3 un representante de cada municipio acompa\u00f1ado por dos estudiantes que portaban la bandera municipal.\nIntercambiar\u00edan la bandera de su municipio con la bandera de Lausana 2020.\nAl acto simb\u00f3lico asistieron 612 estudiantes.  <\/p>\n\n<p>En un fen\u00f3meno sorprendente, la llama ol\u00edmpica de la Juventud para Lausana 2020 estuvo en el acto.\nCuatro j\u00f3venes atletas hab\u00edan tra\u00eddo la llama al estadio, d\u00edas antes de que emprendiera una gira por Suiza. <\/p>\n\n<p>La Llama Ol\u00edmpica de la Juventud de Lausana 2020 tambi\u00e9n hizo una aparici\u00f3n sorpresa, tra\u00edda al estadio por cuatro j\u00f3venes atletas, pocos d\u00edas antes de que la antorcha parta para su viaje por Suiza.<\/p>\n\n<h2 class=\"wp-block-heading\">\u00bfQu\u00e9 dijeron los l\u00edderes asistentes?<\/h2>\n\n<p>El alcalde de la ciudad de Lausana, Gr\u00e9goire Junod, declar\u00f3: \u00abReunir a todos los municipios de Vaud y a sus escolares aqu\u00ed en Lausana, ciudad anfitriona de estos juegos, es un momento altamente simb\u00f3lico.\nTambi\u00e9n refleja el deseo de la ciudad de que este acontecimiento \u00fanico deje un legado en t\u00e9rminos deportivos y culturales.\u00bb <\/p>\n\n<p>Tambi\u00e9n asisti\u00f3 Cesla Amarelle, Jefe del Departamento de Educaci\u00f3n, Juventud y Cultura del Cant\u00f3n de Vaud.\nDijo: \u00abEstoy orgulloso de la forma en que las escuelas, los profesores y los alumnos se han apropiado de Lausana 2020. Los j\u00f3venes de Vaud podr\u00e1n vivir los Juegos no s\u00f3lo en las sedes de competici\u00f3n, sino tambi\u00e9n en las aulas, los talleres, las exposiciones o las iniciaciones deportivas, y siempre con un contenido educativo elaborado espec\u00edficamente para la ocasi\u00f3n. Ser\u00e1n verdaderas experiencias vitales para los alumnos\u00bb. <\/p>\n\n<h2 class=\"wp-block-heading\">Por fin<\/h2>\n\n<p>El objetivo de los Juegos Ol\u00edmpicos de la Juventud es inspirar a los j\u00f3venes de todo el mundo para que adopten las actividades deportivas.\nAdem\u00e1s de sensibilizar, estos juegos persuaden a los j\u00f3venes para que difundan los mensajes del movimiento ol\u00edmpico entre sus compa\u00f1eros.\nAl menos 1.880 atletas con igualdad de g\u00e9nero de m\u00e1s de 80 pa\u00edses participar\u00e1n en los JOJ de Lausana 2020.    <\/p>\n","protected":false},"excerpt":{"rendered":"<p>Los Juegos Ol\u00edmpicos de la Juventud de Invierno, conocidos popularmente como Lausana 2020, dar\u00e1n comienzo del 9 al 22 de enero de 2020.<br \/>\nSer\u00e1 la tercera edici\u00f3n de los Juegos Ol\u00edmpicos de la Juventud de Invierno, un acontecimiento polideportivo internacional dominante y un festival cultural para adolescentes.   <\/p>\n","protected":false},"author":6,"featured_media":0,"comment_status":"closed","ping_status":"open","sticky":false,"template":"","format":"standard","meta":{"_acf_changed":false,"inline_featured_image":false,"footnotes":""},"categories":[1368],"tags":[],"class_list":{"0":"post-91500","1":"post","2":"type-post","3":"status-publish","4":"format-standard","6":"category-articulos"},"acf":[],"yoast_head":"<!-- This site is optimized with the Yoast SEO Premium plugin v24.2 (Yoast SEO v24.7) - https:\/\/yoast.com\/wordpress\/plugins\/seo\/ -->\n<title>Olimpiadas de la Juventud en Lausana, Suiza - Les Elfes International Camps Switzerland<\/title>\n<meta name=\"robots\" content=\"index, follow, max-snippet:-1, max-image-preview:large, max-video-preview:-1\" \/>\n<link rel=\"canonical\" href=\"https:\/\/www.leselfes.com\/es\/olimpiadas-de-la-juventud-en-lausana-suiza\/\" \/>\n<meta property=\"og:locale\" content=\"es_ES\" \/>\n<meta property=\"og:type\" content=\"article\" \/>\n<meta property=\"og:title\" content=\"Olimpiadas de la Juventud en Lausana, Suiza\" \/>\n<meta property=\"og:description\" content=\"Los Juegos Ol\u00edmpicos de la Juventud de Invierno, conocidos popularmente como Lausana 2020, dar\u00e1n comienzo del 9 al 22 de enero de 2020. Ser\u00e1 la tercera edici\u00f3n de los Juegos Ol\u00edmpicos de la Juventud de Invierno, un acontecimiento polideportivo internacional dominante y un festival cultural para adolescentes.\" \/>\n<meta property=\"og:url\" content=\"https:\/\/www.leselfes.com\/es\/olimpiadas-de-la-juventud-en-lausana-suiza\/\" \/>\n<meta property=\"og:site_name\" content=\"Les Elfes International Camps Switzerland\" \/>\n<meta property=\"article:publisher\" content=\"https:\/\/www.facebook.com\/LesElfesVerbier\" \/>\n<meta property=\"article:published_time\" content=\"2019-09-24T16:50:48+00:00\" \/>\n<meta property=\"article:modified_time\" content=\"2024-11-12T10:59:12+00:00\" \/>\n<meta property=\"og:image\" content=\"https:\/\/www.leselfes.com\/wp-content\/uploads\/2022\/02\/Les-Elfes-International-summer-camp-Switzerland-Staff-Mobile-591x555-1.jpg\" \/>\n\t<meta property=\"og:image:width\" content=\"591\" \/>\n\t<meta property=\"og:image:height\" content=\"555\" \/>\n\t<meta property=\"og:image:type\" content=\"image\/jpeg\" \/>\n<meta name=\"author\" content=\"carlotta\" \/>\n<meta name=\"twitter:card\" content=\"summary_large_image\" \/>\n<meta name=\"twitter:creator\" content=\"@LesElfesCamps\" \/>\n<meta name=\"twitter:site\" content=\"@LesElfesCamps\" \/>\n<meta name=\"twitter:label1\" content=\"Escrito por\" \/>\n\t<meta name=\"twitter:data1\" content=\"carlotta\" \/>\n\t<meta name=\"twitter:label2\" content=\"Tiempo de lectura\" \/>\n\t<meta name=\"twitter:data2\" content=\"9 minutos\" \/>\n<script type=\"application\/ld+json\" class=\"yoast-schema-graph\">{\"@context\":\"https:\/\/schema.org\",\"@graph\":[{\"@type\":\"Article\",\"@id\":\"https:\/\/www.leselfes.com\/es\/olimpiadas-de-la-juventud-en-lausana-suiza\/#article\",\"isPartOf\":{\"@id\":\"https:\/\/www.leselfes.com\/es\/olimpiadas-de-la-juventud-en-lausana-suiza\/\"},\"author\":{\"name\":\"carlotta\",\"@id\":\"https:\/\/dev.leselfes.com\/#\/schema\/person\/9e8c1c68ef43ed5c58fa46ac5d8ee338\"},\"headline\":\"Olimpiadas de la Juventud en Lausana, Suiza\",\"datePublished\":\"2019-09-24T16:50:48+00:00\",\"dateModified\":\"2024-11-12T10:59:12+00:00\",\"mainEntityOfPage\":{\"@id\":\"https:\/\/www.leselfes.com\/es\/olimpiadas-de-la-juventud-en-lausana-suiza\/\"},\"wordCount\":1786,\"publisher\":{\"@id\":\"https:\/\/dev.leselfes.com\/#organization\"},\"articleSection\":[\"Art\u00edculos\"],\"inLanguage\":\"es\"},{\"@type\":\"WebPage\",\"@id\":\"https:\/\/www.leselfes.com\/es\/olimpiadas-de-la-juventud-en-lausana-suiza\/\",\"url\":\"https:\/\/www.leselfes.com\/es\/olimpiadas-de-la-juventud-en-lausana-suiza\/\",\"name\":\"Olimpiadas de la Juventud en Lausana, Suiza - Les Elfes International Camps Switzerland\",\"isPartOf\":{\"@id\":\"https:\/\/dev.leselfes.com\/#website\"},\"datePublished\":\"2019-09-24T16:50:48+00:00\",\"dateModified\":\"2024-11-12T10:59:12+00:00\",\"breadcrumb\":{\"@id\":\"https:\/\/www.leselfes.com\/es\/olimpiadas-de-la-juventud-en-lausana-suiza\/#breadcrumb\"},\"inLanguage\":\"es\",\"potentialAction\":[{\"@type\":\"ReadAction\",\"target\":[\"https:\/\/www.leselfes.com\/es\/olimpiadas-de-la-juventud-en-lausana-suiza\/\"]}]},{\"@type\":\"BreadcrumbList\",\"@id\":\"https:\/\/www.leselfes.com\/es\/olimpiadas-de-la-juventud-en-lausana-suiza\/#breadcrumb\",\"itemListElement\":[{\"@type\":\"ListItem\",\"position\":1,\"name\":\"Home\",\"item\":\"https:\/\/www.leselfes.com\/es\/inicio\/\"},{\"@type\":\"ListItem\",\"position\":2,\"name\":\"Olimpiadas de la Juventud en Lausana, Suiza\"}]},{\"@type\":\"WebSite\",\"@id\":\"https:\/\/dev.leselfes.com\/#website\",\"url\":\"https:\/\/dev.leselfes.com\/\",\"name\":\"Les Elfes International\",\"description\":\"Les Elfes International, Verbier Switzerland. Summer Camp, Winter Camp, Spring Camps.\",\"publisher\":{\"@id\":\"https:\/\/dev.leselfes.com\/#organization\"},\"alternateName\":\"Les Elfes International\",\"potentialAction\":[{\"@type\":\"SearchAction\",\"target\":{\"@type\":\"EntryPoint\",\"urlTemplate\":\"https:\/\/dev.leselfes.com\/?s={search_term_string}\"},\"query-input\":{\"@type\":\"PropertyValueSpecification\",\"valueRequired\":true,\"valueName\":\"search_term_string\"}}],\"inLanguage\":\"es\"},{\"@type\":\"Organization\",\"@id\":\"https:\/\/dev.leselfes.com\/#organization\",\"name\":\"Les Elfes International\",\"alternateName\":\"Les Elfes International\",\"url\":\"https:\/\/dev.leselfes.com\/\",\"logo\":{\"@type\":\"ImageObject\",\"inLanguage\":\"es\",\"@id\":\"https:\/\/dev.leselfes.com\/#\/schema\/logo\/image\/\",\"url\":\"https:\/\/www.leselfes.com\/wp-content\/uploads\/2022\/03\/leselfes-logo.png\",\"contentUrl\":\"https:\/\/www.leselfes.com\/wp-content\/uploads\/2022\/03\/leselfes-logo.png\",\"width\":233,\"height\":51,\"caption\":\"Les Elfes International\"},\"image\":{\"@id\":\"https:\/\/dev.leselfes.com\/#\/schema\/logo\/image\/\"},\"sameAs\":[\"https:\/\/www.facebook.com\/LesElfesVerbier\",\"https:\/\/x.com\/LesElfesCamps\",\"https:\/\/www.instagram.com\/leselfes\",\"https:\/\/www.linkedin.com\/company\/les-elfes-international\",\"https:\/\/www.youtube.com\/user\/LesElfesVerbier\"]},{\"@type\":\"Person\",\"@id\":\"https:\/\/dev.leselfes.com\/#\/schema\/person\/9e8c1c68ef43ed5c58fa46ac5d8ee338\",\"name\":\"carlotta\",\"image\":{\"@type\":\"ImageObject\",\"inLanguage\":\"es\",\"@id\":\"https:\/\/dev.leselfes.com\/#\/schema\/person\/image\/\",\"url\":\"https:\/\/secure.gravatar.com\/avatar\/fdb243a028df450397b3632d862f87f6?s=96&d=mm&r=g\",\"contentUrl\":\"https:\/\/secure.gravatar.com\/avatar\/fdb243a028df450397b3632d862f87f6?s=96&d=mm&r=g\",\"caption\":\"carlotta\"},\"description\":\"Since 1987, Les Elfes International organizes ski trips &amp; field trips for leading schools around the world as well as winter &amp; summer camps for individual students aged between 6 y.o. and 17 y.o. from more than 60 nationalities. Welcoming 5'000 children and more than 200 schools a year from December until the end of October, Les Elfes has become a leading provider in the individual and school\u2019s trip industry. Our Winter and Summer Camps, ski and field trips provide more than just great activities and experiences. We introduce lifelong skills such as communicating with others without phone or laptop and understanding the value of living in a community away from home. Moreover, campers will be able to build a strong friend network and fortify the relationship among future classmates.\",\"sameAs\":[\"https:\/\/www.linkedin.com\/company\/les-elfes-international\/\"],\"url\":\"https:\/\/www.leselfes.com\/es\/author\/carlotta\/\"}]}<\/script>\n<!-- \/ Yoast SEO Premium plugin. -->","yoast_head_json":{"title":"Olimpiadas de la Juventud en Lausana, Suiza - Les Elfes International Camps Switzerland","robots":{"index":"index","follow":"follow","max-snippet":"max-snippet:-1","max-image-preview":"max-image-preview:large","max-video-preview":"max-video-preview:-1"},"canonical":"https:\/\/www.leselfes.com\/es\/olimpiadas-de-la-juventud-en-lausana-suiza\/","og_locale":"es_ES","og_type":"article","og_title":"Olimpiadas de la Juventud en Lausana, Suiza","og_description":"Los Juegos Ol\u00edmpicos de la Juventud de Invierno, conocidos popularmente como Lausana 2020, dar\u00e1n comienzo del 9 al 22 de enero de 2020. Ser\u00e1 la tercera edici\u00f3n de los Juegos Ol\u00edmpicos de la Juventud de Invierno, un acontecimiento polideportivo internacional dominante y un festival cultural para adolescentes.","og_url":"https:\/\/www.leselfes.com\/es\/olimpiadas-de-la-juventud-en-lausana-suiza\/","og_site_name":"Les Elfes International Camps Switzerland","article_publisher":"https:\/\/www.facebook.com\/LesElfesVerbier","article_published_time":"2019-09-24T16:50:48+00:00","article_modified_time":"2024-11-12T10:59:12+00:00","og_image":[{"width":591,"height":555,"url":"https:\/\/www.leselfes.com\/wp-content\/uploads\/2022\/02\/Les-Elfes-International-summer-camp-Switzerland-Staff-Mobile-591x555-1.jpg","type":"image\/jpeg"}],"author":"carlotta","twitter_card":"summary_large_image","twitter_creator":"@LesElfesCamps","twitter_site":"@LesElfesCamps","twitter_misc":{"Escrito por":"carlotta","Tiempo de lectura":"9 minutos"},"schema":{"@context":"https:\/\/schema.org","@graph":[{"@type":"Article","@id":"https:\/\/www.leselfes.com\/es\/olimpiadas-de-la-juventud-en-lausana-suiza\/#article","isPartOf":{"@id":"https:\/\/www.leselfes.com\/es\/olimpiadas-de-la-juventud-en-lausana-suiza\/"},"author":{"name":"carlotta","@id":"https:\/\/dev.leselfes.com\/#\/schema\/person\/9e8c1c68ef43ed5c58fa46ac5d8ee338"},"headline":"Olimpiadas de la Juventud en Lausana, Suiza","datePublished":"2019-09-24T16:50:48+00:00","dateModified":"2024-11-12T10:59:12+00:00","mainEntityOfPage":{"@id":"https:\/\/www.leselfes.com\/es\/olimpiadas-de-la-juventud-en-lausana-suiza\/"},"wordCount":1786,"publisher":{"@id":"https:\/\/dev.leselfes.com\/#organization"},"articleSection":["Art\u00edculos"],"inLanguage":"es"},{"@type":"WebPage","@id":"https:\/\/www.leselfes.com\/es\/olimpiadas-de-la-juventud-en-lausana-suiza\/","url":"https:\/\/www.leselfes.com\/es\/olimpiadas-de-la-juventud-en-lausana-suiza\/","name":"Olimpiadas de la Juventud en Lausana, Suiza - Les Elfes International Camps Switzerland","isPartOf":{"@id":"https:\/\/dev.leselfes.com\/#website"},"datePublished":"2019-09-24T16:50:48+00:00","dateModified":"2024-11-12T10:59:12+00:00","breadcrumb":{"@id":"https:\/\/www.leselfes.com\/es\/olimpiadas-de-la-juventud-en-lausana-suiza\/#breadcrumb"},"inLanguage":"es","potentialAction":[{"@type":"ReadAction","target":["https:\/\/www.leselfes.com\/es\/olimpiadas-de-la-juventud-en-lausana-suiza\/"]}]},{"@type":"BreadcrumbList","@id":"https:\/\/www.leselfes.com\/es\/olimpiadas-de-la-juventud-en-lausana-suiza\/#breadcrumb","itemListElement":[{"@type":"ListItem","position":1,"name":"Home","item":"https:\/\/www.leselfes.com\/es\/inicio\/"},{"@type":"ListItem","position":2,"name":"Olimpiadas de la Juventud en Lausana, Suiza"}]},{"@type":"WebSite","@id":"https:\/\/dev.leselfes.com\/#website","url":"https:\/\/dev.leselfes.com\/","name":"Les Elfes International","description":"Les Elfes International, Verbier Switzerland. Summer Camp, Winter Camp, Spring Camps.","publisher":{"@id":"https:\/\/dev.leselfes.com\/#organization"},"alternateName":"Les Elfes International","potentialAction":[{"@type":"SearchAction","target":{"@type":"EntryPoint","urlTemplate":"https:\/\/dev.leselfes.com\/?s={search_term_string}"},"query-input":{"@type":"PropertyValueSpecification","valueRequired":true,"valueName":"search_term_string"}}],"inLanguage":"es"},{"@type":"Organization","@id":"https:\/\/dev.leselfes.com\/#organization","name":"Les Elfes International","alternateName":"Les Elfes International","url":"https:\/\/dev.leselfes.com\/","logo":{"@type":"ImageObject","inLanguage":"es","@id":"https:\/\/dev.leselfes.com\/#\/schema\/logo\/image\/","url":"https:\/\/www.leselfes.com\/wp-content\/uploads\/2022\/03\/leselfes-logo.png","contentUrl":"https:\/\/www.leselfes.com\/wp-content\/uploads\/2022\/03\/leselfes-logo.png","width":233,"height":51,"caption":"Les Elfes International"},"image":{"@id":"https:\/\/dev.leselfes.com\/#\/schema\/logo\/image\/"},"sameAs":["https:\/\/www.facebook.com\/LesElfesVerbier","https:\/\/x.com\/LesElfesCamps","https:\/\/www.instagram.com\/leselfes","https:\/\/www.linkedin.com\/company\/les-elfes-international","https:\/\/www.youtube.com\/user\/LesElfesVerbier"]},{"@type":"Person","@id":"https:\/\/dev.leselfes.com\/#\/schema\/person\/9e8c1c68ef43ed5c58fa46ac5d8ee338","name":"carlotta","image":{"@type":"ImageObject","inLanguage":"es","@id":"https:\/\/dev.leselfes.com\/#\/schema\/person\/image\/","url":"https:\/\/secure.gravatar.com\/avatar\/fdb243a028df450397b3632d862f87f6?s=96&d=mm&r=g","contentUrl":"https:\/\/secure.gravatar.com\/avatar\/fdb243a028df450397b3632d862f87f6?s=96&d=mm&r=g","caption":"carlotta"},"description":"Since 1987, Les Elfes International organizes ski trips &amp; field trips for leading schools around the world as well as winter &amp; summer camps for individual students aged between 6 y.o. and 17 y.o. from more than 60 nationalities. Welcoming 5'000 children and more than 200 schools a year from December until the end of October, Les Elfes has become a leading provider in the individual and school\u2019s trip industry. Our Winter and Summer Camps, ski and field trips provide more than just great activities and experiences. We introduce lifelong skills such as communicating with others without phone or laptop and understanding the value of living in a community away from home. Moreover, campers will be able to build a strong friend network and fortify the relationship among future classmates.","sameAs":["https:\/\/www.linkedin.com\/company\/les-elfes-international\/"],"url":"https:\/\/www.leselfes.com\/es\/author\/carlotta\/"}]}},"_links":{"self":[{"href":"https:\/\/www.leselfes.com\/es\/wp-json\/wp\/v2\/posts\/91500"}],"collection":[{"href":"https:\/\/www.leselfes.com\/es\/wp-json\/wp\/v2\/posts"}],"about":[{"href":"https:\/\/www.leselfes.com\/es\/wp-json\/wp\/v2\/types\/post"}],"author":[{"embeddable":true,"href":"https:\/\/www.leselfes.com\/es\/wp-json\/wp\/v2\/users\/6"}],"replies":[{"embeddable":true,"href":"https:\/\/www.leselfes.com\/es\/wp-json\/wp\/v2\/comments?post=91500"}],"version-history":[{"count":0,"href":"https:\/\/www.leselfes.com\/es\/wp-json\/wp\/v2\/posts\/91500\/revisions"}],"wp:attachment":[{"href":"https:\/\/www.leselfes.com\/es\/wp-json\/wp\/v2\/media?parent=91500"}],"wp:term":[{"taxonomy":"category","embeddable":true,"href":"https:\/\/www.leselfes.com\/es\/wp-json\/wp\/v2\/categories?post=91500"},{"taxonomy":"post_tag","embeddable":true,"href":"https:\/\/www.leselfes.com\/es\/wp-json\/wp\/v2\/tags?post=91500"}],"curies":[{"name":"wp","href":"https:\/\/api.w.org\/{rel}","templated":true}]}}