{"id":92060,"date":"2020-02-25T08:36:41","date_gmt":"2020-02-25T07:36:41","guid":{"rendered":"https:\/\/www.leselfes.com\/como-les-elfes-se-esta-volviendo-verde\/"},"modified":"2024-11-12T12:11:26","modified_gmt":"2024-11-12T11:11:26","slug":"como-les-elfes-se-esta-volviendo-verde","status":"publish","type":"post","link":"https:\/\/www.leselfes.com\/es\/como-les-elfes-se-esta-volviendo-verde\/","title":{"rendered":"\u00bfC\u00f3mo Les Elfes se est\u00e1 volviendo Verde?"},"content":{"rendered":"<\/p>\n\n\n<figure>\n<p>Estimados todos,<\/p>\n<p>Los campamentos de invierno ya est\u00e1n en marcha, pero ahora miramos hacia los meses m\u00e1s c\u00e1lidos, pronto comenzar\u00e1n nuestros Campamentos de Verano y en este art\u00edculo, hablamos de Les Elfes Green y de algunas nuevas actividades de concienciaci\u00f3n medioambiental.  <\/p>\n<p>Al acoger cada a\u00f1o a m\u00e1s de 5.000 ni\u00f1os de todo el mundo, tenemos una gran responsabilidad.\nUn campamento es una herramienta fant\u00e1stica para que los ni\u00f1os desarrollen una serie de habilidades y un lugar estupendo para aprender sobre un gran n\u00famero de temas, lejos de las aulas.   <\/p>\n\n<p>Un tema que nos interesa especialmente es nuestro clima, el impacto que tenemos en nuestro entorno y, en general, ser m\u00e1s conscientes de c\u00f3mo los peque\u00f1os cambios pueden suponer una gran diferencia.\nPor tanto, nos hemos examinado a nosotros mismos como empresa y nuestra forma de actuar, predicando con el ejemplo lo mejor que podemos; el reto es ciertamente grande.   <\/p>\n<p>Empezamos con varios cambios, desde dejar de utilizar pl\u00e1sticos desechables y cambiar a reutilizables lavables, reducir la cantidad de papel que utilizamos, y tenemos previsto pasar a ser totalmente electr\u00f3nicos en nuestra administraci\u00f3n diaria con el uso de ordenadores port\u00e1tiles, hasta controlar mejor los sistemas de calefacci\u00f3n y las luces.  <\/p>\n<\/figure>\n<p>\n<\/p>\n\n<h2 style=\"text-align: left;\">Decidimos introducir actividades que pudieran ense\u00f1ar a los alumnos sobre Sostenibilidad<\/h2>\n<p>\n<\/p>\n<p>Durante nuestros campamentos de verano hemos introducido una actividad en cada uno de nuestros grupos de edad que implicar\u00e1 educar a los campistas sobre nuestro clima local y alg\u00fan tipo de trabajo pr\u00e1ctico de servicio:  <\/p>\n\n<p>Descubrimientos: Los campistas subir\u00e1n en telef\u00e9rico al monte Fort, el punto m\u00e1s alto de Verbier, a 3300 m, el grupo aprender\u00e1 sobre el retroceso de los glaciares en la regi\u00f3n, y de hecho, hasta 1999 se esquiaba en verano en el monte Fort.\nEl grupo participar\u00e1 en algunas actividades divertidas al aire libre orientadas a comprender mejor los efectos del cambio clim\u00e1tico, ayudar a los ni\u00f1os a enamorarse de la naturaleza e intentar crear h\u00e1bitos ecol\u00f3gicos para toda la familia.   <\/p>\n\n<p>Exploradores: El a\u00f1o pasado, los Exploradores participaron en nuestros planes de plantaci\u00f3n de \u00e1rboles, y este a\u00f1o nos esforzamos por volver al mismo lugar y ver c\u00f3mo han evolucionado nuestros j\u00f3venes arbolitos, y por continuar con el plan, comprender c\u00f3mo gestiona la silvicultura la comuna local y la magnitud del trabajo que conlleva es una experiencia pr\u00e1ctica y de gran aprendizaje.  <\/p>\n\n<div class=\"wp-block-image\"><figure class=\"aligncenter\"><img decoding=\"async\" src=\"https:\/\/www.leselfes.com\/wp-content\/uploads\/2020\/02\/Planting-Trees-1.jpg\" alt=\"Plantaci&#xF3;n de &#xE1;rboles\"\/><\/figure><\/div>\n\n<p>Pioneros: Les Elfes se ha asociado con <a href=\"https:\/\/verbiergreen.com\">Verbier Green<\/a>, donde Josh y su equipo han estado muy ocupados \u00abproporcionando materiales claros y concisos para ayudar a las empresas, residencias privadas y chalets a reciclar TODOS los materiales, incluidos los pl\u00e1sticos y los residuos alimentarios\u00bb. Comprender la magnitud de su tarea en Verbier, lo que hacen entre bastidores y, lo que es m\u00e1s importante, c\u00f3mo est\u00e1n influyendo tanto en el medio ambiente como en la optimizaci\u00f3n de los recursos de las empresas locales es realmente interesante y, por supuesto, el grupo ser\u00e1 pr\u00e1ctico y estar\u00e1 al aire libre.  <\/p>\n\n<div class=\"wp-block-image\"><figure class=\"aligncenter\"><img decoding=\"async\" src=\"https:\/\/www.leselfes.com\/wp-content\/uploads\/2020\/02\/Planting-Trees-4.jpg\" alt=\"Plantaci&#xF3;n de &#xE1;rboles\"\/><\/figure><\/div>\n\n<h2 class=\"has-text-align-left wp-block-heading\">Las acciones que hemos emprendido, con m\u00e1s detalle&#8230;<\/h2>\n\n<ul class=\"wp-block-list\"><li><strong>Reciclaje<\/strong><\/li><\/ul>\n\n<p>GASTROVERT<\/p>\n\n<p>Desde 2011, Satom SA ofrece la recogida de alimentos desechados y su transporte a la planta de metanizaci\u00f3n de Villeneuve.\nUna vez all\u00ed, los residuos se utilizan para la producci\u00f3n de biog\u00e1s, energ\u00eda el\u00e9ctrica verde, calor y compost. <\/p>\n\n<ul class=\"wp-block-list\"><li><strong>Utilizar energ\u00edas renovables<\/strong><\/li><\/ul>\n\n<p>HIDROEL\u00c9CTRICO  <\/p>\n\n<p>En Les Elfes, m\u00e1s del 94,4% de la energ\u00eda utilizada procede de energ\u00eda hidr\u00e1ulica renovable.\nDesde hace unos a\u00f1os, formamos parte de Electra Hydris de ALTIS, un producto con etiqueta Blueelec resultante de la producci\u00f3n de energ\u00eda hidroel\u00e9ctrica.   <\/p>\n\n<p><a href=\"https:\/\/www.kitro.ch\/\">DEVORE<\/a><\/p>\n\n<p>Con la idea de analizar la cantidad de comida que se desperdicia, Les Elfes se convirti\u00f3 en socio oficial de Devore en 2019.\nKITRO, un aparato especial de Devore, se ha instalado en las cocinas de Les Elfes para calcular la cantidad de comida que se tira a los contenedores.\nTras unos meses de recogida de datos, se nos informar\u00e1 de los resultados y se tomar\u00e1n medidas para disminuir el desperdicio de alimentos.  <\/p>\n\n<p><strong>Adem\u00e1s&#8230;<\/strong><\/p>\n\n<p>Alimentaci\u00f3n  <\/p>\n\n<ul class=\"wp-block-list\"><li>Los cocineros de Les Elfes han reducido la cantidad de carne en el men\u00fa, conservando, por supuesto, las necesidades nutricionales de un programa de invierno o verano intenso.  <\/li><li>Nuestros residuos de comida tambi\u00e9n se reciclan, de hecho en Suiza cada persona es responsable de 190 kilos de residuos de comida al a\u00f1o, nuestro objetivo es reducirlo en gran medida, reutilizando higi\u00e9nicamente la comida que de otro modo se habr\u00eda tirado.\nPor ejemplo, si en la cocina se cocinan 100 pechugas de pollo, y s\u00f3lo servimos 70, el pollo restante se guarda y se utiliza para s\u00e1ndwiches de pollo con mayonesa al d\u00eda siguiente, en lugar de tirarlo.\nTe recordamos que NUNCA utilizamos comida que ya se haya servido.    <\/li><li>Tambi\u00e9n intentamos encargar comida a proveedores m\u00e1s locales.\nTodo nuestro pan, productos l\u00e1cteos y la mayor\u00eda de nuestras verduras proceden de Suiza o Francia, lo que limita el tiempo que tardan en llegar nuestros alimentos.   <\/li><li>\u00a1Comida fresca!\nCocinar y elaborar nuestros propios alimentos es muy beneficioso para el medio ambiente.   <\/li><\/ul>\n\n<p>  Campus y oficinas<\/p>\n\n<ul class=\"wp-block-list\"><li>Estamos intentando prescindir del papel en la medida de lo posible, esto es un verdadero reto, y m\u00e1s bien un objetivo a largo plazo.  <\/li><li>Todas las ma\u00f1anas se comprueban las dependencias, se baja la calefacci\u00f3n y se apagan las luces, y estos peque\u00f1os cambios tienen un impacto positivo.\nPor favor, lee los carteles que hay detr\u00e1s de las puertas de tus habitaciones.   <\/li><\/ul>\n\n<p><\/p>\n","protected":false},"excerpt":{"rendered":"<p>Los campamentos Les Elfes se est\u00e1n volviendo ecol\u00f3gicos.<br \/>\nEstamos introduciendo programas y actividades sostenibles para los alumnos <\/p>\n","protected":false},"author":1,"featured_media":72635,"comment_status":"open","ping_status":"open","sticky":false,"template":"","format":"standard","meta":{"_acf_changed":false,"inline_featured_image":false,"footnotes":""},"categories":[1068],"tags":[],"class_list":{"0":"post-92060","1":"post","2":"type-post","3":"status-publish","4":"format-standard","5":"has-post-thumbnail","7":"category-sin-categorizar"},"acf":[],"yoast_head":"<!-- This site is optimized with the Yoast SEO Premium plugin v24.2 (Yoast SEO v24.7) - https:\/\/yoast.com\/wordpress\/plugins\/seo\/ -->\n<title>\u00bfC\u00f3mo Les Elfes se est\u00e1 volviendo Verde? - Les Elfes International Camps Switzerland<\/title>\n<meta name=\"robots\" content=\"index, follow, max-snippet:-1, max-image-preview:large, max-video-preview:-1\" \/>\n<link rel=\"canonical\" href=\"https:\/\/www.leselfes.com\/es\/como-les-elfes-se-esta-volviendo-verde\/\" \/>\n<meta property=\"og:locale\" content=\"es_ES\" \/>\n<meta property=\"og:type\" content=\"article\" \/>\n<meta property=\"og:title\" content=\"\u00bfC\u00f3mo Les Elfes se est\u00e1 volviendo Verde?\" \/>\n<meta property=\"og:description\" content=\"Los campamentos Les Elfes se est\u00e1n volviendo ecol\u00f3gicos. Estamos introduciendo programas y actividades sostenibles para los alumnos\" \/>\n<meta property=\"og:url\" content=\"https:\/\/www.leselfes.com\/es\/como-les-elfes-se-esta-volviendo-verde\/\" \/>\n<meta property=\"og:site_name\" content=\"Les Elfes International Camps Switzerland\" \/>\n<meta property=\"article:publisher\" content=\"https:\/\/www.facebook.com\/LesElfesVerbier\" \/>\n<meta property=\"article:published_time\" content=\"2020-02-25T07:36:41+00:00\" \/>\n<meta property=\"article:modified_time\" content=\"2024-11-12T11:11:26+00:00\" \/>\n<meta property=\"og:image\" content=\"https:\/\/dev.leselfes.com\/wp-content\/uploads\/2020\/02\/Planting-Trees-4.jpg\" \/>\n\t<meta property=\"og:image:width\" content=\"1600\" \/>\n\t<meta property=\"og:image:height\" content=\"900\" \/>\n\t<meta property=\"og:image:type\" content=\"image\/jpeg\" \/>\n<meta name=\"author\" content=\"lesadmin\" \/>\n<meta name=\"twitter:card\" content=\"summary_large_image\" \/>\n<meta name=\"twitter:creator\" content=\"@LesElfesCamps\" \/>\n<meta name=\"twitter:site\" content=\"@LesElfesCamps\" \/>\n<meta name=\"twitter:label1\" content=\"Escrito por\" \/>\n\t<meta name=\"twitter:data1\" content=\"lesadmin\" \/>\n\t<meta name=\"twitter:label2\" content=\"Tiempo de lectura\" \/>\n\t<meta name=\"twitter:data2\" content=\"5 minutos\" \/>\n<script type=\"application\/ld+json\" class=\"yoast-schema-graph\">{\"@context\":\"https:\/\/schema.org\",\"@graph\":[{\"@type\":\"Article\",\"@id\":\"https:\/\/www.leselfes.com\/es\/como-les-elfes-se-esta-volviendo-verde\/#article\",\"isPartOf\":{\"@id\":\"https:\/\/www.leselfes.com\/es\/como-les-elfes-se-esta-volviendo-verde\/\"},\"author\":{\"name\":\"lesadmin\",\"@id\":\"https:\/\/dev.leselfes.com\/#\/schema\/person\/407a229698868b8c603874b19f37f289\"},\"headline\":\"\u00bfC\u00f3mo Les Elfes se est\u00e1 volviendo Verde?\",\"datePublished\":\"2020-02-25T07:36:41+00:00\",\"dateModified\":\"2024-11-12T11:11:26+00:00\",\"mainEntityOfPage\":{\"@id\":\"https:\/\/www.leselfes.com\/es\/como-les-elfes-se-esta-volviendo-verde\/\"},\"wordCount\":960,\"commentCount\":0,\"publisher\":{\"@id\":\"https:\/\/dev.leselfes.com\/#organization\"},\"image\":{\"@id\":\"https:\/\/www.leselfes.com\/es\/como-les-elfes-se-esta-volviendo-verde\/#primaryimage\"},\"thumbnailUrl\":\"https:\/\/www.leselfes.com\/wp-content\/uploads\/2020\/02\/Planting-Trees-4.jpg\",\"articleSection\":[\"Sin categorizar\"],\"inLanguage\":\"es\",\"potentialAction\":[{\"@type\":\"CommentAction\",\"name\":\"Comment\",\"target\":[\"https:\/\/www.leselfes.com\/es\/como-les-elfes-se-esta-volviendo-verde\/#respond\"]}]},{\"@type\":\"WebPage\",\"@id\":\"https:\/\/www.leselfes.com\/es\/como-les-elfes-se-esta-volviendo-verde\/\",\"url\":\"https:\/\/www.leselfes.com\/es\/como-les-elfes-se-esta-volviendo-verde\/\",\"name\":\"\u00bfC\u00f3mo Les Elfes se est\u00e1 volviendo Verde? - Les Elfes International Camps Switzerland\",\"isPartOf\":{\"@id\":\"https:\/\/dev.leselfes.com\/#website\"},\"primaryImageOfPage\":{\"@id\":\"https:\/\/www.leselfes.com\/es\/como-les-elfes-se-esta-volviendo-verde\/#primaryimage\"},\"image\":{\"@id\":\"https:\/\/www.leselfes.com\/es\/como-les-elfes-se-esta-volviendo-verde\/#primaryimage\"},\"thumbnailUrl\":\"https:\/\/www.leselfes.com\/wp-content\/uploads\/2020\/02\/Planting-Trees-4.jpg\",\"datePublished\":\"2020-02-25T07:36:41+00:00\",\"dateModified\":\"2024-11-12T11:11:26+00:00\",\"breadcrumb\":{\"@id\":\"https:\/\/www.leselfes.com\/es\/como-les-elfes-se-esta-volviendo-verde\/#breadcrumb\"},\"inLanguage\":\"es\",\"potentialAction\":[{\"@type\":\"ReadAction\",\"target\":[\"https:\/\/www.leselfes.com\/es\/como-les-elfes-se-esta-volviendo-verde\/\"]}]},{\"@type\":\"ImageObject\",\"inLanguage\":\"es\",\"@id\":\"https:\/\/www.leselfes.com\/es\/como-les-elfes-se-esta-volviendo-verde\/#primaryimage\",\"url\":\"https:\/\/www.leselfes.com\/wp-content\/uploads\/2020\/02\/Planting-Trees-4.jpg\",\"contentUrl\":\"https:\/\/www.leselfes.com\/wp-content\/uploads\/2020\/02\/Planting-Trees-4.jpg\",\"width\":1600,\"height\":900},{\"@type\":\"BreadcrumbList\",\"@id\":\"https:\/\/www.leselfes.com\/es\/como-les-elfes-se-esta-volviendo-verde\/#breadcrumb\",\"itemListElement\":[{\"@type\":\"ListItem\",\"position\":1,\"name\":\"Home\",\"item\":\"https:\/\/www.leselfes.com\/es\/inicio\/\"},{\"@type\":\"ListItem\",\"position\":2,\"name\":\"\u00bfC\u00f3mo Les Elfes se est\u00e1 volviendo Verde?\"}]},{\"@type\":\"WebSite\",\"@id\":\"https:\/\/dev.leselfes.com\/#website\",\"url\":\"https:\/\/dev.leselfes.com\/\",\"name\":\"Les Elfes International\",\"description\":\"Les Elfes International, Verbier Switzerland. Summer Camp, Winter Camp, Spring Camps.\",\"publisher\":{\"@id\":\"https:\/\/dev.leselfes.com\/#organization\"},\"alternateName\":\"Les Elfes International\",\"potentialAction\":[{\"@type\":\"SearchAction\",\"target\":{\"@type\":\"EntryPoint\",\"urlTemplate\":\"https:\/\/dev.leselfes.com\/?s={search_term_string}\"},\"query-input\":{\"@type\":\"PropertyValueSpecification\",\"valueRequired\":true,\"valueName\":\"search_term_string\"}}],\"inLanguage\":\"es\"},{\"@type\":\"Organization\",\"@id\":\"https:\/\/dev.leselfes.com\/#organization\",\"name\":\"Les Elfes International\",\"alternateName\":\"Les Elfes International\",\"url\":\"https:\/\/dev.leselfes.com\/\",\"logo\":{\"@type\":\"ImageObject\",\"inLanguage\":\"es\",\"@id\":\"https:\/\/dev.leselfes.com\/#\/schema\/logo\/image\/\",\"url\":\"https:\/\/www.leselfes.com\/wp-content\/uploads\/2022\/03\/leselfes-logo.png\",\"contentUrl\":\"https:\/\/www.leselfes.com\/wp-content\/uploads\/2022\/03\/leselfes-logo.png\",\"width\":233,\"height\":51,\"caption\":\"Les Elfes International\"},\"image\":{\"@id\":\"https:\/\/dev.leselfes.com\/#\/schema\/logo\/image\/\"},\"sameAs\":[\"https:\/\/www.facebook.com\/LesElfesVerbier\",\"https:\/\/x.com\/LesElfesCamps\",\"https:\/\/www.instagram.com\/leselfes\",\"https:\/\/www.linkedin.com\/company\/les-elfes-international\",\"https:\/\/www.youtube.com\/user\/LesElfesVerbier\"]},{\"@type\":\"Person\",\"@id\":\"https:\/\/dev.leselfes.com\/#\/schema\/person\/407a229698868b8c603874b19f37f289\",\"name\":\"lesadmin\",\"image\":{\"@type\":\"ImageObject\",\"inLanguage\":\"es\",\"@id\":\"https:\/\/dev.leselfes.com\/#\/schema\/person\/image\/\",\"url\":\"https:\/\/secure.gravatar.com\/avatar\/fdb243a028df450397b3632d862f87f6?s=96&d=mm&r=g\",\"contentUrl\":\"https:\/\/secure.gravatar.com\/avatar\/fdb243a028df450397b3632d862f87f6?s=96&d=mm&r=g\",\"caption\":\"lesadmin\"},\"url\":\"https:\/\/www.leselfes.com\/es\/author\/lesadmin\/\"}]}<\/script>\n<!-- \/ Yoast SEO Premium plugin. -->","yoast_head_json":{"title":"\u00bfC\u00f3mo Les Elfes se est\u00e1 volviendo Verde? - Les Elfes International Camps Switzerland","robots":{"index":"index","follow":"follow","max-snippet":"max-snippet:-1","max-image-preview":"max-image-preview:large","max-video-preview":"max-video-preview:-1"},"canonical":"https:\/\/www.leselfes.com\/es\/como-les-elfes-se-esta-volviendo-verde\/","og_locale":"es_ES","og_type":"article","og_title":"\u00bfC\u00f3mo Les Elfes se est\u00e1 volviendo Verde?","og_description":"Los campamentos Les Elfes se est\u00e1n volviendo ecol\u00f3gicos. Estamos introduciendo programas y actividades sostenibles para los alumnos","og_url":"https:\/\/www.leselfes.com\/es\/como-les-elfes-se-esta-volviendo-verde\/","og_site_name":"Les Elfes International Camps Switzerland","article_publisher":"https:\/\/www.facebook.com\/LesElfesVerbier","article_published_time":"2020-02-25T07:36:41+00:00","article_modified_time":"2024-11-12T11:11:26+00:00","og_image":[{"width":1600,"height":900,"url":"https:\/\/dev.leselfes.com\/wp-content\/uploads\/2020\/02\/Planting-Trees-4.jpg","type":"image\/jpeg"}],"author":"lesadmin","twitter_card":"summary_large_image","twitter_creator":"@LesElfesCamps","twitter_site":"@LesElfesCamps","twitter_misc":{"Escrito por":"lesadmin","Tiempo de lectura":"5 minutos"},"schema":{"@context":"https:\/\/schema.org","@graph":[{"@type":"Article","@id":"https:\/\/www.leselfes.com\/es\/como-les-elfes-se-esta-volviendo-verde\/#article","isPartOf":{"@id":"https:\/\/www.leselfes.com\/es\/como-les-elfes-se-esta-volviendo-verde\/"},"author":{"name":"lesadmin","@id":"https:\/\/dev.leselfes.com\/#\/schema\/person\/407a229698868b8c603874b19f37f289"},"headline":"\u00bfC\u00f3mo Les Elfes se est\u00e1 volviendo Verde?","datePublished":"2020-02-25T07:36:41+00:00","dateModified":"2024-11-12T11:11:26+00:00","mainEntityOfPage":{"@id":"https:\/\/www.leselfes.com\/es\/como-les-elfes-se-esta-volviendo-verde\/"},"wordCount":960,"commentCount":0,"publisher":{"@id":"https:\/\/dev.leselfes.com\/#organization"},"image":{"@id":"https:\/\/www.leselfes.com\/es\/como-les-elfes-se-esta-volviendo-verde\/#primaryimage"},"thumbnailUrl":"https:\/\/www.leselfes.com\/wp-content\/uploads\/2020\/02\/Planting-Trees-4.jpg","articleSection":["Sin categorizar"],"inLanguage":"es","potentialAction":[{"@type":"CommentAction","name":"Comment","target":["https:\/\/www.leselfes.com\/es\/como-les-elfes-se-esta-volviendo-verde\/#respond"]}]},{"@type":"WebPage","@id":"https:\/\/www.leselfes.com\/es\/como-les-elfes-se-esta-volviendo-verde\/","url":"https:\/\/www.leselfes.com\/es\/como-les-elfes-se-esta-volviendo-verde\/","name":"\u00bfC\u00f3mo Les Elfes se est\u00e1 volviendo Verde? - Les Elfes International Camps Switzerland","isPartOf":{"@id":"https:\/\/dev.leselfes.com\/#website"},"primaryImageOfPage":{"@id":"https:\/\/www.leselfes.com\/es\/como-les-elfes-se-esta-volviendo-verde\/#primaryimage"},"image":{"@id":"https:\/\/www.leselfes.com\/es\/como-les-elfes-se-esta-volviendo-verde\/#primaryimage"},"thumbnailUrl":"https:\/\/www.leselfes.com\/wp-content\/uploads\/2020\/02\/Planting-Trees-4.jpg","datePublished":"2020-02-25T07:36:41+00:00","dateModified":"2024-11-12T11:11:26+00:00","breadcrumb":{"@id":"https:\/\/www.leselfes.com\/es\/como-les-elfes-se-esta-volviendo-verde\/#breadcrumb"},"inLanguage":"es","potentialAction":[{"@type":"ReadAction","target":["https:\/\/www.leselfes.com\/es\/como-les-elfes-se-esta-volviendo-verde\/"]}]},{"@type":"ImageObject","inLanguage":"es","@id":"https:\/\/www.leselfes.com\/es\/como-les-elfes-se-esta-volviendo-verde\/#primaryimage","url":"https:\/\/www.leselfes.com\/wp-content\/uploads\/2020\/02\/Planting-Trees-4.jpg","contentUrl":"https:\/\/www.leselfes.com\/wp-content\/uploads\/2020\/02\/Planting-Trees-4.jpg","width":1600,"height":900},{"@type":"BreadcrumbList","@id":"https:\/\/www.leselfes.com\/es\/como-les-elfes-se-esta-volviendo-verde\/#breadcrumb","itemListElement":[{"@type":"ListItem","position":1,"name":"Home","item":"https:\/\/www.leselfes.com\/es\/inicio\/"},{"@type":"ListItem","position":2,"name":"\u00bfC\u00f3mo Les Elfes se est\u00e1 volviendo Verde?"}]},{"@type":"WebSite","@id":"https:\/\/dev.leselfes.com\/#website","url":"https:\/\/dev.leselfes.com\/","name":"Les Elfes International","description":"Les Elfes International, Verbier Switzerland. Summer Camp, Winter Camp, Spring Camps.","publisher":{"@id":"https:\/\/dev.leselfes.com\/#organization"},"alternateName":"Les Elfes International","potentialAction":[{"@type":"SearchAction","target":{"@type":"EntryPoint","urlTemplate":"https:\/\/dev.leselfes.com\/?s={search_term_string}"},"query-input":{"@type":"PropertyValueSpecification","valueRequired":true,"valueName":"search_term_string"}}],"inLanguage":"es"},{"@type":"Organization","@id":"https:\/\/dev.leselfes.com\/#organization","name":"Les Elfes International","alternateName":"Les Elfes International","url":"https:\/\/dev.leselfes.com\/","logo":{"@type":"ImageObject","inLanguage":"es","@id":"https:\/\/dev.leselfes.com\/#\/schema\/logo\/image\/","url":"https:\/\/www.leselfes.com\/wp-content\/uploads\/2022\/03\/leselfes-logo.png","contentUrl":"https:\/\/www.leselfes.com\/wp-content\/uploads\/2022\/03\/leselfes-logo.png","width":233,"height":51,"caption":"Les Elfes International"},"image":{"@id":"https:\/\/dev.leselfes.com\/#\/schema\/logo\/image\/"},"sameAs":["https:\/\/www.facebook.com\/LesElfesVerbier","https:\/\/x.com\/LesElfesCamps","https:\/\/www.instagram.com\/leselfes","https:\/\/www.linkedin.com\/company\/les-elfes-international","https:\/\/www.youtube.com\/user\/LesElfesVerbier"]},{"@type":"Person","@id":"https:\/\/dev.leselfes.com\/#\/schema\/person\/407a229698868b8c603874b19f37f289","name":"lesadmin","image":{"@type":"ImageObject","inLanguage":"es","@id":"https:\/\/dev.leselfes.com\/#\/schema\/person\/image\/","url":"https:\/\/secure.gravatar.com\/avatar\/fdb243a028df450397b3632d862f87f6?s=96&d=mm&r=g","contentUrl":"https:\/\/secure.gravatar.com\/avatar\/fdb243a028df450397b3632d862f87f6?s=96&d=mm&r=g","caption":"lesadmin"},"url":"https:\/\/www.leselfes.com\/es\/author\/lesadmin\/"}]}},"_links":{"self":[{"href":"https:\/\/www.leselfes.com\/es\/wp-json\/wp\/v2\/posts\/92060"}],"collection":[{"href":"https:\/\/www.leselfes.com\/es\/wp-json\/wp\/v2\/posts"}],"about":[{"href":"https:\/\/www.leselfes.com\/es\/wp-json\/wp\/v2\/types\/post"}],"author":[{"embeddable":true,"href":"https:\/\/www.leselfes.com\/es\/wp-json\/wp\/v2\/users\/1"}],"replies":[{"embeddable":true,"href":"https:\/\/www.leselfes.com\/es\/wp-json\/wp\/v2\/comments?post=92060"}],"version-history":[{"count":0,"href":"https:\/\/www.leselfes.com\/es\/wp-json\/wp\/v2\/posts\/92060\/revisions"}],"wp:featuredmedia":[{"embeddable":true,"href":"https:\/\/www.leselfes.com\/es\/wp-json\/wp\/v2\/media\/72635"}],"wp:attachment":[{"href":"https:\/\/www.leselfes.com\/es\/wp-json\/wp\/v2\/media?parent=92060"}],"wp:term":[{"taxonomy":"category","embeddable":true,"href":"https:\/\/www.leselfes.com\/es\/wp-json\/wp\/v2\/categories?post=92060"},{"taxonomy":"post_tag","embeddable":true,"href":"https:\/\/www.leselfes.com\/es\/wp-json\/wp\/v2\/tags?post=92060"}],"curies":[{"name":"wp","href":"https:\/\/api.w.org\/{rel}","templated":true}]}}