{"id":92128,"date":"2020-03-04T06:00:04","date_gmt":"2020-03-04T05:00:04","guid":{"rendered":"https:\/\/www.leselfes.com\/como-mantenerse-sano-y-en-forma-durante-el-invierno\/"},"modified":"2024-11-12T12:13:15","modified_gmt":"2024-11-12T11:13:15","slug":"como-mantenerse-sano-y-en-forma-durante-el-invierno","status":"publish","type":"post","link":"https:\/\/www.leselfes.com\/es\/como-mantenerse-sano-y-en-forma-durante-el-invierno\/","title":{"rendered":"C\u00f3mo mantenerse sano y en forma durante el invierno"},"content":{"rendered":"\n<div class=\"wp-block-image\"><figure class=\"aligncenter size-large\"><img loading=\"lazy\" decoding=\"async\" width=\"975\" height=\"601\" src=\"https:\/\/www.leselfes.com\/wp-content\/uploads\/2020\/01\/Picture1.png\" alt=\"\" class=\"wp-image-36669\" srcset=\"https:\/\/www.leselfes.com\/wp-content\/uploads\/2020\/01\/Picture1.png 975w, https:\/\/www.leselfes.com\/wp-content\/uploads\/2020\/01\/Picture1-300x185.png 300w, https:\/\/www.leselfes.com\/wp-content\/uploads\/2020\/01\/Picture1-768x473.png 768w\" sizes=\"(max-width: 975px) 100vw, 975px\" \/><\/figure><\/div>\n\n<p>Mantenerse en forma y sano durante el invierno no es tarea f\u00e1cil.\n\u00bfQu\u00e9 pasa con las condiciones de fr\u00edo extremo?   <\/p>\n\n<p>Muchas personas prefieren quedarse\nen casa para mantenerse calientes y esto fomenta pr\u00e1cticas poco saludables. Aqu\u00ed\ntienes algunos consejos que te ayudar\u00e1n a mantener una buena forma y un buen estado f\u00edsico en\ninvierno.   <\/p>\n\n<h2 class=\"wp-block-heading\">1. Ejercicio en casa<\/h2>\n\n<p>Aunque pases la mayor parte de tu\ntiempo en casa durante el invierno, a\u00fan puedes encontrar tiempo para hacer ejercicio. Hay\nmuchos ejercicios que puedes hacer desde la comodidad de tu casa sin tener que ir al gimnasio\n.   <\/p>\n\n<p>Cuando sea posible, invierte en una bicicleta est\u00e1tica\no en una cinta de correr para facilitar tus sesiones de entrenamiento en casa.  <\/p>\n\n<p>Hacer ejercicio en casa no tiene por qu\u00e9\nsuponer una gran inversi\u00f3n. Puedes aprovechar lo que ya tienes. Por ejemplo,\nponer tu canci\u00f3n favorita y bailar para quitarte el fr\u00edo puede ser una forma estupenda de perder\nalgo de peso y mantenerte en forma.    <\/p>\n\n<p>Si a\u00fan no has probado el yoga,\nel invierno es el momento perfecto para entregarse a esta actividad. Compra una esterilla de yoga, practica\nyoga, y aumenta los beneficios para tu salud mental y f\u00edsica.   <\/p>\n\n<p>Si practicas yoga por primera vez\nsiempre puedes aprender con v\u00eddeos en l\u00ednea.  <\/p>\n\n<h2 class=\"wp-block-heading\">2. Dieta y\nConsejos para hacer ejercicio<\/h2>\n\n<div class=\"wp-block-image\"><figure class=\"aligncenter size-large\"><img loading=\"lazy\" decoding=\"async\" width=\"975\" height=\"689\" src=\"https:\/\/www.leselfes.com\/wp-content\/uploads\/2020\/01\/Picture2.png\" alt=\"\" class=\"wp-image-36670\" srcset=\"https:\/\/www.leselfes.com\/wp-content\/uploads\/2020\/01\/Picture2.png 975w, https:\/\/www.leselfes.com\/wp-content\/uploads\/2020\/01\/Picture2-300x212.png 300w, https:\/\/www.leselfes.com\/wp-content\/uploads\/2020\/01\/Picture2-768x543.png 768w\" sizes=\"(max-width: 975px) 100vw, 975px\" \/><\/figure><\/div>\n\n<p>Con el invierno, llegan las lesiones relacionadas con el tiempo.\nSin embargo, uno de los mayores riesgos para tu salud general es prestar poca atenci\u00f3n a las rutinas de ejercicio y dieta.   <\/p>\n\n<p>El invierno se acerca a la temporada de vacaciones\n, cuando muchas personas est\u00e1n excesivamente ocupadas comprando y envolviendo regalos o concluyendo\nsus planes de viaje. Otros estar\u00e1n a la carrera para completar las tareas pendientes en el trabajo\nen preparaci\u00f3n para las fiestas de fin de a\u00f1o.   <\/p>\n\n<p>Por eso, s\u00f3lo unos pocos se acuerdan de\nsus pr\u00e1cticas de salud. Combina esto con el fr\u00edo y te faltar\u00e1\nmotivaci\u00f3n para salir al aire libre y hacer ejercicio o ir al gimnasio.   <\/p>\n\n<p>Cuanto m\u00e1s tiempo pases dentro de casa\nm\u00e1s picar\u00e1s alimentos poco saludables y seguir\u00e1s acumulando peso. Los resultados\nser\u00e1n una baja autoestima y una falta de felicidad a lo largo del tiempo.   <\/p>\n\n<p>Mantener una rutina de ejercicios adecuada y una dieta\nes fundamental para mantener a raya las enfermedades relacionadas con el estilo de vida.  <\/p>\n\n<p><a href=\"https:\/\/www.webmd.com\/cold-and-flu\/flu-statistics\">Los estudios<\/a> demuestran\nque aproximadamente el 20% de las personas que viven en EE.UU. padecen gripe o resfriado cada\na\u00f1o. El invierno aumenta el riesgo de contraer gripe o resfriado m\u00e1s que cualquier otra\nestaci\u00f3n.   <\/p>\n\n<p>Los siguientes consejos de entrenamiento y dieta\nte ayudar\u00e1n a mantenerte en forma y sano durante la estaci\u00f3n fr\u00eda.  <\/p>\n\n<h3 class=\"wp-block-heading\">&#8211; \nContador\nTus Antojos de Carbohidratos<\/h3>\n\n<p>A menudo,\ninvierno har\u00e1 que tu cuerpo anhele m\u00e1s alimentos reconfortantes y carbohidratos. Estos alimentos\nestimulan tus niveles de serotonina y convencen a tu cerebro de que eres m\u00e1s feliz.   <\/p>\n\n<p>Con el tiempo\n, tus antojos se hacen m\u00e1s fuertes y pueden llegar a ser incontrolables si no los frenas\n. Para contrarrestar esta situaci\u00f3n, toma un desayuno rico en prote\u00ednas. Esto\naumentar\u00e1 tus niveles de energ\u00eda a lo largo del d\u00eda.    <\/p>\n\n<p>Si despu\u00e9s de\nesto sigues teniendo antojo de carbohidratos y dulces, intenta consumir tentempi\u00e9s saludables bajos en grasa.  <\/p>\n\n<p>Sin embargo, la mejor soluci\u00f3n\nser\u00eda establecer una forma de aumentar tus niveles de serotonina\nsin consumir carbohidratos en exceso.  <\/p>\n\n<h3 class=\"wp-block-heading\">&#8211; \nNo\nolvides tus \u00e1cidos grasos Omega 3<\/h3>\n\n<p>Los \u00e1cidos grasos omega 3 son grasas saludables\nque est\u00e1n presentes de forma natural en distintos tipos de alimentos como los frutos secos, las semillas de plantas\ny el pescado.  <\/p>\n\n<p>Estos \u00e1cidos grasos contienen propiedades antiinflamatorias naturales\nque resultan \u00fatiles para reducir la rigidez y el dolor articular\n.  <\/p>\n\n<p>Seg\u00fan <a href=\"https:\/\/www.ncbi.nlm.nih.gov\/pmc\/articles\/PMC533861\/\">las investigaciones,<\/a> los \u00e1cidos grasos omega 3 de\nayudan a reducir la depresi\u00f3n rampante durante la temporada invernal\n.  <\/p>\n\n<h3 class=\"wp-block-heading\">&#8211; \nIncluye\nSetas en tu dieta<\/h3>\n\n<div class=\"wp-block-image\"><figure class=\"aligncenter size-large\"><img loading=\"lazy\" decoding=\"async\" width=\"975\" height=\"651\" src=\"https:\/\/www.leselfes.com\/wp-content\/uploads\/2020\/01\/Picture3.png\" alt=\"\" class=\"wp-image-36671\" srcset=\"https:\/\/www.leselfes.com\/wp-content\/uploads\/2020\/01\/Picture3.png 975w, https:\/\/www.leselfes.com\/wp-content\/uploads\/2020\/01\/Picture3-300x200.png 300w, https:\/\/www.leselfes.com\/wp-content\/uploads\/2020\/01\/Picture3-768x513.png 768w\" sizes=\"(max-width: 975px) 100vw, 975px\" \/><\/figure><\/div>\n\n<p>Algunas especies de setas contienen antibi\u00f3ticos naturales que refuerzan tu sistema inmunitario.  <\/p>\n\n<p>Estas propiedades medicinales ayudan a\na tu organismo a combatir distintos tipos de enfermedades.  <\/p>\n\n<p>La pr\u00f3xima vez que vayas a comprar al supermercado,\nacu\u00e9rdate de comprar distintos tipos de especies de setas, como shiitake y\nbot\u00f3n blanco, e incorp\u00f3ralas a tu dieta.  <strong> <\/strong><strong><\/strong><\/p>\n\n<h3 class=\"wp-block-heading\">&#8211; \nConsume\nm\u00e1s Fibra<\/h3>\n\n<p>La fibra soluble disponible en\ndiferentes fuentes alimentarias como los frutos secos, la avena y las manzanas es fundamental cuando se trata de\nreducir la inflamaci\u00f3n.  <\/p>\n\n<p>Tambi\u00e9n son ideales para promover las funciones del sistema inmunitario\n. La fibra soluble resulta \u00fatil para reducir los niveles de colesterol\nen el organismo, poner a raya la diabetes y ayudar a perder peso.   <\/p>\n\n<p>\u00bfEst\u00e1s luchando contra complicaciones relacionadas con el aparato digestivo\n? Aumentar tu ingesta de fibra soluble es ideal para\naliviar la situaci\u00f3n. <\/p>\n\n<h3 class=\"wp-block-heading\">&#8211; \nAumenta\ntu consumo de Naranja y Verduras Verdes<\/h3>\n\n<p>Consumir frutas y verduras de color naranja y verde oscuro\nes una forma ideal de nutrir tu cuerpo con grasas, az\u00facares y nutrientes saludables\n.  <\/p>\n\n<p>Algunos de ellos son las espinacas, la acelga suiza\n, la col rizada, la calabaza, las naranjas y las zanahorias. Todos estos alimentos no s\u00f3lo son\ndeliciosos durante el invierno, sino que te vendr\u00e1n muy bien para mantenerte sano.   <\/p>\n\n<p>Aprovecha las numerosas recetas\ndisponibles en Internet para preparar deliciosas comidas para ti y tu familia.<\/p>\n\n<h3 class=\"wp-block-heading\">&#8211; \nIncorpora especias\nen tus recetas<\/h3>\n\n<p>Diferentes especias naturales, como\ncilantro, jengibre, ajo y cebolla, son estupendas para dar sabor a tus comidas en\n.  <\/p>\n\n<p>Adem\u00e1s, ayudan a mejorar la funci\u00f3n inmunitaria\ny a contrarrestar diversas afecciones, como las complicaciones card\u00edacas\ny la inflamaci\u00f3n. Otras especias contienen potentes propiedades antioxidantes\n.   <strong> <\/strong><strong><\/strong><\/p>\n\n<h2 class=\"wp-block-heading\">3. Planifica unas vacaciones de invierno en el campamento\n<\/h2>\n\n<div class=\"wp-block-image\"><figure class=\"aligncenter size-large\"><img loading=\"lazy\" decoding=\"async\" width=\"975\" height=\"731\" src=\"https:\/\/www.leselfes.com\/wp-content\/uploads\/2020\/01\/Picture4.png\" alt=\"\" class=\"wp-image-36672\" srcset=\"https:\/\/www.leselfes.com\/wp-content\/uploads\/2020\/01\/Picture4.png 975w, https:\/\/www.leselfes.com\/wp-content\/uploads\/2020\/01\/Picture4-300x225.png 300w, https:\/\/www.leselfes.com\/wp-content\/uploads\/2020\/01\/Picture4-768x576.png 768w\" sizes=\"(max-width: 975px) 100vw, 975px\" \/><\/figure><\/div>\n\n<p>Unas vacaciones en un campamento de invierno son una buena forma de alejar la tristeza invernal y revitalizarte.\nSin embargo, planificar unas vacaciones puede ser una tarea desalentadora, pero no tienes por qu\u00e9 esforzarte en ello.   <\/p>\n\n<p>Lo que necesitas es ponerte en contacto\ncon los organizadores del campamento de invierno de Les Elfes y estar\u00e1n encantados de ayudarte\n.  <\/p>\n\n<p>Les Elfes se encuentra en Verbier, una de\nlas mayores estaciones de esqu\u00ed de Suiza. Visitar Les Elfes durante el invierno es\nuna gran idea porque entonces los caminos no est\u00e1n excesivamente congestionados.   <\/p>\n\n<p>Adem\u00e1s, tienes la oportunidad de\nmaravillarte con el bello entorno, los excelentes restaurantes y las calles cubiertas de nieve de\n.  <\/p>\n\n<p>Verbier puede ser peque\u00f1o, pero te ofrece\nuna de las experiencias m\u00e1s emocionantes durante tus vacaciones de <a href=\"https:\/\/www.leselfes.com\/es\/?page_id=90132\">campamento de invierno<\/a>.  <\/p>\n\n<p>Ir de vacaciones a un campamento de invierno en\nLes Elfes es una de las mejores cosas que puedes hacer por ti y por tus hijos.  <\/p>\n\n<p>Aqu\u00ed puedes realizar numerosas actividades\nque fomentan el ejercicio f\u00edsico y mental.  <\/p>\n\n<p>Les Elfes, que ha estado en funcionamiento en\n, acoge a m\u00e1s de 5.000 alumnos al a\u00f1o. Es un centro de actividad\ndurante todo el a\u00f1o, siendo los <a href=\"https:\/\/www.leselfes.com\/es\/?page_id=90108\">campamentos de verano<\/a> los m\u00e1s concurridos.   <\/p>\n\n<p>Si no te gustan las multitudes, visitar\nen invierno ser\u00eda ideal.  <\/p>\n\n<h3 class=\"wp-block-heading\">&#8211; \nEsqu\u00ed\ny Excursiones<\/h3>\n\n<p>Como hemos visto antes, mantenerse activo\ndurante el invierno es una forma de mantener la forma f\u00edsica y la buena salud.  <\/p>\n\n<p>Las excursiones de campo y <a href=\"https:\/\/www.leselfes.com\/ski-trips\/\">esqu\u00ed<\/a> que se ofrecen en Les Elfes est\u00e1n dise\u00f1adas\npara ayudarte a mantenerte en buena forma incluso durante la estaci\u00f3n fr\u00eda.  <\/p>\n\n<p>En Les Elfes, la seguridad es de suma importancia\npor lo que tendr\u00e1s excursiones totalmente supervisadas durante todo el a\u00f1o.  <\/p>\n\n<p>Est\u00e1n dise\u00f1ados para incorporar las ideas educativas de\n. Los profesores de Les Elfes no s\u00f3lo est\u00e1n bien formados, sino que\ntambi\u00e9n tienen experiencia en su campo.   <\/p>\n\n<p>Adem\u00e1s, suelen asistir a los cursos de actualizaci\u00f3n de\npara asegurarse de que est\u00e1n familiarizados con las normas y pr\u00e1cticas internacionales de seguridad\n.  <\/p>\n\n<h3 class=\"wp-block-heading\">&#8211; \nAprende\nEsqu\u00ed y Snowboard<\/h3>\n\n<div class=\"wp-block-image\"><figure class=\"aligncenter size-large\"><img loading=\"lazy\" decoding=\"async\" width=\"975\" height=\"731\" src=\"https:\/\/www.leselfes.com\/wp-content\/uploads\/2020\/01\/Picture5.png\" alt=\"\" class=\"wp-image-36673\" srcset=\"https:\/\/www.leselfes.com\/wp-content\/uploads\/2020\/01\/Picture5.png 975w, https:\/\/www.leselfes.com\/wp-content\/uploads\/2020\/01\/Picture5-300x225.png 300w, https:\/\/www.leselfes.com\/wp-content\/uploads\/2020\/01\/Picture5-768x576.png 768w\" sizes=\"(max-width: 975px) 100vw, 975px\" \/><\/figure><\/div>\n\n<p>Si a\u00fan no has aprendido a esquiar, ir de vacaciones a un campamento de invierno te brinda la oportunidad ideal para hacerlo.  <\/p>\n\n<p>Esfu\u00e9rzate por aprender m\u00e1s deportes de invierno\nantes de que tus vacaciones lleguen a su fin. Recuerda que aprender puede ser f\u00e1cil, pero\ndominar las habilidades ser\u00e1 una tarea desalentadora.   <\/p>\n\n<p>Sin embargo, con la pr\u00e1ctica regular y\nvisitando el campamento a menudo durante el invierno te ayudar\u00e1 a mejorar tus habilidades.  <\/p>\n\n<h3 class=\"wp-block-heading\">&#8211; \n\n \u00bfnecesitas equipo de seguridad?<\/h3>\n\n<p>S\u00ed. Afortunadamente, puedes alquilarlos\nen Les Elfes. As\u00ed no tendr\u00e1s que correr de tienda en tienda en busca de\nel equipo ideal.  <\/p>\n\n<h3 class=\"wp-block-heading\">&#8211; \nAprender\nuna nueva lengua<\/h3>\n\n<p>Si te apasionan los idiomas\n, en Les Elfes se ofrecen varias sesiones de cursos de idiomas.  <\/p>\n\n<p>Inscribir a tu hijo en clases de lengua extranjera\nen Les Elfes le expone a diferentes culturas.  <\/p>\n\n<p>Adem\u00e1s, les permite\nrelacionarse con otros estudiantes de distintas partes del mundo. Ten en cuenta que\naprender\u00e1n un par de cosas unos de otros. <\/p>\n\n<h2 class=\"wp-block-heading\">4. Pasarelas de sal\ny calzadas<\/h2>\n\n<p>La formaci\u00f3n de hielo es una de las\nmayores amenazas para tu seguridad durante el invierno. Salar regularmente tus pasarelas y calzadas\nayuda a prevenir lesiones y aumenta tu seguridad.   <\/p>\n\n<p>Si tu casa tiene escaleras exteriores,\ndebes extremar las precauciones para evitar resbalones y ca\u00eddas en condiciones invernales extremas\n.  <\/p>\n\n<p>Ten cuidado tambi\u00e9n al caminar sobre la nieve\n. Recuerda que el suelo estar\u00e1 resbaladizo la mayor parte del tiempo y podr\u00edas\nresbalar f\u00e1cilmente y caerte.   <\/p>\n\n<h2 class=\"wp-block-heading\">5. Salud mental\ny consejos de bienestar<\/h2>\n\n<p>\u00bfSab\u00edas que muchas personas\nsufren depresi\u00f3n durante el invierno? Esta afecci\u00f3n puede causar una privaci\u00f3n de\nsalud mental general.   <\/p>\n\n<p>La llegada del invierno desencadena\ntristeza y depresi\u00f3n en muchas personas como consecuencia de la reducci\u00f3n de los niveles de luz solar\n. Este trastorno es m\u00e1s frecuente en las mujeres que en los hombres.   <\/p>\n\n<p>Una mala forma f\u00edsica mental puede exponerte\na la enfermedad y al estr\u00e9s, Esto explica por qu\u00e9 debes prestar m\u00e1s atenci\u00f3n a\ntu salud durante el invierno.  <\/p>\n\n<p>Hay diferentes formas de\nmejorar tu salud mental y tu bienestar general, como se ve a continuaci\u00f3n.  <\/p>\n\n<h3 class=\"wp-block-heading\">&#8211; \nL\u00e1vate\nLas manos con frecuencia<\/h3>\n\n<div class=\"wp-block-image\"><figure class=\"aligncenter size-large\"><img loading=\"lazy\" decoding=\"async\" width=\"975\" height=\"717\" src=\"https:\/\/www.leselfes.com\/wp-content\/uploads\/2020\/01\/Picture6.png\" alt=\"\" class=\"wp-image-36674\" srcset=\"https:\/\/www.leselfes.com\/wp-content\/uploads\/2020\/01\/Picture6.png 975w, https:\/\/www.leselfes.com\/wp-content\/uploads\/2020\/01\/Picture6-300x221.png 300w, https:\/\/www.leselfes.com\/wp-content\/uploads\/2020\/01\/Picture6-768x565.png 768w\" sizes=\"(max-width: 975px) 100vw, 975px\" \/><\/figure><\/div>\n\n<p>Lavarse las manos con frecuencia a lo largo del d\u00eda resulta \u00fatil para protegerte a ti y a las personas que te rodean del resfriado y la gripe.  <\/p>\n\n<h3 class=\"wp-block-heading\">&#8211; \nAumenta\ntu ingesta de suplementos vitam\u00ednicos<\/h3>\n\n<p>Tomar suplementos de vitamina C durante el invierno\nayuda a tu cuerpo a contrarrestar los s\u00edntomas de la gripe y el resfriado.  <\/p>\n\n<p>La vitamina D compensa la falta de luz\nque se experimenta en invierno. Recuerda salir al sol siempre que aparezca\npara beneficiarte de la vitamina D natural.   <\/p>\n\n<p>Esta vitamina es especialmente importante\nporque facilita la absorci\u00f3n de otras vitaminas y nutrientes\nen el organismo. Entre ellos est\u00e1n el calcio, el hierro y la vitamina A.   <\/p>\n\n<h2 class=\"wp-block-heading\">Por fin<\/h2>\n\n<p>Tanto si est\u00e1s de vacaciones en el campamento de invierno\ncomo en casa, aseg\u00farate de relajarte bien y dormir lo suficiente.\nRecuerda que tu cuerpo se acostumbra a los d\u00edas m\u00e1s cortos y necesitar\u00e1 dormir\nm\u00e1s tiempo. Aprovecha las tardes m\u00e1s largas para meditar y relajarte antes de que finalmente puedas\nretirarte a la cama.   <\/p>\n","protected":false},"excerpt":{"rendered":"<p>Mantenerse en forma y sano durante el invierno no es tarea f\u00e1cil. \u00bfQu\u00e9 pasa con las condiciones de fr\u00edo extremo? Muchas personas prefieren quedarse en casa para mantenerse calientes y&#8230;<\/p>\n","protected":false},"author":1,"featured_media":72483,"comment_status":"open","ping_status":"open","sticky":false,"template":"","format":"standard","meta":{"_acf_changed":false,"inline_featured_image":false,"footnotes":""},"categories":[1368,1367],"tags":[],"class_list":{"0":"post-92128","1":"post","2":"type-post","3":"status-publish","4":"format-standard","5":"has-post-thumbnail","7":"category-articulos","8":"category-campamento-de-invierno"},"acf":[],"yoast_head":"<!-- This site is optimized with the Yoast SEO Premium plugin v24.2 (Yoast SEO v24.7) - https:\/\/yoast.com\/wordpress\/plugins\/seo\/ -->\n<title>C\u00f3mo mantenerse sano y en forma durante el invierno - Les Elfes International Camps Switzerland<\/title>\n<meta name=\"robots\" content=\"index, follow, max-snippet:-1, max-image-preview:large, max-video-preview:-1\" \/>\n<link rel=\"canonical\" href=\"https:\/\/www.leselfes.com\/es\/como-mantenerse-sano-y-en-forma-durante-el-invierno\/\" \/>\n<meta property=\"og:locale\" content=\"es_ES\" \/>\n<meta property=\"og:type\" content=\"article\" \/>\n<meta property=\"og:title\" content=\"C\u00f3mo mantenerse sano y en forma durante el invierno\" \/>\n<meta property=\"og:description\" content=\"Mantenerse en forma y sano durante el invierno no es tarea f\u00e1cil. \u00bfQu\u00e9 pasa con las condiciones de fr\u00edo extremo? Muchas personas prefieren quedarse en casa para mantenerse calientes y...\" \/>\n<meta property=\"og:url\" content=\"https:\/\/www.leselfes.com\/es\/como-mantenerse-sano-y-en-forma-durante-el-invierno\/\" \/>\n<meta property=\"og:site_name\" content=\"Les Elfes International Camps Switzerland\" \/>\n<meta property=\"article:publisher\" content=\"https:\/\/www.facebook.com\/LesElfesVerbier\" \/>\n<meta property=\"article:published_time\" content=\"2020-03-04T05:00:04+00:00\" \/>\n<meta property=\"article:modified_time\" content=\"2024-11-12T11:13:15+00:00\" \/>\n<meta property=\"og:image\" content=\"https:\/\/dev.leselfes.com\/wp-content\/uploads\/2020\/01\/ski-fitness.jpg\" \/>\n\t<meta property=\"og:image:width\" content=\"1200\" \/>\n\t<meta property=\"og:image:height\" content=\"675\" \/>\n\t<meta property=\"og:image:type\" content=\"image\/jpeg\" \/>\n<meta name=\"author\" content=\"lesadmin\" \/>\n<meta name=\"twitter:card\" content=\"summary_large_image\" \/>\n<meta name=\"twitter:creator\" content=\"@LesElfesCamps\" \/>\n<meta name=\"twitter:site\" content=\"@LesElfesCamps\" \/>\n<meta name=\"twitter:label1\" content=\"Escrito por\" \/>\n\t<meta name=\"twitter:data1\" content=\"lesadmin\" \/>\n\t<meta name=\"twitter:label2\" content=\"Tiempo de lectura\" \/>\n\t<meta name=\"twitter:data2\" content=\"9 minutos\" \/>\n<script type=\"application\/ld+json\" class=\"yoast-schema-graph\">{\"@context\":\"https:\/\/schema.org\",\"@graph\":[{\"@type\":\"Article\",\"@id\":\"https:\/\/www.leselfes.com\/es\/como-mantenerse-sano-y-en-forma-durante-el-invierno\/#article\",\"isPartOf\":{\"@id\":\"https:\/\/www.leselfes.com\/es\/como-mantenerse-sano-y-en-forma-durante-el-invierno\/\"},\"author\":{\"name\":\"lesadmin\",\"@id\":\"https:\/\/dev.leselfes.com\/#\/schema\/person\/407a229698868b8c603874b19f37f289\"},\"headline\":\"C\u00f3mo mantenerse sano y en forma durante el invierno\",\"datePublished\":\"2020-03-04T05:00:04+00:00\",\"dateModified\":\"2024-11-12T11:13:15+00:00\",\"mainEntityOfPage\":{\"@id\":\"https:\/\/www.leselfes.com\/es\/como-mantenerse-sano-y-en-forma-durante-el-invierno\/\"},\"wordCount\":1906,\"commentCount\":0,\"publisher\":{\"@id\":\"https:\/\/dev.leselfes.com\/#organization\"},\"image\":{\"@id\":\"https:\/\/www.leselfes.com\/es\/como-mantenerse-sano-y-en-forma-durante-el-invierno\/#primaryimage\"},\"thumbnailUrl\":\"https:\/\/www.leselfes.com\/wp-content\/uploads\/2020\/01\/ski-fitness.jpg\",\"articleSection\":[\"Art\u00edculos\",\"Campamento de invierno\"],\"inLanguage\":\"es\",\"potentialAction\":[{\"@type\":\"CommentAction\",\"name\":\"Comment\",\"target\":[\"https:\/\/www.leselfes.com\/es\/como-mantenerse-sano-y-en-forma-durante-el-invierno\/#respond\"]}]},{\"@type\":\"WebPage\",\"@id\":\"https:\/\/www.leselfes.com\/es\/como-mantenerse-sano-y-en-forma-durante-el-invierno\/\",\"url\":\"https:\/\/www.leselfes.com\/es\/como-mantenerse-sano-y-en-forma-durante-el-invierno\/\",\"name\":\"C\u00f3mo mantenerse sano y en forma durante el invierno - Les Elfes International Camps Switzerland\",\"isPartOf\":{\"@id\":\"https:\/\/dev.leselfes.com\/#website\"},\"primaryImageOfPage\":{\"@id\":\"https:\/\/www.leselfes.com\/es\/como-mantenerse-sano-y-en-forma-durante-el-invierno\/#primaryimage\"},\"image\":{\"@id\":\"https:\/\/www.leselfes.com\/es\/como-mantenerse-sano-y-en-forma-durante-el-invierno\/#primaryimage\"},\"thumbnailUrl\":\"https:\/\/www.leselfes.com\/wp-content\/uploads\/2020\/01\/ski-fitness.jpg\",\"datePublished\":\"2020-03-04T05:00:04+00:00\",\"dateModified\":\"2024-11-12T11:13:15+00:00\",\"breadcrumb\":{\"@id\":\"https:\/\/www.leselfes.com\/es\/como-mantenerse-sano-y-en-forma-durante-el-invierno\/#breadcrumb\"},\"inLanguage\":\"es\",\"potentialAction\":[{\"@type\":\"ReadAction\",\"target\":[\"https:\/\/www.leselfes.com\/es\/como-mantenerse-sano-y-en-forma-durante-el-invierno\/\"]}]},{\"@type\":\"ImageObject\",\"inLanguage\":\"es\",\"@id\":\"https:\/\/www.leselfes.com\/es\/como-mantenerse-sano-y-en-forma-durante-el-invierno\/#primaryimage\",\"url\":\"https:\/\/www.leselfes.com\/wp-content\/uploads\/2020\/01\/ski-fitness.jpg\",\"contentUrl\":\"https:\/\/www.leselfes.com\/wp-content\/uploads\/2020\/01\/ski-fitness.jpg\",\"width\":1200,\"height\":675},{\"@type\":\"BreadcrumbList\",\"@id\":\"https:\/\/www.leselfes.com\/es\/como-mantenerse-sano-y-en-forma-durante-el-invierno\/#breadcrumb\",\"itemListElement\":[{\"@type\":\"ListItem\",\"position\":1,\"name\":\"Home\",\"item\":\"https:\/\/www.leselfes.com\/es\/inicio\/\"},{\"@type\":\"ListItem\",\"position\":2,\"name\":\"C\u00f3mo mantenerse sano y en forma durante el invierno\"}]},{\"@type\":\"WebSite\",\"@id\":\"https:\/\/dev.leselfes.com\/#website\",\"url\":\"https:\/\/dev.leselfes.com\/\",\"name\":\"Les Elfes International\",\"description\":\"Les Elfes International, Verbier Switzerland. Summer Camp, Winter Camp, Spring Camps.\",\"publisher\":{\"@id\":\"https:\/\/dev.leselfes.com\/#organization\"},\"alternateName\":\"Les Elfes International\",\"potentialAction\":[{\"@type\":\"SearchAction\",\"target\":{\"@type\":\"EntryPoint\",\"urlTemplate\":\"https:\/\/dev.leselfes.com\/?s={search_term_string}\"},\"query-input\":{\"@type\":\"PropertyValueSpecification\",\"valueRequired\":true,\"valueName\":\"search_term_string\"}}],\"inLanguage\":\"es\"},{\"@type\":\"Organization\",\"@id\":\"https:\/\/dev.leselfes.com\/#organization\",\"name\":\"Les Elfes International\",\"alternateName\":\"Les Elfes International\",\"url\":\"https:\/\/dev.leselfes.com\/\",\"logo\":{\"@type\":\"ImageObject\",\"inLanguage\":\"es\",\"@id\":\"https:\/\/dev.leselfes.com\/#\/schema\/logo\/image\/\",\"url\":\"https:\/\/www.leselfes.com\/wp-content\/uploads\/2022\/03\/leselfes-logo.png\",\"contentUrl\":\"https:\/\/www.leselfes.com\/wp-content\/uploads\/2022\/03\/leselfes-logo.png\",\"width\":233,\"height\":51,\"caption\":\"Les Elfes International\"},\"image\":{\"@id\":\"https:\/\/dev.leselfes.com\/#\/schema\/logo\/image\/\"},\"sameAs\":[\"https:\/\/www.facebook.com\/LesElfesVerbier\",\"https:\/\/x.com\/LesElfesCamps\",\"https:\/\/www.instagram.com\/leselfes\",\"https:\/\/www.linkedin.com\/company\/les-elfes-international\",\"https:\/\/www.youtube.com\/user\/LesElfesVerbier\"]},{\"@type\":\"Person\",\"@id\":\"https:\/\/dev.leselfes.com\/#\/schema\/person\/407a229698868b8c603874b19f37f289\",\"name\":\"lesadmin\",\"image\":{\"@type\":\"ImageObject\",\"inLanguage\":\"es\",\"@id\":\"https:\/\/dev.leselfes.com\/#\/schema\/person\/image\/\",\"url\":\"https:\/\/secure.gravatar.com\/avatar\/fdb243a028df450397b3632d862f87f6?s=96&d=mm&r=g\",\"contentUrl\":\"https:\/\/secure.gravatar.com\/avatar\/fdb243a028df450397b3632d862f87f6?s=96&d=mm&r=g\",\"caption\":\"lesadmin\"},\"url\":\"https:\/\/www.leselfes.com\/es\/author\/lesadmin\/\"}]}<\/script>\n<!-- \/ Yoast SEO Premium plugin. -->","yoast_head_json":{"title":"C\u00f3mo mantenerse sano y en forma durante el invierno - Les Elfes International Camps Switzerland","robots":{"index":"index","follow":"follow","max-snippet":"max-snippet:-1","max-image-preview":"max-image-preview:large","max-video-preview":"max-video-preview:-1"},"canonical":"https:\/\/www.leselfes.com\/es\/como-mantenerse-sano-y-en-forma-durante-el-invierno\/","og_locale":"es_ES","og_type":"article","og_title":"C\u00f3mo mantenerse sano y en forma durante el invierno","og_description":"Mantenerse en forma y sano durante el invierno no es tarea f\u00e1cil. \u00bfQu\u00e9 pasa con las condiciones de fr\u00edo extremo? Muchas personas prefieren quedarse en casa para mantenerse calientes y...","og_url":"https:\/\/www.leselfes.com\/es\/como-mantenerse-sano-y-en-forma-durante-el-invierno\/","og_site_name":"Les Elfes International Camps Switzerland","article_publisher":"https:\/\/www.facebook.com\/LesElfesVerbier","article_published_time":"2020-03-04T05:00:04+00:00","article_modified_time":"2024-11-12T11:13:15+00:00","og_image":[{"width":1200,"height":675,"url":"https:\/\/dev.leselfes.com\/wp-content\/uploads\/2020\/01\/ski-fitness.jpg","type":"image\/jpeg"}],"author":"lesadmin","twitter_card":"summary_large_image","twitter_creator":"@LesElfesCamps","twitter_site":"@LesElfesCamps","twitter_misc":{"Escrito por":"lesadmin","Tiempo de lectura":"9 minutos"},"schema":{"@context":"https:\/\/schema.org","@graph":[{"@type":"Article","@id":"https:\/\/www.leselfes.com\/es\/como-mantenerse-sano-y-en-forma-durante-el-invierno\/#article","isPartOf":{"@id":"https:\/\/www.leselfes.com\/es\/como-mantenerse-sano-y-en-forma-durante-el-invierno\/"},"author":{"name":"lesadmin","@id":"https:\/\/dev.leselfes.com\/#\/schema\/person\/407a229698868b8c603874b19f37f289"},"headline":"C\u00f3mo mantenerse sano y en forma durante el invierno","datePublished":"2020-03-04T05:00:04+00:00","dateModified":"2024-11-12T11:13:15+00:00","mainEntityOfPage":{"@id":"https:\/\/www.leselfes.com\/es\/como-mantenerse-sano-y-en-forma-durante-el-invierno\/"},"wordCount":1906,"commentCount":0,"publisher":{"@id":"https:\/\/dev.leselfes.com\/#organization"},"image":{"@id":"https:\/\/www.leselfes.com\/es\/como-mantenerse-sano-y-en-forma-durante-el-invierno\/#primaryimage"},"thumbnailUrl":"https:\/\/www.leselfes.com\/wp-content\/uploads\/2020\/01\/ski-fitness.jpg","articleSection":["Art\u00edculos","Campamento de invierno"],"inLanguage":"es","potentialAction":[{"@type":"CommentAction","name":"Comment","target":["https:\/\/www.leselfes.com\/es\/como-mantenerse-sano-y-en-forma-durante-el-invierno\/#respond"]}]},{"@type":"WebPage","@id":"https:\/\/www.leselfes.com\/es\/como-mantenerse-sano-y-en-forma-durante-el-invierno\/","url":"https:\/\/www.leselfes.com\/es\/como-mantenerse-sano-y-en-forma-durante-el-invierno\/","name":"C\u00f3mo mantenerse sano y en forma durante el invierno - Les Elfes International Camps Switzerland","isPartOf":{"@id":"https:\/\/dev.leselfes.com\/#website"},"primaryImageOfPage":{"@id":"https:\/\/www.leselfes.com\/es\/como-mantenerse-sano-y-en-forma-durante-el-invierno\/#primaryimage"},"image":{"@id":"https:\/\/www.leselfes.com\/es\/como-mantenerse-sano-y-en-forma-durante-el-invierno\/#primaryimage"},"thumbnailUrl":"https:\/\/www.leselfes.com\/wp-content\/uploads\/2020\/01\/ski-fitness.jpg","datePublished":"2020-03-04T05:00:04+00:00","dateModified":"2024-11-12T11:13:15+00:00","breadcrumb":{"@id":"https:\/\/www.leselfes.com\/es\/como-mantenerse-sano-y-en-forma-durante-el-invierno\/#breadcrumb"},"inLanguage":"es","potentialAction":[{"@type":"ReadAction","target":["https:\/\/www.leselfes.com\/es\/como-mantenerse-sano-y-en-forma-durante-el-invierno\/"]}]},{"@type":"ImageObject","inLanguage":"es","@id":"https:\/\/www.leselfes.com\/es\/como-mantenerse-sano-y-en-forma-durante-el-invierno\/#primaryimage","url":"https:\/\/www.leselfes.com\/wp-content\/uploads\/2020\/01\/ski-fitness.jpg","contentUrl":"https:\/\/www.leselfes.com\/wp-content\/uploads\/2020\/01\/ski-fitness.jpg","width":1200,"height":675},{"@type":"BreadcrumbList","@id":"https:\/\/www.leselfes.com\/es\/como-mantenerse-sano-y-en-forma-durante-el-invierno\/#breadcrumb","itemListElement":[{"@type":"ListItem","position":1,"name":"Home","item":"https:\/\/www.leselfes.com\/es\/inicio\/"},{"@type":"ListItem","position":2,"name":"C\u00f3mo mantenerse sano y en forma durante el invierno"}]},{"@type":"WebSite","@id":"https:\/\/dev.leselfes.com\/#website","url":"https:\/\/dev.leselfes.com\/","name":"Les Elfes International","description":"Les Elfes International, Verbier Switzerland. Summer Camp, Winter Camp, Spring Camps.","publisher":{"@id":"https:\/\/dev.leselfes.com\/#organization"},"alternateName":"Les Elfes International","potentialAction":[{"@type":"SearchAction","target":{"@type":"EntryPoint","urlTemplate":"https:\/\/dev.leselfes.com\/?s={search_term_string}"},"query-input":{"@type":"PropertyValueSpecification","valueRequired":true,"valueName":"search_term_string"}}],"inLanguage":"es"},{"@type":"Organization","@id":"https:\/\/dev.leselfes.com\/#organization","name":"Les Elfes International","alternateName":"Les Elfes International","url":"https:\/\/dev.leselfes.com\/","logo":{"@type":"ImageObject","inLanguage":"es","@id":"https:\/\/dev.leselfes.com\/#\/schema\/logo\/image\/","url":"https:\/\/www.leselfes.com\/wp-content\/uploads\/2022\/03\/leselfes-logo.png","contentUrl":"https:\/\/www.leselfes.com\/wp-content\/uploads\/2022\/03\/leselfes-logo.png","width":233,"height":51,"caption":"Les Elfes International"},"image":{"@id":"https:\/\/dev.leselfes.com\/#\/schema\/logo\/image\/"},"sameAs":["https:\/\/www.facebook.com\/LesElfesVerbier","https:\/\/x.com\/LesElfesCamps","https:\/\/www.instagram.com\/leselfes","https:\/\/www.linkedin.com\/company\/les-elfes-international","https:\/\/www.youtube.com\/user\/LesElfesVerbier"]},{"@type":"Person","@id":"https:\/\/dev.leselfes.com\/#\/schema\/person\/407a229698868b8c603874b19f37f289","name":"lesadmin","image":{"@type":"ImageObject","inLanguage":"es","@id":"https:\/\/dev.leselfes.com\/#\/schema\/person\/image\/","url":"https:\/\/secure.gravatar.com\/avatar\/fdb243a028df450397b3632d862f87f6?s=96&d=mm&r=g","contentUrl":"https:\/\/secure.gravatar.com\/avatar\/fdb243a028df450397b3632d862f87f6?s=96&d=mm&r=g","caption":"lesadmin"},"url":"https:\/\/www.leselfes.com\/es\/author\/lesadmin\/"}]}},"_links":{"self":[{"href":"https:\/\/www.leselfes.com\/es\/wp-json\/wp\/v2\/posts\/92128"}],"collection":[{"href":"https:\/\/www.leselfes.com\/es\/wp-json\/wp\/v2\/posts"}],"about":[{"href":"https:\/\/www.leselfes.com\/es\/wp-json\/wp\/v2\/types\/post"}],"author":[{"embeddable":true,"href":"https:\/\/www.leselfes.com\/es\/wp-json\/wp\/v2\/users\/1"}],"replies":[{"embeddable":true,"href":"https:\/\/www.leselfes.com\/es\/wp-json\/wp\/v2\/comments?post=92128"}],"version-history":[{"count":0,"href":"https:\/\/www.leselfes.com\/es\/wp-json\/wp\/v2\/posts\/92128\/revisions"}],"wp:featuredmedia":[{"embeddable":true,"href":"https:\/\/www.leselfes.com\/es\/wp-json\/wp\/v2\/media\/72483"}],"wp:attachment":[{"href":"https:\/\/www.leselfes.com\/es\/wp-json\/wp\/v2\/media?parent=92128"}],"wp:term":[{"taxonomy":"category","embeddable":true,"href":"https:\/\/www.leselfes.com\/es\/wp-json\/wp\/v2\/categories?post=92128"},{"taxonomy":"post_tag","embeddable":true,"href":"https:\/\/www.leselfes.com\/es\/wp-json\/wp\/v2\/tags?post=92128"}],"curies":[{"name":"wp","href":"https:\/\/api.w.org\/{rel}","templated":true}]}}