{"id":92299,"date":"2021-05-12T09:09:52","date_gmt":"2021-05-12T07:09:52","guid":{"rendered":"https:\/\/www.leselfes.com\/%e2%98%80%ef%b8%8f-el-campamento-de-verano-de-les-elfes-comenzara-muy-pronto\/"},"modified":"2024-11-12T12:16:15","modified_gmt":"2024-11-12T11:16:15","slug":"%e2%98%80%ef%b8%8f-el-campamento-de-verano-de-les-elfes-comenzara-muy-pronto","status":"publish","type":"post","link":"https:\/\/www.leselfes.com\/es\/%e2%98%80%ef%b8%8f-el-campamento-de-verano-de-les-elfes-comenzara-muy-pronto\/","title":{"rendered":"\u00a1\u2600\ufe0f El campamento de verano de Les Elfes comenzar\u00e1 muy pronto!"},"content":{"rendered":"<p><strong>Queridos padres,<\/strong><\/p>\n<p>  El campamento de invierno est\u00e1 llegando a su fin y nos gustar\u00eda dar las gracias a todos nuestros campistas.<br \/>\nHa sido una experiencia fant\u00e1stica.   <!-- \/wp:paragraph -->Con muchas escuelas funcionando con restricciones, muchos de nuestros campistas no han podido participar en ninguna actividad grupal\/deportiva.<br \/>\nEn Les Elfes, los campistas han participado en actividades de grupo y deportes al aire libre de vital importancia.<br \/>\nEl esqu\u00ed y el snowboard son muy beneficiosos, y las monta\u00f1as esta temporada no defraudaron con unas condiciones de nieve ideales durante toda la temporada.    <\/p>\n<p>Ofrecemos cancelaci\u00f3n gratuita con reembolso completo en cualquier momento.<\/p>\n<p>Con la relajaci\u00f3n de las restricciones en Suiza para otras instalaciones, los campistas tambi\u00e9n han podido visitar destinos emocionantes, desde una visita guiada al Castillo de Chillon, hasta el apasionante Museo de la Comunicaci\u00f3n de Berna, la combinaci\u00f3n de cultura, deporte y aprendizaje ha sido tan popular como siempre.<\/p>\n<p>\n<!-- \/wp:paragraph --><br \/>\n\t\t\t\t\t\t\t\t\t\t\t\t<img decoding=\"async\" width=\"534\" height=\"665\" src=\"https:\/\/www.leselfes.com\/wp-content\/uploads\/2021\/03\/Les-Elfes-Winter-Camp-Verbier-Snowboarding-Low-1.jpg\" alt=\"Campamento de invierno Les Elfes - Kids on Snowboard\" loading=\"lazy\" srcset=\"https:\/\/www.leselfes.com\/wp-content\/uploads\/2021\/03\/Les-Elfes-Winter-Camp-Verbier-Snowboarding-Low-1.jpg 534w, https:\/\/www.leselfes.com\/wp-content\/uploads\/2021\/03\/Les-Elfes-Winter-Camp-Verbier-Snowboarding-Low-1-241x300.jpg 241w\" sizes=\"(max-width: 534px) 100vw, 534px\">\t\t\t\t\t\t\t\t\t\t\t\t\t\t<\/p>\n<p><strong>\u00bfQu\u00e9 hay de nuevo?<br \/>\nCambios en la lista Roja <\/strong><\/p>\n<p>Sin duda, Covid ha cambiado nuestra forma de trabajar y lo seguir\u00e1 haciendo en el futuro inmediato.<br \/>\nLa gran noticia es que, desde la reapertura de Les Elfes en julio del a\u00f1o pasado, hemos permanecido LIBRES DE COVID, y muchos campistas se han sometido a las pruebas, as\u00ed como nuestro personal a las pruebas peri\u00f3dicas.<br \/>\nLos controles peri\u00f3dicos de temperatura, el distanciamiento social, las mascarillas y los protocolos de higiene m\u00e1s estrictos, por nombrar s\u00f3lo algunas medidas, est\u00e1n funcionando claramente.<br \/>\nEsto nos da confianza de cara al verano, en el que esperamos que, con el progreso de la distribuci\u00f3n de vacunas, m\u00e1s campistas puedan viajar sin periodos de cuarentena, por ejemplo al Reino Unido y a los EAU, que recientemente han salido de la \u00ablista roja\u00bb de cuarentena para Suiza.     <\/p>\n<p><!-- \/wp:paragraph --><\/p>\n<p>\t\t\t<a href=\"https:\/\/www.leselfes.com\/contact-quote-request\/\" target=\"_blank\" role=\"button\" rel=\"noopener\">  CONT\u00c1CTANOS  <\/a><br \/>\n\t\t<strong>\u00bfY los campamentos de verano?<br \/>\n\u00a1Abrimos el 13 de junio! <\/strong><\/p>\n<p>  El Campamento de Verano no ser\u00eda emocionante sin nuevas actividades, este a\u00f1o tenemos muchas nuevas en oferta.  <!-- \/wp:paragraph --><br \/>\n\t\t\t\t\t\t\t\t\t\t\t\t<img decoding=\"async\" width=\"600\" height=\"430\" src=\"https:\/\/www.leselfes.com\/wp-content\/uploads\/2021\/05\/Alaia-Bay-newsletter-low.jpg\" alt=\"Campamento de verano Les Elfes - Bah\u00eda de Alaia surf en sion\" loading=\"lazy\" srcset=\"https:\/\/www.leselfes.com\/wp-content\/uploads\/2021\/05\/Alaia-Bay-newsletter-low.jpg 600w, https:\/\/www.leselfes.com\/wp-content\/uploads\/2021\/05\/Alaia-Bay-newsletter-low-300x215.jpg 300w\" sizes=\"(max-width: 600px) 100vw, 600px\">\t\t\t\t\t\t\t\t\t\t\t\t\t\t<\/p>\n<p>Surfear en la bah\u00eda de Alais en Sion genera verdadera emoci\u00f3n, poder aprender a surfear en Suiza no es algo que jam\u00e1s hubi\u00e9ramos cre\u00eddo posible, \u00a1sino todo lo contrario!<\/p>\n<\/p>\n<p>\u00bfTe gusta construir cohetes, robots y drones?<br \/>\nTech Labs son expertos en esto y este verano traer\u00e1n a su equipo para un d\u00eda de construcci\u00f3n y programaci\u00f3n rob\u00f3tica.   <\/p>\n<p>\t\t\t\t\t\t\t\t\t\t\t\t<img decoding=\"async\" width=\"528\" height=\"432\" src=\"https:\/\/www.leselfes.com\/wp-content\/uploads\/2021\/05\/images-newsletter-tech.png\" alt=\"bolet\u00edn t\u00e9cnico\" loading=\"lazy\" srcset=\"https:\/\/www.leselfes.com\/wp-content\/uploads\/2021\/05\/images-newsletter-tech.png 528w, https:\/\/www.leselfes.com\/wp-content\/uploads\/2021\/05\/images-newsletter-tech-300x245.png 300w\" sizes=\"(max-width: 528px) 100vw, 528px\"><br \/>\n\t\t\t\t\t\t\t\t\t\t\t\t<img decoding=\"async\" width=\"601\" height=\"563\" src=\"https:\/\/www.leselfes.com\/wp-content\/uploads\/2021\/05\/Champex-lac-Newsletter.jpg\" alt=\"Campamento de verano Les Elfes - Champex lac\" loading=\"lazy\" srcset=\"https:\/\/www.leselfes.com\/wp-content\/uploads\/2021\/05\/Champex-lac-Newsletter.jpg 601w, https:\/\/www.leselfes.com\/wp-content\/uploads\/2021\/05\/Champex-lac-Newsletter-300x281.jpg 300w\" sizes=\"(max-width: 601px) 100vw, 601px\">\t\t\t\t\t\t\t\t\t\t\t\t\t\t<\/p>\n<p>Tambi\u00e9n se ofrecer\u00e1n nuevos destinos de Cabane en Champex Lac, que ofrecen impresionantes paisajes y aventuras en el bosque en las monta\u00f1as, a poca distancia de Verbier.<\/p>\n<\/p>\n<p>Los campistas de este a\u00f1o podr\u00e1n hacer una tirolina desde el monte Fort, a 3330 m sobre el nivel del mar.<br \/>\nImpresionantes vistas desde la cima con el Matterhorn en Zermatt y el Mont Blanc en Chamonix. <\/p>\n<p>\t\t\t\t\t\t\t\t\t\t\t\t<img decoding=\"async\" width=\"573\" height=\"414\" src=\"https:\/\/www.leselfes.com\/wp-content\/uploads\/2021\/05\/Mt-Fort-Zipline-Newsletter-1.jpg\" alt=\"Campamento de verano Les Elfes - Fipline M\u00f3vil\" loading=\"lazy\" srcset=\"https:\/\/www.leselfes.com\/wp-content\/uploads\/2021\/05\/Mt-Fort-Zipline-Newsletter-1.jpg 573w, https:\/\/www.leselfes.com\/wp-content\/uploads\/2021\/05\/Mt-Fort-Zipline-Newsletter-1-300x217.jpg 300w\" sizes=\"(max-width: 573px) 100vw, 573px\"><br \/>\n\t\t\t<a href=\"https:\/\/www.leselfes.com\/es\/campamento-de-verano\/#new-activities\" target=\"_blank\" role=\"button\" rel=\"noopener\">  DESCUBRE M\u00c1S  <\/a><br \/>\n\t\t\t\t\t\t\t\t\t\t\t\t<img decoding=\"async\" width=\"640\" height=\"443\" src=\"https:\/\/www.leselfes.com\/wp-content\/uploads\/2020\/07\/Kid-Covid.jpg\" alt=\"\" loading=\"lazy\" srcset=\"https:\/\/www.leselfes.com\/wp-content\/uploads\/2020\/07\/Kid-Covid.jpg 975w, https:\/\/www.leselfes.com\/wp-content\/uploads\/2020\/07\/Kid-Covid-300x208.jpg 300w, https:\/\/www.leselfes.com\/wp-content\/uploads\/2020\/07\/Kid-Covid-768x532.jpg 768w\" sizes=\"(max-width: 640px) 100vw, 640px\">\t\t\t\t\t\t\t\t\t\t\t\t\t\t<\/p>\n<p><strong>SIGUEN VIGENTES LAS MEDIDAS DE CANCELACI\u00d3N GRATUITA Y COVID-19 ESTRICTO<\/strong><\/p>\n<p>Como era de esperar, se han adoptado <strong>medidas COVID-19<\/strong>, y somos extremadamente diligentes y estamos preparados con comprobaciones peri\u00f3dicas y protocolos eficaces. <\/p>\n<p>Ofrecemos <strong>cancelaci\u00f3n gratuita con reembolso completo<\/strong> en cualquier momento.<\/p>\n<p><!-- \/wp:paragraph --><\/p>\n<p>\u00a1Es hora de reservar el mejor campamento de verano para tus hijos!<\/p>\n<p>Saludos de todos nosotros en Les Elfes<\/p>\n<p><!-- \/wp:paragraph --><\/p>\n<p>\t\t\t<a href=\"https:\/\/www.leselfes.com\/es\/campamento-de-verano\/inscribete-en-el-campamento-de-verano\/\" target=\"_blank\" role=\"button\" rel=\"noopener\">  RESERVA AHORA  <\/a><\/p>\n<h2>\u00bfTe gusta?<br \/>\ncomp\u00e1rtelo con tus amigos <\/h2>\n<p>  Facebook Twitter LinkedIn<\/p>\n","protected":false},"excerpt":{"rendered":"<p>El campamento de verano Les Elfes comienza el 13 de junio.<br \/>\nInf\u00f3rmate sobre nuestras nuevas actividades. <\/p>\n","protected":false},"author":1,"featured_media":73965,"comment_status":"open","ping_status":"open","sticky":false,"template":"","format":"standard","meta":{"_acf_changed":false,"inline_featured_image":false,"footnotes":""},"categories":[1068],"tags":[],"class_list":{"0":"post-92299","1":"post","2":"type-post","3":"status-publish","4":"format-standard","5":"has-post-thumbnail","7":"category-sin-categorizar"},"acf":[],"yoast_head":"<!-- This site is optimized with the Yoast SEO Premium plugin v24.2 (Yoast SEO v24.7) - https:\/\/yoast.com\/wordpress\/plugins\/seo\/ -->\n<title>\u00a1\u2600\ufe0f El campamento de verano de Les Elfes comenzar\u00e1 muy pronto! - Les Elfes International Camps Switzerland<\/title>\n<meta name=\"robots\" content=\"index, follow, max-snippet:-1, max-image-preview:large, max-video-preview:-1\" \/>\n<link rel=\"canonical\" href=\"https:\/\/www.leselfes.com\/es\/%e2%98%80%ef%b8%8f-el-campamento-de-verano-de-les-elfes-comenzara-muy-pronto\/\" \/>\n<meta property=\"og:locale\" content=\"es_ES\" \/>\n<meta property=\"og:type\" content=\"article\" \/>\n<meta property=\"og:title\" content=\"\u00a1\u2600\ufe0f El campamento de verano de Les Elfes comenzar\u00e1 muy pronto!\" \/>\n<meta property=\"og:description\" content=\"El campamento de verano Les Elfes comienza el 13 de junio. Inf\u00f3rmate sobre nuestras nuevas actividades.\" \/>\n<meta property=\"og:url\" content=\"https:\/\/www.leselfes.com\/es\/%e2%98%80%ef%b8%8f-el-campamento-de-verano-de-les-elfes-comenzara-muy-pronto\/\" \/>\n<meta property=\"og:site_name\" content=\"Les Elfes International Camps Switzerland\" \/>\n<meta property=\"article:publisher\" content=\"https:\/\/www.facebook.com\/LesElfesVerbier\" \/>\n<meta property=\"article:published_time\" content=\"2021-05-12T07:09:52+00:00\" \/>\n<meta property=\"article:modified_time\" content=\"2024-11-12T11:16:15+00:00\" \/>\n<meta property=\"og:image\" content=\"https:\/\/dev.leselfes.com\/wp-content\/uploads\/2021\/05\/newsletter-for-individuels-15.04.2021.jpg\" \/>\n\t<meta property=\"og:image:width\" content=\"1250\" \/>\n\t<meta property=\"og:image:height\" content=\"947\" \/>\n\t<meta property=\"og:image:type\" content=\"image\/jpeg\" \/>\n<meta name=\"author\" content=\"lesadmin\" \/>\n<meta name=\"twitter:card\" content=\"summary_large_image\" \/>\n<meta name=\"twitter:creator\" content=\"@LesElfesCamps\" \/>\n<meta name=\"twitter:site\" content=\"@LesElfesCamps\" \/>\n<meta name=\"twitter:label1\" content=\"Escrito por\" \/>\n\t<meta name=\"twitter:data1\" content=\"lesadmin\" \/>\n\t<meta name=\"twitter:label2\" content=\"Tiempo de lectura\" \/>\n\t<meta name=\"twitter:data2\" content=\"3 minutos\" \/>\n<script type=\"application\/ld+json\" class=\"yoast-schema-graph\">{\"@context\":\"https:\/\/schema.org\",\"@graph\":[{\"@type\":\"Article\",\"@id\":\"https:\/\/www.leselfes.com\/es\/%e2%98%80%ef%b8%8f-el-campamento-de-verano-de-les-elfes-comenzara-muy-pronto\/#article\",\"isPartOf\":{\"@id\":\"https:\/\/www.leselfes.com\/es\/%e2%98%80%ef%b8%8f-el-campamento-de-verano-de-les-elfes-comenzara-muy-pronto\/\"},\"author\":{\"name\":\"lesadmin\",\"@id\":\"https:\/\/dev.leselfes.com\/#\/schema\/person\/407a229698868b8c603874b19f37f289\"},\"headline\":\"\u00a1\u2600\ufe0f El campamento de verano de Les Elfes comenzar\u00e1 muy pronto!\",\"datePublished\":\"2021-05-12T07:09:52+00:00\",\"dateModified\":\"2024-11-12T11:16:15+00:00\",\"mainEntityOfPage\":{\"@id\":\"https:\/\/www.leselfes.com\/es\/%e2%98%80%ef%b8%8f-el-campamento-de-verano-de-les-elfes-comenzara-muy-pronto\/\"},\"wordCount\":555,\"commentCount\":0,\"publisher\":{\"@id\":\"https:\/\/dev.leselfes.com\/#organization\"},\"image\":{\"@id\":\"https:\/\/www.leselfes.com\/es\/%e2%98%80%ef%b8%8f-el-campamento-de-verano-de-les-elfes-comenzara-muy-pronto\/#primaryimage\"},\"thumbnailUrl\":\"https:\/\/www.leselfes.com\/wp-content\/uploads\/2021\/05\/newsletter-for-individuels-15.04.2021.jpg\",\"articleSection\":[\"Sin categorizar\"],\"inLanguage\":\"es\",\"potentialAction\":[{\"@type\":\"CommentAction\",\"name\":\"Comment\",\"target\":[\"https:\/\/www.leselfes.com\/es\/%e2%98%80%ef%b8%8f-el-campamento-de-verano-de-les-elfes-comenzara-muy-pronto\/#respond\"]}]},{\"@type\":\"WebPage\",\"@id\":\"https:\/\/www.leselfes.com\/es\/%e2%98%80%ef%b8%8f-el-campamento-de-verano-de-les-elfes-comenzara-muy-pronto\/\",\"url\":\"https:\/\/www.leselfes.com\/es\/%e2%98%80%ef%b8%8f-el-campamento-de-verano-de-les-elfes-comenzara-muy-pronto\/\",\"name\":\"\u00a1\u2600\ufe0f El campamento de verano de Les Elfes comenzar\u00e1 muy pronto! - Les Elfes International Camps Switzerland\",\"isPartOf\":{\"@id\":\"https:\/\/dev.leselfes.com\/#website\"},\"primaryImageOfPage\":{\"@id\":\"https:\/\/www.leselfes.com\/es\/%e2%98%80%ef%b8%8f-el-campamento-de-verano-de-les-elfes-comenzara-muy-pronto\/#primaryimage\"},\"image\":{\"@id\":\"https:\/\/www.leselfes.com\/es\/%e2%98%80%ef%b8%8f-el-campamento-de-verano-de-les-elfes-comenzara-muy-pronto\/#primaryimage\"},\"thumbnailUrl\":\"https:\/\/www.leselfes.com\/wp-content\/uploads\/2021\/05\/newsletter-for-individuels-15.04.2021.jpg\",\"datePublished\":\"2021-05-12T07:09:52+00:00\",\"dateModified\":\"2024-11-12T11:16:15+00:00\",\"breadcrumb\":{\"@id\":\"https:\/\/www.leselfes.com\/es\/%e2%98%80%ef%b8%8f-el-campamento-de-verano-de-les-elfes-comenzara-muy-pronto\/#breadcrumb\"},\"inLanguage\":\"es\",\"potentialAction\":[{\"@type\":\"ReadAction\",\"target\":[\"https:\/\/www.leselfes.com\/es\/%e2%98%80%ef%b8%8f-el-campamento-de-verano-de-les-elfes-comenzara-muy-pronto\/\"]}]},{\"@type\":\"ImageObject\",\"inLanguage\":\"es\",\"@id\":\"https:\/\/www.leselfes.com\/es\/%e2%98%80%ef%b8%8f-el-campamento-de-verano-de-les-elfes-comenzara-muy-pronto\/#primaryimage\",\"url\":\"https:\/\/www.leselfes.com\/wp-content\/uploads\/2021\/05\/newsletter-for-individuels-15.04.2021.jpg\",\"contentUrl\":\"https:\/\/www.leselfes.com\/wp-content\/uploads\/2021\/05\/newsletter-for-individuels-15.04.2021.jpg\",\"width\":1250,\"height\":947},{\"@type\":\"BreadcrumbList\",\"@id\":\"https:\/\/www.leselfes.com\/es\/%e2%98%80%ef%b8%8f-el-campamento-de-verano-de-les-elfes-comenzara-muy-pronto\/#breadcrumb\",\"itemListElement\":[{\"@type\":\"ListItem\",\"position\":1,\"name\":\"Home\",\"item\":\"https:\/\/www.leselfes.com\/es\/inicio\/\"},{\"@type\":\"ListItem\",\"position\":2,\"name\":\"\u00a1\u2600\ufe0f El campamento de verano de Les Elfes comenzar\u00e1 muy pronto!\"}]},{\"@type\":\"WebSite\",\"@id\":\"https:\/\/dev.leselfes.com\/#website\",\"url\":\"https:\/\/dev.leselfes.com\/\",\"name\":\"Les Elfes International\",\"description\":\"Les Elfes International, Verbier Switzerland. Summer Camp, Winter Camp, Spring Camps.\",\"publisher\":{\"@id\":\"https:\/\/dev.leselfes.com\/#organization\"},\"alternateName\":\"Les Elfes International\",\"potentialAction\":[{\"@type\":\"SearchAction\",\"target\":{\"@type\":\"EntryPoint\",\"urlTemplate\":\"https:\/\/dev.leselfes.com\/?s={search_term_string}\"},\"query-input\":{\"@type\":\"PropertyValueSpecification\",\"valueRequired\":true,\"valueName\":\"search_term_string\"}}],\"inLanguage\":\"es\"},{\"@type\":\"Organization\",\"@id\":\"https:\/\/dev.leselfes.com\/#organization\",\"name\":\"Les Elfes International\",\"alternateName\":\"Les Elfes International\",\"url\":\"https:\/\/dev.leselfes.com\/\",\"logo\":{\"@type\":\"ImageObject\",\"inLanguage\":\"es\",\"@id\":\"https:\/\/dev.leselfes.com\/#\/schema\/logo\/image\/\",\"url\":\"https:\/\/www.leselfes.com\/wp-content\/uploads\/2022\/03\/leselfes-logo.png\",\"contentUrl\":\"https:\/\/www.leselfes.com\/wp-content\/uploads\/2022\/03\/leselfes-logo.png\",\"width\":233,\"height\":51,\"caption\":\"Les Elfes International\"},\"image\":{\"@id\":\"https:\/\/dev.leselfes.com\/#\/schema\/logo\/image\/\"},\"sameAs\":[\"https:\/\/www.facebook.com\/LesElfesVerbier\",\"https:\/\/x.com\/LesElfesCamps\",\"https:\/\/www.instagram.com\/leselfes\",\"https:\/\/www.linkedin.com\/company\/les-elfes-international\",\"https:\/\/www.youtube.com\/user\/LesElfesVerbier\"]},{\"@type\":\"Person\",\"@id\":\"https:\/\/dev.leselfes.com\/#\/schema\/person\/407a229698868b8c603874b19f37f289\",\"name\":\"lesadmin\",\"image\":{\"@type\":\"ImageObject\",\"inLanguage\":\"es\",\"@id\":\"https:\/\/dev.leselfes.com\/#\/schema\/person\/image\/\",\"url\":\"https:\/\/secure.gravatar.com\/avatar\/fdb243a028df450397b3632d862f87f6?s=96&d=mm&r=g\",\"contentUrl\":\"https:\/\/secure.gravatar.com\/avatar\/fdb243a028df450397b3632d862f87f6?s=96&d=mm&r=g\",\"caption\":\"lesadmin\"},\"url\":\"https:\/\/www.leselfes.com\/es\/author\/lesadmin\/\"}]}<\/script>\n<!-- \/ Yoast SEO Premium plugin. -->","yoast_head_json":{"title":"\u00a1\u2600\ufe0f El campamento de verano de Les Elfes comenzar\u00e1 muy pronto! - Les Elfes International Camps Switzerland","robots":{"index":"index","follow":"follow","max-snippet":"max-snippet:-1","max-image-preview":"max-image-preview:large","max-video-preview":"max-video-preview:-1"},"canonical":"https:\/\/www.leselfes.com\/es\/%e2%98%80%ef%b8%8f-el-campamento-de-verano-de-les-elfes-comenzara-muy-pronto\/","og_locale":"es_ES","og_type":"article","og_title":"\u00a1\u2600\ufe0f El campamento de verano de Les Elfes comenzar\u00e1 muy pronto!","og_description":"El campamento de verano Les Elfes comienza el 13 de junio. Inf\u00f3rmate sobre nuestras nuevas actividades.","og_url":"https:\/\/www.leselfes.com\/es\/%e2%98%80%ef%b8%8f-el-campamento-de-verano-de-les-elfes-comenzara-muy-pronto\/","og_site_name":"Les Elfes International Camps Switzerland","article_publisher":"https:\/\/www.facebook.com\/LesElfesVerbier","article_published_time":"2021-05-12T07:09:52+00:00","article_modified_time":"2024-11-12T11:16:15+00:00","og_image":[{"width":1250,"height":947,"url":"https:\/\/dev.leselfes.com\/wp-content\/uploads\/2021\/05\/newsletter-for-individuels-15.04.2021.jpg","type":"image\/jpeg"}],"author":"lesadmin","twitter_card":"summary_large_image","twitter_creator":"@LesElfesCamps","twitter_site":"@LesElfesCamps","twitter_misc":{"Escrito por":"lesadmin","Tiempo de lectura":"3 minutos"},"schema":{"@context":"https:\/\/schema.org","@graph":[{"@type":"Article","@id":"https:\/\/www.leselfes.com\/es\/%e2%98%80%ef%b8%8f-el-campamento-de-verano-de-les-elfes-comenzara-muy-pronto\/#article","isPartOf":{"@id":"https:\/\/www.leselfes.com\/es\/%e2%98%80%ef%b8%8f-el-campamento-de-verano-de-les-elfes-comenzara-muy-pronto\/"},"author":{"name":"lesadmin","@id":"https:\/\/dev.leselfes.com\/#\/schema\/person\/407a229698868b8c603874b19f37f289"},"headline":"\u00a1\u2600\ufe0f El campamento de verano de Les Elfes comenzar\u00e1 muy pronto!","datePublished":"2021-05-12T07:09:52+00:00","dateModified":"2024-11-12T11:16:15+00:00","mainEntityOfPage":{"@id":"https:\/\/www.leselfes.com\/es\/%e2%98%80%ef%b8%8f-el-campamento-de-verano-de-les-elfes-comenzara-muy-pronto\/"},"wordCount":555,"commentCount":0,"publisher":{"@id":"https:\/\/dev.leselfes.com\/#organization"},"image":{"@id":"https:\/\/www.leselfes.com\/es\/%e2%98%80%ef%b8%8f-el-campamento-de-verano-de-les-elfes-comenzara-muy-pronto\/#primaryimage"},"thumbnailUrl":"https:\/\/www.leselfes.com\/wp-content\/uploads\/2021\/05\/newsletter-for-individuels-15.04.2021.jpg","articleSection":["Sin categorizar"],"inLanguage":"es","potentialAction":[{"@type":"CommentAction","name":"Comment","target":["https:\/\/www.leselfes.com\/es\/%e2%98%80%ef%b8%8f-el-campamento-de-verano-de-les-elfes-comenzara-muy-pronto\/#respond"]}]},{"@type":"WebPage","@id":"https:\/\/www.leselfes.com\/es\/%e2%98%80%ef%b8%8f-el-campamento-de-verano-de-les-elfes-comenzara-muy-pronto\/","url":"https:\/\/www.leselfes.com\/es\/%e2%98%80%ef%b8%8f-el-campamento-de-verano-de-les-elfes-comenzara-muy-pronto\/","name":"\u00a1\u2600\ufe0f El campamento de verano de Les Elfes comenzar\u00e1 muy pronto! - Les Elfes International Camps Switzerland","isPartOf":{"@id":"https:\/\/dev.leselfes.com\/#website"},"primaryImageOfPage":{"@id":"https:\/\/www.leselfes.com\/es\/%e2%98%80%ef%b8%8f-el-campamento-de-verano-de-les-elfes-comenzara-muy-pronto\/#primaryimage"},"image":{"@id":"https:\/\/www.leselfes.com\/es\/%e2%98%80%ef%b8%8f-el-campamento-de-verano-de-les-elfes-comenzara-muy-pronto\/#primaryimage"},"thumbnailUrl":"https:\/\/www.leselfes.com\/wp-content\/uploads\/2021\/05\/newsletter-for-individuels-15.04.2021.jpg","datePublished":"2021-05-12T07:09:52+00:00","dateModified":"2024-11-12T11:16:15+00:00","breadcrumb":{"@id":"https:\/\/www.leselfes.com\/es\/%e2%98%80%ef%b8%8f-el-campamento-de-verano-de-les-elfes-comenzara-muy-pronto\/#breadcrumb"},"inLanguage":"es","potentialAction":[{"@type":"ReadAction","target":["https:\/\/www.leselfes.com\/es\/%e2%98%80%ef%b8%8f-el-campamento-de-verano-de-les-elfes-comenzara-muy-pronto\/"]}]},{"@type":"ImageObject","inLanguage":"es","@id":"https:\/\/www.leselfes.com\/es\/%e2%98%80%ef%b8%8f-el-campamento-de-verano-de-les-elfes-comenzara-muy-pronto\/#primaryimage","url":"https:\/\/www.leselfes.com\/wp-content\/uploads\/2021\/05\/newsletter-for-individuels-15.04.2021.jpg","contentUrl":"https:\/\/www.leselfes.com\/wp-content\/uploads\/2021\/05\/newsletter-for-individuels-15.04.2021.jpg","width":1250,"height":947},{"@type":"BreadcrumbList","@id":"https:\/\/www.leselfes.com\/es\/%e2%98%80%ef%b8%8f-el-campamento-de-verano-de-les-elfes-comenzara-muy-pronto\/#breadcrumb","itemListElement":[{"@type":"ListItem","position":1,"name":"Home","item":"https:\/\/www.leselfes.com\/es\/inicio\/"},{"@type":"ListItem","position":2,"name":"\u00a1\u2600\ufe0f El campamento de verano de Les Elfes comenzar\u00e1 muy pronto!"}]},{"@type":"WebSite","@id":"https:\/\/dev.leselfes.com\/#website","url":"https:\/\/dev.leselfes.com\/","name":"Les Elfes International","description":"Les Elfes International, Verbier Switzerland. Summer Camp, Winter Camp, Spring Camps.","publisher":{"@id":"https:\/\/dev.leselfes.com\/#organization"},"alternateName":"Les Elfes International","potentialAction":[{"@type":"SearchAction","target":{"@type":"EntryPoint","urlTemplate":"https:\/\/dev.leselfes.com\/?s={search_term_string}"},"query-input":{"@type":"PropertyValueSpecification","valueRequired":true,"valueName":"search_term_string"}}],"inLanguage":"es"},{"@type":"Organization","@id":"https:\/\/dev.leselfes.com\/#organization","name":"Les Elfes International","alternateName":"Les Elfes International","url":"https:\/\/dev.leselfes.com\/","logo":{"@type":"ImageObject","inLanguage":"es","@id":"https:\/\/dev.leselfes.com\/#\/schema\/logo\/image\/","url":"https:\/\/www.leselfes.com\/wp-content\/uploads\/2022\/03\/leselfes-logo.png","contentUrl":"https:\/\/www.leselfes.com\/wp-content\/uploads\/2022\/03\/leselfes-logo.png","width":233,"height":51,"caption":"Les Elfes International"},"image":{"@id":"https:\/\/dev.leselfes.com\/#\/schema\/logo\/image\/"},"sameAs":["https:\/\/www.facebook.com\/LesElfesVerbier","https:\/\/x.com\/LesElfesCamps","https:\/\/www.instagram.com\/leselfes","https:\/\/www.linkedin.com\/company\/les-elfes-international","https:\/\/www.youtube.com\/user\/LesElfesVerbier"]},{"@type":"Person","@id":"https:\/\/dev.leselfes.com\/#\/schema\/person\/407a229698868b8c603874b19f37f289","name":"lesadmin","image":{"@type":"ImageObject","inLanguage":"es","@id":"https:\/\/dev.leselfes.com\/#\/schema\/person\/image\/","url":"https:\/\/secure.gravatar.com\/avatar\/fdb243a028df450397b3632d862f87f6?s=96&d=mm&r=g","contentUrl":"https:\/\/secure.gravatar.com\/avatar\/fdb243a028df450397b3632d862f87f6?s=96&d=mm&r=g","caption":"lesadmin"},"url":"https:\/\/www.leselfes.com\/es\/author\/lesadmin\/"}]}},"_links":{"self":[{"href":"https:\/\/www.leselfes.com\/es\/wp-json\/wp\/v2\/posts\/92299"}],"collection":[{"href":"https:\/\/www.leselfes.com\/es\/wp-json\/wp\/v2\/posts"}],"about":[{"href":"https:\/\/www.leselfes.com\/es\/wp-json\/wp\/v2\/types\/post"}],"author":[{"embeddable":true,"href":"https:\/\/www.leselfes.com\/es\/wp-json\/wp\/v2\/users\/1"}],"replies":[{"embeddable":true,"href":"https:\/\/www.leselfes.com\/es\/wp-json\/wp\/v2\/comments?post=92299"}],"version-history":[{"count":0,"href":"https:\/\/www.leselfes.com\/es\/wp-json\/wp\/v2\/posts\/92299\/revisions"}],"wp:featuredmedia":[{"embeddable":true,"href":"https:\/\/www.leselfes.com\/es\/wp-json\/wp\/v2\/media\/73965"}],"wp:attachment":[{"href":"https:\/\/www.leselfes.com\/es\/wp-json\/wp\/v2\/media?parent=92299"}],"wp:term":[{"taxonomy":"category","embeddable":true,"href":"https:\/\/www.leselfes.com\/es\/wp-json\/wp\/v2\/categories?post=92299"},{"taxonomy":"post_tag","embeddable":true,"href":"https:\/\/www.leselfes.com\/es\/wp-json\/wp\/v2\/tags?post=92299"}],"curies":[{"name":"wp","href":"https:\/\/api.w.org\/{rel}","templated":true}]}}