{"id":92300,"date":"2021-05-18T09:11:30","date_gmt":"2021-05-18T07:11:30","guid":{"rendered":"https:\/\/www.leselfes.com\/que-dicen-de-nosotros-nuestros-campistas\/"},"modified":"2024-11-12T12:16:15","modified_gmt":"2024-11-12T11:16:15","slug":"que-dicen-de-nosotros-nuestros-campistas","status":"publish","type":"post","link":"https:\/\/www.leselfes.com\/es\/que-dicen-de-nosotros-nuestros-campistas\/","title":{"rendered":"\u00bfQu\u00e9 dicen de nosotros nuestros campistas?"},"content":{"rendered":"<p>Todos sabemos lo importantes que son las opiniones. \u00a1Descubre aqu\u00ed abajo lo que dicen nuestros campistas sobre su experiencia en los Campamentos Les Elfes! <\/p>\n<p><!-- \/wp:paragraph --><\/p>\n<p>\u00abQuerido Adam,<br \/>\nMuchas gracias por tus amables comentarios (mi hijo) se lo pas\u00f3 genial. Fue una afortunada coincidencia que encontrara tu campamento en Internet justo un d\u00eda antes de que empezara. (mi hijo) siempre dese\u00f3 volver de vacaciones a hacer snowboard y como acab\u00e1bamos de mudarnos de Londres a Par\u00eds y estaba tan disgustado, echando de menos a sus amigos, que vuestro campamento surgi\u00f3 en el momento perfecto. Estamos muy orgullosos de \u00e9l, ya que lo hizo de forma tan espont\u00e1nea \u00e9l solo. Adem\u00e1s, pod\u00edamos ver su sonrisa en la cara cada noche por tel\u00e9fono.<br \/>\nMuchas gracias por vuestro trabajo profesional, fant\u00e1stico y genial. Volver\u00e1 sin duda y ya lo est\u00e1 deseando. Acabo de empezar a recomendar vuestro campamento a todos mis amigos :)&#8230;<br \/>\nMis mejores deseos desde Par\u00eds\u00bb <cite>An\u00f3nimo<\/cite><br \/>\n\u00abComo agencia de educaci\u00f3n, nos comprometemos a guiar a las familias de Jap\u00f3n a trav\u00e9s de los detalles del proceso de admisi\u00f3n y a proporcionar apoyo continuo a los estudiantes durante su estancia en Suiza.<br \/>\nEnviamos a 2 estudiantes (ni\u00f1as de 10 y 13 a\u00f1os) al campamento de invierno Les Elfes y hemos recibido comentarios positivos tanto de ellas como de sus familias. He aqu\u00ed algunos comentarios sobre la participante de 10 a\u00f1os.<br \/>\nEst\u00e1 estudiando en un internado suizo desde enero. Debido a las actuales restricciones de viaje relacionadas con el Covid-19, no pudo volver a Jap\u00f3n durante las vacaciones de primavera y decidi\u00f3 unirse al campamento de Les Elfes. Al principio, se sent\u00eda un poco ansiosa por aprender nuevas rutinas y hacer nuevos amigos. Pero no tard\u00f3 en sentirse bienvenida y c\u00f3moda gracias al amable personal de Les Elfes. (\u00a1Gracias, Adam!) Adem\u00e1s, las instalaciones de la escuela y los miembros del personal contribuyeron a su seguridad, apoyo y bienestar durante toda su estancia. Disfrut\u00f3 esquiando, por supuesto, de una amplia gama de actividades divertidas, deportes, excursiones y programas nocturnos, as\u00ed como de las clases de idiomas. Hizo grandes amigos y ya est\u00e1 deseando volver en verano.<br \/>\nSeguiremos enviando a nuestros alumnos a vuestro campamento. Gracias por vuestra continua colaboraci\u00f3n\u00bb.      <\/p>\n<p><cite>Chika<\/cite><br \/>\n\u00abQuerido equipo,<br \/>\nEspero que este correo electr\u00f3nico os encuentre a todos bien. Me gustar\u00eda agradeceros mucho todo vuestro apoyo, colaboraci\u00f3n y seguimiento desde el inicio del primer contacto hasta el final de la estancia de mis 3 alumnos. Dir\u00eda que os escribo como agente de tres alumnos, cuya madre ha vuelto a su agente para expresar su satisfacci\u00f3n con el programa (clases, actividades, excursiones) y sobre todo con el gran personal que ha ayudado a que la experiencia de los ni\u00f1os haya sido realmente incre\u00edble. Muchas gracias por acogerme con tanta amabilidad en el campamento, a Carlotta por invitarme a cenar, a Adam por esa estupenda excursi\u00f3n por la preciosa zona!, a Rasa por llevarme a la estaci\u00f3n, a Consuelo por estar siempre disponible para responder a mis correos electr\u00f3nicos lo antes posible, a Iggy por cuidar de mis hijos, a Sam por hacer que (mi alumna) pasara el verano m\u00e1s emocionante de su vida, a Alicia por seguir el tratamiento de (mi alumna) y cuidarla d\u00eda tras d\u00eda, a Fernando por sus incre\u00edbles actividades deportivas, a Fred por sus comidas diarias&#8230;. Adem\u00e1s, esta vez como madre y no como agente, \u00a1puedo asegurar que tambi\u00e9n hiciste un gran trabajo! Con mis mejores deseos\u00bb <cite>An\u00f3nimo<\/cite><br \/>\n\u00abBuenas tardes,<br \/>\nen primer lugar, me gustar\u00eda daros las gracias a todos por la fant\u00e1stica experiencia que le hab\u00e9is proporcionado a (mi hijo).<br \/>\n\u00a1Ha vuelto a casa entusiasmado y est\u00e1 deseando volver el a\u00f1o que viene, ser\u00e1 un buen motivo para recordarle que estudie desde el principio del curso escolar!\u00bb <cite>An\u00f3nimo<\/cite><br \/>\n\u00abQuerido Adam,<br \/>\nEs un gran placer tener noticias tuyas, tenemos muy buenos recuerdos de los inviernos y veranos que (nuestro hijo) pas\u00f3 con Les elfes.<\/p>\n<p> Era muy joven y fue muy bueno para \u00e9l.<br \/>\nQuiero que sepas que ahora tiene m\u00e1s de 16 a\u00f1os, este mes est\u00e1 en China estudiando y ya habla alem\u00e1n y franc\u00e9s tambi\u00e9n muy bien.<br \/>\nEl a\u00f1o que viene ir\u00e1 al *** instituto, con una beca completa.<br \/>\nAs\u00ed que, como ves, los a\u00f1os en Les elfes le dieron confianza en s\u00ed mismo y le llenaron de energ\u00eda.<br \/>\nIntentaremos enviarle, aunque sea 15 d\u00edas.<br \/>\nSaludos cordiales\u00bb <cite>An\u00f3nimo<\/cite><br \/>\nAnterior<br \/>\nSiguiente<\/p>\n<p>\u00a1Es hora de reservar el mejor campamento de verano para tus hijos!<\/p>\n<p>Saludos de todos nosotros en Les Elfes<\/p>\n<p><!-- \/wp:paragraph --><\/p>\n<p><a role=\"button\" href=\"https:\/\/www.leselfes.com\/es\/campamento-de-verano\/inscribete-en-el-campamento-de-verano\/\" target=\"_blank\" rel=\"noopener noreferrer\"><br \/>\nRESERVA AHORA<br \/>\n<\/a><\/p>\n<p><a href=\"https:\/\/www.leselfes.com\/wp-content\/uploads\/photo-gallery\/imported_from_media_libray\/Les-Elfes-Partners-resized.jpg?bwg=1621332374\" data-image-id=\"200\"><img decoding=\"async\" src=\"https:\/\/www.leselfes.com\/wp-content\/uploads\/photo-gallery\/imported_from_media_libray\/thumb\/Les-Elfes-Partners-resized.jpg?bwg=1621332374\" alt=\"Les-Elfes-Partners redimensionado\" data-id=\"200\" data-width=\"500\" data-height=\"283\" data-original=\"https:\/\/www.leselfes.com\/wp-content\/uploads\/photo-gallery\/imported_from_media_libray\/thumb\/Les-Elfes-Partners-resized.jpg?bwg=1621332374\">  Les-Elfes-Partners redimensionado  <\/a> <a href=\"https:\/\/www.leselfes.com\/wp-content\/uploads\/photo-gallery\/imported_from_media_libray\/Group-of-kids-e1600161865737.jpg?bwg=1621332374\" data-image-id=\"199\"> <img decoding=\"async\" src=\"https:\/\/www.leselfes.com\/wp-content\/uploads\/photo-gallery\/imported_from_media_libray\/thumb\/Group-of-kids-e1600161865737.jpg?bwg=1621332374\" alt=\"Grupos Les Elfes\" data-id=\"199\" data-width=\"500\" data-height=\"247\" data-original=\"https:\/\/www.leselfes.com\/wp-content\/uploads\/photo-gallery\/imported_from_media_libray\/thumb\/Group-of-kids-e1600161865737.jpg?bwg=1621332374\">  Grupos Les Elfes  <\/a> <a href=\"https:\/\/www.leselfes.com\/wp-content\/uploads\/photo-gallery\/imported_from_media_libray\/Adventure-park-e1600161221577.jpg?bwg=1621332374\" data-image-id=\"198\"> <img decoding=\"async\" src=\"https:\/\/www.leselfes.com\/wp-content\/uploads\/photo-gallery\/imported_from_media_libray\/thumb\/Adventure-park-e1600161221577.jpg?bwg=1621332374\" alt=\"Parque de aventuras\" data-id=\"198\" data-width=\"500\" data-height=\"264\" data-original=\"https:\/\/www.leselfes.com\/wp-content\/uploads\/photo-gallery\/imported_from_media_libray\/thumb\/Adventure-park-e1600161221577.jpg?bwg=1621332374\">  Parque de aventuras  <\/a> <a href=\"https:\/\/www.leselfes.com\/wp-content\/uploads\/photo-gallery\/imported_from_media_libray\/Holi-colour-day-e1600163141124.jpg?bwg=1621332374\" data-image-id=\"197\"> <img decoding=\"async\" src=\"https:\/\/www.leselfes.com\/wp-content\/uploads\/photo-gallery\/imported_from_media_libray\/thumb\/Holi-colour-day-e1600163141124.jpg?bwg=1621332374\" alt=\"D\u00eda de los colores Holi\" data-id=\"197\" data-width=\"500\" data-height=\"249\" data-original=\"https:\/\/www.leselfes.com\/wp-content\/uploads\/photo-gallery\/imported_from_media_libray\/thumb\/Holi-colour-day-e1600163141124.jpg?bwg=1621332374\">  D\u00eda de los colores Holi  <\/a> <a href=\"https:\/\/www.leselfes.com\/wp-content\/uploads\/photo-gallery\/imported_from_media_libray\/rsz_hollyfest_2.jpg?bwg=1621332374\" data-image-id=\"196\"> <img decoding=\"async\" src=\"https:\/\/www.leselfes.com\/wp-content\/uploads\/photo-gallery\/imported_from_media_libray\/thumb\/rsz_hollyfest_2.jpg?bwg=1621332374\" alt=\"rsz_hollyfest_2\" data-id=\"196\" data-width=\"500\" data-height=\"357\" data-original=\"https:\/\/www.leselfes.com\/wp-content\/uploads\/photo-gallery\/imported_from_media_libray\/thumb\/rsz_hollyfest_2.jpg?bwg=1621332374\">  rsz_hollyfest_2  <\/a> <a href=\"https:\/\/www.leselfes.com\/wp-content\/uploads\/photo-gallery\/imported_from_media_libray\/group-jump.jpg?bwg=1621332374\" data-image-id=\"195\"> <img decoding=\"async\" src=\"https:\/\/www.leselfes.com\/wp-content\/uploads\/photo-gallery\/imported_from_media_libray\/thumb\/group-jump.jpg?bwg=1621332374\" alt=\"salto en grupo campamentos de verano Les Elfes\" data-id=\"195\" data-width=\"500\" data-height=\"375\" data-original=\"https:\/\/www.leselfes.com\/wp-content\/uploads\/photo-gallery\/imported_from_media_libray\/thumb\/group-jump.jpg?bwg=1621332374\">  salto en grupo campamentos de verano Les Elfes  <\/a> <a href=\"https:\/\/www.leselfes.com\/wp-content\/uploads\/photo-gallery\/imported_from_media_libray\/Les-Elfes-Summer-camp-Green-square.jpg?bwg=1621332374\" data-image-id=\"194\"> <img decoding=\"async\" src=\"https:\/\/www.leselfes.com\/wp-content\/uploads\/photo-gallery\/imported_from_media_libray\/thumb\/Les-Elfes-Summer-camp-Green-square.jpg?bwg=1621332374\" alt=\"Campamento de verano Les Elfes Plaza Verde\" data-id=\"194\" data-width=\"500\" data-height=\"500\" data-original=\"https:\/\/www.leselfes.com\/wp-content\/uploads\/photo-gallery\/imported_from_media_libray\/thumb\/Les-Elfes-Summer-camp-Green-square.jpg?bwg=1621332374\">  Campamento de verano Les Elfes Plaza Verde  <\/a> <a href=\"https:\/\/www.leselfes.com\/wp-content\/uploads\/photo-gallery\/imported_from_media_libray\/Lake.jpg?bwg=1621332374\" data-image-id=\"193\"> <img decoding=\"async\" src=\"https:\/\/www.leselfes.com\/wp-content\/uploads\/photo-gallery\/imported_from_media_libray\/thumb\/Lake.jpg?bwg=1621332374\" alt=\"Lago\" data-id=\"193\" data-width=\"475\" data-height=\"500\" data-original=\"https:\/\/www.leselfes.com\/wp-content\/uploads\/photo-gallery\/imported_from_media_libray\/thumb\/Lake.jpg?bwg=1621332374\">  Lago  <\/a> <a href=\"https:\/\/www.leselfes.com\/wp-content\/uploads\/photo-gallery\/imported_from_media_libray\/Les-Elfes-International-summer-camp-banan-boat-light-1.jpg?bwg=1621332374\" data-image-id=\"192\"> <img decoding=\"async\" src=\"https:\/\/www.leselfes.com\/wp-content\/uploads\/photo-gallery\/imported_from_media_libray\/thumb\/Les-Elfes-International-summer-camp-banan-boat-light-1.jpg?bwg=1621332374\" alt=\"Campamento internacional de verano Les Elfes - banan boat light\" data-id=\"192\" data-width=\"500\" data-height=\"477\" data-original=\"https:\/\/www.leselfes.com\/wp-content\/uploads\/photo-gallery\/imported_from_media_libray\/thumb\/Les-Elfes-International-summer-camp-banan-boat-light-1.jpg?bwg=1621332374\">  Campamento internacional de verano Les Elfes &#8211; banan boat light  <\/a> <a href=\"https:\/\/www.leselfes.com\/wp-content\/uploads\/photo-gallery\/imported_from_media_libray\/Les-Elfes-International-summer-camp-mountain-bike-2-light-6.jpg?bwg=1621332374\" data-image-id=\"191\"> <img decoding=\"async\" src=\"https:\/\/www.leselfes.com\/wp-content\/uploads\/photo-gallery\/imported_from_media_libray\/thumb\/Les-Elfes-International-summer-camp-mountain-bike-2-light-6.jpg?bwg=1621332374\" alt=\"Campamento internacional de verano Les Elfes - bicicleta de monta\u00f1a 2 light\" data-id=\"191\" data-width=\"500\" data-height=\"499\" data-original=\"https:\/\/www.leselfes.com\/wp-content\/uploads\/photo-gallery\/imported_from_media_libray\/thumb\/Les-Elfes-International-summer-camp-mountain-bike-2-light-6.jpg?bwg=1621332374\">  Campamento internacional de verano Les Elfes &#8211; bicicleta de monta\u00f1a 2 light  <\/a> <a href=\"https:\/\/www.leselfes.com\/wp-content\/uploads\/photo-gallery\/imported_from_media_libray\/img1.jpg?bwg=1574450857\" data-image-id=\"52\"> <img decoding=\"async\" src=\"https:\/\/www.leselfes.com\/wp-content\/uploads\/photo-gallery\/imported_from_media_libray\/thumb\/img1.jpg?bwg=1574450857\" alt=\"Grupo\" data-id=\"52\" data-width=\"500\" data-height=\"326\" data-original=\"https:\/\/www.leselfes.com\/wp-content\/uploads\/photo-gallery\/imported_from_media_libray\/thumb\/img1.jpg?bwg=1574450857\">  Grupo  <\/a> <a href=\"https:\/\/www.leselfes.com\/wp-content\/uploads\/photo-gallery\/imported_from_media_libray\/Image-Summer-camp.jpg?bwg=1574450857\" data-image-id=\"51\"> <img decoding=\"async\" src=\"https:\/\/www.leselfes.com\/wp-content\/uploads\/photo-gallery\/imported_from_media_libray\/thumb\/Image-Summer-camp.jpg?bwg=1574450857\" alt=\"En bicicleta\" data-id=\"51\" data-width=\"500\" data-height=\"357\" data-original=\"https:\/\/www.leselfes.com\/wp-content\/uploads\/photo-gallery\/imported_from_media_libray\/thumb\/Image-Summer-camp.jpg?bwg=1574450857\">  En bicicleta  <\/a> <a href=\"https:\/\/www.leselfes.com\/wp-content\/uploads\/photo-gallery\/imported_from_media_libray\/Group-2.jpg?bwg=1574450857\" data-image-id=\"50\"> <img decoding=\"async\" src=\"https:\/\/www.leselfes.com\/wp-content\/uploads\/photo-gallery\/imported_from_media_libray\/thumb\/Group-2.jpg?bwg=1574450857\" alt=\"Grupo\" data-id=\"50\" data-width=\"500\" data-height=\"375\" data-original=\"https:\/\/www.leselfes.com\/wp-content\/uploads\/photo-gallery\/imported_from_media_libray\/thumb\/Group-2.jpg?bwg=1574450857\">  Grupo  <\/a> <a href=\"https:\/\/www.leselfes.com\/wp-content\/uploads\/photo-gallery\/imported_from_media_libray\/Arts-cooking.jpg?bwg=1574450857\" data-image-id=\"49\"> <img decoding=\"async\" src=\"https:\/\/www.leselfes.com\/wp-content\/uploads\/photo-gallery\/imported_from_media_libray\/thumb\/Arts-cooking.jpg?bwg=1574450857\" alt=\"Cocina art\u00edstica\" data-id=\"49\" data-width=\"500\" data-height=\"395\" data-original=\"https:\/\/www.leselfes.com\/wp-content\/uploads\/photo-gallery\/imported_from_media_libray\/thumb\/Arts-cooking.jpg?bwg=1574450857\">  Cocina art\u00edstica  <\/a> <a href=\"https:\/\/www.leselfes.com\/wp-content\/uploads\/photo-gallery\/imported_from_media_libray\/optional-courses.jpg?bwg=1574450857\" data-image-id=\"48\"> <img decoding=\"async\" src=\"https:\/\/www.leselfes.com\/wp-content\/uploads\/photo-gallery\/imported_from_media_libray\/thumb\/optional-courses.jpg?bwg=1574450857\" alt=\"Equitaci\u00f3n\" data-id=\"48\" data-width=\"500\" data-height=\"357\" data-original=\"https:\/\/www.leselfes.com\/wp-content\/uploads\/photo-gallery\/imported_from_media_libray\/thumb\/optional-courses.jpg?bwg=1574450857\">  Equitaci\u00f3n  <\/a> <a href=\"https:\/\/www.leselfes.com\/wp-content\/uploads\/photo-gallery\/imported_from_media_libray\/Mountain-fitness.jpg?bwg=1574450857\" data-image-id=\"47\"> <img decoding=\"async\" src=\"https:\/\/www.leselfes.com\/wp-content\/uploads\/photo-gallery\/imported_from_media_libray\/thumb\/Mountain-fitness.jpg?bwg=1574450857\" alt=\"Fitness de monta\u00f1a\" data-id=\"47\" data-width=\"500\" data-height=\"395\" data-original=\"https:\/\/www.leselfes.com\/wp-content\/uploads\/photo-gallery\/imported_from_media_libray\/thumb\/Mountain-fitness.jpg?bwg=1574450857\">  Fitness de monta\u00f1a  <\/a> <a href=\"https:\/\/www.leselfes.com\/wp-content\/uploads\/photo-gallery\/imported_from_media_libray\/Excursion.jpg?bwg=1574450857\" data-image-id=\"46\"> <img decoding=\"async\" src=\"https:\/\/www.leselfes.com\/wp-content\/uploads\/photo-gallery\/imported_from_media_libray\/thumb\/Excursion.jpg?bwg=1574450857\" alt=\"Excursi\u00f3n\" data-id=\"46\" data-width=\"500\" data-height=\"333\" data-original=\"https:\/\/www.leselfes.com\/wp-content\/uploads\/photo-gallery\/imported_from_media_libray\/thumb\/Excursion.jpg?bwg=1574450857\">  Excursi\u00f3n  <\/a> <a href=\"https:\/\/www.leselfes.com\/wp-content\/uploads\/photo-gallery\/imported_from_media_libray\/Lenguage-lessons.jpg?bwg=1574450857\" data-image-id=\"45\"> <img decoding=\"async\" src=\"https:\/\/www.leselfes.com\/wp-content\/uploads\/photo-gallery\/imported_from_media_libray\/thumb\/Lenguage-lessons.jpg?bwg=1574450857\" alt=\"Clases de idiomas\" data-id=\"45\" data-width=\"500\" data-height=\"357\" data-original=\"https:\/\/www.leselfes.com\/wp-content\/uploads\/photo-gallery\/imported_from_media_libray\/thumb\/Lenguage-lessons.jpg?bwg=1574450857\">  Clases de idiomas  <\/a> <a href=\"https:\/\/www.leselfes.com\/wp-content\/uploads\/photo-gallery\/imported_from_media_libray\/international-day.jpg?bwg=1574450857\" data-image-id=\"44\"> <img decoding=\"async\" src=\"https:\/\/www.leselfes.com\/wp-content\/uploads\/photo-gallery\/imported_from_media_libray\/thumb\/international-day.jpg?bwg=1574450857\" alt=\"D\u00eda Internacional\" data-id=\"44\" data-width=\"500\" data-height=\"375\" data-original=\"https:\/\/www.leselfes.com\/wp-content\/uploads\/photo-gallery\/imported_from_media_libray\/thumb\/international-day.jpg?bwg=1574450857\">  D\u00eda Internacional  <\/a> <a href=\"https:\/\/www.leselfes.com\/wp-content\/uploads\/photo-gallery\/imported_from_media_libray\/Prize-giving_(1).jpg?bwg=1574450857\" data-image-id=\"43\"> <img decoding=\"async\" src=\"https:\/\/www.leselfes.com\/wp-content\/uploads\/photo-gallery\/imported_from_media_libray\/thumb\/Prize-giving_(1).jpg?bwg=1574450857\" alt=\"Grupo Les Elfes\" data-id=\"43\" data-width=\"500\" data-height=\"279\" data-original=\"https:\/\/www.leselfes.com\/wp-content\/uploads\/photo-gallery\/imported_from_media_libray\/thumb\/Prize-giving_(1).jpg?bwg=1574450857\">  Grupo Les Elfes  <\/a> <a href=\"https:\/\/www.leselfes.com\/wp-content\/uploads\/photo-gallery\/imported_from_media_libray\/staff-safety-1.jpg?bwg=1574450857\" data-image-id=\"42\"> <img decoding=\"async\" src=\"https:\/\/www.leselfes.com\/wp-content\/uploads\/photo-gallery\/imported_from_media_libray\/thumb\/staff-safety-1.jpg?bwg=1574450857\" alt=\"Programa de Formaci\u00f3n de L\u00edderes\" data-id=\"42\" data-width=\"500\" data-height=\"333\" data-original=\"https:\/\/www.leselfes.com\/wp-content\/uploads\/photo-gallery\/imported_from_media_libray\/thumb\/staff-safety-1.jpg?bwg=1574450857\">  Programa de Formaci\u00f3n de L\u00edderes  <\/a> <a href=\"https:\/\/www.leselfes.com\/wp-content\/uploads\/photo-gallery\/imported_from_media_libray\/Banner_(1).jpg?bwg=1574450857\" data-image-id=\"41\"> <img decoding=\"async\" src=\"https:\/\/www.leselfes.com\/wp-content\/uploads\/photo-gallery\/imported_from_media_libray\/thumb\/Banner_(1).jpg?bwg=1574450857\" alt=\"Lago\" data-id=\"41\" data-width=\"500\" data-height=\"375\" data-original=\"https:\/\/www.leselfes.com\/wp-content\/uploads\/photo-gallery\/imported_from_media_libray\/thumb\/Banner_(1).jpg?bwg=1574450857\">  Lago  <\/a> <a href=\"https:\/\/www.leselfes.com\/wp-content\/uploads\/photo-gallery\/imported_from_media_libray\/jobs.jpg?bwg=1574450857\" data-image-id=\"40\"> <img decoding=\"async\" src=\"https:\/\/www.leselfes.com\/wp-content\/uploads\/photo-gallery\/imported_from_media_libray\/thumb\/jobs.jpg?bwg=1574450857\" alt=\"Camping\" data-id=\"40\" data-width=\"500\" data-height=\"263\" data-original=\"https:\/\/www.leselfes.com\/wp-content\/uploads\/photo-gallery\/imported_from_media_libray\/thumb\/jobs.jpg?bwg=1574450857\">  Camping  <\/a> <a href=\"https:\/\/www.leselfes.com\/wp-content\/uploads\/photo-gallery\/imported_from_media_libray\/evening-activities.jpg?bwg=1574450857\" data-image-id=\"39\"> <img decoding=\"async\" src=\"https:\/\/www.leselfes.com\/wp-content\/uploads\/photo-gallery\/imported_from_media_libray\/thumb\/evening-activities.jpg?bwg=1574450857\" alt=\"Camping\" data-id=\"39\" data-width=\"500\" data-height=\"375\" data-original=\"https:\/\/www.leselfes.com\/wp-content\/uploads\/photo-gallery\/imported_from_media_libray\/thumb\/evening-activities.jpg?bwg=1574450857\">  Camping  <\/a> <a href=\"https:\/\/www.leselfes.com\/wp-content\/uploads\/photo-gallery\/imported_from_media_libray\/Prize-giving.jpg?bwg=1574450857\" data-image-id=\"37\"> <img decoding=\"async\" src=\"https:\/\/www.leselfes.com\/wp-content\/uploads\/photo-gallery\/imported_from_media_libray\/thumb\/Prize-giving.jpg?bwg=1574450857\" alt=\"Grupo Les Elfes\" data-id=\"37\" data-width=\"500\" data-height=\"279\" data-original=\"https:\/\/www.leselfes.com\/wp-content\/uploads\/photo-gallery\/imported_from_media_libray\/thumb\/Prize-giving.jpg?bwg=1574450857\">  Grupo Les Elfes  <\/a> <a href=\"https:\/\/www.leselfes.com\/wp-content\/uploads\/photo-gallery\/imported_from_media_libray\/gems-official-provider-1.jpg?bwg=1574450857\" data-image-id=\"36\"> <img decoding=\"async\" src=\"https:\/\/www.leselfes.com\/wp-content\/uploads\/photo-gallery\/imported_from_media_libray\/thumb\/gems-official-provider-1.jpg?bwg=1574450857\" alt=\"Senderismo\" data-id=\"36\" data-width=\"500\" data-height=\"375\" data-original=\"https:\/\/www.leselfes.com\/wp-content\/uploads\/photo-gallery\/imported_from_media_libray\/thumb\/gems-official-provider-1.jpg?bwg=1574450857\">  Senderismo  <\/a> <a href=\"https:\/\/www.leselfes.com\/wp-content\/uploads\/photo-gallery\/imported_from_media_libray\/les-elfes-greens.jpg?bwg=1574450857\" data-image-id=\"35\"> <img decoding=\"async\" src=\"https:\/\/www.leselfes.com\/wp-content\/uploads\/photo-gallery\/imported_from_media_libray\/thumb\/les-elfes-greens.jpg?bwg=1574450857\" alt=\"Refugio de monta\u00f1a\" data-id=\"35\" data-width=\"500\" data-height=\"375\" data-original=\"https:\/\/www.leselfes.com\/wp-content\/uploads\/photo-gallery\/imported_from_media_libray\/thumb\/les-elfes-greens.jpg?bwg=1574450857\">  Refugio de monta\u00f1a  <\/a> <a href=\"https:\/\/www.leselfes.com\/wp-content\/uploads\/photo-gallery\/imported_from_media_libray\/educational-component-2.jpg?bwg=1574450857\" data-image-id=\"34\"> <img decoding=\"async\" src=\"https:\/\/www.leselfes.com\/wp-content\/uploads\/photo-gallery\/imported_from_media_libray\/thumb\/educational-component-2.jpg?bwg=1574450857\" alt=\"Escalada\" data-id=\"34\" data-width=\"500\" data-height=\"375\" data-original=\"https:\/\/www.leselfes.com\/wp-content\/uploads\/photo-gallery\/imported_from_media_libray\/thumb\/educational-component-2.jpg?bwg=1574450857\">  Escalada  <\/a> <a href=\"https:\/\/www.leselfes.com\/wp-content\/uploads\/photo-gallery\/imported_from_media_libray\/Why-choose-les-elfes.jpg?bwg=1574450857\" data-image-id=\"33\"> <img decoding=\"async\" src=\"https:\/\/www.leselfes.com\/wp-content\/uploads\/photo-gallery\/imported_from_media_libray\/thumb\/Why-choose-les-elfes.jpg?bwg=1574450857\" alt=\"Actividad lacustre\" data-id=\"33\" data-width=\"500\" data-height=\"375\" data-original=\"https:\/\/www.leselfes.com\/wp-content\/uploads\/photo-gallery\/imported_from_media_libray\/thumb\/Why-choose-les-elfes.jpg?bwg=1574450857\">  Actividad lacustre  <\/a> <a href=\"https:\/\/www.leselfes.com\/wp-content\/uploads\/photo-gallery\/imported_from_media_libray\/Campuses_(1).jpg?bwg=1574450857\" data-image-id=\"32\"> <img decoding=\"async\" src=\"https:\/\/www.leselfes.com\/wp-content\/uploads\/photo-gallery\/imported_from_media_libray\/thumb\/Campuses_(1).jpg?bwg=1574450857\" alt=\"Campus\" data-id=\"32\" data-width=\"500\" data-height=\"282\" data-original=\"https:\/\/www.leselfes.com\/wp-content\/uploads\/photo-gallery\/imported_from_media_libray\/thumb\/Campuses_(1).jpg?bwg=1574450857\">  Campus  <\/a><\/p>\n<p><input id=\"bwg_random_seed_591886494\" type=\"hidden\" value=\"1069368095\"><\/p>\n<h2>\u00bfTe gusta?<br \/>\ncomp\u00e1rtelo con tus amigos <\/h2>\n<p>Compartir en facebook<br \/>\nFacebook<br \/>\nCompartir en twitter<br \/>\nTwitter<br \/>\nCompartir en linkedin<br \/>\nLinkedIn<\/p>\n","protected":false},"excerpt":{"rendered":"<p>\u00bfBuscas un campamento multiactividades para tu hijo?<br \/>\nM\u00e1s informaci\u00f3n sobre los campamentos Les Elfes en Verbier <\/p>\n","protected":false},"author":1,"featured_media":73999,"comment_status":"closed","ping_status":"open","sticky":false,"template":"","format":"standard","meta":{"_acf_changed":false,"inline_featured_image":false,"footnotes":""},"categories":[1068],"tags":[],"class_list":{"0":"post-92300","1":"post","2":"type-post","3":"status-publish","4":"format-standard","5":"has-post-thumbnail","7":"category-sin-categorizar"},"acf":[],"yoast_head":"<!-- This site is optimized with the Yoast SEO Premium plugin v24.2 (Yoast SEO v24.7) - https:\/\/yoast.com\/wordpress\/plugins\/seo\/ -->\n<title>\u00bfQu\u00e9 dicen de nosotros nuestros campistas? - Les Elfes International Camps Switzerland<\/title>\n<meta name=\"robots\" content=\"index, follow, max-snippet:-1, max-image-preview:large, max-video-preview:-1\" \/>\n<link rel=\"canonical\" href=\"https:\/\/www.leselfes.com\/es\/que-dicen-de-nosotros-nuestros-campistas\/\" \/>\n<meta property=\"og:locale\" content=\"es_ES\" \/>\n<meta property=\"og:type\" content=\"article\" \/>\n<meta property=\"og:title\" content=\"\u00bfQu\u00e9 dicen de nosotros nuestros campistas?\" \/>\n<meta property=\"og:description\" content=\"\u00bfBuscas un campamento multiactividades para tu hijo? M\u00e1s informaci\u00f3n sobre los campamentos Les Elfes en Verbier\" \/>\n<meta property=\"og:url\" content=\"https:\/\/www.leselfes.com\/es\/que-dicen-de-nosotros-nuestros-campistas\/\" \/>\n<meta property=\"og:site_name\" content=\"Les Elfes International Camps Switzerland\" \/>\n<meta property=\"article:publisher\" content=\"https:\/\/www.facebook.com\/LesElfesVerbier\" \/>\n<meta property=\"article:published_time\" content=\"2021-05-18T07:11:30+00:00\" \/>\n<meta property=\"article:modified_time\" content=\"2024-11-12T11:16:15+00:00\" \/>\n<meta property=\"og:image\" content=\"https:\/\/dev.leselfes.com\/wp-content\/uploads\/2021\/05\/newsletter-for-ind-20.05.21-Newsletter-website-low.jpg\" \/>\n\t<meta property=\"og:image:width\" content=\"600\" \/>\n\t<meta property=\"og:image:height\" content=\"449\" \/>\n\t<meta property=\"og:image:type\" content=\"image\/jpeg\" \/>\n<meta name=\"author\" content=\"lesadmin\" \/>\n<meta name=\"twitter:card\" content=\"summary_large_image\" \/>\n<meta name=\"twitter:creator\" content=\"@LesElfesCamps\" \/>\n<meta name=\"twitter:site\" content=\"@LesElfesCamps\" \/>\n<meta name=\"twitter:label1\" content=\"Escrito por\" \/>\n\t<meta name=\"twitter:data1\" content=\"lesadmin\" \/>\n\t<meta name=\"twitter:label2\" content=\"Tiempo de lectura\" \/>\n\t<meta name=\"twitter:data2\" content=\"5 minutos\" \/>\n<script type=\"application\/ld+json\" class=\"yoast-schema-graph\">{\"@context\":\"https:\/\/schema.org\",\"@graph\":[{\"@type\":\"Article\",\"@id\":\"https:\/\/www.leselfes.com\/es\/que-dicen-de-nosotros-nuestros-campistas\/#article\",\"isPartOf\":{\"@id\":\"https:\/\/www.leselfes.com\/es\/que-dicen-de-nosotros-nuestros-campistas\/\"},\"author\":{\"name\":\"lesadmin\",\"@id\":\"https:\/\/dev.leselfes.com\/#\/schema\/person\/407a229698868b8c603874b19f37f289\"},\"headline\":\"\u00bfQu\u00e9 dicen de nosotros nuestros campistas?\",\"datePublished\":\"2021-05-18T07:11:30+00:00\",\"dateModified\":\"2024-11-12T11:16:15+00:00\",\"mainEntityOfPage\":{\"@id\":\"https:\/\/www.leselfes.com\/es\/que-dicen-de-nosotros-nuestros-campistas\/\"},\"wordCount\":913,\"publisher\":{\"@id\":\"https:\/\/dev.leselfes.com\/#organization\"},\"image\":{\"@id\":\"https:\/\/www.leselfes.com\/es\/que-dicen-de-nosotros-nuestros-campistas\/#primaryimage\"},\"thumbnailUrl\":\"https:\/\/www.leselfes.com\/wp-content\/uploads\/2021\/05\/newsletter-for-ind-20.05.21-Newsletter-website-low.jpg\",\"articleSection\":[\"Sin categorizar\"],\"inLanguage\":\"es\"},{\"@type\":\"WebPage\",\"@id\":\"https:\/\/www.leselfes.com\/es\/que-dicen-de-nosotros-nuestros-campistas\/\",\"url\":\"https:\/\/www.leselfes.com\/es\/que-dicen-de-nosotros-nuestros-campistas\/\",\"name\":\"\u00bfQu\u00e9 dicen de nosotros nuestros campistas? - Les Elfes International Camps Switzerland\",\"isPartOf\":{\"@id\":\"https:\/\/dev.leselfes.com\/#website\"},\"primaryImageOfPage\":{\"@id\":\"https:\/\/www.leselfes.com\/es\/que-dicen-de-nosotros-nuestros-campistas\/#primaryimage\"},\"image\":{\"@id\":\"https:\/\/www.leselfes.com\/es\/que-dicen-de-nosotros-nuestros-campistas\/#primaryimage\"},\"thumbnailUrl\":\"https:\/\/www.leselfes.com\/wp-content\/uploads\/2021\/05\/newsletter-for-ind-20.05.21-Newsletter-website-low.jpg\",\"datePublished\":\"2021-05-18T07:11:30+00:00\",\"dateModified\":\"2024-11-12T11:16:15+00:00\",\"breadcrumb\":{\"@id\":\"https:\/\/www.leselfes.com\/es\/que-dicen-de-nosotros-nuestros-campistas\/#breadcrumb\"},\"inLanguage\":\"es\",\"potentialAction\":[{\"@type\":\"ReadAction\",\"target\":[\"https:\/\/www.leselfes.com\/es\/que-dicen-de-nosotros-nuestros-campistas\/\"]}]},{\"@type\":\"ImageObject\",\"inLanguage\":\"es\",\"@id\":\"https:\/\/www.leselfes.com\/es\/que-dicen-de-nosotros-nuestros-campistas\/#primaryimage\",\"url\":\"https:\/\/www.leselfes.com\/wp-content\/uploads\/2021\/05\/newsletter-for-ind-20.05.21-Newsletter-website-low.jpg\",\"contentUrl\":\"https:\/\/www.leselfes.com\/wp-content\/uploads\/2021\/05\/newsletter-for-ind-20.05.21-Newsletter-website-low.jpg\",\"width\":600,\"height\":449},{\"@type\":\"BreadcrumbList\",\"@id\":\"https:\/\/www.leselfes.com\/es\/que-dicen-de-nosotros-nuestros-campistas\/#breadcrumb\",\"itemListElement\":[{\"@type\":\"ListItem\",\"position\":1,\"name\":\"Home\",\"item\":\"https:\/\/www.leselfes.com\/es\/inicio\/\"},{\"@type\":\"ListItem\",\"position\":2,\"name\":\"\u00bfQu\u00e9 dicen de nosotros nuestros campistas?\"}]},{\"@type\":\"WebSite\",\"@id\":\"https:\/\/dev.leselfes.com\/#website\",\"url\":\"https:\/\/dev.leselfes.com\/\",\"name\":\"Les Elfes International\",\"description\":\"Les Elfes International, Verbier Switzerland. Summer Camp, Winter Camp, Spring Camps.\",\"publisher\":{\"@id\":\"https:\/\/dev.leselfes.com\/#organization\"},\"alternateName\":\"Les Elfes International\",\"potentialAction\":[{\"@type\":\"SearchAction\",\"target\":{\"@type\":\"EntryPoint\",\"urlTemplate\":\"https:\/\/dev.leselfes.com\/?s={search_term_string}\"},\"query-input\":{\"@type\":\"PropertyValueSpecification\",\"valueRequired\":true,\"valueName\":\"search_term_string\"}}],\"inLanguage\":\"es\"},{\"@type\":\"Organization\",\"@id\":\"https:\/\/dev.leselfes.com\/#organization\",\"name\":\"Les Elfes International\",\"alternateName\":\"Les Elfes International\",\"url\":\"https:\/\/dev.leselfes.com\/\",\"logo\":{\"@type\":\"ImageObject\",\"inLanguage\":\"es\",\"@id\":\"https:\/\/dev.leselfes.com\/#\/schema\/logo\/image\/\",\"url\":\"https:\/\/www.leselfes.com\/wp-content\/uploads\/2022\/03\/leselfes-logo.png\",\"contentUrl\":\"https:\/\/www.leselfes.com\/wp-content\/uploads\/2022\/03\/leselfes-logo.png\",\"width\":233,\"height\":51,\"caption\":\"Les Elfes International\"},\"image\":{\"@id\":\"https:\/\/dev.leselfes.com\/#\/schema\/logo\/image\/\"},\"sameAs\":[\"https:\/\/www.facebook.com\/LesElfesVerbier\",\"https:\/\/x.com\/LesElfesCamps\",\"https:\/\/www.instagram.com\/leselfes\",\"https:\/\/www.linkedin.com\/company\/les-elfes-international\",\"https:\/\/www.youtube.com\/user\/LesElfesVerbier\"]},{\"@type\":\"Person\",\"@id\":\"https:\/\/dev.leselfes.com\/#\/schema\/person\/407a229698868b8c603874b19f37f289\",\"name\":\"lesadmin\",\"image\":{\"@type\":\"ImageObject\",\"inLanguage\":\"es\",\"@id\":\"https:\/\/dev.leselfes.com\/#\/schema\/person\/image\/\",\"url\":\"https:\/\/secure.gravatar.com\/avatar\/fdb243a028df450397b3632d862f87f6?s=96&d=mm&r=g\",\"contentUrl\":\"https:\/\/secure.gravatar.com\/avatar\/fdb243a028df450397b3632d862f87f6?s=96&d=mm&r=g\",\"caption\":\"lesadmin\"},\"url\":\"https:\/\/www.leselfes.com\/es\/author\/lesadmin\/\"}]}<\/script>\n<!-- \/ Yoast SEO Premium plugin. -->","yoast_head_json":{"title":"\u00bfQu\u00e9 dicen de nosotros nuestros campistas? - Les Elfes International Camps Switzerland","robots":{"index":"index","follow":"follow","max-snippet":"max-snippet:-1","max-image-preview":"max-image-preview:large","max-video-preview":"max-video-preview:-1"},"canonical":"https:\/\/www.leselfes.com\/es\/que-dicen-de-nosotros-nuestros-campistas\/","og_locale":"es_ES","og_type":"article","og_title":"\u00bfQu\u00e9 dicen de nosotros nuestros campistas?","og_description":"\u00bfBuscas un campamento multiactividades para tu hijo? M\u00e1s informaci\u00f3n sobre los campamentos Les Elfes en Verbier","og_url":"https:\/\/www.leselfes.com\/es\/que-dicen-de-nosotros-nuestros-campistas\/","og_site_name":"Les Elfes International Camps Switzerland","article_publisher":"https:\/\/www.facebook.com\/LesElfesVerbier","article_published_time":"2021-05-18T07:11:30+00:00","article_modified_time":"2024-11-12T11:16:15+00:00","og_image":[{"width":600,"height":449,"url":"https:\/\/dev.leselfes.com\/wp-content\/uploads\/2021\/05\/newsletter-for-ind-20.05.21-Newsletter-website-low.jpg","type":"image\/jpeg"}],"author":"lesadmin","twitter_card":"summary_large_image","twitter_creator":"@LesElfesCamps","twitter_site":"@LesElfesCamps","twitter_misc":{"Escrito por":"lesadmin","Tiempo de lectura":"5 minutos"},"schema":{"@context":"https:\/\/schema.org","@graph":[{"@type":"Article","@id":"https:\/\/www.leselfes.com\/es\/que-dicen-de-nosotros-nuestros-campistas\/#article","isPartOf":{"@id":"https:\/\/www.leselfes.com\/es\/que-dicen-de-nosotros-nuestros-campistas\/"},"author":{"name":"lesadmin","@id":"https:\/\/dev.leselfes.com\/#\/schema\/person\/407a229698868b8c603874b19f37f289"},"headline":"\u00bfQu\u00e9 dicen de nosotros nuestros campistas?","datePublished":"2021-05-18T07:11:30+00:00","dateModified":"2024-11-12T11:16:15+00:00","mainEntityOfPage":{"@id":"https:\/\/www.leselfes.com\/es\/que-dicen-de-nosotros-nuestros-campistas\/"},"wordCount":913,"publisher":{"@id":"https:\/\/dev.leselfes.com\/#organization"},"image":{"@id":"https:\/\/www.leselfes.com\/es\/que-dicen-de-nosotros-nuestros-campistas\/#primaryimage"},"thumbnailUrl":"https:\/\/www.leselfes.com\/wp-content\/uploads\/2021\/05\/newsletter-for-ind-20.05.21-Newsletter-website-low.jpg","articleSection":["Sin categorizar"],"inLanguage":"es"},{"@type":"WebPage","@id":"https:\/\/www.leselfes.com\/es\/que-dicen-de-nosotros-nuestros-campistas\/","url":"https:\/\/www.leselfes.com\/es\/que-dicen-de-nosotros-nuestros-campistas\/","name":"\u00bfQu\u00e9 dicen de nosotros nuestros campistas? - Les Elfes International Camps Switzerland","isPartOf":{"@id":"https:\/\/dev.leselfes.com\/#website"},"primaryImageOfPage":{"@id":"https:\/\/www.leselfes.com\/es\/que-dicen-de-nosotros-nuestros-campistas\/#primaryimage"},"image":{"@id":"https:\/\/www.leselfes.com\/es\/que-dicen-de-nosotros-nuestros-campistas\/#primaryimage"},"thumbnailUrl":"https:\/\/www.leselfes.com\/wp-content\/uploads\/2021\/05\/newsletter-for-ind-20.05.21-Newsletter-website-low.jpg","datePublished":"2021-05-18T07:11:30+00:00","dateModified":"2024-11-12T11:16:15+00:00","breadcrumb":{"@id":"https:\/\/www.leselfes.com\/es\/que-dicen-de-nosotros-nuestros-campistas\/#breadcrumb"},"inLanguage":"es","potentialAction":[{"@type":"ReadAction","target":["https:\/\/www.leselfes.com\/es\/que-dicen-de-nosotros-nuestros-campistas\/"]}]},{"@type":"ImageObject","inLanguage":"es","@id":"https:\/\/www.leselfes.com\/es\/que-dicen-de-nosotros-nuestros-campistas\/#primaryimage","url":"https:\/\/www.leselfes.com\/wp-content\/uploads\/2021\/05\/newsletter-for-ind-20.05.21-Newsletter-website-low.jpg","contentUrl":"https:\/\/www.leselfes.com\/wp-content\/uploads\/2021\/05\/newsletter-for-ind-20.05.21-Newsletter-website-low.jpg","width":600,"height":449},{"@type":"BreadcrumbList","@id":"https:\/\/www.leselfes.com\/es\/que-dicen-de-nosotros-nuestros-campistas\/#breadcrumb","itemListElement":[{"@type":"ListItem","position":1,"name":"Home","item":"https:\/\/www.leselfes.com\/es\/inicio\/"},{"@type":"ListItem","position":2,"name":"\u00bfQu\u00e9 dicen de nosotros nuestros campistas?"}]},{"@type":"WebSite","@id":"https:\/\/dev.leselfes.com\/#website","url":"https:\/\/dev.leselfes.com\/","name":"Les Elfes International","description":"Les Elfes International, Verbier Switzerland. Summer Camp, Winter Camp, Spring Camps.","publisher":{"@id":"https:\/\/dev.leselfes.com\/#organization"},"alternateName":"Les Elfes International","potentialAction":[{"@type":"SearchAction","target":{"@type":"EntryPoint","urlTemplate":"https:\/\/dev.leselfes.com\/?s={search_term_string}"},"query-input":{"@type":"PropertyValueSpecification","valueRequired":true,"valueName":"search_term_string"}}],"inLanguage":"es"},{"@type":"Organization","@id":"https:\/\/dev.leselfes.com\/#organization","name":"Les Elfes International","alternateName":"Les Elfes International","url":"https:\/\/dev.leselfes.com\/","logo":{"@type":"ImageObject","inLanguage":"es","@id":"https:\/\/dev.leselfes.com\/#\/schema\/logo\/image\/","url":"https:\/\/www.leselfes.com\/wp-content\/uploads\/2022\/03\/leselfes-logo.png","contentUrl":"https:\/\/www.leselfes.com\/wp-content\/uploads\/2022\/03\/leselfes-logo.png","width":233,"height":51,"caption":"Les Elfes International"},"image":{"@id":"https:\/\/dev.leselfes.com\/#\/schema\/logo\/image\/"},"sameAs":["https:\/\/www.facebook.com\/LesElfesVerbier","https:\/\/x.com\/LesElfesCamps","https:\/\/www.instagram.com\/leselfes","https:\/\/www.linkedin.com\/company\/les-elfes-international","https:\/\/www.youtube.com\/user\/LesElfesVerbier"]},{"@type":"Person","@id":"https:\/\/dev.leselfes.com\/#\/schema\/person\/407a229698868b8c603874b19f37f289","name":"lesadmin","image":{"@type":"ImageObject","inLanguage":"es","@id":"https:\/\/dev.leselfes.com\/#\/schema\/person\/image\/","url":"https:\/\/secure.gravatar.com\/avatar\/fdb243a028df450397b3632d862f87f6?s=96&d=mm&r=g","contentUrl":"https:\/\/secure.gravatar.com\/avatar\/fdb243a028df450397b3632d862f87f6?s=96&d=mm&r=g","caption":"lesadmin"},"url":"https:\/\/www.leselfes.com\/es\/author\/lesadmin\/"}]}},"_links":{"self":[{"href":"https:\/\/www.leselfes.com\/es\/wp-json\/wp\/v2\/posts\/92300"}],"collection":[{"href":"https:\/\/www.leselfes.com\/es\/wp-json\/wp\/v2\/posts"}],"about":[{"href":"https:\/\/www.leselfes.com\/es\/wp-json\/wp\/v2\/types\/post"}],"author":[{"embeddable":true,"href":"https:\/\/www.leselfes.com\/es\/wp-json\/wp\/v2\/users\/1"}],"replies":[{"embeddable":true,"href":"https:\/\/www.leselfes.com\/es\/wp-json\/wp\/v2\/comments?post=92300"}],"version-history":[{"count":0,"href":"https:\/\/www.leselfes.com\/es\/wp-json\/wp\/v2\/posts\/92300\/revisions"}],"wp:featuredmedia":[{"embeddable":true,"href":"https:\/\/www.leselfes.com\/es\/wp-json\/wp\/v2\/media\/73999"}],"wp:attachment":[{"href":"https:\/\/www.leselfes.com\/es\/wp-json\/wp\/v2\/media?parent=92300"}],"wp:term":[{"taxonomy":"category","embeddable":true,"href":"https:\/\/www.leselfes.com\/es\/wp-json\/wp\/v2\/categories?post=92300"},{"taxonomy":"post_tag","embeddable":true,"href":"https:\/\/www.leselfes.com\/es\/wp-json\/wp\/v2\/tags?post=92300"}],"curies":[{"name":"wp","href":"https:\/\/api.w.org\/{rel}","templated":true}]}}