{"id":92356,"date":"2021-04-06T07:35:10","date_gmt":"2021-04-06T05:35:10","guid":{"rendered":"https:\/\/www.leselfes.com\/como-proteger-a-tu-hijo-de-la-perdida-de-aprendizaje-en-verano\/"},"modified":"2024-11-12T12:17:34","modified_gmt":"2024-11-12T11:17:34","slug":"como-proteger-a-tu-hijo-de-la-perdida-de-aprendizaje-en-verano","status":"publish","type":"post","link":"https:\/\/www.leselfes.com\/es\/como-proteger-a-tu-hijo-de-la-perdida-de-aprendizaje-en-verano\/","title":{"rendered":"C\u00f3mo proteger a tu hijo de la p\u00e9rdida de aprendizaje en verano"},"content":{"rendered":"<p>A todos los padres les gusta ver a sus hijos jugando al aire libre durante todo el d\u00eda en verano.<br \/>\nSin embargo, tanta diversi\u00f3n suele provocar un fen\u00f3meno llamado \u00abp\u00e9rdida de aprendizaje estival\u00bb.<br \/>\nAlgunos lo llaman&nbsp;summer slide&nbsp;o&nbsp;summer setback, pero todas estas frases se refieren a lo mismo.  <\/p>\n<p>Despu\u00e9s de tres meses de entretenimiento y diversi\u00f3n,&nbsp;<a style=\"font-family: var( --e-global-typography-text-font-family ), Noto Sans; font-weight: var( --e-global-typography-text-font-weight ); background-color: #ffffff;\" href=\"https:\/\/www.leselfes.com\/es\/como-preparar-a-los-ninos-para-su-primera-vez-en-un-campamento-de-verano\/\">Los ni\u00f1os necesitan tiempo<\/a>&nbsp;para recuperar los conocimientos que ten\u00edan antes del verano. Los estudios confirman que la mayor\u00eda de los alumnos &nbsp;<a style=\"font-family: var( --e-global-typography-text-font-family ), Noto Sans; font-weight: var( --e-global-typography-text-font-weight ); background-color: #ffffff;\" href=\"https:\/\/www.k12dive.com\/news\/study-more-than-half-of-students-lost-39-of-years-learning-over-summer\/581365\/\">pierden alrededor del 39%<\/a>&nbsp;del aprendizaje anual durante el verano. Por ello, muchos padres intentan encontrar una forma de&nbsp;proteger a sus hijos de la p\u00e9rdida de aprendizaje en verano. <\/p>\n<p>Si eres uno de esos padres, tenemos buenas noticias para ti.&nbsp; Los m\u00e9todos que utilizan los campamentos de verano&nbsp;&nbsp; son probablemente los mejores porque utilizan muchos&nbsp;m\u00e9todos entretenidos para mejorar los conocimientos&nbsp;y habilidades de los ni\u00f1os durante el verano.<br \/>\nPuedes hacer un par de cosas para mantener a tu hijo mentalmente fuerte durante el verano y prepararlo adecuadamente para el pr\u00f3ximo curso escolar. <\/p>\n<div id=\"ez-toc-container\" class=\"ez-toc-v2_0_73 ez-toc-wrap-left counter-hierarchy ez-toc-counter ez-toc-grey ez-toc-container-direction\">\n<div class=\"ez-toc-title-container\">\n<span class=\"ez-toc-title ez-toc-toggle\" style=\"cursor:pointer\">Table of Contents<\/span>\n<span class=\"ez-toc-title-toggle\"><a href=\"#\" class=\"ez-toc-pull-right ez-toc-btn ez-toc-btn-xs ez-toc-btn-default ez-toc-toggle\" aria-label=\"Alternar tabla de contenidos\"><span class=\"ez-toc-js-icon-con\"><span class=\"\"><span class=\"eztoc-hide\" style=\"display:none;\">Toggle<\/span><span class=\"ez-toc-icon-toggle-span\"><svg style=\"fill: #999;color:#999\" xmlns=\"http:\/\/www.w3.org\/2000\/svg\" class=\"list-377408\" width=\"20px\" height=\"20px\" viewBox=\"0 0 24 24\" fill=\"none\"><path d=\"M6 6H4v2h2V6zm14 0H8v2h12V6zM4 11h2v2H4v-2zm16 0H8v2h12v-2zM4 16h2v2H4v-2zm16 0H8v2h12v-2z\" fill=\"currentColor\"><\/path><\/svg><svg style=\"fill: #999;color:#999\" class=\"arrow-unsorted-368013\" xmlns=\"http:\/\/www.w3.org\/2000\/svg\" width=\"10px\" height=\"10px\" viewBox=\"0 0 24 24\" version=\"1.2\" baseProfile=\"tiny\"><path d=\"M18.2 9.3l-6.2-6.3-6.2 6.3c-.2.2-.3.4-.3.7s.1.5.3.7c.2.2.4.3.7.3h11c.3 0 .5-.1.7-.3.2-.2.3-.5.3-.7s-.1-.5-.3-.7zM5.8 14.7l6.2 6.3 6.2-6.3c.2-.2.3-.5.3-.7s-.1-.5-.3-.7c-.2-.2-.4-.3-.7-.3h-11c-.3 0-.5.1-.7.3-.2.2-.3.5-.3.7s.1.5.3.7z\"\/><\/svg><\/span><\/span><\/span><\/a><\/span><\/div>\n<nav><ul class='ez-toc-list ez-toc-list-level-1 eztoc-toggle-hide-by-default' ><li class='ez-toc-page-1 ez-toc-heading-level-2'><a class=\"ez-toc-link ez-toc-heading-1\" href=\"https:\/\/www.leselfes.com\/es\/como-proteger-a-tu-hijo-de-la-perdida-de-aprendizaje-en-verano\/#Permite_que_los_ninos_mejoren_a_su_manera\" title=\"Permite que los ni\u00f1os mejoren a su manera\">Permite que los ni\u00f1os mejoren a su manera<\/a><\/li><li class='ez-toc-page-1 ez-toc-heading-level-2'><a class=\"ez-toc-link ez-toc-heading-2\" href=\"https:\/\/www.leselfes.com\/es\/como-proteger-a-tu-hijo-de-la-perdida-de-aprendizaje-en-verano\/#Permiteles_que_te_muestren_lo_que_saben\" title=\"Perm\u00edteles que te muestren lo que saben\">Perm\u00edteles que te muestren lo que saben<\/a><\/li><li class='ez-toc-page-1 ez-toc-heading-level-2'><a class=\"ez-toc-link ez-toc-heading-3\" href=\"https:\/\/www.leselfes.com\/es\/como-proteger-a-tu-hijo-de-la-perdida-de-aprendizaje-en-verano\/#Ayudales_a_mejorar_aun_mas\" title=\"Ay\u00fadales a mejorar a\u00fan m\u00e1s\">Ay\u00fadales a mejorar a\u00fan m\u00e1s<\/a><\/li><li class='ez-toc-page-1 ez-toc-heading-level-2'><a class=\"ez-toc-link ez-toc-heading-4\" href=\"https:\/\/www.leselfes.com\/es\/como-proteger-a-tu-hijo-de-la-perdida-de-aprendizaje-en-verano\/#Ayudales_a_organizar_su_tiempo\" title=\"Ay\u00fadales a organizar su tiempo\">Ay\u00fadales a organizar su tiempo<\/a><\/li><li class='ez-toc-page-1 ez-toc-heading-level-2'><a class=\"ez-toc-link ez-toc-heading-5\" href=\"https:\/\/www.leselfes.com\/es\/como-proteger-a-tu-hijo-de-la-perdida-de-aprendizaje-en-verano\/#Permiteles_estudiar_con_amigos\" title=\"Perm\u00edteles estudiar con amigos\">Perm\u00edteles estudiar con amigos<\/a><\/li><li class='ez-toc-page-1 ez-toc-heading-level-2'><a class=\"ez-toc-link ez-toc-heading-6\" href=\"https:\/\/www.leselfes.com\/es\/como-proteger-a-tu-hijo-de-la-perdida-de-aprendizaje-en-verano\/#Al_final_%E2%80%93_Permiteles_asistir_a_campamentos_de_verano\" title=\"Al final &#8211; Perm\u00edteles asistir a campamentos de verano\">Al final &#8211; Perm\u00edteles asistir a campamentos de verano<\/a><\/li><li class='ez-toc-page-1 ez-toc-heading-level-2'><a class=\"ez-toc-link ez-toc-heading-7\" href=\"https:\/\/www.leselfes.com\/es\/como-proteger-a-tu-hijo-de-la-perdida-de-aprendizaje-en-verano\/#Reflexion_final\" title=\"Reflexi\u00f3n final\">Reflexi\u00f3n final<\/a><\/li><li class='ez-toc-page-1 ez-toc-heading-level-2'><a class=\"ez-toc-link ez-toc-heading-8\" href=\"https:\/\/www.leselfes.com\/es\/como-proteger-a-tu-hijo-de-la-perdida-de-aprendizaje-en-verano\/#%C2%BFBuscas_un_campamento_de_verano_para_tu_hijo\" title=\"\u00bfBuscas un campamento de verano para tu hijo?\">\u00bfBuscas un campamento de verano para tu hijo?<\/a><\/li><\/ul><\/nav><\/div>\n\n<p style=\"text-align: center;\">\u00bfEst\u00e1s pensando en inscribir a tu hijo en un campamento de verano en 2021?  <\/p>\n<p style=\"text-align: center;\">\u00a1Descubre lo que ofrece Les Elfes!<\/p>\n<p>\t\t\t<a href=\"https:\/\/www.leselfes.com\/es\/?page_id=90108\" target=\"_blank\" role=\"button\" rel=\"noopener\"><br \/>  Campamento de verano Les Elfes<br \/>\n\t\t\t\t\t<\/a><\/p><\/p>\n\n\n<p>\n<\/p><\/p>\n\n\n<h2 class=\"wp-block-heading\"><span class=\"ez-toc-section\" id=\"Permite_que_los_ninos_mejoren_a_su_manera\"><\/span>Permite que los ni\u00f1os mejoren a su manera<span class=\"ez-toc-section-end\"><\/span><\/h2>\n<p>\n<\/p><\/p>\n\n\n<figure><img loading=\"lazy\" decoding=\"async\" src=\"https:\/\/www.leselfes.com\/wp-content\/uploads\/2021\/06\/Les-Elfes-International-Summer-camp-summer-learning-loss-resized-1200px.jpg\" alt=\"Les Elfes Internacional Campamento de verano P&#xE9;rdida de aprendizaje en verano  \" width=\"1200\" height=\"800\"\/><\/figure>\n<p>\n<\/p><\/p>\n\n\n<p>Los ni\u00f1os tienen diferentes intereses, h\u00e1bitos, gustos y&#8230; \u00a1maneras de mejorar sus conocimientos!\nEn primer lugar, tus hijos tienen que encontrar su pasi\u00f3n o, al menos, algo que les haga sentirse felices.\nNo descuides su pasi\u00f3n por la escritura, el arte, la historia, el cine o cualquier otra cosa que potencialmente te parezca irrelevante.\nTodo el mundo tiene derecho a elegir, \u00a1incluida la generaci\u00f3n m\u00e1s joven!     <\/p>\n<p>\n<\/p><\/p>\n\n\n<p>A pesar de ello, los campamentos de verano suelen permitir que los ni\u00f1os elijan solos su estilo de aprendizaje.\nEso es exactamente lo que deber\u00edas hacer.\nSi a tus hijos no les gusta mucho leer, eso no significa que sean perezosos.\nEn lugar de eso, tal vez les guste recopilar distintos datos a partir de contenidos de v\u00eddeo, porque as\u00ed los recuerdan mucho m\u00e1s f\u00e1cilmente.   <\/p>\n<p>\n<\/p><\/p>\n\n\n<h2 class=\"wp-block-heading\"><span class=\"ez-toc-section\" id=\"Permiteles_que_te_muestren_lo_que_saben\"><\/span>Perm\u00edteles que te muestren lo que saben<span class=\"ez-toc-section-end\"><\/span><\/h2>\n<p>\n<\/p><\/p>\n\n\n<p><a href=\"https:\/\/www.leselfes.com\/es\/actualizacion-de-los-campamentos-de-verano-en-medio-de-la-pandemia-de-coronavirus\/\">Los campamentos de verano<\/a> (o los campamentos educativos en general) ayudan a los ni\u00f1os a aplicar todo lo que saben al mundo real. Es probable que tus hijos posean ciertos talentos, y que algunas clases de la escuela sean sus favoritas. Si poseen conocimientos sobre matem\u00e1ticas, historia, biolog\u00eda o cualquier otra cosa, perm\u00edteles que te lo demuestren. En otras palabras, \u00a1deja que sean tus maestros!   <\/p>\n<p>\n<\/p><\/p>\n\n\n<p>Hay dos razones por las que este m\u00e9todo funciona.\nEn primer lugar, los ni\u00f1os tendr\u00e1n la oportunidad de repasar una vez m\u00e1s las lecciones del curso anterior.\nA pesar de ello, los j\u00f3venes se sentir\u00e1n m\u00e1s seguros de sus conocimientos y orgullosos porque tuvieron la oportunidad de ense\u00f1ar algo nuevo a sus modelos de conducta (los padres).  <\/p>\n<p>\n<\/p><\/p>\n\n\n<h2 class=\"wp-block-heading\"><span class=\"ez-toc-section\" id=\"Ayudales_a_mejorar_aun_mas\"><\/span>Ay\u00fadales a mejorar a\u00fan m\u00e1s<span class=\"ez-toc-section-end\"><\/span><\/h2>\n<p>\n<\/p><\/p>\n\n\n<figure><img loading=\"lazy\" decoding=\"async\" src=\"https:\/\/www.leselfes.com\/wp-content\/uploads\/2021\/06\/Les-Elfes-International-Summer-camp-summer-camp-to-improve-kids-knowledge-resized.jpg\" alt=\"Campamento de verano internacional Les Elfes - campamento de verano para mejorar los conocimientos de los ni&#xF1;os\" width=\"1200\" height=\"696\"\/><\/figure>\n<p>\n<\/p><\/p>\n\n\n<p>Dale a tu hijo el apoyo necesario.\nNo tienes que ser un experto en algo para ayudar a tu hijo a mejorar sus conocimientos, como los mentores en los campamentos de verano.\nLo \u00fanico que tienes que invertir es tu tiempo.\nEs estupendo que tu hijo pase mucho tiempo fuera durante el verano.\nSin embargo, es necesario que existan algunas obligaciones (aunque duren 1 hora al d\u00eda).    <\/p>\n<p>\n<\/p><\/p>\n\n\n<p>Utilicemos un ejemplo para dejar las cosas claras.\nSi tu hijo tiene potencial para convertirse en un buen escritor, su mejora no debe detenerse durante el <a href=\"https:\/\/www.leselfes.com\/es\/?p=90457\">verano<\/a>.\nPuedes, por ejemplo, pedirle que escriba redacciones una vez cada dos d\u00edas y subrayar los errores que comete.\nSin embargo, si no es un buen escritor, puedes pedir ayuda a los expertos de <a href=\"https:\/\/www.trustmypaper.com\/\">TrustMyPaper<\/a> y de otras empresas de redacci\u00f3n online.\nLos profesionales tienen la experiencia necesaria para ayudar a los j\u00f3venes adultos a mejorar sus errores y convertirse alg\u00fan d\u00eda en expertos.    <\/p>\n<p>\n<\/p><\/p>\n\n\n<p>La cuesti\u00f3n es que los ni\u00f1os tienen que entender que no est\u00e1n solos.\nEso les motivar\u00e1 para trabajar duro incluso cuando todos sus amigos est\u00e9n jugando fuera. <\/p>\n<p>\n<\/p><\/p>\n\n\n<h2 class=\"wp-block-heading\"><span class=\"ez-toc-section\" id=\"Ayudales_a_organizar_su_tiempo\"><\/span>Ay\u00fadales a organizar su tiempo<span class=\"ez-toc-section-end\"><\/span><\/h2>\n<p>\n<\/p><\/p>\n\n\n<p>Por supuesto, nadie dice que los ni\u00f1os deban pasarse todo el d\u00eda en casa aprendiendo cosas nuevas.\nEn lugar de eso, deben saber organizar su tiempo adecuadamente y asegurarse de que en su rutina diaria hay suficiente lugar para el aprendizaje. <\/p>\n<p>\n<\/p><\/p>\n\n\n<p>\u00bfCrees que los ni\u00f1os que van a campamentos de verano estudian durante todo el d\u00eda?\nEn realidad, es todo lo contrario, pasan la mayor parte del tiempo en la naturaleza jugando y divirti\u00e9ndose.\nSin embargo, el tiempo libre sirve como una especie de recompensa tras una o dos horas de perfeccionamiento de conocimientos.  <\/p>\n<p>\n<\/p><\/p>\n\n\n<p>\u00a1Haz lo mismo!\nTu hijo puede ponerse a leer, resolver problemas de matem\u00e1ticas por la ma\u00f1ana o cualquier otra cosa, y el resto del d\u00eda puede pasarlo en el m\u00f3vil o fuera con los amigos.\nDe este modo, siempre que la tarea que tienen les parezca dif\u00edcil, la recompensa que pueden obtener les motivar\u00e1.  <\/p>\n<p>\n<\/p><\/p>\n\n\n<h2 class=\"wp-block-heading\"><span class=\"ez-toc-section\" id=\"Permiteles_estudiar_con_amigos\"><\/span>Perm\u00edteles estudiar con amigos<span class=\"ez-toc-section-end\"><\/span><\/h2>\n<p>\n<\/p><\/p>\n\n\n<figure><img loading=\"lazy\" decoding=\"async\" src=\"https:\/\/www.leselfes.com\/wp-content\/uploads\/2021\/06\/Les-Elfes-International-Summer-camp-importance-of-freindship.jpg\" alt=\"Campamento Internacional de Verano Les Elfes importancia de la amistad\" width=\"900\" height=\"608\"\/><\/figure>\n<p>\n<\/p><\/p>\n\n\n<p>\u00bfPor qu\u00e9 jugar es lo \u00fanico que tus hijos pueden hacer con sus amigos?\n\u00bfNo pueden convertirse tambi\u00e9n en compa\u00f1eros de equipo cuando cumplen deberes?\nTenemos que repetirlo una vez m\u00e1s: \u00a1los ni\u00f1os no deben sentirse solos!\nLa mejora de los conocimientos no debe ser un castigo, y si su mejor amigo tiene las mismas obligaciones, lo aceptar\u00e1n como parte de su rutina diaria de verano.     <\/p>\n<p>\n<\/p><\/p>\n\n\n<h2 class=\"wp-block-heading\"><span class=\"ez-toc-section\" id=\"Al_final_%E2%80%93_Permiteles_asistir_a_campamentos_de_verano\"><\/span>Al final &#8211; Perm\u00edteles asistir a campamentos de verano<span class=\"ez-toc-section-end\"><\/span><\/h2>\n<p>\n<\/p><\/p>\n\n\n<p>Los programas de <a href=\"https:\/\/www.leselfes.com\/es\/como-pueden-los-ninos-aprovechar-al-maximo-un-campamento-de-verano-para-ninos-y-ninas\/\">los campamentos de verano<\/a> nunca se centran s\u00f3lo en la mejora de los conocimientos\/mental de un ni\u00f1o. Los alumnos tambi\u00e9n tendr\u00e1n tiempo suficiente para jugar, pasar tiempo en la naturaleza y hacer nuevas amistades (no olvides lo importante que es la socializaci\u00f3n). <\/p>\n<p>\n<\/p><\/p>\n\n\n<p>En otras palabras, pasar tiempo en campamentos de verano ayudar\u00e1 a los ni\u00f1os a mejorar su autodisciplina.\nAprender\u00e1n a organizar su tiempo adecuadamente y a protegerse de <b>las p\u00e9rdidas de aprendizaje estivales<\/b>.\nSer\u00e1 mucho m\u00e1s f\u00e1cil guiar a tu hijo en esas condiciones.\nTu \u00fanico deber ser\u00e1 dar el apoyo necesario que todo ni\u00f1o necesita.   <\/p>\n<p>\n<\/p><\/p>\n\n\n<h2 class=\"wp-block-heading\"><span class=\"ez-toc-section\" id=\"Reflexion_final\"><\/span>Reflexi\u00f3n final<span class=\"ez-toc-section-end\"><\/span><\/h2>\n<p>\n<\/p><\/p>\n\n\n<p>La p\u00e9rdida de aprendizaje en verano no es algo que deba asustar a los padres.\nS\u00f3lo tienen que reaccionar adecuadamente y motivar a sus <a href=\"https:\/\/www.leselfes.com\/es\/las-mejores-actividades-infantiles-de-verano\/\">hijos para que se mantengan psicol\u00f3gicamente activos durante el verano<\/a>.\nNi siquiera intentes decir algo como \u00abTienes que aprender\u00bb o \u00abNo te permitir\u00e9 salir si no cumples con tus deberes\u00bb.\nEse planteamiento empeorar\u00e1 a\u00fan m\u00e1s las cosas y tu hijo considerar\u00e1 la mejora de conocimientos en verano como un castigo.\nIntenta que todas las <a href=\"https:\/\/www.leselfes.com\/es\/?p=90312\">actividades sean entretenidas o simplemente perm\u00edteles asistir a campamentos de verano<\/a>.\nAll\u00ed ver\u00e1n que estudiar en verano tambi\u00e9n puede ser divertido.     <\/p>\n<p>\n<\/p><\/p>\n\n\n<p>BIO:<\/p>\n<p>\n<\/p><\/p>\n\n\n<p>Donald Fomby es escritor aut\u00f3nomo y un valioso miembro del equipo de redacci\u00f3n de <a href=\"https:\/\/supremedissertations.com\/\">Supreme Dissertations.<\/a> A una edad relativamente joven, ya ha acumulado una experiencia impresionante como escritor aut\u00f3nomo. En su tiempo libre, Donald es un voluntario activo y su objetivo es ayudar a las organizaciones sin \u00e1nimo de lucro a atraer a nuevos voluntarios.   <\/p>\n<p>\n<\/p><\/p>\n<h2 style=\"text-align: center;\"><span class=\"ez-toc-section\" id=\"%C2%BFBuscas_un_campamento_de_verano_para_tu_hijo\"><\/span>\u00bfBuscas un campamento de verano para tu hijo?<span class=\"ez-toc-section-end\"><\/span><\/h2>\n<p>\t\t\t <a href=\"https:\/\/www.leselfes.com\/es\/?page_id=90108\" target=\"_blank\" role=\"button\" rel=\"noopener\"><br \/> VISITA NUESTRA P\u00c1GINA DE CAMPAMENTOS DE VERANO<br \/><\/a><br \/><a href=\"https:\/\/www.leselfes.com\/contact-quote-request\/\" target=\"_blank\" role=\"button\" rel=\"noopener\"><br \/> CONTACTA CON NUESTRA SEDE<br \/><\/a><\/p>\n","protected":false},"excerpt":{"rendered":"<p>A todos los padres les gusta ver a sus hijos jugando al aire libre durante todo el d\u00eda en verano. Sin embargo, tanta diversi\u00f3n suele provocar un fen\u00f3meno llamado \u00abp\u00e9rdida&#8230;<\/p>\n","protected":false},"author":1,"featured_media":74043,"comment_status":"open","ping_status":"open","sticky":false,"template":"","format":"standard","meta":{"_acf_changed":false,"inline_featured_image":false,"footnotes":""},"categories":[1368,1373],"tags":[1703],"class_list":{"0":"post-92356","1":"post","2":"type-post","3":"status-publish","4":"format-standard","5":"has-post-thumbnail","7":"category-articulos","8":"category-campamento-de-verano","9":"tag-perdida-de-aprendizaje-en-verano"},"acf":[],"yoast_head":"<!-- This site is optimized with the Yoast SEO Premium plugin v24.2 (Yoast SEO v24.7) - https:\/\/yoast.com\/wordpress\/plugins\/seo\/ -->\n<title>C\u00f3mo proteger a tu hijo de la p\u00e9rdida de aprendizaje en verano - Les Elfes International Camps Switzerland<\/title>\n<meta name=\"robots\" content=\"index, follow, max-snippet:-1, max-image-preview:large, max-video-preview:-1\" \/>\n<link rel=\"canonical\" href=\"https:\/\/www.leselfes.com\/es\/como-proteger-a-tu-hijo-de-la-perdida-de-aprendizaje-en-verano\/\" \/>\n<meta property=\"og:locale\" content=\"es_ES\" \/>\n<meta property=\"og:type\" content=\"article\" \/>\n<meta property=\"og:title\" content=\"C\u00f3mo proteger a tu hijo de la p\u00e9rdida de aprendizaje en verano\" \/>\n<meta property=\"og:description\" content=\"A todos los padres les gusta ver a sus hijos jugando al aire libre durante todo el d\u00eda en verano. Sin embargo, tanta diversi\u00f3n suele provocar un fen\u00f3meno llamado \u00abp\u00e9rdida...\" \/>\n<meta property=\"og:url\" content=\"https:\/\/www.leselfes.com\/es\/como-proteger-a-tu-hijo-de-la-perdida-de-aprendizaje-en-verano\/\" \/>\n<meta property=\"og:site_name\" content=\"Les Elfes International Camps Switzerland\" \/>\n<meta property=\"article:publisher\" content=\"https:\/\/www.facebook.com\/LesElfesVerbier\" \/>\n<meta property=\"article:published_time\" content=\"2021-04-06T05:35:10+00:00\" \/>\n<meta property=\"article:modified_time\" content=\"2024-11-12T11:17:34+00:00\" \/>\n<meta property=\"og:image\" content=\"https:\/\/dev.leselfes.com\/wp-content\/uploads\/2021\/04\/How-to-Protect-Your-Child-From-Summer-Learning-Loss.jpg\" \/>\n\t<meta property=\"og:image:width\" content=\"1200\" \/>\n\t<meta property=\"og:image:height\" content=\"628\" \/>\n\t<meta property=\"og:image:type\" content=\"image\/jpeg\" \/>\n<meta name=\"author\" content=\"lesadmin\" \/>\n<meta name=\"twitter:card\" content=\"summary_large_image\" \/>\n<meta name=\"twitter:creator\" content=\"@LesElfesCamps\" \/>\n<meta name=\"twitter:site\" content=\"@LesElfesCamps\" \/>\n<meta name=\"twitter:label1\" content=\"Escrito por\" \/>\n\t<meta name=\"twitter:data1\" content=\"lesadmin\" \/>\n\t<meta name=\"twitter:label2\" content=\"Tiempo de lectura\" \/>\n\t<meta name=\"twitter:data2\" content=\"6 minutos\" \/>\n<script type=\"application\/ld+json\" class=\"yoast-schema-graph\">{\"@context\":\"https:\/\/schema.org\",\"@graph\":[{\"@type\":\"Article\",\"@id\":\"https:\/\/www.leselfes.com\/es\/como-proteger-a-tu-hijo-de-la-perdida-de-aprendizaje-en-verano\/#article\",\"isPartOf\":{\"@id\":\"https:\/\/www.leselfes.com\/es\/como-proteger-a-tu-hijo-de-la-perdida-de-aprendizaje-en-verano\/\"},\"author\":{\"name\":\"lesadmin\",\"@id\":\"https:\/\/dev.leselfes.com\/#\/schema\/person\/407a229698868b8c603874b19f37f289\"},\"headline\":\"C\u00f3mo proteger a tu hijo de la p\u00e9rdida de aprendizaje en verano\",\"datePublished\":\"2021-04-06T05:35:10+00:00\",\"dateModified\":\"2024-11-12T11:17:34+00:00\",\"mainEntityOfPage\":{\"@id\":\"https:\/\/www.leselfes.com\/es\/como-proteger-a-tu-hijo-de-la-perdida-de-aprendizaje-en-verano\/\"},\"wordCount\":1286,\"commentCount\":0,\"publisher\":{\"@id\":\"https:\/\/dev.leselfes.com\/#organization\"},\"image\":{\"@id\":\"https:\/\/www.leselfes.com\/es\/como-proteger-a-tu-hijo-de-la-perdida-de-aprendizaje-en-verano\/#primaryimage\"},\"thumbnailUrl\":\"https:\/\/www.leselfes.com\/wp-content\/uploads\/2021\/04\/How-to-Protect-Your-Child-From-Summer-Learning-Loss.jpg\",\"keywords\":[\"P\u00e9rdida de aprendizaje en verano\"],\"articleSection\":[\"Art\u00edculos\",\"Campamento de verano\"],\"inLanguage\":\"es\",\"potentialAction\":[{\"@type\":\"CommentAction\",\"name\":\"Comment\",\"target\":[\"https:\/\/www.leselfes.com\/es\/como-proteger-a-tu-hijo-de-la-perdida-de-aprendizaje-en-verano\/#respond\"]}]},{\"@type\":\"WebPage\",\"@id\":\"https:\/\/www.leselfes.com\/es\/como-proteger-a-tu-hijo-de-la-perdida-de-aprendizaje-en-verano\/\",\"url\":\"https:\/\/www.leselfes.com\/es\/como-proteger-a-tu-hijo-de-la-perdida-de-aprendizaje-en-verano\/\",\"name\":\"C\u00f3mo proteger a tu hijo de la p\u00e9rdida de aprendizaje en verano - Les Elfes International Camps Switzerland\",\"isPartOf\":{\"@id\":\"https:\/\/dev.leselfes.com\/#website\"},\"primaryImageOfPage\":{\"@id\":\"https:\/\/www.leselfes.com\/es\/como-proteger-a-tu-hijo-de-la-perdida-de-aprendizaje-en-verano\/#primaryimage\"},\"image\":{\"@id\":\"https:\/\/www.leselfes.com\/es\/como-proteger-a-tu-hijo-de-la-perdida-de-aprendizaje-en-verano\/#primaryimage\"},\"thumbnailUrl\":\"https:\/\/www.leselfes.com\/wp-content\/uploads\/2021\/04\/How-to-Protect-Your-Child-From-Summer-Learning-Loss.jpg\",\"datePublished\":\"2021-04-06T05:35:10+00:00\",\"dateModified\":\"2024-11-12T11:17:34+00:00\",\"breadcrumb\":{\"@id\":\"https:\/\/www.leselfes.com\/es\/como-proteger-a-tu-hijo-de-la-perdida-de-aprendizaje-en-verano\/#breadcrumb\"},\"inLanguage\":\"es\",\"potentialAction\":[{\"@type\":\"ReadAction\",\"target\":[\"https:\/\/www.leselfes.com\/es\/como-proteger-a-tu-hijo-de-la-perdida-de-aprendizaje-en-verano\/\"]}]},{\"@type\":\"ImageObject\",\"inLanguage\":\"es\",\"@id\":\"https:\/\/www.leselfes.com\/es\/como-proteger-a-tu-hijo-de-la-perdida-de-aprendizaje-en-verano\/#primaryimage\",\"url\":\"https:\/\/www.leselfes.com\/wp-content\/uploads\/2021\/04\/How-to-Protect-Your-Child-From-Summer-Learning-Loss.jpg\",\"contentUrl\":\"https:\/\/www.leselfes.com\/wp-content\/uploads\/2021\/04\/How-to-Protect-Your-Child-From-Summer-Learning-Loss.jpg\",\"width\":1200,\"height\":628},{\"@type\":\"BreadcrumbList\",\"@id\":\"https:\/\/www.leselfes.com\/es\/como-proteger-a-tu-hijo-de-la-perdida-de-aprendizaje-en-verano\/#breadcrumb\",\"itemListElement\":[{\"@type\":\"ListItem\",\"position\":1,\"name\":\"Home\",\"item\":\"https:\/\/www.leselfes.com\/es\/inicio\/\"},{\"@type\":\"ListItem\",\"position\":2,\"name\":\"C\u00f3mo proteger a tu hijo de la p\u00e9rdida de aprendizaje en verano\"}]},{\"@type\":\"WebSite\",\"@id\":\"https:\/\/dev.leselfes.com\/#website\",\"url\":\"https:\/\/dev.leselfes.com\/\",\"name\":\"Les Elfes International\",\"description\":\"Les Elfes International, Verbier Switzerland. Summer Camp, Winter Camp, Spring Camps.\",\"publisher\":{\"@id\":\"https:\/\/dev.leselfes.com\/#organization\"},\"alternateName\":\"Les Elfes International\",\"potentialAction\":[{\"@type\":\"SearchAction\",\"target\":{\"@type\":\"EntryPoint\",\"urlTemplate\":\"https:\/\/dev.leselfes.com\/?s={search_term_string}\"},\"query-input\":{\"@type\":\"PropertyValueSpecification\",\"valueRequired\":true,\"valueName\":\"search_term_string\"}}],\"inLanguage\":\"es\"},{\"@type\":\"Organization\",\"@id\":\"https:\/\/dev.leselfes.com\/#organization\",\"name\":\"Les Elfes International\",\"alternateName\":\"Les Elfes International\",\"url\":\"https:\/\/dev.leselfes.com\/\",\"logo\":{\"@type\":\"ImageObject\",\"inLanguage\":\"es\",\"@id\":\"https:\/\/dev.leselfes.com\/#\/schema\/logo\/image\/\",\"url\":\"https:\/\/www.leselfes.com\/wp-content\/uploads\/2022\/03\/leselfes-logo.png\",\"contentUrl\":\"https:\/\/www.leselfes.com\/wp-content\/uploads\/2022\/03\/leselfes-logo.png\",\"width\":233,\"height\":51,\"caption\":\"Les Elfes International\"},\"image\":{\"@id\":\"https:\/\/dev.leselfes.com\/#\/schema\/logo\/image\/\"},\"sameAs\":[\"https:\/\/www.facebook.com\/LesElfesVerbier\",\"https:\/\/x.com\/LesElfesCamps\",\"https:\/\/www.instagram.com\/leselfes\",\"https:\/\/www.linkedin.com\/company\/les-elfes-international\",\"https:\/\/www.youtube.com\/user\/LesElfesVerbier\"]},{\"@type\":\"Person\",\"@id\":\"https:\/\/dev.leselfes.com\/#\/schema\/person\/407a229698868b8c603874b19f37f289\",\"name\":\"lesadmin\",\"image\":{\"@type\":\"ImageObject\",\"inLanguage\":\"es\",\"@id\":\"https:\/\/dev.leselfes.com\/#\/schema\/person\/image\/\",\"url\":\"https:\/\/secure.gravatar.com\/avatar\/fdb243a028df450397b3632d862f87f6?s=96&d=mm&r=g\",\"contentUrl\":\"https:\/\/secure.gravatar.com\/avatar\/fdb243a028df450397b3632d862f87f6?s=96&d=mm&r=g\",\"caption\":\"lesadmin\"},\"url\":\"https:\/\/www.leselfes.com\/es\/author\/lesadmin\/\"}]}<\/script>\n<!-- \/ Yoast SEO Premium plugin. -->","yoast_head_json":{"title":"C\u00f3mo proteger a tu hijo de la p\u00e9rdida de aprendizaje en verano - Les Elfes International Camps Switzerland","robots":{"index":"index","follow":"follow","max-snippet":"max-snippet:-1","max-image-preview":"max-image-preview:large","max-video-preview":"max-video-preview:-1"},"canonical":"https:\/\/www.leselfes.com\/es\/como-proteger-a-tu-hijo-de-la-perdida-de-aprendizaje-en-verano\/","og_locale":"es_ES","og_type":"article","og_title":"C\u00f3mo proteger a tu hijo de la p\u00e9rdida de aprendizaje en verano","og_description":"A todos los padres les gusta ver a sus hijos jugando al aire libre durante todo el d\u00eda en verano. Sin embargo, tanta diversi\u00f3n suele provocar un fen\u00f3meno llamado \u00abp\u00e9rdida...","og_url":"https:\/\/www.leselfes.com\/es\/como-proteger-a-tu-hijo-de-la-perdida-de-aprendizaje-en-verano\/","og_site_name":"Les Elfes International Camps Switzerland","article_publisher":"https:\/\/www.facebook.com\/LesElfesVerbier","article_published_time":"2021-04-06T05:35:10+00:00","article_modified_time":"2024-11-12T11:17:34+00:00","og_image":[{"width":1200,"height":628,"url":"https:\/\/dev.leselfes.com\/wp-content\/uploads\/2021\/04\/How-to-Protect-Your-Child-From-Summer-Learning-Loss.jpg","type":"image\/jpeg"}],"author":"lesadmin","twitter_card":"summary_large_image","twitter_creator":"@LesElfesCamps","twitter_site":"@LesElfesCamps","twitter_misc":{"Escrito por":"lesadmin","Tiempo de lectura":"6 minutos"},"schema":{"@context":"https:\/\/schema.org","@graph":[{"@type":"Article","@id":"https:\/\/www.leselfes.com\/es\/como-proteger-a-tu-hijo-de-la-perdida-de-aprendizaje-en-verano\/#article","isPartOf":{"@id":"https:\/\/www.leselfes.com\/es\/como-proteger-a-tu-hijo-de-la-perdida-de-aprendizaje-en-verano\/"},"author":{"name":"lesadmin","@id":"https:\/\/dev.leselfes.com\/#\/schema\/person\/407a229698868b8c603874b19f37f289"},"headline":"C\u00f3mo proteger a tu hijo de la p\u00e9rdida de aprendizaje en verano","datePublished":"2021-04-06T05:35:10+00:00","dateModified":"2024-11-12T11:17:34+00:00","mainEntityOfPage":{"@id":"https:\/\/www.leselfes.com\/es\/como-proteger-a-tu-hijo-de-la-perdida-de-aprendizaje-en-verano\/"},"wordCount":1286,"commentCount":0,"publisher":{"@id":"https:\/\/dev.leselfes.com\/#organization"},"image":{"@id":"https:\/\/www.leselfes.com\/es\/como-proteger-a-tu-hijo-de-la-perdida-de-aprendizaje-en-verano\/#primaryimage"},"thumbnailUrl":"https:\/\/www.leselfes.com\/wp-content\/uploads\/2021\/04\/How-to-Protect-Your-Child-From-Summer-Learning-Loss.jpg","keywords":["P\u00e9rdida de aprendizaje en verano"],"articleSection":["Art\u00edculos","Campamento de verano"],"inLanguage":"es","potentialAction":[{"@type":"CommentAction","name":"Comment","target":["https:\/\/www.leselfes.com\/es\/como-proteger-a-tu-hijo-de-la-perdida-de-aprendizaje-en-verano\/#respond"]}]},{"@type":"WebPage","@id":"https:\/\/www.leselfes.com\/es\/como-proteger-a-tu-hijo-de-la-perdida-de-aprendizaje-en-verano\/","url":"https:\/\/www.leselfes.com\/es\/como-proteger-a-tu-hijo-de-la-perdida-de-aprendizaje-en-verano\/","name":"C\u00f3mo proteger a tu hijo de la p\u00e9rdida de aprendizaje en verano - Les Elfes International Camps Switzerland","isPartOf":{"@id":"https:\/\/dev.leselfes.com\/#website"},"primaryImageOfPage":{"@id":"https:\/\/www.leselfes.com\/es\/como-proteger-a-tu-hijo-de-la-perdida-de-aprendizaje-en-verano\/#primaryimage"},"image":{"@id":"https:\/\/www.leselfes.com\/es\/como-proteger-a-tu-hijo-de-la-perdida-de-aprendizaje-en-verano\/#primaryimage"},"thumbnailUrl":"https:\/\/www.leselfes.com\/wp-content\/uploads\/2021\/04\/How-to-Protect-Your-Child-From-Summer-Learning-Loss.jpg","datePublished":"2021-04-06T05:35:10+00:00","dateModified":"2024-11-12T11:17:34+00:00","breadcrumb":{"@id":"https:\/\/www.leselfes.com\/es\/como-proteger-a-tu-hijo-de-la-perdida-de-aprendizaje-en-verano\/#breadcrumb"},"inLanguage":"es","potentialAction":[{"@type":"ReadAction","target":["https:\/\/www.leselfes.com\/es\/como-proteger-a-tu-hijo-de-la-perdida-de-aprendizaje-en-verano\/"]}]},{"@type":"ImageObject","inLanguage":"es","@id":"https:\/\/www.leselfes.com\/es\/como-proteger-a-tu-hijo-de-la-perdida-de-aprendizaje-en-verano\/#primaryimage","url":"https:\/\/www.leselfes.com\/wp-content\/uploads\/2021\/04\/How-to-Protect-Your-Child-From-Summer-Learning-Loss.jpg","contentUrl":"https:\/\/www.leselfes.com\/wp-content\/uploads\/2021\/04\/How-to-Protect-Your-Child-From-Summer-Learning-Loss.jpg","width":1200,"height":628},{"@type":"BreadcrumbList","@id":"https:\/\/www.leselfes.com\/es\/como-proteger-a-tu-hijo-de-la-perdida-de-aprendizaje-en-verano\/#breadcrumb","itemListElement":[{"@type":"ListItem","position":1,"name":"Home","item":"https:\/\/www.leselfes.com\/es\/inicio\/"},{"@type":"ListItem","position":2,"name":"C\u00f3mo proteger a tu hijo de la p\u00e9rdida de aprendizaje en verano"}]},{"@type":"WebSite","@id":"https:\/\/dev.leselfes.com\/#website","url":"https:\/\/dev.leselfes.com\/","name":"Les Elfes International","description":"Les Elfes International, Verbier Switzerland. Summer Camp, Winter Camp, Spring Camps.","publisher":{"@id":"https:\/\/dev.leselfes.com\/#organization"},"alternateName":"Les Elfes International","potentialAction":[{"@type":"SearchAction","target":{"@type":"EntryPoint","urlTemplate":"https:\/\/dev.leselfes.com\/?s={search_term_string}"},"query-input":{"@type":"PropertyValueSpecification","valueRequired":true,"valueName":"search_term_string"}}],"inLanguage":"es"},{"@type":"Organization","@id":"https:\/\/dev.leselfes.com\/#organization","name":"Les Elfes International","alternateName":"Les Elfes International","url":"https:\/\/dev.leselfes.com\/","logo":{"@type":"ImageObject","inLanguage":"es","@id":"https:\/\/dev.leselfes.com\/#\/schema\/logo\/image\/","url":"https:\/\/www.leselfes.com\/wp-content\/uploads\/2022\/03\/leselfes-logo.png","contentUrl":"https:\/\/www.leselfes.com\/wp-content\/uploads\/2022\/03\/leselfes-logo.png","width":233,"height":51,"caption":"Les Elfes International"},"image":{"@id":"https:\/\/dev.leselfes.com\/#\/schema\/logo\/image\/"},"sameAs":["https:\/\/www.facebook.com\/LesElfesVerbier","https:\/\/x.com\/LesElfesCamps","https:\/\/www.instagram.com\/leselfes","https:\/\/www.linkedin.com\/company\/les-elfes-international","https:\/\/www.youtube.com\/user\/LesElfesVerbier"]},{"@type":"Person","@id":"https:\/\/dev.leselfes.com\/#\/schema\/person\/407a229698868b8c603874b19f37f289","name":"lesadmin","image":{"@type":"ImageObject","inLanguage":"es","@id":"https:\/\/dev.leselfes.com\/#\/schema\/person\/image\/","url":"https:\/\/secure.gravatar.com\/avatar\/fdb243a028df450397b3632d862f87f6?s=96&d=mm&r=g","contentUrl":"https:\/\/secure.gravatar.com\/avatar\/fdb243a028df450397b3632d862f87f6?s=96&d=mm&r=g","caption":"lesadmin"},"url":"https:\/\/www.leselfes.com\/es\/author\/lesadmin\/"}]}},"_links":{"self":[{"href":"https:\/\/www.leselfes.com\/es\/wp-json\/wp\/v2\/posts\/92356"}],"collection":[{"href":"https:\/\/www.leselfes.com\/es\/wp-json\/wp\/v2\/posts"}],"about":[{"href":"https:\/\/www.leselfes.com\/es\/wp-json\/wp\/v2\/types\/post"}],"author":[{"embeddable":true,"href":"https:\/\/www.leselfes.com\/es\/wp-json\/wp\/v2\/users\/1"}],"replies":[{"embeddable":true,"href":"https:\/\/www.leselfes.com\/es\/wp-json\/wp\/v2\/comments?post=92356"}],"version-history":[{"count":0,"href":"https:\/\/www.leselfes.com\/es\/wp-json\/wp\/v2\/posts\/92356\/revisions"}],"wp:featuredmedia":[{"embeddable":true,"href":"https:\/\/www.leselfes.com\/es\/wp-json\/wp\/v2\/media\/74043"}],"wp:attachment":[{"href":"https:\/\/www.leselfes.com\/es\/wp-json\/wp\/v2\/media?parent=92356"}],"wp:term":[{"taxonomy":"category","embeddable":true,"href":"https:\/\/www.leselfes.com\/es\/wp-json\/wp\/v2\/categories?post=92356"},{"taxonomy":"post_tag","embeddable":true,"href":"https:\/\/www.leselfes.com\/es\/wp-json\/wp\/v2\/tags?post=92356"}],"curies":[{"name":"wp","href":"https:\/\/api.w.org\/{rel}","templated":true}]}}