{"id":92420,"date":"2020-09-15T09:30:55","date_gmt":"2020-09-15T07:30:55","guid":{"rendered":"https:\/\/www.leselfes.com\/gracias-por-este-increible-verano-preparate-para-el-campamento-de-invierno\/"},"modified":"2024-11-12T12:19:40","modified_gmt":"2024-11-12T11:19:40","slug":"gracias-por-este-increible-verano-preparate-para-el-campamento-de-invierno","status":"publish","type":"post","link":"https:\/\/www.leselfes.com\/es\/gracias-por-este-increible-verano-preparate-para-el-campamento-de-invierno\/","title":{"rendered":"Gracias Por Este Incre\u00edble Verano.\n\u00a1Prep\u00e1rate para el campamento de invierno!"},"content":{"rendered":"<p>Queridos padres,<\/p>\n<figure>\n<p>&nbsp;<\/p>\n<p>El Campamento de Verano 2020 fue un gran \u00e9xito, pudimos ofrecer 5 semanas de diversi\u00f3n en las monta\u00f1as a m\u00e1s de 120 felices campistas, muchas gracias a todos los que asistieron.<br \/>\nHemos recibido una gran cantidad de testimonios positivos y os agradecemos enormemente estos maravillosos comentarios. <\/p>\n<p><!-- \/wp:image --><\/p>\n<p>&nbsp;<\/p>\n<p><img loading=\"lazy\" decoding=\"async\" src=\"https:\/\/www.leselfes.com\/wp-content\/uploads\/2020\/09\/Adventure-park-e1600161221577.jpg\" alt=\"Parque de aventuras\" width=\"630\" height=\"300\"><br \/>\u00bb Queridos Adam y equipo !<br \/>Gracias y gracias por vuestro apoyo !!!!<br \/>Ha sido un placer conoceros .<br \/>Cada d\u00eda A. me cuenta algunas historias del campamento y quiere volver el a\u00f1o que viene .<br \/>\u00a1 Todo lo mejor ! \u00ab<br \/><img loading=\"lazy\" decoding=\"async\" src=\"https:\/\/www.leselfes.com\/wp-content\/uploads\/2020\/09\/Group-of-kids-e1600161865737.jpg\" sizes=\"(max-width: 640px) 100vw, 640px\" srcset=\"https:\/\/www.leselfes.com\/wp-content\/uploads\/2020\/09\/Group-of-kids-e1600161865737.jpg 735w, https:\/\/www.leselfes.com\/wp-content\/uploads\/2020\/09\/Group-of-kids-e1600161865737-300x148.jpg 300w\" alt=\"Grupos Les Elfes\" width=\"640\" height=\"316\"><br \/>\u00bb Estimado equipo de Exploradores,<br \/>Muchas gracias por tu mensaje.<br \/>\nA. se lo ha pasado muy bien y estaba encantada con su semana en los Elfes.<br \/>\nNos gustar\u00eda dar las gracias a todo el equipo por hacerla sentir bienvenida y parte del grupo.<br \/>\nEsperamos tenerla en el campamento en un futuro pr\u00f3ximo\u00bb.   <\/p>\n<p>\u00a1PRONTO EL CAMPAMENTO DE INVIERNO!<\/p>\n<p>&nbsp;<\/p>\n<p>Ahora miramos hacia el invierno.<br \/>\nEl campamento de invierno de este a\u00f1o empezar\u00e1 el 5 de diciembre hasta el 24 de abril, con la posibilidad de elegir entre Esqu\u00ed, Snowboard e Idiomas, lo que ofrece la oportunidad de disfrutar del aire libre sobre la nieve y participar en programas de idiomas estructurados fuera de ella. <\/p>\n<p><img loading=\"lazy\" decoding=\"async\" src=\"https:\/\/www.leselfes.com\/wp-content\/uploads\/2020\/09\/Skiing.jpg\" alt=\"Esqu\u00ed\" width=\"1600\" height=\"833\"><\/p>\n<p><!-- \/wp:paragraph --><\/p>\n<p>\u00bfPOR QU\u00c9 EL CAMPAMENTO DE INVIERNO DE LES ELFES?<\/p>\n<p>&nbsp;<\/p>\n<p>Con m\u00e1s de 30 a\u00f1os de experiencia en Verbier, una estaci\u00f3n de esqu\u00ed de categor\u00eda mundial, \u00a1por qu\u00e9 no!<br \/>\nLa rutina de la vida en un campamento, vivir en una nueva comunidad y participar en actividades divertidas y sanas al aire libre son aspectos fundamentales del desarrollo infantil, ahora m\u00e1s que nunca con las restricciones al deporte en la escuela. <\/p>\n<p>&nbsp;<\/p>\n<p>MEDIDAS COVID-19<\/p>\n<p>&nbsp;<\/p>\n<p>COVID-19 ha modificado nuestros m\u00e9todos de trabajo y hemos puesto en marcha medidas sanitarias muy estrictas, como ver\u00e1s a continuaci\u00f3n.<\/p>\n<p>&nbsp;<\/p>\n<ul style=\"list-style-type: none;\">\n<li>Nuestro personal se controla semanalmente<\/li>\n<li>Todos los d\u00edas se comprueba la temperatura de los ni\u00f1os y del personal<\/li>\n<li>Cada habitaci\u00f3n se desinfecta dos veces al d\u00eda<\/li>\n<li>Hay desinfectantes de manos en las zonas comunes y se entregan a cada participante<\/li>\n<li>Nuestro personal lleva mascarillas en el interior<\/li>\n<li>Las m\u00e1scaras ser\u00e1n obligatorias en los telef\u00e9ricos para los ni\u00f1os de 11 a\u00f1os<\/li>\n<\/ul>\n<p>&nbsp;<\/p>\n<p>CAMPAMENTO DE INVIERNO &#8211; \u00a1CANCELACI\u00d3N GRATUITA!<\/p>\n<p>&nbsp;<\/p>\n<p>Confiamos en ofrecer una experiencia segura, divertida e incre\u00edble, como ocurri\u00f3 este verano, que transcurri\u00f3 sin incidentes.<\/p>\n<p>Les Elfes continuar\u00e1 ofreciendo una pol\u00edtica de cancelaci\u00f3n gratuita en cualquier momento, sin riesgos ni gastos, durante este invierno y el verano siguiente, seguir\u00e1 siendo flexible con las fechas de llegada, y cualquiera de vosotros con notas de cr\u00e9dito emitidas este a\u00f1o estaremos encantados de prorrogarlas un a\u00f1o m\u00e1s.<\/p>\n<p>Ten confianza, nuestro equipo de Les Elfes est\u00e1 preparado para acoger a tus hijos este invierno todas y cada una de las semanas de diciembre a abril, \u00a1y ten por seguro que vivir\u00e1n una experiencia magn\u00edfica!<\/p>\n<\/figure>\n","protected":false},"excerpt":{"rendered":"<p>\u00a1Muchas gracias a todos los campistas que visitaron el campamento de verano de Les Elfes!<br \/>\n\u00a1Ya est\u00e1n abiertas las reservas para el campamento de invierno! <\/p>\n","protected":false},"author":1,"featured_media":73314,"comment_status":"open","ping_status":"open","sticky":false,"template":"","format":"standard","meta":{"_acf_changed":false,"inline_featured_image":false,"footnotes":""},"categories":[1068],"tags":[],"class_list":{"0":"post-92420","1":"post","2":"type-post","3":"status-publish","4":"format-standard","5":"has-post-thumbnail","7":"category-sin-categorizar"},"acf":[],"yoast_head":"<!-- This site is optimized with the Yoast SEO Premium plugin v24.2 (Yoast SEO v24.7) - https:\/\/yoast.com\/wordpress\/plugins\/seo\/ -->\n<title>Gracias Por Este Incre\u00edble Verano. \u00a1Prep\u00e1rate para el campamento de invierno! - Les Elfes International Camps Switzerland<\/title>\n<meta name=\"robots\" content=\"index, follow, max-snippet:-1, max-image-preview:large, max-video-preview:-1\" \/>\n<link rel=\"canonical\" href=\"https:\/\/www.leselfes.com\/es\/gracias-por-este-increible-verano-preparate-para-el-campamento-de-invierno\/\" \/>\n<meta property=\"og:locale\" content=\"es_ES\" \/>\n<meta property=\"og:type\" content=\"article\" \/>\n<meta property=\"og:title\" content=\"Gracias Por Este Incre\u00edble Verano. \u00a1Prep\u00e1rate para el campamento de invierno!\" \/>\n<meta property=\"og:description\" content=\"\u00a1Muchas gracias a todos los campistas que visitaron el campamento de verano de Les Elfes! \u00a1Ya est\u00e1n abiertas las reservas para el campamento de invierno!\" \/>\n<meta property=\"og:url\" content=\"https:\/\/www.leselfes.com\/es\/gracias-por-este-increible-verano-preparate-para-el-campamento-de-invierno\/\" \/>\n<meta property=\"og:site_name\" content=\"Les Elfes International Camps Switzerland\" \/>\n<meta property=\"article:publisher\" content=\"https:\/\/www.facebook.com\/LesElfesVerbier\" \/>\n<meta property=\"article:published_time\" content=\"2020-09-15T07:30:55+00:00\" \/>\n<meta property=\"article:modified_time\" content=\"2024-11-12T11:19:40+00:00\" \/>\n<meta property=\"og:image\" content=\"https:\/\/dev.leselfes.com\/wp-content\/uploads\/2020\/09\/4-kids-on-snow.jpg\" \/>\n\t<meta property=\"og:image:width\" content=\"1402\" \/>\n\t<meta property=\"og:image:height\" content=\"1200\" \/>\n\t<meta property=\"og:image:type\" content=\"image\/jpeg\" \/>\n<meta name=\"author\" content=\"lesadmin\" \/>\n<meta name=\"twitter:card\" content=\"summary_large_image\" \/>\n<meta name=\"twitter:creator\" content=\"@LesElfesCamps\" \/>\n<meta name=\"twitter:site\" content=\"@LesElfesCamps\" \/>\n<meta name=\"twitter:label1\" content=\"Escrito por\" \/>\n\t<meta name=\"twitter:data1\" content=\"lesadmin\" \/>\n\t<meta name=\"twitter:label2\" content=\"Tiempo de lectura\" \/>\n\t<meta name=\"twitter:data2\" content=\"2 minutos\" \/>\n<script type=\"application\/ld+json\" class=\"yoast-schema-graph\">{\"@context\":\"https:\/\/schema.org\",\"@graph\":[{\"@type\":\"Article\",\"@id\":\"https:\/\/www.leselfes.com\/es\/gracias-por-este-increible-verano-preparate-para-el-campamento-de-invierno\/#article\",\"isPartOf\":{\"@id\":\"https:\/\/www.leselfes.com\/es\/gracias-por-este-increible-verano-preparate-para-el-campamento-de-invierno\/\"},\"author\":{\"name\":\"lesadmin\",\"@id\":\"https:\/\/dev.leselfes.com\/#\/schema\/person\/407a229698868b8c603874b19f37f289\"},\"headline\":\"Gracias Por Este Incre\u00edble Verano. \u00a1Prep\u00e1rate para el campamento de invierno!\",\"datePublished\":\"2020-09-15T07:30:55+00:00\",\"dateModified\":\"2024-11-12T11:19:40+00:00\",\"mainEntityOfPage\":{\"@id\":\"https:\/\/www.leselfes.com\/es\/gracias-por-este-increible-verano-preparate-para-el-campamento-de-invierno\/\"},\"wordCount\":502,\"commentCount\":0,\"publisher\":{\"@id\":\"https:\/\/dev.leselfes.com\/#organization\"},\"image\":{\"@id\":\"https:\/\/www.leselfes.com\/es\/gracias-por-este-increible-verano-preparate-para-el-campamento-de-invierno\/#primaryimage\"},\"thumbnailUrl\":\"https:\/\/www.leselfes.com\/wp-content\/uploads\/2020\/09\/4-kids-on-snow.jpg\",\"articleSection\":[\"Sin categorizar\"],\"inLanguage\":\"es\",\"potentialAction\":[{\"@type\":\"CommentAction\",\"name\":\"Comment\",\"target\":[\"https:\/\/www.leselfes.com\/es\/gracias-por-este-increible-verano-preparate-para-el-campamento-de-invierno\/#respond\"]}]},{\"@type\":\"WebPage\",\"@id\":\"https:\/\/www.leselfes.com\/es\/gracias-por-este-increible-verano-preparate-para-el-campamento-de-invierno\/\",\"url\":\"https:\/\/www.leselfes.com\/es\/gracias-por-este-increible-verano-preparate-para-el-campamento-de-invierno\/\",\"name\":\"Gracias Por Este Incre\u00edble Verano. \u00a1Prep\u00e1rate para el campamento de invierno! - Les Elfes International Camps Switzerland\",\"isPartOf\":{\"@id\":\"https:\/\/dev.leselfes.com\/#website\"},\"primaryImageOfPage\":{\"@id\":\"https:\/\/www.leselfes.com\/es\/gracias-por-este-increible-verano-preparate-para-el-campamento-de-invierno\/#primaryimage\"},\"image\":{\"@id\":\"https:\/\/www.leselfes.com\/es\/gracias-por-este-increible-verano-preparate-para-el-campamento-de-invierno\/#primaryimage\"},\"thumbnailUrl\":\"https:\/\/www.leselfes.com\/wp-content\/uploads\/2020\/09\/4-kids-on-snow.jpg\",\"datePublished\":\"2020-09-15T07:30:55+00:00\",\"dateModified\":\"2024-11-12T11:19:40+00:00\",\"breadcrumb\":{\"@id\":\"https:\/\/www.leselfes.com\/es\/gracias-por-este-increible-verano-preparate-para-el-campamento-de-invierno\/#breadcrumb\"},\"inLanguage\":\"es\",\"potentialAction\":[{\"@type\":\"ReadAction\",\"target\":[\"https:\/\/www.leselfes.com\/es\/gracias-por-este-increible-verano-preparate-para-el-campamento-de-invierno\/\"]}]},{\"@type\":\"ImageObject\",\"inLanguage\":\"es\",\"@id\":\"https:\/\/www.leselfes.com\/es\/gracias-por-este-increible-verano-preparate-para-el-campamento-de-invierno\/#primaryimage\",\"url\":\"https:\/\/www.leselfes.com\/wp-content\/uploads\/2020\/09\/4-kids-on-snow.jpg\",\"contentUrl\":\"https:\/\/www.leselfes.com\/wp-content\/uploads\/2020\/09\/4-kids-on-snow.jpg\",\"width\":1402,\"height\":1200},{\"@type\":\"BreadcrumbList\",\"@id\":\"https:\/\/www.leselfes.com\/es\/gracias-por-este-increible-verano-preparate-para-el-campamento-de-invierno\/#breadcrumb\",\"itemListElement\":[{\"@type\":\"ListItem\",\"position\":1,\"name\":\"Home\",\"item\":\"https:\/\/www.leselfes.com\/es\/inicio\/\"},{\"@type\":\"ListItem\",\"position\":2,\"name\":\"Gracias Por Este Incre\u00edble Verano. \u00a1Prep\u00e1rate para el campamento de invierno!\"}]},{\"@type\":\"WebSite\",\"@id\":\"https:\/\/dev.leselfes.com\/#website\",\"url\":\"https:\/\/dev.leselfes.com\/\",\"name\":\"Les Elfes International\",\"description\":\"Les Elfes International, Verbier Switzerland. Summer Camp, Winter Camp, Spring Camps.\",\"publisher\":{\"@id\":\"https:\/\/dev.leselfes.com\/#organization\"},\"alternateName\":\"Les Elfes International\",\"potentialAction\":[{\"@type\":\"SearchAction\",\"target\":{\"@type\":\"EntryPoint\",\"urlTemplate\":\"https:\/\/dev.leselfes.com\/?s={search_term_string}\"},\"query-input\":{\"@type\":\"PropertyValueSpecification\",\"valueRequired\":true,\"valueName\":\"search_term_string\"}}],\"inLanguage\":\"es\"},{\"@type\":\"Organization\",\"@id\":\"https:\/\/dev.leselfes.com\/#organization\",\"name\":\"Les Elfes International\",\"alternateName\":\"Les Elfes International\",\"url\":\"https:\/\/dev.leselfes.com\/\",\"logo\":{\"@type\":\"ImageObject\",\"inLanguage\":\"es\",\"@id\":\"https:\/\/dev.leselfes.com\/#\/schema\/logo\/image\/\",\"url\":\"https:\/\/www.leselfes.com\/wp-content\/uploads\/2022\/03\/leselfes-logo.png\",\"contentUrl\":\"https:\/\/www.leselfes.com\/wp-content\/uploads\/2022\/03\/leselfes-logo.png\",\"width\":233,\"height\":51,\"caption\":\"Les Elfes International\"},\"image\":{\"@id\":\"https:\/\/dev.leselfes.com\/#\/schema\/logo\/image\/\"},\"sameAs\":[\"https:\/\/www.facebook.com\/LesElfesVerbier\",\"https:\/\/x.com\/LesElfesCamps\",\"https:\/\/www.instagram.com\/leselfes\",\"https:\/\/www.linkedin.com\/company\/les-elfes-international\",\"https:\/\/www.youtube.com\/user\/LesElfesVerbier\"]},{\"@type\":\"Person\",\"@id\":\"https:\/\/dev.leselfes.com\/#\/schema\/person\/407a229698868b8c603874b19f37f289\",\"name\":\"lesadmin\",\"image\":{\"@type\":\"ImageObject\",\"inLanguage\":\"es\",\"@id\":\"https:\/\/dev.leselfes.com\/#\/schema\/person\/image\/\",\"url\":\"https:\/\/secure.gravatar.com\/avatar\/fdb243a028df450397b3632d862f87f6?s=96&d=mm&r=g\",\"contentUrl\":\"https:\/\/secure.gravatar.com\/avatar\/fdb243a028df450397b3632d862f87f6?s=96&d=mm&r=g\",\"caption\":\"lesadmin\"},\"url\":\"https:\/\/www.leselfes.com\/es\/author\/lesadmin\/\"}]}<\/script>\n<!-- \/ Yoast SEO Premium plugin. -->","yoast_head_json":{"title":"Gracias Por Este Incre\u00edble Verano. \u00a1Prep\u00e1rate para el campamento de invierno! - Les Elfes International Camps Switzerland","robots":{"index":"index","follow":"follow","max-snippet":"max-snippet:-1","max-image-preview":"max-image-preview:large","max-video-preview":"max-video-preview:-1"},"canonical":"https:\/\/www.leselfes.com\/es\/gracias-por-este-increible-verano-preparate-para-el-campamento-de-invierno\/","og_locale":"es_ES","og_type":"article","og_title":"Gracias Por Este Incre\u00edble Verano. \u00a1Prep\u00e1rate para el campamento de invierno!","og_description":"\u00a1Muchas gracias a todos los campistas que visitaron el campamento de verano de Les Elfes! \u00a1Ya est\u00e1n abiertas las reservas para el campamento de invierno!","og_url":"https:\/\/www.leselfes.com\/es\/gracias-por-este-increible-verano-preparate-para-el-campamento-de-invierno\/","og_site_name":"Les Elfes International Camps Switzerland","article_publisher":"https:\/\/www.facebook.com\/LesElfesVerbier","article_published_time":"2020-09-15T07:30:55+00:00","article_modified_time":"2024-11-12T11:19:40+00:00","og_image":[{"width":1402,"height":1200,"url":"https:\/\/dev.leselfes.com\/wp-content\/uploads\/2020\/09\/4-kids-on-snow.jpg","type":"image\/jpeg"}],"author":"lesadmin","twitter_card":"summary_large_image","twitter_creator":"@LesElfesCamps","twitter_site":"@LesElfesCamps","twitter_misc":{"Escrito por":"lesadmin","Tiempo de lectura":"2 minutos"},"schema":{"@context":"https:\/\/schema.org","@graph":[{"@type":"Article","@id":"https:\/\/www.leselfes.com\/es\/gracias-por-este-increible-verano-preparate-para-el-campamento-de-invierno\/#article","isPartOf":{"@id":"https:\/\/www.leselfes.com\/es\/gracias-por-este-increible-verano-preparate-para-el-campamento-de-invierno\/"},"author":{"name":"lesadmin","@id":"https:\/\/dev.leselfes.com\/#\/schema\/person\/407a229698868b8c603874b19f37f289"},"headline":"Gracias Por Este Incre\u00edble Verano. \u00a1Prep\u00e1rate para el campamento de invierno!","datePublished":"2020-09-15T07:30:55+00:00","dateModified":"2024-11-12T11:19:40+00:00","mainEntityOfPage":{"@id":"https:\/\/www.leselfes.com\/es\/gracias-por-este-increible-verano-preparate-para-el-campamento-de-invierno\/"},"wordCount":502,"commentCount":0,"publisher":{"@id":"https:\/\/dev.leselfes.com\/#organization"},"image":{"@id":"https:\/\/www.leselfes.com\/es\/gracias-por-este-increible-verano-preparate-para-el-campamento-de-invierno\/#primaryimage"},"thumbnailUrl":"https:\/\/www.leselfes.com\/wp-content\/uploads\/2020\/09\/4-kids-on-snow.jpg","articleSection":["Sin categorizar"],"inLanguage":"es","potentialAction":[{"@type":"CommentAction","name":"Comment","target":["https:\/\/www.leselfes.com\/es\/gracias-por-este-increible-verano-preparate-para-el-campamento-de-invierno\/#respond"]}]},{"@type":"WebPage","@id":"https:\/\/www.leselfes.com\/es\/gracias-por-este-increible-verano-preparate-para-el-campamento-de-invierno\/","url":"https:\/\/www.leselfes.com\/es\/gracias-por-este-increible-verano-preparate-para-el-campamento-de-invierno\/","name":"Gracias Por Este Incre\u00edble Verano. \u00a1Prep\u00e1rate para el campamento de invierno! - Les Elfes International Camps Switzerland","isPartOf":{"@id":"https:\/\/dev.leselfes.com\/#website"},"primaryImageOfPage":{"@id":"https:\/\/www.leselfes.com\/es\/gracias-por-este-increible-verano-preparate-para-el-campamento-de-invierno\/#primaryimage"},"image":{"@id":"https:\/\/www.leselfes.com\/es\/gracias-por-este-increible-verano-preparate-para-el-campamento-de-invierno\/#primaryimage"},"thumbnailUrl":"https:\/\/www.leselfes.com\/wp-content\/uploads\/2020\/09\/4-kids-on-snow.jpg","datePublished":"2020-09-15T07:30:55+00:00","dateModified":"2024-11-12T11:19:40+00:00","breadcrumb":{"@id":"https:\/\/www.leselfes.com\/es\/gracias-por-este-increible-verano-preparate-para-el-campamento-de-invierno\/#breadcrumb"},"inLanguage":"es","potentialAction":[{"@type":"ReadAction","target":["https:\/\/www.leselfes.com\/es\/gracias-por-este-increible-verano-preparate-para-el-campamento-de-invierno\/"]}]},{"@type":"ImageObject","inLanguage":"es","@id":"https:\/\/www.leselfes.com\/es\/gracias-por-este-increible-verano-preparate-para-el-campamento-de-invierno\/#primaryimage","url":"https:\/\/www.leselfes.com\/wp-content\/uploads\/2020\/09\/4-kids-on-snow.jpg","contentUrl":"https:\/\/www.leselfes.com\/wp-content\/uploads\/2020\/09\/4-kids-on-snow.jpg","width":1402,"height":1200},{"@type":"BreadcrumbList","@id":"https:\/\/www.leselfes.com\/es\/gracias-por-este-increible-verano-preparate-para-el-campamento-de-invierno\/#breadcrumb","itemListElement":[{"@type":"ListItem","position":1,"name":"Home","item":"https:\/\/www.leselfes.com\/es\/inicio\/"},{"@type":"ListItem","position":2,"name":"Gracias Por Este Incre\u00edble Verano. \u00a1Prep\u00e1rate para el campamento de invierno!"}]},{"@type":"WebSite","@id":"https:\/\/dev.leselfes.com\/#website","url":"https:\/\/dev.leselfes.com\/","name":"Les Elfes International","description":"Les Elfes International, Verbier Switzerland. Summer Camp, Winter Camp, Spring Camps.","publisher":{"@id":"https:\/\/dev.leselfes.com\/#organization"},"alternateName":"Les Elfes International","potentialAction":[{"@type":"SearchAction","target":{"@type":"EntryPoint","urlTemplate":"https:\/\/dev.leselfes.com\/?s={search_term_string}"},"query-input":{"@type":"PropertyValueSpecification","valueRequired":true,"valueName":"search_term_string"}}],"inLanguage":"es"},{"@type":"Organization","@id":"https:\/\/dev.leselfes.com\/#organization","name":"Les Elfes International","alternateName":"Les Elfes International","url":"https:\/\/dev.leselfes.com\/","logo":{"@type":"ImageObject","inLanguage":"es","@id":"https:\/\/dev.leselfes.com\/#\/schema\/logo\/image\/","url":"https:\/\/www.leselfes.com\/wp-content\/uploads\/2022\/03\/leselfes-logo.png","contentUrl":"https:\/\/www.leselfes.com\/wp-content\/uploads\/2022\/03\/leselfes-logo.png","width":233,"height":51,"caption":"Les Elfes International"},"image":{"@id":"https:\/\/dev.leselfes.com\/#\/schema\/logo\/image\/"},"sameAs":["https:\/\/www.facebook.com\/LesElfesVerbier","https:\/\/x.com\/LesElfesCamps","https:\/\/www.instagram.com\/leselfes","https:\/\/www.linkedin.com\/company\/les-elfes-international","https:\/\/www.youtube.com\/user\/LesElfesVerbier"]},{"@type":"Person","@id":"https:\/\/dev.leselfes.com\/#\/schema\/person\/407a229698868b8c603874b19f37f289","name":"lesadmin","image":{"@type":"ImageObject","inLanguage":"es","@id":"https:\/\/dev.leselfes.com\/#\/schema\/person\/image\/","url":"https:\/\/secure.gravatar.com\/avatar\/fdb243a028df450397b3632d862f87f6?s=96&d=mm&r=g","contentUrl":"https:\/\/secure.gravatar.com\/avatar\/fdb243a028df450397b3632d862f87f6?s=96&d=mm&r=g","caption":"lesadmin"},"url":"https:\/\/www.leselfes.com\/es\/author\/lesadmin\/"}]}},"_links":{"self":[{"href":"https:\/\/www.leselfes.com\/es\/wp-json\/wp\/v2\/posts\/92420"}],"collection":[{"href":"https:\/\/www.leselfes.com\/es\/wp-json\/wp\/v2\/posts"}],"about":[{"href":"https:\/\/www.leselfes.com\/es\/wp-json\/wp\/v2\/types\/post"}],"author":[{"embeddable":true,"href":"https:\/\/www.leselfes.com\/es\/wp-json\/wp\/v2\/users\/1"}],"replies":[{"embeddable":true,"href":"https:\/\/www.leselfes.com\/es\/wp-json\/wp\/v2\/comments?post=92420"}],"version-history":[{"count":0,"href":"https:\/\/www.leselfes.com\/es\/wp-json\/wp\/v2\/posts\/92420\/revisions"}],"wp:featuredmedia":[{"embeddable":true,"href":"https:\/\/www.leselfes.com\/es\/wp-json\/wp\/v2\/media\/73314"}],"wp:attachment":[{"href":"https:\/\/www.leselfes.com\/es\/wp-json\/wp\/v2\/media?parent=92420"}],"wp:term":[{"taxonomy":"category","embeddable":true,"href":"https:\/\/www.leselfes.com\/es\/wp-json\/wp\/v2\/categories?post=92420"},{"taxonomy":"post_tag","embeddable":true,"href":"https:\/\/www.leselfes.com\/es\/wp-json\/wp\/v2\/tags?post=92420"}],"curies":[{"name":"wp","href":"https:\/\/api.w.org\/{rel}","templated":true}]}}