{"id":92572,"date":"2020-06-10T00:35:04","date_gmt":"2020-06-09T22:35:04","guid":{"rendered":"https:\/\/www.leselfes.com\/campamentos-de-verano-sleepaway-como-elegir-el-mejor-para-tu-hijo\/"},"modified":"2024-11-12T12:23:32","modified_gmt":"2024-11-12T11:23:32","slug":"campamentos-de-verano-sleepaway-como-elegir-el-mejor-para-tu-hijo","status":"publish","type":"post","link":"https:\/\/www.leselfes.com\/es\/campamentos-de-verano-sleepaway-como-elegir-el-mejor-para-tu-hijo\/","title":{"rendered":"Campamentos de Verano Sleepaway: C\u00f3mo elegir el mejor para tu hijo"},"content":{"rendered":"\n<p>Si est\u00e1s pensando en enviar a tus hijos de\na unas vacaciones de campamento, hay varios factores que debes tener en cuenta\n.  <\/p>\n\n<p>En primer lugar, deber\u00e1s hacerte las siguientes preguntas.\n <a href=\"https:\/\/www.leselfes.com\/es\/como-preparar-a-los-ninos-para-su-primera-vez-en-un-campamento-de-verano\/\">\u00bfTienen los ni\u00f1os edad suficiente para asistir a un campamento de verano<\/a>?\n\u00bfD\u00f3nde se alojar\u00e1n?\n <a href=\"https:\/\/www.leselfes.com\/es\/?p=90312\">\u00bfOfrece<\/a> el campamento <a href=\"https:\/\/www.leselfes.com\/es\/?p=90312\">actividades adaptadas a los ni\u00f1os<\/a>?     <\/p>\n\n<figure class=\"wp-block-image size-large\"><img loading=\"lazy\" decoding=\"async\" width=\"750\" height=\"450\" src=\"https:\/\/www.leselfes.com\/wp-content\/uploads\/2020\/06\/Summer-Camps-Sleepaway.jpg\" alt=\"Campamentos de verano Sleepaway\" class=\"wp-image-42080\" srcset=\"https:\/\/www.leselfes.com\/wp-content\/uploads\/2020\/06\/Summer-Camps-Sleepaway.jpg 750w, https:\/\/www.leselfes.com\/wp-content\/uploads\/2020\/06\/Summer-Camps-Sleepaway-300x180.jpg 300w, https:\/\/www.leselfes.com\/wp-content\/uploads\/2020\/06\/Summer-Camps-Sleepaway-320x192.jpg 320w, https:\/\/www.leselfes.com\/wp-content\/uploads\/2020\/06\/Summer-Camps-Sleepaway-640x384.jpg 640w, https:\/\/www.leselfes.com\/wp-content\/uploads\/2020\/06\/Summer-Camps-Sleepaway-360x216.jpg 360w, https:\/\/www.leselfes.com\/wp-content\/uploads\/2020\/06\/Summer-Camps-Sleepaway-720x432.jpg 720w\" sizes=\"(max-width: 750px) 100vw, 750px\" \/><\/figure>\n\n<p>Hoy en d\u00eda, acampar es una pr\u00e1ctica popular\ntanto para ni\u00f1os como para adultos, especialmente en verano. Con los muchos\ncampamentos para pasar la noche disponibles hoy en d\u00eda, elegir el mejor para tu hijo puede ser una tarea dif\u00edcil\n. He aqu\u00ed algunos consejos para facilitar el proceso.    <\/p>\n\n<h2 class=\"wp-block-heading\">Define tus expectativas<\/h2>\n\n<p>Antes de elegir un campamento\nes importante que definas tus expectativas. Averigua qu\u00e9 quieres que tu hijo\nconsiga de la <a href=\"https:\/\/www.leselfes.com\/summer-camps-switzerland\/\">experiencia<\/a> del campamento.   <\/p>\n\n<p>\u00bfQuieres que conozcan y se relacionen\ncon otros ni\u00f1os con los que tengan intereses similares? Si es as\u00ed, elige un campamento\nque ofrezca sus asignaturas favoritas. \u00bfQuieres mantenerlos ocupados y\nactivos cuando no hay colegio con una combinaci\u00f3n de actividades al aire libre y en el interior?\nEn este caso, un campamento acad\u00e9mico vendr\u00eda muy bien para mantenerlos intelectualmente\nactivos.    <\/p>\n\n<h2 class=\"wp-block-heading\">Implica a los ni\u00f1os en el proceso de planificaci\u00f3n\n<\/h2>\n\n<p>El principal objetivo de enviar a tu hijo\na un viaje de <a href=\"https:\/\/coolmompicks.com\/blog\/2016\/06\/12\/sleepaway-camp-essentials-homesick\/\">campamento para dormir<\/a> es que disfrute de su estancia. Implicarles en el proceso de planificaci\u00f3n de\ndesempe\u00f1a un papel muy importante en la consecuci\u00f3n de este \u00e9xito. Si tienes\nhijos adolescentes, por ejemplo, puede que frunzan el ce\u00f1o ante la idea de un campamento de una noche.  \n<\/p>\n\n<p>Sin embargo, al implicarles,\ntienen la oportunidad de elegir el programa de campamento que mejor se adapte a sus necesidades. Por ejemplo, en\npueden estar m\u00e1s interesados en ir a campamentos deportivos con sus compa\u00f1eros. \n<\/p>\n\n<p>La idea aqu\u00ed debe ser encontrar programas de\nque respondan a sus intereses actuales. Involucra al ni\u00f1o desde el principio\npara asegurarte de que est\u00e1is leyendo la misma p\u00e1gina. Recuerda que tu hijo s\u00f3lo\nse beneficiar\u00e1 del programa del campamento si est\u00e1 interesado en lo mismo.    <\/p>\n\n<h2 class=\"wp-block-heading\">Decide si tu hijo est\u00e1\npreparado para un campamento de verano<\/h2>\n\n<p>Determinar si tu hijo\nest\u00e1 preparado o no para ir de viaje de pijamas a un campamento no depende s\u00f3lo de su edad.\nDeterm\u00ednalo en funci\u00f3n de su disposici\u00f3n a asistir solo a las fiestas de pijamas. Algunos ni\u00f1os\nse sentir\u00e1n c\u00f3modos estando fuera de casa desde una edad m\u00e1s temprana.   <\/p>\n\n<p>Otros, en cambio, pueden\nmostrar poco inter\u00e9s aunque sean mayores. He aqu\u00ed algunos consejos que te ayudar\u00e1n a\naveriguar si tu hijo est\u00e1 preparado para ir a un campamento de verano.   <\/p>\n\n<h3 class=\"wp-block-heading\">&#8211; Si pueden mantener su higiene personal<\/h3>\n\n<figure class=\"wp-block-image size-large\"><img loading=\"lazy\" decoding=\"async\" width=\"960\" height=\"540\" src=\"https:\/\/www.leselfes.com\/wp-content\/uploads\/2020\/06\/Personal-Hygiene.png\" alt=\"Higiene personal\" class=\"wp-image-42081\" srcset=\"https:\/\/www.leselfes.com\/wp-content\/uploads\/2020\/06\/Personal-Hygiene.png 960w, https:\/\/www.leselfes.com\/wp-content\/uploads\/2020\/06\/Personal-Hygiene-300x169.png 300w, https:\/\/www.leselfes.com\/wp-content\/uploads\/2020\/06\/Personal-Hygiene-768x432.png 768w, https:\/\/www.leselfes.com\/wp-content\/uploads\/2020\/06\/Personal-Hygiene-320x180.png 320w, https:\/\/www.leselfes.com\/wp-content\/uploads\/2020\/06\/Personal-Hygiene-640x360.png 640w, https:\/\/www.leselfes.com\/wp-content\/uploads\/2020\/06\/Personal-Hygiene-360x203.png 360w, https:\/\/www.leselfes.com\/wp-content\/uploads\/2020\/06\/Personal-Hygiene-720x405.png 720w, https:\/\/www.leselfes.com\/wp-content\/uploads\/2020\/06\/Personal-Hygiene-800x450.png 800w\" sizes=\"(max-width: 960px) 100vw, 960px\" \/><\/figure>\n\n<p>Los monitores y supervisores del campamento recordar\u00e1n a los ni\u00f1os que se duchen y se laven los dientes.\nSin embargo, el ni\u00f1o debe ser capaz de hacer estas tareas por s\u00ed mismo.\nAunque el campamento ayuda a los acampados a ser independientes, el ni\u00f1o ya deber\u00eda estar familiarizado con diversas tareas, como ba\u00f1arse.    <\/p>\n\n<h3 class=\"wp-block-heading\">&#8211; Si te presionan para que vayas a un campamento nocturno<\/h3>\n\n<p>\u00bfTu hijo te est\u00e1 pidiendo permiso\npara asistir a campamentos para dormir? Si es as\u00ed, lo m\u00e1s probable es que\nest\u00e9 preparado para vivir una aventura diferente durante unos d\u00edas. Aun as\u00ed, a algunos\nni\u00f1os hay que empujarlos para que piensen en ir de acampada. Aseg\u00farate de que tu hijo se siente c\u00f3modo\ncon la idea y evita obligarle a hacer algo que no le gusta.     <\/p>\n\n<h3 class=\"wp-block-heading\">&#8211; Se han escapado con \u00e9xito para dormir fuera de casa<\/h3>\n\n<p>\u00bfHa asistido tu hijo a una fiesta de pijamas\nen casa de un amigo o familiar? Si es as\u00ed, \u00bfc\u00f3mo fue su experiencia\n? \u00bfConectaron con sus amigos? \u00bfConsiguieron dormir c\u00f3modamente\n?     <\/p>\n\n<p>\u00bfEstaban ansiosos? Si han\nasistido con \u00e9xito a varias fiestas de pijamas, es una buena se\u00f1al de que est\u00e1n preparados\npara los campamentos de pijamas. Recuerda que tendr\u00e1s que hablar con tu hijo sobre la nostalgia\ny sobre c\u00f3mo puede superarla durante el campamento.    <\/p>\n\n<h2 class=\"wp-block-heading\">Elige la categor\u00eda adecuada<\/h2>\n\n<p>Una vez que hayas definido las expectativas de tus campamentos\n, selecciona los distintos programas que pueden ayudarte a cumplirlas\n. Aqu\u00ed tienes algunas categor\u00edas de campamentos populares entre las que elegir.   <\/p>\n\n<h3 class=\"wp-block-heading\">&#8211; Campamentos de Arte<\/h3>\n\n<figure class=\"wp-block-image size-large\"><img loading=\"lazy\" decoding=\"async\" width=\"800\" height=\"494\" src=\"https:\/\/www.leselfes.com\/wp-content\/uploads\/2020\/06\/Summer-Art-Camps.jpg\" alt=\"Campamentos art&#xED;sticos de verano\" class=\"wp-image-42082\" srcset=\"https:\/\/www.leselfes.com\/wp-content\/uploads\/2020\/06\/Summer-Art-Camps.jpg 800w, https:\/\/www.leselfes.com\/wp-content\/uploads\/2020\/06\/Summer-Art-Camps-300x185.jpg 300w, https:\/\/www.leselfes.com\/wp-content\/uploads\/2020\/06\/Summer-Art-Camps-768x474.jpg 768w, https:\/\/www.leselfes.com\/wp-content\/uploads\/2020\/06\/Summer-Art-Camps-320x198.jpg 320w, https:\/\/www.leselfes.com\/wp-content\/uploads\/2020\/06\/Summer-Art-Camps-640x395.jpg 640w, https:\/\/www.leselfes.com\/wp-content\/uploads\/2020\/06\/Summer-Art-Camps-360x222.jpg 360w, https:\/\/www.leselfes.com\/wp-content\/uploads\/2020\/06\/Summer-Art-Camps-720x445.jpg 720w\" sizes=\"(max-width: 800px) 100vw, 800px\" \/><\/figure>\n\n<p>Los campamentos de arte permiten a los campistas centrarse en desarrollar sus intereses creativos con sus compa\u00f1eros.\nAlgunos campamentos permiten a los campistas dedicarse a la impresi\u00f3n en 3D y al dise\u00f1o por ordenador, mientras que otros se centran en las artes visuales, el dibujo y la pintura.   <\/p>\n\n<h3 class=\"wp-block-heading\">&#8211; Campamentos acad\u00e9micos<\/h3>\n\n<p>Estos campamentos est\u00e1n dise\u00f1ados para garantizar\nque los ni\u00f1os sigan aprendiendo incluso cuando las escuelas est\u00e1n cerradas. Los campamentos acad\u00e9micos\nofrecen una gran combinaci\u00f3n de actividades extraescolares y educativas.\nA menudo se centran en temas que apenas se ense\u00f1an en las escuelas, como el desarrollo de habilidades\n.   <\/p>\n\n<p>Los campamentos acad\u00e9micos son una forma perfecta de\neducar a los alumnos que dif\u00edcilmente pueden hacer frente a las instrucciones tradicionales. Permiten a los alumnos de\ncentrarse en una habilidad o actividad acad\u00e9mica espec\u00edfica y avanzar en ella\na lo largo de la sesi\u00f3n del campamento.   <\/p>\n\n<p>En <a href=\"https:\/\/www.leselfes.com\/es\/\">Les Elfes<\/a>, por ejemplo, hay varios programas\npara elegir. Entre ellos, artes del lenguaje, matem\u00e1ticas, fotograf\u00eda, teatro\ny estudios inform\u00e1ticos.   <\/p>\n\n<h3 class=\"wp-block-heading\">&#8211; Campamentos de atletismo<\/h3>\n\n<figure class=\"wp-block-image size-large\"><img loading=\"lazy\" decoding=\"async\" width=\"799\" height=\"433\" src=\"https:\/\/www.leselfes.com\/wp-content\/uploads\/2020\/06\/Athletic-Camps.jpg\" alt=\"Campamentos de atletismo\" class=\"wp-image-42083\" srcset=\"https:\/\/www.leselfes.com\/wp-content\/uploads\/2020\/06\/Athletic-Camps.jpg 799w, https:\/\/www.leselfes.com\/wp-content\/uploads\/2020\/06\/Athletic-Camps-300x163.jpg 300w, https:\/\/www.leselfes.com\/wp-content\/uploads\/2020\/06\/Athletic-Camps-768x416.jpg 768w, https:\/\/www.leselfes.com\/wp-content\/uploads\/2020\/06\/Athletic-Camps-320x173.jpg 320w, https:\/\/www.leselfes.com\/wp-content\/uploads\/2020\/06\/Athletic-Camps-640x347.jpg 640w, https:\/\/www.leselfes.com\/wp-content\/uploads\/2020\/06\/Athletic-Camps-360x195.jpg 360w, https:\/\/www.leselfes.com\/wp-content\/uploads\/2020\/06\/Athletic-Camps-720x390.jpg 720w\" sizes=\"(max-width: 799px) 100vw, 799px\" \/><\/figure>\n\n<p>Son ideales para los ni\u00f1os deportistas interesados en aprender nuevas habilidades en verano.\nTambi\u00e9n ayudan a mantener activos a los adolescentes y ni\u00f1os peque\u00f1os cuando las escuelas est\u00e1n cerradas.   <\/p>\n\n<h3 class=\"wp-block-heading\">&#8211; Campamentos de aventura<\/h3>\n\n<p>Estos campamentos son atractivos y divertidos,\ny una forma estupenda de participar en nuevos retos y experiencias. Pueden ser\nsimilares a un campamento ordinario al aire libre con una actividad especial como <a href=\"https:\/\/www.leselfes.com\/field-trips\/\">excursiones<\/a>, senderismo, ir de caza por la naturaleza. <\/p>\n\n<h3 class=\"wp-block-heading\">&#8211; Campamento para necesidades especiales<\/h3>\n\n<p>Est\u00e1n especialmente dise\u00f1ados para\ncrear el entorno perfecto para los campistas que no pueden asistir a los campamentos de verano normales\n. Esto puede deberse a retos emocionales, mentales y\nf\u00edsicos. La proporci\u00f3n de campistas por personal, en este caso, es baja para garantizar una atenci\u00f3n\nexclusiva. Esto ayuda a crear un entorno c\u00f3modo para satisfacer las necesidades\nde los ni\u00f1os.   <\/p>\n\n<h2 class=\"wp-block-heading\">Elige un campamento que no\ninterfiera con tu horario<\/h2>\n\n<p>Aseg\u00farate de que el programa de campamento que elijas encaja con los compromisos familiares o las vacaciones que puedas tener para el verano.\nEmpieza a buscar el mejor campamento pronto, antes de que lleguen los plazos de inscripci\u00f3n.\nConsidera la posibilidad de ponerte en contacto con el campamento si tienes alguna consulta que hacer.    <\/p>\n\n<h2 class=\"wp-block-heading\">Considera los campamentos que ofrecen una\namplia variedad de actividades<\/h2>\n\n<figure class=\"wp-block-image size-large\"><img loading=\"lazy\" decoding=\"async\" width=\"800\" height=\"530\" src=\"https:\/\/www.leselfes.com\/wp-content\/uploads\/2020\/06\/Wide-Variety-Of-Activities.jpg\" alt=\"Gran Variedad De Actividades\" class=\"wp-image-42084\" srcset=\"https:\/\/www.leselfes.com\/wp-content\/uploads\/2020\/06\/Wide-Variety-Of-Activities.jpg 800w, https:\/\/www.leselfes.com\/wp-content\/uploads\/2020\/06\/Wide-Variety-Of-Activities-300x199.jpg 300w, https:\/\/www.leselfes.com\/wp-content\/uploads\/2020\/06\/Wide-Variety-Of-Activities-768x509.jpg 768w, https:\/\/www.leselfes.com\/wp-content\/uploads\/2020\/06\/Wide-Variety-Of-Activities-320x212.jpg 320w, https:\/\/www.leselfes.com\/wp-content\/uploads\/2020\/06\/Wide-Variety-Of-Activities-640x424.jpg 640w, https:\/\/www.leselfes.com\/wp-content\/uploads\/2020\/06\/Wide-Variety-Of-Activities-360x239.jpg 360w, https:\/\/www.leselfes.com\/wp-content\/uploads\/2020\/06\/Wide-Variety-Of-Activities-720x477.jpg 720w\" sizes=\"(max-width: 800px) 100vw, 800px\" \/><\/figure>\n\n<p>Si intentas establecer los intereses de tus hijos, considera los programas de campamentos que ofrecen una <a href=\"https:\/\/www.familyeducation.com\/fun\/11-fun-summer-camp-crafts-activities-try-home\">amplia gama de actividades<\/a>. Muchos campamentos de verano ofrecen distintas actividades que permiten a los ni\u00f1os determinar sus intereses.   <\/p>\n\n<p>Si tu hijo elige un programa\nconcreto, debe ser lo que a \u00e9l le interese. Elige un programa que\nnutra a tu hijo para que se convierta en la mejor versi\u00f3n de s\u00ed mismo, y no en lo que\nesperas que sea.   <\/p>\n\n<h2 class=\"wp-block-heading\">Por fin<\/h2>\n\n<p>Los campamentos de verano vacaciones para dormir\nson oportunidades ideales para que los ni\u00f1os participen en nuevos retos y experiencias\n. Utiliza estos <a href=\"https:\/\/www.leselfes.com\/es\/9-consejos-para-sobrevivir-al-frio-en-tu-primera-acampada-en-la-nieve\/\">consejos para establecer los mejores campamentos<\/a> que beneficiar\u00e1n\na tus hijos. <a href=\"https:\/\/www.leselfes.com\/es\/?page_id=89351\">Inscribe<\/a> a tu\nhijo en el pr\u00f3ximo campamento de verano y disfruta de descuentos amistosos. <\/p>\n","protected":false},"excerpt":{"rendered":"<p>Si est\u00e1s pensando en enviar a tus hijos de a unas vacaciones de campamento, hay varios factores que debes tener en cuenta . En primer lugar, deber\u00e1s hacerte las siguientes&#8230;<\/p>\n","protected":false},"author":1,"featured_media":73026,"comment_status":"open","ping_status":"open","sticky":false,"template":"","format":"standard","meta":{"_acf_changed":false,"inline_featured_image":false,"footnotes":""},"categories":[1368,1373],"tags":[],"class_list":{"0":"post-92572","1":"post","2":"type-post","3":"status-publish","4":"format-standard","5":"has-post-thumbnail","7":"category-articulos","8":"category-campamento-de-verano"},"acf":[],"yoast_head":"<!-- This site is optimized with the Yoast SEO Premium plugin v24.2 (Yoast SEO v24.7) - https:\/\/yoast.com\/wordpress\/plugins\/seo\/ -->\n<title>Campamentos de Verano Sleepaway: C\u00f3mo elegir el mejor para tu hijo - Les Elfes International Camps Switzerland<\/title>\n<meta name=\"robots\" content=\"index, follow, max-snippet:-1, max-image-preview:large, max-video-preview:-1\" \/>\n<link rel=\"canonical\" href=\"https:\/\/www.leselfes.com\/es\/campamentos-de-verano-sleepaway-como-elegir-el-mejor-para-tu-hijo\/\" \/>\n<meta property=\"og:locale\" content=\"es_ES\" \/>\n<meta property=\"og:type\" content=\"article\" \/>\n<meta property=\"og:title\" content=\"Campamentos de Verano Sleepaway: C\u00f3mo elegir el mejor para tu hijo\" \/>\n<meta property=\"og:description\" content=\"Si est\u00e1s pensando en enviar a tus hijos de a unas vacaciones de campamento, hay varios factores que debes tener en cuenta . En primer lugar, deber\u00e1s hacerte las siguientes...\" \/>\n<meta property=\"og:url\" content=\"https:\/\/www.leselfes.com\/es\/campamentos-de-verano-sleepaway-como-elegir-el-mejor-para-tu-hijo\/\" \/>\n<meta property=\"og:site_name\" content=\"Les Elfes International Camps Switzerland\" \/>\n<meta property=\"article:publisher\" content=\"https:\/\/www.facebook.com\/LesElfesVerbier\" \/>\n<meta property=\"article:published_time\" content=\"2020-06-09T22:35:04+00:00\" \/>\n<meta property=\"article:modified_time\" content=\"2024-11-12T11:23:32+00:00\" \/>\n<meta property=\"og:image\" content=\"https:\/\/dev.leselfes.com\/wp-content\/uploads\/2020\/05\/Camps-Sleepaway.jpg\" \/>\n\t<meta property=\"og:image:width\" content=\"1200\" \/>\n\t<meta property=\"og:image:height\" content=\"628\" \/>\n\t<meta property=\"og:image:type\" content=\"image\/jpeg\" \/>\n<meta name=\"author\" content=\"lesadmin\" \/>\n<meta name=\"twitter:card\" content=\"summary_large_image\" \/>\n<meta name=\"twitter:creator\" content=\"@LesElfesCamps\" \/>\n<meta name=\"twitter:site\" content=\"@LesElfesCamps\" \/>\n<meta name=\"twitter:label1\" content=\"Escrito por\" \/>\n\t<meta name=\"twitter:data1\" content=\"lesadmin\" \/>\n\t<meta name=\"twitter:label2\" content=\"Tiempo de lectura\" \/>\n\t<meta name=\"twitter:data2\" content=\"6 minutos\" \/>\n<script type=\"application\/ld+json\" class=\"yoast-schema-graph\">{\"@context\":\"https:\/\/schema.org\",\"@graph\":[{\"@type\":\"Article\",\"@id\":\"https:\/\/www.leselfes.com\/es\/campamentos-de-verano-sleepaway-como-elegir-el-mejor-para-tu-hijo\/#article\",\"isPartOf\":{\"@id\":\"https:\/\/www.leselfes.com\/es\/campamentos-de-verano-sleepaway-como-elegir-el-mejor-para-tu-hijo\/\"},\"author\":{\"name\":\"lesadmin\",\"@id\":\"https:\/\/dev.leselfes.com\/#\/schema\/person\/407a229698868b8c603874b19f37f289\"},\"headline\":\"Campamentos de Verano Sleepaway: C\u00f3mo elegir el mejor para tu hijo\",\"datePublished\":\"2020-06-09T22:35:04+00:00\",\"dateModified\":\"2024-11-12T11:23:32+00:00\",\"mainEntityOfPage\":{\"@id\":\"https:\/\/www.leselfes.com\/es\/campamentos-de-verano-sleepaway-como-elegir-el-mejor-para-tu-hijo\/\"},\"wordCount\":1302,\"commentCount\":0,\"publisher\":{\"@id\":\"https:\/\/dev.leselfes.com\/#organization\"},\"image\":{\"@id\":\"https:\/\/www.leselfes.com\/es\/campamentos-de-verano-sleepaway-como-elegir-el-mejor-para-tu-hijo\/#primaryimage\"},\"thumbnailUrl\":\"https:\/\/www.leselfes.com\/wp-content\/uploads\/2020\/05\/Camps-Sleepaway.jpg\",\"articleSection\":[\"Art\u00edculos\",\"Campamento de verano\"],\"inLanguage\":\"es\",\"potentialAction\":[{\"@type\":\"CommentAction\",\"name\":\"Comment\",\"target\":[\"https:\/\/www.leselfes.com\/es\/campamentos-de-verano-sleepaway-como-elegir-el-mejor-para-tu-hijo\/#respond\"]}]},{\"@type\":\"WebPage\",\"@id\":\"https:\/\/www.leselfes.com\/es\/campamentos-de-verano-sleepaway-como-elegir-el-mejor-para-tu-hijo\/\",\"url\":\"https:\/\/www.leselfes.com\/es\/campamentos-de-verano-sleepaway-como-elegir-el-mejor-para-tu-hijo\/\",\"name\":\"Campamentos de Verano Sleepaway: C\u00f3mo elegir el mejor para tu hijo - Les Elfes International Camps Switzerland\",\"isPartOf\":{\"@id\":\"https:\/\/dev.leselfes.com\/#website\"},\"primaryImageOfPage\":{\"@id\":\"https:\/\/www.leselfes.com\/es\/campamentos-de-verano-sleepaway-como-elegir-el-mejor-para-tu-hijo\/#primaryimage\"},\"image\":{\"@id\":\"https:\/\/www.leselfes.com\/es\/campamentos-de-verano-sleepaway-como-elegir-el-mejor-para-tu-hijo\/#primaryimage\"},\"thumbnailUrl\":\"https:\/\/www.leselfes.com\/wp-content\/uploads\/2020\/05\/Camps-Sleepaway.jpg\",\"datePublished\":\"2020-06-09T22:35:04+00:00\",\"dateModified\":\"2024-11-12T11:23:32+00:00\",\"breadcrumb\":{\"@id\":\"https:\/\/www.leselfes.com\/es\/campamentos-de-verano-sleepaway-como-elegir-el-mejor-para-tu-hijo\/#breadcrumb\"},\"inLanguage\":\"es\",\"potentialAction\":[{\"@type\":\"ReadAction\",\"target\":[\"https:\/\/www.leselfes.com\/es\/campamentos-de-verano-sleepaway-como-elegir-el-mejor-para-tu-hijo\/\"]}]},{\"@type\":\"ImageObject\",\"inLanguage\":\"es\",\"@id\":\"https:\/\/www.leselfes.com\/es\/campamentos-de-verano-sleepaway-como-elegir-el-mejor-para-tu-hijo\/#primaryimage\",\"url\":\"https:\/\/www.leselfes.com\/wp-content\/uploads\/2020\/05\/Camps-Sleepaway.jpg\",\"contentUrl\":\"https:\/\/www.leselfes.com\/wp-content\/uploads\/2020\/05\/Camps-Sleepaway.jpg\",\"width\":1200,\"height\":628},{\"@type\":\"BreadcrumbList\",\"@id\":\"https:\/\/www.leselfes.com\/es\/campamentos-de-verano-sleepaway-como-elegir-el-mejor-para-tu-hijo\/#breadcrumb\",\"itemListElement\":[{\"@type\":\"ListItem\",\"position\":1,\"name\":\"Home\",\"item\":\"https:\/\/www.leselfes.com\/es\/inicio\/\"},{\"@type\":\"ListItem\",\"position\":2,\"name\":\"Campamentos de Verano Sleepaway: C\u00f3mo elegir el mejor para tu hijo\"}]},{\"@type\":\"WebSite\",\"@id\":\"https:\/\/dev.leselfes.com\/#website\",\"url\":\"https:\/\/dev.leselfes.com\/\",\"name\":\"Les Elfes International\",\"description\":\"Les Elfes International, Verbier Switzerland. Summer Camp, Winter Camp, Spring Camps.\",\"publisher\":{\"@id\":\"https:\/\/dev.leselfes.com\/#organization\"},\"alternateName\":\"Les Elfes International\",\"potentialAction\":[{\"@type\":\"SearchAction\",\"target\":{\"@type\":\"EntryPoint\",\"urlTemplate\":\"https:\/\/dev.leselfes.com\/?s={search_term_string}\"},\"query-input\":{\"@type\":\"PropertyValueSpecification\",\"valueRequired\":true,\"valueName\":\"search_term_string\"}}],\"inLanguage\":\"es\"},{\"@type\":\"Organization\",\"@id\":\"https:\/\/dev.leselfes.com\/#organization\",\"name\":\"Les Elfes International\",\"alternateName\":\"Les Elfes International\",\"url\":\"https:\/\/dev.leselfes.com\/\",\"logo\":{\"@type\":\"ImageObject\",\"inLanguage\":\"es\",\"@id\":\"https:\/\/dev.leselfes.com\/#\/schema\/logo\/image\/\",\"url\":\"https:\/\/www.leselfes.com\/wp-content\/uploads\/2022\/03\/leselfes-logo.png\",\"contentUrl\":\"https:\/\/www.leselfes.com\/wp-content\/uploads\/2022\/03\/leselfes-logo.png\",\"width\":233,\"height\":51,\"caption\":\"Les Elfes International\"},\"image\":{\"@id\":\"https:\/\/dev.leselfes.com\/#\/schema\/logo\/image\/\"},\"sameAs\":[\"https:\/\/www.facebook.com\/LesElfesVerbier\",\"https:\/\/x.com\/LesElfesCamps\",\"https:\/\/www.instagram.com\/leselfes\",\"https:\/\/www.linkedin.com\/company\/les-elfes-international\",\"https:\/\/www.youtube.com\/user\/LesElfesVerbier\"]},{\"@type\":\"Person\",\"@id\":\"https:\/\/dev.leselfes.com\/#\/schema\/person\/407a229698868b8c603874b19f37f289\",\"name\":\"lesadmin\",\"image\":{\"@type\":\"ImageObject\",\"inLanguage\":\"es\",\"@id\":\"https:\/\/dev.leselfes.com\/#\/schema\/person\/image\/\",\"url\":\"https:\/\/secure.gravatar.com\/avatar\/fdb243a028df450397b3632d862f87f6?s=96&d=mm&r=g\",\"contentUrl\":\"https:\/\/secure.gravatar.com\/avatar\/fdb243a028df450397b3632d862f87f6?s=96&d=mm&r=g\",\"caption\":\"lesadmin\"},\"url\":\"https:\/\/www.leselfes.com\/es\/author\/lesadmin\/\"}]}<\/script>\n<!-- \/ Yoast SEO Premium plugin. -->","yoast_head_json":{"title":"Campamentos de Verano Sleepaway: C\u00f3mo elegir el mejor para tu hijo - Les Elfes International Camps Switzerland","robots":{"index":"index","follow":"follow","max-snippet":"max-snippet:-1","max-image-preview":"max-image-preview:large","max-video-preview":"max-video-preview:-1"},"canonical":"https:\/\/www.leselfes.com\/es\/campamentos-de-verano-sleepaway-como-elegir-el-mejor-para-tu-hijo\/","og_locale":"es_ES","og_type":"article","og_title":"Campamentos de Verano Sleepaway: C\u00f3mo elegir el mejor para tu hijo","og_description":"Si est\u00e1s pensando en enviar a tus hijos de a unas vacaciones de campamento, hay varios factores que debes tener en cuenta . En primer lugar, deber\u00e1s hacerte las siguientes...","og_url":"https:\/\/www.leselfes.com\/es\/campamentos-de-verano-sleepaway-como-elegir-el-mejor-para-tu-hijo\/","og_site_name":"Les Elfes International Camps Switzerland","article_publisher":"https:\/\/www.facebook.com\/LesElfesVerbier","article_published_time":"2020-06-09T22:35:04+00:00","article_modified_time":"2024-11-12T11:23:32+00:00","og_image":[{"width":1200,"height":628,"url":"https:\/\/dev.leselfes.com\/wp-content\/uploads\/2020\/05\/Camps-Sleepaway.jpg","type":"image\/jpeg"}],"author":"lesadmin","twitter_card":"summary_large_image","twitter_creator":"@LesElfesCamps","twitter_site":"@LesElfesCamps","twitter_misc":{"Escrito por":"lesadmin","Tiempo de lectura":"6 minutos"},"schema":{"@context":"https:\/\/schema.org","@graph":[{"@type":"Article","@id":"https:\/\/www.leselfes.com\/es\/campamentos-de-verano-sleepaway-como-elegir-el-mejor-para-tu-hijo\/#article","isPartOf":{"@id":"https:\/\/www.leselfes.com\/es\/campamentos-de-verano-sleepaway-como-elegir-el-mejor-para-tu-hijo\/"},"author":{"name":"lesadmin","@id":"https:\/\/dev.leselfes.com\/#\/schema\/person\/407a229698868b8c603874b19f37f289"},"headline":"Campamentos de Verano Sleepaway: C\u00f3mo elegir el mejor para tu hijo","datePublished":"2020-06-09T22:35:04+00:00","dateModified":"2024-11-12T11:23:32+00:00","mainEntityOfPage":{"@id":"https:\/\/www.leselfes.com\/es\/campamentos-de-verano-sleepaway-como-elegir-el-mejor-para-tu-hijo\/"},"wordCount":1302,"commentCount":0,"publisher":{"@id":"https:\/\/dev.leselfes.com\/#organization"},"image":{"@id":"https:\/\/www.leselfes.com\/es\/campamentos-de-verano-sleepaway-como-elegir-el-mejor-para-tu-hijo\/#primaryimage"},"thumbnailUrl":"https:\/\/www.leselfes.com\/wp-content\/uploads\/2020\/05\/Camps-Sleepaway.jpg","articleSection":["Art\u00edculos","Campamento de verano"],"inLanguage":"es","potentialAction":[{"@type":"CommentAction","name":"Comment","target":["https:\/\/www.leselfes.com\/es\/campamentos-de-verano-sleepaway-como-elegir-el-mejor-para-tu-hijo\/#respond"]}]},{"@type":"WebPage","@id":"https:\/\/www.leselfes.com\/es\/campamentos-de-verano-sleepaway-como-elegir-el-mejor-para-tu-hijo\/","url":"https:\/\/www.leselfes.com\/es\/campamentos-de-verano-sleepaway-como-elegir-el-mejor-para-tu-hijo\/","name":"Campamentos de Verano Sleepaway: C\u00f3mo elegir el mejor para tu hijo - Les Elfes International Camps Switzerland","isPartOf":{"@id":"https:\/\/dev.leselfes.com\/#website"},"primaryImageOfPage":{"@id":"https:\/\/www.leselfes.com\/es\/campamentos-de-verano-sleepaway-como-elegir-el-mejor-para-tu-hijo\/#primaryimage"},"image":{"@id":"https:\/\/www.leselfes.com\/es\/campamentos-de-verano-sleepaway-como-elegir-el-mejor-para-tu-hijo\/#primaryimage"},"thumbnailUrl":"https:\/\/www.leselfes.com\/wp-content\/uploads\/2020\/05\/Camps-Sleepaway.jpg","datePublished":"2020-06-09T22:35:04+00:00","dateModified":"2024-11-12T11:23:32+00:00","breadcrumb":{"@id":"https:\/\/www.leselfes.com\/es\/campamentos-de-verano-sleepaway-como-elegir-el-mejor-para-tu-hijo\/#breadcrumb"},"inLanguage":"es","potentialAction":[{"@type":"ReadAction","target":["https:\/\/www.leselfes.com\/es\/campamentos-de-verano-sleepaway-como-elegir-el-mejor-para-tu-hijo\/"]}]},{"@type":"ImageObject","inLanguage":"es","@id":"https:\/\/www.leselfes.com\/es\/campamentos-de-verano-sleepaway-como-elegir-el-mejor-para-tu-hijo\/#primaryimage","url":"https:\/\/www.leselfes.com\/wp-content\/uploads\/2020\/05\/Camps-Sleepaway.jpg","contentUrl":"https:\/\/www.leselfes.com\/wp-content\/uploads\/2020\/05\/Camps-Sleepaway.jpg","width":1200,"height":628},{"@type":"BreadcrumbList","@id":"https:\/\/www.leselfes.com\/es\/campamentos-de-verano-sleepaway-como-elegir-el-mejor-para-tu-hijo\/#breadcrumb","itemListElement":[{"@type":"ListItem","position":1,"name":"Home","item":"https:\/\/www.leselfes.com\/es\/inicio\/"},{"@type":"ListItem","position":2,"name":"Campamentos de Verano Sleepaway: C\u00f3mo elegir el mejor para tu hijo"}]},{"@type":"WebSite","@id":"https:\/\/dev.leselfes.com\/#website","url":"https:\/\/dev.leselfes.com\/","name":"Les Elfes International","description":"Les Elfes International, Verbier Switzerland. Summer Camp, Winter Camp, Spring Camps.","publisher":{"@id":"https:\/\/dev.leselfes.com\/#organization"},"alternateName":"Les Elfes International","potentialAction":[{"@type":"SearchAction","target":{"@type":"EntryPoint","urlTemplate":"https:\/\/dev.leselfes.com\/?s={search_term_string}"},"query-input":{"@type":"PropertyValueSpecification","valueRequired":true,"valueName":"search_term_string"}}],"inLanguage":"es"},{"@type":"Organization","@id":"https:\/\/dev.leselfes.com\/#organization","name":"Les Elfes International","alternateName":"Les Elfes International","url":"https:\/\/dev.leselfes.com\/","logo":{"@type":"ImageObject","inLanguage":"es","@id":"https:\/\/dev.leselfes.com\/#\/schema\/logo\/image\/","url":"https:\/\/www.leselfes.com\/wp-content\/uploads\/2022\/03\/leselfes-logo.png","contentUrl":"https:\/\/www.leselfes.com\/wp-content\/uploads\/2022\/03\/leselfes-logo.png","width":233,"height":51,"caption":"Les Elfes International"},"image":{"@id":"https:\/\/dev.leselfes.com\/#\/schema\/logo\/image\/"},"sameAs":["https:\/\/www.facebook.com\/LesElfesVerbier","https:\/\/x.com\/LesElfesCamps","https:\/\/www.instagram.com\/leselfes","https:\/\/www.linkedin.com\/company\/les-elfes-international","https:\/\/www.youtube.com\/user\/LesElfesVerbier"]},{"@type":"Person","@id":"https:\/\/dev.leselfes.com\/#\/schema\/person\/407a229698868b8c603874b19f37f289","name":"lesadmin","image":{"@type":"ImageObject","inLanguage":"es","@id":"https:\/\/dev.leselfes.com\/#\/schema\/person\/image\/","url":"https:\/\/secure.gravatar.com\/avatar\/fdb243a028df450397b3632d862f87f6?s=96&d=mm&r=g","contentUrl":"https:\/\/secure.gravatar.com\/avatar\/fdb243a028df450397b3632d862f87f6?s=96&d=mm&r=g","caption":"lesadmin"},"url":"https:\/\/www.leselfes.com\/es\/author\/lesadmin\/"}]}},"_links":{"self":[{"href":"https:\/\/www.leselfes.com\/es\/wp-json\/wp\/v2\/posts\/92572"}],"collection":[{"href":"https:\/\/www.leselfes.com\/es\/wp-json\/wp\/v2\/posts"}],"about":[{"href":"https:\/\/www.leselfes.com\/es\/wp-json\/wp\/v2\/types\/post"}],"author":[{"embeddable":true,"href":"https:\/\/www.leselfes.com\/es\/wp-json\/wp\/v2\/users\/1"}],"replies":[{"embeddable":true,"href":"https:\/\/www.leselfes.com\/es\/wp-json\/wp\/v2\/comments?post=92572"}],"version-history":[{"count":0,"href":"https:\/\/www.leselfes.com\/es\/wp-json\/wp\/v2\/posts\/92572\/revisions"}],"wp:featuredmedia":[{"embeddable":true,"href":"https:\/\/www.leselfes.com\/es\/wp-json\/wp\/v2\/media\/73026"}],"wp:attachment":[{"href":"https:\/\/www.leselfes.com\/es\/wp-json\/wp\/v2\/media?parent=92572"}],"wp:term":[{"taxonomy":"category","embeddable":true,"href":"https:\/\/www.leselfes.com\/es\/wp-json\/wp\/v2\/categories?post=92572"},{"taxonomy":"post_tag","embeddable":true,"href":"https:\/\/www.leselfes.com\/es\/wp-json\/wp\/v2\/tags?post=92572"}],"curies":[{"name":"wp","href":"https:\/\/api.w.org\/{rel}","templated":true}]}}