{"id":93363,"date":"2022-07-27T07:48:48","date_gmt":"2022-07-27T05:48:48","guid":{"rendered":"https:\/\/www.leselfes.com\/verbier-nominada-mejor-estacion-de-esqui-del-mundo\/"},"modified":"2024-11-12T12:39:14","modified_gmt":"2024-11-12T11:39:14","slug":"verbier-nominada-mejor-estacion-de-esqui-del-mundo","status":"publish","type":"post","link":"https:\/\/www.leselfes.com\/es\/verbier-nominada-mejor-estacion-de-esqui-del-mundo\/","title":{"rendered":"Verbier Nominada Mejor Estaci\u00f3n de Esqu\u00ed del Mundo"},"content":{"rendered":"<\/p>\n\n\n<p>Las vacaciones de invierno ofrecen numerosas oportunidades para que los acampados de distintos grupos de edad participen en diversas actividades divertidas.\nTanto si los padres o tutores eligen un programa de actividades de campamento de d\u00eda completo como de medio d\u00eda, es muy probable que los ni\u00f1os disfruten de sus vacaciones escolares de invierno. <\/p>\n<p>\n<\/p><\/p>\n\n<p class=\"has-text-align-center\"><\/p><p><a href=\"https:\/\/www.leselfes.com\/es\/?page_id=90132\" target=\"_blank\" rel=\"noopener\"><button style=\"background-color: #e2804a; color: #fff; border: #E2804A;\" type=\"button\">\u00danete al Campamento de Invierno Suiza<\/button><\/a><\/p>\n<p><!-- \/wp:paragraph --><\/p>\n<p><!-- wp:paragraph --><\/p>\n<p><strong>Los campamentos de invierno para ni\u00f1os <\/strong>ofrecen actividades emocionantes para socios, no socios y grupos grandes y peque\u00f1os, como juegos de mesa, juegos de ninjas, tiro con arco, trineo, juegos de lego y gimnasia.<br \/>\nLos campistas tambi\u00e9n pueden aprender rob\u00f3tica y dominar las artes esc\u00e9nicas en sus campamentos de vacaciones extraescolares. <\/p>\n<p><!-- \/wp:paragraph --><\/p>\n<p><!-- wp:paragraph --><\/p>\n<p>Sigue leyendo para saber m\u00e1s sobre los <b>campamentos de ingl\u00e9s en Europa<\/b>.<br \/>\nTambi\u00e9n hablaremos de consejos de seguridad y salud para los campamentos de invierno para j\u00f3venes y de c\u00f3mo Verbier ha sido elegida recientemente <b>la mejor estaci\u00f3n de esqu\u00ed del mundo<\/b>. <\/p>\n<p><!-- \/wp:paragraph --><\/p>\n<div id=\"ez-toc-container\" class=\"ez-toc-v2_0_73 ez-toc-wrap-left counter-hierarchy ez-toc-counter ez-toc-grey ez-toc-container-direction\">\n<div class=\"ez-toc-title-container\">\n<span class=\"ez-toc-title ez-toc-toggle\" style=\"cursor:pointer\">Table of Contents<\/span>\n<span class=\"ez-toc-title-toggle\"><a href=\"#\" class=\"ez-toc-pull-right ez-toc-btn ez-toc-btn-xs ez-toc-btn-default ez-toc-toggle\" aria-label=\"Alternar tabla de contenidos\"><span class=\"ez-toc-js-icon-con\"><span class=\"\"><span class=\"eztoc-hide\" style=\"display:none;\">Toggle<\/span><span class=\"ez-toc-icon-toggle-span\"><svg style=\"fill: #999;color:#999\" xmlns=\"http:\/\/www.w3.org\/2000\/svg\" class=\"list-377408\" width=\"20px\" height=\"20px\" viewBox=\"0 0 24 24\" fill=\"none\"><path d=\"M6 6H4v2h2V6zm14 0H8v2h12V6zM4 11h2v2H4v-2zm16 0H8v2h12v-2zM4 16h2v2H4v-2zm16 0H8v2h12v-2z\" fill=\"currentColor\"><\/path><\/svg><svg style=\"fill: #999;color:#999\" class=\"arrow-unsorted-368013\" xmlns=\"http:\/\/www.w3.org\/2000\/svg\" width=\"10px\" height=\"10px\" viewBox=\"0 0 24 24\" version=\"1.2\" baseProfile=\"tiny\"><path d=\"M18.2 9.3l-6.2-6.3-6.2 6.3c-.2.2-.3.4-.3.7s.1.5.3.7c.2.2.4.3.7.3h11c.3 0 .5-.1.7-.3.2-.2.3-.5.3-.7s-.1-.5-.3-.7zM5.8 14.7l6.2 6.3 6.2-6.3c.2-.2.3-.5.3-.7s-.1-.5-.3-.7c-.2-.2-.4-.3-.7-.3h-11c-.3 0-.5.1-.7.3-.2.2-.3.5-.3.7s.1.5.3.7z\"\/><\/svg><\/span><\/span><\/span><\/a><\/span><\/div>\n<nav><ul class='ez-toc-list ez-toc-list-level-1 eztoc-toggle-hide-by-default' ><li class='ez-toc-page-1 ez-toc-heading-level-2'><a class=\"ez-toc-link ez-toc-heading-1\" href=\"https:\/\/www.leselfes.com\/es\/verbier-nominada-mejor-estacion-de-esqui-del-mundo\/#Verbier_fue_Nominada_Mejor_Estacion_de_Esqui_del_Mundo\" title=\"Verbier fue Nominada Mejor Estaci\u00f3n de Esqu\u00ed del Mundo\">Verbier fue Nominada Mejor Estaci\u00f3n de Esqu\u00ed del Mundo<\/a><\/li><li class='ez-toc-page-1 ez-toc-heading-level-2'><a class=\"ez-toc-link ez-toc-heading-2\" href=\"https:\/\/www.leselfes.com\/es\/verbier-nominada-mejor-estacion-de-esqui-del-mundo\/#Por_que_Verbier_fue_Nominada_Mejor_Estacion_de_Esqui_del_Mundo\" title=\"Por qu\u00e9 Verbier fue Nominada Mejor Estaci\u00f3n de Esqu\u00ed del Mundo\">Por qu\u00e9 Verbier fue Nominada Mejor Estaci\u00f3n de Esqu\u00ed del Mundo<\/a><ul class='ez-toc-list-level-3' ><li class='ez-toc-heading-level-3'><a class=\"ez-toc-link ez-toc-heading-3\" href=\"https:\/\/www.leselfes.com\/es\/verbier-nominada-mejor-estacion-de-esqui-del-mundo\/#Seguridad_sanitaria_en_Verbier_para_los_campamentos_de_invierno_para_ninos\" title=\"Seguridad sanitaria en Verbier para los campamentos de invierno para ni\u00f1os\">Seguridad sanitaria en Verbier para los campamentos de invierno para ni\u00f1os<\/a><\/li><\/ul><\/li><li class='ez-toc-page-1 ez-toc-heading-level-2'><a class=\"ez-toc-link ez-toc-heading-4\" href=\"https:\/\/www.leselfes.com\/es\/verbier-nominada-mejor-estacion-de-esqui-del-mundo\/#Pautas_de_seguridad_en_Verbier_para_los_campamentos_de_invierno_para_ninos\" title=\"Pautas de seguridad en Verbier para los campamentos de invierno para ni\u00f1os\">Pautas de seguridad en Verbier para los campamentos de invierno para ni\u00f1os<\/a><ul class='ez-toc-list-level-3' ><li class='ez-toc-heading-level-3'><a class=\"ez-toc-link ez-toc-heading-5\" href=\"https:\/\/www.leselfes.com\/es\/verbier-nominada-mejor-estacion-de-esqui-del-mundo\/#%E2%80%93_Comportamiento_y_regulacion_de_la_velocidad\" title=\"&#8211;&nbsp;Comportamiento y regulaci\u00f3n de la velocidad\">&#8211;&nbsp;Comportamiento y regulaci\u00f3n de la velocidad<\/a><\/li><li class='ez-toc-page-1 ez-toc-heading-level-3'><a class=\"ez-toc-link ez-toc-heading-6\" href=\"https:\/\/www.leselfes.com\/es\/verbier-nominada-mejor-estacion-de-esqui-del-mundo\/#%E2%80%93_CapaArriba\" title=\"&#8211;&nbsp; CapaArriba\">&#8211;&nbsp; CapaArriba<\/a><\/li><li class='ez-toc-page-1 ez-toc-heading-level-3'><a class=\"ez-toc-link ez-toc-heading-7\" href=\"https:\/\/www.leselfes.com\/es\/verbier-nominada-mejor-estacion-de-esqui-del-mundo\/#%E2%80%93_Utiliza_varios_sacos_de_dormir\" title=\"&#8211;&nbsp;Utiliza varios sacos de dormir\">&#8211;&nbsp;Utiliza varios sacos de dormir<\/a><\/li><li class='ez-toc-page-1 ez-toc-heading-level-3'><a class=\"ez-toc-link ez-toc-heading-8\" href=\"https:\/\/www.leselfes.com\/es\/verbier-nominada-mejor-estacion-de-esqui-del-mundo\/#%E2%80%93_Eleccion_de_la_direccion\" title=\"&#8211;&nbsp;Elecci\u00f3n de la direcci\u00f3n\">&#8211;&nbsp;Elecci\u00f3n de la direcci\u00f3n<\/a><\/li><li class='ez-toc-page-1 ez-toc-heading-level-3'><a class=\"ez-toc-link ez-toc-heading-9\" href=\"https:\/\/www.leselfes.com\/es\/verbier-nominada-mejor-estacion-de-esqui-del-mundo\/#%C2%B7_Overtaking\" title=\"\u00b7&nbsp;Overtaking\">\u00b7&nbsp;Overtaking<\/a><\/li><li class='ez-toc-page-1 ez-toc-heading-level-3'><a class=\"ez-toc-link ez-toc-heading-10\" href=\"https:\/\/www.leselfes.com\/es\/verbier-nominada-mejor-estacion-de-esqui-del-mundo\/#%E2%80%93_Parar_a_lo_largo_de_la_pendiente\" title=\"&#8211;&nbsp;Parar a lo largo de la pendiente\">&#8211;&nbsp;Parar a lo largo de la pendiente<\/a><\/li><li class='ez-toc-page-1 ez-toc-heading-level-3'><a class=\"ez-toc-link ez-toc-heading-11\" href=\"https:\/\/www.leselfes.com\/es\/verbier-nominada-mejor-estacion-de-esqui-del-mundo\/#%E2%80%93_Ascender_y_descender_a_pie\" title=\"&#8211; Ascender y descender a pie\">&#8211; Ascender y descender a pie<\/a><\/li><li class='ez-toc-page-1 ez-toc-heading-level-3'><a class=\"ez-toc-link ez-toc-heading-12\" href=\"https:\/\/www.leselfes.com\/es\/verbier-nominada-mejor-estacion-de-esqui-del-mundo\/#%E2%80%93_Respetar_las_senales_y_marcas_y_ayudar_en_lo_posible\" title=\"&#8211;&nbsp;Respetar las se\u00f1ales y marcas y ayudar en lo posible\">&#8211;&nbsp;Respetar las se\u00f1ales y marcas y ayudar en lo posible<\/a><\/li><\/ul><\/li><li class='ez-toc-page-1 ez-toc-heading-level-2'><a class=\"ez-toc-link ez-toc-heading-13\" href=\"https:\/\/www.leselfes.com\/es\/verbier-nominada-mejor-estacion-de-esqui-del-mundo\/#Por_fin\" title=\"Por fin\">Por fin<\/a><\/li><\/ul><\/nav><\/div>\n\n<p><!-- wp:heading --><\/p>\n<h2><span class=\"ez-toc-section\" id=\"Verbier_fue_Nominada_Mejor_Estacion_de_Esqui_del_Mundo\"><\/span>Verbier fue Nominada Mejor Estaci\u00f3n de Esqu\u00ed del Mundo<span class=\"ez-toc-section-end\"><\/span><\/h2>\n<p><!-- \/wp:heading --><\/p>\n<p><!-- wp:paragraph --><\/p>\n<p>En los recientemente concluidos Premios Mundiales de Esqu\u00ed, la estaci\u00f3n suiza de Verbier gan\u00f3 el t\u00edtulo de mejor estaci\u00f3n de esqu\u00ed del mundo.<br \/>\nVarios <a href=\"\" target=\"\" rel=\"noopener\">campamentos de vacaciones de invierno y estaciones de las<\/a> monta\u00f1as <a href=\"\" target=\"\" rel=\"noopener\">suizas<\/a> ganaron otros cuatro premios mundiales en el mismo acto. <\/p>\n<p><!-- \/wp:paragraph --><\/p>\n<p><!-- wp:paragraph --><\/p>\n<p>Muchos esquiadores brit\u00e1nicos reconocen Verbier como su estaci\u00f3n favorita para <a href=\"https:\/\/www.leselfes.com\/top-15-essential-summer-camp-safety-rules-for-kids-in-switzerland\/\" target=\"_blank\" rel=\"noreferrer noopener\">campamentos de<\/a> d\u00eda <a href=\"https:\/\/www.leselfes.com\/top-15-essential-summer-camp-safety-rules-for-kids-in-switzerland\/\" target=\"_blank\" rel=\"noreferrer noopener\">y<\/a> campamentos de <a href=\"https:\/\/www.leselfes.com\/top-15-essential-summer-camp-safety-rules-for-kids-in-switzerland\/\" target=\"_blank\" rel=\"noreferrer noopener\">verano de enriquecimiento<\/a>, y actividades de la YMCA. La estaci\u00f3n ha sido elogiada por tener unos 100 remontes y m\u00e1s de 400 kil\u00f3metros de pistas de esqu\u00ed para distintos niveles de experiencia. <\/p>\n<p><!-- \/wp:paragraph --><\/p>\n<p><!-- wp:paragraph --><\/p>\n<p>Adem\u00e1s de las pistas, Verbier tambi\u00e9n recibi\u00f3 un reconocimiento por su apr\u00e8s-ski.<br \/>\nLos organizadores del evento mencionaron que la estaci\u00f3n acoge a una clientela cosmopolita de distintas generaciones. <\/p>\n<p><!-- \/wp:paragraph --><\/p>\n<p><!-- wp:heading --><\/p>\n<h2><span class=\"ez-toc-section\" id=\"Por_que_Verbier_fue_Nominada_Mejor_Estacion_de_Esqui_del_Mundo\"><\/span>Por qu\u00e9 Verbier fue Nominada Mejor Estaci\u00f3n de Esqu\u00ed del Mundo<span class=\"ez-toc-section-end\"><\/span><\/h2>\n<p><!-- \/wp:heading --><\/p>\n<p><!-- wp:paragraph --><\/p>\n<p>Verbier recibi\u00f3 el apoyo masivo de sus fans y socios, consiguiendo el mayor n\u00famero de votos y superando a 25 competidores, entre ellos los destinos m\u00e1s codiciados del mundo.<\/p>\n<p><!-- \/wp:paragraph --><\/p>\n<p><!-- wp:heading {\"level\":3} --><\/p>\n<h3><span class=\"ez-toc-section\" id=\"Seguridad_sanitaria_en_Verbier_para_los_campamentos_de_invierno_para_ninos\"><\/span>Seguridad sanitaria en Verbier para los campamentos de invierno para ni\u00f1os<span class=\"ez-toc-section-end\"><\/span><\/h3>\n<p><!-- \/wp:heading --><\/p>\n<p><!-- wp:image {\"align\":\"center\",\"id\":45769,\"width\":640,\"height\":393,\"sizeSlug\":\"full\",\"linkDestination\":\"none\"} --><\/p>\n<figure><img loading=\"lazy\" decoding=\"async\" src=\"https:\/\/www.leselfes.com\/wp-content\/uploads\/2022\/07\/Health-Safety-in-Verbier-for-Winter-Camps-for-Kids.png\" alt=\"Seguridad sanitaria en Verbier para los campamentos de invierno para ni\u00f1os\" width=\"640\" height=\"393\"><\/figure>\n<p><!-- \/wp:image --><\/p>\n<p><!-- wp:paragraph --><\/p>\n<p>Tanto si los ni\u00f1os van a excursiones de un d\u00eda, campamentos de d\u00eda completo o campamentos deportivos durante las vacaciones escolares de invierno, hay varias cuestiones de seguridad que hay que tener en cuenta.<br \/>\nEntre ellas est\u00e1n: <\/p>\n<p><!-- \/wp:paragraph --><\/p>\n<p><!-- wp:heading {\"level\":4} --><\/p>\n<h4>&#8211; Congelaci\u00f3n, Hipotermia y Deshidrataci\u00f3n<\/h4>\n<p><!-- \/wp:heading --><\/p>\n<p><!-- wp:paragraph --><\/p>\n<p>La deshidrataci\u00f3n, la congelaci\u00f3n y la hipotermia son los principales problemas de seguridad que pueden encontrar los ni\u00f1os durante un campamento de invierno.<br \/>\nLa hipotermia se produce cuando la temperatura corporal empieza a descender.<br \/>\nEs m\u00e1s probable que ocurra cuando los ni\u00f1os se enfr\u00edan y se mojan.  <\/p>\n<p>Los supervisores del campamento deben estar atentos a s\u00edntomas como falta de energ\u00eda, escalofr\u00edos, mala coordinaci\u00f3n y respiraci\u00f3n superficial.<br \/>\nSi observas estos s\u00edntomas en un campista, qu\u00edtale la ropa mojada y aseg\u00farate de que est\u00e9 abrigado cubri\u00e9ndolo con una manta.<br \/>\nTambi\u00e9n puedes utilizar compresas secas y calientes, como una cantimplora con agua templada.  &nbsp;<\/p>\n<p>La congelaci\u00f3n se produce en partes del cuerpo expuestas a vientos extremadamente fuertes o a temperaturas fr\u00edas.<br \/>\nCon tiempo extremo, aseg\u00farate de que toda la piel est\u00e1 cubierta y protege los pies y las manos para que no se enfr\u00eden.<br \/>\nTrata la congelaci\u00f3n vertiendo agua caliente sobre las zonas fr\u00edas.<br \/>\nEvita frotar las zonas o calentarlas con fuego.<br \/>\nHacerlo puede da\u00f1ar a\u00fan m\u00e1s la piel.    &nbsp;<\/p>\n<p>La deshidrataci\u00f3n se produce cuando no crees sudar como lo har\u00edas a temperaturas c\u00e1lidas.<br \/>\nLos s\u00edntomas de la deshidrataci\u00f3n incluyen mareos, sequedad de boca, debilidad, calambres musculares y aumento de la frecuencia cardiaca.<br \/>\nEvita la deshidrataci\u00f3n bebiendo mucha agua aunque no sientas sed.  <\/p>\n<p><!-- \/wp:paragraph --><\/p>\n<p><!-- wp:heading {\"level\":4} --><\/p>\n<h4>&#8211; <strong>Ten el equipo adecuado<\/strong><\/h4>\n<p><!-- \/wp:heading --><\/p>\n<p><!-- wp:paragraph --><\/p>\n<p>Si tu hijo va de acampada en invierno, aseg\u00farate de que lleva mucha ropa de abrigo.<br \/>\nEmpaca m\u00e1s forros de saco de dormir y mantas, aunque el campamento proporcione algunas.<br \/>\nEvita la ropa de algod\u00f3n y elige una capa exterior impermeable y transpirable, una capa intermedia aislante y una capa base de secado r\u00e1pido.  <\/p>\n<p><!-- \/wp:paragraph --><\/p>\n<p><!-- wp:heading {\"level\":4} --><\/p>\n<p><!-- \/wp:paragraph --><\/p>\n<p><!-- wp:heading --><\/p>\n<h2><span class=\"ez-toc-section\" id=\"Pautas_de_seguridad_en_Verbier_para_los_campamentos_de_invierno_para_ninos\"><\/span>Pautas de seguridad en Verbier para los campamentos de invierno para ni\u00f1os<span class=\"ez-toc-section-end\"><\/span><\/h2>\n<p><!-- \/wp:heading --><\/p>\n<p><!-- wp:paragraph --><\/p>\n<p>El snowboard y el esqu\u00ed entra\u00f1an diversos riesgos.<br \/>\nLos campistas deben conocer las normas de la Federaci\u00f3n <a href=\"\" target=\"\" rel=\"noopener\">Internacional de Esqu\u00ed<\/a> (FIS) que rigen la conducta de los practicantes de snowboard y esqu\u00ed para ir sobre seguro.<br \/>\nEstas directrices, reconocidas en todo el mundo, proporcionan instrucciones para las personas que utilizan las pistas, que deben cumplir sistem\u00e1ticamente.  <\/p>\n<p><!-- \/wp:paragraph --><\/p>\n<p><!-- wp:heading {\"level\":3} --><\/p>\n<h3><span class=\"ez-toc-section\" id=\"%E2%80%93_Comportamiento_y_regulacion_de_la_velocidad\"><\/span>&#8211;&nbsp;Comportamiento y regulaci\u00f3n de la velocidad<span class=\"ez-toc-section-end\"><\/span><\/h3>\n<p><!-- \/wp:heading --><\/p>\n<p><!-- wp:paragraph --><\/p>\n<p>Los esquiadores deben moverse siempre con control.<br \/>\nDeben adaptar su comportamiento y velocidad a sus capacidades y a las condiciones generales, es decir, a la densidad del tr\u00e1fico y al estado de la nieve. <\/p>\n<h3><span class=\"ez-toc-section\" id=\"%E2%80%93_CapaArriba\"><\/span>&#8211;&nbsp; Capa<strong>Arriba<\/strong><span class=\"ez-toc-section-end\"><\/span><\/h3>\n<p>Aseg\u00farate de que tus hijos visten adecuadamente para el fr\u00edo.<br \/>\nVestirse con capas de base y capas intermedias, capas exteriores y chaquetas acolchadas permite a los ni\u00f1os controlar su temperatura corporal.<br \/>\nEn sus actividades diarias, los ni\u00f1os generan calor corporal.<br \/>\nEvitar la sudoraci\u00f3n es crucial porque una vez que el sudor se seca, se enfr\u00eda, dejando a los ni\u00f1os m\u00e1s fr\u00edos.<br \/>\nLos ni\u00f1os pueden controlar su calor corporal a\u00f1adiendo o quitando capas en funci\u00f3n del tiempo para reducir la sudoraci\u00f3n.    <\/p>\n<h3><span class=\"ez-toc-section\" id=\"%E2%80%93_Utiliza_varios_sacos_de_dormir\"><\/span>&#8211;&nbsp;<strong>Utiliza varios sacos de dormir<\/strong><span class=\"ez-toc-section-end\"><\/span><\/h3>\n<p>Los campistas pueden utilizar dos sacos de dormir en lugar de uno para estar m\u00e1s calientes.<br \/>\nEl colch\u00f3n de acampada a\u00edsla a los ni\u00f1os de la nieve y del suelo fr\u00edo. &nbsp;<\/p>\n<p>Los acolchados para dormir m\u00faltiples proporcionan m\u00e1s calor y aislamiento.<br \/>\nLa resistencia t\u00e9rmica o calidez del colch\u00f3n se mide a trav\u00e9s de su valor R.<br \/>\nLos valores R de dos colchonetas se combinan para proporcionar un mayor poder aislante.  <\/p>\n<p><!-- \/wp:paragraph --><\/p>\n<p><!-- wp:heading {\"level\":3} --><\/p>\n<h3><span class=\"ez-toc-section\" id=\"%E2%80%93_Eleccion_de_la_direccion\"><\/span>&#8211;&nbsp;Elecci\u00f3n de la direcci\u00f3n<span class=\"ez-toc-section-end\"><\/span><\/h3>\n<p><!-- \/wp:heading --><\/p>\n<p><!-- wp:paragraph --><\/p>\n<p>Los snowboarders o esquiadores que vienen por detr\u00e1s pueden elegir su trayectoria.<br \/>\nDeben asegurarse de que su elecci\u00f3n protege la seguridad de las personas que van delante.<br \/>\nEl snowboarder o esquiador que viene por delante tiene prioridad, y las personas que vienen por detr\u00e1s deben mantener una distancia considerable para garantizar que todos realicen movimientos libremente.  <\/p>\n<p><!-- \/wp:paragraph --><\/p>\n<p><!-- wp:heading {\"level\":3} --><\/p>\n<h3><span class=\"ez-toc-section\" id=\"%C2%B7_Overtaking\"><\/span>\u00b7&nbsp;Overtaking<span class=\"ez-toc-section-end\"><\/span><\/h3>\n<p><!-- \/wp:heading --><\/p>\n<p><!-- wp:paragraph --><\/p>\n<p>Los snowboarders y esquiadores pueden adelantar por abajo o por arriba, por la izquierda o por la derecha.<br \/>\nSin embargo, el que adelanta debe dejar siempre espacio suficiente para los movimientos involuntarios o voluntarios de las personas a las que adelanta, est\u00e9n paradas o no. <\/p>\n<p><!-- \/wp:paragraph --><\/p>\n<p><!-- wp:heading {\"level\":3} --><\/p>\n<h3><span class=\"ez-toc-section\" id=\"%E2%80%93_Parar_a_lo_largo_de_la_pendiente\"><\/span>&#8211;&nbsp;Parar a lo largo de la pendiente<span class=\"ez-toc-section-end\"><\/span><\/h3>\n<p><!-- \/wp:heading --><\/p>\n<p><!-- wp:paragraph --><\/p>\n<p>Todas las paradas deben hacerse en los laterales de la pista.<br \/>\nTodos los snowboarders o esquiadores no deben pararse en los pasos estrechos o con poca visibilidad.<br \/>\nEn caso de ca\u00edda, deben salir de la pista lo m\u00e1s r\u00e1pidamente posible.  <\/p>\n<p><!-- \/wp:paragraph --><\/p>\n<p><!-- wp:heading {\"level\":3} --><\/p>\n<h3><span class=\"ez-toc-section\" id=\"%E2%80%93_Ascender_y_descender_a_pie\"><\/span>&#8211; Ascender y descender a pie<span class=\"ez-toc-section-end\"><\/span><\/h3>\n<p><!-- \/wp:heading --><\/p>\n<p><!-- wp:image {\"align\":\"center\",\"id\":45772,\"width\":640,\"height\":363,\"sizeSlug\":\"full\",\"linkDestination\":\"none\"} --><\/p>\n<figure><img loading=\"lazy\" decoding=\"async\" src=\"https:\/\/www.leselfes.com\/wp-content\/uploads\/2022\/07\/Ascending-and-Descending-on-Foot.png\" alt=\"Ascender y descender a pie\" width=\"640\" height=\"363\"><\/figure>\n<p><!-- \/wp:image --><\/p>\n<p><!-- wp:paragraph --><\/p>\n<p>Las personas que ascienden y descienden a pie deben utilizar siempre el borde de la pista para no entorpecer el paso de otros snowboarders y esquiadores.<br \/>\nRecuerda que las huellas desfiguran la pista y pueden provocar riesgos para los dem\u00e1s. <\/p>\n<p><!-- \/wp:paragraph --><\/p>\n<p><!-- wp:heading {\"level\":3} --><\/p>\n<h3><span class=\"ez-toc-section\" id=\"%E2%80%93_Respetar_las_senales_y_marcas_y_ayudar_en_lo_posible\"><\/span>&#8211;&nbsp;Respetar las se\u00f1ales y marcas y ayudar en lo posible<span class=\"ez-toc-section-end\"><\/span><\/h3>\n<p><!-- \/wp:heading --><\/p>\n<p><!-- wp:paragraph --><\/p>\n<p>Todo usuario debe tener cuidado con las se\u00f1ales y marcas.<br \/>\nSup\u00f3n que eres testigo de un accidente.<br \/>\nDebes prestar ayuda cuando sea necesario.<br \/>\nSi no puedes ofrecer ayuda, dar la alarma es crucial.<br \/>\nSi est\u00e1s implicado en un accidente o lo ves, informa inmediatamente a terceros o a los servicios de emergencia.    <\/p>\n<p><!-- \/wp:paragraph --><\/p>\n<p><!-- wp:heading --><\/p>\n<p><!-- \/wp:paragraph --><\/p>\n<p><!-- wp:heading --><\/p>\n<h2><span class=\"ez-toc-section\" id=\"Por_fin\"><\/span>Por fin<span class=\"ez-toc-section-end\"><\/span><\/h2>\n<p><!-- \/wp:heading --><\/p>\n<p><!-- wp:paragraph --><\/p>\n<p>Asistir a un campamento de invierno puede ser emocionante.<br \/>\nPermite a los campistas conocer y hacer nuevos amigos, participar en campamentos de arte y otras actividades, y disfrutar del aire libre.<br \/>\nLos campistas deben llevar siempre una botella de agua para hidratarse regularmente a pesar del <a href=\"\" target=\"\" rel=\"noopener\">fr\u00edo<\/a>.  <\/p>\n<p><!-- \/wp:paragraph --><\/p>\n<p><!-- wp:paragraph {\"align\":\"center\"} --><\/p>\n<p><a href=\"https:\/\/www.leselfes.com\/es\/?page_id=90132\" target=\"_blank\" rel=\"noopener\"><button style=\"background-color: #e2804a; color: #fff; border: #E2804A;\" type=\"button\">\u00danete al Campamento de Invierno Suiza<\/button><\/a><\/p>\n<p><!-- \/wp:paragraph --><\/p>\n<p><!-- \/wp:paragraph --><\/p>\n","protected":false},"excerpt":{"rendered":"<p>Las vacaciones de invierno ofrecen numerosas oportunidades para que los acampados de distintos grupos de edad participen en diversas actividades divertidas. Tanto si los padres o tutores eligen un programa&#8230;<\/p>\n","protected":false},"author":1,"featured_media":79050,"comment_status":"closed","ping_status":"open","sticky":false,"template":"","format":"standard","meta":{"_acf_changed":false,"inline_featured_image":false,"footnotes":""},"categories":[1368,1367],"tags":[1828,1451,1829],"class_list":{"0":"post-93363","1":"post","2":"type-post","3":"status-publish","4":"format-standard","5":"has-post-thumbnail","7":"category-articulos","8":"category-campamento-de-invierno","9":"tag-campamentos-de-invierno-para-ninos","10":"tag-verbier-es","11":"tag-verbier-mejor-estacion-de-esqui"},"acf":[],"yoast_head":"<!-- This site is optimized with the Yoast SEO Premium plugin v24.2 (Yoast SEO v24.7) - https:\/\/yoast.com\/wordpress\/plugins\/seo\/ -->\n<title>Campamentos de Invierno para Ni\u00f1os - Verbier fue Nominada como la Mejor Estaci\u00f3n de Esqu\u00ed<\/title>\n<meta name=\"description\" content=\"Durante la reciente celebraci\u00f3n de los Premios Mundiales de Esqu\u00ed, la estaci\u00f3n suiza de Verbier gan\u00f3 el t\u00edtulo de mejor estaci\u00f3n de esqu\u00ed del mundo por sus campamentos de invierno para ni\u00f1os.\" \/>\n<meta name=\"robots\" content=\"index, follow, max-snippet:-1, max-image-preview:large, max-video-preview:-1\" \/>\n<link rel=\"canonical\" href=\"https:\/\/www.leselfes.com\/es\/verbier-nominada-mejor-estacion-de-esqui-del-mundo\/\" \/>\n<meta property=\"og:locale\" content=\"es_ES\" \/>\n<meta property=\"og:type\" content=\"article\" \/>\n<meta property=\"og:title\" content=\"Verbier Nominada Mejor Estaci\u00f3n de Esqu\u00ed del Mundo\" \/>\n<meta property=\"og:description\" content=\"Durante la reciente celebraci\u00f3n de los Premios Mundiales de Esqu\u00ed, la estaci\u00f3n suiza de Verbier gan\u00f3 el t\u00edtulo de mejor estaci\u00f3n de esqu\u00ed del mundo por sus campamentos de invierno para ni\u00f1os.\" \/>\n<meta property=\"og:url\" content=\"https:\/\/www.leselfes.com\/es\/verbier-nominada-mejor-estacion-de-esqui-del-mundo\/\" \/>\n<meta property=\"og:site_name\" content=\"Les Elfes International Camps Switzerland\" \/>\n<meta property=\"article:publisher\" content=\"https:\/\/www.facebook.com\/LesElfesVerbier\" \/>\n<meta property=\"article:published_time\" content=\"2022-07-27T05:48:48+00:00\" \/>\n<meta property=\"article:modified_time\" content=\"2024-11-12T11:39:14+00:00\" \/>\n<meta property=\"og:image\" content=\"https:\/\/dev.leselfes.com\/wp-content\/uploads\/2022\/07\/Winter-Camps-for-Kids.png\" \/>\n\t<meta property=\"og:image:width\" content=\"975\" \/>\n\t<meta property=\"og:image:height\" content=\"675\" \/>\n\t<meta property=\"og:image:type\" content=\"image\/png\" \/>\n<meta name=\"author\" content=\"lesadmin\" \/>\n<meta name=\"twitter:card\" content=\"summary_large_image\" \/>\n<meta name=\"twitter:creator\" content=\"@LesElfesCamps\" \/>\n<meta name=\"twitter:site\" content=\"@LesElfesCamps\" \/>\n<meta name=\"twitter:label1\" content=\"Escrito por\" \/>\n\t<meta name=\"twitter:data1\" content=\"lesadmin\" \/>\n\t<meta name=\"twitter:label2\" content=\"Tiempo de lectura\" \/>\n\t<meta name=\"twitter:data2\" content=\"7 minutos\" \/>\n<script type=\"application\/ld+json\" class=\"yoast-schema-graph\">{\"@context\":\"https:\/\/schema.org\",\"@graph\":[{\"@type\":\"Article\",\"@id\":\"https:\/\/www.leselfes.com\/es\/verbier-nominada-mejor-estacion-de-esqui-del-mundo\/#article\",\"isPartOf\":{\"@id\":\"https:\/\/www.leselfes.com\/es\/verbier-nominada-mejor-estacion-de-esqui-del-mundo\/\"},\"author\":{\"name\":\"lesadmin\",\"@id\":\"https:\/\/dev.leselfes.com\/#\/schema\/person\/407a229698868b8c603874b19f37f289\"},\"headline\":\"Verbier Nominada Mejor Estaci\u00f3n de Esqu\u00ed del Mundo\",\"datePublished\":\"2022-07-27T05:48:48+00:00\",\"dateModified\":\"2024-11-12T11:39:14+00:00\",\"mainEntityOfPage\":{\"@id\":\"https:\/\/www.leselfes.com\/es\/verbier-nominada-mejor-estacion-de-esqui-del-mundo\/\"},\"wordCount\":1363,\"publisher\":{\"@id\":\"https:\/\/dev.leselfes.com\/#organization\"},\"image\":{\"@id\":\"https:\/\/www.leselfes.com\/es\/verbier-nominada-mejor-estacion-de-esqui-del-mundo\/#primaryimage\"},\"thumbnailUrl\":\"https:\/\/www.leselfes.com\/wp-content\/uploads\/2022\/07\/Winter-Camps-for-Kids.png\",\"keywords\":[\"Campamentos de invierno para ni\u00f1os\",\"verbier\",\"Verbier Mejor Estaci\u00f3n de Esqu\u00ed\"],\"articleSection\":[\"Art\u00edculos\",\"Campamento de invierno\"],\"inLanguage\":\"es\"},{\"@type\":\"WebPage\",\"@id\":\"https:\/\/www.leselfes.com\/es\/verbier-nominada-mejor-estacion-de-esqui-del-mundo\/\",\"url\":\"https:\/\/www.leselfes.com\/es\/verbier-nominada-mejor-estacion-de-esqui-del-mundo\/\",\"name\":\"Campamentos de Invierno para Ni\u00f1os - Verbier fue Nominada como la Mejor Estaci\u00f3n de Esqu\u00ed\",\"isPartOf\":{\"@id\":\"https:\/\/dev.leselfes.com\/#website\"},\"primaryImageOfPage\":{\"@id\":\"https:\/\/www.leselfes.com\/es\/verbier-nominada-mejor-estacion-de-esqui-del-mundo\/#primaryimage\"},\"image\":{\"@id\":\"https:\/\/www.leselfes.com\/es\/verbier-nominada-mejor-estacion-de-esqui-del-mundo\/#primaryimage\"},\"thumbnailUrl\":\"https:\/\/www.leselfes.com\/wp-content\/uploads\/2022\/07\/Winter-Camps-for-Kids.png\",\"datePublished\":\"2022-07-27T05:48:48+00:00\",\"dateModified\":\"2024-11-12T11:39:14+00:00\",\"description\":\"Durante la reciente celebraci\u00f3n de los Premios Mundiales de Esqu\u00ed, la estaci\u00f3n suiza de Verbier gan\u00f3 el t\u00edtulo de mejor estaci\u00f3n de esqu\u00ed del mundo por sus campamentos de invierno para ni\u00f1os.\",\"breadcrumb\":{\"@id\":\"https:\/\/www.leselfes.com\/es\/verbier-nominada-mejor-estacion-de-esqui-del-mundo\/#breadcrumb\"},\"inLanguage\":\"es\",\"potentialAction\":[{\"@type\":\"ReadAction\",\"target\":[\"https:\/\/www.leselfes.com\/es\/verbier-nominada-mejor-estacion-de-esqui-del-mundo\/\"]}]},{\"@type\":\"ImageObject\",\"inLanguage\":\"es\",\"@id\":\"https:\/\/www.leselfes.com\/es\/verbier-nominada-mejor-estacion-de-esqui-del-mundo\/#primaryimage\",\"url\":\"https:\/\/www.leselfes.com\/wp-content\/uploads\/2022\/07\/Winter-Camps-for-Kids.png\",\"contentUrl\":\"https:\/\/www.leselfes.com\/wp-content\/uploads\/2022\/07\/Winter-Camps-for-Kids.png\",\"width\":975,\"height\":675},{\"@type\":\"BreadcrumbList\",\"@id\":\"https:\/\/www.leselfes.com\/es\/verbier-nominada-mejor-estacion-de-esqui-del-mundo\/#breadcrumb\",\"itemListElement\":[{\"@type\":\"ListItem\",\"position\":1,\"name\":\"Home\",\"item\":\"https:\/\/www.leselfes.com\/es\/inicio\/\"},{\"@type\":\"ListItem\",\"position\":2,\"name\":\"Verbier Nominada Mejor Estaci\u00f3n de Esqu\u00ed del Mundo\"}]},{\"@type\":\"WebSite\",\"@id\":\"https:\/\/dev.leselfes.com\/#website\",\"url\":\"https:\/\/dev.leselfes.com\/\",\"name\":\"Les Elfes International\",\"description\":\"Les Elfes International, Verbier Switzerland. Summer Camp, Winter Camp, Spring Camps.\",\"publisher\":{\"@id\":\"https:\/\/dev.leselfes.com\/#organization\"},\"alternateName\":\"Les Elfes International\",\"potentialAction\":[{\"@type\":\"SearchAction\",\"target\":{\"@type\":\"EntryPoint\",\"urlTemplate\":\"https:\/\/dev.leselfes.com\/?s={search_term_string}\"},\"query-input\":{\"@type\":\"PropertyValueSpecification\",\"valueRequired\":true,\"valueName\":\"search_term_string\"}}],\"inLanguage\":\"es\"},{\"@type\":\"Organization\",\"@id\":\"https:\/\/dev.leselfes.com\/#organization\",\"name\":\"Les Elfes International\",\"alternateName\":\"Les Elfes International\",\"url\":\"https:\/\/dev.leselfes.com\/\",\"logo\":{\"@type\":\"ImageObject\",\"inLanguage\":\"es\",\"@id\":\"https:\/\/dev.leselfes.com\/#\/schema\/logo\/image\/\",\"url\":\"https:\/\/www.leselfes.com\/wp-content\/uploads\/2022\/03\/leselfes-logo.png\",\"contentUrl\":\"https:\/\/www.leselfes.com\/wp-content\/uploads\/2022\/03\/leselfes-logo.png\",\"width\":233,\"height\":51,\"caption\":\"Les Elfes International\"},\"image\":{\"@id\":\"https:\/\/dev.leselfes.com\/#\/schema\/logo\/image\/\"},\"sameAs\":[\"https:\/\/www.facebook.com\/LesElfesVerbier\",\"https:\/\/x.com\/LesElfesCamps\",\"https:\/\/www.instagram.com\/leselfes\",\"https:\/\/www.linkedin.com\/company\/les-elfes-international\",\"https:\/\/www.youtube.com\/user\/LesElfesVerbier\"]},{\"@type\":\"Person\",\"@id\":\"https:\/\/dev.leselfes.com\/#\/schema\/person\/407a229698868b8c603874b19f37f289\",\"name\":\"lesadmin\",\"image\":{\"@type\":\"ImageObject\",\"inLanguage\":\"es\",\"@id\":\"https:\/\/dev.leselfes.com\/#\/schema\/person\/image\/\",\"url\":\"https:\/\/secure.gravatar.com\/avatar\/fdb243a028df450397b3632d862f87f6?s=96&d=mm&r=g\",\"contentUrl\":\"https:\/\/secure.gravatar.com\/avatar\/fdb243a028df450397b3632d862f87f6?s=96&d=mm&r=g\",\"caption\":\"lesadmin\"},\"url\":\"https:\/\/www.leselfes.com\/es\/author\/lesadmin\/\"}]}<\/script>\n<!-- \/ Yoast SEO Premium plugin. -->","yoast_head_json":{"title":"Campamentos de Invierno para Ni\u00f1os - Verbier fue Nominada como la Mejor Estaci\u00f3n de Esqu\u00ed","description":"Durante la reciente celebraci\u00f3n de los Premios Mundiales de Esqu\u00ed, la estaci\u00f3n suiza de Verbier gan\u00f3 el t\u00edtulo de mejor estaci\u00f3n de esqu\u00ed del mundo por sus campamentos de invierno para ni\u00f1os.","robots":{"index":"index","follow":"follow","max-snippet":"max-snippet:-1","max-image-preview":"max-image-preview:large","max-video-preview":"max-video-preview:-1"},"canonical":"https:\/\/www.leselfes.com\/es\/verbier-nominada-mejor-estacion-de-esqui-del-mundo\/","og_locale":"es_ES","og_type":"article","og_title":"Verbier Nominada Mejor Estaci\u00f3n de Esqu\u00ed del Mundo","og_description":"Durante la reciente celebraci\u00f3n de los Premios Mundiales de Esqu\u00ed, la estaci\u00f3n suiza de Verbier gan\u00f3 el t\u00edtulo de mejor estaci\u00f3n de esqu\u00ed del mundo por sus campamentos de invierno para ni\u00f1os.","og_url":"https:\/\/www.leselfes.com\/es\/verbier-nominada-mejor-estacion-de-esqui-del-mundo\/","og_site_name":"Les Elfes International Camps Switzerland","article_publisher":"https:\/\/www.facebook.com\/LesElfesVerbier","article_published_time":"2022-07-27T05:48:48+00:00","article_modified_time":"2024-11-12T11:39:14+00:00","og_image":[{"width":975,"height":675,"url":"https:\/\/dev.leselfes.com\/wp-content\/uploads\/2022\/07\/Winter-Camps-for-Kids.png","type":"image\/png"}],"author":"lesadmin","twitter_card":"summary_large_image","twitter_creator":"@LesElfesCamps","twitter_site":"@LesElfesCamps","twitter_misc":{"Escrito por":"lesadmin","Tiempo de lectura":"7 minutos"},"schema":{"@context":"https:\/\/schema.org","@graph":[{"@type":"Article","@id":"https:\/\/www.leselfes.com\/es\/verbier-nominada-mejor-estacion-de-esqui-del-mundo\/#article","isPartOf":{"@id":"https:\/\/www.leselfes.com\/es\/verbier-nominada-mejor-estacion-de-esqui-del-mundo\/"},"author":{"name":"lesadmin","@id":"https:\/\/dev.leselfes.com\/#\/schema\/person\/407a229698868b8c603874b19f37f289"},"headline":"Verbier Nominada Mejor Estaci\u00f3n de Esqu\u00ed del Mundo","datePublished":"2022-07-27T05:48:48+00:00","dateModified":"2024-11-12T11:39:14+00:00","mainEntityOfPage":{"@id":"https:\/\/www.leselfes.com\/es\/verbier-nominada-mejor-estacion-de-esqui-del-mundo\/"},"wordCount":1363,"publisher":{"@id":"https:\/\/dev.leselfes.com\/#organization"},"image":{"@id":"https:\/\/www.leselfes.com\/es\/verbier-nominada-mejor-estacion-de-esqui-del-mundo\/#primaryimage"},"thumbnailUrl":"https:\/\/www.leselfes.com\/wp-content\/uploads\/2022\/07\/Winter-Camps-for-Kids.png","keywords":["Campamentos de invierno para ni\u00f1os","verbier","Verbier Mejor Estaci\u00f3n de Esqu\u00ed"],"articleSection":["Art\u00edculos","Campamento de invierno"],"inLanguage":"es"},{"@type":"WebPage","@id":"https:\/\/www.leselfes.com\/es\/verbier-nominada-mejor-estacion-de-esqui-del-mundo\/","url":"https:\/\/www.leselfes.com\/es\/verbier-nominada-mejor-estacion-de-esqui-del-mundo\/","name":"Campamentos de Invierno para Ni\u00f1os - Verbier fue Nominada como la Mejor Estaci\u00f3n de Esqu\u00ed","isPartOf":{"@id":"https:\/\/dev.leselfes.com\/#website"},"primaryImageOfPage":{"@id":"https:\/\/www.leselfes.com\/es\/verbier-nominada-mejor-estacion-de-esqui-del-mundo\/#primaryimage"},"image":{"@id":"https:\/\/www.leselfes.com\/es\/verbier-nominada-mejor-estacion-de-esqui-del-mundo\/#primaryimage"},"thumbnailUrl":"https:\/\/www.leselfes.com\/wp-content\/uploads\/2022\/07\/Winter-Camps-for-Kids.png","datePublished":"2022-07-27T05:48:48+00:00","dateModified":"2024-11-12T11:39:14+00:00","description":"Durante la reciente celebraci\u00f3n de los Premios Mundiales de Esqu\u00ed, la estaci\u00f3n suiza de Verbier gan\u00f3 el t\u00edtulo de mejor estaci\u00f3n de esqu\u00ed del mundo por sus campamentos de invierno para ni\u00f1os.","breadcrumb":{"@id":"https:\/\/www.leselfes.com\/es\/verbier-nominada-mejor-estacion-de-esqui-del-mundo\/#breadcrumb"},"inLanguage":"es","potentialAction":[{"@type":"ReadAction","target":["https:\/\/www.leselfes.com\/es\/verbier-nominada-mejor-estacion-de-esqui-del-mundo\/"]}]},{"@type":"ImageObject","inLanguage":"es","@id":"https:\/\/www.leselfes.com\/es\/verbier-nominada-mejor-estacion-de-esqui-del-mundo\/#primaryimage","url":"https:\/\/www.leselfes.com\/wp-content\/uploads\/2022\/07\/Winter-Camps-for-Kids.png","contentUrl":"https:\/\/www.leselfes.com\/wp-content\/uploads\/2022\/07\/Winter-Camps-for-Kids.png","width":975,"height":675},{"@type":"BreadcrumbList","@id":"https:\/\/www.leselfes.com\/es\/verbier-nominada-mejor-estacion-de-esqui-del-mundo\/#breadcrumb","itemListElement":[{"@type":"ListItem","position":1,"name":"Home","item":"https:\/\/www.leselfes.com\/es\/inicio\/"},{"@type":"ListItem","position":2,"name":"Verbier Nominada Mejor Estaci\u00f3n de Esqu\u00ed del Mundo"}]},{"@type":"WebSite","@id":"https:\/\/dev.leselfes.com\/#website","url":"https:\/\/dev.leselfes.com\/","name":"Les Elfes International","description":"Les Elfes International, Verbier Switzerland. Summer Camp, Winter Camp, Spring Camps.","publisher":{"@id":"https:\/\/dev.leselfes.com\/#organization"},"alternateName":"Les Elfes International","potentialAction":[{"@type":"SearchAction","target":{"@type":"EntryPoint","urlTemplate":"https:\/\/dev.leselfes.com\/?s={search_term_string}"},"query-input":{"@type":"PropertyValueSpecification","valueRequired":true,"valueName":"search_term_string"}}],"inLanguage":"es"},{"@type":"Organization","@id":"https:\/\/dev.leselfes.com\/#organization","name":"Les Elfes International","alternateName":"Les Elfes International","url":"https:\/\/dev.leselfes.com\/","logo":{"@type":"ImageObject","inLanguage":"es","@id":"https:\/\/dev.leselfes.com\/#\/schema\/logo\/image\/","url":"https:\/\/www.leselfes.com\/wp-content\/uploads\/2022\/03\/leselfes-logo.png","contentUrl":"https:\/\/www.leselfes.com\/wp-content\/uploads\/2022\/03\/leselfes-logo.png","width":233,"height":51,"caption":"Les Elfes International"},"image":{"@id":"https:\/\/dev.leselfes.com\/#\/schema\/logo\/image\/"},"sameAs":["https:\/\/www.facebook.com\/LesElfesVerbier","https:\/\/x.com\/LesElfesCamps","https:\/\/www.instagram.com\/leselfes","https:\/\/www.linkedin.com\/company\/les-elfes-international","https:\/\/www.youtube.com\/user\/LesElfesVerbier"]},{"@type":"Person","@id":"https:\/\/dev.leselfes.com\/#\/schema\/person\/407a229698868b8c603874b19f37f289","name":"lesadmin","image":{"@type":"ImageObject","inLanguage":"es","@id":"https:\/\/dev.leselfes.com\/#\/schema\/person\/image\/","url":"https:\/\/secure.gravatar.com\/avatar\/fdb243a028df450397b3632d862f87f6?s=96&d=mm&r=g","contentUrl":"https:\/\/secure.gravatar.com\/avatar\/fdb243a028df450397b3632d862f87f6?s=96&d=mm&r=g","caption":"lesadmin"},"url":"https:\/\/www.leselfes.com\/es\/author\/lesadmin\/"}]}},"_links":{"self":[{"href":"https:\/\/www.leselfes.com\/es\/wp-json\/wp\/v2\/posts\/93363"}],"collection":[{"href":"https:\/\/www.leselfes.com\/es\/wp-json\/wp\/v2\/posts"}],"about":[{"href":"https:\/\/www.leselfes.com\/es\/wp-json\/wp\/v2\/types\/post"}],"author":[{"embeddable":true,"href":"https:\/\/www.leselfes.com\/es\/wp-json\/wp\/v2\/users\/1"}],"replies":[{"embeddable":true,"href":"https:\/\/www.leselfes.com\/es\/wp-json\/wp\/v2\/comments?post=93363"}],"version-history":[{"count":0,"href":"https:\/\/www.leselfes.com\/es\/wp-json\/wp\/v2\/posts\/93363\/revisions"}],"wp:featuredmedia":[{"embeddable":true,"href":"https:\/\/www.leselfes.com\/es\/wp-json\/wp\/v2\/media\/79050"}],"wp:attachment":[{"href":"https:\/\/www.leselfes.com\/es\/wp-json\/wp\/v2\/media?parent=93363"}],"wp:term":[{"taxonomy":"category","embeddable":true,"href":"https:\/\/www.leselfes.com\/es\/wp-json\/wp\/v2\/categories?post=93363"},{"taxonomy":"post_tag","embeddable":true,"href":"https:\/\/www.leselfes.com\/es\/wp-json\/wp\/v2\/tags?post=93363"}],"curies":[{"name":"wp","href":"https:\/\/api.w.org\/{rel}","templated":true}]}}