{"id":93395,"date":"2022-04-12T06:20:21","date_gmt":"2022-04-12T04:20:21","guid":{"rendered":"https:\/\/www.leselfes.com\/campamento-de-verano-suiza-consejos-de-seguridad-durante-covid-19\/"},"modified":"2024-11-12T12:39:46","modified_gmt":"2024-11-12T11:39:46","slug":"campamento-de-verano-suiza-consejos-de-seguridad-durante-covid-19","status":"publish","type":"post","link":"https:\/\/www.leselfes.com\/es\/campamento-de-verano-suiza-consejos-de-seguridad-durante-covid-19\/","title":{"rendered":"Campamento de verano Suiza Consejos de seguridad durante Covid-19"},"content":{"rendered":"\n<p>Los entusiastas de los campamentos de verano est\u00e1n deseando acampar y participar en sus actividades favoritas este a\u00f1o.\nLa disponibilidad de las vacunas Covid-19 ha cambiado el rumbo de la pandemia en Suiza.\nAdem\u00e1s, los CDC (Centros para el Control y la Prevenci\u00f3n de Enfermedades) han publicado recientemente las \u00faltimas directrices sobre Covid-19, reiterando que las personas totalmente vacunadas son libres de reanudar sus actividades normales sin distanciamiento social ni uso de mascarillas al aire libre y en interiores.  <\/p>\n\n<figure><img loading=\"lazy\" decoding=\"async\" src=\"https:\/\/www.leselfes.com\/wp-content\/uploads\/2023\/03\/Summer-Camp-Switzerland-Safety-Tips.jpg\" alt=\"Campamento de verano Suiza Consejos de seguridad\" width=\"621\" height=\"322\"\/><\/figure>\n\n<p>Muchas regiones de Suiza han acogido favorablemente estas directrices, y los organizadores de campamentos de verano est\u00e1n trabajando actualmente para dar a conocer el itinerario de la pr\u00f3xima expedici\u00f3n de acampada estival.\nAun as\u00ed, la pandemia todav\u00eda no ha terminado. <\/p>\n\n<p>Por ello, todo el mundo debe tener cuidado cuando acuda a un campamento o a otras reuniones sociales.\nEste art\u00edculo tratar\u00e1 sobre algunos consejos de seguridad que puedes adoptar para protegerte a ti y a los miembros de tu familia de contraer el virus.   <\/p>\n\n<p class=\"has-text-align-center\"><\/p><p><a href=\"https:\/\/www.leselfes.com\/es\/?page_id=90108\" target=\"_blank\" rel=\"noopener\"><button type=\"button\">\u00danete al Campamento de Verano Suiza<\/button><\/a><\/p>\n\n<h2 class=\"wp-block-heading\">\u00bfC\u00f3mo afecta el Covid 19 a los campamentos de verano?<\/h2>\n\n<p>La pandemia de Covid-19 afect\u00f3 a los campamentos de verano, sobre todo con cierres prolongados que hicieron que muchos campistas pasaran la mayor parte del tiempo encerrados. Para asegurar un flujo fluido de servicios y garantizar el bienestar de los entusiastas de la acampada, los organizadores de campamentos se ven obligados a aplicar estrictas medidas de seguridad. Algunos de ellos han tenido que publicar declaraciones en las que tranquilizan a los padres sobre su compromiso de respetar los procedimientos y pol\u00edticas establecidos, definidos por las autoridades suizas, la OMS y la FOPH (Oficina Federal de Salud P\u00fablica). Tanto los organizadores como los supervisores de los campamentos han vigilado la siempre cambiante situaci\u00f3n de Covid y suelen modificar sus procesos en consecuencia.     <\/p>\n\n<p>Bas\u00e1ndose en las directrices perfeccionadas por <a href=\"https:\/\/www.bag.admin.ch\/bag\/en\/home.html\" target=\"_blank\" rel=\"noreferrer noopener\">la FOPH<\/a>, la OMS y el gobierno suizo, muchos campamentos de verano celebran seminarios web para asegurarse de que los padres comprenden las directrices establecidas. Algunos de los procesos y estrategias preventivos que est\u00e1n adoptando muchos centros de campamentos de verano son: <\/p>\n\n<ul class=\"wp-block-list\">\n<li>Proporcionar mascarillas cuando sea necesario<\/li>\n\n\n\n<li>Disponer de personal de guardia las 24 horas del d\u00eda<\/li>\n\n\n\n<li>Proporcionar desinfectantes para las manos en diferentes puestos de la instalaci\u00f3n<\/li>\n\n\n\n<li>Realizaci\u00f3n de controles de temperatura<\/li>\n\n\n\n<li>Preguntar a los campistas sobre cualquier enfermedad existente y su historial de viajes internacionales<\/li>\n\n\n\n<li>Fomentar procesos de limpieza regulares<\/li>\n<\/ul>\n\n<p>En el momento \u00e1lgido de la pandemia, muchas instalaciones de acampada fueron lo bastante indulgentes como para ofrecer reembolsos o reprogramar las sesiones de acampada hasta un momento apropiado. Aunque la pandemia se ha ido desvaneciendo poco a poco y todo parece volver a la normalidad, los organizadores de campamentos no cejan en su empe\u00f1o de seguir las orientaciones oficiales de las autoridades locales y las instituciones de ense\u00f1anza. Est\u00e1n decididos a establecer su estrategia y prepararse para lo que saben que es lo mejor para sus campistas.    <\/p>\n\n<h2 class=\"wp-block-heading\">Restricci\u00f3n de viajar a Suiza para el campamento de verano<\/h2>\n\n<p>Suiza est\u00e1 suavizando las restricciones del Covid-19.\nLas personas que entren en el pa\u00eds no necesitan una prueba de recuperaci\u00f3n ni una prueba PCR negativa.\nSin embargo, los extranjeros tienen que presentar una prueba de vacunaci\u00f3n para entrar en el pa\u00eds.  <\/p>\n\n<p>Llevar mascarillas ya no es obligatorio, como tampoco lo es presentar un resultado negativo en la prueba para acceder a la mayor\u00eda de las zonas p\u00fablicas.\nSin embargo, sigue siendo obligatorio llevar mascarilla en los centros m\u00e9dicos y en el transporte p\u00fablico.   <\/p>\n\n<p>Todos los visitantes procedentes de Canad\u00e1 y Estados Unidos deben estar completamente vacunados para que se les autorice la entrada en Suiza.\nConseguir entrar en el pa\u00eds es casi imposible para las personas no vacunadas. <\/p>\n\n<p>Seg\u00fan las autoridades sanitarias suizas, la vacunaci\u00f3n completa significa que has recibido la vacuna, el refuerzo o la segunda inyecci\u00f3n de Pfizer 270 d\u00edas antes de llegar a Suiza.\nPuedes elegir entre otras marcas de vacunas, incluida la opci\u00f3n de dosis \u00fanica de Johnsons y Johnsons.   <\/p>\n\n<p>Suiza acepta cualquier vacuna siempre que se haya dispensado de acuerdo con las directrices de la Oficina Federal de Salud P\u00fablica o con una aprobada por la OMS.\nPor lo que respecta a los viajes en avi\u00f3n, el gov local es responsable de evaluar el cumplimiento de las normas internacionales de seguridad de Covid-19 por parte de las compa\u00f1\u00edas a\u00e9reas nacionales extranjeras. <\/p>\n\n<p>Los campistas que planeen ir a esquiar o a hacer monta\u00f1ismo deben compartir su itinerario con amigos o familiares.\nTambi\u00e9n deben conocer las pr\u00e1cticas establecidas para ayudar a frenar la pandemia en Suiza.   <\/p>\n\n<h2 class=\"wp-block-heading\">13 Campamento de verano Suiza Consejos de seguridad durante Covid 19<\/h2>\n\n<p>Las directivas revisadas de los CDC han dejado contentos a muchos individuos vacunados, al tiempo que han confundido a los no vacunados.\nMucha gente opina que las personas no vacunadas dejar\u00e1n de llevar mascarillas, lo que aumentar\u00e1 su riesgo de propagar el virus Covid-17.\nHe aqu\u00ed algunas cosas de las que deben cuidarse las personas vacunadas y no vacunadas en estos tiempos impredecibles Covid-19.  <\/p>\n\n<h3 class=\"wp-block-heading\">1. No estar vacunado significa que corres un alto riesgo de contraer Covid y contagiarlo a otros<\/h3>\n\n<p>Es probable que las directrices revisadas de los CDC sobre el uso de mascarillas tengan graves consecuencias.\nPor ejemplo, si las personas no vacunadas deciden renunciar a la mascarilla, correr\u00e1n un mayor riesgo de contraer y propagar el virus. <\/p>\n\n<p>Seg\u00fan Lisa Maragakis, profesora asociada de epidemiolog\u00eda y medicina de la Facultad de Medicina de la Universidad Johns Hopkins<em>,<\/em><\/p>\n\n<p><em>\u00abDesgraciadamente, el riesgo para las personas no vacunadas aumentar\u00e1 dr\u00e1sticamente cuando todos los dem\u00e1s dejen bruscamente de llevar mascarillas. Es posible que estas personas tengan que restringir a\u00fan m\u00e1s sus actividades y ser m\u00e1s precavidas hasta que est\u00e9n totalmente vacunadas. La conclusi\u00f3n es que si no est\u00e1s vacunado, eres susceptible al virus\u00bb.<\/em><\/p>\n\n<p>  Las personas vacunadas tienen m\u00e1s posibilidades de recuperarse de Covid que las no vacunadas.\nVac\u00fanate antes de relacionarte con otros campistas.   <\/p>\n\n<h3 class=\"wp-block-heading\">2. No necesitar\u00e1s mascarillas cuando montes en bici o corras<\/h3>\n\n<p>Montar en bicicleta y correr son algunas de las actividades m\u00e1s emocionantes para los entusiastas de los campamentos.\nTanto si est\u00e1s vacunado como si no, puedes correr, andar, montar en bici o rodar en silla de ruedas al aire libre sin mascarilla.\nEl riesgo de contraer Covid-19 al aire libre es menor que en interiores.\nRealizar actividades al aire libre sin mascarilla es mejor porque la circulaci\u00f3n del aire es adecuada.   <\/p>\n\n<h3 class=\"wp-block-heading\">3. Practicar deportes de contacto al aire libre es seguro<\/h3>\n\n<p>Los deportes al aire libre, como el f\u00fatbol, presentan un riesgo m\u00ednimo de transmisi\u00f3n del Covid-19.<\/p>\n\n<p><em>\u00abLos estudios sobre acontecimientos deportivos demuestran que los participantes de los distintos equipos no pasan mucho tiempo muy cerca unos de otros a lo largo de un partido de baloncesto, por ejemplo\u00bb, afirma Maragakis.<\/em><\/p>\n\n<p><em> <\/em>Sin embargo, Paul Pottinger, catedr\u00e1tico de la divisi\u00f3n de enfermedades infecciosas y alergias del departamento de medicina de la sucursal de Seattle de la Universidad de Washington, afirma que las reuniones de equipo fuera del campo podr\u00edan ser el terreno perfecto para que individuos no vacunados propaguen el Covid.\nLos campistas que participen en actividades fuera del campo deben llevar la cara cubierta y practicar el distanciamiento social para estar seguros.   <\/p>\n\n<h3 class=\"wp-block-heading\">4. Los conciertos al aire libre y los acontecimientos deportivos podr\u00edan suponer un riesgo para las personas no vacunadas<\/h3>\n\n<figure><img loading=\"lazy\" decoding=\"async\" src=\"https:\/\/www.leselfes.com\/wp-content\/uploads\/2023\/03\/Summer-Camp-Switzerland-Safety-Tip.jpg\" alt=\"Campamento de verano Suiza Consejos de seguridad\" width=\"622\" height=\"387\"\/><\/figure>\n\n<p>Seg\u00fan los CDC, participar en reuniones al aire libre, como actuaciones en directo o acontecimientos deportivos de contacto cercano, es arriesgado para las personas no vacunadas. Si tienes que asistir a estos actos, aseg\u00farate de que el lugar dispone de asientos adecuados y socialmente distanciados. Si a\u00fan no te has vacunado, lleva una mascarilla durante estos actos.    <\/p>\n\n<h3 class=\"wp-block-heading\">5. Higiene de manos y respiratoria  <\/h3>\n\n<p>Anima y aseg\u00farate de que los campistas practican una higiene de manos adecuada y frecuente. Los supervisores del campamento deben asegurarse de que los campistas sepan c\u00f3mo lavarse las manos a conciencia. Tanto los campistas como el personal deben lavarse siempre las manos antes y despu\u00e9s de comer, despu\u00e9s de ir al servicio, despu\u00e9s de las actividades y cada vez que utilicen material compartido. Otras cosas que los organizadores de campamentos deben hacer para promover una higiene adecuada de las manos y las v\u00edas respiratorias son     <\/p>\n\n<ul class=\"wp-block-list\">\n<li><a href=\"https:\/\/www.leselfes.com\/es\/?page_id=90108#staff\" target=\"_blank\" rel=\"noreferrer noopener\">Aseg\u00farate de que todos los miembros del personal<\/a> y los campistas respetan las normas de higiene respiratoria establecidas. Por ejemplo, todos deben taparse siempre la boca con una toalla de papel al toser o estornudar.   <\/li>\n<\/ul>\n\n<ul class=\"wp-block-list\">\n<li>Garantizar un proceso y un programa estructurados para controlar y reponer los suministros para la higiene de las manos.<\/li>\n<\/ul>\n\n<ul class=\"wp-block-list\">\n<li>Proporciona desinfectante de manos a base de alcohol con una concentraci\u00f3n de alcohol de hasta el 90% en distintos lugares del camping.  <\/li>\n<\/ul>\n\n<ul class=\"wp-block-list\">\n<li>Aplica pr\u00e1cticas de higiene y desinfecci\u00f3n respiratoria y de las manos adecuadas al entorno selv\u00e1tico durante las excursiones por la naturaleza, como toallitas desinfectantes y desinfectantes de manos a base de alcohol.  <\/li>\n<\/ul>\n\n<h3 class=\"wp-block-heading\">6. Distanciamiento social y cohorte  <\/h3>\n\n<p>El cohorte es la idea de colocar al personal y a los campistas en grupos espec\u00edficos que permanezcan juntos durante toda la experiencia del campamento. Este enfoque desempe\u00f1a un papel importante en el control de las operaciones del campamento en caso de que se notifique un caso de Covid-19 en el campamento. Restringir cualquier conexi\u00f3n entre cohortes reduce el n\u00famero de miembros del personal o campistas que deben ser puestos en cuarentena. Para garantizar el \u00e9xito de este planteamiento, los organizadores del campamento deben:     <\/p>\n\n<ul class=\"wp-block-list\">\n<li>Comunicar los deberes de cada cohorte al comienzo de la acampada<\/li>\n\n\n\n<li>Practica el distanciamiento social entre padres, personal y cuidadores al dejar a los ni\u00f1os.  <\/li>\n\n\n\n<li>Cada cohorte debe abstenerse de interactuar con miembros de otras cohortes.  <\/li>\n\n\n\n<li>Las cohortes deben permanecer juntas durante todas las actividades y comidas.  <\/li>\n<\/ul>\n\n<p>El personal y los campistas que duermen en la misma litera o caba\u00f1a son cohortes dom\u00e9sticas y no tienen que practicar el distanciamiento social ni llevar m\u00e1scaras a menos que est\u00e9n en compa\u00f1\u00eda de miembros de otras cohortes.  <\/p>\n\n<p>Los miembros de diferentes cohortes dom\u00e9sticas deben llevar mascarillas cuando utilicen espacios exteriores o interiores compartidos.\nTambi\u00e9n deben mantener el distanciamiento social. <\/p>\n\n<p>Merece la pena mencionar que eludir la cuarentena puede costarte hasta 10.000 CHF.<\/p>\n\n<h3 class=\"wp-block-heading\">7. Transporte<\/h3>\n\n<p>Aseg\u00farate de que los veh\u00edculos est\u00e1n bien ventilados y anima a los campistas y al personal a utilizar m\u00e9todos de ventilaci\u00f3n natural, como abrir las ventanas.\nConsulta con un especialista sanitario que pueda ayudarte a comprender las estrategias eficaces para potenciar la ventilaci\u00f3n cruzada en distintas situaciones.\nSi alg\u00fan campista enferma durante el d\u00eda, debe restring\u00edrsele el uso del transporte de grupo y somet\u00e9rsele a una prueba de Covid-19 antes de volver a casa.  <\/p>\n\n<p>Crea una estrategia para garantizar que los campistas o participantes enfermos lleguen sanos y salvos a casa. Supongamos que un conductor se pone enfermo durante el d\u00eda, el centro debe enviar a otro conductor para sustituirle. A continuaci\u00f3n, deben seguir las pr\u00e1cticas establecidas para las personas enfermas.    <\/p>\n\n<h3 class=\"wp-block-heading\">8. Tratamiento de los casos confirmados de Covid-19<\/h3>\n\n<p>Desarrolla pol\u00edticas para alertar a las autoridades de los casos positivos, supervisar el seguimiento de los casos y alertar a las personas expuestas.\nA continuaci\u00f3n se indican los pasos que deben dar los organizadores de campamentos en caso de que se produzca un caso de coronavirus en sus instalaciones.\nDesarrollar un plan para los campistas y el personal que desarrollen s\u00edntomas de Covid-19 y aquellos cuya prueba de ant\u00edgenos d\u00e9 un resultado positivo.\nEste plan puede incluir   <\/p>\n\n<ul class=\"wp-block-list\">\n<li>Aislamiento inmediato en una zona de aislamiento destinada de las personas sintom\u00e1ticas y de aquellas con resultados positivos en las pruebas.  <\/li>\n\n\n\n<li>Transportar a los campistas a casa o al centro m\u00e9dico cuando sea necesario<\/li>\n\n\n\n<li>Notificar a los padres cuando sus hijos den positivo por coronavirus o enfermen<\/li>\n\n\n\n<li>Proporcionar un espacio exclusivo para los campistas y el personal que den positivo, lejos de donde se prestan otros servicios sanitarios.<\/li>\n<\/ul>\n\n<h3 class=\"wp-block-heading\">9. Uso de mascarillas y equipos de protecci\u00f3n individual<\/h3>\n\n<figure><img loading=\"lazy\" decoding=\"async\" src=\"https:\/\/www.leselfes.com\/wp-content\/uploads\/2023\/03\/Wearing-of-Masks-and-Personal-Protective-Gear.jpg\" alt=\"Uso de mascarillas y equipos de protecci&#xF3;n individual\" width=\"628\" height=\"313\"\/><\/figure>\n\n<p>Los educadores del campamento de verano deben ofrecer formaci\u00f3n sobre el uso adecuado y seguro, los cuidados, las limitaciones y la eliminaci\u00f3n de las mascarillas.\nConsulta el sitio cantonal Covid-19 de tu regi\u00f3n para obtener informaci\u00f3n adicional sobre las mascarillas.\nHe aqu\u00ed algunos consejos para que este ejercicio merezca la pena.  <\/p>\n\n<p>Todos los campistas no vacunados y el personal deben llevar mascarillas mientras est\u00e9n en el interior, a menos que un campista tenga necesidades especiales o una afecci\u00f3n m\u00e9dica que le impida llevar la cara cubierta o mascarillas como, por ejemplo:<\/p>\n\n<ul class=\"wp-block-list\">\n<li>Incapacidad para ponerse o quitarse la mascarilla sin ayuda de otra persona.<\/li>\n\n\n\n<li>Est\u00e1 en una zona adecuadamente ventilada y practica el distanciamiento social<\/li>\n\n\n\n<li>Comer o beber<\/li>\n<\/ul>\n\n<h3 class=\"wp-block-heading\">10. Control rutinario de la salud<\/h3>\n\n<p>El cribado diario del personal y los campistas es innecesario, pero deben autoexplorarse diariamente antes de iniciar sus actividades en el campamento de d\u00eda.\nLos organizadores de campamentos deben proporcionar herramientas de autoexploraci\u00f3n para garantizar que el personal capte los posibles s\u00edntomas de Covid-19 con la suficiente antelaci\u00f3n. <\/p>\n\n<p>Tambi\u00e9n deben formar a los acampados utilizando un lenguaje no estigmatizador y aplicable a su edad, para asegurarse de que entienden c\u00f3mo reconocer los s\u00edntomas de Covid-19.\nTambi\u00e9n se les debe animar a que informen a los miembros del personal en cuanto enfermen. <\/p>\n\n<p>Antes de recomendar una evaluaci\u00f3n m\u00e1s exhaustiva, el personal sanitario y m\u00e9dico de los campamentos de verano debe tener en cuenta cualquier afecci\u00f3n preexistente y las alergias no relacionadas con el coronavirus, como migra\u00f1as, congesti\u00f3n tor\u00e1cica y fuerte goteo nasal.  <\/p>\n\n<h3 class=\"wp-block-heading\">11. Actividades y operaciones del campamento<\/h3>\n\n<figure><img loading=\"lazy\" decoding=\"async\" src=\"https:\/\/www.leselfes.com\/wp-content\/uploads\/2023\/03\/Summer-Camp-Switzerland-Activities-and-Operations.jpg\" alt=\"Actividades y Operaciones del Campamento de Verano en Suiza  \" width=\"633\" height=\"383\"\/><\/figure>\n\n<p>He aqu\u00ed algunos factores que debes tener en cuenta al <a href=\"https:\/\/www.leselfes.com\/es\/?page_id=90108#new-activities\" target=\"_blank\" rel=\"noreferrer noopener\">planificar las actividades del campamento<\/a> en Berna y Ginebra.  <\/p>\n\n<ul class=\"wp-block-list\">\n<li>Cuantas m\u00e1s personas se re\u00fanan en un mismo lugar, mayor ser\u00e1 el riesgo de transmisi\u00f3n del Covid-19.<\/li>\n\n\n\n<li>Los campistas deben participar en actividades al aire libre en la medida de lo posible y limitar las actividades de interior.\nSi los acampados tienen que participar en actividades de interior, aseg\u00farate de que el espacio est\u00e9 bien ventilado.   <\/li>\n\n\n\n<li>Restringir a los voluntarios y visitantes no esenciales<\/li>\n\n\n\n<li>Abre las ventanas y puertas todo lo posible para facilitar la circulaci\u00f3n adecuada de aire fresco.<\/li>\n<\/ul>\n\n<p>Existe un alto riesgo de circulaci\u00f3n de gotitas respiratorias durante las actividades que impliquen voces, como la actuaci\u00f3n o el canto, o en las que se utilicen instrumentos de viento.\nLos campistas deben realizar dichas actividades al aire libre y respetando los protocolos de distanciamiento social.   <\/p>\n\n<h3 class=\"wp-block-heading\">12. Normativa de edificaci\u00f3n<\/h3>\n\n<p>Supongamos que la actividad de acampada tiene lugar en una instalaci\u00f3n que se reabre tras permanecer cerrada mucho tiempo. En ese caso, los organizadores del campamento deben mantener todos los elementos y sistemas de agua y ventilaci\u00f3n, como los bebederos y las fuentes de los fregaderos. Hacerlo garantiza que est\u00e9n listos para su ocupaci\u00f3n y uso y en condiciones de funcionamiento adecuadas durante todo el periodo de acampada. He aqu\u00ed algunas cosas que puedes hacer para mejorar o aumentar la ventilaci\u00f3n y fomentar una circulaci\u00f3n adecuada de aire fresco.     <\/p>\n\n<ul class=\"wp-block-list\">\n<li>Abre ventanas y puertas mientras sea seguro hacerlo<\/li>\n<\/ul>\n\n<ul class=\"wp-block-list\">\n<li>Aseg\u00farate de que el sistema central de filtraci\u00f3n de aire funciona correctamente.\nSella los bordes de los filtros y aseg\u00farate de que est\u00e1n bien instalados y dentro de su vida \u00fatil.   <\/li>\n<\/ul>\n\n<ul class=\"wp-block-list\">\n<li>Aseg\u00farate de que los sistemas de ventilaci\u00f3n funcionan correctamente para mejorar la calidad del aire interior<\/li>\n<\/ul>\n\n<ul class=\"wp-block-list\">\n<li>Consulta a un profesional para determinar qu\u00e9 est\u00e1 funcionando e identificar los equipos que requieren sustituci\u00f3n en la instalaci\u00f3n.  <\/li>\n\n\n\n<li>Mant\u00e9n los sistemas de filtraci\u00f3n de aire en funcionamiento las 24 horas del d\u00eda, siempre que sea posible, para favorecer el intercambio de aire en el interior del edificio.<\/li>\n<\/ul>\n\n<ul class=\"wp-block-list\">\n<li>Si piensas realizar alguna actividad en el interior, mant\u00e9n las ventanas y puertas abiertas para aumentar la circulaci\u00f3n de aire fresco.  <\/li>\n<\/ul>\n\n<h3 class=\"wp-block-heading\">13. Consideraciones del personal<\/h3>\n\n<p>Aplicar pol\u00edticas de permisos flexibles y no conflictivas para que el personal enfermo pueda permanecer en casa.\nPol\u00edticas de permisos que ayuden a tener en cuenta: <\/p>\n\n<ul class=\"wp-block-list\">\n<li>Personal que informa de s\u00edntomas relacionados con el Covid-19<\/li>\n\n\n\n<li>Personal que ha dado positivo en la prueba del coronavirus<\/li>\n\n\n\n<li>Personal que se ha sometido a las pruebas Covid-19 pero cuyos resultados a\u00fan est\u00e1n pendientes<\/li>\n\n\n\n<li>Empleados cuyos hijos han cerrado la escuela debido al aumento de casos de Covid-19 en sus escuelas<\/li>\n\n\n\n<li>Cualquier empleado que haya tenido contacto estrecho con un individuo con s\u00edntomas de Covid-19  <\/li>\n<\/ul>\n\n<p>Los organizadores de campamentos deben animar a su personal a vacunarse completamente antes de la acampada.\nSi el personal experimenta alg\u00fan efecto secundario, los supervisores deben tener la amabilidad de darles unos d\u00edas de descanso hasta que se recuperen totalmente.   <\/p>\n\n<h2 class=\"wp-block-heading\">Por fin  <\/h2>\n\n<p>A medida que descienden los casos de Covid-19, los CDC y la OMS est\u00e1n relajando las medidas reguladoras.\nSin embargo, eso no significa que los organizadores de campamentos de verano deban ser laxos.\nEl virus sigue aqu\u00ed, y todos los organizadores de campamentos deben aplicar medidas de prevenci\u00f3n para garantizar la seguridad de los campistas durante su estancia en las instalaciones del campamento.  <\/p>\n\n<p>Estos consejos son ideales para los organizadores de campamentos y los padres que quieran inscribir a sus hijos en un campamento este verano.\nLos campamentos de verano tienen numerosos beneficios, como el fomento de la salud mental del ni\u00f1o.\nSin embargo, el entorno debe ser seguro para que los campistas disfruten de esos beneficios.\nUn camping fiable ofrecer\u00e1 una p\u00e1gina de preguntas frecuentes en su sitio web para ayudar a los padres a encontrar respuestas c\u00f3modamente.   <\/p>\n\n<p style=\"text-align: center;\"><a href=\"https:\/\/www.leselfes.com\/es\/?page_id=90108\" target=\"_blank\" rel=\"noopener\"><button type=\"button\">\u00danete al Campamento de Verano Suiza<\/button><\/a><\/p>\n","protected":false},"excerpt":{"rendered":"<p>Los entusiastas de los campamentos de verano est\u00e1n deseando acampar y participar en sus actividades favoritas este a\u00f1o. La disponibilidad de las vacunas Covid-19 ha cambiado el rumbo de la&#8230;<\/p>\n","protected":false},"author":1,"featured_media":78904,"comment_status":"closed","ping_status":"open","sticky":false,"template":"","format":"standard","meta":{"_acf_changed":false,"inline_featured_image":false,"footnotes":""},"categories":[1373,1426],"tags":[1418,1840,1544,1841],"class_list":{"0":"post-93395","1":"post","2":"type-post","3":"status-publish","4":"format-standard","5":"has-post-thumbnail","7":"category-campamento-de-verano","8":"category-consejos-para-padres","9":"tag-campamento-de-verano","10":"tag-campamento-de-verano-suiza-consejos-de-seguridad","11":"tag-campamentos-de-verano-en-suiza","12":"tag-covid-19-consejos-de-seguridad-en-el-campamento-de-verano"},"acf":[],"yoast_head":"<!-- This site is optimized with the Yoast SEO Premium plugin v24.2 (Yoast SEO v24.7) - https:\/\/yoast.com\/wordpress\/plugins\/seo\/ -->\n<title>13 consejos de seguridad para campamentos de verano en Suiza durante Covid 19 en 2022<\/title>\n<meta name=\"description\" content=\"He aqu\u00ed algunos consejos de seguridad durante el covid 19 que hay que tener en cuenta antes de ir a un campamento de verano en Suiza.\" \/>\n<meta name=\"robots\" content=\"index, follow, max-snippet:-1, max-image-preview:large, max-video-preview:-1\" \/>\n<link rel=\"canonical\" href=\"https:\/\/www.leselfes.com\/es\/campamento-de-verano-suiza-consejos-de-seguridad-durante-covid-19\/\" \/>\n<meta property=\"og:locale\" content=\"es_ES\" \/>\n<meta property=\"og:type\" content=\"article\" \/>\n<meta property=\"og:title\" content=\"Campamento de verano Suiza Consejos de seguridad durante Covid-19\" \/>\n<meta property=\"og:description\" content=\"He aqu\u00ed algunos consejos de seguridad durante el covid 19 que hay que tener en cuenta antes de ir a un campamento de verano en Suiza.\" \/>\n<meta property=\"og:url\" content=\"https:\/\/www.leselfes.com\/es\/campamento-de-verano-suiza-consejos-de-seguridad-durante-covid-19\/\" \/>\n<meta property=\"og:site_name\" content=\"Les Elfes International Camps Switzerland\" \/>\n<meta property=\"article:publisher\" content=\"https:\/\/www.facebook.com\/LesElfesVerbier\" \/>\n<meta property=\"article:published_time\" content=\"2022-04-12T04:20:21+00:00\" \/>\n<meta property=\"article:modified_time\" content=\"2024-11-12T11:39:46+00:00\" \/>\n<meta property=\"og:image\" content=\"https:\/\/dev.leselfes.com\/wp-content\/uploads\/2022\/04\/Summer-Camp-Switzerland-Safety-Tips.jpg\" \/>\n\t<meta property=\"og:image:width\" content=\"975\" \/>\n\t<meta property=\"og:image:height\" content=\"675\" \/>\n\t<meta property=\"og:image:type\" content=\"image\/jpeg\" \/>\n<meta name=\"author\" content=\"lesadmin\" \/>\n<meta name=\"twitter:card\" content=\"summary_large_image\" \/>\n<meta name=\"twitter:creator\" content=\"@LesElfesCamps\" \/>\n<meta name=\"twitter:site\" content=\"@LesElfesCamps\" \/>\n<meta name=\"twitter:label1\" content=\"Escrito por\" \/>\n\t<meta name=\"twitter:data1\" content=\"lesadmin\" \/>\n\t<meta name=\"twitter:label2\" content=\"Tiempo de lectura\" \/>\n\t<meta name=\"twitter:data2\" content=\"15 minutos\" \/>\n<script type=\"application\/ld+json\" class=\"yoast-schema-graph\">{\"@context\":\"https:\/\/schema.org\",\"@graph\":[{\"@type\":\"Article\",\"@id\":\"https:\/\/www.leselfes.com\/es\/campamento-de-verano-suiza-consejos-de-seguridad-durante-covid-19\/#article\",\"isPartOf\":{\"@id\":\"https:\/\/www.leselfes.com\/es\/campamento-de-verano-suiza-consejos-de-seguridad-durante-covid-19\/\"},\"author\":{\"name\":\"lesadmin\",\"@id\":\"https:\/\/dev.leselfes.com\/#\/schema\/person\/407a229698868b8c603874b19f37f289\"},\"headline\":\"Campamento de verano Suiza Consejos de seguridad durante Covid-19\",\"datePublished\":\"2022-04-12T04:20:21+00:00\",\"dateModified\":\"2024-11-12T11:39:46+00:00\",\"mainEntityOfPage\":{\"@id\":\"https:\/\/www.leselfes.com\/es\/campamento-de-verano-suiza-consejos-de-seguridad-durante-covid-19\/\"},\"wordCount\":3028,\"publisher\":{\"@id\":\"https:\/\/dev.leselfes.com\/#organization\"},\"image\":{\"@id\":\"https:\/\/www.leselfes.com\/es\/campamento-de-verano-suiza-consejos-de-seguridad-durante-covid-19\/#primaryimage\"},\"thumbnailUrl\":\"https:\/\/www.leselfes.com\/wp-content\/uploads\/2022\/04\/Summer-Camp-Switzerland-Safety-Tips.jpg\",\"keywords\":[\"campamento de verano\",\"Campamento de verano Suiza Consejos de seguridad\",\"Campamentos de verano en Suiza\",\"Covid 19 Consejos de seguridad en el campamento de verano\"],\"articleSection\":[\"Campamento de verano\",\"Consejos para padres\"],\"inLanguage\":\"es\"},{\"@type\":\"WebPage\",\"@id\":\"https:\/\/www.leselfes.com\/es\/campamento-de-verano-suiza-consejos-de-seguridad-durante-covid-19\/\",\"url\":\"https:\/\/www.leselfes.com\/es\/campamento-de-verano-suiza-consejos-de-seguridad-durante-covid-19\/\",\"name\":\"13 consejos de seguridad para campamentos de verano en Suiza durante Covid 19 en 2022\",\"isPartOf\":{\"@id\":\"https:\/\/dev.leselfes.com\/#website\"},\"primaryImageOfPage\":{\"@id\":\"https:\/\/www.leselfes.com\/es\/campamento-de-verano-suiza-consejos-de-seguridad-durante-covid-19\/#primaryimage\"},\"image\":{\"@id\":\"https:\/\/www.leselfes.com\/es\/campamento-de-verano-suiza-consejos-de-seguridad-durante-covid-19\/#primaryimage\"},\"thumbnailUrl\":\"https:\/\/www.leselfes.com\/wp-content\/uploads\/2022\/04\/Summer-Camp-Switzerland-Safety-Tips.jpg\",\"datePublished\":\"2022-04-12T04:20:21+00:00\",\"dateModified\":\"2024-11-12T11:39:46+00:00\",\"description\":\"He aqu\u00ed algunos consejos de seguridad durante el covid 19 que hay que tener en cuenta antes de ir a un campamento de verano en Suiza.\",\"breadcrumb\":{\"@id\":\"https:\/\/www.leselfes.com\/es\/campamento-de-verano-suiza-consejos-de-seguridad-durante-covid-19\/#breadcrumb\"},\"inLanguage\":\"es\",\"potentialAction\":[{\"@type\":\"ReadAction\",\"target\":[\"https:\/\/www.leselfes.com\/es\/campamento-de-verano-suiza-consejos-de-seguridad-durante-covid-19\/\"]}]},{\"@type\":\"ImageObject\",\"inLanguage\":\"es\",\"@id\":\"https:\/\/www.leselfes.com\/es\/campamento-de-verano-suiza-consejos-de-seguridad-durante-covid-19\/#primaryimage\",\"url\":\"https:\/\/www.leselfes.com\/wp-content\/uploads\/2022\/04\/Summer-Camp-Switzerland-Safety-Tips.jpg\",\"contentUrl\":\"https:\/\/www.leselfes.com\/wp-content\/uploads\/2022\/04\/Summer-Camp-Switzerland-Safety-Tips.jpg\",\"width\":975,\"height\":675},{\"@type\":\"BreadcrumbList\",\"@id\":\"https:\/\/www.leselfes.com\/es\/campamento-de-verano-suiza-consejos-de-seguridad-durante-covid-19\/#breadcrumb\",\"itemListElement\":[{\"@type\":\"ListItem\",\"position\":1,\"name\":\"Home\",\"item\":\"https:\/\/www.leselfes.com\/es\/inicio\/\"},{\"@type\":\"ListItem\",\"position\":2,\"name\":\"Campamento de verano Suiza Consejos de seguridad durante Covid-19\"}]},{\"@type\":\"WebSite\",\"@id\":\"https:\/\/dev.leselfes.com\/#website\",\"url\":\"https:\/\/dev.leselfes.com\/\",\"name\":\"Les Elfes International\",\"description\":\"Les Elfes International, Verbier Switzerland. Summer Camp, Winter Camp, Spring Camps.\",\"publisher\":{\"@id\":\"https:\/\/dev.leselfes.com\/#organization\"},\"alternateName\":\"Les Elfes International\",\"potentialAction\":[{\"@type\":\"SearchAction\",\"target\":{\"@type\":\"EntryPoint\",\"urlTemplate\":\"https:\/\/dev.leselfes.com\/?s={search_term_string}\"},\"query-input\":{\"@type\":\"PropertyValueSpecification\",\"valueRequired\":true,\"valueName\":\"search_term_string\"}}],\"inLanguage\":\"es\"},{\"@type\":\"Organization\",\"@id\":\"https:\/\/dev.leselfes.com\/#organization\",\"name\":\"Les Elfes International\",\"alternateName\":\"Les Elfes International\",\"url\":\"https:\/\/dev.leselfes.com\/\",\"logo\":{\"@type\":\"ImageObject\",\"inLanguage\":\"es\",\"@id\":\"https:\/\/dev.leselfes.com\/#\/schema\/logo\/image\/\",\"url\":\"https:\/\/www.leselfes.com\/wp-content\/uploads\/2022\/03\/leselfes-logo.png\",\"contentUrl\":\"https:\/\/www.leselfes.com\/wp-content\/uploads\/2022\/03\/leselfes-logo.png\",\"width\":233,\"height\":51,\"caption\":\"Les Elfes International\"},\"image\":{\"@id\":\"https:\/\/dev.leselfes.com\/#\/schema\/logo\/image\/\"},\"sameAs\":[\"https:\/\/www.facebook.com\/LesElfesVerbier\",\"https:\/\/x.com\/LesElfesCamps\",\"https:\/\/www.instagram.com\/leselfes\",\"https:\/\/www.linkedin.com\/company\/les-elfes-international\",\"https:\/\/www.youtube.com\/user\/LesElfesVerbier\"]},{\"@type\":\"Person\",\"@id\":\"https:\/\/dev.leselfes.com\/#\/schema\/person\/407a229698868b8c603874b19f37f289\",\"name\":\"lesadmin\",\"image\":{\"@type\":\"ImageObject\",\"inLanguage\":\"es\",\"@id\":\"https:\/\/dev.leselfes.com\/#\/schema\/person\/image\/\",\"url\":\"https:\/\/secure.gravatar.com\/avatar\/fdb243a028df450397b3632d862f87f6?s=96&d=mm&r=g\",\"contentUrl\":\"https:\/\/secure.gravatar.com\/avatar\/fdb243a028df450397b3632d862f87f6?s=96&d=mm&r=g\",\"caption\":\"lesadmin\"},\"url\":\"https:\/\/www.leselfes.com\/es\/author\/lesadmin\/\"}]}<\/script>\n<!-- \/ Yoast SEO Premium plugin. -->","yoast_head_json":{"title":"13 consejos de seguridad para campamentos de verano en Suiza durante Covid 19 en 2022","description":"He aqu\u00ed algunos consejos de seguridad durante el covid 19 que hay que tener en cuenta antes de ir a un campamento de verano en Suiza.","robots":{"index":"index","follow":"follow","max-snippet":"max-snippet:-1","max-image-preview":"max-image-preview:large","max-video-preview":"max-video-preview:-1"},"canonical":"https:\/\/www.leselfes.com\/es\/campamento-de-verano-suiza-consejos-de-seguridad-durante-covid-19\/","og_locale":"es_ES","og_type":"article","og_title":"Campamento de verano Suiza Consejos de seguridad durante Covid-19","og_description":"He aqu\u00ed algunos consejos de seguridad durante el covid 19 que hay que tener en cuenta antes de ir a un campamento de verano en Suiza.","og_url":"https:\/\/www.leselfes.com\/es\/campamento-de-verano-suiza-consejos-de-seguridad-durante-covid-19\/","og_site_name":"Les Elfes International Camps Switzerland","article_publisher":"https:\/\/www.facebook.com\/LesElfesVerbier","article_published_time":"2022-04-12T04:20:21+00:00","article_modified_time":"2024-11-12T11:39:46+00:00","og_image":[{"width":975,"height":675,"url":"https:\/\/dev.leselfes.com\/wp-content\/uploads\/2022\/04\/Summer-Camp-Switzerland-Safety-Tips.jpg","type":"image\/jpeg"}],"author":"lesadmin","twitter_card":"summary_large_image","twitter_creator":"@LesElfesCamps","twitter_site":"@LesElfesCamps","twitter_misc":{"Escrito por":"lesadmin","Tiempo de lectura":"15 minutos"},"schema":{"@context":"https:\/\/schema.org","@graph":[{"@type":"Article","@id":"https:\/\/www.leselfes.com\/es\/campamento-de-verano-suiza-consejos-de-seguridad-durante-covid-19\/#article","isPartOf":{"@id":"https:\/\/www.leselfes.com\/es\/campamento-de-verano-suiza-consejos-de-seguridad-durante-covid-19\/"},"author":{"name":"lesadmin","@id":"https:\/\/dev.leselfes.com\/#\/schema\/person\/407a229698868b8c603874b19f37f289"},"headline":"Campamento de verano Suiza Consejos de seguridad durante Covid-19","datePublished":"2022-04-12T04:20:21+00:00","dateModified":"2024-11-12T11:39:46+00:00","mainEntityOfPage":{"@id":"https:\/\/www.leselfes.com\/es\/campamento-de-verano-suiza-consejos-de-seguridad-durante-covid-19\/"},"wordCount":3028,"publisher":{"@id":"https:\/\/dev.leselfes.com\/#organization"},"image":{"@id":"https:\/\/www.leselfes.com\/es\/campamento-de-verano-suiza-consejos-de-seguridad-durante-covid-19\/#primaryimage"},"thumbnailUrl":"https:\/\/www.leselfes.com\/wp-content\/uploads\/2022\/04\/Summer-Camp-Switzerland-Safety-Tips.jpg","keywords":["campamento de verano","Campamento de verano Suiza Consejos de seguridad","Campamentos de verano en Suiza","Covid 19 Consejos de seguridad en el campamento de verano"],"articleSection":["Campamento de verano","Consejos para padres"],"inLanguage":"es"},{"@type":"WebPage","@id":"https:\/\/www.leselfes.com\/es\/campamento-de-verano-suiza-consejos-de-seguridad-durante-covid-19\/","url":"https:\/\/www.leselfes.com\/es\/campamento-de-verano-suiza-consejos-de-seguridad-durante-covid-19\/","name":"13 consejos de seguridad para campamentos de verano en Suiza durante Covid 19 en 2022","isPartOf":{"@id":"https:\/\/dev.leselfes.com\/#website"},"primaryImageOfPage":{"@id":"https:\/\/www.leselfes.com\/es\/campamento-de-verano-suiza-consejos-de-seguridad-durante-covid-19\/#primaryimage"},"image":{"@id":"https:\/\/www.leselfes.com\/es\/campamento-de-verano-suiza-consejos-de-seguridad-durante-covid-19\/#primaryimage"},"thumbnailUrl":"https:\/\/www.leselfes.com\/wp-content\/uploads\/2022\/04\/Summer-Camp-Switzerland-Safety-Tips.jpg","datePublished":"2022-04-12T04:20:21+00:00","dateModified":"2024-11-12T11:39:46+00:00","description":"He aqu\u00ed algunos consejos de seguridad durante el covid 19 que hay que tener en cuenta antes de ir a un campamento de verano en Suiza.","breadcrumb":{"@id":"https:\/\/www.leselfes.com\/es\/campamento-de-verano-suiza-consejos-de-seguridad-durante-covid-19\/#breadcrumb"},"inLanguage":"es","potentialAction":[{"@type":"ReadAction","target":["https:\/\/www.leselfes.com\/es\/campamento-de-verano-suiza-consejos-de-seguridad-durante-covid-19\/"]}]},{"@type":"ImageObject","inLanguage":"es","@id":"https:\/\/www.leselfes.com\/es\/campamento-de-verano-suiza-consejos-de-seguridad-durante-covid-19\/#primaryimage","url":"https:\/\/www.leselfes.com\/wp-content\/uploads\/2022\/04\/Summer-Camp-Switzerland-Safety-Tips.jpg","contentUrl":"https:\/\/www.leselfes.com\/wp-content\/uploads\/2022\/04\/Summer-Camp-Switzerland-Safety-Tips.jpg","width":975,"height":675},{"@type":"BreadcrumbList","@id":"https:\/\/www.leselfes.com\/es\/campamento-de-verano-suiza-consejos-de-seguridad-durante-covid-19\/#breadcrumb","itemListElement":[{"@type":"ListItem","position":1,"name":"Home","item":"https:\/\/www.leselfes.com\/es\/inicio\/"},{"@type":"ListItem","position":2,"name":"Campamento de verano Suiza Consejos de seguridad durante Covid-19"}]},{"@type":"WebSite","@id":"https:\/\/dev.leselfes.com\/#website","url":"https:\/\/dev.leselfes.com\/","name":"Les Elfes International","description":"Les Elfes International, Verbier Switzerland. Summer Camp, Winter Camp, Spring Camps.","publisher":{"@id":"https:\/\/dev.leselfes.com\/#organization"},"alternateName":"Les Elfes International","potentialAction":[{"@type":"SearchAction","target":{"@type":"EntryPoint","urlTemplate":"https:\/\/dev.leselfes.com\/?s={search_term_string}"},"query-input":{"@type":"PropertyValueSpecification","valueRequired":true,"valueName":"search_term_string"}}],"inLanguage":"es"},{"@type":"Organization","@id":"https:\/\/dev.leselfes.com\/#organization","name":"Les Elfes International","alternateName":"Les Elfes International","url":"https:\/\/dev.leselfes.com\/","logo":{"@type":"ImageObject","inLanguage":"es","@id":"https:\/\/dev.leselfes.com\/#\/schema\/logo\/image\/","url":"https:\/\/www.leselfes.com\/wp-content\/uploads\/2022\/03\/leselfes-logo.png","contentUrl":"https:\/\/www.leselfes.com\/wp-content\/uploads\/2022\/03\/leselfes-logo.png","width":233,"height":51,"caption":"Les Elfes International"},"image":{"@id":"https:\/\/dev.leselfes.com\/#\/schema\/logo\/image\/"},"sameAs":["https:\/\/www.facebook.com\/LesElfesVerbier","https:\/\/x.com\/LesElfesCamps","https:\/\/www.instagram.com\/leselfes","https:\/\/www.linkedin.com\/company\/les-elfes-international","https:\/\/www.youtube.com\/user\/LesElfesVerbier"]},{"@type":"Person","@id":"https:\/\/dev.leselfes.com\/#\/schema\/person\/407a229698868b8c603874b19f37f289","name":"lesadmin","image":{"@type":"ImageObject","inLanguage":"es","@id":"https:\/\/dev.leselfes.com\/#\/schema\/person\/image\/","url":"https:\/\/secure.gravatar.com\/avatar\/fdb243a028df450397b3632d862f87f6?s=96&d=mm&r=g","contentUrl":"https:\/\/secure.gravatar.com\/avatar\/fdb243a028df450397b3632d862f87f6?s=96&d=mm&r=g","caption":"lesadmin"},"url":"https:\/\/www.leselfes.com\/es\/author\/lesadmin\/"}]}},"_links":{"self":[{"href":"https:\/\/www.leselfes.com\/es\/wp-json\/wp\/v2\/posts\/93395"}],"collection":[{"href":"https:\/\/www.leselfes.com\/es\/wp-json\/wp\/v2\/posts"}],"about":[{"href":"https:\/\/www.leselfes.com\/es\/wp-json\/wp\/v2\/types\/post"}],"author":[{"embeddable":true,"href":"https:\/\/www.leselfes.com\/es\/wp-json\/wp\/v2\/users\/1"}],"replies":[{"embeddable":true,"href":"https:\/\/www.leselfes.com\/es\/wp-json\/wp\/v2\/comments?post=93395"}],"version-history":[{"count":0,"href":"https:\/\/www.leselfes.com\/es\/wp-json\/wp\/v2\/posts\/93395\/revisions"}],"wp:featuredmedia":[{"embeddable":true,"href":"https:\/\/www.leselfes.com\/es\/wp-json\/wp\/v2\/media\/78904"}],"wp:attachment":[{"href":"https:\/\/www.leselfes.com\/es\/wp-json\/wp\/v2\/media?parent=93395"}],"wp:term":[{"taxonomy":"category","embeddable":true,"href":"https:\/\/www.leselfes.com\/es\/wp-json\/wp\/v2\/categories?post=93395"},{"taxonomy":"post_tag","embeddable":true,"href":"https:\/\/www.leselfes.com\/es\/wp-json\/wp\/v2\/tags?post=93395"}],"curies":[{"name":"wp","href":"https:\/\/api.w.org\/{rel}","templated":true}]}}