{"id":93508,"date":"2020-03-18T06:00:09","date_gmt":"2020-03-18T05:00:09","guid":{"rendered":"https:\/\/www.leselfes.com\/como-preparar-a-los-ninos-para-su-primera-vez-en-un-campamento-de-verano\/"},"modified":"2024-11-12T12:41:54","modified_gmt":"2024-11-12T11:41:54","slug":"como-preparar-a-los-ninos-para-su-primera-vez-en-un-campamento-de-verano","status":"publish","type":"post","link":"https:\/\/www.leselfes.com\/es\/como-preparar-a-los-ninos-para-su-primera-vez-en-un-campamento-de-verano\/","title":{"rendered":"C\u00f3mo preparar a los ni\u00f1os para su primera vez en un campamento de verano"},"content":{"rendered":"<p>\n\n<figure><img loading=\"lazy\" decoding=\"async\" src=\"https:\/\/www.leselfes.com\/wp-content\/uploads\/2020\/03\/Sleepawaycamp_Photos_4.jpg\" alt=\"\" width=\"1200\" height=\"900\"\/><\/figure>\n<p><\/p>\n<p>Ahora que se acerca el verano, los ni\u00f1os y sus padres ya est\u00e1n pensando en el campamento.\n\u00bfVan a ir tus hijos por primera vez a un campamento para dormir? <\/p>\n<p><\/p>\n<p>Si es as\u00ed, lo m\u00e1s probable es que est\u00e9n luchando con una combinaci\u00f3n de excitaci\u00f3n y nerviosismo.<\/p>\n<p><\/p>\n<p>Los padres tampoco se libran de las emociones y esto puede hacer que el proceso de planificaci\u00f3n sea una tarea dif\u00edcil.<\/p>\n<p><\/p>\n<p>Aqu\u00ed tienes algunos consejos que te ayudar\u00e1n a superarlo.<\/p>\n<p><\/p>\n<h2 class=\"wp-block-heading\">Aseg\u00farate de que tu hijo est\u00e1 mentalmente preparado  <\/h2>\n<p><\/p>\n<p>Por muy ilusionado que est\u00e9 tu hijo por su <a href=\"https:\/\/www.scarymommy.com\/first-summer-at-sleepaway-camp\/\">primera vez en un campamento de verano<\/a>, hay varias cosas que debes hacer para prepararlo antes de que parta.<\/p>\n<p><\/p>\n<p>Si tu hijo nunca ha estado fuera de casa, la experiencia ser\u00e1 diferente para \u00e9l.<\/p>\n<p><\/p>\n<p>Prepararos con antelaci\u00f3n os ayudar\u00e1 a ambos a sentiros c\u00f3modos con el viaje que se avecina.  <\/p>\n<p><\/p>\n<h2 class=\"wp-block-heading\">Haz un simulacro de fiesta de pijamas  <img decoding=\"async\" src=\"https:\/\/www.leselfes.com\/wp-content\/uploads\/2020\/01\/Picture2.png\" alt=\"\"\/><\/h2>\n<p><\/p>\n<p>Prep\u00e1rate para un <a href=\"https:\/\/www.leselfes.com\/es\/?page_id=90108\">campamento de verano<\/a> fuera de casa organizando fiestas de pijamas fuera de casa. Es una forma ideal de comprobar lo c\u00f3modos que estar\u00e1n tus hijos cuando pasen unos d\u00edas fuera de casa. <\/p>\n<p><\/p>\n<p>Organiza una escapada de fin de semana al campo o planea una fiesta de pijamas en casa de un familiar para practicar.<\/p>\n<p><\/p>\n<p>Una vez terminada la fiesta de pijamas, pregunta a tu hijo sobre su experiencia.\n\u00bfQu\u00e9 le ha gustado de todo el viaje? <\/p>\n<p><\/p>\n<p>\u00bfQu\u00e9 es lo que no les gustaba?\n\u00bfTuvieron problemas para dormir?\n\u00bfTuvieron alg\u00fan problema?  <\/p>\n<p><\/p>\n<p>Utiliza sus comentarios para determinar lo preparados que est\u00e1n para su primera vez en un campamento de verano.<\/p>\n<p><\/p>\n<p>Esto tambi\u00e9n te ayudar\u00e1 a averiguar qu\u00e9 debes hacer para prepararles m\u00e1s antes de que se vayan.<\/p>\n<p><\/p>\n<p>Suponiendo que se sintieran inquietos, ansiosos o tuvieran dificultades para dormir, esto no deber\u00eda preocuparte.<\/p>\n<p><\/p>\n<p>Vale la pena mencionar que siempre hay una primera vez para todo.\nUna mala experiencia el primer d\u00eda no debe ser la raz\u00f3n por la que descartes el campamento de verano. <\/p>\n<p><\/p>\n<p>T\u00f3mate un tiempo antes de organizar otra fiesta de pijamas.\nIncluso puedes permitir que tu hijo vaya a fiestas de pijamas con sus amigos. <\/p>\n<p><\/p>\n<p>Con el tiempo, estos esfuerzos preparar\u00e1n al ni\u00f1o para gestionar el campamento de verano con facilidad.<\/p>\n<p><\/p>\n<h2 class=\"wp-block-heading\">Empieza los preparativos con antelaci\u00f3n<\/h2>\n<p><\/p>\n<p>Cuando se trata de un campamento para dormir, debes empezar a prepararte pronto.\nSi tu simulacro de campamento no tuvo \u00e9xito, puedes organizar otro para asegurarte de que tu hijo est\u00e1 bien preparado. <\/p>\n<p><\/p>\n<p>Puedes empezar a prepararte meses antes de que los ni\u00f1os se vayan de campamento.\nDe este modo, se sentir\u00e1n c\u00f3modos y entusiasmados de irse cuando por fin llegue el momento. <\/p>\n<p><\/p>\n<p>Adem\u00e1s de preparar sus documentos de viaje, aseg\u00farate de que se hacen un examen f\u00edsico con antelaci\u00f3n.\nAdem\u00e1s, aseg\u00farate de que reciben las vacunas necesarias. <\/p>\n<p><\/p>\n<p>Prepararse con antelaci\u00f3n es fundamental para una transici\u00f3n fluida.\nNo querr\u00e1s estar corriendo para tener las cosas hechas el \u00faltimo d\u00eda.   <\/p>\n<p><\/p>\n<h2 class=\"wp-block-heading\">Elige tu campamento de verano preferido<\/h2>\n<p><\/p>\n<p>En Suiza hay numerosos campings que acogen a ni\u00f1os locales e internacionales para acampar.<\/p>\n<p><\/p>\n<p>T\u00f3mate tu tiempo para elegir uno que satisfaga las necesidades de tu hijo.\nHay varios factores que debes tener en cuenta antes de encontrar el campamento de verano perfecto para tu hijo.   <\/p>\n<p><\/p>\n<h2 class=\"wp-block-heading\">Intereses de los ni\u00f1os<\/h2>\n<h2><img loading=\"lazy\" decoding=\"async\" src=\"https:\/\/www.leselfes.com\/wp-content\/uploads\/2020\/03\/Swimming-lessons.jpg\" alt=\"\" width=\"1024\" height=\"683\"\/><\/h2>\n<p><\/p>\n<p>Si es la primera vez que va a un campamento para dormir, averigua qu\u00e9 actividades ofrece el centro y aseg\u00farate de que responden a los intereses de tu hijo.<\/p>\n<p><\/p>\n<p>Por ejemplo, si a tu hijo le encanta nadar, averigua si el camping ofrece clases de nataci\u00f3n.<\/p>\n<p><\/p>\n<p>\u00bfTiene piscina?\n\u00bfEst\u00e1 situado cerca del mar?\n\u00bfHay cuidadores de ni\u00f1os preparados para ofrecer servicios de rescate en caso de emergencia?  <\/p>\n<p><\/p>\n<h3 class=\"wp-block-heading\">&#8211; La edad<\/h3>\n<p><\/p>\n<p>\u00bfQu\u00e9 edad permite el camping?\n\u00bfEntra tu hijo en esa franja de edad?\nAlgunos campamentos s\u00f3lo admiten ni\u00f1os de una determinada edad.    <\/p>\n<p><\/p>\n<h3 class=\"wp-block-heading\">&#8211; Seguridad<\/h3>\n<p><\/p>\n<p>La seguridad de tu hijo es una de las cosas m\u00e1s importantes a tener en cuenta cuando se trata de campamentos para dormir fuera de casa.<\/p>\n<p><\/p>\n<p>Averigua qu\u00e9 medidas ha adoptado el centro para garantizar la seguridad.\nTambi\u00e9n tienes que asegurarte de que el personal est\u00e1 cualificado y tiene experiencia.   <\/p>\n<p><\/p>\n<h3 class=\"wp-block-heading\">&#8211; \u00bfEl Camping Resort funciona todo el a\u00f1o?<\/h3>\n<p><\/p>\n<figure><img decoding=\"async\" src=\"https:\/\/www.leselfes.com\/wp-content\/uploads\/2020\/01\/Picture4-2.png\" alt=\"\"\/><\/figure>\n<p><\/p>\n<p>Elige un camping que permanezca abierto todo el a\u00f1o.\nLes Elfes es una instalaci\u00f3n de este tipo y ofrece un amplio abanico de posibilidades de acampada para tus hijos. <\/p>\n<p><\/p>\n<p>Popularmente conocido por su espectacular experiencia de campamento de invierno, a tu hijo le encantar\u00e1 acampar en el complejo.<\/p>\n<p><\/p>\n<p>Las instalaciones existen desde hace tres d\u00e9cadas y proporcionan a los visitantes s\u00f3lo la mejor experiencia de sus vidas.  <\/p>\n<p><\/p>\n<h3 class=\"wp-block-heading\">&#8211; Esqu\u00ed y excursiones<\/h3>\n<p><\/p>\n<figure><img decoding=\"async\" src=\"https:\/\/www.leselfes.com\/wp-content\/uploads\/2020\/01\/Picture5-1.png\" alt=\"\"\/><\/figure>\n<p><\/p>\n<p>Adem\u00e1s de los campamentos de invierno y verano, tus hijos tendr\u00e1n la oportunidad de participar en <a href=\"https:\/\/www.leselfes.com\/field-trips\/\">excursiones de<\/a> esqu\u00ed y <a href=\"https:\/\/www.leselfes.com\/field-trips\/\">de campo<\/a>.<\/p>\n<p><\/p>\n<p>Si a tu <a href=\"https:\/\/www.leselfes.com\/es\/?p=92356\">hijo le encanta aprender<\/a> nuevos idiomas, enviarlo al complejo de campamentos Les Elfes le expone a clases de idiomas.<\/p>\n<p><\/p>\n<p>Les Elfes est\u00e1 situado en Verbier, una de las mayores estaciones de Suiza.  <\/p>\n<p><\/p>\n<h2 class=\"wp-block-heading\">Interacciones con otros ni\u00f1os<\/h2>\n<p><img loading=\"lazy\" decoding=\"async\" src=\"https:\/\/www.leselfes.com\/wp-content\/uploads\/2020\/09\/Smiling-Group-resized.jpg\" alt=\"Smiling-Group resized\" width=\"1024\" height=\"769\"\/><\/p>\n<p><\/p>\n<p>Les Elfes es un complejo tur\u00edstico que funciona todo el a\u00f1o y acoge a m\u00e1s de 5.000 estudiantes de distintas partes del mundo cada a\u00f1o.<\/p>\n<p><\/p>\n<p>Tu hijo tendr\u00e1 la oportunidad de relacionarse con otros ni\u00f1os de diferentes or\u00edgenes, culturas y razas.\nTambi\u00e9n har\u00e1n amistades para toda la vida.   <\/p>\n<p><\/p>\n<h2 class=\"wp-block-heading\">Implica a tus hijos en el proceso de preparaci\u00f3n<\/h2>\n<p><\/p>\n<p>Implicar a tu hijo en el proceso de planificaci\u00f3n es una forma ideal de desarrollar su entusiasmo a medida que se acerca el d\u00eda de su primera vez en un campamento de verano.<\/p>\n<p><\/p>\n<p>Hay muchas cosas que pod\u00e9is hacer juntos antes de que se vayan de campamento, como: comprar el equipo adecuado en funci\u00f3n de las actividades en las que vayan a participar y hacer las maletas.<\/p>\n<p><\/p>\n<p>Dale a tu hijo la oportunidad de tomar algunas decisiones y hacer recomendaciones sobre el viaje.\nPor ejemplo, puedes pedirles que decidan qu\u00e9 ropa meten en la maleta para el campamento. <\/p>\n<p><\/p>\n<p>\u00bfNecesitar\u00e1n sus juguetes o libros?\nAlgunos de estos art\u00edculos son necesarios para ayudarles a relajarse, sobre todo de camino al campamento.   <\/p>\n<p><\/p>\n<h2 class=\"wp-block-heading\">Ten una lista de control<\/h2>\n<p><\/p>\n<figure><img decoding=\"async\" src=\"https:\/\/www.leselfes.com\/wp-content\/uploads\/2020\/01\/Picture6-1.png\" alt=\"\"\/><\/figure>\n<p><\/p>\n<p>Ten una sesi\u00f3n de brainstorming con tu hijo y proponedle los objetivos que debe alcanzar en su <a href=\"https:\/\/www.leselfes.com\/es\/?page_id=90108\">campamento de verano<\/a>.<\/p>\n<p><\/p>\n<p>Por ejemplo: superar el miedo a las alturas participando en tirolinas o puenting, aprender lo b\u00e1sico de un nuevo idioma, hacer al menos un amigo de un pa\u00eds diferente y aprender su cultura, aprender a navegar y probar una de las cocinas locales.<\/p>\n<p><\/p>\n<p>Deja que tu hijo lleve consigo la lista de control al campamento y que te env\u00ede comentarios sobre sus progresos.  <\/p>\n<p><\/p>\n<h2 class=\"wp-block-heading\">Ir de compras<\/h2>\n<p><\/p>\n<p>Puede que tu hijo no necesite ropa nueva, pero necesitar\u00e1 algunas cosas para facilitar su viaje y asegurarse de que est\u00e1 c\u00f3modo.<\/p>\n<p><\/p>\n<p>Ll\u00e9valos al centro comercial a comprar algunos art\u00edculos de primera necesidad, como pasta de dientes, jab\u00f3n de ba\u00f1o, crema hidratante y crema protectora solar especialmente formulada para ni\u00f1os.<\/p>\n<p><\/p>\n<p>No hace falta que te gastes un ojo de la cara para divertirte en tu viaje de compras.\nTambi\u00e9n podr\u00edas comprarles alg\u00fan tentempi\u00e9, pero tienes que confirmar la pol\u00edtica del campamento respecto a los alimentos. <\/p>\n<p><\/p>\n<p>C\u00f3mprales sus libros favoritos para mantenerlos ocupados de camino al campamento y completa el viaje con una enorme copa de helado.  <\/p>\n<p><\/p>\n<h2 class=\"wp-block-heading\">Cu\u00eddales el pelo<\/h2>\n<p><\/p>\n<p>Lleva a tu hijo a que le corten el pelo o se lo limpien a fondo antes de que pueda ir al campamento.\nAdem\u00e1s, conviene que les revisen para ver si tienen piojos. <\/p>\n<p><\/p>\n<p>Recuerda que muchos campamentos realizan controles de piojos a todos los campistas a su llegada.\nNo querr\u00e1s que tu hijo se quede en el hospital del campamento para recibir tratamiento mientras sus compa\u00f1eros est\u00e1n fuera divirti\u00e9ndose. <\/p>\n<p><\/p>\n<p>Adem\u00e1s, quieres evitar los costes que supondr\u00eda que tu hijo recibiera tratamiento en el hospital del campamento.\nEs mejor que tomes precauciones y afrontes el problema con antelaci\u00f3n.   <\/p>\n<p><\/p>\n<h2 class=\"wp-block-heading\">Controla las expectativas<\/h2>\n<p><\/p>\n<p>Aunque tu hijo se emocionar\u00e1 al ir por primera vez a un campamento de verano, la forma en que respondas es fundamental.<\/p>\n<p><\/p>\n<p>Por ejemplo, algunos padres animan a sus hijos utilizando diferentes palabras como todo ir\u00e1 bien, no tienes que preocuparte y te lo pasar\u00e1s muy bien.<\/p>\n<p><\/p>\n<p>Aunque esto pueda ser cierto, es importante hacer saber a tu hijo que los primeros d\u00edas ser\u00e1n un poco duros antes de que se acostumbre al horario del campamento.<\/p>\n<p><\/p>\n<p>Hazles saber que esto es normal no s\u00f3lo para los primerizos, sino tambi\u00e9n para los campistas veteranos que visitan un campamento nuevo.<\/p>\n<p><\/p>\n<p>P\u00eddeles que compartan sus preocupaciones y miedos y discute c\u00f3mo pueden manejarlos.\nAl final, aseg\u00farate de que tu hijo comprende que hay un momento para todo. <\/p>\n<p><\/p>\n<p>Todos los retos a los que se enfrenten en el campamento les ayudar\u00e1n a adquirir la experiencia que necesitan para superar obst\u00e1culos mayores.  <\/p>\n<p><\/p>\n<h2 class=\"wp-block-heading\">Evita ponerte demasiado emocional el d\u00eda de la partida<\/h2>\n<p><\/p>\n<p>Los padres pueden emocionarse demasiado cuando sus hijos se van de casa a un campamento de aventura.<\/p>\n<p><\/p>\n<p>Aunque estos sentimientos son normales, debes evitar una situaci\u00f3n que te haga derrumbarte delante de los ni\u00f1os.<\/p>\n<p><\/p>\n<p>Esto puede hacer que se sientan tristes y culpables por haberte dejado sola.\nPuedes llorar todo lo que quieras aunque lejos de los ni\u00f1os.   <\/p>\n<p><\/p>\n<h2 class=\"wp-block-heading\">Por fin<\/h2>\n<p><img loading=\"lazy\" decoding=\"async\" src=\"https:\/\/www.leselfes.com\/wp-content\/uploads\/2020\/03\/camp-nature.jpg\" alt=\"\" width=\"1200\" height=\"900\"\/><\/p>\n<p><\/p>\n<p>Participar en un campamento de verano es un momento emocionante para tu hijo.\nEs una oportunidad para que se enfrente al mundo desde una perspectiva diferente, aprenda cosas nuevas y crezca.\nPor supuesto, los primerizos experimentar\u00e1n diversos retos durante los primeros d\u00edas.\nSin embargo, aprender\u00e1n a salir de situaciones dif\u00edciles mejor cuando est\u00e9n fuera que en casa.   <\/p>\n<p><\/p>\n<p>No s\u00f3lo aprender\u00e1n a ser independientes, sino que tambi\u00e9n se dar\u00e1n cuenta de sus puntos fuertes.\nCon tu cooperaci\u00f3n y el apoyo de los supervisores del campamento, tus hijos se beneficiar\u00e1n de asistir a un <a href=\"\">campamento de verano<\/a>. <\/p>\n<p><\/p><\/p>\n","protected":false},"excerpt":{"rendered":"<p>Ahora que se acerca el verano, los ni\u00f1os y sus padres ya est\u00e1n pensando en el campamento. \u00bfVan a ir tus hijos por primera vez a un campamento para dormir?&#8230;<\/p>\n","protected":false},"author":1,"featured_media":72579,"comment_status":"open","ping_status":"open","sticky":false,"template":"","format":"standard","meta":{"_acf_changed":false,"inline_featured_image":false,"footnotes":""},"categories":[1368],"tags":[1850,1847,1849,1851,1848],"class_list":{"0":"post-93508","1":"post","2":"type-post","3":"status-publish","4":"format-standard","5":"has-post-thumbnail","7":"category-articulos","8":"tag-como-preparar-a-tu-hijo-para-el-campamento-de-verano","9":"tag-como-prepararse-para-un-campamento-de-verano","10":"tag-consejos-para-hacer-la-maleta","11":"tag-primera-vez-en-un-campamento-de-verano","12":"tag-trucos-para-campamentos-de-verano"},"acf":[],"yoast_head":"<!-- This site is optimized with the Yoast SEO Premium plugin v24.2 (Yoast SEO v24.7) - https:\/\/yoast.com\/wordpress\/plugins\/seo\/ -->\n<title>C\u00f3mo preparar a los ni\u00f1os para su primera vez en un campamento de verano - Les Elfes International Camps Switzerland<\/title>\n<meta name=\"robots\" content=\"index, follow, max-snippet:-1, max-image-preview:large, max-video-preview:-1\" \/>\n<link rel=\"canonical\" href=\"https:\/\/www.leselfes.com\/es\/como-preparar-a-los-ninos-para-su-primera-vez-en-un-campamento-de-verano\/\" \/>\n<meta property=\"og:locale\" content=\"es_ES\" \/>\n<meta property=\"og:type\" content=\"article\" \/>\n<meta property=\"og:title\" content=\"C\u00f3mo preparar a los ni\u00f1os para su primera vez en un campamento de verano\" \/>\n<meta property=\"og:description\" content=\"Ahora que se acerca el verano, los ni\u00f1os y sus padres ya est\u00e1n pensando en el campamento. \u00bfVan a ir tus hijos por primera vez a un campamento para dormir?...\" \/>\n<meta property=\"og:url\" content=\"https:\/\/www.leselfes.com\/es\/como-preparar-a-los-ninos-para-su-primera-vez-en-un-campamento-de-verano\/\" \/>\n<meta property=\"og:site_name\" content=\"Les Elfes International Camps Switzerland\" \/>\n<meta property=\"article:publisher\" content=\"https:\/\/www.facebook.com\/LesElfesVerbier\" \/>\n<meta property=\"article:published_time\" content=\"2020-03-18T05:00:09+00:00\" \/>\n<meta property=\"article:modified_time\" content=\"2024-11-12T11:41:54+00:00\" \/>\n<meta property=\"og:image\" content=\"https:\/\/dev.leselfes.com\/wp-content\/uploads\/2020\/01\/camp-1163419_960_720.jpg\" \/>\n\t<meta property=\"og:image:width\" content=\"958\" \/>\n\t<meta property=\"og:image:height\" content=\"720\" \/>\n\t<meta property=\"og:image:type\" content=\"image\/jpeg\" \/>\n<meta name=\"author\" content=\"lesadmin\" \/>\n<meta name=\"twitter:card\" content=\"summary_large_image\" \/>\n<meta name=\"twitter:creator\" content=\"@LesElfesCamps\" \/>\n<meta name=\"twitter:site\" content=\"@LesElfesCamps\" \/>\n<meta name=\"twitter:label1\" content=\"Escrito por\" \/>\n\t<meta name=\"twitter:data1\" content=\"lesadmin\" \/>\n\t<meta name=\"twitter:label2\" content=\"Tiempo de lectura\" \/>\n\t<meta name=\"twitter:data2\" content=\"9 minutos\" \/>\n<script type=\"application\/ld+json\" class=\"yoast-schema-graph\">{\"@context\":\"https:\/\/schema.org\",\"@graph\":[{\"@type\":\"Article\",\"@id\":\"https:\/\/www.leselfes.com\/es\/como-preparar-a-los-ninos-para-su-primera-vez-en-un-campamento-de-verano\/#article\",\"isPartOf\":{\"@id\":\"https:\/\/www.leselfes.com\/es\/como-preparar-a-los-ninos-para-su-primera-vez-en-un-campamento-de-verano\/\"},\"author\":{\"name\":\"lesadmin\",\"@id\":\"https:\/\/dev.leselfes.com\/#\/schema\/person\/407a229698868b8c603874b19f37f289\"},\"headline\":\"C\u00f3mo preparar a los ni\u00f1os para su primera vez en un campamento de verano\",\"datePublished\":\"2020-03-18T05:00:09+00:00\",\"dateModified\":\"2024-11-12T11:41:54+00:00\",\"mainEntityOfPage\":{\"@id\":\"https:\/\/www.leselfes.com\/es\/como-preparar-a-los-ninos-para-su-primera-vez-en-un-campamento-de-verano\/\"},\"wordCount\":1743,\"commentCount\":0,\"publisher\":{\"@id\":\"https:\/\/dev.leselfes.com\/#organization\"},\"image\":{\"@id\":\"https:\/\/www.leselfes.com\/es\/como-preparar-a-los-ninos-para-su-primera-vez-en-un-campamento-de-verano\/#primaryimage\"},\"thumbnailUrl\":\"https:\/\/www.leselfes.com\/wp-content\/uploads\/2020\/01\/camp-1163419_960_720.jpg\",\"keywords\":[\"c\u00f3mo preparar a tu hijo para el campamento de verano\",\"c\u00f3mo prepararse para un campamento de verano\",\"consejos para hacer la maleta\",\"primera vez en un campamento de verano\",\"trucos para campamentos de verano\"],\"articleSection\":[\"Art\u00edculos\"],\"inLanguage\":\"es\",\"potentialAction\":[{\"@type\":\"CommentAction\",\"name\":\"Comment\",\"target\":[\"https:\/\/www.leselfes.com\/es\/como-preparar-a-los-ninos-para-su-primera-vez-en-un-campamento-de-verano\/#respond\"]}]},{\"@type\":\"WebPage\",\"@id\":\"https:\/\/www.leselfes.com\/es\/como-preparar-a-los-ninos-para-su-primera-vez-en-un-campamento-de-verano\/\",\"url\":\"https:\/\/www.leselfes.com\/es\/como-preparar-a-los-ninos-para-su-primera-vez-en-un-campamento-de-verano\/\",\"name\":\"C\u00f3mo preparar a los ni\u00f1os para su primera vez en un campamento de verano - Les Elfes International Camps Switzerland\",\"isPartOf\":{\"@id\":\"https:\/\/dev.leselfes.com\/#website\"},\"primaryImageOfPage\":{\"@id\":\"https:\/\/www.leselfes.com\/es\/como-preparar-a-los-ninos-para-su-primera-vez-en-un-campamento-de-verano\/#primaryimage\"},\"image\":{\"@id\":\"https:\/\/www.leselfes.com\/es\/como-preparar-a-los-ninos-para-su-primera-vez-en-un-campamento-de-verano\/#primaryimage\"},\"thumbnailUrl\":\"https:\/\/www.leselfes.com\/wp-content\/uploads\/2020\/01\/camp-1163419_960_720.jpg\",\"datePublished\":\"2020-03-18T05:00:09+00:00\",\"dateModified\":\"2024-11-12T11:41:54+00:00\",\"breadcrumb\":{\"@id\":\"https:\/\/www.leselfes.com\/es\/como-preparar-a-los-ninos-para-su-primera-vez-en-un-campamento-de-verano\/#breadcrumb\"},\"inLanguage\":\"es\",\"potentialAction\":[{\"@type\":\"ReadAction\",\"target\":[\"https:\/\/www.leselfes.com\/es\/como-preparar-a-los-ninos-para-su-primera-vez-en-un-campamento-de-verano\/\"]}]},{\"@type\":\"ImageObject\",\"inLanguage\":\"es\",\"@id\":\"https:\/\/www.leselfes.com\/es\/como-preparar-a-los-ninos-para-su-primera-vez-en-un-campamento-de-verano\/#primaryimage\",\"url\":\"https:\/\/www.leselfes.com\/wp-content\/uploads\/2020\/01\/camp-1163419_960_720.jpg\",\"contentUrl\":\"https:\/\/www.leselfes.com\/wp-content\/uploads\/2020\/01\/camp-1163419_960_720.jpg\",\"width\":958,\"height\":720},{\"@type\":\"BreadcrumbList\",\"@id\":\"https:\/\/www.leselfes.com\/es\/como-preparar-a-los-ninos-para-su-primera-vez-en-un-campamento-de-verano\/#breadcrumb\",\"itemListElement\":[{\"@type\":\"ListItem\",\"position\":1,\"name\":\"Home\",\"item\":\"https:\/\/www.leselfes.com\/es\/inicio\/\"},{\"@type\":\"ListItem\",\"position\":2,\"name\":\"C\u00f3mo preparar a los ni\u00f1os para su primera vez en un campamento de verano\"}]},{\"@type\":\"WebSite\",\"@id\":\"https:\/\/dev.leselfes.com\/#website\",\"url\":\"https:\/\/dev.leselfes.com\/\",\"name\":\"Les Elfes International\",\"description\":\"Les Elfes International, Verbier Switzerland. Summer Camp, Winter Camp, Spring Camps.\",\"publisher\":{\"@id\":\"https:\/\/dev.leselfes.com\/#organization\"},\"alternateName\":\"Les Elfes International\",\"potentialAction\":[{\"@type\":\"SearchAction\",\"target\":{\"@type\":\"EntryPoint\",\"urlTemplate\":\"https:\/\/dev.leselfes.com\/?s={search_term_string}\"},\"query-input\":{\"@type\":\"PropertyValueSpecification\",\"valueRequired\":true,\"valueName\":\"search_term_string\"}}],\"inLanguage\":\"es\"},{\"@type\":\"Organization\",\"@id\":\"https:\/\/dev.leselfes.com\/#organization\",\"name\":\"Les Elfes International\",\"alternateName\":\"Les Elfes International\",\"url\":\"https:\/\/dev.leselfes.com\/\",\"logo\":{\"@type\":\"ImageObject\",\"inLanguage\":\"es\",\"@id\":\"https:\/\/dev.leselfes.com\/#\/schema\/logo\/image\/\",\"url\":\"https:\/\/www.leselfes.com\/wp-content\/uploads\/2022\/03\/leselfes-logo.png\",\"contentUrl\":\"https:\/\/www.leselfes.com\/wp-content\/uploads\/2022\/03\/leselfes-logo.png\",\"width\":233,\"height\":51,\"caption\":\"Les Elfes International\"},\"image\":{\"@id\":\"https:\/\/dev.leselfes.com\/#\/schema\/logo\/image\/\"},\"sameAs\":[\"https:\/\/www.facebook.com\/LesElfesVerbier\",\"https:\/\/x.com\/LesElfesCamps\",\"https:\/\/www.instagram.com\/leselfes\",\"https:\/\/www.linkedin.com\/company\/les-elfes-international\",\"https:\/\/www.youtube.com\/user\/LesElfesVerbier\"]},{\"@type\":\"Person\",\"@id\":\"https:\/\/dev.leselfes.com\/#\/schema\/person\/407a229698868b8c603874b19f37f289\",\"name\":\"lesadmin\",\"image\":{\"@type\":\"ImageObject\",\"inLanguage\":\"es\",\"@id\":\"https:\/\/dev.leselfes.com\/#\/schema\/person\/image\/\",\"url\":\"https:\/\/secure.gravatar.com\/avatar\/fdb243a028df450397b3632d862f87f6?s=96&d=mm&r=g\",\"contentUrl\":\"https:\/\/secure.gravatar.com\/avatar\/fdb243a028df450397b3632d862f87f6?s=96&d=mm&r=g\",\"caption\":\"lesadmin\"},\"url\":\"https:\/\/www.leselfes.com\/es\/author\/lesadmin\/\"}]}<\/script>\n<!-- \/ Yoast SEO Premium plugin. -->","yoast_head_json":{"title":"C\u00f3mo preparar a los ni\u00f1os para su primera vez en un campamento de verano - Les Elfes International Camps Switzerland","robots":{"index":"index","follow":"follow","max-snippet":"max-snippet:-1","max-image-preview":"max-image-preview:large","max-video-preview":"max-video-preview:-1"},"canonical":"https:\/\/www.leselfes.com\/es\/como-preparar-a-los-ninos-para-su-primera-vez-en-un-campamento-de-verano\/","og_locale":"es_ES","og_type":"article","og_title":"C\u00f3mo preparar a los ni\u00f1os para su primera vez en un campamento de verano","og_description":"Ahora que se acerca el verano, los ni\u00f1os y sus padres ya est\u00e1n pensando en el campamento. \u00bfVan a ir tus hijos por primera vez a un campamento para dormir?...","og_url":"https:\/\/www.leselfes.com\/es\/como-preparar-a-los-ninos-para-su-primera-vez-en-un-campamento-de-verano\/","og_site_name":"Les Elfes International Camps Switzerland","article_publisher":"https:\/\/www.facebook.com\/LesElfesVerbier","article_published_time":"2020-03-18T05:00:09+00:00","article_modified_time":"2024-11-12T11:41:54+00:00","og_image":[{"width":958,"height":720,"url":"https:\/\/dev.leselfes.com\/wp-content\/uploads\/2020\/01\/camp-1163419_960_720.jpg","type":"image\/jpeg"}],"author":"lesadmin","twitter_card":"summary_large_image","twitter_creator":"@LesElfesCamps","twitter_site":"@LesElfesCamps","twitter_misc":{"Escrito por":"lesadmin","Tiempo de lectura":"9 minutos"},"schema":{"@context":"https:\/\/schema.org","@graph":[{"@type":"Article","@id":"https:\/\/www.leselfes.com\/es\/como-preparar-a-los-ninos-para-su-primera-vez-en-un-campamento-de-verano\/#article","isPartOf":{"@id":"https:\/\/www.leselfes.com\/es\/como-preparar-a-los-ninos-para-su-primera-vez-en-un-campamento-de-verano\/"},"author":{"name":"lesadmin","@id":"https:\/\/dev.leselfes.com\/#\/schema\/person\/407a229698868b8c603874b19f37f289"},"headline":"C\u00f3mo preparar a los ni\u00f1os para su primera vez en un campamento de verano","datePublished":"2020-03-18T05:00:09+00:00","dateModified":"2024-11-12T11:41:54+00:00","mainEntityOfPage":{"@id":"https:\/\/www.leselfes.com\/es\/como-preparar-a-los-ninos-para-su-primera-vez-en-un-campamento-de-verano\/"},"wordCount":1743,"commentCount":0,"publisher":{"@id":"https:\/\/dev.leselfes.com\/#organization"},"image":{"@id":"https:\/\/www.leselfes.com\/es\/como-preparar-a-los-ninos-para-su-primera-vez-en-un-campamento-de-verano\/#primaryimage"},"thumbnailUrl":"https:\/\/www.leselfes.com\/wp-content\/uploads\/2020\/01\/camp-1163419_960_720.jpg","keywords":["c\u00f3mo preparar a tu hijo para el campamento de verano","c\u00f3mo prepararse para un campamento de verano","consejos para hacer la maleta","primera vez en un campamento de verano","trucos para campamentos de verano"],"articleSection":["Art\u00edculos"],"inLanguage":"es","potentialAction":[{"@type":"CommentAction","name":"Comment","target":["https:\/\/www.leselfes.com\/es\/como-preparar-a-los-ninos-para-su-primera-vez-en-un-campamento-de-verano\/#respond"]}]},{"@type":"WebPage","@id":"https:\/\/www.leselfes.com\/es\/como-preparar-a-los-ninos-para-su-primera-vez-en-un-campamento-de-verano\/","url":"https:\/\/www.leselfes.com\/es\/como-preparar-a-los-ninos-para-su-primera-vez-en-un-campamento-de-verano\/","name":"C\u00f3mo preparar a los ni\u00f1os para su primera vez en un campamento de verano - Les Elfes International Camps Switzerland","isPartOf":{"@id":"https:\/\/dev.leselfes.com\/#website"},"primaryImageOfPage":{"@id":"https:\/\/www.leselfes.com\/es\/como-preparar-a-los-ninos-para-su-primera-vez-en-un-campamento-de-verano\/#primaryimage"},"image":{"@id":"https:\/\/www.leselfes.com\/es\/como-preparar-a-los-ninos-para-su-primera-vez-en-un-campamento-de-verano\/#primaryimage"},"thumbnailUrl":"https:\/\/www.leselfes.com\/wp-content\/uploads\/2020\/01\/camp-1163419_960_720.jpg","datePublished":"2020-03-18T05:00:09+00:00","dateModified":"2024-11-12T11:41:54+00:00","breadcrumb":{"@id":"https:\/\/www.leselfes.com\/es\/como-preparar-a-los-ninos-para-su-primera-vez-en-un-campamento-de-verano\/#breadcrumb"},"inLanguage":"es","potentialAction":[{"@type":"ReadAction","target":["https:\/\/www.leselfes.com\/es\/como-preparar-a-los-ninos-para-su-primera-vez-en-un-campamento-de-verano\/"]}]},{"@type":"ImageObject","inLanguage":"es","@id":"https:\/\/www.leselfes.com\/es\/como-preparar-a-los-ninos-para-su-primera-vez-en-un-campamento-de-verano\/#primaryimage","url":"https:\/\/www.leselfes.com\/wp-content\/uploads\/2020\/01\/camp-1163419_960_720.jpg","contentUrl":"https:\/\/www.leselfes.com\/wp-content\/uploads\/2020\/01\/camp-1163419_960_720.jpg","width":958,"height":720},{"@type":"BreadcrumbList","@id":"https:\/\/www.leselfes.com\/es\/como-preparar-a-los-ninos-para-su-primera-vez-en-un-campamento-de-verano\/#breadcrumb","itemListElement":[{"@type":"ListItem","position":1,"name":"Home","item":"https:\/\/www.leselfes.com\/es\/inicio\/"},{"@type":"ListItem","position":2,"name":"C\u00f3mo preparar a los ni\u00f1os para su primera vez en un campamento de verano"}]},{"@type":"WebSite","@id":"https:\/\/dev.leselfes.com\/#website","url":"https:\/\/dev.leselfes.com\/","name":"Les Elfes International","description":"Les Elfes International, Verbier Switzerland. Summer Camp, Winter Camp, Spring Camps.","publisher":{"@id":"https:\/\/dev.leselfes.com\/#organization"},"alternateName":"Les Elfes International","potentialAction":[{"@type":"SearchAction","target":{"@type":"EntryPoint","urlTemplate":"https:\/\/dev.leselfes.com\/?s={search_term_string}"},"query-input":{"@type":"PropertyValueSpecification","valueRequired":true,"valueName":"search_term_string"}}],"inLanguage":"es"},{"@type":"Organization","@id":"https:\/\/dev.leselfes.com\/#organization","name":"Les Elfes International","alternateName":"Les Elfes International","url":"https:\/\/dev.leselfes.com\/","logo":{"@type":"ImageObject","inLanguage":"es","@id":"https:\/\/dev.leselfes.com\/#\/schema\/logo\/image\/","url":"https:\/\/www.leselfes.com\/wp-content\/uploads\/2022\/03\/leselfes-logo.png","contentUrl":"https:\/\/www.leselfes.com\/wp-content\/uploads\/2022\/03\/leselfes-logo.png","width":233,"height":51,"caption":"Les Elfes International"},"image":{"@id":"https:\/\/dev.leselfes.com\/#\/schema\/logo\/image\/"},"sameAs":["https:\/\/www.facebook.com\/LesElfesVerbier","https:\/\/x.com\/LesElfesCamps","https:\/\/www.instagram.com\/leselfes","https:\/\/www.linkedin.com\/company\/les-elfes-international","https:\/\/www.youtube.com\/user\/LesElfesVerbier"]},{"@type":"Person","@id":"https:\/\/dev.leselfes.com\/#\/schema\/person\/407a229698868b8c603874b19f37f289","name":"lesadmin","image":{"@type":"ImageObject","inLanguage":"es","@id":"https:\/\/dev.leselfes.com\/#\/schema\/person\/image\/","url":"https:\/\/secure.gravatar.com\/avatar\/fdb243a028df450397b3632d862f87f6?s=96&d=mm&r=g","contentUrl":"https:\/\/secure.gravatar.com\/avatar\/fdb243a028df450397b3632d862f87f6?s=96&d=mm&r=g","caption":"lesadmin"},"url":"https:\/\/www.leselfes.com\/es\/author\/lesadmin\/"}]}},"_links":{"self":[{"href":"https:\/\/www.leselfes.com\/es\/wp-json\/wp\/v2\/posts\/93508"}],"collection":[{"href":"https:\/\/www.leselfes.com\/es\/wp-json\/wp\/v2\/posts"}],"about":[{"href":"https:\/\/www.leselfes.com\/es\/wp-json\/wp\/v2\/types\/post"}],"author":[{"embeddable":true,"href":"https:\/\/www.leselfes.com\/es\/wp-json\/wp\/v2\/users\/1"}],"replies":[{"embeddable":true,"href":"https:\/\/www.leselfes.com\/es\/wp-json\/wp\/v2\/comments?post=93508"}],"version-history":[{"count":0,"href":"https:\/\/www.leselfes.com\/es\/wp-json\/wp\/v2\/posts\/93508\/revisions"}],"wp:featuredmedia":[{"embeddable":true,"href":"https:\/\/www.leselfes.com\/es\/wp-json\/wp\/v2\/media\/72579"}],"wp:attachment":[{"href":"https:\/\/www.leselfes.com\/es\/wp-json\/wp\/v2\/media?parent=93508"}],"wp:term":[{"taxonomy":"category","embeddable":true,"href":"https:\/\/www.leselfes.com\/es\/wp-json\/wp\/v2\/categories?post=93508"},{"taxonomy":"post_tag","embeddable":true,"href":"https:\/\/www.leselfes.com\/es\/wp-json\/wp\/v2\/tags?post=93508"}],"curies":[{"name":"wp","href":"https:\/\/api.w.org\/{rel}","templated":true}]}}