{"id":93513,"date":"2020-05-27T06:31:24","date_gmt":"2020-05-27T04:31:24","guid":{"rendered":"https:\/\/www.leselfes.com\/como-crear-un-programa-de-campamento-infantil-de-verano-memorable\/"},"modified":"2024-11-12T12:41:45","modified_gmt":"2024-11-12T11:41:45","slug":"como-crear-un-programa-de-campamento-infantil-de-verano-memorable","status":"publish","type":"post","link":"https:\/\/www.leselfes.com\/es\/como-crear-un-programa-de-campamento-infantil-de-verano-memorable\/","title":{"rendered":"C\u00f3mo crear un programa de campamento infantil de verano memorable"},"content":{"rendered":"&#13;\n<p>\u00bfEst\u00e1s planeando un viaje de campamento de verano para tus alumnos?\nSi la respuesta es afirmativa, es importante tener un plan de acci\u00f3n adecuado.\nEn primer lugar, determina el lugar de acampada y decide si el viaje ser\u00e1 diurno o nocturno.  <\/p>&#13;\n<p><\/p><\/p>\n<p>\n&#13;\n<p>Si te decides por un campamento nocturno, tendr\u00e1s que tener en cuenta muchas otras cosas.\nEntre ellas, el alojamiento y las comidas.\nSi la mayor\u00eda de los participantes prefieren una opci\u00f3n de acampada diurna, tendr\u00e1s que contratar un servicio de transporte fiable.\nAdem\u00e1s, tendr\u00e1s que conseguir voluntarios que se encarguen de supervisar a los ni\u00f1os.\nEl \u00faltimo paso ser\u00e1 calcular la cantidad total que deber\u00e1 aportar cada participante.    <\/p>&#13;\n<p><\/p><\/p>\n<p>\n&#13;\n<p>\u00bfQu\u00e9 otros factores debes tener en cuenta?\nSigue leyendo para averiguarlo.\nTambi\u00e9n estableceremos por qu\u00e9 deber\u00edas ir de acampada de verano en Suiza.    <\/p>&#13;\n<p><\/p><\/p>\n<p>\n&#13;\n<h2 class=\"wp-block-heading\">Qu\u00e9 incluir en tu programa de campamento de verano para ni\u00f1os<\/h2>&#13;\n<p><\/p><\/p>\n<p>\n&#13;\n<h3 class=\"wp-block-heading\">&#8211; Juegos de campamento<\/h3>&#13;\n<p><\/p><\/p>\n<p>\n&#13;\n<p>Suponiendo que el <a href=\"https:\/\/redtri.com\/national-summer-programs-for-families\/\">campamento de verano para ni\u00f1os<\/a> vaya a ser una estancia de una noche, querr\u00e1s tener suficientes actividades para mantener a los ni\u00f1os ocupados. Recuerda que deben ser diferentes del tema principal de tu programa. Elige juegos de interior divertidos e interesantes en funci\u00f3n de las edades de los ni\u00f1os.  <\/p>&#13;\n<p><\/p><\/p>\n<p>\n&#13;\n<p>Los ni\u00f1os pueden participar en algunas de estas actividades por la noche alrededor de una hoguera.\n\u00c9stas pueden incluir la narraci\u00f3n de cuentos, la observaci\u00f3n de las estrellas y la fotograf\u00eda nocturna. <\/p>&#13;\n<p><\/p><\/p>\n<p>\n&#13;\n<p>Algunas de las actividades que los ni\u00f1os pueden disfrutar durante el d\u00eda son la caza del tesoro, los relevos y las carreras de sacos.\nLos juegos son estrategias sencillas y precisas que puedes utilizar para ayudar a los ni\u00f1os a relajarse.\nTambi\u00e9n ayudan a que los ni\u00f1os estrechen lazos y les animan a trabajar en equipo.    <\/p>&#13;\n<p><\/p><\/p>\n<p>\n&#13;\n<h3 class=\"wp-block-heading\">&#8211; Temas de campamentos infantiles de verano<\/h3>&#13;\n<p><\/p><\/p>\n<figure><img decoding=\"async\" src=\"https:\/\/www.leselfes.com\/wp-content\/uploads\/2021\/06\/Summer-Kids-Camp-Themes.jpg\" alt=\"Temas del campamento de verano para ni\u00f1os\"><\/figure>\n<p><!-- \/wp:image --><\/p>\n<p><!-- wp:paragraph --><\/p>\n<p>Cuando planifiques un viaje de campamento de verano para ni\u00f1os, ten un tema adecuado para ellos.<br \/>\nEsto ayudar\u00e1 a los participantes a saber qu\u00e9 pueden esperar de \u00e9l.<br \/>\nCompartir el tema con suficiente antelaci\u00f3n ayuda a los participantes a hacer cambios en funci\u00f3n de sus necesidades y expectativas.  <\/p>\n<p><!-- \/wp:paragraph --><\/p>\n<p><!-- wp:paragraph --><\/p>\n<p>Algunos temas que puedes incluir en tu programa son la aventura, la nataci\u00f3n, la pesca, el arte y las manualidades, y el senderismo.<br \/>\nPuedes hacer que los ni\u00f1os elijan sus temas con antelaci\u00f3n.<br \/>\nEsto te ayudar\u00e1 a decidir qu\u00e9 debes modificar o eliminar.    <\/p>\n<p><!-- \/wp:paragraph --><\/p>\n<p><!-- wp:heading {\"level\":3} --><\/p>\n<h3>&#8211; Asignar tiempo libre<\/h3>\n<p><!-- \/wp:heading --><\/p>\n<p><!-- wp:paragraph --><\/p>\n<p>Normalmente, a las acampadas infantiles de verano acuden muchos ni\u00f1os de distintas partes del mundo.<br \/>\nAun as\u00ed, debes incluir tiempo libre en el programa.<br \/>\nLos ni\u00f1os pueden aprovechar este tiempo para meditar, conectar consigo mismos o hacer nuevos amigos.  <\/p>\n<p><!-- \/wp:paragraph --><\/p>\n<p><!-- wp:paragraph --><\/p>\n<p>Una de las mejores formas en que los ni\u00f1os pueden utilizar su tiempo libre es escribiendo su opini\u00f3n sobre <a href=\"https:\/\/www.leselfes.com\/es\/?page_id=90108\">el campamento de verano<\/a>. Incluso pueden tener un diario donde escriban sus actividades diarias. Recuerda que el verano es la \u00e9poca en que debes dejar a los ni\u00f1os libertad para hacer cosas por su cuenta. Sin embargo, debes animarles cuando sea necesario.     <\/p>\n<p><!-- \/wp:paragraph --><\/p>\n<p><!-- wp:heading {\"level\":3} --><\/p>\n<h3>&#8211; Incluye un d\u00eda especial<\/h3>\n<p><!-- \/wp:heading --><\/p>\n<p><!-- wp:paragraph --><\/p>\n<p>Considera la posibilidad de incluir un d\u00eda especial en tu programa de campamento de verano para ni\u00f1os.<br \/>\nPuede ser una fiesta de convivencia o un d\u00eda cultural y de talentos.<br \/>\nAqu\u00ed, los ni\u00f1os tendr\u00e1n la oportunidad de mostrar su tradici\u00f3n y cultura y aprender tambi\u00e9n sobre otras culturas.<br \/>\nEn el d\u00eda del talento, los ni\u00f1os tendr\u00e1n que demostrar sus habilidades, como bailar, tocar la guitarra, pintar y cantar.     <\/p>\n<p><!-- \/wp:paragraph --><\/p>\n<p><!-- wp:heading {\"level\":3} --><\/p>\n<h3>&#8211; Consejeros<\/h3>\n<p><!-- \/wp:heading --><\/p>\n<p><!-- wp:paragraph --><\/p>\n<p>Cuando planifiques un programa de campamento de verano para ni\u00f1os, considera la posibilidad de contar con m\u00e9dicos y monitores.<br \/>\nAlgunos campamentos los tienen a bordo, lo que significa que no tienes que subcontratarlos mientras acampas. <\/p>\n<p><!-- \/wp:paragraph --><\/p>\n<p><!-- wp:paragraph --><\/p>\n<p>\u00c9sta es una de las razones por las que deber\u00edas plantearte acampar en <a href=\"https:\/\/www.leselfes.com\/es\/?page_id=90057\">Les Elfes<\/a>. El campamento, que funciona todo el a\u00f1o, existe desde hace m\u00e1s de 30 a\u00f1os. Los campistas disfrutan de una amplia gama de actividades divertidas y emocionantes. Adem\u00e1s, el personal se esfuerza por ofrecer a los campistas una experiencia memorable.   <\/p>\n<p><!-- \/wp:paragraph --><\/p>\n<p><!-- wp:paragraph --><\/p>\n<p>\u00bfPor qu\u00e9 son importantes los orientadores y los m\u00e9dicos en una acampada infantil de verano?<br \/>\nA veces los ni\u00f1os sienten nostalgia, sobre todo si acampan por primera vez.<br \/>\nAlgunos ni\u00f1os que rinden muy mal en el campamento pueden estar deprimidos y aqu\u00ed es donde entra en juego un orientador o un m\u00e9dico.  <\/p>\n<p><!-- \/wp:paragraph --><\/p>\n<p><!-- wp:paragraph --><\/p>\n<p>Estos expertos desempe\u00f1an un papel muy importante a la hora de ayudar a los ni\u00f1os a sentirse c\u00f3modos.<br \/>\nLos orientadores tambi\u00e9n observan las pautas de comportamiento de los ni\u00f1os y colaboran con los organizadores para sacar lo mejor de cada uno.<br \/>\nEsto ayuda a mejorar la calidad de la experiencia del campamento de verano para ni\u00f1os.  <\/p>\n<p><!-- \/wp:paragraph --><\/p>\n<p><!-- wp:heading {\"level\":3} --><\/p>\n<h3>&#8211; Deportes de aventura<\/h3>\n<p><!-- \/wp:heading --><\/p>\n<p>&nbsp;<\/p>\n<p><!-- wp:image {\"id\":38295,\"sizeSlug\":\"large\"} --><\/p>\n<figure><img decoding=\"async\" src=\"https:\/\/www.leselfes.com\/wp-content\/uploads\/2021\/06\/Adventure-Sports.jpg\" alt=\"Deportes de aventura\"><\/figure>\n<p><!-- \/wp:image --><\/p>\n<p><!-- wp:paragraph --><\/p>\n<p>Los deportes de aventura son actividades interesantes y divertidas que los ni\u00f1os buscan cuando van de acampada.<br \/>\nIncluye varios deportes, como cruzar r\u00edos, escalar rocas, volar en parapente y bucear con tubo, en tu programa de campamento de verano para ni\u00f1os.<br \/>\nEstos deportes de aventura requieren un equipo especializado que puedes comprar.  <\/p>\n<p><!-- \/wp:paragraph --><\/p>\n<p><!-- wp:paragraph --><\/p>\n<p>Sin embargo, no tienes que pasar por el engorro de <a href=\"https:\/\/www.protectchagos.org\/tips-to-consider-when-choosing-camping-gear\/\">elegir el mejor equipo<\/a> para tus hijos. Les Elfes dispone de este material, que puedes alquilar a precios razonables. Recuerda que los ni\u00f1os necesitar\u00e1n supervisi\u00f3n mientras practican estos deportes. El campamento cuenta con expertos cualificados, pero tambi\u00e9n puedes traer a tu supervisor preferido.   <\/p>\n<p><!-- \/wp:paragraph --><\/p>\n<p><!-- wp:paragraph --><\/p>\n<p>Aseg\u00farate de que los ni\u00f1os s\u00f3lo participan en los deportes que les gustan.<br \/>\nEn lugar de obligarles a participar en actividades que les dan miedo, an\u00edmales.<br \/>\nEsto puede ayudar a aumentar su moral para participar.<br \/>\nTambi\u00e9n puedes permitirles que participen en la actividad bajo la supervisi\u00f3n de un adulto.<br \/>\nEsto les ayudar\u00e1 a mejorar su confianza.      <\/p>\n<p><!-- \/wp:paragraph --><\/p>\n<p><!-- wp:heading {\"level\":3} --><\/p>\n<h3>&#8211; D\u00eda del Arte<\/h3>\n<p><!-- \/wp:heading --><\/p>\n<p><!-- wp:paragraph --><\/p>\n<p>Un d\u00eda de arte es imprescindible en un campamento de verano para ni\u00f1os.<br \/>\nLos ni\u00f1os pueden aprender pintura, cer\u00e1mica e incluso dibujo.<br \/>\nPuedes animar a los ni\u00f1os a decorar partes del campamento seg\u00fan sus preferencias.<br \/>\nAdem\u00e1s, puedes organizar una exposici\u00f3n para mostrar diferentes manualidades hechas por los ni\u00f1os.<br \/>\nTambi\u00e9n puede resultar \u00fatil una cuerda o pared de gratitud para campamentos de verano infantiles.<br \/>\nCuelga todas las manualidades que hagan los ni\u00f1os en la cuerda o p\u00e9galas en la pared.<br \/>\nUtiliza pinzas de colores para conseguir un resultado final atractivo.        <\/p>\n<p>&nbsp;<\/p>\n<p><!-- \/wp:paragraph --><\/p>\n<p><!-- wp:heading --><\/p>\n<h2>Por qu\u00e9 elegir Suiza para un campamento infantil de verano<\/h2>\n<p><!-- \/wp:heading --><\/p>\n<p>&nbsp;<\/p>\n<p>&nbsp;<\/p>\n<p><!-- wp:image {\"id\":38296,\"sizeSlug\":\"large\"} --><\/p>\n<figure><img loading=\"lazy\" decoding=\"async\" src=\"https:\/\/www.leselfes.com\/wp-content\/uploads\/2021\/06\/Summer-Kids-Camp.jpg\" alt=\"Campamento infantil de verano\" width=\"799\" height=\"600\"><\/figure>\n<p><!-- \/wp:image --><\/p>\n<p><!-- wp:paragraph --><\/p>\n<p>Suiza es un gran destino de vacaciones de verano que a tus hijos les encantar\u00e1 visitar.<br \/>\nHay muchas razones por las que deber\u00edas incluir este pa\u00eds en tu programa de campamento de verano para ni\u00f1os.<br \/>\nPor ejemplo, los campistas tienen la oportunidad de acampar al aire libre junto a pintorescos lagos, monta\u00f1as y bosques.  <\/p>\n<p><!-- \/wp:paragraph --><\/p>\n<p><!-- wp:paragraph --><\/p>\n<p>Suiza presume de tener algunos de los mejores paisajes naturales de toda Europa.<br \/>\nDesde el territorio alpino hasta los serenos bosques y las verdes llanuras, este pa\u00eds es un santuario para los amantes de la naturaleza.<br \/>\nTanto si eres extrovertido como reservado, Suiza es un lugar divertido donde podr\u00e1s disfrutar de una amplia gama de actividades interesantes.  <\/p>\n<p><!-- \/wp:paragraph --><\/p>\n<p>&nbsp;<\/p>\n<p><!-- wp:heading --><\/p>\n<h2>Por fin<\/h2>\n<p><!-- \/wp:heading --><\/p>\n<p><!-- wp:paragraph --><\/p>\n<p>El verano trae consigo emociones en las que tanto ni\u00f1os como adultos est\u00e1n deseando ir de acampada y participar en divertidas actividades al aire libre.<br \/>\nUtiliza estos consejos para crear un programa de campamento de verano para ni\u00f1os que a tus hijos les encantar\u00e1 y recordar\u00e1n muchos a\u00f1os despu\u00e9s.   <\/p>\n<p><!-- \/wp:paragraph --><\/p>\n<p>&nbsp;<\/p>\n","protected":false},"excerpt":{"rendered":"<p>&#13; \u00bfEst\u00e1s planeando un viaje de campamento de verano para tus alumnos? Si la respuesta es afirmativa, es importante tener un plan de acci\u00f3n adecuado. En primer lugar, determina el&#8230;<\/p>\n","protected":false},"author":1,"featured_media":73002,"comment_status":"open","ping_status":"open","sticky":false,"template":"","format":"standard","meta":{"_acf_changed":false,"inline_featured_image":false,"footnotes":""},"categories":[1368,1373],"tags":[1852,1853],"class_list":{"0":"post-93513","1":"post","2":"type-post","3":"status-publish","4":"format-standard","5":"has-post-thumbnail","7":"category-articulos","8":"category-campamento-de-verano","9":"tag-memorable-campamento-de-verano-para-ninos","10":"tag-programa-de-campamento-infantil-de-verano"},"acf":[],"yoast_head":"<!-- This site is optimized with the Yoast SEO Premium plugin v24.2 (Yoast SEO v24.7) - https:\/\/yoast.com\/wordpress\/plugins\/seo\/ -->\n<title>C\u00f3mo crear un programa de campamento infantil de verano memorable - Les Elfes International Camps Switzerland<\/title>\n<meta name=\"robots\" content=\"index, follow, max-snippet:-1, max-image-preview:large, max-video-preview:-1\" \/>\n<link rel=\"canonical\" href=\"https:\/\/www.leselfes.com\/es\/como-crear-un-programa-de-campamento-infantil-de-verano-memorable\/\" \/>\n<meta property=\"og:locale\" content=\"es_ES\" \/>\n<meta property=\"og:type\" content=\"article\" \/>\n<meta property=\"og:title\" content=\"C\u00f3mo crear un programa de campamento infantil de verano memorable\" \/>\n<meta property=\"og:description\" content=\"&#013; \u00bfEst\u00e1s planeando un viaje de campamento de verano para tus alumnos? Si la respuesta es afirmativa, es importante tener un plan de acci\u00f3n adecuado. En primer lugar, determina el...\" \/>\n<meta property=\"og:url\" content=\"https:\/\/www.leselfes.com\/es\/como-crear-un-programa-de-campamento-infantil-de-verano-memorable\/\" \/>\n<meta property=\"og:site_name\" content=\"Les Elfes International Camps Switzerland\" \/>\n<meta property=\"article:publisher\" content=\"https:\/\/www.facebook.com\/LesElfesVerbier\" \/>\n<meta property=\"article:published_time\" content=\"2020-05-27T04:31:24+00:00\" \/>\n<meta property=\"article:modified_time\" content=\"2024-11-12T11:41:45+00:00\" \/>\n<meta property=\"og:image\" content=\"https:\/\/dev.leselfes.com\/wp-content\/uploads\/2020\/05\/Memorable-Summer-Kids-Camp-Program.jpg\" \/>\n\t<meta property=\"og:image:width\" content=\"975\" \/>\n\t<meta property=\"og:image:height\" content=\"675\" \/>\n\t<meta property=\"og:image:type\" content=\"image\/jpeg\" \/>\n<meta name=\"author\" content=\"lesadmin\" \/>\n<meta name=\"twitter:card\" content=\"summary_large_image\" \/>\n<meta name=\"twitter:creator\" content=\"@LesElfesCamps\" \/>\n<meta name=\"twitter:site\" content=\"@LesElfesCamps\" \/>\n<meta name=\"twitter:label1\" content=\"Escrito por\" \/>\n\t<meta name=\"twitter:data1\" content=\"lesadmin\" \/>\n\t<meta name=\"twitter:label2\" content=\"Tiempo de lectura\" \/>\n\t<meta name=\"twitter:data2\" content=\"6 minutos\" \/>\n<script type=\"application\/ld+json\" class=\"yoast-schema-graph\">{\"@context\":\"https:\/\/schema.org\",\"@graph\":[{\"@type\":\"Article\",\"@id\":\"https:\/\/www.leselfes.com\/es\/como-crear-un-programa-de-campamento-infantil-de-verano-memorable\/#article\",\"isPartOf\":{\"@id\":\"https:\/\/www.leselfes.com\/es\/como-crear-un-programa-de-campamento-infantil-de-verano-memorable\/\"},\"author\":{\"name\":\"lesadmin\",\"@id\":\"https:\/\/dev.leselfes.com\/#\/schema\/person\/407a229698868b8c603874b19f37f289\"},\"headline\":\"C\u00f3mo crear un programa de campamento infantil de verano memorable\",\"datePublished\":\"2020-05-27T04:31:24+00:00\",\"dateModified\":\"2024-11-12T11:41:45+00:00\",\"mainEntityOfPage\":{\"@id\":\"https:\/\/www.leselfes.com\/es\/como-crear-un-programa-de-campamento-infantil-de-verano-memorable\/\"},\"wordCount\":1310,\"commentCount\":0,\"publisher\":{\"@id\":\"https:\/\/dev.leselfes.com\/#organization\"},\"image\":{\"@id\":\"https:\/\/www.leselfes.com\/es\/como-crear-un-programa-de-campamento-infantil-de-verano-memorable\/#primaryimage\"},\"thumbnailUrl\":\"https:\/\/www.leselfes.com\/wp-content\/uploads\/2020\/05\/Memorable-Summer-Kids-Camp-Program.jpg\",\"keywords\":[\"Memorable campamento de verano para ni\u00f1os\",\"Programa de Campamento Infantil de Verano\"],\"articleSection\":[\"Art\u00edculos\",\"Campamento de verano\"],\"inLanguage\":\"es\",\"potentialAction\":[{\"@type\":\"CommentAction\",\"name\":\"Comment\",\"target\":[\"https:\/\/www.leselfes.com\/es\/como-crear-un-programa-de-campamento-infantil-de-verano-memorable\/#respond\"]}]},{\"@type\":\"WebPage\",\"@id\":\"https:\/\/www.leselfes.com\/es\/como-crear-un-programa-de-campamento-infantil-de-verano-memorable\/\",\"url\":\"https:\/\/www.leselfes.com\/es\/como-crear-un-programa-de-campamento-infantil-de-verano-memorable\/\",\"name\":\"C\u00f3mo crear un programa de campamento infantil de verano memorable - Les Elfes International Camps Switzerland\",\"isPartOf\":{\"@id\":\"https:\/\/dev.leselfes.com\/#website\"},\"primaryImageOfPage\":{\"@id\":\"https:\/\/www.leselfes.com\/es\/como-crear-un-programa-de-campamento-infantil-de-verano-memorable\/#primaryimage\"},\"image\":{\"@id\":\"https:\/\/www.leselfes.com\/es\/como-crear-un-programa-de-campamento-infantil-de-verano-memorable\/#primaryimage\"},\"thumbnailUrl\":\"https:\/\/www.leselfes.com\/wp-content\/uploads\/2020\/05\/Memorable-Summer-Kids-Camp-Program.jpg\",\"datePublished\":\"2020-05-27T04:31:24+00:00\",\"dateModified\":\"2024-11-12T11:41:45+00:00\",\"breadcrumb\":{\"@id\":\"https:\/\/www.leselfes.com\/es\/como-crear-un-programa-de-campamento-infantil-de-verano-memorable\/#breadcrumb\"},\"inLanguage\":\"es\",\"potentialAction\":[{\"@type\":\"ReadAction\",\"target\":[\"https:\/\/www.leselfes.com\/es\/como-crear-un-programa-de-campamento-infantil-de-verano-memorable\/\"]}]},{\"@type\":\"ImageObject\",\"inLanguage\":\"es\",\"@id\":\"https:\/\/www.leselfes.com\/es\/como-crear-un-programa-de-campamento-infantil-de-verano-memorable\/#primaryimage\",\"url\":\"https:\/\/www.leselfes.com\/wp-content\/uploads\/2020\/05\/Memorable-Summer-Kids-Camp-Program.jpg\",\"contentUrl\":\"https:\/\/www.leselfes.com\/wp-content\/uploads\/2020\/05\/Memorable-Summer-Kids-Camp-Program.jpg\",\"width\":975,\"height\":675},{\"@type\":\"BreadcrumbList\",\"@id\":\"https:\/\/www.leselfes.com\/es\/como-crear-un-programa-de-campamento-infantil-de-verano-memorable\/#breadcrumb\",\"itemListElement\":[{\"@type\":\"ListItem\",\"position\":1,\"name\":\"Home\",\"item\":\"https:\/\/www.leselfes.com\/es\/inicio\/\"},{\"@type\":\"ListItem\",\"position\":2,\"name\":\"C\u00f3mo crear un programa de campamento infantil de verano memorable\"}]},{\"@type\":\"WebSite\",\"@id\":\"https:\/\/dev.leselfes.com\/#website\",\"url\":\"https:\/\/dev.leselfes.com\/\",\"name\":\"Les Elfes International\",\"description\":\"Les Elfes International, Verbier Switzerland. Summer Camp, Winter Camp, Spring Camps.\",\"publisher\":{\"@id\":\"https:\/\/dev.leselfes.com\/#organization\"},\"alternateName\":\"Les Elfes International\",\"potentialAction\":[{\"@type\":\"SearchAction\",\"target\":{\"@type\":\"EntryPoint\",\"urlTemplate\":\"https:\/\/dev.leselfes.com\/?s={search_term_string}\"},\"query-input\":{\"@type\":\"PropertyValueSpecification\",\"valueRequired\":true,\"valueName\":\"search_term_string\"}}],\"inLanguage\":\"es\"},{\"@type\":\"Organization\",\"@id\":\"https:\/\/dev.leselfes.com\/#organization\",\"name\":\"Les Elfes International\",\"alternateName\":\"Les Elfes International\",\"url\":\"https:\/\/dev.leselfes.com\/\",\"logo\":{\"@type\":\"ImageObject\",\"inLanguage\":\"es\",\"@id\":\"https:\/\/dev.leselfes.com\/#\/schema\/logo\/image\/\",\"url\":\"https:\/\/www.leselfes.com\/wp-content\/uploads\/2022\/03\/leselfes-logo.png\",\"contentUrl\":\"https:\/\/www.leselfes.com\/wp-content\/uploads\/2022\/03\/leselfes-logo.png\",\"width\":233,\"height\":51,\"caption\":\"Les Elfes International\"},\"image\":{\"@id\":\"https:\/\/dev.leselfes.com\/#\/schema\/logo\/image\/\"},\"sameAs\":[\"https:\/\/www.facebook.com\/LesElfesVerbier\",\"https:\/\/x.com\/LesElfesCamps\",\"https:\/\/www.instagram.com\/leselfes\",\"https:\/\/www.linkedin.com\/company\/les-elfes-international\",\"https:\/\/www.youtube.com\/user\/LesElfesVerbier\"]},{\"@type\":\"Person\",\"@id\":\"https:\/\/dev.leselfes.com\/#\/schema\/person\/407a229698868b8c603874b19f37f289\",\"name\":\"lesadmin\",\"image\":{\"@type\":\"ImageObject\",\"inLanguage\":\"es\",\"@id\":\"https:\/\/dev.leselfes.com\/#\/schema\/person\/image\/\",\"url\":\"https:\/\/secure.gravatar.com\/avatar\/fdb243a028df450397b3632d862f87f6?s=96&d=mm&r=g\",\"contentUrl\":\"https:\/\/secure.gravatar.com\/avatar\/fdb243a028df450397b3632d862f87f6?s=96&d=mm&r=g\",\"caption\":\"lesadmin\"},\"url\":\"https:\/\/www.leselfes.com\/es\/author\/lesadmin\/\"}]}<\/script>\n<!-- \/ Yoast SEO Premium plugin. -->","yoast_head_json":{"title":"C\u00f3mo crear un programa de campamento infantil de verano memorable - Les Elfes International Camps Switzerland","robots":{"index":"index","follow":"follow","max-snippet":"max-snippet:-1","max-image-preview":"max-image-preview:large","max-video-preview":"max-video-preview:-1"},"canonical":"https:\/\/www.leselfes.com\/es\/como-crear-un-programa-de-campamento-infantil-de-verano-memorable\/","og_locale":"es_ES","og_type":"article","og_title":"C\u00f3mo crear un programa de campamento infantil de verano memorable","og_description":"&#13; \u00bfEst\u00e1s planeando un viaje de campamento de verano para tus alumnos? Si la respuesta es afirmativa, es importante tener un plan de acci\u00f3n adecuado. En primer lugar, determina el...","og_url":"https:\/\/www.leselfes.com\/es\/como-crear-un-programa-de-campamento-infantil-de-verano-memorable\/","og_site_name":"Les Elfes International Camps Switzerland","article_publisher":"https:\/\/www.facebook.com\/LesElfesVerbier","article_published_time":"2020-05-27T04:31:24+00:00","article_modified_time":"2024-11-12T11:41:45+00:00","og_image":[{"width":975,"height":675,"url":"https:\/\/dev.leselfes.com\/wp-content\/uploads\/2020\/05\/Memorable-Summer-Kids-Camp-Program.jpg","type":"image\/jpeg"}],"author":"lesadmin","twitter_card":"summary_large_image","twitter_creator":"@LesElfesCamps","twitter_site":"@LesElfesCamps","twitter_misc":{"Escrito por":"lesadmin","Tiempo de lectura":"6 minutos"},"schema":{"@context":"https:\/\/schema.org","@graph":[{"@type":"Article","@id":"https:\/\/www.leselfes.com\/es\/como-crear-un-programa-de-campamento-infantil-de-verano-memorable\/#article","isPartOf":{"@id":"https:\/\/www.leselfes.com\/es\/como-crear-un-programa-de-campamento-infantil-de-verano-memorable\/"},"author":{"name":"lesadmin","@id":"https:\/\/dev.leselfes.com\/#\/schema\/person\/407a229698868b8c603874b19f37f289"},"headline":"C\u00f3mo crear un programa de campamento infantil de verano memorable","datePublished":"2020-05-27T04:31:24+00:00","dateModified":"2024-11-12T11:41:45+00:00","mainEntityOfPage":{"@id":"https:\/\/www.leselfes.com\/es\/como-crear-un-programa-de-campamento-infantil-de-verano-memorable\/"},"wordCount":1310,"commentCount":0,"publisher":{"@id":"https:\/\/dev.leselfes.com\/#organization"},"image":{"@id":"https:\/\/www.leselfes.com\/es\/como-crear-un-programa-de-campamento-infantil-de-verano-memorable\/#primaryimage"},"thumbnailUrl":"https:\/\/www.leselfes.com\/wp-content\/uploads\/2020\/05\/Memorable-Summer-Kids-Camp-Program.jpg","keywords":["Memorable campamento de verano para ni\u00f1os","Programa de Campamento Infantil de Verano"],"articleSection":["Art\u00edculos","Campamento de verano"],"inLanguage":"es","potentialAction":[{"@type":"CommentAction","name":"Comment","target":["https:\/\/www.leselfes.com\/es\/como-crear-un-programa-de-campamento-infantil-de-verano-memorable\/#respond"]}]},{"@type":"WebPage","@id":"https:\/\/www.leselfes.com\/es\/como-crear-un-programa-de-campamento-infantil-de-verano-memorable\/","url":"https:\/\/www.leselfes.com\/es\/como-crear-un-programa-de-campamento-infantil-de-verano-memorable\/","name":"C\u00f3mo crear un programa de campamento infantil de verano memorable - Les Elfes International Camps Switzerland","isPartOf":{"@id":"https:\/\/dev.leselfes.com\/#website"},"primaryImageOfPage":{"@id":"https:\/\/www.leselfes.com\/es\/como-crear-un-programa-de-campamento-infantil-de-verano-memorable\/#primaryimage"},"image":{"@id":"https:\/\/www.leselfes.com\/es\/como-crear-un-programa-de-campamento-infantil-de-verano-memorable\/#primaryimage"},"thumbnailUrl":"https:\/\/www.leselfes.com\/wp-content\/uploads\/2020\/05\/Memorable-Summer-Kids-Camp-Program.jpg","datePublished":"2020-05-27T04:31:24+00:00","dateModified":"2024-11-12T11:41:45+00:00","breadcrumb":{"@id":"https:\/\/www.leselfes.com\/es\/como-crear-un-programa-de-campamento-infantil-de-verano-memorable\/#breadcrumb"},"inLanguage":"es","potentialAction":[{"@type":"ReadAction","target":["https:\/\/www.leselfes.com\/es\/como-crear-un-programa-de-campamento-infantil-de-verano-memorable\/"]}]},{"@type":"ImageObject","inLanguage":"es","@id":"https:\/\/www.leselfes.com\/es\/como-crear-un-programa-de-campamento-infantil-de-verano-memorable\/#primaryimage","url":"https:\/\/www.leselfes.com\/wp-content\/uploads\/2020\/05\/Memorable-Summer-Kids-Camp-Program.jpg","contentUrl":"https:\/\/www.leselfes.com\/wp-content\/uploads\/2020\/05\/Memorable-Summer-Kids-Camp-Program.jpg","width":975,"height":675},{"@type":"BreadcrumbList","@id":"https:\/\/www.leselfes.com\/es\/como-crear-un-programa-de-campamento-infantil-de-verano-memorable\/#breadcrumb","itemListElement":[{"@type":"ListItem","position":1,"name":"Home","item":"https:\/\/www.leselfes.com\/es\/inicio\/"},{"@type":"ListItem","position":2,"name":"C\u00f3mo crear un programa de campamento infantil de verano memorable"}]},{"@type":"WebSite","@id":"https:\/\/dev.leselfes.com\/#website","url":"https:\/\/dev.leselfes.com\/","name":"Les Elfes International","description":"Les Elfes International, Verbier Switzerland. Summer Camp, Winter Camp, Spring Camps.","publisher":{"@id":"https:\/\/dev.leselfes.com\/#organization"},"alternateName":"Les Elfes International","potentialAction":[{"@type":"SearchAction","target":{"@type":"EntryPoint","urlTemplate":"https:\/\/dev.leselfes.com\/?s={search_term_string}"},"query-input":{"@type":"PropertyValueSpecification","valueRequired":true,"valueName":"search_term_string"}}],"inLanguage":"es"},{"@type":"Organization","@id":"https:\/\/dev.leselfes.com\/#organization","name":"Les Elfes International","alternateName":"Les Elfes International","url":"https:\/\/dev.leselfes.com\/","logo":{"@type":"ImageObject","inLanguage":"es","@id":"https:\/\/dev.leselfes.com\/#\/schema\/logo\/image\/","url":"https:\/\/www.leselfes.com\/wp-content\/uploads\/2022\/03\/leselfes-logo.png","contentUrl":"https:\/\/www.leselfes.com\/wp-content\/uploads\/2022\/03\/leselfes-logo.png","width":233,"height":51,"caption":"Les Elfes International"},"image":{"@id":"https:\/\/dev.leselfes.com\/#\/schema\/logo\/image\/"},"sameAs":["https:\/\/www.facebook.com\/LesElfesVerbier","https:\/\/x.com\/LesElfesCamps","https:\/\/www.instagram.com\/leselfes","https:\/\/www.linkedin.com\/company\/les-elfes-international","https:\/\/www.youtube.com\/user\/LesElfesVerbier"]},{"@type":"Person","@id":"https:\/\/dev.leselfes.com\/#\/schema\/person\/407a229698868b8c603874b19f37f289","name":"lesadmin","image":{"@type":"ImageObject","inLanguage":"es","@id":"https:\/\/dev.leselfes.com\/#\/schema\/person\/image\/","url":"https:\/\/secure.gravatar.com\/avatar\/fdb243a028df450397b3632d862f87f6?s=96&d=mm&r=g","contentUrl":"https:\/\/secure.gravatar.com\/avatar\/fdb243a028df450397b3632d862f87f6?s=96&d=mm&r=g","caption":"lesadmin"},"url":"https:\/\/www.leselfes.com\/es\/author\/lesadmin\/"}]}},"_links":{"self":[{"href":"https:\/\/www.leselfes.com\/es\/wp-json\/wp\/v2\/posts\/93513"}],"collection":[{"href":"https:\/\/www.leselfes.com\/es\/wp-json\/wp\/v2\/posts"}],"about":[{"href":"https:\/\/www.leselfes.com\/es\/wp-json\/wp\/v2\/types\/post"}],"author":[{"embeddable":true,"href":"https:\/\/www.leselfes.com\/es\/wp-json\/wp\/v2\/users\/1"}],"replies":[{"embeddable":true,"href":"https:\/\/www.leselfes.com\/es\/wp-json\/wp\/v2\/comments?post=93513"}],"version-history":[{"count":0,"href":"https:\/\/www.leselfes.com\/es\/wp-json\/wp\/v2\/posts\/93513\/revisions"}],"wp:featuredmedia":[{"embeddable":true,"href":"https:\/\/www.leselfes.com\/es\/wp-json\/wp\/v2\/media\/73002"}],"wp:attachment":[{"href":"https:\/\/www.leselfes.com\/es\/wp-json\/wp\/v2\/media?parent=93513"}],"wp:term":[{"taxonomy":"category","embeddable":true,"href":"https:\/\/www.leselfes.com\/es\/wp-json\/wp\/v2\/categories?post=93513"},{"taxonomy":"post_tag","embeddable":true,"href":"https:\/\/www.leselfes.com\/es\/wp-json\/wp\/v2\/tags?post=93513"}],"curies":[{"name":"wp","href":"https:\/\/api.w.org\/{rel}","templated":true}]}}