{"id":93569,"date":"2022-10-20T13:38:43","date_gmt":"2022-10-20T11:38:43","guid":{"rendered":"https:\/\/www.leselfes.com\/como-ayuda-el-campamento-de-invierno-al-desarrollo-personal-de-los-ninos\/"},"modified":"2024-11-12T12:42:46","modified_gmt":"2024-11-12T11:42:46","slug":"como-ayuda-el-campamento-de-invierno-al-desarrollo-personal-de-los-ninos","status":"publish","type":"post","link":"https:\/\/www.leselfes.com\/es\/como-ayuda-el-campamento-de-invierno-al-desarrollo-personal-de-los-ninos\/","title":{"rendered":"\u00bfC\u00f3mo ayuda el campamento de invierno al desarrollo personal de los ni\u00f1os?"},"content":{"rendered":"<p>Cualquier padre que haya participado en actividades divertidas durante <a href=\"https:\/\/www.leselfes.com\/es\/?page_id=90132\" target=\"_blank\" rel=\"noopener\">un campamento de invierno<\/a> cuando era joven, est\u00e1 de acuerdo en que el campamento desempe\u00f1\u00f3 un gran papel a la hora de inculcarles habilidades para la vida. Los campamentos de invierno desempe\u00f1an un papel importante en el impulso del desarrollo personal de los ni\u00f1os. Los educadores pueden ser conscientes de que los campamentos pueden ayudar a prevenir la p\u00e9rdida de aprendizaje en invierno.  <\/p>\n<p>Aunque el invierno puede ser sombr\u00edo y fr\u00edo, embellece el exterior con hielo, copos de nieve, aguanieve y nieve.<br \/>\nLos campistas pueden utilizar estos materiales para experimentar con su creatividad y <b>desarrollar habilidades para resolver problemas<\/b>.<br \/>\nVivimos en la era digital, en la que muchos ni\u00f1os prefieren sentarse delante de sus dispositivos electr\u00f3nicos en vez de acampar en el fr\u00edo invierno.    <b>\u00bfC\u00f3mo puede contribuir el campamento de invierno al desarrollo personal de un ni\u00f1o?<\/b>  Sigue leyendo para averiguarlo.<\/p>\n<p style=\"text-align: center;\"><a href=\"https:\/\/www.leselfes.com\/es\/?page_id=90132\" target=\"_blank\" rel=\"noopener\"><button style=\"background-color: #1e93c2; color: #fff; border: #E2804A;\" type=\"button\">\u00danete al Campamento de Invierno 2024<\/button><\/a><\/p>\n<h4>\n\t\t\t\t<div id=\"ez-toc-container\" class=\"ez-toc-v2_0_73 ez-toc-wrap-left counter-hierarchy ez-toc-counter ez-toc-grey ez-toc-container-direction\">\n<div class=\"ez-toc-title-container\">\n<span class=\"ez-toc-title ez-toc-toggle\" style=\"cursor:pointer\">Table of Contents<\/span>\n<span class=\"ez-toc-title-toggle\"><a href=\"#\" class=\"ez-toc-pull-right ez-toc-btn ez-toc-btn-xs ez-toc-btn-default ez-toc-toggle\" aria-label=\"Alternar tabla de contenidos\"><span class=\"ez-toc-js-icon-con\"><span class=\"\"><span class=\"eztoc-hide\" style=\"display:none;\">Toggle<\/span><span class=\"ez-toc-icon-toggle-span\"><svg style=\"fill: #999;color:#999\" xmlns=\"http:\/\/www.w3.org\/2000\/svg\" class=\"list-377408\" width=\"20px\" height=\"20px\" viewBox=\"0 0 24 24\" fill=\"none\"><path d=\"M6 6H4v2h2V6zm14 0H8v2h12V6zM4 11h2v2H4v-2zm16 0H8v2h12v-2zM4 16h2v2H4v-2zm16 0H8v2h12v-2z\" fill=\"currentColor\"><\/path><\/svg><svg style=\"fill: #999;color:#999\" class=\"arrow-unsorted-368013\" xmlns=\"http:\/\/www.w3.org\/2000\/svg\" width=\"10px\" height=\"10px\" viewBox=\"0 0 24 24\" version=\"1.2\" baseProfile=\"tiny\"><path d=\"M18.2 9.3l-6.2-6.3-6.2 6.3c-.2.2-.3.4-.3.7s.1.5.3.7c.2.2.4.3.7.3h11c.3 0 .5-.1.7-.3.2-.2.3-.5.3-.7s-.1-.5-.3-.7zM5.8 14.7l6.2 6.3 6.2-6.3c.2-.2.3-.5.3-.7s-.1-.5-.3-.7c-.2-.2-.4-.3-.7-.3h-11c-.3 0-.5.1-.7.3-.2.2-.3.5-.3.7s.1.5.3.7z\"\/><\/svg><\/span><\/span><\/span><\/a><\/span><\/div>\n<nav><ul class='ez-toc-list ez-toc-list-level-1 eztoc-toggle-hide-by-default' ><li class='ez-toc-page-1 ez-toc-heading-level-2'><a class=\"ez-toc-link ez-toc-heading-1\" href=\"https:\/\/www.leselfes.com\/es\/como-ayuda-el-campamento-de-invierno-al-desarrollo-personal-de-los-ninos\/#%C2%BFCual_es_la_finalidad_de_un_campamento_de_invierno\" title=\"\u00bfCu\u00e1l es la finalidad de un campamento de invierno?\">\u00bfCu\u00e1l es la finalidad de un campamento de invierno?<\/a><ul class='ez-toc-list-level-3' ><li class='ez-toc-heading-level-3'><a class=\"ez-toc-link ez-toc-heading-2\" href=\"https:\/\/www.leselfes.com\/es\/como-ayuda-el-campamento-de-invierno-al-desarrollo-personal-de-los-ninos\/#Aprendizaje_crecimiento_y_desarrollo_personal\" title=\"Aprendizaje, crecimiento y desarrollo personal\">Aprendizaje, crecimiento y desarrollo personal<\/a><\/li><li class='ez-toc-page-1 ez-toc-heading-level-3'><a class=\"ez-toc-link ez-toc-heading-3\" href=\"https:\/\/www.leselfes.com\/es\/como-ayuda-el-campamento-de-invierno-al-desarrollo-personal-de-los-ninos\/#Reducir_el_tiempo_frente_a_la_pantalla\" title=\"Reducir el tiempo frente a la pantalla\">Reducir el tiempo frente a la pantalla<\/a><\/li><li class='ez-toc-page-1 ez-toc-heading-level-3'><a class=\"ez-toc-link ez-toc-heading-4\" href=\"https:\/\/www.leselfes.com\/es\/como-ayuda-el-campamento-de-invierno-al-desarrollo-personal-de-los-ninos\/#Promover_el_Desarrollo_de_Habilidades_Criticas_para_la_Vida\" title=\"Promover el Desarrollo de Habilidades Cr\u00edticas para la Vida\">Promover el Desarrollo de Habilidades Cr\u00edticas para la Vida<\/a><\/li><\/ul><\/li><li class='ez-toc-page-1 ez-toc-heading-level-2'><a class=\"ez-toc-link ez-toc-heading-5\" href=\"https:\/\/www.leselfes.com\/es\/como-ayuda-el-campamento-de-invierno-al-desarrollo-personal-de-los-ninos\/#%C2%BFComo_ayuda_el_campamento_de_invierno_al_desarrollo_personal_de_los_ninos\" title=\"\u00bfC\u00f3mo ayuda el campamento de invierno al desarrollo personal de los ni\u00f1os?\">\u00bfC\u00f3mo ayuda el campamento de invierno al desarrollo personal de los ni\u00f1os?<\/a><ul class='ez-toc-list-level-3' ><li class='ez-toc-heading-level-3'><a class=\"ez-toc-link ez-toc-heading-6\" href=\"https:\/\/www.leselfes.com\/es\/como-ayuda-el-campamento-de-invierno-al-desarrollo-personal-de-los-ninos\/#Fomentar_la_autoestima_y_la_amistad\" title=\"Fomentar la autoestima y la amistad\">Fomentar la autoestima y la amistad<\/a><\/li><\/ul><\/li><li class='ez-toc-page-1 ez-toc-heading-level-2'><a class=\"ez-toc-link ez-toc-heading-7\" href=\"https:\/\/www.leselfes.com\/es\/como-ayuda-el-campamento-de-invierno-al-desarrollo-personal-de-los-ninos\/#%C2%BFQue_fue_lo_mas_importante_que_aprendiste_en_el_Campamento_de_Invierno\" title=\"\u00bfQu\u00e9 fue lo m\u00e1s importante que aprendiste en el Campamento de Invierno?\">\u00bfQu\u00e9 fue lo m\u00e1s importante que aprendiste en el Campamento de Invierno?<\/a><ul class='ez-toc-list-level-3' ><li class='ez-toc-heading-level-3'><a class=\"ez-toc-link ez-toc-heading-8\" href=\"https:\/\/www.leselfes.com\/es\/como-ayuda-el-campamento-de-invierno-al-desarrollo-personal-de-los-ninos\/#Asumir_riesgos\" title=\"Asumir riesgos\">Asumir riesgos<\/a><\/li><li class='ez-toc-page-1 ez-toc-heading-level-3'><a class=\"ez-toc-link ez-toc-heading-9\" href=\"https:\/\/www.leselfes.com\/es\/como-ayuda-el-campamento-de-invierno-al-desarrollo-personal-de-los-ninos\/#Flexibilidad\" title=\"Flexibilidad\">Flexibilidad<\/a><\/li><li class='ez-toc-page-1 ez-toc-heading-level-3'><a class=\"ez-toc-link ez-toc-heading-10\" href=\"https:\/\/www.leselfes.com\/es\/como-ayuda-el-campamento-de-invierno-al-desarrollo-personal-de-los-ninos\/#Conciencia_cultural_e_inclusion\" title=\"Conciencia cultural e inclusi\u00f3n\">Conciencia cultural e inclusi\u00f3n<\/a><\/li><li class='ez-toc-page-1 ez-toc-heading-level-3'><a class=\"ez-toc-link ez-toc-heading-11\" href=\"https:\/\/www.leselfes.com\/es\/como-ayuda-el-campamento-de-invierno-al-desarrollo-personal-de-los-ninos\/#Crecimiento_emocional\" title=\"Crecimiento emocional\">Crecimiento emocional<\/a><\/li><\/ul><\/li><li class='ez-toc-page-1 ez-toc-heading-level-2'><a class=\"ez-toc-link ez-toc-heading-12\" href=\"https:\/\/www.leselfes.com\/es\/como-ayuda-el-campamento-de-invierno-al-desarrollo-personal-de-los-ninos\/#Conclusion\" title=\"Conclusi\u00f3n\">Conclusi\u00f3n<\/a><\/li><\/ul><\/nav><\/div>\n\t\t\t<\/h4>\n<h2><span class=\"ez-toc-section\" id=\"%C2%BFCual_es_la_finalidad_de_un_campamento_de_invierno\"><\/span>\u00bfCu\u00e1l es la finalidad de un campamento de invierno?<span class=\"ez-toc-section-end\"><\/span><\/h2>\n<p><!-- \/wp:heading --><\/p>\n<p><!-- wp:image {\"align\":\"center\",\"id\":45991,\"width\":625,\"height\":454,\"sizeSlug\":\"full\",\"linkDestination\":\"none\"} --><\/p>\n<figure><img loading=\"lazy\" decoding=\"async\" src=\"https:\/\/www.leselfes.com\/wp-content\/uploads\/2023\/03\/Purpose-of-a-Winter-Camp.jpg\" alt=\"Finalidad de un campamento de invierno\" width=\"625\" height=\"454\"><\/figure>\n<p><!-- \/wp:image --><\/p>\n<p><!-- wp:paragraph --><\/p>\n<p>Enviar a los ni\u00f1os de acampada invernal les permite participar en actividades al aire libre, como el snowboard, manteni\u00e9ndolos activos.<br \/>\nLa nieve y el hielo permiten a los acampados <strong>desarrollar nuevas habilidades<\/strong>, como la fuerza y la motricidad gruesa, al tiempo que potencian la coordinaci\u00f3n para que tengan m\u00e1s confianza en s\u00ed mismos.<br \/>\nAdem\u00e1s de mantener unas pr\u00e1cticas sanitarias adecuadas, enviar a tu hijo a un campamento de invierno le ayuda a <strong>adquirir excelentes dotes de liderazgo<\/strong>.<br \/>\nUna vez reanudado el colegio, los ni\u00f1os que asistieron al campamento recordar\u00e1n las cosas m\u00e1s f\u00e1cilmente que los que no lo hicieron.<br \/>\nOtras actividades divertidas que los ni\u00f1os pueden realizar en un campamento de invierno son el senderismo invernal, la pesca en el hielo, la escalada, el esqu\u00ed en Verbier y las excursiones con raquetas de nieve.      <\/p>\n<p>Aprovechar y potenciar los <a href=\"https:\/\/adayinourshoes.com\/childs-strengths\/\" target=\"_blank\" rel=\"noopener\"><b data-stringify-type=\"bold\">los puntos fuertes de un ni\u00f1o<\/b><\/a> es la clave para liberar su potencial ilimitado y fomentar su crecimiento personal.<\/p>\n<p><!-- \/wp:paragraph --><\/p>\n<p><!-- wp:heading {\"level\":3} --><\/p>\n<h3><span class=\"ez-toc-section\" id=\"Aprendizaje_crecimiento_y_desarrollo_personal\"><\/span>Aprendizaje, crecimiento y desarrollo personal<span class=\"ez-toc-section-end\"><\/span><\/h3>\n<p><!-- \/wp:heading --><\/p>\n<p><!-- wp:paragraph --><\/p>\n<p>Muchos <a href=\"https:\/\/www.leselfes.com\/es\/?page_id=90046\" target=\"_blank\" rel=\"noreferrer noopener\">campamentos<\/a> de invierno y primavera tienen un tema e incorporan la formaci\u00f3n del car\u00e1cter, la exploraci\u00f3n, el aprendizaje y el <strong>desarrollo personal<\/strong>. Los padres que busquen actividades de invierno emocionantes para sus hijos pueden elegir entre los distintos tipos de campamentos de invierno en Suiza, como campamentos de cocina, campamentos deportivos diurnos, campamentos cient\u00edficos y campamentos art\u00edsticos. <\/p>\n<p><!-- \/wp:paragraph --><\/p>\n<p><!-- wp:paragraph --><\/p>\n<p>Adem\u00e1s de entretenerse, los ni\u00f1os se sentir\u00e1n desafiados y educados.<br \/>\nTambi\u00e9n tendr\u00e1n la oportunidad de <strong>explorar sus intereses<\/strong> y <strong>adquirir habilidades para fijar objetivos<\/strong>, ser m\u00e1s conscientes de s\u00ed mismos y tener m\u00e1s conocimientos, y <strong>desarrollar la confianza en s\u00ed mismos<\/strong>. <\/p>\n<p><!-- \/wp:paragraph --><\/p>\n<p><!-- wp:paragraph --><\/p>\n<p>Algunos estudios sugieren que muchas familias que env\u00edan a sus hijos a un campamento de invierno coinciden en que los <strong>ni\u00f1os adquieren m\u00e1s confianza en s\u00ed mismos<\/strong> mientras est\u00e1n en el campamento. <strong>El autoconocimiento<\/strong> es crucial y una de las numerosas formas en que ir de campamento puede influir positivamente en tu hijo.<br \/>\nComprenderse a s\u00ed mismo y al mundo exterior puede afectar significativamente al desarrollo y crecimiento de un ni\u00f1o.   <\/p>\n<p><!-- \/wp:paragraph --><\/p>\n<p><!-- wp:heading {\"level\":3} --><\/p>\n<h3><span class=\"ez-toc-section\" id=\"Reducir_el_tiempo_frente_a_la_pantalla\"><\/span>Reducir el tiempo frente a la pantalla<span class=\"ez-toc-section-end\"><\/span><\/h3>\n<p><!-- \/wp:heading --><\/p>\n<p><!-- wp:paragraph --><\/p>\n<p>Como hemos mencionado antes, los ni\u00f1os de hoy pasan mucho tiempo viendo sus programas favoritos en sus tabletas o en la televisi\u00f3n. <a href=\"https:\/\/healthmatters.nyp.org\/what-does-too-much-screen-time-do-to-childrens-brains\/\" target=\"_blank\" rel=\"noreferrer noopener\">Las investigaciones sugieren<\/a> que el tiempo excesivo frente a la pantalla puede interferir en el bienestar, las habilidades sociales, la salud, el enriquecimiento acad\u00e9mico y el sue\u00f1o de tu hijo. Enviar a los ni\u00f1os a <a href=\"https:\/\/www.leselfes.com\/es\/?page_id=90108\" target=\"_blank\" rel=\"noreferrer noopener\">campamentos de<\/a> invierno o <a href=\"https:\/\/www.leselfes.com\/es\/?page_id=90108\" target=\"_blank\" rel=\"noreferrer noopener\">verano<\/a> de jornada completa les permite descansar de sus pantallas. Pasar tiempo al aire libre en los alrededores del lago Lem\u00e1n les ayuda a hacer nuevos amigos y explorar nuevas actividades.    <\/p>\n<p><!-- \/wp:paragraph --><\/p>\n<p><!-- wp:heading {\"level\":3} --><\/p>\n<h3><span class=\"ez-toc-section\" id=\"Promover_el_Desarrollo_de_Habilidades_Criticas_para_la_Vida\"><\/span>Promover el Desarrollo de Habilidades Cr\u00edticas para la Vida<span class=\"ez-toc-section-end\"><\/span><\/h3>\n<p><!-- \/wp:heading --><\/p>\n<p><!-- wp:image {\"align\":\"center\",\"id\":45992,\"sizeSlug\":\"full\",\"linkDestination\":\"none\"} --><\/p>\n<figure><img loading=\"lazy\" decoding=\"async\" src=\"https:\/\/www.leselfes.com\/wp-content\/uploads\/2023\/03\/Promoting-the-Development-of-Critical-Life-Skills-1.jpg\" alt=\"Promover el Desarrollo de Habilidades Cr\u00edticas para la Vida\" width=\"624\" height=\"379\"><\/figure>\n<p><!-- \/wp:image --><\/p>\n<p><!-- wp:paragraph --><\/p>\n<p>A medida que los acampados participan en actividades de trabajo en equipo y colaboraci\u00f3n, descubren y desarrollan habilidades cr\u00edticas para toda la vida que les ayudan a afrontar sus retos.<br \/>\nLa experiencia del campamento permite a los j\u00f3venes dominar la toma de decisiones y las habilidades de comunicaci\u00f3n para afrontar el cambio.<br \/>\nLas divertidas actividades del campamento en Suiza ofrecen sesiones de acampada para fomentar el esp\u00edritu de equipo que ense\u00f1an aprecio y uni\u00f3n.  <\/p>\n<p><!-- \/wp:paragraph --><\/p>\n<p><!-- wp:heading --><\/p>\n<h2><span class=\"ez-toc-section\" id=\"%C2%BFComo_ayuda_el_campamento_de_invierno_al_desarrollo_personal_de_los_ninos\"><\/span>\u00bfC\u00f3mo ayuda el campamento de invierno al desarrollo personal de los ni\u00f1os?<span class=\"ez-toc-section-end\"><\/span><\/h2>\n<p><!-- \/wp:heading --><\/p>\n<p><!-- wp:paragraph --><\/p>\n<p>La estaci\u00f3n internacional de esqu\u00ed Les elfes ofrece una experiencia personalizada para fomentar las habilidades emocionales, sociales, cognitivas y de hablar en p\u00fablico del ni\u00f1o, as\u00ed como su desarrollo personal en general.<br \/>\nLas instalaciones situadas en Verbier fomentan el desarrollo de habilidades mediante juegos que estimulan el trabajo en equipo. <\/p>\n<p><!-- \/wp:paragraph --><\/p>\n<p><!-- wp:paragraph --><\/p>\n<p>Durante el campamento de invierno, los ni\u00f1os se lo pasan como nunca jugando, comiendo y trabajando en equipo.<br \/>\nMediante el trabajo en equipo, los alumnos de escuelas internacionales que asisten al campamento dominan el arte de gestionar los conflictos y de enfrentarse a personalidades diferentes.<br \/>\nAl centrarse en el trabajo en equipo, los acampados crecen individualmente y aprenden la importancia de la comunidad.    <\/p>\n<p><!-- \/wp:paragraph --><\/p>\n<p><!-- wp:heading {\"level\":3} --><\/p>\n<h3><span class=\"ez-toc-section\" id=\"Fomentar_la_autoestima_y_la_amistad\"><\/span>Fomentar la autoestima y la amistad<span class=\"ez-toc-section-end\"><\/span><\/h3>\n<p><!-- \/wp:heading --><\/p>\n<p><!-- wp:paragraph --><\/p>\n<p>El campamento de invierno no es tan competitivo como la escuela.<br \/>\nEsto permite a los ni\u00f1os alcanzar sus objetivos a su propio ritmo y tiempo y seguir sinti\u00e9ndose apreciados.<br \/>\nTanto si aprenden a esquiar el primer d\u00eda como el \u00faltimo, se sentir\u00e1n felices por haber conseguido algo, lo que aumentar\u00e1 su autoestima y confianza.<br \/>\nDurante el campamento de invierno en Montreux, los ni\u00f1os se conocen, hacen nuevos amigos y desarrollan v\u00ednculos que pueden durar toda la vida.<br \/>\nTambi\u00e9n conocen a compa\u00f1eros de diferentes or\u00edgenes, de los que aprenden a ser tolerantes y a respetar las diferencias.      <\/p>\n<p><!-- \/wp:paragraph --><\/p>\n<p><!-- wp:heading --><\/p>\n<h2><span class=\"ez-toc-section\" id=\"%C2%BFQue_fue_lo_mas_importante_que_aprendiste_en_el_Campamento_de_Invierno\"><\/span>\u00bfQu\u00e9 fue lo m\u00e1s importante que aprendiste en el Campamento de Invierno?<span class=\"ez-toc-section-end\"><\/span><\/h2>\n<p><!-- \/wp:heading --><\/p>\n<p><!-- wp:paragraph --><\/p>\n<p>Los ni\u00f1os aprenden varias cosas asistiendo a un campamento de invierno.<br \/>\nEn primer lugar, acampar no ocurre por arte de magia.<br \/>\nEs el resultado de una planificaci\u00f3n.<br \/>\nTanto si los ni\u00f1os se alojan en un chalet como si el centro les proporciona tiendas de campa\u00f1a, necesitas un plan adecuado para que tus hijos tengan una experiencia satisfactoria.<br \/>\nPara que los ni\u00f1os aprendan de la fase de planificaci\u00f3n, perm\u00edteles participar en ella, para que sepan lo que implica.<br \/>\nPor ejemplo, puedes ayudarles a identificar y empaquetar su equipo de acampada.     <\/p>\n<p><!-- \/wp:paragraph --><\/p>\n<p><!-- wp:paragraph --><\/p>\n<p>P\u00eddeles que calculen cu\u00e1ntos CHF necesitar\u00e1n para todo el viaje.<br \/>\nAseg\u00farate de que entienden que los campamentos de invierno requieren m\u00e1s planificaci\u00f3n que los de verano.<br \/>\nLos ni\u00f1os pueden aplicar esta lecci\u00f3n de forma diferente en sus vidas.<br \/>\nLa planificaci\u00f3n es fundamental para la escuela y la carrera profesional, y el campamento es un lugar ideal para ense\u00f1ar el arte de convertirse en un gran planificador.<br \/>\nOtras lecciones que los ni\u00f1os pueden aprender en un campamento de invierno son    <\/p>\n<p><!-- \/wp:paragraph --><\/p>\n<p><!-- wp:heading {\"level\":3} --><\/p>\n<h3><span class=\"ez-toc-section\" id=\"Asumir_riesgos\"><\/span>Asumir riesgos<span class=\"ez-toc-section-end\"><\/span><\/h3>\n<p><!-- \/wp:heading --><\/p>\n<p><!-- wp:paragraph --><\/p>\n<p>Los ni\u00f1os deben saber que asumir riesgos a veces puede ser necesario para sus vidas.<br \/>\nPor ejemplo, cuando los ni\u00f1os salen a explorar la naturaleza, tienen un control limitado, lo que equivale a asumir un riesgo.<br \/>\nAunque asumir riesgos conlleva infinitas recompensas, los ni\u00f1os deben tener un l\u00edmite para los riesgos que asumen.<br \/>\nAsumir riesgos obliga a los ni\u00f1os a salir de su zona de confort, y es ah\u00ed donde logran crecer.<br \/>\nHacer lo mismo todos los d\u00edas obstaculiza el crecimiento.<br \/>\nPermitir que los ni\u00f1os vayan a campamentos de invierno y participen en actividades diferentes es uno de los m\u00e9todos para fomentar el crecimiento.       <\/p>\n<p><!-- \/wp:paragraph --><\/p>\n<p><!-- wp:heading {\"level\":3} --><\/p>\n<h3><span class=\"ez-toc-section\" id=\"Flexibilidad\"><\/span>Flexibilidad<span class=\"ez-toc-section-end\"><\/span><\/h3>\n<p><!-- \/wp:heading --><\/p>\n<p><!-- wp:paragraph --><\/p>\n<p>Aunque la planificaci\u00f3n es fundamental para ir de acampada, los campistas deben saber que a veces ocurren cosas que echan por tierra sus planes.<br \/>\nIr de acampada en invierno ense\u00f1a a los ni\u00f1os el valor de ser flexibles y adaptarse a las situaciones.<br \/>\nLos ni\u00f1os aprenden a encontrar una alternativa si las cosas no salen seg\u00fan lo previsto mientras acampan.<br \/>\nIr de acampada invernal ense\u00f1a a los ni\u00f1os a gestionar lo que les ocurre en lugar de centrarse en la situaci\u00f3n.   <\/p>\n<p><!-- \/wp:paragraph --><\/p>\n<p><!-- wp:paragraph --><\/p>\n<p>La acampada de invierno permite a los ni\u00f1os conocer gente nueva y participar en actividades divertidas.<br \/>\nTambi\u00e9n les permite aprender diferentes lecciones, como hemos visto anteriormente.<br \/>\nHay numerosas razones para enviar a tus hijos de acampada esta temporada de invierno.<br \/>\nAdem\u00e1s de crear recuerdos inolvidables, adquirir\u00e1n habilidades para toda la vida gracias a esta experiencia.<br \/>\nInscribe a tu hijo en un campamento de invierno y observa c\u00f3mo se convierte en un joven adulto maduro.    <\/p>\n<h3><span class=\"ez-toc-section\" id=\"Conciencia_cultural_e_inclusion\"><\/span>Conciencia cultural e inclusi\u00f3n<span class=\"ez-toc-section-end\"><\/span><\/h3>\n<p>Los campamentos de invierno desempe\u00f1an un papel fundamental en el fomento de la conciencia cultural y la inclusividad entre los ni\u00f1os.<br \/>\nAl reunir a j\u00f3venes acampados de diversos or\u00edgenes, estos campamentos crean un rico tapiz de experiencias en el que los ni\u00f1os aprenden sobre diferentes culturas, tradiciones y perspectivas. <\/p>\n<p>Compartir historias alrededor de una hoguera, probar comidas nuevas o participar en actividades multiculturales fomenta la tolerancia y el respeto por las diferencias de los dem\u00e1s.<br \/>\nEs en estos momentos de uni\u00f3n, entre la nieve y la camarader\u00eda, cuando los ni\u00f1os no s\u00f3lo descubren la belleza de la diversidad cultural, sino que desarrollan un sentimiento de pertenencia y aceptaci\u00f3n que dura toda la vida. <\/p>\n<h3><span class=\"ez-toc-section\" id=\"Crecimiento_emocional\"><\/span>Crecimiento emocional<span class=\"ez-toc-section-end\"><\/span><\/h3>\n<p>Los campamentos de invierno proporcionan un entorno \u00fanico para el crecimiento emocional de los ni\u00f1os.<br \/>\nEn medio de los retos que plantean el fr\u00edo y los entornos desconocidos, los ni\u00f1os suelen desarrollar una mayor confianza en s\u00ed mismos, capacidad de recuperaci\u00f3n y sentido de la autosuficiencia. <\/p>\n<p>Superar la nostalgia, navegar por terrenos desconocidos y colaborar con compa\u00f1eros en condiciones exigentes contribuyen a la madurez emocional.<br \/>\nEstas experiencias no s\u00f3lo desarrollan su capacidad para gestionar el estr\u00e9s y la adversidad, sino que tambi\u00e9n fomentan amistades duraderas y recuerdos entra\u00f1ables, alimentando el crecimiento emocional de forma hol\u00edstica y significativa. <\/p>\n<h2><span class=\"ez-toc-section\" id=\"Conclusion\"><\/span>Conclusi\u00f3n<span class=\"ez-toc-section-end\"><\/span><\/h2>\n<p>Los campamentos de invierno desempe\u00f1an un papel fundamental en el desarrollo personal de los ni\u00f1os.<br \/>\nEstos entornos \u00fanicos ofrecen una gran cantidad de oportunidades para que los ni\u00f1os cultiven habilidades esenciales para la vida, fomenten la resiliencia, desarrollen la confianza y se conviertan en individuos completos. <\/p>\n<p>Mediante aventuras al aire libre, interacciones sociales y exposici\u00f3n a experiencias diversas, los campamentos de invierno ofrecen un viaje transformador que no s\u00f3lo dota a los ni\u00f1os de habilidades pr\u00e1cticas, sino que tambi\u00e9n forma su car\u00e1cter e inculca valores que les ser\u00e1n \u00fatiles en los a\u00f1os venideros.<\/p>\n<p>Como padres y cuidadores, considerar las experiencias enriquecedoras que ofrecen los campamentos de invierno puede ser una poderosa inversi\u00f3n en el crecimiento y el \u00e9xito futuro de nuestros hijos.<\/p>\n<p><!-- \/wp:paragraph --><\/p>\n<p style=\"text-align: center;\"><a href=\"https:\/\/www.leselfes.com\/es\/?page_id=90132\" target=\"_blank\" rel=\"noopener\"><button style=\"background-color: #1e93c2; color: #fff; border: #E2804A;\" type=\"button\">\u00danete al Campamento de Invierno 2024<\/button><\/a><\/p>\n","protected":false},"excerpt":{"rendered":"<p>Cualquier padre que haya participado en actividades divertidas durante un campamento de invierno cuando era joven, est\u00e1 de acuerdo en que el campamento desempe\u00f1\u00f3 un gran papel a la hora&#8230;<\/p>\n","protected":false},"author":1,"featured_media":79303,"comment_status":"closed","ping_status":"open","sticky":false,"template":"","format":"standard","meta":{"_acf_changed":false,"inline_featured_image":false,"footnotes":""},"categories":[1368,1367],"tags":[1455,1873,1872],"class_list":{"0":"post-93569","1":"post","2":"type-post","3":"status-publish","4":"format-standard","5":"has-post-thumbnail","7":"category-articulos","8":"category-campamento-de-invierno","9":"tag-campamento-de-invierno","10":"tag-desarrollo-personal","11":"tag-desarrollo-personal-de-los-ninos"},"acf":[],"yoast_head":"<!-- This site is optimized with the Yoast SEO Premium plugin v24.2 (Yoast SEO v24.7) - https:\/\/yoast.com\/wordpress\/plugins\/seo\/ -->\n<title>Desarrollo personal en el campamento de invierno para ni\u00f1os - \u00bfC\u00f3mo?<\/title>\n<meta name=\"description\" content=\"Los campamentos de invierno desempe\u00f1an un papel importante a la hora de impulsar el desarrollo personal de los ni\u00f1os. Descubre c\u00f3mo en este art\u00edculo.\" \/>\n<meta name=\"robots\" content=\"index, follow, max-snippet:-1, max-image-preview:large, max-video-preview:-1\" \/>\n<link rel=\"canonical\" href=\"https:\/\/www.leselfes.com\/es\/como-ayuda-el-campamento-de-invierno-al-desarrollo-personal-de-los-ninos\/\" \/>\n<meta property=\"og:locale\" content=\"es_ES\" \/>\n<meta property=\"og:type\" content=\"article\" \/>\n<meta property=\"og:title\" content=\"\u00bfC\u00f3mo ayuda el campamento de invierno al desarrollo personal de los ni\u00f1os?\" \/>\n<meta property=\"og:description\" content=\"Los campamentos de invierno desempe\u00f1an un papel importante a la hora de impulsar el desarrollo personal de los ni\u00f1os. Descubre c\u00f3mo en este art\u00edculo.\" \/>\n<meta property=\"og:url\" content=\"https:\/\/www.leselfes.com\/es\/como-ayuda-el-campamento-de-invierno-al-desarrollo-personal-de-los-ninos\/\" \/>\n<meta property=\"og:site_name\" content=\"Les Elfes International Camps Switzerland\" \/>\n<meta property=\"article:publisher\" content=\"https:\/\/www.facebook.com\/LesElfesVerbier\" \/>\n<meta property=\"article:published_time\" content=\"2022-10-20T11:38:43+00:00\" \/>\n<meta property=\"article:modified_time\" content=\"2024-11-12T11:42:46+00:00\" \/>\n<meta property=\"og:image\" content=\"https:\/\/dev.leselfes.com\/wp-content\/uploads\/2022\/10\/Winter-Camp-Contribution-in-the-Personal-Development-of-Children.jpg\" \/>\n\t<meta property=\"og:image:width\" content=\"975\" \/>\n\t<meta property=\"og:image:height\" content=\"675\" \/>\n\t<meta property=\"og:image:type\" content=\"image\/jpeg\" \/>\n<meta name=\"author\" content=\"lesadmin\" \/>\n<meta name=\"twitter:card\" content=\"summary_large_image\" \/>\n<meta name=\"twitter:creator\" content=\"@LesElfesCamps\" \/>\n<meta name=\"twitter:site\" content=\"@LesElfesCamps\" \/>\n<meta name=\"twitter:label1\" content=\"Escrito por\" \/>\n\t<meta name=\"twitter:data1\" content=\"lesadmin\" \/>\n\t<meta name=\"twitter:label2\" content=\"Tiempo de lectura\" \/>\n\t<meta name=\"twitter:data2\" content=\"9 minutos\" \/>\n<script type=\"application\/ld+json\" class=\"yoast-schema-graph\">{\"@context\":\"https:\/\/schema.org\",\"@graph\":[{\"@type\":\"Article\",\"@id\":\"https:\/\/www.leselfes.com\/es\/como-ayuda-el-campamento-de-invierno-al-desarrollo-personal-de-los-ninos\/#article\",\"isPartOf\":{\"@id\":\"https:\/\/www.leselfes.com\/es\/como-ayuda-el-campamento-de-invierno-al-desarrollo-personal-de-los-ninos\/\"},\"author\":{\"name\":\"lesadmin\",\"@id\":\"https:\/\/dev.leselfes.com\/#\/schema\/person\/407a229698868b8c603874b19f37f289\"},\"headline\":\"\u00bfC\u00f3mo ayuda el campamento de invierno al desarrollo personal de los ni\u00f1os?\",\"datePublished\":\"2022-10-20T11:38:43+00:00\",\"dateModified\":\"2024-11-12T11:42:46+00:00\",\"mainEntityOfPage\":{\"@id\":\"https:\/\/www.leselfes.com\/es\/como-ayuda-el-campamento-de-invierno-al-desarrollo-personal-de-los-ninos\/\"},\"wordCount\":1850,\"publisher\":{\"@id\":\"https:\/\/dev.leselfes.com\/#organization\"},\"image\":{\"@id\":\"https:\/\/www.leselfes.com\/es\/como-ayuda-el-campamento-de-invierno-al-desarrollo-personal-de-los-ninos\/#primaryimage\"},\"thumbnailUrl\":\"https:\/\/www.leselfes.com\/wp-content\/uploads\/2022\/10\/Winter-Camp-Contribution-in-the-Personal-Development-of-Children.jpg\",\"keywords\":[\"campamento de invierno\",\"Desarrollo personal\",\"Desarrollo personal de los ni\u00f1os\"],\"articleSection\":[\"Art\u00edculos\",\"Campamento de invierno\"],\"inLanguage\":\"es\"},{\"@type\":\"WebPage\",\"@id\":\"https:\/\/www.leselfes.com\/es\/como-ayuda-el-campamento-de-invierno-al-desarrollo-personal-de-los-ninos\/\",\"url\":\"https:\/\/www.leselfes.com\/es\/como-ayuda-el-campamento-de-invierno-al-desarrollo-personal-de-los-ninos\/\",\"name\":\"Desarrollo personal en el campamento de invierno para ni\u00f1os - \u00bfC\u00f3mo?\",\"isPartOf\":{\"@id\":\"https:\/\/dev.leselfes.com\/#website\"},\"primaryImageOfPage\":{\"@id\":\"https:\/\/www.leselfes.com\/es\/como-ayuda-el-campamento-de-invierno-al-desarrollo-personal-de-los-ninos\/#primaryimage\"},\"image\":{\"@id\":\"https:\/\/www.leselfes.com\/es\/como-ayuda-el-campamento-de-invierno-al-desarrollo-personal-de-los-ninos\/#primaryimage\"},\"thumbnailUrl\":\"https:\/\/www.leselfes.com\/wp-content\/uploads\/2022\/10\/Winter-Camp-Contribution-in-the-Personal-Development-of-Children.jpg\",\"datePublished\":\"2022-10-20T11:38:43+00:00\",\"dateModified\":\"2024-11-12T11:42:46+00:00\",\"description\":\"Los campamentos de invierno desempe\u00f1an un papel importante a la hora de impulsar el desarrollo personal de los ni\u00f1os. Descubre c\u00f3mo en este art\u00edculo.\",\"breadcrumb\":{\"@id\":\"https:\/\/www.leselfes.com\/es\/como-ayuda-el-campamento-de-invierno-al-desarrollo-personal-de-los-ninos\/#breadcrumb\"},\"inLanguage\":\"es\",\"potentialAction\":[{\"@type\":\"ReadAction\",\"target\":[\"https:\/\/www.leselfes.com\/es\/como-ayuda-el-campamento-de-invierno-al-desarrollo-personal-de-los-ninos\/\"]}]},{\"@type\":\"ImageObject\",\"inLanguage\":\"es\",\"@id\":\"https:\/\/www.leselfes.com\/es\/como-ayuda-el-campamento-de-invierno-al-desarrollo-personal-de-los-ninos\/#primaryimage\",\"url\":\"https:\/\/www.leselfes.com\/wp-content\/uploads\/2022\/10\/Winter-Camp-Contribution-in-the-Personal-Development-of-Children.jpg\",\"contentUrl\":\"https:\/\/www.leselfes.com\/wp-content\/uploads\/2022\/10\/Winter-Camp-Contribution-in-the-Personal-Development-of-Children.jpg\",\"width\":975,\"height\":675},{\"@type\":\"BreadcrumbList\",\"@id\":\"https:\/\/www.leselfes.com\/es\/como-ayuda-el-campamento-de-invierno-al-desarrollo-personal-de-los-ninos\/#breadcrumb\",\"itemListElement\":[{\"@type\":\"ListItem\",\"position\":1,\"name\":\"Home\",\"item\":\"https:\/\/www.leselfes.com\/es\/inicio\/\"},{\"@type\":\"ListItem\",\"position\":2,\"name\":\"\u00bfC\u00f3mo ayuda el campamento de invierno al desarrollo personal de los ni\u00f1os?\"}]},{\"@type\":\"WebSite\",\"@id\":\"https:\/\/dev.leselfes.com\/#website\",\"url\":\"https:\/\/dev.leselfes.com\/\",\"name\":\"Les Elfes International\",\"description\":\"Les Elfes International, Verbier Switzerland. Summer Camp, Winter Camp, Spring Camps.\",\"publisher\":{\"@id\":\"https:\/\/dev.leselfes.com\/#organization\"},\"alternateName\":\"Les Elfes International\",\"potentialAction\":[{\"@type\":\"SearchAction\",\"target\":{\"@type\":\"EntryPoint\",\"urlTemplate\":\"https:\/\/dev.leselfes.com\/?s={search_term_string}\"},\"query-input\":{\"@type\":\"PropertyValueSpecification\",\"valueRequired\":true,\"valueName\":\"search_term_string\"}}],\"inLanguage\":\"es\"},{\"@type\":\"Organization\",\"@id\":\"https:\/\/dev.leselfes.com\/#organization\",\"name\":\"Les Elfes International\",\"alternateName\":\"Les Elfes International\",\"url\":\"https:\/\/dev.leselfes.com\/\",\"logo\":{\"@type\":\"ImageObject\",\"inLanguage\":\"es\",\"@id\":\"https:\/\/dev.leselfes.com\/#\/schema\/logo\/image\/\",\"url\":\"https:\/\/www.leselfes.com\/wp-content\/uploads\/2022\/03\/leselfes-logo.png\",\"contentUrl\":\"https:\/\/www.leselfes.com\/wp-content\/uploads\/2022\/03\/leselfes-logo.png\",\"width\":233,\"height\":51,\"caption\":\"Les Elfes International\"},\"image\":{\"@id\":\"https:\/\/dev.leselfes.com\/#\/schema\/logo\/image\/\"},\"sameAs\":[\"https:\/\/www.facebook.com\/LesElfesVerbier\",\"https:\/\/x.com\/LesElfesCamps\",\"https:\/\/www.instagram.com\/leselfes\",\"https:\/\/www.linkedin.com\/company\/les-elfes-international\",\"https:\/\/www.youtube.com\/user\/LesElfesVerbier\"]},{\"@type\":\"Person\",\"@id\":\"https:\/\/dev.leselfes.com\/#\/schema\/person\/407a229698868b8c603874b19f37f289\",\"name\":\"lesadmin\",\"image\":{\"@type\":\"ImageObject\",\"inLanguage\":\"es\",\"@id\":\"https:\/\/dev.leselfes.com\/#\/schema\/person\/image\/\",\"url\":\"https:\/\/secure.gravatar.com\/avatar\/fdb243a028df450397b3632d862f87f6?s=96&d=mm&r=g\",\"contentUrl\":\"https:\/\/secure.gravatar.com\/avatar\/fdb243a028df450397b3632d862f87f6?s=96&d=mm&r=g\",\"caption\":\"lesadmin\"},\"url\":\"https:\/\/www.leselfes.com\/es\/author\/lesadmin\/\"}]}<\/script>\n<!-- \/ Yoast SEO Premium plugin. -->","yoast_head_json":{"title":"Desarrollo personal en el campamento de invierno para ni\u00f1os - \u00bfC\u00f3mo?","description":"Los campamentos de invierno desempe\u00f1an un papel importante a la hora de impulsar el desarrollo personal de los ni\u00f1os. Descubre c\u00f3mo en este art\u00edculo.","robots":{"index":"index","follow":"follow","max-snippet":"max-snippet:-1","max-image-preview":"max-image-preview:large","max-video-preview":"max-video-preview:-1"},"canonical":"https:\/\/www.leselfes.com\/es\/como-ayuda-el-campamento-de-invierno-al-desarrollo-personal-de-los-ninos\/","og_locale":"es_ES","og_type":"article","og_title":"\u00bfC\u00f3mo ayuda el campamento de invierno al desarrollo personal de los ni\u00f1os?","og_description":"Los campamentos de invierno desempe\u00f1an un papel importante a la hora de impulsar el desarrollo personal de los ni\u00f1os. Descubre c\u00f3mo en este art\u00edculo.","og_url":"https:\/\/www.leselfes.com\/es\/como-ayuda-el-campamento-de-invierno-al-desarrollo-personal-de-los-ninos\/","og_site_name":"Les Elfes International Camps Switzerland","article_publisher":"https:\/\/www.facebook.com\/LesElfesVerbier","article_published_time":"2022-10-20T11:38:43+00:00","article_modified_time":"2024-11-12T11:42:46+00:00","og_image":[{"width":975,"height":675,"url":"https:\/\/dev.leselfes.com\/wp-content\/uploads\/2022\/10\/Winter-Camp-Contribution-in-the-Personal-Development-of-Children.jpg","type":"image\/jpeg"}],"author":"lesadmin","twitter_card":"summary_large_image","twitter_creator":"@LesElfesCamps","twitter_site":"@LesElfesCamps","twitter_misc":{"Escrito por":"lesadmin","Tiempo de lectura":"9 minutos"},"schema":{"@context":"https:\/\/schema.org","@graph":[{"@type":"Article","@id":"https:\/\/www.leselfes.com\/es\/como-ayuda-el-campamento-de-invierno-al-desarrollo-personal-de-los-ninos\/#article","isPartOf":{"@id":"https:\/\/www.leselfes.com\/es\/como-ayuda-el-campamento-de-invierno-al-desarrollo-personal-de-los-ninos\/"},"author":{"name":"lesadmin","@id":"https:\/\/dev.leselfes.com\/#\/schema\/person\/407a229698868b8c603874b19f37f289"},"headline":"\u00bfC\u00f3mo ayuda el campamento de invierno al desarrollo personal de los ni\u00f1os?","datePublished":"2022-10-20T11:38:43+00:00","dateModified":"2024-11-12T11:42:46+00:00","mainEntityOfPage":{"@id":"https:\/\/www.leselfes.com\/es\/como-ayuda-el-campamento-de-invierno-al-desarrollo-personal-de-los-ninos\/"},"wordCount":1850,"publisher":{"@id":"https:\/\/dev.leselfes.com\/#organization"},"image":{"@id":"https:\/\/www.leselfes.com\/es\/como-ayuda-el-campamento-de-invierno-al-desarrollo-personal-de-los-ninos\/#primaryimage"},"thumbnailUrl":"https:\/\/www.leselfes.com\/wp-content\/uploads\/2022\/10\/Winter-Camp-Contribution-in-the-Personal-Development-of-Children.jpg","keywords":["campamento de invierno","Desarrollo personal","Desarrollo personal de los ni\u00f1os"],"articleSection":["Art\u00edculos","Campamento de invierno"],"inLanguage":"es"},{"@type":"WebPage","@id":"https:\/\/www.leselfes.com\/es\/como-ayuda-el-campamento-de-invierno-al-desarrollo-personal-de-los-ninos\/","url":"https:\/\/www.leselfes.com\/es\/como-ayuda-el-campamento-de-invierno-al-desarrollo-personal-de-los-ninos\/","name":"Desarrollo personal en el campamento de invierno para ni\u00f1os - \u00bfC\u00f3mo?","isPartOf":{"@id":"https:\/\/dev.leselfes.com\/#website"},"primaryImageOfPage":{"@id":"https:\/\/www.leselfes.com\/es\/como-ayuda-el-campamento-de-invierno-al-desarrollo-personal-de-los-ninos\/#primaryimage"},"image":{"@id":"https:\/\/www.leselfes.com\/es\/como-ayuda-el-campamento-de-invierno-al-desarrollo-personal-de-los-ninos\/#primaryimage"},"thumbnailUrl":"https:\/\/www.leselfes.com\/wp-content\/uploads\/2022\/10\/Winter-Camp-Contribution-in-the-Personal-Development-of-Children.jpg","datePublished":"2022-10-20T11:38:43+00:00","dateModified":"2024-11-12T11:42:46+00:00","description":"Los campamentos de invierno desempe\u00f1an un papel importante a la hora de impulsar el desarrollo personal de los ni\u00f1os. Descubre c\u00f3mo en este art\u00edculo.","breadcrumb":{"@id":"https:\/\/www.leselfes.com\/es\/como-ayuda-el-campamento-de-invierno-al-desarrollo-personal-de-los-ninos\/#breadcrumb"},"inLanguage":"es","potentialAction":[{"@type":"ReadAction","target":["https:\/\/www.leselfes.com\/es\/como-ayuda-el-campamento-de-invierno-al-desarrollo-personal-de-los-ninos\/"]}]},{"@type":"ImageObject","inLanguage":"es","@id":"https:\/\/www.leselfes.com\/es\/como-ayuda-el-campamento-de-invierno-al-desarrollo-personal-de-los-ninos\/#primaryimage","url":"https:\/\/www.leselfes.com\/wp-content\/uploads\/2022\/10\/Winter-Camp-Contribution-in-the-Personal-Development-of-Children.jpg","contentUrl":"https:\/\/www.leselfes.com\/wp-content\/uploads\/2022\/10\/Winter-Camp-Contribution-in-the-Personal-Development-of-Children.jpg","width":975,"height":675},{"@type":"BreadcrumbList","@id":"https:\/\/www.leselfes.com\/es\/como-ayuda-el-campamento-de-invierno-al-desarrollo-personal-de-los-ninos\/#breadcrumb","itemListElement":[{"@type":"ListItem","position":1,"name":"Home","item":"https:\/\/www.leselfes.com\/es\/inicio\/"},{"@type":"ListItem","position":2,"name":"\u00bfC\u00f3mo ayuda el campamento de invierno al desarrollo personal de los ni\u00f1os?"}]},{"@type":"WebSite","@id":"https:\/\/dev.leselfes.com\/#website","url":"https:\/\/dev.leselfes.com\/","name":"Les Elfes International","description":"Les Elfes International, Verbier Switzerland. Summer Camp, Winter Camp, Spring Camps.","publisher":{"@id":"https:\/\/dev.leselfes.com\/#organization"},"alternateName":"Les Elfes International","potentialAction":[{"@type":"SearchAction","target":{"@type":"EntryPoint","urlTemplate":"https:\/\/dev.leselfes.com\/?s={search_term_string}"},"query-input":{"@type":"PropertyValueSpecification","valueRequired":true,"valueName":"search_term_string"}}],"inLanguage":"es"},{"@type":"Organization","@id":"https:\/\/dev.leselfes.com\/#organization","name":"Les Elfes International","alternateName":"Les Elfes International","url":"https:\/\/dev.leselfes.com\/","logo":{"@type":"ImageObject","inLanguage":"es","@id":"https:\/\/dev.leselfes.com\/#\/schema\/logo\/image\/","url":"https:\/\/www.leselfes.com\/wp-content\/uploads\/2022\/03\/leselfes-logo.png","contentUrl":"https:\/\/www.leselfes.com\/wp-content\/uploads\/2022\/03\/leselfes-logo.png","width":233,"height":51,"caption":"Les Elfes International"},"image":{"@id":"https:\/\/dev.leselfes.com\/#\/schema\/logo\/image\/"},"sameAs":["https:\/\/www.facebook.com\/LesElfesVerbier","https:\/\/x.com\/LesElfesCamps","https:\/\/www.instagram.com\/leselfes","https:\/\/www.linkedin.com\/company\/les-elfes-international","https:\/\/www.youtube.com\/user\/LesElfesVerbier"]},{"@type":"Person","@id":"https:\/\/dev.leselfes.com\/#\/schema\/person\/407a229698868b8c603874b19f37f289","name":"lesadmin","image":{"@type":"ImageObject","inLanguage":"es","@id":"https:\/\/dev.leselfes.com\/#\/schema\/person\/image\/","url":"https:\/\/secure.gravatar.com\/avatar\/fdb243a028df450397b3632d862f87f6?s=96&d=mm&r=g","contentUrl":"https:\/\/secure.gravatar.com\/avatar\/fdb243a028df450397b3632d862f87f6?s=96&d=mm&r=g","caption":"lesadmin"},"url":"https:\/\/www.leselfes.com\/es\/author\/lesadmin\/"}]}},"_links":{"self":[{"href":"https:\/\/www.leselfes.com\/es\/wp-json\/wp\/v2\/posts\/93569"}],"collection":[{"href":"https:\/\/www.leselfes.com\/es\/wp-json\/wp\/v2\/posts"}],"about":[{"href":"https:\/\/www.leselfes.com\/es\/wp-json\/wp\/v2\/types\/post"}],"author":[{"embeddable":true,"href":"https:\/\/www.leselfes.com\/es\/wp-json\/wp\/v2\/users\/1"}],"replies":[{"embeddable":true,"href":"https:\/\/www.leselfes.com\/es\/wp-json\/wp\/v2\/comments?post=93569"}],"version-history":[{"count":0,"href":"https:\/\/www.leselfes.com\/es\/wp-json\/wp\/v2\/posts\/93569\/revisions"}],"wp:featuredmedia":[{"embeddable":true,"href":"https:\/\/www.leselfes.com\/es\/wp-json\/wp\/v2\/media\/79303"}],"wp:attachment":[{"href":"https:\/\/www.leselfes.com\/es\/wp-json\/wp\/v2\/media?parent=93569"}],"wp:term":[{"taxonomy":"category","embeddable":true,"href":"https:\/\/www.leselfes.com\/es\/wp-json\/wp\/v2\/categories?post=93569"},{"taxonomy":"post_tag","embeddable":true,"href":"https:\/\/www.leselfes.com\/es\/wp-json\/wp\/v2\/tags?post=93569"}],"curies":[{"name":"wp","href":"https:\/\/api.w.org\/{rel}","templated":true}]}}