{"id":93592,"date":"2022-08-03T14:01:19","date_gmt":"2022-08-03T12:01:19","guid":{"rendered":"https:\/\/www.leselfes.com\/boletin-julio-campamento-de-verano-e-invierno-2022-2023\/"},"modified":"2024-11-12T12:43:09","modified_gmt":"2024-11-12T11:43:09","slug":"boletin-julio-campamento-de-verano-e-invierno-2022-2023","status":"publish","type":"post","link":"https:\/\/www.leselfes.com\/es\/boletin-julio-campamento-de-verano-e-invierno-2022-2023\/","title":{"rendered":"Bolet\u00edn Julio: Campamento de verano e invierno 2022-2023"},"content":{"rendered":"<p style=\"text-align: left;\">Queridos padres,<\/p>\n<p>Ha pasado un mes m\u00e1s, y con \u00e9l, \u00a1450 alumnos han podido visitar el campamento de verano Les Elfes!<\/p>\n<p>En la pr\u00f3xima sesi\u00f3n, que comienza el 31 de julio y durar\u00e1 dos semanas, se celebrar\u00e1 un acontecimiento muy importante: \u00a1la Fiesta Nacional Suiza, el 1 de agosto!<br \/>\nSe organizar\u00e1n actividades especiales para este acontecimiento. <\/p>\n<p>Para quienes a\u00fan quieran inscribir a sus hijos en el campamento de verano, todav\u00eda quedan plazas disponibles en la sesi\u00f3n 5, que comenzar\u00e1 el 14 de agosto y durar\u00e1 2 semanas.<\/p>\n<p>Adem\u00e1s, tambi\u00e9n est\u00e1n abiertas las inscripciones para el campamento de invierno 2023, que tendr\u00e1 lugar de diciembre de 2022 a abril de 2023.<\/p>\n<p>\t\t\t<a href=\"https:\/\/www.leselfes.com\/es\/campamento-de-verano\/inscribete-en-el-campamento-de-verano\/\" role=\"button\"><br \/>\n  Inscripci\u00f3n al campamento de verano<br \/>\n\t\t\t\t\t<\/a><br \/>\n\t\t\t<a href=\"https:\/\/www.leselfes.com\/es\/campamento-de-invierno\/inscribete-en-el-campamento-de-invierno\/\" role=\"button\"><br \/>\n  Inscripci\u00f3n al campamento de invierno<br \/>\n\t\t\t\t\t<\/a><\/p>\n<h2>DESC\u00c1RGATE EL LIBRO DE RECUERDOS DE LA SESI\u00d3N ANTERIOR Y DESCUBRE LO QUE DICEN NUESTROS CAMPISTAS&#8230;  <\/p>\n","protected":false},"excerpt":{"rendered":"<p>Queridos padres, Ha pasado un mes m\u00e1s, y con \u00e9l, \u00a1450 alumnos han podido visitar el campamento de verano Les Elfes! En la pr\u00f3xima sesi\u00f3n, que comienza el 31 de&#8230;<\/p>\n","protected":false},"author":1,"featured_media":79074,"comment_status":"closed","ping_status":"open","sticky":false,"template":"","format":"standard","meta":{"_acf_changed":false,"inline_featured_image":false,"footnotes":""},"categories":[1426,1396],"tags":[],"class_list":{"0":"post-93592","1":"post","2":"type-post","3":"status-publish","4":"format-standard","5":"has-post-thumbnail","7":"category-consejos-para-padres","8":"category-noticias-es"},"acf":[],"yoast_head":"<!-- This site is optimized with the Yoast SEO Premium plugin v24.2 (Yoast SEO v24.7) - https:\/\/yoast.com\/wordpress\/plugins\/seo\/ -->\n<title>Campamento de verano e invierno 2022 y 2023 - Campamento multiactividad en Suiza<\/title>\n<meta name=\"description\" content=\"\u00a1Descubre qu\u00e9 hacen los alumnos durante el campamento de verano Les Elfes 2022! Accede a noticias, fotos, v\u00eddeos y rese\u00f1as\" \/>\n<meta name=\"robots\" content=\"index, follow, max-snippet:-1, max-image-preview:large, max-video-preview:-1\" \/>\n<link rel=\"canonical\" href=\"https:\/\/www.leselfes.com\/es\/boletin-julio-campamento-de-verano-e-invierno-2022-2023\/\" \/>\n<meta property=\"og:locale\" content=\"es_ES\" \/>\n<meta property=\"og:type\" content=\"article\" \/>\n<meta property=\"og:title\" content=\"Las 15 normas de seguridad esenciales en los campamentos de verano para ni\u00f1os en Suiza\" \/>\n<meta property=\"og:description\" content=\"Hay muchas m\u00e1s normas de seguridad que los ni\u00f1os deben seguir durante un campamento de verano, pero \u00e9stas son las m\u00e1s esenciales.\" \/>\n<meta property=\"og:url\" content=\"https:\/\/www.leselfes.com\/es\/boletin-julio-campamento-de-verano-e-invierno-2022-2023\/\" \/>\n<meta property=\"og:site_name\" content=\"Les Elfes International Camps Switzerland\" \/>\n<meta property=\"article:publisher\" content=\"https:\/\/www.facebook.com\/LesElfesVerbier\" \/>\n<meta property=\"article:published_time\" content=\"2022-08-03T12:01:19+00:00\" \/>\n<meta property=\"article:modified_time\" content=\"2024-11-12T11:43:09+00:00\" \/>\n<meta property=\"og:image\" content=\"https:\/\/dev.leselfes.com\/wp-content\/uploads\/2022\/06\/Summer-Camp-Safety-Rules-for-Kids.png\" \/>\n<meta name=\"author\" content=\"lesadmin\" \/>\n<meta name=\"twitter:card\" content=\"summary_large_image\" \/>\n<meta name=\"twitter:title\" content=\"Las 15 normas de seguridad esenciales en los campamentos de verano para ni\u00f1os en Suiza\" \/>\n<meta name=\"twitter:description\" content=\"Hay muchas m\u00e1s normas de seguridad que los ni\u00f1os deben seguir durante un campamento de verano, pero \u00e9stas son las m\u00e1s esenciales.\" \/>\n<meta name=\"twitter:image\" content=\"https:\/\/dev.leselfes.com\/wp-content\/uploads\/2022\/06\/Summer-Camp-Safety-Rules-for-Kids.png\" \/>\n<meta name=\"twitter:creator\" content=\"@LesElfesCamps\" \/>\n<meta name=\"twitter:site\" content=\"@LesElfesCamps\" \/>\n<meta name=\"twitter:label1\" content=\"Escrito por\" \/>\n\t<meta name=\"twitter:data1\" content=\"lesadmin\" \/>\n\t<meta name=\"twitter:label2\" content=\"Tiempo de lectura\" \/>\n\t<meta name=\"twitter:data2\" content=\"1 minuto\" \/>\n<script type=\"application\/ld+json\" class=\"yoast-schema-graph\">{\"@context\":\"https:\/\/schema.org\",\"@graph\":[{\"@type\":\"Article\",\"@id\":\"https:\/\/www.leselfes.com\/es\/boletin-julio-campamento-de-verano-e-invierno-2022-2023\/#article\",\"isPartOf\":{\"@id\":\"https:\/\/www.leselfes.com\/es\/boletin-julio-campamento-de-verano-e-invierno-2022-2023\/\"},\"author\":{\"name\":\"lesadmin\",\"@id\":\"https:\/\/dev.leselfes.com\/#\/schema\/person\/407a229698868b8c603874b19f37f289\"},\"headline\":\"Bolet\u00edn Julio: Campamento de verano e invierno 2022-2023\",\"datePublished\":\"2022-08-03T12:01:19+00:00\",\"dateModified\":\"2024-11-12T11:43:09+00:00\",\"mainEntityOfPage\":{\"@id\":\"https:\/\/www.leselfes.com\/es\/boletin-julio-campamento-de-verano-e-invierno-2022-2023\/\"},\"wordCount\":150,\"publisher\":{\"@id\":\"https:\/\/dev.leselfes.com\/#organization\"},\"image\":{\"@id\":\"https:\/\/www.leselfes.com\/es\/boletin-julio-campamento-de-verano-e-invierno-2022-2023\/#primaryimage\"},\"thumbnailUrl\":\"https:\/\/www.leselfes.com\/wp-content\/uploads\/2022\/08\/newsletter-IND-July-2022-Les-Elfes-International.jpg\",\"articleSection\":[\"Consejos para padres\",\"Noticias\"],\"inLanguage\":\"es\"},{\"@type\":\"WebPage\",\"@id\":\"https:\/\/www.leselfes.com\/es\/boletin-julio-campamento-de-verano-e-invierno-2022-2023\/\",\"url\":\"https:\/\/www.leselfes.com\/es\/boletin-julio-campamento-de-verano-e-invierno-2022-2023\/\",\"name\":\"Campamento de verano e invierno 2022 y 2023 - Campamento multiactividad en Suiza\",\"isPartOf\":{\"@id\":\"https:\/\/dev.leselfes.com\/#website\"},\"primaryImageOfPage\":{\"@id\":\"https:\/\/www.leselfes.com\/es\/boletin-julio-campamento-de-verano-e-invierno-2022-2023\/#primaryimage\"},\"image\":{\"@id\":\"https:\/\/www.leselfes.com\/es\/boletin-julio-campamento-de-verano-e-invierno-2022-2023\/#primaryimage\"},\"thumbnailUrl\":\"https:\/\/www.leselfes.com\/wp-content\/uploads\/2022\/08\/newsletter-IND-July-2022-Les-Elfes-International.jpg\",\"datePublished\":\"2022-08-03T12:01:19+00:00\",\"dateModified\":\"2024-11-12T11:43:09+00:00\",\"description\":\"\u00a1Descubre qu\u00e9 hacen los alumnos durante el campamento de verano Les Elfes 2022! Accede a noticias, fotos, v\u00eddeos y rese\u00f1as\",\"breadcrumb\":{\"@id\":\"https:\/\/www.leselfes.com\/es\/boletin-julio-campamento-de-verano-e-invierno-2022-2023\/#breadcrumb\"},\"inLanguage\":\"es\",\"potentialAction\":[{\"@type\":\"ReadAction\",\"target\":[\"https:\/\/www.leselfes.com\/es\/boletin-julio-campamento-de-verano-e-invierno-2022-2023\/\"]}]},{\"@type\":\"ImageObject\",\"inLanguage\":\"es\",\"@id\":\"https:\/\/www.leselfes.com\/es\/boletin-julio-campamento-de-verano-e-invierno-2022-2023\/#primaryimage\",\"url\":\"https:\/\/www.leselfes.com\/wp-content\/uploads\/2022\/08\/newsletter-IND-July-2022-Les-Elfes-International.jpg\",\"contentUrl\":\"https:\/\/www.leselfes.com\/wp-content\/uploads\/2022\/08\/newsletter-IND-July-2022-Les-Elfes-International.jpg\",\"width\":400,\"height\":298},{\"@type\":\"BreadcrumbList\",\"@id\":\"https:\/\/www.leselfes.com\/es\/boletin-julio-campamento-de-verano-e-invierno-2022-2023\/#breadcrumb\",\"itemListElement\":[{\"@type\":\"ListItem\",\"position\":1,\"name\":\"Home\",\"item\":\"https:\/\/www.leselfes.com\/es\/inicio\/\"},{\"@type\":\"ListItem\",\"position\":2,\"name\":\"Bolet\u00edn Julio: Campamento de verano e invierno 2022-2023\"}]},{\"@type\":\"WebSite\",\"@id\":\"https:\/\/dev.leselfes.com\/#website\",\"url\":\"https:\/\/dev.leselfes.com\/\",\"name\":\"Les Elfes International\",\"description\":\"Les Elfes International, Verbier Switzerland. Summer Camp, Winter Camp, Spring Camps.\",\"publisher\":{\"@id\":\"https:\/\/dev.leselfes.com\/#organization\"},\"alternateName\":\"Les Elfes International\",\"potentialAction\":[{\"@type\":\"SearchAction\",\"target\":{\"@type\":\"EntryPoint\",\"urlTemplate\":\"https:\/\/dev.leselfes.com\/?s={search_term_string}\"},\"query-input\":{\"@type\":\"PropertyValueSpecification\",\"valueRequired\":true,\"valueName\":\"search_term_string\"}}],\"inLanguage\":\"es\"},{\"@type\":\"Organization\",\"@id\":\"https:\/\/dev.leselfes.com\/#organization\",\"name\":\"Les Elfes International\",\"alternateName\":\"Les Elfes International\",\"url\":\"https:\/\/dev.leselfes.com\/\",\"logo\":{\"@type\":\"ImageObject\",\"inLanguage\":\"es\",\"@id\":\"https:\/\/dev.leselfes.com\/#\/schema\/logo\/image\/\",\"url\":\"https:\/\/www.leselfes.com\/wp-content\/uploads\/2022\/03\/leselfes-logo.png\",\"contentUrl\":\"https:\/\/www.leselfes.com\/wp-content\/uploads\/2022\/03\/leselfes-logo.png\",\"width\":233,\"height\":51,\"caption\":\"Les Elfes International\"},\"image\":{\"@id\":\"https:\/\/dev.leselfes.com\/#\/schema\/logo\/image\/\"},\"sameAs\":[\"https:\/\/www.facebook.com\/LesElfesVerbier\",\"https:\/\/x.com\/LesElfesCamps\",\"https:\/\/www.instagram.com\/leselfes\",\"https:\/\/www.linkedin.com\/company\/les-elfes-international\",\"https:\/\/www.youtube.com\/user\/LesElfesVerbier\"]},{\"@type\":\"Person\",\"@id\":\"https:\/\/dev.leselfes.com\/#\/schema\/person\/407a229698868b8c603874b19f37f289\",\"name\":\"lesadmin\",\"image\":{\"@type\":\"ImageObject\",\"inLanguage\":\"es\",\"@id\":\"https:\/\/dev.leselfes.com\/#\/schema\/person\/image\/\",\"url\":\"https:\/\/secure.gravatar.com\/avatar\/fdb243a028df450397b3632d862f87f6?s=96&d=mm&r=g\",\"contentUrl\":\"https:\/\/secure.gravatar.com\/avatar\/fdb243a028df450397b3632d862f87f6?s=96&d=mm&r=g\",\"caption\":\"lesadmin\"},\"url\":\"https:\/\/www.leselfes.com\/es\/author\/lesadmin\/\"}]}<\/script>\n<!-- \/ Yoast SEO Premium plugin. -->","yoast_head_json":{"title":"Campamento de verano e invierno 2022 y 2023 - Campamento multiactividad en Suiza","description":"\u00a1Descubre qu\u00e9 hacen los alumnos durante el campamento de verano Les Elfes 2022! Accede a noticias, fotos, v\u00eddeos y rese\u00f1as","robots":{"index":"index","follow":"follow","max-snippet":"max-snippet:-1","max-image-preview":"max-image-preview:large","max-video-preview":"max-video-preview:-1"},"canonical":"https:\/\/www.leselfes.com\/es\/boletin-julio-campamento-de-verano-e-invierno-2022-2023\/","og_locale":"es_ES","og_type":"article","og_title":"Las 15 normas de seguridad esenciales en los campamentos de verano para ni\u00f1os en Suiza","og_description":"Hay muchas m\u00e1s normas de seguridad que los ni\u00f1os deben seguir durante un campamento de verano, pero \u00e9stas son las m\u00e1s esenciales.","og_url":"https:\/\/www.leselfes.com\/es\/boletin-julio-campamento-de-verano-e-invierno-2022-2023\/","og_site_name":"Les Elfes International Camps Switzerland","article_publisher":"https:\/\/www.facebook.com\/LesElfesVerbier","article_published_time":"2022-08-03T12:01:19+00:00","article_modified_time":"2024-11-12T11:43:09+00:00","og_image":[{"url":"https:\/\/dev.leselfes.com\/wp-content\/uploads\/2022\/06\/Summer-Camp-Safety-Rules-for-Kids.png","type":"","width":"","height":""}],"author":"lesadmin","twitter_card":"summary_large_image","twitter_title":"Las 15 normas de seguridad esenciales en los campamentos de verano para ni\u00f1os en Suiza","twitter_description":"Hay muchas m\u00e1s normas de seguridad que los ni\u00f1os deben seguir durante un campamento de verano, pero \u00e9stas son las m\u00e1s esenciales.","twitter_image":"https:\/\/dev.leselfes.com\/wp-content\/uploads\/2022\/06\/Summer-Camp-Safety-Rules-for-Kids.png","twitter_creator":"@LesElfesCamps","twitter_site":"@LesElfesCamps","twitter_misc":{"Escrito por":"lesadmin","Tiempo de lectura":"1 minuto"},"schema":{"@context":"https:\/\/schema.org","@graph":[{"@type":"Article","@id":"https:\/\/www.leselfes.com\/es\/boletin-julio-campamento-de-verano-e-invierno-2022-2023\/#article","isPartOf":{"@id":"https:\/\/www.leselfes.com\/es\/boletin-julio-campamento-de-verano-e-invierno-2022-2023\/"},"author":{"name":"lesadmin","@id":"https:\/\/dev.leselfes.com\/#\/schema\/person\/407a229698868b8c603874b19f37f289"},"headline":"Bolet\u00edn Julio: Campamento de verano e invierno 2022-2023","datePublished":"2022-08-03T12:01:19+00:00","dateModified":"2024-11-12T11:43:09+00:00","mainEntityOfPage":{"@id":"https:\/\/www.leselfes.com\/es\/boletin-julio-campamento-de-verano-e-invierno-2022-2023\/"},"wordCount":150,"publisher":{"@id":"https:\/\/dev.leselfes.com\/#organization"},"image":{"@id":"https:\/\/www.leselfes.com\/es\/boletin-julio-campamento-de-verano-e-invierno-2022-2023\/#primaryimage"},"thumbnailUrl":"https:\/\/www.leselfes.com\/wp-content\/uploads\/2022\/08\/newsletter-IND-July-2022-Les-Elfes-International.jpg","articleSection":["Consejos para padres","Noticias"],"inLanguage":"es"},{"@type":"WebPage","@id":"https:\/\/www.leselfes.com\/es\/boletin-julio-campamento-de-verano-e-invierno-2022-2023\/","url":"https:\/\/www.leselfes.com\/es\/boletin-julio-campamento-de-verano-e-invierno-2022-2023\/","name":"Campamento de verano e invierno 2022 y 2023 - Campamento multiactividad en Suiza","isPartOf":{"@id":"https:\/\/dev.leselfes.com\/#website"},"primaryImageOfPage":{"@id":"https:\/\/www.leselfes.com\/es\/boletin-julio-campamento-de-verano-e-invierno-2022-2023\/#primaryimage"},"image":{"@id":"https:\/\/www.leselfes.com\/es\/boletin-julio-campamento-de-verano-e-invierno-2022-2023\/#primaryimage"},"thumbnailUrl":"https:\/\/www.leselfes.com\/wp-content\/uploads\/2022\/08\/newsletter-IND-July-2022-Les-Elfes-International.jpg","datePublished":"2022-08-03T12:01:19+00:00","dateModified":"2024-11-12T11:43:09+00:00","description":"\u00a1Descubre qu\u00e9 hacen los alumnos durante el campamento de verano Les Elfes 2022! Accede a noticias, fotos, v\u00eddeos y rese\u00f1as","breadcrumb":{"@id":"https:\/\/www.leselfes.com\/es\/boletin-julio-campamento-de-verano-e-invierno-2022-2023\/#breadcrumb"},"inLanguage":"es","potentialAction":[{"@type":"ReadAction","target":["https:\/\/www.leselfes.com\/es\/boletin-julio-campamento-de-verano-e-invierno-2022-2023\/"]}]},{"@type":"ImageObject","inLanguage":"es","@id":"https:\/\/www.leselfes.com\/es\/boletin-julio-campamento-de-verano-e-invierno-2022-2023\/#primaryimage","url":"https:\/\/www.leselfes.com\/wp-content\/uploads\/2022\/08\/newsletter-IND-July-2022-Les-Elfes-International.jpg","contentUrl":"https:\/\/www.leselfes.com\/wp-content\/uploads\/2022\/08\/newsletter-IND-July-2022-Les-Elfes-International.jpg","width":400,"height":298},{"@type":"BreadcrumbList","@id":"https:\/\/www.leselfes.com\/es\/boletin-julio-campamento-de-verano-e-invierno-2022-2023\/#breadcrumb","itemListElement":[{"@type":"ListItem","position":1,"name":"Home","item":"https:\/\/www.leselfes.com\/es\/inicio\/"},{"@type":"ListItem","position":2,"name":"Bolet\u00edn Julio: Campamento de verano e invierno 2022-2023"}]},{"@type":"WebSite","@id":"https:\/\/dev.leselfes.com\/#website","url":"https:\/\/dev.leselfes.com\/","name":"Les Elfes International","description":"Les Elfes International, Verbier Switzerland. Summer Camp, Winter Camp, Spring Camps.","publisher":{"@id":"https:\/\/dev.leselfes.com\/#organization"},"alternateName":"Les Elfes International","potentialAction":[{"@type":"SearchAction","target":{"@type":"EntryPoint","urlTemplate":"https:\/\/dev.leselfes.com\/?s={search_term_string}"},"query-input":{"@type":"PropertyValueSpecification","valueRequired":true,"valueName":"search_term_string"}}],"inLanguage":"es"},{"@type":"Organization","@id":"https:\/\/dev.leselfes.com\/#organization","name":"Les Elfes International","alternateName":"Les Elfes International","url":"https:\/\/dev.leselfes.com\/","logo":{"@type":"ImageObject","inLanguage":"es","@id":"https:\/\/dev.leselfes.com\/#\/schema\/logo\/image\/","url":"https:\/\/www.leselfes.com\/wp-content\/uploads\/2022\/03\/leselfes-logo.png","contentUrl":"https:\/\/www.leselfes.com\/wp-content\/uploads\/2022\/03\/leselfes-logo.png","width":233,"height":51,"caption":"Les Elfes International"},"image":{"@id":"https:\/\/dev.leselfes.com\/#\/schema\/logo\/image\/"},"sameAs":["https:\/\/www.facebook.com\/LesElfesVerbier","https:\/\/x.com\/LesElfesCamps","https:\/\/www.instagram.com\/leselfes","https:\/\/www.linkedin.com\/company\/les-elfes-international","https:\/\/www.youtube.com\/user\/LesElfesVerbier"]},{"@type":"Person","@id":"https:\/\/dev.leselfes.com\/#\/schema\/person\/407a229698868b8c603874b19f37f289","name":"lesadmin","image":{"@type":"ImageObject","inLanguage":"es","@id":"https:\/\/dev.leselfes.com\/#\/schema\/person\/image\/","url":"https:\/\/secure.gravatar.com\/avatar\/fdb243a028df450397b3632d862f87f6?s=96&d=mm&r=g","contentUrl":"https:\/\/secure.gravatar.com\/avatar\/fdb243a028df450397b3632d862f87f6?s=96&d=mm&r=g","caption":"lesadmin"},"url":"https:\/\/www.leselfes.com\/es\/author\/lesadmin\/"}]}},"_links":{"self":[{"href":"https:\/\/www.leselfes.com\/es\/wp-json\/wp\/v2\/posts\/93592"}],"collection":[{"href":"https:\/\/www.leselfes.com\/es\/wp-json\/wp\/v2\/posts"}],"about":[{"href":"https:\/\/www.leselfes.com\/es\/wp-json\/wp\/v2\/types\/post"}],"author":[{"embeddable":true,"href":"https:\/\/www.leselfes.com\/es\/wp-json\/wp\/v2\/users\/1"}],"replies":[{"embeddable":true,"href":"https:\/\/www.leselfes.com\/es\/wp-json\/wp\/v2\/comments?post=93592"}],"version-history":[{"count":0,"href":"https:\/\/www.leselfes.com\/es\/wp-json\/wp\/v2\/posts\/93592\/revisions"}],"wp:featuredmedia":[{"embeddable":true,"href":"https:\/\/www.leselfes.com\/es\/wp-json\/wp\/v2\/media\/79074"}],"wp:attachment":[{"href":"https:\/\/www.leselfes.com\/es\/wp-json\/wp\/v2\/media?parent=93592"}],"wp:term":[{"taxonomy":"category","embeddable":true,"href":"https:\/\/www.leselfes.com\/es\/wp-json\/wp\/v2\/categories?post=93592"},{"taxonomy":"post_tag","embeddable":true,"href":"https:\/\/www.leselfes.com\/es\/wp-json\/wp\/v2\/tags?post=93592"}],"curies":[{"name":"wp","href":"https:\/\/api.w.org\/{rel}","templated":true}]}}