{"id":93602,"date":"2020-04-29T16:19:28","date_gmt":"2020-04-29T14:19:28","guid":{"rendered":"https:\/\/www.leselfes.com\/actualizacion-de-los-campamentos-de-verano-en-medio-de-la-pandemia-de-coronavirus\/"},"modified":"2024-11-12T12:43:55","modified_gmt":"2024-11-12T11:43:55","slug":"actualizacion-de-los-campamentos-de-verano-en-medio-de-la-pandemia-de-coronavirus","status":"publish","type":"post","link":"https:\/\/www.leselfes.com\/es\/actualizacion-de-los-campamentos-de-verano-en-medio-de-la-pandemia-de-coronavirus\/","title":{"rendered":"Actualizaci\u00f3n de los campamentos de verano en medio de la pandemia de coronavirus"},"content":{"rendered":"&#13;\n<figure class=\"wp-block-image size-large\"><img loading=\"lazy\" decoding=\"async\" width=\"800\" height=\"479\" class=\"wp-image-42137\" src=\"https:\/\/www.leselfes.com\/wp-content\/uploads\/2020\/04\/the-Coronavirus-Pandemic.jpg\" alt=\"Pandemia de coronavirus\" srcset=\"https:\/\/www.leselfes.com\/wp-content\/uploads\/2020\/04\/the-Coronavirus-Pandemic.jpg 800w, https:\/\/www.leselfes.com\/wp-content\/uploads\/2020\/04\/the-Coronavirus-Pandemic-300x180.jpg 300w, https:\/\/www.leselfes.com\/wp-content\/uploads\/2020\/04\/the-Coronavirus-Pandemic-768x460.jpg 768w, https:\/\/www.leselfes.com\/wp-content\/uploads\/2020\/04\/the-Coronavirus-Pandemic-320x192.jpg 320w, https:\/\/www.leselfes.com\/wp-content\/uploads\/2020\/04\/the-Coronavirus-Pandemic-640x383.jpg 640w, https:\/\/www.leselfes.com\/wp-content\/uploads\/2020\/04\/the-Coronavirus-Pandemic-360x216.jpg 360w, https:\/\/www.leselfes.com\/wp-content\/uploads\/2020\/04\/the-Coronavirus-Pandemic-720x431.jpg 720w\" sizes=\"(max-width: 800px) 100vw, 800px\" \/><\/figure>&#13;\n&#13;\n<p>Los casos de coronavirus han aumentado r\u00e1pidamente en todo el mundo. En Suiza, por ejemplo, hay actualmente hasta 1.138 muertes de 25.688 personas infectadas y 13.700 recuperaciones. El Consejo Federal ha estado animando a los residentes a quedarse en casa y evitar las zonas p\u00fablicas.  <\/p>&#13;\n&#13;\n<p>Los entusiastas de los campamentos, por otra parte, no pueden esperar a que vuelva la normalidad.\nSigue leyendo para saber m\u00e1s sobre la enfermedad del coronavirus y una actualizaci\u00f3n sobre los campamentos de verano.   <\/p>&#13;\n&#13;\n<h2 class=\"wp-block-heading\">C\u00f3mo conseguir ayuda<\/h2>&#13;\n&#13;\n<p>La l\u00ednea de informaci\u00f3n de Covid-19 en Suiza es +41 58 463 00 00 y est\u00e1 disponible las veinticuatro horas del d\u00eda.\nSin embargo, experimentar\u00e1s retrasos antes de poder hablar con un representante debido al aumento del n\u00famero de llamadas.\nVeamos las \u00faltimas estad\u00edsticas sobre el coronavirus en Suiza.  <\/p>&#13;\n&#13;\n<h2 class=\"wp-block-heading\">La situaci\u00f3n del coronavirus en Suiza<\/h2>&#13;\n&#13;\n<p>El primer caso de coronavirus en Suiza se notific\u00f3 el 25 de febrero.\nSe trataba de un hombre del cant\u00f3n del Tesino que hab\u00eda viajado previamente a Mil\u00e1n.\nLa primera muerte por Coronavirus en el pa\u00eds, notificada el 5 de marzo, fue una mujer del cant\u00f3n de Vaud.\nSin embargo, la mujer hab\u00eda padecido antes una enfermedad cr\u00f3nica.     <\/p>&#13;\n&#13;\n<h2 class=\"wp-block-heading\">Estad\u00edsticas de coronavirus en los cantones suizos<\/h2>&#13;\n&#13;\n<p>El n\u00famero de muertes por coronavirus en Suiza ha disminuido del 30% al 15% desde el 20 de marzo.\nLos cantones m\u00e1s afectados del pa\u00eds han sido Tesino, Vaud, Ginebra y Z\u00farich.   <\/p>&#13;\n&#13;\n<h2 class=\"wp-block-heading\">\u00daltimas actualizaciones sobre el coronavirus en Suiza  <\/h2>&#13;\n&#13;\n<h3 class=\"wp-block-heading\">&#8211; 8 de abril<\/h3>&#13;\n&#13;\n<p>El gobierno suizo prorrog\u00f3 hasta el 26 de abril las restricciones introducidas el 16 de marzo para controlar la propagaci\u00f3n del Covid-19.\nSin embargo, algunas de estas restricciones se suavizar\u00e1n gradualmente con el paso del tiempo.\nA\u00fan as\u00ed, las zonas en las que se suavizar\u00e1n estas medidas se presentar\u00e1n el 16 de abril.    <\/p>&#13;\n&#13;\n<h3 class=\"wp-block-heading\">&#8211; 3 de abril  <\/h3>&#13;\n&#13;\n<p>Suiza ha aplicado normas estrictas en un intento de combatir la pandemia de coronavirus. Por ejemplo, un gran porcentaje de empleados trabaja ahora desde casa. Aunque al principio eran reticentes, ahora empiezan a apreciar las ventajas que conlleva.  <\/p>&#13;\n&#13;\n<p>Lo m\u00e1s probable es que muchos empleados quieran seguir trabajando desde casa despu\u00e9s de la pandemia.\nPor ello, los empresarios deben estar preparados para ofrecer y hacer cumplir las oportunidades de trabajo en l\u00ednea una vez superada la crisis.   <\/p>&#13;\n&#13;\n<p>\u00bfSe prorrogar\u00e1 el actual curso escolar?\nLa CDIP (Conferencia Suiza de Directores Cantonales de Educaci\u00f3n P\u00fablica) ha acordado que no ser\u00e1 as\u00ed.\nLa organizaci\u00f3n ha dicho adem\u00e1s que las vacaciones no se sustituir\u00e1n por la ense\u00f1anza y que el calendario escolar se mantendr\u00e1 como est\u00e1.    <\/p>&#13;\n&#13;\n<h3 class=\"wp-block-heading\">&#8211; 2 de abril  <\/h3>&#13;\n&#13;\n<p>Aunque disminuy\u00f3 el n\u00famero de nuevos enfermos cr\u00edticos, aumentaron los pacientes que necesitaban cuidados intensivos.\nEn el cant\u00f3n de Berna se abri\u00f3 otro centro de cuidados intensivos en colaboraci\u00f3n con la Cruz Roja Suiza. <\/p>&#13;\n&#13;\n<p>De este modo, la gente no necesitar\u00e1 una receta para hacerse la prueba.\nSin embargo, tendr\u00e1s que rellenar un cuestionario en l\u00ednea para obtener una multa.\nEl ejercicio puede realizarse mientras est\u00e1s sentado dentro de tu veh\u00edculo.\nDesde esta instalaci\u00f3n se realizar\u00e1n entre 200 y 300 pruebas diarias.     <\/p>&#13;\n&#13;\n<h3 class=\"wp-block-heading\">&#8211; 1 de abril  <\/h3>&#13;\n&#13;\n<p>Seg\u00fan la Cha\u00eene du Bonheur, se hizo una donaci\u00f3n de 800.000 francos a la Ayuda Suiza a los Trabajadores.\nLas instituciones internacionales y cantonales de pro senectute tambi\u00e9n recibir\u00edan una parte.\nEste donativo vino muy bien para ofrecer apoyo a las familias que se han visto afectadas por la pandemia del Covid-19 en Suiza.    <\/p>&#13;\n&#13;\n<h3 class=\"wp-block-heading\">&#8211; 26 de marzo<\/h3>&#13;\n&#13;\n<p>En esta fecha, los casos de coronavirus en Suiza superaron los 10.000.\nPor t\u00e9rmino medio, el n\u00famero de personas que dieron positivo en las pruebas ten\u00eda 52 a\u00f1os.\nHasta 91.400 residentes se hab\u00edan sometido a las pruebas en esta fecha.\nDe todas las personas que se hab\u00edan sometido a las pruebas ese d\u00eda, diez dieron positivo al virus.     <\/p>&#13;\n&#13;\n<h3 class=\"wp-block-heading\">&#8211; 25 de marzo<\/h3>&#13;\n&#13;\n<p>Se ha inaugurado en Lucerna el principal centro de pruebas de coronavirus de Suiza.\nPara someterse a las pruebas aqu\u00ed, la gente necesitar\u00e1 una remisi\u00f3n de su m\u00e9dico.\nLas pruebas se har\u00e1n mediante un hisopo bucal mientras la gente est\u00e1 sentada en su coche.\nEl centro realizar\u00e1 hasta 10 pruebas por hora y los resultados estar\u00e1n listos en un d\u00eda.\nLas pruebas en coche se har\u00e1n en la escuela cantonal de Alpenquai.      <\/p>&#13;\n&#13;\n<h3 class=\"wp-block-heading\">&#8211; 24 de marzo<\/h3>&#13;\n&#13;\n<p>Ese d\u00eda, el cant\u00f3n del Tesino ten\u00eda m\u00e1s de 1.000 casos confirmados de coronavirus de los 8.700 que hab\u00eda en el pa\u00eds.\nEsto situ\u00f3 a Suiza en segundo lugar entre los pa\u00edses con mayor n\u00famero de casos de Covid-19. <\/p>&#13;\n&#13;\n<p>El jefe de gesti\u00f3n de crisis del pa\u00eds, Patrick Mathys, anunci\u00f3 que el pa\u00eds estaba realizando hasta 8.000 pruebas diarias.\nA fecha de hoy, hasta 71.000 personas hab\u00edan dado negativo.   <\/p>&#13;\n&#13;\n<h3 class=\"wp-block-heading\">&#8211; 23 de marzo<\/h3>&#13;\n&#13;\n<p>Ese d\u00eda, m\u00e1s de 800 personas dieron positivo en las pruebas de la enfermedad por coronavirus. Hubo m\u00e1s de 100 muertes. Aun as\u00ed, los representantes dijeron que la situaci\u00f3n todav\u00eda no hab\u00eda alcanzado niveles alarmantes. Sin embargo, la SAMW (Academia Suiza de Ciencias M\u00e9dicas) confirm\u00f3 que ser\u00eda esencial decidir el racionamiento.   <\/p>&#13;\n&#13;\n<p>Thierry Fumeau, presidente de la SSICM<a href=\"https:\/\/imk.ch\/en\/detail-references\/the-swiss-society-of-intensive-care-medicine-ssicm.html\">(Sociedad Suiza de Medicina Intensiva<\/a>), dijo que se dar\u00eda prioridad a los pacientes con altas probabilidades de recuperaci\u00f3n. Para determinarlo, los funcionarios tendr\u00edan en cuenta cualquier estado de salud preexistente y no s\u00f3lo su edad.   <\/p>&#13;\n&#13;\n<h3 class=\"wp-block-heading\">&#8211; 22 de marzo<\/h3>&#13;\n&#13;\n<p>Ese d\u00eda se notificaron m\u00e1s de 900 casos de coronavirus.\nEsto aument\u00f3 el n\u00famero de casos confirmados de enfermedad por coronavirus en el pa\u00eds a 7.014. <\/p>&#13;\n&#13;\n<p>No se inform\u00f3 de ninguna v\u00edctima mortal.\nLas autoridades suizas dijeron que el pa\u00eds estaba luchando contra la escasez de kits de an\u00e1lisis.\nEl r\u00e1pido crecimiento de Covid-19 oblig\u00f3 a los representantes a llamar a numerosos reservistas del ej\u00e9rcito para que ayudaran a movilizar a m\u00e1s de 8.000 miembros del personal hospitalario.    <\/p>&#13;\n&#13;\n<h3 class=\"wp-block-heading\">&#8211; 21 de marzo<\/h3>&#13;\n&#13;\n<p>Este d\u00eda se notificaron m\u00e1s de 1.273 casos de coronavirus y 18 nuevas muertes.\nEsto aument\u00f3 el n\u00famero de casos hasta un 25% en un solo d\u00eda.   <\/p>&#13;\n&#13;\n<h3 class=\"wp-block-heading\">&#8211; 20 de marzo<\/h3>&#13;\n&#13;\n<p>Daniel Koch, de la oficina de salud, dijo que los hospitales del cant\u00f3n del Tesino, fronterizo con Italia, se estaban viendo desbordados por los pacientes infectados.\nEl gobierno suizo dio a conocer varias medidas para reducir los efectos del coronavirus. <\/p>&#13;\n&#13;\n<p>Se trataba de prohibir las reuniones de grupos de m\u00e1s de cinco personas en zonas p\u00fablicas.\nAdem\u00e1s, las tiendas online del pa\u00eds entregar\u00edan alimentos durante el fin de semana.\nBerset, ministro del Interior suizo, declar\u00f3 que se dispondr\u00eda de 32.000 millones de francos para ayudar a las personas afectadas por el Covid-19.    <\/p>&#13;\n&#13;\n<h2 class=\"wp-block-heading\">\u00bfCu\u00e1nto falta para que empiecen a funcionar los campamentos de verano?<\/h2>&#13;\n&#13;\n<p>En este momento todo parece incierto. Las cosas est\u00e1n cambiando en todo el mundo y la gente hace ajustes cada d\u00eda. Adem\u00e1s de tener que hacer frente a las fluctuaciones econ\u00f3micas y cuidar de los enfermos, ya no se puede celebrar con los amigos.  <\/p>&#13;\n&#13;\n<p>Las cosas han cambiado y, aunque no podamos determinar cu\u00e1ndo volver\u00e1 la normalidad, s\u00f3lo podemos esperar que sea pronto.\nMientras el mundo espera, muchas personas se han adaptado a hacer algunas cosas de forma diferente. <\/p>&#13;\n&#13;\n<p>Por ejemplo, algunas personas celebran reuniones y comidas virtuales con sus amigos a trav\u00e9s de aparatos m\u00f3viles y ordenadores port\u00e1tiles. Esto nos lleva a la <a href=\"https:\/\/www.sullivanhills.org\/post\/coronavirus-covid-19-update-summer-camp-2020\">actualizaci\u00f3n de<\/a> los <a href=\"https:\/\/www.sullivanhills.org\/post\/coronavirus-covid-19-update-summer-camp-2020\">campamentos de verano<\/a>. Los responsables de Les Elfes se esfuerzan por garantizar que los campamentos de verano est\u00e9n listos cuando llegue el momento de volver a acampar.  <\/p>&#13;\n&#13;\n<p>Actualmente est\u00e1n supervisando el giro de los acontecimientos y pronto publicar\u00e1n un informe actualizado sobre el camino a seguir.\nAun as\u00ed, tanto los organizadores de campamentos de verano como los padres deben tener en cuenta diversos factores. <\/p>&#13;\n&#13;\n<p>Por ejemplo, \u00bfsustituir\u00e1 el gobierno las vacaciones de verano por el aprendizaje ahora que las escuelas ya est\u00e1n cerradas?\n\u00bfY los alumnos?\n\u00bfLes entusiasmar\u00e1n los viajes de campamento de verano?\nHay muchas preguntas para las que quiz\u00e1 no tengamos respuesta actualmente.     <\/p>&#13;\n&#13;\n<h2 class=\"wp-block-heading\">\u00bfQu\u00e9 hace Les Elfes?<\/h2>&#13;\n&#13;\n<p>Con reuniones y eventos que se reprograman o posponen, los padres no est\u00e1n dispuestos a reservar <a href=\"https:\/\/www.leselfes.com\/es\/?page_id=90108\">campamentos de verano<\/a> con antelaci\u00f3n. Suponiendo que ya hubieras reservado tu campamento de verano pero no puedas asistir debido a la pandemia en curso, no debes preocuparte. Esto se debe a que Les Elfes ha eliminado los gastos de cancelaci\u00f3n, lo que significa que no incurrir\u00e1s en p\u00e9rdidas.  <\/p>&#13;\n&#13;\n<p>Ahora que todo el mundo es prudente respecto a cualquier compromiso actual, Les Elfes est\u00e1 haciendo todo lo posible para mantener la flexibilidad.\nPodr\u00e1s seguir asistiendo una vez que la situaci\u00f3n se estabilice sin ser penalizado. <\/p>&#13;\n&#13;\n<p>Las familias y los centros escolares tambi\u00e9n pueden optar por recibir un vale de cr\u00e9dito por el importe total pagado por el viaje.\nAdem\u00e1s, obtendr\u00e1s un 10% de descuento por reservar tu viaje de campamento de verano con antelaci\u00f3n.   <\/p>&#13;\n&#13;\n<h2 class=\"wp-block-heading\">La salud y la seguridad de los campistas<\/h2>&#13;\n&#13;\n<figure class=\"wp-block-image size-large\"><img loading=\"lazy\" decoding=\"async\" width=\"960\" height=\"544\" class=\"wp-image-38032\" src=\"https:\/\/www.leselfes.com\/wp-content\/uploads\/2020\/04\/clean.jpg\" alt=\"limpia\" srcset=\"https:\/\/www.leselfes.com\/wp-content\/uploads\/2020\/04\/clean.jpg 960w, https:\/\/www.leselfes.com\/wp-content\/uploads\/2020\/04\/clean-300x170.jpg 300w, https:\/\/www.leselfes.com\/wp-content\/uploads\/2020\/04\/clean-768x435.jpg 768w\" sizes=\"(max-width: 960px) 100vw, 960px\" \/><\/figure>&#13;\n&#13;\n<p>La OMS (Organizaci\u00f3n Mundial de la Salud) y el CDC (Centro de Control de Enfermedades) han recomendado el distanciamiento social como forma de frenar la propagaci\u00f3n del Covid-19.\nMuchos padres se preocupan por la salud y la seguridad de sus hijos durante los campamentos. <\/p>&#13;\n&#13;\n<p>Tras esta pandemia, los padres elevar\u00e1n sus expectativas cuando vuelva la normalidad. Los responsables del campamento de Les Elfes se han esforzado por mantener altos niveles de seguridad y salud. En sus a\u00f1os de existencia, <a href=\"https:\/\/www.leselfes.com\/es\/?page_id=90057\">Les El<\/a> fes ha dispuesto de estrategias para hacer frente a una enfermedad infecciosa.  <\/p>&#13;\n&#13;\n<p>Esto explica por qu\u00e9 las instalaciones del campamento de verano han conseguido hacer frente a varios brotes, como el H1N1 y el SARS.\nLo ha conseguido practicando h\u00e1bitos de higiene adecuados y desinfectando las superficies que se tocan con frecuencia. <\/p>&#13;\n&#13;\n<p>Tambi\u00e9n se ha recomendado lavarse las manos a fondo y con frecuencia como medida preventiva adecuada contra el coronavirus.  <\/p>&#13;\n&#13;\n<h2 class=\"wp-block-heading\">\u00bfC\u00f3mo se beneficiar\u00e1n de los campamentos de verano los ni\u00f1os que ya han tenido Covid-19?<\/h2>&#13;\n&#13;\n<p>Cuando los ni\u00f1os interact\u00faen con sus compa\u00f1eros, comprender\u00e1n que no est\u00e1n solos.\nLos campamentos ofrecen a los ni\u00f1os un entorno amplio en el que pueden participar en diversas actividades divertidas. <\/p>&#13;\n&#13;\n<p>Los ni\u00f1os aprender\u00e1n nuevas habilidades y perfeccionar\u00e1n sus conocimientos ya existentes.\nY lo que es m\u00e1s, estar\u00e1n expuestos a retos que les ayudar\u00e1n a recuperarse del trauma de sufrir Covid-19. <\/p>&#13;\n&#13;\n<p>Participando en los campamentos, los ni\u00f1os aprenden una serie de actividades que pueden ayudarles en su vida futura.\nTambi\u00e9n ganan confianza en s\u00ed mismos.   <\/p>&#13;\n&#13;\n<h2 class=\"wp-block-heading\">Por fin  <\/h2>&#13;\n&#13;\n<p>El mundo est\u00e1 actualmente paralizado mientras contin\u00faa la lucha contra la pandemia de coronavirus.\nEsperamos que la normalidad vuelva pronto.\nLo bueno es que a\u00fan puedes reservar con antelaci\u00f3n unas <a href=\"https:\/\/www.leselfes.com\/es\/?p=92356\">vacaciones de campamento de verano para tu hijo<\/a>.  <\/p>&#13;\n&#13;\n<p> <a href=\"https:\/\/www.leselfes.com\/es\/?page_id=89351\">Reg\u00edstrate<\/a> hoy con nosotros y recibe alertas cada vez que haya cambios.  <\/p>&#13;\n","protected":false},"excerpt":{"rendered":"<p>&#13; Los casos de coronavirus han aumentado r\u00e1pidamente en todo el mundo. En Suiza, por ejemplo, hay actualmente hasta 1.138 muertes de 25.688 personas infectadas y 13.700 recuperaciones. El Consejo&#8230;<\/p>\n","protected":false},"author":1,"featured_media":72899,"comment_status":"closed","ping_status":"open","sticky":false,"template":"","format":"standard","meta":{"_acf_changed":false,"inline_featured_image":false,"footnotes":""},"categories":[1368,1373],"tags":[1881],"class_list":{"0":"post-93602","1":"post","2":"type-post","3":"status-publish","4":"format-standard","5":"has-post-thumbnail","7":"category-articulos","8":"category-campamento-de-verano","9":"tag-actualizacion-del-campamento-de-verano"},"acf":[],"yoast_head":"<!-- This site is optimized with the Yoast SEO Premium plugin v24.2 (Yoast SEO v24.7) - https:\/\/yoast.com\/wordpress\/plugins\/seo\/ -->\n<title>Actualizaci\u00f3n de los campamentos de verano en medio de la pandemia de coronavirus - Les Elfes International Camps Switzerland<\/title>\n<meta name=\"robots\" content=\"index, follow, max-snippet:-1, max-image-preview:large, max-video-preview:-1\" \/>\n<link rel=\"canonical\" href=\"https:\/\/www.leselfes.com\/es\/actualizacion-de-los-campamentos-de-verano-en-medio-de-la-pandemia-de-coronavirus\/\" \/>\n<meta property=\"og:locale\" content=\"es_ES\" \/>\n<meta property=\"og:type\" content=\"article\" \/>\n<meta property=\"og:title\" content=\"Actualizaci\u00f3n de los campamentos de verano en medio de la pandemia de coronavirus\" \/>\n<meta property=\"og:description\" content=\"&#013; Los casos de coronavirus han aumentado r\u00e1pidamente en todo el mundo. En Suiza, por ejemplo, hay actualmente hasta 1.138 muertes de 25.688 personas infectadas y 13.700 recuperaciones. El Consejo...\" \/>\n<meta property=\"og:url\" content=\"https:\/\/www.leselfes.com\/es\/actualizacion-de-los-campamentos-de-verano-en-medio-de-la-pandemia-de-coronavirus\/\" \/>\n<meta property=\"og:site_name\" content=\"Les Elfes International Camps Switzerland\" \/>\n<meta property=\"article:publisher\" content=\"https:\/\/www.facebook.com\/LesElfesVerbier\" \/>\n<meta property=\"article:published_time\" content=\"2020-04-29T14:19:28+00:00\" \/>\n<meta property=\"article:modified_time\" content=\"2024-11-12T11:43:55+00:00\" \/>\n<meta property=\"og:image\" content=\"https:\/\/dev.leselfes.com\/wp-content\/uploads\/2020\/04\/covid-19-5048229_960_720.jpg\" \/>\n\t<meta property=\"og:image:width\" content=\"960\" \/>\n\t<meta property=\"og:image:height\" content=\"652\" \/>\n\t<meta property=\"og:image:type\" content=\"image\/jpeg\" \/>\n<meta name=\"author\" content=\"lesadmin\" \/>\n<meta name=\"twitter:card\" content=\"summary_large_image\" \/>\n<meta name=\"twitter:creator\" content=\"@LesElfesCamps\" \/>\n<meta name=\"twitter:site\" content=\"@LesElfesCamps\" \/>\n<meta name=\"twitter:label1\" content=\"Escrito por\" \/>\n\t<meta name=\"twitter:data1\" content=\"lesadmin\" \/>\n\t<meta name=\"twitter:label2\" content=\"Tiempo de lectura\" \/>\n\t<meta name=\"twitter:data2\" content=\"9 minutos\" \/>\n<script type=\"application\/ld+json\" class=\"yoast-schema-graph\">{\"@context\":\"https:\/\/schema.org\",\"@graph\":[{\"@type\":\"Article\",\"@id\":\"https:\/\/www.leselfes.com\/es\/actualizacion-de-los-campamentos-de-verano-en-medio-de-la-pandemia-de-coronavirus\/#article\",\"isPartOf\":{\"@id\":\"https:\/\/www.leselfes.com\/es\/actualizacion-de-los-campamentos-de-verano-en-medio-de-la-pandemia-de-coronavirus\/\"},\"author\":{\"name\":\"lesadmin\",\"@id\":\"https:\/\/dev.leselfes.com\/#\/schema\/person\/407a229698868b8c603874b19f37f289\"},\"headline\":\"Actualizaci\u00f3n de los campamentos de verano en medio de la pandemia de coronavirus\",\"datePublished\":\"2020-04-29T14:19:28+00:00\",\"dateModified\":\"2024-11-12T11:43:55+00:00\",\"mainEntityOfPage\":{\"@id\":\"https:\/\/www.leselfes.com\/es\/actualizacion-de-los-campamentos-de-verano-en-medio-de-la-pandemia-de-coronavirus\/\"},\"wordCount\":1894,\"publisher\":{\"@id\":\"https:\/\/dev.leselfes.com\/#organization\"},\"image\":{\"@id\":\"https:\/\/www.leselfes.com\/es\/actualizacion-de-los-campamentos-de-verano-en-medio-de-la-pandemia-de-coronavirus\/#primaryimage\"},\"thumbnailUrl\":\"https:\/\/www.leselfes.com\/wp-content\/uploads\/2020\/04\/covid-19-5048229_960_720.jpg\",\"keywords\":[\"actualizaci\u00f3n del campamento de verano\"],\"articleSection\":[\"Art\u00edculos\",\"Campamento de verano\"],\"inLanguage\":\"es\"},{\"@type\":\"WebPage\",\"@id\":\"https:\/\/www.leselfes.com\/es\/actualizacion-de-los-campamentos-de-verano-en-medio-de-la-pandemia-de-coronavirus\/\",\"url\":\"https:\/\/www.leselfes.com\/es\/actualizacion-de-los-campamentos-de-verano-en-medio-de-la-pandemia-de-coronavirus\/\",\"name\":\"Actualizaci\u00f3n de los campamentos de verano en medio de la pandemia de coronavirus - Les Elfes International Camps Switzerland\",\"isPartOf\":{\"@id\":\"https:\/\/dev.leselfes.com\/#website\"},\"primaryImageOfPage\":{\"@id\":\"https:\/\/www.leselfes.com\/es\/actualizacion-de-los-campamentos-de-verano-en-medio-de-la-pandemia-de-coronavirus\/#primaryimage\"},\"image\":{\"@id\":\"https:\/\/www.leselfes.com\/es\/actualizacion-de-los-campamentos-de-verano-en-medio-de-la-pandemia-de-coronavirus\/#primaryimage\"},\"thumbnailUrl\":\"https:\/\/www.leselfes.com\/wp-content\/uploads\/2020\/04\/covid-19-5048229_960_720.jpg\",\"datePublished\":\"2020-04-29T14:19:28+00:00\",\"dateModified\":\"2024-11-12T11:43:55+00:00\",\"breadcrumb\":{\"@id\":\"https:\/\/www.leselfes.com\/es\/actualizacion-de-los-campamentos-de-verano-en-medio-de-la-pandemia-de-coronavirus\/#breadcrumb\"},\"inLanguage\":\"es\",\"potentialAction\":[{\"@type\":\"ReadAction\",\"target\":[\"https:\/\/www.leselfes.com\/es\/actualizacion-de-los-campamentos-de-verano-en-medio-de-la-pandemia-de-coronavirus\/\"]}]},{\"@type\":\"ImageObject\",\"inLanguage\":\"es\",\"@id\":\"https:\/\/www.leselfes.com\/es\/actualizacion-de-los-campamentos-de-verano-en-medio-de-la-pandemia-de-coronavirus\/#primaryimage\",\"url\":\"https:\/\/www.leselfes.com\/wp-content\/uploads\/2020\/04\/covid-19-5048229_960_720.jpg\",\"contentUrl\":\"https:\/\/www.leselfes.com\/wp-content\/uploads\/2020\/04\/covid-19-5048229_960_720.jpg\",\"width\":960,\"height\":652},{\"@type\":\"BreadcrumbList\",\"@id\":\"https:\/\/www.leselfes.com\/es\/actualizacion-de-los-campamentos-de-verano-en-medio-de-la-pandemia-de-coronavirus\/#breadcrumb\",\"itemListElement\":[{\"@type\":\"ListItem\",\"position\":1,\"name\":\"Home\",\"item\":\"https:\/\/www.leselfes.com\/es\/inicio\/\"},{\"@type\":\"ListItem\",\"position\":2,\"name\":\"Actualizaci\u00f3n de los campamentos de verano en medio de la pandemia de coronavirus\"}]},{\"@type\":\"WebSite\",\"@id\":\"https:\/\/dev.leselfes.com\/#website\",\"url\":\"https:\/\/dev.leselfes.com\/\",\"name\":\"Les Elfes International\",\"description\":\"Les Elfes International, Verbier Switzerland. Summer Camp, Winter Camp, Spring Camps.\",\"publisher\":{\"@id\":\"https:\/\/dev.leselfes.com\/#organization\"},\"alternateName\":\"Les Elfes International\",\"potentialAction\":[{\"@type\":\"SearchAction\",\"target\":{\"@type\":\"EntryPoint\",\"urlTemplate\":\"https:\/\/dev.leselfes.com\/?s={search_term_string}\"},\"query-input\":{\"@type\":\"PropertyValueSpecification\",\"valueRequired\":true,\"valueName\":\"search_term_string\"}}],\"inLanguage\":\"es\"},{\"@type\":\"Organization\",\"@id\":\"https:\/\/dev.leselfes.com\/#organization\",\"name\":\"Les Elfes International\",\"alternateName\":\"Les Elfes International\",\"url\":\"https:\/\/dev.leselfes.com\/\",\"logo\":{\"@type\":\"ImageObject\",\"inLanguage\":\"es\",\"@id\":\"https:\/\/dev.leselfes.com\/#\/schema\/logo\/image\/\",\"url\":\"https:\/\/www.leselfes.com\/wp-content\/uploads\/2022\/03\/leselfes-logo.png\",\"contentUrl\":\"https:\/\/www.leselfes.com\/wp-content\/uploads\/2022\/03\/leselfes-logo.png\",\"width\":233,\"height\":51,\"caption\":\"Les Elfes International\"},\"image\":{\"@id\":\"https:\/\/dev.leselfes.com\/#\/schema\/logo\/image\/\"},\"sameAs\":[\"https:\/\/www.facebook.com\/LesElfesVerbier\",\"https:\/\/x.com\/LesElfesCamps\",\"https:\/\/www.instagram.com\/leselfes\",\"https:\/\/www.linkedin.com\/company\/les-elfes-international\",\"https:\/\/www.youtube.com\/user\/LesElfesVerbier\"]},{\"@type\":\"Person\",\"@id\":\"https:\/\/dev.leselfes.com\/#\/schema\/person\/407a229698868b8c603874b19f37f289\",\"name\":\"lesadmin\",\"image\":{\"@type\":\"ImageObject\",\"inLanguage\":\"es\",\"@id\":\"https:\/\/dev.leselfes.com\/#\/schema\/person\/image\/\",\"url\":\"https:\/\/secure.gravatar.com\/avatar\/fdb243a028df450397b3632d862f87f6?s=96&d=mm&r=g\",\"contentUrl\":\"https:\/\/secure.gravatar.com\/avatar\/fdb243a028df450397b3632d862f87f6?s=96&d=mm&r=g\",\"caption\":\"lesadmin\"},\"url\":\"https:\/\/www.leselfes.com\/es\/author\/lesadmin\/\"}]}<\/script>\n<!-- \/ Yoast SEO Premium plugin. -->","yoast_head_json":{"title":"Actualizaci\u00f3n de los campamentos de verano en medio de la pandemia de coronavirus - Les Elfes International Camps Switzerland","robots":{"index":"index","follow":"follow","max-snippet":"max-snippet:-1","max-image-preview":"max-image-preview:large","max-video-preview":"max-video-preview:-1"},"canonical":"https:\/\/www.leselfes.com\/es\/actualizacion-de-los-campamentos-de-verano-en-medio-de-la-pandemia-de-coronavirus\/","og_locale":"es_ES","og_type":"article","og_title":"Actualizaci\u00f3n de los campamentos de verano en medio de la pandemia de coronavirus","og_description":"&#13; Los casos de coronavirus han aumentado r\u00e1pidamente en todo el mundo. En Suiza, por ejemplo, hay actualmente hasta 1.138 muertes de 25.688 personas infectadas y 13.700 recuperaciones. El Consejo...","og_url":"https:\/\/www.leselfes.com\/es\/actualizacion-de-los-campamentos-de-verano-en-medio-de-la-pandemia-de-coronavirus\/","og_site_name":"Les Elfes International Camps Switzerland","article_publisher":"https:\/\/www.facebook.com\/LesElfesVerbier","article_published_time":"2020-04-29T14:19:28+00:00","article_modified_time":"2024-11-12T11:43:55+00:00","og_image":[{"width":960,"height":652,"url":"https:\/\/dev.leselfes.com\/wp-content\/uploads\/2020\/04\/covid-19-5048229_960_720.jpg","type":"image\/jpeg"}],"author":"lesadmin","twitter_card":"summary_large_image","twitter_creator":"@LesElfesCamps","twitter_site":"@LesElfesCamps","twitter_misc":{"Escrito por":"lesadmin","Tiempo de lectura":"9 minutos"},"schema":{"@context":"https:\/\/schema.org","@graph":[{"@type":"Article","@id":"https:\/\/www.leselfes.com\/es\/actualizacion-de-los-campamentos-de-verano-en-medio-de-la-pandemia-de-coronavirus\/#article","isPartOf":{"@id":"https:\/\/www.leselfes.com\/es\/actualizacion-de-los-campamentos-de-verano-en-medio-de-la-pandemia-de-coronavirus\/"},"author":{"name":"lesadmin","@id":"https:\/\/dev.leselfes.com\/#\/schema\/person\/407a229698868b8c603874b19f37f289"},"headline":"Actualizaci\u00f3n de los campamentos de verano en medio de la pandemia de coronavirus","datePublished":"2020-04-29T14:19:28+00:00","dateModified":"2024-11-12T11:43:55+00:00","mainEntityOfPage":{"@id":"https:\/\/www.leselfes.com\/es\/actualizacion-de-los-campamentos-de-verano-en-medio-de-la-pandemia-de-coronavirus\/"},"wordCount":1894,"publisher":{"@id":"https:\/\/dev.leselfes.com\/#organization"},"image":{"@id":"https:\/\/www.leselfes.com\/es\/actualizacion-de-los-campamentos-de-verano-en-medio-de-la-pandemia-de-coronavirus\/#primaryimage"},"thumbnailUrl":"https:\/\/www.leselfes.com\/wp-content\/uploads\/2020\/04\/covid-19-5048229_960_720.jpg","keywords":["actualizaci\u00f3n del campamento de verano"],"articleSection":["Art\u00edculos","Campamento de verano"],"inLanguage":"es"},{"@type":"WebPage","@id":"https:\/\/www.leselfes.com\/es\/actualizacion-de-los-campamentos-de-verano-en-medio-de-la-pandemia-de-coronavirus\/","url":"https:\/\/www.leselfes.com\/es\/actualizacion-de-los-campamentos-de-verano-en-medio-de-la-pandemia-de-coronavirus\/","name":"Actualizaci\u00f3n de los campamentos de verano en medio de la pandemia de coronavirus - Les Elfes International Camps Switzerland","isPartOf":{"@id":"https:\/\/dev.leselfes.com\/#website"},"primaryImageOfPage":{"@id":"https:\/\/www.leselfes.com\/es\/actualizacion-de-los-campamentos-de-verano-en-medio-de-la-pandemia-de-coronavirus\/#primaryimage"},"image":{"@id":"https:\/\/www.leselfes.com\/es\/actualizacion-de-los-campamentos-de-verano-en-medio-de-la-pandemia-de-coronavirus\/#primaryimage"},"thumbnailUrl":"https:\/\/www.leselfes.com\/wp-content\/uploads\/2020\/04\/covid-19-5048229_960_720.jpg","datePublished":"2020-04-29T14:19:28+00:00","dateModified":"2024-11-12T11:43:55+00:00","breadcrumb":{"@id":"https:\/\/www.leselfes.com\/es\/actualizacion-de-los-campamentos-de-verano-en-medio-de-la-pandemia-de-coronavirus\/#breadcrumb"},"inLanguage":"es","potentialAction":[{"@type":"ReadAction","target":["https:\/\/www.leselfes.com\/es\/actualizacion-de-los-campamentos-de-verano-en-medio-de-la-pandemia-de-coronavirus\/"]}]},{"@type":"ImageObject","inLanguage":"es","@id":"https:\/\/www.leselfes.com\/es\/actualizacion-de-los-campamentos-de-verano-en-medio-de-la-pandemia-de-coronavirus\/#primaryimage","url":"https:\/\/www.leselfes.com\/wp-content\/uploads\/2020\/04\/covid-19-5048229_960_720.jpg","contentUrl":"https:\/\/www.leselfes.com\/wp-content\/uploads\/2020\/04\/covid-19-5048229_960_720.jpg","width":960,"height":652},{"@type":"BreadcrumbList","@id":"https:\/\/www.leselfes.com\/es\/actualizacion-de-los-campamentos-de-verano-en-medio-de-la-pandemia-de-coronavirus\/#breadcrumb","itemListElement":[{"@type":"ListItem","position":1,"name":"Home","item":"https:\/\/www.leselfes.com\/es\/inicio\/"},{"@type":"ListItem","position":2,"name":"Actualizaci\u00f3n de los campamentos de verano en medio de la pandemia de coronavirus"}]},{"@type":"WebSite","@id":"https:\/\/dev.leselfes.com\/#website","url":"https:\/\/dev.leselfes.com\/","name":"Les Elfes International","description":"Les Elfes International, Verbier Switzerland. Summer Camp, Winter Camp, Spring Camps.","publisher":{"@id":"https:\/\/dev.leselfes.com\/#organization"},"alternateName":"Les Elfes International","potentialAction":[{"@type":"SearchAction","target":{"@type":"EntryPoint","urlTemplate":"https:\/\/dev.leselfes.com\/?s={search_term_string}"},"query-input":{"@type":"PropertyValueSpecification","valueRequired":true,"valueName":"search_term_string"}}],"inLanguage":"es"},{"@type":"Organization","@id":"https:\/\/dev.leselfes.com\/#organization","name":"Les Elfes International","alternateName":"Les Elfes International","url":"https:\/\/dev.leselfes.com\/","logo":{"@type":"ImageObject","inLanguage":"es","@id":"https:\/\/dev.leselfes.com\/#\/schema\/logo\/image\/","url":"https:\/\/www.leselfes.com\/wp-content\/uploads\/2022\/03\/leselfes-logo.png","contentUrl":"https:\/\/www.leselfes.com\/wp-content\/uploads\/2022\/03\/leselfes-logo.png","width":233,"height":51,"caption":"Les Elfes International"},"image":{"@id":"https:\/\/dev.leselfes.com\/#\/schema\/logo\/image\/"},"sameAs":["https:\/\/www.facebook.com\/LesElfesVerbier","https:\/\/x.com\/LesElfesCamps","https:\/\/www.instagram.com\/leselfes","https:\/\/www.linkedin.com\/company\/les-elfes-international","https:\/\/www.youtube.com\/user\/LesElfesVerbier"]},{"@type":"Person","@id":"https:\/\/dev.leselfes.com\/#\/schema\/person\/407a229698868b8c603874b19f37f289","name":"lesadmin","image":{"@type":"ImageObject","inLanguage":"es","@id":"https:\/\/dev.leselfes.com\/#\/schema\/person\/image\/","url":"https:\/\/secure.gravatar.com\/avatar\/fdb243a028df450397b3632d862f87f6?s=96&d=mm&r=g","contentUrl":"https:\/\/secure.gravatar.com\/avatar\/fdb243a028df450397b3632d862f87f6?s=96&d=mm&r=g","caption":"lesadmin"},"url":"https:\/\/www.leselfes.com\/es\/author\/lesadmin\/"}]}},"_links":{"self":[{"href":"https:\/\/www.leselfes.com\/es\/wp-json\/wp\/v2\/posts\/93602"}],"collection":[{"href":"https:\/\/www.leselfes.com\/es\/wp-json\/wp\/v2\/posts"}],"about":[{"href":"https:\/\/www.leselfes.com\/es\/wp-json\/wp\/v2\/types\/post"}],"author":[{"embeddable":true,"href":"https:\/\/www.leselfes.com\/es\/wp-json\/wp\/v2\/users\/1"}],"replies":[{"embeddable":true,"href":"https:\/\/www.leselfes.com\/es\/wp-json\/wp\/v2\/comments?post=93602"}],"version-history":[{"count":0,"href":"https:\/\/www.leselfes.com\/es\/wp-json\/wp\/v2\/posts\/93602\/revisions"}],"wp:featuredmedia":[{"embeddable":true,"href":"https:\/\/www.leselfes.com\/es\/wp-json\/wp\/v2\/media\/72899"}],"wp:attachment":[{"href":"https:\/\/www.leselfes.com\/es\/wp-json\/wp\/v2\/media?parent=93602"}],"wp:term":[{"taxonomy":"category","embeddable":true,"href":"https:\/\/www.leselfes.com\/es\/wp-json\/wp\/v2\/categories?post=93602"},{"taxonomy":"post_tag","embeddable":true,"href":"https:\/\/www.leselfes.com\/es\/wp-json\/wp\/v2\/tags?post=93602"}],"curies":[{"name":"wp","href":"https:\/\/api.w.org\/{rel}","templated":true}]}}