{"id":95978,"date":"2025-01-07T09:09:03","date_gmt":"2025-01-07T08:09:03","guid":{"rendered":"https:\/\/www.leselfes.com\/como-es-la-experiencia-del-campamento-de-invierno\/"},"modified":"2025-02-18T11:06:29","modified_gmt":"2025-02-18T10:06:29","slug":"como-es-la-experiencia-del-campamento-de-invierno","status":"publish","type":"post","link":"https:\/\/www.leselfes.com\/es\/como-es-la-experiencia-del-campamento-de-invierno\/","title":{"rendered":"\u00bfC\u00f3mo es la experiencia del campamento de invierno?"},"content":{"rendered":"<p>Un campamento de invierno en los Alpes suizos ofrece a los j\u00f3venes aventureros una mezcla \u00fanica de emoci\u00f3n, desarrollo de habilidades e inmersi\u00f3n cultural. Ya sea perfeccionando los deportes de nieve, estrechando lazos con los amigos o descubriendo las tradiciones suizas, los campamentos de invierno en Suiza crean <strong>experiencias invernales inolvidables<\/strong> para campistas de todas las edades. Desde <strong>clases de esqu\u00ed<\/strong> hasta <strong>manualidades<\/strong>, todos los aspectos de <strong>las actividades de los campamentos de<\/strong> invierno est\u00e1n dise\u00f1ados para ayudar a los campistas a crecer, divertirse y construir recuerdos duraderos.  <\/p>\n<h2>Los mejores campamentos de invierno en Suiza<\/h2>\n<p>Suiza alberga algunos de los <strong>mejores campamentos de invierno<\/strong> del mundo, gracias a su impresionante paisaje <strong>alpino<\/strong>, sus estaciones de esqu\u00ed de gran calidad y sus programas culturalmente enriquecedores. Los campamentos <strong>internacionales de invierno<\/strong> en destinos populares como <strong>Verbier<\/strong>, <strong>Gstaad<\/strong> y <strong>Davos<\/strong> acogen a campistas de todo el mundo. Estos campamentos proporcionan un entorno seguro y de apoyo para que los ni\u00f1os y adolescentes exploren el aire libre, conozcan a compa\u00f1eros de distintos or\u00edgenes y desarrollen habilidades clave para la vida.  <\/p>\n<p>Situados en el coraz\u00f3n de <strong>los Alpes suizos<\/strong>, los campamentos de invierno ofrecen un ambiente tanto local como internacional, donde <strong>los ni\u00f1os de 6 a 17 a\u00f1os<\/strong> pueden disfrutar de una amplia gama de programas. <strong>Los campistas de 8 a 14 a\u00f1os<\/strong> encuentran una emocionante variedad de actividades apropiadas para su edad que desaf\u00edan sus habilidades al tiempo que crean un entorno divertido y de apoyo. Desde pistas de esqu\u00ed aptas para principiantes hasta pistas para avanzados, cada campamento est\u00e1 cuidadosamente dise\u00f1ado para apoyar los distintos niveles de destreza y proporcionar una experiencia integradora. <\/p>\n<h2>\u00bfQu\u00e9 actividades se incluyen en los campamentos de invierno?<\/h2>\n<p>Lo m\u00e1s destacado de cualquier campamento de invierno es su variedad de actividades, y los campamentos de invierno suizos ofrecen algunas de las mejores opciones disponibles. El n\u00facleo son las <strong>clases de esqu\u00ed<\/strong> y <strong>snowboard<\/strong>, donde los campistas reciben <strong>instrucci\u00f3n<\/strong> profesional <strong>de esqu\u00ed y snowboard<\/strong> adaptada a su nivel. Cada d\u00eda, los campistas pueden esperar pasar tiempo en las pistas, practicando sus habilidades y explorando el hermoso paisaje. Pero los campamentos de invierno incluyen mucho m\u00e1s que deportes de nieve:   <\/p>\n<ul>\n<li><strong>Actividades noct<\/strong>urnas: Tras un d\u00eda completo al aire libre, los acampados participan en relajantes y divertidas actividades nocturnas, como noches de cine, juegos en equipo y sesiones de cuentacuentos. Estas <strong>actividades nocturnas<\/strong> permiten a los acampados relajarse y estrechar lazos con sus amigos. <\/li>\n<li><strong>Arte y manualidades<\/strong>: Los talleres creativos, como los de arte y manualidades, dan a los campistas la oportunidad de expresarse y llevarse a casa los recuerdos que han hecho. Actividades como dibujar, pintar o hacer manualidades proporcionan un descanso creativo de los deportes. <\/li>\n<li><strong>Aventuras al aire libre<\/strong>: Muchos campamentos organizan <strong>actividades adicionales al aire libre<\/strong>, como paseos con raquetas de nieve, patinaje sobre hielo e incluso construcci\u00f3n de igl\u00fas, lo que permite a los campistas disfrutar plenamente del paisaje invernal.<\/li>\n<\/ul>\n<p>Desde deportes estructurados hasta salidas creativas, estos campamentos ofrecen un atractivo programa que satisface una amplia gama de intereses. <strong>Los programas de los campamentos<\/strong> est\u00e1n dise\u00f1ados para ser a la vez divertidos y educativos, ayudando a los ni\u00f1os a desarrollar habilidades y descubrir nuevas pasiones.<\/p>\n<h2>\u00bfCu\u00e1nto cuestan los campamentos de invierno?<\/h2>\n<p>El <strong>coste de un campamento de invierno<\/strong> puede variar significativamente seg\u00fan el lugar, la duraci\u00f3n y las ofertas espec\u00edficas que incluya. Por lo general, <strong>las cuotas de los campamentos de<\/strong> invierno cubren el alojamiento, las comidas, todas las actividades programadas y el equipo para deportes como el esqu\u00ed y el snowboard. Algunos campamentos pueden tener costes adicionales por excursiones espec\u00edficas o clases opcionales, por lo que resulta \u00fatil examinar en detalle el desglose de <strong>las cuotas de<\/strong> cada <strong>campamento<\/strong>. Los campamentos en zonas de esqu\u00ed de primera categor\u00eda, como <strong>Verbier<\/strong> o <strong>Gstaad<\/strong>, suelen incluir acceso a pistas de esqu\u00ed de renombre e instalaciones de alta calidad, lo que puede aumentar el <strong>precio total del campamento de invierno<\/strong>.   <\/p>\n<p>Los padres que est\u00e9n pensando en ir a un campamento de invierno suelen encontrar distintas <strong>ofertas de campamentos<\/strong> adaptadas a su presupuesto, ya que muchos campamentos ofrecen descuentos por <strong>inscripci\u00f3n anticip<\/strong> ada <strong>en campamentos de invierno<\/strong> o por inscripciones de varias semanas. Tambi\u00e9n es aconsejable informarse directamente en los campamentos para obtener una lista de precios detallada y posibles descuentos familiares u ofertas de paquetes. <\/p>\n<h2>\u00bfPara qu\u00e9 grupos de edad son los campamentos de invierno?<\/h2>\n<p>Los campamentos de invierno en Suiza suelen atender a un amplio abanico de edades, lo que los convierte en una opci\u00f3n vers\u00e1til para familias con hijos de distintas edades. Muchos campamentos ofrecen programas para <strong>ni\u00f1os de 6 a 17 a\u00f1os<\/strong>, y algunos se especializan en determinados grupos de edad, como <strong>grupos de j\u00f3venes<\/strong> o adolescentes. Los campamentos suelen adaptar las actividades a grupos de edad espec\u00edficos, asegur\u00e1ndose de que los campistas m\u00e1s j\u00f3venes, como los <strong>de 5 a 16 a\u00f1os<\/strong>, tengan actividades seguras y divertidas que se ajusten a su nivel de desarrollo, mientras que los mayores pueden tener acceso a pistas de esqu\u00ed avanzadas, actividades independientes y programas de liderazgo.  <\/p>\n<p>Para los padres que quieren dar a sus hijos un comienzo temprano, son populares los programas para <strong>campistas de 8 a 14 a\u00f1os<\/strong>, que equilibran diversi\u00f3n, desarrollo de habilidades e interacci\u00f3n social. Cada grupo de edad se beneficia de un programa completo que fomenta tanto el aprendizaje como la diversi\u00f3n. <\/p>\n<h2>\u00bfC\u00f3mo inscribirse en los campamentos de invierno?<\/h2>\n<p>Inscribirse en un campamento de invierno suele ser un proceso sencillo, sobre todo en los campamentos internacionales que ofrecen formularios de <strong>inscripci\u00f3n<\/strong> online. Los padres pueden explorar distintas opciones y encontrar <strong>informaci\u00f3n<\/strong> espec\u00edfica <strong>sobre los campamentos de<\/strong> invierno navegando por el sitio web oficial del campamento. Se recomienda inscribirse pronto, ya que los campamentos populares en lugares importantes como <strong>Verbier<\/strong> y <strong>Gstaad<\/strong> se llenan r\u00e1pidamente.  <\/p>\n<p>Para los interesados en inscribirse, la mayor\u00eda de los campamentos ofrecen sencillos portales en l\u00ednea para <strong>solicitar plaza en un campamento de invierno<\/strong>, junto con un <strong>contacto directo para<\/strong> consultas sobre <strong>campamentos de invierno<\/strong>. Las familias pueden hacer preguntas sobre disponibilidad, costes y programas espec\u00edficos para asegurarse de que el campamento se ajusta a las necesidades de su hijo. <\/p>\n<h2>\u00bfC\u00f3mo es la experiencia del campamento de invierno?<\/h2>\n<p>Los campamentos de invierno est\u00e1n dise\u00f1ados para crear una <strong>experiencia invernal inolvidable<\/strong> en la que los campistas disfruten de un equilibrio entre aprendizaje, juego y crecimiento personal. El ambiente del campamento es de amistad y entusiasmo, donde estudiantes de todo el mundo se re\u00fanen para experimentar una nueva cultura y establecer v\u00ednculos duraderos. Ya sea la emoci\u00f3n de esquiar por primera vez, compartir historias alrededor de una hoguera o descubrir nuevos intereses, cada d\u00eda ofrece nuevas aventuras.  <\/p>\n<p>Mediante <strong>actividades de campamento de invierno<\/strong> planificadas y grupos supervisados, los ni\u00f1os adquieren sentido de la responsabilidad y confianza. Desde pistas de esqu\u00ed para principiantes hasta pistas m\u00e1s avanzadas, se les anima a explorar sus habilidades en un ambiente seguro y enriquecedor. Las amistades y los recuerdos que se forman durante el campamento de invierno suelen durar mucho m\u00e1s all\u00e1 de la temporada de campamento.  <\/p>\n<h2>\u00bfD\u00f3nde est\u00e1n situados los campamentos de invierno?<\/h2>\n<p>Los campamentos de invierno est\u00e1n estrat\u00e9gicamente situados en algunos de los lugares m\u00e1s impresionantes y accesibles de <strong>los Alpes suizos<\/strong>. <strong>Los campamentos<\/strong> m\u00e1s populares incluyen <strong>estaciones de esqu\u00ed<\/strong> de categor\u00eda mundial en zonas como <strong>Verbier<\/strong>, <strong>Davos<\/strong> y <strong>Gstaad<\/strong>. Cada lugar ofrece un entorno \u00fanico: Verbier es conocido por su vibrante ambiente apr\u00e8s-ski, Davos por sus senderos panor\u00e1micos y Gstaad por su encanto hist\u00f3rico y sus pistas de renombre mundial. El acceso a zonas de esqu\u00ed de alta calidad y a atracciones culturales garantiza que cada campista tenga una experiencia invernal completa.   <\/p>\n<p>El transporte es f\u00e1cil para las familias internacionales, ya que muchos campamentos ofrecen opciones de traslado desde <strong>el aeropuerto de Z\u00farich<\/strong> o las principales estaciones de tren. Las conexiones fluidas hacen de Suiza una opci\u00f3n c\u00f3moda y segura para las familias que buscan un campamento de invierno enriquecedor para sus hijos. <\/p>\n<h2>Acerca de Les Elfes International<\/h2>\n<p>Para quienes buscan un campamento de invierno excepcional, <strong>Les Elfes International<\/strong> ofrece uno de los programas m\u00e1s completos y atractivos de Suiza. Situado en <strong>Verbier<\/strong>, Les Elfes combina deportes, aprendizaje de idiomas y formaci\u00f3n para el liderazgo en un entorno din\u00e1mico y de apoyo. Con <strong>instrucci\u00f3n<\/strong> experta <strong>en esqu\u00ed y snowboard<\/strong>, actividades cuidadosamente dise\u00f1adas y un enfoque multicultural, Les Elfes International se asegura de que cada campista disfrute de una experiencia transformadora. Desde el esqu\u00ed en pistas de primera categor\u00eda hasta excursiones culturales, Les Elfes proporciona a los j\u00f3venes aventureros un invierno inolvidable en los Alpes suizos, creando recuerdos y amistades que duran toda la vida.   <\/p>\n","protected":false},"excerpt":{"rendered":"<p>Un campamento de invierno en los Alpes suizos ofrece a los j\u00f3venes aventureros una mezcla \u00fanica de emoci\u00f3n, desarrollo de habilidades e inmersi\u00f3n cultural. Ya sea perfeccionando los deportes de&#8230;<\/p>\n","protected":false},"author":16,"featured_media":95975,"comment_status":"open","ping_status":"open","sticky":false,"template":"","format":"standard","meta":{"_acf_changed":false,"inline_featured_image":false,"footnotes":""},"categories":[1368,1367],"tags":[],"class_list":{"0":"post-95978","1":"post","2":"type-post","3":"status-publish","4":"format-standard","5":"has-post-thumbnail","7":"category-articulos","8":"category-campamento-de-invierno"},"acf":[],"yoast_head":"<!-- This site is optimized with the Yoast SEO Premium plugin v24.2 (Yoast SEO v24.7) - https:\/\/yoast.com\/wordpress\/plugins\/seo\/ -->\n<title>\u00bfC\u00f3mo es la experiencia del campamento de invierno?<\/title>\n<meta name=\"description\" content=\"Descubre la inolvidable experiencia de un campamento de invierno en los Alpes suizos, con actividades emocionantes, inmersi\u00f3n cultural y amistades para toda la vida.\" \/>\n<meta name=\"robots\" content=\"index, follow, max-snippet:-1, max-image-preview:large, max-video-preview:-1\" \/>\n<link rel=\"canonical\" href=\"https:\/\/www.leselfes.com\/es\/como-es-la-experiencia-del-campamento-de-invierno\/\" \/>\n<meta property=\"og:locale\" content=\"es_ES\" \/>\n<meta property=\"og:type\" content=\"article\" \/>\n<meta property=\"og:title\" content=\"\u00bfC\u00f3mo es la experiencia del campamento de invierno?\" \/>\n<meta property=\"og:description\" content=\"Descubre la inolvidable experiencia de un campamento de invierno en los Alpes suizos, con actividades emocionantes, inmersi\u00f3n cultural y amistades para toda la vida.\" \/>\n<meta property=\"og:url\" content=\"https:\/\/www.leselfes.com\/es\/como-es-la-experiencia-del-campamento-de-invierno\/\" \/>\n<meta property=\"og:site_name\" content=\"Les Elfes International Camps Switzerland\" \/>\n<meta property=\"article:publisher\" content=\"https:\/\/www.facebook.com\/LesElfesVerbier\" \/>\n<meta property=\"article:published_time\" content=\"2025-01-07T08:09:03+00:00\" \/>\n<meta property=\"article:modified_time\" content=\"2025-02-18T10:06:29+00:00\" \/>\n<meta property=\"og:image\" content=\"https:\/\/www.leselfes.com\/wp-content\/uploads\/2025\/01\/photo2.jpg\" \/>\n\t<meta property=\"og:image:width\" content=\"1920\" \/>\n\t<meta property=\"og:image:height\" content=\"550\" \/>\n\t<meta property=\"og:image:type\" content=\"image\/jpeg\" \/>\n<meta name=\"author\" content=\"Matthieu Perard\" \/>\n<meta name=\"twitter:card\" content=\"summary_large_image\" \/>\n<meta name=\"twitter:creator\" content=\"@LesElfesCamps\" \/>\n<meta name=\"twitter:site\" content=\"@LesElfesCamps\" \/>\n<meta name=\"twitter:label1\" content=\"Escrito por\" \/>\n\t<meta name=\"twitter:data1\" content=\"Matthieu Perard\" \/>\n\t<meta name=\"twitter:label2\" content=\"Tiempo de lectura\" \/>\n\t<meta name=\"twitter:data2\" content=\"8 minutos\" \/>\n<script type=\"application\/ld+json\" class=\"yoast-schema-graph\">{\"@context\":\"https:\/\/schema.org\",\"@graph\":[{\"@type\":\"Article\",\"@id\":\"https:\/\/www.leselfes.com\/es\/como-es-la-experiencia-del-campamento-de-invierno\/#article\",\"isPartOf\":{\"@id\":\"https:\/\/www.leselfes.com\/es\/como-es-la-experiencia-del-campamento-de-invierno\/\"},\"author\":{\"name\":\"Matthieu Perard\",\"@id\":\"https:\/\/dev.leselfes.com\/#\/schema\/person\/7ac5f99a7f3c597105fe663a00bdf6d6\"},\"headline\":\"\u00bfC\u00f3mo es la experiencia del campamento de invierno?\",\"datePublished\":\"2025-01-07T08:09:03+00:00\",\"dateModified\":\"2025-02-18T10:06:29+00:00\",\"mainEntityOfPage\":{\"@id\":\"https:\/\/www.leselfes.com\/es\/como-es-la-experiencia-del-campamento-de-invierno\/\"},\"wordCount\":1513,\"commentCount\":0,\"publisher\":{\"@id\":\"https:\/\/dev.leselfes.com\/#organization\"},\"image\":{\"@id\":\"https:\/\/www.leselfes.com\/es\/como-es-la-experiencia-del-campamento-de-invierno\/#primaryimage\"},\"thumbnailUrl\":\"https:\/\/www.leselfes.com\/wp-content\/uploads\/2025\/01\/photo2.jpg\",\"articleSection\":[\"Art\u00edculos\",\"Campamento de invierno\"],\"inLanguage\":\"es\",\"potentialAction\":[{\"@type\":\"CommentAction\",\"name\":\"Comment\",\"target\":[\"https:\/\/www.leselfes.com\/es\/como-es-la-experiencia-del-campamento-de-invierno\/#respond\"]}]},{\"@type\":\"WebPage\",\"@id\":\"https:\/\/www.leselfes.com\/es\/como-es-la-experiencia-del-campamento-de-invierno\/\",\"url\":\"https:\/\/www.leselfes.com\/es\/como-es-la-experiencia-del-campamento-de-invierno\/\",\"name\":\"\u00bfC\u00f3mo es la experiencia del campamento de invierno?\",\"isPartOf\":{\"@id\":\"https:\/\/dev.leselfes.com\/#website\"},\"primaryImageOfPage\":{\"@id\":\"https:\/\/www.leselfes.com\/es\/como-es-la-experiencia-del-campamento-de-invierno\/#primaryimage\"},\"image\":{\"@id\":\"https:\/\/www.leselfes.com\/es\/como-es-la-experiencia-del-campamento-de-invierno\/#primaryimage\"},\"thumbnailUrl\":\"https:\/\/www.leselfes.com\/wp-content\/uploads\/2025\/01\/photo2.jpg\",\"datePublished\":\"2025-01-07T08:09:03+00:00\",\"dateModified\":\"2025-02-18T10:06:29+00:00\",\"description\":\"Descubre la inolvidable experiencia de un campamento de invierno en los Alpes suizos, con actividades emocionantes, inmersi\u00f3n cultural y amistades para toda la vida.\",\"breadcrumb\":{\"@id\":\"https:\/\/www.leselfes.com\/es\/como-es-la-experiencia-del-campamento-de-invierno\/#breadcrumb\"},\"inLanguage\":\"es\",\"potentialAction\":[{\"@type\":\"ReadAction\",\"target\":[\"https:\/\/www.leselfes.com\/es\/como-es-la-experiencia-del-campamento-de-invierno\/\"]}]},{\"@type\":\"ImageObject\",\"inLanguage\":\"es\",\"@id\":\"https:\/\/www.leselfes.com\/es\/como-es-la-experiencia-del-campamento-de-invierno\/#primaryimage\",\"url\":\"https:\/\/www.leselfes.com\/wp-content\/uploads\/2025\/01\/photo2.jpg\",\"contentUrl\":\"https:\/\/www.leselfes.com\/wp-content\/uploads\/2025\/01\/photo2.jpg\",\"width\":1920,\"height\":550},{\"@type\":\"BreadcrumbList\",\"@id\":\"https:\/\/www.leselfes.com\/es\/como-es-la-experiencia-del-campamento-de-invierno\/#breadcrumb\",\"itemListElement\":[{\"@type\":\"ListItem\",\"position\":1,\"name\":\"Home\",\"item\":\"https:\/\/www.leselfes.com\/es\/inicio\/\"},{\"@type\":\"ListItem\",\"position\":2,\"name\":\"\u00bfC\u00f3mo es la experiencia del campamento de invierno?\"}]},{\"@type\":\"WebSite\",\"@id\":\"https:\/\/dev.leselfes.com\/#website\",\"url\":\"https:\/\/dev.leselfes.com\/\",\"name\":\"Les Elfes International\",\"description\":\"Les Elfes International, Verbier Switzerland. Summer Camp, Winter Camp, Spring Camps.\",\"publisher\":{\"@id\":\"https:\/\/dev.leselfes.com\/#organization\"},\"alternateName\":\"Les Elfes International\",\"potentialAction\":[{\"@type\":\"SearchAction\",\"target\":{\"@type\":\"EntryPoint\",\"urlTemplate\":\"https:\/\/dev.leselfes.com\/?s={search_term_string}\"},\"query-input\":{\"@type\":\"PropertyValueSpecification\",\"valueRequired\":true,\"valueName\":\"search_term_string\"}}],\"inLanguage\":\"es\"},{\"@type\":\"Organization\",\"@id\":\"https:\/\/dev.leselfes.com\/#organization\",\"name\":\"Les Elfes International\",\"alternateName\":\"Les Elfes International\",\"url\":\"https:\/\/dev.leselfes.com\/\",\"logo\":{\"@type\":\"ImageObject\",\"inLanguage\":\"es\",\"@id\":\"https:\/\/dev.leselfes.com\/#\/schema\/logo\/image\/\",\"url\":\"https:\/\/www.leselfes.com\/wp-content\/uploads\/2022\/03\/leselfes-logo.png\",\"contentUrl\":\"https:\/\/www.leselfes.com\/wp-content\/uploads\/2022\/03\/leselfes-logo.png\",\"width\":233,\"height\":51,\"caption\":\"Les Elfes International\"},\"image\":{\"@id\":\"https:\/\/dev.leselfes.com\/#\/schema\/logo\/image\/\"},\"sameAs\":[\"https:\/\/www.facebook.com\/LesElfesVerbier\",\"https:\/\/x.com\/LesElfesCamps\",\"https:\/\/www.instagram.com\/leselfes\",\"https:\/\/www.linkedin.com\/company\/les-elfes-international\",\"https:\/\/www.youtube.com\/user\/LesElfesVerbier\"]},{\"@type\":\"Person\",\"@id\":\"https:\/\/dev.leselfes.com\/#\/schema\/person\/7ac5f99a7f3c597105fe663a00bdf6d6\",\"name\":\"Matthieu Perard\",\"image\":{\"@type\":\"ImageObject\",\"inLanguage\":\"es\",\"@id\":\"https:\/\/dev.leselfes.com\/#\/schema\/person\/image\/\",\"url\":\"https:\/\/secure.gravatar.com\/avatar\/e368f5bd153d15a1ff42a4c64a46d1ef?s=96&d=mm&r=g\",\"contentUrl\":\"https:\/\/secure.gravatar.com\/avatar\/e368f5bd153d15a1ff42a4c64a46d1ef?s=96&d=mm&r=g\",\"caption\":\"Matthieu Perard\"},\"url\":\"https:\/\/www.leselfes.com\/es\/author\/m-pierardnotostudio-ch\/\"}]}<\/script>\n<!-- \/ Yoast SEO Premium plugin. -->","yoast_head_json":{"title":"\u00bfC\u00f3mo es la experiencia del campamento de invierno?","description":"Descubre la inolvidable experiencia de un campamento de invierno en los Alpes suizos, con actividades emocionantes, inmersi\u00f3n cultural y amistades para toda la vida.","robots":{"index":"index","follow":"follow","max-snippet":"max-snippet:-1","max-image-preview":"max-image-preview:large","max-video-preview":"max-video-preview:-1"},"canonical":"https:\/\/www.leselfes.com\/es\/como-es-la-experiencia-del-campamento-de-invierno\/","og_locale":"es_ES","og_type":"article","og_title":"\u00bfC\u00f3mo es la experiencia del campamento de invierno?","og_description":"Descubre la inolvidable experiencia de un campamento de invierno en los Alpes suizos, con actividades emocionantes, inmersi\u00f3n cultural y amistades para toda la vida.","og_url":"https:\/\/www.leselfes.com\/es\/como-es-la-experiencia-del-campamento-de-invierno\/","og_site_name":"Les Elfes International Camps Switzerland","article_publisher":"https:\/\/www.facebook.com\/LesElfesVerbier","article_published_time":"2025-01-07T08:09:03+00:00","article_modified_time":"2025-02-18T10:06:29+00:00","og_image":[{"width":1920,"height":550,"url":"https:\/\/www.leselfes.com\/wp-content\/uploads\/2025\/01\/photo2.jpg","type":"image\/jpeg"}],"author":"Matthieu Perard","twitter_card":"summary_large_image","twitter_creator":"@LesElfesCamps","twitter_site":"@LesElfesCamps","twitter_misc":{"Escrito por":"Matthieu Perard","Tiempo de lectura":"8 minutos"},"schema":{"@context":"https:\/\/schema.org","@graph":[{"@type":"Article","@id":"https:\/\/www.leselfes.com\/es\/como-es-la-experiencia-del-campamento-de-invierno\/#article","isPartOf":{"@id":"https:\/\/www.leselfes.com\/es\/como-es-la-experiencia-del-campamento-de-invierno\/"},"author":{"name":"Matthieu Perard","@id":"https:\/\/dev.leselfes.com\/#\/schema\/person\/7ac5f99a7f3c597105fe663a00bdf6d6"},"headline":"\u00bfC\u00f3mo es la experiencia del campamento de invierno?","datePublished":"2025-01-07T08:09:03+00:00","dateModified":"2025-02-18T10:06:29+00:00","mainEntityOfPage":{"@id":"https:\/\/www.leselfes.com\/es\/como-es-la-experiencia-del-campamento-de-invierno\/"},"wordCount":1513,"commentCount":0,"publisher":{"@id":"https:\/\/dev.leselfes.com\/#organization"},"image":{"@id":"https:\/\/www.leselfes.com\/es\/como-es-la-experiencia-del-campamento-de-invierno\/#primaryimage"},"thumbnailUrl":"https:\/\/www.leselfes.com\/wp-content\/uploads\/2025\/01\/photo2.jpg","articleSection":["Art\u00edculos","Campamento de invierno"],"inLanguage":"es","potentialAction":[{"@type":"CommentAction","name":"Comment","target":["https:\/\/www.leselfes.com\/es\/como-es-la-experiencia-del-campamento-de-invierno\/#respond"]}]},{"@type":"WebPage","@id":"https:\/\/www.leselfes.com\/es\/como-es-la-experiencia-del-campamento-de-invierno\/","url":"https:\/\/www.leselfes.com\/es\/como-es-la-experiencia-del-campamento-de-invierno\/","name":"\u00bfC\u00f3mo es la experiencia del campamento de invierno?","isPartOf":{"@id":"https:\/\/dev.leselfes.com\/#website"},"primaryImageOfPage":{"@id":"https:\/\/www.leselfes.com\/es\/como-es-la-experiencia-del-campamento-de-invierno\/#primaryimage"},"image":{"@id":"https:\/\/www.leselfes.com\/es\/como-es-la-experiencia-del-campamento-de-invierno\/#primaryimage"},"thumbnailUrl":"https:\/\/www.leselfes.com\/wp-content\/uploads\/2025\/01\/photo2.jpg","datePublished":"2025-01-07T08:09:03+00:00","dateModified":"2025-02-18T10:06:29+00:00","description":"Descubre la inolvidable experiencia de un campamento de invierno en los Alpes suizos, con actividades emocionantes, inmersi\u00f3n cultural y amistades para toda la vida.","breadcrumb":{"@id":"https:\/\/www.leselfes.com\/es\/como-es-la-experiencia-del-campamento-de-invierno\/#breadcrumb"},"inLanguage":"es","potentialAction":[{"@type":"ReadAction","target":["https:\/\/www.leselfes.com\/es\/como-es-la-experiencia-del-campamento-de-invierno\/"]}]},{"@type":"ImageObject","inLanguage":"es","@id":"https:\/\/www.leselfes.com\/es\/como-es-la-experiencia-del-campamento-de-invierno\/#primaryimage","url":"https:\/\/www.leselfes.com\/wp-content\/uploads\/2025\/01\/photo2.jpg","contentUrl":"https:\/\/www.leselfes.com\/wp-content\/uploads\/2025\/01\/photo2.jpg","width":1920,"height":550},{"@type":"BreadcrumbList","@id":"https:\/\/www.leselfes.com\/es\/como-es-la-experiencia-del-campamento-de-invierno\/#breadcrumb","itemListElement":[{"@type":"ListItem","position":1,"name":"Home","item":"https:\/\/www.leselfes.com\/es\/inicio\/"},{"@type":"ListItem","position":2,"name":"\u00bfC\u00f3mo es la experiencia del campamento de invierno?"}]},{"@type":"WebSite","@id":"https:\/\/dev.leselfes.com\/#website","url":"https:\/\/dev.leselfes.com\/","name":"Les Elfes International","description":"Les Elfes International, Verbier Switzerland. Summer Camp, Winter Camp, Spring Camps.","publisher":{"@id":"https:\/\/dev.leselfes.com\/#organization"},"alternateName":"Les Elfes International","potentialAction":[{"@type":"SearchAction","target":{"@type":"EntryPoint","urlTemplate":"https:\/\/dev.leselfes.com\/?s={search_term_string}"},"query-input":{"@type":"PropertyValueSpecification","valueRequired":true,"valueName":"search_term_string"}}],"inLanguage":"es"},{"@type":"Organization","@id":"https:\/\/dev.leselfes.com\/#organization","name":"Les Elfes International","alternateName":"Les Elfes International","url":"https:\/\/dev.leselfes.com\/","logo":{"@type":"ImageObject","inLanguage":"es","@id":"https:\/\/dev.leselfes.com\/#\/schema\/logo\/image\/","url":"https:\/\/www.leselfes.com\/wp-content\/uploads\/2022\/03\/leselfes-logo.png","contentUrl":"https:\/\/www.leselfes.com\/wp-content\/uploads\/2022\/03\/leselfes-logo.png","width":233,"height":51,"caption":"Les Elfes International"},"image":{"@id":"https:\/\/dev.leselfes.com\/#\/schema\/logo\/image\/"},"sameAs":["https:\/\/www.facebook.com\/LesElfesVerbier","https:\/\/x.com\/LesElfesCamps","https:\/\/www.instagram.com\/leselfes","https:\/\/www.linkedin.com\/company\/les-elfes-international","https:\/\/www.youtube.com\/user\/LesElfesVerbier"]},{"@type":"Person","@id":"https:\/\/dev.leselfes.com\/#\/schema\/person\/7ac5f99a7f3c597105fe663a00bdf6d6","name":"Matthieu Perard","image":{"@type":"ImageObject","inLanguage":"es","@id":"https:\/\/dev.leselfes.com\/#\/schema\/person\/image\/","url":"https:\/\/secure.gravatar.com\/avatar\/e368f5bd153d15a1ff42a4c64a46d1ef?s=96&d=mm&r=g","contentUrl":"https:\/\/secure.gravatar.com\/avatar\/e368f5bd153d15a1ff42a4c64a46d1ef?s=96&d=mm&r=g","caption":"Matthieu Perard"},"url":"https:\/\/www.leselfes.com\/es\/author\/m-pierardnotostudio-ch\/"}]}},"_links":{"self":[{"href":"https:\/\/www.leselfes.com\/es\/wp-json\/wp\/v2\/posts\/95978"}],"collection":[{"href":"https:\/\/www.leselfes.com\/es\/wp-json\/wp\/v2\/posts"}],"about":[{"href":"https:\/\/www.leselfes.com\/es\/wp-json\/wp\/v2\/types\/post"}],"author":[{"embeddable":true,"href":"https:\/\/www.leselfes.com\/es\/wp-json\/wp\/v2\/users\/16"}],"replies":[{"embeddable":true,"href":"https:\/\/www.leselfes.com\/es\/wp-json\/wp\/v2\/comments?post=95978"}],"version-history":[{"count":1,"href":"https:\/\/www.leselfes.com\/es\/wp-json\/wp\/v2\/posts\/95978\/revisions"}],"predecessor-version":[{"id":109438,"href":"https:\/\/www.leselfes.com\/es\/wp-json\/wp\/v2\/posts\/95978\/revisions\/109438"}],"wp:featuredmedia":[{"embeddable":true,"href":"https:\/\/www.leselfes.com\/es\/wp-json\/wp\/v2\/media\/95975"}],"wp:attachment":[{"href":"https:\/\/www.leselfes.com\/es\/wp-json\/wp\/v2\/media?parent=95978"}],"wp:term":[{"taxonomy":"category","embeddable":true,"href":"https:\/\/www.leselfes.com\/es\/wp-json\/wp\/v2\/categories?post=95978"},{"taxonomy":"post_tag","embeddable":true,"href":"https:\/\/www.leselfes.com\/es\/wp-json\/wp\/v2\/tags?post=95978"}],"curies":[{"name":"wp","href":"https:\/\/api.w.org\/{rel}","templated":true}]}}