{"id":96061,"date":"2025-01-07T09:14:18","date_gmt":"2025-01-07T08:14:18","guid":{"rendered":"https:\/\/www.leselfes.com\/explora-la-magia-de-los-campamentos-de-invierno-suizos-una-mezcla-perfecta-de-esqui-y-descubrimiento\/"},"modified":"2025-02-18T11:03:44","modified_gmt":"2025-02-18T10:03:44","slug":"explora-la-magia-de-los-campamentos-de-invierno-suizos-una-mezcla-perfecta-de-esqui-y-descubrimiento","status":"publish","type":"post","link":"https:\/\/www.leselfes.com\/es\/explora-la-magia-de-los-campamentos-de-invierno-suizos-una-mezcla-perfecta-de-esqui-y-descubrimiento\/","title":{"rendered":"Explora la magia del campamento de invierno suizo: una mezcla perfecta de esqu\u00ed y descubrimiento"},"content":{"rendered":"<p>El invierno suizo tiene algo verdaderamente m\u00e1gico. Los picos nevados de los Alpes, el aire fresco de la monta\u00f1a y el ambiente vibrante lo convierten en el escenario perfecto para una experiencia inolvidable. Los campamentos de invierno suizos, como los que ofrece Les Elfes International, proporcionan un programa incre\u00edble en el que los estudiantes pueden sumergirse en los deportes de nieve, explorar paisajes impresionantes y hacer amigos internacionales, todo ello mientras crecen en confianza e independencia.  <\/p>\n<h2>Una experiencia alpina inolvidable<\/h2>\n<p>Los campamentos de invierno suizos est\u00e1n dise\u00f1ados para ofrecer algo m\u00e1s que esqu\u00ed y snowboard. Proporcionan un programa hol\u00edstico que abarca el crecimiento personal, el intercambio cultural y un profundo aprecio por el entorno natural. Situados en destinos de renombre como Verbier, Gstaad y Surval, estos campamentos combinan la emoci\u00f3n al aire libre con instalaciones de categor\u00eda mundial y un alojamiento confortable, lo que los convierte en una opci\u00f3n ideal para estudiantes de escuelas de todo el mundo.  <\/p>\n<ul>\n<li><strong>Lugares impresionantes<\/strong>: Imagina despertarte con vistas de majestuosos picos alpinos y pr\u00edstinos valles nevados. La belleza de los Alpes suizos crea una atm\u00f3sfera \u00fanica que da energ\u00eda e inspira a todos los participantes. Verbier, en particular, es famosa por su extenso terreno esquiable y su ambiente apr\u00e8s-ski.  <\/li>\n<li><strong>Acceso a las mejores estaciones de esqu\u00ed<\/strong>: Los participantes tienen la oportunidad de esquiar y practicar snowboard en algunas de las mejores estaciones de esqu\u00ed del mundo, con una gran variedad de pistas adecuadas para todos los niveles, desde suaves zonas para principiantes hasta desafiantes pistas para los m\u00e1s avanzados. Esto incluye clases especializadas de snowboard para quienes deseen dominar nuevas t\u00e9cnicas. <\/li>\n<\/ul>\n<h2>Actividades diversas para todas las pasiones<\/h2>\n<p>Aunque el esqu\u00ed y el snowboard ocupan un lugar central en el programa, los campamentos de invierno suizos van m\u00e1s all\u00e1 de las pistas y ofrecen una amplia gama de actividades que responden a diversos intereses y pasiones. Esto garantiza que cada alumno encuentre algo que le guste y tenga la oportunidad de explorar nuevas aficiones. <\/p>\n<h3>Dominar las pistas: Programas de esqu\u00ed y snowboard<\/h3>\n<p>Los programas de esqu\u00ed y snowboard est\u00e1n dirigidos por instructores profesionales que adaptan las clases al nivel de habilidad de cada alumno. La seguridad y la diversi\u00f3n son primordiales, y los instructores utilizan t\u00e9cnicas de ense\u00f1anza probadas para que el aprendizaje sea atractivo y eficaz. Los principiantes empiezan con habilidades b\u00e1sicas en pendientes suaves, mientras que los esquiadores y snowboarders m\u00e1s experimentados se enfrentan a terrenos avanzados y perfeccionan sus t\u00e9cnicas, como el carving y los saltos de estilo libre.  <\/p>\n<p>Para los que sue\u00f1an con superar sus l\u00edmites, los cursillos especiales se centran en habilidades avanzadas, como la seguridad fuera de pista y los trucos de snowpark. Al final del campamento, los alumnos se van no s\u00f3lo con habilidades mejoradas, sino tambi\u00e9n con una nueva pasi\u00f3n por los deportes de nieve. La amplia gama de actividades garantiza que todos los ni\u00f1os, de 5 a 16 a\u00f1os, puedan participar y sentirse desafiados.  <\/p>\n<h2>Aventura m\u00e1s all\u00e1 de las pistas<\/h2>\n<p>M\u00e1s all\u00e1 del esqu\u00ed y el snowboard, el programa incluye actividades que aprovechan al m\u00e1ximo las maravillas invernales que los rodean. Entre ellas est\u00e1n:<\/p>\n<ul>\n<li><strong>Excursiones con raquetas de nieve<\/strong>: Las excursiones guiadas con raquetas de nieve permiten a los alumnos explorar zonas tranquilas y v\u00edrgenes de los Alpes mientras aprenden sobre la fauna local y la ecolog\u00eda de las monta\u00f1as.<\/li>\n<li><strong>Patinaje sobre hielo y hockey<\/strong>: Ya sea desliz\u00e1ndose por un lago helado o disfrutando de un partido amistoso de hockey, estas actividades a\u00f1aden variedad a la experiencia del campamento.<\/li>\n<li><strong>Carreras de trineo<\/strong>: Un emocionante favorito entre los estudiantes, el trineo ofrece diversi\u00f3n pura y estimulante por las colinas nevadas.<\/li>\n<\/ul>\n<p>Las noches est\u00e1n igualmente llenas de emoci\u00f3n. Desde noches tem\u00e1ticas y sesiones de manualidades hasta actuaciones culturales y juegos para fomentar el esp\u00edritu de equipo, siempre hay algo que esperar. Esta mezcla de actividades fomenta el sentido de comunidad y garantiza que cada d\u00eda est\u00e9 lleno de experiencias diversas. Las actividades nocturnas est\u00e1n dise\u00f1adas para satisfacer diferentes intereses, haciendo que el programa general sea realmente inolvidable.   <\/p>\n<h2>Inmersi\u00f3n cultural y aprendizaje de idiomas<\/h2>\n<p>Uno de los aspectos m\u00e1s enriquecedores del campamento de invierno suizo es la oportunidad de participar en el aprendizaje cultural y ling\u00fc\u00edstico. Los alumnos proceden de todos los rincones del planeta, lo que crea un entorno verdaderamente multicultural. Este entorno es perfecto para desarrollar las destrezas ling\u00fc\u00edsticas y hacer amigos de diferentes culturas.  <\/p>\n<p>Las clases de idiomas en ingl\u00e9s, franc\u00e9s o alem\u00e1n se ofrecen en un formato din\u00e1mico que hace hincapi\u00e9 en la comunicaci\u00f3n y el uso pr\u00e1ctico. En lugar del aprendizaje tradicional en el aula, las clases suelen integrarse en las actividades cotidianas, lo que hace que la adquisici\u00f3n de idiomas sea natural y agradable. Al interactuar con sus compa\u00f1eros en varios idiomas, los estudiantes mejoran sus habilidades comunicativas y su comprensi\u00f3n cultural. La inmersi\u00f3n cultural se extiende a la vivencia de tradiciones locales en lugares como Montreux y a la exploraci\u00f3n de acontecimientos regionales.   <\/p>\n<h2>Independencia y liderazgo crecientes<\/h2>\n<p>Los campamentos de invierno suizos no son s\u00f3lo diversi\u00f3n y deportes de nieve; tambi\u00e9n ofrecen oportunidades para el desarrollo personal. Estar lejos de casa en un entorno seguro y de apoyo ayuda a los alumnos a crecer en independencia y autosuficiencia. Aprenden a desenvolverse en nuevas experiencias, a tomar decisiones y a resolver problemas, todo ello sinti\u00e9ndose parte de una comunidad solidaria.  <\/p>\n<p>Muchos campamentos ofrecen programas de liderazgo para participantes mayores, centrados en habilidades como el trabajo en equipo, la comunicaci\u00f3n y la resiliencia. Estos programas est\u00e1n dise\u00f1ados para desafiar a los adolescentes y ayudarles a desarrollar cualidades que les ser\u00e1n \u00fatiles en el futuro. El entorno estructurado, combinado con momentos para la exploraci\u00f3n libre, garantiza una experiencia equilibrada que fomenta el crecimiento personal y social. Les Elfes International, por ejemplo, hace hincapi\u00e9 en el liderazgo y la comunidad, garantizando que los alumnos desarrollen valiosas habilidades para la vida.   <\/p>\n<h2>Centrarse en la seguridad y el bienestar<\/h2>\n<p>En el coraz\u00f3n de cada campamento de invierno suizo hay un compromiso con la seguridad y el bienestar de cada participante. Los campamentos cumplen estrictas normas de seguridad, especialmente en lo que se refiere a los deportes de monta\u00f1a. Los ni\u00f1os siempre van equipados con el equipo de seguridad m\u00e1s moderno, y los monitores de esqu\u00ed est\u00e1n formados en primeros auxilios y sensibilizaci\u00f3n ante avalanchas.  <\/p>\n<ul>\n<li><strong>Salud y supervisi\u00f3n<\/strong>: El personal m\u00e9dico y los orientadores formados est\u00e1n disponibles 24 horas al d\u00eda, 7 d\u00edas a la semana, para garantizar que se atiende inmediatamente cualquier problema de salud. La elevada proporci\u00f3n de personal por participante garantiza que cada ni\u00f1o reciba atenci\u00f3n individual. <\/li>\n<li><strong>Comidas nutritivas y alojamiento<\/strong>: Las comidas equilibradas y deliciosas mantienen a los estudiantes llenos de energ\u00eda para sus d\u00edas activos. Se atienden cuidadosamente las necesidades diet\u00e9ticas especiales, y el c\u00f3modo alojamiento garantiza noches de descanso. <\/li>\n<\/ul>\n<p>El bienestar de cada ni\u00f1o va m\u00e1s all\u00e1 de la seguridad f\u00edsica. Los campamentos tambi\u00e9n se centran en crear un entorno c\u00e1lido e integrador en el que los alumnos se sientan apoyados emocionalmente. Los monitores est\u00e1n formados para ayudar a los ni\u00f1os que puedan sentir nostalgia, asegur\u00e1ndose de que todos tengan una experiencia positiva y memorable. Pre-Fleuri y otras escuelas de renombre hacen hincapi\u00e9 en crear una atm\u00f3sfera enriquecedora.   <\/p>\n<h2>Crear recuerdos y amistades para toda la vida<\/h2>\n<p>Quiz\u00e1 el aspecto m\u00e1s apreciado de un campamento de invierno suizo sea la sensaci\u00f3n de camarader\u00eda y conexi\u00f3n que se desarrolla entre los estudiantes. Ya sea anim\u00e1ndose unos a otros durante una carrera de esqu\u00ed, compartiendo historias junto al fuego o trabajando juntos en un reto de equipo, estas experiencias compartidas crean v\u00ednculos que a menudo duran toda la vida. Los estudiantes disfrutan de momentos apr\u00e8s-ski en hermosos entornos tur\u00edsticos, lo que aumenta la magia de su estancia.  <\/p>\n<p>Se van con algo m\u00e1s que habilidades y recuerdos; se van con una sensaci\u00f3n de logro y una red global de amigos. Muchos vuelven a\u00f1o tras a\u00f1o, deseosos de reunirse con sus amigos internacionales y continuar su descubrimiento alpino. Los variados y emocionantes programas, que incluyen viajes de esqu\u00ed y excursiones a destinos cercanos, garantizan que cada semana sea una experiencia nueva y enriquecedora.  <\/p>\n<h2>C\u00f3mo inscribirse para una experiencia invernal inolvidable<\/h2>\n<p>\u00bfListo para regalar a tu hijo un campamento de invierno m\u00e1gico en Suiza? La inscripci\u00f3n es sencilla, pero las plazas se llenan r\u00e1pidamente. Aseg\u00farate tu plaza y empieza a prepararte para un invierno lleno de emoci\u00f3n, crecimiento y descubrimiento. Haz clic en el siguiente enlace para obtener m\u00e1s informaci\u00f3n:   <\/p>\n<p><a href=\"https:\/\/www.leselfes.com\/winter-camp\/enrol\/\" target=\"_blank\" rel=\"noopener\"><strong>Inscr\u00edbete hoy en un campamento de invierno<\/strong><\/a><\/p>\n<p>&nbsp;<\/p>\n","protected":false},"excerpt":{"rendered":"<p>El invierno suizo tiene algo verdaderamente m\u00e1gico. Los picos nevados de los Alpes, el aire fresco de la monta\u00f1a y el ambiente vibrante lo convierten en el escenario perfecto para&#8230;<\/p>\n","protected":false},"author":16,"featured_media":96058,"comment_status":"open","ping_status":"open","sticky":false,"template":"","format":"standard","meta":{"_acf_changed":false,"inline_featured_image":false,"footnotes":""},"categories":[1368,1367],"tags":[],"class_list":{"0":"post-96061","1":"post","2":"type-post","3":"status-publish","4":"format-standard","5":"has-post-thumbnail","7":"category-articulos","8":"category-campamento-de-invierno"},"acf":[],"yoast_head":"<!-- This site is optimized with the Yoast SEO Premium plugin v24.2 (Yoast SEO v24.7) - https:\/\/yoast.com\/wordpress\/plugins\/seo\/ -->\n<title>Explorando la magia de los campamentos de invierno suizos<\/title>\n<meta name=\"description\" content=\"La magia de los campamentos de invierno suizos, donde el esqu\u00ed, el snowboard y las experiencias culturales crean una experiencia inolvidable.\" \/>\n<meta name=\"robots\" content=\"index, follow, max-snippet:-1, max-image-preview:large, max-video-preview:-1\" \/>\n<link rel=\"canonical\" href=\"https:\/\/www.leselfes.com\/es\/explora-la-magia-de-los-campamentos-de-invierno-suizos-una-mezcla-perfecta-de-esqui-y-descubrimiento\/\" \/>\n<meta property=\"og:locale\" content=\"es_ES\" \/>\n<meta property=\"og:type\" content=\"article\" \/>\n<meta property=\"og:title\" content=\"Explora la magia del campamento de invierno suizo: una mezcla perfecta de esqu\u00ed y descubrimiento\" \/>\n<meta property=\"og:description\" content=\"La magia de los campamentos de invierno suizos, donde el esqu\u00ed, el snowboard y las experiencias culturales crean una experiencia inolvidable.\" \/>\n<meta property=\"og:url\" content=\"https:\/\/www.leselfes.com\/es\/explora-la-magia-de-los-campamentos-de-invierno-suizos-una-mezcla-perfecta-de-esqui-y-descubrimiento\/\" \/>\n<meta property=\"og:site_name\" content=\"Les Elfes International Camps Switzerland\" \/>\n<meta property=\"article:publisher\" content=\"https:\/\/www.facebook.com\/LesElfesVerbier\" \/>\n<meta property=\"article:published_time\" content=\"2025-01-07T08:14:18+00:00\" \/>\n<meta property=\"article:modified_time\" content=\"2025-02-18T10:03:44+00:00\" \/>\n<meta property=\"og:image\" content=\"https:\/\/www.leselfes.com\/wp-content\/uploads\/2025\/01\/exploring.jpg\" \/>\n\t<meta property=\"og:image:width\" content=\"1920\" \/>\n\t<meta property=\"og:image:height\" content=\"550\" \/>\n\t<meta property=\"og:image:type\" content=\"image\/jpeg\" \/>\n<meta name=\"author\" content=\"Matthieu Perard\" \/>\n<meta name=\"twitter:card\" content=\"summary_large_image\" \/>\n<meta name=\"twitter:creator\" content=\"@LesElfesCamps\" \/>\n<meta name=\"twitter:site\" content=\"@LesElfesCamps\" \/>\n<meta name=\"twitter:label1\" content=\"Escrito por\" \/>\n\t<meta name=\"twitter:data1\" content=\"Matthieu Perard\" \/>\n\t<meta name=\"twitter:label2\" content=\"Tiempo de lectura\" \/>\n\t<meta name=\"twitter:data2\" content=\"8 minutos\" \/>\n<script type=\"application\/ld+json\" class=\"yoast-schema-graph\">{\"@context\":\"https:\/\/schema.org\",\"@graph\":[{\"@type\":\"Article\",\"@id\":\"https:\/\/www.leselfes.com\/es\/explora-la-magia-de-los-campamentos-de-invierno-suizos-una-mezcla-perfecta-de-esqui-y-descubrimiento\/#article\",\"isPartOf\":{\"@id\":\"https:\/\/www.leselfes.com\/es\/explora-la-magia-de-los-campamentos-de-invierno-suizos-una-mezcla-perfecta-de-esqui-y-descubrimiento\/\"},\"author\":{\"name\":\"Matthieu Perard\",\"@id\":\"https:\/\/dev.leselfes.com\/#\/schema\/person\/7ac5f99a7f3c597105fe663a00bdf6d6\"},\"headline\":\"Explora la magia del campamento de invierno suizo: una mezcla perfecta de esqu\u00ed y descubrimiento\",\"datePublished\":\"2025-01-07T08:14:18+00:00\",\"dateModified\":\"2025-02-18T10:03:44+00:00\",\"mainEntityOfPage\":{\"@id\":\"https:\/\/www.leselfes.com\/es\/explora-la-magia-de-los-campamentos-de-invierno-suizos-una-mezcla-perfecta-de-esqui-y-descubrimiento\/\"},\"wordCount\":1540,\"commentCount\":0,\"publisher\":{\"@id\":\"https:\/\/dev.leselfes.com\/#organization\"},\"image\":{\"@id\":\"https:\/\/www.leselfes.com\/es\/explora-la-magia-de-los-campamentos-de-invierno-suizos-una-mezcla-perfecta-de-esqui-y-descubrimiento\/#primaryimage\"},\"thumbnailUrl\":\"https:\/\/www.leselfes.com\/wp-content\/uploads\/2025\/01\/exploring.jpg\",\"articleSection\":[\"Art\u00edculos\",\"Campamento de invierno\"],\"inLanguage\":\"es\",\"potentialAction\":[{\"@type\":\"CommentAction\",\"name\":\"Comment\",\"target\":[\"https:\/\/www.leselfes.com\/es\/explora-la-magia-de-los-campamentos-de-invierno-suizos-una-mezcla-perfecta-de-esqui-y-descubrimiento\/#respond\"]}]},{\"@type\":\"WebPage\",\"@id\":\"https:\/\/www.leselfes.com\/es\/explora-la-magia-de-los-campamentos-de-invierno-suizos-una-mezcla-perfecta-de-esqui-y-descubrimiento\/\",\"url\":\"https:\/\/www.leselfes.com\/es\/explora-la-magia-de-los-campamentos-de-invierno-suizos-una-mezcla-perfecta-de-esqui-y-descubrimiento\/\",\"name\":\"Explorando la magia de los campamentos de invierno suizos\",\"isPartOf\":{\"@id\":\"https:\/\/dev.leselfes.com\/#website\"},\"primaryImageOfPage\":{\"@id\":\"https:\/\/www.leselfes.com\/es\/explora-la-magia-de-los-campamentos-de-invierno-suizos-una-mezcla-perfecta-de-esqui-y-descubrimiento\/#primaryimage\"},\"image\":{\"@id\":\"https:\/\/www.leselfes.com\/es\/explora-la-magia-de-los-campamentos-de-invierno-suizos-una-mezcla-perfecta-de-esqui-y-descubrimiento\/#primaryimage\"},\"thumbnailUrl\":\"https:\/\/www.leselfes.com\/wp-content\/uploads\/2025\/01\/exploring.jpg\",\"datePublished\":\"2025-01-07T08:14:18+00:00\",\"dateModified\":\"2025-02-18T10:03:44+00:00\",\"description\":\"La magia de los campamentos de invierno suizos, donde el esqu\u00ed, el snowboard y las experiencias culturales crean una experiencia inolvidable.\",\"breadcrumb\":{\"@id\":\"https:\/\/www.leselfes.com\/es\/explora-la-magia-de-los-campamentos-de-invierno-suizos-una-mezcla-perfecta-de-esqui-y-descubrimiento\/#breadcrumb\"},\"inLanguage\":\"es\",\"potentialAction\":[{\"@type\":\"ReadAction\",\"target\":[\"https:\/\/www.leselfes.com\/es\/explora-la-magia-de-los-campamentos-de-invierno-suizos-una-mezcla-perfecta-de-esqui-y-descubrimiento\/\"]}]},{\"@type\":\"ImageObject\",\"inLanguage\":\"es\",\"@id\":\"https:\/\/www.leselfes.com\/es\/explora-la-magia-de-los-campamentos-de-invierno-suizos-una-mezcla-perfecta-de-esqui-y-descubrimiento\/#primaryimage\",\"url\":\"https:\/\/www.leselfes.com\/wp-content\/uploads\/2025\/01\/exploring.jpg\",\"contentUrl\":\"https:\/\/www.leselfes.com\/wp-content\/uploads\/2025\/01\/exploring.jpg\",\"width\":1920,\"height\":550},{\"@type\":\"BreadcrumbList\",\"@id\":\"https:\/\/www.leselfes.com\/es\/explora-la-magia-de-los-campamentos-de-invierno-suizos-una-mezcla-perfecta-de-esqui-y-descubrimiento\/#breadcrumb\",\"itemListElement\":[{\"@type\":\"ListItem\",\"position\":1,\"name\":\"Home\",\"item\":\"https:\/\/www.leselfes.com\/es\/inicio\/\"},{\"@type\":\"ListItem\",\"position\":2,\"name\":\"Explora la magia del campamento de invierno suizo: una mezcla perfecta de esqu\u00ed y descubrimiento\"}]},{\"@type\":\"WebSite\",\"@id\":\"https:\/\/dev.leselfes.com\/#website\",\"url\":\"https:\/\/dev.leselfes.com\/\",\"name\":\"Les Elfes International\",\"description\":\"Les Elfes International, Verbier Switzerland. Summer Camp, Winter Camp, Spring Camps.\",\"publisher\":{\"@id\":\"https:\/\/dev.leselfes.com\/#organization\"},\"alternateName\":\"Les Elfes International\",\"potentialAction\":[{\"@type\":\"SearchAction\",\"target\":{\"@type\":\"EntryPoint\",\"urlTemplate\":\"https:\/\/dev.leselfes.com\/?s={search_term_string}\"},\"query-input\":{\"@type\":\"PropertyValueSpecification\",\"valueRequired\":true,\"valueName\":\"search_term_string\"}}],\"inLanguage\":\"es\"},{\"@type\":\"Organization\",\"@id\":\"https:\/\/dev.leselfes.com\/#organization\",\"name\":\"Les Elfes International\",\"alternateName\":\"Les Elfes International\",\"url\":\"https:\/\/dev.leselfes.com\/\",\"logo\":{\"@type\":\"ImageObject\",\"inLanguage\":\"es\",\"@id\":\"https:\/\/dev.leselfes.com\/#\/schema\/logo\/image\/\",\"url\":\"https:\/\/www.leselfes.com\/wp-content\/uploads\/2022\/03\/leselfes-logo.png\",\"contentUrl\":\"https:\/\/www.leselfes.com\/wp-content\/uploads\/2022\/03\/leselfes-logo.png\",\"width\":233,\"height\":51,\"caption\":\"Les Elfes International\"},\"image\":{\"@id\":\"https:\/\/dev.leselfes.com\/#\/schema\/logo\/image\/\"},\"sameAs\":[\"https:\/\/www.facebook.com\/LesElfesVerbier\",\"https:\/\/x.com\/LesElfesCamps\",\"https:\/\/www.instagram.com\/leselfes\",\"https:\/\/www.linkedin.com\/company\/les-elfes-international\",\"https:\/\/www.youtube.com\/user\/LesElfesVerbier\"]},{\"@type\":\"Person\",\"@id\":\"https:\/\/dev.leselfes.com\/#\/schema\/person\/7ac5f99a7f3c597105fe663a00bdf6d6\",\"name\":\"Matthieu Perard\",\"image\":{\"@type\":\"ImageObject\",\"inLanguage\":\"es\",\"@id\":\"https:\/\/dev.leselfes.com\/#\/schema\/person\/image\/\",\"url\":\"https:\/\/secure.gravatar.com\/avatar\/e368f5bd153d15a1ff42a4c64a46d1ef?s=96&d=mm&r=g\",\"contentUrl\":\"https:\/\/secure.gravatar.com\/avatar\/e368f5bd153d15a1ff42a4c64a46d1ef?s=96&d=mm&r=g\",\"caption\":\"Matthieu Perard\"},\"url\":\"https:\/\/www.leselfes.com\/es\/author\/m-pierardnotostudio-ch\/\"}]}<\/script>\n<!-- \/ Yoast SEO Premium plugin. -->","yoast_head_json":{"title":"Explorando la magia de los campamentos de invierno suizos","description":"La magia de los campamentos de invierno suizos, donde el esqu\u00ed, el snowboard y las experiencias culturales crean una experiencia inolvidable.","robots":{"index":"index","follow":"follow","max-snippet":"max-snippet:-1","max-image-preview":"max-image-preview:large","max-video-preview":"max-video-preview:-1"},"canonical":"https:\/\/www.leselfes.com\/es\/explora-la-magia-de-los-campamentos-de-invierno-suizos-una-mezcla-perfecta-de-esqui-y-descubrimiento\/","og_locale":"es_ES","og_type":"article","og_title":"Explora la magia del campamento de invierno suizo: una mezcla perfecta de esqu\u00ed y descubrimiento","og_description":"La magia de los campamentos de invierno suizos, donde el esqu\u00ed, el snowboard y las experiencias culturales crean una experiencia inolvidable.","og_url":"https:\/\/www.leselfes.com\/es\/explora-la-magia-de-los-campamentos-de-invierno-suizos-una-mezcla-perfecta-de-esqui-y-descubrimiento\/","og_site_name":"Les Elfes International Camps Switzerland","article_publisher":"https:\/\/www.facebook.com\/LesElfesVerbier","article_published_time":"2025-01-07T08:14:18+00:00","article_modified_time":"2025-02-18T10:03:44+00:00","og_image":[{"width":1920,"height":550,"url":"https:\/\/www.leselfes.com\/wp-content\/uploads\/2025\/01\/exploring.jpg","type":"image\/jpeg"}],"author":"Matthieu Perard","twitter_card":"summary_large_image","twitter_creator":"@LesElfesCamps","twitter_site":"@LesElfesCamps","twitter_misc":{"Escrito por":"Matthieu Perard","Tiempo de lectura":"8 minutos"},"schema":{"@context":"https:\/\/schema.org","@graph":[{"@type":"Article","@id":"https:\/\/www.leselfes.com\/es\/explora-la-magia-de-los-campamentos-de-invierno-suizos-una-mezcla-perfecta-de-esqui-y-descubrimiento\/#article","isPartOf":{"@id":"https:\/\/www.leselfes.com\/es\/explora-la-magia-de-los-campamentos-de-invierno-suizos-una-mezcla-perfecta-de-esqui-y-descubrimiento\/"},"author":{"name":"Matthieu Perard","@id":"https:\/\/dev.leselfes.com\/#\/schema\/person\/7ac5f99a7f3c597105fe663a00bdf6d6"},"headline":"Explora la magia del campamento de invierno suizo: una mezcla perfecta de esqu\u00ed y descubrimiento","datePublished":"2025-01-07T08:14:18+00:00","dateModified":"2025-02-18T10:03:44+00:00","mainEntityOfPage":{"@id":"https:\/\/www.leselfes.com\/es\/explora-la-magia-de-los-campamentos-de-invierno-suizos-una-mezcla-perfecta-de-esqui-y-descubrimiento\/"},"wordCount":1540,"commentCount":0,"publisher":{"@id":"https:\/\/dev.leselfes.com\/#organization"},"image":{"@id":"https:\/\/www.leselfes.com\/es\/explora-la-magia-de-los-campamentos-de-invierno-suizos-una-mezcla-perfecta-de-esqui-y-descubrimiento\/#primaryimage"},"thumbnailUrl":"https:\/\/www.leselfes.com\/wp-content\/uploads\/2025\/01\/exploring.jpg","articleSection":["Art\u00edculos","Campamento de invierno"],"inLanguage":"es","potentialAction":[{"@type":"CommentAction","name":"Comment","target":["https:\/\/www.leselfes.com\/es\/explora-la-magia-de-los-campamentos-de-invierno-suizos-una-mezcla-perfecta-de-esqui-y-descubrimiento\/#respond"]}]},{"@type":"WebPage","@id":"https:\/\/www.leselfes.com\/es\/explora-la-magia-de-los-campamentos-de-invierno-suizos-una-mezcla-perfecta-de-esqui-y-descubrimiento\/","url":"https:\/\/www.leselfes.com\/es\/explora-la-magia-de-los-campamentos-de-invierno-suizos-una-mezcla-perfecta-de-esqui-y-descubrimiento\/","name":"Explorando la magia de los campamentos de invierno suizos","isPartOf":{"@id":"https:\/\/dev.leselfes.com\/#website"},"primaryImageOfPage":{"@id":"https:\/\/www.leselfes.com\/es\/explora-la-magia-de-los-campamentos-de-invierno-suizos-una-mezcla-perfecta-de-esqui-y-descubrimiento\/#primaryimage"},"image":{"@id":"https:\/\/www.leselfes.com\/es\/explora-la-magia-de-los-campamentos-de-invierno-suizos-una-mezcla-perfecta-de-esqui-y-descubrimiento\/#primaryimage"},"thumbnailUrl":"https:\/\/www.leselfes.com\/wp-content\/uploads\/2025\/01\/exploring.jpg","datePublished":"2025-01-07T08:14:18+00:00","dateModified":"2025-02-18T10:03:44+00:00","description":"La magia de los campamentos de invierno suizos, donde el esqu\u00ed, el snowboard y las experiencias culturales crean una experiencia inolvidable.","breadcrumb":{"@id":"https:\/\/www.leselfes.com\/es\/explora-la-magia-de-los-campamentos-de-invierno-suizos-una-mezcla-perfecta-de-esqui-y-descubrimiento\/#breadcrumb"},"inLanguage":"es","potentialAction":[{"@type":"ReadAction","target":["https:\/\/www.leselfes.com\/es\/explora-la-magia-de-los-campamentos-de-invierno-suizos-una-mezcla-perfecta-de-esqui-y-descubrimiento\/"]}]},{"@type":"ImageObject","inLanguage":"es","@id":"https:\/\/www.leselfes.com\/es\/explora-la-magia-de-los-campamentos-de-invierno-suizos-una-mezcla-perfecta-de-esqui-y-descubrimiento\/#primaryimage","url":"https:\/\/www.leselfes.com\/wp-content\/uploads\/2025\/01\/exploring.jpg","contentUrl":"https:\/\/www.leselfes.com\/wp-content\/uploads\/2025\/01\/exploring.jpg","width":1920,"height":550},{"@type":"BreadcrumbList","@id":"https:\/\/www.leselfes.com\/es\/explora-la-magia-de-los-campamentos-de-invierno-suizos-una-mezcla-perfecta-de-esqui-y-descubrimiento\/#breadcrumb","itemListElement":[{"@type":"ListItem","position":1,"name":"Home","item":"https:\/\/www.leselfes.com\/es\/inicio\/"},{"@type":"ListItem","position":2,"name":"Explora la magia del campamento de invierno suizo: una mezcla perfecta de esqu\u00ed y descubrimiento"}]},{"@type":"WebSite","@id":"https:\/\/dev.leselfes.com\/#website","url":"https:\/\/dev.leselfes.com\/","name":"Les Elfes International","description":"Les Elfes International, Verbier Switzerland. Summer Camp, Winter Camp, Spring Camps.","publisher":{"@id":"https:\/\/dev.leselfes.com\/#organization"},"alternateName":"Les Elfes International","potentialAction":[{"@type":"SearchAction","target":{"@type":"EntryPoint","urlTemplate":"https:\/\/dev.leselfes.com\/?s={search_term_string}"},"query-input":{"@type":"PropertyValueSpecification","valueRequired":true,"valueName":"search_term_string"}}],"inLanguage":"es"},{"@type":"Organization","@id":"https:\/\/dev.leselfes.com\/#organization","name":"Les Elfes International","alternateName":"Les Elfes International","url":"https:\/\/dev.leselfes.com\/","logo":{"@type":"ImageObject","inLanguage":"es","@id":"https:\/\/dev.leselfes.com\/#\/schema\/logo\/image\/","url":"https:\/\/www.leselfes.com\/wp-content\/uploads\/2022\/03\/leselfes-logo.png","contentUrl":"https:\/\/www.leselfes.com\/wp-content\/uploads\/2022\/03\/leselfes-logo.png","width":233,"height":51,"caption":"Les Elfes International"},"image":{"@id":"https:\/\/dev.leselfes.com\/#\/schema\/logo\/image\/"},"sameAs":["https:\/\/www.facebook.com\/LesElfesVerbier","https:\/\/x.com\/LesElfesCamps","https:\/\/www.instagram.com\/leselfes","https:\/\/www.linkedin.com\/company\/les-elfes-international","https:\/\/www.youtube.com\/user\/LesElfesVerbier"]},{"@type":"Person","@id":"https:\/\/dev.leselfes.com\/#\/schema\/person\/7ac5f99a7f3c597105fe663a00bdf6d6","name":"Matthieu Perard","image":{"@type":"ImageObject","inLanguage":"es","@id":"https:\/\/dev.leselfes.com\/#\/schema\/person\/image\/","url":"https:\/\/secure.gravatar.com\/avatar\/e368f5bd153d15a1ff42a4c64a46d1ef?s=96&d=mm&r=g","contentUrl":"https:\/\/secure.gravatar.com\/avatar\/e368f5bd153d15a1ff42a4c64a46d1ef?s=96&d=mm&r=g","caption":"Matthieu Perard"},"url":"https:\/\/www.leselfes.com\/es\/author\/m-pierardnotostudio-ch\/"}]}},"_links":{"self":[{"href":"https:\/\/www.leselfes.com\/es\/wp-json\/wp\/v2\/posts\/96061"}],"collection":[{"href":"https:\/\/www.leselfes.com\/es\/wp-json\/wp\/v2\/posts"}],"about":[{"href":"https:\/\/www.leselfes.com\/es\/wp-json\/wp\/v2\/types\/post"}],"author":[{"embeddable":true,"href":"https:\/\/www.leselfes.com\/es\/wp-json\/wp\/v2\/users\/16"}],"replies":[{"embeddable":true,"href":"https:\/\/www.leselfes.com\/es\/wp-json\/wp\/v2\/comments?post=96061"}],"version-history":[{"count":2,"href":"https:\/\/www.leselfes.com\/es\/wp-json\/wp\/v2\/posts\/96061\/revisions"}],"predecessor-version":[{"id":109417,"href":"https:\/\/www.leselfes.com\/es\/wp-json\/wp\/v2\/posts\/96061\/revisions\/109417"}],"wp:featuredmedia":[{"embeddable":true,"href":"https:\/\/www.leselfes.com\/es\/wp-json\/wp\/v2\/media\/96058"}],"wp:attachment":[{"href":"https:\/\/www.leselfes.com\/es\/wp-json\/wp\/v2\/media?parent=96061"}],"wp:term":[{"taxonomy":"category","embeddable":true,"href":"https:\/\/www.leselfes.com\/es\/wp-json\/wp\/v2\/categories?post=96061"},{"taxonomy":"post_tag","embeddable":true,"href":"https:\/\/www.leselfes.com\/es\/wp-json\/wp\/v2\/tags?post=96061"}],"curies":[{"name":"wp","href":"https:\/\/api.w.org\/{rel}","templated":true}]}}