{"id":96088,"date":"2025-01-07T09:15:54","date_gmt":"2025-01-07T08:15:54","guid":{"rendered":"https:\/\/www.leselfes.com\/hay-cursos-de-idiomas-en-los-campamentos-de-verano\/"},"modified":"2025-01-24T10:27:09","modified_gmt":"2025-01-24T09:27:09","slug":"hay-cursos-de-idiomas-en-los-campamentos-de-verano","status":"publish","type":"post","link":"https:\/\/www.leselfes.com\/es\/hay-cursos-de-idiomas-en-los-campamentos-de-verano\/","title":{"rendered":"Descubre la magia de los campamentos de verano en Suiza"},"content":{"rendered":"<p>Descubre la magia de los campamentos de verano en Suiza<\/p>\n<article>\n<header>\n<h1>\u00bfPor qu\u00e9 elegir un campamento de verano en Suiza?<\/h1>\n<\/header>\n<section>\n<h2>Experiencias inolvidables en los Alpes suizos<\/h2>\n<p>Los campamentos de verano en <strong>Suiza<\/strong> son famosos por sus excepcionales programas que combinan <strong>deporte, educaci\u00f3n y aventura<\/strong>. Ya sea explorando los impresionantes paisajes de <strong>Zermatt<\/strong> o disfrutando de emocionantes actividades <strong>de esqu\u00ed<\/strong> en invierno, estos campamentos ofrecen algo para cada ni\u00f1o y adolescente. Los ni\u00f1os y adolescentes <strong>de 6 a 18 a\u00f1os<\/strong> pueden sumergirse en una amplia <strong>gama<\/strong> de actividades llenas de diversi\u00f3n mientras crean recuerdos inolvidables. Campamentos como <strong>Les Elfes International<\/strong> proporcionan un entorno \u00fanico en el que estudiantes de m\u00e1s de 50 <strong>pa\u00edses<\/strong> pueden conectar, hacer <strong>amigos<\/strong> para toda la vida y disfrutar de una experiencia verdaderamente internacional. El <strong>campus<\/strong> de <strong>Verbier<\/strong> est\u00e1 rodeado por los impresionantes Alpes suizos, ofreciendo un entorno pintoresco y seguro para que los ni\u00f1os prosperen.  <\/p>\n<\/section>\n<section>\n<h2>\u00bfQu\u00e9 hace \u00fanicos a los campamentos de verano suizos?<\/h2>\n<p>Los campamentos de verano suizos son famosos por su combinaci\u00f3n de programas <strong>acad\u00e9micos<\/strong>, <strong>actividades<\/strong> enriquecedoras y un entorno paisaj\u00edstico. Destacan: <\/p>\n<ul>\n<li><strong>Incre\u00edbles excursiones:<\/strong> <strong>Viajes<\/strong> a ciudades suizas emblem\u00e1ticas como <strong>Ginebra<\/strong>, <strong>Montreux<\/strong> y <strong>Crans Montana<\/strong>, as\u00ed como visitas a lugares hist\u00f3ricos como los castillos medievales de <strong>Gstaad<\/strong>.<\/li>\n<li><strong>Deportes y educaci\u00f3n:<\/strong> Una mezcla \u00fanica de <strong>deportes<\/strong> como tenis, <strong>esqu\u00ed<\/strong> y senderismo, combinados con <strong>talleres acad\u00e9micos<\/strong> y actividades creativas como <strong>artes esc\u00e9nicas<\/strong> y <strong>teatro<\/strong>.<\/li>\n<li><strong>Comunidad internacional:<\/strong> Una vibrante mezcla de <strong>estudiantes<\/strong> de toda <strong>Europa<\/strong> y m\u00e1s all\u00e1, que fomenta un esp\u00edritu de amistad y colaboraci\u00f3n global.<\/li>\n<\/ul>\n<p>Esta experiencia integral garantiza que los campistas vuelvan a casa con habilidades mejoradas, recuerdos entra\u00f1ables y un aprecio m\u00e1s profundo por la <strong>hermosa<\/strong> cultura y naturaleza de Suiza.<\/p>\n<\/section>\n<section>\n<h2>Un d\u00eda en la vida de un campista de verano suizo<\/h2>\n<p>La vida en un campamento de verano suizo es din\u00e1mica y est\u00e1 cuidadosamente estructurada para equilibrar aprendizaje, aventura y diversi\u00f3n. Las ma\u00f1anas suelen empezar con <strong>actividades<\/strong> energizantes al aire libre, como senderismo o <strong>deportes<\/strong>. Despu\u00e9s del desayuno, los campistas pueden asistir a <strong>talleres<\/strong> o participar en actividades creativas como <strong>arte<\/strong>, teatro o m\u00fasica. Las tardes se reservan para emocionantes excursiones, que permiten a los campistas explorar lugares de inter\u00e9s cercanos, como <strong>el lago Lem\u00e1n<\/strong>, o pueblos hist\u00f3ricos como <strong>Leysin<\/strong>. Las noches son igual de atractivas, con eventos tem\u00e1ticos, retos por equipos o actuaciones en grupo que fomentan la colaboraci\u00f3n y crean amistades. Este equilibrio garantiza que los campistas disfruten de un d\u00eda completo de actividades enriquecedoras, al tiempo que disponen de tiempo suficiente para relajarse y reponer fuerzas.   <\/p>\n<\/section>\n<section>\n<h2>Experiencias de campamento inmersivas y residenciales<\/h2>\n<p>Una de las caracter\u00edsticas m\u00e1s destacadas de los campamentos de verano suizos es su configuraci\u00f3n <strong>residencial<\/strong>, que proporciona un entorno ideal para el crecimiento personal. Vivir en el campus permite a los campistas desarrollar su independencia y resistencia, al tiempo que establecen fuertes v\u00ednculos con sus compa\u00f1eros. El experimentado <strong>personal<\/strong> garantiza un ambiente seguro y de apoyo, ayudando a los campistas a sentirse como en casa desde el momento en que llegan. Los programas est\u00e1n cuidadosamente dise\u00f1ados para adaptarse a todas las <strong>edades<\/strong>, con actividades a medida para ni\u00f1os <strong>de 6 a 16 a\u00f1os<\/strong> y adolescentes <strong>de 8 a 17 a\u00f1os<\/strong>. Tanto si se trata de un programa corto <strong>de una semana<\/strong> como de una estancia prolongada durante las vacaciones de verano, estos campamentos ofrecen opciones flexibles que se adaptan a todas las familias.  <\/p>\n<\/section>\n<section>\n<h2>Excursiones a lugares famosos de Suiza<\/h2>\n<p>Las excursiones son una parte fundamental de la experiencia de los campamentos de verano suizos, ya que ofrecen a los ni\u00f1os y adolescentes la oportunidad de descubrir la rica historia y cultura del pa\u00eds. Entre los destinos m\u00e1s populares est\u00e1n los castillos medievales de <strong>Gstaad<\/strong>, la vibrante ciudad de <strong>Ginebra<\/strong> con su proximidad a las <strong>Naciones<\/strong> Unidas, y los impresionantes paisajes de <strong>Crans Montana<\/strong>. Estos viajes ofrecen oportunidades \u00fanicas para aprender fuera del aula, ya que los campistas se sumergen en el <strong>bello<\/strong> patrimonio de Suiza. Actividades como visitar mercados locales o asistir a <strong>talleres<\/strong> de artesan\u00eda tradicional suiza mejoran la experiencia, haciendo que cada excursi\u00f3n sea a la vez educativa y divertida. <\/p>\n<\/section>\n<section>\n<h2>Combinando aventura, educaci\u00f3n y creatividad<\/h2>\n<p>Los campamentos de verano suizos son algo m\u00e1s que unas vacaciones de verano: son una puerta de acceso a nuevas habilidades y al crecimiento personal. Desde participar en programas de <strong>academias de artes<\/strong> creativas hasta practicar deportes como tenis, golf o esqu\u00ed, hay una amplia <strong>gama<\/strong> de actividades para todos los intereses. Estos programas est\u00e1n dise\u00f1ados para fomentar la autoexpresi\u00f3n, la colaboraci\u00f3n y la confianza. Adem\u00e1s, los ni\u00f1os y adolescentes conocen perspectivas internacionales al relacionarse con compa\u00f1eros de diversos <strong>pa\u00edses<\/strong>. Este intercambio cultural fomenta la empat\u00eda y la comprensi\u00f3n, ayudando a los campistas a desarrollar una mentalidad global.  <\/p>\n<\/section>\n<section>\n<h2><\/h2>\n<h2><\/h2>\n<h2>Explora los Alpes suizos con Les Elfes International<\/h2>\n<p>\u00bfListo para dar a tu hijo la mejor aventura de verano? <strong>Les Elfes International<\/strong> ofrece una amplia <strong>gama<\/strong> de actividades de <strong>junio<\/strong> a <strong>agosto<\/strong>, como <strong>deportes<\/strong>, <strong>excursiones<\/strong> y programas de <strong>academias de arte<\/strong>. Situado en <strong>Verbier<\/strong>, el campamento combina un impresionante paisaje alpino con un entorno solidario y enriquecedor. Con programas adaptados a todas las <strong>edades<\/strong>, <strong>Les Elfes International<\/strong> es la elecci\u00f3n perfecta para las familias que buscan el <strong>mejor campamento de verano en Suiza<\/strong>. <a href=\"https:\/\/www.leselfes.com\/summer-camp\/enrol\/\" target=\"_blank\" rel=\"noopener\">Ponte en contacto con nosotros hoy mismo<\/a> para inscribir a tu hijo en un viaje inolvidable de crecimiento y descubrimiento.    <\/p>\n<\/section>\n<\/article>\n","protected":false},"excerpt":{"rendered":"<p>Descubre la magia de los campamentos de verano en Suiza \u00bfPor qu\u00e9 elegir un campamento de verano en Suiza? Experiencias inolvidables en los Alpes suizos Los campamentos de verano en&#8230;<\/p>\n","protected":false},"author":16,"featured_media":96085,"comment_status":"closed","ping_status":"open","sticky":false,"template":"","format":"standard","meta":{"_acf_changed":false,"inline_featured_image":false,"footnotes":""},"categories":[1373],"tags":[],"class_list":{"0":"post-96088","1":"post","2":"type-post","3":"status-publish","4":"format-standard","5":"has-post-thumbnail","7":"category-campamento-de-verano"},"acf":[],"yoast_head":"<!-- This site is optimized with the Yoast SEO Premium plugin v24.2 (Yoast SEO v24.7) - https:\/\/yoast.com\/wordpress\/plugins\/seo\/ -->\n<title>Descubre la magia de los campamentos de verano en Suiza - Les Elfes International Camps Switzerland<\/title>\n<meta name=\"description\" content=\"Explora las ventajas y los principales destinos de los campamentos de verano para ni\u00f1os en Europa. Aprende a preparar a tu hijo para una aventura inolvidable.\" \/>\n<meta name=\"robots\" content=\"index, follow, max-snippet:-1, max-image-preview:large, max-video-preview:-1\" \/>\n<link rel=\"canonical\" href=\"https:\/\/www.leselfes.com\/es\/hay-cursos-de-idiomas-en-los-campamentos-de-verano\/\" \/>\n<meta property=\"og:locale\" content=\"es_ES\" \/>\n<meta property=\"og:type\" content=\"article\" \/>\n<meta property=\"og:title\" content=\"Descubre la magia de los campamentos de verano en Suiza\" \/>\n<meta property=\"og:description\" content=\"Explora las ventajas y los principales destinos de los campamentos de verano para ni\u00f1os en Europa. Aprende a preparar a tu hijo para una aventura inolvidable.\" \/>\n<meta property=\"og:url\" content=\"https:\/\/www.leselfes.com\/es\/hay-cursos-de-idiomas-en-los-campamentos-de-verano\/\" \/>\n<meta property=\"og:site_name\" content=\"Les Elfes International Camps Switzerland\" \/>\n<meta property=\"article:publisher\" content=\"https:\/\/www.facebook.com\/LesElfesVerbier\" \/>\n<meta property=\"article:published_time\" content=\"2025-01-07T08:15:54+00:00\" \/>\n<meta property=\"article:modified_time\" content=\"2025-01-24T09:27:09+00:00\" \/>\n<meta property=\"og:image\" content=\"https:\/\/www.leselfes.com\/wp-content\/uploads\/2025\/01\/Language-course-min-scaled-1.jpg\" \/>\n\t<meta property=\"og:image:width\" content=\"2560\" \/>\n\t<meta property=\"og:image:height\" content=\"1707\" \/>\n\t<meta property=\"og:image:type\" content=\"image\/jpeg\" \/>\n<meta name=\"author\" content=\"Matthieu Perard\" \/>\n<meta name=\"twitter:card\" content=\"summary_large_image\" \/>\n<meta name=\"twitter:creator\" content=\"@LesElfesCamps\" \/>\n<meta name=\"twitter:site\" content=\"@LesElfesCamps\" \/>\n<meta name=\"twitter:label1\" content=\"Escrito por\" \/>\n\t<meta name=\"twitter:data1\" content=\"Matthieu Perard\" \/>\n\t<meta name=\"twitter:label2\" content=\"Tiempo de lectura\" \/>\n\t<meta name=\"twitter:data2\" content=\"5 minutos\" \/>\n<script type=\"application\/ld+json\" class=\"yoast-schema-graph\">{\"@context\":\"https:\/\/schema.org\",\"@graph\":[{\"@type\":\"Article\",\"@id\":\"https:\/\/www.leselfes.com\/es\/hay-cursos-de-idiomas-en-los-campamentos-de-verano\/#article\",\"isPartOf\":{\"@id\":\"https:\/\/www.leselfes.com\/es\/hay-cursos-de-idiomas-en-los-campamentos-de-verano\/\"},\"author\":{\"name\":\"Matthieu Perard\",\"@id\":\"https:\/\/dev.leselfes.com\/#\/schema\/person\/7ac5f99a7f3c597105fe663a00bdf6d6\"},\"headline\":\"Descubre la magia de los campamentos de verano en Suiza\",\"datePublished\":\"2025-01-07T08:15:54+00:00\",\"dateModified\":\"2025-01-24T09:27:09+00:00\",\"mainEntityOfPage\":{\"@id\":\"https:\/\/www.leselfes.com\/es\/hay-cursos-de-idiomas-en-los-campamentos-de-verano\/\"},\"wordCount\":947,\"publisher\":{\"@id\":\"https:\/\/dev.leselfes.com\/#organization\"},\"image\":{\"@id\":\"https:\/\/www.leselfes.com\/es\/hay-cursos-de-idiomas-en-los-campamentos-de-verano\/#primaryimage\"},\"thumbnailUrl\":\"https:\/\/www.leselfes.com\/wp-content\/uploads\/2025\/01\/Language-course-min-scaled-1.jpg\",\"articleSection\":[\"Campamento de verano\"],\"inLanguage\":\"es\"},{\"@type\":\"WebPage\",\"@id\":\"https:\/\/www.leselfes.com\/es\/hay-cursos-de-idiomas-en-los-campamentos-de-verano\/\",\"url\":\"https:\/\/www.leselfes.com\/es\/hay-cursos-de-idiomas-en-los-campamentos-de-verano\/\",\"name\":\"Descubre la magia de los campamentos de verano en Suiza - Les Elfes International Camps Switzerland\",\"isPartOf\":{\"@id\":\"https:\/\/dev.leselfes.com\/#website\"},\"primaryImageOfPage\":{\"@id\":\"https:\/\/www.leselfes.com\/es\/hay-cursos-de-idiomas-en-los-campamentos-de-verano\/#primaryimage\"},\"image\":{\"@id\":\"https:\/\/www.leselfes.com\/es\/hay-cursos-de-idiomas-en-los-campamentos-de-verano\/#primaryimage\"},\"thumbnailUrl\":\"https:\/\/www.leselfes.com\/wp-content\/uploads\/2025\/01\/Language-course-min-scaled-1.jpg\",\"datePublished\":\"2025-01-07T08:15:54+00:00\",\"dateModified\":\"2025-01-24T09:27:09+00:00\",\"description\":\"Explora las ventajas y los principales destinos de los campamentos de verano para ni\u00f1os en Europa. Aprende a preparar a tu hijo para una aventura inolvidable.\",\"breadcrumb\":{\"@id\":\"https:\/\/www.leselfes.com\/es\/hay-cursos-de-idiomas-en-los-campamentos-de-verano\/#breadcrumb\"},\"inLanguage\":\"es\",\"potentialAction\":[{\"@type\":\"ReadAction\",\"target\":[\"https:\/\/www.leselfes.com\/es\/hay-cursos-de-idiomas-en-los-campamentos-de-verano\/\"]}]},{\"@type\":\"ImageObject\",\"inLanguage\":\"es\",\"@id\":\"https:\/\/www.leselfes.com\/es\/hay-cursos-de-idiomas-en-los-campamentos-de-verano\/#primaryimage\",\"url\":\"https:\/\/www.leselfes.com\/wp-content\/uploads\/2025\/01\/Language-course-min-scaled-1.jpg\",\"contentUrl\":\"https:\/\/www.leselfes.com\/wp-content\/uploads\/2025\/01\/Language-course-min-scaled-1.jpg\",\"width\":2560,\"height\":1707},{\"@type\":\"BreadcrumbList\",\"@id\":\"https:\/\/www.leselfes.com\/es\/hay-cursos-de-idiomas-en-los-campamentos-de-verano\/#breadcrumb\",\"itemListElement\":[{\"@type\":\"ListItem\",\"position\":1,\"name\":\"Home\",\"item\":\"https:\/\/www.leselfes.com\/es\/inicio\/\"},{\"@type\":\"ListItem\",\"position\":2,\"name\":\"Descubre la magia de los campamentos de verano en Suiza\"}]},{\"@type\":\"WebSite\",\"@id\":\"https:\/\/dev.leselfes.com\/#website\",\"url\":\"https:\/\/dev.leselfes.com\/\",\"name\":\"Les Elfes International\",\"description\":\"Les Elfes International, Verbier Switzerland. Summer Camp, Winter Camp, Spring Camps.\",\"publisher\":{\"@id\":\"https:\/\/dev.leselfes.com\/#organization\"},\"alternateName\":\"Les Elfes International\",\"potentialAction\":[{\"@type\":\"SearchAction\",\"target\":{\"@type\":\"EntryPoint\",\"urlTemplate\":\"https:\/\/dev.leselfes.com\/?s={search_term_string}\"},\"query-input\":{\"@type\":\"PropertyValueSpecification\",\"valueRequired\":true,\"valueName\":\"search_term_string\"}}],\"inLanguage\":\"es\"},{\"@type\":\"Organization\",\"@id\":\"https:\/\/dev.leselfes.com\/#organization\",\"name\":\"Les Elfes International\",\"alternateName\":\"Les Elfes International\",\"url\":\"https:\/\/dev.leselfes.com\/\",\"logo\":{\"@type\":\"ImageObject\",\"inLanguage\":\"es\",\"@id\":\"https:\/\/dev.leselfes.com\/#\/schema\/logo\/image\/\",\"url\":\"https:\/\/www.leselfes.com\/wp-content\/uploads\/2022\/03\/leselfes-logo.png\",\"contentUrl\":\"https:\/\/www.leselfes.com\/wp-content\/uploads\/2022\/03\/leselfes-logo.png\",\"width\":233,\"height\":51,\"caption\":\"Les Elfes International\"},\"image\":{\"@id\":\"https:\/\/dev.leselfes.com\/#\/schema\/logo\/image\/\"},\"sameAs\":[\"https:\/\/www.facebook.com\/LesElfesVerbier\",\"https:\/\/x.com\/LesElfesCamps\",\"https:\/\/www.instagram.com\/leselfes\",\"https:\/\/www.linkedin.com\/company\/les-elfes-international\",\"https:\/\/www.youtube.com\/user\/LesElfesVerbier\"]},{\"@type\":\"Person\",\"@id\":\"https:\/\/dev.leselfes.com\/#\/schema\/person\/7ac5f99a7f3c597105fe663a00bdf6d6\",\"name\":\"Matthieu Perard\",\"image\":{\"@type\":\"ImageObject\",\"inLanguage\":\"es\",\"@id\":\"https:\/\/dev.leselfes.com\/#\/schema\/person\/image\/\",\"url\":\"https:\/\/secure.gravatar.com\/avatar\/e368f5bd153d15a1ff42a4c64a46d1ef?s=96&d=mm&r=g\",\"contentUrl\":\"https:\/\/secure.gravatar.com\/avatar\/e368f5bd153d15a1ff42a4c64a46d1ef?s=96&d=mm&r=g\",\"caption\":\"Matthieu Perard\"},\"url\":\"https:\/\/www.leselfes.com\/es\/author\/m-pierardnotostudio-ch\/\"}]}<\/script>\n<!-- \/ Yoast SEO Premium plugin. -->","yoast_head_json":{"title":"Descubre la magia de los campamentos de verano en Suiza - Les Elfes International Camps Switzerland","description":"Explora las ventajas y los principales destinos de los campamentos de verano para ni\u00f1os en Europa. Aprende a preparar a tu hijo para una aventura inolvidable.","robots":{"index":"index","follow":"follow","max-snippet":"max-snippet:-1","max-image-preview":"max-image-preview:large","max-video-preview":"max-video-preview:-1"},"canonical":"https:\/\/www.leselfes.com\/es\/hay-cursos-de-idiomas-en-los-campamentos-de-verano\/","og_locale":"es_ES","og_type":"article","og_title":"Descubre la magia de los campamentos de verano en Suiza","og_description":"Explora las ventajas y los principales destinos de los campamentos de verano para ni\u00f1os en Europa. Aprende a preparar a tu hijo para una aventura inolvidable.","og_url":"https:\/\/www.leselfes.com\/es\/hay-cursos-de-idiomas-en-los-campamentos-de-verano\/","og_site_name":"Les Elfes International Camps Switzerland","article_publisher":"https:\/\/www.facebook.com\/LesElfesVerbier","article_published_time":"2025-01-07T08:15:54+00:00","article_modified_time":"2025-01-24T09:27:09+00:00","og_image":[{"width":2560,"height":1707,"url":"https:\/\/www.leselfes.com\/wp-content\/uploads\/2025\/01\/Language-course-min-scaled-1.jpg","type":"image\/jpeg"}],"author":"Matthieu Perard","twitter_card":"summary_large_image","twitter_creator":"@LesElfesCamps","twitter_site":"@LesElfesCamps","twitter_misc":{"Escrito por":"Matthieu Perard","Tiempo de lectura":"5 minutos"},"schema":{"@context":"https:\/\/schema.org","@graph":[{"@type":"Article","@id":"https:\/\/www.leselfes.com\/es\/hay-cursos-de-idiomas-en-los-campamentos-de-verano\/#article","isPartOf":{"@id":"https:\/\/www.leselfes.com\/es\/hay-cursos-de-idiomas-en-los-campamentos-de-verano\/"},"author":{"name":"Matthieu Perard","@id":"https:\/\/dev.leselfes.com\/#\/schema\/person\/7ac5f99a7f3c597105fe663a00bdf6d6"},"headline":"Descubre la magia de los campamentos de verano en Suiza","datePublished":"2025-01-07T08:15:54+00:00","dateModified":"2025-01-24T09:27:09+00:00","mainEntityOfPage":{"@id":"https:\/\/www.leselfes.com\/es\/hay-cursos-de-idiomas-en-los-campamentos-de-verano\/"},"wordCount":947,"publisher":{"@id":"https:\/\/dev.leselfes.com\/#organization"},"image":{"@id":"https:\/\/www.leselfes.com\/es\/hay-cursos-de-idiomas-en-los-campamentos-de-verano\/#primaryimage"},"thumbnailUrl":"https:\/\/www.leselfes.com\/wp-content\/uploads\/2025\/01\/Language-course-min-scaled-1.jpg","articleSection":["Campamento de verano"],"inLanguage":"es"},{"@type":"WebPage","@id":"https:\/\/www.leselfes.com\/es\/hay-cursos-de-idiomas-en-los-campamentos-de-verano\/","url":"https:\/\/www.leselfes.com\/es\/hay-cursos-de-idiomas-en-los-campamentos-de-verano\/","name":"Descubre la magia de los campamentos de verano en Suiza - Les Elfes International Camps Switzerland","isPartOf":{"@id":"https:\/\/dev.leselfes.com\/#website"},"primaryImageOfPage":{"@id":"https:\/\/www.leselfes.com\/es\/hay-cursos-de-idiomas-en-los-campamentos-de-verano\/#primaryimage"},"image":{"@id":"https:\/\/www.leselfes.com\/es\/hay-cursos-de-idiomas-en-los-campamentos-de-verano\/#primaryimage"},"thumbnailUrl":"https:\/\/www.leselfes.com\/wp-content\/uploads\/2025\/01\/Language-course-min-scaled-1.jpg","datePublished":"2025-01-07T08:15:54+00:00","dateModified":"2025-01-24T09:27:09+00:00","description":"Explora las ventajas y los principales destinos de los campamentos de verano para ni\u00f1os en Europa. Aprende a preparar a tu hijo para una aventura inolvidable.","breadcrumb":{"@id":"https:\/\/www.leselfes.com\/es\/hay-cursos-de-idiomas-en-los-campamentos-de-verano\/#breadcrumb"},"inLanguage":"es","potentialAction":[{"@type":"ReadAction","target":["https:\/\/www.leselfes.com\/es\/hay-cursos-de-idiomas-en-los-campamentos-de-verano\/"]}]},{"@type":"ImageObject","inLanguage":"es","@id":"https:\/\/www.leselfes.com\/es\/hay-cursos-de-idiomas-en-los-campamentos-de-verano\/#primaryimage","url":"https:\/\/www.leselfes.com\/wp-content\/uploads\/2025\/01\/Language-course-min-scaled-1.jpg","contentUrl":"https:\/\/www.leselfes.com\/wp-content\/uploads\/2025\/01\/Language-course-min-scaled-1.jpg","width":2560,"height":1707},{"@type":"BreadcrumbList","@id":"https:\/\/www.leselfes.com\/es\/hay-cursos-de-idiomas-en-los-campamentos-de-verano\/#breadcrumb","itemListElement":[{"@type":"ListItem","position":1,"name":"Home","item":"https:\/\/www.leselfes.com\/es\/inicio\/"},{"@type":"ListItem","position":2,"name":"Descubre la magia de los campamentos de verano en Suiza"}]},{"@type":"WebSite","@id":"https:\/\/dev.leselfes.com\/#website","url":"https:\/\/dev.leselfes.com\/","name":"Les Elfes International","description":"Les Elfes International, Verbier Switzerland. Summer Camp, Winter Camp, Spring Camps.","publisher":{"@id":"https:\/\/dev.leselfes.com\/#organization"},"alternateName":"Les Elfes International","potentialAction":[{"@type":"SearchAction","target":{"@type":"EntryPoint","urlTemplate":"https:\/\/dev.leselfes.com\/?s={search_term_string}"},"query-input":{"@type":"PropertyValueSpecification","valueRequired":true,"valueName":"search_term_string"}}],"inLanguage":"es"},{"@type":"Organization","@id":"https:\/\/dev.leselfes.com\/#organization","name":"Les Elfes International","alternateName":"Les Elfes International","url":"https:\/\/dev.leselfes.com\/","logo":{"@type":"ImageObject","inLanguage":"es","@id":"https:\/\/dev.leselfes.com\/#\/schema\/logo\/image\/","url":"https:\/\/www.leselfes.com\/wp-content\/uploads\/2022\/03\/leselfes-logo.png","contentUrl":"https:\/\/www.leselfes.com\/wp-content\/uploads\/2022\/03\/leselfes-logo.png","width":233,"height":51,"caption":"Les Elfes International"},"image":{"@id":"https:\/\/dev.leselfes.com\/#\/schema\/logo\/image\/"},"sameAs":["https:\/\/www.facebook.com\/LesElfesVerbier","https:\/\/x.com\/LesElfesCamps","https:\/\/www.instagram.com\/leselfes","https:\/\/www.linkedin.com\/company\/les-elfes-international","https:\/\/www.youtube.com\/user\/LesElfesVerbier"]},{"@type":"Person","@id":"https:\/\/dev.leselfes.com\/#\/schema\/person\/7ac5f99a7f3c597105fe663a00bdf6d6","name":"Matthieu Perard","image":{"@type":"ImageObject","inLanguage":"es","@id":"https:\/\/dev.leselfes.com\/#\/schema\/person\/image\/","url":"https:\/\/secure.gravatar.com\/avatar\/e368f5bd153d15a1ff42a4c64a46d1ef?s=96&d=mm&r=g","contentUrl":"https:\/\/secure.gravatar.com\/avatar\/e368f5bd153d15a1ff42a4c64a46d1ef?s=96&d=mm&r=g","caption":"Matthieu Perard"},"url":"https:\/\/www.leselfes.com\/es\/author\/m-pierardnotostudio-ch\/"}]}},"_links":{"self":[{"href":"https:\/\/www.leselfes.com\/es\/wp-json\/wp\/v2\/posts\/96088"}],"collection":[{"href":"https:\/\/www.leselfes.com\/es\/wp-json\/wp\/v2\/posts"}],"about":[{"href":"https:\/\/www.leselfes.com\/es\/wp-json\/wp\/v2\/types\/post"}],"author":[{"embeddable":true,"href":"https:\/\/www.leselfes.com\/es\/wp-json\/wp\/v2\/users\/16"}],"replies":[{"embeddable":true,"href":"https:\/\/www.leselfes.com\/es\/wp-json\/wp\/v2\/comments?post=96088"}],"version-history":[{"count":1,"href":"https:\/\/www.leselfes.com\/es\/wp-json\/wp\/v2\/posts\/96088\/revisions"}],"predecessor-version":[{"id":97789,"href":"https:\/\/www.leselfes.com\/es\/wp-json\/wp\/v2\/posts\/96088\/revisions\/97789"}],"wp:featuredmedia":[{"embeddable":true,"href":"https:\/\/www.leselfes.com\/es\/wp-json\/wp\/v2\/media\/96085"}],"wp:attachment":[{"href":"https:\/\/www.leselfes.com\/es\/wp-json\/wp\/v2\/media?parent=96088"}],"wp:term":[{"taxonomy":"category","embeddable":true,"href":"https:\/\/www.leselfes.com\/es\/wp-json\/wp\/v2\/categories?post=96088"},{"taxonomy":"post_tag","embeddable":true,"href":"https:\/\/www.leselfes.com\/es\/wp-json\/wp\/v2\/tags?post=96088"}],"curies":[{"name":"wp","href":"https:\/\/api.w.org\/{rel}","templated":true}]}}