{"id":96321,"date":"2025-01-07T09:22:35","date_gmt":"2025-01-07T08:22:35","guid":{"rendered":"https:\/\/www.leselfes.com\/domingo-22-de-diciembre-primer-dia-en-las-pistas-de-la-elfa-talia\/"},"modified":"2025-01-07T09:24:28","modified_gmt":"2025-01-07T08:24:28","slug":"domingo-22-de-diciembre-primer-dia-en-las-pistas-de-la-elfa-talia","status":"publish","type":"post","link":"https:\/\/www.leselfes.com\/es\/domingo-22-de-diciembre-primer-dia-en-las-pistas-de-la-elfa-talia\/","title":{"rendered":"Domingo 22 de diciembre- Primer d\u00eda en las pistas de la elfa Tal\u00eda"},"content":{"rendered":"<p>&nbsp;<\/p>\n<p>Ah, el primer d\u00eda del campamento de esqu\u00ed en Verbier. El aire est\u00e1 fresco, las monta\u00f1as espolvoreadas de nieve fresca y el campamento ha abierto por fin sus puertas a un nuevo grupo de curiosos aventureros. Llevo viviendo aqu\u00ed en las monta\u00f1as lo que me parece una eternidad, pero hay algo m\u00e1gico en ver la emoci\u00f3n en los ojos de estos ni\u00f1os de lugares como Kuwait, India y muchos m\u00e1s. Esta ma\u00f1ana, la nieve ca\u00eda espesa y r\u00e1pidamente. He visto c\u00f3mo se reun\u00edan en grupos, con caras de emoci\u00f3n y nerviosismo. La mayor\u00eda no hab\u00eda visto nunca la nieve, y mucho menos esquiar. Los m\u00e1s peque\u00f1os resbalaban y se deslizaban, sus risas llenaban el aire, incluso mientras ca\u00edan una y otra vez. Pero tambi\u00e9n hab\u00eda determinaci\u00f3n. Con cada ca\u00edda, volv\u00edan a levantarse y, al final de la ma\u00f1ana, hab\u00edan empezado a encontrar su ritmo en las pistas. Despu\u00e9s de esquiar, los campistas se dividieron en dos grupos. Algunos se dirigieron a la ciudad de Verbier, ansiosos por probar el patinaje sobre hielo en la pista que brillaba como sacada de un cuento de hadas. Otros, agotados por la aventura de la ma\u00f1ana, decidieron descansar y reponer fuerzas junto al fuego dentro del albergue. La cena fue abundante: hamburguesas para todos. Los chavales bull\u00edan de historias sobre su d\u00eda, algunos segu\u00edan hablando de las cataratas, otros estaban entusiasmados con sus aventuras sobre patines de hielo. Despu\u00e9s, la noche volvi\u00f3 a dividirse. Algunos se dirigieron al polideportivo para quemar el resto de su energ\u00eda, mientras que otros se quedaron en casa para disfrutar de una acogedora noche de concursos. Pod\u00eda o\u00edr sus risas resonando por los pasillos, la habitaci\u00f3n zumbando con el tipo de energ\u00eda que s\u00f3lo puede aportar un grupo de nuevos amigos. Cuando termin\u00f3 el d\u00eda, les vi dormirse, con sus caras cansadas pero contentas. Ma\u00f1ana habr\u00e1 m\u00e1s nieve, m\u00e1s aventuras y m\u00e1s risas. Son los d\u00edas como hoy los que me hacen amar esta vida en Verbier, viendo a estos ni\u00f1os descubrir la magia de las monta\u00f1as, paso a paso sobre la nieve.  <\/p>\n","protected":false},"excerpt":{"rendered":"<p>&nbsp; Ah, el primer d\u00eda del campamento de esqu\u00ed en Verbier. El aire est\u00e1 fresco, las monta\u00f1as espolvoreadas de nieve fresca y el campamento ha abierto por fin sus puertas&#8230;<\/p>\n","protected":false},"author":16,"featured_media":0,"comment_status":"closed","ping_status":"open","sticky":false,"template":"","format":"standard","meta":{"_acf_changed":false,"inline_featured_image":false,"footnotes":""},"categories":[],"tags":[],"class_list":["post-96321","post","type-post","status-publish","format-standard"],"acf":[],"yoast_head":"<!-- This site is optimized with the Yoast SEO Premium plugin v24.2 (Yoast SEO v24.7) - https:\/\/yoast.com\/wordpress\/plugins\/seo\/ -->\n<title>Domingo 22 de diciembre- Primer d\u00eda en las pistas de la elfa Tal\u00eda - Les Elfes International Camps Switzerland<\/title>\n<meta name=\"robots\" content=\"index, follow, max-snippet:-1, max-image-preview:large, max-video-preview:-1\" \/>\n<link rel=\"canonical\" href=\"https:\/\/www.leselfes.com\/es\/domingo-22-de-diciembre-primer-dia-en-las-pistas-de-la-elfa-talia\/\" \/>\n<meta property=\"og:locale\" content=\"es_ES\" \/>\n<meta property=\"og:type\" content=\"article\" \/>\n<meta property=\"og:title\" content=\"Domingo 22 de diciembre- Primer d\u00eda en las pistas de la elfa Tal\u00eda\" \/>\n<meta property=\"og:description\" content=\"&nbsp; Ah, el primer d\u00eda del campamento de esqu\u00ed en Verbier. El aire est\u00e1 fresco, las monta\u00f1as espolvoreadas de nieve fresca y el campamento ha abierto por fin sus puertas...\" \/>\n<meta property=\"og:url\" content=\"https:\/\/www.leselfes.com\/es\/domingo-22-de-diciembre-primer-dia-en-las-pistas-de-la-elfa-talia\/\" \/>\n<meta property=\"og:site_name\" content=\"Les Elfes International Camps Switzerland\" \/>\n<meta property=\"article:publisher\" content=\"https:\/\/www.facebook.com\/LesElfesVerbier\" \/>\n<meta property=\"article:published_time\" content=\"2025-01-07T08:22:35+00:00\" \/>\n<meta property=\"article:modified_time\" content=\"2025-01-07T08:24:28+00:00\" \/>\n<meta property=\"og:image\" content=\"https:\/\/www.leselfes.com\/wp-content\/uploads\/2022\/02\/Les-Elfes-International-summer-camp-Switzerland-Staff-Mobile-591x555-1.jpg\" \/>\n\t<meta property=\"og:image:width\" content=\"591\" \/>\n\t<meta property=\"og:image:height\" content=\"555\" \/>\n\t<meta property=\"og:image:type\" content=\"image\/jpeg\" \/>\n<meta name=\"author\" content=\"Matthieu Perard\" \/>\n<meta name=\"twitter:card\" content=\"summary_large_image\" \/>\n<meta name=\"twitter:creator\" content=\"@LesElfesCamps\" \/>\n<meta name=\"twitter:site\" content=\"@LesElfesCamps\" \/>\n<meta name=\"twitter:label1\" content=\"Escrito por\" \/>\n\t<meta name=\"twitter:data1\" content=\"Matthieu Perard\" \/>\n\t<meta name=\"twitter:label2\" content=\"Tiempo de lectura\" \/>\n\t<meta name=\"twitter:data2\" content=\"2 minutos\" \/>\n<script type=\"application\/ld+json\" class=\"yoast-schema-graph\">{\"@context\":\"https:\/\/schema.org\",\"@graph\":[{\"@type\":\"Article\",\"@id\":\"https:\/\/www.leselfes.com\/es\/domingo-22-de-diciembre-primer-dia-en-las-pistas-de-la-elfa-talia\/#article\",\"isPartOf\":{\"@id\":\"https:\/\/www.leselfes.com\/es\/domingo-22-de-diciembre-primer-dia-en-las-pistas-de-la-elfa-talia\/\"},\"author\":{\"name\":\"Matthieu Perard\",\"@id\":\"https:\/\/dev.leselfes.com\/#\/schema\/person\/7ac5f99a7f3c597105fe663a00bdf6d6\"},\"headline\":\"Domingo 22 de diciembre- Primer d\u00eda en las pistas de la elfa Tal\u00eda\",\"datePublished\":\"2025-01-07T08:22:35+00:00\",\"dateModified\":\"2025-01-07T08:24:28+00:00\",\"mainEntityOfPage\":{\"@id\":\"https:\/\/www.leselfes.com\/es\/domingo-22-de-diciembre-primer-dia-en-las-pistas-de-la-elfa-talia\/\"},\"wordCount\":404,\"publisher\":{\"@id\":\"https:\/\/dev.leselfes.com\/#organization\"},\"inLanguage\":\"es\"},{\"@type\":\"WebPage\",\"@id\":\"https:\/\/www.leselfes.com\/es\/domingo-22-de-diciembre-primer-dia-en-las-pistas-de-la-elfa-talia\/\",\"url\":\"https:\/\/www.leselfes.com\/es\/domingo-22-de-diciembre-primer-dia-en-las-pistas-de-la-elfa-talia\/\",\"name\":\"Domingo 22 de diciembre- Primer d\u00eda en las pistas de la elfa Tal\u00eda - Les Elfes International Camps Switzerland\",\"isPartOf\":{\"@id\":\"https:\/\/dev.leselfes.com\/#website\"},\"datePublished\":\"2025-01-07T08:22:35+00:00\",\"dateModified\":\"2025-01-07T08:24:28+00:00\",\"breadcrumb\":{\"@id\":\"https:\/\/www.leselfes.com\/es\/domingo-22-de-diciembre-primer-dia-en-las-pistas-de-la-elfa-talia\/#breadcrumb\"},\"inLanguage\":\"es\",\"potentialAction\":[{\"@type\":\"ReadAction\",\"target\":[\"https:\/\/www.leselfes.com\/es\/domingo-22-de-diciembre-primer-dia-en-las-pistas-de-la-elfa-talia\/\"]}]},{\"@type\":\"BreadcrumbList\",\"@id\":\"https:\/\/www.leselfes.com\/es\/domingo-22-de-diciembre-primer-dia-en-las-pistas-de-la-elfa-talia\/#breadcrumb\",\"itemListElement\":[{\"@type\":\"ListItem\",\"position\":1,\"name\":\"Home\",\"item\":\"https:\/\/www.leselfes.com\/es\/inicio\/\"},{\"@type\":\"ListItem\",\"position\":2,\"name\":\"Domingo 22 de diciembre- Primer d\u00eda en las pistas de la elfa Tal\u00eda\"}]},{\"@type\":\"WebSite\",\"@id\":\"https:\/\/dev.leselfes.com\/#website\",\"url\":\"https:\/\/dev.leselfes.com\/\",\"name\":\"Les Elfes International\",\"description\":\"Les Elfes International, Verbier Switzerland. Summer Camp, Winter Camp, Spring Camps.\",\"publisher\":{\"@id\":\"https:\/\/dev.leselfes.com\/#organization\"},\"alternateName\":\"Les Elfes International\",\"potentialAction\":[{\"@type\":\"SearchAction\",\"target\":{\"@type\":\"EntryPoint\",\"urlTemplate\":\"https:\/\/dev.leselfes.com\/?s={search_term_string}\"},\"query-input\":{\"@type\":\"PropertyValueSpecification\",\"valueRequired\":true,\"valueName\":\"search_term_string\"}}],\"inLanguage\":\"es\"},{\"@type\":\"Organization\",\"@id\":\"https:\/\/dev.leselfes.com\/#organization\",\"name\":\"Les Elfes International\",\"alternateName\":\"Les Elfes International\",\"url\":\"https:\/\/dev.leselfes.com\/\",\"logo\":{\"@type\":\"ImageObject\",\"inLanguage\":\"es\",\"@id\":\"https:\/\/dev.leselfes.com\/#\/schema\/logo\/image\/\",\"url\":\"https:\/\/www.leselfes.com\/wp-content\/uploads\/2022\/03\/leselfes-logo.png\",\"contentUrl\":\"https:\/\/www.leselfes.com\/wp-content\/uploads\/2022\/03\/leselfes-logo.png\",\"width\":233,\"height\":51,\"caption\":\"Les Elfes International\"},\"image\":{\"@id\":\"https:\/\/dev.leselfes.com\/#\/schema\/logo\/image\/\"},\"sameAs\":[\"https:\/\/www.facebook.com\/LesElfesVerbier\",\"https:\/\/x.com\/LesElfesCamps\",\"https:\/\/www.instagram.com\/leselfes\",\"https:\/\/www.linkedin.com\/company\/les-elfes-international\",\"https:\/\/www.youtube.com\/user\/LesElfesVerbier\"]},{\"@type\":\"Person\",\"@id\":\"https:\/\/dev.leselfes.com\/#\/schema\/person\/7ac5f99a7f3c597105fe663a00bdf6d6\",\"name\":\"Matthieu Perard\",\"image\":{\"@type\":\"ImageObject\",\"inLanguage\":\"es\",\"@id\":\"https:\/\/dev.leselfes.com\/#\/schema\/person\/image\/\",\"url\":\"https:\/\/secure.gravatar.com\/avatar\/e368f5bd153d15a1ff42a4c64a46d1ef?s=96&d=mm&r=g\",\"contentUrl\":\"https:\/\/secure.gravatar.com\/avatar\/e368f5bd153d15a1ff42a4c64a46d1ef?s=96&d=mm&r=g\",\"caption\":\"Matthieu Perard\"},\"url\":\"https:\/\/www.leselfes.com\/es\/author\/m-pierardnotostudio-ch\/\"}]}<\/script>\n<!-- \/ Yoast SEO Premium plugin. -->","yoast_head_json":{"title":"Domingo 22 de diciembre- Primer d\u00eda en las pistas de la elfa Tal\u00eda - Les Elfes International Camps Switzerland","robots":{"index":"index","follow":"follow","max-snippet":"max-snippet:-1","max-image-preview":"max-image-preview:large","max-video-preview":"max-video-preview:-1"},"canonical":"https:\/\/www.leselfes.com\/es\/domingo-22-de-diciembre-primer-dia-en-las-pistas-de-la-elfa-talia\/","og_locale":"es_ES","og_type":"article","og_title":"Domingo 22 de diciembre- Primer d\u00eda en las pistas de la elfa Tal\u00eda","og_description":"&nbsp; Ah, el primer d\u00eda del campamento de esqu\u00ed en Verbier. El aire est\u00e1 fresco, las monta\u00f1as espolvoreadas de nieve fresca y el campamento ha abierto por fin sus puertas...","og_url":"https:\/\/www.leselfes.com\/es\/domingo-22-de-diciembre-primer-dia-en-las-pistas-de-la-elfa-talia\/","og_site_name":"Les Elfes International Camps Switzerland","article_publisher":"https:\/\/www.facebook.com\/LesElfesVerbier","article_published_time":"2025-01-07T08:22:35+00:00","article_modified_time":"2025-01-07T08:24:28+00:00","og_image":[{"width":591,"height":555,"url":"https:\/\/www.leselfes.com\/wp-content\/uploads\/2022\/02\/Les-Elfes-International-summer-camp-Switzerland-Staff-Mobile-591x555-1.jpg","type":"image\/jpeg"}],"author":"Matthieu Perard","twitter_card":"summary_large_image","twitter_creator":"@LesElfesCamps","twitter_site":"@LesElfesCamps","twitter_misc":{"Escrito por":"Matthieu Perard","Tiempo de lectura":"2 minutos"},"schema":{"@context":"https:\/\/schema.org","@graph":[{"@type":"Article","@id":"https:\/\/www.leselfes.com\/es\/domingo-22-de-diciembre-primer-dia-en-las-pistas-de-la-elfa-talia\/#article","isPartOf":{"@id":"https:\/\/www.leselfes.com\/es\/domingo-22-de-diciembre-primer-dia-en-las-pistas-de-la-elfa-talia\/"},"author":{"name":"Matthieu Perard","@id":"https:\/\/dev.leselfes.com\/#\/schema\/person\/7ac5f99a7f3c597105fe663a00bdf6d6"},"headline":"Domingo 22 de diciembre- Primer d\u00eda en las pistas de la elfa Tal\u00eda","datePublished":"2025-01-07T08:22:35+00:00","dateModified":"2025-01-07T08:24:28+00:00","mainEntityOfPage":{"@id":"https:\/\/www.leselfes.com\/es\/domingo-22-de-diciembre-primer-dia-en-las-pistas-de-la-elfa-talia\/"},"wordCount":404,"publisher":{"@id":"https:\/\/dev.leselfes.com\/#organization"},"inLanguage":"es"},{"@type":"WebPage","@id":"https:\/\/www.leselfes.com\/es\/domingo-22-de-diciembre-primer-dia-en-las-pistas-de-la-elfa-talia\/","url":"https:\/\/www.leselfes.com\/es\/domingo-22-de-diciembre-primer-dia-en-las-pistas-de-la-elfa-talia\/","name":"Domingo 22 de diciembre- Primer d\u00eda en las pistas de la elfa Tal\u00eda - Les Elfes International Camps Switzerland","isPartOf":{"@id":"https:\/\/dev.leselfes.com\/#website"},"datePublished":"2025-01-07T08:22:35+00:00","dateModified":"2025-01-07T08:24:28+00:00","breadcrumb":{"@id":"https:\/\/www.leselfes.com\/es\/domingo-22-de-diciembre-primer-dia-en-las-pistas-de-la-elfa-talia\/#breadcrumb"},"inLanguage":"es","potentialAction":[{"@type":"ReadAction","target":["https:\/\/www.leselfes.com\/es\/domingo-22-de-diciembre-primer-dia-en-las-pistas-de-la-elfa-talia\/"]}]},{"@type":"BreadcrumbList","@id":"https:\/\/www.leselfes.com\/es\/domingo-22-de-diciembre-primer-dia-en-las-pistas-de-la-elfa-talia\/#breadcrumb","itemListElement":[{"@type":"ListItem","position":1,"name":"Home","item":"https:\/\/www.leselfes.com\/es\/inicio\/"},{"@type":"ListItem","position":2,"name":"Domingo 22 de diciembre- Primer d\u00eda en las pistas de la elfa Tal\u00eda"}]},{"@type":"WebSite","@id":"https:\/\/dev.leselfes.com\/#website","url":"https:\/\/dev.leselfes.com\/","name":"Les Elfes International","description":"Les Elfes International, Verbier Switzerland. Summer Camp, Winter Camp, Spring Camps.","publisher":{"@id":"https:\/\/dev.leselfes.com\/#organization"},"alternateName":"Les Elfes International","potentialAction":[{"@type":"SearchAction","target":{"@type":"EntryPoint","urlTemplate":"https:\/\/dev.leselfes.com\/?s={search_term_string}"},"query-input":{"@type":"PropertyValueSpecification","valueRequired":true,"valueName":"search_term_string"}}],"inLanguage":"es"},{"@type":"Organization","@id":"https:\/\/dev.leselfes.com\/#organization","name":"Les Elfes International","alternateName":"Les Elfes International","url":"https:\/\/dev.leselfes.com\/","logo":{"@type":"ImageObject","inLanguage":"es","@id":"https:\/\/dev.leselfes.com\/#\/schema\/logo\/image\/","url":"https:\/\/www.leselfes.com\/wp-content\/uploads\/2022\/03\/leselfes-logo.png","contentUrl":"https:\/\/www.leselfes.com\/wp-content\/uploads\/2022\/03\/leselfes-logo.png","width":233,"height":51,"caption":"Les Elfes International"},"image":{"@id":"https:\/\/dev.leselfes.com\/#\/schema\/logo\/image\/"},"sameAs":["https:\/\/www.facebook.com\/LesElfesVerbier","https:\/\/x.com\/LesElfesCamps","https:\/\/www.instagram.com\/leselfes","https:\/\/www.linkedin.com\/company\/les-elfes-international","https:\/\/www.youtube.com\/user\/LesElfesVerbier"]},{"@type":"Person","@id":"https:\/\/dev.leselfes.com\/#\/schema\/person\/7ac5f99a7f3c597105fe663a00bdf6d6","name":"Matthieu Perard","image":{"@type":"ImageObject","inLanguage":"es","@id":"https:\/\/dev.leselfes.com\/#\/schema\/person\/image\/","url":"https:\/\/secure.gravatar.com\/avatar\/e368f5bd153d15a1ff42a4c64a46d1ef?s=96&d=mm&r=g","contentUrl":"https:\/\/secure.gravatar.com\/avatar\/e368f5bd153d15a1ff42a4c64a46d1ef?s=96&d=mm&r=g","caption":"Matthieu Perard"},"url":"https:\/\/www.leselfes.com\/es\/author\/m-pierardnotostudio-ch\/"}]}},"_links":{"self":[{"href":"https:\/\/www.leselfes.com\/es\/wp-json\/wp\/v2\/posts\/96321"}],"collection":[{"href":"https:\/\/www.leselfes.com\/es\/wp-json\/wp\/v2\/posts"}],"about":[{"href":"https:\/\/www.leselfes.com\/es\/wp-json\/wp\/v2\/types\/post"}],"author":[{"embeddable":true,"href":"https:\/\/www.leselfes.com\/es\/wp-json\/wp\/v2\/users\/16"}],"replies":[{"embeddable":true,"href":"https:\/\/www.leselfes.com\/es\/wp-json\/wp\/v2\/comments?post=96321"}],"version-history":[{"count":0,"href":"https:\/\/www.leselfes.com\/es\/wp-json\/wp\/v2\/posts\/96321\/revisions"}],"wp:attachment":[{"href":"https:\/\/www.leselfes.com\/es\/wp-json\/wp\/v2\/media?parent=96321"}],"wp:term":[{"taxonomy":"category","embeddable":true,"href":"https:\/\/www.leselfes.com\/es\/wp-json\/wp\/v2\/categories?post=96321"},{"taxonomy":"post_tag","embeddable":true,"href":"https:\/\/www.leselfes.com\/es\/wp-json\/wp\/v2\/tags?post=96321"}],"curies":[{"name":"wp","href":"https:\/\/api.w.org\/{rel}","templated":true}]}}