{"id":96341,"date":"2025-01-07T09:23:15","date_gmt":"2025-01-07T08:23:15","guid":{"rendered":"https:\/\/www.leselfes.com\/miercoles-25-de-diciembre-otro-dia-soleado-en-verbier\/"},"modified":"2025-01-07T09:25:49","modified_gmt":"2025-01-07T08:25:49","slug":"miercoles-25-de-diciembre-otro-dia-soleado-en-verbier","status":"publish","type":"post","link":"https:\/\/www.leselfes.com\/es\/miercoles-25-de-diciembre-otro-dia-soleado-en-verbier\/","title":{"rendered":"Mi\u00e9rcoles 25 de diciembre- Otro d\u00eda soleado en Verbier"},"content":{"rendered":"<p style=\"text-align: left;\">\u00a1Menudo d\u00eda! Hab\u00eda sol, la nieve era perfecta y las pistas nos llamaban. Empezamos con una ma\u00f1ana de esqu\u00ed, corriendo monta\u00f1a abajo como si tuvi\u00e9ramos cohetes atados a los esqu\u00eds. Algunos de los ni\u00f1os le estaban cogiendo el tranquillo, mientras que otros eran m\u00e1s&#8230; creativos en su aproximaci\u00f3n (muchas ca\u00eddas impresionantes, pero oye, todo forma parte de la diversi\u00f3n).   <\/p>\n<p style=\"text-align: left;\">Despu\u00e9s de comer, volvimos a las pistas, porque \u00bfqui\u00e9n pod\u00eda resistirse? A estas alturas, todo el mundo estaba animado, dando vueltas y probando trucos nuevos. Hoy no ha habido grandes accidentes, aunque s\u00ed he presenciado algunas ca\u00eddas \u00e9picas.  <\/p>\n<p style=\"text-align: left;\">De vuelta al campamento, algunos chavales fueron al polideportivo (demasiada energ\u00eda), mientras que el resto nos aventuramos a ir a la ciudad de compras y, por supuesto, al legendario bar de batidos. No s\u00e9 a qui\u00e9n se le ocurri\u00f3 la idea de los batidos despu\u00e9s de esquiar, pero se merece una medalla. <\/p>\n<p style=\"text-align: left;\">Terminamos el d\u00eda con un carnaval. Todo el mundo se present\u00f3 con sus disfraces m\u00e1s salvajes: piratas, animales, superh\u00e9roes. Fue como Halloween, pero con m\u00e1s nieve y menos calabazas. La m\u00fasica, el baile y las risas duraron horas.   <\/p>\n<p style=\"text-align: left;\">Ahora estoy a punto de estrellarme, pero ma\u00f1ana promete a\u00fan m\u00e1s diversi\u00f3n. Con un poco de suerte, \u00a1conseguir\u00e9 mantenerme erguido todo el d\u00eda! <\/p>\n","protected":false},"excerpt":{"rendered":"<p>\u00a1Menudo d\u00eda! Hab\u00eda sol, la nieve era perfecta y las pistas nos llamaban. Empezamos con una ma\u00f1ana de esqu\u00ed, corriendo monta\u00f1a abajo como si tuvi\u00e9ramos cohetes atados a los esqu\u00eds&#8230;.<\/p>\n","protected":false},"author":16,"featured_media":0,"comment_status":"closed","ping_status":"open","sticky":false,"template":"","format":"standard","meta":{"_acf_changed":false,"inline_featured_image":false,"footnotes":""},"categories":[],"tags":[],"class_list":["post-96341","post","type-post","status-publish","format-standard"],"acf":[],"yoast_head":"<!-- This site is optimized with the Yoast SEO Premium plugin v24.2 (Yoast SEO v24.7) - https:\/\/yoast.com\/wordpress\/plugins\/seo\/ -->\n<title>Mi\u00e9rcoles 25 de diciembre- Otro d\u00eda soleado en Verbier - Les Elfes International Camps Switzerland<\/title>\n<meta name=\"robots\" content=\"index, follow, max-snippet:-1, max-image-preview:large, max-video-preview:-1\" \/>\n<link rel=\"canonical\" href=\"https:\/\/www.leselfes.com\/es\/miercoles-25-de-diciembre-otro-dia-soleado-en-verbier\/\" \/>\n<meta property=\"og:locale\" content=\"es_ES\" \/>\n<meta property=\"og:type\" content=\"article\" \/>\n<meta property=\"og:title\" content=\"Mi\u00e9rcoles 25 de diciembre- Otro d\u00eda soleado en Verbier\" \/>\n<meta property=\"og:description\" content=\"\u00a1Menudo d\u00eda! Hab\u00eda sol, la nieve era perfecta y las pistas nos llamaban. Empezamos con una ma\u00f1ana de esqu\u00ed, corriendo monta\u00f1a abajo como si tuvi\u00e9ramos cohetes atados a los esqu\u00eds....\" \/>\n<meta property=\"og:url\" content=\"https:\/\/www.leselfes.com\/es\/miercoles-25-de-diciembre-otro-dia-soleado-en-verbier\/\" \/>\n<meta property=\"og:site_name\" content=\"Les Elfes International Camps Switzerland\" \/>\n<meta property=\"article:publisher\" content=\"https:\/\/www.facebook.com\/LesElfesVerbier\" \/>\n<meta property=\"article:published_time\" content=\"2025-01-07T08:23:15+00:00\" \/>\n<meta property=\"article:modified_time\" content=\"2025-01-07T08:25:49+00:00\" \/>\n<meta property=\"og:image\" content=\"https:\/\/www.leselfes.com\/wp-content\/uploads\/2022\/02\/Les-Elfes-International-summer-camp-Switzerland-Staff-Mobile-591x555-1.jpg\" \/>\n\t<meta property=\"og:image:width\" content=\"591\" \/>\n\t<meta property=\"og:image:height\" content=\"555\" \/>\n\t<meta property=\"og:image:type\" content=\"image\/jpeg\" \/>\n<meta name=\"author\" content=\"Matthieu Perard\" \/>\n<meta name=\"twitter:card\" content=\"summary_large_image\" \/>\n<meta name=\"twitter:creator\" content=\"@LesElfesCamps\" \/>\n<meta name=\"twitter:site\" content=\"@LesElfesCamps\" \/>\n<meta name=\"twitter:label1\" content=\"Escrito por\" \/>\n\t<meta name=\"twitter:data1\" content=\"Matthieu Perard\" \/>\n\t<meta name=\"twitter:label2\" content=\"Tiempo de lectura\" \/>\n\t<meta name=\"twitter:data2\" content=\"1 minuto\" \/>\n<script type=\"application\/ld+json\" class=\"yoast-schema-graph\">{\"@context\":\"https:\/\/schema.org\",\"@graph\":[{\"@type\":\"Article\",\"@id\":\"https:\/\/www.leselfes.com\/es\/miercoles-25-de-diciembre-otro-dia-soleado-en-verbier\/#article\",\"isPartOf\":{\"@id\":\"https:\/\/www.leselfes.com\/es\/miercoles-25-de-diciembre-otro-dia-soleado-en-verbier\/\"},\"author\":{\"name\":\"Matthieu Perard\",\"@id\":\"https:\/\/dev.leselfes.com\/#\/schema\/person\/7ac5f99a7f3c597105fe663a00bdf6d6\"},\"headline\":\"Mi\u00e9rcoles 25 de diciembre- Otro d\u00eda soleado en Verbier\",\"datePublished\":\"2025-01-07T08:23:15+00:00\",\"dateModified\":\"2025-01-07T08:25:49+00:00\",\"mainEntityOfPage\":{\"@id\":\"https:\/\/www.leselfes.com\/es\/miercoles-25-de-diciembre-otro-dia-soleado-en-verbier\/\"},\"wordCount\":248,\"publisher\":{\"@id\":\"https:\/\/dev.leselfes.com\/#organization\"},\"inLanguage\":\"es\"},{\"@type\":\"WebPage\",\"@id\":\"https:\/\/www.leselfes.com\/es\/miercoles-25-de-diciembre-otro-dia-soleado-en-verbier\/\",\"url\":\"https:\/\/www.leselfes.com\/es\/miercoles-25-de-diciembre-otro-dia-soleado-en-verbier\/\",\"name\":\"Mi\u00e9rcoles 25 de diciembre- Otro d\u00eda soleado en Verbier - Les Elfes International Camps Switzerland\",\"isPartOf\":{\"@id\":\"https:\/\/dev.leselfes.com\/#website\"},\"datePublished\":\"2025-01-07T08:23:15+00:00\",\"dateModified\":\"2025-01-07T08:25:49+00:00\",\"breadcrumb\":{\"@id\":\"https:\/\/www.leselfes.com\/es\/miercoles-25-de-diciembre-otro-dia-soleado-en-verbier\/#breadcrumb\"},\"inLanguage\":\"es\",\"potentialAction\":[{\"@type\":\"ReadAction\",\"target\":[\"https:\/\/www.leselfes.com\/es\/miercoles-25-de-diciembre-otro-dia-soleado-en-verbier\/\"]}]},{\"@type\":\"BreadcrumbList\",\"@id\":\"https:\/\/www.leselfes.com\/es\/miercoles-25-de-diciembre-otro-dia-soleado-en-verbier\/#breadcrumb\",\"itemListElement\":[{\"@type\":\"ListItem\",\"position\":1,\"name\":\"Home\",\"item\":\"https:\/\/www.leselfes.com\/es\/inicio\/\"},{\"@type\":\"ListItem\",\"position\":2,\"name\":\"Mi\u00e9rcoles 25 de diciembre- Otro d\u00eda soleado en Verbier\"}]},{\"@type\":\"WebSite\",\"@id\":\"https:\/\/dev.leselfes.com\/#website\",\"url\":\"https:\/\/dev.leselfes.com\/\",\"name\":\"Les Elfes International\",\"description\":\"Les Elfes International, Verbier Switzerland. Summer Camp, Winter Camp, Spring Camps.\",\"publisher\":{\"@id\":\"https:\/\/dev.leselfes.com\/#organization\"},\"alternateName\":\"Les Elfes International\",\"potentialAction\":[{\"@type\":\"SearchAction\",\"target\":{\"@type\":\"EntryPoint\",\"urlTemplate\":\"https:\/\/dev.leselfes.com\/?s={search_term_string}\"},\"query-input\":{\"@type\":\"PropertyValueSpecification\",\"valueRequired\":true,\"valueName\":\"search_term_string\"}}],\"inLanguage\":\"es\"},{\"@type\":\"Organization\",\"@id\":\"https:\/\/dev.leselfes.com\/#organization\",\"name\":\"Les Elfes International\",\"alternateName\":\"Les Elfes International\",\"url\":\"https:\/\/dev.leselfes.com\/\",\"logo\":{\"@type\":\"ImageObject\",\"inLanguage\":\"es\",\"@id\":\"https:\/\/dev.leselfes.com\/#\/schema\/logo\/image\/\",\"url\":\"https:\/\/www.leselfes.com\/wp-content\/uploads\/2022\/03\/leselfes-logo.png\",\"contentUrl\":\"https:\/\/www.leselfes.com\/wp-content\/uploads\/2022\/03\/leselfes-logo.png\",\"width\":233,\"height\":51,\"caption\":\"Les Elfes International\"},\"image\":{\"@id\":\"https:\/\/dev.leselfes.com\/#\/schema\/logo\/image\/\"},\"sameAs\":[\"https:\/\/www.facebook.com\/LesElfesVerbier\",\"https:\/\/x.com\/LesElfesCamps\",\"https:\/\/www.instagram.com\/leselfes\",\"https:\/\/www.linkedin.com\/company\/les-elfes-international\",\"https:\/\/www.youtube.com\/user\/LesElfesVerbier\"]},{\"@type\":\"Person\",\"@id\":\"https:\/\/dev.leselfes.com\/#\/schema\/person\/7ac5f99a7f3c597105fe663a00bdf6d6\",\"name\":\"Matthieu Perard\",\"image\":{\"@type\":\"ImageObject\",\"inLanguage\":\"es\",\"@id\":\"https:\/\/dev.leselfes.com\/#\/schema\/person\/image\/\",\"url\":\"https:\/\/secure.gravatar.com\/avatar\/e368f5bd153d15a1ff42a4c64a46d1ef?s=96&d=mm&r=g\",\"contentUrl\":\"https:\/\/secure.gravatar.com\/avatar\/e368f5bd153d15a1ff42a4c64a46d1ef?s=96&d=mm&r=g\",\"caption\":\"Matthieu Perard\"},\"url\":\"https:\/\/www.leselfes.com\/es\/author\/m-pierardnotostudio-ch\/\"}]}<\/script>\n<!-- \/ Yoast SEO Premium plugin. -->","yoast_head_json":{"title":"Mi\u00e9rcoles 25 de diciembre- Otro d\u00eda soleado en Verbier - Les Elfes International Camps Switzerland","robots":{"index":"index","follow":"follow","max-snippet":"max-snippet:-1","max-image-preview":"max-image-preview:large","max-video-preview":"max-video-preview:-1"},"canonical":"https:\/\/www.leselfes.com\/es\/miercoles-25-de-diciembre-otro-dia-soleado-en-verbier\/","og_locale":"es_ES","og_type":"article","og_title":"Mi\u00e9rcoles 25 de diciembre- Otro d\u00eda soleado en Verbier","og_description":"\u00a1Menudo d\u00eda! Hab\u00eda sol, la nieve era perfecta y las pistas nos llamaban. Empezamos con una ma\u00f1ana de esqu\u00ed, corriendo monta\u00f1a abajo como si tuvi\u00e9ramos cohetes atados a los esqu\u00eds....","og_url":"https:\/\/www.leselfes.com\/es\/miercoles-25-de-diciembre-otro-dia-soleado-en-verbier\/","og_site_name":"Les Elfes International Camps Switzerland","article_publisher":"https:\/\/www.facebook.com\/LesElfesVerbier","article_published_time":"2025-01-07T08:23:15+00:00","article_modified_time":"2025-01-07T08:25:49+00:00","og_image":[{"width":591,"height":555,"url":"https:\/\/www.leselfes.com\/wp-content\/uploads\/2022\/02\/Les-Elfes-International-summer-camp-Switzerland-Staff-Mobile-591x555-1.jpg","type":"image\/jpeg"}],"author":"Matthieu Perard","twitter_card":"summary_large_image","twitter_creator":"@LesElfesCamps","twitter_site":"@LesElfesCamps","twitter_misc":{"Escrito por":"Matthieu Perard","Tiempo de lectura":"1 minuto"},"schema":{"@context":"https:\/\/schema.org","@graph":[{"@type":"Article","@id":"https:\/\/www.leselfes.com\/es\/miercoles-25-de-diciembre-otro-dia-soleado-en-verbier\/#article","isPartOf":{"@id":"https:\/\/www.leselfes.com\/es\/miercoles-25-de-diciembre-otro-dia-soleado-en-verbier\/"},"author":{"name":"Matthieu Perard","@id":"https:\/\/dev.leselfes.com\/#\/schema\/person\/7ac5f99a7f3c597105fe663a00bdf6d6"},"headline":"Mi\u00e9rcoles 25 de diciembre- Otro d\u00eda soleado en Verbier","datePublished":"2025-01-07T08:23:15+00:00","dateModified":"2025-01-07T08:25:49+00:00","mainEntityOfPage":{"@id":"https:\/\/www.leselfes.com\/es\/miercoles-25-de-diciembre-otro-dia-soleado-en-verbier\/"},"wordCount":248,"publisher":{"@id":"https:\/\/dev.leselfes.com\/#organization"},"inLanguage":"es"},{"@type":"WebPage","@id":"https:\/\/www.leselfes.com\/es\/miercoles-25-de-diciembre-otro-dia-soleado-en-verbier\/","url":"https:\/\/www.leselfes.com\/es\/miercoles-25-de-diciembre-otro-dia-soleado-en-verbier\/","name":"Mi\u00e9rcoles 25 de diciembre- Otro d\u00eda soleado en Verbier - Les Elfes International Camps Switzerland","isPartOf":{"@id":"https:\/\/dev.leselfes.com\/#website"},"datePublished":"2025-01-07T08:23:15+00:00","dateModified":"2025-01-07T08:25:49+00:00","breadcrumb":{"@id":"https:\/\/www.leselfes.com\/es\/miercoles-25-de-diciembre-otro-dia-soleado-en-verbier\/#breadcrumb"},"inLanguage":"es","potentialAction":[{"@type":"ReadAction","target":["https:\/\/www.leselfes.com\/es\/miercoles-25-de-diciembre-otro-dia-soleado-en-verbier\/"]}]},{"@type":"BreadcrumbList","@id":"https:\/\/www.leselfes.com\/es\/miercoles-25-de-diciembre-otro-dia-soleado-en-verbier\/#breadcrumb","itemListElement":[{"@type":"ListItem","position":1,"name":"Home","item":"https:\/\/www.leselfes.com\/es\/inicio\/"},{"@type":"ListItem","position":2,"name":"Mi\u00e9rcoles 25 de diciembre- Otro d\u00eda soleado en Verbier"}]},{"@type":"WebSite","@id":"https:\/\/dev.leselfes.com\/#website","url":"https:\/\/dev.leselfes.com\/","name":"Les Elfes International","description":"Les Elfes International, Verbier Switzerland. Summer Camp, Winter Camp, Spring Camps.","publisher":{"@id":"https:\/\/dev.leselfes.com\/#organization"},"alternateName":"Les Elfes International","potentialAction":[{"@type":"SearchAction","target":{"@type":"EntryPoint","urlTemplate":"https:\/\/dev.leselfes.com\/?s={search_term_string}"},"query-input":{"@type":"PropertyValueSpecification","valueRequired":true,"valueName":"search_term_string"}}],"inLanguage":"es"},{"@type":"Organization","@id":"https:\/\/dev.leselfes.com\/#organization","name":"Les Elfes International","alternateName":"Les Elfes International","url":"https:\/\/dev.leselfes.com\/","logo":{"@type":"ImageObject","inLanguage":"es","@id":"https:\/\/dev.leselfes.com\/#\/schema\/logo\/image\/","url":"https:\/\/www.leselfes.com\/wp-content\/uploads\/2022\/03\/leselfes-logo.png","contentUrl":"https:\/\/www.leselfes.com\/wp-content\/uploads\/2022\/03\/leselfes-logo.png","width":233,"height":51,"caption":"Les Elfes International"},"image":{"@id":"https:\/\/dev.leselfes.com\/#\/schema\/logo\/image\/"},"sameAs":["https:\/\/www.facebook.com\/LesElfesVerbier","https:\/\/x.com\/LesElfesCamps","https:\/\/www.instagram.com\/leselfes","https:\/\/www.linkedin.com\/company\/les-elfes-international","https:\/\/www.youtube.com\/user\/LesElfesVerbier"]},{"@type":"Person","@id":"https:\/\/dev.leselfes.com\/#\/schema\/person\/7ac5f99a7f3c597105fe663a00bdf6d6","name":"Matthieu Perard","image":{"@type":"ImageObject","inLanguage":"es","@id":"https:\/\/dev.leselfes.com\/#\/schema\/person\/image\/","url":"https:\/\/secure.gravatar.com\/avatar\/e368f5bd153d15a1ff42a4c64a46d1ef?s=96&d=mm&r=g","contentUrl":"https:\/\/secure.gravatar.com\/avatar\/e368f5bd153d15a1ff42a4c64a46d1ef?s=96&d=mm&r=g","caption":"Matthieu Perard"},"url":"https:\/\/www.leselfes.com\/es\/author\/m-pierardnotostudio-ch\/"}]}},"_links":{"self":[{"href":"https:\/\/www.leselfes.com\/es\/wp-json\/wp\/v2\/posts\/96341"}],"collection":[{"href":"https:\/\/www.leselfes.com\/es\/wp-json\/wp\/v2\/posts"}],"about":[{"href":"https:\/\/www.leselfes.com\/es\/wp-json\/wp\/v2\/types\/post"}],"author":[{"embeddable":true,"href":"https:\/\/www.leselfes.com\/es\/wp-json\/wp\/v2\/users\/16"}],"replies":[{"embeddable":true,"href":"https:\/\/www.leselfes.com\/es\/wp-json\/wp\/v2\/comments?post=96341"}],"version-history":[{"count":0,"href":"https:\/\/www.leselfes.com\/es\/wp-json\/wp\/v2\/posts\/96341\/revisions"}],"wp:attachment":[{"href":"https:\/\/www.leselfes.com\/es\/wp-json\/wp\/v2\/media?parent=96341"}],"wp:term":[{"taxonomy":"category","embeddable":true,"href":"https:\/\/www.leselfes.com\/es\/wp-json\/wp\/v2\/categories?post=96341"},{"taxonomy":"post_tag","embeddable":true,"href":"https:\/\/www.leselfes.com\/es\/wp-json\/wp\/v2\/tags?post=96341"}],"curies":[{"name":"wp","href":"https:\/\/api.w.org\/{rel}","templated":true}]}}