{"id":96393,"date":"2025-01-07T09:26:52","date_gmt":"2025-01-07T08:26:52","guid":{"rendered":"https:\/\/www.leselfes.com\/lunes-30-de-diciembre-nieve-esqui-y-algunas-risas-serias\/"},"modified":"2025-01-07T09:28:07","modified_gmt":"2025-01-07T08:28:07","slug":"lunes-30-de-diciembre-nieve-esqui-y-algunas-risas-serias","status":"publish","type":"post","link":"https:\/\/www.leselfes.com\/es\/lunes-30-de-diciembre-nieve-esqui-y-algunas-risas-serias\/","title":{"rendered":"Lunes 30 de diciembre- Nieve, esqu\u00ed y algunas risas serias"},"content":{"rendered":"<p>&nbsp;<\/p>\n<p>\u00a1Hoy ha sido otro d\u00eda m\u00e1gico en el campamento de esqu\u00ed! El sol brillaba sobre las pistas nevadas de Verbier, y los ni\u00f1os estaban entusiasmados. Despu\u00e9s de desayunar, salieron a esquiar, \u00a1Qu\u00e9 d\u00eda! Sali\u00f3 el sol, las pistas eran perfectas y los ni\u00f1os estaban listos para la acci\u00f3n. Tras un copioso desayuno (en serio, la boller\u00eda suiza est\u00e1 buen\u00edsima), se abrigaron y se lanzaron a la monta\u00f1a. Algunos esquiaron como profesionales, mientras que otros pasaron m\u00e1s tiempo en la nieve que sobre los esqu\u00eds. Vi a un ni\u00f1o caerse tan dram\u00e1ticamente que pens\u00e9 que iba a empezar a hacer \u00e1ngeles de nieve a prop\u00f3sito. Para comer, hicieron una pausa en un restaurante junto a la pista, comieron bocadillos y charlaron sobre sus carreras de la ma\u00f1ana. Despu\u00e9s, volvieron a salir para esquiar unas cuantas horas m\u00e1s. La energ\u00eda era alta, \u00a1y la carrera hacia el fondo estaba en marcha! Por la tarde, el grupo se dividi\u00f3. Algunos fueron a la pista de patinaje sobre hielo para poner a prueba su destreza (puede que algunos quieran seguir esquiando), mientras que otros fueron a la ciudad de compras. Un ni\u00f1o compr\u00f3 una bola de nieve que debi\u00f3 pesar m\u00e1s que su mochila. Algunos campistas asistieron a clases de idiomas, probando el franc\u00e9s y el alem\u00e1n con mayor o menor \u00e9xito. Despu\u00e9s de una copiosa cena, todos se reunieron en el polideportivo para divertirse y jugar para terminar el d\u00eda. Los vi corretear, re\u00edr y bromear; la verdad es que estuve tentada de participar, pero se me da mucho mejor ser sigilosa que competitiva. Otro d\u00eda divertido en las monta\u00f1as. Estoy impaciente por ver qu\u00e9 nos depara el d\u00eda de ma\u00f1ana. Hasta entonces,  <\/p>\n<p><strong>Tal\u00eda la Elfa<\/strong><\/p>\n","protected":false},"excerpt":{"rendered":"<p>&nbsp; \u00a1Hoy ha sido otro d\u00eda m\u00e1gico en el campamento de esqu\u00ed! El sol brillaba sobre las pistas nevadas de Verbier, y los ni\u00f1os estaban entusiasmados. Despu\u00e9s de desayunar, salieron&#8230;<\/p>\n","protected":false},"author":16,"featured_media":0,"comment_status":"closed","ping_status":"open","sticky":false,"template":"","format":"standard","meta":{"_acf_changed":false,"inline_featured_image":false,"footnotes":""},"categories":[],"tags":[],"class_list":["post-96393","post","type-post","status-publish","format-standard"],"acf":[],"yoast_head":"<!-- This site is optimized with the Yoast SEO Premium plugin v24.2 (Yoast SEO v24.7) - https:\/\/yoast.com\/wordpress\/plugins\/seo\/ -->\n<title>Lunes 30 de diciembre- Nieve, esqu\u00ed y algunas risas serias - Les Elfes International Camps Switzerland<\/title>\n<meta name=\"robots\" content=\"index, follow, max-snippet:-1, max-image-preview:large, max-video-preview:-1\" \/>\n<link rel=\"canonical\" href=\"https:\/\/www.leselfes.com\/es\/lunes-30-de-diciembre-nieve-esqui-y-algunas-risas-serias\/\" \/>\n<meta property=\"og:locale\" content=\"es_ES\" \/>\n<meta property=\"og:type\" content=\"article\" \/>\n<meta property=\"og:title\" content=\"Lunes 30 de diciembre- Nieve, esqu\u00ed y algunas risas serias\" \/>\n<meta property=\"og:description\" content=\"&nbsp; \u00a1Hoy ha sido otro d\u00eda m\u00e1gico en el campamento de esqu\u00ed! El sol brillaba sobre las pistas nevadas de Verbier, y los ni\u00f1os estaban entusiasmados. Despu\u00e9s de desayunar, salieron...\" \/>\n<meta property=\"og:url\" content=\"https:\/\/www.leselfes.com\/es\/lunes-30-de-diciembre-nieve-esqui-y-algunas-risas-serias\/\" \/>\n<meta property=\"og:site_name\" content=\"Les Elfes International Camps Switzerland\" \/>\n<meta property=\"article:publisher\" content=\"https:\/\/www.facebook.com\/LesElfesVerbier\" \/>\n<meta property=\"article:published_time\" content=\"2025-01-07T08:26:52+00:00\" \/>\n<meta property=\"article:modified_time\" content=\"2025-01-07T08:28:07+00:00\" \/>\n<meta property=\"og:image\" content=\"https:\/\/www.leselfes.com\/wp-content\/uploads\/2022\/02\/Les-Elfes-International-summer-camp-Switzerland-Staff-Mobile-591x555-1.jpg\" \/>\n\t<meta property=\"og:image:width\" content=\"591\" \/>\n\t<meta property=\"og:image:height\" content=\"555\" \/>\n\t<meta property=\"og:image:type\" content=\"image\/jpeg\" \/>\n<meta name=\"author\" content=\"Matthieu Perard\" \/>\n<meta name=\"twitter:card\" content=\"summary_large_image\" \/>\n<meta name=\"twitter:creator\" content=\"@LesElfesCamps\" \/>\n<meta name=\"twitter:site\" content=\"@LesElfesCamps\" \/>\n<meta name=\"twitter:label1\" content=\"Escrito por\" \/>\n\t<meta name=\"twitter:data1\" content=\"Matthieu Perard\" \/>\n\t<meta name=\"twitter:label2\" content=\"Tiempo de lectura\" \/>\n\t<meta name=\"twitter:data2\" content=\"2 minutos\" \/>\n<script type=\"application\/ld+json\" class=\"yoast-schema-graph\">{\"@context\":\"https:\/\/schema.org\",\"@graph\":[{\"@type\":\"Article\",\"@id\":\"https:\/\/www.leselfes.com\/es\/lunes-30-de-diciembre-nieve-esqui-y-algunas-risas-serias\/#article\",\"isPartOf\":{\"@id\":\"https:\/\/www.leselfes.com\/es\/lunes-30-de-diciembre-nieve-esqui-y-algunas-risas-serias\/\"},\"author\":{\"name\":\"Matthieu Perard\",\"@id\":\"https:\/\/dev.leselfes.com\/#\/schema\/person\/7ac5f99a7f3c597105fe663a00bdf6d6\"},\"headline\":\"Lunes 30 de diciembre- Nieve, esqu\u00ed y algunas risas serias\",\"datePublished\":\"2025-01-07T08:26:52+00:00\",\"dateModified\":\"2025-01-07T08:28:07+00:00\",\"mainEntityOfPage\":{\"@id\":\"https:\/\/www.leselfes.com\/es\/lunes-30-de-diciembre-nieve-esqui-y-algunas-risas-serias\/\"},\"wordCount\":324,\"publisher\":{\"@id\":\"https:\/\/dev.leselfes.com\/#organization\"},\"inLanguage\":\"es\"},{\"@type\":\"WebPage\",\"@id\":\"https:\/\/www.leselfes.com\/es\/lunes-30-de-diciembre-nieve-esqui-y-algunas-risas-serias\/\",\"url\":\"https:\/\/www.leselfes.com\/es\/lunes-30-de-diciembre-nieve-esqui-y-algunas-risas-serias\/\",\"name\":\"Lunes 30 de diciembre- Nieve, esqu\u00ed y algunas risas serias - Les Elfes International Camps Switzerland\",\"isPartOf\":{\"@id\":\"https:\/\/dev.leselfes.com\/#website\"},\"datePublished\":\"2025-01-07T08:26:52+00:00\",\"dateModified\":\"2025-01-07T08:28:07+00:00\",\"breadcrumb\":{\"@id\":\"https:\/\/www.leselfes.com\/es\/lunes-30-de-diciembre-nieve-esqui-y-algunas-risas-serias\/#breadcrumb\"},\"inLanguage\":\"es\",\"potentialAction\":[{\"@type\":\"ReadAction\",\"target\":[\"https:\/\/www.leselfes.com\/es\/lunes-30-de-diciembre-nieve-esqui-y-algunas-risas-serias\/\"]}]},{\"@type\":\"BreadcrumbList\",\"@id\":\"https:\/\/www.leselfes.com\/es\/lunes-30-de-diciembre-nieve-esqui-y-algunas-risas-serias\/#breadcrumb\",\"itemListElement\":[{\"@type\":\"ListItem\",\"position\":1,\"name\":\"Home\",\"item\":\"https:\/\/www.leselfes.com\/es\/inicio\/\"},{\"@type\":\"ListItem\",\"position\":2,\"name\":\"Lunes 30 de diciembre- Nieve, esqu\u00ed y algunas risas serias\"}]},{\"@type\":\"WebSite\",\"@id\":\"https:\/\/dev.leselfes.com\/#website\",\"url\":\"https:\/\/dev.leselfes.com\/\",\"name\":\"Les Elfes International\",\"description\":\"Les Elfes International, Verbier Switzerland. Summer Camp, Winter Camp, Spring Camps.\",\"publisher\":{\"@id\":\"https:\/\/dev.leselfes.com\/#organization\"},\"alternateName\":\"Les Elfes International\",\"potentialAction\":[{\"@type\":\"SearchAction\",\"target\":{\"@type\":\"EntryPoint\",\"urlTemplate\":\"https:\/\/dev.leselfes.com\/?s={search_term_string}\"},\"query-input\":{\"@type\":\"PropertyValueSpecification\",\"valueRequired\":true,\"valueName\":\"search_term_string\"}}],\"inLanguage\":\"es\"},{\"@type\":\"Organization\",\"@id\":\"https:\/\/dev.leselfes.com\/#organization\",\"name\":\"Les Elfes International\",\"alternateName\":\"Les Elfes International\",\"url\":\"https:\/\/dev.leselfes.com\/\",\"logo\":{\"@type\":\"ImageObject\",\"inLanguage\":\"es\",\"@id\":\"https:\/\/dev.leselfes.com\/#\/schema\/logo\/image\/\",\"url\":\"https:\/\/www.leselfes.com\/wp-content\/uploads\/2022\/03\/leselfes-logo.png\",\"contentUrl\":\"https:\/\/www.leselfes.com\/wp-content\/uploads\/2022\/03\/leselfes-logo.png\",\"width\":233,\"height\":51,\"caption\":\"Les Elfes International\"},\"image\":{\"@id\":\"https:\/\/dev.leselfes.com\/#\/schema\/logo\/image\/\"},\"sameAs\":[\"https:\/\/www.facebook.com\/LesElfesVerbier\",\"https:\/\/x.com\/LesElfesCamps\",\"https:\/\/www.instagram.com\/leselfes\",\"https:\/\/www.linkedin.com\/company\/les-elfes-international\",\"https:\/\/www.youtube.com\/user\/LesElfesVerbier\"]},{\"@type\":\"Person\",\"@id\":\"https:\/\/dev.leselfes.com\/#\/schema\/person\/7ac5f99a7f3c597105fe663a00bdf6d6\",\"name\":\"Matthieu Perard\",\"image\":{\"@type\":\"ImageObject\",\"inLanguage\":\"es\",\"@id\":\"https:\/\/dev.leselfes.com\/#\/schema\/person\/image\/\",\"url\":\"https:\/\/secure.gravatar.com\/avatar\/e368f5bd153d15a1ff42a4c64a46d1ef?s=96&d=mm&r=g\",\"contentUrl\":\"https:\/\/secure.gravatar.com\/avatar\/e368f5bd153d15a1ff42a4c64a46d1ef?s=96&d=mm&r=g\",\"caption\":\"Matthieu Perard\"},\"url\":\"https:\/\/www.leselfes.com\/es\/author\/m-pierardnotostudio-ch\/\"}]}<\/script>\n<!-- \/ Yoast SEO Premium plugin. -->","yoast_head_json":{"title":"Lunes 30 de diciembre- Nieve, esqu\u00ed y algunas risas serias - Les Elfes International Camps Switzerland","robots":{"index":"index","follow":"follow","max-snippet":"max-snippet:-1","max-image-preview":"max-image-preview:large","max-video-preview":"max-video-preview:-1"},"canonical":"https:\/\/www.leselfes.com\/es\/lunes-30-de-diciembre-nieve-esqui-y-algunas-risas-serias\/","og_locale":"es_ES","og_type":"article","og_title":"Lunes 30 de diciembre- Nieve, esqu\u00ed y algunas risas serias","og_description":"&nbsp; \u00a1Hoy ha sido otro d\u00eda m\u00e1gico en el campamento de esqu\u00ed! El sol brillaba sobre las pistas nevadas de Verbier, y los ni\u00f1os estaban entusiasmados. Despu\u00e9s de desayunar, salieron...","og_url":"https:\/\/www.leselfes.com\/es\/lunes-30-de-diciembre-nieve-esqui-y-algunas-risas-serias\/","og_site_name":"Les Elfes International Camps Switzerland","article_publisher":"https:\/\/www.facebook.com\/LesElfesVerbier","article_published_time":"2025-01-07T08:26:52+00:00","article_modified_time":"2025-01-07T08:28:07+00:00","og_image":[{"width":591,"height":555,"url":"https:\/\/www.leselfes.com\/wp-content\/uploads\/2022\/02\/Les-Elfes-International-summer-camp-Switzerland-Staff-Mobile-591x555-1.jpg","type":"image\/jpeg"}],"author":"Matthieu Perard","twitter_card":"summary_large_image","twitter_creator":"@LesElfesCamps","twitter_site":"@LesElfesCamps","twitter_misc":{"Escrito por":"Matthieu Perard","Tiempo de lectura":"2 minutos"},"schema":{"@context":"https:\/\/schema.org","@graph":[{"@type":"Article","@id":"https:\/\/www.leselfes.com\/es\/lunes-30-de-diciembre-nieve-esqui-y-algunas-risas-serias\/#article","isPartOf":{"@id":"https:\/\/www.leselfes.com\/es\/lunes-30-de-diciembre-nieve-esqui-y-algunas-risas-serias\/"},"author":{"name":"Matthieu Perard","@id":"https:\/\/dev.leselfes.com\/#\/schema\/person\/7ac5f99a7f3c597105fe663a00bdf6d6"},"headline":"Lunes 30 de diciembre- Nieve, esqu\u00ed y algunas risas serias","datePublished":"2025-01-07T08:26:52+00:00","dateModified":"2025-01-07T08:28:07+00:00","mainEntityOfPage":{"@id":"https:\/\/www.leselfes.com\/es\/lunes-30-de-diciembre-nieve-esqui-y-algunas-risas-serias\/"},"wordCount":324,"publisher":{"@id":"https:\/\/dev.leselfes.com\/#organization"},"inLanguage":"es"},{"@type":"WebPage","@id":"https:\/\/www.leselfes.com\/es\/lunes-30-de-diciembre-nieve-esqui-y-algunas-risas-serias\/","url":"https:\/\/www.leselfes.com\/es\/lunes-30-de-diciembre-nieve-esqui-y-algunas-risas-serias\/","name":"Lunes 30 de diciembre- Nieve, esqu\u00ed y algunas risas serias - Les Elfes International Camps Switzerland","isPartOf":{"@id":"https:\/\/dev.leselfes.com\/#website"},"datePublished":"2025-01-07T08:26:52+00:00","dateModified":"2025-01-07T08:28:07+00:00","breadcrumb":{"@id":"https:\/\/www.leselfes.com\/es\/lunes-30-de-diciembre-nieve-esqui-y-algunas-risas-serias\/#breadcrumb"},"inLanguage":"es","potentialAction":[{"@type":"ReadAction","target":["https:\/\/www.leselfes.com\/es\/lunes-30-de-diciembre-nieve-esqui-y-algunas-risas-serias\/"]}]},{"@type":"BreadcrumbList","@id":"https:\/\/www.leselfes.com\/es\/lunes-30-de-diciembre-nieve-esqui-y-algunas-risas-serias\/#breadcrumb","itemListElement":[{"@type":"ListItem","position":1,"name":"Home","item":"https:\/\/www.leselfes.com\/es\/inicio\/"},{"@type":"ListItem","position":2,"name":"Lunes 30 de diciembre- Nieve, esqu\u00ed y algunas risas serias"}]},{"@type":"WebSite","@id":"https:\/\/dev.leselfes.com\/#website","url":"https:\/\/dev.leselfes.com\/","name":"Les Elfes International","description":"Les Elfes International, Verbier Switzerland. Summer Camp, Winter Camp, Spring Camps.","publisher":{"@id":"https:\/\/dev.leselfes.com\/#organization"},"alternateName":"Les Elfes International","potentialAction":[{"@type":"SearchAction","target":{"@type":"EntryPoint","urlTemplate":"https:\/\/dev.leselfes.com\/?s={search_term_string}"},"query-input":{"@type":"PropertyValueSpecification","valueRequired":true,"valueName":"search_term_string"}}],"inLanguage":"es"},{"@type":"Organization","@id":"https:\/\/dev.leselfes.com\/#organization","name":"Les Elfes International","alternateName":"Les Elfes International","url":"https:\/\/dev.leselfes.com\/","logo":{"@type":"ImageObject","inLanguage":"es","@id":"https:\/\/dev.leselfes.com\/#\/schema\/logo\/image\/","url":"https:\/\/www.leselfes.com\/wp-content\/uploads\/2022\/03\/leselfes-logo.png","contentUrl":"https:\/\/www.leselfes.com\/wp-content\/uploads\/2022\/03\/leselfes-logo.png","width":233,"height":51,"caption":"Les Elfes International"},"image":{"@id":"https:\/\/dev.leselfes.com\/#\/schema\/logo\/image\/"},"sameAs":["https:\/\/www.facebook.com\/LesElfesVerbier","https:\/\/x.com\/LesElfesCamps","https:\/\/www.instagram.com\/leselfes","https:\/\/www.linkedin.com\/company\/les-elfes-international","https:\/\/www.youtube.com\/user\/LesElfesVerbier"]},{"@type":"Person","@id":"https:\/\/dev.leselfes.com\/#\/schema\/person\/7ac5f99a7f3c597105fe663a00bdf6d6","name":"Matthieu Perard","image":{"@type":"ImageObject","inLanguage":"es","@id":"https:\/\/dev.leselfes.com\/#\/schema\/person\/image\/","url":"https:\/\/secure.gravatar.com\/avatar\/e368f5bd153d15a1ff42a4c64a46d1ef?s=96&d=mm&r=g","contentUrl":"https:\/\/secure.gravatar.com\/avatar\/e368f5bd153d15a1ff42a4c64a46d1ef?s=96&d=mm&r=g","caption":"Matthieu Perard"},"url":"https:\/\/www.leselfes.com\/es\/author\/m-pierardnotostudio-ch\/"}]}},"_links":{"self":[{"href":"https:\/\/www.leselfes.com\/es\/wp-json\/wp\/v2\/posts\/96393"}],"collection":[{"href":"https:\/\/www.leselfes.com\/es\/wp-json\/wp\/v2\/posts"}],"about":[{"href":"https:\/\/www.leselfes.com\/es\/wp-json\/wp\/v2\/types\/post"}],"author":[{"embeddable":true,"href":"https:\/\/www.leselfes.com\/es\/wp-json\/wp\/v2\/users\/16"}],"replies":[{"embeddable":true,"href":"https:\/\/www.leselfes.com\/es\/wp-json\/wp\/v2\/comments?post=96393"}],"version-history":[{"count":0,"href":"https:\/\/www.leselfes.com\/es\/wp-json\/wp\/v2\/posts\/96393\/revisions"}],"wp:attachment":[{"href":"https:\/\/www.leselfes.com\/es\/wp-json\/wp\/v2\/media?parent=96393"}],"wp:term":[{"taxonomy":"category","embeddable":true,"href":"https:\/\/www.leselfes.com\/es\/wp-json\/wp\/v2\/categories?post=96393"},{"taxonomy":"post_tag","embeddable":true,"href":"https:\/\/www.leselfes.com\/es\/wp-json\/wp\/v2\/tags?post=96393"}],"curies":[{"name":"wp","href":"https:\/\/api.w.org\/{rel}","templated":true}]}}