{"id":96406,"date":"2025-01-07T09:25:44","date_gmt":"2025-01-07T08:25:44","guid":{"rendered":"https:\/\/www.leselfes.com\/domingo-29-de-diciembre-comienzo-de-la-aventura-diario-de-talia-la-elfa\/"},"modified":"2025-01-07T09:28:17","modified_gmt":"2025-01-07T08:28:17","slug":"domingo-29-de-diciembre-comienzo-de-la-aventura-diario-de-talia-la-elfa","status":"publish","type":"post","link":"https:\/\/www.leselfes.com\/es\/domingo-29-de-diciembre-comienzo-de-la-aventura-diario-de-talia-la-elfa\/","title":{"rendered":"Domingo 29 de diciembre- Comienzo de la aventura- Diario de Tal\u00eda la Elfa"},"content":{"rendered":"<p>\u00a1Hoy ha sido un d\u00eda emocionante! Los ni\u00f1os de todo el mundo llegaban al campamento, y yo estaba impaciente por ver c\u00f3mo se llevaban todos. El aire era fresco y la nieve brillaba como diamantes bajo el sol invernal mientras se calzaban los esqu\u00eds y se dirig\u00edan a su primera sesi\u00f3n matinal en las pistas. El grupo era una mezcla de idiomas. Era un espect\u00e1culo encantador ver c\u00f3mo se ayudaban, re\u00edan y aprend\u00edan a esquiar juntos. Yo observaba desde detr\u00e1s de un \u00e1rbol cubierto de nieve, con mis orejas de elfo agitadas mientras escuchaba la charla. Todos estaban entusiasmados, pero me di cuenta de que algunos estaban un poco nerviosos al principio. A la hora de comer, fuimos todos a un acogedor restaurante situado junto a las pistas. Los ni\u00f1os devoraron sus comidas como si acabaran de conquistar la monta\u00f1a. Los ni\u00f1os no tardaron en re\u00edrse juntos, comparar consejos de esqu\u00ed y hacer nuevos amigos. Despu\u00e9s de comer, los ni\u00f1os volvieron a esquiar. Los vi correr por las pistas con enormes sonrisas en sus rostros, su alegr\u00eda tan brillante como la nieve que los rodeaba. Cada vez ten\u00edan m\u00e1s confianza en s\u00ed mismos, y yo estaba orgullosa de ellos. M\u00e1s tarde, fuimos a pasear por el pueblo de Verbier. El pueblo parec\u00eda sacado de un cuento de hadas, con casas de madera y luces centelleantes. Los ni\u00f1os estaban llenos de energ\u00eda, corriendo unos contra otros hasta el siguiente escaparate, se\u00f1alando todos los bonitos recuerdos suizos. De vuelta al campamento, hubo un simulacro de incendio. Despu\u00e9s, lleg\u00f3 la hora de una cena caliente y abundante. Los ni\u00f1os hablaron animadamente de su d\u00eda, compartiendo historias y planes para la aventura de esqu\u00ed de ma\u00f1ana. La noche termin\u00f3 con una visita al polideportivo, donde los ni\u00f1os jugaron y estiraron las piernas despu\u00e9s de un d\u00eda ajetreado. A algunos les cost\u00f3 un poco quedarse sentados (sobre todo a los m\u00e1s peque\u00f1os), \u00a1pero todos se divirtieron! Ahora, mientras las estrellas centellean en el cielo, estoy arropada en mi peque\u00f1o rinc\u00f3n de elfo, sinti\u00e9ndome agradecida por un primer d\u00eda tan maravilloso. Ma\u00f1ana habr\u00e1 a\u00fan m\u00e1s esqu\u00ed, \u00a1y estoy deseando ver c\u00f3mo crecen las nuevas amistades! Buenas noches, Verbier. -Talia, Elfa del Campamento de Esqu\u00ed  <\/p>\n","protected":false},"excerpt":{"rendered":"<p>\u00a1Hoy ha sido un d\u00eda emocionante! Los ni\u00f1os de todo el mundo llegaban al campamento, y yo estaba impaciente por ver c\u00f3mo se llevaban todos. El aire era fresco y&#8230;<\/p>\n","protected":false},"author":16,"featured_media":0,"comment_status":"closed","ping_status":"open","sticky":false,"template":"","format":"standard","meta":{"_acf_changed":false,"inline_featured_image":false,"footnotes":""},"categories":[],"tags":[],"class_list":["post-96406","post","type-post","status-publish","format-standard"],"acf":[],"yoast_head":"<!-- This site is optimized with the Yoast SEO Premium plugin v24.2 (Yoast SEO v24.7) - https:\/\/yoast.com\/wordpress\/plugins\/seo\/ -->\n<title>Domingo 29 de diciembre- Comienzo de la aventura- Diario de Tal\u00eda la Elfa - Les Elfes International Camps Switzerland<\/title>\n<meta name=\"robots\" content=\"index, follow, max-snippet:-1, max-image-preview:large, max-video-preview:-1\" \/>\n<link rel=\"canonical\" href=\"https:\/\/www.leselfes.com\/es\/domingo-29-de-diciembre-comienzo-de-la-aventura-diario-de-talia-la-elfa\/\" \/>\n<meta property=\"og:locale\" content=\"es_ES\" \/>\n<meta property=\"og:type\" content=\"article\" \/>\n<meta property=\"og:title\" content=\"Domingo 29 de diciembre- Comienzo de la aventura- Diario de Tal\u00eda la Elfa\" \/>\n<meta property=\"og:description\" content=\"\u00a1Hoy ha sido un d\u00eda emocionante! Los ni\u00f1os de todo el mundo llegaban al campamento, y yo estaba impaciente por ver c\u00f3mo se llevaban todos. El aire era fresco y...\" \/>\n<meta property=\"og:url\" content=\"https:\/\/www.leselfes.com\/es\/domingo-29-de-diciembre-comienzo-de-la-aventura-diario-de-talia-la-elfa\/\" \/>\n<meta property=\"og:site_name\" content=\"Les Elfes International Camps Switzerland\" \/>\n<meta property=\"article:publisher\" content=\"https:\/\/www.facebook.com\/LesElfesVerbier\" \/>\n<meta property=\"article:published_time\" content=\"2025-01-07T08:25:44+00:00\" \/>\n<meta property=\"article:modified_time\" content=\"2025-01-07T08:28:17+00:00\" \/>\n<meta property=\"og:image\" content=\"https:\/\/www.leselfes.com\/wp-content\/uploads\/2022\/02\/Les-Elfes-International-summer-camp-Switzerland-Staff-Mobile-591x555-1.jpg\" \/>\n\t<meta property=\"og:image:width\" content=\"591\" \/>\n\t<meta property=\"og:image:height\" content=\"555\" \/>\n\t<meta property=\"og:image:type\" content=\"image\/jpeg\" \/>\n<meta name=\"author\" content=\"Matthieu Perard\" \/>\n<meta name=\"twitter:card\" content=\"summary_large_image\" \/>\n<meta name=\"twitter:creator\" content=\"@LesElfesCamps\" \/>\n<meta name=\"twitter:site\" content=\"@LesElfesCamps\" \/>\n<meta name=\"twitter:label1\" content=\"Escrito por\" \/>\n\t<meta name=\"twitter:data1\" content=\"Matthieu Perard\" \/>\n\t<meta name=\"twitter:label2\" content=\"Tiempo de lectura\" \/>\n\t<meta name=\"twitter:data2\" content=\"2 minutos\" \/>\n<script type=\"application\/ld+json\" class=\"yoast-schema-graph\">{\"@context\":\"https:\/\/schema.org\",\"@graph\":[{\"@type\":\"Article\",\"@id\":\"https:\/\/www.leselfes.com\/es\/domingo-29-de-diciembre-comienzo-de-la-aventura-diario-de-talia-la-elfa\/#article\",\"isPartOf\":{\"@id\":\"https:\/\/www.leselfes.com\/es\/domingo-29-de-diciembre-comienzo-de-la-aventura-diario-de-talia-la-elfa\/\"},\"author\":{\"name\":\"Matthieu Perard\",\"@id\":\"https:\/\/dev.leselfes.com\/#\/schema\/person\/7ac5f99a7f3c597105fe663a00bdf6d6\"},\"headline\":\"Domingo 29 de diciembre- Comienzo de la aventura- Diario de Tal\u00eda la Elfa\",\"datePublished\":\"2025-01-07T08:25:44+00:00\",\"dateModified\":\"2025-01-07T08:28:17+00:00\",\"mainEntityOfPage\":{\"@id\":\"https:\/\/www.leselfes.com\/es\/domingo-29-de-diciembre-comienzo-de-la-aventura-diario-de-talia-la-elfa\/\"},\"wordCount\":423,\"publisher\":{\"@id\":\"https:\/\/dev.leselfes.com\/#organization\"},\"inLanguage\":\"es\"},{\"@type\":\"WebPage\",\"@id\":\"https:\/\/www.leselfes.com\/es\/domingo-29-de-diciembre-comienzo-de-la-aventura-diario-de-talia-la-elfa\/\",\"url\":\"https:\/\/www.leselfes.com\/es\/domingo-29-de-diciembre-comienzo-de-la-aventura-diario-de-talia-la-elfa\/\",\"name\":\"Domingo 29 de diciembre- Comienzo de la aventura- Diario de Tal\u00eda la Elfa - Les Elfes International Camps Switzerland\",\"isPartOf\":{\"@id\":\"https:\/\/dev.leselfes.com\/#website\"},\"datePublished\":\"2025-01-07T08:25:44+00:00\",\"dateModified\":\"2025-01-07T08:28:17+00:00\",\"breadcrumb\":{\"@id\":\"https:\/\/www.leselfes.com\/es\/domingo-29-de-diciembre-comienzo-de-la-aventura-diario-de-talia-la-elfa\/#breadcrumb\"},\"inLanguage\":\"es\",\"potentialAction\":[{\"@type\":\"ReadAction\",\"target\":[\"https:\/\/www.leselfes.com\/es\/domingo-29-de-diciembre-comienzo-de-la-aventura-diario-de-talia-la-elfa\/\"]}]},{\"@type\":\"BreadcrumbList\",\"@id\":\"https:\/\/www.leselfes.com\/es\/domingo-29-de-diciembre-comienzo-de-la-aventura-diario-de-talia-la-elfa\/#breadcrumb\",\"itemListElement\":[{\"@type\":\"ListItem\",\"position\":1,\"name\":\"Home\",\"item\":\"https:\/\/www.leselfes.com\/es\/inicio\/\"},{\"@type\":\"ListItem\",\"position\":2,\"name\":\"Domingo 29 de diciembre- Comienzo de la aventura- Diario de Tal\u00eda la Elfa\"}]},{\"@type\":\"WebSite\",\"@id\":\"https:\/\/dev.leselfes.com\/#website\",\"url\":\"https:\/\/dev.leselfes.com\/\",\"name\":\"Les Elfes International\",\"description\":\"Les Elfes International, Verbier Switzerland. Summer Camp, Winter Camp, Spring Camps.\",\"publisher\":{\"@id\":\"https:\/\/dev.leselfes.com\/#organization\"},\"alternateName\":\"Les Elfes International\",\"potentialAction\":[{\"@type\":\"SearchAction\",\"target\":{\"@type\":\"EntryPoint\",\"urlTemplate\":\"https:\/\/dev.leselfes.com\/?s={search_term_string}\"},\"query-input\":{\"@type\":\"PropertyValueSpecification\",\"valueRequired\":true,\"valueName\":\"search_term_string\"}}],\"inLanguage\":\"es\"},{\"@type\":\"Organization\",\"@id\":\"https:\/\/dev.leselfes.com\/#organization\",\"name\":\"Les Elfes International\",\"alternateName\":\"Les Elfes International\",\"url\":\"https:\/\/dev.leselfes.com\/\",\"logo\":{\"@type\":\"ImageObject\",\"inLanguage\":\"es\",\"@id\":\"https:\/\/dev.leselfes.com\/#\/schema\/logo\/image\/\",\"url\":\"https:\/\/www.leselfes.com\/wp-content\/uploads\/2022\/03\/leselfes-logo.png\",\"contentUrl\":\"https:\/\/www.leselfes.com\/wp-content\/uploads\/2022\/03\/leselfes-logo.png\",\"width\":233,\"height\":51,\"caption\":\"Les Elfes International\"},\"image\":{\"@id\":\"https:\/\/dev.leselfes.com\/#\/schema\/logo\/image\/\"},\"sameAs\":[\"https:\/\/www.facebook.com\/LesElfesVerbier\",\"https:\/\/x.com\/LesElfesCamps\",\"https:\/\/www.instagram.com\/leselfes\",\"https:\/\/www.linkedin.com\/company\/les-elfes-international\",\"https:\/\/www.youtube.com\/user\/LesElfesVerbier\"]},{\"@type\":\"Person\",\"@id\":\"https:\/\/dev.leselfes.com\/#\/schema\/person\/7ac5f99a7f3c597105fe663a00bdf6d6\",\"name\":\"Matthieu Perard\",\"image\":{\"@type\":\"ImageObject\",\"inLanguage\":\"es\",\"@id\":\"https:\/\/dev.leselfes.com\/#\/schema\/person\/image\/\",\"url\":\"https:\/\/secure.gravatar.com\/avatar\/e368f5bd153d15a1ff42a4c64a46d1ef?s=96&d=mm&r=g\",\"contentUrl\":\"https:\/\/secure.gravatar.com\/avatar\/e368f5bd153d15a1ff42a4c64a46d1ef?s=96&d=mm&r=g\",\"caption\":\"Matthieu Perard\"},\"url\":\"https:\/\/www.leselfes.com\/es\/author\/m-pierardnotostudio-ch\/\"}]}<\/script>\n<!-- \/ Yoast SEO Premium plugin. -->","yoast_head_json":{"title":"Domingo 29 de diciembre- Comienzo de la aventura- Diario de Tal\u00eda la Elfa - Les Elfes International Camps Switzerland","robots":{"index":"index","follow":"follow","max-snippet":"max-snippet:-1","max-image-preview":"max-image-preview:large","max-video-preview":"max-video-preview:-1"},"canonical":"https:\/\/www.leselfes.com\/es\/domingo-29-de-diciembre-comienzo-de-la-aventura-diario-de-talia-la-elfa\/","og_locale":"es_ES","og_type":"article","og_title":"Domingo 29 de diciembre- Comienzo de la aventura- Diario de Tal\u00eda la Elfa","og_description":"\u00a1Hoy ha sido un d\u00eda emocionante! Los ni\u00f1os de todo el mundo llegaban al campamento, y yo estaba impaciente por ver c\u00f3mo se llevaban todos. El aire era fresco y...","og_url":"https:\/\/www.leselfes.com\/es\/domingo-29-de-diciembre-comienzo-de-la-aventura-diario-de-talia-la-elfa\/","og_site_name":"Les Elfes International Camps Switzerland","article_publisher":"https:\/\/www.facebook.com\/LesElfesVerbier","article_published_time":"2025-01-07T08:25:44+00:00","article_modified_time":"2025-01-07T08:28:17+00:00","og_image":[{"width":591,"height":555,"url":"https:\/\/www.leselfes.com\/wp-content\/uploads\/2022\/02\/Les-Elfes-International-summer-camp-Switzerland-Staff-Mobile-591x555-1.jpg","type":"image\/jpeg"}],"author":"Matthieu Perard","twitter_card":"summary_large_image","twitter_creator":"@LesElfesCamps","twitter_site":"@LesElfesCamps","twitter_misc":{"Escrito por":"Matthieu Perard","Tiempo de lectura":"2 minutos"},"schema":{"@context":"https:\/\/schema.org","@graph":[{"@type":"Article","@id":"https:\/\/www.leselfes.com\/es\/domingo-29-de-diciembre-comienzo-de-la-aventura-diario-de-talia-la-elfa\/#article","isPartOf":{"@id":"https:\/\/www.leselfes.com\/es\/domingo-29-de-diciembre-comienzo-de-la-aventura-diario-de-talia-la-elfa\/"},"author":{"name":"Matthieu Perard","@id":"https:\/\/dev.leselfes.com\/#\/schema\/person\/7ac5f99a7f3c597105fe663a00bdf6d6"},"headline":"Domingo 29 de diciembre- Comienzo de la aventura- Diario de Tal\u00eda la Elfa","datePublished":"2025-01-07T08:25:44+00:00","dateModified":"2025-01-07T08:28:17+00:00","mainEntityOfPage":{"@id":"https:\/\/www.leselfes.com\/es\/domingo-29-de-diciembre-comienzo-de-la-aventura-diario-de-talia-la-elfa\/"},"wordCount":423,"publisher":{"@id":"https:\/\/dev.leselfes.com\/#organization"},"inLanguage":"es"},{"@type":"WebPage","@id":"https:\/\/www.leselfes.com\/es\/domingo-29-de-diciembre-comienzo-de-la-aventura-diario-de-talia-la-elfa\/","url":"https:\/\/www.leselfes.com\/es\/domingo-29-de-diciembre-comienzo-de-la-aventura-diario-de-talia-la-elfa\/","name":"Domingo 29 de diciembre- Comienzo de la aventura- Diario de Tal\u00eda la Elfa - Les Elfes International Camps Switzerland","isPartOf":{"@id":"https:\/\/dev.leselfes.com\/#website"},"datePublished":"2025-01-07T08:25:44+00:00","dateModified":"2025-01-07T08:28:17+00:00","breadcrumb":{"@id":"https:\/\/www.leselfes.com\/es\/domingo-29-de-diciembre-comienzo-de-la-aventura-diario-de-talia-la-elfa\/#breadcrumb"},"inLanguage":"es","potentialAction":[{"@type":"ReadAction","target":["https:\/\/www.leselfes.com\/es\/domingo-29-de-diciembre-comienzo-de-la-aventura-diario-de-talia-la-elfa\/"]}]},{"@type":"BreadcrumbList","@id":"https:\/\/www.leselfes.com\/es\/domingo-29-de-diciembre-comienzo-de-la-aventura-diario-de-talia-la-elfa\/#breadcrumb","itemListElement":[{"@type":"ListItem","position":1,"name":"Home","item":"https:\/\/www.leselfes.com\/es\/inicio\/"},{"@type":"ListItem","position":2,"name":"Domingo 29 de diciembre- Comienzo de la aventura- Diario de Tal\u00eda la Elfa"}]},{"@type":"WebSite","@id":"https:\/\/dev.leselfes.com\/#website","url":"https:\/\/dev.leselfes.com\/","name":"Les Elfes International","description":"Les Elfes International, Verbier Switzerland. Summer Camp, Winter Camp, Spring Camps.","publisher":{"@id":"https:\/\/dev.leselfes.com\/#organization"},"alternateName":"Les Elfes International","potentialAction":[{"@type":"SearchAction","target":{"@type":"EntryPoint","urlTemplate":"https:\/\/dev.leselfes.com\/?s={search_term_string}"},"query-input":{"@type":"PropertyValueSpecification","valueRequired":true,"valueName":"search_term_string"}}],"inLanguage":"es"},{"@type":"Organization","@id":"https:\/\/dev.leselfes.com\/#organization","name":"Les Elfes International","alternateName":"Les Elfes International","url":"https:\/\/dev.leselfes.com\/","logo":{"@type":"ImageObject","inLanguage":"es","@id":"https:\/\/dev.leselfes.com\/#\/schema\/logo\/image\/","url":"https:\/\/www.leselfes.com\/wp-content\/uploads\/2022\/03\/leselfes-logo.png","contentUrl":"https:\/\/www.leselfes.com\/wp-content\/uploads\/2022\/03\/leselfes-logo.png","width":233,"height":51,"caption":"Les Elfes International"},"image":{"@id":"https:\/\/dev.leselfes.com\/#\/schema\/logo\/image\/"},"sameAs":["https:\/\/www.facebook.com\/LesElfesVerbier","https:\/\/x.com\/LesElfesCamps","https:\/\/www.instagram.com\/leselfes","https:\/\/www.linkedin.com\/company\/les-elfes-international","https:\/\/www.youtube.com\/user\/LesElfesVerbier"]},{"@type":"Person","@id":"https:\/\/dev.leselfes.com\/#\/schema\/person\/7ac5f99a7f3c597105fe663a00bdf6d6","name":"Matthieu Perard","image":{"@type":"ImageObject","inLanguage":"es","@id":"https:\/\/dev.leselfes.com\/#\/schema\/person\/image\/","url":"https:\/\/secure.gravatar.com\/avatar\/e368f5bd153d15a1ff42a4c64a46d1ef?s=96&d=mm&r=g","contentUrl":"https:\/\/secure.gravatar.com\/avatar\/e368f5bd153d15a1ff42a4c64a46d1ef?s=96&d=mm&r=g","caption":"Matthieu Perard"},"url":"https:\/\/www.leselfes.com\/es\/author\/m-pierardnotostudio-ch\/"}]}},"_links":{"self":[{"href":"https:\/\/www.leselfes.com\/es\/wp-json\/wp\/v2\/posts\/96406"}],"collection":[{"href":"https:\/\/www.leselfes.com\/es\/wp-json\/wp\/v2\/posts"}],"about":[{"href":"https:\/\/www.leselfes.com\/es\/wp-json\/wp\/v2\/types\/post"}],"author":[{"embeddable":true,"href":"https:\/\/www.leselfes.com\/es\/wp-json\/wp\/v2\/users\/16"}],"replies":[{"embeddable":true,"href":"https:\/\/www.leselfes.com\/es\/wp-json\/wp\/v2\/comments?post=96406"}],"version-history":[{"count":0,"href":"https:\/\/www.leselfes.com\/es\/wp-json\/wp\/v2\/posts\/96406\/revisions"}],"wp:attachment":[{"href":"https:\/\/www.leselfes.com\/es\/wp-json\/wp\/v2\/media?parent=96406"}],"wp:term":[{"taxonomy":"category","embeddable":true,"href":"https:\/\/www.leselfes.com\/es\/wp-json\/wp\/v2\/categories?post=96406"},{"taxonomy":"post_tag","embeddable":true,"href":"https:\/\/www.leselfes.com\/es\/wp-json\/wp\/v2\/tags?post=96406"}],"curies":[{"name":"wp","href":"https:\/\/api.w.org\/{rel}","templated":true}]}}