{"id":109221,"date":"2025-02-06T09:29:12","date_gmt":"2025-02-06T08:29:12","guid":{"rendered":"https:\/\/www.leselfes.com\/quelles-sont-les-activites-proposees-en-colonie-de-vacances\/"},"modified":"2025-02-06T09:44:04","modified_gmt":"2025-02-06T08:44:04","slug":"quelles-sont-les-activites-proposees-en-colonie-de-vacances","status":"publish","type":"post","link":"https:\/\/www.leselfes.com\/fr\/quelles-sont-les-activites-proposees-en-colonie-de-vacances\/","title":{"rendered":"Camp d&rsquo;\u00e9t\u00e9 international en Suisse 2025"},"content":{"rendered":"<p>Camp d&rsquo;\u00e9t\u00e9 international en Suisse 2025 | Camp Suisse<\/p>\n<h1>Camp d&rsquo;\u00e9t\u00e9 international en Suisse 2025 | L&rsquo;exp\u00e9rience ultime pour les enfants et les adolescents<\/h1>\n<p>La Suisse est l&rsquo;une des destinations les plus populaires pour les <strong>colonies de vacances internationales<\/strong>, offrant aux enfants et aux adolescents des <strong>vacances d&rsquo;\u00e9t\u00e9 inoubliables<\/strong> remplies d&rsquo;aventures en plein air, d&rsquo;immersion culturelle et de sports. <strong>Les Elfes International<\/strong>, situ\u00e9 dans la ville pittoresque de <strong>Verbier<\/strong>, est un <strong>camp d&rsquo;\u00e9t\u00e9<\/strong> r\u00e9put\u00e9 qui offre une exp\u00e9rience exclusive aux enfants et adolescents \u00e2g\u00e9s de 6 \u00e0 17 ans. <\/p>\n<p>Avec un programme rempli d&rsquo;activit\u00e9s diverses, des <strong>excursions de ski<\/strong> dans les Alpes suisses aux <strong>ateliers de leadership<\/strong>, Les Elfes est con\u00e7u pour aider les campeurs \u00e0 <strong>explorer de<\/strong> nouvelles comp\u00e9tences, \u00e0 forger des <strong>amiti\u00e9s<\/strong> pour la vie et \u00e0 profiter d&rsquo;une exp\u00e9rience unique. Que votre enfant soit int\u00e9ress\u00e9 par le <strong>sport<\/strong>, les <strong>arts<\/strong> ou la <strong>d\u00e9couverte de la nature europ\u00e9enne \u00e0 couper le souffle<\/strong>, ce camp d&rsquo;\u00e9t\u00e9 offre l&rsquo;environnement id\u00e9al pour <strong>apprendre, grandir et s&rsquo;amuser<\/strong>. <\/p>\n<h2>Pourquoi choisir la Suisse pour un camp d&rsquo;\u00e9t\u00e9 ?<\/h2>\n<p>La Suisse se distingue comme une destination de choix pour les <strong>colonies de vacances<\/strong> gr\u00e2ce \u00e0 son <strong>environnement s\u00fbr et magnifique, \u00e0 son milieu multiculturel et \u00e0 ses normes \u00e9lev\u00e9es<\/strong> en mati\u00e8re d&rsquo;\u00e9ducation et de programmes d&rsquo;aventure.<\/p>\n<ul>\n<li><strong>Un environnement s\u00fbr et s\u00e9curis\u00e9<\/strong>: La Suisse est connue pour ses excellentes normes de s\u00e9curit\u00e9, ce qui en fait un endroit id\u00e9al pour les enfants qui souhaitent passer <strong>la nuit dans un camp<\/strong>.<\/li>\n<li><strong>Une communaut\u00e9 diversifi\u00e9e et internationale<\/strong>: Les campeurs viennent de plus de <strong>50 pays<\/strong>, ce qui leur permet de <strong>vivre<\/strong> une v\u00e9ritable <strong>exp\u00e9rience d&rsquo;immersion<\/strong>.<\/li>\n<li>La Suisse <strong>est r\u00e9put\u00e9e pour ses activit\u00e9s de plein air<\/strong>: De la <strong>randonn\u00e9e dans les Alpes<\/strong> au <strong>ski \u00e0 Zermatt<\/strong> et <strong>Crans Montana<\/strong>, la Suisse offre une gamme d&rsquo;<strong>excursions<\/strong> que peu d&rsquo;autres pays d <strong>&lsquo;Europe<\/strong> peuvent \u00e9galer.<\/li>\n<li><strong>Programmes multi-activit\u00e9s<\/strong>: Les <strong>camps d&rsquo;\u00e9t\u00e9 en Suisse<\/strong> offrent un m\u00e9lange de <strong>sports, d&rsquo;art, d&rsquo;ateliers acad\u00e9miques et d&rsquo;aventure<\/strong>, garantissant que chaque campeur appr\u00e9cie son s\u00e9jour.<\/li>\n<\/ul>\n<h2>\u00c0 quoi s&rsquo;attendre au camp d&rsquo;\u00e9t\u00e9 international Les Elfes ?<\/h2>\n<p>Chaque jour aux Elfes est con\u00e7u pour \u00e9quilibrer l&rsquo;<strong>apprentissage, l&rsquo;aventure et la d\u00e9tente<\/strong>. Le camp propose des programmes structur\u00e9s qui impliquent les <strong>enfants et les adolescents<\/strong> d&rsquo;une mani\u00e8re qui les aide \u00e0 d\u00e9velopper leur <strong>confiance, leur ind\u00e9pendance et leur conscience culturelle<\/strong>. <\/p>\n<h3>Nouveau pour 2025 : des programmes encore plus passionnants<\/h3>\n<p>L&rsquo;\u00e9dition 2025 du camp d&rsquo;\u00e9t\u00e9 Les Elfes pr\u00e9sente des options suppl\u00e9mentaires pour les enfants et les adolescents \u00e0 la recherche d&rsquo;une exp\u00e9rience **encore plus immersive** :<\/p>\n<ul>\n<li><strong>Eco-Aventures :<\/strong> Apprenez \u00e0 conna\u00eetre la durabilit\u00e9 et la conservation de l&rsquo;environnement par le biais d&rsquo;activit\u00e9s dans la nature.<\/li>\n<li><strong>Camp d&rsquo;entrepreneuriat et de leadership :<\/strong> Un programme ax\u00e9 sur les affaires pour les adolescents afin de d\u00e9velopper des comp\u00e9tences en mati\u00e8re de gestion de projet.<\/li>\n<li><strong>Formation \u00e0 la survie en montagne :<\/strong> Guid\u00e9s par des instructeurs experts, les campeurs apprendront des techniques de survie dans les Alpes suisses.<\/li>\n<\/ul>\n<p>Ces ajouts permettent \u00e0 <strong>chaque enfant d&rsquo;adapter son exp\u00e9rience<\/strong> \u00e0 ses passions et \u00e0 ses aspirations.<\/p>\n<h2>L&rsquo;exp\u00e9rience ultime des cours d&rsquo;\u00e9t\u00e9 : cr\u00e9er un fort esprit d&rsquo;\u00e9quipe dans l&rsquo;environnement alpin<\/h2>\n<p>Choisir une <strong>\u00e9cole d&rsquo;\u00e9t\u00e9<\/strong>, c&rsquo;est bien plus que passer du temps loin de chez soi : c&rsquo;est <strong>apprendre, grandir et cr\u00e9er des souvenirs imp\u00e9rissables<\/strong> dans un environnement qui encourage l&rsquo;ind\u00e9pendance et le travail d&rsquo;\u00e9quipe. Aux <strong>Elfes International<\/strong>, les \u00e9tudiants participent \u00e0 un programme soigneusement con\u00e7u qui m\u00eale <strong>aventures en plein air, activit\u00e9s de leadership et d\u00e9fis en \u00e9quipe<\/strong> pour les aider \u00e0 d\u00e9velopper de pr\u00e9cieuses aptitudes \u00e0 la vie quotidienne. <\/p>\n<p>Entour\u00e9s par les <strong>paysages alpins<\/strong> \u00e0 couper le souffle de la Suisse, les campeurs ont l&rsquo;occasion de s&rsquo;immerger dans une exp\u00e9rience qui renforce leur <strong>esprit d&rsquo;\u00e9quipe<\/strong> tout en profitant d&rsquo;une gamme d&rsquo;activit\u00e9s attrayantes. Chaque journ\u00e9e est soigneusement structur\u00e9e pour s&rsquo;assurer que chaque participant est activement impliqu\u00e9 dans des exercices collaboratifs, les poussant \u00e0 sortir de leur zone de confort et \u00e0 interagir avec des camarades de camp d&rsquo;origines diverses. <\/p>\n<p>L&rsquo;un des aspects cl\u00e9s d&rsquo;une exp\u00e9rience r\u00e9ussie en mati\u00e8re de <strong>cours d&rsquo;\u00e9t\u00e9<\/strong> est la promotion d&rsquo;une <strong>dynamique d&rsquo;\u00e9quipe forte<\/strong>. Qu&rsquo;il s&rsquo;agisse de comp\u00e9titions sportives, de d\u00e9fis de survie en plein air ou d&rsquo;excursions en groupe, les \u00e9tudiants apprennent l&rsquo;importance de la communication, du leadership et de la r\u00e9solution de probl\u00e8mes. Les activit\u00e9s telles que les <strong>parcours acrobatiques en hauteur, l&rsquo;escalade et la course d&rsquo;orientation en \u00e9quipe dans la nature alpine<\/strong> obligent les \u00e9l\u00e8ves \u00e0 travailler ensemble, \u00e0 se faire confiance et \u00e0 \u00e9laborer des strat\u00e9gies en tant qu&rsquo;unit\u00e9. Ces exp\u00e9riences les aident \u00e0 d\u00e9velopper leur r\u00e9silience, leur confiance et leur capacit\u00e9 d&rsquo;adaptation, des comp\u00e9tences qui leur seront utiles bien au-del\u00e0 de leur s\u00e9jour au camp.   <\/p>\n<p>Outre les aspects aventureux du programme, les <strong>initiatives de renforcement de l&rsquo;esprit d&rsquo;\u00e9quipe<\/strong> s&rsquo;\u00e9tendent \u00e0 des ateliers cr\u00e9atifs et structur\u00e9s con\u00e7us pour am\u00e9liorer les interactions sociales. Gr\u00e2ce \u00e0 des <strong>projets artistiques collaboratifs, des spectacles musicaux et des r\u00e9cits interactifs<\/strong>, les campeurs s&rsquo;engagent d&rsquo;une mani\u00e8re unique qui renforce les amiti\u00e9s et la camaraderie. Ces exp\u00e9riences partag\u00e9es contribuent \u00e0 la formation de liens durables et de <strong>souvenirs<\/strong> inoubliables que les \u00e9l\u00e8ves ch\u00e9rissent bien au-del\u00e0 de leur aventure estivale.  <\/p>\n<p>Au-del\u00e0 des activit\u00e9s passionnantes, les campeurs b\u00e9n\u00e9ficient \u00e9galement d&rsquo;opportunit\u00e9s de d\u00e9veloppement personnel essentielles. Apprendre \u00e0 collaborer, \u00e0 s&rsquo;entraider et \u00e0 naviguer dans de nouveaux environnements favorise le <strong>sens des responsabilit\u00e9s et la conscience de soi<\/strong>. Dans le cadre pittoresque <strong>des Alpes<\/strong>, loin des distractions de la vie quotidienne, les \u00e9l\u00e8ves apprennent \u00e0 appr\u00e9cier la nature, le travail d&rsquo;\u00e9quipe et les r\u00e9alisations personnelles, faisant de leur exp\u00e9rience des cours d&rsquo;\u00e9t\u00e9 un moment cl\u00e9 de leur parcours de croissance.  <\/p>\n<p>\u00c0 la fin du programme, chaque campeur repart non seulement avec des <strong>souvenirs<\/strong> incroyables, mais aussi avec une nouvelle appr\u00e9ciation de la valeur du travail d&rsquo;\u00e9quipe, du leadership et de l&rsquo;aventure. Qu&rsquo;ils escaladent une montagne, participent \u00e0 un jeu de strat\u00e9gie ou \u00e9changent des histoires autour d&rsquo;un feu de camp, ils ne cessent d&rsquo;<strong>apprendre<\/strong> et d&rsquo;\u00e9voluer en tant qu&rsquo;individus. <\/p>\n<p>Cette <strong>aventure alpine immersive<\/strong> aux <strong>Elfes International<\/strong> garantit que les \u00e9tudiants rentrent chez eux avec des amiti\u00e9s renforc\u00e9es, un sentiment de confiance plus profond et des comp\u00e9tences inestimables qui leur serviront tout au long de leur vie acad\u00e9mique et personnelle.<\/p>\n<h2>Des activit\u00e9s passionnantes en colonie de vacances aux Elfes<\/h2>\n<h3>Aventures en plein air dans les Alpes suisses<\/h3>\n<p>Les campeurs des Elfes font l&rsquo;exp\u00e9rience du meilleur de la nature, en explorant les montagnes suisses \u00e0 travers des randonn\u00e9es, du camping et des excursions en VTT. Ces activit\u00e9s aident les enfants et les adolescents \u00e0 d\u00e9velopper leur confiance, leur r\u00e9silience et leur capacit\u00e9 \u00e0 travailler en \u00e9quipe, tout en d\u00e9couvrant certains des plus beaux paysages d&rsquo;Europe. <\/p>\n<h3>Activit\u00e9s hivernales en juin pour une exp\u00e9rience inoubliable<\/h3>\n<p>Contrairement \u00e0 de nombreux camps d&rsquo;\u00e9t\u00e9, Les Elfes proposent des <strong>sessions de ski<\/strong> exclusives <strong>en juin<\/strong>, offrant aux campeurs la rare opportunit\u00e9 de <strong>skier en \u00e9t\u00e9<\/strong>. Les glaciers de haute altitude en Suisse offrent des <strong>conditions de ski parfaites<\/strong>, ce qui en fait une exp\u00e9rience incroyable pour les jeunes athl\u00e8tes qui cherchent \u00e0 affiner leurs comp\u00e9tences. <\/p>\n<ul>\n<li><strong>Ski d&rsquo;\u00e9t\u00e9 sur glacier<\/strong> \u00e0 Zermatt.<\/li>\n<li><strong>Ateliers de snowboard et de freestyle<\/strong> pour les d\u00e9butants.<\/li>\n<li><strong>Techniques de survie en hiver<\/strong> et sensibilisation aux avalanches.<\/li>\n<\/ul>\n<h2>Comment choisir le meilleur programme de colonie de vacances ?<\/h2>\n<p>Face \u00e0 la multitude d&rsquo;options disponibles, le choix du bon <strong>programme de camp d&rsquo;\u00e9t\u00e9<\/strong> d\u00e9pend de plusieurs facteurs cl\u00e9s qui garantissent une exp\u00e9rience gratifiante et enrichissante. Que vous recherchiez une <strong>colonie de vacances de type internat suisse<\/strong>, un <strong>camp sportif et \u00e9ducatif<\/strong> ou un programme ax\u00e9 sur l&rsquo;<strong>immersion linguistique<\/strong>, il est essentiel de trouver ce qui correspond le mieux aux int\u00e9r\u00eats et aux besoins de votre enfant. <\/p>\n<ul>\n<li><strong>Tranche d&rsquo;\u00e2ge :<\/strong> Les <strong>meilleurs camps de vacances de Suisse<\/strong> proposent des programmes pour les enfants <strong>de 6 \u00e0 16 ans<\/strong> et les adolescents <strong>de 8 \u00e0 17 ans<\/strong>, avec des activit\u00e9s et un encadrement adapt\u00e9s \u00e0 leur \u00e2ge.<\/li>\n<li><strong>Dur\u00e9e :<\/strong> Les familles peuvent choisir entre des **camps de jour \u00e0 court terme** (une \u00e0 deux semaines) et des **camps d&rsquo;\u00e9t\u00e9 r\u00e9sidentiels** (quatre \u00e0 six semaines). De nombreux camps proposent des sessions en <strong>juillet et en ao\u00fbt<\/strong>, ce qui permet de les faire co\u00efncider avec les vacances scolaires. <\/li>\n<li><strong>Pr\u00e9f\u00e9rences en mati\u00e8re d&rsquo;activit\u00e9s :<\/strong> Chaque enfant a ses propres centres d&rsquo;int\u00e9r\u00eat. Certains s&rsquo;\u00e9panouiront dans un **entra\u00eenement sportif intensif** avec des activit\u00e9s comme le <strong>tennis<\/strong> et **l&rsquo;\u00e9quitation**, tandis que d&rsquo;autres seront attir\u00e9s par les <strong>arts de la sc\u00e8ne, le th\u00e9\u00e2tre ou les ateliers musicaux<\/strong>. De nombreux camps, dont <strong>Les Elfes International Summer Camp<\/strong>, proposent un m\u00e9lange \u00e9quilibr\u00e9 de <strong>sports, de camps d&rsquo;aventure, de cours de langues et de voyages culturels<\/strong> dans des villes comme <strong>Gen\u00e8ve, Lausanne et Montreux<\/strong>. <\/li>\n<li><strong>Une ouverture sur le monde et des amiti\u00e9s :<\/strong> Une **colonie de vacances internationale de qualit\u00e9** favorise les amiti\u00e9s entre campeurs de **nationalit\u00e9s** diff\u00e9rentes. Les programmes des camps tels que <strong>Les Elfes<\/strong> mettent l&rsquo;accent sur le travail d&rsquo;\u00e9quipe, le leadership et la confiance en soi gr\u00e2ce \u00e0 un programme structur\u00e9. <\/li>\n<li><strong>Internat et campus :<\/strong> Choisir un <strong>camp r\u00e9sidentiel inspir\u00e9 d&rsquo;un internat suisse<\/strong> garantit aux campeurs un h\u00e9bergement de haute qualit\u00e9, un excellent <strong>encadrement par le personnel<\/strong> et l&rsquo;acc\u00e8s \u00e0 des sites \u00e0 couper le souffle comme **le lac L\u00e9man, Gstaad et les Alpes suisses**.<\/li>\n<\/ul>\n<p>En tenant compte de ces facteurs, les familles peuvent trouver un <strong>camp d&rsquo;\u00e9t\u00e9 en Suisse<\/strong> qui offre une <strong>exp\u00e9rience inoubliable<\/strong> remplie d&rsquo;aventure, d&rsquo;\u00e9ducation et d&rsquo;exploration culturelle. Que votre enfant pr\u00e9f\u00e8re les <strong>sports intensifs, l&rsquo;apprentissage des langues ou les arts de la sc\u00e8ne<\/strong>, les meilleurs camps de vacances de Suisse, tels que <strong>Les Elfes International<\/strong>, offrent un **programme d&rsquo;\u00e9t\u00e9 de classe mondiale** adapt\u00e9 \u00e0 leurs besoins. <\/p>\n<h2>Commentaires sur les camps de vacances en Suisse &#8211; Ce qu&rsquo;en disent les parents et les campeurs<\/h2>\n<p>Les Elfes International s&rsquo;est forg\u00e9 une solide r\u00e9putation en tant que l&rsquo;un des meilleurs camps d&rsquo;\u00e9t\u00e9 de Suisse, avec des commentaires exceptionnels de la part des parents et des enfants. Voici ce que les familles disent de leur exp\u00e9rience : <\/p>\n<blockquote><p>\u00ab\u00a0Le m\u00e9lange d&rsquo;activit\u00e9s de plein air, de formation au leadership et d&rsquo;amiti\u00e9s que mon enfant a nou\u00e9es aux Elfes \u00e9tait incroyable. C&rsquo;\u00e9tait son meilleur \u00e9t\u00e9 ! &#8211; Emily, France<\/p><\/blockquote>\n<blockquote><p>\u00ab\u00a0L&rsquo;\u00e9quipe du camp a fait en sorte que ma fille se sente en s\u00e9curit\u00e9, bien accueillie et enthousiaste chaque jour. Elle est revenue plus confiante et plus ind\u00e9pendante. &#8211; David, \u00c9tats-Unis<\/p><\/blockquote>\n<h2>Organisez des vacances d&rsquo;\u00e9t\u00e9 inoubliables avec Les Elfes International !<\/h2>\n<p>Faites de 2025 un \u00e9t\u00e9 inoubliable en inscrivant votre enfant dans l&rsquo;un des camps d&rsquo;\u00e9t\u00e9 internationaux les plus r\u00e9put\u00e9s de Suisse. Qu&rsquo;ils cherchent \u00e0 <strong>explorer, \u00e0 acqu\u00e9rir de nouvelles comp\u00e9tences<\/strong> ou \u00e0 faire du <strong>sport et de l&rsquo;aventure<\/strong>, <strong>Les Elfes International<\/strong> leur propose un <strong>\u00e9t\u00e9 rempli de<\/strong> <strong>plaisir, de d\u00e9couvertes et d&rsquo;amiti\u00e9s durables<\/strong>. <\/p>\n<p><a href=\"https:\/\/www.leselfes.com\/summer-camp\/enrol\/\" target=\"_blank\" rel=\"noopener\"><strong>R\u00e9servez votre place d\u00e8s maintenant !<\/strong><\/a><\/p>\n","protected":false},"excerpt":{"rendered":"<p>Camp d&rsquo;\u00e9t\u00e9 international en Suisse 2025 | Camp Suisse Camp d&rsquo;\u00e9t\u00e9 international en Suisse 2025 | L&rsquo;exp\u00e9rience ultime pour les enfants et les adolescents La Suisse est l&rsquo;une des destinations&#8230;<\/p>\n","protected":false},"author":16,"featured_media":109355,"comment_status":"closed","ping_status":"open","sticky":false,"template":"","format":"standard","meta":{"_acf_changed":false,"inline_featured_image":false,"footnotes":""},"categories":[1372],"tags":[],"class_list":{"0":"post-109221","1":"post","2":"type-post","3":"status-publish","4":"format-standard","5":"has-post-thumbnail","7":"category-camp-dete"},"acf":[],"yoast_head":"<!-- This site is optimized with the Yoast SEO Premium plugin v24.2 (Yoast SEO v24.7) - https:\/\/yoast.com\/wordpress\/plugins\/seo\/ -->\n<title>Camp d&#039;\u00e9t\u00e9 international en Suisse 2025 - Les Elfes International Camps Switzerland<\/title>\n<meta name=\"description\" content=\"Camp Suisse - Le camp d&#039;\u00e9t\u00e9 international par excellence dans les Alpes suisses offrant un m\u00e9lange d&#039;activit\u00e9s de plein air, d&#039;apprentissage des langues et bien plus encore !\" \/>\n<meta name=\"robots\" content=\"index, follow, max-snippet:-1, max-image-preview:large, max-video-preview:-1\" \/>\n<link rel=\"canonical\" href=\"https:\/\/www.leselfes.com\/fr\/quelles-sont-les-activites-proposees-en-colonie-de-vacances\/\" \/>\n<meta property=\"og:locale\" content=\"fr_FR\" \/>\n<meta property=\"og:type\" content=\"article\" \/>\n<meta property=\"og:title\" content=\"Camp d&#039;\u00e9t\u00e9 international en Suisse 2025\" \/>\n<meta property=\"og:description\" content=\"Camp Suisse - Le camp d&#039;\u00e9t\u00e9 international par excellence dans les Alpes suisses offrant un m\u00e9lange d&#039;activit\u00e9s de plein air, d&#039;apprentissage des langues et bien plus encore !\" \/>\n<meta property=\"og:url\" content=\"https:\/\/www.leselfes.com\/fr\/quelles-sont-les-activites-proposees-en-colonie-de-vacances\/\" \/>\n<meta property=\"og:site_name\" content=\"Les Elfes International Camps Switzerland\" \/>\n<meta property=\"article:publisher\" content=\"https:\/\/www.facebook.com\/LesElfesVerbier\" \/>\n<meta property=\"article:published_time\" content=\"2025-02-06T08:29:12+00:00\" \/>\n<meta property=\"article:modified_time\" content=\"2025-02-06T08:44:04+00:00\" \/>\n<meta property=\"og:image\" content=\"https:\/\/www.leselfes.com\/wp-content\/uploads\/2025\/01\/Les-Elfes-Summer-camp-Sliding-1.jpg\" \/>\n\t<meta property=\"og:image:width\" content=\"1824\" \/>\n\t<meta property=\"og:image:height\" content=\"1368\" \/>\n\t<meta property=\"og:image:type\" content=\"image\/jpeg\" \/>\n<meta name=\"author\" content=\"Matthieu Perard\" \/>\n<meta name=\"twitter:card\" content=\"summary_large_image\" \/>\n<meta name=\"twitter:creator\" content=\"@LesElfesCamps\" \/>\n<meta name=\"twitter:site\" content=\"@LesElfesCamps\" \/>\n<meta name=\"twitter:label1\" content=\"\u00c9crit par\" \/>\n\t<meta name=\"twitter:data1\" content=\"Matthieu Perard\" \/>\n\t<meta name=\"twitter:label2\" content=\"Dur\u00e9e de lecture estim\u00e9e\" \/>\n\t<meta name=\"twitter:data2\" content=\"9 minutes\" \/>\n<script type=\"application\/ld+json\" class=\"yoast-schema-graph\">{\"@context\":\"https:\/\/schema.org\",\"@graph\":[{\"@type\":\"Article\",\"@id\":\"https:\/\/www.leselfes.com\/fr\/quelles-sont-les-activites-proposees-en-colonie-de-vacances\/#article\",\"isPartOf\":{\"@id\":\"https:\/\/www.leselfes.com\/fr\/quelles-sont-les-activites-proposees-en-colonie-de-vacances\/\"},\"author\":{\"name\":\"Matthieu Perard\",\"@id\":\"https:\/\/dev.leselfes.com\/#\/schema\/person\/7ac5f99a7f3c597105fe663a00bdf6d6\"},\"headline\":\"Camp d&rsquo;\u00e9t\u00e9 international en Suisse 2025\",\"datePublished\":\"2025-02-06T08:29:12+00:00\",\"dateModified\":\"2025-02-06T08:44:04+00:00\",\"mainEntityOfPage\":{\"@id\":\"https:\/\/www.leselfes.com\/fr\/quelles-sont-les-activites-proposees-en-colonie-de-vacances\/\"},\"wordCount\":1979,\"publisher\":{\"@id\":\"https:\/\/dev.leselfes.com\/#organization\"},\"image\":{\"@id\":\"https:\/\/www.leselfes.com\/fr\/quelles-sont-les-activites-proposees-en-colonie-de-vacances\/#primaryimage\"},\"thumbnailUrl\":\"https:\/\/www.leselfes.com\/wp-content\/uploads\/2025\/02\/Hollyfest-6-2-min-1.jpg\",\"articleSection\":[\"Camp d'\u00e9t\u00e9\"],\"inLanguage\":\"fr-FR\"},{\"@type\":\"WebPage\",\"@id\":\"https:\/\/www.leselfes.com\/fr\/quelles-sont-les-activites-proposees-en-colonie-de-vacances\/\",\"url\":\"https:\/\/www.leselfes.com\/fr\/quelles-sont-les-activites-proposees-en-colonie-de-vacances\/\",\"name\":\"Camp d'\u00e9t\u00e9 international en Suisse 2025 - Les Elfes International Camps Switzerland\",\"isPartOf\":{\"@id\":\"https:\/\/dev.leselfes.com\/#website\"},\"primaryImageOfPage\":{\"@id\":\"https:\/\/www.leselfes.com\/fr\/quelles-sont-les-activites-proposees-en-colonie-de-vacances\/#primaryimage\"},\"image\":{\"@id\":\"https:\/\/www.leselfes.com\/fr\/quelles-sont-les-activites-proposees-en-colonie-de-vacances\/#primaryimage\"},\"thumbnailUrl\":\"https:\/\/www.leselfes.com\/wp-content\/uploads\/2025\/02\/Hollyfest-6-2-min-1.jpg\",\"datePublished\":\"2025-02-06T08:29:12+00:00\",\"dateModified\":\"2025-02-06T08:44:04+00:00\",\"description\":\"Camp Suisse - Le camp d'\u00e9t\u00e9 international par excellence dans les Alpes suisses offrant un m\u00e9lange d'activit\u00e9s de plein air, d'apprentissage des langues et bien plus encore !\",\"breadcrumb\":{\"@id\":\"https:\/\/www.leselfes.com\/fr\/quelles-sont-les-activites-proposees-en-colonie-de-vacances\/#breadcrumb\"},\"inLanguage\":\"fr-FR\",\"potentialAction\":[{\"@type\":\"ReadAction\",\"target\":[\"https:\/\/www.leselfes.com\/fr\/quelles-sont-les-activites-proposees-en-colonie-de-vacances\/\"]}]},{\"@type\":\"ImageObject\",\"inLanguage\":\"fr-FR\",\"@id\":\"https:\/\/www.leselfes.com\/fr\/quelles-sont-les-activites-proposees-en-colonie-de-vacances\/#primaryimage\",\"url\":\"https:\/\/www.leselfes.com\/wp-content\/uploads\/2025\/02\/Hollyfest-6-2-min-1.jpg\",\"contentUrl\":\"https:\/\/www.leselfes.com\/wp-content\/uploads\/2025\/02\/Hollyfest-6-2-min-1.jpg\",\"width\":2097,\"height\":1498},{\"@type\":\"BreadcrumbList\",\"@id\":\"https:\/\/www.leselfes.com\/fr\/quelles-sont-les-activites-proposees-en-colonie-de-vacances\/#breadcrumb\",\"itemListElement\":[{\"@type\":\"ListItem\",\"position\":1,\"name\":\"Home\",\"item\":\"https:\/\/www.leselfes.com\/fr\/\"},{\"@type\":\"ListItem\",\"position\":2,\"name\":\"Camp d&#8217;\u00e9t\u00e9 international en Suisse 2025\"}]},{\"@type\":\"WebSite\",\"@id\":\"https:\/\/dev.leselfes.com\/#website\",\"url\":\"https:\/\/dev.leselfes.com\/\",\"name\":\"Les Elfes International\",\"description\":\"Les Elfes International, Verbier Switzerland. Summer Camp, Winter Camp, Spring Camps.\",\"publisher\":{\"@id\":\"https:\/\/dev.leselfes.com\/#organization\"},\"alternateName\":\"Les Elfes International\",\"potentialAction\":[{\"@type\":\"SearchAction\",\"target\":{\"@type\":\"EntryPoint\",\"urlTemplate\":\"https:\/\/dev.leselfes.com\/?s={search_term_string}\"},\"query-input\":{\"@type\":\"PropertyValueSpecification\",\"valueRequired\":true,\"valueName\":\"search_term_string\"}}],\"inLanguage\":\"fr-FR\"},{\"@type\":\"Organization\",\"@id\":\"https:\/\/dev.leselfes.com\/#organization\",\"name\":\"Les Elfes International\",\"alternateName\":\"Les Elfes International\",\"url\":\"https:\/\/dev.leselfes.com\/\",\"logo\":{\"@type\":\"ImageObject\",\"inLanguage\":\"fr-FR\",\"@id\":\"https:\/\/dev.leselfes.com\/#\/schema\/logo\/image\/\",\"url\":\"https:\/\/www.leselfes.com\/wp-content\/uploads\/2022\/03\/leselfes-logo.png\",\"contentUrl\":\"https:\/\/www.leselfes.com\/wp-content\/uploads\/2022\/03\/leselfes-logo.png\",\"width\":233,\"height\":51,\"caption\":\"Les Elfes International\"},\"image\":{\"@id\":\"https:\/\/dev.leselfes.com\/#\/schema\/logo\/image\/\"},\"sameAs\":[\"https:\/\/www.facebook.com\/LesElfesVerbier\",\"https:\/\/x.com\/LesElfesCamps\",\"https:\/\/www.instagram.com\/leselfes\",\"https:\/\/www.linkedin.com\/company\/les-elfes-international\",\"https:\/\/www.youtube.com\/user\/LesElfesVerbier\"]},{\"@type\":\"Person\",\"@id\":\"https:\/\/dev.leselfes.com\/#\/schema\/person\/7ac5f99a7f3c597105fe663a00bdf6d6\",\"name\":\"Matthieu Perard\",\"image\":{\"@type\":\"ImageObject\",\"inLanguage\":\"fr-FR\",\"@id\":\"https:\/\/dev.leselfes.com\/#\/schema\/person\/image\/\",\"url\":\"https:\/\/secure.gravatar.com\/avatar\/e368f5bd153d15a1ff42a4c64a46d1ef?s=96&d=mm&r=g\",\"contentUrl\":\"https:\/\/secure.gravatar.com\/avatar\/e368f5bd153d15a1ff42a4c64a46d1ef?s=96&d=mm&r=g\",\"caption\":\"Matthieu Perard\"},\"url\":\"https:\/\/www.leselfes.com\/fr\/author\/m-pierardnotostudio-ch\/\"}]}<\/script>\n<!-- \/ Yoast SEO Premium plugin. -->","yoast_head_json":{"title":"Camp d'\u00e9t\u00e9 international en Suisse 2025 - Les Elfes International Camps Switzerland","description":"Camp Suisse - Le camp d'\u00e9t\u00e9 international par excellence dans les Alpes suisses offrant un m\u00e9lange d'activit\u00e9s de plein air, d'apprentissage des langues et bien plus encore !","robots":{"index":"index","follow":"follow","max-snippet":"max-snippet:-1","max-image-preview":"max-image-preview:large","max-video-preview":"max-video-preview:-1"},"canonical":"https:\/\/www.leselfes.com\/fr\/quelles-sont-les-activites-proposees-en-colonie-de-vacances\/","og_locale":"fr_FR","og_type":"article","og_title":"Camp d'\u00e9t\u00e9 international en Suisse 2025","og_description":"Camp Suisse - Le camp d'\u00e9t\u00e9 international par excellence dans les Alpes suisses offrant un m\u00e9lange d'activit\u00e9s de plein air, d'apprentissage des langues et bien plus encore !","og_url":"https:\/\/www.leselfes.com\/fr\/quelles-sont-les-activites-proposees-en-colonie-de-vacances\/","og_site_name":"Les Elfes International Camps Switzerland","article_publisher":"https:\/\/www.facebook.com\/LesElfesVerbier","article_published_time":"2025-02-06T08:29:12+00:00","article_modified_time":"2025-02-06T08:44:04+00:00","og_image":[{"width":1824,"height":1368,"url":"https:\/\/www.leselfes.com\/wp-content\/uploads\/2025\/01\/Les-Elfes-Summer-camp-Sliding-1.jpg","type":"image\/jpeg"}],"author":"Matthieu Perard","twitter_card":"summary_large_image","twitter_creator":"@LesElfesCamps","twitter_site":"@LesElfesCamps","twitter_misc":{"\u00c9crit par":"Matthieu Perard","Dur\u00e9e de lecture estim\u00e9e":"9 minutes"},"schema":{"@context":"https:\/\/schema.org","@graph":[{"@type":"Article","@id":"https:\/\/www.leselfes.com\/fr\/quelles-sont-les-activites-proposees-en-colonie-de-vacances\/#article","isPartOf":{"@id":"https:\/\/www.leselfes.com\/fr\/quelles-sont-les-activites-proposees-en-colonie-de-vacances\/"},"author":{"name":"Matthieu Perard","@id":"https:\/\/dev.leselfes.com\/#\/schema\/person\/7ac5f99a7f3c597105fe663a00bdf6d6"},"headline":"Camp d&rsquo;\u00e9t\u00e9 international en Suisse 2025","datePublished":"2025-02-06T08:29:12+00:00","dateModified":"2025-02-06T08:44:04+00:00","mainEntityOfPage":{"@id":"https:\/\/www.leselfes.com\/fr\/quelles-sont-les-activites-proposees-en-colonie-de-vacances\/"},"wordCount":1979,"publisher":{"@id":"https:\/\/dev.leselfes.com\/#organization"},"image":{"@id":"https:\/\/www.leselfes.com\/fr\/quelles-sont-les-activites-proposees-en-colonie-de-vacances\/#primaryimage"},"thumbnailUrl":"https:\/\/www.leselfes.com\/wp-content\/uploads\/2025\/02\/Hollyfest-6-2-min-1.jpg","articleSection":["Camp d'\u00e9t\u00e9"],"inLanguage":"fr-FR"},{"@type":"WebPage","@id":"https:\/\/www.leselfes.com\/fr\/quelles-sont-les-activites-proposees-en-colonie-de-vacances\/","url":"https:\/\/www.leselfes.com\/fr\/quelles-sont-les-activites-proposees-en-colonie-de-vacances\/","name":"Camp d'\u00e9t\u00e9 international en Suisse 2025 - Les Elfes International Camps Switzerland","isPartOf":{"@id":"https:\/\/dev.leselfes.com\/#website"},"primaryImageOfPage":{"@id":"https:\/\/www.leselfes.com\/fr\/quelles-sont-les-activites-proposees-en-colonie-de-vacances\/#primaryimage"},"image":{"@id":"https:\/\/www.leselfes.com\/fr\/quelles-sont-les-activites-proposees-en-colonie-de-vacances\/#primaryimage"},"thumbnailUrl":"https:\/\/www.leselfes.com\/wp-content\/uploads\/2025\/02\/Hollyfest-6-2-min-1.jpg","datePublished":"2025-02-06T08:29:12+00:00","dateModified":"2025-02-06T08:44:04+00:00","description":"Camp Suisse - Le camp d'\u00e9t\u00e9 international par excellence dans les Alpes suisses offrant un m\u00e9lange d'activit\u00e9s de plein air, d'apprentissage des langues et bien plus encore !","breadcrumb":{"@id":"https:\/\/www.leselfes.com\/fr\/quelles-sont-les-activites-proposees-en-colonie-de-vacances\/#breadcrumb"},"inLanguage":"fr-FR","potentialAction":[{"@type":"ReadAction","target":["https:\/\/www.leselfes.com\/fr\/quelles-sont-les-activites-proposees-en-colonie-de-vacances\/"]}]},{"@type":"ImageObject","inLanguage":"fr-FR","@id":"https:\/\/www.leselfes.com\/fr\/quelles-sont-les-activites-proposees-en-colonie-de-vacances\/#primaryimage","url":"https:\/\/www.leselfes.com\/wp-content\/uploads\/2025\/02\/Hollyfest-6-2-min-1.jpg","contentUrl":"https:\/\/www.leselfes.com\/wp-content\/uploads\/2025\/02\/Hollyfest-6-2-min-1.jpg","width":2097,"height":1498},{"@type":"BreadcrumbList","@id":"https:\/\/www.leselfes.com\/fr\/quelles-sont-les-activites-proposees-en-colonie-de-vacances\/#breadcrumb","itemListElement":[{"@type":"ListItem","position":1,"name":"Home","item":"https:\/\/www.leselfes.com\/fr\/"},{"@type":"ListItem","position":2,"name":"Camp d&#8217;\u00e9t\u00e9 international en Suisse 2025"}]},{"@type":"WebSite","@id":"https:\/\/dev.leselfes.com\/#website","url":"https:\/\/dev.leselfes.com\/","name":"Les Elfes International","description":"Les Elfes International, Verbier Switzerland. Summer Camp, Winter Camp, Spring Camps.","publisher":{"@id":"https:\/\/dev.leselfes.com\/#organization"},"alternateName":"Les Elfes International","potentialAction":[{"@type":"SearchAction","target":{"@type":"EntryPoint","urlTemplate":"https:\/\/dev.leselfes.com\/?s={search_term_string}"},"query-input":{"@type":"PropertyValueSpecification","valueRequired":true,"valueName":"search_term_string"}}],"inLanguage":"fr-FR"},{"@type":"Organization","@id":"https:\/\/dev.leselfes.com\/#organization","name":"Les Elfes International","alternateName":"Les Elfes International","url":"https:\/\/dev.leselfes.com\/","logo":{"@type":"ImageObject","inLanguage":"fr-FR","@id":"https:\/\/dev.leselfes.com\/#\/schema\/logo\/image\/","url":"https:\/\/www.leselfes.com\/wp-content\/uploads\/2022\/03\/leselfes-logo.png","contentUrl":"https:\/\/www.leselfes.com\/wp-content\/uploads\/2022\/03\/leselfes-logo.png","width":233,"height":51,"caption":"Les Elfes International"},"image":{"@id":"https:\/\/dev.leselfes.com\/#\/schema\/logo\/image\/"},"sameAs":["https:\/\/www.facebook.com\/LesElfesVerbier","https:\/\/x.com\/LesElfesCamps","https:\/\/www.instagram.com\/leselfes","https:\/\/www.linkedin.com\/company\/les-elfes-international","https:\/\/www.youtube.com\/user\/LesElfesVerbier"]},{"@type":"Person","@id":"https:\/\/dev.leselfes.com\/#\/schema\/person\/7ac5f99a7f3c597105fe663a00bdf6d6","name":"Matthieu Perard","image":{"@type":"ImageObject","inLanguage":"fr-FR","@id":"https:\/\/dev.leselfes.com\/#\/schema\/person\/image\/","url":"https:\/\/secure.gravatar.com\/avatar\/e368f5bd153d15a1ff42a4c64a46d1ef?s=96&d=mm&r=g","contentUrl":"https:\/\/secure.gravatar.com\/avatar\/e368f5bd153d15a1ff42a4c64a46d1ef?s=96&d=mm&r=g","caption":"Matthieu Perard"},"url":"https:\/\/www.leselfes.com\/fr\/author\/m-pierardnotostudio-ch\/"}]}},"_links":{"self":[{"href":"https:\/\/www.leselfes.com\/fr\/wp-json\/wp\/v2\/posts\/109221"}],"collection":[{"href":"https:\/\/www.leselfes.com\/fr\/wp-json\/wp\/v2\/posts"}],"about":[{"href":"https:\/\/www.leselfes.com\/fr\/wp-json\/wp\/v2\/types\/post"}],"author":[{"embeddable":true,"href":"https:\/\/www.leselfes.com\/fr\/wp-json\/wp\/v2\/users\/16"}],"replies":[{"embeddable":true,"href":"https:\/\/www.leselfes.com\/fr\/wp-json\/wp\/v2\/comments?post=109221"}],"version-history":[{"count":1,"href":"https:\/\/www.leselfes.com\/fr\/wp-json\/wp\/v2\/posts\/109221\/revisions"}],"predecessor-version":[{"id":109232,"href":"https:\/\/www.leselfes.com\/fr\/wp-json\/wp\/v2\/posts\/109221\/revisions\/109232"}],"wp:featuredmedia":[{"embeddable":true,"href":"https:\/\/www.leselfes.com\/fr\/wp-json\/wp\/v2\/media\/109355"}],"wp:attachment":[{"href":"https:\/\/www.leselfes.com\/fr\/wp-json\/wp\/v2\/media?parent=109221"}],"wp:term":[{"taxonomy":"category","embeddable":true,"href":"https:\/\/www.leselfes.com\/fr\/wp-json\/wp\/v2\/categories?post=109221"},{"taxonomy":"post_tag","embeddable":true,"href":"https:\/\/www.leselfes.com\/fr\/wp-json\/wp\/v2\/tags?post=109221"}],"curies":[{"name":"wp","href":"https:\/\/api.w.org\/{rel}","templated":true}]}}