{"id":109652,"date":"2025-03-05T13:35:56","date_gmt":"2025-03-05T12:35:56","guid":{"rendered":"https:\/\/www.leselfes.com\/mercredi-5-mars-chocolats-ski-et-quiz\/"},"modified":"2025-03-05T13:35:56","modified_gmt":"2025-03-05T12:35:56","slug":"mercredi-5-mars-chocolats-ski-et-quiz","status":"publish","type":"post","link":"https:\/\/www.leselfes.com\/fr\/mercredi-5-mars-chocolats-ski-et-quiz\/","title":{"rendered":"Mercredi 5 mars &#8211; Chocolats, ski et quiz"},"content":{"rendered":"<p data-start=\"35\" data-end=\"252\">La journ\u00e9e d&rsquo;aujourd&rsquo;hui a \u00e9t\u00e9 riche en action ! Alors que certains enfants ont pass\u00e9 une autre journ\u00e9e ensoleill\u00e9e \u00e0 skier, un groupe chanceux est all\u00e9 visiter une chocolaterie et faire du shopping \u00e0 Montreux. Je ne suis absolument pas jalouse de la partie chocolat. Non.   <\/p>\n<p data-start=\"254\" data-end=\"455\">Apr\u00e8s leur retour, tout le monde s&rsquo;est rendu au centre sportif pour s&rsquo;amuser, suivi d&rsquo;un d\u00eener copieux. La soir\u00e9e s&rsquo;est termin\u00e9e par un quiz, et disons-le, les r\u00e9ponses ont \u00e9t\u00e9&#8230; cr\u00e9atives. <\/p>\n<p data-start=\"457\" data-end=\"532\">Encore une journ\u00e9e bien remplie &#8211; il est temps pour moi de m&rsquo;\u00e9clipser et de profiter du calme !<\/p>\n<ul data-start=\"534\" data-end=\"549\" data-is-last-node=\"\" data-is-only-node=\"\">\n<li data-start=\"534\" data-end=\"549\" data-is-last-node=\"\">Talia l&rsquo;Elfe<\/li>\n<\/ul>\n","protected":false},"excerpt":{"rendered":"<p>La journ\u00e9e d&rsquo;aujourd&rsquo;hui a \u00e9t\u00e9 riche en action ! Alors que certains enfants ont pass\u00e9 une autre journ\u00e9e ensoleill\u00e9e \u00e0 skier, un groupe chanceux est all\u00e9 visiter une chocolaterie et&#8230;<\/p>\n","protected":false},"author":3,"featured_media":0,"comment_status":"open","ping_status":"open","sticky":false,"template":"","format":"standard","meta":{"_acf_changed":false,"inline_featured_image":false,"footnotes":""},"categories":[],"tags":[],"class_list":["post-109652","post","type-post","status-publish","format-standard"],"acf":[],"yoast_head":"<!-- This site is optimized with the Yoast SEO Premium plugin v24.2 (Yoast SEO v24.7) - https:\/\/yoast.com\/wordpress\/plugins\/seo\/ -->\n<title>Mercredi 5 mars - Chocolats, ski et quiz - Les Elfes International Camps Switzerland<\/title>\n<meta name=\"robots\" content=\"index, follow, max-snippet:-1, max-image-preview:large, max-video-preview:-1\" \/>\n<link rel=\"canonical\" href=\"https:\/\/www.leselfes.com\/fr\/mercredi-5-mars-chocolats-ski-et-quiz\/\" \/>\n<meta property=\"og:locale\" content=\"fr_FR\" \/>\n<meta property=\"og:type\" content=\"article\" \/>\n<meta property=\"og:title\" content=\"Mercredi 5 mars - Chocolats, ski et quiz\" \/>\n<meta property=\"og:description\" content=\"La journ\u00e9e d&rsquo;aujourd&rsquo;hui a \u00e9t\u00e9 riche en action ! Alors que certains enfants ont pass\u00e9 une autre journ\u00e9e ensoleill\u00e9e \u00e0 skier, un groupe chanceux est all\u00e9 visiter une chocolaterie et...\" \/>\n<meta property=\"og:url\" content=\"https:\/\/www.leselfes.com\/fr\/mercredi-5-mars-chocolats-ski-et-quiz\/\" \/>\n<meta property=\"og:site_name\" content=\"Les Elfes International Camps Switzerland\" \/>\n<meta property=\"article:publisher\" content=\"https:\/\/www.facebook.com\/LesElfesVerbier\" \/>\n<meta property=\"article:published_time\" content=\"2025-03-05T12:35:56+00:00\" \/>\n<meta property=\"og:image\" content=\"https:\/\/www.leselfes.com\/wp-content\/uploads\/2022\/02\/Les-Elfes-International-summer-camp-Switzerland-Staff-Mobile-591x555-1.jpg\" \/>\n\t<meta property=\"og:image:width\" content=\"591\" \/>\n\t<meta property=\"og:image:height\" content=\"555\" \/>\n\t<meta property=\"og:image:type\" content=\"image\/jpeg\" \/>\n<meta name=\"author\" content=\"Campus Verbier\" \/>\n<meta name=\"twitter:card\" content=\"summary_large_image\" \/>\n<meta name=\"twitter:creator\" content=\"@LesElfesCamps\" \/>\n<meta name=\"twitter:site\" content=\"@LesElfesCamps\" \/>\n<meta name=\"twitter:label1\" content=\"\u00c9crit par\" \/>\n\t<meta name=\"twitter:data1\" content=\"Campus Verbier\" \/>\n\t<meta name=\"twitter:label2\" content=\"Dur\u00e9e de lecture estim\u00e9e\" \/>\n\t<meta name=\"twitter:data2\" content=\"1 minute\" \/>\n<script type=\"application\/ld+json\" class=\"yoast-schema-graph\">{\"@context\":\"https:\/\/schema.org\",\"@graph\":[{\"@type\":\"Article\",\"@id\":\"https:\/\/www.leselfes.com\/fr\/mercredi-5-mars-chocolats-ski-et-quiz\/#article\",\"isPartOf\":{\"@id\":\"https:\/\/www.leselfes.com\/fr\/mercredi-5-mars-chocolats-ski-et-quiz\/\"},\"author\":{\"name\":\"Campus Verbier\",\"@id\":\"https:\/\/dev.leselfes.com\/#\/schema\/person\/0c0e0182d55b809c4a248ddec3679809\"},\"headline\":\"Mercredi 5 mars &#8211; Chocolats, ski et quiz\",\"datePublished\":\"2025-03-05T12:35:56+00:00\",\"mainEntityOfPage\":{\"@id\":\"https:\/\/www.leselfes.com\/fr\/mercredi-5-mars-chocolats-ski-et-quiz\/\"},\"wordCount\":119,\"commentCount\":0,\"publisher\":{\"@id\":\"https:\/\/dev.leselfes.com\/#organization\"},\"inLanguage\":\"fr-FR\",\"potentialAction\":[{\"@type\":\"CommentAction\",\"name\":\"Comment\",\"target\":[\"https:\/\/www.leselfes.com\/fr\/mercredi-5-mars-chocolats-ski-et-quiz\/#respond\"]}]},{\"@type\":\"WebPage\",\"@id\":\"https:\/\/www.leselfes.com\/fr\/mercredi-5-mars-chocolats-ski-et-quiz\/\",\"url\":\"https:\/\/www.leselfes.com\/fr\/mercredi-5-mars-chocolats-ski-et-quiz\/\",\"name\":\"Mercredi 5 mars - Chocolats, ski et quiz - Les Elfes International Camps Switzerland\",\"isPartOf\":{\"@id\":\"https:\/\/dev.leselfes.com\/#website\"},\"datePublished\":\"2025-03-05T12:35:56+00:00\",\"breadcrumb\":{\"@id\":\"https:\/\/www.leselfes.com\/fr\/mercredi-5-mars-chocolats-ski-et-quiz\/#breadcrumb\"},\"inLanguage\":\"fr-FR\",\"potentialAction\":[{\"@type\":\"ReadAction\",\"target\":[\"https:\/\/www.leselfes.com\/fr\/mercredi-5-mars-chocolats-ski-et-quiz\/\"]}]},{\"@type\":\"BreadcrumbList\",\"@id\":\"https:\/\/www.leselfes.com\/fr\/mercredi-5-mars-chocolats-ski-et-quiz\/#breadcrumb\",\"itemListElement\":[{\"@type\":\"ListItem\",\"position\":1,\"name\":\"Home\",\"item\":\"https:\/\/www.leselfes.com\/fr\/\"},{\"@type\":\"ListItem\",\"position\":2,\"name\":\"Mercredi 5 mars &#8211; Chocolats, ski et quiz\"}]},{\"@type\":\"WebSite\",\"@id\":\"https:\/\/dev.leselfes.com\/#website\",\"url\":\"https:\/\/dev.leselfes.com\/\",\"name\":\"Les Elfes International\",\"description\":\"Les Elfes International, Verbier Switzerland. Summer Camp, Winter Camp, Spring Camps.\",\"publisher\":{\"@id\":\"https:\/\/dev.leselfes.com\/#organization\"},\"alternateName\":\"Les Elfes International\",\"potentialAction\":[{\"@type\":\"SearchAction\",\"target\":{\"@type\":\"EntryPoint\",\"urlTemplate\":\"https:\/\/dev.leselfes.com\/?s={search_term_string}\"},\"query-input\":{\"@type\":\"PropertyValueSpecification\",\"valueRequired\":true,\"valueName\":\"search_term_string\"}}],\"inLanguage\":\"fr-FR\"},{\"@type\":\"Organization\",\"@id\":\"https:\/\/dev.leselfes.com\/#organization\",\"name\":\"Les Elfes International\",\"alternateName\":\"Les Elfes International\",\"url\":\"https:\/\/dev.leselfes.com\/\",\"logo\":{\"@type\":\"ImageObject\",\"inLanguage\":\"fr-FR\",\"@id\":\"https:\/\/dev.leselfes.com\/#\/schema\/logo\/image\/\",\"url\":\"https:\/\/www.leselfes.com\/wp-content\/uploads\/2022\/03\/leselfes-logo.png\",\"contentUrl\":\"https:\/\/www.leselfes.com\/wp-content\/uploads\/2022\/03\/leselfes-logo.png\",\"width\":233,\"height\":51,\"caption\":\"Les Elfes International\"},\"image\":{\"@id\":\"https:\/\/dev.leselfes.com\/#\/schema\/logo\/image\/\"},\"sameAs\":[\"https:\/\/www.facebook.com\/LesElfesVerbier\",\"https:\/\/x.com\/LesElfesCamps\",\"https:\/\/www.instagram.com\/leselfes\",\"https:\/\/www.linkedin.com\/company\/les-elfes-international\",\"https:\/\/www.youtube.com\/user\/LesElfesVerbier\"]},{\"@type\":\"Person\",\"@id\":\"https:\/\/dev.leselfes.com\/#\/schema\/person\/0c0e0182d55b809c4a248ddec3679809\",\"name\":\"Campus Verbier\",\"image\":{\"@type\":\"ImageObject\",\"inLanguage\":\"fr-FR\",\"@id\":\"https:\/\/dev.leselfes.com\/#\/schema\/person\/image\/\",\"url\":\"https:\/\/secure.gravatar.com\/avatar\/c1f89991446ba8fe831247a9fa732dfc?s=96&d=mm&r=g\",\"contentUrl\":\"https:\/\/secure.gravatar.com\/avatar\/c1f89991446ba8fe831247a9fa732dfc?s=96&d=mm&r=g\",\"caption\":\"Campus Verbier\"},\"url\":\"https:\/\/www.leselfes.com\/fr\/author\/campus\/\"}]}<\/script>\n<!-- \/ Yoast SEO Premium plugin. -->","yoast_head_json":{"title":"Mercredi 5 mars - Chocolats, ski et quiz - Les Elfes International Camps Switzerland","robots":{"index":"index","follow":"follow","max-snippet":"max-snippet:-1","max-image-preview":"max-image-preview:large","max-video-preview":"max-video-preview:-1"},"canonical":"https:\/\/www.leselfes.com\/fr\/mercredi-5-mars-chocolats-ski-et-quiz\/","og_locale":"fr_FR","og_type":"article","og_title":"Mercredi 5 mars - Chocolats, ski et quiz","og_description":"La journ\u00e9e d&rsquo;aujourd&rsquo;hui a \u00e9t\u00e9 riche en action ! Alors que certains enfants ont pass\u00e9 une autre journ\u00e9e ensoleill\u00e9e \u00e0 skier, un groupe chanceux est all\u00e9 visiter une chocolaterie et...","og_url":"https:\/\/www.leselfes.com\/fr\/mercredi-5-mars-chocolats-ski-et-quiz\/","og_site_name":"Les Elfes International Camps Switzerland","article_publisher":"https:\/\/www.facebook.com\/LesElfesVerbier","article_published_time":"2025-03-05T12:35:56+00:00","og_image":[{"width":591,"height":555,"url":"https:\/\/www.leselfes.com\/wp-content\/uploads\/2022\/02\/Les-Elfes-International-summer-camp-Switzerland-Staff-Mobile-591x555-1.jpg","type":"image\/jpeg"}],"author":"Campus Verbier","twitter_card":"summary_large_image","twitter_creator":"@LesElfesCamps","twitter_site":"@LesElfesCamps","twitter_misc":{"\u00c9crit par":"Campus Verbier","Dur\u00e9e de lecture estim\u00e9e":"1 minute"},"schema":{"@context":"https:\/\/schema.org","@graph":[{"@type":"Article","@id":"https:\/\/www.leselfes.com\/fr\/mercredi-5-mars-chocolats-ski-et-quiz\/#article","isPartOf":{"@id":"https:\/\/www.leselfes.com\/fr\/mercredi-5-mars-chocolats-ski-et-quiz\/"},"author":{"name":"Campus Verbier","@id":"https:\/\/dev.leselfes.com\/#\/schema\/person\/0c0e0182d55b809c4a248ddec3679809"},"headline":"Mercredi 5 mars &#8211; Chocolats, ski et quiz","datePublished":"2025-03-05T12:35:56+00:00","mainEntityOfPage":{"@id":"https:\/\/www.leselfes.com\/fr\/mercredi-5-mars-chocolats-ski-et-quiz\/"},"wordCount":119,"commentCount":0,"publisher":{"@id":"https:\/\/dev.leselfes.com\/#organization"},"inLanguage":"fr-FR","potentialAction":[{"@type":"CommentAction","name":"Comment","target":["https:\/\/www.leselfes.com\/fr\/mercredi-5-mars-chocolats-ski-et-quiz\/#respond"]}]},{"@type":"WebPage","@id":"https:\/\/www.leselfes.com\/fr\/mercredi-5-mars-chocolats-ski-et-quiz\/","url":"https:\/\/www.leselfes.com\/fr\/mercredi-5-mars-chocolats-ski-et-quiz\/","name":"Mercredi 5 mars - Chocolats, ski et quiz - Les Elfes International Camps Switzerland","isPartOf":{"@id":"https:\/\/dev.leselfes.com\/#website"},"datePublished":"2025-03-05T12:35:56+00:00","breadcrumb":{"@id":"https:\/\/www.leselfes.com\/fr\/mercredi-5-mars-chocolats-ski-et-quiz\/#breadcrumb"},"inLanguage":"fr-FR","potentialAction":[{"@type":"ReadAction","target":["https:\/\/www.leselfes.com\/fr\/mercredi-5-mars-chocolats-ski-et-quiz\/"]}]},{"@type":"BreadcrumbList","@id":"https:\/\/www.leselfes.com\/fr\/mercredi-5-mars-chocolats-ski-et-quiz\/#breadcrumb","itemListElement":[{"@type":"ListItem","position":1,"name":"Home","item":"https:\/\/www.leselfes.com\/fr\/"},{"@type":"ListItem","position":2,"name":"Mercredi 5 mars &#8211; Chocolats, ski et quiz"}]},{"@type":"WebSite","@id":"https:\/\/dev.leselfes.com\/#website","url":"https:\/\/dev.leselfes.com\/","name":"Les Elfes International","description":"Les Elfes International, Verbier Switzerland. Summer Camp, Winter Camp, Spring Camps.","publisher":{"@id":"https:\/\/dev.leselfes.com\/#organization"},"alternateName":"Les Elfes International","potentialAction":[{"@type":"SearchAction","target":{"@type":"EntryPoint","urlTemplate":"https:\/\/dev.leselfes.com\/?s={search_term_string}"},"query-input":{"@type":"PropertyValueSpecification","valueRequired":true,"valueName":"search_term_string"}}],"inLanguage":"fr-FR"},{"@type":"Organization","@id":"https:\/\/dev.leselfes.com\/#organization","name":"Les Elfes International","alternateName":"Les Elfes International","url":"https:\/\/dev.leselfes.com\/","logo":{"@type":"ImageObject","inLanguage":"fr-FR","@id":"https:\/\/dev.leselfes.com\/#\/schema\/logo\/image\/","url":"https:\/\/www.leselfes.com\/wp-content\/uploads\/2022\/03\/leselfes-logo.png","contentUrl":"https:\/\/www.leselfes.com\/wp-content\/uploads\/2022\/03\/leselfes-logo.png","width":233,"height":51,"caption":"Les Elfes International"},"image":{"@id":"https:\/\/dev.leselfes.com\/#\/schema\/logo\/image\/"},"sameAs":["https:\/\/www.facebook.com\/LesElfesVerbier","https:\/\/x.com\/LesElfesCamps","https:\/\/www.instagram.com\/leselfes","https:\/\/www.linkedin.com\/company\/les-elfes-international","https:\/\/www.youtube.com\/user\/LesElfesVerbier"]},{"@type":"Person","@id":"https:\/\/dev.leselfes.com\/#\/schema\/person\/0c0e0182d55b809c4a248ddec3679809","name":"Campus Verbier","image":{"@type":"ImageObject","inLanguage":"fr-FR","@id":"https:\/\/dev.leselfes.com\/#\/schema\/person\/image\/","url":"https:\/\/secure.gravatar.com\/avatar\/c1f89991446ba8fe831247a9fa732dfc?s=96&d=mm&r=g","contentUrl":"https:\/\/secure.gravatar.com\/avatar\/c1f89991446ba8fe831247a9fa732dfc?s=96&d=mm&r=g","caption":"Campus Verbier"},"url":"https:\/\/www.leselfes.com\/fr\/author\/campus\/"}]}},"_links":{"self":[{"href":"https:\/\/www.leselfes.com\/fr\/wp-json\/wp\/v2\/posts\/109652"}],"collection":[{"href":"https:\/\/www.leselfes.com\/fr\/wp-json\/wp\/v2\/posts"}],"about":[{"href":"https:\/\/www.leselfes.com\/fr\/wp-json\/wp\/v2\/types\/post"}],"author":[{"embeddable":true,"href":"https:\/\/www.leselfes.com\/fr\/wp-json\/wp\/v2\/users\/3"}],"replies":[{"embeddable":true,"href":"https:\/\/www.leselfes.com\/fr\/wp-json\/wp\/v2\/comments?post=109652"}],"version-history":[{"count":0,"href":"https:\/\/www.leselfes.com\/fr\/wp-json\/wp\/v2\/posts\/109652\/revisions"}],"wp:attachment":[{"href":"https:\/\/www.leselfes.com\/fr\/wp-json\/wp\/v2\/media?parent=109652"}],"wp:term":[{"taxonomy":"category","embeddable":true,"href":"https:\/\/www.leselfes.com\/fr\/wp-json\/wp\/v2\/categories?post=109652"},{"taxonomy":"post_tag","embeddable":true,"href":"https:\/\/www.leselfes.com\/fr\/wp-json\/wp\/v2\/tags?post=109652"}],"curies":[{"name":"wp","href":"https:\/\/api.w.org\/{rel}","templated":true}]}}