{"id":110296,"date":"2025-03-11T17:45:34","date_gmt":"2025-03-11T16:45:34","guid":{"rendered":"https:\/\/www.leselfes.com\/lundi-11-mars-une-journee-enneigee-de-plaisir-et-damitie\/"},"modified":"2025-03-11T17:45:34","modified_gmt":"2025-03-11T16:45:34","slug":"lundi-11-mars-une-journee-enneigee-de-plaisir-et-damitie","status":"publish","type":"post","link":"https:\/\/www.leselfes.com\/fr\/lundi-11-mars-une-journee-enneigee-de-plaisir-et-damitie\/","title":{"rendered":"Lundi 11 mars &#8211; Une journ\u00e9e enneig\u00e9e de plaisir et d&rsquo;amiti\u00e9"},"content":{"rendered":"<p data-start=\"53\" data-end=\"394\">La journ\u00e9e d&rsquo;aujourd&rsquo;hui a \u00e9t\u00e9 magique ! Apr\u00e8s une nouvelle chute de neige pendant la nuit, les enfants se sont lev\u00e9s t\u00f4t, impatients de skier sous un ciel ensoleill\u00e9. Les pistes \u00e9taient parfaites et ils ont d\u00e9val\u00e9 les pentes en riant et en s&rsquo;encourageant les uns les autres. Apr\u00e8s un d\u00e9jeuner chaud dans une cantine sur les pistes, tous les enfants sont retourn\u00e9s skier et, apr\u00e8s quelques heures suppl\u00e9mentaires, ils sont revenus au camp pour un go\u00fbter &#8211; chocolat chaud et biscuits, miam !   <\/p>\n<p data-start=\"396\" data-end=\"619\">L&rsquo;apr\u00e8s-midi, certains enfants ont explor\u00e9 la ville, tandis que d&rsquo;autres ont fait de l&rsquo;escalade ou ont pr\u00e9par\u00e9 de d\u00e9licieuses friandises dans le centre sportif. Il \u00e9tait tr\u00e8s agr\u00e9able de les voir se faire de nouveaux amis, partager leurs exp\u00e9riences et s&rsquo;entraider. <\/p>\n<p data-start=\"621\" data-end=\"813\" data-is-last-node=\"\" data-is-only-node=\"\">La journ\u00e9e s&rsquo;est termin\u00e9e par un d\u00eener, suivi d&rsquo;un film confortable pour certains et d&rsquo;une soir\u00e9e quiz amusante pour d&rsquo;autres. Demain nous r\u00e9serve encore plus d&rsquo;aventures ! <\/p>\n","protected":false},"excerpt":{"rendered":"<p>La journ\u00e9e d&rsquo;aujourd&rsquo;hui a \u00e9t\u00e9 magique ! Apr\u00e8s une nouvelle chute de neige pendant la nuit, les enfants se sont lev\u00e9s t\u00f4t, impatients de skier sous un ciel ensoleill\u00e9. Les&#8230;<\/p>\n","protected":false},"author":3,"featured_media":0,"comment_status":"open","ping_status":"open","sticky":false,"template":"","format":"standard","meta":{"_acf_changed":false,"inline_featured_image":false,"footnotes":""},"categories":[],"tags":[],"class_list":["post-110296","post","type-post","status-publish","format-standard"],"acf":[],"yoast_head":"<!-- This site is optimized with the Yoast SEO Premium plugin v24.2 (Yoast SEO v24.7) - https:\/\/yoast.com\/wordpress\/plugins\/seo\/ -->\n<title>Lundi 11 mars - Une journ\u00e9e enneig\u00e9e de plaisir et d&#039;amiti\u00e9 - Les Elfes International Camps Switzerland<\/title>\n<meta name=\"robots\" content=\"index, follow, max-snippet:-1, max-image-preview:large, max-video-preview:-1\" \/>\n<link rel=\"canonical\" href=\"https:\/\/www.leselfes.com\/fr\/lundi-11-mars-une-journee-enneigee-de-plaisir-et-damitie\/\" \/>\n<meta property=\"og:locale\" content=\"fr_FR\" \/>\n<meta property=\"og:type\" content=\"article\" \/>\n<meta property=\"og:title\" content=\"Lundi 11 mars - Une journ\u00e9e enneig\u00e9e de plaisir et d&#039;amiti\u00e9\" \/>\n<meta property=\"og:description\" content=\"La journ\u00e9e d&rsquo;aujourd&rsquo;hui a \u00e9t\u00e9 magique ! Apr\u00e8s une nouvelle chute de neige pendant la nuit, les enfants se sont lev\u00e9s t\u00f4t, impatients de skier sous un ciel ensoleill\u00e9. Les...\" \/>\n<meta property=\"og:url\" content=\"https:\/\/www.leselfes.com\/fr\/lundi-11-mars-une-journee-enneigee-de-plaisir-et-damitie\/\" \/>\n<meta property=\"og:site_name\" content=\"Les Elfes International Camps Switzerland\" \/>\n<meta property=\"article:publisher\" content=\"https:\/\/www.facebook.com\/LesElfesVerbier\" \/>\n<meta property=\"article:published_time\" content=\"2025-03-11T16:45:34+00:00\" \/>\n<meta property=\"og:image\" content=\"https:\/\/www.leselfes.com\/wp-content\/uploads\/2022\/02\/Les-Elfes-International-summer-camp-Switzerland-Staff-Mobile-591x555-1.jpg\" \/>\n\t<meta property=\"og:image:width\" content=\"591\" \/>\n\t<meta property=\"og:image:height\" content=\"555\" \/>\n\t<meta property=\"og:image:type\" content=\"image\/jpeg\" \/>\n<meta name=\"author\" content=\"Campus Verbier\" \/>\n<meta name=\"twitter:card\" content=\"summary_large_image\" \/>\n<meta name=\"twitter:creator\" content=\"@LesElfesCamps\" \/>\n<meta name=\"twitter:site\" content=\"@LesElfesCamps\" \/>\n<meta name=\"twitter:label1\" content=\"\u00c9crit par\" \/>\n\t<meta name=\"twitter:data1\" content=\"Campus Verbier\" \/>\n\t<meta name=\"twitter:label2\" content=\"Dur\u00e9e de lecture estim\u00e9e\" \/>\n\t<meta name=\"twitter:data2\" content=\"1 minute\" \/>\n<script type=\"application\/ld+json\" class=\"yoast-schema-graph\">{\"@context\":\"https:\/\/schema.org\",\"@graph\":[{\"@type\":\"Article\",\"@id\":\"https:\/\/www.leselfes.com\/fr\/lundi-11-mars-une-journee-enneigee-de-plaisir-et-damitie\/#article\",\"isPartOf\":{\"@id\":\"https:\/\/www.leselfes.com\/fr\/lundi-11-mars-une-journee-enneigee-de-plaisir-et-damitie\/\"},\"author\":{\"name\":\"Campus Verbier\",\"@id\":\"https:\/\/dev.leselfes.com\/#\/schema\/person\/0c0e0182d55b809c4a248ddec3679809\"},\"headline\":\"Lundi 11 mars &#8211; Une journ\u00e9e enneig\u00e9e de plaisir et d&rsquo;amiti\u00e9\",\"datePublished\":\"2025-03-11T16:45:34+00:00\",\"mainEntityOfPage\":{\"@id\":\"https:\/\/www.leselfes.com\/fr\/lundi-11-mars-une-journee-enneigee-de-plaisir-et-damitie\/\"},\"wordCount\":196,\"commentCount\":0,\"publisher\":{\"@id\":\"https:\/\/dev.leselfes.com\/#organization\"},\"inLanguage\":\"fr-FR\",\"potentialAction\":[{\"@type\":\"CommentAction\",\"name\":\"Comment\",\"target\":[\"https:\/\/www.leselfes.com\/fr\/lundi-11-mars-une-journee-enneigee-de-plaisir-et-damitie\/#respond\"]}]},{\"@type\":\"WebPage\",\"@id\":\"https:\/\/www.leselfes.com\/fr\/lundi-11-mars-une-journee-enneigee-de-plaisir-et-damitie\/\",\"url\":\"https:\/\/www.leselfes.com\/fr\/lundi-11-mars-une-journee-enneigee-de-plaisir-et-damitie\/\",\"name\":\"Lundi 11 mars - Une journ\u00e9e enneig\u00e9e de plaisir et d'amiti\u00e9 - Les Elfes International Camps Switzerland\",\"isPartOf\":{\"@id\":\"https:\/\/dev.leselfes.com\/#website\"},\"datePublished\":\"2025-03-11T16:45:34+00:00\",\"breadcrumb\":{\"@id\":\"https:\/\/www.leselfes.com\/fr\/lundi-11-mars-une-journee-enneigee-de-plaisir-et-damitie\/#breadcrumb\"},\"inLanguage\":\"fr-FR\",\"potentialAction\":[{\"@type\":\"ReadAction\",\"target\":[\"https:\/\/www.leselfes.com\/fr\/lundi-11-mars-une-journee-enneigee-de-plaisir-et-damitie\/\"]}]},{\"@type\":\"BreadcrumbList\",\"@id\":\"https:\/\/www.leselfes.com\/fr\/lundi-11-mars-une-journee-enneigee-de-plaisir-et-damitie\/#breadcrumb\",\"itemListElement\":[{\"@type\":\"ListItem\",\"position\":1,\"name\":\"Home\",\"item\":\"https:\/\/www.leselfes.com\/fr\/\"},{\"@type\":\"ListItem\",\"position\":2,\"name\":\"Lundi 11 mars &#8211; Une journ\u00e9e enneig\u00e9e de plaisir et d&#8217;amiti\u00e9\"}]},{\"@type\":\"WebSite\",\"@id\":\"https:\/\/dev.leselfes.com\/#website\",\"url\":\"https:\/\/dev.leselfes.com\/\",\"name\":\"Les Elfes International\",\"description\":\"Les Elfes International, Verbier Switzerland. Summer Camp, Winter Camp, Spring Camps.\",\"publisher\":{\"@id\":\"https:\/\/dev.leselfes.com\/#organization\"},\"alternateName\":\"Les Elfes International\",\"potentialAction\":[{\"@type\":\"SearchAction\",\"target\":{\"@type\":\"EntryPoint\",\"urlTemplate\":\"https:\/\/dev.leselfes.com\/?s={search_term_string}\"},\"query-input\":{\"@type\":\"PropertyValueSpecification\",\"valueRequired\":true,\"valueName\":\"search_term_string\"}}],\"inLanguage\":\"fr-FR\"},{\"@type\":\"Organization\",\"@id\":\"https:\/\/dev.leselfes.com\/#organization\",\"name\":\"Les Elfes International\",\"alternateName\":\"Les Elfes International\",\"url\":\"https:\/\/dev.leselfes.com\/\",\"logo\":{\"@type\":\"ImageObject\",\"inLanguage\":\"fr-FR\",\"@id\":\"https:\/\/dev.leselfes.com\/#\/schema\/logo\/image\/\",\"url\":\"https:\/\/www.leselfes.com\/wp-content\/uploads\/2022\/03\/leselfes-logo.png\",\"contentUrl\":\"https:\/\/www.leselfes.com\/wp-content\/uploads\/2022\/03\/leselfes-logo.png\",\"width\":233,\"height\":51,\"caption\":\"Les Elfes International\"},\"image\":{\"@id\":\"https:\/\/dev.leselfes.com\/#\/schema\/logo\/image\/\"},\"sameAs\":[\"https:\/\/www.facebook.com\/LesElfesVerbier\",\"https:\/\/x.com\/LesElfesCamps\",\"https:\/\/www.instagram.com\/leselfes\",\"https:\/\/www.linkedin.com\/company\/les-elfes-international\",\"https:\/\/www.youtube.com\/user\/LesElfesVerbier\"]},{\"@type\":\"Person\",\"@id\":\"https:\/\/dev.leselfes.com\/#\/schema\/person\/0c0e0182d55b809c4a248ddec3679809\",\"name\":\"Campus Verbier\",\"image\":{\"@type\":\"ImageObject\",\"inLanguage\":\"fr-FR\",\"@id\":\"https:\/\/dev.leselfes.com\/#\/schema\/person\/image\/\",\"url\":\"https:\/\/secure.gravatar.com\/avatar\/c1f89991446ba8fe831247a9fa732dfc?s=96&d=mm&r=g\",\"contentUrl\":\"https:\/\/secure.gravatar.com\/avatar\/c1f89991446ba8fe831247a9fa732dfc?s=96&d=mm&r=g\",\"caption\":\"Campus Verbier\"},\"url\":\"https:\/\/www.leselfes.com\/fr\/author\/campus\/\"}]}<\/script>\n<!-- \/ Yoast SEO Premium plugin. -->","yoast_head_json":{"title":"Lundi 11 mars - Une journ\u00e9e enneig\u00e9e de plaisir et d'amiti\u00e9 - Les Elfes International Camps Switzerland","robots":{"index":"index","follow":"follow","max-snippet":"max-snippet:-1","max-image-preview":"max-image-preview:large","max-video-preview":"max-video-preview:-1"},"canonical":"https:\/\/www.leselfes.com\/fr\/lundi-11-mars-une-journee-enneigee-de-plaisir-et-damitie\/","og_locale":"fr_FR","og_type":"article","og_title":"Lundi 11 mars - Une journ\u00e9e enneig\u00e9e de plaisir et d'amiti\u00e9","og_description":"La journ\u00e9e d&rsquo;aujourd&rsquo;hui a \u00e9t\u00e9 magique ! Apr\u00e8s une nouvelle chute de neige pendant la nuit, les enfants se sont lev\u00e9s t\u00f4t, impatients de skier sous un ciel ensoleill\u00e9. Les...","og_url":"https:\/\/www.leselfes.com\/fr\/lundi-11-mars-une-journee-enneigee-de-plaisir-et-damitie\/","og_site_name":"Les Elfes International Camps Switzerland","article_publisher":"https:\/\/www.facebook.com\/LesElfesVerbier","article_published_time":"2025-03-11T16:45:34+00:00","og_image":[{"width":591,"height":555,"url":"https:\/\/www.leselfes.com\/wp-content\/uploads\/2022\/02\/Les-Elfes-International-summer-camp-Switzerland-Staff-Mobile-591x555-1.jpg","type":"image\/jpeg"}],"author":"Campus Verbier","twitter_card":"summary_large_image","twitter_creator":"@LesElfesCamps","twitter_site":"@LesElfesCamps","twitter_misc":{"\u00c9crit par":"Campus Verbier","Dur\u00e9e de lecture estim\u00e9e":"1 minute"},"schema":{"@context":"https:\/\/schema.org","@graph":[{"@type":"Article","@id":"https:\/\/www.leselfes.com\/fr\/lundi-11-mars-une-journee-enneigee-de-plaisir-et-damitie\/#article","isPartOf":{"@id":"https:\/\/www.leselfes.com\/fr\/lundi-11-mars-une-journee-enneigee-de-plaisir-et-damitie\/"},"author":{"name":"Campus Verbier","@id":"https:\/\/dev.leselfes.com\/#\/schema\/person\/0c0e0182d55b809c4a248ddec3679809"},"headline":"Lundi 11 mars &#8211; Une journ\u00e9e enneig\u00e9e de plaisir et d&rsquo;amiti\u00e9","datePublished":"2025-03-11T16:45:34+00:00","mainEntityOfPage":{"@id":"https:\/\/www.leselfes.com\/fr\/lundi-11-mars-une-journee-enneigee-de-plaisir-et-damitie\/"},"wordCount":196,"commentCount":0,"publisher":{"@id":"https:\/\/dev.leselfes.com\/#organization"},"inLanguage":"fr-FR","potentialAction":[{"@type":"CommentAction","name":"Comment","target":["https:\/\/www.leselfes.com\/fr\/lundi-11-mars-une-journee-enneigee-de-plaisir-et-damitie\/#respond"]}]},{"@type":"WebPage","@id":"https:\/\/www.leselfes.com\/fr\/lundi-11-mars-une-journee-enneigee-de-plaisir-et-damitie\/","url":"https:\/\/www.leselfes.com\/fr\/lundi-11-mars-une-journee-enneigee-de-plaisir-et-damitie\/","name":"Lundi 11 mars - Une journ\u00e9e enneig\u00e9e de plaisir et d'amiti\u00e9 - Les Elfes International Camps Switzerland","isPartOf":{"@id":"https:\/\/dev.leselfes.com\/#website"},"datePublished":"2025-03-11T16:45:34+00:00","breadcrumb":{"@id":"https:\/\/www.leselfes.com\/fr\/lundi-11-mars-une-journee-enneigee-de-plaisir-et-damitie\/#breadcrumb"},"inLanguage":"fr-FR","potentialAction":[{"@type":"ReadAction","target":["https:\/\/www.leselfes.com\/fr\/lundi-11-mars-une-journee-enneigee-de-plaisir-et-damitie\/"]}]},{"@type":"BreadcrumbList","@id":"https:\/\/www.leselfes.com\/fr\/lundi-11-mars-une-journee-enneigee-de-plaisir-et-damitie\/#breadcrumb","itemListElement":[{"@type":"ListItem","position":1,"name":"Home","item":"https:\/\/www.leselfes.com\/fr\/"},{"@type":"ListItem","position":2,"name":"Lundi 11 mars &#8211; Une journ\u00e9e enneig\u00e9e de plaisir et d&#8217;amiti\u00e9"}]},{"@type":"WebSite","@id":"https:\/\/dev.leselfes.com\/#website","url":"https:\/\/dev.leselfes.com\/","name":"Les Elfes International","description":"Les Elfes International, Verbier Switzerland. Summer Camp, Winter Camp, Spring Camps.","publisher":{"@id":"https:\/\/dev.leselfes.com\/#organization"},"alternateName":"Les Elfes International","potentialAction":[{"@type":"SearchAction","target":{"@type":"EntryPoint","urlTemplate":"https:\/\/dev.leselfes.com\/?s={search_term_string}"},"query-input":{"@type":"PropertyValueSpecification","valueRequired":true,"valueName":"search_term_string"}}],"inLanguage":"fr-FR"},{"@type":"Organization","@id":"https:\/\/dev.leselfes.com\/#organization","name":"Les Elfes International","alternateName":"Les Elfes International","url":"https:\/\/dev.leselfes.com\/","logo":{"@type":"ImageObject","inLanguage":"fr-FR","@id":"https:\/\/dev.leselfes.com\/#\/schema\/logo\/image\/","url":"https:\/\/www.leselfes.com\/wp-content\/uploads\/2022\/03\/leselfes-logo.png","contentUrl":"https:\/\/www.leselfes.com\/wp-content\/uploads\/2022\/03\/leselfes-logo.png","width":233,"height":51,"caption":"Les Elfes International"},"image":{"@id":"https:\/\/dev.leselfes.com\/#\/schema\/logo\/image\/"},"sameAs":["https:\/\/www.facebook.com\/LesElfesVerbier","https:\/\/x.com\/LesElfesCamps","https:\/\/www.instagram.com\/leselfes","https:\/\/www.linkedin.com\/company\/les-elfes-international","https:\/\/www.youtube.com\/user\/LesElfesVerbier"]},{"@type":"Person","@id":"https:\/\/dev.leselfes.com\/#\/schema\/person\/0c0e0182d55b809c4a248ddec3679809","name":"Campus Verbier","image":{"@type":"ImageObject","inLanguage":"fr-FR","@id":"https:\/\/dev.leselfes.com\/#\/schema\/person\/image\/","url":"https:\/\/secure.gravatar.com\/avatar\/c1f89991446ba8fe831247a9fa732dfc?s=96&d=mm&r=g","contentUrl":"https:\/\/secure.gravatar.com\/avatar\/c1f89991446ba8fe831247a9fa732dfc?s=96&d=mm&r=g","caption":"Campus Verbier"},"url":"https:\/\/www.leselfes.com\/fr\/author\/campus\/"}]}},"_links":{"self":[{"href":"https:\/\/www.leselfes.com\/fr\/wp-json\/wp\/v2\/posts\/110296"}],"collection":[{"href":"https:\/\/www.leselfes.com\/fr\/wp-json\/wp\/v2\/posts"}],"about":[{"href":"https:\/\/www.leselfes.com\/fr\/wp-json\/wp\/v2\/types\/post"}],"author":[{"embeddable":true,"href":"https:\/\/www.leselfes.com\/fr\/wp-json\/wp\/v2\/users\/3"}],"replies":[{"embeddable":true,"href":"https:\/\/www.leselfes.com\/fr\/wp-json\/wp\/v2\/comments?post=110296"}],"version-history":[{"count":0,"href":"https:\/\/www.leselfes.com\/fr\/wp-json\/wp\/v2\/posts\/110296\/revisions"}],"wp:attachment":[{"href":"https:\/\/www.leselfes.com\/fr\/wp-json\/wp\/v2\/media?parent=110296"}],"wp:term":[{"taxonomy":"category","embeddable":true,"href":"https:\/\/www.leselfes.com\/fr\/wp-json\/wp\/v2\/categories?post=110296"},{"taxonomy":"post_tag","embeddable":true,"href":"https:\/\/www.leselfes.com\/fr\/wp-json\/wp\/v2\/tags?post=110296"}],"curies":[{"name":"wp","href":"https:\/\/api.w.org\/{rel}","templated":true}]}}