{"id":89435,"date":"2020-04-24T08:31:27","date_gmt":"2020-04-24T06:31:27","guid":{"rendered":"https:\/\/www.leselfes.com\/camp-dete-2020-les-elfes-rouvrent-leurs-portes\/"},"modified":"2024-10-09T15:40:53","modified_gmt":"2024-10-09T13:40:53","slug":"camp-dete-2020-les-elfes-rouvrent-leurs-portes","status":"publish","type":"post","link":"https:\/\/www.leselfes.com\/fr\/camp-dete-2020-les-elfes-rouvrent-leurs-portes\/","title":{"rendered":"Camp d&rsquo;\u00e9t\u00e9 2020.\nLes Elfes rouvrent leurs portes !"},"content":{"rendered":"<p>\n\n<figure>\n<p><img loading=\"lazy\" decoding=\"async\" src=\"https:\/\/www.leselfes.com\/wp-content\/uploads\/2020\/04\/Image-1-50.jpg\" alt=\"\" width=\"800\" height=\"450\"\/><\/p>\n<p>Dear All,<\/p>\n<p>We hope that you are all well. These past few months have certainly been extremely difficult for many people with very few being unaffected by the COVID-19 pandemic.<\/p>\n<p>Les Elfes has been running remotely, and frequently in touch with the authorities, understanding how to operate in these unprecedented times and importantly when we can re-open and welcome children through our doors once more.<\/p>\n<p><img loading=\"lazy\" decoding=\"async\" src=\"https:\/\/www.leselfes.com\/wp-content\/uploads\/2020\/04\/Image-3-50.jpg\" alt=\"\" width=\"715\" height=\"562\"\/><\/p>\n<p>The good news is that from 5th July this year, our Summer Camp shall reopen, and we believe that after schools having been closed, and with limited travel taking place, Summer Camp will be a refreshing and welcome change for young children and teenagers. Integrating with others, being in the outdoors, and simply having fun up in the mountain will surely remedy any restrictions which have taken place these last few months.<\/p>\n<p>Our two and three-week programs shall entail our classic languages and outdoor activities elements. Mountain Huts, trips down to the lake, rock climbing and mountain biking, to name a few which bring challenges, joy and learning for those hungry young minds. Details on how we are working slightly differently are on our website, here a few points for your consideration:<\/p>\n<ul>\n<li>Children shall be under the care of our dedicated staff as well as a full-time nurse.<\/li>\n<li>Uniquely to Summer 2020 instead of 4 bedded rooms we shall offer 2 bedded rooms as standard.<\/li>\n<li>Les Elfes shall offer a 10% discount on all bookings for summer camp 2020.<\/li>\n<li>Extra measures will be taken during the campus.\u00a0<\/li>\n<\/ul>\n<p><img loading=\"lazy\" decoding=\"async\" src=\"https:\/\/www.leselfes.com\/wp-content\/uploads\/2020\/04\/Image-2-50.jpg\" alt=\"\" width=\"800\" height=\"450\"\/><\/p>\n<p>Wherever you are this summer we trust you have a wonderful time and look forward to any questions you may have concerning our programs, and of course welcoming Les Elfes campers once more.<\/p>\n<\/figure>\n<p><\/p><\/p>\n","protected":false},"excerpt":{"rendered":"<p>La colonie de vacances Les Elfes rouvre ses portes et des mesures COVID-19 ont \u00e9t\u00e9 mises en place pour garantir la s\u00e9curit\u00e9 du camp.<\/p>\n","protected":false},"author":1,"featured_media":72941,"comment_status":"open","ping_status":"open","sticky":false,"template":"","format":"standard","meta":{"_acf_changed":false,"inline_featured_image":false,"footnotes":""},"categories":[1062],"tags":[],"class_list":{"0":"post-89435","1":"post","2":"type-post","3":"status-publish","4":"format-standard","5":"has-post-thumbnail","7":"category-non-classifiee"},"acf":[],"yoast_head":"<!-- This site is optimized with the Yoast SEO Premium plugin v24.2 (Yoast SEO v24.7) - https:\/\/yoast.com\/wordpress\/plugins\/seo\/ -->\n<title>Camp d&#039;\u00e9t\u00e9 2020. Les Elfes rouvrent leurs portes ! - Les Elfes International Camps Switzerland<\/title>\n<meta name=\"robots\" content=\"index, follow, max-snippet:-1, max-image-preview:large, max-video-preview:-1\" \/>\n<link rel=\"canonical\" href=\"https:\/\/www.leselfes.com\/fr\/camp-dete-2020-les-elfes-rouvrent-leurs-portes\/\" \/>\n<meta property=\"og:locale\" content=\"fr_FR\" \/>\n<meta property=\"og:type\" content=\"article\" \/>\n<meta property=\"og:title\" content=\"Camp d&#039;\u00e9t\u00e9 2020. Les Elfes rouvrent leurs portes !\" \/>\n<meta property=\"og:description\" content=\"La colonie de vacances Les Elfes rouvre ses portes et des mesures COVID-19 ont \u00e9t\u00e9 mises en place pour garantir la s\u00e9curit\u00e9 du camp.\" \/>\n<meta property=\"og:url\" content=\"https:\/\/www.leselfes.com\/fr\/camp-dete-2020-les-elfes-rouvrent-leurs-portes\/\" \/>\n<meta property=\"og:site_name\" content=\"Les Elfes International Camps Switzerland\" \/>\n<meta property=\"article:publisher\" content=\"https:\/\/www.facebook.com\/LesElfesVerbier\" \/>\n<meta property=\"article:published_time\" content=\"2020-04-24T06:31:27+00:00\" \/>\n<meta property=\"article:modified_time\" content=\"2024-10-09T13:40:53+00:00\" \/>\n<meta property=\"og:image\" content=\"https:\/\/dev.leselfes.com\/wp-content\/uploads\/2020\/04\/OPEN-2-1.jpg\" \/>\n\t<meta property=\"og:image:width\" content=\"793\" \/>\n\t<meta property=\"og:image:height\" content=\"446\" \/>\n\t<meta property=\"og:image:type\" content=\"image\/jpeg\" \/>\n<meta name=\"author\" content=\"lesadmin\" \/>\n<meta name=\"twitter:card\" content=\"summary_large_image\" \/>\n<meta name=\"twitter:creator\" content=\"@LesElfesCamps\" \/>\n<meta name=\"twitter:site\" content=\"@LesElfesCamps\" \/>\n<meta name=\"twitter:label1\" content=\"\u00c9crit par\" \/>\n\t<meta name=\"twitter:data1\" content=\"lesadmin\" \/>\n\t<meta name=\"twitter:label2\" content=\"Dur\u00e9e de lecture estim\u00e9e\" \/>\n\t<meta name=\"twitter:data2\" content=\"1 minute\" \/>\n<script type=\"application\/ld+json\" class=\"yoast-schema-graph\">{\"@context\":\"https:\/\/schema.org\",\"@graph\":[{\"@type\":\"Article\",\"@id\":\"https:\/\/www.leselfes.com\/fr\/camp-dete-2020-les-elfes-rouvrent-leurs-portes\/#article\",\"isPartOf\":{\"@id\":\"https:\/\/www.leselfes.com\/fr\/camp-dete-2020-les-elfes-rouvrent-leurs-portes\/\"},\"author\":{\"name\":\"lesadmin\",\"@id\":\"https:\/\/dev.leselfes.com\/#\/schema\/person\/407a229698868b8c603874b19f37f289\"},\"headline\":\"Camp d&rsquo;\u00e9t\u00e9 2020. Les Elfes rouvrent leurs portes !\",\"datePublished\":\"2020-04-24T06:31:27+00:00\",\"dateModified\":\"2024-10-09T13:40:53+00:00\",\"mainEntityOfPage\":{\"@id\":\"https:\/\/www.leselfes.com\/fr\/camp-dete-2020-les-elfes-rouvrent-leurs-portes\/\"},\"wordCount\":288,\"commentCount\":0,\"publisher\":{\"@id\":\"https:\/\/dev.leselfes.com\/#organization\"},\"image\":{\"@id\":\"https:\/\/www.leselfes.com\/fr\/camp-dete-2020-les-elfes-rouvrent-leurs-portes\/#primaryimage\"},\"thumbnailUrl\":\"https:\/\/www.leselfes.com\/wp-content\/uploads\/2020\/04\/OPEN-2-1.jpg\",\"articleSection\":[\"Non classifi\u00e9(e)\"],\"inLanguage\":\"fr-FR\",\"potentialAction\":[{\"@type\":\"CommentAction\",\"name\":\"Comment\",\"target\":[\"https:\/\/www.leselfes.com\/fr\/camp-dete-2020-les-elfes-rouvrent-leurs-portes\/#respond\"]}]},{\"@type\":\"WebPage\",\"@id\":\"https:\/\/www.leselfes.com\/fr\/camp-dete-2020-les-elfes-rouvrent-leurs-portes\/\",\"url\":\"https:\/\/www.leselfes.com\/fr\/camp-dete-2020-les-elfes-rouvrent-leurs-portes\/\",\"name\":\"Camp d'\u00e9t\u00e9 2020. Les Elfes rouvrent leurs portes ! - Les Elfes International Camps Switzerland\",\"isPartOf\":{\"@id\":\"https:\/\/dev.leselfes.com\/#website\"},\"primaryImageOfPage\":{\"@id\":\"https:\/\/www.leselfes.com\/fr\/camp-dete-2020-les-elfes-rouvrent-leurs-portes\/#primaryimage\"},\"image\":{\"@id\":\"https:\/\/www.leselfes.com\/fr\/camp-dete-2020-les-elfes-rouvrent-leurs-portes\/#primaryimage\"},\"thumbnailUrl\":\"https:\/\/www.leselfes.com\/wp-content\/uploads\/2020\/04\/OPEN-2-1.jpg\",\"datePublished\":\"2020-04-24T06:31:27+00:00\",\"dateModified\":\"2024-10-09T13:40:53+00:00\",\"breadcrumb\":{\"@id\":\"https:\/\/www.leselfes.com\/fr\/camp-dete-2020-les-elfes-rouvrent-leurs-portes\/#breadcrumb\"},\"inLanguage\":\"fr-FR\",\"potentialAction\":[{\"@type\":\"ReadAction\",\"target\":[\"https:\/\/www.leselfes.com\/fr\/camp-dete-2020-les-elfes-rouvrent-leurs-portes\/\"]}]},{\"@type\":\"ImageObject\",\"inLanguage\":\"fr-FR\",\"@id\":\"https:\/\/www.leselfes.com\/fr\/camp-dete-2020-les-elfes-rouvrent-leurs-portes\/#primaryimage\",\"url\":\"https:\/\/www.leselfes.com\/wp-content\/uploads\/2020\/04\/OPEN-2-1.jpg\",\"contentUrl\":\"https:\/\/www.leselfes.com\/wp-content\/uploads\/2020\/04\/OPEN-2-1.jpg\",\"width\":793,\"height\":446},{\"@type\":\"BreadcrumbList\",\"@id\":\"https:\/\/www.leselfes.com\/fr\/camp-dete-2020-les-elfes-rouvrent-leurs-portes\/#breadcrumb\",\"itemListElement\":[{\"@type\":\"ListItem\",\"position\":1,\"name\":\"Home\",\"item\":\"https:\/\/www.leselfes.com\/fr\/\"},{\"@type\":\"ListItem\",\"position\":2,\"name\":\"Camp d&#8217;\u00e9t\u00e9 2020. Les Elfes rouvrent leurs portes !\"}]},{\"@type\":\"WebSite\",\"@id\":\"https:\/\/dev.leselfes.com\/#website\",\"url\":\"https:\/\/dev.leselfes.com\/\",\"name\":\"Les Elfes International\",\"description\":\"Les Elfes International, Verbier Switzerland. Summer Camp, Winter Camp, Spring Camps.\",\"publisher\":{\"@id\":\"https:\/\/dev.leselfes.com\/#organization\"},\"alternateName\":\"Les Elfes International\",\"potentialAction\":[{\"@type\":\"SearchAction\",\"target\":{\"@type\":\"EntryPoint\",\"urlTemplate\":\"https:\/\/dev.leselfes.com\/?s={search_term_string}\"},\"query-input\":{\"@type\":\"PropertyValueSpecification\",\"valueRequired\":true,\"valueName\":\"search_term_string\"}}],\"inLanguage\":\"fr-FR\"},{\"@type\":\"Organization\",\"@id\":\"https:\/\/dev.leselfes.com\/#organization\",\"name\":\"Les Elfes International\",\"alternateName\":\"Les Elfes International\",\"url\":\"https:\/\/dev.leselfes.com\/\",\"logo\":{\"@type\":\"ImageObject\",\"inLanguage\":\"fr-FR\",\"@id\":\"https:\/\/dev.leselfes.com\/#\/schema\/logo\/image\/\",\"url\":\"https:\/\/www.leselfes.com\/wp-content\/uploads\/2022\/03\/leselfes-logo.png\",\"contentUrl\":\"https:\/\/www.leselfes.com\/wp-content\/uploads\/2022\/03\/leselfes-logo.png\",\"width\":233,\"height\":51,\"caption\":\"Les Elfes International\"},\"image\":{\"@id\":\"https:\/\/dev.leselfes.com\/#\/schema\/logo\/image\/\"},\"sameAs\":[\"https:\/\/www.facebook.com\/LesElfesVerbier\",\"https:\/\/x.com\/LesElfesCamps\",\"https:\/\/www.instagram.com\/leselfes\",\"https:\/\/www.linkedin.com\/company\/les-elfes-international\",\"https:\/\/www.youtube.com\/user\/LesElfesVerbier\"]},{\"@type\":\"Person\",\"@id\":\"https:\/\/dev.leselfes.com\/#\/schema\/person\/407a229698868b8c603874b19f37f289\",\"name\":\"lesadmin\",\"image\":{\"@type\":\"ImageObject\",\"inLanguage\":\"fr-FR\",\"@id\":\"https:\/\/dev.leselfes.com\/#\/schema\/person\/image\/\",\"url\":\"https:\/\/secure.gravatar.com\/avatar\/fdb243a028df450397b3632d862f87f6?s=96&d=mm&r=g\",\"contentUrl\":\"https:\/\/secure.gravatar.com\/avatar\/fdb243a028df450397b3632d862f87f6?s=96&d=mm&r=g\",\"caption\":\"lesadmin\"},\"url\":\"https:\/\/www.leselfes.com\/fr\/author\/lesadmin\/\"}]}<\/script>\n<!-- \/ Yoast SEO Premium plugin. -->","yoast_head_json":{"title":"Camp d'\u00e9t\u00e9 2020. Les Elfes rouvrent leurs portes ! - Les Elfes International Camps Switzerland","robots":{"index":"index","follow":"follow","max-snippet":"max-snippet:-1","max-image-preview":"max-image-preview:large","max-video-preview":"max-video-preview:-1"},"canonical":"https:\/\/www.leselfes.com\/fr\/camp-dete-2020-les-elfes-rouvrent-leurs-portes\/","og_locale":"fr_FR","og_type":"article","og_title":"Camp d'\u00e9t\u00e9 2020. Les Elfes rouvrent leurs portes !","og_description":"La colonie de vacances Les Elfes rouvre ses portes et des mesures COVID-19 ont \u00e9t\u00e9 mises en place pour garantir la s\u00e9curit\u00e9 du camp.","og_url":"https:\/\/www.leselfes.com\/fr\/camp-dete-2020-les-elfes-rouvrent-leurs-portes\/","og_site_name":"Les Elfes International Camps Switzerland","article_publisher":"https:\/\/www.facebook.com\/LesElfesVerbier","article_published_time":"2020-04-24T06:31:27+00:00","article_modified_time":"2024-10-09T13:40:53+00:00","og_image":[{"width":793,"height":446,"url":"https:\/\/dev.leselfes.com\/wp-content\/uploads\/2020\/04\/OPEN-2-1.jpg","type":"image\/jpeg"}],"author":"lesadmin","twitter_card":"summary_large_image","twitter_creator":"@LesElfesCamps","twitter_site":"@LesElfesCamps","twitter_misc":{"\u00c9crit par":"lesadmin","Dur\u00e9e de lecture estim\u00e9e":"1 minute"},"schema":{"@context":"https:\/\/schema.org","@graph":[{"@type":"Article","@id":"https:\/\/www.leselfes.com\/fr\/camp-dete-2020-les-elfes-rouvrent-leurs-portes\/#article","isPartOf":{"@id":"https:\/\/www.leselfes.com\/fr\/camp-dete-2020-les-elfes-rouvrent-leurs-portes\/"},"author":{"name":"lesadmin","@id":"https:\/\/dev.leselfes.com\/#\/schema\/person\/407a229698868b8c603874b19f37f289"},"headline":"Camp d&rsquo;\u00e9t\u00e9 2020. Les Elfes rouvrent leurs portes !","datePublished":"2020-04-24T06:31:27+00:00","dateModified":"2024-10-09T13:40:53+00:00","mainEntityOfPage":{"@id":"https:\/\/www.leselfes.com\/fr\/camp-dete-2020-les-elfes-rouvrent-leurs-portes\/"},"wordCount":288,"commentCount":0,"publisher":{"@id":"https:\/\/dev.leselfes.com\/#organization"},"image":{"@id":"https:\/\/www.leselfes.com\/fr\/camp-dete-2020-les-elfes-rouvrent-leurs-portes\/#primaryimage"},"thumbnailUrl":"https:\/\/www.leselfes.com\/wp-content\/uploads\/2020\/04\/OPEN-2-1.jpg","articleSection":["Non classifi\u00e9(e)"],"inLanguage":"fr-FR","potentialAction":[{"@type":"CommentAction","name":"Comment","target":["https:\/\/www.leselfes.com\/fr\/camp-dete-2020-les-elfes-rouvrent-leurs-portes\/#respond"]}]},{"@type":"WebPage","@id":"https:\/\/www.leselfes.com\/fr\/camp-dete-2020-les-elfes-rouvrent-leurs-portes\/","url":"https:\/\/www.leselfes.com\/fr\/camp-dete-2020-les-elfes-rouvrent-leurs-portes\/","name":"Camp d'\u00e9t\u00e9 2020. Les Elfes rouvrent leurs portes ! - Les Elfes International Camps Switzerland","isPartOf":{"@id":"https:\/\/dev.leselfes.com\/#website"},"primaryImageOfPage":{"@id":"https:\/\/www.leselfes.com\/fr\/camp-dete-2020-les-elfes-rouvrent-leurs-portes\/#primaryimage"},"image":{"@id":"https:\/\/www.leselfes.com\/fr\/camp-dete-2020-les-elfes-rouvrent-leurs-portes\/#primaryimage"},"thumbnailUrl":"https:\/\/www.leselfes.com\/wp-content\/uploads\/2020\/04\/OPEN-2-1.jpg","datePublished":"2020-04-24T06:31:27+00:00","dateModified":"2024-10-09T13:40:53+00:00","breadcrumb":{"@id":"https:\/\/www.leselfes.com\/fr\/camp-dete-2020-les-elfes-rouvrent-leurs-portes\/#breadcrumb"},"inLanguage":"fr-FR","potentialAction":[{"@type":"ReadAction","target":["https:\/\/www.leselfes.com\/fr\/camp-dete-2020-les-elfes-rouvrent-leurs-portes\/"]}]},{"@type":"ImageObject","inLanguage":"fr-FR","@id":"https:\/\/www.leselfes.com\/fr\/camp-dete-2020-les-elfes-rouvrent-leurs-portes\/#primaryimage","url":"https:\/\/www.leselfes.com\/wp-content\/uploads\/2020\/04\/OPEN-2-1.jpg","contentUrl":"https:\/\/www.leselfes.com\/wp-content\/uploads\/2020\/04\/OPEN-2-1.jpg","width":793,"height":446},{"@type":"BreadcrumbList","@id":"https:\/\/www.leselfes.com\/fr\/camp-dete-2020-les-elfes-rouvrent-leurs-portes\/#breadcrumb","itemListElement":[{"@type":"ListItem","position":1,"name":"Home","item":"https:\/\/www.leselfes.com\/fr\/"},{"@type":"ListItem","position":2,"name":"Camp d&#8217;\u00e9t\u00e9 2020. Les Elfes rouvrent leurs portes !"}]},{"@type":"WebSite","@id":"https:\/\/dev.leselfes.com\/#website","url":"https:\/\/dev.leselfes.com\/","name":"Les Elfes International","description":"Les Elfes International, Verbier Switzerland. Summer Camp, Winter Camp, Spring Camps.","publisher":{"@id":"https:\/\/dev.leselfes.com\/#organization"},"alternateName":"Les Elfes International","potentialAction":[{"@type":"SearchAction","target":{"@type":"EntryPoint","urlTemplate":"https:\/\/dev.leselfes.com\/?s={search_term_string}"},"query-input":{"@type":"PropertyValueSpecification","valueRequired":true,"valueName":"search_term_string"}}],"inLanguage":"fr-FR"},{"@type":"Organization","@id":"https:\/\/dev.leselfes.com\/#organization","name":"Les Elfes International","alternateName":"Les Elfes International","url":"https:\/\/dev.leselfes.com\/","logo":{"@type":"ImageObject","inLanguage":"fr-FR","@id":"https:\/\/dev.leselfes.com\/#\/schema\/logo\/image\/","url":"https:\/\/www.leselfes.com\/wp-content\/uploads\/2022\/03\/leselfes-logo.png","contentUrl":"https:\/\/www.leselfes.com\/wp-content\/uploads\/2022\/03\/leselfes-logo.png","width":233,"height":51,"caption":"Les Elfes International"},"image":{"@id":"https:\/\/dev.leselfes.com\/#\/schema\/logo\/image\/"},"sameAs":["https:\/\/www.facebook.com\/LesElfesVerbier","https:\/\/x.com\/LesElfesCamps","https:\/\/www.instagram.com\/leselfes","https:\/\/www.linkedin.com\/company\/les-elfes-international","https:\/\/www.youtube.com\/user\/LesElfesVerbier"]},{"@type":"Person","@id":"https:\/\/dev.leselfes.com\/#\/schema\/person\/407a229698868b8c603874b19f37f289","name":"lesadmin","image":{"@type":"ImageObject","inLanguage":"fr-FR","@id":"https:\/\/dev.leselfes.com\/#\/schema\/person\/image\/","url":"https:\/\/secure.gravatar.com\/avatar\/fdb243a028df450397b3632d862f87f6?s=96&d=mm&r=g","contentUrl":"https:\/\/secure.gravatar.com\/avatar\/fdb243a028df450397b3632d862f87f6?s=96&d=mm&r=g","caption":"lesadmin"},"url":"https:\/\/www.leselfes.com\/fr\/author\/lesadmin\/"}]}},"_links":{"self":[{"href":"https:\/\/www.leselfes.com\/fr\/wp-json\/wp\/v2\/posts\/89435"}],"collection":[{"href":"https:\/\/www.leselfes.com\/fr\/wp-json\/wp\/v2\/posts"}],"about":[{"href":"https:\/\/www.leselfes.com\/fr\/wp-json\/wp\/v2\/types\/post"}],"author":[{"embeddable":true,"href":"https:\/\/www.leselfes.com\/fr\/wp-json\/wp\/v2\/users\/1"}],"replies":[{"embeddable":true,"href":"https:\/\/www.leselfes.com\/fr\/wp-json\/wp\/v2\/comments?post=89435"}],"version-history":[{"count":0,"href":"https:\/\/www.leselfes.com\/fr\/wp-json\/wp\/v2\/posts\/89435\/revisions"}],"wp:featuredmedia":[{"embeddable":true,"href":"https:\/\/www.leselfes.com\/fr\/wp-json\/wp\/v2\/media\/72941"}],"wp:attachment":[{"href":"https:\/\/www.leselfes.com\/fr\/wp-json\/wp\/v2\/media?parent=89435"}],"wp:term":[{"taxonomy":"category","embeddable":true,"href":"https:\/\/www.leselfes.com\/fr\/wp-json\/wp\/v2\/categories?post=89435"},{"taxonomy":"post_tag","embeddable":true,"href":"https:\/\/www.leselfes.com\/fr\/wp-json\/wp\/v2\/tags?post=89435"}],"curies":[{"name":"wp","href":"https:\/\/api.w.org\/{rel}","templated":true}]}}