{"id":89496,"date":"2019-10-03T18:16:28","date_gmt":"2019-10-03T16:16:28","guid":{"rendered":"https:\/\/www.leselfes.com\/5-avantages-des-activites-educatives-en-plein-air\/"},"modified":"2024-10-09T15:43:35","modified_gmt":"2024-10-09T13:43:35","slug":"5-avantages-des-activites-educatives-en-plein-air","status":"publish","type":"post","link":"https:\/\/www.leselfes.com\/fr\/5-avantages-des-activites-educatives-en-plein-air\/","title":{"rendered":"5 avantages des activit\u00e9s \u00e9ducatives en plein air"},"content":{"rendered":"\n<div class=\"wp-block-image\"><figure class=\"aligncenter size-large\"><img loading=\"lazy\" decoding=\"async\" width=\"984\" height=\"696\" src=\"https:\/\/www.leselfes.com\/wp-content\/uploads\/2019\/10\/leselfes-classic.jpg\" alt=\"leselfes classic\" class=\"wp-image-42332\" srcset=\"https:\/\/www.leselfes.com\/wp-content\/uploads\/2019\/10\/leselfes-classic.jpg 984w, https:\/\/www.leselfes.com\/wp-content\/uploads\/2019\/10\/leselfes-classic-300x212.jpg 300w, https:\/\/www.leselfes.com\/wp-content\/uploads\/2019\/10\/leselfes-classic-768x543.jpg 768w, https:\/\/www.leselfes.com\/wp-content\/uploads\/2019\/10\/leselfes-classic-320x226.jpg 320w, https:\/\/www.leselfes.com\/wp-content\/uploads\/2019\/10\/leselfes-classic-640x453.jpg 640w, https:\/\/www.leselfes.com\/wp-content\/uploads\/2019\/10\/leselfes-classic-360x255.jpg 360w, https:\/\/www.leselfes.com\/wp-content\/uploads\/2019\/10\/leselfes-classic-720x509.jpg 720w, https:\/\/www.leselfes.com\/wp-content\/uploads\/2019\/10\/leselfes-classic-800x566.jpg 800w\" sizes=\"(max-width: 984px) 100vw, 984px\" \/><\/figure><\/div>\n\n<p>De nos jours, de nombreuses \u00e9coles mettent davantage l&rsquo;accent sur l&rsquo;apprentissage th\u00e9orique que sur la partie pratique de l&rsquo;\u00e9ducation.\nToutefois, les choses \u00e9voluent et certaines \u00e9coles adoptent l&rsquo;\u00e9ducation en plein air pour offrir un syst\u00e8me d&rsquo;apprentissage complet.\nL&rsquo;apprentissage en plein air comprend divers \u00e9l\u00e9ments tels que le travail de cours.\nIl modifie \u00e9galement la perception qu&rsquo;a l&rsquo;\u00e9l\u00e8ve de diverses questions, telles que la nature, et l&rsquo;incite \u00e0 penser de mani\u00e8re plus large.     <\/p>\n\n<h2 class=\"wp-block-heading\">Pourquoi\nDevriez-vous envisager des activit\u00e9s d&rsquo;apprentissage en plein air ?<\/h2>\n\n<p>Le cerveau des \u00e9l\u00e8ves est fascin\u00e9 par\nla vari\u00e9t\u00e9 et de nombreux \u00e9l\u00e8ves sont heureux d&rsquo;explorer le monde en dehors de leur\nsalle de classe. L&rsquo;adoption d&rsquo;activit\u00e9s d&rsquo;apprentissage en plein air encourage les \u00e9l\u00e8ves \u00e0 s&rsquo;impliquer davantage\ndans leur travail en classe. En outre, les activit\u00e9s d&rsquo;apprentissage en plein air\naident les \u00e9l\u00e8ves \u00e0 se rapprocher de la nature.    <\/p>\n\n<p>Cela joue un r\u00f4le important en les aidant\n\u00e0 mieux se comprendre et \u00e0 mieux comprendre les autres. La meilleure fa\u00e7on de comprendre\ndes sujets tels que le sport, l&rsquo;alimentation et l&rsquo;environnement est de les rencontrer\nphysiquement. Les activit\u00e9s d&rsquo;apprentissage en plein air pr\u00e9sentent de nombreux avantages pour les \u00e9l\u00e8ves\n. En voici quelques-uns ;   <\/p>\n\n<h3 class=\"wp-block-heading\">1.      \nImproved\nGrades<\/h3>\n\n<p><a href=\"https:\/\/grayff.org\/wp-content\/uploads\/2013\/10\/Empirical-Evidence-Supporting-Benefits-of-Outdoor-School-and-Experiential-Learning-Programs_March-2015.pdf\">Des \u00e9tudes<\/a> men\u00e9es sur des \u00e9l\u00e8ves de\nCalifornie en 2006 sugg\u00e8rent que l&rsquo;\u00e9ducation en plein air am\u00e9liore les r\u00e9sultats scolaires.\nApr\u00e8s avoir \u00e9t\u00e9 expos\u00e9s \u00e0 un programme d&rsquo;\u00e9tudes en plein air, les \u00e9l\u00e8ves ont obtenu de meilleurs r\u00e9sultats\nque les \u00e9l\u00e8ves des syst\u00e8mes d&rsquo;apprentissage conventionnels. Ces r\u00e9sultats\nrepr\u00e9sentaient 72 % des \u00e9valuations globales dans toutes les mati\u00e8res, y compris\nl&rsquo;assiduit\u00e9, les sciences et les math\u00e9matiques. Une autre<a href=\"https:\/\/tspace.library.utoronto.ca\/bitstream\/1807\/12600\/1\/NQ41587.pdf\"> \u00e9tude<\/a> a \u00e9t\u00e9 publi\u00e9e la m\u00eame ann\u00e9e. Elle\nindique que les \u00e9l\u00e8ves qui participent \u00e0 des activit\u00e9s d&rsquo;apprentissage en plein air ont des capacit\u00e9s cognitives mieux d\u00e9velopp\u00e9es\n.   <\/p>\n\n<h3 class=\"wp-block-heading\">2.      \nEnhanced\nHealth<\/h3>\n\n<p>Un mode de vie s\u00e9dentaire a\n\u00e9t\u00e9 associ\u00e9 \u00e0 de nombreuses complications li\u00e9es \u00e0 la sant\u00e9. C&rsquo;est pourquoi de nombreux experts\nencouragent les jeunes et les moins jeunes \u00e0 bouger pour promouvoir leur sant\u00e9\n. Les \u00e9l\u00e8ves qui participent \u00e0 des activit\u00e9s d&rsquo;apprentissage en plein air sont en meilleure sant\u00e9\nque ceux qui passent toute la journ\u00e9e \u00e0 l&rsquo;int\u00e9rieur des salles de classe.    <\/p>\n\n<p>Les \u00e9l\u00e8ves qui participent \u00e0 des activit\u00e9s d&rsquo;apprentissage en plein air\nsont \u00e0 l&rsquo;abri des maladies li\u00e9es au mode de vie, telles que l&rsquo;ob\u00e9sit\u00e9. Contrairement \u00e0\nleurs homologues, les \u00e9l\u00e8ves qui passent beaucoup de temps dans les salles de classe sont susceptibles de\nsouffrir de diverses complications.   <\/p>\n\n<p>Il s&rsquo;agit notamment de l&rsquo;anxi\u00e9t\u00e9, du trouble d\u00e9ficitaire de l&rsquo;attention\net de la d\u00e9pression. Plus les \u00e9tudiants passent de temps dans l&rsquo;environnement naturel\n, plus leurs sens s&rsquo;affaiblissent, tant sur le plan psychologique que\nphysiologique.   <\/p>\n\n<h3 class=\"wp-block-heading\">3.      \nBoosts\nMotivation<\/h3>\n\n<p>\nLes enfants ne sont pas motiv\u00e9s et ne s&rsquo;<a href=\"https:\/\/www.leselfes.com\/fr\/?page_id=89039\">\u00e9panouissent<\/a> pas\nen restant longtemps \u00e0 l&rsquo;int\u00e9rieur. Souvent, ils seront fascin\u00e9s par le fait de bouger et de d\u00e9couvrir de nouvelles choses\n. Des \u00e9tudes men\u00e9es sur des \u00e9l\u00e8ves de maternelle \u00e0 Hollywood ont montr\u00e9 qu&rsquo;un grand nombre\nd&rsquo;entre eux \u00e9taient int\u00e9ress\u00e9s par l&rsquo;apprentissage. Selon les chercheurs\n, cela indique clairement que les \u00e9l\u00e8ves veulent apprendre dans un environnement plus attrayant\n. Les \u00e9tudes ont ensuite r\u00e9v\u00e9l\u00e9 que les \u00e9l\u00e8ves apprenant dans\nun cadre conventionnel \u00e9taient plus motiv\u00e9s apr\u00e8s l&rsquo;int\u00e9gration de l&rsquo;apprentissage en plein air\n.    <\/p>\n\n<h3 class=\"wp-block-heading\">4.      \nReduced\nStress Levels<\/h3>\n\n<p>La s\u00e9rotonine, \u00e9galement connue sous le nom de \u00ab\u00a0happy\n\u00ab\u00a0, se trouve dans les plaquettes sanguines, les intestins et le cerveau. Cette substance chimique joue\nun r\u00f4le important en vous rendant heureux et en am\u00e9liorant votre bien-\u00eatre. La participation \u00e0\ndes activit\u00e9s d&rsquo;apprentissage en plein air, telles que l&rsquo;\u00e9coute des sons de la nature, peut\nd\u00e9clencher la lib\u00e9ration de s\u00e9rotonine.    <\/p>\n\n<p>D&rsquo;autres activit\u00e9s peuvent augmenter\nla production de s\u00e9rotonine : \u00e9couter de la musique et s&rsquo;\u00e9merveiller devant la beaut\u00e9\nde la nature. La lib\u00e9ration de dopamine, la substance chimique du plaisir, est stimul\u00e9e par\ndes actions r\u00e9p\u00e9titives. Par exemple, les activit\u00e9s \u00e9ducatives en plein air telles que :\nsuivre quotidiennement l&rsquo;\u00e9volution des plantes dans un jardin.    <\/p>\n\n<h3 class=\"wp-block-heading\">5.      \nBetter\nPerception of the Environment<\/h3>\n\n<p>Selon cette <a href=\"https:\/\/freenotesharmonypark.com\/wp-content\/uploads\/2015\/04\/White-Paper-Outdoor-Classrooms-And-Music-Instruments.pdf\">recherche <\/a>men\u00e9e en 1999, les chercheurs\nont \u00e9tabli qu&rsquo;en interagissant avec la nature, les \u00e9tudiants modifiaient leur perception de\n. Cette recherche soutient une \u00e9tude pr\u00e9c\u00e9dente men\u00e9e en 1977 qui\na r\u00e9v\u00e9l\u00e9 que l&rsquo;acquisition de connaissances d\u00e9clenche un changement d&rsquo;attitude. Avec une meilleure\ncompr\u00e9hension des activit\u00e9s de plein air, les \u00e9tudiants comprennent mieux l&rsquo;environnement\net deviennent plus responsables.    <\/p>\n\n<p>Adopter un syst\u00e8me d&rsquo;apprentissage en plein air\naidera vos \u00e9l\u00e8ves \u00e0<\/p>\n\n<ul class=\"wp-block-list\"><li>Am\u00e9liorer les r\u00e9sultats scolaires\n<\/li><li>Maintenir\nun mode de vie actif et sain<\/li><li>Am\u00e9liorer\nl&rsquo;apprentissage de haut niveau<\/li><li>Encourage les \u00e9tudiants et les enseignants \u00e0 pratiquer l&rsquo;apprentissage et l&rsquo;enseignement informels (\n)<\/li><li>Promoted\ncreativity<\/li><li>Rend l&rsquo;apprentissage sur\nplus int\u00e9ressant<\/li><li>D\u00e9clenche,\nrenforce et inspire la motivation<\/li><li>Les \u00e9tudiants de\nsont confront\u00e9s \u00e0 davantage de d\u00e9fis, et  <\/li><li>Donner aux \u00e9tudiants de\nune nouvelle perception de l&rsquo;apprentissage<\/li><\/ul>\n\n<h2 class=\"wp-block-heading\">Pr\u00e9parer\npour les activit\u00e9s d&rsquo;apprentissage en plein air<\/h2>\n\n<p>Bien que l&rsquo;apprentissage en plein air soit amusant et\npassionnant, vous devez effectuer des pr\u00e9paratifs pr\u00e9alables avant de vous lancer dans votre activit\u00e9 pr\u00e9f\u00e9r\u00e9e\n. Il est particuli\u00e8rement important de savoir si des mineurs feront partie de votre groupe\n. Voici quelques \u00e9l\u00e9ments \u00e0 prendre en compte avant de commencer votre activit\u00e9 d&rsquo;apprentissage en plein air\n.  <\/p>\n\n<ul class=\"wp-block-list\"><li>D\u00e9terminez\nsi vous allez participer \u00e0 une activit\u00e9 \u00e9ducative ou \u00e0 des activit\u00e9s ludiques\n<\/li><li>\nd\u00e9terminer ce que vous voulez que les \u00e9l\u00e8ves acqui\u00e8rent apr\u00e8s l&rsquo;activit\u00e9.<\/li><li>D\u00e9terminez\ncomment vous allez aider les \u00e9l\u00e8ves \u00e0 apprendre<\/li><li>Le site\nest-il en mesure d&rsquo;accueillir les activit\u00e9s que vous avez pr\u00e9vues ?<\/li><\/ul>\n\n<p>Une \u00e9valuation des risques sera\nn\u00e9cessaire pour garantir la r\u00e9ussite de l&rsquo;excursion. Voici quelques-uns des \u00e9l\u00e9ments \u00e0 prendre en compte :\n. <\/p>\n\n<h3 class=\"wp-block-heading\">Changements m\u00e9t\u00e9orologiques et\nplans d&rsquo;urgence<\/h3>\n\n<ul class=\"wp-block-list\"><li>Co\u00fbts\nimpliqu\u00e9s et si les \u00e9tudiants seront pr\u00eats ou non \u00e0 payer<\/li><li>Disponibilit\u00e9\ndes magasins d&rsquo;alimentation et des installations sanitaires<\/li><li>Toute\nbesoins particuliers<\/li><li>La politique de l&rsquo;\u00e9cole\nen mati\u00e8re d&rsquo;excursions et d&rsquo;activit\u00e9s de loisir.<\/li><li>La pr\u00e9sence ou non de mineurs sur le site\n<\/li><\/ul>\n\n<h2 class=\"wp-block-heading\">Id\u00e9es d&rsquo;activit\u00e9s d&rsquo;apprentissage en plein air\n<\/h2>\n\n<p>Voici quelques id\u00e9es d&rsquo;activit\u00e9s d&rsquo;apprentissage en plein air auxquelles vous et vos \u00e9l\u00e8ves pouvez participer.<\/p>\n\n<h3 class=\"wp-block-heading\">Promenades dans la nature<\/h3>\n\n<div class=\"wp-block-image\"><figure class=\"aligncenter size-large\"><img loading=\"lazy\" decoding=\"async\" width=\"984\" height=\"696\" src=\"https:\/\/www.leselfes.com\/wp-content\/uploads\/2019\/10\/natural-learning-opportunities.jpg\" alt=\"l'apprentissage naturel\" class=\"wp-image-42333\" srcset=\"https:\/\/www.leselfes.com\/wp-content\/uploads\/2019\/10\/natural-learning-opportunities.jpg 984w, https:\/\/www.leselfes.com\/wp-content\/uploads\/2019\/10\/natural-learning-opportunities-300x212.jpg 300w, https:\/\/www.leselfes.com\/wp-content\/uploads\/2019\/10\/natural-learning-opportunities-768x543.jpg 768w, https:\/\/www.leselfes.com\/wp-content\/uploads\/2019\/10\/natural-learning-opportunities-320x226.jpg 320w, https:\/\/www.leselfes.com\/wp-content\/uploads\/2019\/10\/natural-learning-opportunities-640x453.jpg 640w, https:\/\/www.leselfes.com\/wp-content\/uploads\/2019\/10\/natural-learning-opportunities-360x255.jpg 360w, https:\/\/www.leselfes.com\/wp-content\/uploads\/2019\/10\/natural-learning-opportunities-720x509.jpg 720w, https:\/\/www.leselfes.com\/wp-content\/uploads\/2019\/10\/natural-learning-opportunities-800x566.jpg 800w\" sizes=\"(max-width: 984px) 100vw, 984px\" \/><\/figure><\/div>\n\n<p>Que votre \u00e9cole soit situ\u00e9e dans une zone urbaine ou non, il existe de nombreuses possibilit\u00e9s d&rsquo;apprentissage par la nature que vous pouvez envisager.\nPar exemple, identifiez les zones o\u00f9 l&rsquo;\u00e9tude de la nature et l&rsquo;activit\u00e9 physique sont r\u00e9pandues et faites des promenades dans la nature.\nVous pouvez structurer ces promenades en y int\u00e9grant des chasses au tr\u00e9sor, par exemple.    <\/p>\n\n<p>Remettez \u00e0 chaque \u00e9l\u00e8ve une liste de contr\u00f4le\ncontenant les \u00e9l\u00e9ments naturels qu&rsquo;il doit collecter. Il peut s&rsquo;agir de feuilles, de pierres, de fleurs\n, de plumes d&rsquo;oiseaux ou m\u00eame de fruits sauvages. Veillez \u00e0 ce qu&rsquo;ils disposent d&rsquo;un panier o\u00f9\nils pourront conserver les objets collect\u00e9s. Une fois l&rsquo;activit\u00e9 termin\u00e9e, vous pouvez\nvous r\u00e9unir et discuter de chaque \u00e9l\u00e9ment.     <\/p>\n\n<p>Laissez les \u00e9l\u00e8ves poser toutes les questions\nqu&rsquo;ils ont sur les objets qu&rsquo;ils ont collect\u00e9s. Si vous vous occupez de\n\u00e9l\u00e8ves plus \u00e2g\u00e9s, vous pouvez leur demander de se concentrer sur les facteurs \u00e9cologiques. Par exemple,\nils pourraient collecter des mat\u00e9riaux recyclables et des d\u00e9chets au cours de leur promenade dans la nature.    <\/p>\n\n<p>\u00c0 la fin de l&rsquo;activit\u00e9, vous\npourriez vous r\u00e9unir et discuter de l&rsquo;importance des bonnes pratiques en mati\u00e8re d&rsquo;\u00e9limination des d\u00e9chets.\nTirez parti de ces discussions pour inculquer aux enfants des comp\u00e9tences essentielles pour la vie.<\/p>\n\n<h3 class=\"wp-block-heading\">Participez \u00e0 une cause caritative\n<\/h3>\n\n<p>Collaborez avec vos \u00e9l\u00e8ves pour\nidentifier les organisations caritatives locales et discuter des causes qui peuvent les int\u00e9resser. Une fois que\nvous avez pris votre d\u00e9cision, \u00e9tablissez des strat\u00e9gies d&rsquo;ex\u00e9cution. Il existe de nombreuses fa\u00e7ons de faire du b\u00e9n\u00e9volat\npour des organisations caritatives. Vous pouvez visiter des foyers pour enfants, interagir avec\nles enfants, apprendre d&rsquo;eux et partager leurs exp\u00e9riences de vie.   <\/p>\n\n<h3 class=\"wp-block-heading\">Jardinage<\/h3>\n\n<div class=\"wp-block-image\"><figure class=\"aligncenter size-large\"><img loading=\"lazy\" decoding=\"async\" width=\"984\" height=\"696\" src=\"https:\/\/www.leselfes.com\/wp-content\/uploads\/2019\/10\/swiss-wilderness.jpg\" alt=\"la nature sauvage suisse\" class=\"wp-image-42334\" srcset=\"https:\/\/www.leselfes.com\/wp-content\/uploads\/2019\/10\/swiss-wilderness.jpg 984w, https:\/\/www.leselfes.com\/wp-content\/uploads\/2019\/10\/swiss-wilderness-300x212.jpg 300w, https:\/\/www.leselfes.com\/wp-content\/uploads\/2019\/10\/swiss-wilderness-768x543.jpg 768w, https:\/\/www.leselfes.com\/wp-content\/uploads\/2019\/10\/swiss-wilderness-320x226.jpg 320w, https:\/\/www.leselfes.com\/wp-content\/uploads\/2019\/10\/swiss-wilderness-640x453.jpg 640w, https:\/\/www.leselfes.com\/wp-content\/uploads\/2019\/10\/swiss-wilderness-360x255.jpg 360w, https:\/\/www.leselfes.com\/wp-content\/uploads\/2019\/10\/swiss-wilderness-720x509.jpg 720w, https:\/\/www.leselfes.com\/wp-content\/uploads\/2019\/10\/swiss-wilderness-800x566.jpg 800w\" sizes=\"(max-width: 984px) 100vw, 984px\" \/><\/figure><\/div>\n\n<p>Le jardinage est une activit\u00e9 d&rsquo;apprentissage en plein air id\u00e9ale pour les \u00e9l\u00e8ves.\nIls acqui\u00e8rent diverses comp\u00e9tences telles que la patience, des habitudes alimentaires saines et des comp\u00e9tences en mati\u00e8re de jardinage.\nLes \u00e9l\u00e8ves de tous \u00e2ges peuvent participer \u00e0 des activit\u00e9s de jardinage.\nN&rsquo;oubliez pas que les enfants n&rsquo;ont rien contre le fait de se salir les mains et qu&rsquo;ils seront heureux de planter des graines et de les voir pousser.     <\/p>\n\n<p>Pour rendre l&rsquo;activit\u00e9 plus int\u00e9ressante (\n), choisissez des plantes comestibles et biologiques dans lesquelles les enfants pourront convertir\nen nourriture une fois qu&rsquo;elles auront atteint leur maturit\u00e9. Il est important de mentionner que le jardinage en plein air\npeut \u00eatre une activit\u00e9 saisonni\u00e8re en fonction de votre r\u00e9gion.   <\/p>\n\n<p>Vous pouvez faire en sorte que vos \u00e9l\u00e8ves\nne se d\u00e9sint\u00e9ressent pas du jardinage pendant la saison froide prolong\u00e9e. Commencez\n\u00e0 cr\u00e9er un programme de plantation pour la saison \u00e0 venir. R\u00e9partissez vos \u00e9l\u00e8ves\nen groupes et demandez-leur de faire des recherches sur les diff\u00e9rents types de plantes qui conviennent parfaitement au climat\n. Rendez les choses int\u00e9ressantes en encourageant les \u00e9l\u00e8ves \u00e0 cr\u00e9er des plans de repas\nqu&rsquo;ils pourront utiliser pendant la p\u00e9riode de r\u00e9colte.   <\/p>\n\n<h3 class=\"wp-block-heading\">Adoptez des espaces de travail ordinaires\n<\/h3>\n\n<p>N&rsquo;oubliez pas que participer \u00e0\ndes activit\u00e9s en plein air ne signifie pas participer \u00e0 une activit\u00e9 sp\u00e9ciale ou \u00e0 un projet\n. Si le temps s&rsquo;y pr\u00eate, les \u00e9l\u00e8ves peuvent faire leur travail scolaire \u00e0 l&rsquo;ext\u00e9rieur\nen respirant l&rsquo;air frais et en se pr\u00e9lassant au soleil. Vous pouvez cr\u00e9er un espace de travail\n\u00e0 l&rsquo;ext\u00e9rieur en utilisant une longue table et des bureaux. Il y a de fortes chances que les \u00e9l\u00e8ves\nsoient plus heureux et plus productifs \u00e0 l&rsquo;ext\u00e9rieur, entour\u00e9s par la nature, qu&rsquo;ils ne le seraient\n\u00e0 l&rsquo;int\u00e9rieur.   <\/p>\n\n<h3 class=\"wp-block-heading\">Visitez un mus\u00e9e<\/h3>\n\n<p>Personnalisez votre visite en fonction de\nle niveau de l&rsquo;\u00e9tudiant. Plusieurs options s&rsquo;offrent \u00e0 vous en fonction de votre localit\u00e9.\nVous pouvez notamment visiter des mus\u00e9es d&rsquo;histoire naturelle, d&rsquo;art contemporain,\ndes mus\u00e9es agricoles et maritimes ou des centres d&rsquo;exposition de textiles. Profitez des r\u00e9ductions offertes dans ces centres (\n) et demandez des guides.    <\/p>\n\n<p>De cette fa\u00e7on, les \u00e9l\u00e8ves seront\nmieux inform\u00e9s. En fonction de l&rsquo;\u00e2ge des \u00e9l\u00e8ves et de l&rsquo;unit\u00e9 qu&rsquo;ils suivent\n, vous pouvez visiter des centres administratifs locaux. Vous pouvez \u00e9galement opter pour\nassister \u00e0 des r\u00e9unions de comit\u00e9s ou de conseils o\u00f9 les \u00e9l\u00e8ves pourront en apprendre davantage sur\nles fonctions de l&rsquo;administration locale.    <\/p>\n\n<h3 class=\"wp-block-heading\">Aller d\u00e9jeuner<\/h3>\n\n<div class=\"wp-block-image\"><figure class=\"aligncenter size-large\"><img loading=\"lazy\" decoding=\"async\" width=\"984\" height=\"696\" src=\"https:\/\/www.leselfes.com\/wp-content\/uploads\/2019\/10\/design-and-technologies.jpg\" alt=\"conception et technologies\" class=\"wp-image-42335\" srcset=\"https:\/\/www.leselfes.com\/wp-content\/uploads\/2019\/10\/design-and-technologies.jpg 984w, https:\/\/www.leselfes.com\/wp-content\/uploads\/2019\/10\/design-and-technologies-300x212.jpg 300w, https:\/\/www.leselfes.com\/wp-content\/uploads\/2019\/10\/design-and-technologies-768x543.jpg 768w, https:\/\/www.leselfes.com\/wp-content\/uploads\/2019\/10\/design-and-technologies-320x226.jpg 320w, https:\/\/www.leselfes.com\/wp-content\/uploads\/2019\/10\/design-and-technologies-640x453.jpg 640w, https:\/\/www.leselfes.com\/wp-content\/uploads\/2019\/10\/design-and-technologies-360x255.jpg 360w, https:\/\/www.leselfes.com\/wp-content\/uploads\/2019\/10\/design-and-technologies-720x509.jpg 720w, https:\/\/www.leselfes.com\/wp-content\/uploads\/2019\/10\/design-and-technologies-800x566.jpg 800w\" sizes=\"(max-width: 984px) 100vw, 984px\" \/><\/figure><\/div>\n\n<p>Manger ensemble est un moyen id\u00e9al de socialiser et de cr\u00e9er des liens.\nC&rsquo;est \u00e9galement une excellente activit\u00e9 d&rsquo;apprentissage en plein air, en particulier lorsque les \u00e9l\u00e8ves apprennent ce qu&rsquo;est la nourriture et les repas.\nLes enseignants peuvent faire d\u00e9couvrir aux \u00e9l\u00e8ves la cuisine locale en les invitant \u00e0 d\u00eener dans des restaurants qui proposent ces plats.    <\/p>\n\n<p>Ils peuvent m\u00eame organiser des activit\u00e9s de pr\u00e9paration de nourriture\no\u00f9 les \u00e9l\u00e8ves apprennent \u00e0 pr\u00e9parer ces plats \u00e0 partir de\n. Avant de faire une r\u00e9servation dans un restaurant, vous devez vous assurer que les prix\nsont abordables.   <\/p>\n\n<h2 class=\"wp-block-heading\">Enfin<\/h2>\n\n<p>Choisissez des activit\u00e9s d&rsquo;apprentissage en plein air\npersonnalis\u00e9es pour les \u00e9l\u00e8ves afin de rompre la monotonie de l&rsquo;apprentissage en salle.\nDe cette fa\u00e7on, vous aiderez les \u00e9l\u00e8ves \u00e0 d\u00e9velopper leur confiance en eux et \u00e0 se connecter parfaitement \u00e0 leur\ntravail de cours. Les enseignants et les parents devraient encourager les \u00e9l\u00e8ves \u00e0\ns&rsquo;int\u00e9resser \u00e0 la nature et \u00e0 d&rsquo;autres activit\u00e9s d&rsquo;apprentissage en plein air.   <\/p>\n","protected":false},"excerpt":{"rendered":"<p>  Obtenez des informations sur les avantages des activit\u00e9s d&rsquo;\u00e9ducation en plein air pour les \u00e9l\u00e8ves.  <\/p>\n","protected":false},"author":6,"featured_media":0,"comment_status":"closed","ping_status":"closed","sticky":false,"template":"","format":"standard","meta":{"_acf_changed":false,"inline_featured_image":false,"footnotes":""},"categories":[1356],"tags":[],"class_list":{"0":"post-89496","1":"post","2":"type-post","3":"status-publish","4":"format-standard","6":"category-articles-fr"},"acf":[],"yoast_head":"<!-- This site is optimized with the Yoast SEO Premium plugin v24.2 (Yoast SEO v24.7) - https:\/\/yoast.com\/wordpress\/plugins\/seo\/ -->\n<title>5 avantages des activit\u00e9s \u00e9ducatives en plein air - Les Elfes International Camps Switzerland<\/title>\n<meta name=\"robots\" content=\"index, follow, max-snippet:-1, max-image-preview:large, max-video-preview:-1\" \/>\n<link rel=\"canonical\" href=\"https:\/\/www.leselfes.com\/fr\/5-avantages-des-activites-educatives-en-plein-air\/\" \/>\n<meta property=\"og:locale\" content=\"fr_FR\" \/>\n<meta property=\"og:type\" content=\"article\" \/>\n<meta property=\"og:title\" content=\"5 avantages des activit\u00e9s \u00e9ducatives en plein air\" \/>\n<meta property=\"og:description\" content=\"Obtenez des informations sur les avantages des activit\u00e9s d&#039;\u00e9ducation en plein air pour les \u00e9l\u00e8ves.\" \/>\n<meta property=\"og:url\" content=\"https:\/\/www.leselfes.com\/fr\/5-avantages-des-activites-educatives-en-plein-air\/\" \/>\n<meta property=\"og:site_name\" content=\"Les Elfes International Camps Switzerland\" \/>\n<meta property=\"article:publisher\" content=\"https:\/\/www.facebook.com\/LesElfesVerbier\" \/>\n<meta property=\"article:published_time\" content=\"2019-10-03T16:16:28+00:00\" \/>\n<meta property=\"article:modified_time\" content=\"2024-10-09T13:43:35+00:00\" \/>\n<meta property=\"og:image\" content=\"https:\/\/dev.leselfes.com\/wp-content\/uploads\/2019\/10\/leselfes-classic.jpg\" \/>\n<meta name=\"author\" content=\"carlotta\" \/>\n<meta name=\"twitter:card\" content=\"summary_large_image\" \/>\n<meta name=\"twitter:creator\" content=\"@LesElfesCamps\" \/>\n<meta name=\"twitter:site\" content=\"@LesElfesCamps\" \/>\n<meta name=\"twitter:label1\" content=\"\u00c9crit par\" \/>\n\t<meta name=\"twitter:data1\" content=\"carlotta\" \/>\n\t<meta name=\"twitter:label2\" content=\"Dur\u00e9e de lecture estim\u00e9e\" \/>\n\t<meta name=\"twitter:data2\" content=\"10 minutes\" \/>\n<script type=\"application\/ld+json\" class=\"yoast-schema-graph\">{\"@context\":\"https:\/\/schema.org\",\"@graph\":[{\"@type\":\"Article\",\"@id\":\"https:\/\/www.leselfes.com\/fr\/5-avantages-des-activites-educatives-en-plein-air\/#article\",\"isPartOf\":{\"@id\":\"https:\/\/www.leselfes.com\/fr\/5-avantages-des-activites-educatives-en-plein-air\/\"},\"author\":{\"name\":\"carlotta\",\"@id\":\"https:\/\/dev.leselfes.com\/#\/schema\/person\/9e8c1c68ef43ed5c58fa46ac5d8ee338\"},\"headline\":\"5 avantages des activit\u00e9s \u00e9ducatives en plein air\",\"datePublished\":\"2019-10-03T16:16:28+00:00\",\"dateModified\":\"2024-10-09T13:43:35+00:00\",\"mainEntityOfPage\":{\"@id\":\"https:\/\/www.leselfes.com\/fr\/5-avantages-des-activites-educatives-en-plein-air\/\"},\"wordCount\":2124,\"publisher\":{\"@id\":\"https:\/\/dev.leselfes.com\/#organization\"},\"image\":{\"@id\":\"https:\/\/www.leselfes.com\/fr\/5-avantages-des-activites-educatives-en-plein-air\/#primaryimage\"},\"thumbnailUrl\":\"https:\/\/www.leselfes.com\/wp-content\/uploads\/2019\/10\/leselfes-classic.jpg\",\"articleSection\":[\"Articles\"],\"inLanguage\":\"fr-FR\"},{\"@type\":\"WebPage\",\"@id\":\"https:\/\/www.leselfes.com\/fr\/5-avantages-des-activites-educatives-en-plein-air\/\",\"url\":\"https:\/\/www.leselfes.com\/fr\/5-avantages-des-activites-educatives-en-plein-air\/\",\"name\":\"5 avantages des activit\u00e9s \u00e9ducatives en plein air - Les Elfes International Camps Switzerland\",\"isPartOf\":{\"@id\":\"https:\/\/dev.leselfes.com\/#website\"},\"primaryImageOfPage\":{\"@id\":\"https:\/\/www.leselfes.com\/fr\/5-avantages-des-activites-educatives-en-plein-air\/#primaryimage\"},\"image\":{\"@id\":\"https:\/\/www.leselfes.com\/fr\/5-avantages-des-activites-educatives-en-plein-air\/#primaryimage\"},\"thumbnailUrl\":\"https:\/\/www.leselfes.com\/wp-content\/uploads\/2019\/10\/leselfes-classic.jpg\",\"datePublished\":\"2019-10-03T16:16:28+00:00\",\"dateModified\":\"2024-10-09T13:43:35+00:00\",\"breadcrumb\":{\"@id\":\"https:\/\/www.leselfes.com\/fr\/5-avantages-des-activites-educatives-en-plein-air\/#breadcrumb\"},\"inLanguage\":\"fr-FR\",\"potentialAction\":[{\"@type\":\"ReadAction\",\"target\":[\"https:\/\/www.leselfes.com\/fr\/5-avantages-des-activites-educatives-en-plein-air\/\"]}]},{\"@type\":\"ImageObject\",\"inLanguage\":\"fr-FR\",\"@id\":\"https:\/\/www.leselfes.com\/fr\/5-avantages-des-activites-educatives-en-plein-air\/#primaryimage\",\"url\":\"https:\/\/www.leselfes.com\/wp-content\/uploads\/2019\/10\/leselfes-classic.jpg\",\"contentUrl\":\"https:\/\/www.leselfes.com\/wp-content\/uploads\/2019\/10\/leselfes-classic.jpg\"},{\"@type\":\"BreadcrumbList\",\"@id\":\"https:\/\/www.leselfes.com\/fr\/5-avantages-des-activites-educatives-en-plein-air\/#breadcrumb\",\"itemListElement\":[{\"@type\":\"ListItem\",\"position\":1,\"name\":\"Home\",\"item\":\"https:\/\/www.leselfes.com\/fr\/\"},{\"@type\":\"ListItem\",\"position\":2,\"name\":\"5 avantages des activit\u00e9s \u00e9ducatives en plein air\"}]},{\"@type\":\"WebSite\",\"@id\":\"https:\/\/dev.leselfes.com\/#website\",\"url\":\"https:\/\/dev.leselfes.com\/\",\"name\":\"Les Elfes International\",\"description\":\"Les Elfes International, Verbier Switzerland. Summer Camp, Winter Camp, Spring Camps.\",\"publisher\":{\"@id\":\"https:\/\/dev.leselfes.com\/#organization\"},\"alternateName\":\"Les Elfes International\",\"potentialAction\":[{\"@type\":\"SearchAction\",\"target\":{\"@type\":\"EntryPoint\",\"urlTemplate\":\"https:\/\/dev.leselfes.com\/?s={search_term_string}\"},\"query-input\":{\"@type\":\"PropertyValueSpecification\",\"valueRequired\":true,\"valueName\":\"search_term_string\"}}],\"inLanguage\":\"fr-FR\"},{\"@type\":\"Organization\",\"@id\":\"https:\/\/dev.leselfes.com\/#organization\",\"name\":\"Les Elfes International\",\"alternateName\":\"Les Elfes International\",\"url\":\"https:\/\/dev.leselfes.com\/\",\"logo\":{\"@type\":\"ImageObject\",\"inLanguage\":\"fr-FR\",\"@id\":\"https:\/\/dev.leselfes.com\/#\/schema\/logo\/image\/\",\"url\":\"https:\/\/www.leselfes.com\/wp-content\/uploads\/2022\/03\/leselfes-logo.png\",\"contentUrl\":\"https:\/\/www.leselfes.com\/wp-content\/uploads\/2022\/03\/leselfes-logo.png\",\"width\":233,\"height\":51,\"caption\":\"Les Elfes International\"},\"image\":{\"@id\":\"https:\/\/dev.leselfes.com\/#\/schema\/logo\/image\/\"},\"sameAs\":[\"https:\/\/www.facebook.com\/LesElfesVerbier\",\"https:\/\/x.com\/LesElfesCamps\",\"https:\/\/www.instagram.com\/leselfes\",\"https:\/\/www.linkedin.com\/company\/les-elfes-international\",\"https:\/\/www.youtube.com\/user\/LesElfesVerbier\"]},{\"@type\":\"Person\",\"@id\":\"https:\/\/dev.leselfes.com\/#\/schema\/person\/9e8c1c68ef43ed5c58fa46ac5d8ee338\",\"name\":\"carlotta\",\"image\":{\"@type\":\"ImageObject\",\"inLanguage\":\"fr-FR\",\"@id\":\"https:\/\/dev.leselfes.com\/#\/schema\/person\/image\/\",\"url\":\"https:\/\/secure.gravatar.com\/avatar\/fdb243a028df450397b3632d862f87f6?s=96&d=mm&r=g\",\"contentUrl\":\"https:\/\/secure.gravatar.com\/avatar\/fdb243a028df450397b3632d862f87f6?s=96&d=mm&r=g\",\"caption\":\"carlotta\"},\"description\":\"Since 1987, Les Elfes International organizes ski trips &amp; field trips for leading schools around the world as well as winter &amp; summer camps for individual students aged between 6 y.o. and 17 y.o. from more than 60 nationalities. Welcoming 5'000 children and more than 200 schools a year from December until the end of October, Les Elfes has become a leading provider in the individual and school\u2019s trip industry. Our Winter and Summer Camps, ski and field trips provide more than just great activities and experiences. We introduce lifelong skills such as communicating with others without phone or laptop and understanding the value of living in a community away from home. Moreover, campers will be able to build a strong friend network and fortify the relationship among future classmates.\",\"sameAs\":[\"https:\/\/www.linkedin.com\/company\/les-elfes-international\/\"],\"url\":\"https:\/\/www.leselfes.com\/fr\/author\/carlotta\/\"}]}<\/script>\n<!-- \/ Yoast SEO Premium plugin. -->","yoast_head_json":{"title":"5 avantages des activit\u00e9s \u00e9ducatives en plein air - Les Elfes International Camps Switzerland","robots":{"index":"index","follow":"follow","max-snippet":"max-snippet:-1","max-image-preview":"max-image-preview:large","max-video-preview":"max-video-preview:-1"},"canonical":"https:\/\/www.leselfes.com\/fr\/5-avantages-des-activites-educatives-en-plein-air\/","og_locale":"fr_FR","og_type":"article","og_title":"5 avantages des activit\u00e9s \u00e9ducatives en plein air","og_description":"Obtenez des informations sur les avantages des activit\u00e9s d'\u00e9ducation en plein air pour les \u00e9l\u00e8ves.","og_url":"https:\/\/www.leselfes.com\/fr\/5-avantages-des-activites-educatives-en-plein-air\/","og_site_name":"Les Elfes International Camps Switzerland","article_publisher":"https:\/\/www.facebook.com\/LesElfesVerbier","article_published_time":"2019-10-03T16:16:28+00:00","article_modified_time":"2024-10-09T13:43:35+00:00","og_image":[{"url":"https:\/\/dev.leselfes.com\/wp-content\/uploads\/2019\/10\/leselfes-classic.jpg","type":"","width":"","height":""}],"author":"carlotta","twitter_card":"summary_large_image","twitter_creator":"@LesElfesCamps","twitter_site":"@LesElfesCamps","twitter_misc":{"\u00c9crit par":"carlotta","Dur\u00e9e de lecture estim\u00e9e":"10 minutes"},"schema":{"@context":"https:\/\/schema.org","@graph":[{"@type":"Article","@id":"https:\/\/www.leselfes.com\/fr\/5-avantages-des-activites-educatives-en-plein-air\/#article","isPartOf":{"@id":"https:\/\/www.leselfes.com\/fr\/5-avantages-des-activites-educatives-en-plein-air\/"},"author":{"name":"carlotta","@id":"https:\/\/dev.leselfes.com\/#\/schema\/person\/9e8c1c68ef43ed5c58fa46ac5d8ee338"},"headline":"5 avantages des activit\u00e9s \u00e9ducatives en plein air","datePublished":"2019-10-03T16:16:28+00:00","dateModified":"2024-10-09T13:43:35+00:00","mainEntityOfPage":{"@id":"https:\/\/www.leselfes.com\/fr\/5-avantages-des-activites-educatives-en-plein-air\/"},"wordCount":2124,"publisher":{"@id":"https:\/\/dev.leselfes.com\/#organization"},"image":{"@id":"https:\/\/www.leselfes.com\/fr\/5-avantages-des-activites-educatives-en-plein-air\/#primaryimage"},"thumbnailUrl":"https:\/\/www.leselfes.com\/wp-content\/uploads\/2019\/10\/leselfes-classic.jpg","articleSection":["Articles"],"inLanguage":"fr-FR"},{"@type":"WebPage","@id":"https:\/\/www.leselfes.com\/fr\/5-avantages-des-activites-educatives-en-plein-air\/","url":"https:\/\/www.leselfes.com\/fr\/5-avantages-des-activites-educatives-en-plein-air\/","name":"5 avantages des activit\u00e9s \u00e9ducatives en plein air - Les Elfes International Camps Switzerland","isPartOf":{"@id":"https:\/\/dev.leselfes.com\/#website"},"primaryImageOfPage":{"@id":"https:\/\/www.leselfes.com\/fr\/5-avantages-des-activites-educatives-en-plein-air\/#primaryimage"},"image":{"@id":"https:\/\/www.leselfes.com\/fr\/5-avantages-des-activites-educatives-en-plein-air\/#primaryimage"},"thumbnailUrl":"https:\/\/www.leselfes.com\/wp-content\/uploads\/2019\/10\/leselfes-classic.jpg","datePublished":"2019-10-03T16:16:28+00:00","dateModified":"2024-10-09T13:43:35+00:00","breadcrumb":{"@id":"https:\/\/www.leselfes.com\/fr\/5-avantages-des-activites-educatives-en-plein-air\/#breadcrumb"},"inLanguage":"fr-FR","potentialAction":[{"@type":"ReadAction","target":["https:\/\/www.leselfes.com\/fr\/5-avantages-des-activites-educatives-en-plein-air\/"]}]},{"@type":"ImageObject","inLanguage":"fr-FR","@id":"https:\/\/www.leselfes.com\/fr\/5-avantages-des-activites-educatives-en-plein-air\/#primaryimage","url":"https:\/\/www.leselfes.com\/wp-content\/uploads\/2019\/10\/leselfes-classic.jpg","contentUrl":"https:\/\/www.leselfes.com\/wp-content\/uploads\/2019\/10\/leselfes-classic.jpg"},{"@type":"BreadcrumbList","@id":"https:\/\/www.leselfes.com\/fr\/5-avantages-des-activites-educatives-en-plein-air\/#breadcrumb","itemListElement":[{"@type":"ListItem","position":1,"name":"Home","item":"https:\/\/www.leselfes.com\/fr\/"},{"@type":"ListItem","position":2,"name":"5 avantages des activit\u00e9s \u00e9ducatives en plein air"}]},{"@type":"WebSite","@id":"https:\/\/dev.leselfes.com\/#website","url":"https:\/\/dev.leselfes.com\/","name":"Les Elfes International","description":"Les Elfes International, Verbier Switzerland. Summer Camp, Winter Camp, Spring Camps.","publisher":{"@id":"https:\/\/dev.leselfes.com\/#organization"},"alternateName":"Les Elfes International","potentialAction":[{"@type":"SearchAction","target":{"@type":"EntryPoint","urlTemplate":"https:\/\/dev.leselfes.com\/?s={search_term_string}"},"query-input":{"@type":"PropertyValueSpecification","valueRequired":true,"valueName":"search_term_string"}}],"inLanguage":"fr-FR"},{"@type":"Organization","@id":"https:\/\/dev.leselfes.com\/#organization","name":"Les Elfes International","alternateName":"Les Elfes International","url":"https:\/\/dev.leselfes.com\/","logo":{"@type":"ImageObject","inLanguage":"fr-FR","@id":"https:\/\/dev.leselfes.com\/#\/schema\/logo\/image\/","url":"https:\/\/www.leselfes.com\/wp-content\/uploads\/2022\/03\/leselfes-logo.png","contentUrl":"https:\/\/www.leselfes.com\/wp-content\/uploads\/2022\/03\/leselfes-logo.png","width":233,"height":51,"caption":"Les Elfes International"},"image":{"@id":"https:\/\/dev.leselfes.com\/#\/schema\/logo\/image\/"},"sameAs":["https:\/\/www.facebook.com\/LesElfesVerbier","https:\/\/x.com\/LesElfesCamps","https:\/\/www.instagram.com\/leselfes","https:\/\/www.linkedin.com\/company\/les-elfes-international","https:\/\/www.youtube.com\/user\/LesElfesVerbier"]},{"@type":"Person","@id":"https:\/\/dev.leselfes.com\/#\/schema\/person\/9e8c1c68ef43ed5c58fa46ac5d8ee338","name":"carlotta","image":{"@type":"ImageObject","inLanguage":"fr-FR","@id":"https:\/\/dev.leselfes.com\/#\/schema\/person\/image\/","url":"https:\/\/secure.gravatar.com\/avatar\/fdb243a028df450397b3632d862f87f6?s=96&d=mm&r=g","contentUrl":"https:\/\/secure.gravatar.com\/avatar\/fdb243a028df450397b3632d862f87f6?s=96&d=mm&r=g","caption":"carlotta"},"description":"Since 1987, Les Elfes International organizes ski trips &amp; field trips for leading schools around the world as well as winter &amp; summer camps for individual students aged between 6 y.o. and 17 y.o. from more than 60 nationalities. Welcoming 5'000 children and more than 200 schools a year from December until the end of October, Les Elfes has become a leading provider in the individual and school\u2019s trip industry. Our Winter and Summer Camps, ski and field trips provide more than just great activities and experiences. We introduce lifelong skills such as communicating with others without phone or laptop and understanding the value of living in a community away from home. Moreover, campers will be able to build a strong friend network and fortify the relationship among future classmates.","sameAs":["https:\/\/www.linkedin.com\/company\/les-elfes-international\/"],"url":"https:\/\/www.leselfes.com\/fr\/author\/carlotta\/"}]}},"_links":{"self":[{"href":"https:\/\/www.leselfes.com\/fr\/wp-json\/wp\/v2\/posts\/89496"}],"collection":[{"href":"https:\/\/www.leselfes.com\/fr\/wp-json\/wp\/v2\/posts"}],"about":[{"href":"https:\/\/www.leselfes.com\/fr\/wp-json\/wp\/v2\/types\/post"}],"author":[{"embeddable":true,"href":"https:\/\/www.leselfes.com\/fr\/wp-json\/wp\/v2\/users\/6"}],"replies":[{"embeddable":true,"href":"https:\/\/www.leselfes.com\/fr\/wp-json\/wp\/v2\/comments?post=89496"}],"version-history":[{"count":0,"href":"https:\/\/www.leselfes.com\/fr\/wp-json\/wp\/v2\/posts\/89496\/revisions"}],"wp:attachment":[{"href":"https:\/\/www.leselfes.com\/fr\/wp-json\/wp\/v2\/media?parent=89496"}],"wp:term":[{"taxonomy":"category","embeddable":true,"href":"https:\/\/www.leselfes.com\/fr\/wp-json\/wp\/v2\/categories?post=89496"},{"taxonomy":"post_tag","embeddable":true,"href":"https:\/\/www.leselfes.com\/fr\/wp-json\/wp\/v2\/tags?post=89496"}],"curies":[{"name":"wp","href":"https:\/\/api.w.org\/{rel}","templated":true}]}}