{"id":90372,"date":"2016-11-23T15:46:36","date_gmt":"2016-11-23T14:46:36","guid":{"rendered":"https:\/\/www.leselfes.com\/nouveaux-programmes-de-developpement-personnel-pour-lete-2017\/"},"modified":"2024-11-12T11:44:07","modified_gmt":"2024-11-12T10:44:07","slug":"nouveaux-programmes-de-developpement-personnel-pour-lete-2017","status":"publish","type":"post","link":"https:\/\/www.leselfes.com\/fr\/nouveaux-programmes-de-developpement-personnel-pour-lete-2017\/","title":{"rendered":"Nouveaux programmes de d\u00e9veloppement personnel pour l&rsquo;\u00e9t\u00e9 2017"},"content":{"rendered":"<table border=\"0\" width=\"600\" cellspacing=\"0\" cellpadding=\"0\" align=\"center\">\n<tbody>\n<tr>\n<td style=\"color: #457fc1; font-size: 24px; font-family: helvetica;\">Nouvelles de l&rsquo;\u00e9t\u00e9 2017<\/td>\n<\/tr>\n<tr>\n<td style=\"font-size: 15px; color: #333333; font-family: helvetica;\">Nous prenons \u00e9galement les r\u00e9servations pour l&rsquo;\u00e9t\u00e9 2017, avec un certain nombre de nouveaux programmes de d\u00e9veloppement personnel propos\u00e9s :\n<\/td>\n<\/tr>\n<\/tbody>\n<\/table>\n<p>&nbsp;<\/p>\n<table style=\"background-repeat:no-repeat;background-position: left center; background-size:auto 100%\" width=\"100%\" cellspacing=\"0\" cellpadding=\"0\" border=\"0\" background=\"https:\/\/www.leselfes.com\/wp-content\/uploads\/2016\/11\/img1.jpg\">\n<tbody>\n<tr>\n<td align=\"left\" valign=\"top\" height=\"30\"><\/td>\n<td style=\"font-family: Helvetica, Arial, sans-serif; font-size: 15px; line-height: 22px; color: #333333; text-align: left;\" align=\"left\" valign=\"top\"><\/td>\n<td><\/td>\n<\/tr>\n<tr>\n<td width=\"400\"><\/td>\n<td style=\"font-family: Helvetica, Arial, sans-serif; font-size: 15px; line-height: 22px; color: #333333; text-align: left;\"><\/td>\n<td style=\"background-color: rgba(255, 255, 255, 0.8); font-family: Helvetica, Arial, sans-serif; font-size: 24px; line-height: 28px; color: #457fc1; text-align: left; padding: 20px;\" height=\"250\"><a style=\"text-decoration: none;\" href=\"https:\/\/www.leselfes.com\/fr\/camp-dete\/\" target=\"_blank\" rel=\"noopener noreferrer\"> <span style=\"color: #457fc1; font-size: 24px;\">  Moutnain Fitness (Exlporateurs et Pionniers uniquement)<\/span><\/a><\/p>\n<p style=\"font-family: Helvetica, Arial, sans-serif; font-size: 15px; line-height: 22px; color: #333333;\">Utilisant le cadre magnifique et l&rsquo;environnement ext\u00e9rieur de Verbier, notre programme d&rsquo;une journ\u00e9e est dirig\u00e9 par des entra\u00eeneurs personnels professionnels.<br \/>\nLa journ\u00e9e comprendra une s\u00e9ance de circuit en studio \u00e0 laquelle les \u00e9tudiants participeront et profiteront de s\u00e9ances de cardio \/ TRX \/ spin \u00e0 haute intensit\u00e9 avec la musique correspondante.<br \/>\nLa journ\u00e9e comprend \u00e9galement une randonn\u00e9e en haute altitude avec yoga, Par Cours Vita et des sessions orient\u00e9es vers la force du corps, des circuits au poids du corps et des sessions d&rsquo;\u00e9tirements pour la r\u00e9cup\u00e9ration active.<br \/>\nLes \u00e9tudiants pr\u00e9pareront \u00e9galement leurs propres collations et d\u00e9jeuners sains, en mettant l&rsquo;accent sur l&rsquo;\u00e9ducation nutritionnelle et sur des recettes qu&rsquo;ils pourront emporter chez eux.<br \/>\nTout cela peut sembler difficile, mais nous vous assurons que l&rsquo;approche est ludique et qu&rsquo;il y a quelque chose \u00e0 apprendre pour tout le monde et \u00e0 emporter chez soi.    <\/p>\n<\/td>\n<\/tr>\n<tr>\n<td align=\"left\" valign=\"top\" height=\"30\"><\/td>\n<td style=\"font-family: Helvetica, Arial, sans-serif; font-size: 15px; line-height: 22px; color: #333333; text-align: left;\" align=\"left\" valign=\"top\"><\/td>\n<td>&nbsp;<\/p>\n<\/td>\n<\/tr>\n<\/tbody>\n<\/table>\n<p>&nbsp;<\/p>\n<table style=\"  background-repeat: no-repeat;background-position: right center; background-size:auto 100%\" width=\"100%\" cellspacing=\"0\" cellpadding=\"0\" border=\"0\" background=\"https:\/\/www.leselfes.com\/wp-content\/uploads\/2016\/11\/img2.jpg\">\n<tbody>\n<tr>\n<td height=\"30\"><\/td>\n<td style=\"font-family: Helvetica, Arial, sans-serif; font-size: 15px; line-height: 22px; color: #333333; text-align: left; width: 35%;\"><\/td>\n<\/tr>\n<tr>\n<td style=\"background-color: rgba(255, 255, 255, 0.8); font-family: Helvetica, Arial, sans-serif; font-size: 24px; line-height: 28px; color: #457fc1; text-align: left; padding: 20px;\" height=\"250\"><a style=\"text-decoration: none;\" href=\"https:\/\/www.leselfes.com\/fr\/camp-dete\/\" target=\"_blank\" rel=\"noopener noreferrer\"> <span style=\"color: #457fc1; font-size: 24px;\"><br \/>\nPremiers secours  <\/span><\/a><\/p>\n<p style=\"font-family: Helvetica, Arial, sans-serif; font-size: 15px; line-height: 22px; color: #333333;\">Les \u00e9tudiants passeront une journ\u00e9e avec un secouriste professionnel qui a de nombreuses ann\u00e9es d&rsquo;exp\u00e9rience dans la formation d&rsquo;adultes et d&rsquo;enfants dans ce domaine.<br \/>\nLa sensibilisation aux premiers secours est un atout consid\u00e9rable, et nous pensons que ce cours est inestimable.<br \/>\n\u00c0 la fin du cours, les \u00e9tudiants seront en mesure de comprendre les principaux aspects des premiers secours et disposeront des informations cl\u00e9s n\u00e9cessaires pour reconna\u00eetre et traiter une blessure en toute confiance.<br \/>\nDe la r\u00e9animation \u00e0 l&rsquo;\u00e9touffement, en passant par les blessures \u00e0 la colonne vert\u00e9brale ou les plaies, toute une s\u00e9rie de sc\u00e9narios seront mis en \u0153uvre.<br \/>\nA l&rsquo;issue de la formation, tous nos secouristes recevront un certificat de World Class Training, membre reconnu de l&rsquo;Association of First Aiders.Et suite aux excellents r\u00e9sultats de l&rsquo;\u00e9t\u00e9 dernier, nous proposons toujours les formations suivantes pour 2017 ;    <\/p>\n<\/td>\n<td style=\"font-family: Helvetica, Arial, sans-serif; font-size: 15px; line-height: 22px; color: #333333; text-align: left;\" width=\"400\"><\/td>\n<\/tr>\n<tr>\n<td height=\"30\"><\/td>\n<td style=\"font-family: Helvetica, Arial, sans-serif; font-size: 15px; line-height: 22px; color: #333333; text-align: left; width: 35%;\"><\/td>\n<\/tr>\n<\/tbody>\n<\/table>\n<p>&nbsp;<\/p>\n<table style=\"background-repeat:no-repeat;background-position: left center; background-size:auto 100%\" width=\"100%\" cellspacing=\"0\" cellpadding=\"0\" border=\"0\" background=\"https:\/\/www.leselfes.com\/wp-content\/uploads\/2016\/11\/img3.jpg\">\n<tbody>\n<tr>\n<td align=\"left\" valign=\"top\" height=\"30\"><\/td>\n<td style=\"font-family: Helvetica, Arial, sans-serif; font-size: 15px; line-height: 22px; color: #333333; text-align: left;\" align=\"left\" valign=\"top\"><\/td>\n<td><\/td>\n<\/tr>\n<tr>\n<td width=\"400\"><\/td>\n<td style=\"font-family: Helvetica, Arial, sans-serif; font-size: 15px; line-height: 22px; color: #333333; text-align: left;\"><\/td>\n<td style=\"background-color: rgba(255, 255, 255, 0.8); font-family: Helvetica, Arial, sans-serif; font-size: 24px; line-height: 28px; color: #457fc1; text-align: left; padding: 20px;\" height=\"250\"><a style=\"text-decoration: none;\" href=\"https:\/\/www.leselfes.com\/fr\/camp-dete\/\" target=\"_blank\" rel=\"noopener noreferrer\"> <span style=\"color: #457fc1; font-size: 24px;\">  Leadership  <\/span><\/a><\/p>\n<p style=\"font-family: Helvetica, Arial, sans-serif; font-size: 15px; line-height: 22px; color: #333333;\">  Nos programmes de leadership couvrent un large \u00e9ventail de param\u00e8tres dans ce domaine.<br \/>\nIls vont de la session de facilitation de 2 \u00e0 3 heures con\u00e7ue pour aborder des questions sp\u00e9cifiques telles que les comp\u00e9tences de communication, la constitution d&rsquo;\u00e9quipes et la gestion du stress, aux cours r\u00e9sidentiels d&rsquo;une \u00e0 deux semaines englobant la gamme compl\u00e8te des programmes de d\u00e9veloppement personnel et de leadership Les Elfes.<br \/>\nLes ressources pour les programmes comprennent des jeux et des puzzles sp\u00e9cialement con\u00e7us pour isoler un seul aspect de l&rsquo;apprentissage et permettre aux apprenants d&rsquo;exp\u00e9rimenter des comp\u00e9tences dans un environnement s\u00fbr et favorable, puis d&rsquo;\u00eatre guid\u00e9s par des processus de r\u00e9flexion et d&rsquo;analyse afin d&rsquo;examiner les exp\u00e9riences sous de nouvelles perspectives.<br \/>\nNotre ressource la plus pr\u00e9cieuse est cependant notre environnement naturel et nos nouveaux cours de leadership r\u00e9sidentiels sont dispens\u00e9s autant que possible dans cet environnement naturel, immergeant les apprenants dans le cadre qui approfondit le sens.   <\/p>\n<\/td>\n<\/tr>\n<tr>\n<td align=\"left\" valign=\"top\" height=\"30\"><\/td>\n<td style=\"font-family: Helvetica, Arial, sans-serif; font-size: 15px; line-height: 22px; color: #333333; text-align: left;\" align=\"left\" valign=\"top\"><\/td>\n<td><\/td>\n<\/tr>\n<\/tbody>\n<\/table>\n<p>&nbsp;<\/p>\n<table style=\"  background-repeat: no-repeat;background-position: right center; background-size:auto 100%\" width=\"100%\" cellspacing=\"0\" cellpadding=\"0\" border=\"0\" background=\"https:\/\/www.leselfes.com\/wp-content\/uploads\/2016\/11\/img4.jpg\">\n<tbody>\n<tr>\n<td height=\"30\"><\/td>\n<td style=\"font-family: Helvetica, Arial, sans-serif; font-size: 15px; line-height: 22px; color: #333333; text-align: left; width: 35%;\"><\/td>\n<\/tr>\n<tr>\n<td style=\"background-color: rgba(255, 255, 255, 0.8); font-family: Helvetica, Arial, sans-serif; font-size: 24px; line-height: 28px; color: #457fc1; text-align: left; padding: 20px;\" height=\"250\"><a style=\"text-decoration: none;\" href=\"https:\/\/www.leselfes.com\/fr\/camp-dete\/\" target=\"_blank\" rel=\"noopener noreferrer\"><span style=\"color: #457fc1; font-size: 24px;\">Carri\u00e8re  <\/span><\/a><\/p>\n<p style=\"font-family: Helvetica, Arial, sans-serif; font-size: 15px; line-height: 22px; color: #333333;\">Notre programme de carri\u00e8re combine un mod\u00e8le de formation pratique et des \u00e9l\u00e9ments con\u00e7us pour pr\u00e9parer les \u00e9tudiants au monde du travail.<br \/>\nNous faisons appel \u00e0 des conf\u00e9renciers inspirants pour \u00e9clairer les \u00e9tudiants sur les diff\u00e9rentes possibilit\u00e9s et voies qui leur permettront d&rsquo;atteindre leurs objectifs.<br \/>\nLes sujets abord\u00e9s seront les choix de carri\u00e8re que les \u00e9tudiants ont faits actuellement et pourquoi, l&rsquo;orientation ou le domaine de travail qui les int\u00e9resse et, surtout, les comp\u00e9tences qu&rsquo;ils estiment \u00eatre les plus fortes.<br \/>\nLe cours est un m\u00e9lange de cours et de travaux pratiques en plein air.<br \/>\nL&rsquo;objectif est de permettre aux \u00e9tudiants de mieux comprendre leurs propres talents et ce qu&rsquo;il faut pour atteindre le succ\u00e8s qu&rsquo;ils recherchent.    <\/p>\n<\/td>\n<td style=\"font-family: Helvetica, Arial, sans-serif; font-size: 15px; line-height: 22px; color: #333333; text-align: left;\" width=\"400\"><\/td>\n<\/tr>\n<tr>\n<td height=\"30\"><\/td>\n<td style=\"font-family: Helvetica, Arial, sans-serif; font-size: 15px; line-height: 22px; color: #333333; text-align: left; width: 35%;\"><\/td>\n<\/tr>\n<\/tbody>\n<\/table>\n<p>&nbsp;<\/p>\n<table style=\"background-repeat:no-repeat;background-position: left center; background-size:auto 100%\" width=\"100%\" cellspacing=\"0\" cellpadding=\"0\" border=\"0\" background=\"https:\/\/www.leselfes.com\/wp-content\/uploads\/2016\/11\/img5.jpg\">\n<tbody>\n<tr>\n<td align=\"left\" valign=\"top\" height=\"30\"><\/td>\n<td style=\"font-family: Helvetica, Arial, sans-serif; font-size: 15px; line-height: 22px; color: #333333; text-align: left;\" align=\"left\" valign=\"top\"><\/td>\n<td><\/td>\n<\/tr>\n<tr>\n<td width=\"400\"><\/td>\n<td style=\"font-family: Helvetica, Arial, sans-serif; font-size: 15px; line-height: 22px; color: #333333; text-align: left;\"><\/td>\n<td style=\"background-color: rgba(255, 255, 255, 0.8); font-family: Helvetica, Arial, sans-serif; font-size: 24px; line-height: 28px; color: #457fc1; text-align: left; padding: 20px;\" height=\"250\"><a style=\"text-decoration: none;\" href=\"https:\/\/www.leselfes.com\/fr\/camp-dete\/\" target=\"_blank\" rel=\"noopener noreferrer\"> <span style=\"color: #457fc1; font-size: 24px;\">Identit\u00e9 Web  <\/span><\/a><\/p>\n<p style=\"font-family: Helvetica, Arial, sans-serif; font-size: 15px; line-height: 22px; color: #333333;\">Notre cours sur la protection en ligne et l&rsquo;identit\u00e9 Web donnera aux \u00e9tudiants un aper\u00e7u et une compr\u00e9hension d&rsquo;un aspect du Web qu&rsquo;ils n&rsquo;auraient pas eu auparavant. Notre objectif n&rsquo;est pas de d\u00e9tourner les \u00e9tudiants des m\u00e9dias sociaux ou de r\u00e9duire le temps qu&rsquo;ils passent sur Internet, mais de leur apprendre \u00e0 \u00eatre plus productifs, \u00e0 prot\u00e9ger leurs donn\u00e9es et, plus important encore, \u00e0 prot\u00e9ger leur image personnelle en ligne.<br \/>\nSt\u00e9phane Koch, dont le vaste CV comprend un Master of Advanced Studies (MAS) en enqu\u00eate sur les crimes \u00e9conomiques, un dipl\u00f4me de sp\u00e9cialiste en relations publiques (ISRP), le poste de vice-pr\u00e9sident de High-Tech Bridge SA (une soci\u00e9t\u00e9 sp\u00e9cialis\u00e9e dans le piratage \u00e9thique), dispensera le cours \u00e0 nos \u00e9tudiants. <\/p>\n<\/td>\n<\/tr>\n<tr>\n<td align=\"left\" valign=\"top\" height=\"30\"><\/td>\n<td style=\"font-family: Helvetica, Arial, sans-serif; font-size: 15px; line-height: 22px; color: #333333; text-align: left;\" align=\"left\" valign=\"top\"><\/td>\n<td><\/td>\n<\/tr>\n<\/tbody>\n<\/table>\n<p>&nbsp;<\/p>\n<table style=\"  background-repeat: no-repeat;background-position: right center; background-size:auto 100%\" width=\"100%\" cellspacing=\"0\" cellpadding=\"0\" border=\"0\" background=\"https:\/\/www.leselfes.com\/wp-content\/uploads\/2016\/11\/img6.jpg\">\n<tbody>\n<tr>\n<td height=\"30\"><\/td>\n<td style=\"font-family: Helvetica, Arial, sans-serif; font-size: 15px; line-height: 22px; color: #333333; text-align: left; width: 35%;\"><\/td>\n<\/tr>\n<tr>\n<td style=\"background-color: rgba(255, 255, 255, 0.8); font-family: Helvetica, Arial, sans-serif; font-size: 24px; line-height: 28px; color: #457fc1; text-align: left; padding: 20px;\" height=\"250\"><a style=\"text-decoration: none;\" href=\"https:\/\/www.leselfes.com\/fr\/camp-dete\/\" target=\"_blank\" rel=\"noopener noreferrer\"> <span style=\"color: #457fc1; font-size: 24px;\">  Arts, cuisine, th\u00e9\u00e2tre  <\/span><\/a><\/p>\n<p style=\"font-family: Helvetica, Arial, sans-serif; font-size: 15px; line-height: 22px; color: #333333;\">Pour nos plus jeunes \u00e9l\u00e8ves, nous proposons une gamme vari\u00e9e d&rsquo;activit\u00e9s con\u00e7ues pour leur donner l&rsquo;occasion de s&rsquo;exprimer et d&rsquo;explorer leur talent cr\u00e9atif.<br \/>\nNotre programme combine des cours d&rsquo;art avec une \u00e9cole d&rsquo;art locale, des ateliers de cuisine et de pr\u00e9paration des aliments, des s\u00e9ances de th\u00e9\u00e2tre et d&rsquo;improvisation et la possibilit\u00e9 de prendre la parole en public et de faire des pr\u00e9sentations de groupe pour renforcer la confiance en soi et les comp\u00e9tences de travail en \u00e9quipe. <\/p>\n<\/td>\n<td style=\"font-family: Helvetica, Arial, sans-serif; font-size: 15px; line-height: 22px; color: #333333; text-align: left;\" width=\"400\"><\/td>\n<\/tr>\n<tr>\n<td height=\"30\"><\/td>\n<td style=\"font-family: Helvetica, Arial, sans-serif; font-size: 15px; line-height: 22px; color: #333333; text-align: left; width: 35%;\"><\/td>\n<\/tr>\n<\/tbody>\n<\/table>\n<p>&nbsp;<\/p>\n","protected":false},"excerpt":{"rendered":"<p>Nouvelles de l&rsquo;\u00e9t\u00e9 2017 Nous prenons \u00e9galement les r\u00e9servations pour l&rsquo;\u00e9t\u00e9 2017, avec un certain nombre de nouveaux programmes de d\u00e9veloppement personnel propos\u00e9s : &nbsp; Moutnain Fitness (Exlporateurs et Pionniers&#8230;<\/p>\n","protected":false},"author":1,"featured_media":0,"comment_status":"closed","ping_status":"open","sticky":false,"template":"","format":"standard","meta":{"_acf_changed":false,"inline_featured_image":false,"footnotes":""},"categories":[1394,1372],"tags":[],"class_list":{"0":"post-90372","1":"post","2":"type-post","3":"status-publish","4":"format-standard","6":"category-actualites","7":"category-camp-dete"},"acf":[],"yoast_head":"<!-- This site is optimized with the Yoast SEO Premium plugin v24.2 (Yoast SEO v24.7) - https:\/\/yoast.com\/wordpress\/plugins\/seo\/ -->\n<title>Nouveaux programmes de d\u00e9veloppement personnel pour l&#039;\u00e9t\u00e9 2017 - Les Elfes International Camps Switzerland<\/title>\n<meta name=\"robots\" content=\"index, follow, max-snippet:-1, max-image-preview:large, max-video-preview:-1\" \/>\n<link rel=\"canonical\" href=\"https:\/\/www.leselfes.com\/fr\/nouveaux-programmes-de-developpement-personnel-pour-lete-2017\/\" \/>\n<meta property=\"og:locale\" content=\"fr_FR\" \/>\n<meta property=\"og:type\" content=\"article\" \/>\n<meta property=\"og:title\" content=\"Nouveaux programmes de d\u00e9veloppement personnel pour l&#039;\u00e9t\u00e9 2017\" \/>\n<meta property=\"og:description\" content=\"Nouvelles de l&rsquo;\u00e9t\u00e9 2017 Nous prenons \u00e9galement les r\u00e9servations pour l&rsquo;\u00e9t\u00e9 2017, avec un certain nombre de nouveaux programmes de d\u00e9veloppement personnel propos\u00e9s : &nbsp; Moutnain Fitness (Exlporateurs et Pionniers...\" \/>\n<meta property=\"og:url\" content=\"https:\/\/www.leselfes.com\/fr\/nouveaux-programmes-de-developpement-personnel-pour-lete-2017\/\" \/>\n<meta property=\"og:site_name\" content=\"Les Elfes International Camps Switzerland\" \/>\n<meta property=\"article:publisher\" content=\"https:\/\/www.facebook.com\/LesElfesVerbier\" \/>\n<meta property=\"article:published_time\" content=\"2016-11-23T14:46:36+00:00\" \/>\n<meta property=\"article:modified_time\" content=\"2024-11-12T10:44:07+00:00\" \/>\n<meta property=\"og:image\" content=\"https:\/\/www.leselfes.com\/wp-content\/uploads\/2022\/02\/Les-Elfes-International-summer-camp-Switzerland-Staff-Mobile-591x555-1.jpg\" \/>\n\t<meta property=\"og:image:width\" content=\"591\" \/>\n\t<meta property=\"og:image:height\" content=\"555\" \/>\n\t<meta property=\"og:image:type\" content=\"image\/jpeg\" \/>\n<meta name=\"author\" content=\"lesadmin\" \/>\n<meta name=\"twitter:card\" content=\"summary_large_image\" \/>\n<meta name=\"twitter:creator\" content=\"@LesElfesCamps\" \/>\n<meta name=\"twitter:site\" content=\"@LesElfesCamps\" \/>\n<meta name=\"twitter:label1\" content=\"\u00c9crit par\" \/>\n\t<meta name=\"twitter:data1\" content=\"lesadmin\" \/>\n\t<meta name=\"twitter:label2\" content=\"Dur\u00e9e de lecture estim\u00e9e\" \/>\n\t<meta name=\"twitter:data2\" content=\"4 minutes\" \/>\n<script type=\"application\/ld+json\" class=\"yoast-schema-graph\">{\"@context\":\"https:\/\/schema.org\",\"@graph\":[{\"@type\":\"Article\",\"@id\":\"https:\/\/www.leselfes.com\/fr\/nouveaux-programmes-de-developpement-personnel-pour-lete-2017\/#article\",\"isPartOf\":{\"@id\":\"https:\/\/www.leselfes.com\/fr\/nouveaux-programmes-de-developpement-personnel-pour-lete-2017\/\"},\"author\":{\"name\":\"lesadmin\",\"@id\":\"https:\/\/dev.leselfes.com\/#\/schema\/person\/407a229698868b8c603874b19f37f289\"},\"headline\":\"Nouveaux programmes de d\u00e9veloppement personnel pour l&rsquo;\u00e9t\u00e9 2017\",\"datePublished\":\"2016-11-23T14:46:36+00:00\",\"dateModified\":\"2024-11-12T10:44:07+00:00\",\"mainEntityOfPage\":{\"@id\":\"https:\/\/www.leselfes.com\/fr\/nouveaux-programmes-de-developpement-personnel-pour-lete-2017\/\"},\"wordCount\":911,\"publisher\":{\"@id\":\"https:\/\/dev.leselfes.com\/#organization\"},\"articleSection\":[\"Actualit\u00e9s\",\"Camp d'\u00e9t\u00e9\"],\"inLanguage\":\"fr-FR\"},{\"@type\":\"WebPage\",\"@id\":\"https:\/\/www.leselfes.com\/fr\/nouveaux-programmes-de-developpement-personnel-pour-lete-2017\/\",\"url\":\"https:\/\/www.leselfes.com\/fr\/nouveaux-programmes-de-developpement-personnel-pour-lete-2017\/\",\"name\":\"Nouveaux programmes de d\u00e9veloppement personnel pour l'\u00e9t\u00e9 2017 - Les Elfes International Camps Switzerland\",\"isPartOf\":{\"@id\":\"https:\/\/dev.leselfes.com\/#website\"},\"datePublished\":\"2016-11-23T14:46:36+00:00\",\"dateModified\":\"2024-11-12T10:44:07+00:00\",\"breadcrumb\":{\"@id\":\"https:\/\/www.leselfes.com\/fr\/nouveaux-programmes-de-developpement-personnel-pour-lete-2017\/#breadcrumb\"},\"inLanguage\":\"fr-FR\",\"potentialAction\":[{\"@type\":\"ReadAction\",\"target\":[\"https:\/\/www.leselfes.com\/fr\/nouveaux-programmes-de-developpement-personnel-pour-lete-2017\/\"]}]},{\"@type\":\"BreadcrumbList\",\"@id\":\"https:\/\/www.leselfes.com\/fr\/nouveaux-programmes-de-developpement-personnel-pour-lete-2017\/#breadcrumb\",\"itemListElement\":[{\"@type\":\"ListItem\",\"position\":1,\"name\":\"Home\",\"item\":\"https:\/\/www.leselfes.com\/fr\/\"},{\"@type\":\"ListItem\",\"position\":2,\"name\":\"Nouveaux programmes de d\u00e9veloppement personnel pour l&#8217;\u00e9t\u00e9 2017\"}]},{\"@type\":\"WebSite\",\"@id\":\"https:\/\/dev.leselfes.com\/#website\",\"url\":\"https:\/\/dev.leselfes.com\/\",\"name\":\"Les Elfes International\",\"description\":\"Les Elfes International, Verbier Switzerland. Summer Camp, Winter Camp, Spring Camps.\",\"publisher\":{\"@id\":\"https:\/\/dev.leselfes.com\/#organization\"},\"alternateName\":\"Les Elfes International\",\"potentialAction\":[{\"@type\":\"SearchAction\",\"target\":{\"@type\":\"EntryPoint\",\"urlTemplate\":\"https:\/\/dev.leselfes.com\/?s={search_term_string}\"},\"query-input\":{\"@type\":\"PropertyValueSpecification\",\"valueRequired\":true,\"valueName\":\"search_term_string\"}}],\"inLanguage\":\"fr-FR\"},{\"@type\":\"Organization\",\"@id\":\"https:\/\/dev.leselfes.com\/#organization\",\"name\":\"Les Elfes International\",\"alternateName\":\"Les Elfes International\",\"url\":\"https:\/\/dev.leselfes.com\/\",\"logo\":{\"@type\":\"ImageObject\",\"inLanguage\":\"fr-FR\",\"@id\":\"https:\/\/dev.leselfes.com\/#\/schema\/logo\/image\/\",\"url\":\"https:\/\/www.leselfes.com\/wp-content\/uploads\/2022\/03\/leselfes-logo.png\",\"contentUrl\":\"https:\/\/www.leselfes.com\/wp-content\/uploads\/2022\/03\/leselfes-logo.png\",\"width\":233,\"height\":51,\"caption\":\"Les Elfes International\"},\"image\":{\"@id\":\"https:\/\/dev.leselfes.com\/#\/schema\/logo\/image\/\"},\"sameAs\":[\"https:\/\/www.facebook.com\/LesElfesVerbier\",\"https:\/\/x.com\/LesElfesCamps\",\"https:\/\/www.instagram.com\/leselfes\",\"https:\/\/www.linkedin.com\/company\/les-elfes-international\",\"https:\/\/www.youtube.com\/user\/LesElfesVerbier\"]},{\"@type\":\"Person\",\"@id\":\"https:\/\/dev.leselfes.com\/#\/schema\/person\/407a229698868b8c603874b19f37f289\",\"name\":\"lesadmin\",\"image\":{\"@type\":\"ImageObject\",\"inLanguage\":\"fr-FR\",\"@id\":\"https:\/\/dev.leselfes.com\/#\/schema\/person\/image\/\",\"url\":\"https:\/\/secure.gravatar.com\/avatar\/fdb243a028df450397b3632d862f87f6?s=96&d=mm&r=g\",\"contentUrl\":\"https:\/\/secure.gravatar.com\/avatar\/fdb243a028df450397b3632d862f87f6?s=96&d=mm&r=g\",\"caption\":\"lesadmin\"},\"url\":\"https:\/\/www.leselfes.com\/fr\/author\/lesadmin\/\"}]}<\/script>\n<!-- \/ Yoast SEO Premium plugin. -->","yoast_head_json":{"title":"Nouveaux programmes de d\u00e9veloppement personnel pour l'\u00e9t\u00e9 2017 - Les Elfes International Camps Switzerland","robots":{"index":"index","follow":"follow","max-snippet":"max-snippet:-1","max-image-preview":"max-image-preview:large","max-video-preview":"max-video-preview:-1"},"canonical":"https:\/\/www.leselfes.com\/fr\/nouveaux-programmes-de-developpement-personnel-pour-lete-2017\/","og_locale":"fr_FR","og_type":"article","og_title":"Nouveaux programmes de d\u00e9veloppement personnel pour l'\u00e9t\u00e9 2017","og_description":"Nouvelles de l&rsquo;\u00e9t\u00e9 2017 Nous prenons \u00e9galement les r\u00e9servations pour l&rsquo;\u00e9t\u00e9 2017, avec un certain nombre de nouveaux programmes de d\u00e9veloppement personnel propos\u00e9s : &nbsp; Moutnain Fitness (Exlporateurs et Pionniers...","og_url":"https:\/\/www.leselfes.com\/fr\/nouveaux-programmes-de-developpement-personnel-pour-lete-2017\/","og_site_name":"Les Elfes International Camps Switzerland","article_publisher":"https:\/\/www.facebook.com\/LesElfesVerbier","article_published_time":"2016-11-23T14:46:36+00:00","article_modified_time":"2024-11-12T10:44:07+00:00","og_image":[{"width":591,"height":555,"url":"https:\/\/www.leselfes.com\/wp-content\/uploads\/2022\/02\/Les-Elfes-International-summer-camp-Switzerland-Staff-Mobile-591x555-1.jpg","type":"image\/jpeg"}],"author":"lesadmin","twitter_card":"summary_large_image","twitter_creator":"@LesElfesCamps","twitter_site":"@LesElfesCamps","twitter_misc":{"\u00c9crit par":"lesadmin","Dur\u00e9e de lecture estim\u00e9e":"4 minutes"},"schema":{"@context":"https:\/\/schema.org","@graph":[{"@type":"Article","@id":"https:\/\/www.leselfes.com\/fr\/nouveaux-programmes-de-developpement-personnel-pour-lete-2017\/#article","isPartOf":{"@id":"https:\/\/www.leselfes.com\/fr\/nouveaux-programmes-de-developpement-personnel-pour-lete-2017\/"},"author":{"name":"lesadmin","@id":"https:\/\/dev.leselfes.com\/#\/schema\/person\/407a229698868b8c603874b19f37f289"},"headline":"Nouveaux programmes de d\u00e9veloppement personnel pour l&rsquo;\u00e9t\u00e9 2017","datePublished":"2016-11-23T14:46:36+00:00","dateModified":"2024-11-12T10:44:07+00:00","mainEntityOfPage":{"@id":"https:\/\/www.leselfes.com\/fr\/nouveaux-programmes-de-developpement-personnel-pour-lete-2017\/"},"wordCount":911,"publisher":{"@id":"https:\/\/dev.leselfes.com\/#organization"},"articleSection":["Actualit\u00e9s","Camp d'\u00e9t\u00e9"],"inLanguage":"fr-FR"},{"@type":"WebPage","@id":"https:\/\/www.leselfes.com\/fr\/nouveaux-programmes-de-developpement-personnel-pour-lete-2017\/","url":"https:\/\/www.leselfes.com\/fr\/nouveaux-programmes-de-developpement-personnel-pour-lete-2017\/","name":"Nouveaux programmes de d\u00e9veloppement personnel pour l'\u00e9t\u00e9 2017 - Les Elfes International Camps Switzerland","isPartOf":{"@id":"https:\/\/dev.leselfes.com\/#website"},"datePublished":"2016-11-23T14:46:36+00:00","dateModified":"2024-11-12T10:44:07+00:00","breadcrumb":{"@id":"https:\/\/www.leselfes.com\/fr\/nouveaux-programmes-de-developpement-personnel-pour-lete-2017\/#breadcrumb"},"inLanguage":"fr-FR","potentialAction":[{"@type":"ReadAction","target":["https:\/\/www.leselfes.com\/fr\/nouveaux-programmes-de-developpement-personnel-pour-lete-2017\/"]}]},{"@type":"BreadcrumbList","@id":"https:\/\/www.leselfes.com\/fr\/nouveaux-programmes-de-developpement-personnel-pour-lete-2017\/#breadcrumb","itemListElement":[{"@type":"ListItem","position":1,"name":"Home","item":"https:\/\/www.leselfes.com\/fr\/"},{"@type":"ListItem","position":2,"name":"Nouveaux programmes de d\u00e9veloppement personnel pour l&#8217;\u00e9t\u00e9 2017"}]},{"@type":"WebSite","@id":"https:\/\/dev.leselfes.com\/#website","url":"https:\/\/dev.leselfes.com\/","name":"Les Elfes International","description":"Les Elfes International, Verbier Switzerland. Summer Camp, Winter Camp, Spring Camps.","publisher":{"@id":"https:\/\/dev.leselfes.com\/#organization"},"alternateName":"Les Elfes International","potentialAction":[{"@type":"SearchAction","target":{"@type":"EntryPoint","urlTemplate":"https:\/\/dev.leselfes.com\/?s={search_term_string}"},"query-input":{"@type":"PropertyValueSpecification","valueRequired":true,"valueName":"search_term_string"}}],"inLanguage":"fr-FR"},{"@type":"Organization","@id":"https:\/\/dev.leselfes.com\/#organization","name":"Les Elfes International","alternateName":"Les Elfes International","url":"https:\/\/dev.leselfes.com\/","logo":{"@type":"ImageObject","inLanguage":"fr-FR","@id":"https:\/\/dev.leselfes.com\/#\/schema\/logo\/image\/","url":"https:\/\/www.leselfes.com\/wp-content\/uploads\/2022\/03\/leselfes-logo.png","contentUrl":"https:\/\/www.leselfes.com\/wp-content\/uploads\/2022\/03\/leselfes-logo.png","width":233,"height":51,"caption":"Les Elfes International"},"image":{"@id":"https:\/\/dev.leselfes.com\/#\/schema\/logo\/image\/"},"sameAs":["https:\/\/www.facebook.com\/LesElfesVerbier","https:\/\/x.com\/LesElfesCamps","https:\/\/www.instagram.com\/leselfes","https:\/\/www.linkedin.com\/company\/les-elfes-international","https:\/\/www.youtube.com\/user\/LesElfesVerbier"]},{"@type":"Person","@id":"https:\/\/dev.leselfes.com\/#\/schema\/person\/407a229698868b8c603874b19f37f289","name":"lesadmin","image":{"@type":"ImageObject","inLanguage":"fr-FR","@id":"https:\/\/dev.leselfes.com\/#\/schema\/person\/image\/","url":"https:\/\/secure.gravatar.com\/avatar\/fdb243a028df450397b3632d862f87f6?s=96&d=mm&r=g","contentUrl":"https:\/\/secure.gravatar.com\/avatar\/fdb243a028df450397b3632d862f87f6?s=96&d=mm&r=g","caption":"lesadmin"},"url":"https:\/\/www.leselfes.com\/fr\/author\/lesadmin\/"}]}},"_links":{"self":[{"href":"https:\/\/www.leselfes.com\/fr\/wp-json\/wp\/v2\/posts\/90372"}],"collection":[{"href":"https:\/\/www.leselfes.com\/fr\/wp-json\/wp\/v2\/posts"}],"about":[{"href":"https:\/\/www.leselfes.com\/fr\/wp-json\/wp\/v2\/types\/post"}],"author":[{"embeddable":true,"href":"https:\/\/www.leselfes.com\/fr\/wp-json\/wp\/v2\/users\/1"}],"replies":[{"embeddable":true,"href":"https:\/\/www.leselfes.com\/fr\/wp-json\/wp\/v2\/comments?post=90372"}],"version-history":[{"count":0,"href":"https:\/\/www.leselfes.com\/fr\/wp-json\/wp\/v2\/posts\/90372\/revisions"}],"wp:attachment":[{"href":"https:\/\/www.leselfes.com\/fr\/wp-json\/wp\/v2\/media?parent=90372"}],"wp:term":[{"taxonomy":"category","embeddable":true,"href":"https:\/\/www.leselfes.com\/fr\/wp-json\/wp\/v2\/categories?post=90372"},{"taxonomy":"post_tag","embeddable":true,"href":"https:\/\/www.leselfes.com\/fr\/wp-json\/wp\/v2\/tags?post=90372"}],"curies":[{"name":"wp","href":"https:\/\/api.w.org\/{rel}","templated":true}]}}