{"id":90400,"date":"2016-04-19T15:59:30","date_gmt":"2016-04-19T13:59:30","guid":{"rendered":"https:\/\/www.leselfes.com\/nouveaux-cours-detiquette-pour-lete-2016\/"},"modified":"2024-11-12T11:44:25","modified_gmt":"2024-11-12T10:44:25","slug":"nouveaux-cours-detiquette-pour-lete-2016","status":"publish","type":"post","link":"https:\/\/www.leselfes.com\/fr\/nouveaux-cours-detiquette-pour-lete-2016\/","title":{"rendered":"Nouveaux cours d&rsquo;\u00e9tiquette pour l&rsquo;\u00e9t\u00e9 2016"},"content":{"rendered":"<h2>Chers campeurs, parents et amis,<\/h2>\n<p>Aux Elfes, nous attendons beaucoup de nos \u00e9l\u00e8ves et nous nous effor\u00e7ons de leur permettre de tirer le meilleur parti de leur s\u00e9jour parmi nous. Une partie importante de l&rsquo;exp\u00e9rience que nous offrons est l&rsquo;atmosph\u00e8re \u00ab\u00a0familiale\u00a0\u00bb qui r\u00e8gne dans notre camp. Nous proposons diff\u00e9rents programmes pour chaque groupe d&rsquo;\u00e2ge, mais sur notre campus, la fa\u00e7on dont les groupes sont r\u00e9unis pendant les repas et certaines activit\u00e9s signifie que tous nos \u00e9tudiants, quel que soit leur groupe d&rsquo;\u00e2ge, font partie d&rsquo;une grande \u00e9quipe qui s&rsquo;entraide et partage ses histoires \u00e0 la fin de la journ\u00e9e. Il n&rsquo;est donc pas surprenant que pour de nombreux \u00e9tudiants, il s&rsquo;agisse d&rsquo;un nouvel environnement, et le simple fait d&rsquo;\u00eatre loin de chez soi et de faire partie d&rsquo;un groupe plus important est un nouveau concept, et pour beaucoup, le fait d&rsquo;\u00eatre hors de leur propre culture et de leur propre pays est \u00e9galement un nouveau chapitre. C&rsquo;est pourquoi nous sommes fiers d&rsquo;avoir conceptualis\u00e9 des cours d&rsquo;\u00e9tiquette aux Elfes. Comprendre comment se sentir s\u00fbr de soi et confiant dans divers environnements, en particulier loin de ses parents dans une nouvelle partie du monde, est quelque chose dont nous pensons que beaucoup de nos \u00e9l\u00e8ves peuvent b\u00e9n\u00e9ficier. En collaboration avec le Chalet D&rsquo;Adrien, un Relais Chateaux 5 \u00e9toiles \u00e0 Verbier avec un restaurant gastronomique tout simplement magnifique, les \u00e9tudiants passeront du temps \u00e0 apprendre et \u00e0 mettre en pratique une s\u00e9rie de sujets, tels que s&rsquo;asseoir correctement, les bonnes mani\u00e8res \u00e0 table, etc&#8230; Les bonnes mani\u00e8res ne co\u00fbtent rien comme le dit l&rsquo;adage, et plus que jamais les enfants sont test\u00e9s, not\u00e9s, \u00e9valu\u00e9s d\u00e8s leur plus jeune \u00e2ge.<\/p>\n<h2>COURS D&rsquo;\u00c9TIQUETTE \u00c9T\u00c9 2016<\/h2>\n<h2><strong>Notre cours d&rsquo;\u00e9tiquette est dispens\u00e9 une fois par session :<\/strong><\/h2>\n<p>Ces ateliers dynamiques et interactifs permettront \u00e0 nos \u00e9tudiants de d\u00e9velopper une bo\u00eete \u00e0 outils de comp\u00e9tences de travail en \u00e9quipe qui les aidera \u00e0 construire des relations matures et durables avec leurs amis et coll\u00e8gues, \u00e0 cr\u00e9er des solutions imaginatives et complexes aux probl\u00e8mes et \u00e0 se concentrer sur leur intelligence \u00e9motionnelle en utilisant les th\u00e9ories et les pratiques d&rsquo;un \u00e9ventail d&rsquo;universitaires dans le domaine de l&rsquo;apprentissage par l&rsquo;exp\u00e9rience.<\/p>\n<p><strong>Le cours durera environ 6 heures et sera divis\u00e9 en deux sections :<\/strong><\/p>\n<h2>APPRENTISSAGE \u00c0 L&rsquo;HEURE DU D\u00c9JEUNER<\/h2>\n<p>En collaboration avec le <a href=\"https:\/\/chalet-adrien.com\/en\/\" target=\"_blank\" rel=\"noopener noreferrer\">Chalet D&rsquo;Adrien<\/a>, un h\u00f4tel 5 \u00e9toiles de luxe Relais Chateaux situ\u00e9 \u00e0 Verbier et dot\u00e9 d&rsquo;un restaurant gastronomique tout simplement \u00e9poustouflant. Les \u00e9tudiants passeront du temps \u00e0 apprendre et \u00e0 mettre en pratique une s\u00e9rie de sujets, tels que s&rsquo;asseoir correctement, les bonnes mani\u00e8res \u00e0 table, le dressage de la table, l&rsquo;argenterie, les choses \u00e0 faire et \u00e0 ne pas faire, l&rsquo;interaction avec les serveurs et bien d&rsquo;autres choses encore. Bien que beaucoup d&rsquo;entre nous consid\u00e8rent ces sujets comme allant de soi, pour beaucoup ils peuvent \u00eatre assez intimidants. Avec notre aide et nos conseils, nous pensons que les \u00e9tudiants aborderont ces situations avec une confiance et un enthousiasme retrouv\u00e9s. Ils apprendront les bonnes mani\u00e8res \u00e0 table, les bonnes mani\u00e8res \u00e0 la maison, les bonnes mani\u00e8res \u00e0 l&rsquo;ext\u00e9rieur, l&rsquo;honn\u00eatet\u00e9, l&rsquo;int\u00e9grit\u00e9, les jeux de r\u00f4le et les exercices, le mat\u00e9riel multim\u00e9dia et les plans de cours complets pour que les \u00e9l\u00e8ves apprennent la valeur d&rsquo;un comportement correct, le respect de soi et la confiance en soi, tout en s&rsquo;amusant.<\/p>\n<h2>SAVOIR-VIVRE, RESPECT, PLAISIR<\/h2>\n<p>Les bonnes mani\u00e8res ne co\u00fbtent rien, comme le dit l&rsquo;adage, et plus que jamais les enfants sont test\u00e9s, not\u00e9s, \u00e9valu\u00e9s d\u00e8s leur plus jeune \u00e2ge. Les bonnes mani\u00e8res et le d\u00e9corum sont de plus en plus importants. Les \u00e9l\u00e8ves apprendront la valeur d&rsquo;un comportement ad\u00e9quat, l&rsquo;importance du \u00ab\u00a0s&rsquo;il vous pla\u00eet\u00a0\u00bb et du \u00ab\u00a0merci\u00a0\u00bb, les bonnes mani\u00e8res en public, la fa\u00e7on de s&rsquo;adresser aux adultes, le contact visuel, la fa\u00e7on de se tenir droit et de faire la conversation. Dans le cadre de ce cours interactif et amusant, les \u00e9l\u00e8ves participeront \u00e0 des jeux de r\u00f4le qui leur permettront de se pr\u00e9senter sous leur meilleur jour et de tirer le meilleur parti des opportunit\u00e9s qui se pr\u00e9senteront \u00e0 eux. Il est essentiel d&rsquo;\u00eatre pr\u00e9par\u00e9 \u00e0 r\u00e9ussir dans l&rsquo;\u00e9conomie mondiale du 21e si\u00e8cle, dans une vari\u00e9t\u00e9 de situations. Gr\u00e2ce \u00e0 ce cours amusant et interactif, les \u00e9tudiants peuvent d\u00e9velopper des comp\u00e9tences importantes, des bonnes mani\u00e8res, devenir plus accommodants envers les autres et devenir impressionnables pour toutes les bonnes raisons. Il ne reste plus que quelques jours avant la fin de la saison hivernale. Que vous veniez nous rendre visite pour skier au printemps ou pour participer \u00e0 des activit\u00e9s d&rsquo;aventure dans le cadre d&rsquo;un camp d&rsquo;\u00e9t\u00e9, nous nous r\u00e9jouissons \u00e0 l&rsquo;id\u00e9e de passer un excellent s\u00e9jour ensemble. Pour ceux qui nous ont d\u00e9j\u00e0 rendu visite cet hiver, nous vous remercions pour cette saison fantastique. <\/p>\n<h2>Le Chalet d&rsquo;Adrien<br \/>\nRelais &amp; Ch\u00e2teaux, <a href=\"http:\/\/www.chalet-adrien.ch\/\" target=\"_blank\" rel=\"noopener noreferrer\">h\u00f4tel 5 \u00e9toiles \u00e0 Verbier<\/a><\/h2>\n<p>Cet h\u00f4tel offre des propositions de s\u00e9jour personnalis\u00e9es \u00e0 tous les parents d\u00e9sireux d&rsquo;accompagner leurs enfants qui rejoignent le campus international de vacances \u00ab\u00a0Les Elfes\u00a0\u00bb.<\/p>\n<p><strong><a href=\"http:\/\/www.chalet-adrien.ch\/\" target=\"_blank\" rel=\"noopener noreferrer\">Visitez leur site web<\/a><\/strong><\/p>\n","protected":false},"excerpt":{"rendered":"<p>Chers campeurs, parents et amis, Aux Elfes, nous attendons beaucoup de nos \u00e9l\u00e8ves et nous nous effor\u00e7ons de leur permettre de tirer le meilleur parti de leur s\u00e9jour parmi nous&#8230;.<\/p>\n","protected":false},"author":1,"featured_media":0,"comment_status":"closed","ping_status":"open","sticky":false,"template":"","format":"standard","meta":{"_acf_changed":false,"inline_featured_image":false,"footnotes":""},"categories":[1372],"tags":[1416,362],"class_list":{"0":"post-90400","1":"post","2":"type-post","3":"status-publish","4":"format-standard","6":"category-camp-dete","7":"tag-camp-dete","8":"tag-etiquette"},"acf":[],"yoast_head":"<!-- This site is optimized with the Yoast SEO Premium plugin v24.2 (Yoast SEO v24.7) - https:\/\/yoast.com\/wordpress\/plugins\/seo\/ -->\n<title>Nouveaux cours d&#039;\u00e9tiquette pour l&#039;\u00e9t\u00e9 2016 - Les Elfes International Camps Switzerland<\/title>\n<meta name=\"robots\" content=\"index, follow, max-snippet:-1, max-image-preview:large, max-video-preview:-1\" \/>\n<link rel=\"canonical\" href=\"https:\/\/www.leselfes.com\/fr\/nouveaux-cours-detiquette-pour-lete-2016\/\" \/>\n<meta property=\"og:locale\" content=\"fr_FR\" \/>\n<meta property=\"og:type\" content=\"article\" \/>\n<meta property=\"og:title\" content=\"Nouveaux cours d&#039;\u00e9tiquette pour l&#039;\u00e9t\u00e9 2016\" \/>\n<meta property=\"og:description\" content=\"Chers campeurs, parents et amis, Aux Elfes, nous attendons beaucoup de nos \u00e9l\u00e8ves et nous nous effor\u00e7ons de leur permettre de tirer le meilleur parti de leur s\u00e9jour parmi nous....\" \/>\n<meta property=\"og:url\" content=\"https:\/\/www.leselfes.com\/fr\/nouveaux-cours-detiquette-pour-lete-2016\/\" \/>\n<meta property=\"og:site_name\" content=\"Les Elfes International Camps Switzerland\" \/>\n<meta property=\"article:publisher\" content=\"https:\/\/www.facebook.com\/LesElfesVerbier\" \/>\n<meta property=\"article:published_time\" content=\"2016-04-19T13:59:30+00:00\" \/>\n<meta property=\"article:modified_time\" content=\"2024-11-12T10:44:25+00:00\" \/>\n<meta property=\"og:image\" content=\"https:\/\/www.leselfes.com\/wp-content\/uploads\/2022\/02\/Les-Elfes-International-summer-camp-Switzerland-Staff-Mobile-591x555-1.jpg\" \/>\n\t<meta property=\"og:image:width\" content=\"591\" \/>\n\t<meta property=\"og:image:height\" content=\"555\" \/>\n\t<meta property=\"og:image:type\" content=\"image\/jpeg\" \/>\n<meta name=\"author\" content=\"lesadmin\" \/>\n<meta name=\"twitter:card\" content=\"summary_large_image\" \/>\n<meta name=\"twitter:creator\" content=\"@LesElfesCamps\" \/>\n<meta name=\"twitter:site\" content=\"@LesElfesCamps\" \/>\n<meta name=\"twitter:label1\" content=\"\u00c9crit par\" \/>\n\t<meta name=\"twitter:data1\" content=\"lesadmin\" \/>\n\t<meta name=\"twitter:label2\" content=\"Dur\u00e9e de lecture estim\u00e9e\" \/>\n\t<meta name=\"twitter:data2\" content=\"4 minutes\" \/>\n<script type=\"application\/ld+json\" class=\"yoast-schema-graph\">{\"@context\":\"https:\/\/schema.org\",\"@graph\":[{\"@type\":\"Article\",\"@id\":\"https:\/\/www.leselfes.com\/fr\/nouveaux-cours-detiquette-pour-lete-2016\/#article\",\"isPartOf\":{\"@id\":\"https:\/\/www.leselfes.com\/fr\/nouveaux-cours-detiquette-pour-lete-2016\/\"},\"author\":{\"name\":\"lesadmin\",\"@id\":\"https:\/\/dev.leselfes.com\/#\/schema\/person\/407a229698868b8c603874b19f37f289\"},\"headline\":\"Nouveaux cours d&rsquo;\u00e9tiquette pour l&rsquo;\u00e9t\u00e9 2016\",\"datePublished\":\"2016-04-19T13:59:30+00:00\",\"dateModified\":\"2024-11-12T10:44:25+00:00\",\"mainEntityOfPage\":{\"@id\":\"https:\/\/www.leselfes.com\/fr\/nouveaux-cours-detiquette-pour-lete-2016\/\"},\"wordCount\":932,\"publisher\":{\"@id\":\"https:\/\/dev.leselfes.com\/#organization\"},\"keywords\":[\"camp d'\u00e9t\u00e9\",\"etiquette\"],\"articleSection\":[\"Camp d'\u00e9t\u00e9\"],\"inLanguage\":\"fr-FR\"},{\"@type\":\"WebPage\",\"@id\":\"https:\/\/www.leselfes.com\/fr\/nouveaux-cours-detiquette-pour-lete-2016\/\",\"url\":\"https:\/\/www.leselfes.com\/fr\/nouveaux-cours-detiquette-pour-lete-2016\/\",\"name\":\"Nouveaux cours d'\u00e9tiquette pour l'\u00e9t\u00e9 2016 - Les Elfes International Camps Switzerland\",\"isPartOf\":{\"@id\":\"https:\/\/dev.leselfes.com\/#website\"},\"datePublished\":\"2016-04-19T13:59:30+00:00\",\"dateModified\":\"2024-11-12T10:44:25+00:00\",\"breadcrumb\":{\"@id\":\"https:\/\/www.leselfes.com\/fr\/nouveaux-cours-detiquette-pour-lete-2016\/#breadcrumb\"},\"inLanguage\":\"fr-FR\",\"potentialAction\":[{\"@type\":\"ReadAction\",\"target\":[\"https:\/\/www.leselfes.com\/fr\/nouveaux-cours-detiquette-pour-lete-2016\/\"]}]},{\"@type\":\"BreadcrumbList\",\"@id\":\"https:\/\/www.leselfes.com\/fr\/nouveaux-cours-detiquette-pour-lete-2016\/#breadcrumb\",\"itemListElement\":[{\"@type\":\"ListItem\",\"position\":1,\"name\":\"Home\",\"item\":\"https:\/\/www.leselfes.com\/fr\/\"},{\"@type\":\"ListItem\",\"position\":2,\"name\":\"Nouveaux cours d&#8217;\u00e9tiquette pour l&#8217;\u00e9t\u00e9 2016\"}]},{\"@type\":\"WebSite\",\"@id\":\"https:\/\/dev.leselfes.com\/#website\",\"url\":\"https:\/\/dev.leselfes.com\/\",\"name\":\"Les Elfes International\",\"description\":\"Les Elfes International, Verbier Switzerland. Summer Camp, Winter Camp, Spring Camps.\",\"publisher\":{\"@id\":\"https:\/\/dev.leselfes.com\/#organization\"},\"alternateName\":\"Les Elfes International\",\"potentialAction\":[{\"@type\":\"SearchAction\",\"target\":{\"@type\":\"EntryPoint\",\"urlTemplate\":\"https:\/\/dev.leselfes.com\/?s={search_term_string}\"},\"query-input\":{\"@type\":\"PropertyValueSpecification\",\"valueRequired\":true,\"valueName\":\"search_term_string\"}}],\"inLanguage\":\"fr-FR\"},{\"@type\":\"Organization\",\"@id\":\"https:\/\/dev.leselfes.com\/#organization\",\"name\":\"Les Elfes International\",\"alternateName\":\"Les Elfes International\",\"url\":\"https:\/\/dev.leselfes.com\/\",\"logo\":{\"@type\":\"ImageObject\",\"inLanguage\":\"fr-FR\",\"@id\":\"https:\/\/dev.leselfes.com\/#\/schema\/logo\/image\/\",\"url\":\"https:\/\/www.leselfes.com\/wp-content\/uploads\/2022\/03\/leselfes-logo.png\",\"contentUrl\":\"https:\/\/www.leselfes.com\/wp-content\/uploads\/2022\/03\/leselfes-logo.png\",\"width\":233,\"height\":51,\"caption\":\"Les Elfes International\"},\"image\":{\"@id\":\"https:\/\/dev.leselfes.com\/#\/schema\/logo\/image\/\"},\"sameAs\":[\"https:\/\/www.facebook.com\/LesElfesVerbier\",\"https:\/\/x.com\/LesElfesCamps\",\"https:\/\/www.instagram.com\/leselfes\",\"https:\/\/www.linkedin.com\/company\/les-elfes-international\",\"https:\/\/www.youtube.com\/user\/LesElfesVerbier\"]},{\"@type\":\"Person\",\"@id\":\"https:\/\/dev.leselfes.com\/#\/schema\/person\/407a229698868b8c603874b19f37f289\",\"name\":\"lesadmin\",\"image\":{\"@type\":\"ImageObject\",\"inLanguage\":\"fr-FR\",\"@id\":\"https:\/\/dev.leselfes.com\/#\/schema\/person\/image\/\",\"url\":\"https:\/\/secure.gravatar.com\/avatar\/fdb243a028df450397b3632d862f87f6?s=96&d=mm&r=g\",\"contentUrl\":\"https:\/\/secure.gravatar.com\/avatar\/fdb243a028df450397b3632d862f87f6?s=96&d=mm&r=g\",\"caption\":\"lesadmin\"},\"url\":\"https:\/\/www.leselfes.com\/fr\/author\/lesadmin\/\"}]}<\/script>\n<!-- \/ Yoast SEO Premium plugin. -->","yoast_head_json":{"title":"Nouveaux cours d'\u00e9tiquette pour l'\u00e9t\u00e9 2016 - Les Elfes International Camps Switzerland","robots":{"index":"index","follow":"follow","max-snippet":"max-snippet:-1","max-image-preview":"max-image-preview:large","max-video-preview":"max-video-preview:-1"},"canonical":"https:\/\/www.leselfes.com\/fr\/nouveaux-cours-detiquette-pour-lete-2016\/","og_locale":"fr_FR","og_type":"article","og_title":"Nouveaux cours d'\u00e9tiquette pour l'\u00e9t\u00e9 2016","og_description":"Chers campeurs, parents et amis, Aux Elfes, nous attendons beaucoup de nos \u00e9l\u00e8ves et nous nous effor\u00e7ons de leur permettre de tirer le meilleur parti de leur s\u00e9jour parmi nous....","og_url":"https:\/\/www.leselfes.com\/fr\/nouveaux-cours-detiquette-pour-lete-2016\/","og_site_name":"Les Elfes International Camps Switzerland","article_publisher":"https:\/\/www.facebook.com\/LesElfesVerbier","article_published_time":"2016-04-19T13:59:30+00:00","article_modified_time":"2024-11-12T10:44:25+00:00","og_image":[{"width":591,"height":555,"url":"https:\/\/www.leselfes.com\/wp-content\/uploads\/2022\/02\/Les-Elfes-International-summer-camp-Switzerland-Staff-Mobile-591x555-1.jpg","type":"image\/jpeg"}],"author":"lesadmin","twitter_card":"summary_large_image","twitter_creator":"@LesElfesCamps","twitter_site":"@LesElfesCamps","twitter_misc":{"\u00c9crit par":"lesadmin","Dur\u00e9e de lecture estim\u00e9e":"4 minutes"},"schema":{"@context":"https:\/\/schema.org","@graph":[{"@type":"Article","@id":"https:\/\/www.leselfes.com\/fr\/nouveaux-cours-detiquette-pour-lete-2016\/#article","isPartOf":{"@id":"https:\/\/www.leselfes.com\/fr\/nouveaux-cours-detiquette-pour-lete-2016\/"},"author":{"name":"lesadmin","@id":"https:\/\/dev.leselfes.com\/#\/schema\/person\/407a229698868b8c603874b19f37f289"},"headline":"Nouveaux cours d&rsquo;\u00e9tiquette pour l&rsquo;\u00e9t\u00e9 2016","datePublished":"2016-04-19T13:59:30+00:00","dateModified":"2024-11-12T10:44:25+00:00","mainEntityOfPage":{"@id":"https:\/\/www.leselfes.com\/fr\/nouveaux-cours-detiquette-pour-lete-2016\/"},"wordCount":932,"publisher":{"@id":"https:\/\/dev.leselfes.com\/#organization"},"keywords":["camp d'\u00e9t\u00e9","etiquette"],"articleSection":["Camp d'\u00e9t\u00e9"],"inLanguage":"fr-FR"},{"@type":"WebPage","@id":"https:\/\/www.leselfes.com\/fr\/nouveaux-cours-detiquette-pour-lete-2016\/","url":"https:\/\/www.leselfes.com\/fr\/nouveaux-cours-detiquette-pour-lete-2016\/","name":"Nouveaux cours d'\u00e9tiquette pour l'\u00e9t\u00e9 2016 - Les Elfes International Camps Switzerland","isPartOf":{"@id":"https:\/\/dev.leselfes.com\/#website"},"datePublished":"2016-04-19T13:59:30+00:00","dateModified":"2024-11-12T10:44:25+00:00","breadcrumb":{"@id":"https:\/\/www.leselfes.com\/fr\/nouveaux-cours-detiquette-pour-lete-2016\/#breadcrumb"},"inLanguage":"fr-FR","potentialAction":[{"@type":"ReadAction","target":["https:\/\/www.leselfes.com\/fr\/nouveaux-cours-detiquette-pour-lete-2016\/"]}]},{"@type":"BreadcrumbList","@id":"https:\/\/www.leselfes.com\/fr\/nouveaux-cours-detiquette-pour-lete-2016\/#breadcrumb","itemListElement":[{"@type":"ListItem","position":1,"name":"Home","item":"https:\/\/www.leselfes.com\/fr\/"},{"@type":"ListItem","position":2,"name":"Nouveaux cours d&#8217;\u00e9tiquette pour l&#8217;\u00e9t\u00e9 2016"}]},{"@type":"WebSite","@id":"https:\/\/dev.leselfes.com\/#website","url":"https:\/\/dev.leselfes.com\/","name":"Les Elfes International","description":"Les Elfes International, Verbier Switzerland. Summer Camp, Winter Camp, Spring Camps.","publisher":{"@id":"https:\/\/dev.leselfes.com\/#organization"},"alternateName":"Les Elfes International","potentialAction":[{"@type":"SearchAction","target":{"@type":"EntryPoint","urlTemplate":"https:\/\/dev.leselfes.com\/?s={search_term_string}"},"query-input":{"@type":"PropertyValueSpecification","valueRequired":true,"valueName":"search_term_string"}}],"inLanguage":"fr-FR"},{"@type":"Organization","@id":"https:\/\/dev.leselfes.com\/#organization","name":"Les Elfes International","alternateName":"Les Elfes International","url":"https:\/\/dev.leselfes.com\/","logo":{"@type":"ImageObject","inLanguage":"fr-FR","@id":"https:\/\/dev.leselfes.com\/#\/schema\/logo\/image\/","url":"https:\/\/www.leselfes.com\/wp-content\/uploads\/2022\/03\/leselfes-logo.png","contentUrl":"https:\/\/www.leselfes.com\/wp-content\/uploads\/2022\/03\/leselfes-logo.png","width":233,"height":51,"caption":"Les Elfes International"},"image":{"@id":"https:\/\/dev.leselfes.com\/#\/schema\/logo\/image\/"},"sameAs":["https:\/\/www.facebook.com\/LesElfesVerbier","https:\/\/x.com\/LesElfesCamps","https:\/\/www.instagram.com\/leselfes","https:\/\/www.linkedin.com\/company\/les-elfes-international","https:\/\/www.youtube.com\/user\/LesElfesVerbier"]},{"@type":"Person","@id":"https:\/\/dev.leselfes.com\/#\/schema\/person\/407a229698868b8c603874b19f37f289","name":"lesadmin","image":{"@type":"ImageObject","inLanguage":"fr-FR","@id":"https:\/\/dev.leselfes.com\/#\/schema\/person\/image\/","url":"https:\/\/secure.gravatar.com\/avatar\/fdb243a028df450397b3632d862f87f6?s=96&d=mm&r=g","contentUrl":"https:\/\/secure.gravatar.com\/avatar\/fdb243a028df450397b3632d862f87f6?s=96&d=mm&r=g","caption":"lesadmin"},"url":"https:\/\/www.leselfes.com\/fr\/author\/lesadmin\/"}]}},"_links":{"self":[{"href":"https:\/\/www.leselfes.com\/fr\/wp-json\/wp\/v2\/posts\/90400"}],"collection":[{"href":"https:\/\/www.leselfes.com\/fr\/wp-json\/wp\/v2\/posts"}],"about":[{"href":"https:\/\/www.leselfes.com\/fr\/wp-json\/wp\/v2\/types\/post"}],"author":[{"embeddable":true,"href":"https:\/\/www.leselfes.com\/fr\/wp-json\/wp\/v2\/users\/1"}],"replies":[{"embeddable":true,"href":"https:\/\/www.leselfes.com\/fr\/wp-json\/wp\/v2\/comments?post=90400"}],"version-history":[{"count":0,"href":"https:\/\/www.leselfes.com\/fr\/wp-json\/wp\/v2\/posts\/90400\/revisions"}],"wp:attachment":[{"href":"https:\/\/www.leselfes.com\/fr\/wp-json\/wp\/v2\/media?parent=90400"}],"wp:term":[{"taxonomy":"category","embeddable":true,"href":"https:\/\/www.leselfes.com\/fr\/wp-json\/wp\/v2\/categories?post=90400"},{"taxonomy":"post_tag","embeddable":true,"href":"https:\/\/www.leselfes.com\/fr\/wp-json\/wp\/v2\/tags?post=90400"}],"curies":[{"name":"wp","href":"https:\/\/api.w.org\/{rel}","templated":true}]}}