{"id":90404,"date":"2016-04-18T15:57:00","date_gmt":"2016-04-18T13:57:00","guid":{"rendered":"https:\/\/www.leselfes.com\/nouveaux-programmes-de-developpement-personnel\/"},"modified":"2024-11-12T11:44:27","modified_gmt":"2024-11-12T10:44:27","slug":"nouveaux-programmes-de-developpement-personnel","status":"publish","type":"post","link":"https:\/\/www.leselfes.com\/fr\/nouveaux-programmes-de-developpement-personnel\/","title":{"rendered":"Nouveaux programmes de d\u00e9veloppement personnel"},"content":{"rendered":"<p>Comme l&rsquo;a dit L\u00e9on Tolsto\u00ef, \u00ab\u00a0le printemps est le temps des plans et des projets\u00a0\u00bb et pour nous, cela ne fait pas exception. Aux Elfes, nous avons \u00e9t\u00e9 occup\u00e9s \u00e0 d\u00e9velopper et \u00e0 peaufiner nos <a href=\"https:\/\/www.leselfes.com\/fr\/camp-dete\/\">programmes de<\/a> printemps et d&rsquo;<a href=\"https:\/\/www.leselfes.com\/fr\/camp-dete\/\">\u00e9t\u00e9<\/a> et, pour la premi\u00e8re fois cette ann\u00e9e, nos programmes de d\u00e9veloppement personnel. Ces ateliers dynamiques et interactifs permettront \u00e0 nos \u00e9tudiants de d\u00e9velopper une bo\u00eete \u00e0 outils de comp\u00e9tences de travail en \u00e9quipe qui les aidera \u00e0 construire des relations matures et durables avec leurs amis et coll\u00e8gues, \u00e0 cr\u00e9er des solutions imaginatives et complexes aux probl\u00e8mes et \u00e0 se concentrer sur leur intelligence \u00e9motionnelle en utilisant des th\u00e9ories et des pratiques provenant d&rsquo;un \u00e9ventail de chercheurs universitaires dans le domaine de l&rsquo;apprentissage par l&rsquo;exp\u00e9rience.<\/p>\n<p><b>Les quatre principaux PDP seront les suivants<\/b><\/p>\n<h3><strong>Identit\u00e9 Web<\/strong><\/h3>\n<p><strong>Perfectionner votre identit\u00e9 en ligne est un sujet de plus en plus important et tr\u00e8s actuel.<\/strong><br \/>\nL&rsquo;image de marque personnelle et la sensibilisation aux m\u00e9dias sociaux sont essentielles pour que les gens vous voient, mais aussi pour qu&rsquo;ils voient ce que vous faites chaque jour.<br \/>\nNous enseignons des approches pragmatiques sur ce sujet et couvrons de nombreux aspects diff\u00e9rents de la gestion des donn\u00e9es, du t\u00e9l\u00e9chargement appropri\u00e9 d&rsquo;images au dialogue avec d&rsquo;autres utilisateurs en ligne dans diff\u00e9rents sc\u00e9narios.<\/p>\n<hr>\n<h3><strong>Etiquette<\/strong><\/h3>\n<p><strong>Dans le cadre de nos cours d&rsquo;\u00e9tiquette, les \u00e9tudiants se familiariseront avec le d\u00e9corum dans des sc\u00e9narios formels et moins formels et apprendront \u00e0 se pr\u00e9senter dans divers environnements.<\/strong><br \/>\nParfait pour les \u00e9tudiants qui entrent dans une nouvelle ar\u00e8ne telle que l&rsquo;universit\u00e9 \u00e0 l&rsquo;\u00e9tranger.<br \/>\nGr\u00e2ce \u00e0 notre approche ludique, nos cours pr\u00e9pareront au mieux les \u00e9tudiants \u00e0 se comporter de mani\u00e8re confiante et confortable, ou \u00e0 aborder au mieux un entretien ou m\u00eame \u00e0 organiser un d\u00eener !<\/p>\n<hr>\n<h3><strong>Programme de carri\u00e8res<\/strong><\/h3>\n<p><strong>Notre programme de carri\u00e8re combine un mod\u00e8le de formation pratique et des \u00e9l\u00e9ments con\u00e7us pour pr\u00e9parer les \u00e9tudiants au monde du travail.<\/strong><br \/>\nNous avons des conf\u00e9renciers inspirants pour \u00e9clairer les \u00e9tudiants sur les diff\u00e9rentes opportunit\u00e9s et voies pour atteindre leurs objectifs et un cours de premiers secours, dirig\u00e9 par un formateur professionnel, dans lequel les \u00e9tudiants peuvent obtenir un certificat de premiers secours valide dans le cadre du portefeuille de d\u00e9veloppement professionnel pour les universit\u00e9s ou les \u00e9coles sup\u00e9rieures.<\/p>\n<hr>\n<h3><strong>Programme de leadership<\/strong><\/h3>\n<p><strong>Notre programme de leadership comprend des sessions de formation interactives et une introduction \u00e0 une s\u00e9rie de mod\u00e8les acad\u00e9miques couvrant la dynamique de groupe et les techniques de leadership.<\/strong><br \/>\nNos \u00e9tudiants ont la possibilit\u00e9 d&rsquo;appliquer leurs nouvelles comp\u00e9tences dans des activit\u00e9s de plein air et de se fixer des objectifs personnels tout au long de la formation afin de d\u00e9velopper leur style de leadership personnel. Gr\u00e2ce \u00e0 notre programme, les \u00e9tudiants sont en mesure d&rsquo;utiliser leurs connaissances des th\u00e9ories qui sous-tendent le leadership affectif et d&rsquo;acqu\u00e9rir la confiance n\u00e9cessaire pour grandir en tant que jeune adulte et devenir un leader efficace pour les autres. <\/p>\n<h3><strong>Arts<\/strong><\/h3>\n<p><strong>Pour nos plus jeunes \u00e9l\u00e8ves, nous proposons une gamme vari\u00e9e d&rsquo;activit\u00e9s con\u00e7ues pour leur permettre de s&rsquo;exprimer et d&rsquo;explorer leur talent cr\u00e9atif.<\/strong><br \/>\nNotre programme combine des cours d&rsquo;art avec une \u00e9cole d&rsquo;art locale, des ateliers de cuisine et de pr\u00e9paration des aliments, des s\u00e9ances de th\u00e9\u00e2tre et d&rsquo;improvisation et la possibilit\u00e9 de prendre la parole en public et de faire des pr\u00e9sentations de groupe pour renforcer la confiance en soi et les comp\u00e9tences de travail en \u00e9quipe.<\/p>\n<hr>\n","protected":false},"excerpt":{"rendered":"<p>Comme l&rsquo;a dit L\u00e9on Tolsto\u00ef, \u00ab\u00a0le printemps est le temps des plans et des projets\u00a0\u00bb et pour nous, cela ne fait pas exception. Aux Elfes, nous avons \u00e9t\u00e9 occup\u00e9s \u00e0&#8230;<\/p>\n","protected":false},"author":1,"featured_media":0,"comment_status":"closed","ping_status":"open","sticky":false,"template":"","format":"standard","meta":{"_acf_changed":false,"inline_featured_image":false,"footnotes":""},"categories":[1394,1372],"tags":[],"class_list":{"0":"post-90404","1":"post","2":"type-post","3":"status-publish","4":"format-standard","6":"category-actualites","7":"category-camp-dete"},"acf":[],"yoast_head":"<!-- This site is optimized with the Yoast SEO Premium plugin v24.2 (Yoast SEO v24.7) - https:\/\/yoast.com\/wordpress\/plugins\/seo\/ -->\n<title>Nouveaux programmes de d\u00e9veloppement personnel - Les Elfes International Camps Switzerland<\/title>\n<meta name=\"robots\" content=\"index, follow, max-snippet:-1, max-image-preview:large, max-video-preview:-1\" \/>\n<link rel=\"canonical\" href=\"https:\/\/www.leselfes.com\/fr\/nouveaux-programmes-de-developpement-personnel\/\" \/>\n<meta property=\"og:locale\" content=\"fr_FR\" \/>\n<meta property=\"og:type\" content=\"article\" \/>\n<meta property=\"og:title\" content=\"Nouveaux programmes de d\u00e9veloppement personnel\" \/>\n<meta property=\"og:description\" content=\"Comme l&rsquo;a dit L\u00e9on Tolsto\u00ef, \u00ab\u00a0le printemps est le temps des plans et des projets\u00a0\u00bb et pour nous, cela ne fait pas exception. Aux Elfes, nous avons \u00e9t\u00e9 occup\u00e9s \u00e0...\" \/>\n<meta property=\"og:url\" content=\"https:\/\/www.leselfes.com\/fr\/nouveaux-programmes-de-developpement-personnel\/\" \/>\n<meta property=\"og:site_name\" content=\"Les Elfes International Camps Switzerland\" \/>\n<meta property=\"article:publisher\" content=\"https:\/\/www.facebook.com\/LesElfesVerbier\" \/>\n<meta property=\"article:published_time\" content=\"2016-04-18T13:57:00+00:00\" \/>\n<meta property=\"article:modified_time\" content=\"2024-11-12T10:44:27+00:00\" \/>\n<meta property=\"og:image\" content=\"https:\/\/www.leselfes.com\/wp-content\/uploads\/2022\/02\/Les-Elfes-International-summer-camp-Switzerland-Staff-Mobile-591x555-1.jpg\" \/>\n\t<meta property=\"og:image:width\" content=\"591\" \/>\n\t<meta property=\"og:image:height\" content=\"555\" \/>\n\t<meta property=\"og:image:type\" content=\"image\/jpeg\" \/>\n<meta name=\"author\" content=\"lesadmin\" \/>\n<meta name=\"twitter:card\" content=\"summary_large_image\" \/>\n<meta name=\"twitter:creator\" content=\"@LesElfesCamps\" \/>\n<meta name=\"twitter:site\" content=\"@LesElfesCamps\" \/>\n<meta name=\"twitter:label1\" content=\"\u00c9crit par\" \/>\n\t<meta name=\"twitter:data1\" content=\"lesadmin\" \/>\n\t<meta name=\"twitter:label2\" content=\"Dur\u00e9e de lecture estim\u00e9e\" \/>\n\t<meta name=\"twitter:data2\" content=\"3 minutes\" \/>\n<script type=\"application\/ld+json\" class=\"yoast-schema-graph\">{\"@context\":\"https:\/\/schema.org\",\"@graph\":[{\"@type\":\"Article\",\"@id\":\"https:\/\/www.leselfes.com\/fr\/nouveaux-programmes-de-developpement-personnel\/#article\",\"isPartOf\":{\"@id\":\"https:\/\/www.leselfes.com\/fr\/nouveaux-programmes-de-developpement-personnel\/\"},\"author\":{\"name\":\"lesadmin\",\"@id\":\"https:\/\/dev.leselfes.com\/#\/schema\/person\/407a229698868b8c603874b19f37f289\"},\"headline\":\"Nouveaux programmes de d\u00e9veloppement personnel\",\"datePublished\":\"2016-04-18T13:57:00+00:00\",\"dateModified\":\"2024-11-12T10:44:27+00:00\",\"mainEntityOfPage\":{\"@id\":\"https:\/\/www.leselfes.com\/fr\/nouveaux-programmes-de-developpement-personnel\/\"},\"wordCount\":632,\"publisher\":{\"@id\":\"https:\/\/dev.leselfes.com\/#organization\"},\"articleSection\":[\"Actualit\u00e9s\",\"Camp d'\u00e9t\u00e9\"],\"inLanguage\":\"fr-FR\"},{\"@type\":\"WebPage\",\"@id\":\"https:\/\/www.leselfes.com\/fr\/nouveaux-programmes-de-developpement-personnel\/\",\"url\":\"https:\/\/www.leselfes.com\/fr\/nouveaux-programmes-de-developpement-personnel\/\",\"name\":\"Nouveaux programmes de d\u00e9veloppement personnel - Les Elfes International Camps Switzerland\",\"isPartOf\":{\"@id\":\"https:\/\/dev.leselfes.com\/#website\"},\"datePublished\":\"2016-04-18T13:57:00+00:00\",\"dateModified\":\"2024-11-12T10:44:27+00:00\",\"breadcrumb\":{\"@id\":\"https:\/\/www.leselfes.com\/fr\/nouveaux-programmes-de-developpement-personnel\/#breadcrumb\"},\"inLanguage\":\"fr-FR\",\"potentialAction\":[{\"@type\":\"ReadAction\",\"target\":[\"https:\/\/www.leselfes.com\/fr\/nouveaux-programmes-de-developpement-personnel\/\"]}]},{\"@type\":\"BreadcrumbList\",\"@id\":\"https:\/\/www.leselfes.com\/fr\/nouveaux-programmes-de-developpement-personnel\/#breadcrumb\",\"itemListElement\":[{\"@type\":\"ListItem\",\"position\":1,\"name\":\"Home\",\"item\":\"https:\/\/www.leselfes.com\/fr\/\"},{\"@type\":\"ListItem\",\"position\":2,\"name\":\"Nouveaux programmes de d\u00e9veloppement personnel\"}]},{\"@type\":\"WebSite\",\"@id\":\"https:\/\/dev.leselfes.com\/#website\",\"url\":\"https:\/\/dev.leselfes.com\/\",\"name\":\"Les Elfes International\",\"description\":\"Les Elfes International, Verbier Switzerland. Summer Camp, Winter Camp, Spring Camps.\",\"publisher\":{\"@id\":\"https:\/\/dev.leselfes.com\/#organization\"},\"alternateName\":\"Les Elfes International\",\"potentialAction\":[{\"@type\":\"SearchAction\",\"target\":{\"@type\":\"EntryPoint\",\"urlTemplate\":\"https:\/\/dev.leselfes.com\/?s={search_term_string}\"},\"query-input\":{\"@type\":\"PropertyValueSpecification\",\"valueRequired\":true,\"valueName\":\"search_term_string\"}}],\"inLanguage\":\"fr-FR\"},{\"@type\":\"Organization\",\"@id\":\"https:\/\/dev.leselfes.com\/#organization\",\"name\":\"Les Elfes International\",\"alternateName\":\"Les Elfes International\",\"url\":\"https:\/\/dev.leselfes.com\/\",\"logo\":{\"@type\":\"ImageObject\",\"inLanguage\":\"fr-FR\",\"@id\":\"https:\/\/dev.leselfes.com\/#\/schema\/logo\/image\/\",\"url\":\"https:\/\/www.leselfes.com\/wp-content\/uploads\/2022\/03\/leselfes-logo.png\",\"contentUrl\":\"https:\/\/www.leselfes.com\/wp-content\/uploads\/2022\/03\/leselfes-logo.png\",\"width\":233,\"height\":51,\"caption\":\"Les Elfes International\"},\"image\":{\"@id\":\"https:\/\/dev.leselfes.com\/#\/schema\/logo\/image\/\"},\"sameAs\":[\"https:\/\/www.facebook.com\/LesElfesVerbier\",\"https:\/\/x.com\/LesElfesCamps\",\"https:\/\/www.instagram.com\/leselfes\",\"https:\/\/www.linkedin.com\/company\/les-elfes-international\",\"https:\/\/www.youtube.com\/user\/LesElfesVerbier\"]},{\"@type\":\"Person\",\"@id\":\"https:\/\/dev.leselfes.com\/#\/schema\/person\/407a229698868b8c603874b19f37f289\",\"name\":\"lesadmin\",\"image\":{\"@type\":\"ImageObject\",\"inLanguage\":\"fr-FR\",\"@id\":\"https:\/\/dev.leselfes.com\/#\/schema\/person\/image\/\",\"url\":\"https:\/\/secure.gravatar.com\/avatar\/fdb243a028df450397b3632d862f87f6?s=96&d=mm&r=g\",\"contentUrl\":\"https:\/\/secure.gravatar.com\/avatar\/fdb243a028df450397b3632d862f87f6?s=96&d=mm&r=g\",\"caption\":\"lesadmin\"},\"url\":\"https:\/\/www.leselfes.com\/fr\/author\/lesadmin\/\"}]}<\/script>\n<!-- \/ Yoast SEO Premium plugin. -->","yoast_head_json":{"title":"Nouveaux programmes de d\u00e9veloppement personnel - Les Elfes International Camps Switzerland","robots":{"index":"index","follow":"follow","max-snippet":"max-snippet:-1","max-image-preview":"max-image-preview:large","max-video-preview":"max-video-preview:-1"},"canonical":"https:\/\/www.leselfes.com\/fr\/nouveaux-programmes-de-developpement-personnel\/","og_locale":"fr_FR","og_type":"article","og_title":"Nouveaux programmes de d\u00e9veloppement personnel","og_description":"Comme l&rsquo;a dit L\u00e9on Tolsto\u00ef, \u00ab\u00a0le printemps est le temps des plans et des projets\u00a0\u00bb et pour nous, cela ne fait pas exception. Aux Elfes, nous avons \u00e9t\u00e9 occup\u00e9s \u00e0...","og_url":"https:\/\/www.leselfes.com\/fr\/nouveaux-programmes-de-developpement-personnel\/","og_site_name":"Les Elfes International Camps Switzerland","article_publisher":"https:\/\/www.facebook.com\/LesElfesVerbier","article_published_time":"2016-04-18T13:57:00+00:00","article_modified_time":"2024-11-12T10:44:27+00:00","og_image":[{"width":591,"height":555,"url":"https:\/\/www.leselfes.com\/wp-content\/uploads\/2022\/02\/Les-Elfes-International-summer-camp-Switzerland-Staff-Mobile-591x555-1.jpg","type":"image\/jpeg"}],"author":"lesadmin","twitter_card":"summary_large_image","twitter_creator":"@LesElfesCamps","twitter_site":"@LesElfesCamps","twitter_misc":{"\u00c9crit par":"lesadmin","Dur\u00e9e de lecture estim\u00e9e":"3 minutes"},"schema":{"@context":"https:\/\/schema.org","@graph":[{"@type":"Article","@id":"https:\/\/www.leselfes.com\/fr\/nouveaux-programmes-de-developpement-personnel\/#article","isPartOf":{"@id":"https:\/\/www.leselfes.com\/fr\/nouveaux-programmes-de-developpement-personnel\/"},"author":{"name":"lesadmin","@id":"https:\/\/dev.leselfes.com\/#\/schema\/person\/407a229698868b8c603874b19f37f289"},"headline":"Nouveaux programmes de d\u00e9veloppement personnel","datePublished":"2016-04-18T13:57:00+00:00","dateModified":"2024-11-12T10:44:27+00:00","mainEntityOfPage":{"@id":"https:\/\/www.leselfes.com\/fr\/nouveaux-programmes-de-developpement-personnel\/"},"wordCount":632,"publisher":{"@id":"https:\/\/dev.leselfes.com\/#organization"},"articleSection":["Actualit\u00e9s","Camp d'\u00e9t\u00e9"],"inLanguage":"fr-FR"},{"@type":"WebPage","@id":"https:\/\/www.leselfes.com\/fr\/nouveaux-programmes-de-developpement-personnel\/","url":"https:\/\/www.leselfes.com\/fr\/nouveaux-programmes-de-developpement-personnel\/","name":"Nouveaux programmes de d\u00e9veloppement personnel - Les Elfes International Camps Switzerland","isPartOf":{"@id":"https:\/\/dev.leselfes.com\/#website"},"datePublished":"2016-04-18T13:57:00+00:00","dateModified":"2024-11-12T10:44:27+00:00","breadcrumb":{"@id":"https:\/\/www.leselfes.com\/fr\/nouveaux-programmes-de-developpement-personnel\/#breadcrumb"},"inLanguage":"fr-FR","potentialAction":[{"@type":"ReadAction","target":["https:\/\/www.leselfes.com\/fr\/nouveaux-programmes-de-developpement-personnel\/"]}]},{"@type":"BreadcrumbList","@id":"https:\/\/www.leselfes.com\/fr\/nouveaux-programmes-de-developpement-personnel\/#breadcrumb","itemListElement":[{"@type":"ListItem","position":1,"name":"Home","item":"https:\/\/www.leselfes.com\/fr\/"},{"@type":"ListItem","position":2,"name":"Nouveaux programmes de d\u00e9veloppement personnel"}]},{"@type":"WebSite","@id":"https:\/\/dev.leselfes.com\/#website","url":"https:\/\/dev.leselfes.com\/","name":"Les Elfes International","description":"Les Elfes International, Verbier Switzerland. Summer Camp, Winter Camp, Spring Camps.","publisher":{"@id":"https:\/\/dev.leselfes.com\/#organization"},"alternateName":"Les Elfes International","potentialAction":[{"@type":"SearchAction","target":{"@type":"EntryPoint","urlTemplate":"https:\/\/dev.leselfes.com\/?s={search_term_string}"},"query-input":{"@type":"PropertyValueSpecification","valueRequired":true,"valueName":"search_term_string"}}],"inLanguage":"fr-FR"},{"@type":"Organization","@id":"https:\/\/dev.leselfes.com\/#organization","name":"Les Elfes International","alternateName":"Les Elfes International","url":"https:\/\/dev.leselfes.com\/","logo":{"@type":"ImageObject","inLanguage":"fr-FR","@id":"https:\/\/dev.leselfes.com\/#\/schema\/logo\/image\/","url":"https:\/\/www.leselfes.com\/wp-content\/uploads\/2022\/03\/leselfes-logo.png","contentUrl":"https:\/\/www.leselfes.com\/wp-content\/uploads\/2022\/03\/leselfes-logo.png","width":233,"height":51,"caption":"Les Elfes International"},"image":{"@id":"https:\/\/dev.leselfes.com\/#\/schema\/logo\/image\/"},"sameAs":["https:\/\/www.facebook.com\/LesElfesVerbier","https:\/\/x.com\/LesElfesCamps","https:\/\/www.instagram.com\/leselfes","https:\/\/www.linkedin.com\/company\/les-elfes-international","https:\/\/www.youtube.com\/user\/LesElfesVerbier"]},{"@type":"Person","@id":"https:\/\/dev.leselfes.com\/#\/schema\/person\/407a229698868b8c603874b19f37f289","name":"lesadmin","image":{"@type":"ImageObject","inLanguage":"fr-FR","@id":"https:\/\/dev.leselfes.com\/#\/schema\/person\/image\/","url":"https:\/\/secure.gravatar.com\/avatar\/fdb243a028df450397b3632d862f87f6?s=96&d=mm&r=g","contentUrl":"https:\/\/secure.gravatar.com\/avatar\/fdb243a028df450397b3632d862f87f6?s=96&d=mm&r=g","caption":"lesadmin"},"url":"https:\/\/www.leselfes.com\/fr\/author\/lesadmin\/"}]}},"_links":{"self":[{"href":"https:\/\/www.leselfes.com\/fr\/wp-json\/wp\/v2\/posts\/90404"}],"collection":[{"href":"https:\/\/www.leselfes.com\/fr\/wp-json\/wp\/v2\/posts"}],"about":[{"href":"https:\/\/www.leselfes.com\/fr\/wp-json\/wp\/v2\/types\/post"}],"author":[{"embeddable":true,"href":"https:\/\/www.leselfes.com\/fr\/wp-json\/wp\/v2\/users\/1"}],"replies":[{"embeddable":true,"href":"https:\/\/www.leselfes.com\/fr\/wp-json\/wp\/v2\/comments?post=90404"}],"version-history":[{"count":0,"href":"https:\/\/www.leselfes.com\/fr\/wp-json\/wp\/v2\/posts\/90404\/revisions"}],"wp:attachment":[{"href":"https:\/\/www.leselfes.com\/fr\/wp-json\/wp\/v2\/media?parent=90404"}],"wp:term":[{"taxonomy":"category","embeddable":true,"href":"https:\/\/www.leselfes.com\/fr\/wp-json\/wp\/v2\/categories?post=90404"},{"taxonomy":"post_tag","embeddable":true,"href":"https:\/\/www.leselfes.com\/fr\/wp-json\/wp\/v2\/tags?post=90404"}],"curies":[{"name":"wp","href":"https:\/\/api.w.org\/{rel}","templated":true}]}}