{"id":90426,"date":"2015-11-13T12:41:49","date_gmt":"2015-11-13T11:41:49","guid":{"rendered":"https:\/\/www.leselfes.com\/conseils-et-regles-pour-les-parents\/"},"modified":"2024-11-12T11:44:41","modified_gmt":"2024-11-12T10:44:41","slug":"conseils-et-regles-pour-les-parents","status":"publish","type":"post","link":"https:\/\/www.leselfes.com\/fr\/conseils-et-regles-pour-les-parents\/","title":{"rendered":"Conseils et r\u00e8gles pour les parents"},"content":{"rendered":"<h3><b>Chers campeurs, parents et amis,<\/b><\/h3>\n<p>Tout le monde est de plus en plus excit\u00e9 par la saison \u00e0 venir et nous, aux Elfes, ne faisons pas exception.<br \/>Bien s\u00fbr, il est assez difficile de pr\u00e9dire la quantit\u00e9 de neige que nous aurons cette ann\u00e9e, ce qui semble \u00eatre le sujet de conversation.<br \/>\nMais les chutes de neige ont commenc\u00e9 et la station est fantastique lorsqu&rsquo;il s&rsquo;agit de s&rsquo;assurer que les pistes sont pr\u00eates \u00e0 fonctionner en d\u00e9cembre.<br \/>\nC&rsquo;est toujours une excellente fa\u00e7on de commencer la saison et nous sommes impatients de la commencer tr\u00e8s bient\u00f4t.  <\/p>\n<p>En ce qui concerne les disponibilit\u00e9s, il reste encore quelques places, alors n&rsquo;h\u00e9sitez pas \u00e0 prendre contact avec <strong><a href=\"mailto:%20headoffice@leselfes.com\">si\u00e8ge social<\/a><\/strong> en cons\u00e9quence.<\/p>\n<\/p>\n<p><img loading=\"lazy\" decoding=\"async\" src=\"https:\/\/www.leselfes.com\/wp-content\/uploads\/2019\/09\/sking-snowboard-summer-activities.jpg\" alt=\"\" width=\"1600\" height=\"1200\"><\/p>\n<p><b>Chute de neige automnale,<\/b><\/p>\n<p>La limite de la neige commence \u00e0 descendre ici \u00e0 Verbier alors que les nouvelles chutes de neige d&rsquo;automne couvrent les sommets environnants.<br \/>\nL&rsquo;hiver s&rsquo;annonce exceptionnel dans les Alpes, le cycle El Nino apportant des conditions de ski fantastiques.<br \/>\nNous approchons du d\u00e9but de la saison et nous nous r\u00e9jouissons d&rsquo;accueillir quelques visages familiers au camp et quelques nouveaux pour leur faire d\u00e9couvrir la vaste station.  <\/p>\n<p><b>Pour ceux d&rsquo;entre vous qui ont d\u00e9j\u00e0 r\u00e9serv\u00e9, voici quelques conseils\/r\u00e8gles :<\/b><\/p>\n<p>Assurez-vous d&rsquo;avoir lu la liste d&#8217;emballage que nous vous avons envoy\u00e9e, car elle contient beaucoup d&rsquo;articles !<br \/>\nLes lunettes et les gants peuvent \u00eatre achet\u00e9s au camp.<br \/>\nPour les \u00e9tudiants, veuillez lire les r\u00e8gles du camp, en particulier les t\u00e9l\u00e9phones portables, ils sont autoris\u00e9s mais lisez la politique !<br \/>\nEt bien s\u00fbr, pour les parents, il y a aussi des r\u00e8gles \u00e0 respecter !<br \/>\nLorsque vous d\u00e9posez votre enfant, essayez toujours de prendre contact avec le directeur du centre de vacances ou le responsable des personnes et utilisez cette personne comme point de contact.<br \/>\nSi vous s\u00e9journez dans le centre de vacances, veillez \u00e0 ne pas venir le voir toutes les 5 minutes !<br \/>\nLaissez votre enfant s&rsquo;installer et contactez toujours le campus avant de venir. Il est arriv\u00e9 que des parents entrent \u00e0 l&rsquo;improviste, se rendent directement dans les chambres et cherchent leur enfant, ce n&rsquo;est pas une option, comprenez-le !      <\/p>\n<p><b>Tout comme la neige qui s&rsquo;infiltre lentement dans la station, notre merveilleuse \u00e9quipe commence \u00e0 revenir de ses vacances et \u00e0 se pr\u00e9parer pour la saison.<br \/>\nNos semaines de formation commencent \u00e0 la fin du mois, avec une combinaison de formation sur neige, de premiers secours, de formation incendie, ainsi que toutes les formations internes qui ont lieu. <br \/><\/b><\/p>\n<p>Nous nous r\u00e9jouissons de votre arriv\u00e9e et esp\u00e9rons vous voir bient\u00f4t.<br \/>Si vous avez des questions concernant les dates des sessions ou les programmes, n&rsquo;h\u00e9sitez pas \u00e0 nous contacter \u00e0 l&rsquo;adresse info@leselfes.com.<\/p>\n","protected":false},"excerpt":{"rendered":"<p>Chers campeurs, parents et amis, Tout le monde est de plus en plus excit\u00e9 par la saison \u00e0 venir et nous, aux Elfes, ne faisons pas exception.Bien s\u00fbr, il est&#8230;<\/p>\n","protected":false},"author":6,"featured_media":0,"comment_status":"closed","ping_status":"open","sticky":false,"template":"","format":"standard","meta":{"_acf_changed":false,"inline_featured_image":false,"footnotes":""},"categories":[1394,1355,1425],"tags":[],"class_list":{"0":"post-90426","1":"post","2":"type-post","3":"status-publish","4":"format-standard","6":"category-actualites","7":"category-camp-dhiver","8":"category-conseils-aux-parents"},"acf":[],"yoast_head":"<!-- This site is optimized with the Yoast SEO Premium plugin v24.2 (Yoast SEO v24.7) - https:\/\/yoast.com\/wordpress\/plugins\/seo\/ -->\n<title>Conseils et r\u00e8gles pour les parents - Les Elfes International Camps Switzerland<\/title>\n<meta name=\"robots\" content=\"index, follow, max-snippet:-1, max-image-preview:large, max-video-preview:-1\" \/>\n<link rel=\"canonical\" href=\"https:\/\/www.leselfes.com\/fr\/conseils-et-regles-pour-les-parents\/\" \/>\n<meta property=\"og:locale\" content=\"fr_FR\" \/>\n<meta property=\"og:type\" content=\"article\" \/>\n<meta property=\"og:title\" content=\"Conseils et r\u00e8gles pour les parents\" \/>\n<meta property=\"og:description\" content=\"Chers campeurs, parents et amis, Tout le monde est de plus en plus excit\u00e9 par la saison \u00e0 venir et nous, aux Elfes, ne faisons pas exception.Bien s\u00fbr, il est...\" \/>\n<meta property=\"og:url\" content=\"https:\/\/www.leselfes.com\/fr\/conseils-et-regles-pour-les-parents\/\" \/>\n<meta property=\"og:site_name\" content=\"Les Elfes International Camps Switzerland\" \/>\n<meta property=\"article:publisher\" content=\"https:\/\/www.facebook.com\/LesElfesVerbier\" \/>\n<meta property=\"article:published_time\" content=\"2015-11-13T11:41:49+00:00\" \/>\n<meta property=\"article:modified_time\" content=\"2024-11-12T10:44:41+00:00\" \/>\n<meta property=\"og:image\" content=\"https:\/\/dev.leselfes.com\/wp-content\/uploads\/2019\/09\/sking-snowboard-summer-activities.jpg\" \/>\n<meta name=\"author\" content=\"carlotta\" \/>\n<meta name=\"twitter:card\" content=\"summary_large_image\" \/>\n<meta name=\"twitter:creator\" content=\"@LesElfesCamps\" \/>\n<meta name=\"twitter:site\" content=\"@LesElfesCamps\" \/>\n<meta name=\"twitter:label1\" content=\"\u00c9crit par\" \/>\n\t<meta name=\"twitter:data1\" content=\"carlotta\" \/>\n\t<meta name=\"twitter:label2\" content=\"Dur\u00e9e de lecture estim\u00e9e\" \/>\n\t<meta name=\"twitter:data2\" content=\"2 minutes\" \/>\n<script type=\"application\/ld+json\" class=\"yoast-schema-graph\">{\"@context\":\"https:\/\/schema.org\",\"@graph\":[{\"@type\":\"Article\",\"@id\":\"https:\/\/www.leselfes.com\/fr\/conseils-et-regles-pour-les-parents\/#article\",\"isPartOf\":{\"@id\":\"https:\/\/www.leselfes.com\/fr\/conseils-et-regles-pour-les-parents\/\"},\"author\":{\"name\":\"carlotta\",\"@id\":\"https:\/\/dev.leselfes.com\/#\/schema\/person\/9e8c1c68ef43ed5c58fa46ac5d8ee338\"},\"headline\":\"Conseils et r\u00e8gles pour les parents\",\"datePublished\":\"2015-11-13T11:41:49+00:00\",\"dateModified\":\"2024-11-12T10:44:41+00:00\",\"mainEntityOfPage\":{\"@id\":\"https:\/\/www.leselfes.com\/fr\/conseils-et-regles-pour-les-parents\/\"},\"wordCount\":484,\"publisher\":{\"@id\":\"https:\/\/dev.leselfes.com\/#organization\"},\"image\":{\"@id\":\"https:\/\/www.leselfes.com\/fr\/conseils-et-regles-pour-les-parents\/#primaryimage\"},\"thumbnailUrl\":\"https:\/\/www.leselfes.com\/wp-content\/uploads\/2019\/09\/sking-snowboard-summer-activities.jpg\",\"articleSection\":[\"Actualit\u00e9s\",\"Camp d'hiver\",\"Conseils aux parents\"],\"inLanguage\":\"fr-FR\"},{\"@type\":\"WebPage\",\"@id\":\"https:\/\/www.leselfes.com\/fr\/conseils-et-regles-pour-les-parents\/\",\"url\":\"https:\/\/www.leselfes.com\/fr\/conseils-et-regles-pour-les-parents\/\",\"name\":\"Conseils et r\u00e8gles pour les parents - Les Elfes International Camps Switzerland\",\"isPartOf\":{\"@id\":\"https:\/\/dev.leselfes.com\/#website\"},\"primaryImageOfPage\":{\"@id\":\"https:\/\/www.leselfes.com\/fr\/conseils-et-regles-pour-les-parents\/#primaryimage\"},\"image\":{\"@id\":\"https:\/\/www.leselfes.com\/fr\/conseils-et-regles-pour-les-parents\/#primaryimage\"},\"thumbnailUrl\":\"https:\/\/www.leselfes.com\/wp-content\/uploads\/2019\/09\/sking-snowboard-summer-activities.jpg\",\"datePublished\":\"2015-11-13T11:41:49+00:00\",\"dateModified\":\"2024-11-12T10:44:41+00:00\",\"breadcrumb\":{\"@id\":\"https:\/\/www.leselfes.com\/fr\/conseils-et-regles-pour-les-parents\/#breadcrumb\"},\"inLanguage\":\"fr-FR\",\"potentialAction\":[{\"@type\":\"ReadAction\",\"target\":[\"https:\/\/www.leselfes.com\/fr\/conseils-et-regles-pour-les-parents\/\"]}]},{\"@type\":\"ImageObject\",\"inLanguage\":\"fr-FR\",\"@id\":\"https:\/\/www.leselfes.com\/fr\/conseils-et-regles-pour-les-parents\/#primaryimage\",\"url\":\"https:\/\/www.leselfes.com\/wp-content\/uploads\/2019\/09\/sking-snowboard-summer-activities.jpg\",\"contentUrl\":\"https:\/\/www.leselfes.com\/wp-content\/uploads\/2019\/09\/sking-snowboard-summer-activities.jpg\"},{\"@type\":\"BreadcrumbList\",\"@id\":\"https:\/\/www.leselfes.com\/fr\/conseils-et-regles-pour-les-parents\/#breadcrumb\",\"itemListElement\":[{\"@type\":\"ListItem\",\"position\":1,\"name\":\"Home\",\"item\":\"https:\/\/www.leselfes.com\/fr\/\"},{\"@type\":\"ListItem\",\"position\":2,\"name\":\"Conseils et r\u00e8gles pour les parents\"}]},{\"@type\":\"WebSite\",\"@id\":\"https:\/\/dev.leselfes.com\/#website\",\"url\":\"https:\/\/dev.leselfes.com\/\",\"name\":\"Les Elfes International\",\"description\":\"Les Elfes International, Verbier Switzerland. Summer Camp, Winter Camp, Spring Camps.\",\"publisher\":{\"@id\":\"https:\/\/dev.leselfes.com\/#organization\"},\"alternateName\":\"Les Elfes International\",\"potentialAction\":[{\"@type\":\"SearchAction\",\"target\":{\"@type\":\"EntryPoint\",\"urlTemplate\":\"https:\/\/dev.leselfes.com\/?s={search_term_string}\"},\"query-input\":{\"@type\":\"PropertyValueSpecification\",\"valueRequired\":true,\"valueName\":\"search_term_string\"}}],\"inLanguage\":\"fr-FR\"},{\"@type\":\"Organization\",\"@id\":\"https:\/\/dev.leselfes.com\/#organization\",\"name\":\"Les Elfes International\",\"alternateName\":\"Les Elfes International\",\"url\":\"https:\/\/dev.leselfes.com\/\",\"logo\":{\"@type\":\"ImageObject\",\"inLanguage\":\"fr-FR\",\"@id\":\"https:\/\/dev.leselfes.com\/#\/schema\/logo\/image\/\",\"url\":\"https:\/\/www.leselfes.com\/wp-content\/uploads\/2022\/03\/leselfes-logo.png\",\"contentUrl\":\"https:\/\/www.leselfes.com\/wp-content\/uploads\/2022\/03\/leselfes-logo.png\",\"width\":233,\"height\":51,\"caption\":\"Les Elfes International\"},\"image\":{\"@id\":\"https:\/\/dev.leselfes.com\/#\/schema\/logo\/image\/\"},\"sameAs\":[\"https:\/\/www.facebook.com\/LesElfesVerbier\",\"https:\/\/x.com\/LesElfesCamps\",\"https:\/\/www.instagram.com\/leselfes\",\"https:\/\/www.linkedin.com\/company\/les-elfes-international\",\"https:\/\/www.youtube.com\/user\/LesElfesVerbier\"]},{\"@type\":\"Person\",\"@id\":\"https:\/\/dev.leselfes.com\/#\/schema\/person\/9e8c1c68ef43ed5c58fa46ac5d8ee338\",\"name\":\"carlotta\",\"image\":{\"@type\":\"ImageObject\",\"inLanguage\":\"fr-FR\",\"@id\":\"https:\/\/dev.leselfes.com\/#\/schema\/person\/image\/\",\"url\":\"https:\/\/secure.gravatar.com\/avatar\/fdb243a028df450397b3632d862f87f6?s=96&d=mm&r=g\",\"contentUrl\":\"https:\/\/secure.gravatar.com\/avatar\/fdb243a028df450397b3632d862f87f6?s=96&d=mm&r=g\",\"caption\":\"carlotta\"},\"description\":\"Since 1987, Les Elfes International organizes ski trips &amp; field trips for leading schools around the world as well as winter &amp; summer camps for individual students aged between 6 y.o. and 17 y.o. from more than 60 nationalities. Welcoming 5'000 children and more than 200 schools a year from December until the end of October, Les Elfes has become a leading provider in the individual and school\u2019s trip industry. Our Winter and Summer Camps, ski and field trips provide more than just great activities and experiences. We introduce lifelong skills such as communicating with others without phone or laptop and understanding the value of living in a community away from home. Moreover, campers will be able to build a strong friend network and fortify the relationship among future classmates.\",\"sameAs\":[\"https:\/\/www.linkedin.com\/company\/les-elfes-international\/\"],\"url\":\"https:\/\/www.leselfes.com\/fr\/author\/carlotta\/\"}]}<\/script>\n<!-- \/ Yoast SEO Premium plugin. -->","yoast_head_json":{"title":"Conseils et r\u00e8gles pour les parents - Les Elfes International Camps Switzerland","robots":{"index":"index","follow":"follow","max-snippet":"max-snippet:-1","max-image-preview":"max-image-preview:large","max-video-preview":"max-video-preview:-1"},"canonical":"https:\/\/www.leselfes.com\/fr\/conseils-et-regles-pour-les-parents\/","og_locale":"fr_FR","og_type":"article","og_title":"Conseils et r\u00e8gles pour les parents","og_description":"Chers campeurs, parents et amis, Tout le monde est de plus en plus excit\u00e9 par la saison \u00e0 venir et nous, aux Elfes, ne faisons pas exception.Bien s\u00fbr, il est...","og_url":"https:\/\/www.leselfes.com\/fr\/conseils-et-regles-pour-les-parents\/","og_site_name":"Les Elfes International Camps Switzerland","article_publisher":"https:\/\/www.facebook.com\/LesElfesVerbier","article_published_time":"2015-11-13T11:41:49+00:00","article_modified_time":"2024-11-12T10:44:41+00:00","og_image":[{"url":"https:\/\/dev.leselfes.com\/wp-content\/uploads\/2019\/09\/sking-snowboard-summer-activities.jpg","type":"","width":"","height":""}],"author":"carlotta","twitter_card":"summary_large_image","twitter_creator":"@LesElfesCamps","twitter_site":"@LesElfesCamps","twitter_misc":{"\u00c9crit par":"carlotta","Dur\u00e9e de lecture estim\u00e9e":"2 minutes"},"schema":{"@context":"https:\/\/schema.org","@graph":[{"@type":"Article","@id":"https:\/\/www.leselfes.com\/fr\/conseils-et-regles-pour-les-parents\/#article","isPartOf":{"@id":"https:\/\/www.leselfes.com\/fr\/conseils-et-regles-pour-les-parents\/"},"author":{"name":"carlotta","@id":"https:\/\/dev.leselfes.com\/#\/schema\/person\/9e8c1c68ef43ed5c58fa46ac5d8ee338"},"headline":"Conseils et r\u00e8gles pour les parents","datePublished":"2015-11-13T11:41:49+00:00","dateModified":"2024-11-12T10:44:41+00:00","mainEntityOfPage":{"@id":"https:\/\/www.leselfes.com\/fr\/conseils-et-regles-pour-les-parents\/"},"wordCount":484,"publisher":{"@id":"https:\/\/dev.leselfes.com\/#organization"},"image":{"@id":"https:\/\/www.leselfes.com\/fr\/conseils-et-regles-pour-les-parents\/#primaryimage"},"thumbnailUrl":"https:\/\/www.leselfes.com\/wp-content\/uploads\/2019\/09\/sking-snowboard-summer-activities.jpg","articleSection":["Actualit\u00e9s","Camp d'hiver","Conseils aux parents"],"inLanguage":"fr-FR"},{"@type":"WebPage","@id":"https:\/\/www.leselfes.com\/fr\/conseils-et-regles-pour-les-parents\/","url":"https:\/\/www.leselfes.com\/fr\/conseils-et-regles-pour-les-parents\/","name":"Conseils et r\u00e8gles pour les parents - Les Elfes International Camps Switzerland","isPartOf":{"@id":"https:\/\/dev.leselfes.com\/#website"},"primaryImageOfPage":{"@id":"https:\/\/www.leselfes.com\/fr\/conseils-et-regles-pour-les-parents\/#primaryimage"},"image":{"@id":"https:\/\/www.leselfes.com\/fr\/conseils-et-regles-pour-les-parents\/#primaryimage"},"thumbnailUrl":"https:\/\/www.leselfes.com\/wp-content\/uploads\/2019\/09\/sking-snowboard-summer-activities.jpg","datePublished":"2015-11-13T11:41:49+00:00","dateModified":"2024-11-12T10:44:41+00:00","breadcrumb":{"@id":"https:\/\/www.leselfes.com\/fr\/conseils-et-regles-pour-les-parents\/#breadcrumb"},"inLanguage":"fr-FR","potentialAction":[{"@type":"ReadAction","target":["https:\/\/www.leselfes.com\/fr\/conseils-et-regles-pour-les-parents\/"]}]},{"@type":"ImageObject","inLanguage":"fr-FR","@id":"https:\/\/www.leselfes.com\/fr\/conseils-et-regles-pour-les-parents\/#primaryimage","url":"https:\/\/www.leselfes.com\/wp-content\/uploads\/2019\/09\/sking-snowboard-summer-activities.jpg","contentUrl":"https:\/\/www.leselfes.com\/wp-content\/uploads\/2019\/09\/sking-snowboard-summer-activities.jpg"},{"@type":"BreadcrumbList","@id":"https:\/\/www.leselfes.com\/fr\/conseils-et-regles-pour-les-parents\/#breadcrumb","itemListElement":[{"@type":"ListItem","position":1,"name":"Home","item":"https:\/\/www.leselfes.com\/fr\/"},{"@type":"ListItem","position":2,"name":"Conseils et r\u00e8gles pour les parents"}]},{"@type":"WebSite","@id":"https:\/\/dev.leselfes.com\/#website","url":"https:\/\/dev.leselfes.com\/","name":"Les Elfes International","description":"Les Elfes International, Verbier Switzerland. Summer Camp, Winter Camp, Spring Camps.","publisher":{"@id":"https:\/\/dev.leselfes.com\/#organization"},"alternateName":"Les Elfes International","potentialAction":[{"@type":"SearchAction","target":{"@type":"EntryPoint","urlTemplate":"https:\/\/dev.leselfes.com\/?s={search_term_string}"},"query-input":{"@type":"PropertyValueSpecification","valueRequired":true,"valueName":"search_term_string"}}],"inLanguage":"fr-FR"},{"@type":"Organization","@id":"https:\/\/dev.leselfes.com\/#organization","name":"Les Elfes International","alternateName":"Les Elfes International","url":"https:\/\/dev.leselfes.com\/","logo":{"@type":"ImageObject","inLanguage":"fr-FR","@id":"https:\/\/dev.leselfes.com\/#\/schema\/logo\/image\/","url":"https:\/\/www.leselfes.com\/wp-content\/uploads\/2022\/03\/leselfes-logo.png","contentUrl":"https:\/\/www.leselfes.com\/wp-content\/uploads\/2022\/03\/leselfes-logo.png","width":233,"height":51,"caption":"Les Elfes International"},"image":{"@id":"https:\/\/dev.leselfes.com\/#\/schema\/logo\/image\/"},"sameAs":["https:\/\/www.facebook.com\/LesElfesVerbier","https:\/\/x.com\/LesElfesCamps","https:\/\/www.instagram.com\/leselfes","https:\/\/www.linkedin.com\/company\/les-elfes-international","https:\/\/www.youtube.com\/user\/LesElfesVerbier"]},{"@type":"Person","@id":"https:\/\/dev.leselfes.com\/#\/schema\/person\/9e8c1c68ef43ed5c58fa46ac5d8ee338","name":"carlotta","image":{"@type":"ImageObject","inLanguage":"fr-FR","@id":"https:\/\/dev.leselfes.com\/#\/schema\/person\/image\/","url":"https:\/\/secure.gravatar.com\/avatar\/fdb243a028df450397b3632d862f87f6?s=96&d=mm&r=g","contentUrl":"https:\/\/secure.gravatar.com\/avatar\/fdb243a028df450397b3632d862f87f6?s=96&d=mm&r=g","caption":"carlotta"},"description":"Since 1987, Les Elfes International organizes ski trips &amp; field trips for leading schools around the world as well as winter &amp; summer camps for individual students aged between 6 y.o. and 17 y.o. from more than 60 nationalities. Welcoming 5'000 children and more than 200 schools a year from December until the end of October, Les Elfes has become a leading provider in the individual and school\u2019s trip industry. Our Winter and Summer Camps, ski and field trips provide more than just great activities and experiences. We introduce lifelong skills such as communicating with others without phone or laptop and understanding the value of living in a community away from home. Moreover, campers will be able to build a strong friend network and fortify the relationship among future classmates.","sameAs":["https:\/\/www.linkedin.com\/company\/les-elfes-international\/"],"url":"https:\/\/www.leselfes.com\/fr\/author\/carlotta\/"}]}},"_links":{"self":[{"href":"https:\/\/www.leselfes.com\/fr\/wp-json\/wp\/v2\/posts\/90426"}],"collection":[{"href":"https:\/\/www.leselfes.com\/fr\/wp-json\/wp\/v2\/posts"}],"about":[{"href":"https:\/\/www.leselfes.com\/fr\/wp-json\/wp\/v2\/types\/post"}],"author":[{"embeddable":true,"href":"https:\/\/www.leselfes.com\/fr\/wp-json\/wp\/v2\/users\/6"}],"replies":[{"embeddable":true,"href":"https:\/\/www.leselfes.com\/fr\/wp-json\/wp\/v2\/comments?post=90426"}],"version-history":[{"count":0,"href":"https:\/\/www.leselfes.com\/fr\/wp-json\/wp\/v2\/posts\/90426\/revisions"}],"wp:attachment":[{"href":"https:\/\/www.leselfes.com\/fr\/wp-json\/wp\/v2\/media?parent=90426"}],"wp:term":[{"taxonomy":"category","embeddable":true,"href":"https:\/\/www.leselfes.com\/fr\/wp-json\/wp\/v2\/categories?post=90426"},{"taxonomy":"post_tag","embeddable":true,"href":"https:\/\/www.leselfes.com\/fr\/wp-json\/wp\/v2\/tags?post=90426"}],"curies":[{"name":"wp","href":"https:\/\/api.w.org\/{rel}","templated":true}]}}