{"id":91494,"date":"2019-09-24T18:50:48","date_gmt":"2019-09-24T16:50:48","guid":{"rendered":"https:\/\/www.leselfes.com\/jeux-olympiques-de-la-jeunesse-a-lausanne-suisse\/"},"modified":"2024-11-12T11:59:12","modified_gmt":"2024-11-12T10:59:12","slug":"jeux-olympiques-de-la-jeunesse-a-lausanne-suisse","status":"publish","type":"post","link":"https:\/\/www.leselfes.com\/fr\/jeux-olympiques-de-la-jeunesse-a-lausanne-suisse\/","title":{"rendered":"Jeux olympiques de la jeunesse \u00e0 Lausanne, Suisse"},"content":{"rendered":"\n<p>Les Jeux Olympiques de la Jeunesse d&rsquo;hiver, commun\u00e9ment appel\u00e9s Lausanne 2020, d\u00e9buteront du 9 au 22 janvier 2020.\nIl s&rsquo;agira de la troisi\u00e8me \u00e9dition des Jeux Olympiques de la Jeunesse d&rsquo;hiver, un \u00e9v\u00e9nement international multisports dominant et un festival culturel pour les adolescents.\nIls se d\u00e9rouleront \u00e0 Lausanne, en Suisse, centre du Comit\u00e9 international olympique.    <\/p>\n\n<h2 class=\"wp-block-heading\">A propos de Lausanne, capitale olympique<\/h2>\n\n<p>Lausanne est depuis de nombreuses ann\u00e9es le centre du Mouvement olympique contemporain.\nActuellement, la r\u00e9gion abrite plus de 50 organisations sportives internationales.\nCela explique pourquoi le sport et ses principes positifs ont continu\u00e9 \u00e0 faire partie de la Suisse dans son ensemble.\nLa vision des JOJ est de motiver les jeunes \u00e0 adopter et \u00e0 vivre selon les principes olympiques.   <\/p>\n\n<p>Il s&rsquo;agit de l&rsquo;amiti\u00e9, du respect et de l&rsquo;excellence de Lausanne, une grande id\u00e9e \u00e0 laquelle de nombreuses personnes de la ville se sont identifi\u00e9es.\nCette id\u00e9e a jou\u00e9 un r\u00f4le d\u00e9terminant pour les jeunes de Suisse et du monde entier.\nEn 2020, la Suisse et Lausanne s&rsquo;attacheront \u00e0 mettre en valeur l&rsquo;h\u00e9ritage olympique exclusif.  <\/p>\n\n<h2 class=\"wp-block-heading\">O\u00f9 l&rsquo;\u00e9v\u00e9nement aura-t-il lieu ?<\/h2>\n\n<p>Les Jeux Olympiques de la Jeunesse se d\u00e9rouleront dans la r\u00e9gion de Lausanne, pr\u00e8s des Alpes vaudoises et sur les rives du lac L\u00e9man.\nLe village olympique sera situ\u00e9 dans la partie centrale de la ville.\nC&rsquo;est l\u00e0 que se trouve le campus universitaire d&rsquo;une capacit\u00e9 de 35 000 \u00e9tudiants. <a href=\"https:\/\/www.olympic.org\/lausanne-2020-mascot\">La mascotte<\/a> est connue sous le nom de Yodli.  <\/p>\n\n<p>Il s&rsquo;agit d&rsquo;un animal hybride compos\u00e9 de divers animaux symboliques suisses qui vivent dans les montagnes suisses.\nIl s&rsquo;agit notamment d&rsquo;un chien Saint-Bernard, d&rsquo;une ch\u00e8vre et d&rsquo;une vache.\nLes caract\u00e9ristiques de ces animaux et leur lien avec l&rsquo;environnement sont incarn\u00e9s par Yodli.\nIls illustrent la diversit\u00e9 des personnes qui participeront aux Jeux olympiques d&rsquo;hiver de la jeunesse \u00e0 Lausanne en 2020.     <\/p>\n\n<h2 class=\"wp-block-heading\">Ce qui sera \u00e0 l&rsquo;honneur \u00e0 Lausanne 2020<\/h2>\n\n<p>Pour la premi\u00e8re fois dans l&rsquo;histoire des Jeux olympiques d&rsquo;hiver, le programme des Jeux olympiques de la jeunesse comprendra du ski alpinisme.\nIl s&rsquo;agit d&rsquo;escalader des montagnes \u00e0 ski.\nEn fonction de la difficult\u00e9 de l&rsquo;ascension, les participants devront peut-\u00eatre porter les skis.\nEnfin, ils devront revenir \u00e0 ski au point de d\u00e9part.\nLa recherche de l&rsquo;\u00e9galit\u00e9 des sexes et de l&rsquo;innovation s&rsquo;est traduite par l&rsquo;introduction de nouvelles sp\u00e9cialit\u00e9s.\nPyeongChang, qui a fait ses d\u00e9buts aux Jeux olympiques d&rsquo;<a href=\"https:\/\/www.leselfes.com\/fr\/?page_id=89062\">hiver <\/a>en 2018, fait enfin son entr\u00e9e aux Jeux olympiques de la jeunesse.     <\/p>\n\n<p>Diff\u00e9rents sports courts aux Jeux olympiques de la jeunesse, tels que le hockey \u00e0 5 et le basket-ball \u00e0 3 x 3, ont \u00e9t\u00e9 couronn\u00e9s de succ\u00e8s.\nCela a conduit \u00e0 l&rsquo;ajout d&rsquo;une version inventive du hockey sur glace en 3 x 3.\nDeux nouvelles \u00e9preuves f\u00e9minines, une combinaison de ski nordique et de double luge, seront ajout\u00e9es aux JOJ 2020.\nCes \u00e9preuves sont con\u00e7ues pour contribuer \u00e0 cr\u00e9er un \u00e9quilibre entre les sexes aux Jeux olympiques de la jeunesse d&rsquo;hiver de 2020.     <\/p>\n\n<h2 class=\"wp-block-heading\">L&rsquo;allumage de la flamme olympique de la jeunesse<\/h2>\n\n<p>La flamme des Jeux Olympiques de la Jeunesse d&rsquo;hiver a \u00e9t\u00e9 allum\u00e9e le 17 septembre lors d&rsquo;une c\u00e9r\u00e9monie conventionnelle au stade Panath\u00e9na\u00efque d&rsquo;Ath\u00e8nes.\nLa flamme est ensuite retourn\u00e9e en Suisse pour entamer une tourn\u00e9e qui l&rsquo;am\u00e8nera \u00e0 s&rsquo;arr\u00eater dans chaque district du pays. <\/p>\n\n<p>Une fois la tourn\u00e9e achev\u00e9e, la flamme reviendra dans la capitale olympique pour l&rsquo;\u00e9v\u00e9nement conventionnel du relais de la flamme.\nLa c\u00e9r\u00e9monie d&rsquo;ouverture des Jeux olympiques d&rsquo;hiver de la jeunesse aura lieu le 9 janvier 2020.   <\/p>\n\n<h2 class=\"wp-block-heading\">La flamme olympique de la jeunesse de Lausanne 2020 allum\u00e9e \u00e0 Ath\u00e8nes<\/h2>\n\n<p>La c\u00e9r\u00e9monie d&rsquo;allumage de la flamme qui pr\u00e9c\u00e8de tout relais de la flamme olympique est l&rsquo;un des \u00e9v\u00e9nements olympiques les plus symboliques.\nLe 17 septembre, c&rsquo;\u00e9tait au tour de Lausanne 2020 d&rsquo;\u00eatre sous les feux de la rampe lorsque la flamme olympique a \u00e9t\u00e9 allum\u00e9e, marquant le d\u00e9but de son voyage d&rsquo;Ath\u00e8nes, en Gr\u00e8ce, \u00e0 Lausanne, en Suisse. <\/p>\n\n<p>Au cours de la c\u00e9r\u00e9monie, une foule de 1 400 enfants des \u00e9coles locales, ainsi que des repr\u00e9sentants du Comit\u00e9 olympique hell\u00e9nique, ont assist\u00e9 \u00e0 l&rsquo;allumage de la flamme \u00e0 l&rsquo;aide des rayons du soleil, comme c&rsquo;\u00e9tait le cas lors des Jeux olympiques antiques.<\/p>\n\n<h2 class=\"wp-block-heading\">En quoi consiste la c\u00e9r\u00e9monie d&rsquo;allumage de la flamme ?<\/h2>\n\n<p>L&rsquo;allumage de la flamme qui pr\u00e9c\u00e8de le relais de la flamme olympique est une c\u00e9r\u00e9monie symbolique.\nLa flamme est allum\u00e9e avec les rayons du soleil, comme c&rsquo;\u00e9tait le cas lors des \u00e9preuves olympiques archa\u00efques.\nLa flamme olympique s&rsquo;enflamme alors et continue de br\u00fbler jusqu&rsquo;\u00e0 la c\u00e9r\u00e9monie d&rsquo;ouverture des Jeux olympiques.  <\/p>\n\n<p>Lors de la c\u00e9r\u00e9monie d&rsquo;allumage de la flamme de Lausanne 2020 \u00e0 Ath\u00e8nes, environ 1 400 \u00e9coliers ont assist\u00e9 \u00e0 l&rsquo;\u00e9v\u00e9nement.\nIls ont \u00e9t\u00e9 rejoints lors de la c\u00e9r\u00e9monie sp\u00e9ciale d&rsquo;allumage de la flamme par des agents du comit\u00e9 d&rsquo;organisation local, le comit\u00e9 olympique hell\u00e9nique et d&rsquo;autres invit\u00e9s. <\/p>\n\n<h2 class=\"wp-block-heading\">O\u00f9 la Torche est-elle all\u00e9e ensuite ?<\/h2>\n\n<p>La flamme s&rsquo;est rendue \u00e0 Lausanne pour le lancement officiel de la tourn\u00e9e de la flamme qui a d\u00e9but\u00e9 le 21 septembre.\nIl devrait couvrir une excursion de 110 jours afin de d\u00e9montrer clairement l&rsquo;esprit olympique de la jeunesse aux habitants de la r\u00e9gion.\nLa tourn\u00e9e de la flamme comprendra des activit\u00e9s collectives li\u00e9es \u00e0 la jeunesse.  <\/p>\n\n<p>De plus, un programme exclusif couvrira les jeux de Lausanne 2020.\nLa cerise sur le g\u00e2teau sera la c\u00e9r\u00e9monie d&rsquo;allumage de la flamme par des invit\u00e9s de marque tels que des athl\u00e8tes olympiques.   <\/p>\n\n<h2 class=\"wp-block-heading\">Ce que les participants \u00e0 la c\u00e9r\u00e9monie d&rsquo;allumage de la flamme ont dit<\/h2>\n\n<p>Danka Bartekova, pr\u00e9sidente de la commission de coordination du CIO, a assist\u00e9 \u00e0 la c\u00e9r\u00e9monie.\nIl a d\u00e9clar\u00e9 : \u00ab\u00a0Cette flamme olympique de la jeunesse inspirera les formidables athl\u00e8tes qui s&rsquo;entra\u00eenent dur pour Lausanne 2020, ainsi que les jeunes fans du monde entier. Son parcours \u00e0 travers la Suisse contribuera \u00e9galement \u00e0 mettre en lumi\u00e8re et \u00e0 c\u00e9l\u00e9brer tout ce que la Suisse a \u00e0 offrir, ainsi que les jeunes gens talentueux qui participent aux pr\u00e9paratifs. C&rsquo;est un honneur de faire partie de ce voyage et de ramener la flamme dans la capitale olympique. <\/p>\n\n<p>De son c\u00f4t\u00e9, la pr\u00e9sidente de Lausanne 2020, Virginie Faivre, s&rsquo;est exprim\u00e9e.\n\u00ab\u00a0C&rsquo;est un moment important pour Lausanne 2020, la Ville de Lausanne, le Canton de Vaud et notre pays tout entier. C&rsquo;est un voyage qui dure depuis quatre ans. Depuis 2015, lorsque Lausanne a \u00e9t\u00e9 choisie pour accueillir les Jeux Olympiques de la Jeunesse d&rsquo;hiver, nous avons travaill\u00e9 tr\u00e8s dur pour cr\u00e9er des Jeux uniques. Des Jeux pour les jeunes, par les jeunes et avec les jeunes. Aujourd&rsquo;hui, nous n&rsquo;allumons pas seulement la flamme olympique, mais aussi l&rsquo;esprit olympique d&rsquo;une toute nouvelle g\u00e9n\u00e9ration de jeunes en Suisse et dans le monde entier\u00a0\u00bb. <\/p>\n\n<h2 class=\"wp-block-heading\">L&rsquo;arriv\u00e9e de la flamme des JOJ en Suisse<\/h2>\n\n<p>Le 18 septembre 2019, la flamme des Jeux olympiques d&rsquo;hiver de la jeunesse a atterri \u00e0 l&rsquo;a\u00e9roport international de Gen\u00e8ve.\nPlusieurs personnes \u00e9taient pr\u00e9sentes sur le terrain pour accueillir la flamme.\nIl s&rsquo;agit de repr\u00e9sentants du canton de Gen\u00e8ve, du canton de Vaud, de la ville de Lausanne et de Lausanne 2020.\nLes autres agents pr\u00e9sents \u00e9taient le Comit\u00e9 international olympique (CIO), la SWISS Romande et l&rsquo;a\u00e9roport de Gen\u00e8ve.   <\/p>\n\n<p>Un avion suisse a \u00e9t\u00e9 sp\u00e9cialement mandat\u00e9 pour transporter la flamme.\nPar ailleurs, une conf\u00e9rence de presse a \u00e9t\u00e9 organis\u00e9e \u00e0 l&rsquo;int\u00e9rieur de l&rsquo;a\u00e9rogare.\nElle a mis l&rsquo;accent sur les principes olympiques et sur la paix que la flamme allait r\u00e9pandre en Suisse et dans une partie de la France.\nLa flamme s&rsquo;est rapidement dirig\u00e9e vers la prochaine \u00e9tape, ce qui a \u00e9t\u00e9 facilit\u00e9 par le r\u00e9seau ferroviaire suisse.   <\/p>\n\n<p>Il est int\u00e9ressant de noter que vous pouvez faire la navette entre Lausanne et l&rsquo;a\u00e9roport de Gen\u00e8ve rapidement et facilement.\nAvez-vous l&rsquo;intention d&rsquo;assister \u00e0 l&rsquo;un des tours de la flamme olympique pr\u00e9vus ?\nOu souhaitez-vous assister \u00e0 la c\u00e9r\u00e9monie d&rsquo;ouverture des Jeux olympiques d&rsquo;hiver de la jeunesse ?\nSi c&rsquo;est le cas, vous pourrez facilement acc\u00e9der \u00e0 l&rsquo;a\u00e9roport de Gen\u00e8ve et \u00e0 Lausanne, et vice versa.     <\/p>\n\n<h2 class=\"wp-block-heading\">Environ 3 000 \u00e9tudiants ont converg\u00e9 pour c\u00e9l\u00e9brer Lausanne 2020<\/h2>\n\n<p>Le 19 septembre, plus de 400 invit\u00e9s et 3 000 \u00e9tudiants ont converg\u00e9 vers le Stade Pierre-de-Coubertin \u00e0 Lausanne.\nLe rassemblement \u00e9tait organis\u00e9 sous le th\u00e8me \u00ab\u00a0Un drapeau Lausanne 2020 dans chaque commune vaudoise\u00a0\u00bb.\nIci, ils ont comm\u00e9mor\u00e9 le canton de Vaud.  <\/p>\n\n<p>Un repr\u00e9sentant de chaque municipalit\u00e9, accompagn\u00e9 de deux \u00e9tudiants portant le drapeau municipal, a assist\u00e9 \u00e0 l&rsquo;\u00e9v\u00e9nement.\nIls \u00e9changeront le drapeau de leur commune avec celui de Lausanne 2020.\nL&rsquo;\u00e9v\u00e9nement symbolique a \u00e9t\u00e9 suivi par 612 \u00e9l\u00e8ves.  <\/p>\n\n<p>Ph\u00e9nom\u00e8ne surprenant, la flamme olympique de la jeunesse pour Lausanne 2020 \u00e9tait pr\u00e9sente.\nQuatre jeunes athl\u00e8tes avaient apport\u00e9 la flamme au stade, quelques jours avant qu&rsquo;elle n&rsquo;entame un tour de Suisse. <\/p>\n\n<p>La flamme olympique de la jeunesse de Lausanne 2020 a \u00e9galement fait une apparition surprise, apport\u00e9e au stade par quatre jeunes athl\u00e8tes, quelques jours avant le d\u00e9part de la flamme pour son p\u00e9riple \u00e0 travers la Suisse.<\/p>\n\n<h2 class=\"wp-block-heading\">Qu&rsquo;ont dit les leaders pr\u00e9sents ?<\/h2>\n\n<p>Le Syndic de la Ville de Lausanne Gr\u00e9goire Junod a d\u00e9clar\u00e9 : \u00ab\u00a0R\u00e9unir toutes les communes vaudoises et leurs \u00e9coliers ici \u00e0 Lausanne, ville h\u00f4te de ces jeux, est un moment hautement symbolique.\nIl refl\u00e8te \u00e9galement la volont\u00e9 de la ville de laisser un h\u00e9ritage sportif et culturel \u00e0 cet \u00e9v\u00e9nement unique.\u00a0\u00bb <\/p>\n\n<p>Cesla Amarelle, chef du d\u00e9partement de la formation, de la jeunesse et de la culture du canton de Vaud, \u00e9tait \u00e9galement pr\u00e9sent.\nIl a d\u00e9clar\u00e9 : \u00ab\u00a0Je suis fier de la mani\u00e8re dont les \u00e9coles, les enseignants et les \u00e9l\u00e8ves se sont appropri\u00e9 Lausanne 2020 : \u00ab\u00a0Je suis fier de la mani\u00e8re dont les \u00e9coles, les enseignants et les \u00e9l\u00e8ves se sont appropri\u00e9 Lausanne 2020. Les jeunes vaudois pourront vivre les Jeux non seulement sur les sites de comp\u00e9tition, mais aussi dans les salles de classe, les ateliers, les expositions ou les initiations sportives &#8211; et toujours avec un contenu \u00e9ducatif produit sp\u00e9cifiquement pour l&rsquo;occasion. Ce seront de v\u00e9ritables exp\u00e9riences de vie pour les \u00e9l\u00e8ves\u00a0\u00bb. <\/p>\n\n<h2 class=\"wp-block-heading\">Enfin<\/h2>\n\n<p>Les Jeux Olympiques de la Jeunesse ont pour but d&rsquo;inciter les jeunes du monde entier \u00e0 pratiquer des activit\u00e9s sportives.\nOutre la sensibilisation, ces jeux persuadent les jeunes de diffuser les messages du mouvement olympique aupr\u00e8s de leurs camarades.\nAu moins 1 880 athl\u00e8tes de plus de 80 pays, tous sexes confondus, participeront aux JOJ de Lausanne 2020.    <\/p>\n","protected":false},"excerpt":{"rendered":"<p>Les Jeux Olympiques de la Jeunesse d&rsquo;hiver, commun\u00e9ment appel\u00e9s Lausanne 2020, d\u00e9buteront du 9 au 22 janvier 2020.<br \/>\nIl s&rsquo;agira de la troisi\u00e8me \u00e9dition des Jeux olympiques de la jeunesse d&rsquo;hiver, un \u00e9v\u00e9nement multisports international dominant et un festival culturel pour les adolescents.   <\/p>\n","protected":false},"author":6,"featured_media":0,"comment_status":"closed","ping_status":"open","sticky":false,"template":"","format":"standard","meta":{"_acf_changed":false,"inline_featured_image":false,"footnotes":""},"categories":[1356],"tags":[],"class_list":{"0":"post-91494","1":"post","2":"type-post","3":"status-publish","4":"format-standard","6":"category-articles-fr"},"acf":[],"yoast_head":"<!-- This site is optimized with the Yoast SEO Premium plugin v24.2 (Yoast SEO v24.7) - https:\/\/yoast.com\/wordpress\/plugins\/seo\/ -->\n<title>Jeux olympiques de la jeunesse \u00e0 Lausanne, Suisse - Les Elfes International Camps Switzerland<\/title>\n<meta name=\"robots\" content=\"index, follow, max-snippet:-1, max-image-preview:large, max-video-preview:-1\" \/>\n<link rel=\"canonical\" href=\"https:\/\/www.leselfes.com\/fr\/jeux-olympiques-de-la-jeunesse-a-lausanne-suisse\/\" \/>\n<meta property=\"og:locale\" content=\"fr_FR\" \/>\n<meta property=\"og:type\" content=\"article\" \/>\n<meta property=\"og:title\" content=\"Jeux olympiques de la jeunesse \u00e0 Lausanne, Suisse\" \/>\n<meta property=\"og:description\" content=\"Les Jeux Olympiques de la Jeunesse d&#039;hiver, commun\u00e9ment appel\u00e9s Lausanne 2020, d\u00e9buteront du 9 au 22 janvier 2020. Il s&#039;agira de la troisi\u00e8me \u00e9dition des Jeux olympiques de la jeunesse d&#039;hiver, un \u00e9v\u00e9nement multisports international dominant et un festival culturel pour les adolescents.\" \/>\n<meta property=\"og:url\" content=\"https:\/\/www.leselfes.com\/fr\/jeux-olympiques-de-la-jeunesse-a-lausanne-suisse\/\" \/>\n<meta property=\"og:site_name\" content=\"Les Elfes International Camps Switzerland\" \/>\n<meta property=\"article:publisher\" content=\"https:\/\/www.facebook.com\/LesElfesVerbier\" \/>\n<meta property=\"article:published_time\" content=\"2019-09-24T16:50:48+00:00\" \/>\n<meta property=\"article:modified_time\" content=\"2024-11-12T10:59:12+00:00\" \/>\n<meta property=\"og:image\" content=\"https:\/\/www.leselfes.com\/wp-content\/uploads\/2022\/02\/Les-Elfes-International-summer-camp-Switzerland-Staff-Mobile-591x555-1.jpg\" \/>\n\t<meta property=\"og:image:width\" content=\"591\" \/>\n\t<meta property=\"og:image:height\" content=\"555\" \/>\n\t<meta property=\"og:image:type\" content=\"image\/jpeg\" \/>\n<meta name=\"author\" content=\"carlotta\" \/>\n<meta name=\"twitter:card\" content=\"summary_large_image\" \/>\n<meta name=\"twitter:creator\" content=\"@LesElfesCamps\" \/>\n<meta name=\"twitter:site\" content=\"@LesElfesCamps\" \/>\n<meta name=\"twitter:label1\" content=\"\u00c9crit par\" \/>\n\t<meta name=\"twitter:data1\" content=\"carlotta\" \/>\n\t<meta name=\"twitter:label2\" content=\"Dur\u00e9e de lecture estim\u00e9e\" \/>\n\t<meta name=\"twitter:data2\" content=\"9 minutes\" \/>\n<script type=\"application\/ld+json\" class=\"yoast-schema-graph\">{\"@context\":\"https:\/\/schema.org\",\"@graph\":[{\"@type\":\"Article\",\"@id\":\"https:\/\/www.leselfes.com\/fr\/jeux-olympiques-de-la-jeunesse-a-lausanne-suisse\/#article\",\"isPartOf\":{\"@id\":\"https:\/\/www.leselfes.com\/fr\/jeux-olympiques-de-la-jeunesse-a-lausanne-suisse\/\"},\"author\":{\"name\":\"carlotta\",\"@id\":\"https:\/\/dev.leselfes.com\/#\/schema\/person\/9e8c1c68ef43ed5c58fa46ac5d8ee338\"},\"headline\":\"Jeux olympiques de la jeunesse \u00e0 Lausanne, Suisse\",\"datePublished\":\"2019-09-24T16:50:48+00:00\",\"dateModified\":\"2024-11-12T10:59:12+00:00\",\"mainEntityOfPage\":{\"@id\":\"https:\/\/www.leselfes.com\/fr\/jeux-olympiques-de-la-jeunesse-a-lausanne-suisse\/\"},\"wordCount\":1880,\"publisher\":{\"@id\":\"https:\/\/dev.leselfes.com\/#organization\"},\"articleSection\":[\"Articles\"],\"inLanguage\":\"fr-FR\"},{\"@type\":\"WebPage\",\"@id\":\"https:\/\/www.leselfes.com\/fr\/jeux-olympiques-de-la-jeunesse-a-lausanne-suisse\/\",\"url\":\"https:\/\/www.leselfes.com\/fr\/jeux-olympiques-de-la-jeunesse-a-lausanne-suisse\/\",\"name\":\"Jeux olympiques de la jeunesse \u00e0 Lausanne, Suisse - Les Elfes International Camps Switzerland\",\"isPartOf\":{\"@id\":\"https:\/\/dev.leselfes.com\/#website\"},\"datePublished\":\"2019-09-24T16:50:48+00:00\",\"dateModified\":\"2024-11-12T10:59:12+00:00\",\"breadcrumb\":{\"@id\":\"https:\/\/www.leselfes.com\/fr\/jeux-olympiques-de-la-jeunesse-a-lausanne-suisse\/#breadcrumb\"},\"inLanguage\":\"fr-FR\",\"potentialAction\":[{\"@type\":\"ReadAction\",\"target\":[\"https:\/\/www.leselfes.com\/fr\/jeux-olympiques-de-la-jeunesse-a-lausanne-suisse\/\"]}]},{\"@type\":\"BreadcrumbList\",\"@id\":\"https:\/\/www.leselfes.com\/fr\/jeux-olympiques-de-la-jeunesse-a-lausanne-suisse\/#breadcrumb\",\"itemListElement\":[{\"@type\":\"ListItem\",\"position\":1,\"name\":\"Home\",\"item\":\"https:\/\/www.leselfes.com\/fr\/\"},{\"@type\":\"ListItem\",\"position\":2,\"name\":\"Jeux olympiques de la jeunesse \u00e0 Lausanne, Suisse\"}]},{\"@type\":\"WebSite\",\"@id\":\"https:\/\/dev.leselfes.com\/#website\",\"url\":\"https:\/\/dev.leselfes.com\/\",\"name\":\"Les Elfes International\",\"description\":\"Les Elfes International, Verbier Switzerland. Summer Camp, Winter Camp, Spring Camps.\",\"publisher\":{\"@id\":\"https:\/\/dev.leselfes.com\/#organization\"},\"alternateName\":\"Les Elfes International\",\"potentialAction\":[{\"@type\":\"SearchAction\",\"target\":{\"@type\":\"EntryPoint\",\"urlTemplate\":\"https:\/\/dev.leselfes.com\/?s={search_term_string}\"},\"query-input\":{\"@type\":\"PropertyValueSpecification\",\"valueRequired\":true,\"valueName\":\"search_term_string\"}}],\"inLanguage\":\"fr-FR\"},{\"@type\":\"Organization\",\"@id\":\"https:\/\/dev.leselfes.com\/#organization\",\"name\":\"Les Elfes International\",\"alternateName\":\"Les Elfes International\",\"url\":\"https:\/\/dev.leselfes.com\/\",\"logo\":{\"@type\":\"ImageObject\",\"inLanguage\":\"fr-FR\",\"@id\":\"https:\/\/dev.leselfes.com\/#\/schema\/logo\/image\/\",\"url\":\"https:\/\/www.leselfes.com\/wp-content\/uploads\/2022\/03\/leselfes-logo.png\",\"contentUrl\":\"https:\/\/www.leselfes.com\/wp-content\/uploads\/2022\/03\/leselfes-logo.png\",\"width\":233,\"height\":51,\"caption\":\"Les Elfes International\"},\"image\":{\"@id\":\"https:\/\/dev.leselfes.com\/#\/schema\/logo\/image\/\"},\"sameAs\":[\"https:\/\/www.facebook.com\/LesElfesVerbier\",\"https:\/\/x.com\/LesElfesCamps\",\"https:\/\/www.instagram.com\/leselfes\",\"https:\/\/www.linkedin.com\/company\/les-elfes-international\",\"https:\/\/www.youtube.com\/user\/LesElfesVerbier\"]},{\"@type\":\"Person\",\"@id\":\"https:\/\/dev.leselfes.com\/#\/schema\/person\/9e8c1c68ef43ed5c58fa46ac5d8ee338\",\"name\":\"carlotta\",\"image\":{\"@type\":\"ImageObject\",\"inLanguage\":\"fr-FR\",\"@id\":\"https:\/\/dev.leselfes.com\/#\/schema\/person\/image\/\",\"url\":\"https:\/\/secure.gravatar.com\/avatar\/fdb243a028df450397b3632d862f87f6?s=96&d=mm&r=g\",\"contentUrl\":\"https:\/\/secure.gravatar.com\/avatar\/fdb243a028df450397b3632d862f87f6?s=96&d=mm&r=g\",\"caption\":\"carlotta\"},\"description\":\"Since 1987, Les Elfes International organizes ski trips &amp; field trips for leading schools around the world as well as winter &amp; summer camps for individual students aged between 6 y.o. and 17 y.o. from more than 60 nationalities. Welcoming 5'000 children and more than 200 schools a year from December until the end of October, Les Elfes has become a leading provider in the individual and school\u2019s trip industry. Our Winter and Summer Camps, ski and field trips provide more than just great activities and experiences. We introduce lifelong skills such as communicating with others without phone or laptop and understanding the value of living in a community away from home. Moreover, campers will be able to build a strong friend network and fortify the relationship among future classmates.\",\"sameAs\":[\"https:\/\/www.linkedin.com\/company\/les-elfes-international\/\"],\"url\":\"https:\/\/www.leselfes.com\/fr\/author\/carlotta\/\"}]}<\/script>\n<!-- \/ Yoast SEO Premium plugin. -->","yoast_head_json":{"title":"Jeux olympiques de la jeunesse \u00e0 Lausanne, Suisse - Les Elfes International Camps Switzerland","robots":{"index":"index","follow":"follow","max-snippet":"max-snippet:-1","max-image-preview":"max-image-preview:large","max-video-preview":"max-video-preview:-1"},"canonical":"https:\/\/www.leselfes.com\/fr\/jeux-olympiques-de-la-jeunesse-a-lausanne-suisse\/","og_locale":"fr_FR","og_type":"article","og_title":"Jeux olympiques de la jeunesse \u00e0 Lausanne, Suisse","og_description":"Les Jeux Olympiques de la Jeunesse d'hiver, commun\u00e9ment appel\u00e9s Lausanne 2020, d\u00e9buteront du 9 au 22 janvier 2020. Il s'agira de la troisi\u00e8me \u00e9dition des Jeux olympiques de la jeunesse d'hiver, un \u00e9v\u00e9nement multisports international dominant et un festival culturel pour les adolescents.","og_url":"https:\/\/www.leselfes.com\/fr\/jeux-olympiques-de-la-jeunesse-a-lausanne-suisse\/","og_site_name":"Les Elfes International Camps Switzerland","article_publisher":"https:\/\/www.facebook.com\/LesElfesVerbier","article_published_time":"2019-09-24T16:50:48+00:00","article_modified_time":"2024-11-12T10:59:12+00:00","og_image":[{"width":591,"height":555,"url":"https:\/\/www.leselfes.com\/wp-content\/uploads\/2022\/02\/Les-Elfes-International-summer-camp-Switzerland-Staff-Mobile-591x555-1.jpg","type":"image\/jpeg"}],"author":"carlotta","twitter_card":"summary_large_image","twitter_creator":"@LesElfesCamps","twitter_site":"@LesElfesCamps","twitter_misc":{"\u00c9crit par":"carlotta","Dur\u00e9e de lecture estim\u00e9e":"9 minutes"},"schema":{"@context":"https:\/\/schema.org","@graph":[{"@type":"Article","@id":"https:\/\/www.leselfes.com\/fr\/jeux-olympiques-de-la-jeunesse-a-lausanne-suisse\/#article","isPartOf":{"@id":"https:\/\/www.leselfes.com\/fr\/jeux-olympiques-de-la-jeunesse-a-lausanne-suisse\/"},"author":{"name":"carlotta","@id":"https:\/\/dev.leselfes.com\/#\/schema\/person\/9e8c1c68ef43ed5c58fa46ac5d8ee338"},"headline":"Jeux olympiques de la jeunesse \u00e0 Lausanne, Suisse","datePublished":"2019-09-24T16:50:48+00:00","dateModified":"2024-11-12T10:59:12+00:00","mainEntityOfPage":{"@id":"https:\/\/www.leselfes.com\/fr\/jeux-olympiques-de-la-jeunesse-a-lausanne-suisse\/"},"wordCount":1880,"publisher":{"@id":"https:\/\/dev.leselfes.com\/#organization"},"articleSection":["Articles"],"inLanguage":"fr-FR"},{"@type":"WebPage","@id":"https:\/\/www.leselfes.com\/fr\/jeux-olympiques-de-la-jeunesse-a-lausanne-suisse\/","url":"https:\/\/www.leselfes.com\/fr\/jeux-olympiques-de-la-jeunesse-a-lausanne-suisse\/","name":"Jeux olympiques de la jeunesse \u00e0 Lausanne, Suisse - Les Elfes International Camps Switzerland","isPartOf":{"@id":"https:\/\/dev.leselfes.com\/#website"},"datePublished":"2019-09-24T16:50:48+00:00","dateModified":"2024-11-12T10:59:12+00:00","breadcrumb":{"@id":"https:\/\/www.leselfes.com\/fr\/jeux-olympiques-de-la-jeunesse-a-lausanne-suisse\/#breadcrumb"},"inLanguage":"fr-FR","potentialAction":[{"@type":"ReadAction","target":["https:\/\/www.leselfes.com\/fr\/jeux-olympiques-de-la-jeunesse-a-lausanne-suisse\/"]}]},{"@type":"BreadcrumbList","@id":"https:\/\/www.leselfes.com\/fr\/jeux-olympiques-de-la-jeunesse-a-lausanne-suisse\/#breadcrumb","itemListElement":[{"@type":"ListItem","position":1,"name":"Home","item":"https:\/\/www.leselfes.com\/fr\/"},{"@type":"ListItem","position":2,"name":"Jeux olympiques de la jeunesse \u00e0 Lausanne, Suisse"}]},{"@type":"WebSite","@id":"https:\/\/dev.leselfes.com\/#website","url":"https:\/\/dev.leselfes.com\/","name":"Les Elfes International","description":"Les Elfes International, Verbier Switzerland. Summer Camp, Winter Camp, Spring Camps.","publisher":{"@id":"https:\/\/dev.leselfes.com\/#organization"},"alternateName":"Les Elfes International","potentialAction":[{"@type":"SearchAction","target":{"@type":"EntryPoint","urlTemplate":"https:\/\/dev.leselfes.com\/?s={search_term_string}"},"query-input":{"@type":"PropertyValueSpecification","valueRequired":true,"valueName":"search_term_string"}}],"inLanguage":"fr-FR"},{"@type":"Organization","@id":"https:\/\/dev.leselfes.com\/#organization","name":"Les Elfes International","alternateName":"Les Elfes International","url":"https:\/\/dev.leselfes.com\/","logo":{"@type":"ImageObject","inLanguage":"fr-FR","@id":"https:\/\/dev.leselfes.com\/#\/schema\/logo\/image\/","url":"https:\/\/www.leselfes.com\/wp-content\/uploads\/2022\/03\/leselfes-logo.png","contentUrl":"https:\/\/www.leselfes.com\/wp-content\/uploads\/2022\/03\/leselfes-logo.png","width":233,"height":51,"caption":"Les Elfes International"},"image":{"@id":"https:\/\/dev.leselfes.com\/#\/schema\/logo\/image\/"},"sameAs":["https:\/\/www.facebook.com\/LesElfesVerbier","https:\/\/x.com\/LesElfesCamps","https:\/\/www.instagram.com\/leselfes","https:\/\/www.linkedin.com\/company\/les-elfes-international","https:\/\/www.youtube.com\/user\/LesElfesVerbier"]},{"@type":"Person","@id":"https:\/\/dev.leselfes.com\/#\/schema\/person\/9e8c1c68ef43ed5c58fa46ac5d8ee338","name":"carlotta","image":{"@type":"ImageObject","inLanguage":"fr-FR","@id":"https:\/\/dev.leselfes.com\/#\/schema\/person\/image\/","url":"https:\/\/secure.gravatar.com\/avatar\/fdb243a028df450397b3632d862f87f6?s=96&d=mm&r=g","contentUrl":"https:\/\/secure.gravatar.com\/avatar\/fdb243a028df450397b3632d862f87f6?s=96&d=mm&r=g","caption":"carlotta"},"description":"Since 1987, Les Elfes International organizes ski trips &amp; field trips for leading schools around the world as well as winter &amp; summer camps for individual students aged between 6 y.o. and 17 y.o. from more than 60 nationalities. Welcoming 5'000 children and more than 200 schools a year from December until the end of October, Les Elfes has become a leading provider in the individual and school\u2019s trip industry. Our Winter and Summer Camps, ski and field trips provide more than just great activities and experiences. We introduce lifelong skills such as communicating with others without phone or laptop and understanding the value of living in a community away from home. Moreover, campers will be able to build a strong friend network and fortify the relationship among future classmates.","sameAs":["https:\/\/www.linkedin.com\/company\/les-elfes-international\/"],"url":"https:\/\/www.leselfes.com\/fr\/author\/carlotta\/"}]}},"_links":{"self":[{"href":"https:\/\/www.leselfes.com\/fr\/wp-json\/wp\/v2\/posts\/91494"}],"collection":[{"href":"https:\/\/www.leselfes.com\/fr\/wp-json\/wp\/v2\/posts"}],"about":[{"href":"https:\/\/www.leselfes.com\/fr\/wp-json\/wp\/v2\/types\/post"}],"author":[{"embeddable":true,"href":"https:\/\/www.leselfes.com\/fr\/wp-json\/wp\/v2\/users\/6"}],"replies":[{"embeddable":true,"href":"https:\/\/www.leselfes.com\/fr\/wp-json\/wp\/v2\/comments?post=91494"}],"version-history":[{"count":0,"href":"https:\/\/www.leselfes.com\/fr\/wp-json\/wp\/v2\/posts\/91494\/revisions"}],"wp:attachment":[{"href":"https:\/\/www.leselfes.com\/fr\/wp-json\/wp\/v2\/media?parent=91494"}],"wp:term":[{"taxonomy":"category","embeddable":true,"href":"https:\/\/www.leselfes.com\/fr\/wp-json\/wp\/v2\/categories?post=91494"},{"taxonomy":"post_tag","embeddable":true,"href":"https:\/\/www.leselfes.com\/fr\/wp-json\/wp\/v2\/tags?post=91494"}],"curies":[{"name":"wp","href":"https:\/\/api.w.org\/{rel}","templated":true}]}}