{"id":91651,"date":"2019-06-27T20:11:30","date_gmt":"2019-06-27T18:11:30","guid":{"rendered":"https:\/\/www.leselfes.com\/les-avantages-dun-camp-de-vacances-europeen-pour-votre-enfant\/"},"modified":"2024-11-12T12:02:00","modified_gmt":"2024-11-12T11:02:00","slug":"les-avantages-dun-camp-de-vacances-europeen-pour-votre-enfant","status":"publish","type":"post","link":"https:\/\/www.leselfes.com\/fr\/les-avantages-dun-camp-de-vacances-europeen-pour-votre-enfant\/","title":{"rendered":"Les avantages d&rsquo;un camp de vacances europ\u00e9en pour votre enfant"},"content":{"rendered":"\n<figure><img loading=\"lazy\" decoding=\"async\" src=\"https:\/\/www.leselfes.com\/wp-content\/uploads\/2021\/06\/Summer-Camp-For-Child.jpg\" alt=\"Camp d'&#xE9;t&#xE9; pour enfants\" width=\"1024\" height=\"768\"\/><\/figure>\n\n<p>Selon Peter <a href=\"https:\/\/www.search-institute.org\/about-us\/staff\/peter-scales\/\">Scales<\/a>, auteur, \u00e9ducateur et psychologue reconnu, les colonies de vacances constituent l&rsquo;environnement id\u00e9al pour que vos enfants rencontrent et assouvissent leur d\u00e9sir d&rsquo;expression cr\u00e9ative, d&rsquo;activit\u00e9 physique et d&rsquo;engagement au sein d&rsquo;un environnement communautaire ; ce que, selon Peter, de nombreuses \u00e9coles n&rsquo;ont pas r\u00e9ussi \u00e0 faire.  <\/p>\n\n<p>Si vous \u00eates parent, vous souhaitez que votre enfant s&rsquo;\u00e9panouisse dans des domaines qui le passionnent.\nDans le monde d&rsquo;aujourd&rsquo;hui, o\u00f9 tout va tr\u00e8s vite, vos enfants doivent apprendre et ma\u00eetriser diverses comp\u00e9tences pour r\u00e9ussir.\nIl s&rsquo;agit notamment de l&rsquo;estime de soi et de la r\u00e9silience, de l&rsquo;autonomie et de la capacit\u00e9 \u00e0 r\u00e9soudre des probl\u00e8mes, ainsi que des comp\u00e9tences en mati\u00e8re de leadership.\nLes colonies de vacances offrent un environnement id\u00e9al et serein pour d\u00e9velopper ces comp\u00e9tences, loin des tracas et de l&rsquo;agitation de la ville.   <\/p>\n\n<h2 class=\"wp-block-heading\">Que font les organisateurs de camps pour optimiser l&rsquo;exp\u00e9rience du camp ?<\/h2>\n\n<p>Compte tenu de la popularit\u00e9 r\u00e9cente des colonies de vacances pour jeunes enfants, les organisateurs ont \u00e9cout\u00e9 ce que les responsables du d\u00e9veloppement de l&rsquo;enfant ont soulign\u00e9 concernant les besoins des enfants.\nC&rsquo;est pourquoi ils sont soucieux d&rsquo;adopter les meilleures mesures pour que les enfants profitent au maximum de leur <a href=\"\">camp de vacances europ\u00e9en<\/a>.   <\/p>\n\n<p>Un groupe d&rsquo;enfants r\u00e9sidant dans un environnement naturel et participant \u00e0 des activit\u00e9s li\u00e9es au camp sont quelques-uns des meilleurs instruments utilis\u00e9s par les organisateurs pour rendre les camps sains, prosp\u00e8res et constituent l&rsquo;environnement id\u00e9al pour s&rsquo;amuser et se d\u00e9tendre.  <\/p>\n\n<p>Dans un environnement aussi bien organis\u00e9, les enfants sont en contact avec des mod\u00e8les significatifs qui sont pr\u00eats \u00e0 parler et \u00e0 offrir une oreille attentive, ainsi qu&rsquo;avec des professionnels qui les aident \u00e0 r\u00e9fl\u00e9chir et \u00e0 se d\u00e9tendre.\nSi vous h\u00e9sitez \u00e0 laisser vos enfants partir en camp de vacances en Suisse, peut-\u00eatre que les avantages suivants vous convaincront de les laisser partir. <\/p>\n\n<h2 class=\"wp-block-heading\">La s\u00e9paration d&rsquo;avec les parents influence la croissance<\/h2>\n\n<p>Les colonies de vacances europ\u00e9ennes peuvent \u00eatre de courte dur\u00e9e, mais elles peuvent avoir un impact consid\u00e9rable sur la croissance de l&rsquo;enfant.\nSouvent, ils marquent le d\u00e9but des voyages de votre enfant sans vous et, s&rsquo;ils permettent \u00e0 l&rsquo;enfant d&rsquo;\u00e9voluer \u00e0 diff\u00e9rents niveaux, ils vous donnent \u00e9galement l&rsquo;occasion de vous rendre compte de sa croissance.\nN&rsquo;oubliez pas que les enfants se d\u00e9veloppent en permanence et que vous le remarquerez \u00e0 peine, surtout lorsque vous \u00eates avec eux au quotidien.  <\/p>\n\n<p>Donnez-leur un peu de temps libre pour participer \u00e0 l&rsquo;une des meilleures colonies de vacances d&rsquo;Europe et vous remarquerez certainement un changement significatif.\nLes campeurs r\u00e9guliers ne seront pas seulement en forme, ils seront aussi plus heureux et plus exub\u00e9rants, gr\u00e2ce \u00e0 une exposition suffisante au soleil et \u00e0 l&rsquo;air frais.\nEn participant \u00e0 une colonie de vacances, votre enfant s&rsquo;\u00e9panouira sur le plan physique, \u00e9motionnel et social.    <\/p>\n\n<h2 class=\"wp-block-heading\">Ils ma\u00eetrisent l&rsquo;ind\u00e9pendance<\/h2>\n\n<p>Si vous souhaitez apprendre \u00e0 vos enfants \u00e0 ex\u00e9cuter des t\u00e2ches par eux-m\u00eames, la colonie de vacances est l&rsquo;occasion id\u00e9ale de le faire.\nN&rsquo;oubliez pas que vous ne les accompagnerez pas en colonie de vacances.\nNon seulement vous n&rsquo;aurez pas \u00e0 faire les choses \u00e0 leur place, mais ils n&rsquo;auront pas d&rsquo;autre choix que de faire ce qu&rsquo;il y a \u00e0 faire.  <\/p>\n\n<p>En outre, ils devront se souvenir de tout ce que vous leur rappelleriez autrement, comme se brosser les dents, faire leur lit, prendre une douche et m\u00eame prendre des d\u00e9cisions alimentaires saines, faute de quoi ils risquent d&rsquo;\u00eatre punis par leurs chefs de groupe.<\/p>\n\n<p>L&rsquo;avantage des colonies de vacances europ\u00e9ennes est qu&rsquo;elles constituent une occasion id\u00e9ale pour les enfants vuln\u00e9rables de ma\u00eetriser l&rsquo;art de se d\u00e9brouiller seuls lorsqu&rsquo;ils sont loin de leurs proches.\nUne fois le camp termin\u00e9, vous verrez que vos enfants sont capables d&rsquo;ex\u00e9cuter des t\u00e2ches sans qu&rsquo;on leur rappelle.   <\/p>\n\n<h2 class=\"wp-block-heading\">Les camps de vacances renforcent la d\u00e9termination<\/h2>\n\n<p>Les enfants sont encourag\u00e9s \u00e0 donner le meilleur d&rsquo;eux-m\u00eames dans les activit\u00e9s d&rsquo;acquisition de comp\u00e9tences pendant le camp.\nEn outre, ils ressentent le besoin de surpasser leurs camarades, ce qui renforce leur d\u00e9termination \u00e0 r\u00e9ussir. <\/p>\n\n<p>L&rsquo;environnement du camp est propice aux activit\u00e9s d&rsquo;apprentissage et, gr\u00e2ce \u00e0 des mod\u00e8les solides, vos enfants seront inspir\u00e9s pour continuer \u00e0 apprendre et \u00e0 am\u00e9liorer leurs comp\u00e9tences.\nIl convient de noter qu&rsquo;il n&rsquo;y a pas de courbe de fin lorsqu&rsquo;il s&rsquo;agit d&rsquo;apprendre dans les camps.\nLes chefs d&rsquo;\u00e9quipe seront heureux d&rsquo;encourager les enfants au fur et \u00e0 mesure qu&rsquo;ils apprennent et perfectionnent leurs comp\u00e9tences.    <\/p>\n\n<h2 class=\"wp-block-heading\">Ils disposent d&rsquo;un espace et d&rsquo;un temps suffisants pour mettre en \u0153uvre de nouvelles comp\u00e9tences<\/h2>\n\n<p>\u00c0 la maison, vos enfants doivent s&rsquo;occuper de nombreuses choses, comme les t\u00e2ches m\u00e9nag\u00e8res et les devoirs.\nCes t\u00e2ches peuvent les priver du temps dont ils ont besoin pour essayer de nouvelles choses.\nLorsque vos enfants participent \u00e0 des colonies de vacances internationales en Europe, ils sont non seulement confront\u00e9s \u00e0 des d\u00e9fis, mais ils d\u00e9couvrent \u00e9galement une culture s\u00fbre o\u00f9 ils peuvent prendre des risques.  <\/p>\n\n<p>Le fait que les animateurs soient l\u00e0 pour leur apporter le soutien dont ils ont besoin suffit \u00e0 motiver les enfants \u00e0 prendre des risques.\nM\u00eame l&rsquo;enfant le plus r\u00e9serv\u00e9 sera inspir\u00e9 pour essayer des activit\u00e9s nouvelles et aventureuses telles que la tyrolienne ou m\u00eame l&rsquo;art oratoire.\nLa participation au camp poussera l&rsquo;enfant le plus r\u00e9serv\u00e9 \u00e0 se lever et \u00e0 se d\u00e9fendre en cas de conflit.    <\/p>\n\n<h2 class=\"wp-block-heading\">Ils acqui\u00e8rent des comp\u00e9tences sociales<\/h2>\n\n<p>Les <a href=\"https:\/\/www.skillsyouneed.com\/ips\/social-skills.html\">comp\u00e9tences sociales<\/a> ne sont pas seulement essentielles pour vos enfants, elles le sont pour tout le monde. Avec d&rsquo;excellentes comp\u00e9tences sociales, vos enfants seront capables de communiquer, d&rsquo;interagir et de travailler ensemble avec les autres sans trop de difficult\u00e9s. <\/p>\n\n<p>Si certaines des meilleures colonies de vacances du monde proposent une grande vari\u00e9t\u00e9 d&rsquo;activit\u00e9s \u00e0 vos enfants, elles offrent \u00e9galement une communaut\u00e9 o\u00f9 vos enfants peuvent se joindre et montrer leurs talents.\nCette communaut\u00e9 se compose des moniteurs, des conseillers, des autres campeurs et m\u00eame des organisateurs de la colonie.\nCes personnes poss\u00e8dent l&rsquo;expertise n\u00e9cessaire pour inculquer \u00e0 votre enfant les comp\u00e9tences sociales dont il a besoin pour s&rsquo;entendre avec les autres campeurs et ma\u00eetriser l&rsquo;art de collaborer pour accomplir des t\u00e2ches avec des enfants issus d&rsquo;un milieu diff\u00e9rent.  <\/p>\n\n<p>Par exemple, vos enfants participeront \u00e0 des t\u00e2ches communes o\u00f9 ils devront se coordonner pour gagner une comp\u00e9tition, garder leur environnement propre ou s&rsquo;aider mutuellement \u00e0 acqu\u00e9rir de nouvelles comp\u00e9tences.\nUne colonie de vacances europ\u00e9enne parfaite renforcera les <a href=\"\">capacit\u00e9s de<\/a> coop\u00e9ration et de <a href=\"\">leadership de<\/a> vos enfants.   <\/p>\n\n<h2 class=\"wp-block-heading\">Ils font une pause dans la technologie<\/h2>\n\n<p>Dans le monde num\u00e9rique d&rsquo;aujourd&rsquo;hui, o\u00f9 presque tout le monde, y compris les enfants, est technophile, de nombreux parents ont du mal \u00e0 tenir leurs enfants \u00e9loign\u00e9s de la t\u00e9l\u00e9vision, de leurs tablettes ou de leurs t\u00e9l\u00e9phones.\nDe nombreux parents s&rsquo;accordent \u00e0 dire qu&rsquo;il est tr\u00e8s difficile d&#8217;emp\u00eacher les enfants d&rsquo;utiliser ces appareils \u00e9lectroniques et l&rsquo;internet. <\/p>\n\n<p>De nombreux camps de vacances europ\u00e9ens interdisent l&rsquo;utilisation d&rsquo;appareils \u00e9lectroniques et, m\u00eame si les enfants doivent emporter leur iPod ou leur tablette, les organisateurs les gardent en lieu s\u00fbr jusqu&rsquo;\u00e0 la fin du camp.\nIls ont ainsi suffisamment de temps pour s&rsquo;adonner \u00e0 des activit\u00e9s int\u00e9ressantes.\nFaire une pause avec la technologie et l&rsquo;\u00e9lectronique permet \u00e0 vos enfants de faire de nouvelles d\u00e9couvertes, de se concentrer sur leurs loisirs et d&rsquo;appr\u00e9cier davantage leur environnement.  <\/p>\n\n<h2 class=\"wp-block-heading\">Ils se d\u00e9couvrent eux-m\u00eames<\/h2>\n\n<p>Les camps de vacances exposent les enfants \u00e0 des exp\u00e9riences de groupe qui leur permettent d&rsquo;apprendre des informations essentielles sur eux-m\u00eames.\nLa participation \u00e0 des activit\u00e9s de groupe pendant les camps d\u00e9veloppe l&rsquo;estime de soi, renforce l&rsquo;autonomie, favorise l&rsquo;autodiscipline et aide les enfants \u00e0 devenir plus productifs.\nCes comp\u00e9tences jouent un r\u00f4le majeur dans la pr\u00e9paration des enfants \u00e0 une vie adulte prosp\u00e8re.    <\/p>\n\n<h2 class=\"wp-block-heading\">Votre enfant deviendra plus reconnaissant<\/h2>\n\n<p>Lorsqu&rsquo;ils sont \u00e0 la maison, les enfants ont tout \u00e0 leur disposition, \u00e0 tel point qu&rsquo;ils les consid\u00e8rent comme acquis.\nCe n&rsquo;est que lorsqu&rsquo;ils partent en camp de vacances europ\u00e9en qu&rsquo;ils apprennent \u00e0 \u00eatre reconnaissants pour leurs : grandes salles de bain, lit chaud, gadgets, snacks et nourriture suffisante. <\/p>\n\n<p>Passer quelques jours en colonie de vacances peut \u00eatre tout ce dont votre enfant a besoin pour \u00eatre reconnaissant des petites choses que la vie lui offre.\nDe plus, votre enfant apprendra \u00e0 vous appr\u00e9cier.\nSouvent, les enfants consid\u00e8rent leurs parents comme acquis.\nCependant, les enfants qui ont particip\u00e9 \u00e0 un camp de vacances apprennent \u00e0 \u00eatre reconnaissants de l&rsquo;effort que leurs parents font pour s&rsquo;assurer qu&rsquo;ils sont satisfaits.     <\/p>\n\n<h2 class=\"wp-block-heading\">Ils nouent de nouvelles amiti\u00e9s<\/h2>\n\n<p>Votre enfant est-il trop r\u00e9serv\u00e9 ?\nVous inqui\u00e9tez-vous constamment de son incapacit\u00e9 \u00e0 se faire de nouveaux amis ?\nSi la r\u00e9ponse \u00e0 ces questions est oui, peut-\u00eatre devez-vous l&rsquo;exposer \u00e0 une activit\u00e9 qui le sorte de sa zone de confort.\nL&rsquo;une des meilleures fa\u00e7ons d&rsquo;aider votre enfant \u00e0 se faire de nouveaux amis est de l&rsquo;envoyer dans une colonie de vacances europ\u00e9enne.   <\/p>\n\n<p>Bien s\u00fbr, il ne sera pas facile pour eux d&rsquo;accepter de participer \u00e0 une colonie de vacances o\u00f9 ils n&rsquo;ont pas d&rsquo;amis.\nCependant, il aura l&rsquo;occasion d&rsquo;<a href=\"\">interagir avec d&rsquo;autres enfants<\/a> et de se faire facilement des amis.\nQue les amiti\u00e9s de la colonie soient \u00e9ph\u00e9m\u00e8res ou qu&rsquo;elles durent toute la vie, l&rsquo;exp\u00e9rience aide votre enfant \u00e0 se diversifier et \u00e0 ma\u00eetriser l&rsquo;art d&rsquo;entrer en contact avec des personnes d&rsquo;une race et d&rsquo;une culture diff\u00e9rentes.    <\/p>\n\n<h2 class=\"wp-block-heading\">Votre enfant apprendra \u00e0 prendre des d\u00e9cisions<\/h2>\n\n<p>Dans les colonies de vacances europ\u00e9ennes, vous ne serez pas pr\u00e8s de votre enfant et il n&rsquo;aura d&rsquo;autre choix que de prendre ses propres d\u00e9cisions.\nIl devra choisir ses repas, se demander s&rsquo;il doit dormir sur la couchette du bas ou du haut, choisir entre jouer au football, nager ou partir en randonn\u00e9e, et m\u00eame d\u00e9cider comment d\u00e9penser son argent de poche.\nBien entendu, les animateurs et les conseillers ne sont pas aussi autoritaires que les parents, et les enfants sont responsables de leurs propres choix.\nLes enfants seront responsables de leurs propres choix, ce qui les pr\u00e9parera \u00e0 l&rsquo;adolescence et \u00e0 l&rsquo;\u00e2ge adulte, o\u00f9 ils devront faire des choix \u00e9clair\u00e9s.     <\/p>\n\n<h2 class=\"wp-block-heading\">Enfin<\/h2>\n\n<p>Les colonies de vacances en Europe offrent \u00e0 votre enfant l&rsquo;occasion id\u00e9ale d&rsquo;interagir avec d&rsquo;autres enfants, de se faire de nouveaux amis et d&rsquo;\u00eatre expos\u00e9 \u00e0 diverses possibilit\u00e9s d&rsquo;apprentissage.\nDe plus, il sera motiv\u00e9 en regardant les autres campeurs faire les choses diff\u00e9remment.\nNon seulement votre enfant deviendra plus responsable, mais il apprendra \u00e9galement \u00e0 appr\u00e9cier ce que vous faites pour lui.    <\/p>\n","protected":false},"excerpt":{"rendered":"<p>Selon Peter Scales, auteur, \u00e9ducateur et psychologue reconnu, les colonies de vacances constituent l&rsquo;environnement id\u00e9al pour que vos enfants rencontrent et assouvissent leur d\u00e9sir d&rsquo;expression cr\u00e9ative, d&rsquo;activit\u00e9 physique et d&rsquo;engagement&#8230;<\/p>\n","protected":false},"author":6,"featured_media":0,"comment_status":"closed","ping_status":"open","sticky":false,"template":"","format":"standard","meta":{"_acf_changed":false,"inline_featured_image":false,"footnotes":""},"categories":[1356],"tags":[1416],"class_list":{"0":"post-91651","1":"post","2":"type-post","3":"status-publish","4":"format-standard","6":"category-articles-fr","7":"tag-camp-dete"},"acf":[],"yoast_head":"<!-- This site is optimized with the Yoast SEO Premium plugin v24.2 (Yoast SEO v24.7) - https:\/\/yoast.com\/wordpress\/plugins\/seo\/ -->\n<title>Les avantages d&#039;un camp de vacances europ\u00e9en pour votre enfant - Les Elfes International Camps Switzerland<\/title>\n<meta name=\"robots\" content=\"index, follow, max-snippet:-1, max-image-preview:large, max-video-preview:-1\" \/>\n<link rel=\"canonical\" href=\"https:\/\/www.leselfes.com\/fr\/les-avantages-dun-camp-de-vacances-europeen-pour-votre-enfant\/\" \/>\n<meta property=\"og:locale\" content=\"fr_FR\" \/>\n<meta property=\"og:type\" content=\"article\" \/>\n<meta property=\"og:title\" content=\"Les avantages d&#039;un camp de vacances europ\u00e9en pour votre enfant\" \/>\n<meta property=\"og:description\" content=\"Selon Peter Scales, auteur, \u00e9ducateur et psychologue reconnu, les colonies de vacances constituent l&rsquo;environnement id\u00e9al pour que vos enfants rencontrent et assouvissent leur d\u00e9sir d&rsquo;expression cr\u00e9ative, d&rsquo;activit\u00e9 physique et d&rsquo;engagement...\" \/>\n<meta property=\"og:url\" content=\"https:\/\/www.leselfes.com\/fr\/les-avantages-dun-camp-de-vacances-europeen-pour-votre-enfant\/\" \/>\n<meta property=\"og:site_name\" content=\"Les Elfes International Camps Switzerland\" \/>\n<meta property=\"article:publisher\" content=\"https:\/\/www.facebook.com\/LesElfesVerbier\" \/>\n<meta property=\"article:published_time\" content=\"2019-06-27T18:11:30+00:00\" \/>\n<meta property=\"article:modified_time\" content=\"2024-11-12T11:02:00+00:00\" \/>\n<meta property=\"og:image\" content=\"https:\/\/dev.leselfes.com\/wp-content\/uploads\/2021\/06\/Summer-Camp-For-Child.jpg\" \/>\n<meta name=\"author\" content=\"carlotta\" \/>\n<meta name=\"twitter:card\" content=\"summary_large_image\" \/>\n<meta name=\"twitter:creator\" content=\"@LesElfesCamps\" \/>\n<meta name=\"twitter:site\" content=\"@LesElfesCamps\" \/>\n<meta name=\"twitter:label1\" content=\"\u00c9crit par\" \/>\n\t<meta name=\"twitter:data1\" content=\"carlotta\" \/>\n\t<meta name=\"twitter:label2\" content=\"Dur\u00e9e de lecture estim\u00e9e\" \/>\n\t<meta name=\"twitter:data2\" content=\"9 minutes\" \/>\n<script type=\"application\/ld+json\" class=\"yoast-schema-graph\">{\"@context\":\"https:\/\/schema.org\",\"@graph\":[{\"@type\":\"Article\",\"@id\":\"https:\/\/www.leselfes.com\/fr\/les-avantages-dun-camp-de-vacances-europeen-pour-votre-enfant\/#article\",\"isPartOf\":{\"@id\":\"https:\/\/www.leselfes.com\/fr\/les-avantages-dun-camp-de-vacances-europeen-pour-votre-enfant\/\"},\"author\":{\"name\":\"carlotta\",\"@id\":\"https:\/\/dev.leselfes.com\/#\/schema\/person\/9e8c1c68ef43ed5c58fa46ac5d8ee338\"},\"headline\":\"Les avantages d&rsquo;un camp de vacances europ\u00e9en pour votre enfant\",\"datePublished\":\"2019-06-27T18:11:30+00:00\",\"dateModified\":\"2024-11-12T11:02:00+00:00\",\"mainEntityOfPage\":{\"@id\":\"https:\/\/www.leselfes.com\/fr\/les-avantages-dun-camp-de-vacances-europeen-pour-votre-enfant\/\"},\"wordCount\":1932,\"publisher\":{\"@id\":\"https:\/\/dev.leselfes.com\/#organization\"},\"image\":{\"@id\":\"https:\/\/www.leselfes.com\/fr\/les-avantages-dun-camp-de-vacances-europeen-pour-votre-enfant\/#primaryimage\"},\"thumbnailUrl\":\"https:\/\/www.leselfes.com\/wp-content\/uploads\/2021\/06\/Summer-Camp-For-Child.jpg\",\"keywords\":[\"camp d'\u00e9t\u00e9\"],\"articleSection\":[\"Articles\"],\"inLanguage\":\"fr-FR\"},{\"@type\":\"WebPage\",\"@id\":\"https:\/\/www.leselfes.com\/fr\/les-avantages-dun-camp-de-vacances-europeen-pour-votre-enfant\/\",\"url\":\"https:\/\/www.leselfes.com\/fr\/les-avantages-dun-camp-de-vacances-europeen-pour-votre-enfant\/\",\"name\":\"Les avantages d'un camp de vacances europ\u00e9en pour votre enfant - Les Elfes International Camps Switzerland\",\"isPartOf\":{\"@id\":\"https:\/\/dev.leselfes.com\/#website\"},\"primaryImageOfPage\":{\"@id\":\"https:\/\/www.leselfes.com\/fr\/les-avantages-dun-camp-de-vacances-europeen-pour-votre-enfant\/#primaryimage\"},\"image\":{\"@id\":\"https:\/\/www.leselfes.com\/fr\/les-avantages-dun-camp-de-vacances-europeen-pour-votre-enfant\/#primaryimage\"},\"thumbnailUrl\":\"https:\/\/www.leselfes.com\/wp-content\/uploads\/2021\/06\/Summer-Camp-For-Child.jpg\",\"datePublished\":\"2019-06-27T18:11:30+00:00\",\"dateModified\":\"2024-11-12T11:02:00+00:00\",\"breadcrumb\":{\"@id\":\"https:\/\/www.leselfes.com\/fr\/les-avantages-dun-camp-de-vacances-europeen-pour-votre-enfant\/#breadcrumb\"},\"inLanguage\":\"fr-FR\",\"potentialAction\":[{\"@type\":\"ReadAction\",\"target\":[\"https:\/\/www.leselfes.com\/fr\/les-avantages-dun-camp-de-vacances-europeen-pour-votre-enfant\/\"]}]},{\"@type\":\"ImageObject\",\"inLanguage\":\"fr-FR\",\"@id\":\"https:\/\/www.leselfes.com\/fr\/les-avantages-dun-camp-de-vacances-europeen-pour-votre-enfant\/#primaryimage\",\"url\":\"https:\/\/www.leselfes.com\/wp-content\/uploads\/2021\/06\/Summer-Camp-For-Child.jpg\",\"contentUrl\":\"https:\/\/www.leselfes.com\/wp-content\/uploads\/2021\/06\/Summer-Camp-For-Child.jpg\"},{\"@type\":\"BreadcrumbList\",\"@id\":\"https:\/\/www.leselfes.com\/fr\/les-avantages-dun-camp-de-vacances-europeen-pour-votre-enfant\/#breadcrumb\",\"itemListElement\":[{\"@type\":\"ListItem\",\"position\":1,\"name\":\"Home\",\"item\":\"https:\/\/www.leselfes.com\/fr\/\"},{\"@type\":\"ListItem\",\"position\":2,\"name\":\"Les avantages d&#8217;un camp de vacances europ\u00e9en pour votre enfant\"}]},{\"@type\":\"WebSite\",\"@id\":\"https:\/\/dev.leselfes.com\/#website\",\"url\":\"https:\/\/dev.leselfes.com\/\",\"name\":\"Les Elfes International\",\"description\":\"Les Elfes International, Verbier Switzerland. Summer Camp, Winter Camp, Spring Camps.\",\"publisher\":{\"@id\":\"https:\/\/dev.leselfes.com\/#organization\"},\"alternateName\":\"Les Elfes International\",\"potentialAction\":[{\"@type\":\"SearchAction\",\"target\":{\"@type\":\"EntryPoint\",\"urlTemplate\":\"https:\/\/dev.leselfes.com\/?s={search_term_string}\"},\"query-input\":{\"@type\":\"PropertyValueSpecification\",\"valueRequired\":true,\"valueName\":\"search_term_string\"}}],\"inLanguage\":\"fr-FR\"},{\"@type\":\"Organization\",\"@id\":\"https:\/\/dev.leselfes.com\/#organization\",\"name\":\"Les Elfes International\",\"alternateName\":\"Les Elfes International\",\"url\":\"https:\/\/dev.leselfes.com\/\",\"logo\":{\"@type\":\"ImageObject\",\"inLanguage\":\"fr-FR\",\"@id\":\"https:\/\/dev.leselfes.com\/#\/schema\/logo\/image\/\",\"url\":\"https:\/\/www.leselfes.com\/wp-content\/uploads\/2022\/03\/leselfes-logo.png\",\"contentUrl\":\"https:\/\/www.leselfes.com\/wp-content\/uploads\/2022\/03\/leselfes-logo.png\",\"width\":233,\"height\":51,\"caption\":\"Les Elfes International\"},\"image\":{\"@id\":\"https:\/\/dev.leselfes.com\/#\/schema\/logo\/image\/\"},\"sameAs\":[\"https:\/\/www.facebook.com\/LesElfesVerbier\",\"https:\/\/x.com\/LesElfesCamps\",\"https:\/\/www.instagram.com\/leselfes\",\"https:\/\/www.linkedin.com\/company\/les-elfes-international\",\"https:\/\/www.youtube.com\/user\/LesElfesVerbier\"]},{\"@type\":\"Person\",\"@id\":\"https:\/\/dev.leselfes.com\/#\/schema\/person\/9e8c1c68ef43ed5c58fa46ac5d8ee338\",\"name\":\"carlotta\",\"image\":{\"@type\":\"ImageObject\",\"inLanguage\":\"fr-FR\",\"@id\":\"https:\/\/dev.leselfes.com\/#\/schema\/person\/image\/\",\"url\":\"https:\/\/secure.gravatar.com\/avatar\/fdb243a028df450397b3632d862f87f6?s=96&d=mm&r=g\",\"contentUrl\":\"https:\/\/secure.gravatar.com\/avatar\/fdb243a028df450397b3632d862f87f6?s=96&d=mm&r=g\",\"caption\":\"carlotta\"},\"description\":\"Since 1987, Les Elfes International organizes ski trips &amp; field trips for leading schools around the world as well as winter &amp; summer camps for individual students aged between 6 y.o. and 17 y.o. from more than 60 nationalities. Welcoming 5'000 children and more than 200 schools a year from December until the end of October, Les Elfes has become a leading provider in the individual and school\u2019s trip industry. Our Winter and Summer Camps, ski and field trips provide more than just great activities and experiences. We introduce lifelong skills such as communicating with others without phone or laptop and understanding the value of living in a community away from home. Moreover, campers will be able to build a strong friend network and fortify the relationship among future classmates.\",\"sameAs\":[\"https:\/\/www.linkedin.com\/company\/les-elfes-international\/\"],\"url\":\"https:\/\/www.leselfes.com\/fr\/author\/carlotta\/\"}]}<\/script>\n<!-- \/ Yoast SEO Premium plugin. -->","yoast_head_json":{"title":"Les avantages d'un camp de vacances europ\u00e9en pour votre enfant - Les Elfes International Camps Switzerland","robots":{"index":"index","follow":"follow","max-snippet":"max-snippet:-1","max-image-preview":"max-image-preview:large","max-video-preview":"max-video-preview:-1"},"canonical":"https:\/\/www.leselfes.com\/fr\/les-avantages-dun-camp-de-vacances-europeen-pour-votre-enfant\/","og_locale":"fr_FR","og_type":"article","og_title":"Les avantages d'un camp de vacances europ\u00e9en pour votre enfant","og_description":"Selon Peter Scales, auteur, \u00e9ducateur et psychologue reconnu, les colonies de vacances constituent l&rsquo;environnement id\u00e9al pour que vos enfants rencontrent et assouvissent leur d\u00e9sir d&rsquo;expression cr\u00e9ative, d&rsquo;activit\u00e9 physique et d&rsquo;engagement...","og_url":"https:\/\/www.leselfes.com\/fr\/les-avantages-dun-camp-de-vacances-europeen-pour-votre-enfant\/","og_site_name":"Les Elfes International Camps Switzerland","article_publisher":"https:\/\/www.facebook.com\/LesElfesVerbier","article_published_time":"2019-06-27T18:11:30+00:00","article_modified_time":"2024-11-12T11:02:00+00:00","og_image":[{"url":"https:\/\/dev.leselfes.com\/wp-content\/uploads\/2021\/06\/Summer-Camp-For-Child.jpg","type":"","width":"","height":""}],"author":"carlotta","twitter_card":"summary_large_image","twitter_creator":"@LesElfesCamps","twitter_site":"@LesElfesCamps","twitter_misc":{"\u00c9crit par":"carlotta","Dur\u00e9e de lecture estim\u00e9e":"9 minutes"},"schema":{"@context":"https:\/\/schema.org","@graph":[{"@type":"Article","@id":"https:\/\/www.leselfes.com\/fr\/les-avantages-dun-camp-de-vacances-europeen-pour-votre-enfant\/#article","isPartOf":{"@id":"https:\/\/www.leselfes.com\/fr\/les-avantages-dun-camp-de-vacances-europeen-pour-votre-enfant\/"},"author":{"name":"carlotta","@id":"https:\/\/dev.leselfes.com\/#\/schema\/person\/9e8c1c68ef43ed5c58fa46ac5d8ee338"},"headline":"Les avantages d&rsquo;un camp de vacances europ\u00e9en pour votre enfant","datePublished":"2019-06-27T18:11:30+00:00","dateModified":"2024-11-12T11:02:00+00:00","mainEntityOfPage":{"@id":"https:\/\/www.leselfes.com\/fr\/les-avantages-dun-camp-de-vacances-europeen-pour-votre-enfant\/"},"wordCount":1932,"publisher":{"@id":"https:\/\/dev.leselfes.com\/#organization"},"image":{"@id":"https:\/\/www.leselfes.com\/fr\/les-avantages-dun-camp-de-vacances-europeen-pour-votre-enfant\/#primaryimage"},"thumbnailUrl":"https:\/\/www.leselfes.com\/wp-content\/uploads\/2021\/06\/Summer-Camp-For-Child.jpg","keywords":["camp d'\u00e9t\u00e9"],"articleSection":["Articles"],"inLanguage":"fr-FR"},{"@type":"WebPage","@id":"https:\/\/www.leselfes.com\/fr\/les-avantages-dun-camp-de-vacances-europeen-pour-votre-enfant\/","url":"https:\/\/www.leselfes.com\/fr\/les-avantages-dun-camp-de-vacances-europeen-pour-votre-enfant\/","name":"Les avantages d'un camp de vacances europ\u00e9en pour votre enfant - Les Elfes International Camps Switzerland","isPartOf":{"@id":"https:\/\/dev.leselfes.com\/#website"},"primaryImageOfPage":{"@id":"https:\/\/www.leselfes.com\/fr\/les-avantages-dun-camp-de-vacances-europeen-pour-votre-enfant\/#primaryimage"},"image":{"@id":"https:\/\/www.leselfes.com\/fr\/les-avantages-dun-camp-de-vacances-europeen-pour-votre-enfant\/#primaryimage"},"thumbnailUrl":"https:\/\/www.leselfes.com\/wp-content\/uploads\/2021\/06\/Summer-Camp-For-Child.jpg","datePublished":"2019-06-27T18:11:30+00:00","dateModified":"2024-11-12T11:02:00+00:00","breadcrumb":{"@id":"https:\/\/www.leselfes.com\/fr\/les-avantages-dun-camp-de-vacances-europeen-pour-votre-enfant\/#breadcrumb"},"inLanguage":"fr-FR","potentialAction":[{"@type":"ReadAction","target":["https:\/\/www.leselfes.com\/fr\/les-avantages-dun-camp-de-vacances-europeen-pour-votre-enfant\/"]}]},{"@type":"ImageObject","inLanguage":"fr-FR","@id":"https:\/\/www.leselfes.com\/fr\/les-avantages-dun-camp-de-vacances-europeen-pour-votre-enfant\/#primaryimage","url":"https:\/\/www.leselfes.com\/wp-content\/uploads\/2021\/06\/Summer-Camp-For-Child.jpg","contentUrl":"https:\/\/www.leselfes.com\/wp-content\/uploads\/2021\/06\/Summer-Camp-For-Child.jpg"},{"@type":"BreadcrumbList","@id":"https:\/\/www.leselfes.com\/fr\/les-avantages-dun-camp-de-vacances-europeen-pour-votre-enfant\/#breadcrumb","itemListElement":[{"@type":"ListItem","position":1,"name":"Home","item":"https:\/\/www.leselfes.com\/fr\/"},{"@type":"ListItem","position":2,"name":"Les avantages d&#8217;un camp de vacances europ\u00e9en pour votre enfant"}]},{"@type":"WebSite","@id":"https:\/\/dev.leselfes.com\/#website","url":"https:\/\/dev.leselfes.com\/","name":"Les Elfes International","description":"Les Elfes International, Verbier Switzerland. Summer Camp, Winter Camp, Spring Camps.","publisher":{"@id":"https:\/\/dev.leselfes.com\/#organization"},"alternateName":"Les Elfes International","potentialAction":[{"@type":"SearchAction","target":{"@type":"EntryPoint","urlTemplate":"https:\/\/dev.leselfes.com\/?s={search_term_string}"},"query-input":{"@type":"PropertyValueSpecification","valueRequired":true,"valueName":"search_term_string"}}],"inLanguage":"fr-FR"},{"@type":"Organization","@id":"https:\/\/dev.leselfes.com\/#organization","name":"Les Elfes International","alternateName":"Les Elfes International","url":"https:\/\/dev.leselfes.com\/","logo":{"@type":"ImageObject","inLanguage":"fr-FR","@id":"https:\/\/dev.leselfes.com\/#\/schema\/logo\/image\/","url":"https:\/\/www.leselfes.com\/wp-content\/uploads\/2022\/03\/leselfes-logo.png","contentUrl":"https:\/\/www.leselfes.com\/wp-content\/uploads\/2022\/03\/leselfes-logo.png","width":233,"height":51,"caption":"Les Elfes International"},"image":{"@id":"https:\/\/dev.leselfes.com\/#\/schema\/logo\/image\/"},"sameAs":["https:\/\/www.facebook.com\/LesElfesVerbier","https:\/\/x.com\/LesElfesCamps","https:\/\/www.instagram.com\/leselfes","https:\/\/www.linkedin.com\/company\/les-elfes-international","https:\/\/www.youtube.com\/user\/LesElfesVerbier"]},{"@type":"Person","@id":"https:\/\/dev.leselfes.com\/#\/schema\/person\/9e8c1c68ef43ed5c58fa46ac5d8ee338","name":"carlotta","image":{"@type":"ImageObject","inLanguage":"fr-FR","@id":"https:\/\/dev.leselfes.com\/#\/schema\/person\/image\/","url":"https:\/\/secure.gravatar.com\/avatar\/fdb243a028df450397b3632d862f87f6?s=96&d=mm&r=g","contentUrl":"https:\/\/secure.gravatar.com\/avatar\/fdb243a028df450397b3632d862f87f6?s=96&d=mm&r=g","caption":"carlotta"},"description":"Since 1987, Les Elfes International organizes ski trips &amp; field trips for leading schools around the world as well as winter &amp; summer camps for individual students aged between 6 y.o. and 17 y.o. from more than 60 nationalities. Welcoming 5'000 children and more than 200 schools a year from December until the end of October, Les Elfes has become a leading provider in the individual and school\u2019s trip industry. Our Winter and Summer Camps, ski and field trips provide more than just great activities and experiences. We introduce lifelong skills such as communicating with others without phone or laptop and understanding the value of living in a community away from home. Moreover, campers will be able to build a strong friend network and fortify the relationship among future classmates.","sameAs":["https:\/\/www.linkedin.com\/company\/les-elfes-international\/"],"url":"https:\/\/www.leselfes.com\/fr\/author\/carlotta\/"}]}},"_links":{"self":[{"href":"https:\/\/www.leselfes.com\/fr\/wp-json\/wp\/v2\/posts\/91651"}],"collection":[{"href":"https:\/\/www.leselfes.com\/fr\/wp-json\/wp\/v2\/posts"}],"about":[{"href":"https:\/\/www.leselfes.com\/fr\/wp-json\/wp\/v2\/types\/post"}],"author":[{"embeddable":true,"href":"https:\/\/www.leselfes.com\/fr\/wp-json\/wp\/v2\/users\/6"}],"replies":[{"embeddable":true,"href":"https:\/\/www.leselfes.com\/fr\/wp-json\/wp\/v2\/comments?post=91651"}],"version-history":[{"count":0,"href":"https:\/\/www.leselfes.com\/fr\/wp-json\/wp\/v2\/posts\/91651\/revisions"}],"wp:attachment":[{"href":"https:\/\/www.leselfes.com\/fr\/wp-json\/wp\/v2\/media?parent=91651"}],"wp:term":[{"taxonomy":"category","embeddable":true,"href":"https:\/\/www.leselfes.com\/fr\/wp-json\/wp\/v2\/categories?post=91651"},{"taxonomy":"post_tag","embeddable":true,"href":"https:\/\/www.leselfes.com\/fr\/wp-json\/wp\/v2\/tags?post=91651"}],"curies":[{"name":"wp","href":"https:\/\/api.w.org\/{rel}","templated":true}]}}