{"id":91687,"date":"2025-02-24T16:07:10","date_gmt":"2025-02-24T15:07:10","guid":{"rendered":"https:\/\/www.leselfes.com\/les-10-meilleures-raisons-denvoyer-vos-enfants-en-camp-de-vacances-en-suisse\/"},"modified":"2024-11-12T12:03:29","modified_gmt":"2024-11-12T11:03:29","slug":"les-10-meilleures-raisons-denvoyer-vos-enfants-en-camp-de-vacances-en-suisse","status":"publish","type":"post","link":"https:\/\/www.leselfes.com\/fr\/les-10-meilleures-raisons-denvoyer-vos-enfants-en-camp-de-vacances-en-suisse\/","title":{"rendered":"Les 10 meilleures raisons d&rsquo;envoyer vos enfants en camp de vacances en Suisse"},"content":{"rendered":"\n<p>Des \u00e9tudes men\u00e9es par l&rsquo;American Camp Association sugg\u00e8rent que plus de 11 millions d&rsquo;adultes et d&rsquo;enfants participent \u00e0 des<a href=\"https:\/\/www.leselfes.com\/fr\/?page_id=89039\"> camps d&rsquo;\u00e9t\u00e9<\/a> rien qu&rsquo;aux \u00c9tats-Unis. Aujourd&rsquo;hui, le camping devient populaire et de nombreux parents envoient leurs enfants dans des camps d&rsquo;\u00e9t\u00e9 internationaux en Suisse. Pourtant, certains parents ne comprennent pas encore l&rsquo;engouement qu&rsquo;ils suscitent. Voici les 10 principales raisons d&rsquo;envoyer vos enfants en camp de vacances en Suisse.   <\/p>\n\n<h2 class=\"wp-block-heading\">1. Se faire des amis dans diff\u00e9rentes parties du monde<\/h2>\n\n<p>Les colonies de vacances bien organis\u00e9es exposent vos enfants \u00e0 des personnes diverses venant de diff\u00e9rentes parties du monde.\nN&rsquo;oubliez pas que de nombreux autres enfants participeront \u00e0 ces \u00e9v\u00e9nements et qu&rsquo;il y a de fortes chances que les enfants interagissent les uns avec les autres tout en s&rsquo;adonnant \u00e0 un large \u00e9ventail d&rsquo;activit\u00e9s.\nC&rsquo;est l&rsquo;occasion id\u00e9ale de nouer des liens, sans surveillance parentale ni m\u00eame distraction.  <\/p>\n\n<p>Ce type d&rsquo;amiti\u00e9 n&rsquo;est pas comparable aux amiti\u00e9s qu&rsquo;ils ont avec leurs coll\u00e8gues \u00e0 l&rsquo;\u00e9cole.\nM\u00eame si les campeurs ne se connaissent que pendant une courte p\u00e9riode, celle-ci peut \u00eatre le point culminant d&rsquo;une amiti\u00e9 qui durera toute la vie.\nD\u00e9velopper et entretenir ces amiti\u00e9s dans les colonies de vacances aide les enfants \u00e0 acqu\u00e9rir de nouvelles comp\u00e9tences sociales.  <\/p>\n\n<p>Vos enfants rentrent chez eux plus confiants, une comp\u00e9tence acquise qui leur sera bien s\u00fbr b\u00e9n\u00e9fique toute leur vie.\nLes camps de vacances internationaux en Suisse exposent vos enfants \u00e0 des personnes qu&rsquo;ils ne rencontrent pas souvent et les aident \u00e0 apprendre la diversit\u00e9 et l&rsquo;inclusion d&rsquo;une mani\u00e8re plus organique et naturelle. <\/p>\n\n<h2 class=\"wp-block-heading\">2. D\u00e9couvrez la Suisse et les r\u00e9gions voisines<\/h2>\n\n<p>Contrairement aux g\u00e9n\u00e9rations pr\u00e9c\u00e9dentes qui aimaient la nature, les enfants suisses passent plus de temps \u00e0 l&rsquo;ext\u00e9rieur.\nLes meilleurs camps de vacances en Suisse les aident \u00e0 se reconnecter avec la nature.\nVous ne pouvez pas ignorer l&rsquo;importance d&rsquo;un <a href=\"\">camp de vacances qui aide votre enfant<\/a> \u00e0 d\u00e9couvrir le monde dans le cadre s\u00e9curis\u00e9 d&rsquo;un groupe.  <\/p>\n\n<p>Vos enfants feront du trekking \u00e0 travers les for\u00eats ou de la randonn\u00e9e dans les Alpes et se baigneront dans les \u00e9tangs et les lacs \u00e0 couper le souffle de la Suisse.\nVos enfants s&rsquo;amuseront \u00e0 observer les montagnes enneig\u00e9es et seront \u00e9merveill\u00e9s par la faune et la flore exceptionnelles de la Suisse.\nSi vous avez emmen\u00e9 vos enfants en voyage d&rsquo;aventure, vous comprendrez \u00e0 quel point ils sont \u00e9merveill\u00e9s par des choses apparemment simples comme les li\u00e8vres, les \u00e9cureuils et m\u00eame les grenouilles.  <\/p>\n\n<p>Imaginez maintenant l&rsquo;exp\u00e9rience captivante qu&rsquo;ils vivront en voyant des chamois, des renards, des cerfs \u00e9laphes et des marmottes ?\nC&rsquo;est une exp\u00e9rience sans pr\u00e9c\u00e9dent.\nIl n&rsquo;y a rien de plus excitant que d&rsquo;entendre votre enfant raconter avec enthousiasme le genre d&rsquo;aventures qu&rsquo;il a v\u00e9cues pendant les camps internationaux.  <\/p>\n\n<h2 class=\"wp-block-heading\">3. Maintenir une bonne condition physique<\/h2>\n\n<p>Lorsque les enfants sont en pleine nature, ils ont plus d&rsquo;occasions de rester physiquement actifs.\nLa Suisse poss\u00e8de certains des cadres naturels et des paysages les plus \u00e9poustouflants qui occuperont vos enfants.\nIl existe de nombreuses activit\u00e9s amusantes et passionnantes auxquelles vos enfants peuvent participer pendant leur s\u00e9jour en Suisse, telles que le ski, le kayak, le cano\u00eb et m\u00eame le canyoning.  <\/p>\n\n<p>Vos enfants s&rsquo;amuseront davantage en faisant de l&rsquo;escalade ou de la randonn\u00e9e avec leurs nouveaux amis.\nIl y aura beaucoup \u00e0 apprendre, comme ramasser du bois de chauffage, apprendre \u00e0 allumer un feu et construire des tentes.\nCes activit\u00e9s raviveront l&rsquo;\u00e9nergie de vos enfants et ils reviendront \u00e0 la maison compl\u00e8tement renouvel\u00e9s avec des souvenirs pour toute la vie.  <\/p>\n\n<h2 class=\"wp-block-heading\">4. Relever de nouveaux d\u00e9fis et devenir plus ind\u00e9pendant<\/h2>\n\n<p>Lorsqu&rsquo;ils partiront en colonie de vacances, vous ne serez plus l\u00e0 pour les surveiller ou faire les choses \u00e0 leur place.\nBien qu&rsquo;ils soient encadr\u00e9s par leurs surveillants, ils devront \u00eatre plus autonomes et adopter une nouvelle approche de la vie.\nIls devront apprendre \u00e0 nettoyer leurs v\u00eatements, \u00e0 faire leur lit, \u00e0 se lever seuls et \u00e0 maintenir la propret\u00e9.  <\/p>\n\n<p>Bien s\u00fbr, ils devront respecter l&rsquo;horaire \u00e9tabli, mais cela n&rsquo;enl\u00e8ve rien au fait qu&rsquo;ils devront s&rsquo;occuper d&rsquo;eux-m\u00eames.\nLes enfants trop attach\u00e9s \u00e0 leurs parents pourront ainsi d\u00e9velopper leur sens de la croissance et de l&rsquo;ind\u00e9pendance, ce qui leur sera utile \u00e0 l&rsquo;avenir.\nLa Suisse offre un large \u00e9ventail d&rsquo;\u00e9v\u00e9nements pour les enfants de tous \u00e2ges et le fait d&rsquo;\u00eatre confront\u00e9 \u00e0 de nouveaux d\u00e9fis aidera les enfants \u00e0 adopter une nouvelle perspective de la vie.  <\/p>\n\n<h2 class=\"wp-block-heading\">5. Consolider ce qu&rsquo;ils ont appris \u00e0 l&rsquo;\u00e9cole<\/h2>\n\n<p>Pendant les longues vacances d&rsquo;\u00e9t\u00e9, les enfants risquent d&rsquo;oublier une grande partie de ce qu&rsquo;ils apprennent \u00e0 l&rsquo;\u00e9cole.\nCependant, des \u00e9tudes sugg\u00e8rent que les<a href=\"\"> activit\u00e9s d&rsquo;apprentissage en \u00e9t\u00e9 <\/a>peuvent \u00eatre b\u00e9n\u00e9fiques pour les \u00e9tudiants et qu&rsquo;ils sont plus susceptibles de se souvenir de ce qu&rsquo;ils ont appris pendant les camps d&rsquo;\u00e9t\u00e9 passionnants. <\/p>\n\n<p>De nombreux <a href=\"https:\/\/www.leselfes.com\/fr\/camp-dete-pour-adolescents\/\">camps de vacances<\/a> en Suisse sont li\u00e9s \u00e0 des programmes scolaires d&rsquo;\u00e9t\u00e9 dont les \u00e9ducateurs font partie. Par exemple, les enfants peuvent participer \u00e0 une s\u00e9rie d&rsquo;activit\u00e9s scolaires le matin, lorsqu&rsquo;ils ont l&rsquo;esprit frais. Ils ont ainsi l&rsquo;occasion de participer \u00e0 des activit\u00e9s scolaires pr\u00e9sent\u00e9es de mani\u00e8re ludique et passionnante.  <\/p>\n\n<p>Les enfants seront expos\u00e9s \u00e0 diverses activit\u00e9s d&rsquo;apprentissage telles que l&rsquo;architecture, la cuisine, le design, l&rsquo;apprentissage de nouvelles langues, le th\u00e9\u00e2tre musical, la photographie et m\u00eame la compr\u00e9hension de la robotique.\nCombiner l&rsquo;apprentissage et le plaisir renforce la motivation, la m\u00e9moire et la coop\u00e9ration avec les autres \u00e9l\u00e8ves.\nDe plus, vos enfants seront capables de faire le lien entre les applications du monde r\u00e9el et les connaissances qu&rsquo;ils acqui\u00e8rent en classe.  <\/p>\n\n<h2 class=\"wp-block-heading\">6. Se d\u00e9connecter de la technologie<\/h2>\n\n<p>Nous vivons dans un monde avanc\u00e9 o\u00f9 m\u00eame les enfants sont technophiles.\nAujourd&rsquo;hui, de nombreux enfants utilisent la technologie pour leurs activit\u00e9s scolaires et leurs loisirs.\nEn fait, de nombreux enfants participant au camp auront un iPad, une tablette, un ordinateur portable ou m\u00eame un smartphone.\nIl ne fait aucun doute que de nombreux enfants passent la plupart de leur temps libre \u00e0 jouer \u00e0 des jeux vid\u00e9o ou \u00e0 regarder la t\u00e9l\u00e9vision.   <\/p>\n\n<p>Bien s\u00fbr, la technologie est essentielle, mais passer un peu de temps sans elle ne fait pas de mal.\nConvaincre vos enfants de rester loin de la t\u00e9l\u00e9vision ou des jeux vid\u00e9o \u00e0 la maison peut s&rsquo;av\u00e9rer une t\u00e2che ardue.\nLorsqu&rsquo;ils partent en colonie de vacances, ils n&rsquo;ont qu&rsquo;un acc\u00e8s minimal, voire inexistant, aux gadgets \u00e9lectroniques, ce qui les maintient enti\u00e8rement occup\u00e9s \u00e0 d&rsquo;autres activit\u00e9s et leur permet de s&rsquo;\u00e9loigner du monde num\u00e9rique pour go\u00fbter aux joies du monde r\u00e9el.  <\/p>\n\n<p>En d\u00e9couvrant un monde \u00e9loign\u00e9 de leurs gadgets, vos enfants s&rsquo;habituent au fait que la vie ne se r\u00e9sume pas \u00e0 la t\u00e9l\u00e9vision et aux jeux vid\u00e9o.\nCela les encouragera \u00e0 s&rsquo;adonner \u00e0 des passe-temps plus concrets plut\u00f4t que de passer leur temps \u00e0 regarder des films ou \u00e0 jouer \u00e0 des jeux. <\/p>\n\n<h2 class=\"wp-block-heading\">7. Renforcer la confiance et l&rsquo;estime de soi<\/h2>\n\n<p>Les camps initient vos enfants \u00e0 de nouvelles activit\u00e9s et t\u00e2ches qui ne leur sont pas famili\u00e8res.\nLes participants aux camps sont encourag\u00e9s \u00e0 ex\u00e9cuter des t\u00e2ches qui sortent de leur zone de confort, et chacun est cens\u00e9 participer \u00e0 des activit\u00e9s passionnantes et aventureuses telles que des spectacles de talents.\nLorsque les enfants se trouvent dans un environnement de soutien de la part de leurs superviseurs et de leurs pairs, ils comprennent que l&rsquo;\u00e9chec n&rsquo;est pas un crime.  <\/p>\n\n<p>Chaque succ\u00e8s qu&rsquo;ils remportent renforce leur estime de soi et leur confiance.\nIls d\u00e9veloppent \u00e9galement une nouvelle forme de r\u00e9silience, d&rsquo;ind\u00e9pendance et d&rsquo;estime de soi qui se manifeste \u00e0 la fois pendant le camp, dans leurs interactions avec leurs fr\u00e8res et s\u0153urs \u00e0 la maison et \u00e0 l&rsquo;\u00e9cole.\nFinalement, vos enfants deviennent plus heureux et plus enclins \u00e0 accepter de nouveaux d\u00e9fis et des activit\u00e9s qu&rsquo;ils auraient eu peur d&rsquo;entreprendre auparavant.  <\/p>\n\n<h2 class=\"wp-block-heading\">8. D\u00e9velopper des comp\u00e9tences en mati\u00e8re de leadership<\/h2>\n\n<p>Les colonies de vacances offrent aux enfants diverses possibilit\u00e9s d&rsquo;acqu\u00e9rir des comp\u00e9tences en mati\u00e8re d&rsquo;encadrement.\nPendant les camps d&rsquo;\u00e9t\u00e9, les enfants sont class\u00e9s en groupes sociaux et chacun d&rsquo;entre eux est charg\u00e9 d&rsquo;accomplir des t\u00e2ches sp\u00e9cifiques.\nIls doivent trouver le temps d&rsquo;accomplir leurs t\u00e2ches \u00e0 temps pour l&rsquo;inspection, quelle que soit la mani\u00e8re dont ils s&rsquo;y prennent.\nC&rsquo;est pour cette raison que les campeurs d\u00e9pendent de la coop\u00e9ration des uns et des autres pour mener \u00e0 bien les activit\u00e9s.   <\/p>\n\n<p>Ils sont ainsi en mesure d&rsquo;acqu\u00e9rir toute une s\u00e9rie de qualit\u00e9s et de comp\u00e9tences qui font d&rsquo;eux d&rsquo;excellents leaders.\nPendant les camps d&rsquo;\u00e9t\u00e9 en Suisse, vos enfants auront de nombreuses occasions de prendre des initiatives.\nPar exemple, ils peuvent \u00eatre charg\u00e9s de s&rsquo;occuper de jeunes campeurs et de les aider \u00e0 accomplir des t\u00e2ches difficiles telles que comprendre une nouvelle langue, faire leur lit ou m\u00eame nettoyer leur chambre.  <\/p>\n\n<h2 class=\"wp-block-heading\">9. Am\u00e9liorer leur vision du monde<\/h2>\n\n<p>Les colonies de vacances en Suisse donnent aux enfants la possibilit\u00e9 de rencontrer et d&rsquo;interagir avec d&rsquo;autres enfants issus de cercles sociaux diff\u00e9rents.\nIls rencontrent des enfants qui parlent d&rsquo;autres langues et d&rsquo;autres enfants de race et de culture diff\u00e9rentes. <\/p>\n\n<p>Cela change leur fa\u00e7on de voir le monde et la vie en g\u00e9n\u00e9ral.\nDe telles interactions rendent vos enfants plus ouverts d&rsquo;esprit et les incitent \u00e0 vouloir <a href=\"\">d\u00e9couvrir d&rsquo;autres cultures <\/a>et \u00e0 mieux comprendre le monde. <\/p>\n\n<h2 class=\"wp-block-heading\">10. Le camp favorise la cr\u00e9ativit\u00e9<\/h2>\n\n<p>Aujourd&rsquo;hui, le monde change.\nLes enfants ex\u00e9cutent davantage d&rsquo;activit\u00e9s qui \u00e9taient autrefois r\u00e9serv\u00e9es aux \u00eatres humains.\nIls sont de plus en plus nombreux \u00e0 devenir cr\u00e9atifs et \u00e0 s&rsquo;engager dans des activit\u00e9s li\u00e9es \u00e0 la cr\u00e9ativit\u00e9, telles que le d\u00e9veloppement de jeux mobiles.  <\/p>\n\n<p>Pendant les camps de vacances en Suisse, vos enfants auront de nombreuses occasions d&rsquo;exercer leur cr\u00e9ativit\u00e9 sans craindre d&rsquo;\u00e9chouer ou d&rsquo;obtenir des notes inf\u00e9rieures \u00e0 la moyenne.\nLorsque vos enfants campent pendant l&rsquo;\u00e9t\u00e9, leurs capacit\u00e9s ne sont pas limit\u00e9es.\nIls peuvent s&rsquo;engager dans autant d&rsquo;activit\u00e9s cr\u00e9atives que possible par rapport \u00e0 ce qu&rsquo;ils peuvent faire \u00e0 l&rsquo;\u00e9cole.  <\/p>\n\n<h2 class=\"wp-block-heading\">Enfin<\/h2>\n\n<p>En tant que parent, lib\u00e9rer votre enfant pour qu&rsquo;il parte en camp d&rsquo;\u00e9t\u00e9 en Suisse peut \u00eatre une t\u00e2che ardue.\nCependant, il est bon de les laisser partir une semaine ou deux pour leur permettre de s&rsquo;adonner \u00e0 d&rsquo;autres activit\u00e9s loin du confort de leurs gadgets \u00e9lectroniques.\nLes colonies de vacances offrent aux enfants de nombreuses possibilit\u00e9s de d\u00e9couvrir de nouvelles activit\u00e9s, de devenir plus cr\u00e9atifs et de sortir de leur zone de confort pour exercer leurs comp\u00e9tences sans craindre l&rsquo;\u00e9chec.\nEn outre, le fait de laisser vos enfants partir en camp de vacances en Suisse leur permet d&rsquo;appr\u00e9cier leurs parents, leurs fr\u00e8res et s\u0153urs, leur maison et les choses qu&rsquo;ils consid\u00e8rent souvent comme acquises.   <\/p>\n","protected":false},"excerpt":{"rendered":"<p>Des \u00e9tudes men\u00e9es par l&rsquo;American Camp Association sugg\u00e8rent que plus de 11 millions d&rsquo;adultes et d&rsquo;enfants participent \u00e0 des camps d&rsquo;\u00e9t\u00e9 rien qu&rsquo;aux \u00c9tats-Unis. Aujourd&rsquo;hui, le camping devient populaire et&#8230;<\/p>\n","protected":false},"author":6,"featured_media":109318,"comment_status":"closed","ping_status":"open","sticky":false,"template":"","format":"standard","meta":{"_acf_changed":false,"inline_featured_image":false,"footnotes":""},"categories":[1356,1372],"tags":[],"class_list":{"0":"post-91687","1":"post","2":"type-post","3":"status-publish","4":"format-standard","5":"has-post-thumbnail","7":"category-articles-fr","8":"category-camp-dete"},"acf":[],"yoast_head":"<!-- This site is optimized with the Yoast SEO Premium plugin v24.2 (Yoast SEO v24.7) - https:\/\/yoast.com\/wordpress\/plugins\/seo\/ -->\n<title>Les 10 meilleures raisons d&#039;envoyer vos enfants en camp de vacances en Suisse - Les Elfes International Camps Switzerland<\/title>\n<meta name=\"robots\" content=\"index, follow, max-snippet:-1, max-image-preview:large, max-video-preview:-1\" \/>\n<link rel=\"canonical\" href=\"https:\/\/www.leselfes.com\/fr\/les-10-meilleures-raisons-denvoyer-vos-enfants-en-camp-de-vacances-en-suisse\/\" \/>\n<meta property=\"og:locale\" content=\"fr_FR\" \/>\n<meta property=\"og:type\" content=\"article\" \/>\n<meta property=\"og:title\" content=\"Les 10 meilleures raisons d&#039;envoyer vos enfants en camp de vacances en Suisse\" \/>\n<meta property=\"og:description\" content=\"Des \u00e9tudes men\u00e9es par l&rsquo;American Camp Association sugg\u00e8rent que plus de 11 millions d&rsquo;adultes et d&rsquo;enfants participent \u00e0 des camps d&rsquo;\u00e9t\u00e9 rien qu&rsquo;aux \u00c9tats-Unis. Aujourd&rsquo;hui, le camping devient populaire et...\" \/>\n<meta property=\"og:url\" content=\"https:\/\/www.leselfes.com\/fr\/les-10-meilleures-raisons-denvoyer-vos-enfants-en-camp-de-vacances-en-suisse\/\" \/>\n<meta property=\"og:site_name\" content=\"Les Elfes International Camps Switzerland\" \/>\n<meta property=\"article:publisher\" content=\"https:\/\/www.facebook.com\/LesElfesVerbier\" \/>\n<meta property=\"article:published_time\" content=\"2025-02-24T15:07:10+00:00\" \/>\n<meta property=\"og:image\" content=\"https:\/\/www.leselfes.com\/wp-content\/uploads\/2025\/02\/468A7567-min-scaled.jpg\" \/>\n\t<meta property=\"og:image:width\" content=\"2560\" \/>\n\t<meta property=\"og:image:height\" content=\"1707\" \/>\n\t<meta property=\"og:image:type\" content=\"image\/jpeg\" \/>\n<meta name=\"author\" content=\"carlotta\" \/>\n<meta name=\"twitter:card\" content=\"summary_large_image\" \/>\n<meta name=\"twitter:creator\" content=\"@LesElfesCamps\" \/>\n<meta name=\"twitter:site\" content=\"@LesElfesCamps\" \/>\n<meta name=\"twitter:label1\" content=\"\u00c9crit par\" \/>\n\t<meta name=\"twitter:data1\" content=\"carlotta\" \/>\n\t<meta name=\"twitter:label2\" content=\"Dur\u00e9e de lecture estim\u00e9e\" \/>\n\t<meta name=\"twitter:data2\" content=\"9 minutes\" \/>\n<script type=\"application\/ld+json\" class=\"yoast-schema-graph\">{\"@context\":\"https:\/\/schema.org\",\"@graph\":[{\"@type\":\"Article\",\"@id\":\"https:\/\/www.leselfes.com\/fr\/les-10-meilleures-raisons-denvoyer-vos-enfants-en-camp-de-vacances-en-suisse\/#article\",\"isPartOf\":{\"@id\":\"https:\/\/www.leselfes.com\/fr\/les-10-meilleures-raisons-denvoyer-vos-enfants-en-camp-de-vacances-en-suisse\/\"},\"author\":{\"name\":\"carlotta\",\"@id\":\"https:\/\/dev.leselfes.com\/#\/schema\/person\/9e8c1c68ef43ed5c58fa46ac5d8ee338\"},\"headline\":\"Les 10 meilleures raisons d&rsquo;envoyer vos enfants en camp de vacances en Suisse\",\"datePublished\":\"2025-02-24T15:07:10+00:00\",\"mainEntityOfPage\":{\"@id\":\"https:\/\/www.leselfes.com\/fr\/les-10-meilleures-raisons-denvoyer-vos-enfants-en-camp-de-vacances-en-suisse\/\"},\"wordCount\":1983,\"publisher\":{\"@id\":\"https:\/\/dev.leselfes.com\/#organization\"},\"image\":{\"@id\":\"https:\/\/www.leselfes.com\/fr\/les-10-meilleures-raisons-denvoyer-vos-enfants-en-camp-de-vacances-en-suisse\/#primaryimage\"},\"thumbnailUrl\":\"https:\/\/www.leselfes.com\/wp-content\/uploads\/2025\/02\/468A7567-min-scaled.jpg\",\"articleSection\":[\"Articles\",\"Camp d'\u00e9t\u00e9\"],\"inLanguage\":\"fr-FR\"},{\"@type\":\"WebPage\",\"@id\":\"https:\/\/www.leselfes.com\/fr\/les-10-meilleures-raisons-denvoyer-vos-enfants-en-camp-de-vacances-en-suisse\/\",\"url\":\"https:\/\/www.leselfes.com\/fr\/les-10-meilleures-raisons-denvoyer-vos-enfants-en-camp-de-vacances-en-suisse\/\",\"name\":\"Les 10 meilleures raisons d'envoyer vos enfants en camp de vacances en Suisse - Les Elfes International Camps Switzerland\",\"isPartOf\":{\"@id\":\"https:\/\/dev.leselfes.com\/#website\"},\"primaryImageOfPage\":{\"@id\":\"https:\/\/www.leselfes.com\/fr\/les-10-meilleures-raisons-denvoyer-vos-enfants-en-camp-de-vacances-en-suisse\/#primaryimage\"},\"image\":{\"@id\":\"https:\/\/www.leselfes.com\/fr\/les-10-meilleures-raisons-denvoyer-vos-enfants-en-camp-de-vacances-en-suisse\/#primaryimage\"},\"thumbnailUrl\":\"https:\/\/www.leselfes.com\/wp-content\/uploads\/2025\/02\/468A7567-min-scaled.jpg\",\"datePublished\":\"2025-02-24T15:07:10+00:00\",\"breadcrumb\":{\"@id\":\"https:\/\/www.leselfes.com\/fr\/les-10-meilleures-raisons-denvoyer-vos-enfants-en-camp-de-vacances-en-suisse\/#breadcrumb\"},\"inLanguage\":\"fr-FR\",\"potentialAction\":[{\"@type\":\"ReadAction\",\"target\":[\"https:\/\/www.leselfes.com\/fr\/les-10-meilleures-raisons-denvoyer-vos-enfants-en-camp-de-vacances-en-suisse\/\"]}]},{\"@type\":\"ImageObject\",\"inLanguage\":\"fr-FR\",\"@id\":\"https:\/\/www.leselfes.com\/fr\/les-10-meilleures-raisons-denvoyer-vos-enfants-en-camp-de-vacances-en-suisse\/#primaryimage\",\"url\":\"https:\/\/www.leselfes.com\/wp-content\/uploads\/2025\/02\/468A7567-min-scaled.jpg\",\"contentUrl\":\"https:\/\/www.leselfes.com\/wp-content\/uploads\/2025\/02\/468A7567-min-scaled.jpg\",\"width\":2560,\"height\":1707},{\"@type\":\"BreadcrumbList\",\"@id\":\"https:\/\/www.leselfes.com\/fr\/les-10-meilleures-raisons-denvoyer-vos-enfants-en-camp-de-vacances-en-suisse\/#breadcrumb\",\"itemListElement\":[{\"@type\":\"ListItem\",\"position\":1,\"name\":\"Home\",\"item\":\"https:\/\/www.leselfes.com\/fr\/\"},{\"@type\":\"ListItem\",\"position\":2,\"name\":\"Les 10 meilleures raisons d&#8217;envoyer vos enfants en camp de vacances en Suisse\"}]},{\"@type\":\"WebSite\",\"@id\":\"https:\/\/dev.leselfes.com\/#website\",\"url\":\"https:\/\/dev.leselfes.com\/\",\"name\":\"Les Elfes International\",\"description\":\"Les Elfes International, Verbier Switzerland. Summer Camp, Winter Camp, Spring Camps.\",\"publisher\":{\"@id\":\"https:\/\/dev.leselfes.com\/#organization\"},\"alternateName\":\"Les Elfes International\",\"potentialAction\":[{\"@type\":\"SearchAction\",\"target\":{\"@type\":\"EntryPoint\",\"urlTemplate\":\"https:\/\/dev.leselfes.com\/?s={search_term_string}\"},\"query-input\":{\"@type\":\"PropertyValueSpecification\",\"valueRequired\":true,\"valueName\":\"search_term_string\"}}],\"inLanguage\":\"fr-FR\"},{\"@type\":\"Organization\",\"@id\":\"https:\/\/dev.leselfes.com\/#organization\",\"name\":\"Les Elfes International\",\"alternateName\":\"Les Elfes International\",\"url\":\"https:\/\/dev.leselfes.com\/\",\"logo\":{\"@type\":\"ImageObject\",\"inLanguage\":\"fr-FR\",\"@id\":\"https:\/\/dev.leselfes.com\/#\/schema\/logo\/image\/\",\"url\":\"https:\/\/www.leselfes.com\/wp-content\/uploads\/2022\/03\/leselfes-logo.png\",\"contentUrl\":\"https:\/\/www.leselfes.com\/wp-content\/uploads\/2022\/03\/leselfes-logo.png\",\"width\":233,\"height\":51,\"caption\":\"Les Elfes International\"},\"image\":{\"@id\":\"https:\/\/dev.leselfes.com\/#\/schema\/logo\/image\/\"},\"sameAs\":[\"https:\/\/www.facebook.com\/LesElfesVerbier\",\"https:\/\/x.com\/LesElfesCamps\",\"https:\/\/www.instagram.com\/leselfes\",\"https:\/\/www.linkedin.com\/company\/les-elfes-international\",\"https:\/\/www.youtube.com\/user\/LesElfesVerbier\"]},{\"@type\":\"Person\",\"@id\":\"https:\/\/dev.leselfes.com\/#\/schema\/person\/9e8c1c68ef43ed5c58fa46ac5d8ee338\",\"name\":\"carlotta\",\"image\":{\"@type\":\"ImageObject\",\"inLanguage\":\"fr-FR\",\"@id\":\"https:\/\/dev.leselfes.com\/#\/schema\/person\/image\/\",\"url\":\"https:\/\/secure.gravatar.com\/avatar\/fdb243a028df450397b3632d862f87f6?s=96&d=mm&r=g\",\"contentUrl\":\"https:\/\/secure.gravatar.com\/avatar\/fdb243a028df450397b3632d862f87f6?s=96&d=mm&r=g\",\"caption\":\"carlotta\"},\"description\":\"Since 1987, Les Elfes International organizes ski trips &amp; field trips for leading schools around the world as well as winter &amp; summer camps for individual students aged between 6 y.o. and 17 y.o. from more than 60 nationalities. Welcoming 5'000 children and more than 200 schools a year from December until the end of October, Les Elfes has become a leading provider in the individual and school\u2019s trip industry. Our Winter and Summer Camps, ski and field trips provide more than just great activities and experiences. We introduce lifelong skills such as communicating with others without phone or laptop and understanding the value of living in a community away from home. Moreover, campers will be able to build a strong friend network and fortify the relationship among future classmates.\",\"sameAs\":[\"https:\/\/www.linkedin.com\/company\/les-elfes-international\/\"],\"url\":\"https:\/\/www.leselfes.com\/fr\/author\/carlotta\/\"}]}<\/script>\n<!-- \/ Yoast SEO Premium plugin. -->","yoast_head_json":{"title":"Les 10 meilleures raisons d'envoyer vos enfants en camp de vacances en Suisse - Les Elfes International Camps Switzerland","robots":{"index":"index","follow":"follow","max-snippet":"max-snippet:-1","max-image-preview":"max-image-preview:large","max-video-preview":"max-video-preview:-1"},"canonical":"https:\/\/www.leselfes.com\/fr\/les-10-meilleures-raisons-denvoyer-vos-enfants-en-camp-de-vacances-en-suisse\/","og_locale":"fr_FR","og_type":"article","og_title":"Les 10 meilleures raisons d'envoyer vos enfants en camp de vacances en Suisse","og_description":"Des \u00e9tudes men\u00e9es par l&rsquo;American Camp Association sugg\u00e8rent que plus de 11 millions d&rsquo;adultes et d&rsquo;enfants participent \u00e0 des camps d&rsquo;\u00e9t\u00e9 rien qu&rsquo;aux \u00c9tats-Unis. Aujourd&rsquo;hui, le camping devient populaire et...","og_url":"https:\/\/www.leselfes.com\/fr\/les-10-meilleures-raisons-denvoyer-vos-enfants-en-camp-de-vacances-en-suisse\/","og_site_name":"Les Elfes International Camps Switzerland","article_publisher":"https:\/\/www.facebook.com\/LesElfesVerbier","article_published_time":"2025-02-24T15:07:10+00:00","og_image":[{"width":2560,"height":1707,"url":"https:\/\/www.leselfes.com\/wp-content\/uploads\/2025\/02\/468A7567-min-scaled.jpg","type":"image\/jpeg"}],"author":"carlotta","twitter_card":"summary_large_image","twitter_creator":"@LesElfesCamps","twitter_site":"@LesElfesCamps","twitter_misc":{"\u00c9crit par":"carlotta","Dur\u00e9e de lecture estim\u00e9e":"9 minutes"},"schema":{"@context":"https:\/\/schema.org","@graph":[{"@type":"Article","@id":"https:\/\/www.leselfes.com\/fr\/les-10-meilleures-raisons-denvoyer-vos-enfants-en-camp-de-vacances-en-suisse\/#article","isPartOf":{"@id":"https:\/\/www.leselfes.com\/fr\/les-10-meilleures-raisons-denvoyer-vos-enfants-en-camp-de-vacances-en-suisse\/"},"author":{"name":"carlotta","@id":"https:\/\/dev.leselfes.com\/#\/schema\/person\/9e8c1c68ef43ed5c58fa46ac5d8ee338"},"headline":"Les 10 meilleures raisons d&rsquo;envoyer vos enfants en camp de vacances en Suisse","datePublished":"2025-02-24T15:07:10+00:00","mainEntityOfPage":{"@id":"https:\/\/www.leselfes.com\/fr\/les-10-meilleures-raisons-denvoyer-vos-enfants-en-camp-de-vacances-en-suisse\/"},"wordCount":1983,"publisher":{"@id":"https:\/\/dev.leselfes.com\/#organization"},"image":{"@id":"https:\/\/www.leselfes.com\/fr\/les-10-meilleures-raisons-denvoyer-vos-enfants-en-camp-de-vacances-en-suisse\/#primaryimage"},"thumbnailUrl":"https:\/\/www.leselfes.com\/wp-content\/uploads\/2025\/02\/468A7567-min-scaled.jpg","articleSection":["Articles","Camp d'\u00e9t\u00e9"],"inLanguage":"fr-FR"},{"@type":"WebPage","@id":"https:\/\/www.leselfes.com\/fr\/les-10-meilleures-raisons-denvoyer-vos-enfants-en-camp-de-vacances-en-suisse\/","url":"https:\/\/www.leselfes.com\/fr\/les-10-meilleures-raisons-denvoyer-vos-enfants-en-camp-de-vacances-en-suisse\/","name":"Les 10 meilleures raisons d'envoyer vos enfants en camp de vacances en Suisse - Les Elfes International Camps Switzerland","isPartOf":{"@id":"https:\/\/dev.leselfes.com\/#website"},"primaryImageOfPage":{"@id":"https:\/\/www.leselfes.com\/fr\/les-10-meilleures-raisons-denvoyer-vos-enfants-en-camp-de-vacances-en-suisse\/#primaryimage"},"image":{"@id":"https:\/\/www.leselfes.com\/fr\/les-10-meilleures-raisons-denvoyer-vos-enfants-en-camp-de-vacances-en-suisse\/#primaryimage"},"thumbnailUrl":"https:\/\/www.leselfes.com\/wp-content\/uploads\/2025\/02\/468A7567-min-scaled.jpg","datePublished":"2025-02-24T15:07:10+00:00","breadcrumb":{"@id":"https:\/\/www.leselfes.com\/fr\/les-10-meilleures-raisons-denvoyer-vos-enfants-en-camp-de-vacances-en-suisse\/#breadcrumb"},"inLanguage":"fr-FR","potentialAction":[{"@type":"ReadAction","target":["https:\/\/www.leselfes.com\/fr\/les-10-meilleures-raisons-denvoyer-vos-enfants-en-camp-de-vacances-en-suisse\/"]}]},{"@type":"ImageObject","inLanguage":"fr-FR","@id":"https:\/\/www.leselfes.com\/fr\/les-10-meilleures-raisons-denvoyer-vos-enfants-en-camp-de-vacances-en-suisse\/#primaryimage","url":"https:\/\/www.leselfes.com\/wp-content\/uploads\/2025\/02\/468A7567-min-scaled.jpg","contentUrl":"https:\/\/www.leselfes.com\/wp-content\/uploads\/2025\/02\/468A7567-min-scaled.jpg","width":2560,"height":1707},{"@type":"BreadcrumbList","@id":"https:\/\/www.leselfes.com\/fr\/les-10-meilleures-raisons-denvoyer-vos-enfants-en-camp-de-vacances-en-suisse\/#breadcrumb","itemListElement":[{"@type":"ListItem","position":1,"name":"Home","item":"https:\/\/www.leselfes.com\/fr\/"},{"@type":"ListItem","position":2,"name":"Les 10 meilleures raisons d&#8217;envoyer vos enfants en camp de vacances en Suisse"}]},{"@type":"WebSite","@id":"https:\/\/dev.leselfes.com\/#website","url":"https:\/\/dev.leselfes.com\/","name":"Les Elfes International","description":"Les Elfes International, Verbier Switzerland. Summer Camp, Winter Camp, Spring Camps.","publisher":{"@id":"https:\/\/dev.leselfes.com\/#organization"},"alternateName":"Les Elfes International","potentialAction":[{"@type":"SearchAction","target":{"@type":"EntryPoint","urlTemplate":"https:\/\/dev.leselfes.com\/?s={search_term_string}"},"query-input":{"@type":"PropertyValueSpecification","valueRequired":true,"valueName":"search_term_string"}}],"inLanguage":"fr-FR"},{"@type":"Organization","@id":"https:\/\/dev.leselfes.com\/#organization","name":"Les Elfes International","alternateName":"Les Elfes International","url":"https:\/\/dev.leselfes.com\/","logo":{"@type":"ImageObject","inLanguage":"fr-FR","@id":"https:\/\/dev.leselfes.com\/#\/schema\/logo\/image\/","url":"https:\/\/www.leselfes.com\/wp-content\/uploads\/2022\/03\/leselfes-logo.png","contentUrl":"https:\/\/www.leselfes.com\/wp-content\/uploads\/2022\/03\/leselfes-logo.png","width":233,"height":51,"caption":"Les Elfes International"},"image":{"@id":"https:\/\/dev.leselfes.com\/#\/schema\/logo\/image\/"},"sameAs":["https:\/\/www.facebook.com\/LesElfesVerbier","https:\/\/x.com\/LesElfesCamps","https:\/\/www.instagram.com\/leselfes","https:\/\/www.linkedin.com\/company\/les-elfes-international","https:\/\/www.youtube.com\/user\/LesElfesVerbier"]},{"@type":"Person","@id":"https:\/\/dev.leselfes.com\/#\/schema\/person\/9e8c1c68ef43ed5c58fa46ac5d8ee338","name":"carlotta","image":{"@type":"ImageObject","inLanguage":"fr-FR","@id":"https:\/\/dev.leselfes.com\/#\/schema\/person\/image\/","url":"https:\/\/secure.gravatar.com\/avatar\/fdb243a028df450397b3632d862f87f6?s=96&d=mm&r=g","contentUrl":"https:\/\/secure.gravatar.com\/avatar\/fdb243a028df450397b3632d862f87f6?s=96&d=mm&r=g","caption":"carlotta"},"description":"Since 1987, Les Elfes International organizes ski trips &amp; field trips for leading schools around the world as well as winter &amp; summer camps for individual students aged between 6 y.o. and 17 y.o. from more than 60 nationalities. Welcoming 5'000 children and more than 200 schools a year from December until the end of October, Les Elfes has become a leading provider in the individual and school\u2019s trip industry. Our Winter and Summer Camps, ski and field trips provide more than just great activities and experiences. We introduce lifelong skills such as communicating with others without phone or laptop and understanding the value of living in a community away from home. Moreover, campers will be able to build a strong friend network and fortify the relationship among future classmates.","sameAs":["https:\/\/www.linkedin.com\/company\/les-elfes-international\/"],"url":"https:\/\/www.leselfes.com\/fr\/author\/carlotta\/"}]}},"_links":{"self":[{"href":"https:\/\/www.leselfes.com\/fr\/wp-json\/wp\/v2\/posts\/91687"}],"collection":[{"href":"https:\/\/www.leselfes.com\/fr\/wp-json\/wp\/v2\/posts"}],"about":[{"href":"https:\/\/www.leselfes.com\/fr\/wp-json\/wp\/v2\/types\/post"}],"author":[{"embeddable":true,"href":"https:\/\/www.leselfes.com\/fr\/wp-json\/wp\/v2\/users\/6"}],"replies":[{"embeddable":true,"href":"https:\/\/www.leselfes.com\/fr\/wp-json\/wp\/v2\/comments?post=91687"}],"version-history":[{"count":1,"href":"https:\/\/www.leselfes.com\/fr\/wp-json\/wp\/v2\/posts\/91687\/revisions"}],"predecessor-version":[{"id":109500,"href":"https:\/\/www.leselfes.com\/fr\/wp-json\/wp\/v2\/posts\/91687\/revisions\/109500"}],"wp:featuredmedia":[{"embeddable":true,"href":"https:\/\/www.leselfes.com\/fr\/wp-json\/wp\/v2\/media\/109318"}],"wp:attachment":[{"href":"https:\/\/www.leselfes.com\/fr\/wp-json\/wp\/v2\/media?parent=91687"}],"wp:term":[{"taxonomy":"category","embeddable":true,"href":"https:\/\/www.leselfes.com\/fr\/wp-json\/wp\/v2\/categories?post=91687"},{"taxonomy":"post_tag","embeddable":true,"href":"https:\/\/www.leselfes.com\/fr\/wp-json\/wp\/v2\/tags?post=91687"}],"curies":[{"name":"wp","href":"https:\/\/api.w.org\/{rel}","templated":true}]}}