{"id":92064,"date":"2020-03-25T16:47:06","date_gmt":"2020-03-25T15:47:06","guid":{"rendered":"https:\/\/www.leselfes.com\/quel-est-le-cout-dun-camp-dhiver\/"},"modified":"2024-11-12T12:11:29","modified_gmt":"2024-11-12T11:11:29","slug":"quel-est-le-cout-dun-camp-dhiver","status":"publish","type":"post","link":"https:\/\/www.leselfes.com\/fr\/quel-est-le-cout-dun-camp-dhiver\/","title":{"rendered":"Quel est le co\u00fbt d&rsquo;un camp d&rsquo;hiver ?"},"content":{"rendered":"&#13;\n<div class=\"wp-block-image\">&#13;\n<figure class=\"aligncenter size-large\"><img loading=\"lazy\" decoding=\"async\" width=\"686\" height=\"397\" class=\"wp-image-37400\" src=\"https:\/\/www.leselfes.com\/wp-content\/uploads\/2020\/02\/landscape-1.jpg\" alt=\"paysage\" srcset=\"https:\/\/www.leselfes.com\/wp-content\/uploads\/2020\/02\/landscape-1.jpg 686w, https:\/\/www.leselfes.com\/wp-content\/uploads\/2020\/02\/landscape-1-300x174.jpg 300w\" sizes=\"(max-width: 686px) 100vw, 686px\" \/><\/figure>&#13;\n<\/div>&#13;\n&#13;\n<p>L&rsquo;arriv\u00e9e de l&rsquo;hiver marque le d\u00e9but d&rsquo;une saison froide.\nDe nombreuses personnes pr\u00e9f\u00e8rent passer du temps \u00e0 l&rsquo;int\u00e9rieur pour \u00e9viter les conditions climatiques inconfortables. <\/p>&#13;\n&#13;\n<p>Pourtant, certaines personnes attendent avec impatience l&rsquo;excitation qui accompagne les camps d&rsquo;hiver.<\/p>&#13;\n&#13;\n<p>Si vous pr\u00e9voyez de faire du <a href=\"https:\/\/www.leselfes.com\/fr\/?page_id=89062\">camping d&rsquo;hiver<\/a>, vous devez avoir un plan concret et un budget id\u00e9al pour tous les participants.<\/p>&#13;\n&#13;\n<p>Vous vous posez sans doute la question suivante : combien co\u00fbte un camp d&rsquo;hiver ?<\/p>&#13;\n&#13;\n<p>Contrairement aux escapades estivales, le camping en hiver n\u00e9cessite un \u00e9quipement sp\u00e9cialis\u00e9 pour vous aider \u00e0 faire face aux temp\u00e9ratures extr\u00eamement froides.<\/p>&#13;\n&#13;\n<p>Voici une estimation approximative de votre budget camping pour cet hiver.<\/p>&#13;\n&#13;\n<h2 class=\"wp-block-heading\">Co\u00fbt du mat\u00e9riel de camping d&rsquo;hiver  <\/h2>&#13;\n&#13;\n<p>Le co\u00fbt g\u00e9n\u00e9ral de votre mat\u00e9riel de camping varie de 231 \u00e0 2 762 dollars par personne.\nCe co\u00fbt peut \u00eatre plus \u00e9lev\u00e9 en fonction de l&rsquo;endroit o\u00f9 vous achetez votre mat\u00e9riel. <\/p>&#13;\n&#13;\n<p>Si vous choisissez d&rsquo;acheter votre propre mat\u00e9riel, il s&rsquo;agira d&rsquo;un investissement unique.\nL&rsquo;avantage est que vous pouvez utiliser votre mat\u00e9riel \u00e0 l&rsquo;infini. <\/p>&#13;\n&#13;\n<p>Certaines personnes choisissent de louer du mat\u00e9riel sur le terrain de camping de leur choix.\nC&rsquo;est une option id\u00e9ale mais co\u00fbteuse, surtout pour les campeurs r\u00e9guliers. <\/p>&#13;\n&#13;\n<p>Si vous allez souvent camper, vous pouvez investir dans du mat\u00e9riel de camping de bonne qualit\u00e9 ou m\u00eame l&#8217;emprunter \u00e0 vos amis.<\/p>&#13;\n&#13;\n<p>Saviez-vous que vous pouvez acheter du mat\u00e9riel de camping d&rsquo;occasion en ligne ?\nCette option peut s&rsquo;av\u00e9rer plus \u00e9conomique si vous avez un budget limit\u00e9. <\/p>&#13;\n&#13;\n<h3 class=\"wp-block-heading\">&#8211; Louez du mat\u00e9riel de camping sur votre terrain de camping<\/h3>&#13;\n&#13;\n<p>Selon l&rsquo;endroit o\u00f9 vous allez camper, certains centres de vill\u00e9giature proposent du mat\u00e9riel de camping d&rsquo;excellente qualit\u00e9 \u00e0 des prix tr\u00e8s raisonnables.<\/p>&#13;\n&#13;\n<p>Les Elfes, par exemple, est un camping qui existe depuis plus de 30 ans.\nL&rsquo;\u00e9quipe \u00e0 l&rsquo;origine de cet \u00e9tablissement est pass\u00e9e ma\u00eetre dans l&rsquo;art de proposer \u00e0 la location du mat\u00e9riel de camping d&rsquo;excellente qualit\u00e9. <\/p>&#13;\n&#13;\n<p>Vous y trouverez des sacs de couchage, des tentes et du mat\u00e9riel de ski de bonne qualit\u00e9 \u00e0 des prix avantageux.\nVous pouvez pratiquer diff\u00e9rentes activit\u00e9s pendant votre camp d&rsquo;hiver <a href=\"\">aux Elfes<\/a>. <\/p>&#13;\n&#13;\n<p>La station fonctionne toute l&rsquo;ann\u00e9e, ce qui signifie que vous pouvez la visiter \u00e0 tout moment, quelle que soit la saison.<\/p>&#13;\n&#13;\n<p>Ayant accueilli des milliers de campeurs depuis sa cr\u00e9ation, l&rsquo;\u00e9quipe est suffisamment exp\u00e9riment\u00e9e pour vous proposer des services adapt\u00e9s \u00e0 vos besoins.<\/p>&#13;\n&#13;\n<p>En visitant Les Elfes, vous d\u00e9couvrirez Verbier, l&rsquo;un des plus grands camps de ski de Suisse.\nVous aurez l&rsquo;occasion d&rsquo;interagir avec de nombreuses personnes de cultures diff\u00e9rentes. <\/p>&#13;\n&#13;\n<p>Apprenez-en plus sur les autres pays, interagissez avec des personnes diff\u00e9rentes et faites-vous de nouveaux amis.  <\/p>&#13;\n&#13;\n<h2 class=\"wp-block-heading\">Ventilation des articles de premi\u00e8re n\u00e9cessit\u00e9 pour le camping et de leur co\u00fbt<\/h2>&#13;\n&#13;\n<p>Un sac \u00e0 dos \u00e9quip\u00e9 d&rsquo;une housse de protection contre la pluie co\u00fbte environ 150 dollars.<\/p>&#13;\n&#13;\n<p>Vous pouvez utiliser n&rsquo;importe lequel de vos sacs \u00e0 dos, mais il doit \u00eatre imperm\u00e9able.\nS&rsquo;il ne l&rsquo;est pas, improvisez en le pla\u00e7ant dans un sac poubelle. <\/p>&#13;\n&#13;\n<p>Il s&rsquo;agit d&rsquo;une m\u00e9thode bon march\u00e9 qui vous co\u00fbtera tr\u00e8s peu, voire rien du tout.\nCependant, l&rsquo;hiver peut \u00eatre rude et cette m\u00e9thode ne fonctionnera pas toujours. <\/p>&#13;\n&#13;\n<p>Pour plus de s\u00e9curit\u00e9, vous devez investir dans un sac \u00e0 dos imperm\u00e9able de bonne qualit\u00e9.\nSi vous voyagez en groupe, vous pouvez avoir un sac \u00e0 dos pour deux personnes.\nVous partagerez ainsi les frais.    <\/p>&#13;\n&#13;\n<h3 class=\"wp-block-heading\">&#8211; Tente<\/h3>&#13;\n&#13;\n<div class=\"wp-block-image\">&#13;\n<figure class=\"aligncenter size-large\"><img loading=\"lazy\" decoding=\"async\" width=\"553\" height=\"368\" class=\"wp-image-39327\" src=\"https:\/\/www.leselfes.com\/wp-content\/uploads\/2020\/09\/Picture2-resized.png\" alt=\"Image2 redimensionn&#xE9;e\" srcset=\"https:\/\/www.leselfes.com\/wp-content\/uploads\/2020\/09\/Picture2-resized.png 553w, https:\/\/www.leselfes.com\/wp-content\/uploads\/2020\/09\/Picture2-resized-300x200.png 300w\" sizes=\"(max-width: 553px) 100vw, 553px\" \/><\/figure>&#13;\n<\/div>&#13;\n&#13;\n<p>Une tente d&rsquo;hiver de bonne qualit\u00e9 co\u00fbte entre 400 et 191 dollars.<\/p>&#13;\n&#13;\n<p>Quoi qu&rsquo;il en soit, \u00e9vitez d&rsquo;acheter des tentes de qualit\u00e9 inf\u00e9rieure, que vous soyez un campeur r\u00e9gulier ou non.\nVous avez besoin d&rsquo;une tente que vous pourrez utiliser au fil des saisons et une tente bon march\u00e9 risque de ne pas faire l&rsquo;affaire. <\/p>&#13;\n&#13;\n<p>Nous ne disons pas que les tentes bon march\u00e9 sont de mauvaise qualit\u00e9, mais vous devez faire preuve de prudence avant de d\u00e9penser votre argent pour une tente.<\/p>&#13;\n&#13;\n<p>Souvent, une tente est moins ch\u00e8re qu&rsquo;une chambre d&rsquo;h\u00f4tel.  <\/p>&#13;\n&#13;\n<h3 class=\"wp-block-heading\">&#8211; Matelas de couchage<\/h3>&#13;\n&#13;\n<p>Un matelas de couchage bon march\u00e9 co\u00fbte 10 $, mais nous doutons fortement qu&rsquo;il soit id\u00e9al pour le camping d&rsquo;hiver.<\/p>&#13;\n&#13;\n<p>Bien s\u00fbr, vous pouvez incorporer quelques astuces telles que l&#8217;empilement de feuilles sous votre tente pour la rendre plus confortable.<\/p>&#13;\n&#13;\n<p>Cependant, vous aurez besoin d&rsquo;un sac de couchage de bonne qualit\u00e9 pour survivre aux temp\u00e9ratures extr\u00eames de l&rsquo;hiver.<\/p>&#13;\n&#13;\n<p>Le matelas de couchage id\u00e9al ne doit pas seulement \u00eatre isol\u00e9, il doit aussi \u00eatre gonflable et de la bonne taille pour votre confort.<\/p>&#13;\n&#13;\n<p>Choisissez-en un d&rsquo;une marque r\u00e9put\u00e9e et, bien qu&rsquo;il puisse \u00eatre co\u00fbteux, vous l&rsquo;utiliserez lors de vos futures sessions de camping.  <\/p>&#13;\n&#13;\n<h3 class=\"wp-block-heading\">&#8211; Sac de couchage<\/h3>&#13;\n&#13;\n<p>Le co\u00fbt d&rsquo;un sac de couchage varie de 20 \u00e0 100 dollars.<\/p>&#13;\n&#13;\n<p>Cependant, vous pouvez trouver des sacs de couchage plus chers sur le march\u00e9.\nPour votre camp d&rsquo;hiver, vous avez besoin d&rsquo;un sac de couchage robuste qui peut vous garder au chaud toute la nuit sans \u00eatre trop lourd. <\/p>&#13;\n&#13;\n<p>Les sacs de couchage bon march\u00e9 peuvent \u00eatre bons, mais vous devez tenir compte des sp\u00e9cifications et des conditions m\u00e9t\u00e9orologiques de votre terrain de camping avant de les acheter.<\/p>&#13;\n&#13;\n<p>Vous ne voulez pas investir dans un produit moins cher et \u00eatre d\u00e9\u00e7u.<\/p>&#13;\n&#13;\n<p>L&rsquo;avantage d&rsquo;acheter un sac de couchage plus cher est qu&rsquo;il est souvent id\u00e9al pour toutes les saisons et qu&rsquo;il est con\u00e7u pour durer.  <\/p>&#13;\n&#13;\n<h3 class=\"wp-block-heading\">&#8211; Po\u00eale et combustible<\/h3>&#13;\n&#13;\n<p>Le co\u00fbt de votre r\u00e9chaud varie entre 10 et 200 dollars selon la taille de votre groupe de campeurs.<\/p>&#13;\n&#13;\n<p>Si votre groupe de campeurs est nombreux, un r\u00e9chaud \u00e0 deux feux sera plus pratique.\nSi votre groupe estime que le prix d&rsquo;achat est trop \u00e9lev\u00e9, vous pouvez opter pour la location d&rsquo;un r\u00e9chaud au camp.   <\/p>&#13;\n&#13;\n<h3 class=\"wp-block-heading\">&#8211; Set de cuisson<\/h3>&#13;\n&#13;\n<p>Utilisez vos ustensiles de cuisine habituels lorsque vous utilisez des r\u00e9chauds \u00e0 gaz.\nToutefois, si vous recherchez la commodit\u00e9, ces po\u00eales ne sont peut-\u00eatre pas id\u00e9ales car elles ont tendance \u00e0 \u00eatre lourdes. <\/p>&#13;\n&#13;\n<p>Les emballer peut \u00e9galement \u00eatre une t\u00e2che ardue et vous n&rsquo;avez pas besoin de tels probl\u00e8mes lorsque vous vous pr\u00e9parez \u00e0 vous amuser.<\/p>&#13;\n&#13;\n<p>Si possible, investissez dans des ustensiles de cuisine sp\u00e9cialement con\u00e7us pour le camping.\nDe nombreux sets de cuisine sont fournis avec des ustensiles r\u00e9sistants au feu. <\/p>&#13;\n&#13;\n<p>Ces ustensiles co\u00fbteront plus cher que les ustensiles ordinaires en raison de la qualit\u00e9 des mat\u00e9riaux utilis\u00e9s.\nN&rsquo;oubliez pas que les ustensiles durables sont plus l\u00e9gers mais plus co\u00fbteux. <\/p>&#13;\n&#13;\n<p>Si c&rsquo;est trop pour votre groupe, vous pouvez opter pour la location d&rsquo;ustensiles au camping.  <\/p>&#13;\n&#13;\n<h3 class=\"wp-block-heading\">&#8211; Refroidisseur<\/h3>&#13;\n&#13;\n<p>Vous vous demandez peut-\u00eatre pourquoi vous avez besoin d&rsquo;une glaci\u00e8re en hiver.\nElles sont tr\u00e8s pratiques pour conserver les repas instantan\u00e9s. <\/p>&#13;\n&#13;\n<p>Un appareil de bonne qualit\u00e9 co\u00fbte environ 350 $.<\/p>&#13;\n&#13;\n<p>Il s&rsquo;agit d&rsquo;un bon rapport qualit\u00e9-prix puisque vous pouvez l&rsquo;utiliser \u00e0 plusieurs reprises.\nDe plus, une glaci\u00e8re vous permet d&rsquo;\u00e9conomiser l&rsquo;argent que vous auriez d\u00e9pens\u00e9 pour acheter des repas.   <\/p>&#13;\n&#13;\n<h3 class=\"wp-block-heading\">&#8211; R\u00e9servoirs d&rsquo;hydratation ou bouteilles d&rsquo;eau<\/h3>&#13;\n&#13;\n<p>Vous n&rsquo;avez pas besoin de vous ruiner pour acheter une bouteille d&rsquo;eau.<\/p>&#13;\n&#13;\n<p>Vous pouvez toujours utiliser votre bouteille en plastique ordinaire.\nSi vous avez besoin d&rsquo;une am\u00e9lioration, il existe de nombreux packs d&rsquo;hydratation et gourdes isol\u00e9s.\nIls sont sp\u00e9cialement con\u00e7us pour la randonn\u00e9e et le camping.\nUne bonne bouteille pour votre <a href=\"https:\/\/www.leselfes.com\/fr\/?page_id=89062\">camp d&rsquo;hiver<\/a> doit \u00eatre \u00e9quip\u00e9e d&rsquo;un isolant.     <\/p>&#13;\n&#13;\n<h3 class=\"wp-block-heading\">&#8211; Lampe frontale<\/h3>&#13;\n&#13;\n<div class=\"wp-block-image\">&#13;\n<figure class=\"aligncenter size-large is-resized\"><img loading=\"lazy\" decoding=\"async\" class=\"wp-image-39329\" src=\"https:\/\/www.leselfes.com\/wp-content\/uploads\/2020\/09\/Picture3-1-resized.png\" alt=\"Lampe frontale\" width=\"578\" height=\"385\" srcset=\"https:\/\/www.leselfes.com\/wp-content\/uploads\/2020\/09\/Picture3-1-resized.png 455w, https:\/\/www.leselfes.com\/wp-content\/uploads\/2020\/09\/Picture3-1-resized-300x200.png 300w\" sizes=\"(max-width: 578px) 100vw, 578px\" \/><\/figure>&#13;\n<\/div>&#13;\n&#13;\n<p>Une lampe frontale de bonne qualit\u00e9 ne devrait pas co\u00fbter moins de 20 dollars.<\/p>&#13;\n&#13;\n<p>Si vous souhaitez une lampe frontale \u00e9conomique, de bonne qualit\u00e9 et \u00e9conomique, vous devrez d\u00e9penser entre 25 et 140 dollars.<\/p>&#13;\n&#13;\n<p>Avec une bonne lampe frontale, vous n&rsquo;avez pas besoin de lampe de poche.  <\/p>&#13;\n&#13;\n<h3 class=\"wp-block-heading\">&#8211; Piles rechargeables<\/h3>&#13;\n&#13;\n<p>Les piles rechargeables sont tr\u00e8s utiles pour alimenter vos lampes de camping.<\/p>&#13;\n&#13;\n<p>Bien qu&rsquo;ils puissent \u00eatre co\u00fbteux, ils sont pr\u00e9cieux et vous pouvez les r\u00e9utiliser \u00e0 l&rsquo;infini.<\/p>&#13;\n&#13;\n<p>Le co\u00fbt des piles rechargeables d&rsquo;excellente qualit\u00e9 devrait se situer entre 6 et 12 dollars par personne.  <\/p>&#13;\n&#13;\n<h3 class=\"wp-block-heading\">&#8211; Lanterne<\/h3>&#13;\n&#13;\n<p>Une lanterne est un article de camping facultatif mais essentiel. Les lanternes de camping perfectionn\u00e9es sont dot\u00e9es d&rsquo;excellentes caract\u00e9ristiques telles que : la connectivit\u00e9 Bluetooth. Elles sont \u00e9galement pliables.  <\/p>&#13;\n&#13;\n<p>Une lanterne de bonne qualit\u00e9 co\u00fbte entre 10 et 150 dollars.  <\/p>&#13;\n&#13;\n<h3 class=\"wp-block-heading\">&#8211; Trousse de premiers secours<\/h3>&#13;\n&#13;\n<p>Une trousse de premiers secours peut \u00eatre co\u00fbteuse, mais vous pouvez r\u00e9duire les co\u00fbts en en construisant une.\nL&rsquo;achat d&rsquo;une trousse de premiers secours pr\u00eate \u00e0 l&#8217;emploi vous co\u00fbtera au moins 75 $. <\/p>&#13;\n&#13;\n<h3 class=\"wp-block-heading\">&#8211; Syst\u00e8me de traitement de l&rsquo;eau<\/h3>&#13;\n&#13;\n<div class=\"wp-block-image\">&#13;\n<figure class=\"aligncenter size-large\"><img loading=\"lazy\" decoding=\"async\" width=\"649\" height=\"669\" class=\"wp-image-39325\" src=\"https:\/\/www.leselfes.com\/wp-content\/uploads\/2020\/03\/Picture4-resized.png\" alt=\"Pluie douce\" srcset=\"https:\/\/www.leselfes.com\/wp-content\/uploads\/2020\/03\/Picture4-resized.png 649w, https:\/\/www.leselfes.com\/wp-content\/uploads\/2020\/03\/Picture4-resized-291x300.png 291w\" sizes=\"(max-width: 649px) 100vw, 649px\" \/><\/figure>&#13;\n<\/div>&#13;\n&#13;\n<p>Un syst\u00e8me de traitement de l&rsquo;eau est utile si vous n&rsquo;avez pas confiance dans les services d&rsquo;eau potable de votre camp d&rsquo;hiver.<\/p>&#13;\n&#13;\n<p>Si vous campez aux Elfes, vous pouvez \u00e9conomiser votre argent pour des choses plus importantes.\nL&rsquo;eau du camp est potable. <\/p>&#13;\n&#13;\n<p>Si vous devez acheter un syst\u00e8me de traitement de l&rsquo;eau, un syst\u00e8me de bonne qualit\u00e9 co\u00fbte entre 25 et 150 dollars.\nIl existe diff\u00e9rents syst\u00e8mes de traitement de l&rsquo;eau sur le march\u00e9 aujourd&rsquo;hui. <\/p>&#13;\n&#13;\n<p>Vous pouvez opter pour d&rsquo;autres syst\u00e8mes de purification de l&rsquo;eau tels que les tablettes de purification de l&rsquo;eau ou les filtres UV.  <\/p>&#13;\n&#13;\n<h3 class=\"wp-block-heading\">&#8211; V\u00eatements<\/h3>&#13;\n&#13;\n<p>Les v\u00eatements de camping peuvent \u00eatre assez co\u00fbteux et vous devrez d\u00e9penser entre 25 et 600 dollars par personne.<\/p>&#13;\n&#13;\n<p>Il n&rsquo;est pas n\u00e9cessaire de d\u00e9penser des sommes colossales pour acheter du mat\u00e9riel de camping.\nSi vous ne faites pas souvent du camping, vous pouvez opter pour une location dans un centre de camping. <\/p>&#13;\n&#13;\n<p>Mieux encore, vous pouvez opter pour des v\u00eatements de camping d&rsquo;occasion, qui sont bien moins chers.\nVeillez \u00e0 ce qu&rsquo;ils vous aillent bien.   <\/p>&#13;\n&#13;\n<h3 class=\"wp-block-heading\">&#8211; Banque d&rsquo;\u00e9nergie ou panneau solaire<\/h3>&#13;\n&#13;\n<p>Vous pouvez profiter de votre exp\u00e9rience du camping d&rsquo;hiver pour faire une pause avec vos gadgets.<\/p>&#13;\n&#13;\n<p>Cependant, vous avez toujours besoin d&rsquo;une source d&rsquo;\u00e9nergie pour votre appareil photo, votre t\u00e9l\u00e9phone pour vous aider \u00e0 rester en contact avec vos proches et votre GPS pour vous aider \u00e0 suivre votre direction en cas d&rsquo;urgence.<\/p>&#13;\n&#13;\n<p>Si vous allez camper aux Elfes, vous disposerez d&rsquo;une source d&rsquo;\u00e9nergie pour une somme modique.\nVous pouvez n\u00e9anmoins acheter un panneau solaire portable et un chargeur pour les cas d&rsquo;urgence. <\/p>&#13;\n&#13;\n<p>Vous aurez besoin d&rsquo;environ 200 $ pour ces articles.<\/p>&#13;\n&#13;\n<p>Vous pouvez \u00e9galement emporter une banque d&rsquo;alimentation l\u00e9g\u00e8re pour vous assurer que tous vos gadgets sont bien aliment\u00e9s.\nUne banque d&rsquo;\u00e9nergie sera id\u00e9ale si vous partez en camping pour de courtes p\u00e9riodes.   <\/p>&#13;\n&#13;\n<p>M\u00eame si partir <a href=\"https:\/\/www.leselfes.com\/fr\/?page_id=89200\">en camp d&rsquo;hiver<\/a> est amusant et int\u00e9ressant, l&rsquo;achat de mat\u00e9riel de camping peut s&rsquo;av\u00e9rer difficile. La bonne nouvelle, c&rsquo;est que vous n&rsquo;avez pas besoin de vous compliquer la vie pour trouver le mat\u00e9riel ad\u00e9quat. <\/p>&#13;\n&#13;\n<p>Si vous campez aux Elfes, vous n&rsquo;aurez besoin que du mat\u00e9riel de base.<\/p>&#13;\n&#13;\n<p>Vous pouvez louer tout ce dont vous avez besoin pour profiter de votre voyage au camp \u00e0 des prix avantageux.<\/p>&#13;\n&#13;\n<h2 class=\"wp-block-heading\">Enfin<\/h2>&#13;\n&#13;\n<p>D&rsquo;autres frais de camping sont \u00e0 pr\u00e9voir, tels que le transport et les frais de camp journaliers.<\/p>&#13;\n&#13;\n<p>En moyenne, une famille ou un groupe de 4 personnes qui partent en camping d&rsquo;hiver pendant 10 jours d\u00e9pensent entre 612 et 7 397 dollars.<\/p>&#13;\n&#13;\n<p>Si vous faites du camping d&rsquo;hiver pour la premi\u00e8re fois, les co\u00fbts de pr\u00e9paration initiaux peuvent \u00eatre insens\u00e9s.<\/p>&#13;\n&#13;\n<p>Cependant, apr\u00e8s cela, vous n&rsquo;aurez que des frais minimes, ce qui rendra votre exp\u00e9rience du camping tr\u00e8s int\u00e9ressante.  <\/p>&#13;\n&#13;\n<p><a href=\"https:\/\/www.leselfes.com\/fr\/?page_id=89331\">Inscrivez-vous<\/a> d\u00e8s aujourd&rsquo;hui et soyez inform\u00e9 des derni\u00e8res activit\u00e9s du camp Les Elfes.<\/p>&#13;\n","protected":false},"excerpt":{"rendered":"<p>&#13; L&rsquo;arriv\u00e9e de l&rsquo;hiver marque le d\u00e9but d&rsquo;une saison froide. De nombreuses personnes pr\u00e9f\u00e8rent passer du temps \u00e0 l&rsquo;int\u00e9rieur pour \u00e9viter les conditions climatiques inconfortables. &#13; &#13; Pourtant, certaines personnes&#8230;<\/p>\n","protected":false},"author":1,"featured_media":73260,"comment_status":"open","ping_status":"open","sticky":false,"template":"","format":"standard","meta":{"_acf_changed":false,"inline_featured_image":false,"footnotes":""},"categories":[1356,1355],"tags":[],"class_list":{"0":"post-92064","1":"post","2":"type-post","3":"status-publish","4":"format-standard","5":"has-post-thumbnail","7":"category-articles-fr","8":"category-camp-dhiver"},"acf":[],"yoast_head":"<!-- This site is optimized with the Yoast SEO Premium plugin v24.2 (Yoast SEO v24.7) - https:\/\/yoast.com\/wordpress\/plugins\/seo\/ -->\n<title>Quel est le co\u00fbt d&#039;un camp d&#039;hiver ? - Les Elfes International Camps Switzerland<\/title>\n<meta name=\"robots\" content=\"index, follow, max-snippet:-1, max-image-preview:large, max-video-preview:-1\" \/>\n<link rel=\"canonical\" href=\"https:\/\/www.leselfes.com\/fr\/quel-est-le-cout-dun-camp-dhiver\/\" \/>\n<meta property=\"og:locale\" content=\"fr_FR\" \/>\n<meta property=\"og:type\" content=\"article\" \/>\n<meta property=\"og:title\" content=\"Quel est le co\u00fbt d&#039;un camp d&#039;hiver ?\" \/>\n<meta property=\"og:description\" content=\"&#013; L&rsquo;arriv\u00e9e de l&rsquo;hiver marque le d\u00e9but d&rsquo;une saison froide. De nombreuses personnes pr\u00e9f\u00e8rent passer du temps \u00e0 l&rsquo;int\u00e9rieur pour \u00e9viter les conditions climatiques inconfortables. &#013; &#013; Pourtant, certaines personnes...\" \/>\n<meta property=\"og:url\" content=\"https:\/\/www.leselfes.com\/fr\/quel-est-le-cout-dun-camp-dhiver\/\" \/>\n<meta property=\"og:site_name\" content=\"Les Elfes International Camps Switzerland\" \/>\n<meta property=\"article:publisher\" content=\"https:\/\/www.facebook.com\/LesElfesVerbier\" \/>\n<meta property=\"article:published_time\" content=\"2020-03-25T15:47:06+00:00\" \/>\n<meta property=\"article:modified_time\" content=\"2024-11-12T11:11:29+00:00\" \/>\n<meta property=\"og:image\" content=\"https:\/\/dev.leselfes.com\/wp-content\/uploads\/2020\/03\/Winter_camp_6565983291-scaled-resized.jpg\" \/>\n\t<meta property=\"og:image:width\" content=\"1280\" \/>\n\t<meta property=\"og:image:height\" content=\"841\" \/>\n\t<meta property=\"og:image:type\" content=\"image\/jpeg\" \/>\n<meta name=\"author\" content=\"lesadmin\" \/>\n<meta name=\"twitter:card\" content=\"summary_large_image\" \/>\n<meta name=\"twitter:creator\" content=\"@LesElfesCamps\" \/>\n<meta name=\"twitter:site\" content=\"@LesElfesCamps\" \/>\n<meta name=\"twitter:label1\" content=\"\u00c9crit par\" \/>\n\t<meta name=\"twitter:data1\" content=\"lesadmin\" \/>\n\t<meta name=\"twitter:label2\" content=\"Dur\u00e9e de lecture estim\u00e9e\" \/>\n\t<meta name=\"twitter:data2\" content=\"10 minutes\" \/>\n<script type=\"application\/ld+json\" class=\"yoast-schema-graph\">{\"@context\":\"https:\/\/schema.org\",\"@graph\":[{\"@type\":\"Article\",\"@id\":\"https:\/\/www.leselfes.com\/fr\/quel-est-le-cout-dun-camp-dhiver\/#article\",\"isPartOf\":{\"@id\":\"https:\/\/www.leselfes.com\/fr\/quel-est-le-cout-dun-camp-dhiver\/\"},\"author\":{\"name\":\"lesadmin\",\"@id\":\"https:\/\/dev.leselfes.com\/#\/schema\/person\/407a229698868b8c603874b19f37f289\"},\"headline\":\"Quel est le co\u00fbt d&rsquo;un camp d&rsquo;hiver ?\",\"datePublished\":\"2020-03-25T15:47:06+00:00\",\"dateModified\":\"2024-11-12T11:11:29+00:00\",\"mainEntityOfPage\":{\"@id\":\"https:\/\/www.leselfes.com\/fr\/quel-est-le-cout-dun-camp-dhiver\/\"},\"wordCount\":2074,\"commentCount\":0,\"publisher\":{\"@id\":\"https:\/\/dev.leselfes.com\/#organization\"},\"image\":{\"@id\":\"https:\/\/www.leselfes.com\/fr\/quel-est-le-cout-dun-camp-dhiver\/#primaryimage\"},\"thumbnailUrl\":\"https:\/\/www.leselfes.com\/wp-content\/uploads\/2020\/03\/Winter_camp_6565983291-scaled-resized.jpg\",\"articleSection\":[\"Articles\",\"Camp d'hiver\"],\"inLanguage\":\"fr-FR\",\"potentialAction\":[{\"@type\":\"CommentAction\",\"name\":\"Comment\",\"target\":[\"https:\/\/www.leselfes.com\/fr\/quel-est-le-cout-dun-camp-dhiver\/#respond\"]}]},{\"@type\":\"WebPage\",\"@id\":\"https:\/\/www.leselfes.com\/fr\/quel-est-le-cout-dun-camp-dhiver\/\",\"url\":\"https:\/\/www.leselfes.com\/fr\/quel-est-le-cout-dun-camp-dhiver\/\",\"name\":\"Quel est le co\u00fbt d'un camp d'hiver ? - Les Elfes International Camps Switzerland\",\"isPartOf\":{\"@id\":\"https:\/\/dev.leselfes.com\/#website\"},\"primaryImageOfPage\":{\"@id\":\"https:\/\/www.leselfes.com\/fr\/quel-est-le-cout-dun-camp-dhiver\/#primaryimage\"},\"image\":{\"@id\":\"https:\/\/www.leselfes.com\/fr\/quel-est-le-cout-dun-camp-dhiver\/#primaryimage\"},\"thumbnailUrl\":\"https:\/\/www.leselfes.com\/wp-content\/uploads\/2020\/03\/Winter_camp_6565983291-scaled-resized.jpg\",\"datePublished\":\"2020-03-25T15:47:06+00:00\",\"dateModified\":\"2024-11-12T11:11:29+00:00\",\"breadcrumb\":{\"@id\":\"https:\/\/www.leselfes.com\/fr\/quel-est-le-cout-dun-camp-dhiver\/#breadcrumb\"},\"inLanguage\":\"fr-FR\",\"potentialAction\":[{\"@type\":\"ReadAction\",\"target\":[\"https:\/\/www.leselfes.com\/fr\/quel-est-le-cout-dun-camp-dhiver\/\"]}]},{\"@type\":\"ImageObject\",\"inLanguage\":\"fr-FR\",\"@id\":\"https:\/\/www.leselfes.com\/fr\/quel-est-le-cout-dun-camp-dhiver\/#primaryimage\",\"url\":\"https:\/\/www.leselfes.com\/wp-content\/uploads\/2020\/03\/Winter_camp_6565983291-scaled-resized.jpg\",\"contentUrl\":\"https:\/\/www.leselfes.com\/wp-content\/uploads\/2020\/03\/Winter_camp_6565983291-scaled-resized.jpg\",\"width\":1280,\"height\":841},{\"@type\":\"BreadcrumbList\",\"@id\":\"https:\/\/www.leselfes.com\/fr\/quel-est-le-cout-dun-camp-dhiver\/#breadcrumb\",\"itemListElement\":[{\"@type\":\"ListItem\",\"position\":1,\"name\":\"Home\",\"item\":\"https:\/\/www.leselfes.com\/fr\/\"},{\"@type\":\"ListItem\",\"position\":2,\"name\":\"Quel est le co\u00fbt d&#8217;un camp d&#8217;hiver ?\"}]},{\"@type\":\"WebSite\",\"@id\":\"https:\/\/dev.leselfes.com\/#website\",\"url\":\"https:\/\/dev.leselfes.com\/\",\"name\":\"Les Elfes International\",\"description\":\"Les Elfes International, Verbier Switzerland. Summer Camp, Winter Camp, Spring Camps.\",\"publisher\":{\"@id\":\"https:\/\/dev.leselfes.com\/#organization\"},\"alternateName\":\"Les Elfes International\",\"potentialAction\":[{\"@type\":\"SearchAction\",\"target\":{\"@type\":\"EntryPoint\",\"urlTemplate\":\"https:\/\/dev.leselfes.com\/?s={search_term_string}\"},\"query-input\":{\"@type\":\"PropertyValueSpecification\",\"valueRequired\":true,\"valueName\":\"search_term_string\"}}],\"inLanguage\":\"fr-FR\"},{\"@type\":\"Organization\",\"@id\":\"https:\/\/dev.leselfes.com\/#organization\",\"name\":\"Les Elfes International\",\"alternateName\":\"Les Elfes International\",\"url\":\"https:\/\/dev.leselfes.com\/\",\"logo\":{\"@type\":\"ImageObject\",\"inLanguage\":\"fr-FR\",\"@id\":\"https:\/\/dev.leselfes.com\/#\/schema\/logo\/image\/\",\"url\":\"https:\/\/www.leselfes.com\/wp-content\/uploads\/2022\/03\/leselfes-logo.png\",\"contentUrl\":\"https:\/\/www.leselfes.com\/wp-content\/uploads\/2022\/03\/leselfes-logo.png\",\"width\":233,\"height\":51,\"caption\":\"Les Elfes International\"},\"image\":{\"@id\":\"https:\/\/dev.leselfes.com\/#\/schema\/logo\/image\/\"},\"sameAs\":[\"https:\/\/www.facebook.com\/LesElfesVerbier\",\"https:\/\/x.com\/LesElfesCamps\",\"https:\/\/www.instagram.com\/leselfes\",\"https:\/\/www.linkedin.com\/company\/les-elfes-international\",\"https:\/\/www.youtube.com\/user\/LesElfesVerbier\"]},{\"@type\":\"Person\",\"@id\":\"https:\/\/dev.leselfes.com\/#\/schema\/person\/407a229698868b8c603874b19f37f289\",\"name\":\"lesadmin\",\"image\":{\"@type\":\"ImageObject\",\"inLanguage\":\"fr-FR\",\"@id\":\"https:\/\/dev.leselfes.com\/#\/schema\/person\/image\/\",\"url\":\"https:\/\/secure.gravatar.com\/avatar\/fdb243a028df450397b3632d862f87f6?s=96&d=mm&r=g\",\"contentUrl\":\"https:\/\/secure.gravatar.com\/avatar\/fdb243a028df450397b3632d862f87f6?s=96&d=mm&r=g\",\"caption\":\"lesadmin\"},\"url\":\"https:\/\/www.leselfes.com\/fr\/author\/lesadmin\/\"}]}<\/script>\n<!-- \/ Yoast SEO Premium plugin. -->","yoast_head_json":{"title":"Quel est le co\u00fbt d'un camp d'hiver ? - Les Elfes International Camps Switzerland","robots":{"index":"index","follow":"follow","max-snippet":"max-snippet:-1","max-image-preview":"max-image-preview:large","max-video-preview":"max-video-preview:-1"},"canonical":"https:\/\/www.leselfes.com\/fr\/quel-est-le-cout-dun-camp-dhiver\/","og_locale":"fr_FR","og_type":"article","og_title":"Quel est le co\u00fbt d'un camp d'hiver ?","og_description":"&#13; L&rsquo;arriv\u00e9e de l&rsquo;hiver marque le d\u00e9but d&rsquo;une saison froide. De nombreuses personnes pr\u00e9f\u00e8rent passer du temps \u00e0 l&rsquo;int\u00e9rieur pour \u00e9viter les conditions climatiques inconfortables. &#13; &#13; Pourtant, certaines personnes...","og_url":"https:\/\/www.leselfes.com\/fr\/quel-est-le-cout-dun-camp-dhiver\/","og_site_name":"Les Elfes International Camps Switzerland","article_publisher":"https:\/\/www.facebook.com\/LesElfesVerbier","article_published_time":"2020-03-25T15:47:06+00:00","article_modified_time":"2024-11-12T11:11:29+00:00","og_image":[{"width":1280,"height":841,"url":"https:\/\/dev.leselfes.com\/wp-content\/uploads\/2020\/03\/Winter_camp_6565983291-scaled-resized.jpg","type":"image\/jpeg"}],"author":"lesadmin","twitter_card":"summary_large_image","twitter_creator":"@LesElfesCamps","twitter_site":"@LesElfesCamps","twitter_misc":{"\u00c9crit par":"lesadmin","Dur\u00e9e de lecture estim\u00e9e":"10 minutes"},"schema":{"@context":"https:\/\/schema.org","@graph":[{"@type":"Article","@id":"https:\/\/www.leselfes.com\/fr\/quel-est-le-cout-dun-camp-dhiver\/#article","isPartOf":{"@id":"https:\/\/www.leselfes.com\/fr\/quel-est-le-cout-dun-camp-dhiver\/"},"author":{"name":"lesadmin","@id":"https:\/\/dev.leselfes.com\/#\/schema\/person\/407a229698868b8c603874b19f37f289"},"headline":"Quel est le co\u00fbt d&rsquo;un camp d&rsquo;hiver ?","datePublished":"2020-03-25T15:47:06+00:00","dateModified":"2024-11-12T11:11:29+00:00","mainEntityOfPage":{"@id":"https:\/\/www.leselfes.com\/fr\/quel-est-le-cout-dun-camp-dhiver\/"},"wordCount":2074,"commentCount":0,"publisher":{"@id":"https:\/\/dev.leselfes.com\/#organization"},"image":{"@id":"https:\/\/www.leselfes.com\/fr\/quel-est-le-cout-dun-camp-dhiver\/#primaryimage"},"thumbnailUrl":"https:\/\/www.leselfes.com\/wp-content\/uploads\/2020\/03\/Winter_camp_6565983291-scaled-resized.jpg","articleSection":["Articles","Camp d'hiver"],"inLanguage":"fr-FR","potentialAction":[{"@type":"CommentAction","name":"Comment","target":["https:\/\/www.leselfes.com\/fr\/quel-est-le-cout-dun-camp-dhiver\/#respond"]}]},{"@type":"WebPage","@id":"https:\/\/www.leselfes.com\/fr\/quel-est-le-cout-dun-camp-dhiver\/","url":"https:\/\/www.leselfes.com\/fr\/quel-est-le-cout-dun-camp-dhiver\/","name":"Quel est le co\u00fbt d'un camp d'hiver ? - Les Elfes International Camps Switzerland","isPartOf":{"@id":"https:\/\/dev.leselfes.com\/#website"},"primaryImageOfPage":{"@id":"https:\/\/www.leselfes.com\/fr\/quel-est-le-cout-dun-camp-dhiver\/#primaryimage"},"image":{"@id":"https:\/\/www.leselfes.com\/fr\/quel-est-le-cout-dun-camp-dhiver\/#primaryimage"},"thumbnailUrl":"https:\/\/www.leselfes.com\/wp-content\/uploads\/2020\/03\/Winter_camp_6565983291-scaled-resized.jpg","datePublished":"2020-03-25T15:47:06+00:00","dateModified":"2024-11-12T11:11:29+00:00","breadcrumb":{"@id":"https:\/\/www.leselfes.com\/fr\/quel-est-le-cout-dun-camp-dhiver\/#breadcrumb"},"inLanguage":"fr-FR","potentialAction":[{"@type":"ReadAction","target":["https:\/\/www.leselfes.com\/fr\/quel-est-le-cout-dun-camp-dhiver\/"]}]},{"@type":"ImageObject","inLanguage":"fr-FR","@id":"https:\/\/www.leselfes.com\/fr\/quel-est-le-cout-dun-camp-dhiver\/#primaryimage","url":"https:\/\/www.leselfes.com\/wp-content\/uploads\/2020\/03\/Winter_camp_6565983291-scaled-resized.jpg","contentUrl":"https:\/\/www.leselfes.com\/wp-content\/uploads\/2020\/03\/Winter_camp_6565983291-scaled-resized.jpg","width":1280,"height":841},{"@type":"BreadcrumbList","@id":"https:\/\/www.leselfes.com\/fr\/quel-est-le-cout-dun-camp-dhiver\/#breadcrumb","itemListElement":[{"@type":"ListItem","position":1,"name":"Home","item":"https:\/\/www.leselfes.com\/fr\/"},{"@type":"ListItem","position":2,"name":"Quel est le co\u00fbt d&#8217;un camp d&#8217;hiver ?"}]},{"@type":"WebSite","@id":"https:\/\/dev.leselfes.com\/#website","url":"https:\/\/dev.leselfes.com\/","name":"Les Elfes International","description":"Les Elfes International, Verbier Switzerland. Summer Camp, Winter Camp, Spring Camps.","publisher":{"@id":"https:\/\/dev.leselfes.com\/#organization"},"alternateName":"Les Elfes International","potentialAction":[{"@type":"SearchAction","target":{"@type":"EntryPoint","urlTemplate":"https:\/\/dev.leselfes.com\/?s={search_term_string}"},"query-input":{"@type":"PropertyValueSpecification","valueRequired":true,"valueName":"search_term_string"}}],"inLanguage":"fr-FR"},{"@type":"Organization","@id":"https:\/\/dev.leselfes.com\/#organization","name":"Les Elfes International","alternateName":"Les Elfes International","url":"https:\/\/dev.leselfes.com\/","logo":{"@type":"ImageObject","inLanguage":"fr-FR","@id":"https:\/\/dev.leselfes.com\/#\/schema\/logo\/image\/","url":"https:\/\/www.leselfes.com\/wp-content\/uploads\/2022\/03\/leselfes-logo.png","contentUrl":"https:\/\/www.leselfes.com\/wp-content\/uploads\/2022\/03\/leselfes-logo.png","width":233,"height":51,"caption":"Les Elfes International"},"image":{"@id":"https:\/\/dev.leselfes.com\/#\/schema\/logo\/image\/"},"sameAs":["https:\/\/www.facebook.com\/LesElfesVerbier","https:\/\/x.com\/LesElfesCamps","https:\/\/www.instagram.com\/leselfes","https:\/\/www.linkedin.com\/company\/les-elfes-international","https:\/\/www.youtube.com\/user\/LesElfesVerbier"]},{"@type":"Person","@id":"https:\/\/dev.leselfes.com\/#\/schema\/person\/407a229698868b8c603874b19f37f289","name":"lesadmin","image":{"@type":"ImageObject","inLanguage":"fr-FR","@id":"https:\/\/dev.leselfes.com\/#\/schema\/person\/image\/","url":"https:\/\/secure.gravatar.com\/avatar\/fdb243a028df450397b3632d862f87f6?s=96&d=mm&r=g","contentUrl":"https:\/\/secure.gravatar.com\/avatar\/fdb243a028df450397b3632d862f87f6?s=96&d=mm&r=g","caption":"lesadmin"},"url":"https:\/\/www.leselfes.com\/fr\/author\/lesadmin\/"}]}},"_links":{"self":[{"href":"https:\/\/www.leselfes.com\/fr\/wp-json\/wp\/v2\/posts\/92064"}],"collection":[{"href":"https:\/\/www.leselfes.com\/fr\/wp-json\/wp\/v2\/posts"}],"about":[{"href":"https:\/\/www.leselfes.com\/fr\/wp-json\/wp\/v2\/types\/post"}],"author":[{"embeddable":true,"href":"https:\/\/www.leselfes.com\/fr\/wp-json\/wp\/v2\/users\/1"}],"replies":[{"embeddable":true,"href":"https:\/\/www.leselfes.com\/fr\/wp-json\/wp\/v2\/comments?post=92064"}],"version-history":[{"count":0,"href":"https:\/\/www.leselfes.com\/fr\/wp-json\/wp\/v2\/posts\/92064\/revisions"}],"wp:featuredmedia":[{"embeddable":true,"href":"https:\/\/www.leselfes.com\/fr\/wp-json\/wp\/v2\/media\/73260"}],"wp:attachment":[{"href":"https:\/\/www.leselfes.com\/fr\/wp-json\/wp\/v2\/media?parent=92064"}],"wp:term":[{"taxonomy":"category","embeddable":true,"href":"https:\/\/www.leselfes.com\/fr\/wp-json\/wp\/v2\/categories?post=92064"},{"taxonomy":"post_tag","embeddable":true,"href":"https:\/\/www.leselfes.com\/fr\/wp-json\/wp\/v2\/tags?post=92064"}],"curies":[{"name":"wp","href":"https:\/\/api.w.org\/{rel}","templated":true}]}}