{"id":92296,"date":"2021-05-12T09:09:52","date_gmt":"2021-05-12T07:09:52","guid":{"rendered":"https:\/\/www.leselfes.com\/%e2%98%80%ef%b8%8f-le-camp-dete-les-elfes-commence-bientot\/"},"modified":"2024-11-12T12:16:13","modified_gmt":"2024-11-12T11:16:13","slug":"%e2%98%80%ef%b8%8f-le-camp-dete-les-elfes-commence-bientot","status":"publish","type":"post","link":"https:\/\/www.leselfes.com\/fr\/%e2%98%80%ef%b8%8f-le-camp-dete-les-elfes-commence-bientot\/","title":{"rendered":"\u2600\ufe0f Le camp d&rsquo;\u00e9t\u00e9 Les Elfes commence bient\u00f4t !"},"content":{"rendered":"<p><strong>Chers parents,<\/strong><\/p>\n<p>  Le camp d&rsquo;hiver touche \u00e0 sa fin et nous tenons \u00e0 remercier chaleureusement tous nos campeurs.<br \/>\nCe fut une exp\u00e9rience fantastique.   <!-- \/wp:paragraph -->En raison des restrictions impos\u00e9es par de nombreuses \u00e9coles, beaucoup de nos campeurs n&rsquo;ont pas pu participer \u00e0 des activit\u00e9s de groupe ou \u00e0 des activit\u00e9s sportives.<br \/>\nAux Elfes, les campeurs ont particip\u00e9 \u00e0 des activit\u00e9s de groupe et \u00e0 des sports de plein air d&rsquo;une importance vitale.<br \/>\nLe ski et le snowboard sont tr\u00e8s b\u00e9n\u00e9fiques, et les montagnes cette saison n&rsquo;ont pas d\u00e9\u00e7u avec des conditions d&rsquo;enneigement id\u00e9ales tout au long de la saison.    <\/p>\n<p>Nous vous proposons une annulation gratuite avec remboursement int\u00e9gral \u00e0 tout moment.<\/p>\n<p>Avec l&rsquo;assouplissement des restrictions en Suisse pour diverses autres installations, les campeurs ont \u00e9galement pu visiter des destinations passionnantes, qu&rsquo;il s&rsquo;agisse d&rsquo;une visite guid\u00e9e du ch\u00e2teau de Chillon ou du passionnant mus\u00e9e de la communication \u00e0 Berne, la combinaison de la culture, du sport et de l&rsquo;apprentissage a \u00e9t\u00e9 plus populaire que jamais.<\/p>\n<p>\n<!-- \/wp:paragraph --><br \/>\n\t\t\t\t\t\t\t\t\t\t\t\t<img decoding=\"async\" width=\"534\" height=\"665\" src=\"https:\/\/www.leselfes.com\/wp-content\/uploads\/2021\/03\/Les-Elfes-Winter-Camp-Verbier-Snowboarding-Low-1.jpg\" alt=\"Camp d'hiver Les Elfes - Kids on Snowboard\" loading=\"lazy\" srcset=\"https:\/\/www.leselfes.com\/wp-content\/uploads\/2021\/03\/Les-Elfes-Winter-Camp-Verbier-Snowboarding-Low-1.jpg 534w, https:\/\/www.leselfes.com\/wp-content\/uploads\/2021\/03\/Les-Elfes-Winter-Camp-Verbier-Snowboarding-Low-1-241x300.jpg 241w\" sizes=\"(max-width: 534px) 100vw, 534px\">\t\t\t\t\t\t\t\t\t\t\t\t\t\t<\/p>\n<p><strong>Nouveaut\u00e9s de la liste rouge<br \/>\nChangements dans la liste rouge <\/strong><\/p>\n<p>Covid a certainement chang\u00e9 notre fa\u00e7on de travailler et continuera \u00e0 le faire dans un avenir pr\u00e9visible.<br \/>\nLa bonne nouvelle, c&rsquo;est que depuis la r\u00e9ouverture des Elfes en juillet de l&rsquo;ann\u00e9e derni\u00e8re, nous sommes rest\u00e9s exempts de Covid, avec de nombreux campeurs ayant \u00e9t\u00e9 test\u00e9s, ainsi que des tests r\u00e9guliers pour notre personnel.<br \/>\nLes contr\u00f4les r\u00e9guliers de temp\u00e9rature, l&rsquo;\u00e9loignement social, les masques, les protocoles d&rsquo;hygi\u00e8ne plus stricts, pour ne citer que quelques mesures, fonctionnent manifestement.<br \/>\nCela nous donne confiance en vue de l&rsquo;\u00e9t\u00e9, o\u00f9 nous esp\u00e9rons que le d\u00e9ploiement des vaccins progressera et que davantage de campeurs seront autoris\u00e9s \u00e0 voyager sans p\u00e9riode de quarantaine, par exemple au Royaume-Uni et aux \u00c9mirats arabes unis, la Suisse ayant r\u00e9cemment quitt\u00e9 la \u00ab\u00a0liste rouge\u00a0\u00bb des pays en quarantaine.     <\/p>\n<p><!-- \/wp:paragraph --><\/p>\n<p>\t\t\t<a href=\"https:\/\/www.leselfes.com\/contact-quote-request\/\" target=\"_blank\" role=\"button\" rel=\"noopener\">  CONTACTEZ-NOUS  <\/a><br \/>\n\t\t<strong>Qu&rsquo;en est-il des camps d&rsquo;\u00e9t\u00e9 ?<br \/>\nNous ouvrons le 13 juin ! <\/strong><\/p>\n<p>  Les colonies de vacances ne seraient pas passionnantes sans de nouvelles activit\u00e9s, et cette ann\u00e9e, nous en avons beaucoup.  <!-- \/wp:paragraph --><br \/>\n\t\t\t\t\t\t\t\t\t\t\t\t<img decoding=\"async\" width=\"600\" height=\"430\" src=\"https:\/\/www.leselfes.com\/wp-content\/uploads\/2021\/05\/Alaia-Bay-newsletter-low.jpg\" alt=\"Les Elfes summer camp - Alaia Bay surfing in sion\" loading=\"lazy\" srcset=\"https:\/\/www.leselfes.com\/wp-content\/uploads\/2021\/05\/Alaia-Bay-newsletter-low.jpg 600w, https:\/\/www.leselfes.com\/wp-content\/uploads\/2021\/05\/Alaia-Bay-newsletter-low-300x215.jpg 300w\" sizes=\"(max-width: 600px) 100vw, 600px\">\t\t\t\t\t\t\t\t\t\t\t\t\t\t<\/p>\n<p>Le surf \u00e0 Alais Bay \u00e0 Sion suscitant un r\u00e9el engouement, pouvoir apprendre le surf en Suisse n&rsquo;est pas quelque chose que l&rsquo;on aurait cru possible mais bien au contraire !<\/p>\n<\/p>\n<p>Vous aimez construire des fus\u00e9es, des robots et des drones ?<br \/>\nTech Labs est un expert en la mati\u00e8re et cet \u00e9t\u00e9, son \u00e9quipe viendra pour une journ\u00e9e de construction et de programmation de robots.   <\/p>\n<p>\t\t\t\t\t\t\t\t\t\t\t\t<img decoding=\"async\" width=\"528\" height=\"432\" src=\"https:\/\/www.leselfes.com\/wp-content\/uploads\/2021\/05\/images-newsletter-tech.png\" alt=\"newsletter tech\" loading=\"lazy\" srcset=\"https:\/\/www.leselfes.com\/wp-content\/uploads\/2021\/05\/images-newsletter-tech.png 528w, https:\/\/www.leselfes.com\/wp-content\/uploads\/2021\/05\/images-newsletter-tech-300x245.png 300w\" sizes=\"(max-width: 528px) 100vw, 528px\"><br \/>\n\t\t\t\t\t\t\t\t\t\t\t\t<img decoding=\"async\" width=\"601\" height=\"563\" src=\"https:\/\/www.leselfes.com\/wp-content\/uploads\/2021\/05\/Champex-lac-Newsletter.jpg\" alt=\"Colonie de vacances Les Elfes - Champex lac\" loading=\"lazy\" srcset=\"https:\/\/www.leselfes.com\/wp-content\/uploads\/2021\/05\/Champex-lac-Newsletter.jpg 601w, https:\/\/www.leselfes.com\/wp-content\/uploads\/2021\/05\/Champex-lac-Newsletter-300x281.jpg 300w\" sizes=\"(max-width: 601px) 100vw, 601px\">\t\t\t\t\t\t\t\t\t\t\t\t\t\t<\/p>\n<p>De nouvelles destinations Cabane \u00e0 Champex Lac, offrant des paysages \u00e9poustouflants et des aventures en for\u00eat dans les montagnes \u00e0 une courte distance en voiture de Verbier, seront \u00e9galement propos\u00e9es.<\/p>\n<\/p>\n<p>Cette ann\u00e9e, les campeurs pourront faire de la tyrolienne depuis le mont Fort, \u00e0 3330 m d&rsquo;altitude.<br \/>\nLe sommet offre une vue imprenable sur le Cervin \u00e0 Zermatt et le Mont Blanc \u00e0 Chamonix. <\/p>\n<p>\t\t\t\t\t\t\t\t\t\t\t\t<img decoding=\"async\" width=\"573\" height=\"414\" src=\"https:\/\/www.leselfes.com\/wp-content\/uploads\/2021\/05\/Mt-Fort-Zipline-Newsletter-1.jpg\" alt=\"Camp de vacances Les Elfes - Fipline Mobile\" loading=\"lazy\" srcset=\"https:\/\/www.leselfes.com\/wp-content\/uploads\/2021\/05\/Mt-Fort-Zipline-Newsletter-1.jpg 573w, https:\/\/www.leselfes.com\/wp-content\/uploads\/2021\/05\/Mt-Fort-Zipline-Newsletter-1-300x217.jpg 300w\" sizes=\"(max-width: 573px) 100vw, 573px\"><br \/>\n\t\t\t<a href=\"https:\/\/www.leselfes.com\/fr\/camp-dete\/#new-activities\" target=\"_blank\" role=\"button\" rel=\"noopener\">  EN SAVOIR PLUS  <\/a><br \/>\n\t\t\t\t\t\t\t\t\t\t\t\t<img decoding=\"async\" width=\"640\" height=\"443\" src=\"https:\/\/www.leselfes.com\/wp-content\/uploads\/2020\/07\/Kid-Covid.jpg\" alt=\"\" loading=\"lazy\" srcset=\"https:\/\/www.leselfes.com\/wp-content\/uploads\/2020\/07\/Kid-Covid.jpg 975w, https:\/\/www.leselfes.com\/wp-content\/uploads\/2020\/07\/Kid-Covid-300x208.jpg 300w, https:\/\/www.leselfes.com\/wp-content\/uploads\/2020\/07\/Kid-Covid-768x532.jpg 768w\" sizes=\"(max-width: 640px) 100vw, 640px\">\t\t\t\t\t\t\t\t\t\t\t\t\t\t<\/p>\n<p><strong>DES MESURES D&rsquo;ANNULATION GRATUITE ET DES MESURES STRICTES CONCERNANT LE COVID-19 SONT TOUJOURS EN PLACE<\/strong><\/p>\n<p>Comme pr\u00e9vu, les <strong>mesures COVID-19<\/strong> sont en place, et nous sommes extr\u00eamement diligents et pr\u00e9par\u00e9s avec des contr\u00f4les r\u00e9guliers et des protocoles efficaces. <\/p>\n<p>Nous vous proposons une <strong>annulation gratuite avec remboursement int\u00e9gral<\/strong> \u00e0 tout moment.<\/p>\n<p><!-- \/wp:paragraph --><\/p>\n<p>Il est temps de r\u00e9server la meilleure colonie de vacances pour vos enfants !<\/p>\n<p>Les salutations de toute l&rsquo;\u00e9quipe des Elfes<\/p>\n<p><!-- \/wp:paragraph --><\/p>\n<p>\t\t\t<a href=\"https:\/\/www.leselfes.com\/fr\/camp-dete\/sinscrire-au-camp-dete\/\" target=\"_blank\" role=\"button\" rel=\"noopener\">  R\u00c9SERVEZ MAINTENANT  <\/a><\/p>\n<h2>vous aimez ?<br \/>\npartagez-le avec vos amis <\/h2>\n<p>  Facebook Twitter LinkedIn<\/p>\n","protected":false},"excerpt":{"rendered":"<p>Le camp d&rsquo;\u00e9t\u00e9 Les Elfes d\u00e9bute le 13 juin.<br \/>\nD\u00e9couvrez nos nouvelles activit\u00e9s ! <\/p>\n","protected":false},"author":1,"featured_media":73960,"comment_status":"open","ping_status":"open","sticky":false,"template":"","format":"standard","meta":{"_acf_changed":false,"inline_featured_image":false,"footnotes":""},"categories":[1062],"tags":[],"class_list":{"0":"post-92296","1":"post","2":"type-post","3":"status-publish","4":"format-standard","5":"has-post-thumbnail","7":"category-non-classifiee"},"acf":[],"yoast_head":"<!-- This site is optimized with the Yoast SEO Premium plugin v24.2 (Yoast SEO v24.7) - https:\/\/yoast.com\/wordpress\/plugins\/seo\/ -->\n<title>\u2600\ufe0f Le camp d&#039;\u00e9t\u00e9 Les Elfes commence bient\u00f4t ! - Les Elfes International Camps Switzerland<\/title>\n<meta name=\"robots\" content=\"index, follow, max-snippet:-1, max-image-preview:large, max-video-preview:-1\" \/>\n<link rel=\"canonical\" href=\"https:\/\/www.leselfes.com\/fr\/%e2%98%80%ef%b8%8f-le-camp-dete-les-elfes-commence-bientot\/\" \/>\n<meta property=\"og:locale\" content=\"fr_FR\" \/>\n<meta property=\"og:type\" content=\"article\" \/>\n<meta property=\"og:title\" content=\"\u2600\ufe0f Le camp d&#039;\u00e9t\u00e9 Les Elfes commence bient\u00f4t !\" \/>\n<meta property=\"og:description\" content=\"Le camp d&#039;\u00e9t\u00e9 Les Elfes d\u00e9bute le 13 juin. D\u00e9couvrez nos nouvelles activit\u00e9s !\" \/>\n<meta property=\"og:url\" content=\"https:\/\/www.leselfes.com\/fr\/%e2%98%80%ef%b8%8f-le-camp-dete-les-elfes-commence-bientot\/\" \/>\n<meta property=\"og:site_name\" content=\"Les Elfes International Camps Switzerland\" \/>\n<meta property=\"article:publisher\" content=\"https:\/\/www.facebook.com\/LesElfesVerbier\" \/>\n<meta property=\"article:published_time\" content=\"2021-05-12T07:09:52+00:00\" \/>\n<meta property=\"article:modified_time\" content=\"2024-11-12T11:16:13+00:00\" \/>\n<meta property=\"og:image\" content=\"https:\/\/dev.leselfes.com\/wp-content\/uploads\/2021\/05\/newsletter-for-individuels-15.04.2021.jpg\" \/>\n\t<meta property=\"og:image:width\" content=\"1250\" \/>\n\t<meta property=\"og:image:height\" content=\"947\" \/>\n\t<meta property=\"og:image:type\" content=\"image\/jpeg\" \/>\n<meta name=\"author\" content=\"lesadmin\" \/>\n<meta name=\"twitter:card\" content=\"summary_large_image\" \/>\n<meta name=\"twitter:creator\" content=\"@LesElfesCamps\" \/>\n<meta name=\"twitter:site\" content=\"@LesElfesCamps\" \/>\n<meta name=\"twitter:label1\" content=\"\u00c9crit par\" \/>\n\t<meta name=\"twitter:data1\" content=\"lesadmin\" \/>\n\t<meta name=\"twitter:label2\" content=\"Dur\u00e9e de lecture estim\u00e9e\" \/>\n\t<meta name=\"twitter:data2\" content=\"3 minutes\" \/>\n<script type=\"application\/ld+json\" class=\"yoast-schema-graph\">{\"@context\":\"https:\/\/schema.org\",\"@graph\":[{\"@type\":\"Article\",\"@id\":\"https:\/\/www.leselfes.com\/fr\/%e2%98%80%ef%b8%8f-le-camp-dete-les-elfes-commence-bientot\/#article\",\"isPartOf\":{\"@id\":\"https:\/\/www.leselfes.com\/fr\/%e2%98%80%ef%b8%8f-le-camp-dete-les-elfes-commence-bientot\/\"},\"author\":{\"name\":\"lesadmin\",\"@id\":\"https:\/\/dev.leselfes.com\/#\/schema\/person\/407a229698868b8c603874b19f37f289\"},\"headline\":\"\u2600\ufe0f Le camp d&rsquo;\u00e9t\u00e9 Les Elfes commence bient\u00f4t !\",\"datePublished\":\"2021-05-12T07:09:52+00:00\",\"dateModified\":\"2024-11-12T11:16:13+00:00\",\"mainEntityOfPage\":{\"@id\":\"https:\/\/www.leselfes.com\/fr\/%e2%98%80%ef%b8%8f-le-camp-dete-les-elfes-commence-bientot\/\"},\"wordCount\":602,\"commentCount\":0,\"publisher\":{\"@id\":\"https:\/\/dev.leselfes.com\/#organization\"},\"image\":{\"@id\":\"https:\/\/www.leselfes.com\/fr\/%e2%98%80%ef%b8%8f-le-camp-dete-les-elfes-commence-bientot\/#primaryimage\"},\"thumbnailUrl\":\"https:\/\/www.leselfes.com\/wp-content\/uploads\/2021\/05\/newsletter-for-individuels-15.04.2021.jpg\",\"articleSection\":[\"Non classifi\u00e9(e)\"],\"inLanguage\":\"fr-FR\",\"potentialAction\":[{\"@type\":\"CommentAction\",\"name\":\"Comment\",\"target\":[\"https:\/\/www.leselfes.com\/fr\/%e2%98%80%ef%b8%8f-le-camp-dete-les-elfes-commence-bientot\/#respond\"]}]},{\"@type\":\"WebPage\",\"@id\":\"https:\/\/www.leselfes.com\/fr\/%e2%98%80%ef%b8%8f-le-camp-dete-les-elfes-commence-bientot\/\",\"url\":\"https:\/\/www.leselfes.com\/fr\/%e2%98%80%ef%b8%8f-le-camp-dete-les-elfes-commence-bientot\/\",\"name\":\"\u2600\ufe0f Le camp d'\u00e9t\u00e9 Les Elfes commence bient\u00f4t ! - Les Elfes International Camps Switzerland\",\"isPartOf\":{\"@id\":\"https:\/\/dev.leselfes.com\/#website\"},\"primaryImageOfPage\":{\"@id\":\"https:\/\/www.leselfes.com\/fr\/%e2%98%80%ef%b8%8f-le-camp-dete-les-elfes-commence-bientot\/#primaryimage\"},\"image\":{\"@id\":\"https:\/\/www.leselfes.com\/fr\/%e2%98%80%ef%b8%8f-le-camp-dete-les-elfes-commence-bientot\/#primaryimage\"},\"thumbnailUrl\":\"https:\/\/www.leselfes.com\/wp-content\/uploads\/2021\/05\/newsletter-for-individuels-15.04.2021.jpg\",\"datePublished\":\"2021-05-12T07:09:52+00:00\",\"dateModified\":\"2024-11-12T11:16:13+00:00\",\"breadcrumb\":{\"@id\":\"https:\/\/www.leselfes.com\/fr\/%e2%98%80%ef%b8%8f-le-camp-dete-les-elfes-commence-bientot\/#breadcrumb\"},\"inLanguage\":\"fr-FR\",\"potentialAction\":[{\"@type\":\"ReadAction\",\"target\":[\"https:\/\/www.leselfes.com\/fr\/%e2%98%80%ef%b8%8f-le-camp-dete-les-elfes-commence-bientot\/\"]}]},{\"@type\":\"ImageObject\",\"inLanguage\":\"fr-FR\",\"@id\":\"https:\/\/www.leselfes.com\/fr\/%e2%98%80%ef%b8%8f-le-camp-dete-les-elfes-commence-bientot\/#primaryimage\",\"url\":\"https:\/\/www.leselfes.com\/wp-content\/uploads\/2021\/05\/newsletter-for-individuels-15.04.2021.jpg\",\"contentUrl\":\"https:\/\/www.leselfes.com\/wp-content\/uploads\/2021\/05\/newsletter-for-individuels-15.04.2021.jpg\",\"width\":1250,\"height\":947},{\"@type\":\"BreadcrumbList\",\"@id\":\"https:\/\/www.leselfes.com\/fr\/%e2%98%80%ef%b8%8f-le-camp-dete-les-elfes-commence-bientot\/#breadcrumb\",\"itemListElement\":[{\"@type\":\"ListItem\",\"position\":1,\"name\":\"Home\",\"item\":\"https:\/\/www.leselfes.com\/fr\/\"},{\"@type\":\"ListItem\",\"position\":2,\"name\":\"\u2600\ufe0f Le camp d&#8217;\u00e9t\u00e9 Les Elfes commence bient\u00f4t !\"}]},{\"@type\":\"WebSite\",\"@id\":\"https:\/\/dev.leselfes.com\/#website\",\"url\":\"https:\/\/dev.leselfes.com\/\",\"name\":\"Les Elfes International\",\"description\":\"Les Elfes International, Verbier Switzerland. Summer Camp, Winter Camp, Spring Camps.\",\"publisher\":{\"@id\":\"https:\/\/dev.leselfes.com\/#organization\"},\"alternateName\":\"Les Elfes International\",\"potentialAction\":[{\"@type\":\"SearchAction\",\"target\":{\"@type\":\"EntryPoint\",\"urlTemplate\":\"https:\/\/dev.leselfes.com\/?s={search_term_string}\"},\"query-input\":{\"@type\":\"PropertyValueSpecification\",\"valueRequired\":true,\"valueName\":\"search_term_string\"}}],\"inLanguage\":\"fr-FR\"},{\"@type\":\"Organization\",\"@id\":\"https:\/\/dev.leselfes.com\/#organization\",\"name\":\"Les Elfes International\",\"alternateName\":\"Les Elfes International\",\"url\":\"https:\/\/dev.leselfes.com\/\",\"logo\":{\"@type\":\"ImageObject\",\"inLanguage\":\"fr-FR\",\"@id\":\"https:\/\/dev.leselfes.com\/#\/schema\/logo\/image\/\",\"url\":\"https:\/\/www.leselfes.com\/wp-content\/uploads\/2022\/03\/leselfes-logo.png\",\"contentUrl\":\"https:\/\/www.leselfes.com\/wp-content\/uploads\/2022\/03\/leselfes-logo.png\",\"width\":233,\"height\":51,\"caption\":\"Les Elfes International\"},\"image\":{\"@id\":\"https:\/\/dev.leselfes.com\/#\/schema\/logo\/image\/\"},\"sameAs\":[\"https:\/\/www.facebook.com\/LesElfesVerbier\",\"https:\/\/x.com\/LesElfesCamps\",\"https:\/\/www.instagram.com\/leselfes\",\"https:\/\/www.linkedin.com\/company\/les-elfes-international\",\"https:\/\/www.youtube.com\/user\/LesElfesVerbier\"]},{\"@type\":\"Person\",\"@id\":\"https:\/\/dev.leselfes.com\/#\/schema\/person\/407a229698868b8c603874b19f37f289\",\"name\":\"lesadmin\",\"image\":{\"@type\":\"ImageObject\",\"inLanguage\":\"fr-FR\",\"@id\":\"https:\/\/dev.leselfes.com\/#\/schema\/person\/image\/\",\"url\":\"https:\/\/secure.gravatar.com\/avatar\/fdb243a028df450397b3632d862f87f6?s=96&d=mm&r=g\",\"contentUrl\":\"https:\/\/secure.gravatar.com\/avatar\/fdb243a028df450397b3632d862f87f6?s=96&d=mm&r=g\",\"caption\":\"lesadmin\"},\"url\":\"https:\/\/www.leselfes.com\/fr\/author\/lesadmin\/\"}]}<\/script>\n<!-- \/ Yoast SEO Premium plugin. -->","yoast_head_json":{"title":"\u2600\ufe0f Le camp d'\u00e9t\u00e9 Les Elfes commence bient\u00f4t ! - Les Elfes International Camps Switzerland","robots":{"index":"index","follow":"follow","max-snippet":"max-snippet:-1","max-image-preview":"max-image-preview:large","max-video-preview":"max-video-preview:-1"},"canonical":"https:\/\/www.leselfes.com\/fr\/%e2%98%80%ef%b8%8f-le-camp-dete-les-elfes-commence-bientot\/","og_locale":"fr_FR","og_type":"article","og_title":"\u2600\ufe0f Le camp d'\u00e9t\u00e9 Les Elfes commence bient\u00f4t !","og_description":"Le camp d'\u00e9t\u00e9 Les Elfes d\u00e9bute le 13 juin. D\u00e9couvrez nos nouvelles activit\u00e9s !","og_url":"https:\/\/www.leselfes.com\/fr\/%e2%98%80%ef%b8%8f-le-camp-dete-les-elfes-commence-bientot\/","og_site_name":"Les Elfes International Camps Switzerland","article_publisher":"https:\/\/www.facebook.com\/LesElfesVerbier","article_published_time":"2021-05-12T07:09:52+00:00","article_modified_time":"2024-11-12T11:16:13+00:00","og_image":[{"width":1250,"height":947,"url":"https:\/\/dev.leselfes.com\/wp-content\/uploads\/2021\/05\/newsletter-for-individuels-15.04.2021.jpg","type":"image\/jpeg"}],"author":"lesadmin","twitter_card":"summary_large_image","twitter_creator":"@LesElfesCamps","twitter_site":"@LesElfesCamps","twitter_misc":{"\u00c9crit par":"lesadmin","Dur\u00e9e de lecture estim\u00e9e":"3 minutes"},"schema":{"@context":"https:\/\/schema.org","@graph":[{"@type":"Article","@id":"https:\/\/www.leselfes.com\/fr\/%e2%98%80%ef%b8%8f-le-camp-dete-les-elfes-commence-bientot\/#article","isPartOf":{"@id":"https:\/\/www.leselfes.com\/fr\/%e2%98%80%ef%b8%8f-le-camp-dete-les-elfes-commence-bientot\/"},"author":{"name":"lesadmin","@id":"https:\/\/dev.leselfes.com\/#\/schema\/person\/407a229698868b8c603874b19f37f289"},"headline":"\u2600\ufe0f Le camp d&rsquo;\u00e9t\u00e9 Les Elfes commence bient\u00f4t !","datePublished":"2021-05-12T07:09:52+00:00","dateModified":"2024-11-12T11:16:13+00:00","mainEntityOfPage":{"@id":"https:\/\/www.leselfes.com\/fr\/%e2%98%80%ef%b8%8f-le-camp-dete-les-elfes-commence-bientot\/"},"wordCount":602,"commentCount":0,"publisher":{"@id":"https:\/\/dev.leselfes.com\/#organization"},"image":{"@id":"https:\/\/www.leselfes.com\/fr\/%e2%98%80%ef%b8%8f-le-camp-dete-les-elfes-commence-bientot\/#primaryimage"},"thumbnailUrl":"https:\/\/www.leselfes.com\/wp-content\/uploads\/2021\/05\/newsletter-for-individuels-15.04.2021.jpg","articleSection":["Non classifi\u00e9(e)"],"inLanguage":"fr-FR","potentialAction":[{"@type":"CommentAction","name":"Comment","target":["https:\/\/www.leselfes.com\/fr\/%e2%98%80%ef%b8%8f-le-camp-dete-les-elfes-commence-bientot\/#respond"]}]},{"@type":"WebPage","@id":"https:\/\/www.leselfes.com\/fr\/%e2%98%80%ef%b8%8f-le-camp-dete-les-elfes-commence-bientot\/","url":"https:\/\/www.leselfes.com\/fr\/%e2%98%80%ef%b8%8f-le-camp-dete-les-elfes-commence-bientot\/","name":"\u2600\ufe0f Le camp d'\u00e9t\u00e9 Les Elfes commence bient\u00f4t ! - Les Elfes International Camps Switzerland","isPartOf":{"@id":"https:\/\/dev.leselfes.com\/#website"},"primaryImageOfPage":{"@id":"https:\/\/www.leselfes.com\/fr\/%e2%98%80%ef%b8%8f-le-camp-dete-les-elfes-commence-bientot\/#primaryimage"},"image":{"@id":"https:\/\/www.leselfes.com\/fr\/%e2%98%80%ef%b8%8f-le-camp-dete-les-elfes-commence-bientot\/#primaryimage"},"thumbnailUrl":"https:\/\/www.leselfes.com\/wp-content\/uploads\/2021\/05\/newsletter-for-individuels-15.04.2021.jpg","datePublished":"2021-05-12T07:09:52+00:00","dateModified":"2024-11-12T11:16:13+00:00","breadcrumb":{"@id":"https:\/\/www.leselfes.com\/fr\/%e2%98%80%ef%b8%8f-le-camp-dete-les-elfes-commence-bientot\/#breadcrumb"},"inLanguage":"fr-FR","potentialAction":[{"@type":"ReadAction","target":["https:\/\/www.leselfes.com\/fr\/%e2%98%80%ef%b8%8f-le-camp-dete-les-elfes-commence-bientot\/"]}]},{"@type":"ImageObject","inLanguage":"fr-FR","@id":"https:\/\/www.leselfes.com\/fr\/%e2%98%80%ef%b8%8f-le-camp-dete-les-elfes-commence-bientot\/#primaryimage","url":"https:\/\/www.leselfes.com\/wp-content\/uploads\/2021\/05\/newsletter-for-individuels-15.04.2021.jpg","contentUrl":"https:\/\/www.leselfes.com\/wp-content\/uploads\/2021\/05\/newsletter-for-individuels-15.04.2021.jpg","width":1250,"height":947},{"@type":"BreadcrumbList","@id":"https:\/\/www.leselfes.com\/fr\/%e2%98%80%ef%b8%8f-le-camp-dete-les-elfes-commence-bientot\/#breadcrumb","itemListElement":[{"@type":"ListItem","position":1,"name":"Home","item":"https:\/\/www.leselfes.com\/fr\/"},{"@type":"ListItem","position":2,"name":"\u2600\ufe0f Le camp d&#8217;\u00e9t\u00e9 Les Elfes commence bient\u00f4t !"}]},{"@type":"WebSite","@id":"https:\/\/dev.leselfes.com\/#website","url":"https:\/\/dev.leselfes.com\/","name":"Les Elfes International","description":"Les Elfes International, Verbier Switzerland. Summer Camp, Winter Camp, Spring Camps.","publisher":{"@id":"https:\/\/dev.leselfes.com\/#organization"},"alternateName":"Les Elfes International","potentialAction":[{"@type":"SearchAction","target":{"@type":"EntryPoint","urlTemplate":"https:\/\/dev.leselfes.com\/?s={search_term_string}"},"query-input":{"@type":"PropertyValueSpecification","valueRequired":true,"valueName":"search_term_string"}}],"inLanguage":"fr-FR"},{"@type":"Organization","@id":"https:\/\/dev.leselfes.com\/#organization","name":"Les Elfes International","alternateName":"Les Elfes International","url":"https:\/\/dev.leselfes.com\/","logo":{"@type":"ImageObject","inLanguage":"fr-FR","@id":"https:\/\/dev.leselfes.com\/#\/schema\/logo\/image\/","url":"https:\/\/www.leselfes.com\/wp-content\/uploads\/2022\/03\/leselfes-logo.png","contentUrl":"https:\/\/www.leselfes.com\/wp-content\/uploads\/2022\/03\/leselfes-logo.png","width":233,"height":51,"caption":"Les Elfes International"},"image":{"@id":"https:\/\/dev.leselfes.com\/#\/schema\/logo\/image\/"},"sameAs":["https:\/\/www.facebook.com\/LesElfesVerbier","https:\/\/x.com\/LesElfesCamps","https:\/\/www.instagram.com\/leselfes","https:\/\/www.linkedin.com\/company\/les-elfes-international","https:\/\/www.youtube.com\/user\/LesElfesVerbier"]},{"@type":"Person","@id":"https:\/\/dev.leselfes.com\/#\/schema\/person\/407a229698868b8c603874b19f37f289","name":"lesadmin","image":{"@type":"ImageObject","inLanguage":"fr-FR","@id":"https:\/\/dev.leselfes.com\/#\/schema\/person\/image\/","url":"https:\/\/secure.gravatar.com\/avatar\/fdb243a028df450397b3632d862f87f6?s=96&d=mm&r=g","contentUrl":"https:\/\/secure.gravatar.com\/avatar\/fdb243a028df450397b3632d862f87f6?s=96&d=mm&r=g","caption":"lesadmin"},"url":"https:\/\/www.leselfes.com\/fr\/author\/lesadmin\/"}]}},"_links":{"self":[{"href":"https:\/\/www.leselfes.com\/fr\/wp-json\/wp\/v2\/posts\/92296"}],"collection":[{"href":"https:\/\/www.leselfes.com\/fr\/wp-json\/wp\/v2\/posts"}],"about":[{"href":"https:\/\/www.leselfes.com\/fr\/wp-json\/wp\/v2\/types\/post"}],"author":[{"embeddable":true,"href":"https:\/\/www.leselfes.com\/fr\/wp-json\/wp\/v2\/users\/1"}],"replies":[{"embeddable":true,"href":"https:\/\/www.leselfes.com\/fr\/wp-json\/wp\/v2\/comments?post=92296"}],"version-history":[{"count":0,"href":"https:\/\/www.leselfes.com\/fr\/wp-json\/wp\/v2\/posts\/92296\/revisions"}],"wp:featuredmedia":[{"embeddable":true,"href":"https:\/\/www.leselfes.com\/fr\/wp-json\/wp\/v2\/media\/73960"}],"wp:attachment":[{"href":"https:\/\/www.leselfes.com\/fr\/wp-json\/wp\/v2\/media?parent=92296"}],"wp:term":[{"taxonomy":"category","embeddable":true,"href":"https:\/\/www.leselfes.com\/fr\/wp-json\/wp\/v2\/categories?post=92296"},{"taxonomy":"post_tag","embeddable":true,"href":"https:\/\/www.leselfes.com\/fr\/wp-json\/wp\/v2\/tags?post=92296"}],"curies":[{"name":"wp","href":"https:\/\/api.w.org\/{rel}","templated":true}]}}