{"id":92605,"date":"2019-07-03T21:15:35","date_gmt":"2019-07-03T19:15:35","guid":{"rendered":"https:\/\/www.leselfes.com\/les-ecoles-qui-veulent-faire-des-sejours-en-camp-dete-en-suisse-et-rencontrer-de-nouveaux-eleves\/"},"modified":"2024-11-12T12:25:13","modified_gmt":"2024-11-12T11:25:13","slug":"les-ecoles-qui-veulent-faire-des-sejours-en-camp-dete-en-suisse-et-rencontrer-de-nouveaux-eleves","status":"publish","type":"post","link":"https:\/\/www.leselfes.com\/fr\/les-ecoles-qui-veulent-faire-des-sejours-en-camp-dete-en-suisse-et-rencontrer-de-nouveaux-eleves\/","title":{"rendered":"Les \u00e9coles qui veulent faire des s\u00e9jours en camp d&rsquo;\u00e9t\u00e9 en Suisse et rencontrer de nouveaux \u00e9l\u00e8ves"},"content":{"rendered":"<p>\n\n<figure><img decoding=\"async\" src=\"https:\/\/www.leselfes.com\/wp-content\/uploads\/2020\/05\/Verbier-Panorama-scaled.jpg\" alt=\"\"\/><\/figure>\n<p><\/p><\/p>\n<p>\n\n<p>Bien que la Suisse soit un petit pays, c&rsquo;est un endroit magnifique avec une diversit\u00e9 exceptionnelle.\nIl existe trois r\u00e9gions s\u00e9mantiques dans le pays, qui ont innov\u00e9 leurs traditions, leur culture, leur cuisine et leur \u00e9conomie uniques.\nCependant, de nombreux \u00e9trangers se sont install\u00e9s de mani\u00e8re permanente en Suisse et ont introduit diff\u00e9rentes langues et cultures dans le pays.  <\/p>\n<p><\/p><\/p>\n<p>\n\n<p>La Suisse s&rsquo;enorgueillit de poss\u00e9der quatre langues nationales.\nEn outre, plus de 21 % de la population totale est compos\u00e9e d&rsquo;\u00e9trangers, ce qui fait du pays un centre multiculturel situ\u00e9 au c\u0153ur de l&rsquo;Europe.\nBien qu&rsquo;un grand pourcentage des r\u00e9sidents suisses parlent l&rsquo;allemand, ils parlent aussi couramment deux langues, ce qui rend la r\u00e9gion id\u00e9ale pour les \u00e9tudes et les interactions entre \u00e9tudiants.\nIl n&rsquo;est donc pas \u00e9tonnant que les \u00e9coles suisses qui souhaitent organiser des <a href=\"\">voyages<\/a> et rencontrer de nouveaux \u00e9l\u00e8ves pour les \u00e9coles internationales soient en plein essor.     <\/p>\n<p><\/p><\/p>\n<p>\n\n<h2 class=\"wp-block-heading\">Comment se passe l&rsquo;exp\u00e9rience des \u00e9tudes en Suisse ?<\/h2>\n<p><\/p><\/p>\n<p>\n\n<p>La topographie, les paysages et les activit\u00e9s de loisirs de la Suisse sont diversifi\u00e9s, tout comme la culture du pays.\nLa Suisse est connue pour \u00eatre un centre de sports d&rsquo;hiver et d&rsquo;\u00e9t\u00e9 et abrite des m\u00e9tropoles telles que B\u00e2le, Zurich et Gen\u00e8ve, ainsi que d&rsquo;autres petites villes sophistiqu\u00e9es. <\/p>\n<p><\/p><\/p>\n<p>\n\n<p>Depuis longtemps, la Suisse figure parmi les meilleures destinations touristiques du monde, avec des sites amusants et int\u00e9ressants \u00e0 d\u00e9couvrir.\nLe mode de vie dans le pays d\u00e9pend de l&rsquo;endroit o\u00f9 vous vivez.\nDans le monde rapide d&rsquo;aujourd&rsquo;hui, la population suisse est divis\u00e9e entre les habitants des grandes villes, ceux qui vivent dans des villes plus petites et les autres qui vivent dans les zones rurales.    <\/p>\n<p><\/p><\/p>\n<p>\n\n<h3 class=\"wp-block-heading\">&#8211; L&rsquo;alimentation en Suisse<\/h3>\n<p><\/p><\/p>\n<p>\n\n<p>Les \u00e9tudiants <a href=\"https:\/\/mystudentvoices.com\/top-5-benefits-of-studying-in-switzerland-ebc20762b522\">des \u00e9coles suisses<\/a> peuvent go\u00fbter au vaste m\u00e9lange de cuisines allemande, fran\u00e7aise et italienne. Quel que soit leur plat pr\u00e9f\u00e9r\u00e9, les \u00e9tudiants sont assur\u00e9s de le trouver dans ce pays. De plus, il existe de nombreux plats exotiques suisses que les \u00e9tudiants peuvent essayer, comme la fondue. Il existe \u00e9galement une grande vari\u00e9t\u00e9 de desserts somptueux tels que les pommes cuites, les brownies et les biscuits.     <\/p>\n<p><\/p><\/p>\n<p>\n\n<h3 class=\"wp-block-heading\">&#8211; Co\u00fbt de la vie pour les \u00e9l\u00e8ves des \u00e9coles suisses<\/h3>\n<p><\/p><\/p>\n<p>\n\n<p>Le co\u00fbt de la vie en Suisse est l\u00e9g\u00e8rement \u00e9lev\u00e9, ce qui est compr\u00e9hensible \u00e9tant donn\u00e9 que le pays fait partie des nations les plus d\u00e9velopp\u00e9es et les plus riches du monde.\nN\u00e9anmoins, les \u00e9tudes dans les \u00e9coles suisses sont moins ch\u00e8res que dans d&rsquo;autres r\u00e9gions en dehors de Gen\u00e8ve et de Zurich, m\u00eame si la nourriture et d&rsquo;autres produits peuvent \u00eatre plus chers que dans d&rsquo;autres r\u00e9gions d&rsquo;Europe. <\/p>\n<p><\/p><\/p>\n<p>\n\n<p>Si vous cherchez une solution \u00e9conomique, vous pouvez vous tourner vers les associations de logement \u00e9tudiant.\nCelles-ci vous proposent un large \u00e9ventail d&rsquo;appartements et de chambres adapt\u00e9s \u00e0 votre budget.\nIl convient de noter que les prix moyens varient d&rsquo;une ville \u00e0 l&rsquo;autre.    <\/p>\n<p><\/p><\/p>\n<p>\n\n<h3 class=\"wp-block-heading\">&#8211; H\u00e9bergement<\/h3>\n<p><\/p><\/p>\n<p>\n\n<p>L&rsquo;une des choses les plus importantes \u00e0 prendre en compte avant de choisir votre destination d&rsquo;apprentissage est le logement.\nIl existe une grande vari\u00e9t\u00e9 d&rsquo;options de logement, allant de la location priv\u00e9e aux r\u00e9sidences universitaires. <\/p>\n<p><\/p><\/p>\n<p>\n\n<p>Certaines \u00e9coles en Suisse fournissent un logement \u00e0 leurs \u00e9tudiants internationaux selon leurs conditions.\nCependant, chaque \u00e9tudiant doit trouver son propre logement et l&rsquo;une des fa\u00e7ons les plus populaires de le faire est de louer une maison, un appartement ou une chambre dans les r\u00e9sidences universitaires. <\/p>\n<p><\/p><\/p>\n<p>\n\n<p>Si vous \u00eates \u00e9tudiant et que vous \u00eates \u00e0 la recherche d&rsquo;\u00e9tablissements d&rsquo;enseignement internationaux, vous pouvez envisager d&rsquo;\u00e9tudier en Suisse, car les universit\u00e9s du pays vous proposent divers programmes pour une exp\u00e9rience ultime d&rsquo;\u00e9tudes \u00e0 l&rsquo;\u00e9tranger.\nDe plus, le pays est un choix parfait pour vous si vous voyagez pour la premi\u00e8re fois. <\/p>\n<p><\/p><\/p>\n<p>\n\n<p>Comme nous l&rsquo;avons mentionn\u00e9 plus haut, la culture est diversifi\u00e9e, ce qui permet aux \u00e9tudiants d&rsquo;apprendre et de s&rsquo;engager dans de nouvelles choses.\nLa meilleure chose \u00e0 propos de ce pays est que vous pouvez toujours vous adonner aux activit\u00e9s amusantes et passionnantes que vous aimiez faire dans votre pays d&rsquo;origine.\nGr\u00e2ce \u00e0 cette facilit\u00e9, vous ne devriez pas avoir de mal \u00e0 vous installer.  <\/p>\n<p><\/p><\/p>\n<p>\n\n<p>Bien s\u00fbr, \u00e9tudier dans une \u00e9cole internationale suisse \u00e0 l&rsquo;\u00e9tranger peut \u00eatre difficile.\nToutefois, les \u00e9tudiants peuvent partir pendant les vacances d&rsquo;hiver ou m\u00eame d&rsquo;\u00e9t\u00e9, simplement pour d\u00e9couvrir le pays.\nIls peuvent ainsi d\u00e9cider si l&rsquo;exp\u00e9rience vaut ou non la peine de passer tout leur semestre.    <\/p>\n<p><\/p><\/p>\n<p>\n\n<h2 class=\"wp-block-heading\">Les meilleures universit\u00e9s suisses pour les \u00e9tudiants internationaux<\/h2>\n<p><\/p><\/p>\n<p>\n\n<p>Il existe plusieurs universit\u00e9s en Suisse, qui proposent toutes des programmes sur mesure pour que les \u00e9tudiants participent aux vacances et aux \u00e9v\u00e9nements de rencontre, ce qui leur permet d&rsquo;interagir avec de nouveaux \u00e9tudiants venus de diff\u00e9rentes parties du monde.\nEn voici quelques-unes.   <\/p>\n<p><\/p><\/p>\n<p>\n\n<h3 class=\"wp-block-heading\">&#8211; Universit\u00e9 internationale de Gen\u00e8ve<\/h3>\n<p><\/p><\/p>\n<p>\n\n<p>L&rsquo;Universit\u00e9 internationale de Gen\u00e8ve est l&rsquo;une des dix meilleures \u00e9coles de commerce du pays et l&rsquo;une des meilleures universit\u00e9s pour les \u00e9tudiants internationaux en Suisse.\nL&rsquo;\u00e9cole met l&rsquo;accent sur des pratiques d&rsquo;\u00e9tude \u00e0 la fois pratiques et th\u00e9oriques, ce qui est id\u00e9al lorsqu&rsquo;il s&rsquo;agit de pr\u00e9parer les \u00e9tudiants \u00e0 leur carri\u00e8re dans le commerce international. <\/p>\n<p><\/p><\/p>\n<p>\n\n<p>L&rsquo;institution est une plaque tournante de la culture, des affaires et de la politique.\nDe plus, Gen\u00e8ve est un lieu d&rsquo;\u00e9tudes id\u00e9al qui vous permet de mettre en pratique ce que vous avez appris th\u00e9oriquement dans le monde r\u00e9el.\n\u00c9tudier \u00e0 Gen\u00e8ve pr\u00e9sente des avantages suppl\u00e9mentaires, notamment parce que la ville est situ\u00e9e dans la partie centrale de l&rsquo;Europe.\nCela signifie qu&rsquo;il est beaucoup plus facile de se rendre dans d&rsquo;autres villes.\nL&rsquo;\u00e9cole a fait de grands progr\u00e8s dans l&rsquo;\u00e9tablissement de relations \u00e0 l&rsquo;int\u00e9rieur et \u00e0 l&rsquo;ext\u00e9rieur de la Suisse.\nCes relations ont permis d&rsquo;aider les \u00e9tudiants pendant leur p\u00e9riode d&rsquo;\u00e9tudes et apr\u00e8s l&rsquo;obtention de leur dipl\u00f4me.     <\/p>\n<p><\/p><\/p>\n<p>\n\n<p>Les cours de cette \u00e9cole internationale suisse sont dispens\u00e9s en anglais.\nL&rsquo;Universit\u00e9 internationale de Gen\u00e8ve a conclu des partenariats avec plusieurs \u00e9coles aux Etats-Unis afin de permettre \u00e0 ses \u00e9tudiants de terminer leur semestre \u00e0 Gen\u00e8ve et d&rsquo;appliquer ce qu&rsquo;ils ont appris dans leur universit\u00e9 d&rsquo;origine.\nSi vous \u00eates \u00e0 la recherche d&rsquo;une opportunit\u00e9 d&rsquo;\u00e9tude \u00e0 court terme, l&rsquo;Universit\u00e9 de Gen\u00e8ve est id\u00e9ale.  <\/p>\n<p><\/p><\/p>\n<p>\n\n<h3 class=\"wp-block-heading\">&#8211; Universit\u00e9 de Gen\u00e8ve<\/h3>\n<p><\/p><\/p>\n<p>\n\n<p>L&rsquo;Universit\u00e9 de Gen\u00e8ve a \u00e9t\u00e9 inaugur\u00e9e en 1559 et c&rsquo;est la deuxi\u00e8me plus grande universit\u00e9 de Suisse.\nC&rsquo;est une institution mondialement reconnue pour son enseignement et sa recherche.\nUn tiers des \u00e9tudiants de cette institution sont des \u00e9trangers.\nAlors que Gen\u00e8ve est le centre de la Suisse francophone, cette institution propose des cours de soutien en fran\u00e7ais pour les \u00e9tudiants non francophones.   <\/p>\n<p><\/p><\/p>\n<p>\n\n<p>Dans cette institution, vous pouvez suivre des cours de courte dur\u00e9e ou des cours r\u00e9guliers et complets qui sont enseign\u00e9s en anglais.\nL&rsquo;Universit\u00e9 de Gen\u00e8ve offre aux \u00e9tudiants de nombreuses possibilit\u00e9s de s&rsquo;engager dans diff\u00e9rentes activit\u00e9s r\u00e9cr\u00e9atives.\nLes \u00e9tudiants appr\u00e9cieront de pratiquer des <a href=\"\">sports et d&rsquo;autres activit\u00e9s passionnantes<\/a> dans toute la Suisse.    <\/p>\n<p><\/p><\/p>\n<p>\n\n<h3 class=\"wp-block-heading\">Ecole de commerce et d&rsquo;h\u00f4tellerie de Suisse<\/h3>\n<p><\/p><\/p>\n<p>\n\n<p>Cette \u00e9cole suisse d&rsquo;h\u00f4tellerie est situ\u00e9e \u00e0 Lucerne et s&rsquo;adresse aux \u00e9tudiants d\u00e9sireux d&rsquo;\u00e9tudier la gestion de l&rsquo;h\u00f4tellerie, les arts culinaires et la gestion des affaires internationales.\nL&rsquo;\u00e9tablissement accueille des \u00e9tudiants de plus de 65 destinations et s&rsquo;efforce de vous donner une exp\u00e9rience maximale du monde r\u00e9el. <\/p>\n<p><\/p><\/p>\n<p>\n\n<p>L&rsquo;\u00e9cole de commerce et de gestion h\u00f4teli\u00e8re en Suisse s&rsquo;engage \u00e0 garantir que les \u00e9tudiants r\u00e9ussissent dans l&rsquo;industrie h\u00f4teli\u00e8re mondiale.\nL&rsquo;\u00e9cole suisse a \u00e9tabli des partenariats avec diverses institutions \u00e0 travers le monde pour s&rsquo;assurer que les \u00e9tudiants b\u00e9n\u00e9ficient d&rsquo;une formation et d&rsquo;une exp\u00e9rience parfaites pendant leur p\u00e9riode d&rsquo;\u00e9tudes. <\/p>\n<p><\/p><\/p>\n<p>\n\n<p>Outre les \u00e9tudes, l&rsquo;\u00e9tablissement s&rsquo;efforce d&rsquo;exposer les \u00e9tudiants \u00e0 des activit\u00e9s pratiques telles que les <a href=\"https:\/\/www.leselfes.com\/fr\/?page_id=89039\">camps et les randonn\u00e9es<\/a>, qui offrent aux \u00e9tudiants une occasion parfaite d&rsquo;interagir avec d&rsquo;autres \u00e9tudiants de diverses institutions en Suisse et \u00e0 l&rsquo;\u00e9tranger. Que vous soyez \u00e0 la recherche d&rsquo;un programme de courte dur\u00e9e ou d&rsquo;un dipl\u00f4me complet, le BHMS devrait figurer sur votre liste.   <\/p>\n<p><\/p><\/p>\n<p>\n\n<h3 class=\"wp-block-heading\">&#8211; Universit\u00e9 de Berne<\/h3>\n<p><\/p><\/p>\n<p>\n\n<p>L&rsquo;Universit\u00e9 de Berne est situ\u00e9e dans la capitale suisse.\nL&rsquo;institution est un centre politique et culturel et accorde une importance particuli\u00e8re \u00e0 la durabilit\u00e9 et \u00e0 l&rsquo;\u00e9galit\u00e9 des sexes.\nLes \u00e9tudiants de l&rsquo;Universit\u00e9 de Berne b\u00e9n\u00e9ficieront de l&rsquo;engagement de l&rsquo;Universit\u00e9 \u00e0 innover et \u00e0 am\u00e9liorer la prestation de services.  <\/p>\n<p><\/p><\/p>\n<p>\n\n<p>La ville de Berne abrite de nombreux mus\u00e9es et le site du patrimoine mondial de l&rsquo;UNESCO.\nLes \u00e9tudiants appr\u00e9cieront \u00e9galement les diverses formes d&rsquo;apprentissage informel propos\u00e9es par l&rsquo;\u00e9cole.\nSi vous envisagez d&rsquo;\u00e9tudier dans cette universit\u00e9, vous pouvez vous inscrire \u00e0 des cours d&rsquo;allemand.\nLes \u00e9tudiants peuvent choisir des cours de courte dur\u00e9e ou des cours complets que l&rsquo;\u00e9cole propose.   <\/p>\n<p><\/p><\/p>\n<p>\n\n<h3 class=\"wp-block-heading\">&#8211; Universit\u00e9 de Lausanne<\/h3>\n<p><\/p><\/p>\n<p>\n\n<p>Un grand pourcentage des \u00e9tudiants qui \u00e9tudient dans cet \u00e9tablissement sont des \u00e9tudiants internationaux.\nCela vous permet non seulement de vous m\u00ealer \u00e0 des \u00e9tudiants de diff\u00e9rentes parties du monde, mais c&rsquo;est aussi une occasion parfaite pour vous d&rsquo;apprendre \u00e0 conna\u00eetre diff\u00e9rentes cultures et de vous faire de nouveaux amis.\nLausanne est connue pour sa sc\u00e8ne artistique et son centre archa\u00efque.\nEn outre, la r\u00e9gion est \u00e9galement une plaque tournante du Comit\u00e9 international olympique.   <\/p>\n<p><\/p><\/p>\n<p>\n\n<p>M\u00eame si plusieurs cours de cette universit\u00e9 sont enseign\u00e9s en fran\u00e7ais, l&rsquo;\u00e9cole suisse aide les \u00e9tudiants \u00e0 am\u00e9liorer leur compr\u00e9hension de la langue fran\u00e7aise.\nIl existe une \u00e9cole du d\u00e9partement de fran\u00e7ais de l&rsquo;institution qui offre des cours de fran\u00e7ais \u00e0 ses \u00e9tudiants internationaux non francophones. <\/p>\n<p><\/p><\/p>\n<p>\n\n<p>Cela permet non seulement aux \u00e9tudiants d&rsquo;am\u00e9liorer leur connaissance de la langue fran\u00e7aise, mais aussi d&rsquo;enrichir leur connaissance de la culture et de la litt\u00e9rature.\nLes \u00e9tudiants non francophones peuvent m\u00eame choisir d&rsquo;\u00e9tudier pendant les vacances d&rsquo;\u00e9t\u00e9 et d&rsquo;hiver.\nL&rsquo;\u00e9tablissement propose \u00e0 la fois des programmes complets et des programmes de courte dur\u00e9e.    <\/p>\n<p><\/p><\/p>\n<p>\n\n<h3 class=\"wp-block-heading\">&#8211; Universit\u00e9 de Zurich<\/h3>\n<p><\/p><\/p>\n<p>\n\n<p>Zurich est la plus grande ville de Suisse et l&rsquo;Universit\u00e9 de Zurich est la plus grande de la r\u00e9gion.\nL&rsquo;institution se trouve dans l&rsquo;un des principaux centres mondiaux et est r\u00e9put\u00e9e pour \u00eatre l&rsquo;une des meilleures universit\u00e9s du pays et de toute l&rsquo;Europe en g\u00e9n\u00e9ral.\nCette institution offre un large \u00e9ventail de programmes acad\u00e9miques aux \u00e9tudiants en fonction de leurs besoins.  <\/p>\n<p><\/p><\/p>\n<p>\n\n<p>\u00c9tudier dans un grand \u00e9tablissement est b\u00e9n\u00e9fique pour les \u00e9tudiants, car ils sont s\u00fbrs de trouver un cours qui r\u00e9ponde \u00e0 leurs besoins.\nDe nombreuses ressources sont mises \u00e0 la disposition des \u00e9tudiants \u00e9trangers dans cet \u00e9tablissement, afin de faciliter leur transition. <\/p>\n<p><\/p><\/p>\n<p>\n\n<p>Zurich offre de nombreuses activit\u00e9s de loisirs et cette institution expose ses \u00e9tudiants \u00e0 des activit\u00e9s amusantes et passionnantes pour les aider \u00e0 trouver un \u00e9quilibre entre les \u00e9tudes et leur vie sociale.<\/p>\n<p><\/p><\/p>\n<p>\n\n<h2 class=\"wp-block-heading\">Enfin<\/h2>\n<p><\/p><\/p>\n<p>\n\n<p>Bien que la Suisse soit un petit pays, elle offre des sites exceptionnels, une histoire riche, une cuisine somptueuse et des <a href=\"https:\/\/www.gooverseas.com\/high-school-abroad\/switzerland\">\u00e9coles suisses de<\/a> grande qualit\u00e9 pour les \u00e9tudiants internationaux. Si vous \u00eates \u00e0 la recherche de l&rsquo;\u00e9tablissement id\u00e9al pour vos \u00e9tudes, les universit\u00e9s suisses offrent une \u00e9ducation compl\u00e8te \u00e0 tous les \u00e9tudiants. <\/p>\n<p><\/p><\/p>\n","protected":false},"excerpt":{"rendered":"<p>Bien que la Suisse soit un petit pays, c&rsquo;est un endroit magnifique avec une diversit\u00e9 exceptionnelle. Il existe trois r\u00e9gions s\u00e9mantiques dans le pays, qui ont innov\u00e9 leurs traditions, leur&#8230;<\/p>\n","protected":false},"author":6,"featured_media":0,"comment_status":"closed","ping_status":"open","sticky":false,"template":"","format":"standard","meta":{"_acf_changed":false,"inline_featured_image":false,"footnotes":""},"categories":[1356,1372],"tags":[1725,1543,1724],"class_list":{"0":"post-92605","1":"post","2":"type-post","3":"status-publish","4":"format-standard","6":"category-articles-fr","7":"category-camp-dete","8":"tag-camp-dete-en-suisse","9":"tag-colonies-de-vacances-en-suisse","10":"tag-rencontrez-les-nouveaux-etudiants"},"acf":[],"yoast_head":"<!-- This site is optimized with the Yoast SEO Premium plugin v24.2 (Yoast SEO v24.7) - https:\/\/yoast.com\/wordpress\/plugins\/seo\/ -->\n<title>Les \u00e9coles qui veulent faire des s\u00e9jours en camp d&#039;\u00e9t\u00e9 en Suisse et rencontrer de nouveaux \u00e9l\u00e8ves - Les Elfes International Camps Switzerland<\/title>\n<meta name=\"robots\" content=\"index, follow, max-snippet:-1, max-image-preview:large, max-video-preview:-1\" \/>\n<link rel=\"canonical\" href=\"https:\/\/www.leselfes.com\/fr\/les-ecoles-qui-veulent-faire-des-sejours-en-camp-dete-en-suisse-et-rencontrer-de-nouveaux-eleves\/\" \/>\n<meta property=\"og:locale\" content=\"fr_FR\" \/>\n<meta property=\"og:type\" content=\"article\" \/>\n<meta property=\"og:title\" content=\"Les \u00e9coles qui veulent faire des s\u00e9jours en camp d&#039;\u00e9t\u00e9 en Suisse et rencontrer de nouveaux \u00e9l\u00e8ves\" \/>\n<meta property=\"og:description\" content=\"Bien que la Suisse soit un petit pays, c&rsquo;est un endroit magnifique avec une diversit\u00e9 exceptionnelle. Il existe trois r\u00e9gions s\u00e9mantiques dans le pays, qui ont innov\u00e9 leurs traditions, leur...\" \/>\n<meta property=\"og:url\" content=\"https:\/\/www.leselfes.com\/fr\/les-ecoles-qui-veulent-faire-des-sejours-en-camp-dete-en-suisse-et-rencontrer-de-nouveaux-eleves\/\" \/>\n<meta property=\"og:site_name\" content=\"Les Elfes International Camps Switzerland\" \/>\n<meta property=\"article:publisher\" content=\"https:\/\/www.facebook.com\/LesElfesVerbier\" \/>\n<meta property=\"article:published_time\" content=\"2019-07-03T19:15:35+00:00\" \/>\n<meta property=\"article:modified_time\" content=\"2024-11-12T11:25:13+00:00\" \/>\n<meta property=\"og:image\" content=\"https:\/\/dev.leselfes.com\/wp-content\/uploads\/2020\/05\/Verbier-Panorama-scaled.jpg\" \/>\n<meta name=\"author\" content=\"carlotta\" \/>\n<meta name=\"twitter:card\" content=\"summary_large_image\" \/>\n<meta name=\"twitter:creator\" content=\"@LesElfesCamps\" \/>\n<meta name=\"twitter:site\" content=\"@LesElfesCamps\" \/>\n<meta name=\"twitter:label1\" content=\"\u00c9crit par\" \/>\n\t<meta name=\"twitter:data1\" content=\"carlotta\" \/>\n\t<meta name=\"twitter:label2\" content=\"Dur\u00e9e de lecture estim\u00e9e\" \/>\n\t<meta name=\"twitter:data2\" content=\"10 minutes\" \/>\n<script type=\"application\/ld+json\" class=\"yoast-schema-graph\">{\"@context\":\"https:\/\/schema.org\",\"@graph\":[{\"@type\":\"Article\",\"@id\":\"https:\/\/www.leselfes.com\/fr\/les-ecoles-qui-veulent-faire-des-sejours-en-camp-dete-en-suisse-et-rencontrer-de-nouveaux-eleves\/#article\",\"isPartOf\":{\"@id\":\"https:\/\/www.leselfes.com\/fr\/les-ecoles-qui-veulent-faire-des-sejours-en-camp-dete-en-suisse-et-rencontrer-de-nouveaux-eleves\/\"},\"author\":{\"name\":\"carlotta\",\"@id\":\"https:\/\/dev.leselfes.com\/#\/schema\/person\/9e8c1c68ef43ed5c58fa46ac5d8ee338\"},\"headline\":\"Les \u00e9coles qui veulent faire des s\u00e9jours en camp d&rsquo;\u00e9t\u00e9 en Suisse et rencontrer de nouveaux \u00e9l\u00e8ves\",\"datePublished\":\"2019-07-03T19:15:35+00:00\",\"dateModified\":\"2024-11-12T11:25:13+00:00\",\"mainEntityOfPage\":{\"@id\":\"https:\/\/www.leselfes.com\/fr\/les-ecoles-qui-veulent-faire-des-sejours-en-camp-dete-en-suisse-et-rencontrer-de-nouveaux-eleves\/\"},\"wordCount\":2032,\"publisher\":{\"@id\":\"https:\/\/dev.leselfes.com\/#organization\"},\"image\":{\"@id\":\"https:\/\/www.leselfes.com\/fr\/les-ecoles-qui-veulent-faire-des-sejours-en-camp-dete-en-suisse-et-rencontrer-de-nouveaux-eleves\/#primaryimage\"},\"thumbnailUrl\":\"https:\/\/www.leselfes.com\/wp-content\/uploads\/2020\/05\/Verbier-Panorama-scaled.jpg\",\"keywords\":[\"Camp d'\u00e9t\u00e9 en Suisse\",\"Colonies de vacances en Suisse\",\"Rencontrez les nouveaux \u00e9tudiants\"],\"articleSection\":[\"Articles\",\"Camp d'\u00e9t\u00e9\"],\"inLanguage\":\"fr-FR\"},{\"@type\":\"WebPage\",\"@id\":\"https:\/\/www.leselfes.com\/fr\/les-ecoles-qui-veulent-faire-des-sejours-en-camp-dete-en-suisse-et-rencontrer-de-nouveaux-eleves\/\",\"url\":\"https:\/\/www.leselfes.com\/fr\/les-ecoles-qui-veulent-faire-des-sejours-en-camp-dete-en-suisse-et-rencontrer-de-nouveaux-eleves\/\",\"name\":\"Les \u00e9coles qui veulent faire des s\u00e9jours en camp d'\u00e9t\u00e9 en Suisse et rencontrer de nouveaux \u00e9l\u00e8ves - Les Elfes International Camps Switzerland\",\"isPartOf\":{\"@id\":\"https:\/\/dev.leselfes.com\/#website\"},\"primaryImageOfPage\":{\"@id\":\"https:\/\/www.leselfes.com\/fr\/les-ecoles-qui-veulent-faire-des-sejours-en-camp-dete-en-suisse-et-rencontrer-de-nouveaux-eleves\/#primaryimage\"},\"image\":{\"@id\":\"https:\/\/www.leselfes.com\/fr\/les-ecoles-qui-veulent-faire-des-sejours-en-camp-dete-en-suisse-et-rencontrer-de-nouveaux-eleves\/#primaryimage\"},\"thumbnailUrl\":\"https:\/\/www.leselfes.com\/wp-content\/uploads\/2020\/05\/Verbier-Panorama-scaled.jpg\",\"datePublished\":\"2019-07-03T19:15:35+00:00\",\"dateModified\":\"2024-11-12T11:25:13+00:00\",\"breadcrumb\":{\"@id\":\"https:\/\/www.leselfes.com\/fr\/les-ecoles-qui-veulent-faire-des-sejours-en-camp-dete-en-suisse-et-rencontrer-de-nouveaux-eleves\/#breadcrumb\"},\"inLanguage\":\"fr-FR\",\"potentialAction\":[{\"@type\":\"ReadAction\",\"target\":[\"https:\/\/www.leselfes.com\/fr\/les-ecoles-qui-veulent-faire-des-sejours-en-camp-dete-en-suisse-et-rencontrer-de-nouveaux-eleves\/\"]}]},{\"@type\":\"ImageObject\",\"inLanguage\":\"fr-FR\",\"@id\":\"https:\/\/www.leselfes.com\/fr\/les-ecoles-qui-veulent-faire-des-sejours-en-camp-dete-en-suisse-et-rencontrer-de-nouveaux-eleves\/#primaryimage\",\"url\":\"https:\/\/www.leselfes.com\/wp-content\/uploads\/2020\/05\/Verbier-Panorama-scaled.jpg\",\"contentUrl\":\"https:\/\/www.leselfes.com\/wp-content\/uploads\/2020\/05\/Verbier-Panorama-scaled.jpg\"},{\"@type\":\"BreadcrumbList\",\"@id\":\"https:\/\/www.leselfes.com\/fr\/les-ecoles-qui-veulent-faire-des-sejours-en-camp-dete-en-suisse-et-rencontrer-de-nouveaux-eleves\/#breadcrumb\",\"itemListElement\":[{\"@type\":\"ListItem\",\"position\":1,\"name\":\"Home\",\"item\":\"https:\/\/www.leselfes.com\/fr\/\"},{\"@type\":\"ListItem\",\"position\":2,\"name\":\"Les \u00e9coles qui veulent faire des s\u00e9jours en camp d&#8217;\u00e9t\u00e9 en Suisse et rencontrer de nouveaux \u00e9l\u00e8ves\"}]},{\"@type\":\"WebSite\",\"@id\":\"https:\/\/dev.leselfes.com\/#website\",\"url\":\"https:\/\/dev.leselfes.com\/\",\"name\":\"Les Elfes International\",\"description\":\"Les Elfes International, Verbier Switzerland. Summer Camp, Winter Camp, Spring Camps.\",\"publisher\":{\"@id\":\"https:\/\/dev.leselfes.com\/#organization\"},\"alternateName\":\"Les Elfes International\",\"potentialAction\":[{\"@type\":\"SearchAction\",\"target\":{\"@type\":\"EntryPoint\",\"urlTemplate\":\"https:\/\/dev.leselfes.com\/?s={search_term_string}\"},\"query-input\":{\"@type\":\"PropertyValueSpecification\",\"valueRequired\":true,\"valueName\":\"search_term_string\"}}],\"inLanguage\":\"fr-FR\"},{\"@type\":\"Organization\",\"@id\":\"https:\/\/dev.leselfes.com\/#organization\",\"name\":\"Les Elfes International\",\"alternateName\":\"Les Elfes International\",\"url\":\"https:\/\/dev.leselfes.com\/\",\"logo\":{\"@type\":\"ImageObject\",\"inLanguage\":\"fr-FR\",\"@id\":\"https:\/\/dev.leselfes.com\/#\/schema\/logo\/image\/\",\"url\":\"https:\/\/www.leselfes.com\/wp-content\/uploads\/2022\/03\/leselfes-logo.png\",\"contentUrl\":\"https:\/\/www.leselfes.com\/wp-content\/uploads\/2022\/03\/leselfes-logo.png\",\"width\":233,\"height\":51,\"caption\":\"Les Elfes International\"},\"image\":{\"@id\":\"https:\/\/dev.leselfes.com\/#\/schema\/logo\/image\/\"},\"sameAs\":[\"https:\/\/www.facebook.com\/LesElfesVerbier\",\"https:\/\/x.com\/LesElfesCamps\",\"https:\/\/www.instagram.com\/leselfes\",\"https:\/\/www.linkedin.com\/company\/les-elfes-international\",\"https:\/\/www.youtube.com\/user\/LesElfesVerbier\"]},{\"@type\":\"Person\",\"@id\":\"https:\/\/dev.leselfes.com\/#\/schema\/person\/9e8c1c68ef43ed5c58fa46ac5d8ee338\",\"name\":\"carlotta\",\"image\":{\"@type\":\"ImageObject\",\"inLanguage\":\"fr-FR\",\"@id\":\"https:\/\/dev.leselfes.com\/#\/schema\/person\/image\/\",\"url\":\"https:\/\/secure.gravatar.com\/avatar\/fdb243a028df450397b3632d862f87f6?s=96&d=mm&r=g\",\"contentUrl\":\"https:\/\/secure.gravatar.com\/avatar\/fdb243a028df450397b3632d862f87f6?s=96&d=mm&r=g\",\"caption\":\"carlotta\"},\"description\":\"Since 1987, Les Elfes International organizes ski trips &amp; field trips for leading schools around the world as well as winter &amp; summer camps for individual students aged between 6 y.o. and 17 y.o. from more than 60 nationalities. Welcoming 5'000 children and more than 200 schools a year from December until the end of October, Les Elfes has become a leading provider in the individual and school\u2019s trip industry. Our Winter and Summer Camps, ski and field trips provide more than just great activities and experiences. We introduce lifelong skills such as communicating with others without phone or laptop and understanding the value of living in a community away from home. Moreover, campers will be able to build a strong friend network and fortify the relationship among future classmates.\",\"sameAs\":[\"https:\/\/www.linkedin.com\/company\/les-elfes-international\/\"],\"url\":\"https:\/\/www.leselfes.com\/fr\/author\/carlotta\/\"}]}<\/script>\n<!-- \/ Yoast SEO Premium plugin. -->","yoast_head_json":{"title":"Les \u00e9coles qui veulent faire des s\u00e9jours en camp d'\u00e9t\u00e9 en Suisse et rencontrer de nouveaux \u00e9l\u00e8ves - Les Elfes International Camps Switzerland","robots":{"index":"index","follow":"follow","max-snippet":"max-snippet:-1","max-image-preview":"max-image-preview:large","max-video-preview":"max-video-preview:-1"},"canonical":"https:\/\/www.leselfes.com\/fr\/les-ecoles-qui-veulent-faire-des-sejours-en-camp-dete-en-suisse-et-rencontrer-de-nouveaux-eleves\/","og_locale":"fr_FR","og_type":"article","og_title":"Les \u00e9coles qui veulent faire des s\u00e9jours en camp d'\u00e9t\u00e9 en Suisse et rencontrer de nouveaux \u00e9l\u00e8ves","og_description":"Bien que la Suisse soit un petit pays, c&rsquo;est un endroit magnifique avec une diversit\u00e9 exceptionnelle. Il existe trois r\u00e9gions s\u00e9mantiques dans le pays, qui ont innov\u00e9 leurs traditions, leur...","og_url":"https:\/\/www.leselfes.com\/fr\/les-ecoles-qui-veulent-faire-des-sejours-en-camp-dete-en-suisse-et-rencontrer-de-nouveaux-eleves\/","og_site_name":"Les Elfes International Camps Switzerland","article_publisher":"https:\/\/www.facebook.com\/LesElfesVerbier","article_published_time":"2019-07-03T19:15:35+00:00","article_modified_time":"2024-11-12T11:25:13+00:00","og_image":[{"url":"https:\/\/dev.leselfes.com\/wp-content\/uploads\/2020\/05\/Verbier-Panorama-scaled.jpg","type":"","width":"","height":""}],"author":"carlotta","twitter_card":"summary_large_image","twitter_creator":"@LesElfesCamps","twitter_site":"@LesElfesCamps","twitter_misc":{"\u00c9crit par":"carlotta","Dur\u00e9e de lecture estim\u00e9e":"10 minutes"},"schema":{"@context":"https:\/\/schema.org","@graph":[{"@type":"Article","@id":"https:\/\/www.leselfes.com\/fr\/les-ecoles-qui-veulent-faire-des-sejours-en-camp-dete-en-suisse-et-rencontrer-de-nouveaux-eleves\/#article","isPartOf":{"@id":"https:\/\/www.leselfes.com\/fr\/les-ecoles-qui-veulent-faire-des-sejours-en-camp-dete-en-suisse-et-rencontrer-de-nouveaux-eleves\/"},"author":{"name":"carlotta","@id":"https:\/\/dev.leselfes.com\/#\/schema\/person\/9e8c1c68ef43ed5c58fa46ac5d8ee338"},"headline":"Les \u00e9coles qui veulent faire des s\u00e9jours en camp d&rsquo;\u00e9t\u00e9 en Suisse et rencontrer de nouveaux \u00e9l\u00e8ves","datePublished":"2019-07-03T19:15:35+00:00","dateModified":"2024-11-12T11:25:13+00:00","mainEntityOfPage":{"@id":"https:\/\/www.leselfes.com\/fr\/les-ecoles-qui-veulent-faire-des-sejours-en-camp-dete-en-suisse-et-rencontrer-de-nouveaux-eleves\/"},"wordCount":2032,"publisher":{"@id":"https:\/\/dev.leselfes.com\/#organization"},"image":{"@id":"https:\/\/www.leselfes.com\/fr\/les-ecoles-qui-veulent-faire-des-sejours-en-camp-dete-en-suisse-et-rencontrer-de-nouveaux-eleves\/#primaryimage"},"thumbnailUrl":"https:\/\/www.leselfes.com\/wp-content\/uploads\/2020\/05\/Verbier-Panorama-scaled.jpg","keywords":["Camp d'\u00e9t\u00e9 en Suisse","Colonies de vacances en Suisse","Rencontrez les nouveaux \u00e9tudiants"],"articleSection":["Articles","Camp d'\u00e9t\u00e9"],"inLanguage":"fr-FR"},{"@type":"WebPage","@id":"https:\/\/www.leselfes.com\/fr\/les-ecoles-qui-veulent-faire-des-sejours-en-camp-dete-en-suisse-et-rencontrer-de-nouveaux-eleves\/","url":"https:\/\/www.leselfes.com\/fr\/les-ecoles-qui-veulent-faire-des-sejours-en-camp-dete-en-suisse-et-rencontrer-de-nouveaux-eleves\/","name":"Les \u00e9coles qui veulent faire des s\u00e9jours en camp d'\u00e9t\u00e9 en Suisse et rencontrer de nouveaux \u00e9l\u00e8ves - Les Elfes International Camps Switzerland","isPartOf":{"@id":"https:\/\/dev.leselfes.com\/#website"},"primaryImageOfPage":{"@id":"https:\/\/www.leselfes.com\/fr\/les-ecoles-qui-veulent-faire-des-sejours-en-camp-dete-en-suisse-et-rencontrer-de-nouveaux-eleves\/#primaryimage"},"image":{"@id":"https:\/\/www.leselfes.com\/fr\/les-ecoles-qui-veulent-faire-des-sejours-en-camp-dete-en-suisse-et-rencontrer-de-nouveaux-eleves\/#primaryimage"},"thumbnailUrl":"https:\/\/www.leselfes.com\/wp-content\/uploads\/2020\/05\/Verbier-Panorama-scaled.jpg","datePublished":"2019-07-03T19:15:35+00:00","dateModified":"2024-11-12T11:25:13+00:00","breadcrumb":{"@id":"https:\/\/www.leselfes.com\/fr\/les-ecoles-qui-veulent-faire-des-sejours-en-camp-dete-en-suisse-et-rencontrer-de-nouveaux-eleves\/#breadcrumb"},"inLanguage":"fr-FR","potentialAction":[{"@type":"ReadAction","target":["https:\/\/www.leselfes.com\/fr\/les-ecoles-qui-veulent-faire-des-sejours-en-camp-dete-en-suisse-et-rencontrer-de-nouveaux-eleves\/"]}]},{"@type":"ImageObject","inLanguage":"fr-FR","@id":"https:\/\/www.leselfes.com\/fr\/les-ecoles-qui-veulent-faire-des-sejours-en-camp-dete-en-suisse-et-rencontrer-de-nouveaux-eleves\/#primaryimage","url":"https:\/\/www.leselfes.com\/wp-content\/uploads\/2020\/05\/Verbier-Panorama-scaled.jpg","contentUrl":"https:\/\/www.leselfes.com\/wp-content\/uploads\/2020\/05\/Verbier-Panorama-scaled.jpg"},{"@type":"BreadcrumbList","@id":"https:\/\/www.leselfes.com\/fr\/les-ecoles-qui-veulent-faire-des-sejours-en-camp-dete-en-suisse-et-rencontrer-de-nouveaux-eleves\/#breadcrumb","itemListElement":[{"@type":"ListItem","position":1,"name":"Home","item":"https:\/\/www.leselfes.com\/fr\/"},{"@type":"ListItem","position":2,"name":"Les \u00e9coles qui veulent faire des s\u00e9jours en camp d&#8217;\u00e9t\u00e9 en Suisse et rencontrer de nouveaux \u00e9l\u00e8ves"}]},{"@type":"WebSite","@id":"https:\/\/dev.leselfes.com\/#website","url":"https:\/\/dev.leselfes.com\/","name":"Les Elfes International","description":"Les Elfes International, Verbier Switzerland. Summer Camp, Winter Camp, Spring Camps.","publisher":{"@id":"https:\/\/dev.leselfes.com\/#organization"},"alternateName":"Les Elfes International","potentialAction":[{"@type":"SearchAction","target":{"@type":"EntryPoint","urlTemplate":"https:\/\/dev.leselfes.com\/?s={search_term_string}"},"query-input":{"@type":"PropertyValueSpecification","valueRequired":true,"valueName":"search_term_string"}}],"inLanguage":"fr-FR"},{"@type":"Organization","@id":"https:\/\/dev.leselfes.com\/#organization","name":"Les Elfes International","alternateName":"Les Elfes International","url":"https:\/\/dev.leselfes.com\/","logo":{"@type":"ImageObject","inLanguage":"fr-FR","@id":"https:\/\/dev.leselfes.com\/#\/schema\/logo\/image\/","url":"https:\/\/www.leselfes.com\/wp-content\/uploads\/2022\/03\/leselfes-logo.png","contentUrl":"https:\/\/www.leselfes.com\/wp-content\/uploads\/2022\/03\/leselfes-logo.png","width":233,"height":51,"caption":"Les Elfes International"},"image":{"@id":"https:\/\/dev.leselfes.com\/#\/schema\/logo\/image\/"},"sameAs":["https:\/\/www.facebook.com\/LesElfesVerbier","https:\/\/x.com\/LesElfesCamps","https:\/\/www.instagram.com\/leselfes","https:\/\/www.linkedin.com\/company\/les-elfes-international","https:\/\/www.youtube.com\/user\/LesElfesVerbier"]},{"@type":"Person","@id":"https:\/\/dev.leselfes.com\/#\/schema\/person\/9e8c1c68ef43ed5c58fa46ac5d8ee338","name":"carlotta","image":{"@type":"ImageObject","inLanguage":"fr-FR","@id":"https:\/\/dev.leselfes.com\/#\/schema\/person\/image\/","url":"https:\/\/secure.gravatar.com\/avatar\/fdb243a028df450397b3632d862f87f6?s=96&d=mm&r=g","contentUrl":"https:\/\/secure.gravatar.com\/avatar\/fdb243a028df450397b3632d862f87f6?s=96&d=mm&r=g","caption":"carlotta"},"description":"Since 1987, Les Elfes International organizes ski trips &amp; field trips for leading schools around the world as well as winter &amp; summer camps for individual students aged between 6 y.o. and 17 y.o. from more than 60 nationalities. Welcoming 5'000 children and more than 200 schools a year from December until the end of October, Les Elfes has become a leading provider in the individual and school\u2019s trip industry. Our Winter and Summer Camps, ski and field trips provide more than just great activities and experiences. We introduce lifelong skills such as communicating with others without phone or laptop and understanding the value of living in a community away from home. Moreover, campers will be able to build a strong friend network and fortify the relationship among future classmates.","sameAs":["https:\/\/www.linkedin.com\/company\/les-elfes-international\/"],"url":"https:\/\/www.leselfes.com\/fr\/author\/carlotta\/"}]}},"_links":{"self":[{"href":"https:\/\/www.leselfes.com\/fr\/wp-json\/wp\/v2\/posts\/92605"}],"collection":[{"href":"https:\/\/www.leselfes.com\/fr\/wp-json\/wp\/v2\/posts"}],"about":[{"href":"https:\/\/www.leselfes.com\/fr\/wp-json\/wp\/v2\/types\/post"}],"author":[{"embeddable":true,"href":"https:\/\/www.leselfes.com\/fr\/wp-json\/wp\/v2\/users\/6"}],"replies":[{"embeddable":true,"href":"https:\/\/www.leselfes.com\/fr\/wp-json\/wp\/v2\/comments?post=92605"}],"version-history":[{"count":0,"href":"https:\/\/www.leselfes.com\/fr\/wp-json\/wp\/v2\/posts\/92605\/revisions"}],"wp:attachment":[{"href":"https:\/\/www.leselfes.com\/fr\/wp-json\/wp\/v2\/media?parent=92605"}],"wp:term":[{"taxonomy":"category","embeddable":true,"href":"https:\/\/www.leselfes.com\/fr\/wp-json\/wp\/v2\/categories?post=92605"},{"taxonomy":"post_tag","embeddable":true,"href":"https:\/\/www.leselfes.com\/fr\/wp-json\/wp\/v2\/tags?post=92605"}],"curies":[{"name":"wp","href":"https:\/\/api.w.org\/{rel}","templated":true}]}}