{"id":92767,"date":"2019-09-04T19:42:37","date_gmt":"2019-09-04T17:42:37","guid":{"rendered":"https:\/\/www.leselfes.com\/quel-ete-merci-de-votre-visite\/"},"modified":"2024-11-12T12:26:49","modified_gmt":"2024-11-12T11:26:49","slug":"quel-ete-merci-de-votre-visite","status":"publish","type":"post","link":"https:\/\/www.leselfes.com\/fr\/quel-ete-merci-de-votre-visite\/","title":{"rendered":"Quel \u00e9t\u00e9 !\nMerci de votre visite"},"content":{"rendered":"\n<p>Chers parents,<\/p>\n\n<p>Quel \u00e9t\u00e9 !\nSi vous n&rsquo;\u00eates jamais all\u00e9 dans les Alpes en \u00e9t\u00e9, faites-le, je vous promets que cela en vaut la peine, l&rsquo;air frais, une vie saine, la tranquillit\u00e9 et l&rsquo;harmonie sont au rendez-vous.\nLes Elfes Verbier ne font pas exception \u00e0 la r\u00e8gle, bien que nous ayons jusqu&rsquo;\u00e0 140 participants au camp d&rsquo;\u00e9t\u00e9, peut-\u00eatre un peu moins tranquilles que la M\u00e9lodie du bonheur, mais amusants, c&rsquo;est le mot.  <\/p>\n\n<p>\u00c0 l&rsquo;heure o\u00f9 j&rsquo;\u00e9cris ces lignes, le festival annuel d&rsquo;\u00e9quitation se d\u00e9roule, le premier festival de v\u00e9lo \u00e9lectrique de Verbier a accueilli en d\u00e9but de semaine des cyclistes passionn\u00e9s venus de toute l&rsquo;Europe et le festival de Verbier (musique classique de renomm\u00e9e mondiale) s&rsquo;est tenu en juillet.\nVerbier offre le meilleur des deux mondes : un village tranquille nich\u00e9 dans les montagnes, mais aussi une station de sports d&rsquo;hiver familiale et dynamique, dont l&rsquo;\u00e9nergie et l&rsquo;atmosph\u00e8re n&rsquo;ont d&rsquo;\u00e9gal que le paysage.   <\/p>\n\n<p>La question n&rsquo;est pas de savoir pourquoi vous enverriez votre <a href=\"https:\/\/www.leselfes.com\/fr\/?p=92353\">enfant en<\/a> colonie de <a href=\"https:\/\/www.leselfes.com\/fr\/?p=92353\">vacances<\/a> ici, mais pourquoi vous ne le feriez pas ? Consultez nos derniers t\u00e9moignages de campeurs, suivez-nous sur les r\u00e9seaux sociaux et vous aurez une bonne id\u00e9e de ce que la colonie de vacances a \u00e0 offrir. <\/p>\n\n<figure class=\"wp-block-embed-youtube wp-block-embed is-type-video is-provider-youtube wp-embed-aspect-16-9 wp-has-aspect-ratio\"><div class=\"wp-block-embed__wrapper\">\n<iframe loading=\"lazy\" title=\"Les Elfes Camper testimonials\" width=\"1080\" height=\"608\" src=\"https:\/\/www.youtube.com\/embed\/MySzlbHHbs4?feature=oembed\" frameborder=\"0\" allow=\"accelerometer; autoplay; clipboard-write; encrypted-media; gyroscope; picture-in-picture; web-share\" referrerpolicy=\"strict-origin-when-cross-origin\" allowfullscreen><\/iframe>\n<\/div><\/figure>\n\n<p>A ceux d&rsquo;entre vous qui nous ont envoy\u00e9 leurs enfants cet \u00e9t\u00e9, je dois dire, au nom de tous, un grand merci.\nChaque ann\u00e9e, nous avons le privil\u00e8ge de nous occuper de vos enfants. \u00c9tant moi-m\u00eame p\u00e8re de trois enfants, je sais que le voyage peut \u00eatre aussi difficile pour les parents que pour les enfants !\nChaque \u00e9t\u00e9, je vois les enfants faire preuve d&rsquo;une \u00e9tonnante force de caract\u00e8re et j&rsquo;ai h\u00e2te de vous revoir.  <\/p>\n\n<p>Le camp d&rsquo;hiver arrive bient\u00f4t, beaucoup d&rsquo;entre vous se sont renseign\u00e9s, et j&rsquo;esp\u00e8re voir des visages familiers sur la neige.\nUn camp d&rsquo;\u00e9t\u00e9 magique ne peut \u00eatre \u00e9gal\u00e9 que par un camp d&rsquo;hiver. Pour plus d&rsquo;informations, contactez-nous. <\/p>\n","protected":false},"excerpt":{"rendered":"<p>Merci d&rsquo;avoir particip\u00e9 au camp d&rsquo;\u00e9t\u00e9 Les Elfes !<br \/>\nNous nous r\u00e9jouissons de vous accueillir \u00e0 nouveau prochainement.   <\/p>\n","protected":false},"author":6,"featured_media":0,"comment_status":"closed","ping_status":"open","sticky":false,"template":"","format":"standard","meta":{"_acf_changed":false,"inline_featured_image":false,"footnotes":""},"categories":[1356],"tags":[1416,1448],"class_list":{"0":"post-92767","1":"post","2":"type-post","3":"status-publish","4":"format-standard","6":"category-articles-fr","7":"tag-camp-dete","8":"tag-camp-dhiver"},"acf":[],"yoast_head":"<!-- This site is optimized with the Yoast SEO Premium plugin v24.2 (Yoast SEO v24.7) - https:\/\/yoast.com\/wordpress\/plugins\/seo\/ -->\n<title>Quel \u00e9t\u00e9 ! Merci de votre visite - Les Elfes International Camps Switzerland<\/title>\n<meta name=\"robots\" content=\"index, follow, max-snippet:-1, max-image-preview:large, max-video-preview:-1\" \/>\n<link rel=\"canonical\" href=\"https:\/\/www.leselfes.com\/fr\/quel-ete-merci-de-votre-visite\/\" \/>\n<meta property=\"og:locale\" content=\"fr_FR\" \/>\n<meta property=\"og:type\" content=\"article\" \/>\n<meta property=\"og:title\" content=\"Quel \u00e9t\u00e9 ! Merci de votre visite\" \/>\n<meta property=\"og:description\" content=\"Merci d&#039;avoir particip\u00e9 au camp d&#039;\u00e9t\u00e9 Les Elfes ! Nous nous r\u00e9jouissons de vous accueillir \u00e0 nouveau prochainement.\" \/>\n<meta property=\"og:url\" content=\"https:\/\/www.leselfes.com\/fr\/quel-ete-merci-de-votre-visite\/\" \/>\n<meta property=\"og:site_name\" content=\"Les Elfes International Camps Switzerland\" \/>\n<meta property=\"article:publisher\" content=\"https:\/\/www.facebook.com\/LesElfesVerbier\" \/>\n<meta property=\"article:published_time\" content=\"2019-09-04T17:42:37+00:00\" \/>\n<meta property=\"article:modified_time\" content=\"2024-11-12T11:26:49+00:00\" \/>\n<meta property=\"og:image\" content=\"https:\/\/www.leselfes.com\/wp-content\/uploads\/2022\/02\/Les-Elfes-International-summer-camp-Switzerland-Staff-Mobile-591x555-1.jpg\" \/>\n\t<meta property=\"og:image:width\" content=\"591\" \/>\n\t<meta property=\"og:image:height\" content=\"555\" \/>\n\t<meta property=\"og:image:type\" content=\"image\/jpeg\" \/>\n<meta name=\"author\" content=\"carlotta\" \/>\n<meta name=\"twitter:card\" content=\"summary_large_image\" \/>\n<meta name=\"twitter:creator\" content=\"@LesElfesCamps\" \/>\n<meta name=\"twitter:site\" content=\"@LesElfesCamps\" \/>\n<meta name=\"twitter:label1\" content=\"\u00c9crit par\" \/>\n\t<meta name=\"twitter:data1\" content=\"carlotta\" \/>\n\t<meta name=\"twitter:label2\" content=\"Dur\u00e9e de lecture estim\u00e9e\" \/>\n\t<meta name=\"twitter:data2\" content=\"2 minutes\" \/>\n<script type=\"application\/ld+json\" class=\"yoast-schema-graph\">{\"@context\":\"https:\/\/schema.org\",\"@graph\":[{\"@type\":\"Article\",\"@id\":\"https:\/\/www.leselfes.com\/fr\/quel-ete-merci-de-votre-visite\/#article\",\"isPartOf\":{\"@id\":\"https:\/\/www.leselfes.com\/fr\/quel-ete-merci-de-votre-visite\/\"},\"author\":{\"name\":\"carlotta\",\"@id\":\"https:\/\/dev.leselfes.com\/#\/schema\/person\/9e8c1c68ef43ed5c58fa46ac5d8ee338\"},\"headline\":\"Quel \u00e9t\u00e9 ! Merci de votre visite\",\"datePublished\":\"2019-09-04T17:42:37+00:00\",\"dateModified\":\"2024-11-12T11:26:49+00:00\",\"mainEntityOfPage\":{\"@id\":\"https:\/\/www.leselfes.com\/fr\/quel-ete-merci-de-votre-visite\/\"},\"wordCount\":365,\"publisher\":{\"@id\":\"https:\/\/dev.leselfes.com\/#organization\"},\"keywords\":[\"camp d'\u00e9t\u00e9\",\"camp d'hiver\"],\"articleSection\":[\"Articles\"],\"inLanguage\":\"fr-FR\"},{\"@type\":\"WebPage\",\"@id\":\"https:\/\/www.leselfes.com\/fr\/quel-ete-merci-de-votre-visite\/\",\"url\":\"https:\/\/www.leselfes.com\/fr\/quel-ete-merci-de-votre-visite\/\",\"name\":\"Quel \u00e9t\u00e9 ! Merci de votre visite - Les Elfes International Camps Switzerland\",\"isPartOf\":{\"@id\":\"https:\/\/dev.leselfes.com\/#website\"},\"datePublished\":\"2019-09-04T17:42:37+00:00\",\"dateModified\":\"2024-11-12T11:26:49+00:00\",\"breadcrumb\":{\"@id\":\"https:\/\/www.leselfes.com\/fr\/quel-ete-merci-de-votre-visite\/#breadcrumb\"},\"inLanguage\":\"fr-FR\",\"potentialAction\":[{\"@type\":\"ReadAction\",\"target\":[\"https:\/\/www.leselfes.com\/fr\/quel-ete-merci-de-votre-visite\/\"]}]},{\"@type\":\"BreadcrumbList\",\"@id\":\"https:\/\/www.leselfes.com\/fr\/quel-ete-merci-de-votre-visite\/#breadcrumb\",\"itemListElement\":[{\"@type\":\"ListItem\",\"position\":1,\"name\":\"Home\",\"item\":\"https:\/\/www.leselfes.com\/fr\/\"},{\"@type\":\"ListItem\",\"position\":2,\"name\":\"Quel \u00e9t\u00e9 ! Merci de votre visite\"}]},{\"@type\":\"WebSite\",\"@id\":\"https:\/\/dev.leselfes.com\/#website\",\"url\":\"https:\/\/dev.leselfes.com\/\",\"name\":\"Les Elfes International\",\"description\":\"Les Elfes International, Verbier Switzerland. Summer Camp, Winter Camp, Spring Camps.\",\"publisher\":{\"@id\":\"https:\/\/dev.leselfes.com\/#organization\"},\"alternateName\":\"Les Elfes International\",\"potentialAction\":[{\"@type\":\"SearchAction\",\"target\":{\"@type\":\"EntryPoint\",\"urlTemplate\":\"https:\/\/dev.leselfes.com\/?s={search_term_string}\"},\"query-input\":{\"@type\":\"PropertyValueSpecification\",\"valueRequired\":true,\"valueName\":\"search_term_string\"}}],\"inLanguage\":\"fr-FR\"},{\"@type\":\"Organization\",\"@id\":\"https:\/\/dev.leselfes.com\/#organization\",\"name\":\"Les Elfes International\",\"alternateName\":\"Les Elfes International\",\"url\":\"https:\/\/dev.leselfes.com\/\",\"logo\":{\"@type\":\"ImageObject\",\"inLanguage\":\"fr-FR\",\"@id\":\"https:\/\/dev.leselfes.com\/#\/schema\/logo\/image\/\",\"url\":\"https:\/\/www.leselfes.com\/wp-content\/uploads\/2022\/03\/leselfes-logo.png\",\"contentUrl\":\"https:\/\/www.leselfes.com\/wp-content\/uploads\/2022\/03\/leselfes-logo.png\",\"width\":233,\"height\":51,\"caption\":\"Les Elfes International\"},\"image\":{\"@id\":\"https:\/\/dev.leselfes.com\/#\/schema\/logo\/image\/\"},\"sameAs\":[\"https:\/\/www.facebook.com\/LesElfesVerbier\",\"https:\/\/x.com\/LesElfesCamps\",\"https:\/\/www.instagram.com\/leselfes\",\"https:\/\/www.linkedin.com\/company\/les-elfes-international\",\"https:\/\/www.youtube.com\/user\/LesElfesVerbier\"]},{\"@type\":\"Person\",\"@id\":\"https:\/\/dev.leselfes.com\/#\/schema\/person\/9e8c1c68ef43ed5c58fa46ac5d8ee338\",\"name\":\"carlotta\",\"image\":{\"@type\":\"ImageObject\",\"inLanguage\":\"fr-FR\",\"@id\":\"https:\/\/dev.leselfes.com\/#\/schema\/person\/image\/\",\"url\":\"https:\/\/secure.gravatar.com\/avatar\/fdb243a028df450397b3632d862f87f6?s=96&d=mm&r=g\",\"contentUrl\":\"https:\/\/secure.gravatar.com\/avatar\/fdb243a028df450397b3632d862f87f6?s=96&d=mm&r=g\",\"caption\":\"carlotta\"},\"description\":\"Since 1987, Les Elfes International organizes ski trips &amp; field trips for leading schools around the world as well as winter &amp; summer camps for individual students aged between 6 y.o. and 17 y.o. from more than 60 nationalities. Welcoming 5'000 children and more than 200 schools a year from December until the end of October, Les Elfes has become a leading provider in the individual and school\u2019s trip industry. Our Winter and Summer Camps, ski and field trips provide more than just great activities and experiences. We introduce lifelong skills such as communicating with others without phone or laptop and understanding the value of living in a community away from home. Moreover, campers will be able to build a strong friend network and fortify the relationship among future classmates.\",\"sameAs\":[\"https:\/\/www.linkedin.com\/company\/les-elfes-international\/\"],\"url\":\"https:\/\/www.leselfes.com\/fr\/author\/carlotta\/\"}]}<\/script>\n<!-- \/ Yoast SEO Premium plugin. -->","yoast_head_json":{"title":"Quel \u00e9t\u00e9 ! Merci de votre visite - Les Elfes International Camps Switzerland","robots":{"index":"index","follow":"follow","max-snippet":"max-snippet:-1","max-image-preview":"max-image-preview:large","max-video-preview":"max-video-preview:-1"},"canonical":"https:\/\/www.leselfes.com\/fr\/quel-ete-merci-de-votre-visite\/","og_locale":"fr_FR","og_type":"article","og_title":"Quel \u00e9t\u00e9 ! Merci de votre visite","og_description":"Merci d'avoir particip\u00e9 au camp d'\u00e9t\u00e9 Les Elfes ! Nous nous r\u00e9jouissons de vous accueillir \u00e0 nouveau prochainement.","og_url":"https:\/\/www.leselfes.com\/fr\/quel-ete-merci-de-votre-visite\/","og_site_name":"Les Elfes International Camps Switzerland","article_publisher":"https:\/\/www.facebook.com\/LesElfesVerbier","article_published_time":"2019-09-04T17:42:37+00:00","article_modified_time":"2024-11-12T11:26:49+00:00","og_image":[{"width":591,"height":555,"url":"https:\/\/www.leselfes.com\/wp-content\/uploads\/2022\/02\/Les-Elfes-International-summer-camp-Switzerland-Staff-Mobile-591x555-1.jpg","type":"image\/jpeg"}],"author":"carlotta","twitter_card":"summary_large_image","twitter_creator":"@LesElfesCamps","twitter_site":"@LesElfesCamps","twitter_misc":{"\u00c9crit par":"carlotta","Dur\u00e9e de lecture estim\u00e9e":"2 minutes"},"schema":{"@context":"https:\/\/schema.org","@graph":[{"@type":"Article","@id":"https:\/\/www.leselfes.com\/fr\/quel-ete-merci-de-votre-visite\/#article","isPartOf":{"@id":"https:\/\/www.leselfes.com\/fr\/quel-ete-merci-de-votre-visite\/"},"author":{"name":"carlotta","@id":"https:\/\/dev.leselfes.com\/#\/schema\/person\/9e8c1c68ef43ed5c58fa46ac5d8ee338"},"headline":"Quel \u00e9t\u00e9 ! Merci de votre visite","datePublished":"2019-09-04T17:42:37+00:00","dateModified":"2024-11-12T11:26:49+00:00","mainEntityOfPage":{"@id":"https:\/\/www.leselfes.com\/fr\/quel-ete-merci-de-votre-visite\/"},"wordCount":365,"publisher":{"@id":"https:\/\/dev.leselfes.com\/#organization"},"keywords":["camp d'\u00e9t\u00e9","camp d'hiver"],"articleSection":["Articles"],"inLanguage":"fr-FR"},{"@type":"WebPage","@id":"https:\/\/www.leselfes.com\/fr\/quel-ete-merci-de-votre-visite\/","url":"https:\/\/www.leselfes.com\/fr\/quel-ete-merci-de-votre-visite\/","name":"Quel \u00e9t\u00e9 ! Merci de votre visite - Les Elfes International Camps Switzerland","isPartOf":{"@id":"https:\/\/dev.leselfes.com\/#website"},"datePublished":"2019-09-04T17:42:37+00:00","dateModified":"2024-11-12T11:26:49+00:00","breadcrumb":{"@id":"https:\/\/www.leselfes.com\/fr\/quel-ete-merci-de-votre-visite\/#breadcrumb"},"inLanguage":"fr-FR","potentialAction":[{"@type":"ReadAction","target":["https:\/\/www.leselfes.com\/fr\/quel-ete-merci-de-votre-visite\/"]}]},{"@type":"BreadcrumbList","@id":"https:\/\/www.leselfes.com\/fr\/quel-ete-merci-de-votre-visite\/#breadcrumb","itemListElement":[{"@type":"ListItem","position":1,"name":"Home","item":"https:\/\/www.leselfes.com\/fr\/"},{"@type":"ListItem","position":2,"name":"Quel \u00e9t\u00e9 ! Merci de votre visite"}]},{"@type":"WebSite","@id":"https:\/\/dev.leselfes.com\/#website","url":"https:\/\/dev.leselfes.com\/","name":"Les Elfes International","description":"Les Elfes International, Verbier Switzerland. Summer Camp, Winter Camp, Spring Camps.","publisher":{"@id":"https:\/\/dev.leselfes.com\/#organization"},"alternateName":"Les Elfes International","potentialAction":[{"@type":"SearchAction","target":{"@type":"EntryPoint","urlTemplate":"https:\/\/dev.leselfes.com\/?s={search_term_string}"},"query-input":{"@type":"PropertyValueSpecification","valueRequired":true,"valueName":"search_term_string"}}],"inLanguage":"fr-FR"},{"@type":"Organization","@id":"https:\/\/dev.leselfes.com\/#organization","name":"Les Elfes International","alternateName":"Les Elfes International","url":"https:\/\/dev.leselfes.com\/","logo":{"@type":"ImageObject","inLanguage":"fr-FR","@id":"https:\/\/dev.leselfes.com\/#\/schema\/logo\/image\/","url":"https:\/\/www.leselfes.com\/wp-content\/uploads\/2022\/03\/leselfes-logo.png","contentUrl":"https:\/\/www.leselfes.com\/wp-content\/uploads\/2022\/03\/leselfes-logo.png","width":233,"height":51,"caption":"Les Elfes International"},"image":{"@id":"https:\/\/dev.leselfes.com\/#\/schema\/logo\/image\/"},"sameAs":["https:\/\/www.facebook.com\/LesElfesVerbier","https:\/\/x.com\/LesElfesCamps","https:\/\/www.instagram.com\/leselfes","https:\/\/www.linkedin.com\/company\/les-elfes-international","https:\/\/www.youtube.com\/user\/LesElfesVerbier"]},{"@type":"Person","@id":"https:\/\/dev.leselfes.com\/#\/schema\/person\/9e8c1c68ef43ed5c58fa46ac5d8ee338","name":"carlotta","image":{"@type":"ImageObject","inLanguage":"fr-FR","@id":"https:\/\/dev.leselfes.com\/#\/schema\/person\/image\/","url":"https:\/\/secure.gravatar.com\/avatar\/fdb243a028df450397b3632d862f87f6?s=96&d=mm&r=g","contentUrl":"https:\/\/secure.gravatar.com\/avatar\/fdb243a028df450397b3632d862f87f6?s=96&d=mm&r=g","caption":"carlotta"},"description":"Since 1987, Les Elfes International organizes ski trips &amp; field trips for leading schools around the world as well as winter &amp; summer camps for individual students aged between 6 y.o. and 17 y.o. from more than 60 nationalities. Welcoming 5'000 children and more than 200 schools a year from December until the end of October, Les Elfes has become a leading provider in the individual and school\u2019s trip industry. Our Winter and Summer Camps, ski and field trips provide more than just great activities and experiences. We introduce lifelong skills such as communicating with others without phone or laptop and understanding the value of living in a community away from home. Moreover, campers will be able to build a strong friend network and fortify the relationship among future classmates.","sameAs":["https:\/\/www.linkedin.com\/company\/les-elfes-international\/"],"url":"https:\/\/www.leselfes.com\/fr\/author\/carlotta\/"}]}},"_links":{"self":[{"href":"https:\/\/www.leselfes.com\/fr\/wp-json\/wp\/v2\/posts\/92767"}],"collection":[{"href":"https:\/\/www.leselfes.com\/fr\/wp-json\/wp\/v2\/posts"}],"about":[{"href":"https:\/\/www.leselfes.com\/fr\/wp-json\/wp\/v2\/types\/post"}],"author":[{"embeddable":true,"href":"https:\/\/www.leselfes.com\/fr\/wp-json\/wp\/v2\/users\/6"}],"replies":[{"embeddable":true,"href":"https:\/\/www.leselfes.com\/fr\/wp-json\/wp\/v2\/comments?post=92767"}],"version-history":[{"count":0,"href":"https:\/\/www.leselfes.com\/fr\/wp-json\/wp\/v2\/posts\/92767\/revisions"}],"wp:attachment":[{"href":"https:\/\/www.leselfes.com\/fr\/wp-json\/wp\/v2\/media?parent=92767"}],"wp:term":[{"taxonomy":"category","embeddable":true,"href":"https:\/\/www.leselfes.com\/fr\/wp-json\/wp\/v2\/categories?post=92767"},{"taxonomy":"post_tag","embeddable":true,"href":"https:\/\/www.leselfes.com\/fr\/wp-json\/wp\/v2\/tags?post=92767"}],"curies":[{"name":"wp","href":"https:\/\/api.w.org\/{rel}","templated":true}]}}