{"id":92825,"date":"2021-01-19T15:23:33","date_gmt":"2021-01-19T14:23:33","guid":{"rendered":"https:\/\/www.leselfes.com\/merci-pour-les-sessions-de-camp-dhiver-de-decembre\/"},"modified":"2024-11-12T12:28:38","modified_gmt":"2024-11-12T11:28:38","slug":"merci-pour-les-sessions-de-camp-dhiver-de-decembre","status":"publish","type":"post","link":"https:\/\/www.leselfes.com\/fr\/merci-pour-les-sessions-de-camp-dhiver-de-decembre\/","title":{"rendered":"Merci pour les sessions de camp d&rsquo;hiver de d\u00e9cembre !"},"content":{"rendered":"\n<p><strong>Chers parents,<\/strong><\/p>\n\n<p>Notre premi\u00e8re lettre d&rsquo;information de l&rsquo;ann\u00e9e, nous vous souhaitons donc une bonne ann\u00e9e, et que 2021 vous apporte bonheur et sant\u00e9.\nNous vous \u00e9crivons aujourd&rsquo;hui pour vous annoncer une grande nouvelle : les cinq semaines de camp d&rsquo;hiver se sont d\u00e9roul\u00e9es avec beaucoup de succ\u00e8s.\nNo\u00ebl et le Nouvel An ne sont plus qu&rsquo;un lointain souvenir, mais pour les campeurs, c&rsquo;\u00e9tait toujours aussi sp\u00e9cial.  <\/p>\n\n<p>Tr\u00e8s peu de clients \u00e9trangers ayant pu voyager, nos campeurs \u00e9taient principalement des r\u00e9sidents de Suisse et des pays voisins autoris\u00e9s \u00e0 voyager ici.\nIn\u00e9vitablement, avec ce nombre r\u00e9duit d&rsquo;\u00e9tudiants, le campus s&rsquo;est senti un peu diff\u00e9rent, mais nous pouvons dire avec fiert\u00e9 que cela a \u00e9t\u00e9 positif, de nombreux campeurs ayant r\u00e9serv\u00e9 \u00e0 nouveau pour nos camps de f\u00e9vrier et de P\u00e2ques. <\/p>\n\n<figure class=\"wp-block-image\"><img decoding=\"async\" src=\"https:\/\/www.leselfes.com\/wp-content\/uploads\/2021\/01\/Indoor-Climbing-2.jpg\" alt=\"Camp d'hiver Les Elfes escalade en salle\"\/><\/figure>\n\n<p>Nous avons pu nous int\u00e9grer davantage aux enfants et nous rapprocher d&rsquo;eux, ce qui leur a permis de tisser des liens avec leurs camarades de camp, peut-\u00eatre plus que d&rsquo;habitude.\nLe rythme de la vie du camp s&rsquo;est un peu adouci et il y a certainement moins de pr\u00e9cipitation. En effet, nous avons appris beaucoup de choses ces derni\u00e8res semaines et nous adapterons nos programmes \u00e0 l&rsquo;avenir pour veiller \u00e0 ce que cette atmosph\u00e8re soit conserv\u00e9e. <\/p>\n\n<figure class=\"wp-block-image\"><img decoding=\"async\" src=\"https:\/\/www.leselfes.com\/wp-content\/uploads\/2021\/01\/Skier-scaled.jpg\" alt=\"Skieur aux Elfes Int\"\/><\/figure>\n\n<p>L&rsquo;accent a toujours \u00e9t\u00e9 mis sur la s\u00e9curit\u00e9 et le plaisir.\nComme nous l&rsquo;avons expliqu\u00e9 dans les bulletins pr\u00e9c\u00e9dents et publi\u00e9 sur notre site web, des changements ont \u00e9t\u00e9 apport\u00e9s \u00e0 notre mode de fonctionnement, des mesures ont \u00e9t\u00e9 mises en place depuis l&rsquo;ann\u00e9e derni\u00e8re, et nous avons r\u00e9ussi \u00e0 rester exempts de covid\u00e9s, ce qui est un bon signe que les mesures fonctionnent et que nous pouvons op\u00e9rer en toute s\u00e9curit\u00e9. <\/p>\n\n<p>Pendant ces p\u00e9riodes de restriction, nos campeurs ont pu se d\u00e9lecter de la libert\u00e9 de la vie en camp.\nIls ont pu faire du ski et du snowboard, jouer \u00e0 l&rsquo;air frais et en plein air, ce qui est si important pour les jeunes esprits.\nLes activit\u00e9s hors neige, telles que le patinage sur glace, le team building, l&rsquo;escalade et certaines excursions locales, sont venues s&rsquo;ajouter au large \u00e9ventail d&rsquo;options.\nCertains de ces enfants font l&rsquo;\u00e9cole \u00e0 la maison depuis un certain temps, sans pouvoir faire de sport, et le fait de pouvoir profiter de ces semaines d&rsquo;aventure et d&rsquo;amusement a \u00e9t\u00e9 fantastique.\nPour nous, membres du personnel, c&rsquo;est encore plus sp\u00e9cial de faire partie de ce processus.    <\/p>\n\n<p><a role=\"button\" href=\"https:\/\/www.leselfes.com\/fr\/?page_id=89062&amp;gclid=CjwKCAiAo5qABhBdEiwAOtGmbj8jMW4b5iJoeV37v-aEiLGGZx701yVUD5X5rIZWuotkGQ0nhOh96RoCuLMQAvD_BwE\" target=\"_blank\" rel=\"noopener noreferrer\"><br\/>CAMP D&rsquo;HIVER<br\/><\/a><\/p>\n\n<p><strong>Lily&rsquo;s Review<\/strong><\/p>\n\n<p>\u00ab\u00a0Je suis venu et j&rsquo;ai rencontr\u00e9 beaucoup de gens extraordinaires, y compris le personnel, et j&rsquo;ai \u00e9galement retrouv\u00e9 l&rsquo;un de mes meilleurs amis d&rsquo;il y a trois ans. Ce n&rsquo;\u00e9tait pas seulement une exp\u00e9rience sociale, j&rsquo;ai aussi ski\u00e9 pendant un mois entier, et c&rsquo;\u00e9tait l&rsquo;exp\u00e9rience la plus incroyable de ma vie. J&rsquo;ai appris le carving pour la premi\u00e8re fois et j&rsquo;ai \u00e9galement appris le ski-ballet, ce qui ajoute beaucoup \u00e0 l&rsquo;exp\u00e9rience extraordinaire que j&rsquo;ai v\u00e9cue ici. J&rsquo;aime cette exp\u00e9rience et je la ch\u00e9rirai \u00e0 jamais, et je la recommande sans h\u00e9siter.<\/p>\n\n<p class=\"iframe_video\"><iframe loading=\"lazy\" src=\"https:\/\/www.youtube.com\/embed\/X86w3VRwvNo\" width=\"560\" height=\"315\" frameborder=\"0\" allowfullscreen=\"allowfullscreen\"><\/iframe><\/p>\n\n<p><strong>Dates d&rsquo;ouverture des camps d&rsquo;hiver<\/strong><\/p>\n\n<p>Les Elfes ouvrent leurs portes du 6 au 27 f\u00e9vrier, puis les 13 mars et 17 avril pour les vacances de P\u00e2ques.<\/p>\n\n<p><a role=\"button\" href=\"https:\/\/www.leselfes.com\/fr\/?page_id=89200\" target=\"_blank\" rel=\"noopener noreferrer\"><br\/>WINTER CAMP &#8211; Inscription<br\/><\/a><\/p>\n\n<p><strong>Camp d&rsquo;\u00e9t\u00e9<\/strong><\/p>\n\n<figure class=\"wp-block-image\"><img decoding=\"async\" src=\"https:\/\/www.leselfes.com\/wp-content\/uploads\/2021\/01\/group-jump.jpg\" alt=\"saut de groupe camps d'&#xE9;t&#xE9; Les Elfes\"\/><\/figure>\n\n<p>Nous envisageons aussi positivement les camps d&rsquo;\u00e9t\u00e9, qui se d\u00e9rouleront \u00e0 partir du mois de juin pendant 11 semaines. Les inscriptions sont d\u00e9sormais en ligne et ouvertes, avec possibilit\u00e9 d&rsquo;annulation gratuite.<\/p>\n\n<p><a role=\"button\" href=\"https:\/\/www.leselfes.com\/fr\/?page_id=89039\" target=\"_blank\" rel=\"noopener noreferrer\"><br\/>CAMP D&rsquo;\u00c9T\u00c9<br\/><\/a><\/p>\n\n<h2 class=\"wp-block-heading\">vous aimez ?\npartagez-le avec vos amis <\/h2>\n\n<p>Partager sur facebook<br\/>Facebook<br\/>Partager sur twitter<br\/>Twitter<br\/>Partager sur linkedin<br\/>LinkedIn<\/p>\n","protected":false},"excerpt":{"rendered":"<p>Lisez les commentaires de nos campeurs et d\u00e9couvrez les dates des prochains camps d&rsquo;hiver et d&rsquo;\u00e9t\u00e9.<\/p>\n","protected":false},"author":1,"featured_media":73516,"comment_status":"open","ping_status":"open","sticky":false,"template":"","format":"standard","meta":{"_acf_changed":false,"inline_featured_image":false,"footnotes":""},"categories":[1062],"tags":[],"class_list":{"0":"post-92825","1":"post","2":"type-post","3":"status-publish","4":"format-standard","5":"has-post-thumbnail","7":"category-non-classifiee"},"acf":[],"yoast_head":"<!-- This site is optimized with the Yoast SEO Premium plugin v24.2 (Yoast SEO v24.7) - https:\/\/yoast.com\/wordpress\/plugins\/seo\/ -->\n<title>Merci pour les sessions de camp d&#039;hiver de d\u00e9cembre ! - Les Elfes International Camps Switzerland<\/title>\n<meta name=\"robots\" content=\"index, follow, max-snippet:-1, max-image-preview:large, max-video-preview:-1\" \/>\n<link rel=\"canonical\" href=\"https:\/\/www.leselfes.com\/fr\/merci-pour-les-sessions-de-camp-dhiver-de-decembre\/\" \/>\n<meta property=\"og:locale\" content=\"fr_FR\" \/>\n<meta property=\"og:type\" content=\"article\" \/>\n<meta property=\"og:title\" content=\"Merci pour les sessions de camp d&#039;hiver de d\u00e9cembre !\" \/>\n<meta property=\"og:description\" content=\"Lisez les commentaires de nos campeurs et d\u00e9couvrez les dates des prochains camps d&#039;hiver et d&#039;\u00e9t\u00e9.\" \/>\n<meta property=\"og:url\" content=\"https:\/\/www.leselfes.com\/fr\/merci-pour-les-sessions-de-camp-dhiver-de-decembre\/\" \/>\n<meta property=\"og:site_name\" content=\"Les Elfes International Camps Switzerland\" \/>\n<meta property=\"article:publisher\" content=\"https:\/\/www.facebook.com\/LesElfesVerbier\" \/>\n<meta property=\"article:published_time\" content=\"2021-01-19T14:23:33+00:00\" \/>\n<meta property=\"article:modified_time\" content=\"2024-11-12T11:28:38+00:00\" \/>\n<meta property=\"og:image\" content=\"https:\/\/dev.leselfes.com\/wp-content\/uploads\/2021\/01\/Les-Elfes-2021-2.jpg\" \/>\n\t<meta property=\"og:image:width\" content=\"1804\" \/>\n\t<meta property=\"og:image:height\" content=\"1217\" \/>\n\t<meta property=\"og:image:type\" content=\"image\/jpeg\" \/>\n<meta name=\"author\" content=\"lesadmin\" \/>\n<meta name=\"twitter:card\" content=\"summary_large_image\" \/>\n<meta name=\"twitter:creator\" content=\"@LesElfesCamps\" \/>\n<meta name=\"twitter:site\" content=\"@LesElfesCamps\" \/>\n<meta name=\"twitter:label1\" content=\"\u00c9crit par\" \/>\n\t<meta name=\"twitter:data1\" content=\"lesadmin\" \/>\n\t<meta name=\"twitter:label2\" content=\"Dur\u00e9e de lecture estim\u00e9e\" \/>\n\t<meta name=\"twitter:data2\" content=\"3 minutes\" \/>\n<script type=\"application\/ld+json\" class=\"yoast-schema-graph\">{\"@context\":\"https:\/\/schema.org\",\"@graph\":[{\"@type\":\"Article\",\"@id\":\"https:\/\/www.leselfes.com\/fr\/merci-pour-les-sessions-de-camp-dhiver-de-decembre\/#article\",\"isPartOf\":{\"@id\":\"https:\/\/www.leselfes.com\/fr\/merci-pour-les-sessions-de-camp-dhiver-de-decembre\/\"},\"author\":{\"name\":\"lesadmin\",\"@id\":\"https:\/\/dev.leselfes.com\/#\/schema\/person\/407a229698868b8c603874b19f37f289\"},\"headline\":\"Merci pour les sessions de camp d&rsquo;hiver de d\u00e9cembre !\",\"datePublished\":\"2021-01-19T14:23:33+00:00\",\"dateModified\":\"2024-11-12T11:28:38+00:00\",\"mainEntityOfPage\":{\"@id\":\"https:\/\/www.leselfes.com\/fr\/merci-pour-les-sessions-de-camp-dhiver-de-decembre\/\"},\"wordCount\":655,\"commentCount\":0,\"publisher\":{\"@id\":\"https:\/\/dev.leselfes.com\/#organization\"},\"image\":{\"@id\":\"https:\/\/www.leselfes.com\/fr\/merci-pour-les-sessions-de-camp-dhiver-de-decembre\/#primaryimage\"},\"thumbnailUrl\":\"https:\/\/www.leselfes.com\/wp-content\/uploads\/2021\/01\/Les-Elfes-2021-2.jpg\",\"articleSection\":[\"Non classifi\u00e9(e)\"],\"inLanguage\":\"fr-FR\",\"potentialAction\":[{\"@type\":\"CommentAction\",\"name\":\"Comment\",\"target\":[\"https:\/\/www.leselfes.com\/fr\/merci-pour-les-sessions-de-camp-dhiver-de-decembre\/#respond\"]}]},{\"@type\":\"WebPage\",\"@id\":\"https:\/\/www.leselfes.com\/fr\/merci-pour-les-sessions-de-camp-dhiver-de-decembre\/\",\"url\":\"https:\/\/www.leselfes.com\/fr\/merci-pour-les-sessions-de-camp-dhiver-de-decembre\/\",\"name\":\"Merci pour les sessions de camp d'hiver de d\u00e9cembre ! - Les Elfes International Camps Switzerland\",\"isPartOf\":{\"@id\":\"https:\/\/dev.leselfes.com\/#website\"},\"primaryImageOfPage\":{\"@id\":\"https:\/\/www.leselfes.com\/fr\/merci-pour-les-sessions-de-camp-dhiver-de-decembre\/#primaryimage\"},\"image\":{\"@id\":\"https:\/\/www.leselfes.com\/fr\/merci-pour-les-sessions-de-camp-dhiver-de-decembre\/#primaryimage\"},\"thumbnailUrl\":\"https:\/\/www.leselfes.com\/wp-content\/uploads\/2021\/01\/Les-Elfes-2021-2.jpg\",\"datePublished\":\"2021-01-19T14:23:33+00:00\",\"dateModified\":\"2024-11-12T11:28:38+00:00\",\"breadcrumb\":{\"@id\":\"https:\/\/www.leselfes.com\/fr\/merci-pour-les-sessions-de-camp-dhiver-de-decembre\/#breadcrumb\"},\"inLanguage\":\"fr-FR\",\"potentialAction\":[{\"@type\":\"ReadAction\",\"target\":[\"https:\/\/www.leselfes.com\/fr\/merci-pour-les-sessions-de-camp-dhiver-de-decembre\/\"]}]},{\"@type\":\"ImageObject\",\"inLanguage\":\"fr-FR\",\"@id\":\"https:\/\/www.leselfes.com\/fr\/merci-pour-les-sessions-de-camp-dhiver-de-decembre\/#primaryimage\",\"url\":\"https:\/\/www.leselfes.com\/wp-content\/uploads\/2021\/01\/Les-Elfes-2021-2.jpg\",\"contentUrl\":\"https:\/\/www.leselfes.com\/wp-content\/uploads\/2021\/01\/Les-Elfes-2021-2.jpg\",\"width\":1804,\"height\":1217},{\"@type\":\"BreadcrumbList\",\"@id\":\"https:\/\/www.leselfes.com\/fr\/merci-pour-les-sessions-de-camp-dhiver-de-decembre\/#breadcrumb\",\"itemListElement\":[{\"@type\":\"ListItem\",\"position\":1,\"name\":\"Home\",\"item\":\"https:\/\/www.leselfes.com\/fr\/\"},{\"@type\":\"ListItem\",\"position\":2,\"name\":\"Merci pour les sessions de camp d&#8217;hiver de d\u00e9cembre !\"}]},{\"@type\":\"WebSite\",\"@id\":\"https:\/\/dev.leselfes.com\/#website\",\"url\":\"https:\/\/dev.leselfes.com\/\",\"name\":\"Les Elfes International\",\"description\":\"Les Elfes International, Verbier Switzerland. Summer Camp, Winter Camp, Spring Camps.\",\"publisher\":{\"@id\":\"https:\/\/dev.leselfes.com\/#organization\"},\"alternateName\":\"Les Elfes International\",\"potentialAction\":[{\"@type\":\"SearchAction\",\"target\":{\"@type\":\"EntryPoint\",\"urlTemplate\":\"https:\/\/dev.leselfes.com\/?s={search_term_string}\"},\"query-input\":{\"@type\":\"PropertyValueSpecification\",\"valueRequired\":true,\"valueName\":\"search_term_string\"}}],\"inLanguage\":\"fr-FR\"},{\"@type\":\"Organization\",\"@id\":\"https:\/\/dev.leselfes.com\/#organization\",\"name\":\"Les Elfes International\",\"alternateName\":\"Les Elfes International\",\"url\":\"https:\/\/dev.leselfes.com\/\",\"logo\":{\"@type\":\"ImageObject\",\"inLanguage\":\"fr-FR\",\"@id\":\"https:\/\/dev.leselfes.com\/#\/schema\/logo\/image\/\",\"url\":\"https:\/\/www.leselfes.com\/wp-content\/uploads\/2022\/03\/leselfes-logo.png\",\"contentUrl\":\"https:\/\/www.leselfes.com\/wp-content\/uploads\/2022\/03\/leselfes-logo.png\",\"width\":233,\"height\":51,\"caption\":\"Les Elfes International\"},\"image\":{\"@id\":\"https:\/\/dev.leselfes.com\/#\/schema\/logo\/image\/\"},\"sameAs\":[\"https:\/\/www.facebook.com\/LesElfesVerbier\",\"https:\/\/x.com\/LesElfesCamps\",\"https:\/\/www.instagram.com\/leselfes\",\"https:\/\/www.linkedin.com\/company\/les-elfes-international\",\"https:\/\/www.youtube.com\/user\/LesElfesVerbier\"]},{\"@type\":\"Person\",\"@id\":\"https:\/\/dev.leselfes.com\/#\/schema\/person\/407a229698868b8c603874b19f37f289\",\"name\":\"lesadmin\",\"image\":{\"@type\":\"ImageObject\",\"inLanguage\":\"fr-FR\",\"@id\":\"https:\/\/dev.leselfes.com\/#\/schema\/person\/image\/\",\"url\":\"https:\/\/secure.gravatar.com\/avatar\/fdb243a028df450397b3632d862f87f6?s=96&d=mm&r=g\",\"contentUrl\":\"https:\/\/secure.gravatar.com\/avatar\/fdb243a028df450397b3632d862f87f6?s=96&d=mm&r=g\",\"caption\":\"lesadmin\"},\"url\":\"https:\/\/www.leselfes.com\/fr\/author\/lesadmin\/\"}]}<\/script>\n<!-- \/ Yoast SEO Premium plugin. -->","yoast_head_json":{"title":"Merci pour les sessions de camp d'hiver de d\u00e9cembre ! - Les Elfes International Camps Switzerland","robots":{"index":"index","follow":"follow","max-snippet":"max-snippet:-1","max-image-preview":"max-image-preview:large","max-video-preview":"max-video-preview:-1"},"canonical":"https:\/\/www.leselfes.com\/fr\/merci-pour-les-sessions-de-camp-dhiver-de-decembre\/","og_locale":"fr_FR","og_type":"article","og_title":"Merci pour les sessions de camp d'hiver de d\u00e9cembre !","og_description":"Lisez les commentaires de nos campeurs et d\u00e9couvrez les dates des prochains camps d'hiver et d'\u00e9t\u00e9.","og_url":"https:\/\/www.leselfes.com\/fr\/merci-pour-les-sessions-de-camp-dhiver-de-decembre\/","og_site_name":"Les Elfes International Camps Switzerland","article_publisher":"https:\/\/www.facebook.com\/LesElfesVerbier","article_published_time":"2021-01-19T14:23:33+00:00","article_modified_time":"2024-11-12T11:28:38+00:00","og_image":[{"width":1804,"height":1217,"url":"https:\/\/dev.leselfes.com\/wp-content\/uploads\/2021\/01\/Les-Elfes-2021-2.jpg","type":"image\/jpeg"}],"author":"lesadmin","twitter_card":"summary_large_image","twitter_creator":"@LesElfesCamps","twitter_site":"@LesElfesCamps","twitter_misc":{"\u00c9crit par":"lesadmin","Dur\u00e9e de lecture estim\u00e9e":"3 minutes"},"schema":{"@context":"https:\/\/schema.org","@graph":[{"@type":"Article","@id":"https:\/\/www.leselfes.com\/fr\/merci-pour-les-sessions-de-camp-dhiver-de-decembre\/#article","isPartOf":{"@id":"https:\/\/www.leselfes.com\/fr\/merci-pour-les-sessions-de-camp-dhiver-de-decembre\/"},"author":{"name":"lesadmin","@id":"https:\/\/dev.leselfes.com\/#\/schema\/person\/407a229698868b8c603874b19f37f289"},"headline":"Merci pour les sessions de camp d&rsquo;hiver de d\u00e9cembre !","datePublished":"2021-01-19T14:23:33+00:00","dateModified":"2024-11-12T11:28:38+00:00","mainEntityOfPage":{"@id":"https:\/\/www.leselfes.com\/fr\/merci-pour-les-sessions-de-camp-dhiver-de-decembre\/"},"wordCount":655,"commentCount":0,"publisher":{"@id":"https:\/\/dev.leselfes.com\/#organization"},"image":{"@id":"https:\/\/www.leselfes.com\/fr\/merci-pour-les-sessions-de-camp-dhiver-de-decembre\/#primaryimage"},"thumbnailUrl":"https:\/\/www.leselfes.com\/wp-content\/uploads\/2021\/01\/Les-Elfes-2021-2.jpg","articleSection":["Non classifi\u00e9(e)"],"inLanguage":"fr-FR","potentialAction":[{"@type":"CommentAction","name":"Comment","target":["https:\/\/www.leselfes.com\/fr\/merci-pour-les-sessions-de-camp-dhiver-de-decembre\/#respond"]}]},{"@type":"WebPage","@id":"https:\/\/www.leselfes.com\/fr\/merci-pour-les-sessions-de-camp-dhiver-de-decembre\/","url":"https:\/\/www.leselfes.com\/fr\/merci-pour-les-sessions-de-camp-dhiver-de-decembre\/","name":"Merci pour les sessions de camp d'hiver de d\u00e9cembre ! - Les Elfes International Camps Switzerland","isPartOf":{"@id":"https:\/\/dev.leselfes.com\/#website"},"primaryImageOfPage":{"@id":"https:\/\/www.leselfes.com\/fr\/merci-pour-les-sessions-de-camp-dhiver-de-decembre\/#primaryimage"},"image":{"@id":"https:\/\/www.leselfes.com\/fr\/merci-pour-les-sessions-de-camp-dhiver-de-decembre\/#primaryimage"},"thumbnailUrl":"https:\/\/www.leselfes.com\/wp-content\/uploads\/2021\/01\/Les-Elfes-2021-2.jpg","datePublished":"2021-01-19T14:23:33+00:00","dateModified":"2024-11-12T11:28:38+00:00","breadcrumb":{"@id":"https:\/\/www.leselfes.com\/fr\/merci-pour-les-sessions-de-camp-dhiver-de-decembre\/#breadcrumb"},"inLanguage":"fr-FR","potentialAction":[{"@type":"ReadAction","target":["https:\/\/www.leselfes.com\/fr\/merci-pour-les-sessions-de-camp-dhiver-de-decembre\/"]}]},{"@type":"ImageObject","inLanguage":"fr-FR","@id":"https:\/\/www.leselfes.com\/fr\/merci-pour-les-sessions-de-camp-dhiver-de-decembre\/#primaryimage","url":"https:\/\/www.leselfes.com\/wp-content\/uploads\/2021\/01\/Les-Elfes-2021-2.jpg","contentUrl":"https:\/\/www.leselfes.com\/wp-content\/uploads\/2021\/01\/Les-Elfes-2021-2.jpg","width":1804,"height":1217},{"@type":"BreadcrumbList","@id":"https:\/\/www.leselfes.com\/fr\/merci-pour-les-sessions-de-camp-dhiver-de-decembre\/#breadcrumb","itemListElement":[{"@type":"ListItem","position":1,"name":"Home","item":"https:\/\/www.leselfes.com\/fr\/"},{"@type":"ListItem","position":2,"name":"Merci pour les sessions de camp d&#8217;hiver de d\u00e9cembre !"}]},{"@type":"WebSite","@id":"https:\/\/dev.leselfes.com\/#website","url":"https:\/\/dev.leselfes.com\/","name":"Les Elfes International","description":"Les Elfes International, Verbier Switzerland. Summer Camp, Winter Camp, Spring Camps.","publisher":{"@id":"https:\/\/dev.leselfes.com\/#organization"},"alternateName":"Les Elfes International","potentialAction":[{"@type":"SearchAction","target":{"@type":"EntryPoint","urlTemplate":"https:\/\/dev.leselfes.com\/?s={search_term_string}"},"query-input":{"@type":"PropertyValueSpecification","valueRequired":true,"valueName":"search_term_string"}}],"inLanguage":"fr-FR"},{"@type":"Organization","@id":"https:\/\/dev.leselfes.com\/#organization","name":"Les Elfes International","alternateName":"Les Elfes International","url":"https:\/\/dev.leselfes.com\/","logo":{"@type":"ImageObject","inLanguage":"fr-FR","@id":"https:\/\/dev.leselfes.com\/#\/schema\/logo\/image\/","url":"https:\/\/www.leselfes.com\/wp-content\/uploads\/2022\/03\/leselfes-logo.png","contentUrl":"https:\/\/www.leselfes.com\/wp-content\/uploads\/2022\/03\/leselfes-logo.png","width":233,"height":51,"caption":"Les Elfes International"},"image":{"@id":"https:\/\/dev.leselfes.com\/#\/schema\/logo\/image\/"},"sameAs":["https:\/\/www.facebook.com\/LesElfesVerbier","https:\/\/x.com\/LesElfesCamps","https:\/\/www.instagram.com\/leselfes","https:\/\/www.linkedin.com\/company\/les-elfes-international","https:\/\/www.youtube.com\/user\/LesElfesVerbier"]},{"@type":"Person","@id":"https:\/\/dev.leselfes.com\/#\/schema\/person\/407a229698868b8c603874b19f37f289","name":"lesadmin","image":{"@type":"ImageObject","inLanguage":"fr-FR","@id":"https:\/\/dev.leselfes.com\/#\/schema\/person\/image\/","url":"https:\/\/secure.gravatar.com\/avatar\/fdb243a028df450397b3632d862f87f6?s=96&d=mm&r=g","contentUrl":"https:\/\/secure.gravatar.com\/avatar\/fdb243a028df450397b3632d862f87f6?s=96&d=mm&r=g","caption":"lesadmin"},"url":"https:\/\/www.leselfes.com\/fr\/author\/lesadmin\/"}]}},"_links":{"self":[{"href":"https:\/\/www.leselfes.com\/fr\/wp-json\/wp\/v2\/posts\/92825"}],"collection":[{"href":"https:\/\/www.leselfes.com\/fr\/wp-json\/wp\/v2\/posts"}],"about":[{"href":"https:\/\/www.leselfes.com\/fr\/wp-json\/wp\/v2\/types\/post"}],"author":[{"embeddable":true,"href":"https:\/\/www.leselfes.com\/fr\/wp-json\/wp\/v2\/users\/1"}],"replies":[{"embeddable":true,"href":"https:\/\/www.leselfes.com\/fr\/wp-json\/wp\/v2\/comments?post=92825"}],"version-history":[{"count":0,"href":"https:\/\/www.leselfes.com\/fr\/wp-json\/wp\/v2\/posts\/92825\/revisions"}],"wp:featuredmedia":[{"embeddable":true,"href":"https:\/\/www.leselfes.com\/fr\/wp-json\/wp\/v2\/media\/73516"}],"wp:attachment":[{"href":"https:\/\/www.leselfes.com\/fr\/wp-json\/wp\/v2\/media?parent=92825"}],"wp:term":[{"taxonomy":"category","embeddable":true,"href":"https:\/\/www.leselfes.com\/fr\/wp-json\/wp\/v2\/categories?post=92825"},{"taxonomy":"post_tag","embeddable":true,"href":"https:\/\/www.leselfes.com\/fr\/wp-json\/wp\/v2\/tags?post=92825"}],"curies":[{"name":"wp","href":"https:\/\/api.w.org\/{rel}","templated":true}]}}