{"id":92949,"date":"2020-05-27T06:31:24","date_gmt":"2020-05-27T04:31:24","guid":{"rendered":"https:\/\/www.leselfes.com\/comment-creer-un-programme-de-camp-dete-memorable-pour-les-enfants\/"},"modified":"2024-11-12T12:30:44","modified_gmt":"2024-11-12T11:30:44","slug":"comment-creer-un-programme-de-camp-dete-memorable-pour-les-enfants","status":"publish","type":"post","link":"https:\/\/www.leselfes.com\/fr\/comment-creer-un-programme-de-camp-dete-memorable-pour-les-enfants\/","title":{"rendered":"Comment cr\u00e9er un programme de camp d&rsquo;\u00e9t\u00e9 m\u00e9morable pour les enfants ?"},"content":{"rendered":"&#13;\n<p>Vous pr\u00e9voyez un s\u00e9jour en colonie de vacances pour vos \u00e9l\u00e8ves ?\nSi oui, il est important d&rsquo;avoir un plan d&rsquo;action appropri\u00e9.\nTout d&rsquo;abord, d\u00e9terminez le lieu du camping et d\u00e9cidez si le s\u00e9jour se d\u00e9roulera sur une journ\u00e9e ou sur une nuit.  <\/p>&#13;\n<p><\/p><\/p>\n<p>\n&#13;\n<p>Si vous optez pour un camp de nuit, vous devrez tenir compte de nombreux autres \u00e9l\u00e9ments.\nIl s&rsquo;agit notamment de l&rsquo;h\u00e9bergement et des repas.\nSi la majorit\u00e9 des participants pr\u00e9f\u00e8rent le camping \u00e0 la journ\u00e9e, vous devrez faire appel \u00e0 un service de transport fiable.\nEn outre, vous devrez trouver des b\u00e9n\u00e9voles qui seront charg\u00e9s de superviser les enfants.\nLa derni\u00e8re \u00e9tape consistera \u00e0 calculer le montant total de la contribution de chaque participant.    <\/p>&#13;\n<p><\/p><\/p>\n<p>\n&#13;\n<p>Quels sont les autres facteurs \u00e0 prendre en consid\u00e9ration ?\nLisez la suite pour le savoir.\nNous vous expliquerons \u00e9galement pourquoi vous devriez faire du camping d&rsquo;\u00e9t\u00e9 en Suisse.    <\/p>&#13;\n<p><\/p><\/p>\n<p>\n&#13;\n<h2 class=\"wp-block-heading\">Ce qu&rsquo;il faut inclure dans le programme de votre camp d&rsquo;\u00e9t\u00e9 pour enfants<\/h2>&#13;\n<p><\/p><\/p>\n<p>\n&#13;\n<h3 class=\"wp-block-heading\">&#8211; Jeux de camp<\/h3>&#13;\n<p><\/p><\/p>\n<p>\n&#13;\n<p>Si la <a href=\"https:\/\/redtri.com\/national-summer-programs-for-families\/\">colonie de vacances pour enfants<\/a> est pr\u00e9vue pour une nuit, vous devrez pr\u00e9voir suffisamment d&rsquo;activit\u00e9s pour occuper les enfants. N&rsquo;oubliez pas que ces activit\u00e9s doivent \u00eatre diff\u00e9rentes du th\u00e8me principal de votre programme. Choisissez des jeux d&rsquo;int\u00e9rieur amusants et int\u00e9ressants en fonction de l&rsquo;\u00e2ge des enfants.  <\/p>&#13;\n<p><\/p><\/p>\n<p>\n&#13;\n<p>Les enfants peuvent participer \u00e0 certaines de ces activit\u00e9s le soir autour d&rsquo;un feu de camp.\nIl peut s&rsquo;agir de raconter des histoires, d&rsquo;observer les \u00e9toiles ou de faire de la photographie nocturne. <\/p>&#13;\n<p><\/p><\/p>\n<p>\n&#13;\n<p>La chasse au tr\u00e9sor, les relais et la course en sac sont quelques-unes des activit\u00e9s auxquelles les enfants peuvent s&rsquo;adonner pendant la journ\u00e9e.\nLes jeux sont des strat\u00e9gies simples et pr\u00e9cises que vous pouvez utiliser pour aider les enfants \u00e0 se d\u00e9tendre.\nIls permettent \u00e9galement aux enfants de tisser des liens tout en les encourageant \u00e0 travailler en \u00e9quipe.    <\/p>&#13;\n<p><\/p><\/p>\n<p>\n&#13;\n<h3 class=\"wp-block-heading\">&#8211; Th\u00e8mes des camps d&rsquo;\u00e9t\u00e9 pour enfants<\/h3>&#13;\n<p><\/p><\/p>\n<figure><img decoding=\"async\" src=\"https:\/\/www.leselfes.com\/wp-content\/uploads\/2021\/06\/Summer-Kids-Camp-Themes.jpg\" alt=\"Th\u00e8mes des camps d'\u00e9t\u00e9 pour enfants\"><\/figure>\n<p><!-- \/wp:image --><\/p>\n<p><!-- wp:paragraph --><\/p>\n<p>Lorsque vous planifiez une colonie de vacances pour enfants, choisissez un th\u00e8me adapt\u00e9 aux enfants.<br \/>\nLes participants sauront ainsi \u00e0 quoi s&rsquo;attendre.<br \/>\nLe fait de communiquer le th\u00e8me suffisamment t\u00f4t permet aux participants d&rsquo;apporter des modifications en fonction de leurs besoins et de leurs attentes.  <\/p>\n<p><!-- \/wp:paragraph --><\/p>\n<p><!-- wp:paragraph --><\/p>\n<p>Parmi les th\u00e8mes que vous pouvez inclure dans votre programme, citons l&rsquo;aventure, la natation, la p\u00eache, l&rsquo;art et l&rsquo;artisanat, et la randonn\u00e9e.<br \/>\nVous pouvez demander aux enfants de choisir leurs th\u00e8mes \u00e0 l&rsquo;avance.<br \/>\nCela vous aidera \u00e0 d\u00e9cider ce que vous devez modifier ou \u00e9liminer.    <\/p>\n<p><!-- \/wp:paragraph --><\/p>\n<p><!-- wp:heading {\"level\":3} --><\/p>\n<h3>&#8211; Attribuer du temps libre<\/h3>\n<p><!-- \/wp:heading --><\/p>\n<p><!-- wp:paragraph --><\/p>\n<p>En g\u00e9n\u00e9ral, les campings d&rsquo;\u00e9t\u00e9 pour enfants sont fr\u00e9quent\u00e9s par de nombreux enfants de diff\u00e9rentes r\u00e9gions du monde.<br \/>\nN\u00e9anmoins, il est important d&rsquo;inclure du temps libre dans le programme.<br \/>\nLes enfants peuvent utiliser ce temps pour m\u00e9diter, se retrouver ou se faire de nouveaux amis.  <\/p>\n<p><!-- \/wp:paragraph --><\/p>\n<p><!-- wp:paragraph --><\/p>\n<p>L&rsquo;une des meilleures fa\u00e7ons pour les enfants d&rsquo;utiliser leur temps libre est d&rsquo;\u00e9crire leur opinion sur la <a href=\"https:\/\/www.leselfes.com\/fr\/?page_id=89039\">colonie de vacances<\/a>. Ils peuvent m\u00eame tenir un journal dans lequel ils \u00e9crivent leurs activit\u00e9s quotidiennes. N&rsquo;oubliez pas que l&rsquo;\u00e9t\u00e9 est la p\u00e9riode pendant laquelle vous devez laisser les enfants libres de faire ce qu&rsquo;ils veulent. Toutefois, vous devez les encourager si n\u00e9cessaire.     <\/p>\n<p><!-- \/wp:paragraph --><\/p>\n<p><!-- wp:heading {\"level\":3} --><\/p>\n<h3>&#8211; Inclure une journ\u00e9e sp\u00e9ciale<\/h3>\n<p><!-- \/wp:heading --><\/p>\n<p><!-- wp:paragraph --><\/p>\n<p>Pensez \u00e0 inclure une journ\u00e9e sp\u00e9ciale dans le programme de votre camp d&rsquo;\u00e9t\u00e9 pour enfants.<br \/>\nIl peut s&rsquo;agir d&rsquo;une f\u00eate de rassemblement ou d&rsquo;une journ\u00e9e des talents et de la culture.<br \/>\nLes enfants auront ainsi l&rsquo;occasion de pr\u00e9senter leurs traditions et leur culture et d&rsquo;en apprendre davantage sur d&rsquo;autres cultures.<br \/>\nPour la journ\u00e9e des talents, les enfants devront montrer leurs comp\u00e9tences en mati\u00e8re de danse, de guitare, de peinture et de chant.     <\/p>\n<p><!-- \/wp:paragraph --><\/p>\n<p><!-- wp:heading {\"level\":3} --><\/p>\n<h3>&#8211; Conseillers<\/h3>\n<p><!-- \/wp:heading --><\/p>\n<p><!-- wp:paragraph --><\/p>\n<p>Lorsque vous planifiez le programme d&rsquo;une colonie de vacances pour enfants, pensez \u00e0 faire appel \u00e0 des m\u00e9decins et \u00e0 des conseillers.<br \/>\nCertains camps les ont \u00e0 bord, ce qui signifie que vous n&rsquo;avez pas besoin de les externaliser pendant le camping. <\/p>\n<p><!-- \/wp:paragraph --><\/p>\n<p><!-- wp:paragraph --><\/p>\n<p>C&rsquo;est l&rsquo;une des raisons pour lesquelles vous devriez envisager de camper <a href=\"https:\/\/www.leselfes.com\/fr\/?page_id=90045\">aux Elfes<\/a>. Le camp qui fonctionne toute l&rsquo;ann\u00e9e existe depuis plus de 30 ans. Les campeurs b\u00e9n\u00e9ficient d&rsquo;un large \u00e9ventail d&rsquo;activit\u00e9s amusantes et passionnantes. De plus, le personnel s&rsquo;efforce d&rsquo;offrir aux campeurs une exp\u00e9rience m\u00e9morable.   <\/p>\n<p><!-- \/wp:paragraph --><\/p>\n<p><!-- wp:paragraph --><\/p>\n<p>Pourquoi les conseillers et les m\u00e9decins sont-ils importants lors d&rsquo;un s\u00e9jour d&rsquo;\u00e9t\u00e9 en camping pour enfants ?<br \/>\nLes enfants ont parfois le mal du pays, surtout s&rsquo;ils campent pour la premi\u00e8re fois.<br \/>\nCertains enfants qui ont des r\u00e9sultats m\u00e9diocres en camp peuvent \u00eatre d\u00e9prim\u00e9s et c&rsquo;est l\u00e0 qu&rsquo;un conseiller ou un m\u00e9decin entre en jeu.  <\/p>\n<p><!-- \/wp:paragraph --><\/p>\n<p><!-- wp:paragraph --><\/p>\n<p>Ces experts jouent un r\u00f4le important en aidant les enfants \u00e0 se sentir \u00e0 l&rsquo;aise.<br \/>\nLes conseillers observent \u00e9galement le comportement des enfants et collaborent avec les organisateurs pour faire ressortir le meilleur d&rsquo;un enfant.<br \/>\nCela permet d&rsquo;am\u00e9liorer la qualit\u00e9 de l&rsquo;exp\u00e9rience de la colonie de vacances pour enfants.  <\/p>\n<p><!-- \/wp:paragraph --><\/p>\n<p><!-- wp:heading {\"level\":3} --><\/p>\n<h3>&#8211; Sports d&rsquo;aventure<\/h3>\n<p><!-- \/wp:heading --><\/p>\n<p>&nbsp;<\/p>\n<p><!-- wp:image {\"id\":38295,\"sizeSlug\":\"large\"} --><\/p>\n<figure><img decoding=\"async\" src=\"https:\/\/www.leselfes.com\/wp-content\/uploads\/2021\/06\/Adventure-Sports.jpg\" alt=\"Sports d'aventure\"><\/figure>\n<p><!-- \/wp:image --><\/p>\n<p><!-- wp:paragraph --><\/p>\n<p>Les sports d&rsquo;aventure sont des activit\u00e9s int\u00e9ressantes et amusantes que les enfants recherchent lorsqu&rsquo;ils campent.<br \/>\nIncluez dans votre programme de camp d&rsquo;\u00e9t\u00e9 pour enfants des sports tels que la travers\u00e9e de rivi\u00e8res, l&rsquo;escalade, le parapente et la plong\u00e9e en apn\u00e9e.<br \/>\nCes sports d&rsquo;aventure n\u00e9cessitent un \u00e9quipement sp\u00e9cialis\u00e9 que vous pouvez acheter.  <\/p>\n<p><!-- \/wp:paragraph --><\/p>\n<p><!-- wp:paragraph --><\/p>\n<p>Cependant, vous n&rsquo;avez pas \u00e0 vous pr\u00e9occuper de <a href=\"https:\/\/www.protectchagos.org\/tips-to-consider-when-choosing-camping-gear\/\">choisir le meilleur \u00e9quipement<\/a> pour vos enfants. Les Elfes disposent de cet \u00e9quipement que vous pouvez louer \u00e0 des prix raisonnables. N&rsquo;oubliez pas que les enfants ont besoin d&rsquo;\u00eatre encadr\u00e9s lorsqu&rsquo;ils pratiquent ces sports. Le camp dispose d&rsquo;experts qualifi\u00e9s, mais vous pouvez \u00e9galement amener votre propre superviseur.   <\/p>\n<p><!-- \/wp:paragraph --><\/p>\n<p><!-- wp:paragraph --><\/p>\n<p>Veillez \u00e0 ce que les enfants ne pratiquent que des sports qu&rsquo;ils aiment.<br \/>\nPlut\u00f4t que de les forcer \u00e0 participer \u00e0 des activit\u00e9s qui leur font peur, encouragez-les.<br \/>\nCela peut contribuer \u00e0 renforcer leur motivation \u00e0 participer.<br \/>\nVous pouvez \u00e9galement leur permettre de participer \u00e0 l&rsquo;activit\u00e9 sous la supervision d&rsquo;un adulte.<br \/>\nCela contribuera \u00e0 am\u00e9liorer leur confiance en eux.      <\/p>\n<p><!-- \/wp:paragraph --><\/p>\n<p><!-- wp:heading {\"level\":3} --><\/p>\n<h3>&#8211; Journ\u00e9e de l&rsquo;art<\/h3>\n<p><!-- \/wp:heading --><\/p>\n<p><!-- wp:paragraph --><\/p>\n<p>Une journ\u00e9e artistique est indispensable dans une colonie de vacances pour enfants.<br \/>\nLes enfants peuvent s&rsquo;initier \u00e0 la peinture, \u00e0 la poterie et m\u00eame au dessin.<br \/>\nVous pouvez encourager les enfants \u00e0 d\u00e9corer certaines parties du camp en fonction de leurs pr\u00e9f\u00e9rences.<br \/>\nEn outre, vous pouvez organiser une exposition pour pr\u00e9senter les diff\u00e9rents travaux d&rsquo;artisanat r\u00e9alis\u00e9s par les enfants.<br \/>\nUne corde ou un mur de gratitude pour les colonies de vacances peut \u00e9galement s&rsquo;av\u00e9rer utile.<br \/>\nAccrochez tous les objets fabriqu\u00e9s par les enfants \u00e0 la ficelle ou collez-les au mur.<br \/>\nUtilisez des clips color\u00e9s pour obtenir un r\u00e9sultat final attrayant.        <\/p>\n<p>&nbsp;<\/p>\n<p><!-- \/wp:paragraph --><\/p>\n<p><!-- wp:heading --><\/p>\n<h2>Pourquoi choisir la Suisse pour un camp d&rsquo;\u00e9t\u00e9 pour enfants ?<\/h2>\n<p><!-- \/wp:heading --><\/p>\n<p>&nbsp;<\/p>\n<p>&nbsp;<\/p>\n<p><!-- wp:image {\"id\":38296,\"sizeSlug\":\"large\"} --><\/p>\n<figure><img loading=\"lazy\" decoding=\"async\" src=\"https:\/\/www.leselfes.com\/wp-content\/uploads\/2021\/06\/Summer-Kids-Camp.jpg\" alt=\"Camp d'\u00e9t\u00e9 pour enfants\" width=\"799\" height=\"600\"><\/figure>\n<p><!-- \/wp:image --><\/p>\n<p><!-- wp:paragraph --><\/p>\n<p>La Suisse est une destination de vacances d&rsquo;\u00e9t\u00e9 id\u00e9ale que vos enfants adoreront visiter.<br \/>\nIl y a de nombreuses raisons pour lesquelles vous devriez inclure ce pays dans votre programme de camp d&rsquo;\u00e9t\u00e9 pour enfants.<br \/>\nPar exemple, les campeurs ont la possibilit\u00e9 de camper en plein air pr\u00e8s de lacs, de montagnes et de for\u00eats pittoresques.  <\/p>\n<p><!-- \/wp:paragraph --><\/p>\n<p><!-- wp:paragraph --><\/p>\n<p>La Suisse offre certains des plus beaux paysages naturels d&rsquo;Europe.<br \/>\nDu territoire alpin aux for\u00eats sereines et aux plaines verdoyantes, ce pays est un sanctuaire pour les amoureux de la nature.<br \/>\nQue vous soyez extraverti ou r\u00e9serv\u00e9, la Suisse est un endroit amusant o\u00f9 vous pouvez profiter d&rsquo;un large \u00e9ventail d&rsquo;activit\u00e9s int\u00e9ressantes.  <\/p>\n<p><!-- \/wp:paragraph --><\/p>\n<p>&nbsp;<\/p>\n<p><!-- wp:heading --><\/p>\n<h2>Enfin<\/h2>\n<p><!-- \/wp:heading --><\/p>\n<p><!-- wp:paragraph --><\/p>\n<p>L&rsquo;\u00e9t\u00e9 est synonyme d&rsquo;excitation, car les enfants et les adultes ont h\u00e2te de faire du camping et de participer \u00e0 des activit\u00e9s de plein air amusantes.<br \/>\nUtilisez ces conseils pour cr\u00e9er un programme de camp d&rsquo;\u00e9t\u00e9 pour enfants que vos enfants adoreront et dont ils se souviendront longtemps apr\u00e8s.   <\/p>\n<p><!-- \/wp:paragraph --><\/p>\n<p>&nbsp;<\/p>\n","protected":false},"excerpt":{"rendered":"<p>&#13; Vous pr\u00e9voyez un s\u00e9jour en colonie de vacances pour vos \u00e9l\u00e8ves ? Si oui, il est important d&rsquo;avoir un plan d&rsquo;action appropri\u00e9. Tout d&rsquo;abord, d\u00e9terminez le lieu du camping&#8230;<\/p>\n","protected":false},"author":1,"featured_media":72996,"comment_status":"open","ping_status":"open","sticky":false,"template":"","format":"standard","meta":{"_acf_changed":false,"inline_featured_image":false,"footnotes":""},"categories":[1356,1372],"tags":[1757,1758],"class_list":{"0":"post-92949","1":"post","2":"type-post","3":"status-publish","4":"format-standard","5":"has-post-thumbnail","7":"category-articles-fr","8":"category-camp-dete","9":"tag-camp-dete-pour-enfants-memorable","10":"tag-programme-de-camps-dete-pour-enfants"},"acf":[],"yoast_head":"<!-- This site is optimized with the Yoast SEO Premium plugin v24.2 (Yoast SEO v24.7) - https:\/\/yoast.com\/wordpress\/plugins\/seo\/ -->\n<title>Comment cr\u00e9er un programme de camp d&#039;\u00e9t\u00e9 m\u00e9morable pour les enfants ? - Les Elfes International Camps Switzerland<\/title>\n<meta name=\"robots\" content=\"index, follow, max-snippet:-1, max-image-preview:large, max-video-preview:-1\" \/>\n<link rel=\"canonical\" href=\"https:\/\/www.leselfes.com\/fr\/comment-creer-un-programme-de-camp-dete-memorable-pour-les-enfants\/\" \/>\n<meta property=\"og:locale\" content=\"fr_FR\" \/>\n<meta property=\"og:type\" content=\"article\" \/>\n<meta property=\"og:title\" content=\"Comment cr\u00e9er un programme de camp d&#039;\u00e9t\u00e9 m\u00e9morable pour les enfants ?\" \/>\n<meta property=\"og:description\" content=\"&#013; Vous pr\u00e9voyez un s\u00e9jour en colonie de vacances pour vos \u00e9l\u00e8ves ? Si oui, il est important d&rsquo;avoir un plan d&rsquo;action appropri\u00e9. Tout d&rsquo;abord, d\u00e9terminez le lieu du camping...\" \/>\n<meta property=\"og:url\" content=\"https:\/\/www.leselfes.com\/fr\/comment-creer-un-programme-de-camp-dete-memorable-pour-les-enfants\/\" \/>\n<meta property=\"og:site_name\" content=\"Les Elfes International Camps Switzerland\" \/>\n<meta property=\"article:publisher\" content=\"https:\/\/www.facebook.com\/LesElfesVerbier\" \/>\n<meta property=\"article:published_time\" content=\"2020-05-27T04:31:24+00:00\" \/>\n<meta property=\"article:modified_time\" content=\"2024-11-12T11:30:44+00:00\" \/>\n<meta property=\"og:image\" content=\"https:\/\/dev.leselfes.com\/wp-content\/uploads\/2020\/05\/Memorable-Summer-Kids-Camp-Program.jpg\" \/>\n\t<meta property=\"og:image:width\" content=\"975\" \/>\n\t<meta property=\"og:image:height\" content=\"675\" \/>\n\t<meta property=\"og:image:type\" content=\"image\/jpeg\" \/>\n<meta name=\"author\" content=\"lesadmin\" \/>\n<meta name=\"twitter:card\" content=\"summary_large_image\" \/>\n<meta name=\"twitter:creator\" content=\"@LesElfesCamps\" \/>\n<meta name=\"twitter:site\" content=\"@LesElfesCamps\" \/>\n<meta name=\"twitter:label1\" content=\"\u00c9crit par\" \/>\n\t<meta name=\"twitter:data1\" content=\"lesadmin\" \/>\n\t<meta name=\"twitter:label2\" content=\"Dur\u00e9e de lecture estim\u00e9e\" \/>\n\t<meta name=\"twitter:data2\" content=\"7 minutes\" \/>\n<script type=\"application\/ld+json\" class=\"yoast-schema-graph\">{\"@context\":\"https:\/\/schema.org\",\"@graph\":[{\"@type\":\"Article\",\"@id\":\"https:\/\/www.leselfes.com\/fr\/comment-creer-un-programme-de-camp-dete-memorable-pour-les-enfants\/#article\",\"isPartOf\":{\"@id\":\"https:\/\/www.leselfes.com\/fr\/comment-creer-un-programme-de-camp-dete-memorable-pour-les-enfants\/\"},\"author\":{\"name\":\"lesadmin\",\"@id\":\"https:\/\/dev.leselfes.com\/#\/schema\/person\/407a229698868b8c603874b19f37f289\"},\"headline\":\"Comment cr\u00e9er un programme de camp d&rsquo;\u00e9t\u00e9 m\u00e9morable pour les enfants ?\",\"datePublished\":\"2020-05-27T04:31:24+00:00\",\"dateModified\":\"2024-11-12T11:30:44+00:00\",\"mainEntityOfPage\":{\"@id\":\"https:\/\/www.leselfes.com\/fr\/comment-creer-un-programme-de-camp-dete-memorable-pour-les-enfants\/\"},\"wordCount\":1411,\"commentCount\":0,\"publisher\":{\"@id\":\"https:\/\/dev.leselfes.com\/#organization\"},\"image\":{\"@id\":\"https:\/\/www.leselfes.com\/fr\/comment-creer-un-programme-de-camp-dete-memorable-pour-les-enfants\/#primaryimage\"},\"thumbnailUrl\":\"https:\/\/www.leselfes.com\/wp-content\/uploads\/2020\/05\/Memorable-Summer-Kids-Camp-Program.jpg\",\"keywords\":[\"Camp d'\u00e9t\u00e9 pour enfants m\u00e9morable\",\"Programme de camps d'\u00e9t\u00e9 pour enfants\"],\"articleSection\":[\"Articles\",\"Camp d'\u00e9t\u00e9\"],\"inLanguage\":\"fr-FR\",\"potentialAction\":[{\"@type\":\"CommentAction\",\"name\":\"Comment\",\"target\":[\"https:\/\/www.leselfes.com\/fr\/comment-creer-un-programme-de-camp-dete-memorable-pour-les-enfants\/#respond\"]}]},{\"@type\":\"WebPage\",\"@id\":\"https:\/\/www.leselfes.com\/fr\/comment-creer-un-programme-de-camp-dete-memorable-pour-les-enfants\/\",\"url\":\"https:\/\/www.leselfes.com\/fr\/comment-creer-un-programme-de-camp-dete-memorable-pour-les-enfants\/\",\"name\":\"Comment cr\u00e9er un programme de camp d'\u00e9t\u00e9 m\u00e9morable pour les enfants ? - Les Elfes International Camps Switzerland\",\"isPartOf\":{\"@id\":\"https:\/\/dev.leselfes.com\/#website\"},\"primaryImageOfPage\":{\"@id\":\"https:\/\/www.leselfes.com\/fr\/comment-creer-un-programme-de-camp-dete-memorable-pour-les-enfants\/#primaryimage\"},\"image\":{\"@id\":\"https:\/\/www.leselfes.com\/fr\/comment-creer-un-programme-de-camp-dete-memorable-pour-les-enfants\/#primaryimage\"},\"thumbnailUrl\":\"https:\/\/www.leselfes.com\/wp-content\/uploads\/2020\/05\/Memorable-Summer-Kids-Camp-Program.jpg\",\"datePublished\":\"2020-05-27T04:31:24+00:00\",\"dateModified\":\"2024-11-12T11:30:44+00:00\",\"breadcrumb\":{\"@id\":\"https:\/\/www.leselfes.com\/fr\/comment-creer-un-programme-de-camp-dete-memorable-pour-les-enfants\/#breadcrumb\"},\"inLanguage\":\"fr-FR\",\"potentialAction\":[{\"@type\":\"ReadAction\",\"target\":[\"https:\/\/www.leselfes.com\/fr\/comment-creer-un-programme-de-camp-dete-memorable-pour-les-enfants\/\"]}]},{\"@type\":\"ImageObject\",\"inLanguage\":\"fr-FR\",\"@id\":\"https:\/\/www.leselfes.com\/fr\/comment-creer-un-programme-de-camp-dete-memorable-pour-les-enfants\/#primaryimage\",\"url\":\"https:\/\/www.leselfes.com\/wp-content\/uploads\/2020\/05\/Memorable-Summer-Kids-Camp-Program.jpg\",\"contentUrl\":\"https:\/\/www.leselfes.com\/wp-content\/uploads\/2020\/05\/Memorable-Summer-Kids-Camp-Program.jpg\",\"width\":975,\"height\":675},{\"@type\":\"BreadcrumbList\",\"@id\":\"https:\/\/www.leselfes.com\/fr\/comment-creer-un-programme-de-camp-dete-memorable-pour-les-enfants\/#breadcrumb\",\"itemListElement\":[{\"@type\":\"ListItem\",\"position\":1,\"name\":\"Home\",\"item\":\"https:\/\/www.leselfes.com\/fr\/\"},{\"@type\":\"ListItem\",\"position\":2,\"name\":\"Comment cr\u00e9er un programme de camp d&#8217;\u00e9t\u00e9 m\u00e9morable pour les enfants ?\"}]},{\"@type\":\"WebSite\",\"@id\":\"https:\/\/dev.leselfes.com\/#website\",\"url\":\"https:\/\/dev.leselfes.com\/\",\"name\":\"Les Elfes International\",\"description\":\"Les Elfes International, Verbier Switzerland. Summer Camp, Winter Camp, Spring Camps.\",\"publisher\":{\"@id\":\"https:\/\/dev.leselfes.com\/#organization\"},\"alternateName\":\"Les Elfes International\",\"potentialAction\":[{\"@type\":\"SearchAction\",\"target\":{\"@type\":\"EntryPoint\",\"urlTemplate\":\"https:\/\/dev.leselfes.com\/?s={search_term_string}\"},\"query-input\":{\"@type\":\"PropertyValueSpecification\",\"valueRequired\":true,\"valueName\":\"search_term_string\"}}],\"inLanguage\":\"fr-FR\"},{\"@type\":\"Organization\",\"@id\":\"https:\/\/dev.leselfes.com\/#organization\",\"name\":\"Les Elfes International\",\"alternateName\":\"Les Elfes International\",\"url\":\"https:\/\/dev.leselfes.com\/\",\"logo\":{\"@type\":\"ImageObject\",\"inLanguage\":\"fr-FR\",\"@id\":\"https:\/\/dev.leselfes.com\/#\/schema\/logo\/image\/\",\"url\":\"https:\/\/www.leselfes.com\/wp-content\/uploads\/2022\/03\/leselfes-logo.png\",\"contentUrl\":\"https:\/\/www.leselfes.com\/wp-content\/uploads\/2022\/03\/leselfes-logo.png\",\"width\":233,\"height\":51,\"caption\":\"Les Elfes International\"},\"image\":{\"@id\":\"https:\/\/dev.leselfes.com\/#\/schema\/logo\/image\/\"},\"sameAs\":[\"https:\/\/www.facebook.com\/LesElfesVerbier\",\"https:\/\/x.com\/LesElfesCamps\",\"https:\/\/www.instagram.com\/leselfes\",\"https:\/\/www.linkedin.com\/company\/les-elfes-international\",\"https:\/\/www.youtube.com\/user\/LesElfesVerbier\"]},{\"@type\":\"Person\",\"@id\":\"https:\/\/dev.leselfes.com\/#\/schema\/person\/407a229698868b8c603874b19f37f289\",\"name\":\"lesadmin\",\"image\":{\"@type\":\"ImageObject\",\"inLanguage\":\"fr-FR\",\"@id\":\"https:\/\/dev.leselfes.com\/#\/schema\/person\/image\/\",\"url\":\"https:\/\/secure.gravatar.com\/avatar\/fdb243a028df450397b3632d862f87f6?s=96&d=mm&r=g\",\"contentUrl\":\"https:\/\/secure.gravatar.com\/avatar\/fdb243a028df450397b3632d862f87f6?s=96&d=mm&r=g\",\"caption\":\"lesadmin\"},\"url\":\"https:\/\/www.leselfes.com\/fr\/author\/lesadmin\/\"}]}<\/script>\n<!-- \/ Yoast SEO Premium plugin. -->","yoast_head_json":{"title":"Comment cr\u00e9er un programme de camp d'\u00e9t\u00e9 m\u00e9morable pour les enfants ? - Les Elfes International Camps Switzerland","robots":{"index":"index","follow":"follow","max-snippet":"max-snippet:-1","max-image-preview":"max-image-preview:large","max-video-preview":"max-video-preview:-1"},"canonical":"https:\/\/www.leselfes.com\/fr\/comment-creer-un-programme-de-camp-dete-memorable-pour-les-enfants\/","og_locale":"fr_FR","og_type":"article","og_title":"Comment cr\u00e9er un programme de camp d'\u00e9t\u00e9 m\u00e9morable pour les enfants ?","og_description":"&#13; Vous pr\u00e9voyez un s\u00e9jour en colonie de vacances pour vos \u00e9l\u00e8ves ? Si oui, il est important d&rsquo;avoir un plan d&rsquo;action appropri\u00e9. Tout d&rsquo;abord, d\u00e9terminez le lieu du camping...","og_url":"https:\/\/www.leselfes.com\/fr\/comment-creer-un-programme-de-camp-dete-memorable-pour-les-enfants\/","og_site_name":"Les Elfes International Camps Switzerland","article_publisher":"https:\/\/www.facebook.com\/LesElfesVerbier","article_published_time":"2020-05-27T04:31:24+00:00","article_modified_time":"2024-11-12T11:30:44+00:00","og_image":[{"width":975,"height":675,"url":"https:\/\/dev.leselfes.com\/wp-content\/uploads\/2020\/05\/Memorable-Summer-Kids-Camp-Program.jpg","type":"image\/jpeg"}],"author":"lesadmin","twitter_card":"summary_large_image","twitter_creator":"@LesElfesCamps","twitter_site":"@LesElfesCamps","twitter_misc":{"\u00c9crit par":"lesadmin","Dur\u00e9e de lecture estim\u00e9e":"7 minutes"},"schema":{"@context":"https:\/\/schema.org","@graph":[{"@type":"Article","@id":"https:\/\/www.leselfes.com\/fr\/comment-creer-un-programme-de-camp-dete-memorable-pour-les-enfants\/#article","isPartOf":{"@id":"https:\/\/www.leselfes.com\/fr\/comment-creer-un-programme-de-camp-dete-memorable-pour-les-enfants\/"},"author":{"name":"lesadmin","@id":"https:\/\/dev.leselfes.com\/#\/schema\/person\/407a229698868b8c603874b19f37f289"},"headline":"Comment cr\u00e9er un programme de camp d&rsquo;\u00e9t\u00e9 m\u00e9morable pour les enfants ?","datePublished":"2020-05-27T04:31:24+00:00","dateModified":"2024-11-12T11:30:44+00:00","mainEntityOfPage":{"@id":"https:\/\/www.leselfes.com\/fr\/comment-creer-un-programme-de-camp-dete-memorable-pour-les-enfants\/"},"wordCount":1411,"commentCount":0,"publisher":{"@id":"https:\/\/dev.leselfes.com\/#organization"},"image":{"@id":"https:\/\/www.leselfes.com\/fr\/comment-creer-un-programme-de-camp-dete-memorable-pour-les-enfants\/#primaryimage"},"thumbnailUrl":"https:\/\/www.leselfes.com\/wp-content\/uploads\/2020\/05\/Memorable-Summer-Kids-Camp-Program.jpg","keywords":["Camp d'\u00e9t\u00e9 pour enfants m\u00e9morable","Programme de camps d'\u00e9t\u00e9 pour enfants"],"articleSection":["Articles","Camp d'\u00e9t\u00e9"],"inLanguage":"fr-FR","potentialAction":[{"@type":"CommentAction","name":"Comment","target":["https:\/\/www.leselfes.com\/fr\/comment-creer-un-programme-de-camp-dete-memorable-pour-les-enfants\/#respond"]}]},{"@type":"WebPage","@id":"https:\/\/www.leselfes.com\/fr\/comment-creer-un-programme-de-camp-dete-memorable-pour-les-enfants\/","url":"https:\/\/www.leselfes.com\/fr\/comment-creer-un-programme-de-camp-dete-memorable-pour-les-enfants\/","name":"Comment cr\u00e9er un programme de camp d'\u00e9t\u00e9 m\u00e9morable pour les enfants ? - Les Elfes International Camps Switzerland","isPartOf":{"@id":"https:\/\/dev.leselfes.com\/#website"},"primaryImageOfPage":{"@id":"https:\/\/www.leselfes.com\/fr\/comment-creer-un-programme-de-camp-dete-memorable-pour-les-enfants\/#primaryimage"},"image":{"@id":"https:\/\/www.leselfes.com\/fr\/comment-creer-un-programme-de-camp-dete-memorable-pour-les-enfants\/#primaryimage"},"thumbnailUrl":"https:\/\/www.leselfes.com\/wp-content\/uploads\/2020\/05\/Memorable-Summer-Kids-Camp-Program.jpg","datePublished":"2020-05-27T04:31:24+00:00","dateModified":"2024-11-12T11:30:44+00:00","breadcrumb":{"@id":"https:\/\/www.leselfes.com\/fr\/comment-creer-un-programme-de-camp-dete-memorable-pour-les-enfants\/#breadcrumb"},"inLanguage":"fr-FR","potentialAction":[{"@type":"ReadAction","target":["https:\/\/www.leselfes.com\/fr\/comment-creer-un-programme-de-camp-dete-memorable-pour-les-enfants\/"]}]},{"@type":"ImageObject","inLanguage":"fr-FR","@id":"https:\/\/www.leselfes.com\/fr\/comment-creer-un-programme-de-camp-dete-memorable-pour-les-enfants\/#primaryimage","url":"https:\/\/www.leselfes.com\/wp-content\/uploads\/2020\/05\/Memorable-Summer-Kids-Camp-Program.jpg","contentUrl":"https:\/\/www.leselfes.com\/wp-content\/uploads\/2020\/05\/Memorable-Summer-Kids-Camp-Program.jpg","width":975,"height":675},{"@type":"BreadcrumbList","@id":"https:\/\/www.leselfes.com\/fr\/comment-creer-un-programme-de-camp-dete-memorable-pour-les-enfants\/#breadcrumb","itemListElement":[{"@type":"ListItem","position":1,"name":"Home","item":"https:\/\/www.leselfes.com\/fr\/"},{"@type":"ListItem","position":2,"name":"Comment cr\u00e9er un programme de camp d&#8217;\u00e9t\u00e9 m\u00e9morable pour les enfants ?"}]},{"@type":"WebSite","@id":"https:\/\/dev.leselfes.com\/#website","url":"https:\/\/dev.leselfes.com\/","name":"Les Elfes International","description":"Les Elfes International, Verbier Switzerland. Summer Camp, Winter Camp, Spring Camps.","publisher":{"@id":"https:\/\/dev.leselfes.com\/#organization"},"alternateName":"Les Elfes International","potentialAction":[{"@type":"SearchAction","target":{"@type":"EntryPoint","urlTemplate":"https:\/\/dev.leselfes.com\/?s={search_term_string}"},"query-input":{"@type":"PropertyValueSpecification","valueRequired":true,"valueName":"search_term_string"}}],"inLanguage":"fr-FR"},{"@type":"Organization","@id":"https:\/\/dev.leselfes.com\/#organization","name":"Les Elfes International","alternateName":"Les Elfes International","url":"https:\/\/dev.leselfes.com\/","logo":{"@type":"ImageObject","inLanguage":"fr-FR","@id":"https:\/\/dev.leselfes.com\/#\/schema\/logo\/image\/","url":"https:\/\/www.leselfes.com\/wp-content\/uploads\/2022\/03\/leselfes-logo.png","contentUrl":"https:\/\/www.leselfes.com\/wp-content\/uploads\/2022\/03\/leselfes-logo.png","width":233,"height":51,"caption":"Les Elfes International"},"image":{"@id":"https:\/\/dev.leselfes.com\/#\/schema\/logo\/image\/"},"sameAs":["https:\/\/www.facebook.com\/LesElfesVerbier","https:\/\/x.com\/LesElfesCamps","https:\/\/www.instagram.com\/leselfes","https:\/\/www.linkedin.com\/company\/les-elfes-international","https:\/\/www.youtube.com\/user\/LesElfesVerbier"]},{"@type":"Person","@id":"https:\/\/dev.leselfes.com\/#\/schema\/person\/407a229698868b8c603874b19f37f289","name":"lesadmin","image":{"@type":"ImageObject","inLanguage":"fr-FR","@id":"https:\/\/dev.leselfes.com\/#\/schema\/person\/image\/","url":"https:\/\/secure.gravatar.com\/avatar\/fdb243a028df450397b3632d862f87f6?s=96&d=mm&r=g","contentUrl":"https:\/\/secure.gravatar.com\/avatar\/fdb243a028df450397b3632d862f87f6?s=96&d=mm&r=g","caption":"lesadmin"},"url":"https:\/\/www.leselfes.com\/fr\/author\/lesadmin\/"}]}},"_links":{"self":[{"href":"https:\/\/www.leselfes.com\/fr\/wp-json\/wp\/v2\/posts\/92949"}],"collection":[{"href":"https:\/\/www.leselfes.com\/fr\/wp-json\/wp\/v2\/posts"}],"about":[{"href":"https:\/\/www.leselfes.com\/fr\/wp-json\/wp\/v2\/types\/post"}],"author":[{"embeddable":true,"href":"https:\/\/www.leselfes.com\/fr\/wp-json\/wp\/v2\/users\/1"}],"replies":[{"embeddable":true,"href":"https:\/\/www.leselfes.com\/fr\/wp-json\/wp\/v2\/comments?post=92949"}],"version-history":[{"count":0,"href":"https:\/\/www.leselfes.com\/fr\/wp-json\/wp\/v2\/posts\/92949\/revisions"}],"wp:featuredmedia":[{"embeddable":true,"href":"https:\/\/www.leselfes.com\/fr\/wp-json\/wp\/v2\/media\/72996"}],"wp:attachment":[{"href":"https:\/\/www.leselfes.com\/fr\/wp-json\/wp\/v2\/media?parent=92949"}],"wp:term":[{"taxonomy":"category","embeddable":true,"href":"https:\/\/www.leselfes.com\/fr\/wp-json\/wp\/v2\/categories?post=92949"},{"taxonomy":"post_tag","embeddable":true,"href":"https:\/\/www.leselfes.com\/fr\/wp-json\/wp\/v2\/tags?post=92949"}],"curies":[{"name":"wp","href":"https:\/\/api.w.org\/{rel}","templated":true}]}}