{"id":93599,"date":"2020-04-29T16:19:28","date_gmt":"2020-04-29T14:19:28","guid":{"rendered":"https:\/\/www.leselfes.com\/le-point-sur-les-colonies-de-vacances-dans-le-contexte-de-la-pandemie-de-coronavirus\/"},"modified":"2025-01-07T10:06:43","modified_gmt":"2025-01-07T09:06:43","slug":"le-point-sur-les-colonies-de-vacances-dans-le-contexte-de-la-pandemie-de-coronavirus","status":"publish","type":"post","link":"https:\/\/www.leselfes.com\/fr\/le-point-sur-les-colonies-de-vacances-dans-le-contexte-de-la-pandemie-de-coronavirus\/","title":{"rendered":"Le point sur les colonies de vacances dans le contexte de la pand\u00e9mie de coronavirus"},"content":{"rendered":"&#13;\n<figure class=\"wp-block-image size-large\"><img loading=\"lazy\" decoding=\"async\" width=\"800\" height=\"479\" class=\"wp-image-42137\" src=\"https:\/\/www.leselfes.com\/wp-content\/uploads\/2020\/04\/the-Coronavirus-Pandemic.jpg\" alt=\"Pand&#xE9;mie de coronavirus\" srcset=\"https:\/\/www.leselfes.com\/wp-content\/uploads\/2020\/04\/the-Coronavirus-Pandemic.jpg 800w, https:\/\/www.leselfes.com\/wp-content\/uploads\/2020\/04\/the-Coronavirus-Pandemic-300x180.jpg 300w, https:\/\/www.leselfes.com\/wp-content\/uploads\/2020\/04\/the-Coronavirus-Pandemic-768x460.jpg 768w, https:\/\/www.leselfes.com\/wp-content\/uploads\/2020\/04\/the-Coronavirus-Pandemic-320x192.jpg 320w, https:\/\/www.leselfes.com\/wp-content\/uploads\/2020\/04\/the-Coronavirus-Pandemic-640x383.jpg 640w, https:\/\/www.leselfes.com\/wp-content\/uploads\/2020\/04\/the-Coronavirus-Pandemic-360x216.jpg 360w, https:\/\/www.leselfes.com\/wp-content\/uploads\/2020\/04\/the-Coronavirus-Pandemic-720x431.jpg 720w\" sizes=\"(max-width: 800px) 100vw, 800px\" \/><\/figure>&#13;\n&#13;\n<p>Les cas de coronavirus augmentent rapidement dans le monde entier. En Suisse, par exemple, on d\u00e9nombre actuellement 1 138 d\u00e9c\u00e8s sur 25 688 personnes infect\u00e9es et 13 700 gu\u00e9risons. Le Conseil f\u00e9d\u00e9ral encourage les habitants \u00e0 rester chez eux et \u00e0 \u00e9viter les lieux publics.  <\/p>&#13;\n&#13;\n<p>Les amateurs de camping, quant \u00e0 eux, attendent avec impatience le retour \u00e0 la normale.\nPoursuivez votre lecture pour en savoir plus sur le coronavirus et faire le point sur les camps d&rsquo;\u00e9t\u00e9.   <\/p>&#13;\n&#13;\n<h2 class=\"wp-block-heading\">Comment obtenir de l&rsquo;aide<\/h2>&#13;\n&#13;\n<p>La ligne d&rsquo;information de Covid-19 en Suisse est le +41 58 463 00 00 et est disponible 24 heures sur 24.\nToutefois, en raison du nombre \u00e9lev\u00e9 d&rsquo;appels, vous devrez attendre un certain temps avant de pouvoir parler \u00e0 un repr\u00e9sentant.\nExaminons les derni\u00e8res statistiques sur le coronavirus en Suisse.  <\/p>&#13;\n&#13;\n<h2 class=\"wp-block-heading\">La situation du coronavirus en Suisse<\/h2>&#13;\n&#13;\n<p>Le premier cas de Coronavirus en Suisse a \u00e9t\u00e9 signal\u00e9 le 25 f\u00e9vrier.\nIl s&rsquo;agissait d&rsquo;un homme du canton du Tessin qui avait d\u00e9j\u00e0 voyag\u00e9 \u00e0 Milan.\nLe premier d\u00e9c\u00e8s d\u00fb au Coronavirus dans le pays a \u00e9t\u00e9 signal\u00e9 le 5 mars. Il s&rsquo;agissait d&rsquo;une femme du canton de Vaud.\nToutefois, cette femme avait d\u00e9j\u00e0 souffert d&rsquo;une maladie chronique auparavant.     <\/p>&#13;\n&#13;\n<h2 class=\"wp-block-heading\">Statistiques sur les coronavirus dans les cantons suisses<\/h2>&#13;\n&#13;\n<p>Le nombre de d\u00e9c\u00e8s dus au coronavirus en Suisse a diminu\u00e9 de 30 % \u00e0 15 % depuis le 20 mars.\nLes cantons les plus touch\u00e9s sont le Tessin, Vaud, Gen\u00e8ve et Zurich.   <\/p>&#13;\n&#13;\n<h2 class=\"wp-block-heading\">Derni\u00e8res mises \u00e0 jour sur le coronavirus en Suisse  <\/h2>&#13;\n&#13;\n<h3 class=\"wp-block-heading\">&#8211; 8 avril<\/h3>&#13;\n&#13;\n<p>Le gouvernement suisse a prolong\u00e9 jusqu&rsquo;au 26 avril les restrictions introduites le 16 mars pour lutter contre la propagation du Covid-19.\nToutefois, certaines de ces restrictions seront progressivement assouplies au fil du temps.\nLes zones o\u00f9 ces mesures seront assouplies seront pr\u00e9sent\u00e9es le 16 avril.    <\/p>&#13;\n&#13;\n<h3 class=\"wp-block-heading\">&#8211; 3 avril  <\/h3>&#13;\n&#13;\n<p>La Suisse a mis en place des r\u00e8gles strictes pour lutter contre la pand\u00e9mie de coronavirus. Par exemple, une grande partie des employ\u00e9s travaillent d\u00e9sormais \u00e0 domicile. S&rsquo;ils \u00e9taient r\u00e9ticents au d\u00e9but, ils commencent aujourd&rsquo;hui \u00e0 en appr\u00e9cier les avantages.  <\/p>&#13;\n&#13;\n<p>Il y a fort \u00e0 parier que de nombreux employ\u00e9s souhaiteront continuer \u00e0 travailler \u00e0 domicile apr\u00e8s la pand\u00e9mie.\nPar cons\u00e9quent, les employeurs doivent \u00eatre pr\u00eats \u00e0 offrir des possibilit\u00e9s de travail en ligne et \u00e0 les faire respecter une fois la crise pass\u00e9e.   <\/p>&#13;\n&#13;\n<p>L&rsquo;ann\u00e9e scolaire en cours sera-t-elle prolong\u00e9e ?\nLa Conf\u00e9rence suisse des directeurs cantonaux de l&rsquo;instruction publique (CDIP) a d\u00e9cid\u00e9 que ce ne serait pas le cas.\nElle pr\u00e9cise que les vacances ne seront pas remplac\u00e9es par de l&rsquo;enseignement et que le calendrier scolaire restera inchang\u00e9.    <\/p>&#13;\n&#13;\n<h3 class=\"wp-block-heading\">&#8211; 2 avril  <\/h3>&#13;\n&#13;\n<p>Si le nombre de nouveaux patients gravement malades a diminu\u00e9, celui des patients n\u00e9cessitant des soins intensifs a augment\u00e9.\nUn autre centre de test drive-in a \u00e9t\u00e9 ouvert dans le canton de Berne en partenariat avec la Croix-Rouge suisse. <\/p>&#13;\n&#13;\n<p>Ainsi, les personnes n&rsquo;auront pas besoin d&rsquo;une ordonnance pour se faire d\u00e9pister.\nEn revanche, vous devrez remplir un questionnaire en ligne pour obtenir une contravention.\nL&rsquo;exercice peut \u00eatre r\u00e9alis\u00e9 \u00e0 l&rsquo;int\u00e9rieur de votre v\u00e9hicule.\nEntre 200 et 300 tests seront effectu\u00e9s chaque jour \u00e0 partir de cette installation.     <\/p>&#13;\n&#13;\n<h3 class=\"wp-block-heading\">&#8211; 1er avril  <\/h3>&#13;\n&#13;\n<p>Selon la Cha\u00eene du Bonheur, un don de 800 000 francs a \u00e9t\u00e9 fait \u00e0 l&rsquo;Aide suisse aux travailleurs.\nLes institutions internationales et cantonales de pro senectute en recevraient \u00e9galement une part.\nCe don a permis d&rsquo;offrir un soutien aux familles touch\u00e9es par la pand\u00e9mie de Covid-19 en Suisse.    <\/p>&#13;\n&#13;\n<h3 class=\"wp-block-heading\">&#8211; 26 mars<\/h3>&#13;\n&#13;\n<p>A cette date, le nombre de cas de coronavirus en Suisse a d\u00e9pass\u00e9 les 10 000.\nEn moyenne, les personnes test\u00e9es positives \u00e9taient \u00e2g\u00e9es de 52 ans.\nJusqu&rsquo;\u00e0 91 400 personnes avaient \u00e9t\u00e9 test\u00e9es \u00e0 cette date.\nSur l&rsquo;ensemble des personnes test\u00e9es ce jour-l\u00e0, dix se sont r\u00e9v\u00e9l\u00e9es positives au virus.     <\/p>&#13;\n&#13;\n<h3 class=\"wp-block-heading\">&#8211; 25 mars<\/h3>&#13;\n&#13;\n<p>Le premier centre de d\u00e9pistage du coronavirus en Suisse a ouvert ses portes \u00e0 Lucerne.\nPour se faire d\u00e9pister, les personnes devront \u00eatre envoy\u00e9es par leur m\u00e9decin.\nLe test sera effectu\u00e9 \u00e0 l&rsquo;aide d&rsquo;un \u00e9couvillon buccal pendant que les personnes sont assises dans leur voiture.\nLe centre effectuera jusqu&rsquo;\u00e0 dix tests par heure et les r\u00e9sultats seront disponibles dans un d\u00e9lai d&rsquo;un jour.\nLes tests en voiture seront effectu\u00e9s \u00e0 l&rsquo;\u00e9cole cantonale d&rsquo;Alpenquai.      <\/p>&#13;\n&#13;\n<h3 class=\"wp-block-heading\">&#8211; 24 mars<\/h3>&#13;\n&#13;\n<p>\u00c0 cette date, le canton du Tessin comptait plus de 1 000 cas confirm\u00e9s de coronavirus sur les 8 700 que compte le pays.\nCela pla\u00e7ait la Suisse en deuxi\u00e8me position des pays ayant le plus grand nombre de cas de Covid-19. <\/p>&#13;\n&#13;\n<p>Le responsable de la gestion de la crise dans le pays, Patrick Mathys, a annonc\u00e9 que le pays effectuait jusqu&rsquo;\u00e0 8 000 tests par jour.\n\u00c0 ce jour, 71 000 personnes ont \u00e9t\u00e9 test\u00e9es n\u00e9gatives.   <\/p>&#13;\n&#13;\n<h3 class=\"wp-block-heading\">&#8211; 23 mars<\/h3>&#13;\n&#13;\n<p>Ce jour-l\u00e0, plus de 800 personnes ont \u00e9t\u00e9 test\u00e9es positives au coronavirus. Il y a eu plus de 100 d\u00e9c\u00e8s. Cependant, les repr\u00e9sentants ont d\u00e9clar\u00e9 que la situation n&rsquo;avait pas encore atteint des niveaux alarmants. Cependant, l&rsquo;Acad\u00e9mie suisse des sciences m\u00e9dicales (ASSM) a confirm\u00e9 qu&rsquo;il serait essentiel de d\u00e9cider d&rsquo;un rationnement.   <\/p>&#13;\n&#13;\n<p>Thierry Fumeau, pr\u00e9sident de la SSICM<a href=\"https:\/\/imk.ch\/en\/detail-references\/the-swiss-society-of-intensive-care-medicine-ssicm.html\">(Soci\u00e9t\u00e9 suisse de m\u00e9decine intensive<\/a>), a d\u00e9clar\u00e9 que les patients ayant de grandes chances de gu\u00e9rir seraient prioritaires. Pour ce faire, les autorit\u00e9s prendront en compte les \u00e9ventuels probl\u00e8mes de sant\u00e9 pr\u00e9existants, et pas seulement l&rsquo;\u00e2ge.   <\/p>&#13;\n&#13;\n<h3 class=\"wp-block-heading\">&#8211; 22 mars<\/h3>&#13;\n&#13;\n<p>Ce jour-l\u00e0, plus de 900 cas de coronavirus ont \u00e9t\u00e9 signal\u00e9s.\nCela a port\u00e9 \u00e0 7 014 le nombre de cas confirm\u00e9s de maladie \u00e0 coronavirus dans le pays. <\/p>&#13;\n&#13;\n<p>Aucun d\u00e9c\u00e8s n&rsquo;a \u00e9t\u00e9 signal\u00e9.\nLes autorit\u00e9s suisses ont d\u00e9clar\u00e9 que le pays \u00e9tait confront\u00e9 \u00e0 une p\u00e9nurie de kits de d\u00e9pistage.\nLa croissance rapide de Covid-19 a contraint les repr\u00e9sentants \u00e0 faire appel \u00e0 de nombreux r\u00e9servistes de l&rsquo;arm\u00e9e pour aider \u00e0 mobiliser plus de 8 000 membres du personnel hospitalier.    <\/p>&#13;\n&#13;\n<h3 class=\"wp-block-heading\">&#8211; 21 mars<\/h3>&#13;\n&#13;\n<p>Plus de 1 273 cas de coronavirus et 18 nouveaux d\u00e9c\u00e8s ont \u00e9t\u00e9 signal\u00e9s ce jour-l\u00e0.\nLe nombre de cas a ainsi augment\u00e9 de 25 % en une seule journ\u00e9e.   <\/p>&#13;\n&#13;\n<h3 class=\"wp-block-heading\">&#8211; 20 mars<\/h3>&#13;\n&#13;\n<p>Daniel Koch, du minist\u00e8re de la sant\u00e9, a d\u00e9clar\u00e9 que les h\u00f4pitaux du canton du Tessin, frontalier avec l&rsquo;Italie, \u00e9taient submerg\u00e9s de patients infect\u00e9s.\nLe gouvernement suisse a pris diverses mesures pour r\u00e9duire les effets du coronavirus. <\/p>&#13;\n&#13;\n<p>Il s&rsquo;agissait d&rsquo;interdire les rassemblements de plus de cinq personnes dans les lieux publics.\nEn outre, les magasins en ligne du pays livreront des produits alimentaires pendant le week-end.\nM. Berset, ministre suisse de l&rsquo;int\u00e9rieur, a d\u00e9clar\u00e9 que 32 milliards de francs seraient disponibles pour soutenir les personnes touch\u00e9es par Covid-19.    <\/p>&#13;\n&#13;\n<h2 class=\"wp-block-heading\">Dans combien de temps les camps d&rsquo;\u00e9t\u00e9 commenceront-ils \u00e0 fonctionner ?<\/h2>&#13;\n&#13;\n<p>En ce moment, tout semble incertain. Les choses changent dans le monde entier et les gens s&rsquo;adaptent chaque jour. Outre les fluctuations \u00e9conomiques et les soins aux malades, il n&rsquo;est plus possible de faire la f\u00eate avec ses amis.  <\/p>&#13;\n&#13;\n<p>Les choses ont chang\u00e9 et, bien que nous ne puissions pas d\u00e9terminer la date du retour \u00e0 la normale, nous ne pouvons qu&rsquo;esp\u00e9rer que ce sera bient\u00f4t le cas.\nDans l&rsquo;attente, de nombreuses personnes se sont habitu\u00e9es \u00e0 faire certaines choses diff\u00e9remment. <\/p>&#13;\n&#13;\n<p>Par exemple, certaines personnes organisent des r\u00e9unions et des repas virtuels avec leurs amis \u00e0 l&rsquo;aide de gadgets mobiles et d&rsquo;ordinateurs portables. Ceci nous am\u00e8ne \u00e0 notre <a href=\"https:\/\/www.sullivanhills.org\/post\/coronavirus-covid-19-update-summer-camp-2020\">mise \u00e0 jour sur les camps d&rsquo;\u00e9t\u00e9<\/a>. Les responsables des Elfes veillent \u00e0 ce que les camps d&rsquo;\u00e9t\u00e9 soient pr\u00eats \u00e0 l&rsquo;heure de la reprise du camping.  <\/p>&#13;\n&#13;\n<p>Ils suivent actuellement la tournure des \u00e9v\u00e9nements et publieront bient\u00f4t un rapport actualis\u00e9 sur la marche \u00e0 suivre.\nIl n&rsquo;en reste pas moins que les organisateurs de colonies de vacances et les parents doivent tenir compte de plusieurs facteurs. <\/p>&#13;\n&#13;\n<p>Par exemple, le gouvernement va-t-il remplacer les vacances d&rsquo;\u00e9t\u00e9 par l&rsquo;apprentissage alors que les \u00e9coles sont d\u00e9j\u00e0 ferm\u00e9es ?\nQu&rsquo;en est-il des \u00e9l\u00e8ves ?\nSeront-ils enthousiastes \u00e0 l&rsquo;id\u00e9e de partir en camp d&rsquo;\u00e9t\u00e9 ?\nIl y a beaucoup de questions auxquelles nous n&rsquo;avons peut-\u00eatre pas de r\u00e9ponses pour l&rsquo;instant.     <\/p>&#13;\n&#13;\n<h2 class=\"wp-block-heading\">Que fait Les Elfes ?<\/h2>&#13;\n&#13;\n<p>Les rassemblements et les \u00e9v\u00e9nements \u00e9tant report\u00e9s, les parents ne sont pas pr\u00eats \u00e0 r\u00e9server \u00e0 l&rsquo;avance les <a href=\"https:\/\/www.leselfes.com\/fr\/?page_id=89039\">colonies de vacances<\/a>. Si vous avez d\u00e9j\u00e0 r\u00e9serv\u00e9 votre colonie de vacances mais que vous ne pouvez pas y participer en raison de la pand\u00e9mie, ne vous inqui\u00e9tez pas. En effet, Les Elfes a supprim\u00e9 les frais d&rsquo;annulation, ce qui signifie que vous ne subirez aucune perte.  <\/p>&#13;\n&#13;\n<p>Maintenant que tout le monde est prudent par rapport \u00e0 tout engagement actuel, Les Elfes font tout leur possible pour maintenir une certaine flexibilit\u00e9.\nVous pouvez encore participer lorsque la situation se stabilisera sans \u00eatre p\u00e9nalis\u00e9. <\/p>&#13;\n&#13;\n<p>Les familles et les \u00e9coles peuvent \u00e9galement opter pour un bon d&rsquo;achat correspondant \u00e0 la totalit\u00e9 du montant pay\u00e9 pour le s\u00e9jour.\nDe plus, vous b\u00e9n\u00e9ficiez d&rsquo;une r\u00e9duction de 10 % si vous r\u00e9servez votre s\u00e9jour en colonie de vacances \u00e0 l&rsquo;avance.   <\/p>&#13;\n&#13;\n<h2 class=\"wp-block-heading\">La sant\u00e9 et la s\u00e9curit\u00e9 des campeurs<\/h2>&#13;\n&#13;\n<figure class=\"wp-block-image size-large\"><img loading=\"lazy\" decoding=\"async\" width=\"960\" height=\"544\" class=\"wp-image-38032\" src=\"https:\/\/www.leselfes.com\/wp-content\/uploads\/2020\/04\/clean.jpg\" alt=\"propre\" srcset=\"https:\/\/www.leselfes.com\/wp-content\/uploads\/2020\/04\/clean.jpg 960w, https:\/\/www.leselfes.com\/wp-content\/uploads\/2020\/04\/clean-300x170.jpg 300w, https:\/\/www.leselfes.com\/wp-content\/uploads\/2020\/04\/clean-768x435.jpg 768w\" sizes=\"(max-width: 960px) 100vw, 960px\" \/><\/figure>&#13;\n&#13;\n<p>L&rsquo;OMS (Organisation mondiale de la sant\u00e9) et le CDC (Center for Disease Control) ont recommand\u00e9 l&rsquo;\u00e9loignement social comme moyen de freiner la propagation du Covid-19.\nDe nombreux parents s&rsquo;inqui\u00e8tent de la sant\u00e9 et de la s\u00e9curit\u00e9 de leurs enfants pendant les colonies de vacances. <\/p>&#13;\n&#13;\n<p>\u00c0 la suite de cette pand\u00e9mie, les parents rehausseront leurs attentes lorsque la situation redeviendra normale. Les responsables du camp Les Elfes ont tenu \u00e0 maintenir des normes \u00e9lev\u00e9es en mati\u00e8re de s\u00e9curit\u00e9 et de sant\u00e9. Au cours de ses ann\u00e9es d&rsquo;existence, <a href=\"https:\/\/www.leselfes.com\/fr\/?page_id=90045\">le camp Les Elfes<\/a> a mis en place des strat\u00e9gies pour faire face \u00e0 une maladie infectieuse.  <\/p>&#13;\n&#13;\n<p>Cela explique pourquoi le centre de colonies de vacances a r\u00e9ussi \u00e0 faire face \u00e0 diverses \u00e9pid\u00e9mies telles que la grippe H1N1 et le SRAS.\nIl y est parvenu en adoptant des habitudes d&rsquo;hygi\u00e8ne appropri\u00e9es et en d\u00e9sinfectant les surfaces fr\u00e9quemment touch\u00e9es. <\/p>&#13;\n&#13;\n<p>Un lavage soigneux et fr\u00e9quent des mains a \u00e9galement \u00e9t\u00e9 recommand\u00e9 comme mesure pr\u00e9ventive appropri\u00e9e contre le coronavirus.  <\/p>&#13;\n&#13;\n<h2 class=\"wp-block-heading\">Comment les enfants qui ont d\u00e9j\u00e0 eu Covid-19 peuvent-ils b\u00e9n\u00e9ficier des colonies de vacances ?<\/h2>&#13;\n&#13;\n<p>Une fois que les enfants interagissent avec leurs pairs, ils comprennent qu&rsquo;ils ne sont pas seuls.\nLes camps offrent aux enfants un vaste environnement o\u00f9 ils peuvent s&rsquo;adonner \u00e0 diverses activit\u00e9s amusantes. <\/p>&#13;\n&#13;\n<p>Les enfants acqui\u00e8rent de nouvelles comp\u00e9tences et affinent leur savoir-faire.\nDe plus, ils seront expos\u00e9s \u00e0 des d\u00e9fis qui les aideront \u00e0 se remettre du traumatisme caus\u00e9 par Covid-19. <\/p>&#13;\n&#13;\n<p>En participant \u00e0 des s\u00e9jours en colonie de vacances, les enfants apprennent toute une s\u00e9rie d&rsquo;activit\u00e9s qui peuvent les aider dans leur vie future.\nIls prennent \u00e9galement confiance en eux.   <\/p>&#13;\n&#13;\n<h2 class=\"wp-block-heading\">Enfin  <\/h2>&#13;\n&#13;\n<p>Le monde est actuellement \u00e0 l&rsquo;arr\u00eat car la lutte contre la pand\u00e9mie de coronavirus se poursuit.\nNous esp\u00e9rons que la situation reviendra bient\u00f4t \u00e0 la normale.\nLa bonne nouvelle, c&rsquo;est que vous pouvez encore r\u00e9server \u00e0 l&rsquo;avance un <a href=\"\">s\u00e9jour en colonie de vacances pour votre enfant<\/a>.  <\/p>&#13;\n&#13;\n<p> <a href=\"https:\/\/www.leselfes.com\/fr\/?page_id=89331\">Inscrivez-vous<\/a> d\u00e8s aujourd&rsquo;hui et recevez des alertes en cas de changement.  <\/p>&#13;\n","protected":false},"excerpt":{"rendered":"<p>&#13; Les cas de coronavirus augmentent rapidement dans le monde entier. En Suisse, par exemple, on d\u00e9nombre actuellement 1 138 d\u00e9c\u00e8s sur 25 688 personnes infect\u00e9es et 13 700 gu\u00e9risons&#8230;.<\/p>\n","protected":false},"author":1,"featured_media":72893,"comment_status":"closed","ping_status":"open","sticky":false,"template":"","format":"standard","meta":{"_acf_changed":false,"inline_featured_image":false,"footnotes":""},"categories":[1356,1372],"tags":[1416],"class_list":{"0":"post-93599","1":"post","2":"type-post","3":"status-publish","4":"format-standard","5":"has-post-thumbnail","7":"category-articles-fr","8":"category-camp-dete","9":"tag-camp-dete"},"acf":[],"yoast_head":"<!-- This site is optimized with the Yoast SEO Premium plugin v24.2 (Yoast SEO v24.7) - https:\/\/yoast.com\/wordpress\/plugins\/seo\/ -->\n<title>Le point sur les colonies de vacances dans le contexte de la pand\u00e9mie de coronavirus - Les Elfes International Camps Switzerland<\/title>\n<meta name=\"robots\" content=\"index, follow, max-snippet:-1, max-image-preview:large, max-video-preview:-1\" \/>\n<link rel=\"canonical\" href=\"https:\/\/www.leselfes.com\/fr\/le-point-sur-les-colonies-de-vacances-dans-le-contexte-de-la-pandemie-de-coronavirus\/\" \/>\n<meta property=\"og:locale\" content=\"fr_FR\" \/>\n<meta property=\"og:type\" content=\"article\" \/>\n<meta property=\"og:title\" content=\"Le point sur les colonies de vacances dans le contexte de la pand\u00e9mie de coronavirus\" \/>\n<meta property=\"og:description\" content=\"&#013; Les cas de coronavirus augmentent rapidement dans le monde entier. En Suisse, par exemple, on d\u00e9nombre actuellement 1 138 d\u00e9c\u00e8s sur 25 688 personnes infect\u00e9es et 13 700 gu\u00e9risons....\" \/>\n<meta property=\"og:url\" content=\"https:\/\/www.leselfes.com\/fr\/le-point-sur-les-colonies-de-vacances-dans-le-contexte-de-la-pandemie-de-coronavirus\/\" \/>\n<meta property=\"og:site_name\" content=\"Les Elfes International Camps Switzerland\" \/>\n<meta property=\"article:publisher\" content=\"https:\/\/www.facebook.com\/LesElfesVerbier\" \/>\n<meta property=\"article:published_time\" content=\"2020-04-29T14:19:28+00:00\" \/>\n<meta property=\"article:modified_time\" content=\"2025-01-07T09:06:43+00:00\" \/>\n<meta property=\"og:image\" content=\"https:\/\/dev.leselfes.com\/wp-content\/uploads\/2020\/04\/covid-19-5048229_960_720.jpg\" \/>\n\t<meta property=\"og:image:width\" content=\"960\" \/>\n\t<meta property=\"og:image:height\" content=\"652\" \/>\n\t<meta property=\"og:image:type\" content=\"image\/jpeg\" \/>\n<meta name=\"author\" content=\"lesadmin\" \/>\n<meta name=\"twitter:card\" content=\"summary_large_image\" \/>\n<meta name=\"twitter:creator\" content=\"@LesElfesCamps\" \/>\n<meta name=\"twitter:site\" content=\"@LesElfesCamps\" \/>\n<meta name=\"twitter:label1\" content=\"\u00c9crit par\" \/>\n\t<meta name=\"twitter:data1\" content=\"lesadmin\" \/>\n\t<meta name=\"twitter:label2\" content=\"Dur\u00e9e de lecture estim\u00e9e\" \/>\n\t<meta name=\"twitter:data2\" content=\"9 minutes\" \/>\n<script type=\"application\/ld+json\" class=\"yoast-schema-graph\">{\"@context\":\"https:\/\/schema.org\",\"@graph\":[{\"@type\":\"Article\",\"@id\":\"https:\/\/www.leselfes.com\/fr\/le-point-sur-les-colonies-de-vacances-dans-le-contexte-de-la-pandemie-de-coronavirus\/#article\",\"isPartOf\":{\"@id\":\"https:\/\/www.leselfes.com\/fr\/le-point-sur-les-colonies-de-vacances-dans-le-contexte-de-la-pandemie-de-coronavirus\/\"},\"author\":{\"name\":\"lesadmin\",\"@id\":\"https:\/\/dev.leselfes.com\/#\/schema\/person\/407a229698868b8c603874b19f37f289\"},\"headline\":\"Le point sur les colonies de vacances dans le contexte de la pand\u00e9mie de coronavirus\",\"datePublished\":\"2020-04-29T14:19:28+00:00\",\"dateModified\":\"2025-01-07T09:06:43+00:00\",\"mainEntityOfPage\":{\"@id\":\"https:\/\/www.leselfes.com\/fr\/le-point-sur-les-colonies-de-vacances-dans-le-contexte-de-la-pandemie-de-coronavirus\/\"},\"wordCount\":1940,\"publisher\":{\"@id\":\"https:\/\/dev.leselfes.com\/#organization\"},\"image\":{\"@id\":\"https:\/\/www.leselfes.com\/fr\/le-point-sur-les-colonies-de-vacances-dans-le-contexte-de-la-pandemie-de-coronavirus\/#primaryimage\"},\"thumbnailUrl\":\"https:\/\/www.leselfes.com\/wp-content\/uploads\/2020\/04\/covid-19-5048229_960_720.jpg\",\"keywords\":[\"camp d'\u00e9t\u00e9\"],\"articleSection\":[\"Articles\",\"Camp d'\u00e9t\u00e9\"],\"inLanguage\":\"fr-FR\"},{\"@type\":\"WebPage\",\"@id\":\"https:\/\/www.leselfes.com\/fr\/le-point-sur-les-colonies-de-vacances-dans-le-contexte-de-la-pandemie-de-coronavirus\/\",\"url\":\"https:\/\/www.leselfes.com\/fr\/le-point-sur-les-colonies-de-vacances-dans-le-contexte-de-la-pandemie-de-coronavirus\/\",\"name\":\"Le point sur les colonies de vacances dans le contexte de la pand\u00e9mie de coronavirus - Les Elfes International Camps Switzerland\",\"isPartOf\":{\"@id\":\"https:\/\/dev.leselfes.com\/#website\"},\"primaryImageOfPage\":{\"@id\":\"https:\/\/www.leselfes.com\/fr\/le-point-sur-les-colonies-de-vacances-dans-le-contexte-de-la-pandemie-de-coronavirus\/#primaryimage\"},\"image\":{\"@id\":\"https:\/\/www.leselfes.com\/fr\/le-point-sur-les-colonies-de-vacances-dans-le-contexte-de-la-pandemie-de-coronavirus\/#primaryimage\"},\"thumbnailUrl\":\"https:\/\/www.leselfes.com\/wp-content\/uploads\/2020\/04\/covid-19-5048229_960_720.jpg\",\"datePublished\":\"2020-04-29T14:19:28+00:00\",\"dateModified\":\"2025-01-07T09:06:43+00:00\",\"breadcrumb\":{\"@id\":\"https:\/\/www.leselfes.com\/fr\/le-point-sur-les-colonies-de-vacances-dans-le-contexte-de-la-pandemie-de-coronavirus\/#breadcrumb\"},\"inLanguage\":\"fr-FR\",\"potentialAction\":[{\"@type\":\"ReadAction\",\"target\":[\"https:\/\/www.leselfes.com\/fr\/le-point-sur-les-colonies-de-vacances-dans-le-contexte-de-la-pandemie-de-coronavirus\/\"]}]},{\"@type\":\"ImageObject\",\"inLanguage\":\"fr-FR\",\"@id\":\"https:\/\/www.leselfes.com\/fr\/le-point-sur-les-colonies-de-vacances-dans-le-contexte-de-la-pandemie-de-coronavirus\/#primaryimage\",\"url\":\"https:\/\/www.leselfes.com\/wp-content\/uploads\/2020\/04\/covid-19-5048229_960_720.jpg\",\"contentUrl\":\"https:\/\/www.leselfes.com\/wp-content\/uploads\/2020\/04\/covid-19-5048229_960_720.jpg\",\"width\":960,\"height\":652},{\"@type\":\"BreadcrumbList\",\"@id\":\"https:\/\/www.leselfes.com\/fr\/le-point-sur-les-colonies-de-vacances-dans-le-contexte-de-la-pandemie-de-coronavirus\/#breadcrumb\",\"itemListElement\":[{\"@type\":\"ListItem\",\"position\":1,\"name\":\"Home\",\"item\":\"https:\/\/www.leselfes.com\/fr\/\"},{\"@type\":\"ListItem\",\"position\":2,\"name\":\"Le point sur les colonies de vacances dans le contexte de la pand\u00e9mie de coronavirus\"}]},{\"@type\":\"WebSite\",\"@id\":\"https:\/\/dev.leselfes.com\/#website\",\"url\":\"https:\/\/dev.leselfes.com\/\",\"name\":\"Les Elfes International\",\"description\":\"Les Elfes International, Verbier Switzerland. Summer Camp, Winter Camp, Spring Camps.\",\"publisher\":{\"@id\":\"https:\/\/dev.leselfes.com\/#organization\"},\"alternateName\":\"Les Elfes International\",\"potentialAction\":[{\"@type\":\"SearchAction\",\"target\":{\"@type\":\"EntryPoint\",\"urlTemplate\":\"https:\/\/dev.leselfes.com\/?s={search_term_string}\"},\"query-input\":{\"@type\":\"PropertyValueSpecification\",\"valueRequired\":true,\"valueName\":\"search_term_string\"}}],\"inLanguage\":\"fr-FR\"},{\"@type\":\"Organization\",\"@id\":\"https:\/\/dev.leselfes.com\/#organization\",\"name\":\"Les Elfes International\",\"alternateName\":\"Les Elfes International\",\"url\":\"https:\/\/dev.leselfes.com\/\",\"logo\":{\"@type\":\"ImageObject\",\"inLanguage\":\"fr-FR\",\"@id\":\"https:\/\/dev.leselfes.com\/#\/schema\/logo\/image\/\",\"url\":\"https:\/\/www.leselfes.com\/wp-content\/uploads\/2022\/03\/leselfes-logo.png\",\"contentUrl\":\"https:\/\/www.leselfes.com\/wp-content\/uploads\/2022\/03\/leselfes-logo.png\",\"width\":233,\"height\":51,\"caption\":\"Les Elfes International\"},\"image\":{\"@id\":\"https:\/\/dev.leselfes.com\/#\/schema\/logo\/image\/\"},\"sameAs\":[\"https:\/\/www.facebook.com\/LesElfesVerbier\",\"https:\/\/x.com\/LesElfesCamps\",\"https:\/\/www.instagram.com\/leselfes\",\"https:\/\/www.linkedin.com\/company\/les-elfes-international\",\"https:\/\/www.youtube.com\/user\/LesElfesVerbier\"]},{\"@type\":\"Person\",\"@id\":\"https:\/\/dev.leselfes.com\/#\/schema\/person\/407a229698868b8c603874b19f37f289\",\"name\":\"lesadmin\",\"image\":{\"@type\":\"ImageObject\",\"inLanguage\":\"fr-FR\",\"@id\":\"https:\/\/dev.leselfes.com\/#\/schema\/person\/image\/\",\"url\":\"https:\/\/secure.gravatar.com\/avatar\/fdb243a028df450397b3632d862f87f6?s=96&d=mm&r=g\",\"contentUrl\":\"https:\/\/secure.gravatar.com\/avatar\/fdb243a028df450397b3632d862f87f6?s=96&d=mm&r=g\",\"caption\":\"lesadmin\"},\"url\":\"https:\/\/www.leselfes.com\/fr\/author\/lesadmin\/\"}]}<\/script>\n<!-- \/ Yoast SEO Premium plugin. -->","yoast_head_json":{"title":"Le point sur les colonies de vacances dans le contexte de la pand\u00e9mie de coronavirus - Les Elfes International Camps Switzerland","robots":{"index":"index","follow":"follow","max-snippet":"max-snippet:-1","max-image-preview":"max-image-preview:large","max-video-preview":"max-video-preview:-1"},"canonical":"https:\/\/www.leselfes.com\/fr\/le-point-sur-les-colonies-de-vacances-dans-le-contexte-de-la-pandemie-de-coronavirus\/","og_locale":"fr_FR","og_type":"article","og_title":"Le point sur les colonies de vacances dans le contexte de la pand\u00e9mie de coronavirus","og_description":"&#13; Les cas de coronavirus augmentent rapidement dans le monde entier. En Suisse, par exemple, on d\u00e9nombre actuellement 1 138 d\u00e9c\u00e8s sur 25 688 personnes infect\u00e9es et 13 700 gu\u00e9risons....","og_url":"https:\/\/www.leselfes.com\/fr\/le-point-sur-les-colonies-de-vacances-dans-le-contexte-de-la-pandemie-de-coronavirus\/","og_site_name":"Les Elfes International Camps Switzerland","article_publisher":"https:\/\/www.facebook.com\/LesElfesVerbier","article_published_time":"2020-04-29T14:19:28+00:00","article_modified_time":"2025-01-07T09:06:43+00:00","og_image":[{"width":960,"height":652,"url":"https:\/\/dev.leselfes.com\/wp-content\/uploads\/2020\/04\/covid-19-5048229_960_720.jpg","type":"image\/jpeg"}],"author":"lesadmin","twitter_card":"summary_large_image","twitter_creator":"@LesElfesCamps","twitter_site":"@LesElfesCamps","twitter_misc":{"\u00c9crit par":"lesadmin","Dur\u00e9e de lecture estim\u00e9e":"9 minutes"},"schema":{"@context":"https:\/\/schema.org","@graph":[{"@type":"Article","@id":"https:\/\/www.leselfes.com\/fr\/le-point-sur-les-colonies-de-vacances-dans-le-contexte-de-la-pandemie-de-coronavirus\/#article","isPartOf":{"@id":"https:\/\/www.leselfes.com\/fr\/le-point-sur-les-colonies-de-vacances-dans-le-contexte-de-la-pandemie-de-coronavirus\/"},"author":{"name":"lesadmin","@id":"https:\/\/dev.leselfes.com\/#\/schema\/person\/407a229698868b8c603874b19f37f289"},"headline":"Le point sur les colonies de vacances dans le contexte de la pand\u00e9mie de coronavirus","datePublished":"2020-04-29T14:19:28+00:00","dateModified":"2025-01-07T09:06:43+00:00","mainEntityOfPage":{"@id":"https:\/\/www.leselfes.com\/fr\/le-point-sur-les-colonies-de-vacances-dans-le-contexte-de-la-pandemie-de-coronavirus\/"},"wordCount":1940,"publisher":{"@id":"https:\/\/dev.leselfes.com\/#organization"},"image":{"@id":"https:\/\/www.leselfes.com\/fr\/le-point-sur-les-colonies-de-vacances-dans-le-contexte-de-la-pandemie-de-coronavirus\/#primaryimage"},"thumbnailUrl":"https:\/\/www.leselfes.com\/wp-content\/uploads\/2020\/04\/covid-19-5048229_960_720.jpg","keywords":["camp d'\u00e9t\u00e9"],"articleSection":["Articles","Camp d'\u00e9t\u00e9"],"inLanguage":"fr-FR"},{"@type":"WebPage","@id":"https:\/\/www.leselfes.com\/fr\/le-point-sur-les-colonies-de-vacances-dans-le-contexte-de-la-pandemie-de-coronavirus\/","url":"https:\/\/www.leselfes.com\/fr\/le-point-sur-les-colonies-de-vacances-dans-le-contexte-de-la-pandemie-de-coronavirus\/","name":"Le point sur les colonies de vacances dans le contexte de la pand\u00e9mie de coronavirus - Les Elfes International Camps Switzerland","isPartOf":{"@id":"https:\/\/dev.leselfes.com\/#website"},"primaryImageOfPage":{"@id":"https:\/\/www.leselfes.com\/fr\/le-point-sur-les-colonies-de-vacances-dans-le-contexte-de-la-pandemie-de-coronavirus\/#primaryimage"},"image":{"@id":"https:\/\/www.leselfes.com\/fr\/le-point-sur-les-colonies-de-vacances-dans-le-contexte-de-la-pandemie-de-coronavirus\/#primaryimage"},"thumbnailUrl":"https:\/\/www.leselfes.com\/wp-content\/uploads\/2020\/04\/covid-19-5048229_960_720.jpg","datePublished":"2020-04-29T14:19:28+00:00","dateModified":"2025-01-07T09:06:43+00:00","breadcrumb":{"@id":"https:\/\/www.leselfes.com\/fr\/le-point-sur-les-colonies-de-vacances-dans-le-contexte-de-la-pandemie-de-coronavirus\/#breadcrumb"},"inLanguage":"fr-FR","potentialAction":[{"@type":"ReadAction","target":["https:\/\/www.leselfes.com\/fr\/le-point-sur-les-colonies-de-vacances-dans-le-contexte-de-la-pandemie-de-coronavirus\/"]}]},{"@type":"ImageObject","inLanguage":"fr-FR","@id":"https:\/\/www.leselfes.com\/fr\/le-point-sur-les-colonies-de-vacances-dans-le-contexte-de-la-pandemie-de-coronavirus\/#primaryimage","url":"https:\/\/www.leselfes.com\/wp-content\/uploads\/2020\/04\/covid-19-5048229_960_720.jpg","contentUrl":"https:\/\/www.leselfes.com\/wp-content\/uploads\/2020\/04\/covid-19-5048229_960_720.jpg","width":960,"height":652},{"@type":"BreadcrumbList","@id":"https:\/\/www.leselfes.com\/fr\/le-point-sur-les-colonies-de-vacances-dans-le-contexte-de-la-pandemie-de-coronavirus\/#breadcrumb","itemListElement":[{"@type":"ListItem","position":1,"name":"Home","item":"https:\/\/www.leselfes.com\/fr\/"},{"@type":"ListItem","position":2,"name":"Le point sur les colonies de vacances dans le contexte de la pand\u00e9mie de coronavirus"}]},{"@type":"WebSite","@id":"https:\/\/dev.leselfes.com\/#website","url":"https:\/\/dev.leselfes.com\/","name":"Les Elfes International","description":"Les Elfes International, Verbier Switzerland. Summer Camp, Winter Camp, Spring Camps.","publisher":{"@id":"https:\/\/dev.leselfes.com\/#organization"},"alternateName":"Les Elfes International","potentialAction":[{"@type":"SearchAction","target":{"@type":"EntryPoint","urlTemplate":"https:\/\/dev.leselfes.com\/?s={search_term_string}"},"query-input":{"@type":"PropertyValueSpecification","valueRequired":true,"valueName":"search_term_string"}}],"inLanguage":"fr-FR"},{"@type":"Organization","@id":"https:\/\/dev.leselfes.com\/#organization","name":"Les Elfes International","alternateName":"Les Elfes International","url":"https:\/\/dev.leselfes.com\/","logo":{"@type":"ImageObject","inLanguage":"fr-FR","@id":"https:\/\/dev.leselfes.com\/#\/schema\/logo\/image\/","url":"https:\/\/www.leselfes.com\/wp-content\/uploads\/2022\/03\/leselfes-logo.png","contentUrl":"https:\/\/www.leselfes.com\/wp-content\/uploads\/2022\/03\/leselfes-logo.png","width":233,"height":51,"caption":"Les Elfes International"},"image":{"@id":"https:\/\/dev.leselfes.com\/#\/schema\/logo\/image\/"},"sameAs":["https:\/\/www.facebook.com\/LesElfesVerbier","https:\/\/x.com\/LesElfesCamps","https:\/\/www.instagram.com\/leselfes","https:\/\/www.linkedin.com\/company\/les-elfes-international","https:\/\/www.youtube.com\/user\/LesElfesVerbier"]},{"@type":"Person","@id":"https:\/\/dev.leselfes.com\/#\/schema\/person\/407a229698868b8c603874b19f37f289","name":"lesadmin","image":{"@type":"ImageObject","inLanguage":"fr-FR","@id":"https:\/\/dev.leselfes.com\/#\/schema\/person\/image\/","url":"https:\/\/secure.gravatar.com\/avatar\/fdb243a028df450397b3632d862f87f6?s=96&d=mm&r=g","contentUrl":"https:\/\/secure.gravatar.com\/avatar\/fdb243a028df450397b3632d862f87f6?s=96&d=mm&r=g","caption":"lesadmin"},"url":"https:\/\/www.leselfes.com\/fr\/author\/lesadmin\/"}]}},"_links":{"self":[{"href":"https:\/\/www.leselfes.com\/fr\/wp-json\/wp\/v2\/posts\/93599"}],"collection":[{"href":"https:\/\/www.leselfes.com\/fr\/wp-json\/wp\/v2\/posts"}],"about":[{"href":"https:\/\/www.leselfes.com\/fr\/wp-json\/wp\/v2\/types\/post"}],"author":[{"embeddable":true,"href":"https:\/\/www.leselfes.com\/fr\/wp-json\/wp\/v2\/users\/1"}],"replies":[{"embeddable":true,"href":"https:\/\/www.leselfes.com\/fr\/wp-json\/wp\/v2\/comments?post=93599"}],"version-history":[{"count":0,"href":"https:\/\/www.leselfes.com\/fr\/wp-json\/wp\/v2\/posts\/93599\/revisions"}],"wp:featuredmedia":[{"embeddable":true,"href":"https:\/\/www.leselfes.com\/fr\/wp-json\/wp\/v2\/media\/72893"}],"wp:attachment":[{"href":"https:\/\/www.leselfes.com\/fr\/wp-json\/wp\/v2\/media?parent=93599"}],"wp:term":[{"taxonomy":"category","embeddable":true,"href":"https:\/\/www.leselfes.com\/fr\/wp-json\/wp\/v2\/categories?post=93599"},{"taxonomy":"post_tag","embeddable":true,"href":"https:\/\/www.leselfes.com\/fr\/wp-json\/wp\/v2\/tags?post=93599"}],"curies":[{"name":"wp","href":"https:\/\/api.w.org\/{rel}","templated":true}]}}