{"id":95557,"date":"2024-07-05T13:13:47","date_gmt":"2024-07-05T11:13:47","guid":{"rendered":"https:\/\/www.leselfes.com\/comment-preparer-votre-enfant-a-un-camp-de-vacances-en-suisse-un-guide-complet\/"},"modified":"2025-01-07T10:06:41","modified_gmt":"2025-01-07T09:06:41","slug":"comment-preparer-votre-enfant-a-un-camp-de-vacances-en-suisse-un-guide-complet","status":"publish","type":"post","link":"https:\/\/www.leselfes.com\/fr\/comment-preparer-votre-enfant-a-un-camp-de-vacances-en-suisse-un-guide-complet\/","title":{"rendered":"Comment pr\u00e9parer votre enfant \u00e0 un camp de vacances en Suisse : un guide complet"},"content":{"rendered":"[vc_row type=\u00a0\u00bbin_container\u00a0\u00bb full_screen_row_position=\u00a0\u00bbmiddle\u00a0\u00bb column_margin=\u00a0\u00bbdefault\u00a0\u00bb column_direction=\u00a0\u00bbdefault\u00a0\u00bb column_direction_tablet=\u00a0\u00bbdefault\u00a0\u00bb column_direction_phone=\u00a0\u00bbdefault\u00a0\u00bb scene_position=\u00a0\u00bbcenter\u00a0\u00bb text_color=\u00a0\u00bbdark\u00a0\u00bb text_align=\u00a0\u00bbleft\u00a0\u00bb row_border_radius=\u00a0\u00bbnone\u00a0\u00bb row_border_radius_applies=\u00a0\u00bbbg\u00a0\u00bb overflow=\u00a0\u00bbvisible\u00a0\u00bb overlay_strength=\u00a0\u00bb0.3&Prime; gradient_direction=\u00a0\u00bbleft_to_right\u00a0\u00bb shape_divider_position=\u00a0\u00bbbottom\u00a0\u00bb bg_image_animation=\u00a0\u00bbnone\u00a0\u00bb][vc_column column_padding=\u00a0\u00bbno-extra-padding\u00a0\u00bb column_padding_tablet=\u00a0\u00bbinherit\u00a0\u00bb column_padding_phone=\u00a0\u00bbinherit\u00a0\u00bb column_padding_position=\u00a0\u00bball\u00a0\u00bb column_element_direction_desktop=\u00a0\u00bbdefault\u00a0\u00bb column_element_spacing=\u00a0\u00bbdefault\u00a0\u00bb desktop_text_alignment=\u00a0\u00bbdefault\u00a0\u00bb tablet_text_alignment=\u00a0\u00bbdefault\u00a0\u00bb phone_text_alignment=\u00a0\u00bbdefault\u00a0\u00bb background_color_opacity=\u00a0\u00bb1&Prime; background_hover_color_opacity=\u00a0\u00bb1&Prime; column_backdrop_filter=\u00a0\u00bbnone\u00a0\u00bb column_shadow=\u00a0\u00bbnone\u00a0\u00bb column_border_radius=\u00a0\u00bbnone\u00a0\u00bb column_link_target=\u00a0\u00bb_self\u00a0\u00bb column_position=\u00a0\u00bbdefault\u00a0\u00bb gradient_direction=\u00a0\u00bbleft_to_right\u00a0\u00bb overlay_strength=\u00a0\u00bb0.3&Prime; width=\u00a0\u00bb1\/1&Prime; tablet_width_inherit=\u00a0\u00bbdefault\u00a0\u00bb animation_type=\u00a0\u00bbdefault\u00a0\u00bb bg_image_animation=\u00a0\u00bbnone\u00a0\u00bb border_type=\u00a0\u00bbsimple\u00a0\u00bb column_border_width=\u00a0\u00bbnone\u00a0\u00bb column_border_style=\u00a0\u00bbsolid\u00a0\u00bb][vc_column_text css=\u00a0\u00bb\u00a0\u00bb text_direction=\u00a0\u00bbdefault\u00a0\u00bb]Envoyer votre enfant dans un camp de vacances est une aventure passionnante pour les parents comme pour les enfants.<br \/>\nUn camp de vacances en Suisse offre aux enfants une occasion unique de d\u00e9couvrir la beaut\u00e9 des Alpes suisses, de participer \u00e0 des activit\u00e9s amusantes et \u00e9ducatives et de se faire de nouveaux amis dans le monde entier.<br \/>\nPr\u00e9parer votre enfant \u00e0 un camp d&rsquo;\u00e9t\u00e9 pour enfants en Suisse implique une planification minutieuse et une pr\u00e9paration r\u00e9fl\u00e9chie.<br \/>\nVoici un guide complet pour vous assurer que votre enfant est pr\u00eat \u00e0 vivre une exp\u00e9rience inoubliable dans un camp d&rsquo;\u00e9t\u00e9.[\/vc_column_text][vc_row_inner equal_height=\u00a0\u00bbyes\u00a0\u00bb content_placement=\u00a0\u00bbmiddle\u00a0\u00bb column_margin=\u00a0\u00bb100px\u00a0\u00bb column_direction=\u00a0\u00bbdefault\u00a0\u00bb column_direction_tablet=\u00a0\u00bbdefault\u00a0\u00bb column_direction_phone=\u00a0\u00bbdefault\u00a0\u00bb text_align=\u00a0\u00bbleft\u00a0\u00bb row_position=\u00a0\u00bbdefault\u00a0\u00bb row_position_tablet=\u00a0\u00bbinherit\u00a0\u00bb row_position_phone=\u00a0\u00bbinherit\u00a0\u00bb overflow=\u00a0\u00bbvisible\u00a0\u00bb pointer_events=\u00a0\u00bball\u00a0\u00bb class=\u00a0\u00bbflexGoBottom\u00a0\u00bb][vc_column_inner column_padding=\u00a0\u00bbno-extra-padding\u00a0\u00bb column_padding_tablet=\u00a0\u00bbinherit\u00a0\u00bb column_padding_phone=\u00a0\u00bbinherit\u00a0\u00bb column_padding_position=\u00a0\u00bball\u00a0\u00bb column_element_direction_desktop=\u00a0\u00bbdefault\u00a0\u00bb column_element_spacing=\u00a0\u00bbdefault\u00a0\u00bb desktop_text_alignment=\u00a0\u00bbdefault\u00a0\u00bb tablet_text_alignment=\u00a0\u00bbdefault\u00a0\u00bb phone_text_alignment=\u00a0\u00bbdefault\u00a0\u00bb background_color_opacity=\u00a0\u00bb1&Prime; background_hover_color_opacity=\u00a0\u00bb1&Prime; column_backdrop_filter=\u00a0\u00bbnone\u00a0\u00bb column_shadow=\u00a0\u00bbnone\u00a0\u00bb column_border_radius=\u00a0\u00bbnone\u00a0\u00bb column_link_target=\u00a0\u00bb_self\u00a0\u00bb overflow=\u00a0\u00bbvisible\u00a0\u00bb gradient_direction=\u00a0\u00bbleft_to_right\u00a0\u00bb overlay_strength=\u00a0\u00bb0.3&Prime; width=\u00a0\u00bb1\/4&Prime; tablet_width_inherit=\u00a0\u00bbdefault\u00a0\u00bb animation_type=\u00a0\u00bbdefault\u00a0\u00bb bg_image_animation=\u00a0\u00bbnone\u00a0\u00bb border_type=\u00a0\u00bbsimple\u00a0\u00bb column_border_width=\u00a0\u00bbnone\u00a0\u00bb column_border_style=\u00a0\u00bbsolid\u00a0\u00bb column_padding_type=\u00a0\u00bbdefault\u00a0\u00bb gradient_type=\u00a0\u00bbdefault\u00a0\u00bb offset=\u00a0\u00bbvc_hidden-md vc_hidden-sm vc_hidden-xs\u00a0\u00bb][\/vc_column_inner][vc_column_inner column_padding=\u00a0\u00bbno-extra-padding\u00a0\u00bb column_padding_tablet=\u00a0\u00bbinherit\u00a0\u00bb column_padding_phone=\u00a0\u00bbinherit\u00a0\u00bb column_padding_position=\u00a0\u00bball\u00a0\u00bb column_element_direction_desktop=\u00a0\u00bbdefault\u00a0\u00bb column_element_spacing=\u00a0\u00bbdefault\u00a0\u00bb desktop_text_alignment=\u00a0\u00bbdefault\u00a0\u00bb tablet_text_alignment=\u00a0\u00bbdefault\u00a0\u00bb phone_text_alignment=\u00a0\u00bbdefault\u00a0\u00bb background_color=\u00a0\u00bb#e2836a\u00a0\u00bb background_color_opacity=\u00a0\u00bb1&Prime; background_hover_color_opacity=\u00a0\u00bb1&Prime; column_backdrop_filter=\u00a0\u00bbnone\u00a0\u00bb font_color=\u00a0\u00bb#ffffff\u00a0\u00bb column_shadow=\u00a0\u00bbnone\u00a0\u00bb column_border_radius=\u00a0\u00bbcustom\u00a0\u00bb top_left_border_radius=\u00a0\u00bb30&Prime; top_right_border_radius=\u00a0\u00bb30&Prime; bottom_right_border_radius=\u00a0\u00bb30&Prime; column_link_target=\u00a0\u00bb_self\u00a0\u00bb overflow=\u00a0\u00bbvisible\u00a0\u00bb el_class=\u00a0\u00bbrowCampHeader\u00a0\u00bb gradient_direction=\u00a0\u00bbleft_to_right\u00a0\u00bb overlay_strength=\u00a0\u00bb0.3&Prime; width=\u00a0\u00bb1\/4&Prime; tablet_width_inherit=\u00a0\u00bbdefault\u00a0\u00bb animation_type=\u00a0\u00bbdefault\u00a0\u00bb bg_image_animation=\u00a0\u00bbnone\u00a0\u00bb border_type=\u00a0\u00bbsimple\u00a0\u00bb column_border_width=\u00a0\u00bbnone\u00a0\u00bb column_border_style=\u00a0\u00bbsolid\u00a0\u00bb column_padding_type=\u00a0\u00bbdefault\u00a0\u00bb gradient_type=\u00a0\u00bbdefault\u00a0\u00bb offset=\u00a0\u00bbvc_col-lg-3 vc_col-md-6 vc_col-xs-12&Prime; column_link=\u00a0\u00bb\/summer-camp\/\u00a0\u00bb][vc_column_text css=\u00a0\u00bb\u00a0\u00bb text_direction=\u00a0\u00bbdefault\u00a0\u00bb]<strong>D\u00e9couvrez<\/strong> nos camps d&rsquo;\u00e9t\u00e9[\/vc_column_text][\/vc_column_inner][vc_column_inner column_padding=\u00a0\u00bbno-extra-padding\u00a0\u00bb column_padding_tablet=\u00a0\u00bbinherit\u00a0\u00bb column_padding_phone=\u00a0\u00bbinherit\u00a0\u00bb column_padding_position=\u00a0\u00bball\u00a0\u00bb column_element_direction_desktop=\u00a0\u00bbdefault\u00a0\u00bb column_element_spacing=\u00a0\u00bbdefault\u00a0\u00bb desktop_text_alignment=\u00a0\u00bbdefault\u00a0\u00bb tablet_text_alignment=\u00a0\u00bbdefault\u00a0\u00bb phone_text_alignment=\u00a0\u00bbdefault\u00a0\u00bb background_color=\u00a0\u00bb#e3c215&Prime; background_color_opacity=\u00a0\u00bb1&Prime; background_hover_color_opacity=\u00a0\u00bb1&Prime; column_backdrop_filter=\u00a0\u00bbnone\u00a0\u00bb font_color=\u00a0\u00bb#ffffff\u00a0\u00bb column_shadow=\u00a0\u00bbnone\u00a0\u00bb column_border_radius=\u00a0\u00bbcustom\u00a0\u00bb top_left_border_radius=\u00a0\u00bb30&Prime; top_right_border_radius=\u00a0\u00bb30&Prime; bottom_right_border_radius=\u00a0\u00bb30&Prime; column_link_target=\u00a0\u00bb_self\u00a0\u00bb overflow=\u00a0\u00bbvisible\u00a0\u00bb el_class=\u00a0\u00bbrowCampHeader\u00a0\u00bb gradient_direction=\u00a0\u00bbleft_to_right\u00a0\u00bb overlay_strength=\u00a0\u00bb0.3&Prime; width=\u00a0\u00bb1\/4&Prime; tablet_width_inherit=\u00a0\u00bbdefault\u00a0\u00bb animation_type=\u00a0\u00bbdefault\u00a0\u00bb bg_image_animation=\u00a0\u00bbnone\u00a0\u00bb border_type=\u00a0\u00bbsimple\u00a0\u00bb column_border_width=\u00a0\u00bbnone\u00a0\u00bb column_border_style=\u00a0\u00bbsolid\u00a0\u00bb column_padding_type=\u00a0\u00bbdefault\u00a0\u00bb gradient_type=\u00a0\u00bbdefault\u00a0\u00bb offset=\u00a0\u00bbvc_col-lg-3 vc_col-md-6 vc_col-xs-12&Prime; column_link=\u00a0\u00bb\/summer-camp\/check-availability\/\u00a0\u00bb][vc_column_text text_direction=\u00a0\u00bbdefault\u00a0\u00bb]<strong>V\u00e9rifier la<\/strong> disponibilit\u00e9[\/vc_column_text][\/vc_column_inner][vc_column_inner column_padding=\u00a0\u00bbno-extra-padding\u00a0\u00bb column_padding_tablet=\u00a0\u00bbinherit\u00a0\u00bb column_padding_phone=\u00a0\u00bbinherit\u00a0\u00bb column_padding_position=\u00a0\u00bball\u00a0\u00bb column_element_direction_desktop=\u00a0\u00bbdefault\u00a0\u00bb column_element_spacing=\u00a0\u00bbdefault\u00a0\u00bb desktop_text_alignment=\u00a0\u00bbdefault\u00a0\u00bb tablet_text_alignment=\u00a0\u00bbdefault\u00a0\u00bb phone_text_alignment=\u00a0\u00bbdefault\u00a0\u00bb background_color_opacity=\u00a0\u00bb1&Prime; background_hover_color_opacity=\u00a0\u00bb1&Prime; column_backdrop_filter=\u00a0\u00bbnone\u00a0\u00bb column_shadow=\u00a0\u00bbnone\u00a0\u00bb column_border_radius=\u00a0\u00bbnone\u00a0\u00bb column_link_target=\u00a0\u00bb_self\u00a0\u00bb overflow=\u00a0\u00bbvisible\u00a0\u00bb gradient_direction=\u00a0\u00bbleft_to_right\u00a0\u00bb overlay_strength=\u00a0\u00bb0.3&Prime; width=\u00a0\u00bb1\/4&Prime; tablet_width_inherit=\u00a0\u00bbdefault\u00a0\u00bb animation_type=\u00a0\u00bbdefault\u00a0\u00bb bg_image_animation=\u00a0\u00bbnone\u00a0\u00bb border_type=\u00a0\u00bbsimple\u00a0\u00bb column_border_width=\u00a0\u00bbnone\u00a0\u00bb column_border_style=\u00a0\u00bbsolid\u00a0\u00bb column_padding_type=\u00a0\u00bbdefault\u00a0\u00bb gradient_type=\u00a0\u00bbdefault\u00a0\u00bb offset=\u00a0\u00bbvc_hidden-md vc_hidden-sm vc_hidden-xs\u00a0\u00bb][\/vc_column_inner][\/vc_row_inner][vc_column_text css=\u00a0\u00bb\u00a0\u00bb text_direction=\u00a0\u00bbdefault\u00a0\u00bb]\n<h2>Comprendre les avantages d&rsquo;un camp d&rsquo;\u00e9t\u00e9 en Suisse<\/h2>\n<p>Avant d&rsquo;entrer dans les d\u00e9tails de la pr\u00e9paration, il est important de comprendre les nombreux avantages qu&rsquo;il y a \u00e0 envoyer votre enfant dans un camp de vacances en Suisse. Ces camps sont r\u00e9put\u00e9s pour leurs programmes exceptionnels qui combinent aventures en plein air, apprentissage des langues, \u00e9changes culturels et d\u00e9veloppement personnel. <\/p>\n<h3>Aventure et activit\u00e9s de plein air<\/h3>\n<p>La Suisse est r\u00e9put\u00e9e pour ses paysages \u00e0 couper le souffle et ses activit\u00e9s de plein air. Les colonies de vacances proposent des activit\u00e9s telles que la randonn\u00e9e, le VTT, l&rsquo;escalade et les sports nautiques. Ces aventures aident les enfants \u00e0 d\u00e9velopper leur force physique, leur r\u00e9sistance et leur amour de la nature.  <\/p>\n<h3>Possibilit\u00e9s d&rsquo;apprentissage des langues<\/h3>\n<p>De nombreux camps de vacances en Suisse proposent des cours d&rsquo;anglais, de fran\u00e7ais, d&rsquo;allemand, d&rsquo;espagnol et m\u00eame de mandarin. Cet environnement immersif aide les enfants \u00e0 am\u00e9liorer leurs comp\u00e9tences linguistiques gr\u00e2ce \u00e0 une pratique et une interaction quotidiennes. <\/p>\n<h3>\u00c9change culturel<\/h3>\n<p>Les enfants qui participent \u00e0 des camps de vacances en Suisse rencontrent des jeunes de diff\u00e9rents pays, ce qui favorise la compr\u00e9hension culturelle et les amiti\u00e9s internationales. Cette exposition aide les enfants \u00e0 d\u00e9velopper une perspective plus large et \u00e0 appr\u00e9cier la diversit\u00e9. <\/p>\n<h2>Comment pr\u00e9parer votre enfant \u00e0 un camp d&rsquo;\u00e9t\u00e9 en Suisse ?<\/h2>\n<h3>1. Recherchez et choisissez le bon camp<\/h3>\n<p>La premi\u00e8re \u00e9tape consiste \u00e0 rechercher et \u00e0 s\u00e9lectionner le meilleur camp d&rsquo;\u00e9t\u00e9 pour enfants en Suisse qui corresponde aux int\u00e9r\u00eats et aux besoins de votre enfant. Tenez compte de facteurs tels que la r\u00e9putation du camp, les activit\u00e9s propos\u00e9es, les groupes d&rsquo;\u00e2ge vis\u00e9s et les qualifications du personnel. <\/p>\n<h3>2. Impliquer votre enfant dans la d\u00e9cision<\/h3>\n<p>En faisant participer votre enfant au processus de d\u00e9cision, vous le rendrez plus enthousiaste et plus \u00e0 l&rsquo;aise \u00e0 l&rsquo;\u00e9gard du camp. Discutez avec lui des activit\u00e9s qui l&rsquo;int\u00e9ressent et examinez ensemble les options du camp. <\/p>\n<h3>3. Assister \u00e0 une s\u00e9ance d&rsquo;orientation<\/h3>\n<p>De nombreuses colonies de vacances proposent des s\u00e9ances d&rsquo;orientation ou des r\u00e9unions d&rsquo;information pour les parents et les enfants. En assistant \u00e0 ces s\u00e9ances, vous obtiendrez des informations pr\u00e9cieuses sur les routines quotidiennes, les mesures de s\u00e9curit\u00e9 et l&rsquo;exp\u00e9rience globale de la colonie. <\/p>\n<h3>4. Faites votre valise et pr\u00e9parez les documents n\u00e9cessaires<\/h3>\n<p>Il est essentiel de faire ses valises de mani\u00e8re appropri\u00e9e pour que l&rsquo;exp\u00e9rience du camp se d\u00e9roule sans encombre. Voici une liste de contr\u00f4le pour vous aider \u00e0 d\u00e9marrer : <\/p>\n<ul>\n<li>V\u00eatements : pr\u00e9voyez des v\u00eatements confortables adapt\u00e9s aux activit\u00e9s de plein air, notamment des chaussures de randonn\u00e9e robustes, des v\u00eatements de sport, des maillots de bain et des couches chaudes pour les soir\u00e9es plus fra\u00eeches.<\/li>\n<li>Articles personnels : Pr\u00e9voyez des articles de toilette, une bouteille d&rsquo;eau r\u00e9utilisable, de la cr\u00e8me solaire, un chapeau et un insectifuge.<\/li>\n<li>M\u00e9dicaments : Si votre enfant prend des m\u00e9dicaments, assurez-vous qu&rsquo;il en a suffisamment pour toute la dur\u00e9e du camp, ainsi que des instructions claires pour le personnel du camp.<\/li>\n<li>Documents : Pr\u00e9parez les documents n\u00e9cessaires tels que les pi\u00e8ces d&rsquo;identit\u00e9, les formulaires m\u00e9dicaux et les formulaires de consentement requis. Faites des copies de ces documents en cas de perte. <\/li>\n<\/ul>\n<h2>Aider votre enfant \u00e0 se sentir \u00e0 l&rsquo;aise et confiant<\/h2>\n<h3>1. Discutez des attentes et r\u00e9pondez aux pr\u00e9occupations<\/h3>\n<p>Parlez \u00e0 votre enfant de ce qui l&rsquo;attend au camp, des horaires quotidiens aux activit\u00e9s et aux r\u00e8gles du camp. Abordez toute pr\u00e9occupation ou angoisse qu&rsquo;il pourrait avoir et rassurez-le en lui disant qu&rsquo;il est normal de se sentir nerveux. <\/p>\n<h3>2. Pratiquer les comp\u00e9tences d&rsquo;ind\u00e9pendance<\/h3>\n<p>Une colonie de vacances est une excellente occasion pour les enfants de d\u00e9velopper leur ind\u00e9pendance. Encouragez-les \u00e0 mettre en pratique des comp\u00e9tences telles que la pr\u00e9paration de leurs propres bagages, la gestion de leur hygi\u00e8ne personnelle et l&rsquo;organisation de leurs affaires. <\/p>\n<h3>3. Restez en contact<\/h3>\n<p>Bien qu&rsquo;il soit important que les enfants s&rsquo;immergent dans l&rsquo;exp\u00e9rience du camp, le maintien d&rsquo;un certain niveau de contact peut les r\u00e9conforter. Discutez de la fr\u00e9quence et des moyens (lettres, appels t\u00e9l\u00e9phoniques, courriels) que vous utiliserez pour rester en contact. <\/p>\n<h3>4. Encouragez une attitude positive<\/h3>\n<p>Aidez votre enfant \u00e0 aborder le camp avec une attitude positive. Encouragez-le \u00e0 s&rsquo;ouvrir \u00e0 de nouvelles exp\u00e9riences, \u00e0 se faire de nouveaux amis et \u00e0 participer activement \u00e0 toutes les activit\u00e9s. <\/p>\n<h2>Garantir la sant\u00e9 et la s\u00e9curit\u00e9<\/h2>\n<h3>1. Pr\u00e9parations m\u00e9dicales<\/h3>\n<p>Veillez \u00e0 ce que votre enfant soit \u00e0 jour dans ses vaccinations et \u00e0 ce qu&rsquo;il subisse un examen m\u00e9dical complet avant le camp. Informez le camp de toute condition m\u00e9dicale ou allergie et fournissez les m\u00e9dicaments n\u00e9cessaires avec des instructions claires. <\/p>\n<h3>2. Mesures de s\u00e9curit\u00e9<\/h3>\n<p>Les camps d&rsquo;\u00e9t\u00e9 en Suisse accordent la priorit\u00e9 \u00e0 la s\u00e9curit\u00e9, mais il est important d&rsquo;\u00e9duquer votre enfant aux mesures de s\u00e9curit\u00e9 de base. Apprenez-lui \u00e0 rester avec le groupe, \u00e0 suivre les instructions et \u00e0 signaler tout malaise ou probl\u00e8me au personnel du camp. <\/p>\n<h3>3. Contacts en cas d&rsquo;urgence<\/h3>\n<p>Fournissez au camp les coordonn\u00e9es des personnes \u00e0 contacter en cas d&rsquo;urgence et assurez-vous que votre enfant sait comment vous joindre ou joindre une autre personne d\u00e9sign\u00e9e en cas d&rsquo;urgence.<\/p>\n<h2>Pr\u00e9paration aux aspects culturels et sociaux<\/h2>\n<h3>1. Apprendre \u00e0 conna\u00eetre la Suisse<\/h3>\n<p>Aidez votre enfant \u00e0 d\u00e9couvrir la culture, la langue et les coutumes de la Suisse. Ces connaissances peuvent rendre son s\u00e9jour plus enrichissant et plus agr\u00e9able. <\/p>\n<h3>2. Encourager les comp\u00e9tences sociales<\/h3>\n<p>Encouragez votre enfant \u00e0 \u00eatre amical et ouvert \u00e0 la rencontre de nouvelles personnes. Jouez des sc\u00e9narios sociaux pour l&rsquo;aider \u00e0 se pr\u00e9senter et \u00e0 faire la conversation. <\/p>\n<h3>3. G\u00e9rer le mal du pays<\/h3>\n<p>Le mal du pays est fr\u00e9quent, surtout pour les jeunes qui partent pour la premi\u00e8re fois en colonie. Apprenez \u00e0 votre enfant des strat\u00e9gies d&rsquo;adaptation, comme \u00e9crire un journal, garder une photo de la famille ou parler aux moniteurs de la colonie s&rsquo;il a le mal du pays. <\/p>\n<h2>Conclusion : Une exp\u00e9rience m\u00e9morable en colonie de vacances<\/h2>\n<p>La pr\u00e9paration de votre enfant \u00e0 un camp d&rsquo;\u00e9t\u00e9 en Suisse implique une planification minutieuse et des encouragements positifs. En choisissant le bon camp, en faisant ses valises de mani\u00e8re appropri\u00e9e et en r\u00e9pondant \u00e0 toutes les questions, vous pouvez vous assurer que votre enfant est pr\u00eat \u00e0 vivre une aventure inoubliable. Les exp\u00e9riences et les amiti\u00e9s qu&rsquo;il nouera au camp contribueront \u00e0 son \u00e9panouissement personnel et cr\u00e9eront des souvenirs inoubliables.  [\/vc_column_text][\/vc_column][\/vc_row]\n","protected":false},"excerpt":{"rendered":"<p>[vc_row type=\u00a0\u00bbin_container\u00a0\u00bb full_screen_row_position=\u00a0\u00bbmiddle\u00a0\u00bb column_margin=\u00a0\u00bbdefault\u00a0\u00bb column_direction=\u00a0\u00bbdefault\u00a0\u00bb column_direction_tablet=\u00a0\u00bbdefault\u00a0\u00bb column_direction_phone=\u00a0\u00bbdefault\u00a0\u00bb scene_position=\u00a0\u00bbcenter\u00a0\u00bb text_color=\u00a0\u00bbdark\u00a0\u00bb text_align=\u00a0\u00bbleft\u00a0\u00bb row_border_radius=\u00a0\u00bbnone\u00a0\u00bb row_border_radius_applies=\u00a0\u00bbbg\u00a0\u00bb overflow=\u00a0\u00bbvisible\u00a0\u00bb overlay_strength=\u00a0\u00bb0.3&Prime; gradient_direction=\u00a0\u00bbleft_to_right\u00a0\u00bb shape_divider_position=\u00a0\u00bbbottom\u00a0\u00bb bg_image_animation=\u00a0\u00bbnone\u00a0\u00bb][vc_column column_padding=\u00a0\u00bbno-extra-padding\u00a0\u00bb column_padding_tablet=\u00a0\u00bbinherit\u00a0\u00bb column_padding_phone=\u00a0\u00bbinherit\u00a0\u00bb column_padding_position=\u00a0\u00bball\u00a0\u00bb column_element_direction_desktop=\u00a0\u00bbdefault\u00a0\u00bb column_element_spacing=\u00a0\u00bbdefault\u00a0\u00bb desktop_text_alignment=\u00a0\u00bbdefault\u00a0\u00bb tablet_text_alignment=\u00a0\u00bbdefault\u00a0\u00bb phone_text_alignment=\u00a0\u00bbdefault\u00a0\u00bb background_color_opacity=\u00a0\u00bb1&Prime; background_hover_color_opacity=\u00a0\u00bb1&Prime; column_backdrop_filter=\u00a0\u00bbnone\u00a0\u00bb column_shadow=\u00a0\u00bbnone\u00a0\u00bb&#8230;<\/p>\n","protected":false},"author":16,"featured_media":82507,"comment_status":"closed","ping_status":"open","sticky":false,"template":"","format":"standard","meta":{"_acf_changed":false,"inline_featured_image":false,"footnotes":""},"categories":[1372],"tags":[],"class_list":{"0":"post-95557","1":"post","2":"type-post","3":"status-publish","4":"format-standard","5":"has-post-thumbnail","7":"category-camp-dete"},"acf":[],"yoast_head":"<!-- This site is optimized with the Yoast SEO Premium plugin v24.2 (Yoast SEO v24.7) - https:\/\/yoast.com\/wordpress\/plugins\/seo\/ -->\n<title>Comment pr\u00e9parer votre enfant \u00e0 un camp d&#039;\u00e9t\u00e9 en Suisse - Les Elfes International Camps Switzerland<\/title>\n<meta name=\"description\" content=\"Pr\u00e9parez votre enfant pour un camp d&#039;\u00e9t\u00e9 en Suisse gr\u00e2ce \u00e0 notre guide complet. Apprenez-en plus sur la pr\u00e9paration des bagages, la sant\u00e9 et la s\u00e9curit\u00e9.\" \/>\n<meta name=\"robots\" content=\"index, follow, max-snippet:-1, max-image-preview:large, max-video-preview:-1\" \/>\n<link rel=\"canonical\" href=\"https:\/\/www.leselfes.com\/fr\/comment-preparer-votre-enfant-a-un-camp-de-vacances-en-suisse-un-guide-complet\/\" \/>\n<meta property=\"og:locale\" content=\"fr_FR\" \/>\n<meta property=\"og:type\" content=\"article\" \/>\n<meta property=\"og:title\" content=\"Comment pr\u00e9parer votre enfant \u00e0 un camp de vacances en Suisse : un guide complet\" \/>\n<meta property=\"og:description\" content=\"Pr\u00e9parez votre enfant pour un camp d&#039;\u00e9t\u00e9 en Suisse gr\u00e2ce \u00e0 notre guide complet. Apprenez-en plus sur la pr\u00e9paration des bagages, la sant\u00e9 et la s\u00e9curit\u00e9.\" \/>\n<meta property=\"og:url\" content=\"https:\/\/www.leselfes.com\/fr\/comment-preparer-votre-enfant-a-un-camp-de-vacances-en-suisse-un-guide-complet\/\" \/>\n<meta property=\"og:site_name\" content=\"Les Elfes International Camps Switzerland\" \/>\n<meta property=\"article:publisher\" content=\"https:\/\/www.facebook.com\/LesElfesVerbier\" \/>\n<meta property=\"article:published_time\" content=\"2024-07-05T11:13:47+00:00\" \/>\n<meta property=\"article:modified_time\" content=\"2025-01-07T09:06:41+00:00\" \/>\n<meta property=\"og:image\" content=\"https:\/\/dev.leselfes.com\/wp-content\/uploads\/2024\/03\/aboutus.jpg\" \/>\n\t<meta property=\"og:image:width\" content=\"1920\" \/>\n\t<meta property=\"og:image:height\" content=\"1079\" \/>\n\t<meta property=\"og:image:type\" content=\"image\/jpeg\" \/>\n<meta name=\"author\" content=\"Matthieu Perard\" \/>\n<meta name=\"twitter:card\" content=\"summary_large_image\" \/>\n<meta name=\"twitter:creator\" content=\"@LesElfesCamps\" \/>\n<meta name=\"twitter:site\" content=\"@LesElfesCamps\" \/>\n<meta name=\"twitter:label1\" content=\"\u00c9crit par\" \/>\n\t<meta name=\"twitter:data1\" content=\"Matthieu Perard\" \/>\n\t<meta name=\"twitter:label2\" content=\"Dur\u00e9e de lecture estim\u00e9e\" \/>\n\t<meta name=\"twitter:data2\" content=\"10 minutes\" \/>\n<script type=\"application\/ld+json\" class=\"yoast-schema-graph\">{\"@context\":\"https:\/\/schema.org\",\"@graph\":[{\"@type\":\"Article\",\"@id\":\"https:\/\/www.leselfes.com\/fr\/comment-preparer-votre-enfant-a-un-camp-de-vacances-en-suisse-un-guide-complet\/#article\",\"isPartOf\":{\"@id\":\"https:\/\/www.leselfes.com\/fr\/comment-preparer-votre-enfant-a-un-camp-de-vacances-en-suisse-un-guide-complet\/\"},\"author\":{\"name\":\"Matthieu Perard\",\"@id\":\"https:\/\/dev.leselfes.com\/#\/schema\/person\/7ac5f99a7f3c597105fe663a00bdf6d6\"},\"headline\":\"Comment pr\u00e9parer votre enfant \u00e0 un camp de vacances en Suisse : un guide complet\",\"datePublished\":\"2024-07-05T11:13:47+00:00\",\"dateModified\":\"2025-01-07T09:06:41+00:00\",\"mainEntityOfPage\":{\"@id\":\"https:\/\/www.leselfes.com\/fr\/comment-preparer-votre-enfant-a-un-camp-de-vacances-en-suisse-un-guide-complet\/\"},\"wordCount\":2010,\"publisher\":{\"@id\":\"https:\/\/dev.leselfes.com\/#organization\"},\"image\":{\"@id\":\"https:\/\/www.leselfes.com\/fr\/comment-preparer-votre-enfant-a-un-camp-de-vacances-en-suisse-un-guide-complet\/#primaryimage\"},\"thumbnailUrl\":\"https:\/\/www.leselfes.com\/wp-content\/uploads\/2024\/03\/aboutus.jpg\",\"articleSection\":[\"Camp d'\u00e9t\u00e9\"],\"inLanguage\":\"fr-FR\"},{\"@type\":\"WebPage\",\"@id\":\"https:\/\/www.leselfes.com\/fr\/comment-preparer-votre-enfant-a-un-camp-de-vacances-en-suisse-un-guide-complet\/\",\"url\":\"https:\/\/www.leselfes.com\/fr\/comment-preparer-votre-enfant-a-un-camp-de-vacances-en-suisse-un-guide-complet\/\",\"name\":\"Comment pr\u00e9parer votre enfant \u00e0 un camp d'\u00e9t\u00e9 en Suisse - Les Elfes International Camps Switzerland\",\"isPartOf\":{\"@id\":\"https:\/\/dev.leselfes.com\/#website\"},\"primaryImageOfPage\":{\"@id\":\"https:\/\/www.leselfes.com\/fr\/comment-preparer-votre-enfant-a-un-camp-de-vacances-en-suisse-un-guide-complet\/#primaryimage\"},\"image\":{\"@id\":\"https:\/\/www.leselfes.com\/fr\/comment-preparer-votre-enfant-a-un-camp-de-vacances-en-suisse-un-guide-complet\/#primaryimage\"},\"thumbnailUrl\":\"https:\/\/www.leselfes.com\/wp-content\/uploads\/2024\/03\/aboutus.jpg\",\"datePublished\":\"2024-07-05T11:13:47+00:00\",\"dateModified\":\"2025-01-07T09:06:41+00:00\",\"description\":\"Pr\u00e9parez votre enfant pour un camp d'\u00e9t\u00e9 en Suisse gr\u00e2ce \u00e0 notre guide complet. Apprenez-en plus sur la pr\u00e9paration des bagages, la sant\u00e9 et la s\u00e9curit\u00e9.\",\"breadcrumb\":{\"@id\":\"https:\/\/www.leselfes.com\/fr\/comment-preparer-votre-enfant-a-un-camp-de-vacances-en-suisse-un-guide-complet\/#breadcrumb\"},\"inLanguage\":\"fr-FR\",\"potentialAction\":[{\"@type\":\"ReadAction\",\"target\":[\"https:\/\/www.leselfes.com\/fr\/comment-preparer-votre-enfant-a-un-camp-de-vacances-en-suisse-un-guide-complet\/\"]}]},{\"@type\":\"ImageObject\",\"inLanguage\":\"fr-FR\",\"@id\":\"https:\/\/www.leselfes.com\/fr\/comment-preparer-votre-enfant-a-un-camp-de-vacances-en-suisse-un-guide-complet\/#primaryimage\",\"url\":\"https:\/\/www.leselfes.com\/wp-content\/uploads\/2024\/03\/aboutus.jpg\",\"contentUrl\":\"https:\/\/www.leselfes.com\/wp-content\/uploads\/2024\/03\/aboutus.jpg\",\"width\":1920,\"height\":1079},{\"@type\":\"BreadcrumbList\",\"@id\":\"https:\/\/www.leselfes.com\/fr\/comment-preparer-votre-enfant-a-un-camp-de-vacances-en-suisse-un-guide-complet\/#breadcrumb\",\"itemListElement\":[{\"@type\":\"ListItem\",\"position\":1,\"name\":\"Home\",\"item\":\"https:\/\/www.leselfes.com\/fr\/\"},{\"@type\":\"ListItem\",\"position\":2,\"name\":\"Comment pr\u00e9parer votre enfant \u00e0 un camp de vacances en Suisse : un guide complet\"}]},{\"@type\":\"WebSite\",\"@id\":\"https:\/\/dev.leselfes.com\/#website\",\"url\":\"https:\/\/dev.leselfes.com\/\",\"name\":\"Les Elfes International\",\"description\":\"Les Elfes International, Verbier Switzerland. Summer Camp, Winter Camp, Spring Camps.\",\"publisher\":{\"@id\":\"https:\/\/dev.leselfes.com\/#organization\"},\"alternateName\":\"Les Elfes International\",\"potentialAction\":[{\"@type\":\"SearchAction\",\"target\":{\"@type\":\"EntryPoint\",\"urlTemplate\":\"https:\/\/dev.leselfes.com\/?s={search_term_string}\"},\"query-input\":{\"@type\":\"PropertyValueSpecification\",\"valueRequired\":true,\"valueName\":\"search_term_string\"}}],\"inLanguage\":\"fr-FR\"},{\"@type\":\"Organization\",\"@id\":\"https:\/\/dev.leselfes.com\/#organization\",\"name\":\"Les Elfes International\",\"alternateName\":\"Les Elfes International\",\"url\":\"https:\/\/dev.leselfes.com\/\",\"logo\":{\"@type\":\"ImageObject\",\"inLanguage\":\"fr-FR\",\"@id\":\"https:\/\/dev.leselfes.com\/#\/schema\/logo\/image\/\",\"url\":\"https:\/\/www.leselfes.com\/wp-content\/uploads\/2022\/03\/leselfes-logo.png\",\"contentUrl\":\"https:\/\/www.leselfes.com\/wp-content\/uploads\/2022\/03\/leselfes-logo.png\",\"width\":233,\"height\":51,\"caption\":\"Les Elfes International\"},\"image\":{\"@id\":\"https:\/\/dev.leselfes.com\/#\/schema\/logo\/image\/\"},\"sameAs\":[\"https:\/\/www.facebook.com\/LesElfesVerbier\",\"https:\/\/x.com\/LesElfesCamps\",\"https:\/\/www.instagram.com\/leselfes\",\"https:\/\/www.linkedin.com\/company\/les-elfes-international\",\"https:\/\/www.youtube.com\/user\/LesElfesVerbier\"]},{\"@type\":\"Person\",\"@id\":\"https:\/\/dev.leselfes.com\/#\/schema\/person\/7ac5f99a7f3c597105fe663a00bdf6d6\",\"name\":\"Matthieu Perard\",\"image\":{\"@type\":\"ImageObject\",\"inLanguage\":\"fr-FR\",\"@id\":\"https:\/\/dev.leselfes.com\/#\/schema\/person\/image\/\",\"url\":\"https:\/\/secure.gravatar.com\/avatar\/e368f5bd153d15a1ff42a4c64a46d1ef?s=96&d=mm&r=g\",\"contentUrl\":\"https:\/\/secure.gravatar.com\/avatar\/e368f5bd153d15a1ff42a4c64a46d1ef?s=96&d=mm&r=g\",\"caption\":\"Matthieu Perard\"},\"url\":\"https:\/\/www.leselfes.com\/fr\/author\/m-pierardnotostudio-ch\/\"}]}<\/script>\n<!-- \/ Yoast SEO Premium plugin. -->","yoast_head_json":{"title":"Comment pr\u00e9parer votre enfant \u00e0 un camp d'\u00e9t\u00e9 en Suisse - Les Elfes International Camps Switzerland","description":"Pr\u00e9parez votre enfant pour un camp d'\u00e9t\u00e9 en Suisse gr\u00e2ce \u00e0 notre guide complet. Apprenez-en plus sur la pr\u00e9paration des bagages, la sant\u00e9 et la s\u00e9curit\u00e9.","robots":{"index":"index","follow":"follow","max-snippet":"max-snippet:-1","max-image-preview":"max-image-preview:large","max-video-preview":"max-video-preview:-1"},"canonical":"https:\/\/www.leselfes.com\/fr\/comment-preparer-votre-enfant-a-un-camp-de-vacances-en-suisse-un-guide-complet\/","og_locale":"fr_FR","og_type":"article","og_title":"Comment pr\u00e9parer votre enfant \u00e0 un camp de vacances en Suisse : un guide complet","og_description":"Pr\u00e9parez votre enfant pour un camp d'\u00e9t\u00e9 en Suisse gr\u00e2ce \u00e0 notre guide complet. Apprenez-en plus sur la pr\u00e9paration des bagages, la sant\u00e9 et la s\u00e9curit\u00e9.","og_url":"https:\/\/www.leselfes.com\/fr\/comment-preparer-votre-enfant-a-un-camp-de-vacances-en-suisse-un-guide-complet\/","og_site_name":"Les Elfes International Camps Switzerland","article_publisher":"https:\/\/www.facebook.com\/LesElfesVerbier","article_published_time":"2024-07-05T11:13:47+00:00","article_modified_time":"2025-01-07T09:06:41+00:00","og_image":[{"width":1920,"height":1079,"url":"https:\/\/dev.leselfes.com\/wp-content\/uploads\/2024\/03\/aboutus.jpg","type":"image\/jpeg"}],"author":"Matthieu Perard","twitter_card":"summary_large_image","twitter_creator":"@LesElfesCamps","twitter_site":"@LesElfesCamps","twitter_misc":{"\u00c9crit par":"Matthieu Perard","Dur\u00e9e de lecture estim\u00e9e":"10 minutes"},"schema":{"@context":"https:\/\/schema.org","@graph":[{"@type":"Article","@id":"https:\/\/www.leselfes.com\/fr\/comment-preparer-votre-enfant-a-un-camp-de-vacances-en-suisse-un-guide-complet\/#article","isPartOf":{"@id":"https:\/\/www.leselfes.com\/fr\/comment-preparer-votre-enfant-a-un-camp-de-vacances-en-suisse-un-guide-complet\/"},"author":{"name":"Matthieu Perard","@id":"https:\/\/dev.leselfes.com\/#\/schema\/person\/7ac5f99a7f3c597105fe663a00bdf6d6"},"headline":"Comment pr\u00e9parer votre enfant \u00e0 un camp de vacances en Suisse : un guide complet","datePublished":"2024-07-05T11:13:47+00:00","dateModified":"2025-01-07T09:06:41+00:00","mainEntityOfPage":{"@id":"https:\/\/www.leselfes.com\/fr\/comment-preparer-votre-enfant-a-un-camp-de-vacances-en-suisse-un-guide-complet\/"},"wordCount":2010,"publisher":{"@id":"https:\/\/dev.leselfes.com\/#organization"},"image":{"@id":"https:\/\/www.leselfes.com\/fr\/comment-preparer-votre-enfant-a-un-camp-de-vacances-en-suisse-un-guide-complet\/#primaryimage"},"thumbnailUrl":"https:\/\/www.leselfes.com\/wp-content\/uploads\/2024\/03\/aboutus.jpg","articleSection":["Camp d'\u00e9t\u00e9"],"inLanguage":"fr-FR"},{"@type":"WebPage","@id":"https:\/\/www.leselfes.com\/fr\/comment-preparer-votre-enfant-a-un-camp-de-vacances-en-suisse-un-guide-complet\/","url":"https:\/\/www.leselfes.com\/fr\/comment-preparer-votre-enfant-a-un-camp-de-vacances-en-suisse-un-guide-complet\/","name":"Comment pr\u00e9parer votre enfant \u00e0 un camp d'\u00e9t\u00e9 en Suisse - Les Elfes International Camps Switzerland","isPartOf":{"@id":"https:\/\/dev.leselfes.com\/#website"},"primaryImageOfPage":{"@id":"https:\/\/www.leselfes.com\/fr\/comment-preparer-votre-enfant-a-un-camp-de-vacances-en-suisse-un-guide-complet\/#primaryimage"},"image":{"@id":"https:\/\/www.leselfes.com\/fr\/comment-preparer-votre-enfant-a-un-camp-de-vacances-en-suisse-un-guide-complet\/#primaryimage"},"thumbnailUrl":"https:\/\/www.leselfes.com\/wp-content\/uploads\/2024\/03\/aboutus.jpg","datePublished":"2024-07-05T11:13:47+00:00","dateModified":"2025-01-07T09:06:41+00:00","description":"Pr\u00e9parez votre enfant pour un camp d'\u00e9t\u00e9 en Suisse gr\u00e2ce \u00e0 notre guide complet. Apprenez-en plus sur la pr\u00e9paration des bagages, la sant\u00e9 et la s\u00e9curit\u00e9.","breadcrumb":{"@id":"https:\/\/www.leselfes.com\/fr\/comment-preparer-votre-enfant-a-un-camp-de-vacances-en-suisse-un-guide-complet\/#breadcrumb"},"inLanguage":"fr-FR","potentialAction":[{"@type":"ReadAction","target":["https:\/\/www.leselfes.com\/fr\/comment-preparer-votre-enfant-a-un-camp-de-vacances-en-suisse-un-guide-complet\/"]}]},{"@type":"ImageObject","inLanguage":"fr-FR","@id":"https:\/\/www.leselfes.com\/fr\/comment-preparer-votre-enfant-a-un-camp-de-vacances-en-suisse-un-guide-complet\/#primaryimage","url":"https:\/\/www.leselfes.com\/wp-content\/uploads\/2024\/03\/aboutus.jpg","contentUrl":"https:\/\/www.leselfes.com\/wp-content\/uploads\/2024\/03\/aboutus.jpg","width":1920,"height":1079},{"@type":"BreadcrumbList","@id":"https:\/\/www.leselfes.com\/fr\/comment-preparer-votre-enfant-a-un-camp-de-vacances-en-suisse-un-guide-complet\/#breadcrumb","itemListElement":[{"@type":"ListItem","position":1,"name":"Home","item":"https:\/\/www.leselfes.com\/fr\/"},{"@type":"ListItem","position":2,"name":"Comment pr\u00e9parer votre enfant \u00e0 un camp de vacances en Suisse : un guide complet"}]},{"@type":"WebSite","@id":"https:\/\/dev.leselfes.com\/#website","url":"https:\/\/dev.leselfes.com\/","name":"Les Elfes International","description":"Les Elfes International, Verbier Switzerland. Summer Camp, Winter Camp, Spring Camps.","publisher":{"@id":"https:\/\/dev.leselfes.com\/#organization"},"alternateName":"Les Elfes International","potentialAction":[{"@type":"SearchAction","target":{"@type":"EntryPoint","urlTemplate":"https:\/\/dev.leselfes.com\/?s={search_term_string}"},"query-input":{"@type":"PropertyValueSpecification","valueRequired":true,"valueName":"search_term_string"}}],"inLanguage":"fr-FR"},{"@type":"Organization","@id":"https:\/\/dev.leselfes.com\/#organization","name":"Les Elfes International","alternateName":"Les Elfes International","url":"https:\/\/dev.leselfes.com\/","logo":{"@type":"ImageObject","inLanguage":"fr-FR","@id":"https:\/\/dev.leselfes.com\/#\/schema\/logo\/image\/","url":"https:\/\/www.leselfes.com\/wp-content\/uploads\/2022\/03\/leselfes-logo.png","contentUrl":"https:\/\/www.leselfes.com\/wp-content\/uploads\/2022\/03\/leselfes-logo.png","width":233,"height":51,"caption":"Les Elfes International"},"image":{"@id":"https:\/\/dev.leselfes.com\/#\/schema\/logo\/image\/"},"sameAs":["https:\/\/www.facebook.com\/LesElfesVerbier","https:\/\/x.com\/LesElfesCamps","https:\/\/www.instagram.com\/leselfes","https:\/\/www.linkedin.com\/company\/les-elfes-international","https:\/\/www.youtube.com\/user\/LesElfesVerbier"]},{"@type":"Person","@id":"https:\/\/dev.leselfes.com\/#\/schema\/person\/7ac5f99a7f3c597105fe663a00bdf6d6","name":"Matthieu Perard","image":{"@type":"ImageObject","inLanguage":"fr-FR","@id":"https:\/\/dev.leselfes.com\/#\/schema\/person\/image\/","url":"https:\/\/secure.gravatar.com\/avatar\/e368f5bd153d15a1ff42a4c64a46d1ef?s=96&d=mm&r=g","contentUrl":"https:\/\/secure.gravatar.com\/avatar\/e368f5bd153d15a1ff42a4c64a46d1ef?s=96&d=mm&r=g","caption":"Matthieu Perard"},"url":"https:\/\/www.leselfes.com\/fr\/author\/m-pierardnotostudio-ch\/"}]}},"_links":{"self":[{"href":"https:\/\/www.leselfes.com\/fr\/wp-json\/wp\/v2\/posts\/95557"}],"collection":[{"href":"https:\/\/www.leselfes.com\/fr\/wp-json\/wp\/v2\/posts"}],"about":[{"href":"https:\/\/www.leselfes.com\/fr\/wp-json\/wp\/v2\/types\/post"}],"author":[{"embeddable":true,"href":"https:\/\/www.leselfes.com\/fr\/wp-json\/wp\/v2\/users\/16"}],"replies":[{"embeddable":true,"href":"https:\/\/www.leselfes.com\/fr\/wp-json\/wp\/v2\/comments?post=95557"}],"version-history":[{"count":0,"href":"https:\/\/www.leselfes.com\/fr\/wp-json\/wp\/v2\/posts\/95557\/revisions"}],"wp:featuredmedia":[{"embeddable":true,"href":"https:\/\/www.leselfes.com\/fr\/wp-json\/wp\/v2\/media\/82507"}],"wp:attachment":[{"href":"https:\/\/www.leselfes.com\/fr\/wp-json\/wp\/v2\/media?parent=95557"}],"wp:term":[{"taxonomy":"category","embeddable":true,"href":"https:\/\/www.leselfes.com\/fr\/wp-json\/wp\/v2\/categories?post=95557"},{"taxonomy":"post_tag","embeddable":true,"href":"https:\/\/www.leselfes.com\/fr\/wp-json\/wp\/v2\/tags?post=95557"}],"curies":[{"name":"wp","href":"https:\/\/api.w.org\/{rel}","templated":true}]}}